{"id":56741,"date":"2017-10-25T17:56:04","date_gmt":"2017-10-25T20:56:04","guid":{"rendered":"https:\/\/www.jornalja.com.br\/?p=56741"},"modified":"2017-10-25T17:56:04","modified_gmt":"2017-10-25T20:56:04","slug":"tce-suspende-processo-sobre-fundacoes-a-espera-do-stf","status":"publish","type":"post","link":"https:\/\/www.jornalja.com.br\/arquivo\/tce-suspende-processo-sobre-fundacoes-a-espera-do-stf\/","title":{"rendered":"TCE suspende processo sobre Funda\u00e7\u00f5es \u00e0 espera do STF"},"content":{"rendered":"<p>Em sess\u00e3o nesta quarta-feira, 25\/10, o Tribunal de Contas do Estado (TCE-RS) decidiu, por quatro votos a dois, que o processo sobre a extin\u00e7\u00e3o das Funda\u00e7\u00f5es estaduais n\u00e3o ter\u00e1 uma defini\u00e7\u00e3o de m\u00e9rito no \u00f3rg\u00e3o at\u00e9 o julgamento do caso pelo Supremo Tribunal Federal (STF).<br \/>\nO conselheiro Pedro Figueiredo apresentou voto no sentido que a mat\u00e9ria n\u00e3o deveria ser apreciada enquanto estiver vigente a<a href=\"https:\/\/www.jornalja.com.br\/gilmar-mendes-suspende-negociacao-trabalhista-com-servidores-das-fundacoes-estaduais\/\"> medida cautelar do Ministro Gilmar Mendes, do Supremo Tribunal Federal (STF)<\/a>, que \u201csuspende os processos em curso e os efeitos das decis\u00f5es judiciais do Tribunal Regional do Trabalho da 4\u00aa Regi\u00e3o (TRT4) que condicionem a extin\u00e7\u00e3o das entidades da Administra\u00e7\u00e3o P\u00fablica do Rio Grande do Sul \u00e0 conclus\u00e3o de negocia\u00e7\u00f5es coletivas no \u00e2mbito da Justi\u00e7a do Trabalho\u201d.<br \/>\nO conselheiro argumentou que o TCE-RS tem tomado a mesma decis\u00e3o em outros processos, quando h\u00e1 uma concomitante aprecia\u00e7\u00e3o judicial sobre os mesmos fatos, que n\u00e3o digam respeito \u00e0 compet\u00eancia constitucional origin\u00e1ria do Tribunal.<br \/>\nNa pr\u00e1tica, os conselheiros \u201clavaram as m\u00e3os\u201d e a decis\u00e3o sobre o futuro dos servidores e das funda\u00e7\u00f5es ficar\u00e1 com o STF.<br \/>\nEntendendo que o processo que tramita no STF versa sobre mat\u00e9ria diversa da tratada na Representa\u00e7\u00e3o do TCE-RS, o conselheiro Estilac Xavier acompanhou o relator do processo, conselheiro Cezar Miola, que havia solicitado \u201ca instaura\u00e7\u00e3o de uma auditoria operacional junto \u00e0 Secretaria Estadual de Planejamento, Governan\u00e7a e Gest\u00e3o, para acompanhar as medidas voltadas ao cumprimento dos contratos em andamento firmados pelas institui\u00e7\u00f5es e \u00e0 manuten\u00e7\u00e3o de servi\u00e7os p\u00fablicos essenciais bem como a absten\u00e7\u00e3o, em sede de medida cautelar, de qualquer ato de demiss\u00e3o de pessoal e de desmobiliza\u00e7\u00e3o das estruturas administrativas e operacionais\u201d.<br \/>\nO procurador Geraldo Da Camino tamb\u00e9m contestou a decis\u00e3o da corte e estuda uma maneira de recorrer da suspens\u00e3o da a\u00e7\u00e3o.<br \/>\n<figure id=\"attachment_56747\" aria-describedby=\"caption-attachment-56747\" style=\"width: 400px\" class=\"wp-caption alignnone\"><img loading=\"lazy\" decoding=\"async\" class=\"wp-image-56747 size-medium\" src=\"https:\/\/www.jornalja.com.br\/wp-content\/uploads\/2017\/10\/20171025_135145-e1508964422308-400x243.jpg\" alt=\"\" width=\"400\" height=\"243\" \/><figcaption id=\"caption-attachment-56747\" class=\"wp-caption-text\">Cerca de 200 servidores estiveram presentes na sess\u00e3o \/ Cleber Dioni Tentardini \/ J\u00c1<\/figcaption><\/figure><br \/>\nCerca de 200 servidores das Funda\u00e7\u00f5es Estaduais amea\u00e7ados de demiss\u00e3o fizeram uma mobiliza\u00e7\u00e3o no pr\u00e9dio do TCE, Centro do Porto Alegre, e depois acompanharam a sess\u00e3o, mas n\u00e3o sensibilizaram os conselheiros.<br \/>\nOs conselheiros do TCE est\u00e3o julgando uma representa\u00e7\u00e3o do procurador-geral do Minist\u00e9rio P\u00fablico de Contas (MPC), Geraldo Da Camino, que questiona a Lei sobre as extin\u00e7\u00f5es e solicita que os processos sejam suspensos. O processo envolve as funda\u00e7\u00f5es Zoobot\u00e2nica (FZB), de Ci\u00eancia e Tecnologia (Cientec), de Economia e Estat\u00edstica (FEE), Piratini, de Desenvolvimento de Recursos Humanos (FDRH) e de Planejamento Metropolitano e Regional (Metroplan).<br \/>\nO julgamento da a\u00e7\u00e3o iniciou\u00a0em 6 de setembro e o primeiro voto, do relator, o conselheiro Cezar Miola, foi favor\u00e1vel ao pleito do procurador Da Camino.<br \/>\nCom a decis\u00e3o desta quarta, a decis\u00e3o no TCE fica condicionada ao julgamento no STF.<br \/>\n<span class=\"intertit\">Liminares impedem demiss\u00f5es <\/span><br \/>\nA Justi\u00e7a do Trabalho, por meio de liminares, concedeu a estabilidade dos servidores que tenham sido aprovados em concurso e completado o est\u00e1gio probat\u00f3rio de tr\u00eas anos nas seis funda\u00e7\u00e3o amea\u00e7adas de extin\u00e7\u00e3o e na Superintend\u00eancia de Portos e Hidrovias (SPH).<br \/>\nCom a decis\u00e3o, est\u00e3o por enquanto impedidas as demiss\u00f5es desses servidores e avisos pr\u00e9vios. A Justi\u00e7a ainda fixa multa de R$ 100.000 em caso de descumprimento.<br \/>\nA Procuradoria Geral do Estado j\u00e1 divulgou que ir\u00e1 contestar as liminares e que pretende dar continuidade as extin\u00e7\u00f5es.<br \/>\nPara a Frente Jur\u00eddica de Defesa das Funda\u00e7\u00f5es n\u00e3o existe contrariedade entre as liminares agora concedidas e a decis\u00e3o do Ministro Gilmar Mendes que suspendeu as negocia\u00e7\u00f5es trabalhistas que vinham ocorrendo. Segundo a Frente, as a\u00e7\u00f5es que foram agora ajuizadas pelos Sindicatos dos trabalhadores discutem quem s\u00e3o os funcion\u00e1rios est\u00e1veis que n\u00e3o poder\u00e3o, ent\u00e3o, ser demitidos.<br \/>\n&nbsp;<\/p>\n","protected":false},"excerpt":{"rendered":"<p>Em sess\u00e3o nesta quarta-feira, 25\/10, o Tribunal de Contas do Estado (TCE-RS) decidiu, por quatro votos a dois, que o processo sobre a extin\u00e7\u00e3o das Funda\u00e7\u00f5es estaduais n\u00e3o ter\u00e1 uma defini\u00e7\u00e3o de m\u00e9rito no \u00f3rg\u00e3o at\u00e9 o julgamento do caso pelo Supremo Tribunal Federal (STF). O conselheiro Pedro Figueiredo apresentou voto no sentido que a [&hellip;]<\/p>\n","protected":false},"author":4,"featured_media":56746,"comment_status":"open","ping_status":"closed","sticky":false,"template":"","format":"standard","meta":{"_jetpack_newsletter_access":"","_jetpack_dont_email_post_to_subs":false,"_jetpack_newsletter_tier_id":0,"_jetpack_memberships_contains_paywalled_content":false,"_jetpack_feature_clip_id":0,"_jetpack_memberships_contains_paid_content":false,"footnotes":"","jetpack_post_was_ever_published":false},"categories":[26],"tags":[],"class_list":["post-56741","post","type-post","status-publish","format-standard","has-post-thumbnail","hentry","category-geral"],"aioseo_notices":[],"aioseo_head":"\n\t\t<!-- All in One SEO 5.0.1.1 - aioseo.com -->\n\t<meta name=\"robots\" content=\"max-image-preview:large\" \/>\n\t<meta name=\"author\" content=\"da Reda\u00e7\u00e3o\"\/>\n\t<link rel=\"canonical\" href=\"https:\/\/www.jornalja.com.br\/arquivo\/tce-suspende-processo-sobre-fundacoes-a-espera-do-stf\/\" \/>\n\t<meta name=\"generator\" content=\"All in One SEO (AIOSEO) 5.0.1.1\" \/>\n\t\t<meta property=\"og:locale\" content=\"pt_BR\" \/>\n\t\t<meta property=\"og:site_name\" content=\"Arquivo | Jornal J\u00c1 | Porto Alegre\" \/>\n\t\t<meta property=\"og:type\" content=\"article\" \/>\n\t\t<meta property=\"og:title\" content=\"TCE suspende processo sobre Funda\u00e7\u00f5es \u00e0 espera do STF | Arquivo\" \/>\n\t\t<meta property=\"og:url\" content=\"https:\/\/www.jornalja.com.br\/arquivo\/tce-suspende-processo-sobre-fundacoes-a-espera-do-stf\/\" \/>\n\t\t<meta property=\"og:image\" content=\"https:\/\/www.jornalja.com.br\/wp-content\/uploads\/2017\/10\/20171025_135145-e1508964422308-400x243.jpg\" \/>\n\t\t<meta property=\"og:image:secure_url\" content=\"https:\/\/www.jornalja.com.br\/wp-content\/uploads\/2017\/10\/20171025_135145-e1508964422308-400x243.jpg\" \/>\n\t\t<meta property=\"article:published_time\" content=\"2017-10-25T20:56:04+00:00\" \/>\n\t\t<meta property=\"article:modified_time\" content=\"2017-10-25T20:56:04+00:00\" \/>\n\t\t<meta name=\"twitter:card\" content=\"summary\" \/>\n\t\t<meta name=\"twitter:title\" content=\"TCE suspende processo sobre Funda\u00e7\u00f5es \u00e0 espera do STF | Arquivo\" \/>\n\t\t<meta name=\"twitter:image\" content=\"https:\/\/www.jornalja.com.br\/economics\/wp-content\/uploads\/sites\/11\/2026\/08\/ja-folhaderosto-facebook.jpg\" \/>\n\t\t<script type=\"application\/ld+json\" class=\"aioseo-schema\">\n\t\t\t{\"@context\":\"https:\\\/\\\/schema.org\",\"@graph\":[{\"@type\":\"BlogPosting\",\"@id\":\"https:\\\/\\\/www.jornalja.com.br\\\/arquivo\\\/tce-suspende-processo-sobre-fundacoes-a-espera-do-stf\\\/#blogposting\",\"name\":\"TCE suspende processo sobre Funda\\u00e7\\u00f5es \\u00e0 espera do STF | Arquivo\",\"headline\":\"TCE suspende processo sobre Funda\\u00e7\\u00f5es \\u00e0 espera do STF\",\"author\":{\"@id\":\"https:\\\/\\\/www.jornalja.com.br\\\/arquivo\\\/author\\\/daredacao\\\/#author\"},\"publisher\":{\"@id\":\"https:\\\/\\\/www.jornalja.com.br\\\/arquivo\\\/#organization\"},\"image\":{\"@type\":\"ImageObject\",\"url\":56746},\"datePublished\":\"2017-10-25T17:56:04-02:00\",\"dateModified\":\"2017-10-25T17:56:04-02:00\",\"inLanguage\":\"pt-BR\",\"mainEntityOfPage\":{\"@id\":\"https:\\\/\\\/www.jornalja.com.br\\\/arquivo\\\/tce-suspende-processo-sobre-fundacoes-a-espera-do-stf\\\/#webpage\"},\"isPartOf\":{\"@id\":\"https:\\\/\\\/www.jornalja.com.br\\\/arquivo\\\/tce-suspende-processo-sobre-fundacoes-a-espera-do-stf\\\/#webpage\"},\"articleSection\":\"Geral\"},{\"@type\":\"BreadcrumbList\",\"@id\":\"https:\\\/\\\/www.jornalja.com.br\\\/arquivo\\\/tce-suspende-processo-sobre-fundacoes-a-espera-do-stf\\\/#breadcrumblist\",\"itemListElement\":[{\"@type\":\"ListItem\",\"@id\":\"https:\\\/\\\/www.jornalja.com.br\\\/arquivo#listItem\",\"position\":1,\"name\":\"Home\",\"item\":\"https:\\\/\\\/www.jornalja.com.br\\\/arquivo\",\"nextItem\":{\"@type\":\"ListItem\",\"@id\":\"https:\\\/\\\/www.jornalja.com.br\\\/arquivo\\\/category\\\/geral\\\/#listItem\",\"name\":\"Geral\"}},{\"@type\":\"ListItem\",\"@id\":\"https:\\\/\\\/www.jornalja.com.br\\\/arquivo\\\/category\\\/geral\\\/#listItem\",\"position\":2,\"name\":\"Geral\",\"item\":\"https:\\\/\\\/www.jornalja.com.br\\\/arquivo\\\/category\\\/geral\\\/\",\"nextItem\":{\"@type\":\"ListItem\",\"@id\":\"https:\\\/\\\/www.jornalja.com.br\\\/arquivo\\\/tce-suspende-processo-sobre-fundacoes-a-espera-do-stf\\\/#listItem\",\"name\":\"TCE suspende processo sobre Funda\\u00e7\\u00f5es \\u00e0 espera do STF\"},\"previousItem\":{\"@type\":\"ListItem\",\"@id\":\"https:\\\/\\\/www.jornalja.com.br\\\/arquivo#listItem\",\"name\":\"Home\"}},{\"@type\":\"ListItem\",\"@id\":\"https:\\\/\\\/www.jornalja.com.br\\\/arquivo\\\/tce-suspende-processo-sobre-fundacoes-a-espera-do-stf\\\/#listItem\",\"position\":3,\"name\":\"TCE suspende processo sobre Funda\\u00e7\\u00f5es \\u00e0 espera do STF\",\"previousItem\":{\"@type\":\"ListItem\",\"@id\":\"https:\\\/\\\/www.jornalja.com.br\\\/arquivo\\\/category\\\/geral\\\/#listItem\",\"name\":\"Geral\"}}]},{\"@type\":\"Organization\",\"@id\":\"https:\\\/\\\/www.jornalja.com.br\\\/arquivo\\\/#organization\",\"name\":\"Jornal J\\u00c1\",\"description\":\"Jornal J\\u00c1 | Porto Alegre\",\"url\":\"https:\\\/\\\/www.jornalja.com.br\\\/arquivo\\\/\",\"telephone\":\"+555133307272\",\"logo\":{\"@type\":\"ImageObject\",\"url\":\"https:\\\/\\\/www.jornalja.com.br\\\/wp-content\\\/uploads\\\/cards\\\/JAslogan.png\",\"@id\":\"https:\\\/\\\/www.jornalja.com.br\\\/arquivo\\\/tce-suspende-processo-sobre-fundacoes-a-espera-do-stf\\\/#organizationLogo\"},\"image\":{\"@id\":\"https:\\\/\\\/www.jornalja.com.br\\\/arquivo\\\/tce-suspende-processo-sobre-fundacoes-a-espera-do-stf\\\/#organizationLogo\"}},{\"@type\":\"Person\",\"@id\":\"https:\\\/\\\/www.jornalja.com.br\\\/arquivo\\\/author\\\/daredacao\\\/#author\",\"url\":\"https:\\\/\\\/www.jornalja.com.br\\\/arquivo\\\/author\\\/daredacao\\\/\",\"name\":\"da Reda\\u00e7\\u00e3o\",\"image\":{\"@type\":\"ImageObject\",\"@id\":\"https:\\\/\\\/www.jornalja.com.br\\\/arquivo\\\/tce-suspende-processo-sobre-fundacoes-a-espera-do-stf\\\/#authorImage\",\"url\":\"https:\\\/\\\/secure.gravatar.com\\\/avatar\\\/469fd857d6605ad19919d27ed29d35a968a25f6e8fd9318356bbb7f57aae9c65?s=96&d=mm&r=g\",\"width\":96,\"height\":96,\"caption\":\"da Reda\\u00e7\\u00e3o\"}},{\"@type\":\"WebPage\",\"@id\":\"https:\\\/\\\/www.jornalja.com.br\\\/arquivo\\\/tce-suspende-processo-sobre-fundacoes-a-espera-do-stf\\\/#webpage\",\"url\":\"https:\\\/\\\/www.jornalja.com.br\\\/arquivo\\\/tce-suspende-processo-sobre-fundacoes-a-espera-do-stf\\\/\",\"name\":\"TCE suspende processo sobre Funda\\u00e7\\u00f5es \\u00e0 espera do STF | Arquivo\",\"inLanguage\":\"pt-BR\",\"isPartOf\":{\"@id\":\"https:\\\/\\\/www.jornalja.com.br\\\/arquivo\\\/#website\"},\"breadcrumb\":{\"@id\":\"https:\\\/\\\/www.jornalja.com.br\\\/arquivo\\\/tce-suspende-processo-sobre-fundacoes-a-espera-do-stf\\\/#breadcrumblist\"},\"author\":{\"@id\":\"https:\\\/\\\/www.jornalja.com.br\\\/arquivo\\\/author\\\/daredacao\\\/#author\"},\"creator\":{\"@id\":\"https:\\\/\\\/www.jornalja.com.br\\\/arquivo\\\/author\\\/daredacao\\\/#author\"},\"image\":{\"@type\":\"ImageObject\",\"url\":56746,\"@id\":\"https:\\\/\\\/www.jornalja.com.br\\\/arquivo\\\/tce-suspende-processo-sobre-fundacoes-a-espera-do-stf\\\/#mainImage\"},\"primaryImageOfPage\":{\"@id\":\"https:\\\/\\\/www.jornalja.com.br\\\/arquivo\\\/tce-suspende-processo-sobre-fundacoes-a-espera-do-stf\\\/#mainImage\"},\"datePublished\":\"2017-10-25T17:56:04-02:00\",\"dateModified\":\"2017-10-25T17:56:04-02:00\"},{\"@type\":\"WebSite\",\"@id\":\"https:\\\/\\\/www.jornalja.com.br\\\/arquivo\\\/#website\",\"url\":\"https:\\\/\\\/www.jornalja.com.br\\\/arquivo\\\/\",\"name\":\"Arquivo\",\"description\":\"Jornal J\\u00c1 | Porto Alegre\",\"inLanguage\":\"pt-BR\",\"publisher\":{\"@id\":\"https:\\\/\\\/www.jornalja.com.br\\\/arquivo\\\/#organization\"}}]}\n\t\t<\/script>\n\t\t<!-- All in One SEO -->\n\n","aioseo_head_json":{"title":"TCE suspende processo sobre Funda\u00e7\u00f5es \u00e0 espera do STF | Arquivo","description":"","canonical_url":"https:\/\/www.jornalja.com.br\/arquivo\/tce-suspende-processo-sobre-fundacoes-a-espera-do-stf\/","robots":"max-image-preview:large","keywords":"","webmasterTools":{"miscellaneous":""},"schema":{"@context":"https:\/\/schema.org","@graph":[{"@type":"BlogPosting","@id":"https:\/\/www.jornalja.com.br\/arquivo\/tce-suspende-processo-sobre-fundacoes-a-espera-do-stf\/#blogposting","name":"TCE suspende processo sobre Funda\u00e7\u00f5es \u00e0 espera do STF | Arquivo","headline":"TCE suspende processo sobre Funda\u00e7\u00f5es \u00e0 espera do STF","author":{"@id":"https:\/\/www.jornalja.com.br\/arquivo\/author\/daredacao\/#author"},"publisher":{"@id":"https:\/\/www.jornalja.com.br\/arquivo\/#organization"},"image":{"@type":"ImageObject","url":56746},"datePublished":"2017-10-25T17:56:04-02:00","dateModified":"2017-10-25T17:56:04-02:00","inLanguage":"pt-BR","mainEntityOfPage":{"@id":"https:\/\/www.jornalja.com.br\/arquivo\/tce-suspende-processo-sobre-fundacoes-a-espera-do-stf\/#webpage"},"isPartOf":{"@id":"https:\/\/www.jornalja.com.br\/arquivo\/tce-suspende-processo-sobre-fundacoes-a-espera-do-stf\/#webpage"},"articleSection":"Geral"},{"@type":"BreadcrumbList","@id":"https:\/\/www.jornalja.com.br\/arquivo\/tce-suspende-processo-sobre-fundacoes-a-espera-do-stf\/#breadcrumblist","itemListElement":[{"@type":"ListItem","@id":"https:\/\/www.jornalja.com.br\/arquivo#listItem","position":1,"name":"Home","item":"https:\/\/www.jornalja.com.br\/arquivo","nextItem":{"@type":"ListItem","@id":"https:\/\/www.jornalja.com.br\/arquivo\/category\/geral\/#listItem","name":"Geral"}},{"@type":"ListItem","@id":"https:\/\/www.jornalja.com.br\/arquivo\/category\/geral\/#listItem","position":2,"name":"Geral","item":"https:\/\/www.jornalja.com.br\/arquivo\/category\/geral\/","nextItem":{"@type":"ListItem","@id":"https:\/\/www.jornalja.com.br\/arquivo\/tce-suspende-processo-sobre-fundacoes-a-espera-do-stf\/#listItem","name":"TCE suspende processo sobre Funda\u00e7\u00f5es \u00e0 espera do STF"},"previousItem":{"@type":"ListItem","@id":"https:\/\/www.jornalja.com.br\/arquivo#listItem","name":"Home"}},{"@type":"ListItem","@id":"https:\/\/www.jornalja.com.br\/arquivo\/tce-suspende-processo-sobre-fundacoes-a-espera-do-stf\/#listItem","position":3,"name":"TCE suspende processo sobre Funda\u00e7\u00f5es \u00e0 espera do STF","previousItem":{"@type":"ListItem","@id":"https:\/\/www.jornalja.com.br\/arquivo\/category\/geral\/#listItem","name":"Geral"}}]},{"@type":"Organization","@id":"https:\/\/www.jornalja.com.br\/arquivo\/#organization","name":"Jornal J\u00c1","description":"Jornal J\u00c1 | Porto Alegre","url":"https:\/\/www.jornalja.com.br\/arquivo\/","telephone":"+555133307272","logo":{"@type":"ImageObject","url":"https:\/\/www.jornalja.com.br\/wp-content\/uploads\/cards\/JAslogan.png","@id":"https:\/\/www.jornalja.com.br\/arquivo\/tce-suspende-processo-sobre-fundacoes-a-espera-do-stf\/#organizationLogo"},"image":{"@id":"https:\/\/www.jornalja.com.br\/arquivo\/tce-suspende-processo-sobre-fundacoes-a-espera-do-stf\/#organizationLogo"}},{"@type":"Person","@id":"https:\/\/www.jornalja.com.br\/arquivo\/author\/daredacao\/#author","url":"https:\/\/www.jornalja.com.br\/arquivo\/author\/daredacao\/","name":"da Reda\u00e7\u00e3o","image":{"@type":"ImageObject","@id":"https:\/\/www.jornalja.com.br\/arquivo\/tce-suspende-processo-sobre-fundacoes-a-espera-do-stf\/#authorImage","url":"https:\/\/secure.gravatar.com\/avatar\/469fd857d6605ad19919d27ed29d35a968a25f6e8fd9318356bbb7f57aae9c65?s=96&d=mm&r=g","width":96,"height":96,"caption":"da Reda\u00e7\u00e3o"}},{"@type":"WebPage","@id":"https:\/\/www.jornalja.com.br\/arquivo\/tce-suspende-processo-sobre-fundacoes-a-espera-do-stf\/#webpage","url":"https:\/\/www.jornalja.com.br\/arquivo\/tce-suspende-processo-sobre-fundacoes-a-espera-do-stf\/","name":"TCE suspende processo sobre Funda\u00e7\u00f5es \u00e0 espera do STF | Arquivo","inLanguage":"pt-BR","isPartOf":{"@id":"https:\/\/www.jornalja.com.br\/arquivo\/#website"},"breadcrumb":{"@id":"https:\/\/www.jornalja.com.br\/arquivo\/tce-suspende-processo-sobre-fundacoes-a-espera-do-stf\/#breadcrumblist"},"author":{"@id":"https:\/\/www.jornalja.com.br\/arquivo\/author\/daredacao\/#author"},"creator":{"@id":"https:\/\/www.jornalja.com.br\/arquivo\/author\/daredacao\/#author"},"image":{"@type":"ImageObject","url":56746,"@id":"https:\/\/www.jornalja.com.br\/arquivo\/tce-suspende-processo-sobre-fundacoes-a-espera-do-stf\/#mainImage"},"primaryImageOfPage":{"@id":"https:\/\/www.jornalja.com.br\/arquivo\/tce-suspende-processo-sobre-fundacoes-a-espera-do-stf\/#mainImage"},"datePublished":"2017-10-25T17:56:04-02:00","dateModified":"2017-10-25T17:56:04-02:00"},{"@type":"WebSite","@id":"https:\/\/www.jornalja.com.br\/arquivo\/#website","url":"https:\/\/www.jornalja.com.br\/arquivo\/","name":"Arquivo","description":"Jornal J\u00c1 | Porto Alegre","inLanguage":"pt-BR","publisher":{"@id":"https:\/\/www.jornalja.com.br\/arquivo\/#organization"}}]},"og:locale":"pt_BR","og:site_name":"Arquivo | Jornal J\u00c1 | Porto Alegre","og:type":"article","og:title":"TCE suspende processo sobre Funda\u00e7\u00f5es \u00e0 espera do STF | Arquivo","og:url":"https:\/\/www.jornalja.com.br\/arquivo\/tce-suspende-processo-sobre-fundacoes-a-espera-do-stf\/","og:image":"https:\/\/www.jornalja.com.br\/wp-content\/uploads\/2017\/10\/20171025_135145-e1508964422308-400x243.jpg","og:image:secure_url":"https:\/\/www.jornalja.com.br\/wp-content\/uploads\/2017\/10\/20171025_135145-e1508964422308-400x243.jpg","article:published_time":"2017-10-25T20:56:04+00:00","article:modified_time":"2017-10-25T20:56:04+00:00","twitter:card":"summary","twitter:title":"TCE suspende processo sobre Funda\u00e7\u00f5es \u00e0 espera do STF | Arquivo","twitter:image":"https:\/\/www.jornalja.com.br\/economics\/wp-content\/uploads\/sites\/11\/2026\/08\/ja-folhaderosto-facebook.jpg"},"aioseo_meta_data":{"post_id":"56741","title":null,"description":null,"keywords":null,"keyphrases":null,"primary_term":null,"canonical_url":null,"og_title":null,"og_description":null,"og_object_type":"default","og_image_type":"default","og_image_url":null,"og_image_width":null,"og_image_height":null,"og_image_custom_url":null,"og_image_custom_fields":null,"og_video":null,"og_custom_url":null,"og_article_section":null,"og_article_tags":null,"twitter_use_og":false,"twitter_card":"default","twitter_image_type":"default","twitter_image_url":null,"twitter_image_custom_url":null,"twitter_image_custom_fields":null,"twitter_title":null,"twitter_description":null,"schema":{"blockGraphs":[],"customGraphs":[],"default":{"data":{"Article":[],"Course":[],"Dataset":[],"FAQPage":[],"Movie":[],"Person":[],"Product":[],"ProductReview":[],"Car":[],"Recipe":[],"Service":[],"SoftwareApplication":[],"WebPage":[]},"graphName":"","isEnabled":true},"graphs":[],"defaultGraph":"","defaultPostTypeGraph":""},"schema_type":null,"schema_type_options":null,"pillar_content":false,"robots_default":true,"robots_noindex":false,"robots_noarchive":false,"robots_nosnippet":false,"robots_nofollow":false,"robots_noimageindex":false,"robots_noodp":false,"robots_notranslate":false,"robots_max_snippet":null,"robots_max_videopreview":null,"robots_max_imagepreview":"large","priority":null,"frequency":null,"location":null,"local_seo":null,"breadcrumb_settings":null,"limit_modified_date":false,"ai":null,"created":"2020-12-20 20:21:53","updated":"2025-07-20 02:01:09","seo_analyzer_scan_date":null,"focus_keyword":null,"additional_keywords":null,"truseo_locale":null},"jetpack_sharing_enabled":true,"jetpack-related-posts":[{"id":13239,"url":"https:\/\/www.jornalja.com.br\/arquivo\/conselho-desdenha-do-plano-diretor\/","url_meta":{"origin":56741,"position":0},"title":"Porto Alegre: Conselho detona Plano Diretor","author":"Patr\u00edcia Marini","date":"25 de maio de 2014","format":false,"excerpt":"Den\u00fancia do arquiteto e \u00a0urbanista Ibir\u00e1 Santos Lucas. Ele diz que os conselheiros est\u00e3o votando com \"enorme irresponsabilidade\". \"Mudam regime com a maior naturalidade,,,regularizam absurdos de constru\u00e7\u00f5es irregulares... \"O CMDUA est\u00e1 flexibilizando a lei do plano diretor, de uma forma impactante na vida da cidade. Mudam regime com a maior\u2026","rel":"","context":"Em &quot;Geral&quot;","block_context":{"text":"Geral","link":"https:\/\/www.jornalja.com.br\/arquivo\/category\/geral\/"},"img":{"alt_text":"","src":"","width":0,"height":0},"classes":[]},{"id":13109,"url":"https:\/\/www.jornalja.com.br\/arquivo\/judiciario-reconhece-poluicao-eletromagnetica\/","url_meta":{"origin":56741,"position":1},"title":"Judici\u00e1rio reconhece polui\u00e7\u00e3o eletromagn\u00e9tica","author":"Patr\u00edcia Marini","date":"16 de maio de 2014","format":false,"excerpt":"A\u00e7\u00e3o de duas associa\u00e7\u00f5es de moradores foi acolhida pelo Tribunal de Justi\u00e7a de S\u00e3o Paulo que. em decis\u00e3o in\u00e9dita, determinou a redu\u00e7\u00e3o do campo eletromagn\u00e9tico gerado pelas linhas de transmiss\u00e3o de energia que cortam os bairros City Boa\u00e7ava e Alto de Pinheiros. \u00c9 a primeira vez que um tribunal do\u2026","rel":"","context":"Em &quot;X.Categorias velhas&quot;","block_context":{"text":"X.Categorias velhas","link":"https:\/\/www.jornalja.com.br\/arquivo\/category\/x-categorias-velhas\/"},"img":{"alt_text":"","src":"","width":0,"height":0},"classes":[]},{"id":13240,"url":"https:\/\/www.jornalja.com.br\/arquivo\/plano-diretor-estamos-construindo-o-caos\/","url_meta":{"origin":56741,"position":2},"title":"Plano diretor: &quot;Estamos construindo o caos&quot;","author":"Patr\u00edcia Marini","date":"26 de maio de 2014","format":false,"excerpt":"Desabafo que arquiteta Eliana Castilhos, delegada da Regi\u00e3o de Planejamento 1, postou nas redes sociais \u00e9 um testemunho do ambiente que se criou no Conselho do Plano Diretor de Porto Alegre, onde a aprova\u00e7\u00e3o de grandes empreendimentos \u00e9 empurrada guela abaixo dos conselheiros. Ao CMDUA Como delegada da Regi\u00e3o de\u2026","rel":"","context":"Em &quot;Geral&quot;","block_context":{"text":"Geral","link":"https:\/\/www.jornalja.com.br\/arquivo\/category\/geral\/"},"img":{"alt_text":"","src":"","width":0,"height":0},"classes":[]},{"id":13128,"url":"https:\/\/www.jornalja.com.br\/arquivo\/maconha-terra-diz-que-uso-medicinal-e-desculpa\/","url_meta":{"origin":56741,"position":3},"title":"Maconha: Terra diz que uso medicinal \u00e9 desculpa","author":"Patr\u00edcia Marini","date":"4 de junho de 2014","format":false,"excerpt":"A condi\u00e7\u00e3o de pol\u00edtico, em \u00e9poca de campanha de campanha eleitoral, tira for\u00e7a do discurso do m\u00e9dico Osmar Terra contra a legaliza\u00e7\u00e3o da maconha. A tese dele de que a libera\u00e7\u00e3o vai ampliar exponencialmente o consumo \u00e9 discutivel, o consumo \u00e9 corrente. Mas seus alertas quanto aos riscos tem que\u2026","rel":"","context":"Em &quot;X.Categorias velhas&quot;","block_context":{"text":"X.Categorias velhas","link":"https:\/\/www.jornalja.com.br\/arquivo\/category\/x-categorias-velhas\/"},"img":{"alt_text":"","src":"","width":0,"height":0},"classes":[]},{"id":13124,"url":"https:\/\/www.jornalja.com.br\/arquivo\/sangue-latino-no-iecine\/","url_meta":{"origin":56741,"position":4},"title":"Sangue latino no IECINE","author":"da Reda\u00e7\u00e3o","date":"18 de maio de 2014","format":false,"excerpt":"Francisco Ribeiro O Instituto Estadual de Cinema (IECINE) tem a frente, desde abril \u00faltimo, um novo diretor, o cineasta colombiano Juan Zapata, 36, que substitui Luiz Alberto Cassol. Radicado h\u00e1 dez anos em Porto Alegre, Zapata tem diante de si o desafio de conduzir at\u00e9 o final do ano um\u2026","rel":"","context":"Em &quot;Cultura-Geral&quot;","block_context":{"text":"Cultura-Geral","link":"https:\/\/www.jornalja.com.br\/arquivo\/category\/materiasecundaria\/"},"img":{"alt_text":"","src":"","width":0,"height":0},"classes":[]},{"id":14241,"url":"https:\/\/www.jornalja.com.br\/arquivo\/o-guaiba-nas-imagens-poeticas-de-achutti\/","url_meta":{"origin":56741,"position":5},"title":"O Gua\u00edba nas imagens po\u00e9ticas de Achutti","author":"da Reda\u00e7\u00e3o","date":"18 de junho de 2014","format":false,"excerpt":"Em \u201cO Gua\u00edba por Achutti\u201d \u2013 obra financiada via Minist\u00e9rio da Cultura, produ\u00e7\u00e3o executiva de Pedro Longhi, e Fl\u00e1vio Wild como designer \u2013, o fot\u00f3grafo revela a beleza e as mazelas de um espa\u00e7o aqu\u00e1tico de \u00e1guas sempre renovadas, cheio de hist\u00f3rias e lendas como as das cidades que foram\u2026","rel":"","context":"Em &quot;Cultura-Geral&quot;","block_context":{"text":"Cultura-Geral","link":"https:\/\/www.jornalja.com.br\/arquivo\/category\/materiasecundaria\/"},"img":{"alt_text":"","src":"","width":0,"height":0},"classes":[]}],"jetpack_shortlink":"https:\/\/wp.me\/pbQjBd-eLb","jetpack_featured_media_url":"","_links":{"self":[{"href":"https:\/\/www.jornalja.com.br\/arquivo\/wp-json\/wp\/v2\/posts\/56741","targetHints":{"allow":["GET"]}}],"collection":[{"href":"https:\/\/www.jornalja.com.br\/arquivo\/wp-json\/wp\/v2\/posts"}],"about":[{"href":"https:\/\/www.jornalja.com.br\/arquivo\/wp-json\/wp\/v2\/types\/post"}],"author":[{"embeddable":true,"href":"https:\/\/www.jornalja.com.br\/arquivo\/wp-json\/wp\/v2\/users\/4"}],"replies":[{"embeddable":true,"href":"https:\/\/www.jornalja.com.br\/arquivo\/wp-json\/wp\/v2\/comments?post=56741"}],"version-history":[{"count":0,"href":"https:\/\/www.jornalja.com.br\/arquivo\/wp-json\/wp\/v2\/posts\/56741\/revisions"}],"wp:attachment":[{"href":"https:\/\/www.jornalja.com.br\/arquivo\/wp-json\/wp\/v2\/media?parent=56741"}],"wp:term":[{"taxonomy":"category","embeddable":true,"href":"https:\/\/www.jornalja.com.br\/arquivo\/wp-json\/wp\/v2\/categories?post=56741"},{"taxonomy":"post_tag","embeddable":true,"href":"https:\/\/www.jornalja.com.br\/arquivo\/wp-json\/wp\/v2\/tags?post=56741"}],"curies":[{"name":"wp","href":"https:\/\/api.w.org\/{rel}","templated":true}]}}