{"id":56773,"date":"2017-10-26T14:57:26","date_gmt":"2017-10-26T17:57:26","guid":{"rendered":"https:\/\/www.jornalja.com.br\/?p=56773"},"modified":"2017-10-26T14:57:26","modified_gmt":"2017-10-26T17:57:26","slug":"celso-amorim-nao-estao-privatizando-estao-desnacionalizando","status":"publish","type":"post","link":"https:\/\/www.jornalja.com.br\/arquivo\/celso-amorim-nao-estao-privatizando-estao-desnacionalizando\/","title":{"rendered":"Celso Amorim: \u201cN\u00e3o est\u00e3o privatizando o pa\u00eds, est\u00e3o desnacionalizando&quot;"},"content":{"rendered":"<p><span class=\"assina\">ANDRES VINCE<\/span><br \/>\nNo \u00e2mbito da programa\u00e7\u00e3o \u201cFor\u00fam dos Grandes Debates\u201d da Assembleia Legislativa (ALRS), Celso Amorim veio a Porto Alegre, nesta quarta-feira, 25 de outubro, palestrar sobre \u201cA pol\u00edtica externa e o desenvolvimento\u201d. A apresenta\u00e7\u00e3o iniciou por volta das 19h no Teatro Dante Barone, para uma audi\u00eancia de cerca de 300 pessoas.<br \/>\nLogo que subiu ao palco, o diplomata e ex-ministro Celso Amorim foi ovacionado de p\u00e9 pela plateia, que em seguida n\u00e3o se furtou em entoar um j\u00e1 cl\u00e1ssico \u201cFora Temer!\u201d.<br \/>\n<figure id=\"attachment_56776\" aria-describedby=\"caption-attachment-56776\" style=\"width: 344px\" class=\"wp-caption alignright\"><img loading=\"lazy\" decoding=\"async\" class=\"wp-image-56776 size-medium\" src=\"https:\/\/www.jornalja.com.br\/wp-content\/uploads\/2017\/10\/223253_G-344x400.jpeg\" alt=\"\" width=\"344\" height=\"400\" \/><figcaption id=\"caption-attachment-56776\" class=\"wp-caption-text\">Edegar destacou a import\u00e2ncia dos jovens no aprofundamento da democracia \/ Caco Argemi \/ Ag\u00eancia ALRS<\/figcaption><\/figure><br \/>\nO evento foi aberto pelo presidente da ALRS, Edegar Pretto (PT), que ressaltou a import\u00e2ncia do acordo que determinou o consenso em torno da altern\u00e2ncia da presid\u00eancia da casa entre as quatro maiores bancadas eleitas.<br \/>\nPretto destacou tamb\u00e9m a import\u00e2ncia dos jovens na luta pela manuten\u00e7\u00e3o da democracia, assim como criticou a aus\u00eancia de protestos da classe m\u00e9dia diante de tantos esc\u00e2ndalos comprovados. Logo em seguida, a palavra foi dada ao mediador, professor Benedito Tadeu C\u00e9sar, presidente do Comit\u00ea Ga\u00facho do projeto Brasil-Na\u00e7\u00e3o, entidade apoiadora do evento.<br \/>\nTadeu disse que estava emocionado com a calorosa recep\u00e7\u00e3o dada ao convidado num momento t\u00e3o negativo pelo qual o Pa\u00eds passa e ressaltou que as pessoas devem estar preparadas para um longo per\u00edodo de resist\u00eancia ao golpe perpetrado em 2016.<br \/>\nCom a palavra, o embaixador Celso Amorim falou do carinho que tem pelos ga\u00fachos, tentando se esquivar de citar nomes pra n\u00e3o ser injusto com ningu\u00e9m. Por\u00e9m, n\u00e3o pode deixar de citar, tamb\u00e9m com o mesmo carinho, o tempo em que trabalhou como ministro junto de Miguel Rossetto.<br \/>\nAmorim elogiou a inciativa de cria\u00e7\u00e3o do projeto Brasil-Na\u00e7\u00e3o como forma leg\u00edtima e eficaz de dialogar politicamente com a sociedade.<br \/>\n<span class=\"intertit\">A m\u00eddia \u201cbombardeou\u201d o Mercosul para favorecer a Alca<\/span><br \/>\nFazendo um paralelo com o golpe de 64, o embaixador afirmou que, mesmo tendo vivido naqueles tempos tenebrosos, jamais havia presenciado tamanha tentativa de desmonte do estado: \u201cN\u00e3o \u00e9 privatiza\u00e7\u00e3o, \u00e9 desnacionaliza\u00e7\u00e3o. Quem est\u00e1 comprando o patrim\u00f4nio nacional s\u00e3o as empresas estrangeiras, muitas delas, ironicamente, estatais\u201d, disse referindo-se ao projeto de governo atualmente instalado ao pa\u00eds.<br \/>\nFalando em acordos de com\u00e9rcio, Amorim disse que o BRICS nasceu de um projeto implantado j\u00e1 no segundo dia da gest\u00e3o Lula, o IBAS. Segundo o embaixador, a inclus\u00e3o da China e da R\u00fassia se deu exclusivamente do interesse e insist\u00eancia desses dois pa\u00edses, devido ao grande prest\u00edgio internacional que o Brasil gozava ent\u00e3o: \u201cNaquela \u00e9poca todos os l\u00edderes mundiais queriam uma foto com o Lula. Quem quer tirar foto com o atual mandat\u00e1rio do Pa\u00eds? Ningu\u00e9m, o pessoal foge. \u00c9 comprometedor.\u201d<br \/>\nEm tom de anedota, ele disse que at\u00e9 os jornalistas surfaram nesse prest\u00edgio: \u201cQuando est\u00e1vamos em alguma miss\u00e3o diplom\u00e1tica, os ministros de outros pa\u00edses abordavam os jornalistas da comitiva e perguntavam se eles eram brasileiros e, diante da afirmativa, diziam \u2018vem c\u00e1, que eu quero te dar uma entrevista\u2019\u201d.<br \/>\nAmorim disse que, mesmo assim, a imprensa n\u00e3o se furtou de implantar a ideia de que o Mercosul havia implodido: \u201c\u00c9 mentira da m\u00eddia que o Mercosul fracassou, prova disso \u00e9 que o com\u00e9rcio entre os pa\u00edses do bloco aumentou 12 vezes desde a cria\u00e7\u00e3o do bloco. Problemas h\u00e1, mas os n\u00fameros desmentem a cr\u00edtica da imprensa.\u201d<br \/>\nO embaixador descreveu a forma como se deu o processo de derrubada dos subs\u00eddios europeus e norte-americanos \u00e0 agricultura, tornando os produtos de outros pa\u00edses competitivos nesses mercados. Segundo ele, o G20, que j\u00e1 havia se sobreposto em poder de barganha ao G8, resolveu incluir nas negocia\u00e7\u00f5es um grupo de pa\u00edses de menor express\u00e3o pol\u00edtica chamado G90. Assim surgiu o G110, com musculatura e legitimidade para tomar decis\u00f5es realmente democr\u00e1ticas.<br \/>\n<span class=\"intertit\">Corrup\u00e7\u00e3o, cen\u00e1rio internacional e a era Trump<\/span><br \/>\nAmorim acredita que o combate \u00e0 corrup\u00e7\u00e3o n\u00e3o se d\u00e1 apenas com opera\u00e7\u00f5es jur\u00eddico-policiais. Afirmou que acredita que a diminui\u00e7\u00e3o da desigualdade social \u00e9 parte importante nesse processo. Citou esc\u00e2ndalos de corrup\u00e7\u00e3o da Wolksvagen e da Enron como exemplos de casos graves de corrup\u00e7\u00e3o no setor privado que n\u00e3o geraram \u201cca\u00e7a as bruxas\u201d como houve no processo da Petrobras.<br \/>\n<figure id=\"attachment_56777\" aria-describedby=\"caption-attachment-56777\" style=\"width: 285px\" class=\"wp-caption alignleft\"><img loading=\"lazy\" decoding=\"async\" class=\"size-medium wp-image-56777\" src=\"https:\/\/www.jornalja.com.br\/wp-content\/uploads\/2017\/10\/223255_G-285x400.jpeg\" alt=\"\" width=\"285\" height=\"400\" \/><figcaption id=\"caption-attachment-56777\" class=\"wp-caption-text\">Celso Amorim em palestra na ALRS \/ Caco Argemi \/ Ag\u00eancia ALRS<\/figcaption><\/figure><br \/>\nSobre a situa\u00e7\u00e3o pol\u00edtica mundial, disse acreditar muito mais em uma era Xi (Xi Jinping, da China) do que numa era Trump. Afirmou que o mundo passa por um processo de enfraquecimento das democracias, causado em grande parte pelos interesses do grande capital mundial, atingidos em cheio pela crise da bolha financeira de 2008: \u201cO capital n\u00e3o liga se o pa\u00eds \u00e9 democr\u00e1tico, o importante \u00e9 o ganho que ele pode proporcionar\u201d.<br \/>\n\u201cO Brasil n\u00e3o \u00e9 tratado como na\u00e7\u00e3o [pelo atual governo]. \u00c9 tratado como uma empresa. O Brasil n\u00e3o \u00e9 uma empresa\u201d, disse o embaixador . \u201cO mundo apresenta novos desafios e a mudan\u00e7a aqui s\u00f3 vir\u00e1 atrav\u00e9s do aprofundamento da democracia, sem se submeter, com paz e autonomia\u201d. Encerrando sua palestra bradou: \u201cViva o Brasil, viva o povo brasileiro.\u201d<br \/>\n<span class=\"intertit\">Perguntas da plateia<\/span><br \/>\n<figure id=\"attachment_56782\" aria-describedby=\"caption-attachment-56782\" style=\"width: 1150px\" class=\"wp-caption alignnone\"><img loading=\"lazy\" decoding=\"async\" class=\"wp-image-56782 size-large\" src=\"https:\/\/www.jornalja.com.br\/wp-content\/uploads\/2017\/10\/223258_G-1150x725.jpeg\" alt=\"\" width=\"1150\" height=\"725\" \/><figcaption id=\"caption-attachment-56782\" class=\"wp-caption-text\">P\u00fablico lotou o teatro Dante Barone para ouvir o ex-ministro \/ Caco Argemi \/ Ag\u00eancia ALRS<\/figcaption><\/figure><br \/>\nAp\u00f3s a palestra, foi aberto espa\u00e7o para perguntas, que foram feitas em grande parte por universit\u00e1rios de cursos ligados \u00e0 \u00e1rea internacional, e giraram em torno dos mais diversos assuntos, como EUA, base de Alc\u00e2ntara, ilhas Malvinas, S\u00edria, Palestina, Ir\u00e3, Israel, China e \u00c1frica.<br \/>\nTodas as perguntas foram gentilmente respondidas por Amorim, que encerrou salientando a import\u00e2ncia de apoiar o <a href=\"http:\/\/www.bresserpereira.org.br\/\" target=\"_blank\" rel=\"noopener noreferrer\">manifesto lan\u00e7ado pelo ex-ministro Bresser Pereira em apoio \u00e0 elei\u00e7\u00f5es diretas e<\/a> irrestritas em 2018.<\/p>\n","protected":false},"excerpt":{"rendered":"<p>ANDRES VINCE No \u00e2mbito da programa\u00e7\u00e3o \u201cFor\u00fam dos Grandes Debates\u201d da Assembleia Legislativa (ALRS), Celso Amorim veio a Porto Alegre, nesta quarta-feira, 25 de outubro, palestrar sobre \u201cA pol\u00edtica externa e o desenvolvimento\u201d. A apresenta\u00e7\u00e3o iniciou por volta das 19h no Teatro Dante Barone, para uma audi\u00eancia de cerca de 300 pessoas. Logo que subiu [&hellip;]<\/p>\n","protected":false},"author":4,"featured_media":56775,"comment_status":"open","ping_status":"closed","sticky":false,"template":"","format":"standard","meta":{"_jetpack_newsletter_access":"","_jetpack_dont_email_post_to_subs":false,"_jetpack_newsletter_tier_id":0,"_jetpack_memberships_contains_paywalled_content":false,"_jetpack_feature_clip_id":0,"_jetpack_memberships_contains_paid_content":false,"footnotes":"","jetpack_post_was_ever_published":false},"categories":[26],"tags":[],"class_list":["post-56773","post","type-post","status-publish","format-standard","has-post-thumbnail","hentry","category-geral"],"aioseo_notices":[],"aioseo_head":"\n\t\t<!-- All in One SEO 5.0.1.1 - aioseo.com -->\n\t<meta name=\"robots\" content=\"max-image-preview:large\" \/>\n\t<meta name=\"author\" content=\"da Reda\u00e7\u00e3o\"\/>\n\t<link rel=\"canonical\" href=\"https:\/\/www.jornalja.com.br\/arquivo\/celso-amorim-nao-estao-privatizando-estao-desnacionalizando\/\" \/>\n\t<meta name=\"generator\" content=\"All in One SEO (AIOSEO) 5.0.1.1\" \/>\n\t\t<meta property=\"og:locale\" content=\"pt_BR\" \/>\n\t\t<meta property=\"og:site_name\" content=\"Arquivo | Jornal J\u00c1 | Porto Alegre\" \/>\n\t\t<meta property=\"og:type\" content=\"article\" \/>\n\t\t<meta property=\"og:title\" content=\"Celso Amorim: \u201cN\u00e3o est\u00e3o privatizando o pa\u00eds, est\u00e3o desnacionalizando&quot; | Arquivo\" \/>\n\t\t<meta property=\"og:url\" content=\"https:\/\/www.jornalja.com.br\/arquivo\/celso-amorim-nao-estao-privatizando-estao-desnacionalizando\/\" \/>\n\t\t<meta property=\"og:image\" content=\"https:\/\/www.jornalja.com.br\/wp-content\/uploads\/2017\/10\/223253_G-344x400.jpeg\" \/>\n\t\t<meta property=\"og:image:secure_url\" content=\"https:\/\/www.jornalja.com.br\/wp-content\/uploads\/2017\/10\/223253_G-344x400.jpeg\" \/>\n\t\t<meta property=\"article:published_time\" content=\"2017-10-26T17:57:26+00:00\" \/>\n\t\t<meta property=\"article:modified_time\" content=\"2017-10-26T17:57:26+00:00\" \/>\n\t\t<meta name=\"twitter:card\" content=\"summary\" \/>\n\t\t<meta name=\"twitter:title\" content=\"Celso Amorim: \u201cN\u00e3o est\u00e3o privatizando o pa\u00eds, est\u00e3o desnacionalizando&quot; | Arquivo\" \/>\n\t\t<meta name=\"twitter:image\" content=\"https:\/\/www.jornalja.com.br\/economics\/wp-content\/uploads\/sites\/11\/2026\/08\/ja-folhaderosto-facebook.jpg\" \/>\n\t\t<script type=\"application\/ld+json\" class=\"aioseo-schema\">\n\t\t\t{\"@context\":\"https:\\\/\\\/schema.org\",\"@graph\":[{\"@type\":\"BlogPosting\",\"@id\":\"https:\\\/\\\/www.jornalja.com.br\\\/arquivo\\\/celso-amorim-nao-estao-privatizando-estao-desnacionalizando\\\/#blogposting\",\"name\":\"Celso Amorim: \\u201cN\\u00e3o est\\u00e3o privatizando o pa\\u00eds, est\\u00e3o desnacionalizando\\\" | Arquivo\",\"headline\":\"Celso Amorim: \\u201cN\\u00e3o est\\u00e3o privatizando o pa\\u00eds, est\\u00e3o desnacionalizando&quot;\",\"author\":{\"@id\":\"https:\\\/\\\/www.jornalja.com.br\\\/arquivo\\\/author\\\/daredacao\\\/#author\"},\"publisher\":{\"@id\":\"https:\\\/\\\/www.jornalja.com.br\\\/arquivo\\\/#organization\"},\"image\":{\"@type\":\"ImageObject\",\"url\":56775},\"datePublished\":\"2017-10-26T14:57:26-02:00\",\"dateModified\":\"2017-10-26T14:57:26-02:00\",\"inLanguage\":\"pt-BR\",\"mainEntityOfPage\":{\"@id\":\"https:\\\/\\\/www.jornalja.com.br\\\/arquivo\\\/celso-amorim-nao-estao-privatizando-estao-desnacionalizando\\\/#webpage\"},\"isPartOf\":{\"@id\":\"https:\\\/\\\/www.jornalja.com.br\\\/arquivo\\\/celso-amorim-nao-estao-privatizando-estao-desnacionalizando\\\/#webpage\"},\"articleSection\":\"Geral\"},{\"@type\":\"BreadcrumbList\",\"@id\":\"https:\\\/\\\/www.jornalja.com.br\\\/arquivo\\\/celso-amorim-nao-estao-privatizando-estao-desnacionalizando\\\/#breadcrumblist\",\"itemListElement\":[{\"@type\":\"ListItem\",\"@id\":\"https:\\\/\\\/www.jornalja.com.br\\\/arquivo#listItem\",\"position\":1,\"name\":\"Home\",\"item\":\"https:\\\/\\\/www.jornalja.com.br\\\/arquivo\",\"nextItem\":{\"@type\":\"ListItem\",\"@id\":\"https:\\\/\\\/www.jornalja.com.br\\\/arquivo\\\/category\\\/geral\\\/#listItem\",\"name\":\"Geral\"}},{\"@type\":\"ListItem\",\"@id\":\"https:\\\/\\\/www.jornalja.com.br\\\/arquivo\\\/category\\\/geral\\\/#listItem\",\"position\":2,\"name\":\"Geral\",\"item\":\"https:\\\/\\\/www.jornalja.com.br\\\/arquivo\\\/category\\\/geral\\\/\",\"nextItem\":{\"@type\":\"ListItem\",\"@id\":\"https:\\\/\\\/www.jornalja.com.br\\\/arquivo\\\/celso-amorim-nao-estao-privatizando-estao-desnacionalizando\\\/#listItem\",\"name\":\"Celso Amorim: \\u201cN\\u00e3o est\\u00e3o privatizando o pa\\u00eds, est\\u00e3o desnacionalizando&quot;\"},\"previousItem\":{\"@type\":\"ListItem\",\"@id\":\"https:\\\/\\\/www.jornalja.com.br\\\/arquivo#listItem\",\"name\":\"Home\"}},{\"@type\":\"ListItem\",\"@id\":\"https:\\\/\\\/www.jornalja.com.br\\\/arquivo\\\/celso-amorim-nao-estao-privatizando-estao-desnacionalizando\\\/#listItem\",\"position\":3,\"name\":\"Celso Amorim: \\u201cN\\u00e3o est\\u00e3o privatizando o pa\\u00eds, est\\u00e3o desnacionalizando&quot;\",\"previousItem\":{\"@type\":\"ListItem\",\"@id\":\"https:\\\/\\\/www.jornalja.com.br\\\/arquivo\\\/category\\\/geral\\\/#listItem\",\"name\":\"Geral\"}}]},{\"@type\":\"Organization\",\"@id\":\"https:\\\/\\\/www.jornalja.com.br\\\/arquivo\\\/#organization\",\"name\":\"Jornal J\\u00c1\",\"description\":\"Jornal J\\u00c1 | Porto Alegre\",\"url\":\"https:\\\/\\\/www.jornalja.com.br\\\/arquivo\\\/\",\"telephone\":\"+555133307272\",\"logo\":{\"@type\":\"ImageObject\",\"url\":\"https:\\\/\\\/www.jornalja.com.br\\\/wp-content\\\/uploads\\\/cards\\\/JAslogan.png\",\"@id\":\"https:\\\/\\\/www.jornalja.com.br\\\/arquivo\\\/celso-amorim-nao-estao-privatizando-estao-desnacionalizando\\\/#organizationLogo\"},\"image\":{\"@id\":\"https:\\\/\\\/www.jornalja.com.br\\\/arquivo\\\/celso-amorim-nao-estao-privatizando-estao-desnacionalizando\\\/#organizationLogo\"}},{\"@type\":\"Person\",\"@id\":\"https:\\\/\\\/www.jornalja.com.br\\\/arquivo\\\/author\\\/daredacao\\\/#author\",\"url\":\"https:\\\/\\\/www.jornalja.com.br\\\/arquivo\\\/author\\\/daredacao\\\/\",\"name\":\"da Reda\\u00e7\\u00e3o\",\"image\":{\"@type\":\"ImageObject\",\"@id\":\"https:\\\/\\\/www.jornalja.com.br\\\/arquivo\\\/celso-amorim-nao-estao-privatizando-estao-desnacionalizando\\\/#authorImage\",\"url\":\"https:\\\/\\\/secure.gravatar.com\\\/avatar\\\/469fd857d6605ad19919d27ed29d35a968a25f6e8fd9318356bbb7f57aae9c65?s=96&d=mm&r=g\",\"width\":96,\"height\":96,\"caption\":\"da Reda\\u00e7\\u00e3o\"}},{\"@type\":\"WebPage\",\"@id\":\"https:\\\/\\\/www.jornalja.com.br\\\/arquivo\\\/celso-amorim-nao-estao-privatizando-estao-desnacionalizando\\\/#webpage\",\"url\":\"https:\\\/\\\/www.jornalja.com.br\\\/arquivo\\\/celso-amorim-nao-estao-privatizando-estao-desnacionalizando\\\/\",\"name\":\"Celso Amorim: \\u201cN\\u00e3o est\\u00e3o privatizando o pa\\u00eds, est\\u00e3o desnacionalizando\\\" | Arquivo\",\"inLanguage\":\"pt-BR\",\"isPartOf\":{\"@id\":\"https:\\\/\\\/www.jornalja.com.br\\\/arquivo\\\/#website\"},\"breadcrumb\":{\"@id\":\"https:\\\/\\\/www.jornalja.com.br\\\/arquivo\\\/celso-amorim-nao-estao-privatizando-estao-desnacionalizando\\\/#breadcrumblist\"},\"author\":{\"@id\":\"https:\\\/\\\/www.jornalja.com.br\\\/arquivo\\\/author\\\/daredacao\\\/#author\"},\"creator\":{\"@id\":\"https:\\\/\\\/www.jornalja.com.br\\\/arquivo\\\/author\\\/daredacao\\\/#author\"},\"image\":{\"@type\":\"ImageObject\",\"url\":56775,\"@id\":\"https:\\\/\\\/www.jornalja.com.br\\\/arquivo\\\/celso-amorim-nao-estao-privatizando-estao-desnacionalizando\\\/#mainImage\"},\"primaryImageOfPage\":{\"@id\":\"https:\\\/\\\/www.jornalja.com.br\\\/arquivo\\\/celso-amorim-nao-estao-privatizando-estao-desnacionalizando\\\/#mainImage\"},\"datePublished\":\"2017-10-26T14:57:26-02:00\",\"dateModified\":\"2017-10-26T14:57:26-02:00\"},{\"@type\":\"WebSite\",\"@id\":\"https:\\\/\\\/www.jornalja.com.br\\\/arquivo\\\/#website\",\"url\":\"https:\\\/\\\/www.jornalja.com.br\\\/arquivo\\\/\",\"name\":\"Arquivo\",\"description\":\"Jornal J\\u00c1 | Porto Alegre\",\"inLanguage\":\"pt-BR\",\"publisher\":{\"@id\":\"https:\\\/\\\/www.jornalja.com.br\\\/arquivo\\\/#organization\"}}]}\n\t\t<\/script>\n\t\t<!-- All in One SEO -->\n\n","aioseo_head_json":{"title":"Celso Amorim: \u201cN\u00e3o est\u00e3o privatizando o pa\u00eds, est\u00e3o desnacionalizando\" | Arquivo","description":"","canonical_url":"https:\/\/www.jornalja.com.br\/arquivo\/celso-amorim-nao-estao-privatizando-estao-desnacionalizando\/","robots":"max-image-preview:large","keywords":"","webmasterTools":{"miscellaneous":""},"schema":{"@context":"https:\/\/schema.org","@graph":[{"@type":"BlogPosting","@id":"https:\/\/www.jornalja.com.br\/arquivo\/celso-amorim-nao-estao-privatizando-estao-desnacionalizando\/#blogposting","name":"Celso Amorim: \u201cN\u00e3o est\u00e3o privatizando o pa\u00eds, est\u00e3o desnacionalizando\" | Arquivo","headline":"Celso Amorim: \u201cN\u00e3o est\u00e3o privatizando o pa\u00eds, est\u00e3o desnacionalizando&quot;","author":{"@id":"https:\/\/www.jornalja.com.br\/arquivo\/author\/daredacao\/#author"},"publisher":{"@id":"https:\/\/www.jornalja.com.br\/arquivo\/#organization"},"image":{"@type":"ImageObject","url":56775},"datePublished":"2017-10-26T14:57:26-02:00","dateModified":"2017-10-26T14:57:26-02:00","inLanguage":"pt-BR","mainEntityOfPage":{"@id":"https:\/\/www.jornalja.com.br\/arquivo\/celso-amorim-nao-estao-privatizando-estao-desnacionalizando\/#webpage"},"isPartOf":{"@id":"https:\/\/www.jornalja.com.br\/arquivo\/celso-amorim-nao-estao-privatizando-estao-desnacionalizando\/#webpage"},"articleSection":"Geral"},{"@type":"BreadcrumbList","@id":"https:\/\/www.jornalja.com.br\/arquivo\/celso-amorim-nao-estao-privatizando-estao-desnacionalizando\/#breadcrumblist","itemListElement":[{"@type":"ListItem","@id":"https:\/\/www.jornalja.com.br\/arquivo#listItem","position":1,"name":"Home","item":"https:\/\/www.jornalja.com.br\/arquivo","nextItem":{"@type":"ListItem","@id":"https:\/\/www.jornalja.com.br\/arquivo\/category\/geral\/#listItem","name":"Geral"}},{"@type":"ListItem","@id":"https:\/\/www.jornalja.com.br\/arquivo\/category\/geral\/#listItem","position":2,"name":"Geral","item":"https:\/\/www.jornalja.com.br\/arquivo\/category\/geral\/","nextItem":{"@type":"ListItem","@id":"https:\/\/www.jornalja.com.br\/arquivo\/celso-amorim-nao-estao-privatizando-estao-desnacionalizando\/#listItem","name":"Celso Amorim: \u201cN\u00e3o est\u00e3o privatizando o pa\u00eds, est\u00e3o desnacionalizando&quot;"},"previousItem":{"@type":"ListItem","@id":"https:\/\/www.jornalja.com.br\/arquivo#listItem","name":"Home"}},{"@type":"ListItem","@id":"https:\/\/www.jornalja.com.br\/arquivo\/celso-amorim-nao-estao-privatizando-estao-desnacionalizando\/#listItem","position":3,"name":"Celso Amorim: \u201cN\u00e3o est\u00e3o privatizando o pa\u00eds, est\u00e3o desnacionalizando&quot;","previousItem":{"@type":"ListItem","@id":"https:\/\/www.jornalja.com.br\/arquivo\/category\/geral\/#listItem","name":"Geral"}}]},{"@type":"Organization","@id":"https:\/\/www.jornalja.com.br\/arquivo\/#organization","name":"Jornal J\u00c1","description":"Jornal J\u00c1 | Porto Alegre","url":"https:\/\/www.jornalja.com.br\/arquivo\/","telephone":"+555133307272","logo":{"@type":"ImageObject","url":"https:\/\/www.jornalja.com.br\/wp-content\/uploads\/cards\/JAslogan.png","@id":"https:\/\/www.jornalja.com.br\/arquivo\/celso-amorim-nao-estao-privatizando-estao-desnacionalizando\/#organizationLogo"},"image":{"@id":"https:\/\/www.jornalja.com.br\/arquivo\/celso-amorim-nao-estao-privatizando-estao-desnacionalizando\/#organizationLogo"}},{"@type":"Person","@id":"https:\/\/www.jornalja.com.br\/arquivo\/author\/daredacao\/#author","url":"https:\/\/www.jornalja.com.br\/arquivo\/author\/daredacao\/","name":"da Reda\u00e7\u00e3o","image":{"@type":"ImageObject","@id":"https:\/\/www.jornalja.com.br\/arquivo\/celso-amorim-nao-estao-privatizando-estao-desnacionalizando\/#authorImage","url":"https:\/\/secure.gravatar.com\/avatar\/469fd857d6605ad19919d27ed29d35a968a25f6e8fd9318356bbb7f57aae9c65?s=96&d=mm&r=g","width":96,"height":96,"caption":"da Reda\u00e7\u00e3o"}},{"@type":"WebPage","@id":"https:\/\/www.jornalja.com.br\/arquivo\/celso-amorim-nao-estao-privatizando-estao-desnacionalizando\/#webpage","url":"https:\/\/www.jornalja.com.br\/arquivo\/celso-amorim-nao-estao-privatizando-estao-desnacionalizando\/","name":"Celso Amorim: \u201cN\u00e3o est\u00e3o privatizando o pa\u00eds, est\u00e3o desnacionalizando\" | Arquivo","inLanguage":"pt-BR","isPartOf":{"@id":"https:\/\/www.jornalja.com.br\/arquivo\/#website"},"breadcrumb":{"@id":"https:\/\/www.jornalja.com.br\/arquivo\/celso-amorim-nao-estao-privatizando-estao-desnacionalizando\/#breadcrumblist"},"author":{"@id":"https:\/\/www.jornalja.com.br\/arquivo\/author\/daredacao\/#author"},"creator":{"@id":"https:\/\/www.jornalja.com.br\/arquivo\/author\/daredacao\/#author"},"image":{"@type":"ImageObject","url":56775,"@id":"https:\/\/www.jornalja.com.br\/arquivo\/celso-amorim-nao-estao-privatizando-estao-desnacionalizando\/#mainImage"},"primaryImageOfPage":{"@id":"https:\/\/www.jornalja.com.br\/arquivo\/celso-amorim-nao-estao-privatizando-estao-desnacionalizando\/#mainImage"},"datePublished":"2017-10-26T14:57:26-02:00","dateModified":"2017-10-26T14:57:26-02:00"},{"@type":"WebSite","@id":"https:\/\/www.jornalja.com.br\/arquivo\/#website","url":"https:\/\/www.jornalja.com.br\/arquivo\/","name":"Arquivo","description":"Jornal J\u00c1 | Porto Alegre","inLanguage":"pt-BR","publisher":{"@id":"https:\/\/www.jornalja.com.br\/arquivo\/#organization"}}]},"og:locale":"pt_BR","og:site_name":"Arquivo | Jornal J\u00c1 | Porto Alegre","og:type":"article","og:title":"Celso Amorim: \u201cN\u00e3o est\u00e3o privatizando o pa\u00eds, est\u00e3o desnacionalizando&quot; | Arquivo","og:url":"https:\/\/www.jornalja.com.br\/arquivo\/celso-amorim-nao-estao-privatizando-estao-desnacionalizando\/","og:image":"https:\/\/www.jornalja.com.br\/wp-content\/uploads\/2017\/10\/223253_G-344x400.jpeg","og:image:secure_url":"https:\/\/www.jornalja.com.br\/wp-content\/uploads\/2017\/10\/223253_G-344x400.jpeg","article:published_time":"2017-10-26T17:57:26+00:00","article:modified_time":"2017-10-26T17:57:26+00:00","twitter:card":"summary","twitter:title":"Celso Amorim: \u201cN\u00e3o est\u00e3o privatizando o pa\u00eds, est\u00e3o desnacionalizando&quot; | Arquivo","twitter:image":"https:\/\/www.jornalja.com.br\/economics\/wp-content\/uploads\/sites\/11\/2026\/08\/ja-folhaderosto-facebook.jpg"},"aioseo_meta_data":{"post_id":"56773","title":null,"description":null,"keywords":null,"keyphrases":null,"primary_term":null,"canonical_url":null,"og_title":null,"og_description":null,"og_object_type":"default","og_image_type":"default","og_image_url":null,"og_image_width":null,"og_image_height":null,"og_image_custom_url":null,"og_image_custom_fields":null,"og_video":null,"og_custom_url":null,"og_article_section":null,"og_article_tags":null,"twitter_use_og":false,"twitter_card":"default","twitter_image_type":"default","twitter_image_url":null,"twitter_image_custom_url":null,"twitter_image_custom_fields":null,"twitter_title":null,"twitter_description":null,"schema":{"blockGraphs":[],"customGraphs":[],"default":{"data":{"Article":[],"Course":[],"Dataset":[],"FAQPage":[],"Movie":[],"Person":[],"Product":[],"ProductReview":[],"Car":[],"Recipe":[],"Service":[],"SoftwareApplication":[],"WebPage":[]},"graphName":"","isEnabled":true},"graphs":[],"defaultGraph":"","defaultPostTypeGraph":""},"schema_type":null,"schema_type_options":null,"pillar_content":false,"robots_default":true,"robots_noindex":false,"robots_noarchive":false,"robots_nosnippet":false,"robots_nofollow":false,"robots_noimageindex":false,"robots_noodp":false,"robots_notranslate":false,"robots_max_snippet":null,"robots_max_videopreview":null,"robots_max_imagepreview":"large","priority":null,"frequency":null,"location":null,"local_seo":null,"breadcrumb_settings":null,"limit_modified_date":false,"ai":null,"created":"2020-12-20 20:21:53","updated":"2025-07-20 02:01:09","seo_analyzer_scan_date":null,"focus_keyword":null,"additional_keywords":null,"truseo_locale":null},"jetpack_sharing_enabled":true,"jetpack-related-posts":[{"id":13239,"url":"https:\/\/www.jornalja.com.br\/arquivo\/conselho-desdenha-do-plano-diretor\/","url_meta":{"origin":56773,"position":0},"title":"Porto Alegre: Conselho detona Plano Diretor","author":"Patr\u00edcia Marini","date":"25 de maio de 2014","format":false,"excerpt":"Den\u00fancia do arquiteto e \u00a0urbanista Ibir\u00e1 Santos Lucas. Ele diz que os conselheiros est\u00e3o votando com \"enorme irresponsabilidade\". \"Mudam regime com a maior naturalidade,,,regularizam absurdos de constru\u00e7\u00f5es irregulares... \"O CMDUA est\u00e1 flexibilizando a lei do plano diretor, de uma forma impactante na vida da cidade. Mudam regime com a maior\u2026","rel":"","context":"Em &quot;Geral&quot;","block_context":{"text":"Geral","link":"https:\/\/www.jornalja.com.br\/arquivo\/category\/geral\/"},"img":{"alt_text":"","src":"","width":0,"height":0},"classes":[]},{"id":13240,"url":"https:\/\/www.jornalja.com.br\/arquivo\/plano-diretor-estamos-construindo-o-caos\/","url_meta":{"origin":56773,"position":1},"title":"Plano diretor: &quot;Estamos construindo o caos&quot;","author":"Patr\u00edcia Marini","date":"26 de maio de 2014","format":false,"excerpt":"Desabafo que arquiteta Eliana Castilhos, delegada da Regi\u00e3o de Planejamento 1, postou nas redes sociais \u00e9 um testemunho do ambiente que se criou no Conselho do Plano Diretor de Porto Alegre, onde a aprova\u00e7\u00e3o de grandes empreendimentos \u00e9 empurrada guela abaixo dos conselheiros. Ao CMDUA Como delegada da Regi\u00e3o de\u2026","rel":"","context":"Em &quot;Geral&quot;","block_context":{"text":"Geral","link":"https:\/\/www.jornalja.com.br\/arquivo\/category\/geral\/"},"img":{"alt_text":"","src":"","width":0,"height":0},"classes":[]},{"id":5440,"url":"https:\/\/www.jornalja.com.br\/arquivo\/casarao-da-venancio-destino-permanece-incerto\/","url_meta":{"origin":56773,"position":2},"title":"Estado ainda n\u00e3o sabe o que fazer com casar\u00e3o abandonado h\u00e1 20 anos","author":"Elmar Bones","date":"6 de julho de 2009","format":false,"excerpt":"O casar\u00e3o amarelo, numa esquina nobre de Porto Alegre (Ven\u00e2ncio Aires com Jo\u00e3o Pessoa), j\u00e1 abrigou uma escola. H\u00e1 duas d\u00e9cadas, pelo menos, est\u00e1 abandonado, porque seu propriet\u00e1rio, o governo do Estado do Rio Grande do Sul, n\u00e3o consegue achar um destino para ele. Planos n\u00e3o faltaram. O governador Ol\u00edvio\u2026","rel":"","context":"Em &quot;X.Categorias velhas&quot;","block_context":{"text":"X.Categorias velhas","link":"https:\/\/www.jornalja.com.br\/arquivo\/category\/x-categorias-velhas\/"},"img":{"alt_text":"geraldo1","src":"https:\/\/i0.wp.com\/www.jornalja.com.br\/wp-content\/uploads\/2009\/07\/geraldo1.jpg?resize=350%2C200&ssl=1","width":350,"height":200},"classes":[]},{"id":13124,"url":"https:\/\/www.jornalja.com.br\/arquivo\/sangue-latino-no-iecine\/","url_meta":{"origin":56773,"position":3},"title":"Sangue latino no IECINE","author":"da Reda\u00e7\u00e3o","date":"18 de maio de 2014","format":false,"excerpt":"Francisco Ribeiro O Instituto Estadual de Cinema (IECINE) tem a frente, desde abril \u00faltimo, um novo diretor, o cineasta colombiano Juan Zapata, 36, que substitui Luiz Alberto Cassol. Radicado h\u00e1 dez anos em Porto Alegre, Zapata tem diante de si o desafio de conduzir at\u00e9 o final do ano um\u2026","rel":"","context":"Em &quot;Cultura-Geral&quot;","block_context":{"text":"Cultura-Geral","link":"https:\/\/www.jornalja.com.br\/arquivo\/category\/materiasecundaria\/"},"img":{"alt_text":"","src":"","width":0,"height":0},"classes":[]},{"id":12960,"url":"https:\/\/www.jornalja.com.br\/arquivo\/populacao-culpa-empresas-pela-greve-dos-rodoviarios\/","url_meta":{"origin":56773,"position":4},"title":"Popula\u00e7\u00e3o culpa empresas pela greve","author":"Patr\u00edcia Marini","date":"14 de fevereiro de 2014","format":false,"excerpt":"Pesquisa divulgada na edi\u00e7\u00e3o do jornal Metro desta sexta-feira,14, comprova o velho ditado: \u00e9 poss\u00edvel enganar muitos por algum tempo, mas n\u00e3o \u00e9 poss\u00edvel enganar a todos o tempo inteiro. A principal revela\u00e7\u00e3o foi que 59,8% dos entrevistados apontaram as empresas como as principais respons\u00e1veis pela grave e 46% culparam\u2026","rel":"","context":"Em &quot;X.Categorias velhas&quot;","block_context":{"text":"X.Categorias velhas","link":"https:\/\/www.jornalja.com.br\/arquivo\/category\/x-categorias-velhas\/"},"img":{"alt_text":"","src":"","width":0,"height":0},"classes":[]},{"id":14241,"url":"https:\/\/www.jornalja.com.br\/arquivo\/o-guaiba-nas-imagens-poeticas-de-achutti\/","url_meta":{"origin":56773,"position":5},"title":"O Gua\u00edba nas imagens po\u00e9ticas de Achutti","author":"da Reda\u00e7\u00e3o","date":"18 de junho de 2014","format":false,"excerpt":"Em \u201cO Gua\u00edba por Achutti\u201d \u2013 obra financiada via Minist\u00e9rio da Cultura, produ\u00e7\u00e3o executiva de Pedro Longhi, e Fl\u00e1vio Wild como designer \u2013, o fot\u00f3grafo revela a beleza e as mazelas de um espa\u00e7o aqu\u00e1tico de \u00e1guas sempre renovadas, cheio de hist\u00f3rias e lendas como as das cidades que foram\u2026","rel":"","context":"Em &quot;Cultura-Geral&quot;","block_context":{"text":"Cultura-Geral","link":"https:\/\/www.jornalja.com.br\/arquivo\/category\/materiasecundaria\/"},"img":{"alt_text":"","src":"","width":0,"height":0},"classes":[]}],"jetpack_shortlink":"https:\/\/wp.me\/pbQjBd-eLH","jetpack_featured_media_url":"","_links":{"self":[{"href":"https:\/\/www.jornalja.com.br\/arquivo\/wp-json\/wp\/v2\/posts\/56773","targetHints":{"allow":["GET"]}}],"collection":[{"href":"https:\/\/www.jornalja.com.br\/arquivo\/wp-json\/wp\/v2\/posts"}],"about":[{"href":"https:\/\/www.jornalja.com.br\/arquivo\/wp-json\/wp\/v2\/types\/post"}],"author":[{"embeddable":true,"href":"https:\/\/www.jornalja.com.br\/arquivo\/wp-json\/wp\/v2\/users\/4"}],"replies":[{"embeddable":true,"href":"https:\/\/www.jornalja.com.br\/arquivo\/wp-json\/wp\/v2\/comments?post=56773"}],"version-history":[{"count":0,"href":"https:\/\/www.jornalja.com.br\/arquivo\/wp-json\/wp\/v2\/posts\/56773\/revisions"}],"wp:attachment":[{"href":"https:\/\/www.jornalja.com.br\/arquivo\/wp-json\/wp\/v2\/media?parent=56773"}],"wp:term":[{"taxonomy":"category","embeddable":true,"href":"https:\/\/www.jornalja.com.br\/arquivo\/wp-json\/wp\/v2\/categories?post=56773"},{"taxonomy":"post_tag","embeddable":true,"href":"https:\/\/www.jornalja.com.br\/arquivo\/wp-json\/wp\/v2\/tags?post=56773"}],"curies":[{"name":"wp","href":"https:\/\/api.w.org\/{rel}","templated":true}]}}