{"id":56791,"date":"2017-10-26T20:16:38","date_gmt":"2017-10-26T23:16:38","guid":{"rendered":"https:\/\/www.jornalja.com.br\/?p=56791"},"modified":"2017-10-26T20:16:38","modified_gmt":"2017-10-26T23:16:38","slug":"vereadores-avaliam-antecipar-relatorio-sobre-projetos-do-funcionalismo","status":"publish","type":"post","link":"https:\/\/www.jornalja.com.br\/arquivo\/vereadores-avaliam-antecipar-relatorio-sobre-projetos-do-funcionalismo\/","title":{"rendered":"Vereadores avaliam antecipar relat\u00f3rio sobre projetos do funcionalismo"},"content":{"rendered":"<p>Vereadores da Comiss\u00e3o Especial que analisa os projetos do prefeito Nelson Marchezan J\u00fanior que alteram o plano de carreira do funcionalismo p\u00fablico de Porto Alegre ir\u00e3o avaliar a antecipa\u00e7\u00e3o do relat\u00f3rio.<br \/>\nA ideia partiu do vereador Airto Ferronato (PSB), que na manh\u00e3 desta quinta-feira, 26\/10, durante uma reuni\u00e3o com servidores e outros vereadores, sugeriu a antecipa\u00e7\u00e3o do parecer. &#8220;Essa possibilidade \u00e9 para que se possa resolver essa quest\u00e3o da greve de uma vez&#8221;, justificou o parlamentar. A greve do funcionalismo completou 22 dias nesta quinta.<br \/>\nPara Ferronato, <a href=\"https:\/\/www.jornalja.com.br\/projetos-autorizam-parcelamento-de-salarios-e-alteram-gratificacoes-de-servidores-de-porto-alegre\/\">os projetos apresentados por Marchezan s\u00e3o pesados,<\/a> o que resultar\u00e1 em um relat\u00f3rio desfavor\u00e1vel \u00e0 aprova\u00e7\u00e3o. &#8220;Teria que mudar bastante para ser aprovado&#8221;, comentou.<br \/>\nA ideia ser\u00e1 sugerida ao presidente da Comiss\u00e3o Especial, o vereador Dr Thiago (DEM), que est\u00e1 de licen\u00e7a e n\u00e3o compareceu ao encontro. O relat\u00f3rio, para ser aprovado, dever\u00e1 ter vota\u00e7\u00e3o da maioria da comiss\u00e3o composta por doze parlamentares.<br \/>\nDurante a reuni\u00e3o, a Associa\u00e7\u00e3o dos Procuradores do Munic\u00edpio de Porto Alegre (Ampa) apresentou quais seriam as perdas caso os projetos sejam aceitos.<br \/>\nA an\u00e1lise realizada por um grupo de trabalho formado por representantes das entidades dos servidores apontou um impacto negativo nos sal\u00e1rios do funcionalismo, em m\u00e9dia, de 20% a 30%.<br \/>\nA vereadora Fernanda Melchionna (Psol), que presidiu a reuni\u00e3o, avalia com bons olhos a antecipa\u00e7\u00e3o do relat\u00f3rio. &#8220;S\u00e3o projetos que prejudicam os servidores e o servi\u00e7o p\u00fablico da cidade de Porto Alegre&#8221;, ressaltou a l\u00edder da oposi\u00e7\u00e3o. Melchionna ainda salientou que a Comiss\u00e3o j\u00e1 vem ouvindo os servidores e sindicatos dos diversos setores, o que j\u00e1 ajuda em uma antecipa\u00e7\u00e3o do parecer.<br \/>\n<span class=\"culturadestaque\">Impacto negativo sobre os sal\u00e1rios dos servidores (exemplos apresentados):<\/span><br \/>\n<strong>1) Cargos cuja exig\u00eancia \u00e9 n\u00edvel superior ou p\u00f3s-gradua\u00e7\u00e3o:<\/strong><br \/>\nProcurador Municipal:<br \/>\n&#8211; Remunera\u00e7\u00e3o bruta: R$ 25.988 &#8211; 25 anos &#8211; Perda: R$ 4.622 (18%)<br \/>\nProfessor (M5):<br \/>\n&#8211; Remunera\u00e7\u00e3o bruta: R$ 9.475,20 &#8211; 5 anos &#8211; Perda: R$ 4.584,37 (48%)<br \/>\nArquiteto:<br \/>\nRemunera\u00e7\u00e3o bruta: R$ 14.467,88 &#8211; 17 anos &#8211; Perda: R$ 4.160,42 (29%)<br \/>\n<strong>2) Cargos cuja exig\u00eancia \u00e9 de n\u00edvel m\u00e9dio o curso t\u00e9cnico:<\/strong><br \/>\nT\u00e9cnico de Enfermagem:<br \/>\n&#8211; Remunera\u00e7\u00e3o bruta: R$ 7.018,65 &#8211; 25 anos &#8211; Perda: R$ 1.620,50 (23,08%)<br \/>\nT\u00e9cnico de Controle Interno:<br \/>\n&#8211; Remunera\u00e7\u00e3o bruta: R$ 11.147,23 &#8211; 5 anos &#8211; Perda: R$ 2.310,75 (20,72%)<br \/>\n<strong>3) Cargos cuja exig\u00eancia \u00e9 de ensino fundamental ou outros:<\/strong><br \/>\nGuarda Municipal:<br \/>\n&#8211; Remunera\u00e7\u00e3o bruta: R$ 6.153,03\u00a0 &#8211; 29 anos &#8211; Perda: R$ 1.621,41 (26,35%)<br \/>\nMonitor:<br \/>\n&#8211; Remunera\u00e7\u00e3o bruta: R$ 2.833,64 &#8211; 7 anos &#8211; Perda: R$ 773,21 (27%)<br \/>\nMotorista:<br \/>\n&#8211; Remunera\u00e7\u00e3o bruta: R$ 3.043 &#8211; 7 anos &#8211; Perda: R$ 552,97 (18%)<br \/>\nAuxiliar de Servi\u00e7os Gerais:<br \/>\n&#8211; Remunera\u00e7\u00e3o bruta: R$ 2.597,18 &#8211; 28 anos &#8211; Perda: R$ 697,23 (27%)<br \/>\n&nbsp;<\/p>\n","protected":false},"excerpt":{"rendered":"<p>Vereadores da Comiss\u00e3o Especial que analisa os projetos do prefeito Nelson Marchezan J\u00fanior que alteram o plano de carreira do funcionalismo p\u00fablico de Porto Alegre ir\u00e3o avaliar a antecipa\u00e7\u00e3o do relat\u00f3rio. A ideia partiu do vereador Airto Ferronato (PSB), que na manh\u00e3 desta quinta-feira, 26\/10, durante uma reuni\u00e3o com servidores e outros vereadores, sugeriu a [&hellip;]<\/p>\n","protected":false},"author":4,"featured_media":56793,"comment_status":"open","ping_status":"closed","sticky":false,"template":"","format":"standard","meta":{"_jetpack_newsletter_access":"","_jetpack_dont_email_post_to_subs":false,"_jetpack_newsletter_tier_id":0,"_jetpack_memberships_contains_paywalled_content":false,"_jetpack_feature_clip_id":0,"_jetpack_memberships_contains_paid_content":false,"footnotes":"","jetpack_post_was_ever_published":false},"categories":[26],"tags":[],"class_list":["post-56791","post","type-post","status-publish","format-standard","has-post-thumbnail","hentry","category-geral"],"aioseo_notices":[],"aioseo_head":"\n\t\t<!-- All in One SEO 5.0.1.1 - aioseo.com -->\n\t<meta name=\"robots\" content=\"max-image-preview:large\" \/>\n\t<meta name=\"author\" content=\"da Reda\u00e7\u00e3o\"\/>\n\t<link rel=\"canonical\" href=\"https:\/\/www.jornalja.com.br\/arquivo\/vereadores-avaliam-antecipar-relatorio-sobre-projetos-do-funcionalismo\/\" \/>\n\t<meta name=\"generator\" content=\"All in One SEO (AIOSEO) 5.0.1.1\" \/>\n\t\t<meta property=\"og:locale\" content=\"pt_BR\" \/>\n\t\t<meta property=\"og:site_name\" content=\"Arquivo | Jornal J\u00c1 | Porto Alegre\" \/>\n\t\t<meta property=\"og:type\" content=\"article\" \/>\n\t\t<meta property=\"og:title\" content=\"Vereadores avaliam antecipar relat\u00f3rio sobre projetos do funcionalismo | Arquivo\" \/>\n\t\t<meta property=\"og:url\" content=\"https:\/\/www.jornalja.com.br\/arquivo\/vereadores-avaliam-antecipar-relatorio-sobre-projetos-do-funcionalismo\/\" \/>\n\t\t<meta property=\"og:image\" content=\"https:\/\/www.jornalja.com.br\/economics\/wp-content\/uploads\/sites\/11\/2026\/08\/ja-folhaderosto-facebook.jpg\" \/>\n\t\t<meta property=\"og:image:secure_url\" content=\"https:\/\/www.jornalja.com.br\/economics\/wp-content\/uploads\/sites\/11\/2026\/08\/ja-folhaderosto-facebook.jpg\" \/>\n\t\t<meta property=\"article:published_time\" content=\"2017-10-26T23:16:38+00:00\" \/>\n\t\t<meta property=\"article:modified_time\" content=\"2017-10-26T23:16:38+00:00\" \/>\n\t\t<meta name=\"twitter:card\" content=\"summary\" \/>\n\t\t<meta name=\"twitter:title\" content=\"Vereadores avaliam antecipar relat\u00f3rio sobre projetos do funcionalismo | Arquivo\" \/>\n\t\t<meta name=\"twitter:image\" content=\"https:\/\/www.jornalja.com.br\/economics\/wp-content\/uploads\/sites\/11\/2026\/08\/ja-folhaderosto-facebook.jpg\" \/>\n\t\t<script type=\"application\/ld+json\" class=\"aioseo-schema\">\n\t\t\t{\"@context\":\"https:\\\/\\\/schema.org\",\"@graph\":[{\"@type\":\"BlogPosting\",\"@id\":\"https:\\\/\\\/www.jornalja.com.br\\\/arquivo\\\/vereadores-avaliam-antecipar-relatorio-sobre-projetos-do-funcionalismo\\\/#blogposting\",\"name\":\"Vereadores avaliam antecipar relat\\u00f3rio sobre projetos do funcionalismo | Arquivo\",\"headline\":\"Vereadores avaliam antecipar relat\\u00f3rio sobre projetos do funcionalismo\",\"author\":{\"@id\":\"https:\\\/\\\/www.jornalja.com.br\\\/arquivo\\\/author\\\/daredacao\\\/#author\"},\"publisher\":{\"@id\":\"https:\\\/\\\/www.jornalja.com.br\\\/arquivo\\\/#organization\"},\"image\":{\"@type\":\"ImageObject\",\"url\":56793},\"datePublished\":\"2017-10-26T20:16:38-02:00\",\"dateModified\":\"2017-10-26T20:16:38-02:00\",\"inLanguage\":\"pt-BR\",\"mainEntityOfPage\":{\"@id\":\"https:\\\/\\\/www.jornalja.com.br\\\/arquivo\\\/vereadores-avaliam-antecipar-relatorio-sobre-projetos-do-funcionalismo\\\/#webpage\"},\"isPartOf\":{\"@id\":\"https:\\\/\\\/www.jornalja.com.br\\\/arquivo\\\/vereadores-avaliam-antecipar-relatorio-sobre-projetos-do-funcionalismo\\\/#webpage\"},\"articleSection\":\"Geral\"},{\"@type\":\"BreadcrumbList\",\"@id\":\"https:\\\/\\\/www.jornalja.com.br\\\/arquivo\\\/vereadores-avaliam-antecipar-relatorio-sobre-projetos-do-funcionalismo\\\/#breadcrumblist\",\"itemListElement\":[{\"@type\":\"ListItem\",\"@id\":\"https:\\\/\\\/www.jornalja.com.br\\\/arquivo#listItem\",\"position\":1,\"name\":\"Home\",\"item\":\"https:\\\/\\\/www.jornalja.com.br\\\/arquivo\",\"nextItem\":{\"@type\":\"ListItem\",\"@id\":\"https:\\\/\\\/www.jornalja.com.br\\\/arquivo\\\/category\\\/geral\\\/#listItem\",\"name\":\"Geral\"}},{\"@type\":\"ListItem\",\"@id\":\"https:\\\/\\\/www.jornalja.com.br\\\/arquivo\\\/category\\\/geral\\\/#listItem\",\"position\":2,\"name\":\"Geral\",\"item\":\"https:\\\/\\\/www.jornalja.com.br\\\/arquivo\\\/category\\\/geral\\\/\",\"nextItem\":{\"@type\":\"ListItem\",\"@id\":\"https:\\\/\\\/www.jornalja.com.br\\\/arquivo\\\/vereadores-avaliam-antecipar-relatorio-sobre-projetos-do-funcionalismo\\\/#listItem\",\"name\":\"Vereadores avaliam antecipar relat\\u00f3rio sobre projetos do funcionalismo\"},\"previousItem\":{\"@type\":\"ListItem\",\"@id\":\"https:\\\/\\\/www.jornalja.com.br\\\/arquivo#listItem\",\"name\":\"Home\"}},{\"@type\":\"ListItem\",\"@id\":\"https:\\\/\\\/www.jornalja.com.br\\\/arquivo\\\/vereadores-avaliam-antecipar-relatorio-sobre-projetos-do-funcionalismo\\\/#listItem\",\"position\":3,\"name\":\"Vereadores avaliam antecipar relat\\u00f3rio sobre projetos do funcionalismo\",\"previousItem\":{\"@type\":\"ListItem\",\"@id\":\"https:\\\/\\\/www.jornalja.com.br\\\/arquivo\\\/category\\\/geral\\\/#listItem\",\"name\":\"Geral\"}}]},{\"@type\":\"Organization\",\"@id\":\"https:\\\/\\\/www.jornalja.com.br\\\/arquivo\\\/#organization\",\"name\":\"Jornal J\\u00c1\",\"description\":\"Jornal J\\u00c1 | Porto Alegre\",\"url\":\"https:\\\/\\\/www.jornalja.com.br\\\/arquivo\\\/\",\"telephone\":\"+555133307272\",\"logo\":{\"@type\":\"ImageObject\",\"url\":\"https:\\\/\\\/www.jornalja.com.br\\\/wp-content\\\/uploads\\\/cards\\\/JAslogan.png\",\"@id\":\"https:\\\/\\\/www.jornalja.com.br\\\/arquivo\\\/vereadores-avaliam-antecipar-relatorio-sobre-projetos-do-funcionalismo\\\/#organizationLogo\"},\"image\":{\"@id\":\"https:\\\/\\\/www.jornalja.com.br\\\/arquivo\\\/vereadores-avaliam-antecipar-relatorio-sobre-projetos-do-funcionalismo\\\/#organizationLogo\"}},{\"@type\":\"Person\",\"@id\":\"https:\\\/\\\/www.jornalja.com.br\\\/arquivo\\\/author\\\/daredacao\\\/#author\",\"url\":\"https:\\\/\\\/www.jornalja.com.br\\\/arquivo\\\/author\\\/daredacao\\\/\",\"name\":\"da Reda\\u00e7\\u00e3o\",\"image\":{\"@type\":\"ImageObject\",\"@id\":\"https:\\\/\\\/www.jornalja.com.br\\\/arquivo\\\/vereadores-avaliam-antecipar-relatorio-sobre-projetos-do-funcionalismo\\\/#authorImage\",\"url\":\"https:\\\/\\\/secure.gravatar.com\\\/avatar\\\/469fd857d6605ad19919d27ed29d35a968a25f6e8fd9318356bbb7f57aae9c65?s=96&d=mm&r=g\",\"width\":96,\"height\":96,\"caption\":\"da Reda\\u00e7\\u00e3o\"}},{\"@type\":\"WebPage\",\"@id\":\"https:\\\/\\\/www.jornalja.com.br\\\/arquivo\\\/vereadores-avaliam-antecipar-relatorio-sobre-projetos-do-funcionalismo\\\/#webpage\",\"url\":\"https:\\\/\\\/www.jornalja.com.br\\\/arquivo\\\/vereadores-avaliam-antecipar-relatorio-sobre-projetos-do-funcionalismo\\\/\",\"name\":\"Vereadores avaliam antecipar relat\\u00f3rio sobre projetos do funcionalismo | Arquivo\",\"inLanguage\":\"pt-BR\",\"isPartOf\":{\"@id\":\"https:\\\/\\\/www.jornalja.com.br\\\/arquivo\\\/#website\"},\"breadcrumb\":{\"@id\":\"https:\\\/\\\/www.jornalja.com.br\\\/arquivo\\\/vereadores-avaliam-antecipar-relatorio-sobre-projetos-do-funcionalismo\\\/#breadcrumblist\"},\"author\":{\"@id\":\"https:\\\/\\\/www.jornalja.com.br\\\/arquivo\\\/author\\\/daredacao\\\/#author\"},\"creator\":{\"@id\":\"https:\\\/\\\/www.jornalja.com.br\\\/arquivo\\\/author\\\/daredacao\\\/#author\"},\"image\":{\"@type\":\"ImageObject\",\"url\":56793,\"@id\":\"https:\\\/\\\/www.jornalja.com.br\\\/arquivo\\\/vereadores-avaliam-antecipar-relatorio-sobre-projetos-do-funcionalismo\\\/#mainImage\"},\"primaryImageOfPage\":{\"@id\":\"https:\\\/\\\/www.jornalja.com.br\\\/arquivo\\\/vereadores-avaliam-antecipar-relatorio-sobre-projetos-do-funcionalismo\\\/#mainImage\"},\"datePublished\":\"2017-10-26T20:16:38-02:00\",\"dateModified\":\"2017-10-26T20:16:38-02:00\"},{\"@type\":\"WebSite\",\"@id\":\"https:\\\/\\\/www.jornalja.com.br\\\/arquivo\\\/#website\",\"url\":\"https:\\\/\\\/www.jornalja.com.br\\\/arquivo\\\/\",\"name\":\"Arquivo\",\"description\":\"Jornal J\\u00c1 | Porto Alegre\",\"inLanguage\":\"pt-BR\",\"publisher\":{\"@id\":\"https:\\\/\\\/www.jornalja.com.br\\\/arquivo\\\/#organization\"}}]}\n\t\t<\/script>\n\t\t<!-- All in One SEO -->\n\n","aioseo_head_json":{"title":"Vereadores avaliam antecipar relat\u00f3rio sobre projetos do funcionalismo | Arquivo","description":"","canonical_url":"https:\/\/www.jornalja.com.br\/arquivo\/vereadores-avaliam-antecipar-relatorio-sobre-projetos-do-funcionalismo\/","robots":"max-image-preview:large","keywords":"","webmasterTools":{"miscellaneous":""},"schema":{"@context":"https:\/\/schema.org","@graph":[{"@type":"BlogPosting","@id":"https:\/\/www.jornalja.com.br\/arquivo\/vereadores-avaliam-antecipar-relatorio-sobre-projetos-do-funcionalismo\/#blogposting","name":"Vereadores avaliam antecipar relat\u00f3rio sobre projetos do funcionalismo | Arquivo","headline":"Vereadores avaliam antecipar relat\u00f3rio sobre projetos do funcionalismo","author":{"@id":"https:\/\/www.jornalja.com.br\/arquivo\/author\/daredacao\/#author"},"publisher":{"@id":"https:\/\/www.jornalja.com.br\/arquivo\/#organization"},"image":{"@type":"ImageObject","url":56793},"datePublished":"2017-10-26T20:16:38-02:00","dateModified":"2017-10-26T20:16:38-02:00","inLanguage":"pt-BR","mainEntityOfPage":{"@id":"https:\/\/www.jornalja.com.br\/arquivo\/vereadores-avaliam-antecipar-relatorio-sobre-projetos-do-funcionalismo\/#webpage"},"isPartOf":{"@id":"https:\/\/www.jornalja.com.br\/arquivo\/vereadores-avaliam-antecipar-relatorio-sobre-projetos-do-funcionalismo\/#webpage"},"articleSection":"Geral"},{"@type":"BreadcrumbList","@id":"https:\/\/www.jornalja.com.br\/arquivo\/vereadores-avaliam-antecipar-relatorio-sobre-projetos-do-funcionalismo\/#breadcrumblist","itemListElement":[{"@type":"ListItem","@id":"https:\/\/www.jornalja.com.br\/arquivo#listItem","position":1,"name":"Home","item":"https:\/\/www.jornalja.com.br\/arquivo","nextItem":{"@type":"ListItem","@id":"https:\/\/www.jornalja.com.br\/arquivo\/category\/geral\/#listItem","name":"Geral"}},{"@type":"ListItem","@id":"https:\/\/www.jornalja.com.br\/arquivo\/category\/geral\/#listItem","position":2,"name":"Geral","item":"https:\/\/www.jornalja.com.br\/arquivo\/category\/geral\/","nextItem":{"@type":"ListItem","@id":"https:\/\/www.jornalja.com.br\/arquivo\/vereadores-avaliam-antecipar-relatorio-sobre-projetos-do-funcionalismo\/#listItem","name":"Vereadores avaliam antecipar relat\u00f3rio sobre projetos do funcionalismo"},"previousItem":{"@type":"ListItem","@id":"https:\/\/www.jornalja.com.br\/arquivo#listItem","name":"Home"}},{"@type":"ListItem","@id":"https:\/\/www.jornalja.com.br\/arquivo\/vereadores-avaliam-antecipar-relatorio-sobre-projetos-do-funcionalismo\/#listItem","position":3,"name":"Vereadores avaliam antecipar relat\u00f3rio sobre projetos do funcionalismo","previousItem":{"@type":"ListItem","@id":"https:\/\/www.jornalja.com.br\/arquivo\/category\/geral\/#listItem","name":"Geral"}}]},{"@type":"Organization","@id":"https:\/\/www.jornalja.com.br\/arquivo\/#organization","name":"Jornal J\u00c1","description":"Jornal J\u00c1 | Porto Alegre","url":"https:\/\/www.jornalja.com.br\/arquivo\/","telephone":"+555133307272","logo":{"@type":"ImageObject","url":"https:\/\/www.jornalja.com.br\/wp-content\/uploads\/cards\/JAslogan.png","@id":"https:\/\/www.jornalja.com.br\/arquivo\/vereadores-avaliam-antecipar-relatorio-sobre-projetos-do-funcionalismo\/#organizationLogo"},"image":{"@id":"https:\/\/www.jornalja.com.br\/arquivo\/vereadores-avaliam-antecipar-relatorio-sobre-projetos-do-funcionalismo\/#organizationLogo"}},{"@type":"Person","@id":"https:\/\/www.jornalja.com.br\/arquivo\/author\/daredacao\/#author","url":"https:\/\/www.jornalja.com.br\/arquivo\/author\/daredacao\/","name":"da Reda\u00e7\u00e3o","image":{"@type":"ImageObject","@id":"https:\/\/www.jornalja.com.br\/arquivo\/vereadores-avaliam-antecipar-relatorio-sobre-projetos-do-funcionalismo\/#authorImage","url":"https:\/\/secure.gravatar.com\/avatar\/469fd857d6605ad19919d27ed29d35a968a25f6e8fd9318356bbb7f57aae9c65?s=96&d=mm&r=g","width":96,"height":96,"caption":"da Reda\u00e7\u00e3o"}},{"@type":"WebPage","@id":"https:\/\/www.jornalja.com.br\/arquivo\/vereadores-avaliam-antecipar-relatorio-sobre-projetos-do-funcionalismo\/#webpage","url":"https:\/\/www.jornalja.com.br\/arquivo\/vereadores-avaliam-antecipar-relatorio-sobre-projetos-do-funcionalismo\/","name":"Vereadores avaliam antecipar relat\u00f3rio sobre projetos do funcionalismo | Arquivo","inLanguage":"pt-BR","isPartOf":{"@id":"https:\/\/www.jornalja.com.br\/arquivo\/#website"},"breadcrumb":{"@id":"https:\/\/www.jornalja.com.br\/arquivo\/vereadores-avaliam-antecipar-relatorio-sobre-projetos-do-funcionalismo\/#breadcrumblist"},"author":{"@id":"https:\/\/www.jornalja.com.br\/arquivo\/author\/daredacao\/#author"},"creator":{"@id":"https:\/\/www.jornalja.com.br\/arquivo\/author\/daredacao\/#author"},"image":{"@type":"ImageObject","url":56793,"@id":"https:\/\/www.jornalja.com.br\/arquivo\/vereadores-avaliam-antecipar-relatorio-sobre-projetos-do-funcionalismo\/#mainImage"},"primaryImageOfPage":{"@id":"https:\/\/www.jornalja.com.br\/arquivo\/vereadores-avaliam-antecipar-relatorio-sobre-projetos-do-funcionalismo\/#mainImage"},"datePublished":"2017-10-26T20:16:38-02:00","dateModified":"2017-10-26T20:16:38-02:00"},{"@type":"WebSite","@id":"https:\/\/www.jornalja.com.br\/arquivo\/#website","url":"https:\/\/www.jornalja.com.br\/arquivo\/","name":"Arquivo","description":"Jornal J\u00c1 | Porto Alegre","inLanguage":"pt-BR","publisher":{"@id":"https:\/\/www.jornalja.com.br\/arquivo\/#organization"}}]},"og:locale":"pt_BR","og:site_name":"Arquivo | Jornal J\u00c1 | Porto Alegre","og:type":"article","og:title":"Vereadores avaliam antecipar relat\u00f3rio sobre projetos do funcionalismo | Arquivo","og:url":"https:\/\/www.jornalja.com.br\/arquivo\/vereadores-avaliam-antecipar-relatorio-sobre-projetos-do-funcionalismo\/","og:image":"https:\/\/www.jornalja.com.br\/economics\/wp-content\/uploads\/sites\/11\/2026\/08\/ja-folhaderosto-facebook.jpg","og:image:secure_url":"https:\/\/www.jornalja.com.br\/economics\/wp-content\/uploads\/sites\/11\/2026\/08\/ja-folhaderosto-facebook.jpg","article:published_time":"2017-10-26T23:16:38+00:00","article:modified_time":"2017-10-26T23:16:38+00:00","twitter:card":"summary","twitter:title":"Vereadores avaliam antecipar relat\u00f3rio sobre projetos do funcionalismo | Arquivo","twitter:image":"https:\/\/www.jornalja.com.br\/economics\/wp-content\/uploads\/sites\/11\/2026\/08\/ja-folhaderosto-facebook.jpg"},"aioseo_meta_data":{"post_id":"56791","title":null,"description":null,"keywords":null,"keyphrases":null,"primary_term":null,"canonical_url":null,"og_title":null,"og_description":null,"og_object_type":"default","og_image_type":"default","og_image_url":null,"og_image_width":null,"og_image_height":null,"og_image_custom_url":null,"og_image_custom_fields":null,"og_video":null,"og_custom_url":null,"og_article_section":null,"og_article_tags":null,"twitter_use_og":false,"twitter_card":"default","twitter_image_type":"default","twitter_image_url":null,"twitter_image_custom_url":null,"twitter_image_custom_fields":null,"twitter_title":null,"twitter_description":null,"schema":{"blockGraphs":[],"customGraphs":[],"default":{"data":{"Article":[],"Course":[],"Dataset":[],"FAQPage":[],"Movie":[],"Person":[],"Product":[],"ProductReview":[],"Car":[],"Recipe":[],"Service":[],"SoftwareApplication":[],"WebPage":[]},"graphName":"","isEnabled":true},"graphs":[],"defaultGraph":"","defaultPostTypeGraph":""},"schema_type":null,"schema_type_options":null,"pillar_content":false,"robots_default":true,"robots_noindex":false,"robots_noarchive":false,"robots_nosnippet":false,"robots_nofollow":false,"robots_noimageindex":false,"robots_noodp":false,"robots_notranslate":false,"robots_max_snippet":null,"robots_max_videopreview":null,"robots_max_imagepreview":"large","priority":null,"frequency":null,"location":null,"local_seo":null,"breadcrumb_settings":null,"limit_modified_date":false,"ai":null,"created":"2020-12-20 20:21:53","updated":"2025-07-20 02:01:09","seo_analyzer_scan_date":null,"focus_keyword":null,"additional_keywords":null,"truseo_locale":null},"jetpack_sharing_enabled":true,"jetpack-related-posts":[{"id":12960,"url":"https:\/\/www.jornalja.com.br\/arquivo\/populacao-culpa-empresas-pela-greve-dos-rodoviarios\/","url_meta":{"origin":56791,"position":0},"title":"Popula\u00e7\u00e3o culpa empresas pela greve","author":"Patr\u00edcia Marini","date":"14 de fevereiro de 2014","format":false,"excerpt":"Pesquisa divulgada na edi\u00e7\u00e3o do jornal Metro desta sexta-feira,14, comprova o velho ditado: \u00e9 poss\u00edvel enganar muitos por algum tempo, mas n\u00e3o \u00e9 poss\u00edvel enganar a todos o tempo inteiro. A principal revela\u00e7\u00e3o foi que 59,8% dos entrevistados apontaram as empresas como as principais respons\u00e1veis pela grave e 46% culparam\u2026","rel":"","context":"Em &quot;X.Categorias velhas&quot;","block_context":{"text":"X.Categorias velhas","link":"https:\/\/www.jornalja.com.br\/arquivo\/category\/x-categorias-velhas\/"},"img":{"alt_text":"","src":"","width":0,"height":0},"classes":[]},{"id":13240,"url":"https:\/\/www.jornalja.com.br\/arquivo\/plano-diretor-estamos-construindo-o-caos\/","url_meta":{"origin":56791,"position":1},"title":"Plano diretor: &quot;Estamos construindo o caos&quot;","author":"Patr\u00edcia Marini","date":"26 de maio de 2014","format":false,"excerpt":"Desabafo que arquiteta Eliana Castilhos, delegada da Regi\u00e3o de Planejamento 1, postou nas redes sociais \u00e9 um testemunho do ambiente que se criou no Conselho do Plano Diretor de Porto Alegre, onde a aprova\u00e7\u00e3o de grandes empreendimentos \u00e9 empurrada guela abaixo dos conselheiros. Ao CMDUA Como delegada da Regi\u00e3o de\u2026","rel":"","context":"Em &quot;Geral&quot;","block_context":{"text":"Geral","link":"https:\/\/www.jornalja.com.br\/arquivo\/category\/geral\/"},"img":{"alt_text":"","src":"","width":0,"height":0},"classes":[]},{"id":13239,"url":"https:\/\/www.jornalja.com.br\/arquivo\/conselho-desdenha-do-plano-diretor\/","url_meta":{"origin":56791,"position":2},"title":"Porto Alegre: Conselho detona Plano Diretor","author":"Patr\u00edcia Marini","date":"25 de maio de 2014","format":false,"excerpt":"Den\u00fancia do arquiteto e \u00a0urbanista Ibir\u00e1 Santos Lucas. Ele diz que os conselheiros est\u00e3o votando com \"enorme irresponsabilidade\". \"Mudam regime com a maior naturalidade,,,regularizam absurdos de constru\u00e7\u00f5es irregulares... \"O CMDUA est\u00e1 flexibilizando a lei do plano diretor, de uma forma impactante na vida da cidade. Mudam regime com a maior\u2026","rel":"","context":"Em &quot;Geral&quot;","block_context":{"text":"Geral","link":"https:\/\/www.jornalja.com.br\/arquivo\/category\/geral\/"},"img":{"alt_text":"","src":"","width":0,"height":0},"classes":[]},{"id":14241,"url":"https:\/\/www.jornalja.com.br\/arquivo\/o-guaiba-nas-imagens-poeticas-de-achutti\/","url_meta":{"origin":56791,"position":3},"title":"O Gua\u00edba nas imagens po\u00e9ticas de Achutti","author":"da Reda\u00e7\u00e3o","date":"18 de junho de 2014","format":false,"excerpt":"Em \u201cO Gua\u00edba por Achutti\u201d \u2013 obra financiada via Minist\u00e9rio da Cultura, produ\u00e7\u00e3o executiva de Pedro Longhi, e Fl\u00e1vio Wild como designer \u2013, o fot\u00f3grafo revela a beleza e as mazelas de um espa\u00e7o aqu\u00e1tico de \u00e1guas sempre renovadas, cheio de hist\u00f3rias e lendas como as das cidades que foram\u2026","rel":"","context":"Em &quot;Cultura-Geral&quot;","block_context":{"text":"Cultura-Geral","link":"https:\/\/www.jornalja.com.br\/arquivo\/category\/materiasecundaria\/"},"img":{"alt_text":"","src":"","width":0,"height":0},"classes":[]},{"id":13124,"url":"https:\/\/www.jornalja.com.br\/arquivo\/sangue-latino-no-iecine\/","url_meta":{"origin":56791,"position":4},"title":"Sangue latino no IECINE","author":"da Reda\u00e7\u00e3o","date":"18 de maio de 2014","format":false,"excerpt":"Francisco Ribeiro O Instituto Estadual de Cinema (IECINE) tem a frente, desde abril \u00faltimo, um novo diretor, o cineasta colombiano Juan Zapata, 36, que substitui Luiz Alberto Cassol. Radicado h\u00e1 dez anos em Porto Alegre, Zapata tem diante de si o desafio de conduzir at\u00e9 o final do ano um\u2026","rel":"","context":"Em &quot;Cultura-Geral&quot;","block_context":{"text":"Cultura-Geral","link":"https:\/\/www.jornalja.com.br\/arquivo\/category\/materiasecundaria\/"},"img":{"alt_text":"","src":"","width":0,"height":0},"classes":[]},{"id":13109,"url":"https:\/\/www.jornalja.com.br\/arquivo\/judiciario-reconhece-poluicao-eletromagnetica\/","url_meta":{"origin":56791,"position":5},"title":"Judici\u00e1rio reconhece polui\u00e7\u00e3o eletromagn\u00e9tica","author":"Patr\u00edcia Marini","date":"16 de maio de 2014","format":false,"excerpt":"A\u00e7\u00e3o de duas associa\u00e7\u00f5es de moradores foi acolhida pelo Tribunal de Justi\u00e7a de S\u00e3o Paulo que. em decis\u00e3o in\u00e9dita, determinou a redu\u00e7\u00e3o do campo eletromagn\u00e9tico gerado pelas linhas de transmiss\u00e3o de energia que cortam os bairros City Boa\u00e7ava e Alto de Pinheiros. \u00c9 a primeira vez que um tribunal do\u2026","rel":"","context":"Em &quot;X.Categorias velhas&quot;","block_context":{"text":"X.Categorias velhas","link":"https:\/\/www.jornalja.com.br\/arquivo\/category\/x-categorias-velhas\/"},"img":{"alt_text":"","src":"","width":0,"height":0},"classes":[]}],"jetpack_shortlink":"https:\/\/wp.me\/pbQjBd-eLZ","jetpack_featured_media_url":"","_links":{"self":[{"href":"https:\/\/www.jornalja.com.br\/arquivo\/wp-json\/wp\/v2\/posts\/56791","targetHints":{"allow":["GET"]}}],"collection":[{"href":"https:\/\/www.jornalja.com.br\/arquivo\/wp-json\/wp\/v2\/posts"}],"about":[{"href":"https:\/\/www.jornalja.com.br\/arquivo\/wp-json\/wp\/v2\/types\/post"}],"author":[{"embeddable":true,"href":"https:\/\/www.jornalja.com.br\/arquivo\/wp-json\/wp\/v2\/users\/4"}],"replies":[{"embeddable":true,"href":"https:\/\/www.jornalja.com.br\/arquivo\/wp-json\/wp\/v2\/comments?post=56791"}],"version-history":[{"count":0,"href":"https:\/\/www.jornalja.com.br\/arquivo\/wp-json\/wp\/v2\/posts\/56791\/revisions"}],"wp:attachment":[{"href":"https:\/\/www.jornalja.com.br\/arquivo\/wp-json\/wp\/v2\/media?parent=56791"}],"wp:term":[{"taxonomy":"category","embeddable":true,"href":"https:\/\/www.jornalja.com.br\/arquivo\/wp-json\/wp\/v2\/categories?post=56791"},{"taxonomy":"post_tag","embeddable":true,"href":"https:\/\/www.jornalja.com.br\/arquivo\/wp-json\/wp\/v2\/tags?post=56791"}],"curies":[{"name":"wp","href":"https:\/\/api.w.org\/{rel}","templated":true}]}}