{"id":56857,"date":"2017-10-28T14:49:59","date_gmt":"2017-10-28T17:49:59","guid":{"rendered":"https:\/\/www.jornalja.com.br\/?p=56857"},"modified":"2017-10-28T14:49:59","modified_gmt":"2017-10-28T17:49:59","slug":"frente-juridica-em-defesa-das-fundacoes-recorre-ao-stf-contra-decisao-de-gilmar-mendes","status":"publish","type":"post","link":"https:\/\/www.jornalja.com.br\/arquivo\/frente-juridica-em-defesa-das-fundacoes-recorre-ao-stf-contra-decisao-de-gilmar-mendes\/","title":{"rendered":"Frente Jur\u00eddica em Defesa das Funda\u00e7\u00f5es recorre ao STF contra decis\u00e3o de Gilmar Mendes"},"content":{"rendered":"<p>O Sindicato dos Engenheiros do Rio Grande do Sul (Senge-RS) e o Sindicato dos Empregados em Empresas de Assessoramento, Per\u00edcias, Informa\u00e7\u00f5es e Pesquisas e de Funda\u00e7\u00f5es Estaduais (Semapi), ambos integrantes da Frente Jur\u00eddica em Defesa dos Funda\u00e7\u00f5es, recorreram na sexta-feira, 27\/10, ao Supremo Tribunal Federal (STF) contra a liminar do ministro Gilmar Mendes que suspendeu as negocia\u00e7\u00f5es trabalhistas com os servidores das funda\u00e7\u00f5es.<br \/>\nA decis\u00e3o de Gilmar Mendes, atendendo pedido da\u00a0Procuradoria-Geral do Estado (PGE), ocorreu no dia 10 de outubro e interferiu em todas decis\u00f5es judiciais do Tribunal Regional do Trabalho da 4\u00aa Regi\u00e3o relacionadas a negocia\u00e7\u00e3o coletiva pr\u00e9via para concluir o processo de extin\u00e7\u00e3o de seis funda\u00e7\u00f5es p\u00fablicas: Zoobot\u00e2nica, Cientec, FEE, Piratini, FDRH e Metroplan; da Superintend\u00eancia de Portos e Hidrovias (SPH); e da Companhia Rio-Grandense de Artes Gr\u00e1ficas (Corag).<br \/>\nTamb\u00e9m interferiu no julgamento do Tribunal de Contas do Estado (TCE) que suspendeu o processo at\u00e9 a vota\u00e7\u00e3o no pleno do STF.<br \/>\nOs sindicatos, representados pelo escrit\u00f3rio RM Advogados, est\u00e3o requerendo no STF a admiss\u00e3o no processo da ADPF (Argui\u00e7\u00e3o de Descumprimento de Preceito Fundamental) n\u00ba 486\/RS, na qualidade de<em> Amici Curiae.<\/em>\u00a0Pedem que seja reconhecida a legitimidade das entidades sindicais nas negocia\u00e7\u00f5es coletivas e que, estas, sejam requisito para a dispensa em massa de trabalhadores.<br \/>\n<em>&#8220;Nesse sentido, atendidos os requisitos do artigo 138 do Novo C\u00f3digo de Processo Civil, requer-se a admiss\u00e3o no feito por parte do SENGE-RS e do SEMAPI\/RS, na condi\u00e7\u00e3o de amici curi\u00e6, com o consequente deferimento de suas participa\u00e7\u00f5es no processo, inclusive para fins de realiza\u00e7\u00e3o de sustenta\u00e7\u00e3o oral. <\/em><br \/>\n<em>Requer-se, outrossim, quanto ao m\u00e9rito, seja negado provimento \u00e0 Argui\u00e7\u00e3o de<\/em><br \/>\n<em>Descumprimento de Preceito Fundamental formulada pelo Governador do Estado do Rio Grande do Sul, de modo a se (i) manter a integridade das decis\u00f5es judiciais impugnadas e (ii) restabelecer o andamento dos processos em curso sobre a tem\u00e1tica em apre\u00e7o&#8221;<\/em>, conclui o recurso.<\/p>\n","protected":false},"excerpt":{"rendered":"<p>O Sindicato dos Engenheiros do Rio Grande do Sul (Senge-RS) e o Sindicato dos Empregados em Empresas de Assessoramento, Per\u00edcias, Informa\u00e7\u00f5es e Pesquisas e de Funda\u00e7\u00f5es Estaduais (Semapi), ambos integrantes da Frente Jur\u00eddica em Defesa dos Funda\u00e7\u00f5es, recorreram na sexta-feira, 27\/10, ao Supremo Tribunal Federal (STF) contra a liminar do ministro Gilmar Mendes que suspendeu [&hellip;]<\/p>\n","protected":false},"author":4,"featured_media":56858,"comment_status":"open","ping_status":"closed","sticky":false,"template":"","format":"standard","meta":{"_jetpack_newsletter_access":"","_jetpack_dont_email_post_to_subs":false,"_jetpack_newsletter_tier_id":0,"_jetpack_memberships_contains_paywalled_content":false,"_jetpack_feature_clip_id":0,"_jetpack_memberships_contains_paid_content":false,"footnotes":"","jetpack_post_was_ever_published":false},"categories":[26],"tags":[],"class_list":["post-56857","post","type-post","status-publish","format-standard","has-post-thumbnail","hentry","category-geral"],"aioseo_notices":[],"aioseo_head":"\n\t\t<!-- All in One SEO 5.0.1.1 - aioseo.com -->\n\t<meta name=\"robots\" content=\"max-image-preview:large\" \/>\n\t<meta name=\"author\" content=\"da Reda\u00e7\u00e3o\"\/>\n\t<link rel=\"canonical\" href=\"https:\/\/www.jornalja.com.br\/arquivo\/frente-juridica-em-defesa-das-fundacoes-recorre-ao-stf-contra-decisao-de-gilmar-mendes\/\" \/>\n\t<meta name=\"generator\" content=\"All in One SEO (AIOSEO) 5.0.1.1\" \/>\n\t\t<meta property=\"og:locale\" content=\"pt_BR\" \/>\n\t\t<meta property=\"og:site_name\" content=\"Arquivo | Jornal J\u00c1 | Porto Alegre\" \/>\n\t\t<meta property=\"og:type\" content=\"article\" \/>\n\t\t<meta property=\"og:title\" content=\"Frente Jur\u00eddica em Defesa das Funda\u00e7\u00f5es recorre ao STF contra decis\u00e3o de Gilmar Mendes | Arquivo\" \/>\n\t\t<meta property=\"og:url\" content=\"https:\/\/www.jornalja.com.br\/arquivo\/frente-juridica-em-defesa-das-fundacoes-recorre-ao-stf-contra-decisao-de-gilmar-mendes\/\" \/>\n\t\t<meta property=\"og:image\" content=\"https:\/\/www.jornalja.com.br\/economics\/wp-content\/uploads\/sites\/11\/2026\/08\/ja-folhaderosto-facebook.jpg\" \/>\n\t\t<meta property=\"og:image:secure_url\" content=\"https:\/\/www.jornalja.com.br\/economics\/wp-content\/uploads\/sites\/11\/2026\/08\/ja-folhaderosto-facebook.jpg\" \/>\n\t\t<meta property=\"article:published_time\" content=\"2017-10-28T17:49:59+00:00\" \/>\n\t\t<meta property=\"article:modified_time\" content=\"2017-10-28T17:49:59+00:00\" \/>\n\t\t<meta name=\"twitter:card\" content=\"summary\" \/>\n\t\t<meta name=\"twitter:title\" content=\"Frente Jur\u00eddica em Defesa das Funda\u00e7\u00f5es recorre ao STF contra decis\u00e3o de Gilmar Mendes | Arquivo\" \/>\n\t\t<meta name=\"twitter:image\" content=\"https:\/\/www.jornalja.com.br\/economics\/wp-content\/uploads\/sites\/11\/2026\/08\/ja-folhaderosto-facebook.jpg\" \/>\n\t\t<script type=\"application\/ld+json\" class=\"aioseo-schema\">\n\t\t\t{\"@context\":\"https:\\\/\\\/schema.org\",\"@graph\":[{\"@type\":\"BlogPosting\",\"@id\":\"https:\\\/\\\/www.jornalja.com.br\\\/arquivo\\\/frente-juridica-em-defesa-das-fundacoes-recorre-ao-stf-contra-decisao-de-gilmar-mendes\\\/#blogposting\",\"name\":\"Frente Jur\\u00eddica em Defesa das Funda\\u00e7\\u00f5es recorre ao STF contra decis\\u00e3o de Gilmar Mendes | Arquivo\",\"headline\":\"Frente Jur\\u00eddica em Defesa das Funda\\u00e7\\u00f5es recorre ao STF contra decis\\u00e3o de Gilmar Mendes\",\"author\":{\"@id\":\"https:\\\/\\\/www.jornalja.com.br\\\/arquivo\\\/author\\\/daredacao\\\/#author\"},\"publisher\":{\"@id\":\"https:\\\/\\\/www.jornalja.com.br\\\/arquivo\\\/#organization\"},\"image\":{\"@type\":\"ImageObject\",\"url\":56858},\"datePublished\":\"2017-10-28T14:49:59-02:00\",\"dateModified\":\"2017-10-28T14:49:59-02:00\",\"inLanguage\":\"pt-BR\",\"mainEntityOfPage\":{\"@id\":\"https:\\\/\\\/www.jornalja.com.br\\\/arquivo\\\/frente-juridica-em-defesa-das-fundacoes-recorre-ao-stf-contra-decisao-de-gilmar-mendes\\\/#webpage\"},\"isPartOf\":{\"@id\":\"https:\\\/\\\/www.jornalja.com.br\\\/arquivo\\\/frente-juridica-em-defesa-das-fundacoes-recorre-ao-stf-contra-decisao-de-gilmar-mendes\\\/#webpage\"},\"articleSection\":\"Geral\"},{\"@type\":\"BreadcrumbList\",\"@id\":\"https:\\\/\\\/www.jornalja.com.br\\\/arquivo\\\/frente-juridica-em-defesa-das-fundacoes-recorre-ao-stf-contra-decisao-de-gilmar-mendes\\\/#breadcrumblist\",\"itemListElement\":[{\"@type\":\"ListItem\",\"@id\":\"https:\\\/\\\/www.jornalja.com.br\\\/arquivo#listItem\",\"position\":1,\"name\":\"Home\",\"item\":\"https:\\\/\\\/www.jornalja.com.br\\\/arquivo\",\"nextItem\":{\"@type\":\"ListItem\",\"@id\":\"https:\\\/\\\/www.jornalja.com.br\\\/arquivo\\\/category\\\/geral\\\/#listItem\",\"name\":\"Geral\"}},{\"@type\":\"ListItem\",\"@id\":\"https:\\\/\\\/www.jornalja.com.br\\\/arquivo\\\/category\\\/geral\\\/#listItem\",\"position\":2,\"name\":\"Geral\",\"item\":\"https:\\\/\\\/www.jornalja.com.br\\\/arquivo\\\/category\\\/geral\\\/\",\"nextItem\":{\"@type\":\"ListItem\",\"@id\":\"https:\\\/\\\/www.jornalja.com.br\\\/arquivo\\\/frente-juridica-em-defesa-das-fundacoes-recorre-ao-stf-contra-decisao-de-gilmar-mendes\\\/#listItem\",\"name\":\"Frente Jur\\u00eddica em Defesa das Funda\\u00e7\\u00f5es recorre ao STF contra decis\\u00e3o de Gilmar Mendes\"},\"previousItem\":{\"@type\":\"ListItem\",\"@id\":\"https:\\\/\\\/www.jornalja.com.br\\\/arquivo#listItem\",\"name\":\"Home\"}},{\"@type\":\"ListItem\",\"@id\":\"https:\\\/\\\/www.jornalja.com.br\\\/arquivo\\\/frente-juridica-em-defesa-das-fundacoes-recorre-ao-stf-contra-decisao-de-gilmar-mendes\\\/#listItem\",\"position\":3,\"name\":\"Frente Jur\\u00eddica em Defesa das Funda\\u00e7\\u00f5es recorre ao STF contra decis\\u00e3o de Gilmar Mendes\",\"previousItem\":{\"@type\":\"ListItem\",\"@id\":\"https:\\\/\\\/www.jornalja.com.br\\\/arquivo\\\/category\\\/geral\\\/#listItem\",\"name\":\"Geral\"}}]},{\"@type\":\"Organization\",\"@id\":\"https:\\\/\\\/www.jornalja.com.br\\\/arquivo\\\/#organization\",\"name\":\"Jornal J\\u00c1\",\"description\":\"Jornal J\\u00c1 | Porto Alegre\",\"url\":\"https:\\\/\\\/www.jornalja.com.br\\\/arquivo\\\/\",\"telephone\":\"+555133307272\",\"logo\":{\"@type\":\"ImageObject\",\"url\":\"https:\\\/\\\/www.jornalja.com.br\\\/wp-content\\\/uploads\\\/cards\\\/JAslogan.png\",\"@id\":\"https:\\\/\\\/www.jornalja.com.br\\\/arquivo\\\/frente-juridica-em-defesa-das-fundacoes-recorre-ao-stf-contra-decisao-de-gilmar-mendes\\\/#organizationLogo\"},\"image\":{\"@id\":\"https:\\\/\\\/www.jornalja.com.br\\\/arquivo\\\/frente-juridica-em-defesa-das-fundacoes-recorre-ao-stf-contra-decisao-de-gilmar-mendes\\\/#organizationLogo\"}},{\"@type\":\"Person\",\"@id\":\"https:\\\/\\\/www.jornalja.com.br\\\/arquivo\\\/author\\\/daredacao\\\/#author\",\"url\":\"https:\\\/\\\/www.jornalja.com.br\\\/arquivo\\\/author\\\/daredacao\\\/\",\"name\":\"da Reda\\u00e7\\u00e3o\",\"image\":{\"@type\":\"ImageObject\",\"@id\":\"https:\\\/\\\/www.jornalja.com.br\\\/arquivo\\\/frente-juridica-em-defesa-das-fundacoes-recorre-ao-stf-contra-decisao-de-gilmar-mendes\\\/#authorImage\",\"url\":\"https:\\\/\\\/secure.gravatar.com\\\/avatar\\\/469fd857d6605ad19919d27ed29d35a968a25f6e8fd9318356bbb7f57aae9c65?s=96&d=mm&r=g\",\"width\":96,\"height\":96,\"caption\":\"da Reda\\u00e7\\u00e3o\"}},{\"@type\":\"WebPage\",\"@id\":\"https:\\\/\\\/www.jornalja.com.br\\\/arquivo\\\/frente-juridica-em-defesa-das-fundacoes-recorre-ao-stf-contra-decisao-de-gilmar-mendes\\\/#webpage\",\"url\":\"https:\\\/\\\/www.jornalja.com.br\\\/arquivo\\\/frente-juridica-em-defesa-das-fundacoes-recorre-ao-stf-contra-decisao-de-gilmar-mendes\\\/\",\"name\":\"Frente Jur\\u00eddica em Defesa das Funda\\u00e7\\u00f5es recorre ao STF contra decis\\u00e3o de Gilmar Mendes | Arquivo\",\"inLanguage\":\"pt-BR\",\"isPartOf\":{\"@id\":\"https:\\\/\\\/www.jornalja.com.br\\\/arquivo\\\/#website\"},\"breadcrumb\":{\"@id\":\"https:\\\/\\\/www.jornalja.com.br\\\/arquivo\\\/frente-juridica-em-defesa-das-fundacoes-recorre-ao-stf-contra-decisao-de-gilmar-mendes\\\/#breadcrumblist\"},\"author\":{\"@id\":\"https:\\\/\\\/www.jornalja.com.br\\\/arquivo\\\/author\\\/daredacao\\\/#author\"},\"creator\":{\"@id\":\"https:\\\/\\\/www.jornalja.com.br\\\/arquivo\\\/author\\\/daredacao\\\/#author\"},\"image\":{\"@type\":\"ImageObject\",\"url\":56858,\"@id\":\"https:\\\/\\\/www.jornalja.com.br\\\/arquivo\\\/frente-juridica-em-defesa-das-fundacoes-recorre-ao-stf-contra-decisao-de-gilmar-mendes\\\/#mainImage\"},\"primaryImageOfPage\":{\"@id\":\"https:\\\/\\\/www.jornalja.com.br\\\/arquivo\\\/frente-juridica-em-defesa-das-fundacoes-recorre-ao-stf-contra-decisao-de-gilmar-mendes\\\/#mainImage\"},\"datePublished\":\"2017-10-28T14:49:59-02:00\",\"dateModified\":\"2017-10-28T14:49:59-02:00\"},{\"@type\":\"WebSite\",\"@id\":\"https:\\\/\\\/www.jornalja.com.br\\\/arquivo\\\/#website\",\"url\":\"https:\\\/\\\/www.jornalja.com.br\\\/arquivo\\\/\",\"name\":\"Arquivo\",\"description\":\"Jornal J\\u00c1 | Porto Alegre\",\"inLanguage\":\"pt-BR\",\"publisher\":{\"@id\":\"https:\\\/\\\/www.jornalja.com.br\\\/arquivo\\\/#organization\"}}]}\n\t\t<\/script>\n\t\t<!-- All in One SEO -->\n\n","aioseo_head_json":{"title":"Frente Jur\u00eddica em Defesa das Funda\u00e7\u00f5es recorre ao STF contra decis\u00e3o de Gilmar Mendes | Arquivo","description":"","canonical_url":"https:\/\/www.jornalja.com.br\/arquivo\/frente-juridica-em-defesa-das-fundacoes-recorre-ao-stf-contra-decisao-de-gilmar-mendes\/","robots":"max-image-preview:large","keywords":"","webmasterTools":{"miscellaneous":""},"schema":{"@context":"https:\/\/schema.org","@graph":[{"@type":"BlogPosting","@id":"https:\/\/www.jornalja.com.br\/arquivo\/frente-juridica-em-defesa-das-fundacoes-recorre-ao-stf-contra-decisao-de-gilmar-mendes\/#blogposting","name":"Frente Jur\u00eddica em Defesa das Funda\u00e7\u00f5es recorre ao STF contra decis\u00e3o de Gilmar Mendes | Arquivo","headline":"Frente Jur\u00eddica em Defesa das Funda\u00e7\u00f5es recorre ao STF contra decis\u00e3o de Gilmar Mendes","author":{"@id":"https:\/\/www.jornalja.com.br\/arquivo\/author\/daredacao\/#author"},"publisher":{"@id":"https:\/\/www.jornalja.com.br\/arquivo\/#organization"},"image":{"@type":"ImageObject","url":56858},"datePublished":"2017-10-28T14:49:59-02:00","dateModified":"2017-10-28T14:49:59-02:00","inLanguage":"pt-BR","mainEntityOfPage":{"@id":"https:\/\/www.jornalja.com.br\/arquivo\/frente-juridica-em-defesa-das-fundacoes-recorre-ao-stf-contra-decisao-de-gilmar-mendes\/#webpage"},"isPartOf":{"@id":"https:\/\/www.jornalja.com.br\/arquivo\/frente-juridica-em-defesa-das-fundacoes-recorre-ao-stf-contra-decisao-de-gilmar-mendes\/#webpage"},"articleSection":"Geral"},{"@type":"BreadcrumbList","@id":"https:\/\/www.jornalja.com.br\/arquivo\/frente-juridica-em-defesa-das-fundacoes-recorre-ao-stf-contra-decisao-de-gilmar-mendes\/#breadcrumblist","itemListElement":[{"@type":"ListItem","@id":"https:\/\/www.jornalja.com.br\/arquivo#listItem","position":1,"name":"Home","item":"https:\/\/www.jornalja.com.br\/arquivo","nextItem":{"@type":"ListItem","@id":"https:\/\/www.jornalja.com.br\/arquivo\/category\/geral\/#listItem","name":"Geral"}},{"@type":"ListItem","@id":"https:\/\/www.jornalja.com.br\/arquivo\/category\/geral\/#listItem","position":2,"name":"Geral","item":"https:\/\/www.jornalja.com.br\/arquivo\/category\/geral\/","nextItem":{"@type":"ListItem","@id":"https:\/\/www.jornalja.com.br\/arquivo\/frente-juridica-em-defesa-das-fundacoes-recorre-ao-stf-contra-decisao-de-gilmar-mendes\/#listItem","name":"Frente Jur\u00eddica em Defesa das Funda\u00e7\u00f5es recorre ao STF contra decis\u00e3o de Gilmar Mendes"},"previousItem":{"@type":"ListItem","@id":"https:\/\/www.jornalja.com.br\/arquivo#listItem","name":"Home"}},{"@type":"ListItem","@id":"https:\/\/www.jornalja.com.br\/arquivo\/frente-juridica-em-defesa-das-fundacoes-recorre-ao-stf-contra-decisao-de-gilmar-mendes\/#listItem","position":3,"name":"Frente Jur\u00eddica em Defesa das Funda\u00e7\u00f5es recorre ao STF contra decis\u00e3o de Gilmar Mendes","previousItem":{"@type":"ListItem","@id":"https:\/\/www.jornalja.com.br\/arquivo\/category\/geral\/#listItem","name":"Geral"}}]},{"@type":"Organization","@id":"https:\/\/www.jornalja.com.br\/arquivo\/#organization","name":"Jornal J\u00c1","description":"Jornal J\u00c1 | Porto Alegre","url":"https:\/\/www.jornalja.com.br\/arquivo\/","telephone":"+555133307272","logo":{"@type":"ImageObject","url":"https:\/\/www.jornalja.com.br\/wp-content\/uploads\/cards\/JAslogan.png","@id":"https:\/\/www.jornalja.com.br\/arquivo\/frente-juridica-em-defesa-das-fundacoes-recorre-ao-stf-contra-decisao-de-gilmar-mendes\/#organizationLogo"},"image":{"@id":"https:\/\/www.jornalja.com.br\/arquivo\/frente-juridica-em-defesa-das-fundacoes-recorre-ao-stf-contra-decisao-de-gilmar-mendes\/#organizationLogo"}},{"@type":"Person","@id":"https:\/\/www.jornalja.com.br\/arquivo\/author\/daredacao\/#author","url":"https:\/\/www.jornalja.com.br\/arquivo\/author\/daredacao\/","name":"da Reda\u00e7\u00e3o","image":{"@type":"ImageObject","@id":"https:\/\/www.jornalja.com.br\/arquivo\/frente-juridica-em-defesa-das-fundacoes-recorre-ao-stf-contra-decisao-de-gilmar-mendes\/#authorImage","url":"https:\/\/secure.gravatar.com\/avatar\/469fd857d6605ad19919d27ed29d35a968a25f6e8fd9318356bbb7f57aae9c65?s=96&d=mm&r=g","width":96,"height":96,"caption":"da Reda\u00e7\u00e3o"}},{"@type":"WebPage","@id":"https:\/\/www.jornalja.com.br\/arquivo\/frente-juridica-em-defesa-das-fundacoes-recorre-ao-stf-contra-decisao-de-gilmar-mendes\/#webpage","url":"https:\/\/www.jornalja.com.br\/arquivo\/frente-juridica-em-defesa-das-fundacoes-recorre-ao-stf-contra-decisao-de-gilmar-mendes\/","name":"Frente Jur\u00eddica em Defesa das Funda\u00e7\u00f5es recorre ao STF contra decis\u00e3o de Gilmar Mendes | Arquivo","inLanguage":"pt-BR","isPartOf":{"@id":"https:\/\/www.jornalja.com.br\/arquivo\/#website"},"breadcrumb":{"@id":"https:\/\/www.jornalja.com.br\/arquivo\/frente-juridica-em-defesa-das-fundacoes-recorre-ao-stf-contra-decisao-de-gilmar-mendes\/#breadcrumblist"},"author":{"@id":"https:\/\/www.jornalja.com.br\/arquivo\/author\/daredacao\/#author"},"creator":{"@id":"https:\/\/www.jornalja.com.br\/arquivo\/author\/daredacao\/#author"},"image":{"@type":"ImageObject","url":56858,"@id":"https:\/\/www.jornalja.com.br\/arquivo\/frente-juridica-em-defesa-das-fundacoes-recorre-ao-stf-contra-decisao-de-gilmar-mendes\/#mainImage"},"primaryImageOfPage":{"@id":"https:\/\/www.jornalja.com.br\/arquivo\/frente-juridica-em-defesa-das-fundacoes-recorre-ao-stf-contra-decisao-de-gilmar-mendes\/#mainImage"},"datePublished":"2017-10-28T14:49:59-02:00","dateModified":"2017-10-28T14:49:59-02:00"},{"@type":"WebSite","@id":"https:\/\/www.jornalja.com.br\/arquivo\/#website","url":"https:\/\/www.jornalja.com.br\/arquivo\/","name":"Arquivo","description":"Jornal J\u00c1 | Porto Alegre","inLanguage":"pt-BR","publisher":{"@id":"https:\/\/www.jornalja.com.br\/arquivo\/#organization"}}]},"og:locale":"pt_BR","og:site_name":"Arquivo | Jornal J\u00c1 | Porto Alegre","og:type":"article","og:title":"Frente Jur\u00eddica em Defesa das Funda\u00e7\u00f5es recorre ao STF contra decis\u00e3o de Gilmar Mendes | Arquivo","og:url":"https:\/\/www.jornalja.com.br\/arquivo\/frente-juridica-em-defesa-das-fundacoes-recorre-ao-stf-contra-decisao-de-gilmar-mendes\/","og:image":"https:\/\/www.jornalja.com.br\/economics\/wp-content\/uploads\/sites\/11\/2026\/08\/ja-folhaderosto-facebook.jpg","og:image:secure_url":"https:\/\/www.jornalja.com.br\/economics\/wp-content\/uploads\/sites\/11\/2026\/08\/ja-folhaderosto-facebook.jpg","article:published_time":"2017-10-28T17:49:59+00:00","article:modified_time":"2017-10-28T17:49:59+00:00","twitter:card":"summary","twitter:title":"Frente Jur\u00eddica em Defesa das Funda\u00e7\u00f5es recorre ao STF contra decis\u00e3o de Gilmar Mendes | Arquivo","twitter:image":"https:\/\/www.jornalja.com.br\/economics\/wp-content\/uploads\/sites\/11\/2026\/08\/ja-folhaderosto-facebook.jpg"},"aioseo_meta_data":{"post_id":"56857","title":null,"description":null,"keywords":null,"keyphrases":null,"primary_term":null,"canonical_url":null,"og_title":null,"og_description":null,"og_object_type":"default","og_image_type":"default","og_image_url":null,"og_image_width":null,"og_image_height":null,"og_image_custom_url":null,"og_image_custom_fields":null,"og_video":null,"og_custom_url":null,"og_article_section":null,"og_article_tags":null,"twitter_use_og":false,"twitter_card":"default","twitter_image_type":"default","twitter_image_url":null,"twitter_image_custom_url":null,"twitter_image_custom_fields":null,"twitter_title":null,"twitter_description":null,"schema":{"blockGraphs":[],"customGraphs":[],"default":{"data":{"Article":[],"Course":[],"Dataset":[],"FAQPage":[],"Movie":[],"Person":[],"Product":[],"ProductReview":[],"Car":[],"Recipe":[],"Service":[],"SoftwareApplication":[],"WebPage":[]},"graphName":"","isEnabled":true},"graphs":[],"defaultGraph":"","defaultPostTypeGraph":""},"schema_type":null,"schema_type_options":null,"pillar_content":false,"robots_default":true,"robots_noindex":false,"robots_noarchive":false,"robots_nosnippet":false,"robots_nofollow":false,"robots_noimageindex":false,"robots_noodp":false,"robots_notranslate":false,"robots_max_snippet":null,"robots_max_videopreview":null,"robots_max_imagepreview":"large","priority":null,"frequency":null,"location":null,"local_seo":null,"breadcrumb_settings":null,"limit_modified_date":false,"ai":null,"created":"2020-12-20 20:21:03","updated":"2025-07-20 02:05:34","seo_analyzer_scan_date":null,"focus_keyword":null,"additional_keywords":null,"truseo_locale":null},"jetpack_sharing_enabled":true,"jetpack-related-posts":[{"id":13109,"url":"https:\/\/www.jornalja.com.br\/arquivo\/judiciario-reconhece-poluicao-eletromagnetica\/","url_meta":{"origin":56857,"position":0},"title":"Judici\u00e1rio reconhece polui\u00e7\u00e3o eletromagn\u00e9tica","author":"Patr\u00edcia Marini","date":"16 de maio de 2014","format":false,"excerpt":"A\u00e7\u00e3o de duas associa\u00e7\u00f5es de moradores foi acolhida pelo Tribunal de Justi\u00e7a de S\u00e3o Paulo que. em decis\u00e3o in\u00e9dita, determinou a redu\u00e7\u00e3o do campo eletromagn\u00e9tico gerado pelas linhas de transmiss\u00e3o de energia que cortam os bairros City Boa\u00e7ava e Alto de Pinheiros. \u00c9 a primeira vez que um tribunal do\u2026","rel":"","context":"Em &quot;X.Categorias velhas&quot;","block_context":{"text":"X.Categorias velhas","link":"https:\/\/www.jornalja.com.br\/arquivo\/category\/x-categorias-velhas\/"},"img":{"alt_text":"","src":"","width":0,"height":0},"classes":[]},{"id":1280,"url":"https:\/\/www.jornalja.com.br\/arquivo\/o-menino-que-se-tornou-brizola\/","url_meta":{"origin":56857,"position":1},"title":"O Menino que se Tornou Brizola","author":"da Reda\u00e7\u00e3o","date":"28 de julho de 2008","format":false,"excerpt":"Autor: Cleber Dioni A vida de Leonel Brizola, com \u00eanfase para os primeiros anos em Porto Alegre, at\u00e9 o ex\u00edlio no Uruguai e a volta, quinze anos depois. \u00a0\"...\u00c9ramos todos jovens e nos identific\u00e1vamos com aquela massa an\u00f4nima a percorrer as ruas de Porto Alegre, gritando 'Get\u00falio', 'Get\u00falio' e empunhando\u2026","rel":"","context":"Em &quot;Livros&quot;","block_context":{"text":"Livros","link":"https:\/\/www.jornalja.com.br\/arquivo\/category\/livros\/"},"img":{"alt_text":"","src":"https:\/\/i0.wp.com\/www.jornalja.com.br\/wp-content\/uploads\/2008\/07\/brizola.gif?resize=350%2C200&ssl=1","width":350,"height":200},"classes":[]},{"id":5440,"url":"https:\/\/www.jornalja.com.br\/arquivo\/casarao-da-venancio-destino-permanece-incerto\/","url_meta":{"origin":56857,"position":2},"title":"Estado ainda n\u00e3o sabe o que fazer com casar\u00e3o abandonado h\u00e1 20 anos","author":"Elmar Bones","date":"6 de julho de 2009","format":false,"excerpt":"O casar\u00e3o amarelo, numa esquina nobre de Porto Alegre (Ven\u00e2ncio Aires com Jo\u00e3o Pessoa), j\u00e1 abrigou uma escola. H\u00e1 duas d\u00e9cadas, pelo menos, est\u00e1 abandonado, porque seu propriet\u00e1rio, o governo do Estado do Rio Grande do Sul, n\u00e3o consegue achar um destino para ele. Planos n\u00e3o faltaram. O governador Ol\u00edvio\u2026","rel":"","context":"Em &quot;X.Categorias velhas&quot;","block_context":{"text":"X.Categorias velhas","link":"https:\/\/www.jornalja.com.br\/arquivo\/category\/x-categorias-velhas\/"},"img":{"alt_text":"geraldo1","src":"https:\/\/i0.wp.com\/www.jornalja.com.br\/wp-content\/uploads\/2009\/07\/geraldo1.jpg?resize=350%2C200&ssl=1","width":350,"height":200},"classes":[]},{"id":13124,"url":"https:\/\/www.jornalja.com.br\/arquivo\/sangue-latino-no-iecine\/","url_meta":{"origin":56857,"position":3},"title":"Sangue latino no IECINE","author":"da Reda\u00e7\u00e3o","date":"18 de maio de 2014","format":false,"excerpt":"Francisco Ribeiro O Instituto Estadual de Cinema (IECINE) tem a frente, desde abril \u00faltimo, um novo diretor, o cineasta colombiano Juan Zapata, 36, que substitui Luiz Alberto Cassol. Radicado h\u00e1 dez anos em Porto Alegre, Zapata tem diante de si o desafio de conduzir at\u00e9 o final do ano um\u2026","rel":"","context":"Em &quot;Cultura-Geral&quot;","block_context":{"text":"Cultura-Geral","link":"https:\/\/www.jornalja.com.br\/arquivo\/category\/materiasecundaria\/"},"img":{"alt_text":"","src":"","width":0,"height":0},"classes":[]},{"id":13128,"url":"https:\/\/www.jornalja.com.br\/arquivo\/maconha-terra-diz-que-uso-medicinal-e-desculpa\/","url_meta":{"origin":56857,"position":4},"title":"Maconha: Terra diz que uso medicinal \u00e9 desculpa","author":"Patr\u00edcia Marini","date":"4 de junho de 2014","format":false,"excerpt":"A condi\u00e7\u00e3o de pol\u00edtico, em \u00e9poca de campanha de campanha eleitoral, tira for\u00e7a do discurso do m\u00e9dico Osmar Terra contra a legaliza\u00e7\u00e3o da maconha. A tese dele de que a libera\u00e7\u00e3o vai ampliar exponencialmente o consumo \u00e9 discutivel, o consumo \u00e9 corrente. Mas seus alertas quanto aos riscos tem que\u2026","rel":"","context":"Em &quot;X.Categorias velhas&quot;","block_context":{"text":"X.Categorias velhas","link":"https:\/\/www.jornalja.com.br\/arquivo\/category\/x-categorias-velhas\/"},"img":{"alt_text":"","src":"","width":0,"height":0},"classes":[]},{"id":13101,"url":"https:\/\/www.jornalja.com.br\/arquivo\/morre-um-guerreiro-do-texto\/","url_meta":{"origin":56857,"position":5},"title":"Morre um guerreiro do texto","author":"Patr\u00edcia Marini","date":"14 de maio de 2014","format":false,"excerpt":"Por Ricardo Kotscho Reproduzido do blog do autor, 11\/5\/2014; t\u00edtulo original \u201cE l\u00e1 se foi o nosso Myltainho, guerreiro do texto\u201d. Mi\u00fado e franzino, meu amigo Myltainho era um valente e inconformado guerreiro na luta contra as injusti\u00e7as sociais, a hipocrisia, as maracutaias, o autoritarismo, a intoler\u00e2ncia, a viol\u00eancia, o\u2026","rel":"","context":"Em &quot;Geral&quot;","block_context":{"text":"Geral","link":"https:\/\/www.jornalja.com.br\/arquivo\/category\/geral\/"},"img":{"alt_text":"","src":"","width":0,"height":0},"classes":[]}],"jetpack_shortlink":"https:\/\/wp.me\/pbQjBd-eN3","jetpack_featured_media_url":"","_links":{"self":[{"href":"https:\/\/www.jornalja.com.br\/arquivo\/wp-json\/wp\/v2\/posts\/56857","targetHints":{"allow":["GET"]}}],"collection":[{"href":"https:\/\/www.jornalja.com.br\/arquivo\/wp-json\/wp\/v2\/posts"}],"about":[{"href":"https:\/\/www.jornalja.com.br\/arquivo\/wp-json\/wp\/v2\/types\/post"}],"author":[{"embeddable":true,"href":"https:\/\/www.jornalja.com.br\/arquivo\/wp-json\/wp\/v2\/users\/4"}],"replies":[{"embeddable":true,"href":"https:\/\/www.jornalja.com.br\/arquivo\/wp-json\/wp\/v2\/comments?post=56857"}],"version-history":[{"count":0,"href":"https:\/\/www.jornalja.com.br\/arquivo\/wp-json\/wp\/v2\/posts\/56857\/revisions"}],"wp:attachment":[{"href":"https:\/\/www.jornalja.com.br\/arquivo\/wp-json\/wp\/v2\/media?parent=56857"}],"wp:term":[{"taxonomy":"category","embeddable":true,"href":"https:\/\/www.jornalja.com.br\/arquivo\/wp-json\/wp\/v2\/categories?post=56857"},{"taxonomy":"post_tag","embeddable":true,"href":"https:\/\/www.jornalja.com.br\/arquivo\/wp-json\/wp\/v2\/tags?post=56857"}],"curies":[{"name":"wp","href":"https:\/\/api.w.org\/{rel}","templated":true}]}}