{"id":56863,"date":"2017-10-28T19:22:19","date_gmt":"2017-10-28T22:22:19","guid":{"rendered":"https:\/\/www.jornalja.com.br\/?p=56863"},"modified":"2017-10-28T19:22:19","modified_gmt":"2017-10-28T22:22:19","slug":"votos-pro-temer-custaram-mais-que-um-ano-do-bolsa-familia","status":"publish","type":"post","link":"https:\/\/www.jornalja.com.br\/arquivo\/votos-pro-temer-custaram-mais-que-um-ano-do-bolsa-familia\/","title":{"rendered":"Votos pr\u00f3 Temer custaram mais que um ano do Bolsa Familia"},"content":{"rendered":"<p><span class=\"assina\">Vilson Antonio Romero<\/span><br \/>\nUma derrota de R$ 32 bilh\u00f5es.<br \/>\nSim, sua Excel\u00eancia, o sr. Michel Miguel Elias Temer Lulia se livrou desta. Foi mais uma vit\u00f3ria resultado da articula\u00e7\u00e3o da base governista. Houve algumas defec\u00e7\u00f5es, mas, passou pouco de uma dezena.<br \/>\nO plen\u00e1rio da C\u00e2mara dos Deputados derrubou, pela segunda vez, o prosseguimento de uma den\u00fancia da Procuradoria-Geral da Rep\u00fablica (PGR) contra o presidente. O placar foi mais apertado para o peemedebista do que o da primeira den\u00fancia, por corrup\u00e7\u00e3o passiva, derrubada em agosto passado. Temer recebeu o apoio de 251 deputados federais, com 233 votos contr\u00e1rios.<br \/>\nJ\u00e1 foi cantado em prosa e verso na m\u00eddia nacional que esta vit\u00f3ria tem um custo para os cofres p\u00fablicos, portanto para a Na\u00e7\u00e3o brasileira, que pode chegar a R$ 32,1 bilh\u00f5es. Essa \u00e9 a soma de diversas concess\u00f5es e medidas negociadas com deputados federais entre junho e outubro, desde que Temer foi denunciado pela primeira vez, por corrup\u00e7\u00e3o passiva, at\u00e9 a segunda vota\u00e7\u00e3o, pelos crimes de organiza\u00e7\u00e3o criminosa e obstru\u00e7\u00e3o da Justi\u00e7a.<br \/>\nO pre\u00e7o para impedir o prosseguimento das den\u00fancias supera em R$ 6 bilh\u00f5es os recursos previstos por Temer para as 14 milh\u00f5es de fam\u00edlias benefici\u00e1rias do Bolsa Fam\u00edlia ao longo de 2018, cujo or\u00e7amento totaliza R$ 26 bilh\u00f5es. Supera tamb\u00e9m o custo da constru\u00e7\u00e3o da Usina Hidrel\u00e9trica Belo Monte, estimado em R$ 30 bilh\u00f5es.<br \/>\nO Planalto ainda empenhou R$ 4,2 bilh\u00f5es de emendas parlamentares individuais, que t\u00eam execu\u00e7\u00e3o obrigat\u00f3ria desde 2015. Como o ritmo de libera\u00e7\u00f5es \u00e9 definido pelo governo, foi tamb\u00e9m uma das armas utilizadas, se fossem consideradas, a conta subiria para R$ 36,3 bilh\u00f5es. Impopular, com aprova\u00e7\u00e3o abaixo da margem de erro &#8211; cerca de 3% &#8211; o governo recuou da libera\u00e7\u00e3o da explora\u00e7\u00e3o de min\u00e9rio na Reserva Nacional do Cobre e Associados (Renca), na Amaz\u00f4nia, depois de mobiliza\u00e7\u00e3o internacional contr\u00e1ria. Agora decidiu dar descontos de 60% em multas ambientais e transformar os pagamentos em compromissos de gastos dos entes privados com reflorestamento e conserva\u00e7\u00e3o do ambiente. A medida pode tirar do Tesouro mais de R$ 2,7 bilh\u00f5es. Al\u00e9m disto, governo sinaliza com o apoio a tentativas congressuais de criar algum tipo de contribui\u00e7\u00e3o para o custeio dos sindicatos<br \/>\nPor outro lado, o Planalto n\u00e3o ir\u00e1 mais privatizar o Aeroporto de Congonhas (SP), cujo leil\u00e3o poderia arrecadar R$ 6 bilh\u00f5es. Some-se a isto as os programas de parcelamento de d\u00edvidas para empres\u00e1rios e produtores rurais, e em atos de interesse de bancadas tem\u00e1ticas como a dos ruralistas, que tem 214 deputados em exerc\u00edcio e poderia, sozinha, garantir a salva\u00e7\u00e3o do mandato do peemedebista.<br \/>\nOs ruralistas j\u00e1 haviam recebido um pacote de descontos nas al\u00edquotas de contribui\u00e7\u00e3o para o Fundo de Assist\u00eancia ao Trabalhador Rural (Funrural), usado para custear aposentadorias, e condi\u00e7\u00f5es mais ben\u00e9ficas para quitar d\u00edvidas com o fundo, cujo prazo de ades\u00e3o foi postergado para novembro. At\u00e9 agora, o governo n\u00e3o recorreu de um projeto de resolu\u00e7\u00e3o do Senado que anistiou um passivo de R$ 17 bilh\u00f5es n\u00e3o pagos ao Funrural.<br \/>\nAl\u00e9m de benesses para prefeituras que devem ao INSS, o presidente tamb\u00e9m sancionou um novo Refis, deixando de arrecadar R$ 4 bilh\u00f5es. Isto sem falar nos milhares de cargos de confian\u00e7a, cujas nomea\u00e7\u00f5es enchem as p\u00e1ginas do Di\u00e1rio Oficial todo o dia. Se formos avaliar toda esta conjuntura, na realidade, n\u00e3o houve uma vit\u00f3ria, mas uma fragorosa derrota da Na\u00e7\u00e3o brasileira para a corrup\u00e7\u00e3o. E custou caro! Lament\u00e1vel!<\/p>\n","protected":false},"excerpt":{"rendered":"<p>Vilson Antonio Romero Uma derrota de R$ 32 bilh\u00f5es. Sim, sua Excel\u00eancia, o sr. Michel Miguel Elias Temer Lulia se livrou desta. Foi mais uma vit\u00f3ria resultado da articula\u00e7\u00e3o da base governista. Houve algumas defec\u00e7\u00f5es, mas, passou pouco de uma dezena. O plen\u00e1rio da C\u00e2mara dos Deputados derrubou, pela segunda vez, o prosseguimento de uma [&hellip;]<\/p>\n","protected":false},"author":4,"featured_media":0,"comment_status":"open","ping_status":"closed","sticky":false,"template":"","format":"standard","meta":{"_jetpack_newsletter_access":"","_jetpack_dont_email_post_to_subs":false,"_jetpack_newsletter_tier_id":0,"_jetpack_memberships_contains_paywalled_content":false,"_jetpack_feature_clip_id":0,"_jetpack_memberships_contains_paid_content":false,"footnotes":"","jetpack_post_was_ever_published":false},"categories":[10],"tags":[],"class_list":["post-56863","post","type-post","status-publish","format-standard","hentry","category-analiseopiniao"],"aioseo_notices":[],"aioseo_head":"\n\t\t<!-- All in One SEO 5.0.1.1 - aioseo.com -->\n\t<meta name=\"robots\" content=\"max-image-preview:large\" \/>\n\t<meta name=\"author\" content=\"da Reda\u00e7\u00e3o\"\/>\n\t<link rel=\"canonical\" href=\"https:\/\/www.jornalja.com.br\/arquivo\/votos-pro-temer-custaram-mais-que-um-ano-do-bolsa-familia\/\" \/>\n\t<meta name=\"generator\" content=\"All in One SEO (AIOSEO) 5.0.1.1\" \/>\n\t\t<meta property=\"og:locale\" content=\"pt_BR\" \/>\n\t\t<meta property=\"og:site_name\" content=\"Arquivo | Jornal J\u00c1 | Porto Alegre\" \/>\n\t\t<meta property=\"og:type\" content=\"article\" \/>\n\t\t<meta property=\"og:title\" content=\"Votos pr\u00f3 Temer custaram mais que um ano do Bolsa Familia | Arquivo\" \/>\n\t\t<meta property=\"og:url\" content=\"https:\/\/www.jornalja.com.br\/arquivo\/votos-pro-temer-custaram-mais-que-um-ano-do-bolsa-familia\/\" \/>\n\t\t<meta property=\"og:image\" content=\"https:\/\/www.jornalja.com.br\/economics\/wp-content\/uploads\/sites\/11\/2026\/08\/ja-folhaderosto-facebook.jpg\" \/>\n\t\t<meta property=\"og:image:secure_url\" content=\"https:\/\/www.jornalja.com.br\/economics\/wp-content\/uploads\/sites\/11\/2026\/08\/ja-folhaderosto-facebook.jpg\" \/>\n\t\t<meta property=\"article:published_time\" content=\"2017-10-28T22:22:19+00:00\" \/>\n\t\t<meta property=\"article:modified_time\" content=\"2017-10-28T22:22:19+00:00\" \/>\n\t\t<meta name=\"twitter:card\" content=\"summary\" \/>\n\t\t<meta name=\"twitter:title\" content=\"Votos pr\u00f3 Temer custaram mais que um ano do Bolsa Familia | Arquivo\" \/>\n\t\t<meta name=\"twitter:image\" content=\"https:\/\/www.jornalja.com.br\/economics\/wp-content\/uploads\/sites\/11\/2026\/08\/ja-folhaderosto-facebook.jpg\" \/>\n\t\t<script type=\"application\/ld+json\" class=\"aioseo-schema\">\n\t\t\t{\"@context\":\"https:\\\/\\\/schema.org\",\"@graph\":[{\"@type\":\"BlogPosting\",\"@id\":\"https:\\\/\\\/www.jornalja.com.br\\\/arquivo\\\/votos-pro-temer-custaram-mais-que-um-ano-do-bolsa-familia\\\/#blogposting\",\"name\":\"Votos pr\\u00f3 Temer custaram mais que um ano do Bolsa Familia | Arquivo\",\"headline\":\"Votos pr\\u00f3 Temer custaram mais que um ano do Bolsa Familia\",\"author\":{\"@id\":\"https:\\\/\\\/www.jornalja.com.br\\\/arquivo\\\/author\\\/daredacao\\\/#author\"},\"publisher\":{\"@id\":\"https:\\\/\\\/www.jornalja.com.br\\\/arquivo\\\/#organization\"},\"image\":{\"@type\":\"ImageObject\",\"url\":\"https:\\\/\\\/www.jornalja.com.br\\\/wp-content\\\/uploads\\\/cards\\\/JAslogan.png\",\"@id\":\"https:\\\/\\\/www.jornalja.com.br\\\/arquivo\\\/#articleImage\"},\"datePublished\":\"2017-10-28T19:22:19-02:00\",\"dateModified\":\"2017-10-28T19:22:19-02:00\",\"inLanguage\":\"pt-BR\",\"mainEntityOfPage\":{\"@id\":\"https:\\\/\\\/www.jornalja.com.br\\\/arquivo\\\/votos-pro-temer-custaram-mais-que-um-ano-do-bolsa-familia\\\/#webpage\"},\"isPartOf\":{\"@id\":\"https:\\\/\\\/www.jornalja.com.br\\\/arquivo\\\/votos-pro-temer-custaram-mais-que-um-ano-do-bolsa-familia\\\/#webpage\"},\"articleSection\":\"AN\\u00c1LISE&amp;OPINI\\u00c3O\"},{\"@type\":\"BreadcrumbList\",\"@id\":\"https:\\\/\\\/www.jornalja.com.br\\\/arquivo\\\/votos-pro-temer-custaram-mais-que-um-ano-do-bolsa-familia\\\/#breadcrumblist\",\"itemListElement\":[{\"@type\":\"ListItem\",\"@id\":\"https:\\\/\\\/www.jornalja.com.br\\\/arquivo#listItem\",\"position\":1,\"name\":\"Home\",\"item\":\"https:\\\/\\\/www.jornalja.com.br\\\/arquivo\",\"nextItem\":{\"@type\":\"ListItem\",\"@id\":\"https:\\\/\\\/www.jornalja.com.br\\\/arquivo\\\/category\\\/analiseopiniao\\\/#listItem\",\"name\":\"AN\\u00c1LISE&amp;OPINI\\u00c3O\"}},{\"@type\":\"ListItem\",\"@id\":\"https:\\\/\\\/www.jornalja.com.br\\\/arquivo\\\/category\\\/analiseopiniao\\\/#listItem\",\"position\":2,\"name\":\"AN\\u00c1LISE&amp;OPINI\\u00c3O\",\"item\":\"https:\\\/\\\/www.jornalja.com.br\\\/arquivo\\\/category\\\/analiseopiniao\\\/\",\"nextItem\":{\"@type\":\"ListItem\",\"@id\":\"https:\\\/\\\/www.jornalja.com.br\\\/arquivo\\\/votos-pro-temer-custaram-mais-que-um-ano-do-bolsa-familia\\\/#listItem\",\"name\":\"Votos pr\\u00f3 Temer custaram mais que um ano do Bolsa Familia\"},\"previousItem\":{\"@type\":\"ListItem\",\"@id\":\"https:\\\/\\\/www.jornalja.com.br\\\/arquivo#listItem\",\"name\":\"Home\"}},{\"@type\":\"ListItem\",\"@id\":\"https:\\\/\\\/www.jornalja.com.br\\\/arquivo\\\/votos-pro-temer-custaram-mais-que-um-ano-do-bolsa-familia\\\/#listItem\",\"position\":3,\"name\":\"Votos pr\\u00f3 Temer custaram mais que um ano do Bolsa Familia\",\"previousItem\":{\"@type\":\"ListItem\",\"@id\":\"https:\\\/\\\/www.jornalja.com.br\\\/arquivo\\\/category\\\/analiseopiniao\\\/#listItem\",\"name\":\"AN\\u00c1LISE&amp;OPINI\\u00c3O\"}}]},{\"@type\":\"Organization\",\"@id\":\"https:\\\/\\\/www.jornalja.com.br\\\/arquivo\\\/#organization\",\"name\":\"Jornal J\\u00c1\",\"description\":\"Jornal J\\u00c1 | Porto Alegre\",\"url\":\"https:\\\/\\\/www.jornalja.com.br\\\/arquivo\\\/\",\"telephone\":\"+555133307272\",\"logo\":{\"@type\":\"ImageObject\",\"url\":\"https:\\\/\\\/www.jornalja.com.br\\\/wp-content\\\/uploads\\\/cards\\\/JAslogan.png\",\"@id\":\"https:\\\/\\\/www.jornalja.com.br\\\/arquivo\\\/votos-pro-temer-custaram-mais-que-um-ano-do-bolsa-familia\\\/#organizationLogo\"},\"image\":{\"@id\":\"https:\\\/\\\/www.jornalja.com.br\\\/arquivo\\\/votos-pro-temer-custaram-mais-que-um-ano-do-bolsa-familia\\\/#organizationLogo\"}},{\"@type\":\"Person\",\"@id\":\"https:\\\/\\\/www.jornalja.com.br\\\/arquivo\\\/author\\\/daredacao\\\/#author\",\"url\":\"https:\\\/\\\/www.jornalja.com.br\\\/arquivo\\\/author\\\/daredacao\\\/\",\"name\":\"da Reda\\u00e7\\u00e3o\",\"image\":{\"@type\":\"ImageObject\",\"@id\":\"https:\\\/\\\/www.jornalja.com.br\\\/arquivo\\\/votos-pro-temer-custaram-mais-que-um-ano-do-bolsa-familia\\\/#authorImage\",\"url\":\"https:\\\/\\\/secure.gravatar.com\\\/avatar\\\/469fd857d6605ad19919d27ed29d35a968a25f6e8fd9318356bbb7f57aae9c65?s=96&d=mm&r=g\",\"width\":96,\"height\":96,\"caption\":\"da Reda\\u00e7\\u00e3o\"}},{\"@type\":\"WebPage\",\"@id\":\"https:\\\/\\\/www.jornalja.com.br\\\/arquivo\\\/votos-pro-temer-custaram-mais-que-um-ano-do-bolsa-familia\\\/#webpage\",\"url\":\"https:\\\/\\\/www.jornalja.com.br\\\/arquivo\\\/votos-pro-temer-custaram-mais-que-um-ano-do-bolsa-familia\\\/\",\"name\":\"Votos pr\\u00f3 Temer custaram mais que um ano do Bolsa Familia | Arquivo\",\"inLanguage\":\"pt-BR\",\"isPartOf\":{\"@id\":\"https:\\\/\\\/www.jornalja.com.br\\\/arquivo\\\/#website\"},\"breadcrumb\":{\"@id\":\"https:\\\/\\\/www.jornalja.com.br\\\/arquivo\\\/votos-pro-temer-custaram-mais-que-um-ano-do-bolsa-familia\\\/#breadcrumblist\"},\"author\":{\"@id\":\"https:\\\/\\\/www.jornalja.com.br\\\/arquivo\\\/author\\\/daredacao\\\/#author\"},\"creator\":{\"@id\":\"https:\\\/\\\/www.jornalja.com.br\\\/arquivo\\\/author\\\/daredacao\\\/#author\"},\"datePublished\":\"2017-10-28T19:22:19-02:00\",\"dateModified\":\"2017-10-28T19:22:19-02:00\"},{\"@type\":\"WebSite\",\"@id\":\"https:\\\/\\\/www.jornalja.com.br\\\/arquivo\\\/#website\",\"url\":\"https:\\\/\\\/www.jornalja.com.br\\\/arquivo\\\/\",\"name\":\"Arquivo\",\"description\":\"Jornal J\\u00c1 | Porto Alegre\",\"inLanguage\":\"pt-BR\",\"publisher\":{\"@id\":\"https:\\\/\\\/www.jornalja.com.br\\\/arquivo\\\/#organization\"}}]}\n\t\t<\/script>\n\t\t<!-- All in One SEO -->\n\n","aioseo_head_json":{"title":"Votos pr\u00f3 Temer custaram mais que um ano do Bolsa Familia | Arquivo","description":"","canonical_url":"https:\/\/www.jornalja.com.br\/arquivo\/votos-pro-temer-custaram-mais-que-um-ano-do-bolsa-familia\/","robots":"max-image-preview:large","keywords":"","webmasterTools":{"miscellaneous":""},"schema":{"@context":"https:\/\/schema.org","@graph":[{"@type":"BlogPosting","@id":"https:\/\/www.jornalja.com.br\/arquivo\/votos-pro-temer-custaram-mais-que-um-ano-do-bolsa-familia\/#blogposting","name":"Votos pr\u00f3 Temer custaram mais que um ano do Bolsa Familia | Arquivo","headline":"Votos pr\u00f3 Temer custaram mais que um ano do Bolsa Familia","author":{"@id":"https:\/\/www.jornalja.com.br\/arquivo\/author\/daredacao\/#author"},"publisher":{"@id":"https:\/\/www.jornalja.com.br\/arquivo\/#organization"},"image":{"@type":"ImageObject","url":"https:\/\/www.jornalja.com.br\/wp-content\/uploads\/cards\/JAslogan.png","@id":"https:\/\/www.jornalja.com.br\/arquivo\/#articleImage"},"datePublished":"2017-10-28T19:22:19-02:00","dateModified":"2017-10-28T19:22:19-02:00","inLanguage":"pt-BR","mainEntityOfPage":{"@id":"https:\/\/www.jornalja.com.br\/arquivo\/votos-pro-temer-custaram-mais-que-um-ano-do-bolsa-familia\/#webpage"},"isPartOf":{"@id":"https:\/\/www.jornalja.com.br\/arquivo\/votos-pro-temer-custaram-mais-que-um-ano-do-bolsa-familia\/#webpage"},"articleSection":"AN\u00c1LISE&amp;OPINI\u00c3O"},{"@type":"BreadcrumbList","@id":"https:\/\/www.jornalja.com.br\/arquivo\/votos-pro-temer-custaram-mais-que-um-ano-do-bolsa-familia\/#breadcrumblist","itemListElement":[{"@type":"ListItem","@id":"https:\/\/www.jornalja.com.br\/arquivo#listItem","position":1,"name":"Home","item":"https:\/\/www.jornalja.com.br\/arquivo","nextItem":{"@type":"ListItem","@id":"https:\/\/www.jornalja.com.br\/arquivo\/category\/analiseopiniao\/#listItem","name":"AN\u00c1LISE&amp;OPINI\u00c3O"}},{"@type":"ListItem","@id":"https:\/\/www.jornalja.com.br\/arquivo\/category\/analiseopiniao\/#listItem","position":2,"name":"AN\u00c1LISE&amp;OPINI\u00c3O","item":"https:\/\/www.jornalja.com.br\/arquivo\/category\/analiseopiniao\/","nextItem":{"@type":"ListItem","@id":"https:\/\/www.jornalja.com.br\/arquivo\/votos-pro-temer-custaram-mais-que-um-ano-do-bolsa-familia\/#listItem","name":"Votos pr\u00f3 Temer custaram mais que um ano do Bolsa Familia"},"previousItem":{"@type":"ListItem","@id":"https:\/\/www.jornalja.com.br\/arquivo#listItem","name":"Home"}},{"@type":"ListItem","@id":"https:\/\/www.jornalja.com.br\/arquivo\/votos-pro-temer-custaram-mais-que-um-ano-do-bolsa-familia\/#listItem","position":3,"name":"Votos pr\u00f3 Temer custaram mais que um ano do Bolsa Familia","previousItem":{"@type":"ListItem","@id":"https:\/\/www.jornalja.com.br\/arquivo\/category\/analiseopiniao\/#listItem","name":"AN\u00c1LISE&amp;OPINI\u00c3O"}}]},{"@type":"Organization","@id":"https:\/\/www.jornalja.com.br\/arquivo\/#organization","name":"Jornal J\u00c1","description":"Jornal J\u00c1 | Porto Alegre","url":"https:\/\/www.jornalja.com.br\/arquivo\/","telephone":"+555133307272","logo":{"@type":"ImageObject","url":"https:\/\/www.jornalja.com.br\/wp-content\/uploads\/cards\/JAslogan.png","@id":"https:\/\/www.jornalja.com.br\/arquivo\/votos-pro-temer-custaram-mais-que-um-ano-do-bolsa-familia\/#organizationLogo"},"image":{"@id":"https:\/\/www.jornalja.com.br\/arquivo\/votos-pro-temer-custaram-mais-que-um-ano-do-bolsa-familia\/#organizationLogo"}},{"@type":"Person","@id":"https:\/\/www.jornalja.com.br\/arquivo\/author\/daredacao\/#author","url":"https:\/\/www.jornalja.com.br\/arquivo\/author\/daredacao\/","name":"da Reda\u00e7\u00e3o","image":{"@type":"ImageObject","@id":"https:\/\/www.jornalja.com.br\/arquivo\/votos-pro-temer-custaram-mais-que-um-ano-do-bolsa-familia\/#authorImage","url":"https:\/\/secure.gravatar.com\/avatar\/469fd857d6605ad19919d27ed29d35a968a25f6e8fd9318356bbb7f57aae9c65?s=96&d=mm&r=g","width":96,"height":96,"caption":"da Reda\u00e7\u00e3o"}},{"@type":"WebPage","@id":"https:\/\/www.jornalja.com.br\/arquivo\/votos-pro-temer-custaram-mais-que-um-ano-do-bolsa-familia\/#webpage","url":"https:\/\/www.jornalja.com.br\/arquivo\/votos-pro-temer-custaram-mais-que-um-ano-do-bolsa-familia\/","name":"Votos pr\u00f3 Temer custaram mais que um ano do Bolsa Familia | Arquivo","inLanguage":"pt-BR","isPartOf":{"@id":"https:\/\/www.jornalja.com.br\/arquivo\/#website"},"breadcrumb":{"@id":"https:\/\/www.jornalja.com.br\/arquivo\/votos-pro-temer-custaram-mais-que-um-ano-do-bolsa-familia\/#breadcrumblist"},"author":{"@id":"https:\/\/www.jornalja.com.br\/arquivo\/author\/daredacao\/#author"},"creator":{"@id":"https:\/\/www.jornalja.com.br\/arquivo\/author\/daredacao\/#author"},"datePublished":"2017-10-28T19:22:19-02:00","dateModified":"2017-10-28T19:22:19-02:00"},{"@type":"WebSite","@id":"https:\/\/www.jornalja.com.br\/arquivo\/#website","url":"https:\/\/www.jornalja.com.br\/arquivo\/","name":"Arquivo","description":"Jornal J\u00c1 | Porto Alegre","inLanguage":"pt-BR","publisher":{"@id":"https:\/\/www.jornalja.com.br\/arquivo\/#organization"}}]},"og:locale":"pt_BR","og:site_name":"Arquivo | Jornal J\u00c1 | Porto Alegre","og:type":"article","og:title":"Votos pr\u00f3 Temer custaram mais que um ano do Bolsa Familia | Arquivo","og:url":"https:\/\/www.jornalja.com.br\/arquivo\/votos-pro-temer-custaram-mais-que-um-ano-do-bolsa-familia\/","og:image":"https:\/\/www.jornalja.com.br\/economics\/wp-content\/uploads\/sites\/11\/2026\/08\/ja-folhaderosto-facebook.jpg","og:image:secure_url":"https:\/\/www.jornalja.com.br\/economics\/wp-content\/uploads\/sites\/11\/2026\/08\/ja-folhaderosto-facebook.jpg","article:published_time":"2017-10-28T22:22:19+00:00","article:modified_time":"2017-10-28T22:22:19+00:00","twitter:card":"summary","twitter:title":"Votos pr\u00f3 Temer custaram mais que um ano do Bolsa Familia | Arquivo","twitter:image":"https:\/\/www.jornalja.com.br\/economics\/wp-content\/uploads\/sites\/11\/2026\/08\/ja-folhaderosto-facebook.jpg"},"aioseo_meta_data":{"post_id":"56863","title":null,"description":null,"keywords":null,"keyphrases":null,"primary_term":null,"canonical_url":null,"og_title":null,"og_description":null,"og_object_type":"default","og_image_type":"default","og_image_url":null,"og_image_width":null,"og_image_height":null,"og_image_custom_url":null,"og_image_custom_fields":null,"og_video":null,"og_custom_url":null,"og_article_section":null,"og_article_tags":null,"twitter_use_og":false,"twitter_card":"default","twitter_image_type":"default","twitter_image_url":null,"twitter_image_custom_url":null,"twitter_image_custom_fields":null,"twitter_title":null,"twitter_description":null,"schema":{"blockGraphs":[],"customGraphs":[],"default":{"data":{"Article":[],"Course":[],"Dataset":[],"FAQPage":[],"Movie":[],"Person":[],"Product":[],"ProductReview":[],"Car":[],"Recipe":[],"Service":[],"SoftwareApplication":[],"WebPage":[]},"graphName":"","isEnabled":true},"graphs":[],"defaultGraph":"","defaultPostTypeGraph":""},"schema_type":null,"schema_type_options":null,"pillar_content":false,"robots_default":true,"robots_noindex":false,"robots_noarchive":false,"robots_nosnippet":false,"robots_nofollow":false,"robots_noimageindex":false,"robots_noodp":false,"robots_notranslate":false,"robots_max_snippet":null,"robots_max_videopreview":null,"robots_max_imagepreview":"large","priority":null,"frequency":null,"location":null,"local_seo":null,"breadcrumb_settings":null,"limit_modified_date":false,"ai":null,"created":"2020-12-20 20:21:03","updated":"2025-07-20 02:07:24","seo_analyzer_scan_date":null,"focus_keyword":null,"additional_keywords":null,"truseo_locale":null},"jetpack_sharing_enabled":true,"jetpack-related-posts":[{"id":13239,"url":"https:\/\/www.jornalja.com.br\/arquivo\/conselho-desdenha-do-plano-diretor\/","url_meta":{"origin":56863,"position":0},"title":"Porto Alegre: Conselho detona Plano Diretor","author":"Patr\u00edcia Marini","date":"25 de maio de 2014","format":false,"excerpt":"Den\u00fancia do arquiteto e \u00a0urbanista Ibir\u00e1 Santos Lucas. Ele diz que os conselheiros est\u00e3o votando com \"enorme irresponsabilidade\". \"Mudam regime com a maior naturalidade,,,regularizam absurdos de constru\u00e7\u00f5es irregulares... \"O CMDUA est\u00e1 flexibilizando a lei do plano diretor, de uma forma impactante na vida da cidade. Mudam regime com a maior\u2026","rel":"","context":"Em &quot;Geral&quot;","block_context":{"text":"Geral","link":"https:\/\/www.jornalja.com.br\/arquivo\/category\/geral\/"},"img":{"alt_text":"","src":"","width":0,"height":0},"classes":[]},{"id":13109,"url":"https:\/\/www.jornalja.com.br\/arquivo\/judiciario-reconhece-poluicao-eletromagnetica\/","url_meta":{"origin":56863,"position":1},"title":"Judici\u00e1rio reconhece polui\u00e7\u00e3o eletromagn\u00e9tica","author":"Patr\u00edcia Marini","date":"16 de maio de 2014","format":false,"excerpt":"A\u00e7\u00e3o de duas associa\u00e7\u00f5es de moradores foi acolhida pelo Tribunal de Justi\u00e7a de S\u00e3o Paulo que. em decis\u00e3o in\u00e9dita, determinou a redu\u00e7\u00e3o do campo eletromagn\u00e9tico gerado pelas linhas de transmiss\u00e3o de energia que cortam os bairros City Boa\u00e7ava e Alto de Pinheiros. \u00c9 a primeira vez que um tribunal do\u2026","rel":"","context":"Em &quot;X.Categorias velhas&quot;","block_context":{"text":"X.Categorias velhas","link":"https:\/\/www.jornalja.com.br\/arquivo\/category\/x-categorias-velhas\/"},"img":{"alt_text":"","src":"","width":0,"height":0},"classes":[]},{"id":13240,"url":"https:\/\/www.jornalja.com.br\/arquivo\/plano-diretor-estamos-construindo-o-caos\/","url_meta":{"origin":56863,"position":2},"title":"Plano diretor: &quot;Estamos construindo o caos&quot;","author":"Patr\u00edcia Marini","date":"26 de maio de 2014","format":false,"excerpt":"Desabafo que arquiteta Eliana Castilhos, delegada da Regi\u00e3o de Planejamento 1, postou nas redes sociais \u00e9 um testemunho do ambiente que se criou no Conselho do Plano Diretor de Porto Alegre, onde a aprova\u00e7\u00e3o de grandes empreendimentos \u00e9 empurrada guela abaixo dos conselheiros. Ao CMDUA Como delegada da Regi\u00e3o de\u2026","rel":"","context":"Em &quot;Geral&quot;","block_context":{"text":"Geral","link":"https:\/\/www.jornalja.com.br\/arquivo\/category\/geral\/"},"img":{"alt_text":"","src":"","width":0,"height":0},"classes":[]},{"id":5440,"url":"https:\/\/www.jornalja.com.br\/arquivo\/casarao-da-venancio-destino-permanece-incerto\/","url_meta":{"origin":56863,"position":3},"title":"Estado ainda n\u00e3o sabe o que fazer com casar\u00e3o abandonado h\u00e1 20 anos","author":"Elmar Bones","date":"6 de julho de 2009","format":false,"excerpt":"O casar\u00e3o amarelo, numa esquina nobre de Porto Alegre (Ven\u00e2ncio Aires com Jo\u00e3o Pessoa), j\u00e1 abrigou uma escola. H\u00e1 duas d\u00e9cadas, pelo menos, est\u00e1 abandonado, porque seu propriet\u00e1rio, o governo do Estado do Rio Grande do Sul, n\u00e3o consegue achar um destino para ele. Planos n\u00e3o faltaram. O governador Ol\u00edvio\u2026","rel":"","context":"Em &quot;X.Categorias velhas&quot;","block_context":{"text":"X.Categorias velhas","link":"https:\/\/www.jornalja.com.br\/arquivo\/category\/x-categorias-velhas\/"},"img":{"alt_text":"geraldo1","src":"https:\/\/i0.wp.com\/www.jornalja.com.br\/wp-content\/uploads\/2009\/07\/geraldo1.jpg?resize=350%2C200&ssl=1","width":350,"height":200},"classes":[]},{"id":14241,"url":"https:\/\/www.jornalja.com.br\/arquivo\/o-guaiba-nas-imagens-poeticas-de-achutti\/","url_meta":{"origin":56863,"position":4},"title":"O Gua\u00edba nas imagens po\u00e9ticas de Achutti","author":"da Reda\u00e7\u00e3o","date":"18 de junho de 2014","format":false,"excerpt":"Em \u201cO Gua\u00edba por Achutti\u201d \u2013 obra financiada via Minist\u00e9rio da Cultura, produ\u00e7\u00e3o executiva de Pedro Longhi, e Fl\u00e1vio Wild como designer \u2013, o fot\u00f3grafo revela a beleza e as mazelas de um espa\u00e7o aqu\u00e1tico de \u00e1guas sempre renovadas, cheio de hist\u00f3rias e lendas como as das cidades que foram\u2026","rel":"","context":"Em &quot;Cultura-Geral&quot;","block_context":{"text":"Cultura-Geral","link":"https:\/\/www.jornalja.com.br\/arquivo\/category\/materiasecundaria\/"},"img":{"alt_text":"","src":"","width":0,"height":0},"classes":[]},{"id":13128,"url":"https:\/\/www.jornalja.com.br\/arquivo\/maconha-terra-diz-que-uso-medicinal-e-desculpa\/","url_meta":{"origin":56863,"position":5},"title":"Maconha: Terra diz que uso medicinal \u00e9 desculpa","author":"Patr\u00edcia Marini","date":"4 de junho de 2014","format":false,"excerpt":"A condi\u00e7\u00e3o de pol\u00edtico, em \u00e9poca de campanha de campanha eleitoral, tira for\u00e7a do discurso do m\u00e9dico Osmar Terra contra a legaliza\u00e7\u00e3o da maconha. A tese dele de que a libera\u00e7\u00e3o vai ampliar exponencialmente o consumo \u00e9 discutivel, o consumo \u00e9 corrente. Mas seus alertas quanto aos riscos tem que\u2026","rel":"","context":"Em &quot;X.Categorias velhas&quot;","block_context":{"text":"X.Categorias velhas","link":"https:\/\/www.jornalja.com.br\/arquivo\/category\/x-categorias-velhas\/"},"img":{"alt_text":"","src":"","width":0,"height":0},"classes":[]}],"jetpack_shortlink":"https:\/\/wp.me\/pbQjBd-eN9","jetpack_featured_media_url":"","_links":{"self":[{"href":"https:\/\/www.jornalja.com.br\/arquivo\/wp-json\/wp\/v2\/posts\/56863","targetHints":{"allow":["GET"]}}],"collection":[{"href":"https:\/\/www.jornalja.com.br\/arquivo\/wp-json\/wp\/v2\/posts"}],"about":[{"href":"https:\/\/www.jornalja.com.br\/arquivo\/wp-json\/wp\/v2\/types\/post"}],"author":[{"embeddable":true,"href":"https:\/\/www.jornalja.com.br\/arquivo\/wp-json\/wp\/v2\/users\/4"}],"replies":[{"embeddable":true,"href":"https:\/\/www.jornalja.com.br\/arquivo\/wp-json\/wp\/v2\/comments?post=56863"}],"version-history":[{"count":0,"href":"https:\/\/www.jornalja.com.br\/arquivo\/wp-json\/wp\/v2\/posts\/56863\/revisions"}],"wp:attachment":[{"href":"https:\/\/www.jornalja.com.br\/arquivo\/wp-json\/wp\/v2\/media?parent=56863"}],"wp:term":[{"taxonomy":"category","embeddable":true,"href":"https:\/\/www.jornalja.com.br\/arquivo\/wp-json\/wp\/v2\/categories?post=56863"},{"taxonomy":"post_tag","embeddable":true,"href":"https:\/\/www.jornalja.com.br\/arquivo\/wp-json\/wp\/v2\/tags?post=56863"}],"curies":[{"name":"wp","href":"https:\/\/api.w.org\/{rel}","templated":true}]}}