{"id":56906,"date":"2017-10-30T19:00:49","date_gmt":"2017-10-30T22:00:49","guid":{"rendered":"https:\/\/www.jornalja.com.br\/?p=56906"},"modified":"2017-10-30T19:00:49","modified_gmt":"2017-10-30T22:00:49","slug":"secretaria-de-desenvolvimento-social-de-porto-alegre-pede-demissao-e-a-15a-queda-no-governo-marchezan","status":"publish","type":"post","link":"https:\/\/www.jornalja.com.br\/arquivo\/secretaria-de-desenvolvimento-social-de-porto-alegre-pede-demissao-e-a-15a-queda-no-governo-marchezan\/","title":{"rendered":"Secret\u00e1ria de Desenvolvimento Social pede demiss\u00e3o, \u00e9 a 15\u00aa queda no Governo Marchezan"},"content":{"rendered":"<p>Maria de F\u00e1tima Z\u00e1chia Paludo informou nesta segunda-feira, 30\/10, que n\u00e3o ir\u00e1 continuar no cargo de secret\u00e1ria municipal de Desenvolvimento Social de Porto Alegre (SDS). A ex-defensora p\u00fablica pediu exonera\u00e7\u00e3o do posto e, segundo a prefeitura, Denise Russo, secret\u00e1ria adjunta da pasta, ir\u00e1 assumir interinamente o comando da SDS.<br \/>\n<i>&#8220;A secret\u00e1ria municipal-adjunta de Desenvolvimento Social e Esporte, Denise Russo, vai assumir interinamente o comando da pasta. A secret\u00e1ria Maria de F\u00e1tima Paludo comunicou ao Executivo seu pedido de exonera\u00e7\u00e3o nesta segunda-feira, 30. Maria de F\u00e1tima deixa o cargo ap\u00f3s dez meses de governo&#8221;<\/i>, informou em nota a Prefeitura, sem dar detalhes do motivo do afastamento de Paludo.<br \/>\nH\u00e1 duas semanas, o presidente da Fasc, Solimar Amaro, tamb\u00e9m j\u00e1 tinha deixado o cargo. A Fasc \u00e9 subordinada da SDS. Ao sair, Solimar disse que os nove meses que esteve \u00e0 frente da Funda\u00e7\u00e3o foram desgastantes e de muita dificuldade. \u201cEncontrei uma casa desalinhada. A expectativa era de uma evolu\u00e7\u00e3o e melhora, mas o sistema \u00e9 dif\u00edcil e patol\u00f3gico. Saio pelo bem da minha fam\u00edlia e pela minha sa\u00fade\u201d, falou.<br \/>\nCom a sa\u00edda de ex-defensora p\u00fablica, o governo Nelson Marcehzan J\u00fanior registra a 15\u00aa queda em cargos de alto escal\u00e3o do Executivo municipal:<br \/>\n1 \u2013 Por discordar do projeto que revisa o IPTU de Porto Alegre, o secret\u00e1rio municipal de Desenvolvimento Econ\u00f4mico, Ricardo Gomes, saiu do governo em 16\/08.<br \/>\n2 \u2013 Em 10\/08 o diretor da Companhia de Processamento de Dados de Porto Alegre (Procempa) Michel Costa se demitiu. Ele responde sindic\u00e2ncia devido a den\u00fancia de uma reportagem que revelou Costa como s\u00f3cio da empresa que testa a instala\u00e7\u00e3o da tecnologia de GPS em \u00f4nibus da Carris e de outra respons\u00e1vel pela plataforma do Banco de Talentos. Costa ainda presidia o Conselho de Administra\u00e7\u00e3o da Carris.<br \/>\n3 \u2013 O diretor-geral do Departamento Municipal de Limpeza Urbana (DMLU), \u00c1lvaro de Azevedo, foi afastado em 22 de junho por suspeitas de desviar itens doados pelo TJ\/RS ao departamento municipal. A Pol\u00edcia Civil investiga o crime.<br \/>\n4 \u2013 No lugar de Azevedo, no DMLU, entrou Adenir Matos dos Santos, que deixou a diretoria apenas duas semanas depois, por motiva\u00e7\u00f5es pessoais.<br \/>\n5 \u2013 Eduardo Wolf, em 31\/07, que era secret\u00e1rio adjunto da Cultura, pediu demiss\u00e3o ao t\u00e9rmino do Festival de Inverno, por motivos pessoais.<br \/>\n6 \u2013 O procurador-geral do Munic\u00edpio, Bruno Miragem deixou o cargo dia 16 de junho. Saiu por raz\u00f5es pessoais, segundo a Prefeitura. Advogado e consultor jur\u00eddico, Miragem representou a Falconi em um processo de 2014, quando a Justi\u00e7a suspendeu um contrato de R$ 2 milh\u00f5es entre a empresa de consultoria e a Prefeitura de Pelotas. Em Porto Alegre, a Falconi atuou junto \u00e0 Prefeitura atrav\u00e9s da organiza\u00e7\u00e3o Comunitas, cujo contrato foi suspenso pela Justi\u00e7a.<br \/>\n7 \u2013 Kevin Krieger, coordenador da campanha vitoriosa de Marchezan, foi secret\u00e1rio de Rela\u00e7\u00f5es Institucionais e Articula\u00e7\u00e3o Pol\u00edtica e considerado bra\u00e7o direito do prefeito. Tamb\u00e9m saiu alegando motivos pessoais, em 4 de maio. Semanas antes, Krieger havia feito chegar aos jornais seu descontentamento. Estaria se sentindo escanteado.<br \/>\n8 \u2013 O diretor de Jornalismo da Prefeitura Alexandre Bach ficou apenas tr\u00eas semanas no cargo. Na sexta-feira, dia 16 de junho, pediu demiss\u00e3o. \u201cN\u00e3o houve crise alguma na minha sa\u00edda, a decis\u00e3o foi minha porque n\u00e3o consegui conciliar o trabalho na Prefeitura com a atividade que priorizei desde que sa\u00ed da RBS, a produ\u00e7\u00e3o de livros\u201d, justificou o jornalista.<br \/>\n9 \u2013 Ainda em fevereiro, a baixa foi na Carris. Ap\u00f3s 20 anos no cargo, o presidente nomeado por Marchezan pediu para sair. Lu\u00eds Fernando Ferreira tinha o perfil para a vaga: empreendedor, selecionado atrav\u00e9s do banco de talentos, especializado em gest\u00e3o de empresas em crise. Assumiu com a miss\u00e3o de reverter os maus resultados acumulados pela Carris nos \u00faltimos anos. Pediu demiss\u00e3o 20 dias depois.<br \/>\n10 \u2013 Em mar\u00e7o, o adjunto da Secretaria Municipal de Administra\u00e7\u00e3o foi demitido. Carlos Fett ocupava cargo em comiss\u00e3o desde a gest\u00e3o Fortunati. Em paralelo, atuava como pr\u00e9-reitor de assuntos institucionais do grupo Facinepe, investigado pelo Minist\u00e9rio da Educa\u00e7\u00e3o por suspeita de irregularidades em cursos de p\u00f3s-gradua\u00e7\u00e3o.<br \/>\n11 \u2013 Em 18 de julho, a procuradora-geral da Carris Jaqueline Sim\u00f5es pediu desligamento, tamb\u00e9m, por motivos pessoais.<br \/>\n12 \u2013 A chefe de gabinete de Marchezan, Neiva Dalchiavon, deixou o cargo em 1 de junho, por raz\u00f5es pessoais.<br \/>\n13 &#8211; Em 15\/09, a jornalista T\u00e2nia Moreira, secret\u00e1ria de Comunica\u00e7\u00e3o da Prefeitura, pediu demiss\u00e3o.<br \/>\n14 \u2013 Em 17\/10, o presidente da Fasc, Solimar Amaro, pediu demiss\u00e3o do gargo. Ele reformulou cerca de 70% dos contratos da FASC, mas saiu alegando desgastes emocional pela press\u00e3o sofrida no cargo.<\/p>\n","protected":false},"excerpt":{"rendered":"<p>Maria de F\u00e1tima Z\u00e1chia Paludo informou nesta segunda-feira, 30\/10, que n\u00e3o ir\u00e1 continuar no cargo de secret\u00e1ria municipal de Desenvolvimento Social de Porto Alegre (SDS). A ex-defensora p\u00fablica pediu exonera\u00e7\u00e3o do posto e, segundo a prefeitura, Denise Russo, secret\u00e1ria adjunta da pasta, ir\u00e1 assumir interinamente o comando da SDS. &#8220;A secret\u00e1ria municipal-adjunta de Desenvolvimento Social [&hellip;]<\/p>\n","protected":false},"author":4,"featured_media":56907,"comment_status":"open","ping_status":"closed","sticky":false,"template":"","format":"standard","meta":{"_jetpack_newsletter_access":"","_jetpack_dont_email_post_to_subs":false,"_jetpack_newsletter_tier_id":0,"_jetpack_memberships_contains_paywalled_content":false,"_jetpack_feature_clip_id":0,"_jetpack_memberships_contains_paid_content":false,"footnotes":"","jetpack_post_was_ever_published":false},"categories":[26],"tags":[],"class_list":["post-56906","post","type-post","status-publish","format-standard","has-post-thumbnail","hentry","category-geral"],"aioseo_notices":[],"aioseo_head":"\n\t\t<!-- All in One SEO 5.0.1.1 - aioseo.com -->\n\t<meta name=\"robots\" content=\"max-image-preview:large\" \/>\n\t<meta name=\"author\" content=\"da Reda\u00e7\u00e3o\"\/>\n\t<link rel=\"canonical\" href=\"https:\/\/www.jornalja.com.br\/arquivo\/secretaria-de-desenvolvimento-social-de-porto-alegre-pede-demissao-e-a-15a-queda-no-governo-marchezan\/\" \/>\n\t<meta name=\"generator\" content=\"All in One SEO (AIOSEO) 5.0.1.1\" \/>\n\t\t<meta property=\"og:locale\" content=\"pt_BR\" \/>\n\t\t<meta property=\"og:site_name\" content=\"Arquivo | Jornal J\u00c1 | Porto Alegre\" \/>\n\t\t<meta property=\"og:type\" content=\"article\" \/>\n\t\t<meta property=\"og:title\" content=\"Secret\u00e1ria de Desenvolvimento Social pede demiss\u00e3o, \u00e9 a 15\u00aa queda no Governo Marchezan | Arquivo\" \/>\n\t\t<meta property=\"og:url\" content=\"https:\/\/www.jornalja.com.br\/arquivo\/secretaria-de-desenvolvimento-social-de-porto-alegre-pede-demissao-e-a-15a-queda-no-governo-marchezan\/\" \/>\n\t\t<meta property=\"og:image\" content=\"https:\/\/www.jornalja.com.br\/economics\/wp-content\/uploads\/sites\/11\/2026\/08\/ja-folhaderosto-facebook.jpg\" \/>\n\t\t<meta property=\"og:image:secure_url\" content=\"https:\/\/www.jornalja.com.br\/economics\/wp-content\/uploads\/sites\/11\/2026\/08\/ja-folhaderosto-facebook.jpg\" \/>\n\t\t<meta property=\"article:published_time\" content=\"2017-10-30T22:00:49+00:00\" \/>\n\t\t<meta property=\"article:modified_time\" content=\"2017-10-30T22:00:49+00:00\" \/>\n\t\t<meta name=\"twitter:card\" content=\"summary\" \/>\n\t\t<meta name=\"twitter:title\" content=\"Secret\u00e1ria de Desenvolvimento Social pede demiss\u00e3o, \u00e9 a 15\u00aa queda no Governo Marchezan | Arquivo\" \/>\n\t\t<meta name=\"twitter:image\" content=\"https:\/\/www.jornalja.com.br\/economics\/wp-content\/uploads\/sites\/11\/2026\/08\/ja-folhaderosto-facebook.jpg\" \/>\n\t\t<script type=\"application\/ld+json\" class=\"aioseo-schema\">\n\t\t\t{\"@context\":\"https:\\\/\\\/schema.org\",\"@graph\":[{\"@type\":\"BlogPosting\",\"@id\":\"https:\\\/\\\/www.jornalja.com.br\\\/arquivo\\\/secretaria-de-desenvolvimento-social-de-porto-alegre-pede-demissao-e-a-15a-queda-no-governo-marchezan\\\/#blogposting\",\"name\":\"Secret\\u00e1ria de Desenvolvimento Social pede demiss\\u00e3o, \\u00e9 a 15\\u00aa queda no Governo Marchezan | Arquivo\",\"headline\":\"Secret\\u00e1ria de Desenvolvimento Social pede demiss\\u00e3o, \\u00e9 a 15\\u00aa queda no Governo Marchezan\",\"author\":{\"@id\":\"https:\\\/\\\/www.jornalja.com.br\\\/arquivo\\\/author\\\/daredacao\\\/#author\"},\"publisher\":{\"@id\":\"https:\\\/\\\/www.jornalja.com.br\\\/arquivo\\\/#organization\"},\"image\":{\"@type\":\"ImageObject\",\"url\":56907},\"datePublished\":\"2017-10-30T19:00:49-02:00\",\"dateModified\":\"2017-10-30T19:00:49-02:00\",\"inLanguage\":\"pt-BR\",\"mainEntityOfPage\":{\"@id\":\"https:\\\/\\\/www.jornalja.com.br\\\/arquivo\\\/secretaria-de-desenvolvimento-social-de-porto-alegre-pede-demissao-e-a-15a-queda-no-governo-marchezan\\\/#webpage\"},\"isPartOf\":{\"@id\":\"https:\\\/\\\/www.jornalja.com.br\\\/arquivo\\\/secretaria-de-desenvolvimento-social-de-porto-alegre-pede-demissao-e-a-15a-queda-no-governo-marchezan\\\/#webpage\"},\"articleSection\":\"Geral\"},{\"@type\":\"BreadcrumbList\",\"@id\":\"https:\\\/\\\/www.jornalja.com.br\\\/arquivo\\\/secretaria-de-desenvolvimento-social-de-porto-alegre-pede-demissao-e-a-15a-queda-no-governo-marchezan\\\/#breadcrumblist\",\"itemListElement\":[{\"@type\":\"ListItem\",\"@id\":\"https:\\\/\\\/www.jornalja.com.br\\\/arquivo#listItem\",\"position\":1,\"name\":\"Home\",\"item\":\"https:\\\/\\\/www.jornalja.com.br\\\/arquivo\",\"nextItem\":{\"@type\":\"ListItem\",\"@id\":\"https:\\\/\\\/www.jornalja.com.br\\\/arquivo\\\/category\\\/geral\\\/#listItem\",\"name\":\"Geral\"}},{\"@type\":\"ListItem\",\"@id\":\"https:\\\/\\\/www.jornalja.com.br\\\/arquivo\\\/category\\\/geral\\\/#listItem\",\"position\":2,\"name\":\"Geral\",\"item\":\"https:\\\/\\\/www.jornalja.com.br\\\/arquivo\\\/category\\\/geral\\\/\",\"nextItem\":{\"@type\":\"ListItem\",\"@id\":\"https:\\\/\\\/www.jornalja.com.br\\\/arquivo\\\/secretaria-de-desenvolvimento-social-de-porto-alegre-pede-demissao-e-a-15a-queda-no-governo-marchezan\\\/#listItem\",\"name\":\"Secret\\u00e1ria de Desenvolvimento Social pede demiss\\u00e3o, \\u00e9 a 15\\u00aa queda no Governo Marchezan\"},\"previousItem\":{\"@type\":\"ListItem\",\"@id\":\"https:\\\/\\\/www.jornalja.com.br\\\/arquivo#listItem\",\"name\":\"Home\"}},{\"@type\":\"ListItem\",\"@id\":\"https:\\\/\\\/www.jornalja.com.br\\\/arquivo\\\/secretaria-de-desenvolvimento-social-de-porto-alegre-pede-demissao-e-a-15a-queda-no-governo-marchezan\\\/#listItem\",\"position\":3,\"name\":\"Secret\\u00e1ria de Desenvolvimento Social pede demiss\\u00e3o, \\u00e9 a 15\\u00aa queda no Governo Marchezan\",\"previousItem\":{\"@type\":\"ListItem\",\"@id\":\"https:\\\/\\\/www.jornalja.com.br\\\/arquivo\\\/category\\\/geral\\\/#listItem\",\"name\":\"Geral\"}}]},{\"@type\":\"Organization\",\"@id\":\"https:\\\/\\\/www.jornalja.com.br\\\/arquivo\\\/#organization\",\"name\":\"Jornal J\\u00c1\",\"description\":\"Jornal J\\u00c1 | Porto Alegre\",\"url\":\"https:\\\/\\\/www.jornalja.com.br\\\/arquivo\\\/\",\"telephone\":\"+555133307272\",\"logo\":{\"@type\":\"ImageObject\",\"url\":\"https:\\\/\\\/www.jornalja.com.br\\\/wp-content\\\/uploads\\\/cards\\\/JAslogan.png\",\"@id\":\"https:\\\/\\\/www.jornalja.com.br\\\/arquivo\\\/secretaria-de-desenvolvimento-social-de-porto-alegre-pede-demissao-e-a-15a-queda-no-governo-marchezan\\\/#organizationLogo\"},\"image\":{\"@id\":\"https:\\\/\\\/www.jornalja.com.br\\\/arquivo\\\/secretaria-de-desenvolvimento-social-de-porto-alegre-pede-demissao-e-a-15a-queda-no-governo-marchezan\\\/#organizationLogo\"}},{\"@type\":\"Person\",\"@id\":\"https:\\\/\\\/www.jornalja.com.br\\\/arquivo\\\/author\\\/daredacao\\\/#author\",\"url\":\"https:\\\/\\\/www.jornalja.com.br\\\/arquivo\\\/author\\\/daredacao\\\/\",\"name\":\"da Reda\\u00e7\\u00e3o\",\"image\":{\"@type\":\"ImageObject\",\"@id\":\"https:\\\/\\\/www.jornalja.com.br\\\/arquivo\\\/secretaria-de-desenvolvimento-social-de-porto-alegre-pede-demissao-e-a-15a-queda-no-governo-marchezan\\\/#authorImage\",\"url\":\"https:\\\/\\\/secure.gravatar.com\\\/avatar\\\/469fd857d6605ad19919d27ed29d35a968a25f6e8fd9318356bbb7f57aae9c65?s=96&d=mm&r=g\",\"width\":96,\"height\":96,\"caption\":\"da Reda\\u00e7\\u00e3o\"}},{\"@type\":\"WebPage\",\"@id\":\"https:\\\/\\\/www.jornalja.com.br\\\/arquivo\\\/secretaria-de-desenvolvimento-social-de-porto-alegre-pede-demissao-e-a-15a-queda-no-governo-marchezan\\\/#webpage\",\"url\":\"https:\\\/\\\/www.jornalja.com.br\\\/arquivo\\\/secretaria-de-desenvolvimento-social-de-porto-alegre-pede-demissao-e-a-15a-queda-no-governo-marchezan\\\/\",\"name\":\"Secret\\u00e1ria de Desenvolvimento Social pede demiss\\u00e3o, \\u00e9 a 15\\u00aa queda no Governo Marchezan | Arquivo\",\"inLanguage\":\"pt-BR\",\"isPartOf\":{\"@id\":\"https:\\\/\\\/www.jornalja.com.br\\\/arquivo\\\/#website\"},\"breadcrumb\":{\"@id\":\"https:\\\/\\\/www.jornalja.com.br\\\/arquivo\\\/secretaria-de-desenvolvimento-social-de-porto-alegre-pede-demissao-e-a-15a-queda-no-governo-marchezan\\\/#breadcrumblist\"},\"author\":{\"@id\":\"https:\\\/\\\/www.jornalja.com.br\\\/arquivo\\\/author\\\/daredacao\\\/#author\"},\"creator\":{\"@id\":\"https:\\\/\\\/www.jornalja.com.br\\\/arquivo\\\/author\\\/daredacao\\\/#author\"},\"image\":{\"@type\":\"ImageObject\",\"url\":56907,\"@id\":\"https:\\\/\\\/www.jornalja.com.br\\\/arquivo\\\/secretaria-de-desenvolvimento-social-de-porto-alegre-pede-demissao-e-a-15a-queda-no-governo-marchezan\\\/#mainImage\"},\"primaryImageOfPage\":{\"@id\":\"https:\\\/\\\/www.jornalja.com.br\\\/arquivo\\\/secretaria-de-desenvolvimento-social-de-porto-alegre-pede-demissao-e-a-15a-queda-no-governo-marchezan\\\/#mainImage\"},\"datePublished\":\"2017-10-30T19:00:49-02:00\",\"dateModified\":\"2017-10-30T19:00:49-02:00\"},{\"@type\":\"WebSite\",\"@id\":\"https:\\\/\\\/www.jornalja.com.br\\\/arquivo\\\/#website\",\"url\":\"https:\\\/\\\/www.jornalja.com.br\\\/arquivo\\\/\",\"name\":\"Arquivo\",\"description\":\"Jornal J\\u00c1 | Porto Alegre\",\"inLanguage\":\"pt-BR\",\"publisher\":{\"@id\":\"https:\\\/\\\/www.jornalja.com.br\\\/arquivo\\\/#organization\"}}]}\n\t\t<\/script>\n\t\t<!-- All in One SEO -->\n\n","aioseo_head_json":{"title":"Secret\u00e1ria de Desenvolvimento Social pede demiss\u00e3o, \u00e9 a 15\u00aa queda no Governo Marchezan | Arquivo","description":"","canonical_url":"https:\/\/www.jornalja.com.br\/arquivo\/secretaria-de-desenvolvimento-social-de-porto-alegre-pede-demissao-e-a-15a-queda-no-governo-marchezan\/","robots":"max-image-preview:large","keywords":"","webmasterTools":{"miscellaneous":""},"schema":{"@context":"https:\/\/schema.org","@graph":[{"@type":"BlogPosting","@id":"https:\/\/www.jornalja.com.br\/arquivo\/secretaria-de-desenvolvimento-social-de-porto-alegre-pede-demissao-e-a-15a-queda-no-governo-marchezan\/#blogposting","name":"Secret\u00e1ria de Desenvolvimento Social pede demiss\u00e3o, \u00e9 a 15\u00aa queda no Governo Marchezan | Arquivo","headline":"Secret\u00e1ria de Desenvolvimento Social pede demiss\u00e3o, \u00e9 a 15\u00aa queda no Governo Marchezan","author":{"@id":"https:\/\/www.jornalja.com.br\/arquivo\/author\/daredacao\/#author"},"publisher":{"@id":"https:\/\/www.jornalja.com.br\/arquivo\/#organization"},"image":{"@type":"ImageObject","url":56907},"datePublished":"2017-10-30T19:00:49-02:00","dateModified":"2017-10-30T19:00:49-02:00","inLanguage":"pt-BR","mainEntityOfPage":{"@id":"https:\/\/www.jornalja.com.br\/arquivo\/secretaria-de-desenvolvimento-social-de-porto-alegre-pede-demissao-e-a-15a-queda-no-governo-marchezan\/#webpage"},"isPartOf":{"@id":"https:\/\/www.jornalja.com.br\/arquivo\/secretaria-de-desenvolvimento-social-de-porto-alegre-pede-demissao-e-a-15a-queda-no-governo-marchezan\/#webpage"},"articleSection":"Geral"},{"@type":"BreadcrumbList","@id":"https:\/\/www.jornalja.com.br\/arquivo\/secretaria-de-desenvolvimento-social-de-porto-alegre-pede-demissao-e-a-15a-queda-no-governo-marchezan\/#breadcrumblist","itemListElement":[{"@type":"ListItem","@id":"https:\/\/www.jornalja.com.br\/arquivo#listItem","position":1,"name":"Home","item":"https:\/\/www.jornalja.com.br\/arquivo","nextItem":{"@type":"ListItem","@id":"https:\/\/www.jornalja.com.br\/arquivo\/category\/geral\/#listItem","name":"Geral"}},{"@type":"ListItem","@id":"https:\/\/www.jornalja.com.br\/arquivo\/category\/geral\/#listItem","position":2,"name":"Geral","item":"https:\/\/www.jornalja.com.br\/arquivo\/category\/geral\/","nextItem":{"@type":"ListItem","@id":"https:\/\/www.jornalja.com.br\/arquivo\/secretaria-de-desenvolvimento-social-de-porto-alegre-pede-demissao-e-a-15a-queda-no-governo-marchezan\/#listItem","name":"Secret\u00e1ria de Desenvolvimento Social pede demiss\u00e3o, \u00e9 a 15\u00aa queda no Governo Marchezan"},"previousItem":{"@type":"ListItem","@id":"https:\/\/www.jornalja.com.br\/arquivo#listItem","name":"Home"}},{"@type":"ListItem","@id":"https:\/\/www.jornalja.com.br\/arquivo\/secretaria-de-desenvolvimento-social-de-porto-alegre-pede-demissao-e-a-15a-queda-no-governo-marchezan\/#listItem","position":3,"name":"Secret\u00e1ria de Desenvolvimento Social pede demiss\u00e3o, \u00e9 a 15\u00aa queda no Governo Marchezan","previousItem":{"@type":"ListItem","@id":"https:\/\/www.jornalja.com.br\/arquivo\/category\/geral\/#listItem","name":"Geral"}}]},{"@type":"Organization","@id":"https:\/\/www.jornalja.com.br\/arquivo\/#organization","name":"Jornal J\u00c1","description":"Jornal J\u00c1 | Porto Alegre","url":"https:\/\/www.jornalja.com.br\/arquivo\/","telephone":"+555133307272","logo":{"@type":"ImageObject","url":"https:\/\/www.jornalja.com.br\/wp-content\/uploads\/cards\/JAslogan.png","@id":"https:\/\/www.jornalja.com.br\/arquivo\/secretaria-de-desenvolvimento-social-de-porto-alegre-pede-demissao-e-a-15a-queda-no-governo-marchezan\/#organizationLogo"},"image":{"@id":"https:\/\/www.jornalja.com.br\/arquivo\/secretaria-de-desenvolvimento-social-de-porto-alegre-pede-demissao-e-a-15a-queda-no-governo-marchezan\/#organizationLogo"}},{"@type":"Person","@id":"https:\/\/www.jornalja.com.br\/arquivo\/author\/daredacao\/#author","url":"https:\/\/www.jornalja.com.br\/arquivo\/author\/daredacao\/","name":"da Reda\u00e7\u00e3o","image":{"@type":"ImageObject","@id":"https:\/\/www.jornalja.com.br\/arquivo\/secretaria-de-desenvolvimento-social-de-porto-alegre-pede-demissao-e-a-15a-queda-no-governo-marchezan\/#authorImage","url":"https:\/\/secure.gravatar.com\/avatar\/469fd857d6605ad19919d27ed29d35a968a25f6e8fd9318356bbb7f57aae9c65?s=96&d=mm&r=g","width":96,"height":96,"caption":"da Reda\u00e7\u00e3o"}},{"@type":"WebPage","@id":"https:\/\/www.jornalja.com.br\/arquivo\/secretaria-de-desenvolvimento-social-de-porto-alegre-pede-demissao-e-a-15a-queda-no-governo-marchezan\/#webpage","url":"https:\/\/www.jornalja.com.br\/arquivo\/secretaria-de-desenvolvimento-social-de-porto-alegre-pede-demissao-e-a-15a-queda-no-governo-marchezan\/","name":"Secret\u00e1ria de Desenvolvimento Social pede demiss\u00e3o, \u00e9 a 15\u00aa queda no Governo Marchezan | Arquivo","inLanguage":"pt-BR","isPartOf":{"@id":"https:\/\/www.jornalja.com.br\/arquivo\/#website"},"breadcrumb":{"@id":"https:\/\/www.jornalja.com.br\/arquivo\/secretaria-de-desenvolvimento-social-de-porto-alegre-pede-demissao-e-a-15a-queda-no-governo-marchezan\/#breadcrumblist"},"author":{"@id":"https:\/\/www.jornalja.com.br\/arquivo\/author\/daredacao\/#author"},"creator":{"@id":"https:\/\/www.jornalja.com.br\/arquivo\/author\/daredacao\/#author"},"image":{"@type":"ImageObject","url":56907,"@id":"https:\/\/www.jornalja.com.br\/arquivo\/secretaria-de-desenvolvimento-social-de-porto-alegre-pede-demissao-e-a-15a-queda-no-governo-marchezan\/#mainImage"},"primaryImageOfPage":{"@id":"https:\/\/www.jornalja.com.br\/arquivo\/secretaria-de-desenvolvimento-social-de-porto-alegre-pede-demissao-e-a-15a-queda-no-governo-marchezan\/#mainImage"},"datePublished":"2017-10-30T19:00:49-02:00","dateModified":"2017-10-30T19:00:49-02:00"},{"@type":"WebSite","@id":"https:\/\/www.jornalja.com.br\/arquivo\/#website","url":"https:\/\/www.jornalja.com.br\/arquivo\/","name":"Arquivo","description":"Jornal J\u00c1 | Porto Alegre","inLanguage":"pt-BR","publisher":{"@id":"https:\/\/www.jornalja.com.br\/arquivo\/#organization"}}]},"og:locale":"pt_BR","og:site_name":"Arquivo | Jornal J\u00c1 | Porto Alegre","og:type":"article","og:title":"Secret\u00e1ria de Desenvolvimento Social pede demiss\u00e3o, \u00e9 a 15\u00aa queda no Governo Marchezan | Arquivo","og:url":"https:\/\/www.jornalja.com.br\/arquivo\/secretaria-de-desenvolvimento-social-de-porto-alegre-pede-demissao-e-a-15a-queda-no-governo-marchezan\/","og:image":"https:\/\/www.jornalja.com.br\/economics\/wp-content\/uploads\/sites\/11\/2026\/08\/ja-folhaderosto-facebook.jpg","og:image:secure_url":"https:\/\/www.jornalja.com.br\/economics\/wp-content\/uploads\/sites\/11\/2026\/08\/ja-folhaderosto-facebook.jpg","article:published_time":"2017-10-30T22:00:49+00:00","article:modified_time":"2017-10-30T22:00:49+00:00","twitter:card":"summary","twitter:title":"Secret\u00e1ria de Desenvolvimento Social pede demiss\u00e3o, \u00e9 a 15\u00aa queda no Governo Marchezan | Arquivo","twitter:image":"https:\/\/www.jornalja.com.br\/economics\/wp-content\/uploads\/sites\/11\/2026\/08\/ja-folhaderosto-facebook.jpg"},"aioseo_meta_data":{"post_id":"56906","title":null,"description":null,"keywords":null,"keyphrases":null,"primary_term":null,"canonical_url":null,"og_title":null,"og_description":null,"og_object_type":"default","og_image_type":"default","og_image_url":null,"og_image_width":null,"og_image_height":null,"og_image_custom_url":null,"og_image_custom_fields":null,"og_video":null,"og_custom_url":null,"og_article_section":null,"og_article_tags":null,"twitter_use_og":false,"twitter_card":"default","twitter_image_type":"default","twitter_image_url":null,"twitter_image_custom_url":null,"twitter_image_custom_fields":null,"twitter_title":null,"twitter_description":null,"schema":{"blockGraphs":[],"customGraphs":[],"default":{"data":{"Article":[],"Course":[],"Dataset":[],"FAQPage":[],"Movie":[],"Person":[],"Product":[],"ProductReview":[],"Car":[],"Recipe":[],"Service":[],"SoftwareApplication":[],"WebPage":[]},"graphName":"","isEnabled":true},"graphs":[],"defaultGraph":"","defaultPostTypeGraph":""},"schema_type":null,"schema_type_options":null,"pillar_content":false,"robots_default":true,"robots_noindex":false,"robots_noarchive":false,"robots_nosnippet":false,"robots_nofollow":false,"robots_noimageindex":false,"robots_noodp":false,"robots_notranslate":false,"robots_max_snippet":null,"robots_max_videopreview":null,"robots_max_imagepreview":"large","priority":null,"frequency":null,"location":null,"local_seo":null,"breadcrumb_settings":null,"limit_modified_date":false,"ai":null,"created":"2020-12-20 20:21:03","updated":"2025-07-20 02:07:24","seo_analyzer_scan_date":null,"focus_keyword":null,"additional_keywords":null,"truseo_locale":null},"jetpack_sharing_enabled":true,"jetpack-related-posts":[{"id":5440,"url":"https:\/\/www.jornalja.com.br\/arquivo\/casarao-da-venancio-destino-permanece-incerto\/","url_meta":{"origin":56906,"position":0},"title":"Estado ainda n\u00e3o sabe o que fazer com casar\u00e3o abandonado h\u00e1 20 anos","author":"Elmar Bones","date":"6 de julho de 2009","format":false,"excerpt":"O casar\u00e3o amarelo, numa esquina nobre de Porto Alegre (Ven\u00e2ncio Aires com Jo\u00e3o Pessoa), j\u00e1 abrigou uma escola. H\u00e1 duas d\u00e9cadas, pelo menos, est\u00e1 abandonado, porque seu propriet\u00e1rio, o governo do Estado do Rio Grande do Sul, n\u00e3o consegue achar um destino para ele. Planos n\u00e3o faltaram. O governador Ol\u00edvio\u2026","rel":"","context":"Em &quot;X.Categorias velhas&quot;","block_context":{"text":"X.Categorias velhas","link":"https:\/\/www.jornalja.com.br\/arquivo\/category\/x-categorias-velhas\/"},"img":{"alt_text":"geraldo1","src":"https:\/\/i0.wp.com\/www.jornalja.com.br\/wp-content\/uploads\/2009\/07\/geraldo1.jpg?resize=350%2C200&ssl=1","width":350,"height":200},"classes":[]},{"id":13124,"url":"https:\/\/www.jornalja.com.br\/arquivo\/sangue-latino-no-iecine\/","url_meta":{"origin":56906,"position":1},"title":"Sangue latino no IECINE","author":"da Reda\u00e7\u00e3o","date":"18 de maio de 2014","format":false,"excerpt":"Francisco Ribeiro O Instituto Estadual de Cinema (IECINE) tem a frente, desde abril \u00faltimo, um novo diretor, o cineasta colombiano Juan Zapata, 36, que substitui Luiz Alberto Cassol. Radicado h\u00e1 dez anos em Porto Alegre, Zapata tem diante de si o desafio de conduzir at\u00e9 o final do ano um\u2026","rel":"","context":"Em &quot;Cultura-Geral&quot;","block_context":{"text":"Cultura-Geral","link":"https:\/\/www.jornalja.com.br\/arquivo\/category\/materiasecundaria\/"},"img":{"alt_text":"","src":"","width":0,"height":0},"classes":[]},{"id":12960,"url":"https:\/\/www.jornalja.com.br\/arquivo\/populacao-culpa-empresas-pela-greve-dos-rodoviarios\/","url_meta":{"origin":56906,"position":2},"title":"Popula\u00e7\u00e3o culpa empresas pela greve","author":"Patr\u00edcia Marini","date":"14 de fevereiro de 2014","format":false,"excerpt":"Pesquisa divulgada na edi\u00e7\u00e3o do jornal Metro desta sexta-feira,14, comprova o velho ditado: \u00e9 poss\u00edvel enganar muitos por algum tempo, mas n\u00e3o \u00e9 poss\u00edvel enganar a todos o tempo inteiro. A principal revela\u00e7\u00e3o foi que 59,8% dos entrevistados apontaram as empresas como as principais respons\u00e1veis pela grave e 46% culparam\u2026","rel":"","context":"Em &quot;X.Categorias velhas&quot;","block_context":{"text":"X.Categorias velhas","link":"https:\/\/www.jornalja.com.br\/arquivo\/category\/x-categorias-velhas\/"},"img":{"alt_text":"","src":"","width":0,"height":0},"classes":[]},{"id":13101,"url":"https:\/\/www.jornalja.com.br\/arquivo\/morre-um-guerreiro-do-texto\/","url_meta":{"origin":56906,"position":3},"title":"Morre um guerreiro do texto","author":"Patr\u00edcia Marini","date":"14 de maio de 2014","format":false,"excerpt":"Por Ricardo Kotscho Reproduzido do blog do autor, 11\/5\/2014; t\u00edtulo original \u201cE l\u00e1 se foi o nosso Myltainho, guerreiro do texto\u201d. Mi\u00fado e franzino, meu amigo Myltainho era um valente e inconformado guerreiro na luta contra as injusti\u00e7as sociais, a hipocrisia, as maracutaias, o autoritarismo, a intoler\u00e2ncia, a viol\u00eancia, o\u2026","rel":"","context":"Em &quot;Geral&quot;","block_context":{"text":"Geral","link":"https:\/\/www.jornalja.com.br\/arquivo\/category\/geral\/"},"img":{"alt_text":"","src":"","width":0,"height":0},"classes":[]},{"id":13240,"url":"https:\/\/www.jornalja.com.br\/arquivo\/plano-diretor-estamos-construindo-o-caos\/","url_meta":{"origin":56906,"position":4},"title":"Plano diretor: &quot;Estamos construindo o caos&quot;","author":"Patr\u00edcia Marini","date":"26 de maio de 2014","format":false,"excerpt":"Desabafo que arquiteta Eliana Castilhos, delegada da Regi\u00e3o de Planejamento 1, postou nas redes sociais \u00e9 um testemunho do ambiente que se criou no Conselho do Plano Diretor de Porto Alegre, onde a aprova\u00e7\u00e3o de grandes empreendimentos \u00e9 empurrada guela abaixo dos conselheiros. Ao CMDUA Como delegada da Regi\u00e3o de\u2026","rel":"","context":"Em &quot;Geral&quot;","block_context":{"text":"Geral","link":"https:\/\/www.jornalja.com.br\/arquivo\/category\/geral\/"},"img":{"alt_text":"","src":"","width":0,"height":0},"classes":[]}],"jetpack_shortlink":"https:\/\/wp.me\/pbQjBd-eNQ","jetpack_featured_media_url":"","_links":{"self":[{"href":"https:\/\/www.jornalja.com.br\/arquivo\/wp-json\/wp\/v2\/posts\/56906","targetHints":{"allow":["GET"]}}],"collection":[{"href":"https:\/\/www.jornalja.com.br\/arquivo\/wp-json\/wp\/v2\/posts"}],"about":[{"href":"https:\/\/www.jornalja.com.br\/arquivo\/wp-json\/wp\/v2\/types\/post"}],"author":[{"embeddable":true,"href":"https:\/\/www.jornalja.com.br\/arquivo\/wp-json\/wp\/v2\/users\/4"}],"replies":[{"embeddable":true,"href":"https:\/\/www.jornalja.com.br\/arquivo\/wp-json\/wp\/v2\/comments?post=56906"}],"version-history":[{"count":0,"href":"https:\/\/www.jornalja.com.br\/arquivo\/wp-json\/wp\/v2\/posts\/56906\/revisions"}],"wp:attachment":[{"href":"https:\/\/www.jornalja.com.br\/arquivo\/wp-json\/wp\/v2\/media?parent=56906"}],"wp:term":[{"taxonomy":"category","embeddable":true,"href":"https:\/\/www.jornalja.com.br\/arquivo\/wp-json\/wp\/v2\/categories?post=56906"},{"taxonomy":"post_tag","embeddable":true,"href":"https:\/\/www.jornalja.com.br\/arquivo\/wp-json\/wp\/v2\/tags?post=56906"}],"curies":[{"name":"wp","href":"https:\/\/api.w.org\/{rel}","templated":true}]}}