{"id":56924,"date":"2017-11-04T12:13:27","date_gmt":"2017-11-04T15:13:27","guid":{"rendered":"https:\/\/www.jornalja.com.br\/?p=56924"},"modified":"2017-11-04T12:13:27","modified_gmt":"2017-11-04T15:13:27","slug":"tribunais-prestarao-servicos-e-orientacoes-ao-cidadao-no-largo-glenio-peres","status":"publish","type":"post","link":"https:\/\/www.jornalja.com.br\/arquivo\/tribunais-prestarao-servicos-e-orientacoes-ao-cidadao-no-largo-glenio-peres\/","title":{"rendered":"Tribunais prestar\u00e3o servi\u00e7os e orienta\u00e7\u00f5es ao cidad\u00e3o no Largo Gl\u00eanio Peres"},"content":{"rendered":"<p>O Poder Judici\u00e1rio est\u00e1 presente no dia a dia da sociedade: quest\u00f5es ambientais, previdenci\u00e1rias, tribut\u00e1rias, trabalhistas, em concilia\u00e7\u00f5es, de direito do consumidor, ado\u00e7\u00f5es, fam\u00edlia, crimes, viol\u00eancia dom\u00e9stica, pleitos eleitorais.<br \/>\nE pensando em promover a aproxima\u00e7\u00e3o com o cidad\u00e3o e alcan\u00e7ar uma presta\u00e7\u00e3o jurisdicional cada vez mais efetiva, as Corregedorias dos Tribunais do Rio Grande do Sul se uniram para realiza\u00e7\u00e3o de uma a\u00e7\u00e3o conjunta que levar\u00e1 a Justi\u00e7a para a rua em Porto Alegre.<br \/>\n\u00c9 o projeto &#8220;<i>Caminhos da Justi\u00e7a&#8221;,<\/i>\u00a0que ser\u00e1 realizado no pr\u00f3ximo dia 9\/11, das 10h \u00e0s 18h, no Largo Gl\u00eanio Peres, Centro Hist\u00f3rico de Porto Alegre.<br \/>\nNeste dia, magistrados e servidores dos Tribunais de Justi\u00e7a Estadual (TJRS), Federal (TRF 4), Eleitoral (TRE) e do Trabalho (TRT 4) estar\u00e3o prestando servi\u00e7os, orienta\u00e7\u00f5es e informa\u00e7\u00f5es em geral.<br \/>\nEm caso de chuva, o evento ser\u00e1 transferido.<br \/>\nConfira os servi\u00e7os que ser\u00e3o oferecidos gratuitamente \u00e0 popula\u00e7\u00e3o:<br \/>\n<span class=\"intertit\">Justi\u00e7a Estadual<\/span><\/p>\n<ul>\n<li><em>Consultas sobre registros de nascimento, casamento e \u00f3bito<\/em><\/li>\n<li><em>Protocolo de pedidos de certid\u00f5es dos Cart\u00f3rios Extrajudiciais<\/em><\/li>\n<li><em>Orienta\u00e7\u00f5es sobre a utiliza\u00e7\u00e3o do projeto Solu\u00e7\u00e3o Direta &#8211; Consumidor<\/em><\/li>\n<li><em>Orienta\u00e7\u00f5es da Coordenadoria da Inf\u00e2ncia e Juventude sobre autoriza\u00e7\u00e3o de viagem para crian\u00e7as e adolescentes, divulga\u00e7\u00e3o dos Projetos Entrega Respons\u00e1vel, Deixa o Amor te Surpreender, Seu Filho Cidad\u00e3o e Apadrinhar<\/em><\/li>\n<li><em>Orienta\u00e7\u00f5es sobre os Direitos dos Idosos<\/em><\/li>\n<li><em>Orienta\u00e7\u00f5es da Coordenadoria Estadual das Mulheres em Situa\u00e7\u00e3o de Viol\u00eancia Dom\u00e9stica e Familiar sobre a Lei Maria da Penha<\/em><\/li>\n<li><em>Divulga\u00e7\u00e3o do Casamento Coletivo<\/em><\/li>\n<li><em>Orienta\u00e7\u00f5es sobre Concilia\u00e7\u00e3o e Media\u00e7\u00e3o<\/em><\/li>\n<li><em>Servi\u00e7o de Ouvidoria<\/em><\/li>\n<\/ul>\n<p><span class=\"intertit\">Justi\u00e7a do Trabalho<\/span><\/p>\n<ul>\n<li><em>Magistrados esclarecer\u00e3o d\u00favidas sobre direitos e deveres dos trabalhadores e o funcionamento da Justi\u00e7a Trabalhista<\/em><\/li>\n<li><em>Servidores estar\u00e3o \u00e0 disposi\u00e7\u00e3o para esclarecimentos sobre os servi\u00e7os da Institui\u00e7\u00e3o e distribuir\u00e3o material informativo, incluindo publica\u00e7\u00f5es sobre seguran\u00e7a no trabalho e combate ao trabalho infantil\u00a0&#8211; destaque a para edi\u00e7\u00e3o especial do gibi da Turma da M\u00f4nica sobre\u00a0o tema.<\/em><\/li>\n<li><em>Ouvidoria\u00a0auxiliar\u00e1\u00a0os cidad\u00e3os em consultas processuais e\u00a0receber\u00e1 d\u00favidas, reclama\u00e7\u00f5es e sugest\u00f5es sobre os servi\u00e7os da Justi\u00e7a do Trabalho ga\u00facha.<\/em><\/li>\n<\/ul>\n<p><span class=\"intertit\">Justi\u00e7a Federal<\/span><\/p>\n<ul>\n<li><em>Refugiados: informa\u00e7\u00f5es sobre documenta\u00e7\u00e3o e naturaliza\u00e7\u00e3o<\/em><\/li>\n<li><em>Ajuizamento: ingresso de a\u00e7\u00f5es de at\u00e9 60 sal\u00e1rios m\u00ednimos<\/em><\/li>\n<li><em>Certid\u00f5es: emiss\u00e3o de certid\u00f5es negativas<\/em><\/li>\n<li><em>eproc: cadastramento de advogados no processo eletr\u00f4nico da Justi\u00e7a Federal da 4\u00aa Regi\u00e3o<\/em><\/li>\n<li><em>Concilia\u00e7\u00e3o: saiba como conciliar sua demanda antes de entrar com a\u00e7\u00e3o judicial ou com o processo em andamento<\/em><\/li>\n<li><em>Transpar\u00eancia P\u00fablica e Ouvidoria: registro de d\u00favidas,\u00a0\u00a0sugest\u00f5es ou reclama\u00e7\u00f5es sobre a Justi\u00e7a Federal<\/em><\/li>\n<li><em>Informa\u00e7\u00f5es sobre o andamento de processos<\/em><\/li>\n<\/ul>\n<p><span class=\"intertit\">Justi\u00e7a Eleitoral<\/span><\/p>\n<ul>\n<li><em>Agendamento de atendimentos (biometria e outros)<\/em><\/li>\n<li><em>Emiss\u00e3o de certid\u00f5es<\/em><\/li>\n<li><em>Regulariza\u00e7\u00e3o de situa\u00e7\u00e3o dos eleitores<\/em><\/li>\n<li><em>Esclarecimento de d\u00favidas sobre a urna eletr\u00f4nica, o sistema de vota\u00e7\u00e3o, a apura\u00e7\u00e3o e totaliza\u00e7\u00e3o dos votos, o voto impresso, etc<\/em><\/li>\n<li><em>Explana\u00e7\u00f5es sobre a hist\u00f3ria da Justi\u00e7a Eleitoral a cria\u00e7\u00e3o do sistema eletr\u00f4nico de vota\u00e7\u00e3o<\/em><\/li>\n<\/ul>\n","protected":false},"excerpt":{"rendered":"<p>O Poder Judici\u00e1rio est\u00e1 presente no dia a dia da sociedade: quest\u00f5es ambientais, previdenci\u00e1rias, tribut\u00e1rias, trabalhistas, em concilia\u00e7\u00f5es, de direito do consumidor, ado\u00e7\u00f5es, fam\u00edlia, crimes, viol\u00eancia dom\u00e9stica, pleitos eleitorais. E pensando em promover a aproxima\u00e7\u00e3o com o cidad\u00e3o e alcan\u00e7ar uma presta\u00e7\u00e3o jurisdicional cada vez mais efetiva, as Corregedorias dos Tribunais do Rio Grande do [&hellip;]<\/p>\n","protected":false},"author":4,"featured_media":0,"comment_status":"open","ping_status":"closed","sticky":false,"template":"","format":"standard","meta":{"_jetpack_newsletter_access":"","_jetpack_dont_email_post_to_subs":false,"_jetpack_newsletter_tier_id":0,"_jetpack_memberships_contains_paywalled_content":false,"_jetpack_feature_clip_id":0,"_jetpack_memberships_contains_paid_content":false,"footnotes":"","jetpack_post_was_ever_published":false},"categories":[2022],"tags":[],"class_list":["post-56924","post","type-post","status-publish","format-standard","hentry","category-notas"],"aioseo_notices":[],"aioseo_head":"\n\t\t<!-- All in One SEO 5.0.1.1 - aioseo.com -->\n\t<meta name=\"robots\" content=\"max-image-preview:large\" \/>\n\t<meta name=\"author\" content=\"da Reda\u00e7\u00e3o\"\/>\n\t<link rel=\"canonical\" href=\"https:\/\/www.jornalja.com.br\/arquivo\/tribunais-prestarao-servicos-e-orientacoes-ao-cidadao-no-largo-glenio-peres\/\" \/>\n\t<meta name=\"generator\" content=\"All in One SEO (AIOSEO) 5.0.1.1\" \/>\n\t\t<meta property=\"og:locale\" content=\"pt_BR\" \/>\n\t\t<meta property=\"og:site_name\" content=\"Arquivo | Jornal J\u00c1 | Porto Alegre\" \/>\n\t\t<meta property=\"og:type\" content=\"article\" \/>\n\t\t<meta property=\"og:title\" content=\"Tribunais prestar\u00e3o servi\u00e7os e orienta\u00e7\u00f5es ao cidad\u00e3o no Largo Gl\u00eanio Peres | Arquivo\" \/>\n\t\t<meta property=\"og:url\" content=\"https:\/\/www.jornalja.com.br\/arquivo\/tribunais-prestarao-servicos-e-orientacoes-ao-cidadao-no-largo-glenio-peres\/\" \/>\n\t\t<meta property=\"og:image\" content=\"https:\/\/www.jornalja.com.br\/economics\/wp-content\/uploads\/sites\/11\/2026\/08\/ja-folhaderosto-facebook.jpg\" \/>\n\t\t<meta property=\"og:image:secure_url\" content=\"https:\/\/www.jornalja.com.br\/economics\/wp-content\/uploads\/sites\/11\/2026\/08\/ja-folhaderosto-facebook.jpg\" \/>\n\t\t<meta property=\"article:published_time\" content=\"2017-11-04T15:13:27+00:00\" \/>\n\t\t<meta property=\"article:modified_time\" content=\"2017-11-04T15:13:27+00:00\" \/>\n\t\t<meta name=\"twitter:card\" content=\"summary\" \/>\n\t\t<meta name=\"twitter:title\" content=\"Tribunais prestar\u00e3o servi\u00e7os e orienta\u00e7\u00f5es ao cidad\u00e3o no Largo Gl\u00eanio Peres | Arquivo\" \/>\n\t\t<meta name=\"twitter:image\" content=\"https:\/\/www.jornalja.com.br\/economics\/wp-content\/uploads\/sites\/11\/2026\/08\/ja-folhaderosto-facebook.jpg\" \/>\n\t\t<script type=\"application\/ld+json\" class=\"aioseo-schema\">\n\t\t\t{\"@context\":\"https:\\\/\\\/schema.org\",\"@graph\":[{\"@type\":\"BlogPosting\",\"@id\":\"https:\\\/\\\/www.jornalja.com.br\\\/arquivo\\\/tribunais-prestarao-servicos-e-orientacoes-ao-cidadao-no-largo-glenio-peres\\\/#blogposting\",\"name\":\"Tribunais prestar\\u00e3o servi\\u00e7os e orienta\\u00e7\\u00f5es ao cidad\\u00e3o no Largo Gl\\u00eanio Peres | Arquivo\",\"headline\":\"Tribunais prestar\\u00e3o servi\\u00e7os e orienta\\u00e7\\u00f5es ao cidad\\u00e3o no Largo Gl\\u00eanio Peres\",\"author\":{\"@id\":\"https:\\\/\\\/www.jornalja.com.br\\\/arquivo\\\/author\\\/daredacao\\\/#author\"},\"publisher\":{\"@id\":\"https:\\\/\\\/www.jornalja.com.br\\\/arquivo\\\/#organization\"},\"image\":{\"@type\":\"ImageObject\",\"url\":\"https:\\\/\\\/www.jornalja.com.br\\\/wp-content\\\/uploads\\\/cards\\\/JAslogan.png\",\"@id\":\"https:\\\/\\\/www.jornalja.com.br\\\/arquivo\\\/#articleImage\"},\"datePublished\":\"2017-11-04T12:13:27-02:00\",\"dateModified\":\"2017-11-04T12:13:27-02:00\",\"inLanguage\":\"pt-BR\",\"mainEntityOfPage\":{\"@id\":\"https:\\\/\\\/www.jornalja.com.br\\\/arquivo\\\/tribunais-prestarao-servicos-e-orientacoes-ao-cidadao-no-largo-glenio-peres\\\/#webpage\"},\"isPartOf\":{\"@id\":\"https:\\\/\\\/www.jornalja.com.br\\\/arquivo\\\/tribunais-prestarao-servicos-e-orientacoes-ao-cidadao-no-largo-glenio-peres\\\/#webpage\"},\"articleSection\":\"NOTAS\"},{\"@type\":\"BreadcrumbList\",\"@id\":\"https:\\\/\\\/www.jornalja.com.br\\\/arquivo\\\/tribunais-prestarao-servicos-e-orientacoes-ao-cidadao-no-largo-glenio-peres\\\/#breadcrumblist\",\"itemListElement\":[{\"@type\":\"ListItem\",\"@id\":\"https:\\\/\\\/www.jornalja.com.br\\\/arquivo#listItem\",\"position\":1,\"name\":\"Home\",\"item\":\"https:\\\/\\\/www.jornalja.com.br\\\/arquivo\",\"nextItem\":{\"@type\":\"ListItem\",\"@id\":\"https:\\\/\\\/www.jornalja.com.br\\\/arquivo\\\/category\\\/notas\\\/#listItem\",\"name\":\"NOTAS\"}},{\"@type\":\"ListItem\",\"@id\":\"https:\\\/\\\/www.jornalja.com.br\\\/arquivo\\\/category\\\/notas\\\/#listItem\",\"position\":2,\"name\":\"NOTAS\",\"item\":\"https:\\\/\\\/www.jornalja.com.br\\\/arquivo\\\/category\\\/notas\\\/\",\"nextItem\":{\"@type\":\"ListItem\",\"@id\":\"https:\\\/\\\/www.jornalja.com.br\\\/arquivo\\\/tribunais-prestarao-servicos-e-orientacoes-ao-cidadao-no-largo-glenio-peres\\\/#listItem\",\"name\":\"Tribunais prestar\\u00e3o servi\\u00e7os e orienta\\u00e7\\u00f5es ao cidad\\u00e3o no Largo Gl\\u00eanio Peres\"},\"previousItem\":{\"@type\":\"ListItem\",\"@id\":\"https:\\\/\\\/www.jornalja.com.br\\\/arquivo#listItem\",\"name\":\"Home\"}},{\"@type\":\"ListItem\",\"@id\":\"https:\\\/\\\/www.jornalja.com.br\\\/arquivo\\\/tribunais-prestarao-servicos-e-orientacoes-ao-cidadao-no-largo-glenio-peres\\\/#listItem\",\"position\":3,\"name\":\"Tribunais prestar\\u00e3o servi\\u00e7os e orienta\\u00e7\\u00f5es ao cidad\\u00e3o no Largo Gl\\u00eanio Peres\",\"previousItem\":{\"@type\":\"ListItem\",\"@id\":\"https:\\\/\\\/www.jornalja.com.br\\\/arquivo\\\/category\\\/notas\\\/#listItem\",\"name\":\"NOTAS\"}}]},{\"@type\":\"Organization\",\"@id\":\"https:\\\/\\\/www.jornalja.com.br\\\/arquivo\\\/#organization\",\"name\":\"Jornal J\\u00c1\",\"description\":\"Jornal J\\u00c1 | Porto Alegre\",\"url\":\"https:\\\/\\\/www.jornalja.com.br\\\/arquivo\\\/\",\"telephone\":\"+555133307272\",\"logo\":{\"@type\":\"ImageObject\",\"url\":\"https:\\\/\\\/www.jornalja.com.br\\\/wp-content\\\/uploads\\\/cards\\\/JAslogan.png\",\"@id\":\"https:\\\/\\\/www.jornalja.com.br\\\/arquivo\\\/tribunais-prestarao-servicos-e-orientacoes-ao-cidadao-no-largo-glenio-peres\\\/#organizationLogo\"},\"image\":{\"@id\":\"https:\\\/\\\/www.jornalja.com.br\\\/arquivo\\\/tribunais-prestarao-servicos-e-orientacoes-ao-cidadao-no-largo-glenio-peres\\\/#organizationLogo\"}},{\"@type\":\"Person\",\"@id\":\"https:\\\/\\\/www.jornalja.com.br\\\/arquivo\\\/author\\\/daredacao\\\/#author\",\"url\":\"https:\\\/\\\/www.jornalja.com.br\\\/arquivo\\\/author\\\/daredacao\\\/\",\"name\":\"da Reda\\u00e7\\u00e3o\",\"image\":{\"@type\":\"ImageObject\",\"@id\":\"https:\\\/\\\/www.jornalja.com.br\\\/arquivo\\\/tribunais-prestarao-servicos-e-orientacoes-ao-cidadao-no-largo-glenio-peres\\\/#authorImage\",\"url\":\"https:\\\/\\\/secure.gravatar.com\\\/avatar\\\/469fd857d6605ad19919d27ed29d35a968a25f6e8fd9318356bbb7f57aae9c65?s=96&d=mm&r=g\",\"width\":96,\"height\":96,\"caption\":\"da Reda\\u00e7\\u00e3o\"}},{\"@type\":\"WebPage\",\"@id\":\"https:\\\/\\\/www.jornalja.com.br\\\/arquivo\\\/tribunais-prestarao-servicos-e-orientacoes-ao-cidadao-no-largo-glenio-peres\\\/#webpage\",\"url\":\"https:\\\/\\\/www.jornalja.com.br\\\/arquivo\\\/tribunais-prestarao-servicos-e-orientacoes-ao-cidadao-no-largo-glenio-peres\\\/\",\"name\":\"Tribunais prestar\\u00e3o servi\\u00e7os e orienta\\u00e7\\u00f5es ao cidad\\u00e3o no Largo Gl\\u00eanio Peres | Arquivo\",\"inLanguage\":\"pt-BR\",\"isPartOf\":{\"@id\":\"https:\\\/\\\/www.jornalja.com.br\\\/arquivo\\\/#website\"},\"breadcrumb\":{\"@id\":\"https:\\\/\\\/www.jornalja.com.br\\\/arquivo\\\/tribunais-prestarao-servicos-e-orientacoes-ao-cidadao-no-largo-glenio-peres\\\/#breadcrumblist\"},\"author\":{\"@id\":\"https:\\\/\\\/www.jornalja.com.br\\\/arquivo\\\/author\\\/daredacao\\\/#author\"},\"creator\":{\"@id\":\"https:\\\/\\\/www.jornalja.com.br\\\/arquivo\\\/author\\\/daredacao\\\/#author\"},\"datePublished\":\"2017-11-04T12:13:27-02:00\",\"dateModified\":\"2017-11-04T12:13:27-02:00\"},{\"@type\":\"WebSite\",\"@id\":\"https:\\\/\\\/www.jornalja.com.br\\\/arquivo\\\/#website\",\"url\":\"https:\\\/\\\/www.jornalja.com.br\\\/arquivo\\\/\",\"name\":\"Arquivo\",\"description\":\"Jornal J\\u00c1 | Porto Alegre\",\"inLanguage\":\"pt-BR\",\"publisher\":{\"@id\":\"https:\\\/\\\/www.jornalja.com.br\\\/arquivo\\\/#organization\"}}]}\n\t\t<\/script>\n\t\t<!-- All in One SEO -->\n\n","aioseo_head_json":{"title":"Tribunais prestar\u00e3o servi\u00e7os e orienta\u00e7\u00f5es ao cidad\u00e3o no Largo Gl\u00eanio Peres | Arquivo","description":"","canonical_url":"https:\/\/www.jornalja.com.br\/arquivo\/tribunais-prestarao-servicos-e-orientacoes-ao-cidadao-no-largo-glenio-peres\/","robots":"max-image-preview:large","keywords":"","webmasterTools":{"miscellaneous":""},"schema":{"@context":"https:\/\/schema.org","@graph":[{"@type":"BlogPosting","@id":"https:\/\/www.jornalja.com.br\/arquivo\/tribunais-prestarao-servicos-e-orientacoes-ao-cidadao-no-largo-glenio-peres\/#blogposting","name":"Tribunais prestar\u00e3o servi\u00e7os e orienta\u00e7\u00f5es ao cidad\u00e3o no Largo Gl\u00eanio Peres | Arquivo","headline":"Tribunais prestar\u00e3o servi\u00e7os e orienta\u00e7\u00f5es ao cidad\u00e3o no Largo Gl\u00eanio Peres","author":{"@id":"https:\/\/www.jornalja.com.br\/arquivo\/author\/daredacao\/#author"},"publisher":{"@id":"https:\/\/www.jornalja.com.br\/arquivo\/#organization"},"image":{"@type":"ImageObject","url":"https:\/\/www.jornalja.com.br\/wp-content\/uploads\/cards\/JAslogan.png","@id":"https:\/\/www.jornalja.com.br\/arquivo\/#articleImage"},"datePublished":"2017-11-04T12:13:27-02:00","dateModified":"2017-11-04T12:13:27-02:00","inLanguage":"pt-BR","mainEntityOfPage":{"@id":"https:\/\/www.jornalja.com.br\/arquivo\/tribunais-prestarao-servicos-e-orientacoes-ao-cidadao-no-largo-glenio-peres\/#webpage"},"isPartOf":{"@id":"https:\/\/www.jornalja.com.br\/arquivo\/tribunais-prestarao-servicos-e-orientacoes-ao-cidadao-no-largo-glenio-peres\/#webpage"},"articleSection":"NOTAS"},{"@type":"BreadcrumbList","@id":"https:\/\/www.jornalja.com.br\/arquivo\/tribunais-prestarao-servicos-e-orientacoes-ao-cidadao-no-largo-glenio-peres\/#breadcrumblist","itemListElement":[{"@type":"ListItem","@id":"https:\/\/www.jornalja.com.br\/arquivo#listItem","position":1,"name":"Home","item":"https:\/\/www.jornalja.com.br\/arquivo","nextItem":{"@type":"ListItem","@id":"https:\/\/www.jornalja.com.br\/arquivo\/category\/notas\/#listItem","name":"NOTAS"}},{"@type":"ListItem","@id":"https:\/\/www.jornalja.com.br\/arquivo\/category\/notas\/#listItem","position":2,"name":"NOTAS","item":"https:\/\/www.jornalja.com.br\/arquivo\/category\/notas\/","nextItem":{"@type":"ListItem","@id":"https:\/\/www.jornalja.com.br\/arquivo\/tribunais-prestarao-servicos-e-orientacoes-ao-cidadao-no-largo-glenio-peres\/#listItem","name":"Tribunais prestar\u00e3o servi\u00e7os e orienta\u00e7\u00f5es ao cidad\u00e3o no Largo Gl\u00eanio Peres"},"previousItem":{"@type":"ListItem","@id":"https:\/\/www.jornalja.com.br\/arquivo#listItem","name":"Home"}},{"@type":"ListItem","@id":"https:\/\/www.jornalja.com.br\/arquivo\/tribunais-prestarao-servicos-e-orientacoes-ao-cidadao-no-largo-glenio-peres\/#listItem","position":3,"name":"Tribunais prestar\u00e3o servi\u00e7os e orienta\u00e7\u00f5es ao cidad\u00e3o no Largo Gl\u00eanio Peres","previousItem":{"@type":"ListItem","@id":"https:\/\/www.jornalja.com.br\/arquivo\/category\/notas\/#listItem","name":"NOTAS"}}]},{"@type":"Organization","@id":"https:\/\/www.jornalja.com.br\/arquivo\/#organization","name":"Jornal J\u00c1","description":"Jornal J\u00c1 | Porto Alegre","url":"https:\/\/www.jornalja.com.br\/arquivo\/","telephone":"+555133307272","logo":{"@type":"ImageObject","url":"https:\/\/www.jornalja.com.br\/wp-content\/uploads\/cards\/JAslogan.png","@id":"https:\/\/www.jornalja.com.br\/arquivo\/tribunais-prestarao-servicos-e-orientacoes-ao-cidadao-no-largo-glenio-peres\/#organizationLogo"},"image":{"@id":"https:\/\/www.jornalja.com.br\/arquivo\/tribunais-prestarao-servicos-e-orientacoes-ao-cidadao-no-largo-glenio-peres\/#organizationLogo"}},{"@type":"Person","@id":"https:\/\/www.jornalja.com.br\/arquivo\/author\/daredacao\/#author","url":"https:\/\/www.jornalja.com.br\/arquivo\/author\/daredacao\/","name":"da Reda\u00e7\u00e3o","image":{"@type":"ImageObject","@id":"https:\/\/www.jornalja.com.br\/arquivo\/tribunais-prestarao-servicos-e-orientacoes-ao-cidadao-no-largo-glenio-peres\/#authorImage","url":"https:\/\/secure.gravatar.com\/avatar\/469fd857d6605ad19919d27ed29d35a968a25f6e8fd9318356bbb7f57aae9c65?s=96&d=mm&r=g","width":96,"height":96,"caption":"da Reda\u00e7\u00e3o"}},{"@type":"WebPage","@id":"https:\/\/www.jornalja.com.br\/arquivo\/tribunais-prestarao-servicos-e-orientacoes-ao-cidadao-no-largo-glenio-peres\/#webpage","url":"https:\/\/www.jornalja.com.br\/arquivo\/tribunais-prestarao-servicos-e-orientacoes-ao-cidadao-no-largo-glenio-peres\/","name":"Tribunais prestar\u00e3o servi\u00e7os e orienta\u00e7\u00f5es ao cidad\u00e3o no Largo Gl\u00eanio Peres | Arquivo","inLanguage":"pt-BR","isPartOf":{"@id":"https:\/\/www.jornalja.com.br\/arquivo\/#website"},"breadcrumb":{"@id":"https:\/\/www.jornalja.com.br\/arquivo\/tribunais-prestarao-servicos-e-orientacoes-ao-cidadao-no-largo-glenio-peres\/#breadcrumblist"},"author":{"@id":"https:\/\/www.jornalja.com.br\/arquivo\/author\/daredacao\/#author"},"creator":{"@id":"https:\/\/www.jornalja.com.br\/arquivo\/author\/daredacao\/#author"},"datePublished":"2017-11-04T12:13:27-02:00","dateModified":"2017-11-04T12:13:27-02:00"},{"@type":"WebSite","@id":"https:\/\/www.jornalja.com.br\/arquivo\/#website","url":"https:\/\/www.jornalja.com.br\/arquivo\/","name":"Arquivo","description":"Jornal J\u00c1 | Porto Alegre","inLanguage":"pt-BR","publisher":{"@id":"https:\/\/www.jornalja.com.br\/arquivo\/#organization"}}]},"og:locale":"pt_BR","og:site_name":"Arquivo | Jornal J\u00c1 | Porto Alegre","og:type":"article","og:title":"Tribunais prestar\u00e3o servi\u00e7os e orienta\u00e7\u00f5es ao cidad\u00e3o no Largo Gl\u00eanio Peres | Arquivo","og:url":"https:\/\/www.jornalja.com.br\/arquivo\/tribunais-prestarao-servicos-e-orientacoes-ao-cidadao-no-largo-glenio-peres\/","og:image":"https:\/\/www.jornalja.com.br\/economics\/wp-content\/uploads\/sites\/11\/2026\/08\/ja-folhaderosto-facebook.jpg","og:image:secure_url":"https:\/\/www.jornalja.com.br\/economics\/wp-content\/uploads\/sites\/11\/2026\/08\/ja-folhaderosto-facebook.jpg","article:published_time":"2017-11-04T15:13:27+00:00","article:modified_time":"2017-11-04T15:13:27+00:00","twitter:card":"summary","twitter:title":"Tribunais prestar\u00e3o servi\u00e7os e orienta\u00e7\u00f5es ao cidad\u00e3o no Largo Gl\u00eanio Peres | Arquivo","twitter:image":"https:\/\/www.jornalja.com.br\/economics\/wp-content\/uploads\/sites\/11\/2026\/08\/ja-folhaderosto-facebook.jpg"},"aioseo_meta_data":{"post_id":"56924","title":null,"description":null,"keywords":null,"keyphrases":null,"primary_term":null,"canonical_url":null,"og_title":null,"og_description":null,"og_object_type":"default","og_image_type":"default","og_image_url":null,"og_image_width":null,"og_image_height":null,"og_image_custom_url":null,"og_image_custom_fields":null,"og_video":null,"og_custom_url":null,"og_article_section":null,"og_article_tags":null,"twitter_use_og":false,"twitter_card":"default","twitter_image_type":"default","twitter_image_url":null,"twitter_image_custom_url":null,"twitter_image_custom_fields":null,"twitter_title":null,"twitter_description":null,"schema":{"blockGraphs":[],"customGraphs":[],"default":{"data":{"Article":[],"Course":[],"Dataset":[],"FAQPage":[],"Movie":[],"Person":[],"Product":[],"ProductReview":[],"Car":[],"Recipe":[],"Service":[],"SoftwareApplication":[],"WebPage":[]},"graphName":"","isEnabled":true},"graphs":[]},"schema_type":null,"schema_type_options":null,"pillar_content":false,"robots_default":true,"robots_noindex":false,"robots_noarchive":false,"robots_nosnippet":false,"robots_nofollow":false,"robots_noimageindex":false,"robots_noodp":false,"robots_notranslate":false,"robots_max_snippet":null,"robots_max_videopreview":null,"robots_max_imagepreview":"large","priority":null,"frequency":null,"location":null,"local_seo":null,"breadcrumb_settings":null,"limit_modified_date":false,"ai":null,"created":"2020-12-20 20:21:03","updated":"2025-07-20 02:08:48","seo_analyzer_scan_date":null,"focus_keyword":null,"additional_keywords":null,"truseo_locale":null},"jetpack_sharing_enabled":true,"jetpack-related-posts":[{"id":13109,"url":"https:\/\/www.jornalja.com.br\/arquivo\/judiciario-reconhece-poluicao-eletromagnetica\/","url_meta":{"origin":56924,"position":0},"title":"Judici\u00e1rio reconhece polui\u00e7\u00e3o eletromagn\u00e9tica","author":"Patr\u00edcia Marini","date":"16 de maio de 2014","format":false,"excerpt":"A\u00e7\u00e3o de duas associa\u00e7\u00f5es de moradores foi acolhida pelo Tribunal de Justi\u00e7a de S\u00e3o Paulo que. em decis\u00e3o in\u00e9dita, determinou a redu\u00e7\u00e3o do campo eletromagn\u00e9tico gerado pelas linhas de transmiss\u00e3o de energia que cortam os bairros City Boa\u00e7ava e Alto de Pinheiros. \u00c9 a primeira vez que um tribunal do\u2026","rel":"","context":"Em &quot;X.Categorias velhas&quot;","block_context":{"text":"X.Categorias velhas","link":"https:\/\/www.jornalja.com.br\/arquivo\/category\/x-categorias-velhas\/"},"img":{"alt_text":"","src":"","width":0,"height":0},"classes":[]},{"id":13124,"url":"https:\/\/www.jornalja.com.br\/arquivo\/sangue-latino-no-iecine\/","url_meta":{"origin":56924,"position":1},"title":"Sangue latino no IECINE","author":"da Reda\u00e7\u00e3o","date":"18 de maio de 2014","format":false,"excerpt":"Francisco Ribeiro O Instituto Estadual de Cinema (IECINE) tem a frente, desde abril \u00faltimo, um novo diretor, o cineasta colombiano Juan Zapata, 36, que substitui Luiz Alberto Cassol. Radicado h\u00e1 dez anos em Porto Alegre, Zapata tem diante de si o desafio de conduzir at\u00e9 o final do ano um\u2026","rel":"","context":"Em &quot;Cultura-Geral&quot;","block_context":{"text":"Cultura-Geral","link":"https:\/\/www.jornalja.com.br\/arquivo\/category\/materiasecundaria\/"},"img":{"alt_text":"","src":"","width":0,"height":0},"classes":[]},{"id":1280,"url":"https:\/\/www.jornalja.com.br\/arquivo\/o-menino-que-se-tornou-brizola\/","url_meta":{"origin":56924,"position":2},"title":"O Menino que se Tornou Brizola","author":"da Reda\u00e7\u00e3o","date":"28 de julho de 2008","format":false,"excerpt":"Autor: Cleber Dioni A vida de Leonel Brizola, com \u00eanfase para os primeiros anos em Porto Alegre, at\u00e9 o ex\u00edlio no Uruguai e a volta, quinze anos depois. \u00a0\"...\u00c9ramos todos jovens e nos identific\u00e1vamos com aquela massa an\u00f4nima a percorrer as ruas de Porto Alegre, gritando 'Get\u00falio', 'Get\u00falio' e empunhando\u2026","rel":"","context":"Em &quot;Livros&quot;","block_context":{"text":"Livros","link":"https:\/\/www.jornalja.com.br\/arquivo\/category\/livros\/"},"img":{"alt_text":"","src":"https:\/\/i0.wp.com\/www.jornalja.com.br\/wp-content\/uploads\/2008\/07\/brizola.gif?resize=350%2C200&ssl=1","width":350,"height":200},"classes":[]},{"id":14241,"url":"https:\/\/www.jornalja.com.br\/arquivo\/o-guaiba-nas-imagens-poeticas-de-achutti\/","url_meta":{"origin":56924,"position":3},"title":"O Gua\u00edba nas imagens po\u00e9ticas de Achutti","author":"da Reda\u00e7\u00e3o","date":"18 de junho de 2014","format":false,"excerpt":"Em \u201cO Gua\u00edba por Achutti\u201d \u2013 obra financiada via Minist\u00e9rio da Cultura, produ\u00e7\u00e3o executiva de Pedro Longhi, e Fl\u00e1vio Wild como designer \u2013, o fot\u00f3grafo revela a beleza e as mazelas de um espa\u00e7o aqu\u00e1tico de \u00e1guas sempre renovadas, cheio de hist\u00f3rias e lendas como as das cidades que foram\u2026","rel":"","context":"Em &quot;Cultura-Geral&quot;","block_context":{"text":"Cultura-Geral","link":"https:\/\/www.jornalja.com.br\/arquivo\/category\/materiasecundaria\/"},"img":{"alt_text":"","src":"","width":0,"height":0},"classes":[]},{"id":13240,"url":"https:\/\/www.jornalja.com.br\/arquivo\/plano-diretor-estamos-construindo-o-caos\/","url_meta":{"origin":56924,"position":4},"title":"Plano diretor: &quot;Estamos construindo o caos&quot;","author":"Patr\u00edcia Marini","date":"26 de maio de 2014","format":false,"excerpt":"Desabafo que arquiteta Eliana Castilhos, delegada da Regi\u00e3o de Planejamento 1, postou nas redes sociais \u00e9 um testemunho do ambiente que se criou no Conselho do Plano Diretor de Porto Alegre, onde a aprova\u00e7\u00e3o de grandes empreendimentos \u00e9 empurrada guela abaixo dos conselheiros. Ao CMDUA Como delegada da Regi\u00e3o de\u2026","rel":"","context":"Em &quot;Geral&quot;","block_context":{"text":"Geral","link":"https:\/\/www.jornalja.com.br\/arquivo\/category\/geral\/"},"img":{"alt_text":"","src":"","width":0,"height":0},"classes":[]},{"id":13101,"url":"https:\/\/www.jornalja.com.br\/arquivo\/morre-um-guerreiro-do-texto\/","url_meta":{"origin":56924,"position":5},"title":"Morre um guerreiro do texto","author":"Patr\u00edcia Marini","date":"14 de maio de 2014","format":false,"excerpt":"Por Ricardo Kotscho Reproduzido do blog do autor, 11\/5\/2014; t\u00edtulo original \u201cE l\u00e1 se foi o nosso Myltainho, guerreiro do texto\u201d. Mi\u00fado e franzino, meu amigo Myltainho era um valente e inconformado guerreiro na luta contra as injusti\u00e7as sociais, a hipocrisia, as maracutaias, o autoritarismo, a intoler\u00e2ncia, a viol\u00eancia, o\u2026","rel":"","context":"Em &quot;Geral&quot;","block_context":{"text":"Geral","link":"https:\/\/www.jornalja.com.br\/arquivo\/category\/geral\/"},"img":{"alt_text":"","src":"","width":0,"height":0},"classes":[]}],"jetpack_shortlink":"https:\/\/wp.me\/pbQjBd-eO8","jetpack_featured_media_url":"","_links":{"self":[{"href":"https:\/\/www.jornalja.com.br\/arquivo\/wp-json\/wp\/v2\/posts\/56924","targetHints":{"allow":["GET"]}}],"collection":[{"href":"https:\/\/www.jornalja.com.br\/arquivo\/wp-json\/wp\/v2\/posts"}],"about":[{"href":"https:\/\/www.jornalja.com.br\/arquivo\/wp-json\/wp\/v2\/types\/post"}],"author":[{"embeddable":true,"href":"https:\/\/www.jornalja.com.br\/arquivo\/wp-json\/wp\/v2\/users\/4"}],"replies":[{"embeddable":true,"href":"https:\/\/www.jornalja.com.br\/arquivo\/wp-json\/wp\/v2\/comments?post=56924"}],"version-history":[{"count":0,"href":"https:\/\/www.jornalja.com.br\/arquivo\/wp-json\/wp\/v2\/posts\/56924\/revisions"}],"wp:attachment":[{"href":"https:\/\/www.jornalja.com.br\/arquivo\/wp-json\/wp\/v2\/media?parent=56924"}],"wp:term":[{"taxonomy":"category","embeddable":true,"href":"https:\/\/www.jornalja.com.br\/arquivo\/wp-json\/wp\/v2\/categories?post=56924"},{"taxonomy":"post_tag","embeddable":true,"href":"https:\/\/www.jornalja.com.br\/arquivo\/wp-json\/wp\/v2\/tags?post=56924"}],"curies":[{"name":"wp","href":"https:\/\/api.w.org\/{rel}","templated":true}]}}