{"id":56964,"date":"2017-11-04T18:32:07","date_gmt":"2017-11-04T21:32:07","guid":{"rendered":"https:\/\/www.jornalja.com.br\/?p=56964"},"modified":"2017-11-04T18:32:07","modified_gmt":"2017-11-04T21:32:07","slug":"greve-de-servidores-municipais-ja-e-a-maior-da-historia-de-porto-alegre","status":"publish","type":"post","link":"https:\/\/www.jornalja.com.br\/arquivo\/greve-de-servidores-municipais-ja-e-a-maior-da-historia-de-porto-alegre\/","title":{"rendered":"Greve de servidores municipais j\u00e1 \u00e9 a maior da hist\u00f3ria de Porto Alegre"},"content":{"rendered":"<p>Os servidores municipais de Porto Alegre completaram neste s\u00e1bado, 04\/11, trinta e um dias de greve. A paralisa\u00e7\u00e3o j\u00e1 \u00e9 a maior da hist\u00f3ria e j\u00e1 ultrapassou em 10 dias a segunda colocada, ocorrida durante o governo de Alceu Collares (1986-1989).<br \/>\n&#8220;\u00c9 a maior greve, e \u00e9 o maior ataque aos servidores vindo de uma gest\u00e3o municipal&#8221;, declarou um dos coordenadores do Sindicato dos Municip\u00e1rios de Porto Alegre (Simpa). Sem dar n\u00fameros exatos, o sindicalista tamb\u00e9m disse ser a greve com maior ades\u00e3o do funcionalismo.<br \/>\nOs servidores querem o fim do parcelamento dos sal\u00e1rios e a retirada dos <a href=\"https:\/\/www.jornalja.com.br\/projetos-autorizam-parcelamento-de-salarios-e-alteram-gratificacoes-de-servidores-de-porto-alegre\/\">projetos de leis que modificam o plano de carreira dos municip\u00e1rios, entre outros benef\u00edcios..<\/a><br \/>\n<span class=\"intertit\">Governo n\u00e3o negocia, C\u00e2mara tenta resolver impasse<\/span><br \/>\nA \u00faltima Assembleia, realizada na \u00faltima segunda-feira, decidiu pela continuidade da greve. At\u00e9 agora foram apenas tr\u00eas reuni\u00f5es, sem avan\u00e7o, com o governo, duas com o vice-prefeito Gustavo Paim e outra com o prefeito Nelson Marchezan J\u00fanior, realizada no dia 23 de outubro.<br \/>\nNo dia 24, o prefeito enviou aos municip\u00e1rios e ao Simpa uma proposta para o encerramento da greve. No mesmo dia a categoria rejeitou a proposta e continuou a greve. Desde ent\u00e3o mais nenhum avan\u00e7o, pelo menos entre servidores e governo, que s\u00f3 aceita negociar ap\u00f3s o fim da greve.<br \/>\nSe o prefeito parece ter lavado as m\u00e3os, tendo at\u00e9 viajado para o exterior nos \u00faltimos dias, muitos vereadores vem negociando diariamente com os servidores. A C\u00e2mara al\u00e9m de ser ponto de encontro dos servidores ap\u00f3s as assembleias ou durante as sess\u00f5es plen\u00e1rias, vem sendo o lugar de diversas reuni\u00f5es entre a categoria e os parlamentares.<br \/>\nA \u00faltima, realizada na segunda-feira, dia 30, foi de \u00f3timo grado para o funcionalismo. O encontro entre municip\u00e1rios e vereadores que comp\u00f5e a Comiss\u00e3o Especial que analisa os projetos do Executivo <a href=\"https:\/\/www.jornalja.com.br\/projeto-sobre-funcionalismo-entra-em-regime-de-urgencia-e-deve-ser-derrotado-na-camara\/\">articulou para derrotar<\/a> as propostas o quanto antes em Plen\u00e1rio. Na quarta-feira, uma requisi\u00e7\u00e3o foi aprovada e o PLCE 011\/17, que\u00a0<a href=\"http:\/\/www.camarapoa.rs.gov.br\/processos\/132387\">modifica o sistema de concess\u00e3o dos Regimes Especiais de Trabalho,\u00a0<\/a>entrou em regime de urg\u00eancia e ter\u00e1 parecer conjunto por 4 comiss\u00f5es j\u00e1 na pr\u00f3xima quarta-feira. &#8220;\u00c9 um primeiro passo para acabar com esta greve&#8221;, declarou o presidente da Comiss\u00e3o Especial, vereador Dr. Thiago (DEM).<br \/>\nSe receber o parecer pela rejei\u00e7\u00e3o pelas 4 comiss\u00f5es, o projeto \u00e9 derrotado automaticamente e nem passar\u00e1 pelo plen\u00e1rio.No mesmo dia, pela manh\u00e3, a Comiss\u00e3o vota o relat\u00f3rio dos projetos que est\u00e1 sendo feito pelo vereador Airto Ferronato, que pedir\u00e1 a rejei\u00e7\u00e3o dos projetos. Ferronato anteriormente j\u00e1 avaliou as propostas como &#8220;pesadas demais para o funcionalismo&#8221;.<br \/>\nO Simpa realizar\u00e1 uma nova assembleia no pr\u00f3ximo dia 7. A rejei\u00e7\u00e3o de um dos tr\u00eas projetos pode decretar o fim da greve.<br \/>\n&nbsp;<\/p>\n","protected":false},"excerpt":{"rendered":"<p>Os servidores municipais de Porto Alegre completaram neste s\u00e1bado, 04\/11, trinta e um dias de greve. A paralisa\u00e7\u00e3o j\u00e1 \u00e9 a maior da hist\u00f3ria e j\u00e1 ultrapassou em 10 dias a segunda colocada, ocorrida durante o governo de Alceu Collares (1986-1989). &#8220;\u00c9 a maior greve, e \u00e9 o maior ataque aos servidores vindo de uma [&hellip;]<\/p>\n","protected":false},"author":4,"featured_media":56714,"comment_status":"open","ping_status":"closed","sticky":false,"template":"","format":"standard","meta":{"_jetpack_newsletter_access":"","_jetpack_dont_email_post_to_subs":false,"_jetpack_newsletter_tier_id":0,"_jetpack_memberships_contains_paywalled_content":false,"_jetpack_feature_clip_id":0,"_jetpack_memberships_contains_paid_content":false,"footnotes":"","jetpack_post_was_ever_published":false},"categories":[26],"tags":[],"class_list":["post-56964","post","type-post","status-publish","format-standard","has-post-thumbnail","hentry","category-geral"],"aioseo_notices":[],"aioseo_head":"\n\t\t<!-- All in One SEO 5.0.1.1 - aioseo.com -->\n\t<meta name=\"robots\" content=\"max-image-preview:large\" \/>\n\t<meta name=\"author\" content=\"da Reda\u00e7\u00e3o\"\/>\n\t<link rel=\"canonical\" href=\"https:\/\/www.jornalja.com.br\/arquivo\/greve-de-servidores-municipais-ja-e-a-maior-da-historia-de-porto-alegre\/\" \/>\n\t<meta name=\"generator\" content=\"All in One SEO (AIOSEO) 5.0.1.1\" \/>\n\t\t<meta property=\"og:locale\" content=\"pt_BR\" \/>\n\t\t<meta property=\"og:site_name\" content=\"Arquivo | Jornal J\u00c1 | Porto Alegre\" \/>\n\t\t<meta property=\"og:type\" content=\"article\" \/>\n\t\t<meta property=\"og:title\" content=\"Greve de servidores municipais j\u00e1 \u00e9 a maior da hist\u00f3ria de Porto Alegre | Arquivo\" \/>\n\t\t<meta property=\"og:url\" content=\"https:\/\/www.jornalja.com.br\/arquivo\/greve-de-servidores-municipais-ja-e-a-maior-da-historia-de-porto-alegre\/\" \/>\n\t\t<meta property=\"og:image\" content=\"https:\/\/www.jornalja.com.br\/economics\/wp-content\/uploads\/sites\/11\/2026\/08\/ja-folhaderosto-facebook.jpg\" \/>\n\t\t<meta property=\"og:image:secure_url\" content=\"https:\/\/www.jornalja.com.br\/economics\/wp-content\/uploads\/sites\/11\/2026\/08\/ja-folhaderosto-facebook.jpg\" \/>\n\t\t<meta property=\"article:published_time\" content=\"2017-11-04T21:32:07+00:00\" \/>\n\t\t<meta property=\"article:modified_time\" content=\"2017-11-04T21:32:07+00:00\" \/>\n\t\t<meta name=\"twitter:card\" content=\"summary\" \/>\n\t\t<meta name=\"twitter:title\" content=\"Greve de servidores municipais j\u00e1 \u00e9 a maior da hist\u00f3ria de Porto Alegre | Arquivo\" \/>\n\t\t<meta name=\"twitter:image\" content=\"https:\/\/www.jornalja.com.br\/economics\/wp-content\/uploads\/sites\/11\/2026\/08\/ja-folhaderosto-facebook.jpg\" \/>\n\t\t<script type=\"application\/ld+json\" class=\"aioseo-schema\">\n\t\t\t{\"@context\":\"https:\\\/\\\/schema.org\",\"@graph\":[{\"@type\":\"BlogPosting\",\"@id\":\"https:\\\/\\\/www.jornalja.com.br\\\/arquivo\\\/greve-de-servidores-municipais-ja-e-a-maior-da-historia-de-porto-alegre\\\/#blogposting\",\"name\":\"Greve de servidores municipais j\\u00e1 \\u00e9 a maior da hist\\u00f3ria de Porto Alegre | Arquivo\",\"headline\":\"Greve de servidores municipais j\\u00e1 \\u00e9 a maior da hist\\u00f3ria de Porto Alegre\",\"author\":{\"@id\":\"https:\\\/\\\/www.jornalja.com.br\\\/arquivo\\\/author\\\/daredacao\\\/#author\"},\"publisher\":{\"@id\":\"https:\\\/\\\/www.jornalja.com.br\\\/arquivo\\\/#organization\"},\"image\":{\"@type\":\"ImageObject\",\"url\":56714},\"datePublished\":\"2017-11-04T18:32:07-02:00\",\"dateModified\":\"2017-11-04T18:32:07-02:00\",\"inLanguage\":\"pt-BR\",\"commentCount\":1,\"mainEntityOfPage\":{\"@id\":\"https:\\\/\\\/www.jornalja.com.br\\\/arquivo\\\/greve-de-servidores-municipais-ja-e-a-maior-da-historia-de-porto-alegre\\\/#webpage\"},\"isPartOf\":{\"@id\":\"https:\\\/\\\/www.jornalja.com.br\\\/arquivo\\\/greve-de-servidores-municipais-ja-e-a-maior-da-historia-de-porto-alegre\\\/#webpage\"},\"articleSection\":\"Geral\"},{\"@type\":\"BreadcrumbList\",\"@id\":\"https:\\\/\\\/www.jornalja.com.br\\\/arquivo\\\/greve-de-servidores-municipais-ja-e-a-maior-da-historia-de-porto-alegre\\\/#breadcrumblist\",\"itemListElement\":[{\"@type\":\"ListItem\",\"@id\":\"https:\\\/\\\/www.jornalja.com.br\\\/arquivo#listItem\",\"position\":1,\"name\":\"Home\",\"item\":\"https:\\\/\\\/www.jornalja.com.br\\\/arquivo\",\"nextItem\":{\"@type\":\"ListItem\",\"@id\":\"https:\\\/\\\/www.jornalja.com.br\\\/arquivo\\\/category\\\/geral\\\/#listItem\",\"name\":\"Geral\"}},{\"@type\":\"ListItem\",\"@id\":\"https:\\\/\\\/www.jornalja.com.br\\\/arquivo\\\/category\\\/geral\\\/#listItem\",\"position\":2,\"name\":\"Geral\",\"item\":\"https:\\\/\\\/www.jornalja.com.br\\\/arquivo\\\/category\\\/geral\\\/\",\"nextItem\":{\"@type\":\"ListItem\",\"@id\":\"https:\\\/\\\/www.jornalja.com.br\\\/arquivo\\\/greve-de-servidores-municipais-ja-e-a-maior-da-historia-de-porto-alegre\\\/#listItem\",\"name\":\"Greve de servidores municipais j\\u00e1 \\u00e9 a maior da hist\\u00f3ria de Porto Alegre\"},\"previousItem\":{\"@type\":\"ListItem\",\"@id\":\"https:\\\/\\\/www.jornalja.com.br\\\/arquivo#listItem\",\"name\":\"Home\"}},{\"@type\":\"ListItem\",\"@id\":\"https:\\\/\\\/www.jornalja.com.br\\\/arquivo\\\/greve-de-servidores-municipais-ja-e-a-maior-da-historia-de-porto-alegre\\\/#listItem\",\"position\":3,\"name\":\"Greve de servidores municipais j\\u00e1 \\u00e9 a maior da hist\\u00f3ria de Porto Alegre\",\"previousItem\":{\"@type\":\"ListItem\",\"@id\":\"https:\\\/\\\/www.jornalja.com.br\\\/arquivo\\\/category\\\/geral\\\/#listItem\",\"name\":\"Geral\"}}]},{\"@type\":\"Organization\",\"@id\":\"https:\\\/\\\/www.jornalja.com.br\\\/arquivo\\\/#organization\",\"name\":\"Jornal J\\u00c1\",\"description\":\"Jornal J\\u00c1 | Porto Alegre\",\"url\":\"https:\\\/\\\/www.jornalja.com.br\\\/arquivo\\\/\",\"telephone\":\"+555133307272\",\"logo\":{\"@type\":\"ImageObject\",\"url\":\"https:\\\/\\\/www.jornalja.com.br\\\/wp-content\\\/uploads\\\/cards\\\/JAslogan.png\",\"@id\":\"https:\\\/\\\/www.jornalja.com.br\\\/arquivo\\\/greve-de-servidores-municipais-ja-e-a-maior-da-historia-de-porto-alegre\\\/#organizationLogo\"},\"image\":{\"@id\":\"https:\\\/\\\/www.jornalja.com.br\\\/arquivo\\\/greve-de-servidores-municipais-ja-e-a-maior-da-historia-de-porto-alegre\\\/#organizationLogo\"}},{\"@type\":\"Person\",\"@id\":\"https:\\\/\\\/www.jornalja.com.br\\\/arquivo\\\/author\\\/daredacao\\\/#author\",\"url\":\"https:\\\/\\\/www.jornalja.com.br\\\/arquivo\\\/author\\\/daredacao\\\/\",\"name\":\"da Reda\\u00e7\\u00e3o\",\"image\":{\"@type\":\"ImageObject\",\"@id\":\"https:\\\/\\\/www.jornalja.com.br\\\/arquivo\\\/greve-de-servidores-municipais-ja-e-a-maior-da-historia-de-porto-alegre\\\/#authorImage\",\"url\":\"https:\\\/\\\/secure.gravatar.com\\\/avatar\\\/469fd857d6605ad19919d27ed29d35a968a25f6e8fd9318356bbb7f57aae9c65?s=96&d=mm&r=g\",\"width\":96,\"height\":96,\"caption\":\"da Reda\\u00e7\\u00e3o\"}},{\"@type\":\"WebPage\",\"@id\":\"https:\\\/\\\/www.jornalja.com.br\\\/arquivo\\\/greve-de-servidores-municipais-ja-e-a-maior-da-historia-de-porto-alegre\\\/#webpage\",\"url\":\"https:\\\/\\\/www.jornalja.com.br\\\/arquivo\\\/greve-de-servidores-municipais-ja-e-a-maior-da-historia-de-porto-alegre\\\/\",\"name\":\"Greve de servidores municipais j\\u00e1 \\u00e9 a maior da hist\\u00f3ria de Porto Alegre | Arquivo\",\"inLanguage\":\"pt-BR\",\"isPartOf\":{\"@id\":\"https:\\\/\\\/www.jornalja.com.br\\\/arquivo\\\/#website\"},\"breadcrumb\":{\"@id\":\"https:\\\/\\\/www.jornalja.com.br\\\/arquivo\\\/greve-de-servidores-municipais-ja-e-a-maior-da-historia-de-porto-alegre\\\/#breadcrumblist\"},\"author\":{\"@id\":\"https:\\\/\\\/www.jornalja.com.br\\\/arquivo\\\/author\\\/daredacao\\\/#author\"},\"creator\":{\"@id\":\"https:\\\/\\\/www.jornalja.com.br\\\/arquivo\\\/author\\\/daredacao\\\/#author\"},\"image\":{\"@type\":\"ImageObject\",\"url\":56714,\"@id\":\"https:\\\/\\\/www.jornalja.com.br\\\/arquivo\\\/greve-de-servidores-municipais-ja-e-a-maior-da-historia-de-porto-alegre\\\/#mainImage\"},\"primaryImageOfPage\":{\"@id\":\"https:\\\/\\\/www.jornalja.com.br\\\/arquivo\\\/greve-de-servidores-municipais-ja-e-a-maior-da-historia-de-porto-alegre\\\/#mainImage\"},\"datePublished\":\"2017-11-04T18:32:07-02:00\",\"dateModified\":\"2017-11-04T18:32:07-02:00\"},{\"@type\":\"WebSite\",\"@id\":\"https:\\\/\\\/www.jornalja.com.br\\\/arquivo\\\/#website\",\"url\":\"https:\\\/\\\/www.jornalja.com.br\\\/arquivo\\\/\",\"name\":\"Arquivo\",\"description\":\"Jornal J\\u00c1 | Porto Alegre\",\"inLanguage\":\"pt-BR\",\"publisher\":{\"@id\":\"https:\\\/\\\/www.jornalja.com.br\\\/arquivo\\\/#organization\"}}]}\n\t\t<\/script>\n\t\t<!-- All in One SEO -->\n\n","aioseo_head_json":{"title":"Greve de servidores municipais j\u00e1 \u00e9 a maior da hist\u00f3ria de Porto Alegre | Arquivo","description":"","canonical_url":"https:\/\/www.jornalja.com.br\/arquivo\/greve-de-servidores-municipais-ja-e-a-maior-da-historia-de-porto-alegre\/","robots":"max-image-preview:large","keywords":"","webmasterTools":{"miscellaneous":""},"schema":{"@context":"https:\/\/schema.org","@graph":[{"@type":"BlogPosting","@id":"https:\/\/www.jornalja.com.br\/arquivo\/greve-de-servidores-municipais-ja-e-a-maior-da-historia-de-porto-alegre\/#blogposting","name":"Greve de servidores municipais j\u00e1 \u00e9 a maior da hist\u00f3ria de Porto Alegre | Arquivo","headline":"Greve de servidores municipais j\u00e1 \u00e9 a maior da hist\u00f3ria de Porto Alegre","author":{"@id":"https:\/\/www.jornalja.com.br\/arquivo\/author\/daredacao\/#author"},"publisher":{"@id":"https:\/\/www.jornalja.com.br\/arquivo\/#organization"},"image":{"@type":"ImageObject","url":56714},"datePublished":"2017-11-04T18:32:07-02:00","dateModified":"2017-11-04T18:32:07-02:00","inLanguage":"pt-BR","commentCount":1,"mainEntityOfPage":{"@id":"https:\/\/www.jornalja.com.br\/arquivo\/greve-de-servidores-municipais-ja-e-a-maior-da-historia-de-porto-alegre\/#webpage"},"isPartOf":{"@id":"https:\/\/www.jornalja.com.br\/arquivo\/greve-de-servidores-municipais-ja-e-a-maior-da-historia-de-porto-alegre\/#webpage"},"articleSection":"Geral"},{"@type":"BreadcrumbList","@id":"https:\/\/www.jornalja.com.br\/arquivo\/greve-de-servidores-municipais-ja-e-a-maior-da-historia-de-porto-alegre\/#breadcrumblist","itemListElement":[{"@type":"ListItem","@id":"https:\/\/www.jornalja.com.br\/arquivo#listItem","position":1,"name":"Home","item":"https:\/\/www.jornalja.com.br\/arquivo","nextItem":{"@type":"ListItem","@id":"https:\/\/www.jornalja.com.br\/arquivo\/category\/geral\/#listItem","name":"Geral"}},{"@type":"ListItem","@id":"https:\/\/www.jornalja.com.br\/arquivo\/category\/geral\/#listItem","position":2,"name":"Geral","item":"https:\/\/www.jornalja.com.br\/arquivo\/category\/geral\/","nextItem":{"@type":"ListItem","@id":"https:\/\/www.jornalja.com.br\/arquivo\/greve-de-servidores-municipais-ja-e-a-maior-da-historia-de-porto-alegre\/#listItem","name":"Greve de servidores municipais j\u00e1 \u00e9 a maior da hist\u00f3ria de Porto Alegre"},"previousItem":{"@type":"ListItem","@id":"https:\/\/www.jornalja.com.br\/arquivo#listItem","name":"Home"}},{"@type":"ListItem","@id":"https:\/\/www.jornalja.com.br\/arquivo\/greve-de-servidores-municipais-ja-e-a-maior-da-historia-de-porto-alegre\/#listItem","position":3,"name":"Greve de servidores municipais j\u00e1 \u00e9 a maior da hist\u00f3ria de Porto Alegre","previousItem":{"@type":"ListItem","@id":"https:\/\/www.jornalja.com.br\/arquivo\/category\/geral\/#listItem","name":"Geral"}}]},{"@type":"Organization","@id":"https:\/\/www.jornalja.com.br\/arquivo\/#organization","name":"Jornal J\u00c1","description":"Jornal J\u00c1 | Porto Alegre","url":"https:\/\/www.jornalja.com.br\/arquivo\/","telephone":"+555133307272","logo":{"@type":"ImageObject","url":"https:\/\/www.jornalja.com.br\/wp-content\/uploads\/cards\/JAslogan.png","@id":"https:\/\/www.jornalja.com.br\/arquivo\/greve-de-servidores-municipais-ja-e-a-maior-da-historia-de-porto-alegre\/#organizationLogo"},"image":{"@id":"https:\/\/www.jornalja.com.br\/arquivo\/greve-de-servidores-municipais-ja-e-a-maior-da-historia-de-porto-alegre\/#organizationLogo"}},{"@type":"Person","@id":"https:\/\/www.jornalja.com.br\/arquivo\/author\/daredacao\/#author","url":"https:\/\/www.jornalja.com.br\/arquivo\/author\/daredacao\/","name":"da Reda\u00e7\u00e3o","image":{"@type":"ImageObject","@id":"https:\/\/www.jornalja.com.br\/arquivo\/greve-de-servidores-municipais-ja-e-a-maior-da-historia-de-porto-alegre\/#authorImage","url":"https:\/\/secure.gravatar.com\/avatar\/469fd857d6605ad19919d27ed29d35a968a25f6e8fd9318356bbb7f57aae9c65?s=96&d=mm&r=g","width":96,"height":96,"caption":"da Reda\u00e7\u00e3o"}},{"@type":"WebPage","@id":"https:\/\/www.jornalja.com.br\/arquivo\/greve-de-servidores-municipais-ja-e-a-maior-da-historia-de-porto-alegre\/#webpage","url":"https:\/\/www.jornalja.com.br\/arquivo\/greve-de-servidores-municipais-ja-e-a-maior-da-historia-de-porto-alegre\/","name":"Greve de servidores municipais j\u00e1 \u00e9 a maior da hist\u00f3ria de Porto Alegre | Arquivo","inLanguage":"pt-BR","isPartOf":{"@id":"https:\/\/www.jornalja.com.br\/arquivo\/#website"},"breadcrumb":{"@id":"https:\/\/www.jornalja.com.br\/arquivo\/greve-de-servidores-municipais-ja-e-a-maior-da-historia-de-porto-alegre\/#breadcrumblist"},"author":{"@id":"https:\/\/www.jornalja.com.br\/arquivo\/author\/daredacao\/#author"},"creator":{"@id":"https:\/\/www.jornalja.com.br\/arquivo\/author\/daredacao\/#author"},"image":{"@type":"ImageObject","url":56714,"@id":"https:\/\/www.jornalja.com.br\/arquivo\/greve-de-servidores-municipais-ja-e-a-maior-da-historia-de-porto-alegre\/#mainImage"},"primaryImageOfPage":{"@id":"https:\/\/www.jornalja.com.br\/arquivo\/greve-de-servidores-municipais-ja-e-a-maior-da-historia-de-porto-alegre\/#mainImage"},"datePublished":"2017-11-04T18:32:07-02:00","dateModified":"2017-11-04T18:32:07-02:00"},{"@type":"WebSite","@id":"https:\/\/www.jornalja.com.br\/arquivo\/#website","url":"https:\/\/www.jornalja.com.br\/arquivo\/","name":"Arquivo","description":"Jornal J\u00c1 | Porto Alegre","inLanguage":"pt-BR","publisher":{"@id":"https:\/\/www.jornalja.com.br\/arquivo\/#organization"}}]},"og:locale":"pt_BR","og:site_name":"Arquivo | Jornal J\u00c1 | Porto Alegre","og:type":"article","og:title":"Greve de servidores municipais j\u00e1 \u00e9 a maior da hist\u00f3ria de Porto Alegre | Arquivo","og:url":"https:\/\/www.jornalja.com.br\/arquivo\/greve-de-servidores-municipais-ja-e-a-maior-da-historia-de-porto-alegre\/","og:image":"https:\/\/www.jornalja.com.br\/economics\/wp-content\/uploads\/sites\/11\/2026\/08\/ja-folhaderosto-facebook.jpg","og:image:secure_url":"https:\/\/www.jornalja.com.br\/economics\/wp-content\/uploads\/sites\/11\/2026\/08\/ja-folhaderosto-facebook.jpg","article:published_time":"2017-11-04T21:32:07+00:00","article:modified_time":"2017-11-04T21:32:07+00:00","twitter:card":"summary","twitter:title":"Greve de servidores municipais j\u00e1 \u00e9 a maior da hist\u00f3ria de Porto Alegre | Arquivo","twitter:image":"https:\/\/www.jornalja.com.br\/economics\/wp-content\/uploads\/sites\/11\/2026\/08\/ja-folhaderosto-facebook.jpg"},"aioseo_meta_data":{"post_id":"56964","title":null,"description":null,"keywords":null,"keyphrases":null,"primary_term":null,"canonical_url":null,"og_title":null,"og_description":null,"og_object_type":"default","og_image_type":"default","og_image_url":null,"og_image_width":null,"og_image_height":null,"og_image_custom_url":null,"og_image_custom_fields":null,"og_video":null,"og_custom_url":null,"og_article_section":null,"og_article_tags":null,"twitter_use_og":false,"twitter_card":"default","twitter_image_type":"default","twitter_image_url":null,"twitter_image_custom_url":null,"twitter_image_custom_fields":null,"twitter_title":null,"twitter_description":null,"schema":{"blockGraphs":[],"customGraphs":[],"default":{"data":{"Article":[],"Course":[],"Dataset":[],"FAQPage":[],"Movie":[],"Person":[],"Product":[],"ProductReview":[],"Car":[],"Recipe":[],"Service":[],"SoftwareApplication":[],"WebPage":[]},"graphName":"","isEnabled":true},"graphs":[]},"schema_type":null,"schema_type_options":null,"pillar_content":false,"robots_default":true,"robots_noindex":false,"robots_noarchive":false,"robots_nosnippet":false,"robots_nofollow":false,"robots_noimageindex":false,"robots_noodp":false,"robots_notranslate":false,"robots_max_snippet":null,"robots_max_videopreview":null,"robots_max_imagepreview":"large","priority":null,"frequency":null,"location":null,"local_seo":null,"breadcrumb_settings":null,"limit_modified_date":false,"ai":null,"created":"2020-12-20 20:21:03","updated":"2025-07-20 02:08:48","seo_analyzer_scan_date":null,"focus_keyword":null,"additional_keywords":null,"truseo_locale":null},"jetpack_sharing_enabled":true,"jetpack-related-posts":[{"id":12960,"url":"https:\/\/www.jornalja.com.br\/arquivo\/populacao-culpa-empresas-pela-greve-dos-rodoviarios\/","url_meta":{"origin":56964,"position":0},"title":"Popula\u00e7\u00e3o culpa empresas pela greve","author":"Patr\u00edcia Marini","date":"14 de fevereiro de 2014","format":false,"excerpt":"Pesquisa divulgada na edi\u00e7\u00e3o do jornal Metro desta sexta-feira,14, comprova o velho ditado: \u00e9 poss\u00edvel enganar muitos por algum tempo, mas n\u00e3o \u00e9 poss\u00edvel enganar a todos o tempo inteiro. A principal revela\u00e7\u00e3o foi que 59,8% dos entrevistados apontaram as empresas como as principais respons\u00e1veis pela grave e 46% culparam\u2026","rel":"","context":"Em &quot;X.Categorias velhas&quot;","block_context":{"text":"X.Categorias velhas","link":"https:\/\/www.jornalja.com.br\/arquivo\/category\/x-categorias-velhas\/"},"img":{"alt_text":"","src":"","width":0,"height":0},"classes":[]},{"id":13124,"url":"https:\/\/www.jornalja.com.br\/arquivo\/sangue-latino-no-iecine\/","url_meta":{"origin":56964,"position":1},"title":"Sangue latino no IECINE","author":"da Reda\u00e7\u00e3o","date":"18 de maio de 2014","format":false,"excerpt":"Francisco Ribeiro O Instituto Estadual de Cinema (IECINE) tem a frente, desde abril \u00faltimo, um novo diretor, o cineasta colombiano Juan Zapata, 36, que substitui Luiz Alberto Cassol. Radicado h\u00e1 dez anos em Porto Alegre, Zapata tem diante de si o desafio de conduzir at\u00e9 o final do ano um\u2026","rel":"","context":"Em &quot;Cultura-Geral&quot;","block_context":{"text":"Cultura-Geral","link":"https:\/\/www.jornalja.com.br\/arquivo\/category\/materiasecundaria\/"},"img":{"alt_text":"","src":"","width":0,"height":0},"classes":[]},{"id":1280,"url":"https:\/\/www.jornalja.com.br\/arquivo\/o-menino-que-se-tornou-brizola\/","url_meta":{"origin":56964,"position":2},"title":"O Menino que se Tornou Brizola","author":"da Reda\u00e7\u00e3o","date":"28 de julho de 2008","format":false,"excerpt":"Autor: Cleber Dioni A vida de Leonel Brizola, com \u00eanfase para os primeiros anos em Porto Alegre, at\u00e9 o ex\u00edlio no Uruguai e a volta, quinze anos depois. \u00a0\"...\u00c9ramos todos jovens e nos identific\u00e1vamos com aquela massa an\u00f4nima a percorrer as ruas de Porto Alegre, gritando 'Get\u00falio', 'Get\u00falio' e empunhando\u2026","rel":"","context":"Em &quot;Livros&quot;","block_context":{"text":"Livros","link":"https:\/\/www.jornalja.com.br\/arquivo\/category\/livros\/"},"img":{"alt_text":"","src":"https:\/\/i0.wp.com\/www.jornalja.com.br\/wp-content\/uploads\/2008\/07\/brizola.gif?resize=350%2C200&ssl=1","width":350,"height":200},"classes":[]},{"id":13240,"url":"https:\/\/www.jornalja.com.br\/arquivo\/plano-diretor-estamos-construindo-o-caos\/","url_meta":{"origin":56964,"position":3},"title":"Plano diretor: &quot;Estamos construindo o caos&quot;","author":"Patr\u00edcia Marini","date":"26 de maio de 2014","format":false,"excerpt":"Desabafo que arquiteta Eliana Castilhos, delegada da Regi\u00e3o de Planejamento 1, postou nas redes sociais \u00e9 um testemunho do ambiente que se criou no Conselho do Plano Diretor de Porto Alegre, onde a aprova\u00e7\u00e3o de grandes empreendimentos \u00e9 empurrada guela abaixo dos conselheiros. Ao CMDUA Como delegada da Regi\u00e3o de\u2026","rel":"","context":"Em &quot;Geral&quot;","block_context":{"text":"Geral","link":"https:\/\/www.jornalja.com.br\/arquivo\/category\/geral\/"},"img":{"alt_text":"","src":"","width":0,"height":0},"classes":[]},{"id":14241,"url":"https:\/\/www.jornalja.com.br\/arquivo\/o-guaiba-nas-imagens-poeticas-de-achutti\/","url_meta":{"origin":56964,"position":4},"title":"O Gua\u00edba nas imagens po\u00e9ticas de Achutti","author":"da Reda\u00e7\u00e3o","date":"18 de junho de 2014","format":false,"excerpt":"Em \u201cO Gua\u00edba por Achutti\u201d \u2013 obra financiada via Minist\u00e9rio da Cultura, produ\u00e7\u00e3o executiva de Pedro Longhi, e Fl\u00e1vio Wild como designer \u2013, o fot\u00f3grafo revela a beleza e as mazelas de um espa\u00e7o aqu\u00e1tico de \u00e1guas sempre renovadas, cheio de hist\u00f3rias e lendas como as das cidades que foram\u2026","rel":"","context":"Em &quot;Cultura-Geral&quot;","block_context":{"text":"Cultura-Geral","link":"https:\/\/www.jornalja.com.br\/arquivo\/category\/materiasecundaria\/"},"img":{"alt_text":"","src":"","width":0,"height":0},"classes":[]},{"id":13239,"url":"https:\/\/www.jornalja.com.br\/arquivo\/conselho-desdenha-do-plano-diretor\/","url_meta":{"origin":56964,"position":5},"title":"Porto Alegre: Conselho detona Plano Diretor","author":"Patr\u00edcia Marini","date":"25 de maio de 2014","format":false,"excerpt":"Den\u00fancia do arquiteto e \u00a0urbanista Ibir\u00e1 Santos Lucas. Ele diz que os conselheiros est\u00e3o votando com \"enorme irresponsabilidade\". \"Mudam regime com a maior naturalidade,,,regularizam absurdos de constru\u00e7\u00f5es irregulares... \"O CMDUA est\u00e1 flexibilizando a lei do plano diretor, de uma forma impactante na vida da cidade. Mudam regime com a maior\u2026","rel":"","context":"Em &quot;Geral&quot;","block_context":{"text":"Geral","link":"https:\/\/www.jornalja.com.br\/arquivo\/category\/geral\/"},"img":{"alt_text":"","src":"","width":0,"height":0},"classes":[]}],"jetpack_shortlink":"https:\/\/wp.me\/pbQjBd-eOM","jetpack_featured_media_url":"","_links":{"self":[{"href":"https:\/\/www.jornalja.com.br\/arquivo\/wp-json\/wp\/v2\/posts\/56964","targetHints":{"allow":["GET"]}}],"collection":[{"href":"https:\/\/www.jornalja.com.br\/arquivo\/wp-json\/wp\/v2\/posts"}],"about":[{"href":"https:\/\/www.jornalja.com.br\/arquivo\/wp-json\/wp\/v2\/types\/post"}],"author":[{"embeddable":true,"href":"https:\/\/www.jornalja.com.br\/arquivo\/wp-json\/wp\/v2\/users\/4"}],"replies":[{"embeddable":true,"href":"https:\/\/www.jornalja.com.br\/arquivo\/wp-json\/wp\/v2\/comments?post=56964"}],"version-history":[{"count":0,"href":"https:\/\/www.jornalja.com.br\/arquivo\/wp-json\/wp\/v2\/posts\/56964\/revisions"}],"wp:attachment":[{"href":"https:\/\/www.jornalja.com.br\/arquivo\/wp-json\/wp\/v2\/media?parent=56964"}],"wp:term":[{"taxonomy":"category","embeddable":true,"href":"https:\/\/www.jornalja.com.br\/arquivo\/wp-json\/wp\/v2\/categories?post=56964"},{"taxonomy":"post_tag","embeddable":true,"href":"https:\/\/www.jornalja.com.br\/arquivo\/wp-json\/wp\/v2\/tags?post=56964"}],"curies":[{"name":"wp","href":"https:\/\/api.w.org\/{rel}","templated":true}]}}