{"id":56983,"date":"2017-11-05T16:50:47","date_gmt":"2017-11-05T19:50:47","guid":{"rendered":"https:\/\/www.jornalja.com.br\/?p=56983"},"modified":"2017-11-05T16:50:47","modified_gmt":"2017-11-05T19:50:47","slug":"pcdob-lanca-pre-candidatura-de-manuela-a-presidencia-da-republica","status":"publish","type":"post","link":"https:\/\/www.jornalja.com.br\/arquivo\/pcdob-lanca-pre-candidatura-de-manuela-a-presidencia-da-republica\/","title":{"rendered":"PCdoB lan\u00e7a pr\u00e9 candidatura de Manuela \u00e0 presid\u00eancia da Rep\u00fablica"},"content":{"rendered":"<p>Reunido neste domingo, o Comit\u00ea Central do Partido Comunista do Brasil (PCdoB) decidiu que a deputada estadual do Rio Grande do Sul Manuela D\u2019Avila \u00e9 pr\u00e9-candidata do partido \u00e0 presid\u00eancia da Rep\u00fablica.<br \/>\nManuela \u00e9 formada em jornalismo e \u00e9 deputada estadual, j\u00e1 tendo cumprido tamb\u00e9m dois mandatos como deputada federal. Segundo o comunicado do partido, Manuela foi indicada tr\u00eas vezes pelo Diap como uma das 100 \u201cCabe\u00e7as\u201d do Congresso Nacional e cinco vezes ao Pr\u00eamio Congresso em Foco, que premia os melhores parlamentares do Brasil. Manuela tamb\u00e9m \u00e9 Procuradora Especial da Mulher da Assembleia Legislativa.<br \/>\nEm 2004, com 23 anos, foi eleita a mais jovem vereadora de Porto Alegre. Em 1999, filiou-se \u00e0 Uni\u00e3o da Juventude Socialista (UJS). Tamb\u00e9m foi vice-presidente da Uni\u00e3o Nacional dos Estudantes (UNE).<br \/>\nNo PCdoB, ingressou em 2001 e, em 2013, foi eleita presidente estadual do partido. Na C\u00e2mara Federal, Manuela foi autora da Lei do Est\u00e1gio e relatora do Vale-Cultura e do Estatuto da Juventude.<br \/>\nEsta \u00e9 a primeira vez desde a redemocratiza\u00e7\u00e3o que o PCdoB lan\u00e7a candidato pr\u00f3prio \u00e0 presid\u00eancia, em todos os pleitos anteriores foi aliado do PT.<br \/>\nCom a decis\u00e3o, as elei\u00e7\u00f5es do ano que vem podem ter at\u00e9 quatro candidatos de esquerda: al\u00e9m de Manuela, s\u00e3o pr\u00e9-candidatos o ex-presidente Lula (PT) e o ex-ministro Ciro Gomes (PDT). Ainda o PSOL deve lan\u00e7ar candidatura pr\u00f3pria.<br \/>\n<span class=\"intertit\">Confira a \u00edntegra da nota:<\/span><\/p>\n<ol>\n<li>O Partido Comunista do Brasil decidiu na data de hoje lan\u00e7ar a pr\u00e9-candidatura de Manuela d\u2019\u00c1vila \u00e0 presid\u00eancia da Rep\u00fablica.<\/li>\n<\/ol>\n<ol start=\"2\">\n<li>Trata-se de uma pr\u00e9-candidatura que tem como algumas de suas linhas program\u00e1ticas mais gerais a retomada do crescimento econ\u00f4mico e da industrializa\u00e7\u00e3o; a defesa e amplia\u00e7\u00e3o dos direitos do povo, t\u00e3o atacados pelo atual governo; a reforma do Estado, de forma a torna-lo mais democr\u00e1tico e capaz de induzir o desenvolvimento com distribui\u00e7\u00e3o de renda e valoriza\u00e7\u00e3o do trabalho.<\/li>\n<\/ol>\n<ol start=\"3\">\n<li>Manuela d\u2019\u00c1vila \u00e9 jornalista, tem 36 anos e \u00e9 deputada estadual desde 2014, a mais votada naquele pleito. Cumpriu dois mandatos como deputada federal, tendo sido, nas duas ocasi\u00f5es, a mais votada do Rio do Grande do Sul. Em 2010, teve mais de 400 mil votos, o que representou 8,06% dos sufr\u00e1gios. Foi l\u00edder do PCdoB na C\u00e2mara dos Deputados, indicada tr\u00eas vezes pelo DIAP como uma das 100 \u201cCabe\u00e7as\u201d do Congresso e cinco vezes ao Pr\u00eamio Congresso em Foco, que premia os melhores parlamentares do Brasil. Na C\u00e2mara Federal, Manuela foi autora da Lei do Est\u00e1gio e relatora do Vale-Cultura e do Estatuto da Juventude, presidiu a Comiss\u00e3o de Direitos Humanos e foi coordenadora da bancada ga\u00facha.<\/li>\n<\/ol>\n<ol start=\"4\">\n<li>Ser\u00e1 convocada uma entrevista coletiva com a deputada Manuela d\u2019\u00c1vila e a presidenta do PCdoB, Luciana Santos, na qual mais detalhes ser\u00e3o oferecidos \u00e0 imprensa.<\/li>\n<\/ol>\n<p>&nbsp;<br \/>\n&nbsp;<\/p>\n","protected":false},"excerpt":{"rendered":"<p>Reunido neste domingo, o Comit\u00ea Central do Partido Comunista do Brasil (PCdoB) decidiu que a deputada estadual do Rio Grande do Sul Manuela D\u2019Avila \u00e9 pr\u00e9-candidata do partido \u00e0 presid\u00eancia da Rep\u00fablica. Manuela \u00e9 formada em jornalismo e \u00e9 deputada estadual, j\u00e1 tendo cumprido tamb\u00e9m dois mandatos como deputada federal. Segundo o comunicado do partido, [&hellip;]<\/p>\n","protected":false},"author":4,"featured_media":56984,"comment_status":"open","ping_status":"closed","sticky":false,"template":"","format":"standard","meta":{"_jetpack_newsletter_access":"","_jetpack_dont_email_post_to_subs":false,"_jetpack_newsletter_tier_id":0,"_jetpack_memberships_contains_paywalled_content":false,"_jetpack_feature_clip_id":0,"_jetpack_memberships_contains_paid_content":false,"footnotes":"","jetpack_post_was_ever_published":false},"categories":[26],"tags":[],"class_list":["post-56983","post","type-post","status-publish","format-standard","has-post-thumbnail","hentry","category-geral"],"aioseo_notices":[],"aioseo_head":"\n\t\t<!-- All in One SEO 5.0.1.1 - aioseo.com -->\n\t<meta name=\"robots\" content=\"max-image-preview:large\" \/>\n\t<meta name=\"author\" content=\"da Reda\u00e7\u00e3o\"\/>\n\t<link rel=\"canonical\" href=\"https:\/\/www.jornalja.com.br\/arquivo\/pcdob-lanca-pre-candidatura-de-manuela-a-presidencia-da-republica\/\" \/>\n\t<meta name=\"generator\" content=\"All in One SEO (AIOSEO) 5.0.1.1\" \/>\n\t\t<meta property=\"og:locale\" content=\"pt_BR\" \/>\n\t\t<meta property=\"og:site_name\" content=\"Arquivo | Jornal J\u00c1 | Porto Alegre\" \/>\n\t\t<meta property=\"og:type\" content=\"article\" \/>\n\t\t<meta property=\"og:title\" content=\"PCdoB lan\u00e7a pr\u00e9 candidatura de Manuela \u00e0 presid\u00eancia da Rep\u00fablica | Arquivo\" \/>\n\t\t<meta property=\"og:url\" content=\"https:\/\/www.jornalja.com.br\/arquivo\/pcdob-lanca-pre-candidatura-de-manuela-a-presidencia-da-republica\/\" \/>\n\t\t<meta property=\"og:image\" content=\"https:\/\/www.jornalja.com.br\/economics\/wp-content\/uploads\/sites\/11\/2026\/08\/ja-folhaderosto-facebook.jpg\" \/>\n\t\t<meta property=\"og:image:secure_url\" content=\"https:\/\/www.jornalja.com.br\/economics\/wp-content\/uploads\/sites\/11\/2026\/08\/ja-folhaderosto-facebook.jpg\" \/>\n\t\t<meta property=\"article:published_time\" content=\"2017-11-05T19:50:47+00:00\" \/>\n\t\t<meta property=\"article:modified_time\" content=\"2017-11-05T19:50:47+00:00\" \/>\n\t\t<meta name=\"twitter:card\" content=\"summary\" \/>\n\t\t<meta name=\"twitter:title\" content=\"PCdoB lan\u00e7a pr\u00e9 candidatura de Manuela \u00e0 presid\u00eancia da Rep\u00fablica | Arquivo\" \/>\n\t\t<meta name=\"twitter:image\" content=\"https:\/\/www.jornalja.com.br\/economics\/wp-content\/uploads\/sites\/11\/2026\/08\/ja-folhaderosto-facebook.jpg\" \/>\n\t\t<script type=\"application\/ld+json\" class=\"aioseo-schema\">\n\t\t\t{\"@context\":\"https:\\\/\\\/schema.org\",\"@graph\":[{\"@type\":\"BlogPosting\",\"@id\":\"https:\\\/\\\/www.jornalja.com.br\\\/arquivo\\\/pcdob-lanca-pre-candidatura-de-manuela-a-presidencia-da-republica\\\/#blogposting\",\"name\":\"PCdoB lan\\u00e7a pr\\u00e9 candidatura de Manuela \\u00e0 presid\\u00eancia da Rep\\u00fablica | Arquivo\",\"headline\":\"PCdoB lan\\u00e7a pr\\u00e9 candidatura de Manuela \\u00e0 presid\\u00eancia da Rep\\u00fablica\",\"author\":{\"@id\":\"https:\\\/\\\/www.jornalja.com.br\\\/arquivo\\\/author\\\/daredacao\\\/#author\"},\"publisher\":{\"@id\":\"https:\\\/\\\/www.jornalja.com.br\\\/arquivo\\\/#organization\"},\"image\":{\"@type\":\"ImageObject\",\"url\":56984},\"datePublished\":\"2017-11-05T16:50:47-02:00\",\"dateModified\":\"2017-11-05T16:50:47-02:00\",\"inLanguage\":\"pt-BR\",\"mainEntityOfPage\":{\"@id\":\"https:\\\/\\\/www.jornalja.com.br\\\/arquivo\\\/pcdob-lanca-pre-candidatura-de-manuela-a-presidencia-da-republica\\\/#webpage\"},\"isPartOf\":{\"@id\":\"https:\\\/\\\/www.jornalja.com.br\\\/arquivo\\\/pcdob-lanca-pre-candidatura-de-manuela-a-presidencia-da-republica\\\/#webpage\"},\"articleSection\":\"Geral\"},{\"@type\":\"BreadcrumbList\",\"@id\":\"https:\\\/\\\/www.jornalja.com.br\\\/arquivo\\\/pcdob-lanca-pre-candidatura-de-manuela-a-presidencia-da-republica\\\/#breadcrumblist\",\"itemListElement\":[{\"@type\":\"ListItem\",\"@id\":\"https:\\\/\\\/www.jornalja.com.br\\\/arquivo#listItem\",\"position\":1,\"name\":\"Home\",\"item\":\"https:\\\/\\\/www.jornalja.com.br\\\/arquivo\",\"nextItem\":{\"@type\":\"ListItem\",\"@id\":\"https:\\\/\\\/www.jornalja.com.br\\\/arquivo\\\/category\\\/geral\\\/#listItem\",\"name\":\"Geral\"}},{\"@type\":\"ListItem\",\"@id\":\"https:\\\/\\\/www.jornalja.com.br\\\/arquivo\\\/category\\\/geral\\\/#listItem\",\"position\":2,\"name\":\"Geral\",\"item\":\"https:\\\/\\\/www.jornalja.com.br\\\/arquivo\\\/category\\\/geral\\\/\",\"nextItem\":{\"@type\":\"ListItem\",\"@id\":\"https:\\\/\\\/www.jornalja.com.br\\\/arquivo\\\/pcdob-lanca-pre-candidatura-de-manuela-a-presidencia-da-republica\\\/#listItem\",\"name\":\"PCdoB lan\\u00e7a pr\\u00e9 candidatura de Manuela \\u00e0 presid\\u00eancia da Rep\\u00fablica\"},\"previousItem\":{\"@type\":\"ListItem\",\"@id\":\"https:\\\/\\\/www.jornalja.com.br\\\/arquivo#listItem\",\"name\":\"Home\"}},{\"@type\":\"ListItem\",\"@id\":\"https:\\\/\\\/www.jornalja.com.br\\\/arquivo\\\/pcdob-lanca-pre-candidatura-de-manuela-a-presidencia-da-republica\\\/#listItem\",\"position\":3,\"name\":\"PCdoB lan\\u00e7a pr\\u00e9 candidatura de Manuela \\u00e0 presid\\u00eancia da Rep\\u00fablica\",\"previousItem\":{\"@type\":\"ListItem\",\"@id\":\"https:\\\/\\\/www.jornalja.com.br\\\/arquivo\\\/category\\\/geral\\\/#listItem\",\"name\":\"Geral\"}}]},{\"@type\":\"Organization\",\"@id\":\"https:\\\/\\\/www.jornalja.com.br\\\/arquivo\\\/#organization\",\"name\":\"Jornal J\\u00c1\",\"description\":\"Jornal J\\u00c1 | Porto Alegre\",\"url\":\"https:\\\/\\\/www.jornalja.com.br\\\/arquivo\\\/\",\"telephone\":\"+555133307272\",\"logo\":{\"@type\":\"ImageObject\",\"url\":\"https:\\\/\\\/www.jornalja.com.br\\\/wp-content\\\/uploads\\\/cards\\\/JAslogan.png\",\"@id\":\"https:\\\/\\\/www.jornalja.com.br\\\/arquivo\\\/pcdob-lanca-pre-candidatura-de-manuela-a-presidencia-da-republica\\\/#organizationLogo\"},\"image\":{\"@id\":\"https:\\\/\\\/www.jornalja.com.br\\\/arquivo\\\/pcdob-lanca-pre-candidatura-de-manuela-a-presidencia-da-republica\\\/#organizationLogo\"}},{\"@type\":\"Person\",\"@id\":\"https:\\\/\\\/www.jornalja.com.br\\\/arquivo\\\/author\\\/daredacao\\\/#author\",\"url\":\"https:\\\/\\\/www.jornalja.com.br\\\/arquivo\\\/author\\\/daredacao\\\/\",\"name\":\"da Reda\\u00e7\\u00e3o\",\"image\":{\"@type\":\"ImageObject\",\"@id\":\"https:\\\/\\\/www.jornalja.com.br\\\/arquivo\\\/pcdob-lanca-pre-candidatura-de-manuela-a-presidencia-da-republica\\\/#authorImage\",\"url\":\"https:\\\/\\\/secure.gravatar.com\\\/avatar\\\/469fd857d6605ad19919d27ed29d35a968a25f6e8fd9318356bbb7f57aae9c65?s=96&d=mm&r=g\",\"width\":96,\"height\":96,\"caption\":\"da Reda\\u00e7\\u00e3o\"}},{\"@type\":\"WebPage\",\"@id\":\"https:\\\/\\\/www.jornalja.com.br\\\/arquivo\\\/pcdob-lanca-pre-candidatura-de-manuela-a-presidencia-da-republica\\\/#webpage\",\"url\":\"https:\\\/\\\/www.jornalja.com.br\\\/arquivo\\\/pcdob-lanca-pre-candidatura-de-manuela-a-presidencia-da-republica\\\/\",\"name\":\"PCdoB lan\\u00e7a pr\\u00e9 candidatura de Manuela \\u00e0 presid\\u00eancia da Rep\\u00fablica | Arquivo\",\"inLanguage\":\"pt-BR\",\"isPartOf\":{\"@id\":\"https:\\\/\\\/www.jornalja.com.br\\\/arquivo\\\/#website\"},\"breadcrumb\":{\"@id\":\"https:\\\/\\\/www.jornalja.com.br\\\/arquivo\\\/pcdob-lanca-pre-candidatura-de-manuela-a-presidencia-da-republica\\\/#breadcrumblist\"},\"author\":{\"@id\":\"https:\\\/\\\/www.jornalja.com.br\\\/arquivo\\\/author\\\/daredacao\\\/#author\"},\"creator\":{\"@id\":\"https:\\\/\\\/www.jornalja.com.br\\\/arquivo\\\/author\\\/daredacao\\\/#author\"},\"image\":{\"@type\":\"ImageObject\",\"url\":56984,\"@id\":\"https:\\\/\\\/www.jornalja.com.br\\\/arquivo\\\/pcdob-lanca-pre-candidatura-de-manuela-a-presidencia-da-republica\\\/#mainImage\"},\"primaryImageOfPage\":{\"@id\":\"https:\\\/\\\/www.jornalja.com.br\\\/arquivo\\\/pcdob-lanca-pre-candidatura-de-manuela-a-presidencia-da-republica\\\/#mainImage\"},\"datePublished\":\"2017-11-05T16:50:47-02:00\",\"dateModified\":\"2017-11-05T16:50:47-02:00\"},{\"@type\":\"WebSite\",\"@id\":\"https:\\\/\\\/www.jornalja.com.br\\\/arquivo\\\/#website\",\"url\":\"https:\\\/\\\/www.jornalja.com.br\\\/arquivo\\\/\",\"name\":\"Arquivo\",\"description\":\"Jornal J\\u00c1 | Porto Alegre\",\"inLanguage\":\"pt-BR\",\"publisher\":{\"@id\":\"https:\\\/\\\/www.jornalja.com.br\\\/arquivo\\\/#organization\"}}]}\n\t\t<\/script>\n\t\t<!-- All in One SEO -->\n\n","aioseo_head_json":{"title":"PCdoB lan\u00e7a pr\u00e9 candidatura de Manuela \u00e0 presid\u00eancia da Rep\u00fablica | Arquivo","description":"","canonical_url":"https:\/\/www.jornalja.com.br\/arquivo\/pcdob-lanca-pre-candidatura-de-manuela-a-presidencia-da-republica\/","robots":"max-image-preview:large","keywords":"","webmasterTools":{"miscellaneous":""},"schema":{"@context":"https:\/\/schema.org","@graph":[{"@type":"BlogPosting","@id":"https:\/\/www.jornalja.com.br\/arquivo\/pcdob-lanca-pre-candidatura-de-manuela-a-presidencia-da-republica\/#blogposting","name":"PCdoB lan\u00e7a pr\u00e9 candidatura de Manuela \u00e0 presid\u00eancia da Rep\u00fablica | Arquivo","headline":"PCdoB lan\u00e7a pr\u00e9 candidatura de Manuela \u00e0 presid\u00eancia da Rep\u00fablica","author":{"@id":"https:\/\/www.jornalja.com.br\/arquivo\/author\/daredacao\/#author"},"publisher":{"@id":"https:\/\/www.jornalja.com.br\/arquivo\/#organization"},"image":{"@type":"ImageObject","url":56984},"datePublished":"2017-11-05T16:50:47-02:00","dateModified":"2017-11-05T16:50:47-02:00","inLanguage":"pt-BR","mainEntityOfPage":{"@id":"https:\/\/www.jornalja.com.br\/arquivo\/pcdob-lanca-pre-candidatura-de-manuela-a-presidencia-da-republica\/#webpage"},"isPartOf":{"@id":"https:\/\/www.jornalja.com.br\/arquivo\/pcdob-lanca-pre-candidatura-de-manuela-a-presidencia-da-republica\/#webpage"},"articleSection":"Geral"},{"@type":"BreadcrumbList","@id":"https:\/\/www.jornalja.com.br\/arquivo\/pcdob-lanca-pre-candidatura-de-manuela-a-presidencia-da-republica\/#breadcrumblist","itemListElement":[{"@type":"ListItem","@id":"https:\/\/www.jornalja.com.br\/arquivo#listItem","position":1,"name":"Home","item":"https:\/\/www.jornalja.com.br\/arquivo","nextItem":{"@type":"ListItem","@id":"https:\/\/www.jornalja.com.br\/arquivo\/category\/geral\/#listItem","name":"Geral"}},{"@type":"ListItem","@id":"https:\/\/www.jornalja.com.br\/arquivo\/category\/geral\/#listItem","position":2,"name":"Geral","item":"https:\/\/www.jornalja.com.br\/arquivo\/category\/geral\/","nextItem":{"@type":"ListItem","@id":"https:\/\/www.jornalja.com.br\/arquivo\/pcdob-lanca-pre-candidatura-de-manuela-a-presidencia-da-republica\/#listItem","name":"PCdoB lan\u00e7a pr\u00e9 candidatura de Manuela \u00e0 presid\u00eancia da Rep\u00fablica"},"previousItem":{"@type":"ListItem","@id":"https:\/\/www.jornalja.com.br\/arquivo#listItem","name":"Home"}},{"@type":"ListItem","@id":"https:\/\/www.jornalja.com.br\/arquivo\/pcdob-lanca-pre-candidatura-de-manuela-a-presidencia-da-republica\/#listItem","position":3,"name":"PCdoB lan\u00e7a pr\u00e9 candidatura de Manuela \u00e0 presid\u00eancia da Rep\u00fablica","previousItem":{"@type":"ListItem","@id":"https:\/\/www.jornalja.com.br\/arquivo\/category\/geral\/#listItem","name":"Geral"}}]},{"@type":"Organization","@id":"https:\/\/www.jornalja.com.br\/arquivo\/#organization","name":"Jornal J\u00c1","description":"Jornal J\u00c1 | Porto Alegre","url":"https:\/\/www.jornalja.com.br\/arquivo\/","telephone":"+555133307272","logo":{"@type":"ImageObject","url":"https:\/\/www.jornalja.com.br\/wp-content\/uploads\/cards\/JAslogan.png","@id":"https:\/\/www.jornalja.com.br\/arquivo\/pcdob-lanca-pre-candidatura-de-manuela-a-presidencia-da-republica\/#organizationLogo"},"image":{"@id":"https:\/\/www.jornalja.com.br\/arquivo\/pcdob-lanca-pre-candidatura-de-manuela-a-presidencia-da-republica\/#organizationLogo"}},{"@type":"Person","@id":"https:\/\/www.jornalja.com.br\/arquivo\/author\/daredacao\/#author","url":"https:\/\/www.jornalja.com.br\/arquivo\/author\/daredacao\/","name":"da Reda\u00e7\u00e3o","image":{"@type":"ImageObject","@id":"https:\/\/www.jornalja.com.br\/arquivo\/pcdob-lanca-pre-candidatura-de-manuela-a-presidencia-da-republica\/#authorImage","url":"https:\/\/secure.gravatar.com\/avatar\/469fd857d6605ad19919d27ed29d35a968a25f6e8fd9318356bbb7f57aae9c65?s=96&d=mm&r=g","width":96,"height":96,"caption":"da Reda\u00e7\u00e3o"}},{"@type":"WebPage","@id":"https:\/\/www.jornalja.com.br\/arquivo\/pcdob-lanca-pre-candidatura-de-manuela-a-presidencia-da-republica\/#webpage","url":"https:\/\/www.jornalja.com.br\/arquivo\/pcdob-lanca-pre-candidatura-de-manuela-a-presidencia-da-republica\/","name":"PCdoB lan\u00e7a pr\u00e9 candidatura de Manuela \u00e0 presid\u00eancia da Rep\u00fablica | Arquivo","inLanguage":"pt-BR","isPartOf":{"@id":"https:\/\/www.jornalja.com.br\/arquivo\/#website"},"breadcrumb":{"@id":"https:\/\/www.jornalja.com.br\/arquivo\/pcdob-lanca-pre-candidatura-de-manuela-a-presidencia-da-republica\/#breadcrumblist"},"author":{"@id":"https:\/\/www.jornalja.com.br\/arquivo\/author\/daredacao\/#author"},"creator":{"@id":"https:\/\/www.jornalja.com.br\/arquivo\/author\/daredacao\/#author"},"image":{"@type":"ImageObject","url":56984,"@id":"https:\/\/www.jornalja.com.br\/arquivo\/pcdob-lanca-pre-candidatura-de-manuela-a-presidencia-da-republica\/#mainImage"},"primaryImageOfPage":{"@id":"https:\/\/www.jornalja.com.br\/arquivo\/pcdob-lanca-pre-candidatura-de-manuela-a-presidencia-da-republica\/#mainImage"},"datePublished":"2017-11-05T16:50:47-02:00","dateModified":"2017-11-05T16:50:47-02:00"},{"@type":"WebSite","@id":"https:\/\/www.jornalja.com.br\/arquivo\/#website","url":"https:\/\/www.jornalja.com.br\/arquivo\/","name":"Arquivo","description":"Jornal J\u00c1 | Porto Alegre","inLanguage":"pt-BR","publisher":{"@id":"https:\/\/www.jornalja.com.br\/arquivo\/#organization"}}]},"og:locale":"pt_BR","og:site_name":"Arquivo | Jornal J\u00c1 | Porto Alegre","og:type":"article","og:title":"PCdoB lan\u00e7a pr\u00e9 candidatura de Manuela \u00e0 presid\u00eancia da Rep\u00fablica | Arquivo","og:url":"https:\/\/www.jornalja.com.br\/arquivo\/pcdob-lanca-pre-candidatura-de-manuela-a-presidencia-da-republica\/","og:image":"https:\/\/www.jornalja.com.br\/economics\/wp-content\/uploads\/sites\/11\/2026\/08\/ja-folhaderosto-facebook.jpg","og:image:secure_url":"https:\/\/www.jornalja.com.br\/economics\/wp-content\/uploads\/sites\/11\/2026\/08\/ja-folhaderosto-facebook.jpg","article:published_time":"2017-11-05T19:50:47+00:00","article:modified_time":"2017-11-05T19:50:47+00:00","twitter:card":"summary","twitter:title":"PCdoB lan\u00e7a pr\u00e9 candidatura de Manuela \u00e0 presid\u00eancia da Rep\u00fablica | Arquivo","twitter:image":"https:\/\/www.jornalja.com.br\/economics\/wp-content\/uploads\/sites\/11\/2026\/08\/ja-folhaderosto-facebook.jpg"},"aioseo_meta_data":{"post_id":"56983","title":null,"description":null,"keywords":null,"keyphrases":null,"primary_term":null,"canonical_url":null,"og_title":null,"og_description":null,"og_object_type":"default","og_image_type":"default","og_image_url":null,"og_image_width":null,"og_image_height":null,"og_image_custom_url":null,"og_image_custom_fields":null,"og_video":null,"og_custom_url":null,"og_article_section":null,"og_article_tags":null,"twitter_use_og":false,"twitter_card":"default","twitter_image_type":"default","twitter_image_url":null,"twitter_image_custom_url":null,"twitter_image_custom_fields":null,"twitter_title":null,"twitter_description":null,"schema":{"blockGraphs":[],"customGraphs":[],"default":{"data":{"Article":[],"Course":[],"Dataset":[],"FAQPage":[],"Movie":[],"Person":[],"Product":[],"ProductReview":[],"Car":[],"Recipe":[],"Service":[],"SoftwareApplication":[],"WebPage":[]},"graphName":"","isEnabled":true},"graphs":[],"defaultGraph":"","defaultPostTypeGraph":""},"schema_type":null,"schema_type_options":null,"pillar_content":false,"robots_default":true,"robots_noindex":false,"robots_noarchive":false,"robots_nosnippet":false,"robots_nofollow":false,"robots_noimageindex":false,"robots_noodp":false,"robots_notranslate":false,"robots_max_snippet":null,"robots_max_videopreview":null,"robots_max_imagepreview":"large","priority":null,"frequency":null,"location":null,"local_seo":null,"breadcrumb_settings":null,"limit_modified_date":false,"ai":null,"created":"2020-12-20 20:21:03","updated":"2025-07-20 02:10:23","seo_analyzer_scan_date":null,"focus_keyword":null,"additional_keywords":null,"truseo_locale":null},"jetpack_sharing_enabled":true,"jetpack-related-posts":[{"id":13128,"url":"https:\/\/www.jornalja.com.br\/arquivo\/maconha-terra-diz-que-uso-medicinal-e-desculpa\/","url_meta":{"origin":56983,"position":0},"title":"Maconha: Terra diz que uso medicinal \u00e9 desculpa","author":"Patr\u00edcia Marini","date":"4 de junho de 2014","format":false,"excerpt":"A condi\u00e7\u00e3o de pol\u00edtico, em \u00e9poca de campanha de campanha eleitoral, tira for\u00e7a do discurso do m\u00e9dico Osmar Terra contra a legaliza\u00e7\u00e3o da maconha. A tese dele de que a libera\u00e7\u00e3o vai ampliar exponencialmente o consumo \u00e9 discutivel, o consumo \u00e9 corrente. Mas seus alertas quanto aos riscos tem que\u2026","rel":"","context":"Em &quot;X.Categorias velhas&quot;","block_context":{"text":"X.Categorias velhas","link":"https:\/\/www.jornalja.com.br\/arquivo\/category\/x-categorias-velhas\/"},"img":{"alt_text":"","src":"","width":0,"height":0},"classes":[]},{"id":13124,"url":"https:\/\/www.jornalja.com.br\/arquivo\/sangue-latino-no-iecine\/","url_meta":{"origin":56983,"position":1},"title":"Sangue latino no IECINE","author":"da Reda\u00e7\u00e3o","date":"18 de maio de 2014","format":false,"excerpt":"Francisco Ribeiro O Instituto Estadual de Cinema (IECINE) tem a frente, desde abril \u00faltimo, um novo diretor, o cineasta colombiano Juan Zapata, 36, que substitui Luiz Alberto Cassol. Radicado h\u00e1 dez anos em Porto Alegre, Zapata tem diante de si o desafio de conduzir at\u00e9 o final do ano um\u2026","rel":"","context":"Em &quot;Cultura-Geral&quot;","block_context":{"text":"Cultura-Geral","link":"https:\/\/www.jornalja.com.br\/arquivo\/category\/materiasecundaria\/"},"img":{"alt_text":"","src":"","width":0,"height":0},"classes":[]},{"id":5440,"url":"https:\/\/www.jornalja.com.br\/arquivo\/casarao-da-venancio-destino-permanece-incerto\/","url_meta":{"origin":56983,"position":2},"title":"Estado ainda n\u00e3o sabe o que fazer com casar\u00e3o abandonado h\u00e1 20 anos","author":"Elmar Bones","date":"6 de julho de 2009","format":false,"excerpt":"O casar\u00e3o amarelo, numa esquina nobre de Porto Alegre (Ven\u00e2ncio Aires com Jo\u00e3o Pessoa), j\u00e1 abrigou uma escola. H\u00e1 duas d\u00e9cadas, pelo menos, est\u00e1 abandonado, porque seu propriet\u00e1rio, o governo do Estado do Rio Grande do Sul, n\u00e3o consegue achar um destino para ele. Planos n\u00e3o faltaram. O governador Ol\u00edvio\u2026","rel":"","context":"Em &quot;X.Categorias velhas&quot;","block_context":{"text":"X.Categorias velhas","link":"https:\/\/www.jornalja.com.br\/arquivo\/category\/x-categorias-velhas\/"},"img":{"alt_text":"geraldo1","src":"https:\/\/i0.wp.com\/www.jornalja.com.br\/wp-content\/uploads\/2009\/07\/geraldo1.jpg?resize=350%2C200&ssl=1","width":350,"height":200},"classes":[]},{"id":13109,"url":"https:\/\/www.jornalja.com.br\/arquivo\/judiciario-reconhece-poluicao-eletromagnetica\/","url_meta":{"origin":56983,"position":3},"title":"Judici\u00e1rio reconhece polui\u00e7\u00e3o eletromagn\u00e9tica","author":"Patr\u00edcia Marini","date":"16 de maio de 2014","format":false,"excerpt":"A\u00e7\u00e3o de duas associa\u00e7\u00f5es de moradores foi acolhida pelo Tribunal de Justi\u00e7a de S\u00e3o Paulo que. em decis\u00e3o in\u00e9dita, determinou a redu\u00e7\u00e3o do campo eletromagn\u00e9tico gerado pelas linhas de transmiss\u00e3o de energia que cortam os bairros City Boa\u00e7ava e Alto de Pinheiros. \u00c9 a primeira vez que um tribunal do\u2026","rel":"","context":"Em &quot;X.Categorias velhas&quot;","block_context":{"text":"X.Categorias velhas","link":"https:\/\/www.jornalja.com.br\/arquivo\/category\/x-categorias-velhas\/"},"img":{"alt_text":"","src":"","width":0,"height":0},"classes":[]}],"jetpack_shortlink":"https:\/\/wp.me\/pbQjBd-eP5","jetpack_featured_media_url":"","_links":{"self":[{"href":"https:\/\/www.jornalja.com.br\/arquivo\/wp-json\/wp\/v2\/posts\/56983","targetHints":{"allow":["GET"]}}],"collection":[{"href":"https:\/\/www.jornalja.com.br\/arquivo\/wp-json\/wp\/v2\/posts"}],"about":[{"href":"https:\/\/www.jornalja.com.br\/arquivo\/wp-json\/wp\/v2\/types\/post"}],"author":[{"embeddable":true,"href":"https:\/\/www.jornalja.com.br\/arquivo\/wp-json\/wp\/v2\/users\/4"}],"replies":[{"embeddable":true,"href":"https:\/\/www.jornalja.com.br\/arquivo\/wp-json\/wp\/v2\/comments?post=56983"}],"version-history":[{"count":0,"href":"https:\/\/www.jornalja.com.br\/arquivo\/wp-json\/wp\/v2\/posts\/56983\/revisions"}],"wp:attachment":[{"href":"https:\/\/www.jornalja.com.br\/arquivo\/wp-json\/wp\/v2\/media?parent=56983"}],"wp:term":[{"taxonomy":"category","embeddable":true,"href":"https:\/\/www.jornalja.com.br\/arquivo\/wp-json\/wp\/v2\/categories?post=56983"},{"taxonomy":"post_tag","embeddable":true,"href":"https:\/\/www.jornalja.com.br\/arquivo\/wp-json\/wp\/v2\/tags?post=56983"}],"curies":[{"name":"wp","href":"https:\/\/api.w.org\/{rel}","templated":true}]}}