{"id":57052,"date":"2017-11-07T16:37:17","date_gmt":"2017-11-07T19:37:17","guid":{"rendered":"https:\/\/www.jornalja.com.br\/?p=57052"},"modified":"2017-11-07T16:37:17","modified_gmt":"2017-11-07T19:37:17","slug":"audiencia-publica-discutira-impactos-ambientais-da-celulose-riograndense","status":"publish","type":"post","link":"https:\/\/www.jornalja.com.br\/arquivo\/audiencia-publica-discutira-impactos-ambientais-da-celulose-riograndense\/","title":{"rendered":"Audi\u00eancia p\u00fablica discutir\u00e1 impactos ambientais da Celulose Riograndense"},"content":{"rendered":"<p>Nesta quarta-feira, 08\/11, a Comiss\u00e3o de Sa\u00fade e Meio Ambiente da Assembleia Legislativa realizar\u00e1 uma audi\u00eancia p\u00fablica para discutir: \u201cOs Impactos Ambientais em Gua\u00edba ap\u00f3s a instala\u00e7\u00e3o da empresa Celulose Riograndense\u201d.<br \/>\nO encontro acontecer\u00e1 no Espa\u00e7o Converg\u00eancia do F\u00f3rum Democr\u00e1tico \u2013 Sala Ad\u00e3o Pretto, no t\u00e9rreo da Assembleia Legislativa, a partir das 9h30.<br \/>\nEst\u00e3o convidados para o evento: Associa\u00e7\u00e3o dos Moradores do Balne\u00e1rio Alegria (ABA), representante da Celulose Riograndense, da Prefeitura Municipal Gua\u00edba, da C\u00e2mara de Vereadores de Gua\u00edba, do Minist\u00e9rio P\u00fablico\/RS, da Defensoria P\u00fablica, da Funda\u00e7\u00e3o Estadual de Prote\u00e7\u00e3o Ambiental (FEPAM), do Conselho Municipal de Meio Ambiente e demais interessados em debater o tema.<br \/>\nA Audi\u00eancia P\u00fablica foi convocada pelo Deputado Altemir Tortelli (PT), presidente da Comiss\u00e3o de Sa\u00fade e Meio Ambiente.<br \/>\nAssocia\u00e7\u00f5es ambientais como a Associa\u00e7\u00e3o Amigos do Meio Ambiente (AMA) tamb\u00e9m pretendem tamb\u00e9m participar\u00e3o do encontro. Na audi\u00eancia ser\u00e3o expostos pelos moradores os impactos provocados pela empresa, em nota publicada em seu site a <strong>AMA-Gua\u00edba <\/strong>afirma que a participa\u00e7\u00e3o na Audi\u00eancia P\u00fablica \u00e9 fundamental como forma de press\u00e3o para que <em>\u201ca empresa arque com responsabilidade de manter suas opera\u00e7\u00f5es junto a resid\u00eancias e escolas sem acabar com a qualidade de vida dos moradores, que FEPAM e Minist\u00e9rio P\u00fablico cumpram seus papeis de fiscalizadores e se posicionem ao lado da popula\u00e7\u00e3o, que a Prefeitura Municipal de Gua\u00edba n\u00e3o se exima de promover altera\u00e7\u00f5es no seu Plano Diretor para que a sa\u00fade, bem estar e seguran\u00e7a da comunidade sejam assegurados, e que a Assembleia Legislativa investigue os fatos ligados ao processo de licenciamento ambiental da quadruplica\u00e7\u00e3o da capacidade produtiva da planta da CMPC em Gua\u00edba, afim de apurar poss\u00edveis irregularidades\u201d.<\/em><br \/>\n<span class=\"culturadestaque\">Servi\u00e7o:<\/span><br \/>\nAudi\u00eancia P\u00fablica \u2013 Os Impactos Ambientais em Gua\u00edba ap\u00f3s a instala\u00e7\u00e3o da empresa Celulose Riograndense;<br \/>\nData: 08\/11\/2017 \u2013 quarta-feira \u2013 9h30;<br \/>\nLocal: Espa\u00e7o Converg\u00eancia do F\u00f3rum Democr\u00e1tico \u2013 Sala Ad\u00e3o Pretto, no t\u00e9rreo da Assembleia Legislativa (Porto Alegre).<\/p>\n","protected":false},"excerpt":{"rendered":"<p>Nesta quarta-feira, 08\/11, a Comiss\u00e3o de Sa\u00fade e Meio Ambiente da Assembleia Legislativa realizar\u00e1 uma audi\u00eancia p\u00fablica para discutir: \u201cOs Impactos Ambientais em Gua\u00edba ap\u00f3s a instala\u00e7\u00e3o da empresa Celulose Riograndense\u201d. O encontro acontecer\u00e1 no Espa\u00e7o Converg\u00eancia do F\u00f3rum Democr\u00e1tico \u2013 Sala Ad\u00e3o Pretto, no t\u00e9rreo da Assembleia Legislativa, a partir das 9h30. Est\u00e3o convidados [&hellip;]<\/p>\n","protected":false},"author":4,"featured_media":21737,"comment_status":"open","ping_status":"closed","sticky":false,"template":"","format":"standard","meta":{"_jetpack_newsletter_access":"","_jetpack_dont_email_post_to_subs":false,"_jetpack_newsletter_tier_id":0,"_jetpack_memberships_contains_paywalled_content":false,"_jetpack_feature_clip_id":0,"_jetpack_memberships_contains_paid_content":false,"footnotes":"","jetpack_post_was_ever_published":false},"categories":[26],"tags":[],"class_list":["post-57052","post","type-post","status-publish","format-standard","has-post-thumbnail","hentry","category-geral"],"aioseo_notices":[],"aioseo_head":"\n\t\t<!-- All in One SEO 5.0.1.1 - aioseo.com -->\n\t<meta name=\"robots\" content=\"max-image-preview:large\" \/>\n\t<meta name=\"author\" content=\"da Reda\u00e7\u00e3o\"\/>\n\t<link rel=\"canonical\" href=\"https:\/\/www.jornalja.com.br\/arquivo\/audiencia-publica-discutira-impactos-ambientais-da-celulose-riograndense\/\" \/>\n\t<meta name=\"generator\" content=\"All in One SEO (AIOSEO) 5.0.1.1\" \/>\n\t\t<meta property=\"og:locale\" content=\"pt_BR\" \/>\n\t\t<meta property=\"og:site_name\" content=\"Arquivo | Jornal J\u00c1 | Porto Alegre\" \/>\n\t\t<meta property=\"og:type\" content=\"article\" \/>\n\t\t<meta property=\"og:title\" content=\"Audi\u00eancia p\u00fablica discutir\u00e1 impactos ambientais da Celulose Riograndense | Arquivo\" \/>\n\t\t<meta property=\"og:url\" content=\"https:\/\/www.jornalja.com.br\/arquivo\/audiencia-publica-discutira-impactos-ambientais-da-celulose-riograndense\/\" \/>\n\t\t<meta property=\"og:image\" content=\"https:\/\/www.jornalja.com.br\/economics\/wp-content\/uploads\/sites\/11\/2026\/08\/ja-folhaderosto-facebook.jpg\" \/>\n\t\t<meta property=\"og:image:secure_url\" content=\"https:\/\/www.jornalja.com.br\/economics\/wp-content\/uploads\/sites\/11\/2026\/08\/ja-folhaderosto-facebook.jpg\" \/>\n\t\t<meta property=\"article:published_time\" content=\"2017-11-07T19:37:17+00:00\" \/>\n\t\t<meta property=\"article:modified_time\" content=\"2017-11-07T19:37:17+00:00\" \/>\n\t\t<meta name=\"twitter:card\" content=\"summary\" \/>\n\t\t<meta name=\"twitter:title\" content=\"Audi\u00eancia p\u00fablica discutir\u00e1 impactos ambientais da Celulose Riograndense | Arquivo\" \/>\n\t\t<meta name=\"twitter:image\" content=\"https:\/\/www.jornalja.com.br\/economics\/wp-content\/uploads\/sites\/11\/2026\/08\/ja-folhaderosto-facebook.jpg\" \/>\n\t\t<script type=\"application\/ld+json\" class=\"aioseo-schema\">\n\t\t\t{\"@context\":\"https:\\\/\\\/schema.org\",\"@graph\":[{\"@type\":\"BlogPosting\",\"@id\":\"https:\\\/\\\/www.jornalja.com.br\\\/arquivo\\\/audiencia-publica-discutira-impactos-ambientais-da-celulose-riograndense\\\/#blogposting\",\"name\":\"Audi\\u00eancia p\\u00fablica discutir\\u00e1 impactos ambientais da Celulose Riograndense | Arquivo\",\"headline\":\"Audi\\u00eancia p\\u00fablica discutir\\u00e1 impactos ambientais da Celulose Riograndense\",\"author\":{\"@id\":\"https:\\\/\\\/www.jornalja.com.br\\\/arquivo\\\/author\\\/daredacao\\\/#author\"},\"publisher\":{\"@id\":\"https:\\\/\\\/www.jornalja.com.br\\\/arquivo\\\/#organization\"},\"image\":{\"@type\":\"ImageObject\",\"url\":21737},\"datePublished\":\"2017-11-07T16:37:17-02:00\",\"dateModified\":\"2017-11-07T16:37:17-02:00\",\"inLanguage\":\"pt-BR\",\"mainEntityOfPage\":{\"@id\":\"https:\\\/\\\/www.jornalja.com.br\\\/arquivo\\\/audiencia-publica-discutira-impactos-ambientais-da-celulose-riograndense\\\/#webpage\"},\"isPartOf\":{\"@id\":\"https:\\\/\\\/www.jornalja.com.br\\\/arquivo\\\/audiencia-publica-discutira-impactos-ambientais-da-celulose-riograndense\\\/#webpage\"},\"articleSection\":\"Geral\"},{\"@type\":\"BreadcrumbList\",\"@id\":\"https:\\\/\\\/www.jornalja.com.br\\\/arquivo\\\/audiencia-publica-discutira-impactos-ambientais-da-celulose-riograndense\\\/#breadcrumblist\",\"itemListElement\":[{\"@type\":\"ListItem\",\"@id\":\"https:\\\/\\\/www.jornalja.com.br\\\/arquivo#listItem\",\"position\":1,\"name\":\"Home\",\"item\":\"https:\\\/\\\/www.jornalja.com.br\\\/arquivo\",\"nextItem\":{\"@type\":\"ListItem\",\"@id\":\"https:\\\/\\\/www.jornalja.com.br\\\/arquivo\\\/category\\\/geral\\\/#listItem\",\"name\":\"Geral\"}},{\"@type\":\"ListItem\",\"@id\":\"https:\\\/\\\/www.jornalja.com.br\\\/arquivo\\\/category\\\/geral\\\/#listItem\",\"position\":2,\"name\":\"Geral\",\"item\":\"https:\\\/\\\/www.jornalja.com.br\\\/arquivo\\\/category\\\/geral\\\/\",\"nextItem\":{\"@type\":\"ListItem\",\"@id\":\"https:\\\/\\\/www.jornalja.com.br\\\/arquivo\\\/audiencia-publica-discutira-impactos-ambientais-da-celulose-riograndense\\\/#listItem\",\"name\":\"Audi\\u00eancia p\\u00fablica discutir\\u00e1 impactos ambientais da Celulose Riograndense\"},\"previousItem\":{\"@type\":\"ListItem\",\"@id\":\"https:\\\/\\\/www.jornalja.com.br\\\/arquivo#listItem\",\"name\":\"Home\"}},{\"@type\":\"ListItem\",\"@id\":\"https:\\\/\\\/www.jornalja.com.br\\\/arquivo\\\/audiencia-publica-discutira-impactos-ambientais-da-celulose-riograndense\\\/#listItem\",\"position\":3,\"name\":\"Audi\\u00eancia p\\u00fablica discutir\\u00e1 impactos ambientais da Celulose Riograndense\",\"previousItem\":{\"@type\":\"ListItem\",\"@id\":\"https:\\\/\\\/www.jornalja.com.br\\\/arquivo\\\/category\\\/geral\\\/#listItem\",\"name\":\"Geral\"}}]},{\"@type\":\"Organization\",\"@id\":\"https:\\\/\\\/www.jornalja.com.br\\\/arquivo\\\/#organization\",\"name\":\"Jornal J\\u00c1\",\"description\":\"Jornal J\\u00c1 | Porto Alegre\",\"url\":\"https:\\\/\\\/www.jornalja.com.br\\\/arquivo\\\/\",\"telephone\":\"+555133307272\",\"logo\":{\"@type\":\"ImageObject\",\"url\":\"https:\\\/\\\/www.jornalja.com.br\\\/wp-content\\\/uploads\\\/cards\\\/JAslogan.png\",\"@id\":\"https:\\\/\\\/www.jornalja.com.br\\\/arquivo\\\/audiencia-publica-discutira-impactos-ambientais-da-celulose-riograndense\\\/#organizationLogo\"},\"image\":{\"@id\":\"https:\\\/\\\/www.jornalja.com.br\\\/arquivo\\\/audiencia-publica-discutira-impactos-ambientais-da-celulose-riograndense\\\/#organizationLogo\"}},{\"@type\":\"Person\",\"@id\":\"https:\\\/\\\/www.jornalja.com.br\\\/arquivo\\\/author\\\/daredacao\\\/#author\",\"url\":\"https:\\\/\\\/www.jornalja.com.br\\\/arquivo\\\/author\\\/daredacao\\\/\",\"name\":\"da Reda\\u00e7\\u00e3o\",\"image\":{\"@type\":\"ImageObject\",\"@id\":\"https:\\\/\\\/www.jornalja.com.br\\\/arquivo\\\/audiencia-publica-discutira-impactos-ambientais-da-celulose-riograndense\\\/#authorImage\",\"url\":\"https:\\\/\\\/secure.gravatar.com\\\/avatar\\\/469fd857d6605ad19919d27ed29d35a968a25f6e8fd9318356bbb7f57aae9c65?s=96&d=mm&r=g\",\"width\":96,\"height\":96,\"caption\":\"da Reda\\u00e7\\u00e3o\"}},{\"@type\":\"WebPage\",\"@id\":\"https:\\\/\\\/www.jornalja.com.br\\\/arquivo\\\/audiencia-publica-discutira-impactos-ambientais-da-celulose-riograndense\\\/#webpage\",\"url\":\"https:\\\/\\\/www.jornalja.com.br\\\/arquivo\\\/audiencia-publica-discutira-impactos-ambientais-da-celulose-riograndense\\\/\",\"name\":\"Audi\\u00eancia p\\u00fablica discutir\\u00e1 impactos ambientais da Celulose Riograndense | Arquivo\",\"inLanguage\":\"pt-BR\",\"isPartOf\":{\"@id\":\"https:\\\/\\\/www.jornalja.com.br\\\/arquivo\\\/#website\"},\"breadcrumb\":{\"@id\":\"https:\\\/\\\/www.jornalja.com.br\\\/arquivo\\\/audiencia-publica-discutira-impactos-ambientais-da-celulose-riograndense\\\/#breadcrumblist\"},\"author\":{\"@id\":\"https:\\\/\\\/www.jornalja.com.br\\\/arquivo\\\/author\\\/daredacao\\\/#author\"},\"creator\":{\"@id\":\"https:\\\/\\\/www.jornalja.com.br\\\/arquivo\\\/author\\\/daredacao\\\/#author\"},\"image\":{\"@type\":\"ImageObject\",\"url\":21737,\"@id\":\"https:\\\/\\\/www.jornalja.com.br\\\/arquivo\\\/audiencia-publica-discutira-impactos-ambientais-da-celulose-riograndense\\\/#mainImage\"},\"primaryImageOfPage\":{\"@id\":\"https:\\\/\\\/www.jornalja.com.br\\\/arquivo\\\/audiencia-publica-discutira-impactos-ambientais-da-celulose-riograndense\\\/#mainImage\"},\"datePublished\":\"2017-11-07T16:37:17-02:00\",\"dateModified\":\"2017-11-07T16:37:17-02:00\"},{\"@type\":\"WebSite\",\"@id\":\"https:\\\/\\\/www.jornalja.com.br\\\/arquivo\\\/#website\",\"url\":\"https:\\\/\\\/www.jornalja.com.br\\\/arquivo\\\/\",\"name\":\"Arquivo\",\"description\":\"Jornal J\\u00c1 | Porto Alegre\",\"inLanguage\":\"pt-BR\",\"publisher\":{\"@id\":\"https:\\\/\\\/www.jornalja.com.br\\\/arquivo\\\/#organization\"}}]}\n\t\t<\/script>\n\t\t<!-- All in One SEO -->\n\n","aioseo_head_json":{"title":"Audi\u00eancia p\u00fablica discutir\u00e1 impactos ambientais da Celulose Riograndense | Arquivo","description":"","canonical_url":"https:\/\/www.jornalja.com.br\/arquivo\/audiencia-publica-discutira-impactos-ambientais-da-celulose-riograndense\/","robots":"max-image-preview:large","keywords":"","webmasterTools":{"miscellaneous":""},"schema":{"@context":"https:\/\/schema.org","@graph":[{"@type":"BlogPosting","@id":"https:\/\/www.jornalja.com.br\/arquivo\/audiencia-publica-discutira-impactos-ambientais-da-celulose-riograndense\/#blogposting","name":"Audi\u00eancia p\u00fablica discutir\u00e1 impactos ambientais da Celulose Riograndense | Arquivo","headline":"Audi\u00eancia p\u00fablica discutir\u00e1 impactos ambientais da Celulose Riograndense","author":{"@id":"https:\/\/www.jornalja.com.br\/arquivo\/author\/daredacao\/#author"},"publisher":{"@id":"https:\/\/www.jornalja.com.br\/arquivo\/#organization"},"image":{"@type":"ImageObject","url":21737},"datePublished":"2017-11-07T16:37:17-02:00","dateModified":"2017-11-07T16:37:17-02:00","inLanguage":"pt-BR","mainEntityOfPage":{"@id":"https:\/\/www.jornalja.com.br\/arquivo\/audiencia-publica-discutira-impactos-ambientais-da-celulose-riograndense\/#webpage"},"isPartOf":{"@id":"https:\/\/www.jornalja.com.br\/arquivo\/audiencia-publica-discutira-impactos-ambientais-da-celulose-riograndense\/#webpage"},"articleSection":"Geral"},{"@type":"BreadcrumbList","@id":"https:\/\/www.jornalja.com.br\/arquivo\/audiencia-publica-discutira-impactos-ambientais-da-celulose-riograndense\/#breadcrumblist","itemListElement":[{"@type":"ListItem","@id":"https:\/\/www.jornalja.com.br\/arquivo#listItem","position":1,"name":"Home","item":"https:\/\/www.jornalja.com.br\/arquivo","nextItem":{"@type":"ListItem","@id":"https:\/\/www.jornalja.com.br\/arquivo\/category\/geral\/#listItem","name":"Geral"}},{"@type":"ListItem","@id":"https:\/\/www.jornalja.com.br\/arquivo\/category\/geral\/#listItem","position":2,"name":"Geral","item":"https:\/\/www.jornalja.com.br\/arquivo\/category\/geral\/","nextItem":{"@type":"ListItem","@id":"https:\/\/www.jornalja.com.br\/arquivo\/audiencia-publica-discutira-impactos-ambientais-da-celulose-riograndense\/#listItem","name":"Audi\u00eancia p\u00fablica discutir\u00e1 impactos ambientais da Celulose Riograndense"},"previousItem":{"@type":"ListItem","@id":"https:\/\/www.jornalja.com.br\/arquivo#listItem","name":"Home"}},{"@type":"ListItem","@id":"https:\/\/www.jornalja.com.br\/arquivo\/audiencia-publica-discutira-impactos-ambientais-da-celulose-riograndense\/#listItem","position":3,"name":"Audi\u00eancia p\u00fablica discutir\u00e1 impactos ambientais da Celulose Riograndense","previousItem":{"@type":"ListItem","@id":"https:\/\/www.jornalja.com.br\/arquivo\/category\/geral\/#listItem","name":"Geral"}}]},{"@type":"Organization","@id":"https:\/\/www.jornalja.com.br\/arquivo\/#organization","name":"Jornal J\u00c1","description":"Jornal J\u00c1 | Porto Alegre","url":"https:\/\/www.jornalja.com.br\/arquivo\/","telephone":"+555133307272","logo":{"@type":"ImageObject","url":"https:\/\/www.jornalja.com.br\/wp-content\/uploads\/cards\/JAslogan.png","@id":"https:\/\/www.jornalja.com.br\/arquivo\/audiencia-publica-discutira-impactos-ambientais-da-celulose-riograndense\/#organizationLogo"},"image":{"@id":"https:\/\/www.jornalja.com.br\/arquivo\/audiencia-publica-discutira-impactos-ambientais-da-celulose-riograndense\/#organizationLogo"}},{"@type":"Person","@id":"https:\/\/www.jornalja.com.br\/arquivo\/author\/daredacao\/#author","url":"https:\/\/www.jornalja.com.br\/arquivo\/author\/daredacao\/","name":"da Reda\u00e7\u00e3o","image":{"@type":"ImageObject","@id":"https:\/\/www.jornalja.com.br\/arquivo\/audiencia-publica-discutira-impactos-ambientais-da-celulose-riograndense\/#authorImage","url":"https:\/\/secure.gravatar.com\/avatar\/469fd857d6605ad19919d27ed29d35a968a25f6e8fd9318356bbb7f57aae9c65?s=96&d=mm&r=g","width":96,"height":96,"caption":"da Reda\u00e7\u00e3o"}},{"@type":"WebPage","@id":"https:\/\/www.jornalja.com.br\/arquivo\/audiencia-publica-discutira-impactos-ambientais-da-celulose-riograndense\/#webpage","url":"https:\/\/www.jornalja.com.br\/arquivo\/audiencia-publica-discutira-impactos-ambientais-da-celulose-riograndense\/","name":"Audi\u00eancia p\u00fablica discutir\u00e1 impactos ambientais da Celulose Riograndense | Arquivo","inLanguage":"pt-BR","isPartOf":{"@id":"https:\/\/www.jornalja.com.br\/arquivo\/#website"},"breadcrumb":{"@id":"https:\/\/www.jornalja.com.br\/arquivo\/audiencia-publica-discutira-impactos-ambientais-da-celulose-riograndense\/#breadcrumblist"},"author":{"@id":"https:\/\/www.jornalja.com.br\/arquivo\/author\/daredacao\/#author"},"creator":{"@id":"https:\/\/www.jornalja.com.br\/arquivo\/author\/daredacao\/#author"},"image":{"@type":"ImageObject","url":21737,"@id":"https:\/\/www.jornalja.com.br\/arquivo\/audiencia-publica-discutira-impactos-ambientais-da-celulose-riograndense\/#mainImage"},"primaryImageOfPage":{"@id":"https:\/\/www.jornalja.com.br\/arquivo\/audiencia-publica-discutira-impactos-ambientais-da-celulose-riograndense\/#mainImage"},"datePublished":"2017-11-07T16:37:17-02:00","dateModified":"2017-11-07T16:37:17-02:00"},{"@type":"WebSite","@id":"https:\/\/www.jornalja.com.br\/arquivo\/#website","url":"https:\/\/www.jornalja.com.br\/arquivo\/","name":"Arquivo","description":"Jornal J\u00c1 | Porto Alegre","inLanguage":"pt-BR","publisher":{"@id":"https:\/\/www.jornalja.com.br\/arquivo\/#organization"}}]},"og:locale":"pt_BR","og:site_name":"Arquivo | Jornal J\u00c1 | Porto Alegre","og:type":"article","og:title":"Audi\u00eancia p\u00fablica discutir\u00e1 impactos ambientais da Celulose Riograndense | Arquivo","og:url":"https:\/\/www.jornalja.com.br\/arquivo\/audiencia-publica-discutira-impactos-ambientais-da-celulose-riograndense\/","og:image":"https:\/\/www.jornalja.com.br\/economics\/wp-content\/uploads\/sites\/11\/2026\/08\/ja-folhaderosto-facebook.jpg","og:image:secure_url":"https:\/\/www.jornalja.com.br\/economics\/wp-content\/uploads\/sites\/11\/2026\/08\/ja-folhaderosto-facebook.jpg","article:published_time":"2017-11-07T19:37:17+00:00","article:modified_time":"2017-11-07T19:37:17+00:00","twitter:card":"summary","twitter:title":"Audi\u00eancia p\u00fablica discutir\u00e1 impactos ambientais da Celulose Riograndense | Arquivo","twitter:image":"https:\/\/www.jornalja.com.br\/economics\/wp-content\/uploads\/sites\/11\/2026\/08\/ja-folhaderosto-facebook.jpg"},"aioseo_meta_data":{"post_id":"57052","title":null,"description":null,"keywords":null,"keyphrases":null,"primary_term":null,"canonical_url":null,"og_title":null,"og_description":null,"og_object_type":"default","og_image_type":"default","og_image_url":null,"og_image_width":null,"og_image_height":null,"og_image_custom_url":null,"og_image_custom_fields":null,"og_video":null,"og_custom_url":null,"og_article_section":null,"og_article_tags":null,"twitter_use_og":false,"twitter_card":"default","twitter_image_type":"default","twitter_image_url":null,"twitter_image_custom_url":null,"twitter_image_custom_fields":null,"twitter_title":null,"twitter_description":null,"schema":{"blockGraphs":[],"customGraphs":[],"default":{"data":{"Article":[],"Course":[],"Dataset":[],"FAQPage":[],"Movie":[],"Person":[],"Product":[],"ProductReview":[],"Car":[],"Recipe":[],"Service":[],"SoftwareApplication":[],"WebPage":[]},"graphName":"","isEnabled":true},"graphs":[],"defaultGraph":"","defaultPostTypeGraph":""},"schema_type":null,"schema_type_options":null,"pillar_content":false,"robots_default":true,"robots_noindex":false,"robots_noarchive":false,"robots_nosnippet":false,"robots_nofollow":false,"robots_noimageindex":false,"robots_noodp":false,"robots_notranslate":false,"robots_max_snippet":null,"robots_max_videopreview":null,"robots_max_imagepreview":"large","priority":null,"frequency":null,"location":null,"local_seo":null,"breadcrumb_settings":null,"limit_modified_date":false,"ai":null,"created":"2020-12-20 20:21:03","updated":"2025-07-20 02:10:23","seo_analyzer_scan_date":null,"focus_keyword":null,"additional_keywords":null,"truseo_locale":null},"jetpack_sharing_enabled":true,"jetpack-related-posts":[{"id":14241,"url":"https:\/\/www.jornalja.com.br\/arquivo\/o-guaiba-nas-imagens-poeticas-de-achutti\/","url_meta":{"origin":57052,"position":0},"title":"O Gua\u00edba nas imagens po\u00e9ticas de Achutti","author":"da Reda\u00e7\u00e3o","date":"18 de junho de 2014","format":false,"excerpt":"Em \u201cO Gua\u00edba por Achutti\u201d \u2013 obra financiada via Minist\u00e9rio da Cultura, produ\u00e7\u00e3o executiva de Pedro Longhi, e Fl\u00e1vio Wild como designer \u2013, o fot\u00f3grafo revela a beleza e as mazelas de um espa\u00e7o aqu\u00e1tico de \u00e1guas sempre renovadas, cheio de hist\u00f3rias e lendas como as das cidades que foram\u2026","rel":"","context":"Em &quot;Cultura-Geral&quot;","block_context":{"text":"Cultura-Geral","link":"https:\/\/www.jornalja.com.br\/arquivo\/category\/materiasecundaria\/"},"img":{"alt_text":"","src":"","width":0,"height":0},"classes":[]},{"id":13109,"url":"https:\/\/www.jornalja.com.br\/arquivo\/judiciario-reconhece-poluicao-eletromagnetica\/","url_meta":{"origin":57052,"position":1},"title":"Judici\u00e1rio reconhece polui\u00e7\u00e3o eletromagn\u00e9tica","author":"Patr\u00edcia Marini","date":"16 de maio de 2014","format":false,"excerpt":"A\u00e7\u00e3o de duas associa\u00e7\u00f5es de moradores foi acolhida pelo Tribunal de Justi\u00e7a de S\u00e3o Paulo que. em decis\u00e3o in\u00e9dita, determinou a redu\u00e7\u00e3o do campo eletromagn\u00e9tico gerado pelas linhas de transmiss\u00e3o de energia que cortam os bairros City Boa\u00e7ava e Alto de Pinheiros. \u00c9 a primeira vez que um tribunal do\u2026","rel":"","context":"Em &quot;X.Categorias velhas&quot;","block_context":{"text":"X.Categorias velhas","link":"https:\/\/www.jornalja.com.br\/arquivo\/category\/x-categorias-velhas\/"},"img":{"alt_text":"","src":"","width":0,"height":0},"classes":[]},{"id":13240,"url":"https:\/\/www.jornalja.com.br\/arquivo\/plano-diretor-estamos-construindo-o-caos\/","url_meta":{"origin":57052,"position":2},"title":"Plano diretor: &quot;Estamos construindo o caos&quot;","author":"Patr\u00edcia Marini","date":"26 de maio de 2014","format":false,"excerpt":"Desabafo que arquiteta Eliana Castilhos, delegada da Regi\u00e3o de Planejamento 1, postou nas redes sociais \u00e9 um testemunho do ambiente que se criou no Conselho do Plano Diretor de Porto Alegre, onde a aprova\u00e7\u00e3o de grandes empreendimentos \u00e9 empurrada guela abaixo dos conselheiros. Ao CMDUA Como delegada da Regi\u00e3o de\u2026","rel":"","context":"Em &quot;Geral&quot;","block_context":{"text":"Geral","link":"https:\/\/www.jornalja.com.br\/arquivo\/category\/geral\/"},"img":{"alt_text":"","src":"","width":0,"height":0},"classes":[]},{"id":13101,"url":"https:\/\/www.jornalja.com.br\/arquivo\/morre-um-guerreiro-do-texto\/","url_meta":{"origin":57052,"position":3},"title":"Morre um guerreiro do texto","author":"Patr\u00edcia Marini","date":"14 de maio de 2014","format":false,"excerpt":"Por Ricardo Kotscho Reproduzido do blog do autor, 11\/5\/2014; t\u00edtulo original \u201cE l\u00e1 se foi o nosso Myltainho, guerreiro do texto\u201d. Mi\u00fado e franzino, meu amigo Myltainho era um valente e inconformado guerreiro na luta contra as injusti\u00e7as sociais, a hipocrisia, as maracutaias, o autoritarismo, a intoler\u00e2ncia, a viol\u00eancia, o\u2026","rel":"","context":"Em &quot;Geral&quot;","block_context":{"text":"Geral","link":"https:\/\/www.jornalja.com.br\/arquivo\/category\/geral\/"},"img":{"alt_text":"","src":"","width":0,"height":0},"classes":[]},{"id":12960,"url":"https:\/\/www.jornalja.com.br\/arquivo\/populacao-culpa-empresas-pela-greve-dos-rodoviarios\/","url_meta":{"origin":57052,"position":4},"title":"Popula\u00e7\u00e3o culpa empresas pela greve","author":"Patr\u00edcia Marini","date":"14 de fevereiro de 2014","format":false,"excerpt":"Pesquisa divulgada na edi\u00e7\u00e3o do jornal Metro desta sexta-feira,14, comprova o velho ditado: \u00e9 poss\u00edvel enganar muitos por algum tempo, mas n\u00e3o \u00e9 poss\u00edvel enganar a todos o tempo inteiro. A principal revela\u00e7\u00e3o foi que 59,8% dos entrevistados apontaram as empresas como as principais respons\u00e1veis pela grave e 46% culparam\u2026","rel":"","context":"Em &quot;X.Categorias velhas&quot;","block_context":{"text":"X.Categorias velhas","link":"https:\/\/www.jornalja.com.br\/arquivo\/category\/x-categorias-velhas\/"},"img":{"alt_text":"","src":"","width":0,"height":0},"classes":[]},{"id":13128,"url":"https:\/\/www.jornalja.com.br\/arquivo\/maconha-terra-diz-que-uso-medicinal-e-desculpa\/","url_meta":{"origin":57052,"position":5},"title":"Maconha: Terra diz que uso medicinal \u00e9 desculpa","author":"Patr\u00edcia Marini","date":"4 de junho de 2014","format":false,"excerpt":"A condi\u00e7\u00e3o de pol\u00edtico, em \u00e9poca de campanha de campanha eleitoral, tira for\u00e7a do discurso do m\u00e9dico Osmar Terra contra a legaliza\u00e7\u00e3o da maconha. A tese dele de que a libera\u00e7\u00e3o vai ampliar exponencialmente o consumo \u00e9 discutivel, o consumo \u00e9 corrente. Mas seus alertas quanto aos riscos tem que\u2026","rel":"","context":"Em &quot;X.Categorias velhas&quot;","block_context":{"text":"X.Categorias velhas","link":"https:\/\/www.jornalja.com.br\/arquivo\/category\/x-categorias-velhas\/"},"img":{"alt_text":"","src":"","width":0,"height":0},"classes":[]}],"jetpack_shortlink":"https:\/\/wp.me\/pbQjBd-eQc","jetpack_featured_media_url":"","_links":{"self":[{"href":"https:\/\/www.jornalja.com.br\/arquivo\/wp-json\/wp\/v2\/posts\/57052","targetHints":{"allow":["GET"]}}],"collection":[{"href":"https:\/\/www.jornalja.com.br\/arquivo\/wp-json\/wp\/v2\/posts"}],"about":[{"href":"https:\/\/www.jornalja.com.br\/arquivo\/wp-json\/wp\/v2\/types\/post"}],"author":[{"embeddable":true,"href":"https:\/\/www.jornalja.com.br\/arquivo\/wp-json\/wp\/v2\/users\/4"}],"replies":[{"embeddable":true,"href":"https:\/\/www.jornalja.com.br\/arquivo\/wp-json\/wp\/v2\/comments?post=57052"}],"version-history":[{"count":0,"href":"https:\/\/www.jornalja.com.br\/arquivo\/wp-json\/wp\/v2\/posts\/57052\/revisions"}],"wp:attachment":[{"href":"https:\/\/www.jornalja.com.br\/arquivo\/wp-json\/wp\/v2\/media?parent=57052"}],"wp:term":[{"taxonomy":"category","embeddable":true,"href":"https:\/\/www.jornalja.com.br\/arquivo\/wp-json\/wp\/v2\/categories?post=57052"},{"taxonomy":"post_tag","embeddable":true,"href":"https:\/\/www.jornalja.com.br\/arquivo\/wp-json\/wp\/v2\/tags?post=57052"}],"curies":[{"name":"wp","href":"https:\/\/api.w.org\/{rel}","templated":true}]}}