{"id":57068,"date":"2017-11-07T20:52:40","date_gmt":"2017-11-07T23:52:40","guid":{"rendered":"https:\/\/www.jornalja.com.br\/?p=57068"},"modified":"2017-11-07T20:52:40","modified_gmt":"2017-11-07T23:52:40","slug":"extincao-das-fundacoes-nova-reuniao-de-mediacao-deve-ocorrer-dia-20","status":"publish","type":"post","link":"https:\/\/www.jornalja.com.br\/arquivo\/extincao-das-fundacoes-nova-reuniao-de-mediacao-deve-ocorrer-dia-20\/","title":{"rendered":"Extin\u00e7\u00e3o das Funda\u00e7\u00f5es: nova reuni\u00e3o de media\u00e7\u00e3o deve ocorrer dia 20"},"content":{"rendered":"<p>Nesta ter\u00e7a-feira, 7\/11, o desembargador Jo\u00e3o Pedro Silvestrin, do Tribunal Regional do Trabalho da 4\u00aa Regi\u00e3o (TRT4), presidiu mais uma audi\u00eancia de media\u00e7\u00e3o envolvendo as Funda\u00e7\u00f5es que o governo Sartori pretende fechar. No encontro, ficou definido que uma nova reuni\u00e3o deve ocorrer no dia 20\/11 para que os sindicatos, por meio da Frente Jur\u00eddica em Defesa das Funda\u00e7\u00f5es, apresentem ao governo as considera\u00e7\u00f5es das categorias ou uma contraproposta.<br \/>\nNos pr\u00f3ximos dias, o SEMAPI ir\u00e1 realizar reuni\u00f5es por funda\u00e7\u00e3o para apresentar aos trabalhadores e trabalhadoras a proposta da Procuradoria Geral do Estado (PGE). O texto prev\u00ea um Programa de Demiss\u00e3o Volunt\u00e1ria (PDV) para todos.<br \/>\n<strong>Negocia\u00e7\u00e3o<\/strong><br \/>\nNo in\u00edcio da reuni\u00e3o, a Frente Jur\u00eddica questionou a disposi\u00e7\u00e3o do governo de negociar, visto que foi direto ao Superior Tribunal Federal (STF) para obter sucesso na sua vontade. O pr\u00f3prio desembargador Silvestrin disse tamb\u00e9m ter se questionado se valia a pena manter a mesa de negocia\u00e7\u00e3o, falando que parecia que o Estado estava achando que as coisas poderiam andar de maneira mais r\u00e1pida. \u201cN\u00e3o \u00e9 uma cr\u00edtica, \u00e9 uma constata\u00e7\u00e3o\u201d, salientou o desembargador.<br \/>\nOs advogados da Frente reiteraram que a contraproposta encaminhada pelos sindicatos era financeiramente mais vantajosa e menos traum\u00e1tica para todos. No entanto, o governo se mostrou categ\u00f3rico e voltou a dizer que est\u00e1 negociando a demiss\u00e3o em massa dos trabalhadores.<br \/>\n<strong>Liminares<\/strong><br \/>\nRequerida pela PGE e aceita pelo ministro Gilmar Mendes, a a\u00e7\u00e3o do Supremo Tribunal Federal (STF) autoriza a demiss\u00e3o de trabalhadores das funda\u00e7\u00f5es sem negocia\u00e7\u00e3o coletiva pr\u00e9via. No entanto, o SEMAPI e o SENGE, por meio da Frente Jur\u00eddica, recorreram contra a liminar, que ainda tramita no STF.<br \/>\n<strong>CORAG<\/strong><br \/>\nAp\u00f3s a reuni\u00e3o que tratava das funda\u00e7\u00f5es, foi a vez da media\u00e7\u00e3o da Companhia Riograndense de Artes Gr\u00e1ficas (Corag), que tamb\u00e9m faz parte da Frente Jur\u00eddica.<br \/>\nNa ocasi\u00e3o, o advogado R\u00f4mulo Escouto, que defende a institui\u00e7\u00e3o, falou sobre a possibilidade de um PDV para todos, decis\u00e3o que foi ratificada pelo presidente do Sindicato dos Trabalhadores nas Ind\u00fastrias Gr\u00e1ficas de Porto Alegre (STIGPOA), Francisco L\u00e1zaro Peixoto da Silva<br \/>\nNa sua manifesta\u00e7\u00e3o, Francisco fez quest\u00e3o de salientar que todos trabalhadores e trabalhadoras da CORAG s\u00e3o servidores p\u00fablicos, que estudaram, se empenharam e passaram em concurso.<br \/>\n<em>Com informa\u00e7\u00f5es do Semapi<\/em><\/p>\n","protected":false},"excerpt":{"rendered":"<p>Nesta ter\u00e7a-feira, 7\/11, o desembargador Jo\u00e3o Pedro Silvestrin, do Tribunal Regional do Trabalho da 4\u00aa Regi\u00e3o (TRT4), presidiu mais uma audi\u00eancia de media\u00e7\u00e3o envolvendo as Funda\u00e7\u00f5es que o governo Sartori pretende fechar. No encontro, ficou definido que uma nova reuni\u00e3o deve ocorrer no dia 20\/11 para que os sindicatos, por meio da Frente Jur\u00eddica em [&hellip;]<\/p>\n","protected":false},"author":4,"featured_media":57069,"comment_status":"open","ping_status":"closed","sticky":false,"template":"","format":"standard","meta":{"_jetpack_newsletter_access":"","_jetpack_dont_email_post_to_subs":false,"_jetpack_newsletter_tier_id":0,"_jetpack_memberships_contains_paywalled_content":false,"_jetpack_feature_clip_id":0,"_jetpack_memberships_contains_paid_content":false,"footnotes":"","jetpack_post_was_ever_published":false},"categories":[26],"tags":[],"class_list":["post-57068","post","type-post","status-publish","format-standard","has-post-thumbnail","hentry","category-geral"],"aioseo_notices":[],"aioseo_head":"\n\t\t<!-- All in One SEO 5.0.1.1 - aioseo.com -->\n\t<meta name=\"robots\" content=\"max-image-preview:large\" \/>\n\t<meta name=\"author\" content=\"da Reda\u00e7\u00e3o\"\/>\n\t<link rel=\"canonical\" href=\"https:\/\/www.jornalja.com.br\/arquivo\/extincao-das-fundacoes-nova-reuniao-de-mediacao-deve-ocorrer-dia-20\/\" \/>\n\t<meta name=\"generator\" content=\"All in One SEO (AIOSEO) 5.0.1.1\" \/>\n\t\t<meta property=\"og:locale\" content=\"pt_BR\" \/>\n\t\t<meta property=\"og:site_name\" content=\"Arquivo | Jornal J\u00c1 | Porto Alegre\" \/>\n\t\t<meta property=\"og:type\" content=\"article\" \/>\n\t\t<meta property=\"og:title\" content=\"Extin\u00e7\u00e3o das Funda\u00e7\u00f5es: nova reuni\u00e3o de media\u00e7\u00e3o deve ocorrer dia 20 | Arquivo\" \/>\n\t\t<meta property=\"og:url\" content=\"https:\/\/www.jornalja.com.br\/arquivo\/extincao-das-fundacoes-nova-reuniao-de-mediacao-deve-ocorrer-dia-20\/\" \/>\n\t\t<meta property=\"og:image\" content=\"https:\/\/www.jornalja.com.br\/economics\/wp-content\/uploads\/sites\/11\/2026\/08\/ja-folhaderosto-facebook.jpg\" \/>\n\t\t<meta property=\"og:image:secure_url\" content=\"https:\/\/www.jornalja.com.br\/economics\/wp-content\/uploads\/sites\/11\/2026\/08\/ja-folhaderosto-facebook.jpg\" \/>\n\t\t<meta property=\"article:published_time\" content=\"2017-11-07T23:52:40+00:00\" \/>\n\t\t<meta property=\"article:modified_time\" content=\"2017-11-07T23:52:40+00:00\" \/>\n\t\t<meta name=\"twitter:card\" content=\"summary\" \/>\n\t\t<meta name=\"twitter:title\" content=\"Extin\u00e7\u00e3o das Funda\u00e7\u00f5es: nova reuni\u00e3o de media\u00e7\u00e3o deve ocorrer dia 20 | Arquivo\" \/>\n\t\t<meta name=\"twitter:image\" content=\"https:\/\/www.jornalja.com.br\/economics\/wp-content\/uploads\/sites\/11\/2026\/08\/ja-folhaderosto-facebook.jpg\" \/>\n\t\t<script type=\"application\/ld+json\" class=\"aioseo-schema\">\n\t\t\t{\"@context\":\"https:\\\/\\\/schema.org\",\"@graph\":[{\"@type\":\"BlogPosting\",\"@id\":\"https:\\\/\\\/www.jornalja.com.br\\\/arquivo\\\/extincao-das-fundacoes-nova-reuniao-de-mediacao-deve-ocorrer-dia-20\\\/#blogposting\",\"name\":\"Extin\\u00e7\\u00e3o das Funda\\u00e7\\u00f5es: nova reuni\\u00e3o de media\\u00e7\\u00e3o deve ocorrer dia 20 | Arquivo\",\"headline\":\"Extin\\u00e7\\u00e3o das Funda\\u00e7\\u00f5es: nova reuni\\u00e3o de media\\u00e7\\u00e3o deve ocorrer dia 20\",\"author\":{\"@id\":\"https:\\\/\\\/www.jornalja.com.br\\\/arquivo\\\/author\\\/daredacao\\\/#author\"},\"publisher\":{\"@id\":\"https:\\\/\\\/www.jornalja.com.br\\\/arquivo\\\/#organization\"},\"image\":{\"@type\":\"ImageObject\",\"url\":57069},\"datePublished\":\"2017-11-07T20:52:40-02:00\",\"dateModified\":\"2017-11-07T20:52:40-02:00\",\"inLanguage\":\"pt-BR\",\"mainEntityOfPage\":{\"@id\":\"https:\\\/\\\/www.jornalja.com.br\\\/arquivo\\\/extincao-das-fundacoes-nova-reuniao-de-mediacao-deve-ocorrer-dia-20\\\/#webpage\"},\"isPartOf\":{\"@id\":\"https:\\\/\\\/www.jornalja.com.br\\\/arquivo\\\/extincao-das-fundacoes-nova-reuniao-de-mediacao-deve-ocorrer-dia-20\\\/#webpage\"},\"articleSection\":\"Geral\"},{\"@type\":\"BreadcrumbList\",\"@id\":\"https:\\\/\\\/www.jornalja.com.br\\\/arquivo\\\/extincao-das-fundacoes-nova-reuniao-de-mediacao-deve-ocorrer-dia-20\\\/#breadcrumblist\",\"itemListElement\":[{\"@type\":\"ListItem\",\"@id\":\"https:\\\/\\\/www.jornalja.com.br\\\/arquivo#listItem\",\"position\":1,\"name\":\"Home\",\"item\":\"https:\\\/\\\/www.jornalja.com.br\\\/arquivo\",\"nextItem\":{\"@type\":\"ListItem\",\"@id\":\"https:\\\/\\\/www.jornalja.com.br\\\/arquivo\\\/category\\\/geral\\\/#listItem\",\"name\":\"Geral\"}},{\"@type\":\"ListItem\",\"@id\":\"https:\\\/\\\/www.jornalja.com.br\\\/arquivo\\\/category\\\/geral\\\/#listItem\",\"position\":2,\"name\":\"Geral\",\"item\":\"https:\\\/\\\/www.jornalja.com.br\\\/arquivo\\\/category\\\/geral\\\/\",\"nextItem\":{\"@type\":\"ListItem\",\"@id\":\"https:\\\/\\\/www.jornalja.com.br\\\/arquivo\\\/extincao-das-fundacoes-nova-reuniao-de-mediacao-deve-ocorrer-dia-20\\\/#listItem\",\"name\":\"Extin\\u00e7\\u00e3o das Funda\\u00e7\\u00f5es: nova reuni\\u00e3o de media\\u00e7\\u00e3o deve ocorrer dia 20\"},\"previousItem\":{\"@type\":\"ListItem\",\"@id\":\"https:\\\/\\\/www.jornalja.com.br\\\/arquivo#listItem\",\"name\":\"Home\"}},{\"@type\":\"ListItem\",\"@id\":\"https:\\\/\\\/www.jornalja.com.br\\\/arquivo\\\/extincao-das-fundacoes-nova-reuniao-de-mediacao-deve-ocorrer-dia-20\\\/#listItem\",\"position\":3,\"name\":\"Extin\\u00e7\\u00e3o das Funda\\u00e7\\u00f5es: nova reuni\\u00e3o de media\\u00e7\\u00e3o deve ocorrer dia 20\",\"previousItem\":{\"@type\":\"ListItem\",\"@id\":\"https:\\\/\\\/www.jornalja.com.br\\\/arquivo\\\/category\\\/geral\\\/#listItem\",\"name\":\"Geral\"}}]},{\"@type\":\"Organization\",\"@id\":\"https:\\\/\\\/www.jornalja.com.br\\\/arquivo\\\/#organization\",\"name\":\"Jornal J\\u00c1\",\"description\":\"Jornal J\\u00c1 | Porto Alegre\",\"url\":\"https:\\\/\\\/www.jornalja.com.br\\\/arquivo\\\/\",\"telephone\":\"+555133307272\",\"logo\":{\"@type\":\"ImageObject\",\"url\":\"https:\\\/\\\/www.jornalja.com.br\\\/wp-content\\\/uploads\\\/cards\\\/JAslogan.png\",\"@id\":\"https:\\\/\\\/www.jornalja.com.br\\\/arquivo\\\/extincao-das-fundacoes-nova-reuniao-de-mediacao-deve-ocorrer-dia-20\\\/#organizationLogo\"},\"image\":{\"@id\":\"https:\\\/\\\/www.jornalja.com.br\\\/arquivo\\\/extincao-das-fundacoes-nova-reuniao-de-mediacao-deve-ocorrer-dia-20\\\/#organizationLogo\"}},{\"@type\":\"Person\",\"@id\":\"https:\\\/\\\/www.jornalja.com.br\\\/arquivo\\\/author\\\/daredacao\\\/#author\",\"url\":\"https:\\\/\\\/www.jornalja.com.br\\\/arquivo\\\/author\\\/daredacao\\\/\",\"name\":\"da Reda\\u00e7\\u00e3o\",\"image\":{\"@type\":\"ImageObject\",\"@id\":\"https:\\\/\\\/www.jornalja.com.br\\\/arquivo\\\/extincao-das-fundacoes-nova-reuniao-de-mediacao-deve-ocorrer-dia-20\\\/#authorImage\",\"url\":\"https:\\\/\\\/secure.gravatar.com\\\/avatar\\\/469fd857d6605ad19919d27ed29d35a968a25f6e8fd9318356bbb7f57aae9c65?s=96&d=mm&r=g\",\"width\":96,\"height\":96,\"caption\":\"da Reda\\u00e7\\u00e3o\"}},{\"@type\":\"WebPage\",\"@id\":\"https:\\\/\\\/www.jornalja.com.br\\\/arquivo\\\/extincao-das-fundacoes-nova-reuniao-de-mediacao-deve-ocorrer-dia-20\\\/#webpage\",\"url\":\"https:\\\/\\\/www.jornalja.com.br\\\/arquivo\\\/extincao-das-fundacoes-nova-reuniao-de-mediacao-deve-ocorrer-dia-20\\\/\",\"name\":\"Extin\\u00e7\\u00e3o das Funda\\u00e7\\u00f5es: nova reuni\\u00e3o de media\\u00e7\\u00e3o deve ocorrer dia 20 | Arquivo\",\"inLanguage\":\"pt-BR\",\"isPartOf\":{\"@id\":\"https:\\\/\\\/www.jornalja.com.br\\\/arquivo\\\/#website\"},\"breadcrumb\":{\"@id\":\"https:\\\/\\\/www.jornalja.com.br\\\/arquivo\\\/extincao-das-fundacoes-nova-reuniao-de-mediacao-deve-ocorrer-dia-20\\\/#breadcrumblist\"},\"author\":{\"@id\":\"https:\\\/\\\/www.jornalja.com.br\\\/arquivo\\\/author\\\/daredacao\\\/#author\"},\"creator\":{\"@id\":\"https:\\\/\\\/www.jornalja.com.br\\\/arquivo\\\/author\\\/daredacao\\\/#author\"},\"image\":{\"@type\":\"ImageObject\",\"url\":57069,\"@id\":\"https:\\\/\\\/www.jornalja.com.br\\\/arquivo\\\/extincao-das-fundacoes-nova-reuniao-de-mediacao-deve-ocorrer-dia-20\\\/#mainImage\"},\"primaryImageOfPage\":{\"@id\":\"https:\\\/\\\/www.jornalja.com.br\\\/arquivo\\\/extincao-das-fundacoes-nova-reuniao-de-mediacao-deve-ocorrer-dia-20\\\/#mainImage\"},\"datePublished\":\"2017-11-07T20:52:40-02:00\",\"dateModified\":\"2017-11-07T20:52:40-02:00\"},{\"@type\":\"WebSite\",\"@id\":\"https:\\\/\\\/www.jornalja.com.br\\\/arquivo\\\/#website\",\"url\":\"https:\\\/\\\/www.jornalja.com.br\\\/arquivo\\\/\",\"name\":\"Arquivo\",\"description\":\"Jornal J\\u00c1 | Porto Alegre\",\"inLanguage\":\"pt-BR\",\"publisher\":{\"@id\":\"https:\\\/\\\/www.jornalja.com.br\\\/arquivo\\\/#organization\"}}]}\n\t\t<\/script>\n\t\t<!-- All in One SEO -->\n\n","aioseo_head_json":{"title":"Extin\u00e7\u00e3o das Funda\u00e7\u00f5es: nova reuni\u00e3o de media\u00e7\u00e3o deve ocorrer dia 20 | Arquivo","description":"","canonical_url":"https:\/\/www.jornalja.com.br\/arquivo\/extincao-das-fundacoes-nova-reuniao-de-mediacao-deve-ocorrer-dia-20\/","robots":"max-image-preview:large","keywords":"","webmasterTools":{"miscellaneous":""},"schema":{"@context":"https:\/\/schema.org","@graph":[{"@type":"BlogPosting","@id":"https:\/\/www.jornalja.com.br\/arquivo\/extincao-das-fundacoes-nova-reuniao-de-mediacao-deve-ocorrer-dia-20\/#blogposting","name":"Extin\u00e7\u00e3o das Funda\u00e7\u00f5es: nova reuni\u00e3o de media\u00e7\u00e3o deve ocorrer dia 20 | Arquivo","headline":"Extin\u00e7\u00e3o das Funda\u00e7\u00f5es: nova reuni\u00e3o de media\u00e7\u00e3o deve ocorrer dia 20","author":{"@id":"https:\/\/www.jornalja.com.br\/arquivo\/author\/daredacao\/#author"},"publisher":{"@id":"https:\/\/www.jornalja.com.br\/arquivo\/#organization"},"image":{"@type":"ImageObject","url":57069},"datePublished":"2017-11-07T20:52:40-02:00","dateModified":"2017-11-07T20:52:40-02:00","inLanguage":"pt-BR","mainEntityOfPage":{"@id":"https:\/\/www.jornalja.com.br\/arquivo\/extincao-das-fundacoes-nova-reuniao-de-mediacao-deve-ocorrer-dia-20\/#webpage"},"isPartOf":{"@id":"https:\/\/www.jornalja.com.br\/arquivo\/extincao-das-fundacoes-nova-reuniao-de-mediacao-deve-ocorrer-dia-20\/#webpage"},"articleSection":"Geral"},{"@type":"BreadcrumbList","@id":"https:\/\/www.jornalja.com.br\/arquivo\/extincao-das-fundacoes-nova-reuniao-de-mediacao-deve-ocorrer-dia-20\/#breadcrumblist","itemListElement":[{"@type":"ListItem","@id":"https:\/\/www.jornalja.com.br\/arquivo#listItem","position":1,"name":"Home","item":"https:\/\/www.jornalja.com.br\/arquivo","nextItem":{"@type":"ListItem","@id":"https:\/\/www.jornalja.com.br\/arquivo\/category\/geral\/#listItem","name":"Geral"}},{"@type":"ListItem","@id":"https:\/\/www.jornalja.com.br\/arquivo\/category\/geral\/#listItem","position":2,"name":"Geral","item":"https:\/\/www.jornalja.com.br\/arquivo\/category\/geral\/","nextItem":{"@type":"ListItem","@id":"https:\/\/www.jornalja.com.br\/arquivo\/extincao-das-fundacoes-nova-reuniao-de-mediacao-deve-ocorrer-dia-20\/#listItem","name":"Extin\u00e7\u00e3o das Funda\u00e7\u00f5es: nova reuni\u00e3o de media\u00e7\u00e3o deve ocorrer dia 20"},"previousItem":{"@type":"ListItem","@id":"https:\/\/www.jornalja.com.br\/arquivo#listItem","name":"Home"}},{"@type":"ListItem","@id":"https:\/\/www.jornalja.com.br\/arquivo\/extincao-das-fundacoes-nova-reuniao-de-mediacao-deve-ocorrer-dia-20\/#listItem","position":3,"name":"Extin\u00e7\u00e3o das Funda\u00e7\u00f5es: nova reuni\u00e3o de media\u00e7\u00e3o deve ocorrer dia 20","previousItem":{"@type":"ListItem","@id":"https:\/\/www.jornalja.com.br\/arquivo\/category\/geral\/#listItem","name":"Geral"}}]},{"@type":"Organization","@id":"https:\/\/www.jornalja.com.br\/arquivo\/#organization","name":"Jornal J\u00c1","description":"Jornal J\u00c1 | Porto Alegre","url":"https:\/\/www.jornalja.com.br\/arquivo\/","telephone":"+555133307272","logo":{"@type":"ImageObject","url":"https:\/\/www.jornalja.com.br\/wp-content\/uploads\/cards\/JAslogan.png","@id":"https:\/\/www.jornalja.com.br\/arquivo\/extincao-das-fundacoes-nova-reuniao-de-mediacao-deve-ocorrer-dia-20\/#organizationLogo"},"image":{"@id":"https:\/\/www.jornalja.com.br\/arquivo\/extincao-das-fundacoes-nova-reuniao-de-mediacao-deve-ocorrer-dia-20\/#organizationLogo"}},{"@type":"Person","@id":"https:\/\/www.jornalja.com.br\/arquivo\/author\/daredacao\/#author","url":"https:\/\/www.jornalja.com.br\/arquivo\/author\/daredacao\/","name":"da Reda\u00e7\u00e3o","image":{"@type":"ImageObject","@id":"https:\/\/www.jornalja.com.br\/arquivo\/extincao-das-fundacoes-nova-reuniao-de-mediacao-deve-ocorrer-dia-20\/#authorImage","url":"https:\/\/secure.gravatar.com\/avatar\/469fd857d6605ad19919d27ed29d35a968a25f6e8fd9318356bbb7f57aae9c65?s=96&d=mm&r=g","width":96,"height":96,"caption":"da Reda\u00e7\u00e3o"}},{"@type":"WebPage","@id":"https:\/\/www.jornalja.com.br\/arquivo\/extincao-das-fundacoes-nova-reuniao-de-mediacao-deve-ocorrer-dia-20\/#webpage","url":"https:\/\/www.jornalja.com.br\/arquivo\/extincao-das-fundacoes-nova-reuniao-de-mediacao-deve-ocorrer-dia-20\/","name":"Extin\u00e7\u00e3o das Funda\u00e7\u00f5es: nova reuni\u00e3o de media\u00e7\u00e3o deve ocorrer dia 20 | Arquivo","inLanguage":"pt-BR","isPartOf":{"@id":"https:\/\/www.jornalja.com.br\/arquivo\/#website"},"breadcrumb":{"@id":"https:\/\/www.jornalja.com.br\/arquivo\/extincao-das-fundacoes-nova-reuniao-de-mediacao-deve-ocorrer-dia-20\/#breadcrumblist"},"author":{"@id":"https:\/\/www.jornalja.com.br\/arquivo\/author\/daredacao\/#author"},"creator":{"@id":"https:\/\/www.jornalja.com.br\/arquivo\/author\/daredacao\/#author"},"image":{"@type":"ImageObject","url":57069,"@id":"https:\/\/www.jornalja.com.br\/arquivo\/extincao-das-fundacoes-nova-reuniao-de-mediacao-deve-ocorrer-dia-20\/#mainImage"},"primaryImageOfPage":{"@id":"https:\/\/www.jornalja.com.br\/arquivo\/extincao-das-fundacoes-nova-reuniao-de-mediacao-deve-ocorrer-dia-20\/#mainImage"},"datePublished":"2017-11-07T20:52:40-02:00","dateModified":"2017-11-07T20:52:40-02:00"},{"@type":"WebSite","@id":"https:\/\/www.jornalja.com.br\/arquivo\/#website","url":"https:\/\/www.jornalja.com.br\/arquivo\/","name":"Arquivo","description":"Jornal J\u00c1 | Porto Alegre","inLanguage":"pt-BR","publisher":{"@id":"https:\/\/www.jornalja.com.br\/arquivo\/#organization"}}]},"og:locale":"pt_BR","og:site_name":"Arquivo | Jornal J\u00c1 | Porto Alegre","og:type":"article","og:title":"Extin\u00e7\u00e3o das Funda\u00e7\u00f5es: nova reuni\u00e3o de media\u00e7\u00e3o deve ocorrer dia 20 | Arquivo","og:url":"https:\/\/www.jornalja.com.br\/arquivo\/extincao-das-fundacoes-nova-reuniao-de-mediacao-deve-ocorrer-dia-20\/","og:image":"https:\/\/www.jornalja.com.br\/economics\/wp-content\/uploads\/sites\/11\/2026\/08\/ja-folhaderosto-facebook.jpg","og:image:secure_url":"https:\/\/www.jornalja.com.br\/economics\/wp-content\/uploads\/sites\/11\/2026\/08\/ja-folhaderosto-facebook.jpg","article:published_time":"2017-11-07T23:52:40+00:00","article:modified_time":"2017-11-07T23:52:40+00:00","twitter:card":"summary","twitter:title":"Extin\u00e7\u00e3o das Funda\u00e7\u00f5es: nova reuni\u00e3o de media\u00e7\u00e3o deve ocorrer dia 20 | Arquivo","twitter:image":"https:\/\/www.jornalja.com.br\/economics\/wp-content\/uploads\/sites\/11\/2026\/08\/ja-folhaderosto-facebook.jpg"},"aioseo_meta_data":{"post_id":"57068","title":null,"description":null,"keywords":null,"keyphrases":null,"primary_term":null,"canonical_url":null,"og_title":null,"og_description":null,"og_object_type":"default","og_image_type":"default","og_image_url":null,"og_image_width":null,"og_image_height":null,"og_image_custom_url":null,"og_image_custom_fields":null,"og_video":null,"og_custom_url":null,"og_article_section":null,"og_article_tags":null,"twitter_use_og":false,"twitter_card":"default","twitter_image_type":"default","twitter_image_url":null,"twitter_image_custom_url":null,"twitter_image_custom_fields":null,"twitter_title":null,"twitter_description":null,"schema":{"blockGraphs":[],"customGraphs":[],"default":{"data":{"Article":[],"Course":[],"Dataset":[],"FAQPage":[],"Movie":[],"Person":[],"Product":[],"ProductReview":[],"Car":[],"Recipe":[],"Service":[],"SoftwareApplication":[],"WebPage":[]},"graphName":"","isEnabled":true},"graphs":[]},"schema_type":null,"schema_type_options":null,"pillar_content":false,"robots_default":true,"robots_noindex":false,"robots_noarchive":false,"robots_nosnippet":false,"robots_nofollow":false,"robots_noimageindex":false,"robots_noodp":false,"robots_notranslate":false,"robots_max_snippet":null,"robots_max_videopreview":null,"robots_max_imagepreview":"large","priority":null,"frequency":null,"location":null,"local_seo":null,"breadcrumb_settings":null,"limit_modified_date":false,"ai":null,"created":"2020-12-20 20:21:03","updated":"2025-07-20 02:12:32","seo_analyzer_scan_date":null,"focus_keyword":null,"additional_keywords":null,"truseo_locale":null},"jetpack_sharing_enabled":true,"jetpack-related-posts":[{"id":13240,"url":"https:\/\/www.jornalja.com.br\/arquivo\/plano-diretor-estamos-construindo-o-caos\/","url_meta":{"origin":57068,"position":0},"title":"Plano diretor: &quot;Estamos construindo o caos&quot;","author":"Patr\u00edcia Marini","date":"26 de maio de 2014","format":false,"excerpt":"Desabafo que arquiteta Eliana Castilhos, delegada da Regi\u00e3o de Planejamento 1, postou nas redes sociais \u00e9 um testemunho do ambiente que se criou no Conselho do Plano Diretor de Porto Alegre, onde a aprova\u00e7\u00e3o de grandes empreendimentos \u00e9 empurrada guela abaixo dos conselheiros. Ao CMDUA Como delegada da Regi\u00e3o de\u2026","rel":"","context":"Em &quot;Geral&quot;","block_context":{"text":"Geral","link":"https:\/\/www.jornalja.com.br\/arquivo\/category\/geral\/"},"img":{"alt_text":"","src":"","width":0,"height":0},"classes":[]},{"id":13109,"url":"https:\/\/www.jornalja.com.br\/arquivo\/judiciario-reconhece-poluicao-eletromagnetica\/","url_meta":{"origin":57068,"position":1},"title":"Judici\u00e1rio reconhece polui\u00e7\u00e3o eletromagn\u00e9tica","author":"Patr\u00edcia Marini","date":"16 de maio de 2014","format":false,"excerpt":"A\u00e7\u00e3o de duas associa\u00e7\u00f5es de moradores foi acolhida pelo Tribunal de Justi\u00e7a de S\u00e3o Paulo que. em decis\u00e3o in\u00e9dita, determinou a redu\u00e7\u00e3o do campo eletromagn\u00e9tico gerado pelas linhas de transmiss\u00e3o de energia que cortam os bairros City Boa\u00e7ava e Alto de Pinheiros. \u00c9 a primeira vez que um tribunal do\u2026","rel":"","context":"Em &quot;X.Categorias velhas&quot;","block_context":{"text":"X.Categorias velhas","link":"https:\/\/www.jornalja.com.br\/arquivo\/category\/x-categorias-velhas\/"},"img":{"alt_text":"","src":"","width":0,"height":0},"classes":[]},{"id":13124,"url":"https:\/\/www.jornalja.com.br\/arquivo\/sangue-latino-no-iecine\/","url_meta":{"origin":57068,"position":2},"title":"Sangue latino no IECINE","author":"da Reda\u00e7\u00e3o","date":"18 de maio de 2014","format":false,"excerpt":"Francisco Ribeiro O Instituto Estadual de Cinema (IECINE) tem a frente, desde abril \u00faltimo, um novo diretor, o cineasta colombiano Juan Zapata, 36, que substitui Luiz Alberto Cassol. Radicado h\u00e1 dez anos em Porto Alegre, Zapata tem diante de si o desafio de conduzir at\u00e9 o final do ano um\u2026","rel":"","context":"Em &quot;Cultura-Geral&quot;","block_context":{"text":"Cultura-Geral","link":"https:\/\/www.jornalja.com.br\/arquivo\/category\/materiasecundaria\/"},"img":{"alt_text":"","src":"","width":0,"height":0},"classes":[]},{"id":13101,"url":"https:\/\/www.jornalja.com.br\/arquivo\/morre-um-guerreiro-do-texto\/","url_meta":{"origin":57068,"position":3},"title":"Morre um guerreiro do texto","author":"Patr\u00edcia Marini","date":"14 de maio de 2014","format":false,"excerpt":"Por Ricardo Kotscho Reproduzido do blog do autor, 11\/5\/2014; t\u00edtulo original \u201cE l\u00e1 se foi o nosso Myltainho, guerreiro do texto\u201d. Mi\u00fado e franzino, meu amigo Myltainho era um valente e inconformado guerreiro na luta contra as injusti\u00e7as sociais, a hipocrisia, as maracutaias, o autoritarismo, a intoler\u00e2ncia, a viol\u00eancia, o\u2026","rel":"","context":"Em &quot;Geral&quot;","block_context":{"text":"Geral","link":"https:\/\/www.jornalja.com.br\/arquivo\/category\/geral\/"},"img":{"alt_text":"","src":"","width":0,"height":0},"classes":[]},{"id":5440,"url":"https:\/\/www.jornalja.com.br\/arquivo\/casarao-da-venancio-destino-permanece-incerto\/","url_meta":{"origin":57068,"position":4},"title":"Estado ainda n\u00e3o sabe o que fazer com casar\u00e3o abandonado h\u00e1 20 anos","author":"Elmar Bones","date":"6 de julho de 2009","format":false,"excerpt":"O casar\u00e3o amarelo, numa esquina nobre de Porto Alegre (Ven\u00e2ncio Aires com Jo\u00e3o Pessoa), j\u00e1 abrigou uma escola. H\u00e1 duas d\u00e9cadas, pelo menos, est\u00e1 abandonado, porque seu propriet\u00e1rio, o governo do Estado do Rio Grande do Sul, n\u00e3o consegue achar um destino para ele. Planos n\u00e3o faltaram. O governador Ol\u00edvio\u2026","rel":"","context":"Em &quot;X.Categorias velhas&quot;","block_context":{"text":"X.Categorias velhas","link":"https:\/\/www.jornalja.com.br\/arquivo\/category\/x-categorias-velhas\/"},"img":{"alt_text":"geraldo1","src":"https:\/\/i0.wp.com\/www.jornalja.com.br\/wp-content\/uploads\/2009\/07\/geraldo1.jpg?resize=350%2C200&ssl=1","width":350,"height":200},"classes":[]},{"id":14241,"url":"https:\/\/www.jornalja.com.br\/arquivo\/o-guaiba-nas-imagens-poeticas-de-achutti\/","url_meta":{"origin":57068,"position":5},"title":"O Gua\u00edba nas imagens po\u00e9ticas de Achutti","author":"da Reda\u00e7\u00e3o","date":"18 de junho de 2014","format":false,"excerpt":"Em \u201cO Gua\u00edba por Achutti\u201d \u2013 obra financiada via Minist\u00e9rio da Cultura, produ\u00e7\u00e3o executiva de Pedro Longhi, e Fl\u00e1vio Wild como designer \u2013, o fot\u00f3grafo revela a beleza e as mazelas de um espa\u00e7o aqu\u00e1tico de \u00e1guas sempre renovadas, cheio de hist\u00f3rias e lendas como as das cidades que foram\u2026","rel":"","context":"Em &quot;Cultura-Geral&quot;","block_context":{"text":"Cultura-Geral","link":"https:\/\/www.jornalja.com.br\/arquivo\/category\/materiasecundaria\/"},"img":{"alt_text":"","src":"","width":0,"height":0},"classes":[]}],"jetpack_shortlink":"https:\/\/wp.me\/pbQjBd-eQs","jetpack_featured_media_url":"","_links":{"self":[{"href":"https:\/\/www.jornalja.com.br\/arquivo\/wp-json\/wp\/v2\/posts\/57068","targetHints":{"allow":["GET"]}}],"collection":[{"href":"https:\/\/www.jornalja.com.br\/arquivo\/wp-json\/wp\/v2\/posts"}],"about":[{"href":"https:\/\/www.jornalja.com.br\/arquivo\/wp-json\/wp\/v2\/types\/post"}],"author":[{"embeddable":true,"href":"https:\/\/www.jornalja.com.br\/arquivo\/wp-json\/wp\/v2\/users\/4"}],"replies":[{"embeddable":true,"href":"https:\/\/www.jornalja.com.br\/arquivo\/wp-json\/wp\/v2\/comments?post=57068"}],"version-history":[{"count":0,"href":"https:\/\/www.jornalja.com.br\/arquivo\/wp-json\/wp\/v2\/posts\/57068\/revisions"}],"wp:attachment":[{"href":"https:\/\/www.jornalja.com.br\/arquivo\/wp-json\/wp\/v2\/media?parent=57068"}],"wp:term":[{"taxonomy":"category","embeddable":true,"href":"https:\/\/www.jornalja.com.br\/arquivo\/wp-json\/wp\/v2\/categories?post=57068"},{"taxonomy":"post_tag","embeddable":true,"href":"https:\/\/www.jornalja.com.br\/arquivo\/wp-json\/wp\/v2\/tags?post=57068"}],"curies":[{"name":"wp","href":"https:\/\/api.w.org\/{rel}","templated":true}]}}