{"id":57091,"date":"2017-11-08T17:25:43","date_gmt":"2017-11-08T20:25:43","guid":{"rendered":"https:\/\/www.jornalja.com.br\/?p=57091"},"modified":"2017-11-08T17:25:43","modified_gmt":"2017-11-08T20:25:43","slug":"moradores-e-direcao-da-celulose-riograndense-divergem-sobre-impactos-ambientais-em-guaiba","status":"publish","type":"post","link":"https:\/\/www.jornalja.com.br\/arquivo\/moradores-e-direcao-da-celulose-riograndense-divergem-sobre-impactos-ambientais-em-guaiba\/","title":{"rendered":"Moradores e dire\u00e7\u00e3o da Celulose Riograndense divergem sobre impactos ambientais em Gua\u00edba"},"content":{"rendered":"<p>Em audi\u00eancia p\u00fablica realizada nesta quarta-feira, 08\/11, na Comiss\u00e3o de Sa\u00fade e Meio Ambiente (Cosmam), da Assembleia Legislativa ga\u00facha, moradores e diretores da Celulose Riograndense, do grupo chileno CMPC, divergiram sobre os impactos ambientais provocados pela f\u00e1brica no munic\u00edpio de Gua\u00edba.<br \/>\nMais de 100 pessoas acompanharam a reuni\u00e3o, que contou ainda com a participa\u00e7\u00e3o do prefeito Jos\u00e9 Sperotto, de vereadores de Gua\u00edba, do Minist\u00e9rio P\u00fablico, do Sindicato dos Engenheiros (Senge\/RS), e de entidades ambientais como Agapan, Apedema, AMA e Greenpeace. Nem a Secretaria do Ambiente e Desenvolvimento Sustent\u00e1vel nem a Funda\u00e7\u00e3o Estadual de Prote\u00e7\u00e3o Ambiental (Fepam) enviaram representantes.<br \/>\nA audi\u00eancia durou mais de duas horas, teve algumas manifesta\u00e7\u00f5es mais acaloradas, mas o deputado Altemir Tortelli (PT), presidente da Cosmam, pouco interferiu para acalmar os \u00e2nimos. Predominou a diverg\u00eancia de informa\u00e7\u00f5es mais t\u00e9cnicas e sugest\u00f5es para a revis\u00e3o do Plano Diretor da cidade.<br \/>\nRepresentantes da Associa\u00e7\u00e3o dos Moradores do Balne\u00e1rio Alegria, onde a f\u00e1brica est\u00e1 situada, queixaram-se da falta de di\u00e1logo da empresa para atender \u00e0s reclama\u00e7\u00f5es e apresentaram uma s\u00e9rie de demandas da comunidade, como medidas que reduzam a polui\u00e7\u00e3o do ar, provocada pela poeira do cavaco da madeira triturada, os \u00edndices de ru\u00eddos sentidos principalmente \u00e0 noite e o forte cheiro de enxofre, caracter\u00edstica daquela atividade.<br \/>\n\u201cO ru\u00eddo intermitente \u00e9 uma tortura, sem falar que houve aumento de 57% nos \u00edndices de doen\u00e7as pulmonares e 48% de aumento de acidentes de tr\u00e2nsito\u201d, disse a professora Carolina Coutinho, moradora do Balne\u00e1rio Alegria.<br \/>\nK\u00e1tia Cardoso, sua vizinha, registrou tamb\u00e9m o temor da comunidade de que novos acidentes com a caldeira e vazamentos de cloro prejudiquem a sa\u00fade dos moradores vizinhos \u00e0 f\u00e1brica.<br \/>\nO diretor-presidente da Celulose Riograndense, Walter L\u00eddio Nunes, lembrou que foram realizadas centenas de reuni\u00f5es com os \u00f3rg\u00e3os p\u00fablicos de fiscaliza\u00e7\u00e3o, municipais e estaduais, e com a comunidade, antes e durante a instala\u00e7\u00e3o da f\u00e1brica, e que a empresa mant\u00e9m total transpar\u00eancia em suas atividades, colocando as informa\u00e7\u00f5es \u00e0 disposi\u00e7\u00e3o da comunidade.<br \/>\nDestacou que as tecnologias adotadas sobre a emiss\u00e3o de materiais particulados no ar e sobre os cheiros e ru\u00eddos s\u00e3o as mais avan\u00e7adas e comprovadas mundialmente e que foram cumpridos todos os itens exigidos nas licen\u00e7as ambientais.<br \/>\nO diretor de Projetos Especiais da empresa, Otomar Alencastro, ressaltou que o monitoramento da qualidade do ar realizado pela Fepam \u00e9 bom, registrando porcentagem de odor de 0,7%, e que n\u00e3o h\u00e1 nenhuma presen\u00e7a de produtos qu\u00edmicos nas emiss\u00f5es. \u201cTodos os cen\u00e1rios de riscos est\u00e3o restritos eventualmente aos limites da f\u00e1brica\u201d, enfatizou.<br \/>\nO advogado da empresa, Gustavo Trindade, disse que os ru\u00eddos respeitam o Plano Diretor do munic\u00edpio e que a empresa recorreu das novas delibera\u00e7\u00f5es exigidas pela Fepam, obtendo liminar da Justi\u00e7a que revogou os novos limites estabelecidos pelo \u00f3rg\u00e3o ambiental.<br \/>\nPor sua vez, a promotora Anelise Stifelman, do N\u00facleo de Resolu\u00e7\u00e3o de Conflitos Ambientais, indagou do advogado Gustavo Trindade se a liminar foi deferida em primeiro ou segundo grau e solicitou o texto completo da mesma. Ela lembrou que h\u00e1 um inqu\u00e9rito civil com nove volumes, dos quais quatro constituem as reclama\u00e7\u00f5es da comunidade (e-mails, fotos, filmagens, informa\u00e7\u00f5es t\u00e9cnicas da empresa, manifesta\u00e7\u00f5es jur\u00eddicas). Referiu a vistoria realizada por ge\u00f3logo em 2016, que sugeriu \u00e0 Fepam a altera\u00e7\u00e3o em rela\u00e7\u00e3o aos limites de decib\u00e9is, o que agora est\u00e1 sendo questionado em a\u00e7\u00e3o anulat\u00f3ria pela empresa. Sobre o risco de acidente mais s\u00e9rio envolvendo a \u00e1rea externa da f\u00e1brica, um dos temores da comunidade, que foi objeto de auto de infra\u00e7\u00e3o pela Fepam, a promotora sugeriu a ado\u00e7\u00e3o de medidas tecnol\u00f3gicas avan\u00e7adas pela empresa.<br \/>\nA respeito dos ru\u00eddos, mostrou que nos autos consta a grande densidade de resid\u00eancias na \u00e1rea, enquanto a Celulose argumenta que outras f\u00e1bricas da redondeza n\u00e3o t\u00eam a mesma exig\u00eancia de restri\u00e7\u00e3o. Mesmo que a empresa assegure que a poeira n\u00e3o causa danos \u00e0 sa\u00fade, Stifelman entende que esse assunto deve ser abordado com maior rigor. Questionou, ainda, a afirma\u00e7\u00e3o da Celulose de que o rigor ambiental adotado aqui \u00e9 superior ao de outras plantas da empresa no exterior, buscando saber se tamb\u00e9m est\u00e3o localizadas pr\u00f3ximas de resid\u00eancias. Nos encaminhamentos, a promotora disse que vai propor vistoria multidisciplinar pelo gabinete de assessoramento t\u00e9cnico do MP com o \u00f3rg\u00e3o licenciador.<br \/>\nAo final da audi\u00eancia, o deputado Altemir Tortelli informou que em 15 dias todas as partes estar\u00e3o novamente reunidas.<\/p>\n","protected":false},"excerpt":{"rendered":"<p>Em audi\u00eancia p\u00fablica realizada nesta quarta-feira, 08\/11, na Comiss\u00e3o de Sa\u00fade e Meio Ambiente (Cosmam), da Assembleia Legislativa ga\u00facha, moradores e diretores da Celulose Riograndense, do grupo chileno CMPC, divergiram sobre os impactos ambientais provocados pela f\u00e1brica no munic\u00edpio de Gua\u00edba. Mais de 100 pessoas acompanharam a reuni\u00e3o, que contou ainda com a participa\u00e7\u00e3o do [&hellip;]<\/p>\n","protected":false},"author":4,"featured_media":57090,"comment_status":"open","ping_status":"closed","sticky":false,"template":"","format":"standard","meta":{"_jetpack_newsletter_access":"","_jetpack_dont_email_post_to_subs":false,"_jetpack_newsletter_tier_id":0,"_jetpack_memberships_contains_paywalled_content":false,"_jetpack_feature_clip_id":0,"_jetpack_memberships_contains_paid_content":false,"footnotes":"","jetpack_post_was_ever_published":false},"categories":[26],"tags":[],"class_list":["post-57091","post","type-post","status-publish","format-standard","has-post-thumbnail","hentry","category-geral"],"aioseo_notices":[],"aioseo_head":"\n\t\t<!-- All in One SEO 5.0.1.1 - aioseo.com -->\n\t<meta name=\"robots\" content=\"max-image-preview:large\" \/>\n\t<meta name=\"author\" content=\"da Reda\u00e7\u00e3o\"\/>\n\t<link rel=\"canonical\" href=\"https:\/\/www.jornalja.com.br\/arquivo\/moradores-e-direcao-da-celulose-riograndense-divergem-sobre-impactos-ambientais-em-guaiba\/\" \/>\n\t<meta name=\"generator\" content=\"All in One SEO (AIOSEO) 5.0.1.1\" \/>\n\t\t<meta property=\"og:locale\" content=\"pt_BR\" \/>\n\t\t<meta property=\"og:site_name\" content=\"Arquivo | Jornal J\u00c1 | Porto Alegre\" \/>\n\t\t<meta property=\"og:type\" content=\"article\" \/>\n\t\t<meta property=\"og:title\" content=\"Moradores e dire\u00e7\u00e3o da Celulose Riograndense divergem sobre impactos ambientais em Gua\u00edba | Arquivo\" \/>\n\t\t<meta property=\"og:url\" content=\"https:\/\/www.jornalja.com.br\/arquivo\/moradores-e-direcao-da-celulose-riograndense-divergem-sobre-impactos-ambientais-em-guaiba\/\" \/>\n\t\t<meta property=\"og:image\" content=\"https:\/\/www.jornalja.com.br\/economics\/wp-content\/uploads\/sites\/11\/2026\/08\/ja-folhaderosto-facebook.jpg\" \/>\n\t\t<meta property=\"og:image:secure_url\" content=\"https:\/\/www.jornalja.com.br\/economics\/wp-content\/uploads\/sites\/11\/2026\/08\/ja-folhaderosto-facebook.jpg\" \/>\n\t\t<meta property=\"article:published_time\" content=\"2017-11-08T20:25:43+00:00\" \/>\n\t\t<meta property=\"article:modified_time\" content=\"2017-11-08T20:25:43+00:00\" \/>\n\t\t<meta name=\"twitter:card\" content=\"summary\" \/>\n\t\t<meta name=\"twitter:title\" content=\"Moradores e dire\u00e7\u00e3o da Celulose Riograndense divergem sobre impactos ambientais em Gua\u00edba | Arquivo\" \/>\n\t\t<meta name=\"twitter:image\" content=\"https:\/\/www.jornalja.com.br\/economics\/wp-content\/uploads\/sites\/11\/2026\/08\/ja-folhaderosto-facebook.jpg\" \/>\n\t\t<script type=\"application\/ld+json\" class=\"aioseo-schema\">\n\t\t\t{\"@context\":\"https:\\\/\\\/schema.org\",\"@graph\":[{\"@type\":\"BlogPosting\",\"@id\":\"https:\\\/\\\/www.jornalja.com.br\\\/arquivo\\\/moradores-e-direcao-da-celulose-riograndense-divergem-sobre-impactos-ambientais-em-guaiba\\\/#blogposting\",\"name\":\"Moradores e dire\\u00e7\\u00e3o da Celulose Riograndense divergem sobre impactos ambientais em Gua\\u00edba | Arquivo\",\"headline\":\"Moradores e dire\\u00e7\\u00e3o da Celulose Riograndense divergem sobre impactos ambientais em Gua\\u00edba\",\"author\":{\"@id\":\"https:\\\/\\\/www.jornalja.com.br\\\/arquivo\\\/author\\\/daredacao\\\/#author\"},\"publisher\":{\"@id\":\"https:\\\/\\\/www.jornalja.com.br\\\/arquivo\\\/#organization\"},\"image\":{\"@type\":\"ImageObject\",\"url\":57090},\"datePublished\":\"2017-11-08T17:25:43-02:00\",\"dateModified\":\"2017-11-08T17:25:43-02:00\",\"inLanguage\":\"pt-BR\",\"mainEntityOfPage\":{\"@id\":\"https:\\\/\\\/www.jornalja.com.br\\\/arquivo\\\/moradores-e-direcao-da-celulose-riograndense-divergem-sobre-impactos-ambientais-em-guaiba\\\/#webpage\"},\"isPartOf\":{\"@id\":\"https:\\\/\\\/www.jornalja.com.br\\\/arquivo\\\/moradores-e-direcao-da-celulose-riograndense-divergem-sobre-impactos-ambientais-em-guaiba\\\/#webpage\"},\"articleSection\":\"Geral\"},{\"@type\":\"BreadcrumbList\",\"@id\":\"https:\\\/\\\/www.jornalja.com.br\\\/arquivo\\\/moradores-e-direcao-da-celulose-riograndense-divergem-sobre-impactos-ambientais-em-guaiba\\\/#breadcrumblist\",\"itemListElement\":[{\"@type\":\"ListItem\",\"@id\":\"https:\\\/\\\/www.jornalja.com.br\\\/arquivo#listItem\",\"position\":1,\"name\":\"Home\",\"item\":\"https:\\\/\\\/www.jornalja.com.br\\\/arquivo\",\"nextItem\":{\"@type\":\"ListItem\",\"@id\":\"https:\\\/\\\/www.jornalja.com.br\\\/arquivo\\\/category\\\/geral\\\/#listItem\",\"name\":\"Geral\"}},{\"@type\":\"ListItem\",\"@id\":\"https:\\\/\\\/www.jornalja.com.br\\\/arquivo\\\/category\\\/geral\\\/#listItem\",\"position\":2,\"name\":\"Geral\",\"item\":\"https:\\\/\\\/www.jornalja.com.br\\\/arquivo\\\/category\\\/geral\\\/\",\"nextItem\":{\"@type\":\"ListItem\",\"@id\":\"https:\\\/\\\/www.jornalja.com.br\\\/arquivo\\\/moradores-e-direcao-da-celulose-riograndense-divergem-sobre-impactos-ambientais-em-guaiba\\\/#listItem\",\"name\":\"Moradores e dire\\u00e7\\u00e3o da Celulose Riograndense divergem sobre impactos ambientais em Gua\\u00edba\"},\"previousItem\":{\"@type\":\"ListItem\",\"@id\":\"https:\\\/\\\/www.jornalja.com.br\\\/arquivo#listItem\",\"name\":\"Home\"}},{\"@type\":\"ListItem\",\"@id\":\"https:\\\/\\\/www.jornalja.com.br\\\/arquivo\\\/moradores-e-direcao-da-celulose-riograndense-divergem-sobre-impactos-ambientais-em-guaiba\\\/#listItem\",\"position\":3,\"name\":\"Moradores e dire\\u00e7\\u00e3o da Celulose Riograndense divergem sobre impactos ambientais em Gua\\u00edba\",\"previousItem\":{\"@type\":\"ListItem\",\"@id\":\"https:\\\/\\\/www.jornalja.com.br\\\/arquivo\\\/category\\\/geral\\\/#listItem\",\"name\":\"Geral\"}}]},{\"@type\":\"Organization\",\"@id\":\"https:\\\/\\\/www.jornalja.com.br\\\/arquivo\\\/#organization\",\"name\":\"Jornal J\\u00c1\",\"description\":\"Jornal J\\u00c1 | Porto Alegre\",\"url\":\"https:\\\/\\\/www.jornalja.com.br\\\/arquivo\\\/\",\"telephone\":\"+555133307272\",\"logo\":{\"@type\":\"ImageObject\",\"url\":\"https:\\\/\\\/www.jornalja.com.br\\\/wp-content\\\/uploads\\\/cards\\\/JAslogan.png\",\"@id\":\"https:\\\/\\\/www.jornalja.com.br\\\/arquivo\\\/moradores-e-direcao-da-celulose-riograndense-divergem-sobre-impactos-ambientais-em-guaiba\\\/#organizationLogo\"},\"image\":{\"@id\":\"https:\\\/\\\/www.jornalja.com.br\\\/arquivo\\\/moradores-e-direcao-da-celulose-riograndense-divergem-sobre-impactos-ambientais-em-guaiba\\\/#organizationLogo\"}},{\"@type\":\"Person\",\"@id\":\"https:\\\/\\\/www.jornalja.com.br\\\/arquivo\\\/author\\\/daredacao\\\/#author\",\"url\":\"https:\\\/\\\/www.jornalja.com.br\\\/arquivo\\\/author\\\/daredacao\\\/\",\"name\":\"da Reda\\u00e7\\u00e3o\",\"image\":{\"@type\":\"ImageObject\",\"@id\":\"https:\\\/\\\/www.jornalja.com.br\\\/arquivo\\\/moradores-e-direcao-da-celulose-riograndense-divergem-sobre-impactos-ambientais-em-guaiba\\\/#authorImage\",\"url\":\"https:\\\/\\\/secure.gravatar.com\\\/avatar\\\/469fd857d6605ad19919d27ed29d35a968a25f6e8fd9318356bbb7f57aae9c65?s=96&d=mm&r=g\",\"width\":96,\"height\":96,\"caption\":\"da Reda\\u00e7\\u00e3o\"}},{\"@type\":\"WebPage\",\"@id\":\"https:\\\/\\\/www.jornalja.com.br\\\/arquivo\\\/moradores-e-direcao-da-celulose-riograndense-divergem-sobre-impactos-ambientais-em-guaiba\\\/#webpage\",\"url\":\"https:\\\/\\\/www.jornalja.com.br\\\/arquivo\\\/moradores-e-direcao-da-celulose-riograndense-divergem-sobre-impactos-ambientais-em-guaiba\\\/\",\"name\":\"Moradores e dire\\u00e7\\u00e3o da Celulose Riograndense divergem sobre impactos ambientais em Gua\\u00edba | Arquivo\",\"inLanguage\":\"pt-BR\",\"isPartOf\":{\"@id\":\"https:\\\/\\\/www.jornalja.com.br\\\/arquivo\\\/#website\"},\"breadcrumb\":{\"@id\":\"https:\\\/\\\/www.jornalja.com.br\\\/arquivo\\\/moradores-e-direcao-da-celulose-riograndense-divergem-sobre-impactos-ambientais-em-guaiba\\\/#breadcrumblist\"},\"author\":{\"@id\":\"https:\\\/\\\/www.jornalja.com.br\\\/arquivo\\\/author\\\/daredacao\\\/#author\"},\"creator\":{\"@id\":\"https:\\\/\\\/www.jornalja.com.br\\\/arquivo\\\/author\\\/daredacao\\\/#author\"},\"image\":{\"@type\":\"ImageObject\",\"url\":57090,\"@id\":\"https:\\\/\\\/www.jornalja.com.br\\\/arquivo\\\/moradores-e-direcao-da-celulose-riograndense-divergem-sobre-impactos-ambientais-em-guaiba\\\/#mainImage\"},\"primaryImageOfPage\":{\"@id\":\"https:\\\/\\\/www.jornalja.com.br\\\/arquivo\\\/moradores-e-direcao-da-celulose-riograndense-divergem-sobre-impactos-ambientais-em-guaiba\\\/#mainImage\"},\"datePublished\":\"2017-11-08T17:25:43-02:00\",\"dateModified\":\"2017-11-08T17:25:43-02:00\"},{\"@type\":\"WebSite\",\"@id\":\"https:\\\/\\\/www.jornalja.com.br\\\/arquivo\\\/#website\",\"url\":\"https:\\\/\\\/www.jornalja.com.br\\\/arquivo\\\/\",\"name\":\"Arquivo\",\"description\":\"Jornal J\\u00c1 | Porto Alegre\",\"inLanguage\":\"pt-BR\",\"publisher\":{\"@id\":\"https:\\\/\\\/www.jornalja.com.br\\\/arquivo\\\/#organization\"}}]}\n\t\t<\/script>\n\t\t<!-- All in One SEO -->\n\n","aioseo_head_json":{"title":"Moradores e dire\u00e7\u00e3o da Celulose Riograndense divergem sobre impactos ambientais em Gua\u00edba | Arquivo","description":"","canonical_url":"https:\/\/www.jornalja.com.br\/arquivo\/moradores-e-direcao-da-celulose-riograndense-divergem-sobre-impactos-ambientais-em-guaiba\/","robots":"max-image-preview:large","keywords":"","webmasterTools":{"miscellaneous":""},"schema":{"@context":"https:\/\/schema.org","@graph":[{"@type":"BlogPosting","@id":"https:\/\/www.jornalja.com.br\/arquivo\/moradores-e-direcao-da-celulose-riograndense-divergem-sobre-impactos-ambientais-em-guaiba\/#blogposting","name":"Moradores e dire\u00e7\u00e3o da Celulose Riograndense divergem sobre impactos ambientais em Gua\u00edba | Arquivo","headline":"Moradores e dire\u00e7\u00e3o da Celulose Riograndense divergem sobre impactos ambientais em Gua\u00edba","author":{"@id":"https:\/\/www.jornalja.com.br\/arquivo\/author\/daredacao\/#author"},"publisher":{"@id":"https:\/\/www.jornalja.com.br\/arquivo\/#organization"},"image":{"@type":"ImageObject","url":57090},"datePublished":"2017-11-08T17:25:43-02:00","dateModified":"2017-11-08T17:25:43-02:00","inLanguage":"pt-BR","mainEntityOfPage":{"@id":"https:\/\/www.jornalja.com.br\/arquivo\/moradores-e-direcao-da-celulose-riograndense-divergem-sobre-impactos-ambientais-em-guaiba\/#webpage"},"isPartOf":{"@id":"https:\/\/www.jornalja.com.br\/arquivo\/moradores-e-direcao-da-celulose-riograndense-divergem-sobre-impactos-ambientais-em-guaiba\/#webpage"},"articleSection":"Geral"},{"@type":"BreadcrumbList","@id":"https:\/\/www.jornalja.com.br\/arquivo\/moradores-e-direcao-da-celulose-riograndense-divergem-sobre-impactos-ambientais-em-guaiba\/#breadcrumblist","itemListElement":[{"@type":"ListItem","@id":"https:\/\/www.jornalja.com.br\/arquivo#listItem","position":1,"name":"Home","item":"https:\/\/www.jornalja.com.br\/arquivo","nextItem":{"@type":"ListItem","@id":"https:\/\/www.jornalja.com.br\/arquivo\/category\/geral\/#listItem","name":"Geral"}},{"@type":"ListItem","@id":"https:\/\/www.jornalja.com.br\/arquivo\/category\/geral\/#listItem","position":2,"name":"Geral","item":"https:\/\/www.jornalja.com.br\/arquivo\/category\/geral\/","nextItem":{"@type":"ListItem","@id":"https:\/\/www.jornalja.com.br\/arquivo\/moradores-e-direcao-da-celulose-riograndense-divergem-sobre-impactos-ambientais-em-guaiba\/#listItem","name":"Moradores e dire\u00e7\u00e3o da Celulose Riograndense divergem sobre impactos ambientais em Gua\u00edba"},"previousItem":{"@type":"ListItem","@id":"https:\/\/www.jornalja.com.br\/arquivo#listItem","name":"Home"}},{"@type":"ListItem","@id":"https:\/\/www.jornalja.com.br\/arquivo\/moradores-e-direcao-da-celulose-riograndense-divergem-sobre-impactos-ambientais-em-guaiba\/#listItem","position":3,"name":"Moradores e dire\u00e7\u00e3o da Celulose Riograndense divergem sobre impactos ambientais em Gua\u00edba","previousItem":{"@type":"ListItem","@id":"https:\/\/www.jornalja.com.br\/arquivo\/category\/geral\/#listItem","name":"Geral"}}]},{"@type":"Organization","@id":"https:\/\/www.jornalja.com.br\/arquivo\/#organization","name":"Jornal J\u00c1","description":"Jornal J\u00c1 | Porto Alegre","url":"https:\/\/www.jornalja.com.br\/arquivo\/","telephone":"+555133307272","logo":{"@type":"ImageObject","url":"https:\/\/www.jornalja.com.br\/wp-content\/uploads\/cards\/JAslogan.png","@id":"https:\/\/www.jornalja.com.br\/arquivo\/moradores-e-direcao-da-celulose-riograndense-divergem-sobre-impactos-ambientais-em-guaiba\/#organizationLogo"},"image":{"@id":"https:\/\/www.jornalja.com.br\/arquivo\/moradores-e-direcao-da-celulose-riograndense-divergem-sobre-impactos-ambientais-em-guaiba\/#organizationLogo"}},{"@type":"Person","@id":"https:\/\/www.jornalja.com.br\/arquivo\/author\/daredacao\/#author","url":"https:\/\/www.jornalja.com.br\/arquivo\/author\/daredacao\/","name":"da Reda\u00e7\u00e3o","image":{"@type":"ImageObject","@id":"https:\/\/www.jornalja.com.br\/arquivo\/moradores-e-direcao-da-celulose-riograndense-divergem-sobre-impactos-ambientais-em-guaiba\/#authorImage","url":"https:\/\/secure.gravatar.com\/avatar\/469fd857d6605ad19919d27ed29d35a968a25f6e8fd9318356bbb7f57aae9c65?s=96&d=mm&r=g","width":96,"height":96,"caption":"da Reda\u00e7\u00e3o"}},{"@type":"WebPage","@id":"https:\/\/www.jornalja.com.br\/arquivo\/moradores-e-direcao-da-celulose-riograndense-divergem-sobre-impactos-ambientais-em-guaiba\/#webpage","url":"https:\/\/www.jornalja.com.br\/arquivo\/moradores-e-direcao-da-celulose-riograndense-divergem-sobre-impactos-ambientais-em-guaiba\/","name":"Moradores e dire\u00e7\u00e3o da Celulose Riograndense divergem sobre impactos ambientais em Gua\u00edba | Arquivo","inLanguage":"pt-BR","isPartOf":{"@id":"https:\/\/www.jornalja.com.br\/arquivo\/#website"},"breadcrumb":{"@id":"https:\/\/www.jornalja.com.br\/arquivo\/moradores-e-direcao-da-celulose-riograndense-divergem-sobre-impactos-ambientais-em-guaiba\/#breadcrumblist"},"author":{"@id":"https:\/\/www.jornalja.com.br\/arquivo\/author\/daredacao\/#author"},"creator":{"@id":"https:\/\/www.jornalja.com.br\/arquivo\/author\/daredacao\/#author"},"image":{"@type":"ImageObject","url":57090,"@id":"https:\/\/www.jornalja.com.br\/arquivo\/moradores-e-direcao-da-celulose-riograndense-divergem-sobre-impactos-ambientais-em-guaiba\/#mainImage"},"primaryImageOfPage":{"@id":"https:\/\/www.jornalja.com.br\/arquivo\/moradores-e-direcao-da-celulose-riograndense-divergem-sobre-impactos-ambientais-em-guaiba\/#mainImage"},"datePublished":"2017-11-08T17:25:43-02:00","dateModified":"2017-11-08T17:25:43-02:00"},{"@type":"WebSite","@id":"https:\/\/www.jornalja.com.br\/arquivo\/#website","url":"https:\/\/www.jornalja.com.br\/arquivo\/","name":"Arquivo","description":"Jornal J\u00c1 | Porto Alegre","inLanguage":"pt-BR","publisher":{"@id":"https:\/\/www.jornalja.com.br\/arquivo\/#organization"}}]},"og:locale":"pt_BR","og:site_name":"Arquivo | Jornal J\u00c1 | Porto Alegre","og:type":"article","og:title":"Moradores e dire\u00e7\u00e3o da Celulose Riograndense divergem sobre impactos ambientais em Gua\u00edba | Arquivo","og:url":"https:\/\/www.jornalja.com.br\/arquivo\/moradores-e-direcao-da-celulose-riograndense-divergem-sobre-impactos-ambientais-em-guaiba\/","og:image":"https:\/\/www.jornalja.com.br\/economics\/wp-content\/uploads\/sites\/11\/2026\/08\/ja-folhaderosto-facebook.jpg","og:image:secure_url":"https:\/\/www.jornalja.com.br\/economics\/wp-content\/uploads\/sites\/11\/2026\/08\/ja-folhaderosto-facebook.jpg","article:published_time":"2017-11-08T20:25:43+00:00","article:modified_time":"2017-11-08T20:25:43+00:00","twitter:card":"summary","twitter:title":"Moradores e dire\u00e7\u00e3o da Celulose Riograndense divergem sobre impactos ambientais em Gua\u00edba | Arquivo","twitter:image":"https:\/\/www.jornalja.com.br\/economics\/wp-content\/uploads\/sites\/11\/2026\/08\/ja-folhaderosto-facebook.jpg"},"aioseo_meta_data":{"post_id":"57091","title":null,"description":null,"keywords":null,"keyphrases":null,"primary_term":null,"canonical_url":null,"og_title":null,"og_description":null,"og_object_type":"default","og_image_type":"default","og_image_url":null,"og_image_width":null,"og_image_height":null,"og_image_custom_url":null,"og_image_custom_fields":null,"og_video":null,"og_custom_url":null,"og_article_section":null,"og_article_tags":null,"twitter_use_og":false,"twitter_card":"default","twitter_image_type":"default","twitter_image_url":null,"twitter_image_custom_url":null,"twitter_image_custom_fields":null,"twitter_title":null,"twitter_description":null,"schema":{"blockGraphs":[],"customGraphs":[],"default":{"data":{"Article":[],"Course":[],"Dataset":[],"FAQPage":[],"Movie":[],"Person":[],"Product":[],"ProductReview":[],"Car":[],"Recipe":[],"Service":[],"SoftwareApplication":[],"WebPage":[]},"graphName":"","isEnabled":true},"graphs":[],"defaultGraph":"","defaultPostTypeGraph":""},"schema_type":null,"schema_type_options":null,"pillar_content":false,"robots_default":true,"robots_noindex":false,"robots_noarchive":false,"robots_nosnippet":false,"robots_nofollow":false,"robots_noimageindex":false,"robots_noodp":false,"robots_notranslate":false,"robots_max_snippet":null,"robots_max_videopreview":null,"robots_max_imagepreview":"large","priority":null,"frequency":null,"location":null,"local_seo":null,"breadcrumb_settings":null,"limit_modified_date":false,"ai":null,"created":"2020-12-20 20:21:03","updated":"2025-07-20 02:12:32","seo_analyzer_scan_date":null,"focus_keyword":null,"additional_keywords":null,"truseo_locale":null},"jetpack_sharing_enabled":true,"jetpack-related-posts":[{"id":14241,"url":"https:\/\/www.jornalja.com.br\/arquivo\/o-guaiba-nas-imagens-poeticas-de-achutti\/","url_meta":{"origin":57091,"position":0},"title":"O Gua\u00edba nas imagens po\u00e9ticas de Achutti","author":"da Reda\u00e7\u00e3o","date":"18 de junho de 2014","format":false,"excerpt":"Em \u201cO Gua\u00edba por Achutti\u201d \u2013 obra financiada via Minist\u00e9rio da Cultura, produ\u00e7\u00e3o executiva de Pedro Longhi, e Fl\u00e1vio Wild como designer \u2013, o fot\u00f3grafo revela a beleza e as mazelas de um espa\u00e7o aqu\u00e1tico de \u00e1guas sempre renovadas, cheio de hist\u00f3rias e lendas como as das cidades que foram\u2026","rel":"","context":"Em &quot;Cultura-Geral&quot;","block_context":{"text":"Cultura-Geral","link":"https:\/\/www.jornalja.com.br\/arquivo\/category\/materiasecundaria\/"},"img":{"alt_text":"","src":"","width":0,"height":0},"classes":[]},{"id":13109,"url":"https:\/\/www.jornalja.com.br\/arquivo\/judiciario-reconhece-poluicao-eletromagnetica\/","url_meta":{"origin":57091,"position":1},"title":"Judici\u00e1rio reconhece polui\u00e7\u00e3o eletromagn\u00e9tica","author":"Patr\u00edcia Marini","date":"16 de maio de 2014","format":false,"excerpt":"A\u00e7\u00e3o de duas associa\u00e7\u00f5es de moradores foi acolhida pelo Tribunal de Justi\u00e7a de S\u00e3o Paulo que. em decis\u00e3o in\u00e9dita, determinou a redu\u00e7\u00e3o do campo eletromagn\u00e9tico gerado pelas linhas de transmiss\u00e3o de energia que cortam os bairros City Boa\u00e7ava e Alto de Pinheiros. \u00c9 a primeira vez que um tribunal do\u2026","rel":"","context":"Em &quot;X.Categorias velhas&quot;","block_context":{"text":"X.Categorias velhas","link":"https:\/\/www.jornalja.com.br\/arquivo\/category\/x-categorias-velhas\/"},"img":{"alt_text":"","src":"","width":0,"height":0},"classes":[]},{"id":13240,"url":"https:\/\/www.jornalja.com.br\/arquivo\/plano-diretor-estamos-construindo-o-caos\/","url_meta":{"origin":57091,"position":2},"title":"Plano diretor: &quot;Estamos construindo o caos&quot;","author":"Patr\u00edcia Marini","date":"26 de maio de 2014","format":false,"excerpt":"Desabafo que arquiteta Eliana Castilhos, delegada da Regi\u00e3o de Planejamento 1, postou nas redes sociais \u00e9 um testemunho do ambiente que se criou no Conselho do Plano Diretor de Porto Alegre, onde a aprova\u00e7\u00e3o de grandes empreendimentos \u00e9 empurrada guela abaixo dos conselheiros. Ao CMDUA Como delegada da Regi\u00e3o de\u2026","rel":"","context":"Em &quot;Geral&quot;","block_context":{"text":"Geral","link":"https:\/\/www.jornalja.com.br\/arquivo\/category\/geral\/"},"img":{"alt_text":"","src":"","width":0,"height":0},"classes":[]},{"id":5440,"url":"https:\/\/www.jornalja.com.br\/arquivo\/casarao-da-venancio-destino-permanece-incerto\/","url_meta":{"origin":57091,"position":3},"title":"Estado ainda n\u00e3o sabe o que fazer com casar\u00e3o abandonado h\u00e1 20 anos","author":"Elmar Bones","date":"6 de julho de 2009","format":false,"excerpt":"O casar\u00e3o amarelo, numa esquina nobre de Porto Alegre (Ven\u00e2ncio Aires com Jo\u00e3o Pessoa), j\u00e1 abrigou uma escola. H\u00e1 duas d\u00e9cadas, pelo menos, est\u00e1 abandonado, porque seu propriet\u00e1rio, o governo do Estado do Rio Grande do Sul, n\u00e3o consegue achar um destino para ele. Planos n\u00e3o faltaram. O governador Ol\u00edvio\u2026","rel":"","context":"Em &quot;X.Categorias velhas&quot;","block_context":{"text":"X.Categorias velhas","link":"https:\/\/www.jornalja.com.br\/arquivo\/category\/x-categorias-velhas\/"},"img":{"alt_text":"geraldo1","src":"https:\/\/i0.wp.com\/www.jornalja.com.br\/wp-content\/uploads\/2009\/07\/geraldo1.jpg?resize=350%2C200&ssl=1","width":350,"height":200},"classes":[]},{"id":13101,"url":"https:\/\/www.jornalja.com.br\/arquivo\/morre-um-guerreiro-do-texto\/","url_meta":{"origin":57091,"position":4},"title":"Morre um guerreiro do texto","author":"Patr\u00edcia Marini","date":"14 de maio de 2014","format":false,"excerpt":"Por Ricardo Kotscho Reproduzido do blog do autor, 11\/5\/2014; t\u00edtulo original \u201cE l\u00e1 se foi o nosso Myltainho, guerreiro do texto\u201d. Mi\u00fado e franzino, meu amigo Myltainho era um valente e inconformado guerreiro na luta contra as injusti\u00e7as sociais, a hipocrisia, as maracutaias, o autoritarismo, a intoler\u00e2ncia, a viol\u00eancia, o\u2026","rel":"","context":"Em &quot;Geral&quot;","block_context":{"text":"Geral","link":"https:\/\/www.jornalja.com.br\/arquivo\/category\/geral\/"},"img":{"alt_text":"","src":"","width":0,"height":0},"classes":[]},{"id":13239,"url":"https:\/\/www.jornalja.com.br\/arquivo\/conselho-desdenha-do-plano-diretor\/","url_meta":{"origin":57091,"position":5},"title":"Porto Alegre: Conselho detona Plano Diretor","author":"Patr\u00edcia Marini","date":"25 de maio de 2014","format":false,"excerpt":"Den\u00fancia do arquiteto e \u00a0urbanista Ibir\u00e1 Santos Lucas. Ele diz que os conselheiros est\u00e3o votando com \"enorme irresponsabilidade\". \"Mudam regime com a maior naturalidade,,,regularizam absurdos de constru\u00e7\u00f5es irregulares... \"O CMDUA est\u00e1 flexibilizando a lei do plano diretor, de uma forma impactante na vida da cidade. Mudam regime com a maior\u2026","rel":"","context":"Em &quot;Geral&quot;","block_context":{"text":"Geral","link":"https:\/\/www.jornalja.com.br\/arquivo\/category\/geral\/"},"img":{"alt_text":"","src":"","width":0,"height":0},"classes":[]}],"jetpack_shortlink":"https:\/\/wp.me\/pbQjBd-eQP","jetpack_featured_media_url":"","_links":{"self":[{"href":"https:\/\/www.jornalja.com.br\/arquivo\/wp-json\/wp\/v2\/posts\/57091","targetHints":{"allow":["GET"]}}],"collection":[{"href":"https:\/\/www.jornalja.com.br\/arquivo\/wp-json\/wp\/v2\/posts"}],"about":[{"href":"https:\/\/www.jornalja.com.br\/arquivo\/wp-json\/wp\/v2\/types\/post"}],"author":[{"embeddable":true,"href":"https:\/\/www.jornalja.com.br\/arquivo\/wp-json\/wp\/v2\/users\/4"}],"replies":[{"embeddable":true,"href":"https:\/\/www.jornalja.com.br\/arquivo\/wp-json\/wp\/v2\/comments?post=57091"}],"version-history":[{"count":0,"href":"https:\/\/www.jornalja.com.br\/arquivo\/wp-json\/wp\/v2\/posts\/57091\/revisions"}],"wp:attachment":[{"href":"https:\/\/www.jornalja.com.br\/arquivo\/wp-json\/wp\/v2\/media?parent=57091"}],"wp:term":[{"taxonomy":"category","embeddable":true,"href":"https:\/\/www.jornalja.com.br\/arquivo\/wp-json\/wp\/v2\/categories?post=57091"},{"taxonomy":"post_tag","embeddable":true,"href":"https:\/\/www.jornalja.com.br\/arquivo\/wp-json\/wp\/v2\/tags?post=57091"}],"curies":[{"name":"wp","href":"https:\/\/api.w.org\/{rel}","templated":true}]}}