{"id":57171,"date":"2017-11-10T13:41:47","date_gmt":"2017-11-10T16:41:47","guid":{"rendered":"https:\/\/www.jornalja.com.br\/?p=57171"},"modified":"2017-11-10T13:41:47","modified_gmt":"2017-11-10T16:41:47","slug":"medida-provisoria-que-revisa-marco-legal-do-saneamento-pode-desestruturar-o-setor-afirma-abes","status":"publish","type":"post","link":"https:\/\/www.jornalja.com.br\/arquivo\/medida-provisoria-que-revisa-marco-legal-do-saneamento-pode-desestruturar-o-setor-afirma-abes\/","title":{"rendered":"Medida Provis\u00f3ria que revisa Marco Legal do Saneamento pode desestruturar o setor, afirma ABES"},"content":{"rendered":"<p>A proposta de revis\u00e3o do Marco Legal do Saneamento do Minist\u00e9rio das cidades pode desestruturar totalmente o setor no Brasil, alerta o presidente da Associa\u00e7\u00e3o Brasileira de Engenharia Sanit\u00e1ria e Ambiental, Roberval Tavares de Souza. A ABES participou na \u00faltima ter\u00e7a-feira, 7\/11, de reuni\u00e3o com o Minist\u00e9rio das Cidades para discutir a revis\u00e3o do Marco Legal do Saneamento.<br \/>\nNa semana passada, a entidade j\u00e1 havia enviado ao ministro das Cidades, Bruno Ara\u00fajo, carta em que sugeria duas a\u00e7\u00f5es imediatas ao Minist\u00e9rio (<a href=\"http:\/\/abes-dn.org.br\/wp-content\/uploads\/2016\/06\/carta-ao-minist%C3%A9rio-das-cidades_altera%C3%A7%C3%A3o-do-marco-legal.pdf\">leia aqui a \u00edntegra da carta<\/a>). E defendeu, no encontro desta ter\u00e7a, em Bras\u00edlia, as propostas contidas no documento <a href=\"http:\/\/abes-dn.org.br\/wp-content\/uploads\/2016\/06\/Contrib_MCidades-_marcolegal.pdf\">CONTRIBUI\u00c7\u00d5ES DA ABES A MINUTA APRESENTADA PARA ALTERA\u00c7\u00c3O DA LEI 9.984\/00 E LEI 11.445\/07.<\/a><br \/>\nAs sugest\u00f5es dizem respeito a dois aspectos que a ABES considera cruciais:<br \/>\n&#8211; o Minist\u00e9rio pretende utilizar medida provis\u00f3ria para a revis\u00e3o, o que significa fazer uso de instrumento pouco democr\u00e1tico; a ABES prop\u00f5e alterar a legisla\u00e7\u00e3o descrita na proposta referenciada por meio do mesmo mecanismo legal, ou seja, Projeto de Lei. A possibilidade de altera\u00e7\u00e3o por medida provis\u00f3ria poder\u00e1 ser considerada ato inconstitucional, enquanto o projeto de lei abre o debate no Legislativo, permitindo a maior participa\u00e7\u00e3o da sociedade.<br \/>\n&#8211; Artigo 10-A, que trata sobre o chamamento p\u00fablico de antes do contrato programa: a ABES sugere a retirada deste artigo que altera a Lei 11.445 de 05 de janeiro de 2007. Esse artigo aumenta ainda mais a sele\u00e7\u00e3o adversa ao interesse p\u00fablico, ou seja, induz as operadoras p\u00fablicas e privadas a competir apenas por munic\u00edpios superavit\u00e1rios, deixando os deficit\u00e1rios ao encargo dos munic\u00edpios e estados. Dessa maneira, dificulta a presta\u00e7\u00e3o do servi\u00e7o de forma regionalizada e, ao dificultar a pr\u00e1tica de subs\u00eddios cruzados, agrava as diferen\u00e7as na qualidade e na cobertura dos servi\u00e7os, com preju\u00edzo para a popula\u00e7\u00e3o mais carente.<br \/>\n\u201cComo frisamos no documento enviado, o objetivo das sugest\u00f5es da ABES \u00e9 viabilizar o debate amplo e para que este n\u00e3o fique concentrado apenas nos temas destacados, impactando na discuss\u00e3o dos demais itens da altera\u00e7\u00e3o. Como uma entidade que h\u00e1 51 anos atua pelo saneamento ambiental, pela sa\u00fade e pela qualidade de vida das pessoas, estamos \u00e0 disposi\u00e7\u00e3o para colaborar com propostas e a\u00e7\u00f5es que melhorem o saneamento no Brasil, sempre defendendo o debate plural e a participa\u00e7\u00e3o ampla da sociedade\u201d, ressalta Roberval Tavares de Souza.<br \/>\n&nbsp;<\/p>\n","protected":false},"excerpt":{"rendered":"<p>A proposta de revis\u00e3o do Marco Legal do Saneamento do Minist\u00e9rio das cidades pode desestruturar totalmente o setor no Brasil, alerta o presidente da Associa\u00e7\u00e3o Brasileira de Engenharia Sanit\u00e1ria e Ambiental, Roberval Tavares de Souza. A ABES participou na \u00faltima ter\u00e7a-feira, 7\/11, de reuni\u00e3o com o Minist\u00e9rio das Cidades para discutir a revis\u00e3o do Marco [&hellip;]<\/p>\n","protected":false},"author":4,"featured_media":57172,"comment_status":"open","ping_status":"closed","sticky":false,"template":"","format":"standard","meta":{"_jetpack_newsletter_access":"","_jetpack_dont_email_post_to_subs":false,"_jetpack_newsletter_tier_id":0,"_jetpack_memberships_contains_paywalled_content":false,"_jetpack_feature_clip_id":0,"_jetpack_memberships_contains_paid_content":false,"footnotes":"","jetpack_post_was_ever_published":false},"categories":[26],"tags":[],"class_list":["post-57171","post","type-post","status-publish","format-standard","has-post-thumbnail","hentry","category-geral"],"aioseo_notices":[],"aioseo_head":"\n\t\t<!-- All in One SEO 5.0.1.1 - aioseo.com -->\n\t<meta name=\"robots\" content=\"max-image-preview:large\" \/>\n\t<meta name=\"author\" content=\"da Reda\u00e7\u00e3o\"\/>\n\t<link rel=\"canonical\" href=\"https:\/\/www.jornalja.com.br\/arquivo\/medida-provisoria-que-revisa-marco-legal-do-saneamento-pode-desestruturar-o-setor-afirma-abes\/\" \/>\n\t<meta name=\"generator\" content=\"All in One SEO (AIOSEO) 5.0.1.1\" \/>\n\t\t<meta property=\"og:locale\" content=\"pt_BR\" \/>\n\t\t<meta property=\"og:site_name\" content=\"Arquivo | Jornal J\u00c1 | Porto Alegre\" \/>\n\t\t<meta property=\"og:type\" content=\"article\" \/>\n\t\t<meta property=\"og:title\" content=\"Medida Provis\u00f3ria que revisa Marco Legal do Saneamento pode desestruturar o setor, afirma ABES | Arquivo\" \/>\n\t\t<meta property=\"og:url\" content=\"https:\/\/www.jornalja.com.br\/arquivo\/medida-provisoria-que-revisa-marco-legal-do-saneamento-pode-desestruturar-o-setor-afirma-abes\/\" \/>\n\t\t<meta property=\"og:image\" content=\"https:\/\/www.jornalja.com.br\/economics\/wp-content\/uploads\/sites\/11\/2026\/08\/ja-folhaderosto-facebook.jpg\" \/>\n\t\t<meta property=\"og:image:secure_url\" content=\"https:\/\/www.jornalja.com.br\/economics\/wp-content\/uploads\/sites\/11\/2026\/08\/ja-folhaderosto-facebook.jpg\" \/>\n\t\t<meta property=\"article:published_time\" content=\"2017-11-10T16:41:47+00:00\" \/>\n\t\t<meta property=\"article:modified_time\" content=\"2017-11-10T16:41:47+00:00\" \/>\n\t\t<meta name=\"twitter:card\" content=\"summary\" \/>\n\t\t<meta name=\"twitter:title\" content=\"Medida Provis\u00f3ria que revisa Marco Legal do Saneamento pode desestruturar o setor, afirma ABES | Arquivo\" \/>\n\t\t<meta name=\"twitter:image\" content=\"https:\/\/www.jornalja.com.br\/economics\/wp-content\/uploads\/sites\/11\/2026\/08\/ja-folhaderosto-facebook.jpg\" \/>\n\t\t<script type=\"application\/ld+json\" class=\"aioseo-schema\">\n\t\t\t{\"@context\":\"https:\\\/\\\/schema.org\",\"@graph\":[{\"@type\":\"BlogPosting\",\"@id\":\"https:\\\/\\\/www.jornalja.com.br\\\/arquivo\\\/medida-provisoria-que-revisa-marco-legal-do-saneamento-pode-desestruturar-o-setor-afirma-abes\\\/#blogposting\",\"name\":\"Medida Provis\\u00f3ria que revisa Marco Legal do Saneamento pode desestruturar o setor, afirma ABES | Arquivo\",\"headline\":\"Medida Provis\\u00f3ria que revisa Marco Legal do Saneamento pode desestruturar o setor, afirma ABES\",\"author\":{\"@id\":\"https:\\\/\\\/www.jornalja.com.br\\\/arquivo\\\/author\\\/daredacao\\\/#author\"},\"publisher\":{\"@id\":\"https:\\\/\\\/www.jornalja.com.br\\\/arquivo\\\/#organization\"},\"image\":{\"@type\":\"ImageObject\",\"url\":57172},\"datePublished\":\"2017-11-10T13:41:47-02:00\",\"dateModified\":\"2017-11-10T13:41:47-02:00\",\"inLanguage\":\"pt-BR\",\"mainEntityOfPage\":{\"@id\":\"https:\\\/\\\/www.jornalja.com.br\\\/arquivo\\\/medida-provisoria-que-revisa-marco-legal-do-saneamento-pode-desestruturar-o-setor-afirma-abes\\\/#webpage\"},\"isPartOf\":{\"@id\":\"https:\\\/\\\/www.jornalja.com.br\\\/arquivo\\\/medida-provisoria-que-revisa-marco-legal-do-saneamento-pode-desestruturar-o-setor-afirma-abes\\\/#webpage\"},\"articleSection\":\"Geral\"},{\"@type\":\"BreadcrumbList\",\"@id\":\"https:\\\/\\\/www.jornalja.com.br\\\/arquivo\\\/medida-provisoria-que-revisa-marco-legal-do-saneamento-pode-desestruturar-o-setor-afirma-abes\\\/#breadcrumblist\",\"itemListElement\":[{\"@type\":\"ListItem\",\"@id\":\"https:\\\/\\\/www.jornalja.com.br\\\/arquivo#listItem\",\"position\":1,\"name\":\"Home\",\"item\":\"https:\\\/\\\/www.jornalja.com.br\\\/arquivo\",\"nextItem\":{\"@type\":\"ListItem\",\"@id\":\"https:\\\/\\\/www.jornalja.com.br\\\/arquivo\\\/category\\\/geral\\\/#listItem\",\"name\":\"Geral\"}},{\"@type\":\"ListItem\",\"@id\":\"https:\\\/\\\/www.jornalja.com.br\\\/arquivo\\\/category\\\/geral\\\/#listItem\",\"position\":2,\"name\":\"Geral\",\"item\":\"https:\\\/\\\/www.jornalja.com.br\\\/arquivo\\\/category\\\/geral\\\/\",\"nextItem\":{\"@type\":\"ListItem\",\"@id\":\"https:\\\/\\\/www.jornalja.com.br\\\/arquivo\\\/medida-provisoria-que-revisa-marco-legal-do-saneamento-pode-desestruturar-o-setor-afirma-abes\\\/#listItem\",\"name\":\"Medida Provis\\u00f3ria que revisa Marco Legal do Saneamento pode desestruturar o setor, afirma ABES\"},\"previousItem\":{\"@type\":\"ListItem\",\"@id\":\"https:\\\/\\\/www.jornalja.com.br\\\/arquivo#listItem\",\"name\":\"Home\"}},{\"@type\":\"ListItem\",\"@id\":\"https:\\\/\\\/www.jornalja.com.br\\\/arquivo\\\/medida-provisoria-que-revisa-marco-legal-do-saneamento-pode-desestruturar-o-setor-afirma-abes\\\/#listItem\",\"position\":3,\"name\":\"Medida Provis\\u00f3ria que revisa Marco Legal do Saneamento pode desestruturar o setor, afirma ABES\",\"previousItem\":{\"@type\":\"ListItem\",\"@id\":\"https:\\\/\\\/www.jornalja.com.br\\\/arquivo\\\/category\\\/geral\\\/#listItem\",\"name\":\"Geral\"}}]},{\"@type\":\"Organization\",\"@id\":\"https:\\\/\\\/www.jornalja.com.br\\\/arquivo\\\/#organization\",\"name\":\"Jornal J\\u00c1\",\"description\":\"Jornal J\\u00c1 | Porto Alegre\",\"url\":\"https:\\\/\\\/www.jornalja.com.br\\\/arquivo\\\/\",\"telephone\":\"+555133307272\",\"logo\":{\"@type\":\"ImageObject\",\"url\":\"https:\\\/\\\/www.jornalja.com.br\\\/wp-content\\\/uploads\\\/cards\\\/JAslogan.png\",\"@id\":\"https:\\\/\\\/www.jornalja.com.br\\\/arquivo\\\/medida-provisoria-que-revisa-marco-legal-do-saneamento-pode-desestruturar-o-setor-afirma-abes\\\/#organizationLogo\"},\"image\":{\"@id\":\"https:\\\/\\\/www.jornalja.com.br\\\/arquivo\\\/medida-provisoria-que-revisa-marco-legal-do-saneamento-pode-desestruturar-o-setor-afirma-abes\\\/#organizationLogo\"}},{\"@type\":\"Person\",\"@id\":\"https:\\\/\\\/www.jornalja.com.br\\\/arquivo\\\/author\\\/daredacao\\\/#author\",\"url\":\"https:\\\/\\\/www.jornalja.com.br\\\/arquivo\\\/author\\\/daredacao\\\/\",\"name\":\"da Reda\\u00e7\\u00e3o\",\"image\":{\"@type\":\"ImageObject\",\"@id\":\"https:\\\/\\\/www.jornalja.com.br\\\/arquivo\\\/medida-provisoria-que-revisa-marco-legal-do-saneamento-pode-desestruturar-o-setor-afirma-abes\\\/#authorImage\",\"url\":\"https:\\\/\\\/secure.gravatar.com\\\/avatar\\\/469fd857d6605ad19919d27ed29d35a968a25f6e8fd9318356bbb7f57aae9c65?s=96&d=mm&r=g\",\"width\":96,\"height\":96,\"caption\":\"da Reda\\u00e7\\u00e3o\"}},{\"@type\":\"WebPage\",\"@id\":\"https:\\\/\\\/www.jornalja.com.br\\\/arquivo\\\/medida-provisoria-que-revisa-marco-legal-do-saneamento-pode-desestruturar-o-setor-afirma-abes\\\/#webpage\",\"url\":\"https:\\\/\\\/www.jornalja.com.br\\\/arquivo\\\/medida-provisoria-que-revisa-marco-legal-do-saneamento-pode-desestruturar-o-setor-afirma-abes\\\/\",\"name\":\"Medida Provis\\u00f3ria que revisa Marco Legal do Saneamento pode desestruturar o setor, afirma ABES | Arquivo\",\"inLanguage\":\"pt-BR\",\"isPartOf\":{\"@id\":\"https:\\\/\\\/www.jornalja.com.br\\\/arquivo\\\/#website\"},\"breadcrumb\":{\"@id\":\"https:\\\/\\\/www.jornalja.com.br\\\/arquivo\\\/medida-provisoria-que-revisa-marco-legal-do-saneamento-pode-desestruturar-o-setor-afirma-abes\\\/#breadcrumblist\"},\"author\":{\"@id\":\"https:\\\/\\\/www.jornalja.com.br\\\/arquivo\\\/author\\\/daredacao\\\/#author\"},\"creator\":{\"@id\":\"https:\\\/\\\/www.jornalja.com.br\\\/arquivo\\\/author\\\/daredacao\\\/#author\"},\"image\":{\"@type\":\"ImageObject\",\"url\":57172,\"@id\":\"https:\\\/\\\/www.jornalja.com.br\\\/arquivo\\\/medida-provisoria-que-revisa-marco-legal-do-saneamento-pode-desestruturar-o-setor-afirma-abes\\\/#mainImage\"},\"primaryImageOfPage\":{\"@id\":\"https:\\\/\\\/www.jornalja.com.br\\\/arquivo\\\/medida-provisoria-que-revisa-marco-legal-do-saneamento-pode-desestruturar-o-setor-afirma-abes\\\/#mainImage\"},\"datePublished\":\"2017-11-10T13:41:47-02:00\",\"dateModified\":\"2017-11-10T13:41:47-02:00\"},{\"@type\":\"WebSite\",\"@id\":\"https:\\\/\\\/www.jornalja.com.br\\\/arquivo\\\/#website\",\"url\":\"https:\\\/\\\/www.jornalja.com.br\\\/arquivo\\\/\",\"name\":\"Arquivo\",\"description\":\"Jornal J\\u00c1 | Porto Alegre\",\"inLanguage\":\"pt-BR\",\"publisher\":{\"@id\":\"https:\\\/\\\/www.jornalja.com.br\\\/arquivo\\\/#organization\"}}]}\n\t\t<\/script>\n\t\t<!-- All in One SEO -->\n\n","aioseo_head_json":{"title":"Medida Provis\u00f3ria que revisa Marco Legal do Saneamento pode desestruturar o setor, afirma ABES | Arquivo","description":"","canonical_url":"https:\/\/www.jornalja.com.br\/arquivo\/medida-provisoria-que-revisa-marco-legal-do-saneamento-pode-desestruturar-o-setor-afirma-abes\/","robots":"max-image-preview:large","keywords":"","webmasterTools":{"miscellaneous":""},"schema":{"@context":"https:\/\/schema.org","@graph":[{"@type":"BlogPosting","@id":"https:\/\/www.jornalja.com.br\/arquivo\/medida-provisoria-que-revisa-marco-legal-do-saneamento-pode-desestruturar-o-setor-afirma-abes\/#blogposting","name":"Medida Provis\u00f3ria que revisa Marco Legal do Saneamento pode desestruturar o setor, afirma ABES | Arquivo","headline":"Medida Provis\u00f3ria que revisa Marco Legal do Saneamento pode desestruturar o setor, afirma ABES","author":{"@id":"https:\/\/www.jornalja.com.br\/arquivo\/author\/daredacao\/#author"},"publisher":{"@id":"https:\/\/www.jornalja.com.br\/arquivo\/#organization"},"image":{"@type":"ImageObject","url":57172},"datePublished":"2017-11-10T13:41:47-02:00","dateModified":"2017-11-10T13:41:47-02:00","inLanguage":"pt-BR","mainEntityOfPage":{"@id":"https:\/\/www.jornalja.com.br\/arquivo\/medida-provisoria-que-revisa-marco-legal-do-saneamento-pode-desestruturar-o-setor-afirma-abes\/#webpage"},"isPartOf":{"@id":"https:\/\/www.jornalja.com.br\/arquivo\/medida-provisoria-que-revisa-marco-legal-do-saneamento-pode-desestruturar-o-setor-afirma-abes\/#webpage"},"articleSection":"Geral"},{"@type":"BreadcrumbList","@id":"https:\/\/www.jornalja.com.br\/arquivo\/medida-provisoria-que-revisa-marco-legal-do-saneamento-pode-desestruturar-o-setor-afirma-abes\/#breadcrumblist","itemListElement":[{"@type":"ListItem","@id":"https:\/\/www.jornalja.com.br\/arquivo#listItem","position":1,"name":"Home","item":"https:\/\/www.jornalja.com.br\/arquivo","nextItem":{"@type":"ListItem","@id":"https:\/\/www.jornalja.com.br\/arquivo\/category\/geral\/#listItem","name":"Geral"}},{"@type":"ListItem","@id":"https:\/\/www.jornalja.com.br\/arquivo\/category\/geral\/#listItem","position":2,"name":"Geral","item":"https:\/\/www.jornalja.com.br\/arquivo\/category\/geral\/","nextItem":{"@type":"ListItem","@id":"https:\/\/www.jornalja.com.br\/arquivo\/medida-provisoria-que-revisa-marco-legal-do-saneamento-pode-desestruturar-o-setor-afirma-abes\/#listItem","name":"Medida Provis\u00f3ria que revisa Marco Legal do Saneamento pode desestruturar o setor, afirma ABES"},"previousItem":{"@type":"ListItem","@id":"https:\/\/www.jornalja.com.br\/arquivo#listItem","name":"Home"}},{"@type":"ListItem","@id":"https:\/\/www.jornalja.com.br\/arquivo\/medida-provisoria-que-revisa-marco-legal-do-saneamento-pode-desestruturar-o-setor-afirma-abes\/#listItem","position":3,"name":"Medida Provis\u00f3ria que revisa Marco Legal do Saneamento pode desestruturar o setor, afirma ABES","previousItem":{"@type":"ListItem","@id":"https:\/\/www.jornalja.com.br\/arquivo\/category\/geral\/#listItem","name":"Geral"}}]},{"@type":"Organization","@id":"https:\/\/www.jornalja.com.br\/arquivo\/#organization","name":"Jornal J\u00c1","description":"Jornal J\u00c1 | Porto Alegre","url":"https:\/\/www.jornalja.com.br\/arquivo\/","telephone":"+555133307272","logo":{"@type":"ImageObject","url":"https:\/\/www.jornalja.com.br\/wp-content\/uploads\/cards\/JAslogan.png","@id":"https:\/\/www.jornalja.com.br\/arquivo\/medida-provisoria-que-revisa-marco-legal-do-saneamento-pode-desestruturar-o-setor-afirma-abes\/#organizationLogo"},"image":{"@id":"https:\/\/www.jornalja.com.br\/arquivo\/medida-provisoria-que-revisa-marco-legal-do-saneamento-pode-desestruturar-o-setor-afirma-abes\/#organizationLogo"}},{"@type":"Person","@id":"https:\/\/www.jornalja.com.br\/arquivo\/author\/daredacao\/#author","url":"https:\/\/www.jornalja.com.br\/arquivo\/author\/daredacao\/","name":"da Reda\u00e7\u00e3o","image":{"@type":"ImageObject","@id":"https:\/\/www.jornalja.com.br\/arquivo\/medida-provisoria-que-revisa-marco-legal-do-saneamento-pode-desestruturar-o-setor-afirma-abes\/#authorImage","url":"https:\/\/secure.gravatar.com\/avatar\/469fd857d6605ad19919d27ed29d35a968a25f6e8fd9318356bbb7f57aae9c65?s=96&d=mm&r=g","width":96,"height":96,"caption":"da Reda\u00e7\u00e3o"}},{"@type":"WebPage","@id":"https:\/\/www.jornalja.com.br\/arquivo\/medida-provisoria-que-revisa-marco-legal-do-saneamento-pode-desestruturar-o-setor-afirma-abes\/#webpage","url":"https:\/\/www.jornalja.com.br\/arquivo\/medida-provisoria-que-revisa-marco-legal-do-saneamento-pode-desestruturar-o-setor-afirma-abes\/","name":"Medida Provis\u00f3ria que revisa Marco Legal do Saneamento pode desestruturar o setor, afirma ABES | Arquivo","inLanguage":"pt-BR","isPartOf":{"@id":"https:\/\/www.jornalja.com.br\/arquivo\/#website"},"breadcrumb":{"@id":"https:\/\/www.jornalja.com.br\/arquivo\/medida-provisoria-que-revisa-marco-legal-do-saneamento-pode-desestruturar-o-setor-afirma-abes\/#breadcrumblist"},"author":{"@id":"https:\/\/www.jornalja.com.br\/arquivo\/author\/daredacao\/#author"},"creator":{"@id":"https:\/\/www.jornalja.com.br\/arquivo\/author\/daredacao\/#author"},"image":{"@type":"ImageObject","url":57172,"@id":"https:\/\/www.jornalja.com.br\/arquivo\/medida-provisoria-que-revisa-marco-legal-do-saneamento-pode-desestruturar-o-setor-afirma-abes\/#mainImage"},"primaryImageOfPage":{"@id":"https:\/\/www.jornalja.com.br\/arquivo\/medida-provisoria-que-revisa-marco-legal-do-saneamento-pode-desestruturar-o-setor-afirma-abes\/#mainImage"},"datePublished":"2017-11-10T13:41:47-02:00","dateModified":"2017-11-10T13:41:47-02:00"},{"@type":"WebSite","@id":"https:\/\/www.jornalja.com.br\/arquivo\/#website","url":"https:\/\/www.jornalja.com.br\/arquivo\/","name":"Arquivo","description":"Jornal J\u00c1 | Porto Alegre","inLanguage":"pt-BR","publisher":{"@id":"https:\/\/www.jornalja.com.br\/arquivo\/#organization"}}]},"og:locale":"pt_BR","og:site_name":"Arquivo | Jornal J\u00c1 | Porto Alegre","og:type":"article","og:title":"Medida Provis\u00f3ria que revisa Marco Legal do Saneamento pode desestruturar o setor, afirma ABES | Arquivo","og:url":"https:\/\/www.jornalja.com.br\/arquivo\/medida-provisoria-que-revisa-marco-legal-do-saneamento-pode-desestruturar-o-setor-afirma-abes\/","og:image":"https:\/\/www.jornalja.com.br\/economics\/wp-content\/uploads\/sites\/11\/2026\/08\/ja-folhaderosto-facebook.jpg","og:image:secure_url":"https:\/\/www.jornalja.com.br\/economics\/wp-content\/uploads\/sites\/11\/2026\/08\/ja-folhaderosto-facebook.jpg","article:published_time":"2017-11-10T16:41:47+00:00","article:modified_time":"2017-11-10T16:41:47+00:00","twitter:card":"summary","twitter:title":"Medida Provis\u00f3ria que revisa Marco Legal do Saneamento pode desestruturar o setor, afirma ABES | Arquivo","twitter:image":"https:\/\/www.jornalja.com.br\/economics\/wp-content\/uploads\/sites\/11\/2026\/08\/ja-folhaderosto-facebook.jpg"},"aioseo_meta_data":{"post_id":"57171","title":null,"description":null,"keywords":null,"keyphrases":null,"primary_term":null,"canonical_url":null,"og_title":null,"og_description":null,"og_object_type":"default","og_image_type":"default","og_image_url":null,"og_image_width":null,"og_image_height":null,"og_image_custom_url":null,"og_image_custom_fields":null,"og_video":null,"og_custom_url":null,"og_article_section":null,"og_article_tags":null,"twitter_use_og":false,"twitter_card":"default","twitter_image_type":"default","twitter_image_url":null,"twitter_image_custom_url":null,"twitter_image_custom_fields":null,"twitter_title":null,"twitter_description":null,"schema":{"blockGraphs":[],"customGraphs":[],"default":{"data":{"Article":[],"Course":[],"Dataset":[],"FAQPage":[],"Movie":[],"Person":[],"Product":[],"ProductReview":[],"Car":[],"Recipe":[],"Service":[],"SoftwareApplication":[],"WebPage":[]},"graphName":"","isEnabled":true},"graphs":[],"defaultGraph":"","defaultPostTypeGraph":""},"schema_type":null,"schema_type_options":null,"pillar_content":false,"robots_default":true,"robots_noindex":false,"robots_noarchive":false,"robots_nosnippet":false,"robots_nofollow":false,"robots_noimageindex":false,"robots_noodp":false,"robots_notranslate":false,"robots_max_snippet":null,"robots_max_videopreview":null,"robots_max_imagepreview":"large","priority":null,"frequency":null,"location":null,"local_seo":null,"breadcrumb_settings":null,"limit_modified_date":false,"ai":null,"created":"2020-12-20 20:21:03","updated":"2025-07-20 02:16:20","seo_analyzer_scan_date":null,"focus_keyword":null,"additional_keywords":null,"truseo_locale":null},"jetpack_sharing_enabled":true,"jetpack-related-posts":[{"id":13109,"url":"https:\/\/www.jornalja.com.br\/arquivo\/judiciario-reconhece-poluicao-eletromagnetica\/","url_meta":{"origin":57171,"position":0},"title":"Judici\u00e1rio reconhece polui\u00e7\u00e3o eletromagn\u00e9tica","author":"Patr\u00edcia Marini","date":"16 de maio de 2014","format":false,"excerpt":"A\u00e7\u00e3o de duas associa\u00e7\u00f5es de moradores foi acolhida pelo Tribunal de Justi\u00e7a de S\u00e3o Paulo que. em decis\u00e3o in\u00e9dita, determinou a redu\u00e7\u00e3o do campo eletromagn\u00e9tico gerado pelas linhas de transmiss\u00e3o de energia que cortam os bairros City Boa\u00e7ava e Alto de Pinheiros. \u00c9 a primeira vez que um tribunal do\u2026","rel":"","context":"Em &quot;X.Categorias velhas&quot;","block_context":{"text":"X.Categorias velhas","link":"https:\/\/www.jornalja.com.br\/arquivo\/category\/x-categorias-velhas\/"},"img":{"alt_text":"","src":"","width":0,"height":0},"classes":[]},{"id":13239,"url":"https:\/\/www.jornalja.com.br\/arquivo\/conselho-desdenha-do-plano-diretor\/","url_meta":{"origin":57171,"position":1},"title":"Porto Alegre: Conselho detona Plano Diretor","author":"Patr\u00edcia Marini","date":"25 de maio de 2014","format":false,"excerpt":"Den\u00fancia do arquiteto e \u00a0urbanista Ibir\u00e1 Santos Lucas. Ele diz que os conselheiros est\u00e3o votando com \"enorme irresponsabilidade\". \"Mudam regime com a maior naturalidade,,,regularizam absurdos de constru\u00e7\u00f5es irregulares... \"O CMDUA est\u00e1 flexibilizando a lei do plano diretor, de uma forma impactante na vida da cidade. Mudam regime com a maior\u2026","rel":"","context":"Em &quot;Geral&quot;","block_context":{"text":"Geral","link":"https:\/\/www.jornalja.com.br\/arquivo\/category\/geral\/"},"img":{"alt_text":"","src":"","width":0,"height":0},"classes":[]},{"id":13124,"url":"https:\/\/www.jornalja.com.br\/arquivo\/sangue-latino-no-iecine\/","url_meta":{"origin":57171,"position":2},"title":"Sangue latino no IECINE","author":"da Reda\u00e7\u00e3o","date":"18 de maio de 2014","format":false,"excerpt":"Francisco Ribeiro O Instituto Estadual de Cinema (IECINE) tem a frente, desde abril \u00faltimo, um novo diretor, o cineasta colombiano Juan Zapata, 36, que substitui Luiz Alberto Cassol. Radicado h\u00e1 dez anos em Porto Alegre, Zapata tem diante de si o desafio de conduzir at\u00e9 o final do ano um\u2026","rel":"","context":"Em &quot;Cultura-Geral&quot;","block_context":{"text":"Cultura-Geral","link":"https:\/\/www.jornalja.com.br\/arquivo\/category\/materiasecundaria\/"},"img":{"alt_text":"","src":"","width":0,"height":0},"classes":[]},{"id":14241,"url":"https:\/\/www.jornalja.com.br\/arquivo\/o-guaiba-nas-imagens-poeticas-de-achutti\/","url_meta":{"origin":57171,"position":3},"title":"O Gua\u00edba nas imagens po\u00e9ticas de Achutti","author":"da Reda\u00e7\u00e3o","date":"18 de junho de 2014","format":false,"excerpt":"Em \u201cO Gua\u00edba por Achutti\u201d \u2013 obra financiada via Minist\u00e9rio da Cultura, produ\u00e7\u00e3o executiva de Pedro Longhi, e Fl\u00e1vio Wild como designer \u2013, o fot\u00f3grafo revela a beleza e as mazelas de um espa\u00e7o aqu\u00e1tico de \u00e1guas sempre renovadas, cheio de hist\u00f3rias e lendas como as das cidades que foram\u2026","rel":"","context":"Em &quot;Cultura-Geral&quot;","block_context":{"text":"Cultura-Geral","link":"https:\/\/www.jornalja.com.br\/arquivo\/category\/materiasecundaria\/"},"img":{"alt_text":"","src":"","width":0,"height":0},"classes":[]},{"id":13240,"url":"https:\/\/www.jornalja.com.br\/arquivo\/plano-diretor-estamos-construindo-o-caos\/","url_meta":{"origin":57171,"position":4},"title":"Plano diretor: &quot;Estamos construindo o caos&quot;","author":"Patr\u00edcia Marini","date":"26 de maio de 2014","format":false,"excerpt":"Desabafo que arquiteta Eliana Castilhos, delegada da Regi\u00e3o de Planejamento 1, postou nas redes sociais \u00e9 um testemunho do ambiente que se criou no Conselho do Plano Diretor de Porto Alegre, onde a aprova\u00e7\u00e3o de grandes empreendimentos \u00e9 empurrada guela abaixo dos conselheiros. Ao CMDUA Como delegada da Regi\u00e3o de\u2026","rel":"","context":"Em &quot;Geral&quot;","block_context":{"text":"Geral","link":"https:\/\/www.jornalja.com.br\/arquivo\/category\/geral\/"},"img":{"alt_text":"","src":"","width":0,"height":0},"classes":[]}],"jetpack_shortlink":"https:\/\/wp.me\/pbQjBd-eS7","jetpack_featured_media_url":"","_links":{"self":[{"href":"https:\/\/www.jornalja.com.br\/arquivo\/wp-json\/wp\/v2\/posts\/57171","targetHints":{"allow":["GET"]}}],"collection":[{"href":"https:\/\/www.jornalja.com.br\/arquivo\/wp-json\/wp\/v2\/posts"}],"about":[{"href":"https:\/\/www.jornalja.com.br\/arquivo\/wp-json\/wp\/v2\/types\/post"}],"author":[{"embeddable":true,"href":"https:\/\/www.jornalja.com.br\/arquivo\/wp-json\/wp\/v2\/users\/4"}],"replies":[{"embeddable":true,"href":"https:\/\/www.jornalja.com.br\/arquivo\/wp-json\/wp\/v2\/comments?post=57171"}],"version-history":[{"count":0,"href":"https:\/\/www.jornalja.com.br\/arquivo\/wp-json\/wp\/v2\/posts\/57171\/revisions"}],"wp:attachment":[{"href":"https:\/\/www.jornalja.com.br\/arquivo\/wp-json\/wp\/v2\/media?parent=57171"}],"wp:term":[{"taxonomy":"category","embeddable":true,"href":"https:\/\/www.jornalja.com.br\/arquivo\/wp-json\/wp\/v2\/categories?post=57171"},{"taxonomy":"post_tag","embeddable":true,"href":"https:\/\/www.jornalja.com.br\/arquivo\/wp-json\/wp\/v2\/tags?post=57171"}],"curies":[{"name":"wp","href":"https:\/\/api.w.org\/{rel}","templated":true}]}}