{"id":57250,"date":"2017-11-13T11:27:28","date_gmt":"2017-11-13T14:27:28","guid":{"rendered":"https:\/\/www.jornalja.com.br\/?p=57250"},"modified":"2017-11-13T11:27:28","modified_gmt":"2017-11-13T14:27:28","slug":"bikepoa-escassez-de-bicicletas-sera-tema-de-reuniao-na-camara-municipal","status":"publish","type":"post","link":"https:\/\/www.jornalja.com.br\/arquivo\/bikepoa-escassez-de-bicicletas-sera-tema-de-reuniao-na-camara-municipal\/","title":{"rendered":"Bikepoa: escassez de bicicletas ser\u00e1 tema de reuni\u00e3o na C\u00e2mara Municipal"},"content":{"rendered":"<p>A <a href=\"https:\/\/www.jornalja.com.br\/bikepoa-menos-de-20-de-bicicletas-estao-operando\/\">dr\u00e1stica redu\u00e7\u00e3o no n\u00famero de bicicletas dispon\u00edveis no aplicativo BikePoa ser\u00e1 tema de discuss\u00e3o<\/a>, nesta ter\u00e7a-feira, 14\/11, a partir das 14h30, na Comiss\u00e3o de Defesa do Consumidor, Direitos Humanos e Seguran\u00e7a Urbana na C\u00e2mara Municipal de Vereadores de Porto Alegre. Das 400 bicicletas que deveriam estar operando, conforme o edital assinado em maio do ano passado, nem a metade esta \u00e0 disposi\u00e7\u00e3o dos usu\u00e1rios.<br \/>\nAl\u00e9m do que, os n\u00fameros apresentados <a href=\"https:\/\/www.jornalja.com.br\/bike-poa-numeros-apresentados-pela-eptc-nao-batem-com-a-realidade\/\">tamb\u00e9m apresentam disparidades<\/a>. A EPTC diz que 130 bikes est\u00e3o operando, mas o gerente de projetos da empresa, Antonio Vigna,\u00a0admitiu que menos de\u00a0oitenta est\u00e3o em opera\u00e7\u00e3o.\u00a0O aplicativo mostra uma disponibilidade ainda menor de ve\u00edculos.<br \/>\nO proponente da discuss\u00e3o no Legislativo, o vereador Marcelo Sgarbossa (PT) justificou a reuni\u00e3o: &#8220;\u00c9 um servi\u00e7o importante para a mobilidade urbana na Capital que vem enfrentando problemas nos \u00faltimos meses.&#8221;<br \/>\nConforme o parlamentar, foram convidados para o encontro representantes da EPTC e da empresa que opera o sistema, a Tembici.<br \/>\n<span class=\"intertit\">Prefeitura promete troca de esta\u00e7\u00f5es e bikes para novembro\u00a0<\/span><br \/>\nA prefeitura explica que o baixo n\u00famero de bicicletas deve-se a troca da empresa prestadora do servi\u00e7o. <a href=\"https:\/\/www.jornalja.com.br\/bikepoa-prefeitura-anuncia-troca-de-400-bicicletas-e-integracao-com-o-tri\/\">Em agosto, a Tembici assumiu a opera\u00e7\u00e3o do sistema no lugar da Serttel.<\/a> Com isso, as bikes estragadas n\u00e3o foram repostas.<br \/>\nTamb\u00e9m em agosto, a Prefeitura anunciou a troca no sistema do bikepoa at\u00e9 o fim deste ano.\u00a0A implementa\u00e7\u00e3o das novas esta\u00e7\u00f5es e 410 bicicletas est\u00e1 prevista\u00a0para come\u00e7ar ainda neste m\u00eas de novembro. A promessa \u00e9 que as esta\u00e7\u00f5es ter\u00e3o espa\u00e7o para mais bicicletas.<br \/>\nAs esta\u00e7\u00f5es tamb\u00e9m ter\u00e3o mudan\u00e7as f\u00edsicas. Elas dever\u00e3o serem mais pr\u00f3ximas uma da outra e atender\u00e3o um raio menor do que o oferecido hoje. As esta\u00e7\u00f5es do Cristal e do Bela Vista, na Pra\u00e7a da Encol, n\u00e3o existir\u00e3o mais. Os postos em frente ao Hospital M\u00e3e de Deus e no est\u00e1dio Beira-Rio tamb\u00e9m ter\u00e3o o mesmo destino. Para a zona Sul, a esta\u00e7\u00e3o mais distante ser\u00e1 a do museu Iber\u00ea Camargo. J\u00e1 em dire\u00e7\u00e3o a Zona Norte, a esta\u00e7\u00e3o mais afastada ser\u00e1 a do Parc\u00e3o.<br \/>\n\u201cAssim, espera-se qualificar o servi\u00e7o e aumentar o n\u00famero de viagens\u201d, explicou Vigna.<\/p>\n","protected":false},"excerpt":{"rendered":"<p>A dr\u00e1stica redu\u00e7\u00e3o no n\u00famero de bicicletas dispon\u00edveis no aplicativo BikePoa ser\u00e1 tema de discuss\u00e3o, nesta ter\u00e7a-feira, 14\/11, a partir das 14h30, na Comiss\u00e3o de Defesa do Consumidor, Direitos Humanos e Seguran\u00e7a Urbana na C\u00e2mara Municipal de Vereadores de Porto Alegre. Das 400 bicicletas que deveriam estar operando, conforme o edital assinado em maio do [&hellip;]<\/p>\n","protected":false},"author":4,"featured_media":57252,"comment_status":"open","ping_status":"closed","sticky":false,"template":"","format":"standard","meta":{"_jetpack_newsletter_access":"","_jetpack_dont_email_post_to_subs":false,"_jetpack_newsletter_tier_id":0,"_jetpack_memberships_contains_paywalled_content":false,"_jetpack_feature_clip_id":0,"_jetpack_memberships_contains_paid_content":false,"footnotes":"","jetpack_post_was_ever_published":false},"categories":[26],"tags":[],"class_list":["post-57250","post","type-post","status-publish","format-standard","has-post-thumbnail","hentry","category-geral"],"aioseo_notices":[],"aioseo_head":"\n\t\t<!-- All in One SEO 5.0.1.1 - aioseo.com -->\n\t<meta name=\"robots\" content=\"max-image-preview:large\" \/>\n\t<meta name=\"author\" content=\"da Reda\u00e7\u00e3o\"\/>\n\t<link rel=\"canonical\" href=\"https:\/\/www.jornalja.com.br\/arquivo\/bikepoa-escassez-de-bicicletas-sera-tema-de-reuniao-na-camara-municipal\/\" \/>\n\t<meta name=\"generator\" content=\"All in One SEO (AIOSEO) 5.0.1.1\" \/>\n\t\t<meta property=\"og:locale\" content=\"pt_BR\" \/>\n\t\t<meta property=\"og:site_name\" content=\"Arquivo | Jornal J\u00c1 | Porto Alegre\" \/>\n\t\t<meta property=\"og:type\" content=\"article\" \/>\n\t\t<meta property=\"og:title\" content=\"Bikepoa: escassez de bicicletas ser\u00e1 tema de reuni\u00e3o na C\u00e2mara Municipal | Arquivo\" \/>\n\t\t<meta property=\"og:url\" content=\"https:\/\/www.jornalja.com.br\/arquivo\/bikepoa-escassez-de-bicicletas-sera-tema-de-reuniao-na-camara-municipal\/\" \/>\n\t\t<meta property=\"og:image\" content=\"https:\/\/www.jornalja.com.br\/economics\/wp-content\/uploads\/sites\/11\/2026\/08\/ja-folhaderosto-facebook.jpg\" \/>\n\t\t<meta property=\"og:image:secure_url\" content=\"https:\/\/www.jornalja.com.br\/economics\/wp-content\/uploads\/sites\/11\/2026\/08\/ja-folhaderosto-facebook.jpg\" \/>\n\t\t<meta property=\"article:published_time\" content=\"2017-11-13T14:27:28+00:00\" \/>\n\t\t<meta property=\"article:modified_time\" content=\"2017-11-13T14:27:28+00:00\" \/>\n\t\t<meta name=\"twitter:card\" content=\"summary\" \/>\n\t\t<meta name=\"twitter:title\" content=\"Bikepoa: escassez de bicicletas ser\u00e1 tema de reuni\u00e3o na C\u00e2mara Municipal | Arquivo\" \/>\n\t\t<meta name=\"twitter:image\" content=\"https:\/\/www.jornalja.com.br\/economics\/wp-content\/uploads\/sites\/11\/2026\/08\/ja-folhaderosto-facebook.jpg\" \/>\n\t\t<script type=\"application\/ld+json\" class=\"aioseo-schema\">\n\t\t\t{\"@context\":\"https:\\\/\\\/schema.org\",\"@graph\":[{\"@type\":\"BlogPosting\",\"@id\":\"https:\\\/\\\/www.jornalja.com.br\\\/arquivo\\\/bikepoa-escassez-de-bicicletas-sera-tema-de-reuniao-na-camara-municipal\\\/#blogposting\",\"name\":\"Bikepoa: escassez de bicicletas ser\\u00e1 tema de reuni\\u00e3o na C\\u00e2mara Municipal | Arquivo\",\"headline\":\"Bikepoa: escassez de bicicletas ser\\u00e1 tema de reuni\\u00e3o na C\\u00e2mara Municipal\",\"author\":{\"@id\":\"https:\\\/\\\/www.jornalja.com.br\\\/arquivo\\\/author\\\/daredacao\\\/#author\"},\"publisher\":{\"@id\":\"https:\\\/\\\/www.jornalja.com.br\\\/arquivo\\\/#organization\"},\"image\":{\"@type\":\"ImageObject\",\"url\":57252},\"datePublished\":\"2017-11-13T11:27:28-02:00\",\"dateModified\":\"2017-11-13T11:27:28-02:00\",\"inLanguage\":\"pt-BR\",\"mainEntityOfPage\":{\"@id\":\"https:\\\/\\\/www.jornalja.com.br\\\/arquivo\\\/bikepoa-escassez-de-bicicletas-sera-tema-de-reuniao-na-camara-municipal\\\/#webpage\"},\"isPartOf\":{\"@id\":\"https:\\\/\\\/www.jornalja.com.br\\\/arquivo\\\/bikepoa-escassez-de-bicicletas-sera-tema-de-reuniao-na-camara-municipal\\\/#webpage\"},\"articleSection\":\"Geral\"},{\"@type\":\"BreadcrumbList\",\"@id\":\"https:\\\/\\\/www.jornalja.com.br\\\/arquivo\\\/bikepoa-escassez-de-bicicletas-sera-tema-de-reuniao-na-camara-municipal\\\/#breadcrumblist\",\"itemListElement\":[{\"@type\":\"ListItem\",\"@id\":\"https:\\\/\\\/www.jornalja.com.br\\\/arquivo#listItem\",\"position\":1,\"name\":\"Home\",\"item\":\"https:\\\/\\\/www.jornalja.com.br\\\/arquivo\",\"nextItem\":{\"@type\":\"ListItem\",\"@id\":\"https:\\\/\\\/www.jornalja.com.br\\\/arquivo\\\/category\\\/geral\\\/#listItem\",\"name\":\"Geral\"}},{\"@type\":\"ListItem\",\"@id\":\"https:\\\/\\\/www.jornalja.com.br\\\/arquivo\\\/category\\\/geral\\\/#listItem\",\"position\":2,\"name\":\"Geral\",\"item\":\"https:\\\/\\\/www.jornalja.com.br\\\/arquivo\\\/category\\\/geral\\\/\",\"nextItem\":{\"@type\":\"ListItem\",\"@id\":\"https:\\\/\\\/www.jornalja.com.br\\\/arquivo\\\/bikepoa-escassez-de-bicicletas-sera-tema-de-reuniao-na-camara-municipal\\\/#listItem\",\"name\":\"Bikepoa: escassez de bicicletas ser\\u00e1 tema de reuni\\u00e3o na C\\u00e2mara Municipal\"},\"previousItem\":{\"@type\":\"ListItem\",\"@id\":\"https:\\\/\\\/www.jornalja.com.br\\\/arquivo#listItem\",\"name\":\"Home\"}},{\"@type\":\"ListItem\",\"@id\":\"https:\\\/\\\/www.jornalja.com.br\\\/arquivo\\\/bikepoa-escassez-de-bicicletas-sera-tema-de-reuniao-na-camara-municipal\\\/#listItem\",\"position\":3,\"name\":\"Bikepoa: escassez de bicicletas ser\\u00e1 tema de reuni\\u00e3o na C\\u00e2mara Municipal\",\"previousItem\":{\"@type\":\"ListItem\",\"@id\":\"https:\\\/\\\/www.jornalja.com.br\\\/arquivo\\\/category\\\/geral\\\/#listItem\",\"name\":\"Geral\"}}]},{\"@type\":\"Organization\",\"@id\":\"https:\\\/\\\/www.jornalja.com.br\\\/arquivo\\\/#organization\",\"name\":\"Jornal J\\u00c1\",\"description\":\"Jornal J\\u00c1 | Porto Alegre\",\"url\":\"https:\\\/\\\/www.jornalja.com.br\\\/arquivo\\\/\",\"telephone\":\"+555133307272\",\"logo\":{\"@type\":\"ImageObject\",\"url\":\"https:\\\/\\\/www.jornalja.com.br\\\/wp-content\\\/uploads\\\/cards\\\/JAslogan.png\",\"@id\":\"https:\\\/\\\/www.jornalja.com.br\\\/arquivo\\\/bikepoa-escassez-de-bicicletas-sera-tema-de-reuniao-na-camara-municipal\\\/#organizationLogo\"},\"image\":{\"@id\":\"https:\\\/\\\/www.jornalja.com.br\\\/arquivo\\\/bikepoa-escassez-de-bicicletas-sera-tema-de-reuniao-na-camara-municipal\\\/#organizationLogo\"}},{\"@type\":\"Person\",\"@id\":\"https:\\\/\\\/www.jornalja.com.br\\\/arquivo\\\/author\\\/daredacao\\\/#author\",\"url\":\"https:\\\/\\\/www.jornalja.com.br\\\/arquivo\\\/author\\\/daredacao\\\/\",\"name\":\"da Reda\\u00e7\\u00e3o\",\"image\":{\"@type\":\"ImageObject\",\"@id\":\"https:\\\/\\\/www.jornalja.com.br\\\/arquivo\\\/bikepoa-escassez-de-bicicletas-sera-tema-de-reuniao-na-camara-municipal\\\/#authorImage\",\"url\":\"https:\\\/\\\/secure.gravatar.com\\\/avatar\\\/469fd857d6605ad19919d27ed29d35a968a25f6e8fd9318356bbb7f57aae9c65?s=96&d=mm&r=g\",\"width\":96,\"height\":96,\"caption\":\"da Reda\\u00e7\\u00e3o\"}},{\"@type\":\"WebPage\",\"@id\":\"https:\\\/\\\/www.jornalja.com.br\\\/arquivo\\\/bikepoa-escassez-de-bicicletas-sera-tema-de-reuniao-na-camara-municipal\\\/#webpage\",\"url\":\"https:\\\/\\\/www.jornalja.com.br\\\/arquivo\\\/bikepoa-escassez-de-bicicletas-sera-tema-de-reuniao-na-camara-municipal\\\/\",\"name\":\"Bikepoa: escassez de bicicletas ser\\u00e1 tema de reuni\\u00e3o na C\\u00e2mara Municipal | Arquivo\",\"inLanguage\":\"pt-BR\",\"isPartOf\":{\"@id\":\"https:\\\/\\\/www.jornalja.com.br\\\/arquivo\\\/#website\"},\"breadcrumb\":{\"@id\":\"https:\\\/\\\/www.jornalja.com.br\\\/arquivo\\\/bikepoa-escassez-de-bicicletas-sera-tema-de-reuniao-na-camara-municipal\\\/#breadcrumblist\"},\"author\":{\"@id\":\"https:\\\/\\\/www.jornalja.com.br\\\/arquivo\\\/author\\\/daredacao\\\/#author\"},\"creator\":{\"@id\":\"https:\\\/\\\/www.jornalja.com.br\\\/arquivo\\\/author\\\/daredacao\\\/#author\"},\"image\":{\"@type\":\"ImageObject\",\"url\":57252,\"@id\":\"https:\\\/\\\/www.jornalja.com.br\\\/arquivo\\\/bikepoa-escassez-de-bicicletas-sera-tema-de-reuniao-na-camara-municipal\\\/#mainImage\"},\"primaryImageOfPage\":{\"@id\":\"https:\\\/\\\/www.jornalja.com.br\\\/arquivo\\\/bikepoa-escassez-de-bicicletas-sera-tema-de-reuniao-na-camara-municipal\\\/#mainImage\"},\"datePublished\":\"2017-11-13T11:27:28-02:00\",\"dateModified\":\"2017-11-13T11:27:28-02:00\"},{\"@type\":\"WebSite\",\"@id\":\"https:\\\/\\\/www.jornalja.com.br\\\/arquivo\\\/#website\",\"url\":\"https:\\\/\\\/www.jornalja.com.br\\\/arquivo\\\/\",\"name\":\"Arquivo\",\"description\":\"Jornal J\\u00c1 | Porto Alegre\",\"inLanguage\":\"pt-BR\",\"publisher\":{\"@id\":\"https:\\\/\\\/www.jornalja.com.br\\\/arquivo\\\/#organization\"}}]}\n\t\t<\/script>\n\t\t<!-- All in One SEO -->\n\n","aioseo_head_json":{"title":"Bikepoa: escassez de bicicletas ser\u00e1 tema de reuni\u00e3o na C\u00e2mara Municipal | Arquivo","description":"","canonical_url":"https:\/\/www.jornalja.com.br\/arquivo\/bikepoa-escassez-de-bicicletas-sera-tema-de-reuniao-na-camara-municipal\/","robots":"max-image-preview:large","keywords":"","webmasterTools":{"miscellaneous":""},"schema":{"@context":"https:\/\/schema.org","@graph":[{"@type":"BlogPosting","@id":"https:\/\/www.jornalja.com.br\/arquivo\/bikepoa-escassez-de-bicicletas-sera-tema-de-reuniao-na-camara-municipal\/#blogposting","name":"Bikepoa: escassez de bicicletas ser\u00e1 tema de reuni\u00e3o na C\u00e2mara Municipal | Arquivo","headline":"Bikepoa: escassez de bicicletas ser\u00e1 tema de reuni\u00e3o na C\u00e2mara Municipal","author":{"@id":"https:\/\/www.jornalja.com.br\/arquivo\/author\/daredacao\/#author"},"publisher":{"@id":"https:\/\/www.jornalja.com.br\/arquivo\/#organization"},"image":{"@type":"ImageObject","url":57252},"datePublished":"2017-11-13T11:27:28-02:00","dateModified":"2017-11-13T11:27:28-02:00","inLanguage":"pt-BR","mainEntityOfPage":{"@id":"https:\/\/www.jornalja.com.br\/arquivo\/bikepoa-escassez-de-bicicletas-sera-tema-de-reuniao-na-camara-municipal\/#webpage"},"isPartOf":{"@id":"https:\/\/www.jornalja.com.br\/arquivo\/bikepoa-escassez-de-bicicletas-sera-tema-de-reuniao-na-camara-municipal\/#webpage"},"articleSection":"Geral"},{"@type":"BreadcrumbList","@id":"https:\/\/www.jornalja.com.br\/arquivo\/bikepoa-escassez-de-bicicletas-sera-tema-de-reuniao-na-camara-municipal\/#breadcrumblist","itemListElement":[{"@type":"ListItem","@id":"https:\/\/www.jornalja.com.br\/arquivo#listItem","position":1,"name":"Home","item":"https:\/\/www.jornalja.com.br\/arquivo","nextItem":{"@type":"ListItem","@id":"https:\/\/www.jornalja.com.br\/arquivo\/category\/geral\/#listItem","name":"Geral"}},{"@type":"ListItem","@id":"https:\/\/www.jornalja.com.br\/arquivo\/category\/geral\/#listItem","position":2,"name":"Geral","item":"https:\/\/www.jornalja.com.br\/arquivo\/category\/geral\/","nextItem":{"@type":"ListItem","@id":"https:\/\/www.jornalja.com.br\/arquivo\/bikepoa-escassez-de-bicicletas-sera-tema-de-reuniao-na-camara-municipal\/#listItem","name":"Bikepoa: escassez de bicicletas ser\u00e1 tema de reuni\u00e3o na C\u00e2mara Municipal"},"previousItem":{"@type":"ListItem","@id":"https:\/\/www.jornalja.com.br\/arquivo#listItem","name":"Home"}},{"@type":"ListItem","@id":"https:\/\/www.jornalja.com.br\/arquivo\/bikepoa-escassez-de-bicicletas-sera-tema-de-reuniao-na-camara-municipal\/#listItem","position":3,"name":"Bikepoa: escassez de bicicletas ser\u00e1 tema de reuni\u00e3o na C\u00e2mara Municipal","previousItem":{"@type":"ListItem","@id":"https:\/\/www.jornalja.com.br\/arquivo\/category\/geral\/#listItem","name":"Geral"}}]},{"@type":"Organization","@id":"https:\/\/www.jornalja.com.br\/arquivo\/#organization","name":"Jornal J\u00c1","description":"Jornal J\u00c1 | Porto Alegre","url":"https:\/\/www.jornalja.com.br\/arquivo\/","telephone":"+555133307272","logo":{"@type":"ImageObject","url":"https:\/\/www.jornalja.com.br\/wp-content\/uploads\/cards\/JAslogan.png","@id":"https:\/\/www.jornalja.com.br\/arquivo\/bikepoa-escassez-de-bicicletas-sera-tema-de-reuniao-na-camara-municipal\/#organizationLogo"},"image":{"@id":"https:\/\/www.jornalja.com.br\/arquivo\/bikepoa-escassez-de-bicicletas-sera-tema-de-reuniao-na-camara-municipal\/#organizationLogo"}},{"@type":"Person","@id":"https:\/\/www.jornalja.com.br\/arquivo\/author\/daredacao\/#author","url":"https:\/\/www.jornalja.com.br\/arquivo\/author\/daredacao\/","name":"da Reda\u00e7\u00e3o","image":{"@type":"ImageObject","@id":"https:\/\/www.jornalja.com.br\/arquivo\/bikepoa-escassez-de-bicicletas-sera-tema-de-reuniao-na-camara-municipal\/#authorImage","url":"https:\/\/secure.gravatar.com\/avatar\/469fd857d6605ad19919d27ed29d35a968a25f6e8fd9318356bbb7f57aae9c65?s=96&d=mm&r=g","width":96,"height":96,"caption":"da Reda\u00e7\u00e3o"}},{"@type":"WebPage","@id":"https:\/\/www.jornalja.com.br\/arquivo\/bikepoa-escassez-de-bicicletas-sera-tema-de-reuniao-na-camara-municipal\/#webpage","url":"https:\/\/www.jornalja.com.br\/arquivo\/bikepoa-escassez-de-bicicletas-sera-tema-de-reuniao-na-camara-municipal\/","name":"Bikepoa: escassez de bicicletas ser\u00e1 tema de reuni\u00e3o na C\u00e2mara Municipal | Arquivo","inLanguage":"pt-BR","isPartOf":{"@id":"https:\/\/www.jornalja.com.br\/arquivo\/#website"},"breadcrumb":{"@id":"https:\/\/www.jornalja.com.br\/arquivo\/bikepoa-escassez-de-bicicletas-sera-tema-de-reuniao-na-camara-municipal\/#breadcrumblist"},"author":{"@id":"https:\/\/www.jornalja.com.br\/arquivo\/author\/daredacao\/#author"},"creator":{"@id":"https:\/\/www.jornalja.com.br\/arquivo\/author\/daredacao\/#author"},"image":{"@type":"ImageObject","url":57252,"@id":"https:\/\/www.jornalja.com.br\/arquivo\/bikepoa-escassez-de-bicicletas-sera-tema-de-reuniao-na-camara-municipal\/#mainImage"},"primaryImageOfPage":{"@id":"https:\/\/www.jornalja.com.br\/arquivo\/bikepoa-escassez-de-bicicletas-sera-tema-de-reuniao-na-camara-municipal\/#mainImage"},"datePublished":"2017-11-13T11:27:28-02:00","dateModified":"2017-11-13T11:27:28-02:00"},{"@type":"WebSite","@id":"https:\/\/www.jornalja.com.br\/arquivo\/#website","url":"https:\/\/www.jornalja.com.br\/arquivo\/","name":"Arquivo","description":"Jornal J\u00c1 | Porto Alegre","inLanguage":"pt-BR","publisher":{"@id":"https:\/\/www.jornalja.com.br\/arquivo\/#organization"}}]},"og:locale":"pt_BR","og:site_name":"Arquivo | Jornal J\u00c1 | Porto Alegre","og:type":"article","og:title":"Bikepoa: escassez de bicicletas ser\u00e1 tema de reuni\u00e3o na C\u00e2mara Municipal | Arquivo","og:url":"https:\/\/www.jornalja.com.br\/arquivo\/bikepoa-escassez-de-bicicletas-sera-tema-de-reuniao-na-camara-municipal\/","og:image":"https:\/\/www.jornalja.com.br\/economics\/wp-content\/uploads\/sites\/11\/2026\/08\/ja-folhaderosto-facebook.jpg","og:image:secure_url":"https:\/\/www.jornalja.com.br\/economics\/wp-content\/uploads\/sites\/11\/2026\/08\/ja-folhaderosto-facebook.jpg","article:published_time":"2017-11-13T14:27:28+00:00","article:modified_time":"2017-11-13T14:27:28+00:00","twitter:card":"summary","twitter:title":"Bikepoa: escassez de bicicletas ser\u00e1 tema de reuni\u00e3o na C\u00e2mara Municipal | Arquivo","twitter:image":"https:\/\/www.jornalja.com.br\/economics\/wp-content\/uploads\/sites\/11\/2026\/08\/ja-folhaderosto-facebook.jpg"},"aioseo_meta_data":{"post_id":"57250","title":null,"description":null,"keywords":null,"keyphrases":null,"primary_term":null,"canonical_url":null,"og_title":null,"og_description":null,"og_object_type":"default","og_image_type":"default","og_image_url":null,"og_image_width":null,"og_image_height":null,"og_image_custom_url":null,"og_image_custom_fields":null,"og_video":null,"og_custom_url":null,"og_article_section":null,"og_article_tags":null,"twitter_use_og":false,"twitter_card":"default","twitter_image_type":"default","twitter_image_url":null,"twitter_image_custom_url":null,"twitter_image_custom_fields":null,"twitter_title":null,"twitter_description":null,"schema":{"blockGraphs":[],"customGraphs":[],"default":{"data":{"Article":[],"Course":[],"Dataset":[],"FAQPage":[],"Movie":[],"Person":[],"Product":[],"ProductReview":[],"Car":[],"Recipe":[],"Service":[],"SoftwareApplication":[],"WebPage":[]},"graphName":"","isEnabled":true},"graphs":[],"defaultGraph":"","defaultPostTypeGraph":""},"schema_type":null,"schema_type_options":null,"pillar_content":false,"robots_default":true,"robots_noindex":false,"robots_noarchive":false,"robots_nosnippet":false,"robots_nofollow":false,"robots_noimageindex":false,"robots_noodp":false,"robots_notranslate":false,"robots_max_snippet":null,"robots_max_videopreview":null,"robots_max_imagepreview":"large","priority":null,"frequency":null,"location":null,"local_seo":null,"breadcrumb_settings":null,"limit_modified_date":false,"ai":null,"created":"2020-12-20 20:21:03","updated":"2025-07-20 02:17:43","seo_analyzer_scan_date":null,"focus_keyword":null,"additional_keywords":null,"truseo_locale":null},"jetpack_sharing_enabled":true,"jetpack-related-posts":[{"id":13109,"url":"https:\/\/www.jornalja.com.br\/arquivo\/judiciario-reconhece-poluicao-eletromagnetica\/","url_meta":{"origin":57250,"position":0},"title":"Judici\u00e1rio reconhece polui\u00e7\u00e3o eletromagn\u00e9tica","author":"Patr\u00edcia Marini","date":"16 de maio de 2014","format":false,"excerpt":"A\u00e7\u00e3o de duas associa\u00e7\u00f5es de moradores foi acolhida pelo Tribunal de Justi\u00e7a de S\u00e3o Paulo que. em decis\u00e3o in\u00e9dita, determinou a redu\u00e7\u00e3o do campo eletromagn\u00e9tico gerado pelas linhas de transmiss\u00e3o de energia que cortam os bairros City Boa\u00e7ava e Alto de Pinheiros. \u00c9 a primeira vez que um tribunal do\u2026","rel":"","context":"Em &quot;X.Categorias velhas&quot;","block_context":{"text":"X.Categorias velhas","link":"https:\/\/www.jornalja.com.br\/arquivo\/category\/x-categorias-velhas\/"},"img":{"alt_text":"","src":"","width":0,"height":0},"classes":[]},{"id":13240,"url":"https:\/\/www.jornalja.com.br\/arquivo\/plano-diretor-estamos-construindo-o-caos\/","url_meta":{"origin":57250,"position":1},"title":"Plano diretor: &quot;Estamos construindo o caos&quot;","author":"Patr\u00edcia Marini","date":"26 de maio de 2014","format":false,"excerpt":"Desabafo que arquiteta Eliana Castilhos, delegada da Regi\u00e3o de Planejamento 1, postou nas redes sociais \u00e9 um testemunho do ambiente que se criou no Conselho do Plano Diretor de Porto Alegre, onde a aprova\u00e7\u00e3o de grandes empreendimentos \u00e9 empurrada guela abaixo dos conselheiros. Ao CMDUA Como delegada da Regi\u00e3o de\u2026","rel":"","context":"Em &quot;Geral&quot;","block_context":{"text":"Geral","link":"https:\/\/www.jornalja.com.br\/arquivo\/category\/geral\/"},"img":{"alt_text":"","src":"","width":0,"height":0},"classes":[]},{"id":14241,"url":"https:\/\/www.jornalja.com.br\/arquivo\/o-guaiba-nas-imagens-poeticas-de-achutti\/","url_meta":{"origin":57250,"position":2},"title":"O Gua\u00edba nas imagens po\u00e9ticas de Achutti","author":"da Reda\u00e7\u00e3o","date":"18 de junho de 2014","format":false,"excerpt":"Em \u201cO Gua\u00edba por Achutti\u201d \u2013 obra financiada via Minist\u00e9rio da Cultura, produ\u00e7\u00e3o executiva de Pedro Longhi, e Fl\u00e1vio Wild como designer \u2013, o fot\u00f3grafo revela a beleza e as mazelas de um espa\u00e7o aqu\u00e1tico de \u00e1guas sempre renovadas, cheio de hist\u00f3rias e lendas como as das cidades que foram\u2026","rel":"","context":"Em &quot;Cultura-Geral&quot;","block_context":{"text":"Cultura-Geral","link":"https:\/\/www.jornalja.com.br\/arquivo\/category\/materiasecundaria\/"},"img":{"alt_text":"","src":"","width":0,"height":0},"classes":[]},{"id":13239,"url":"https:\/\/www.jornalja.com.br\/arquivo\/conselho-desdenha-do-plano-diretor\/","url_meta":{"origin":57250,"position":3},"title":"Porto Alegre: Conselho detona Plano Diretor","author":"Patr\u00edcia Marini","date":"25 de maio de 2014","format":false,"excerpt":"Den\u00fancia do arquiteto e \u00a0urbanista Ibir\u00e1 Santos Lucas. Ele diz que os conselheiros est\u00e3o votando com \"enorme irresponsabilidade\". \"Mudam regime com a maior naturalidade,,,regularizam absurdos de constru\u00e7\u00f5es irregulares... \"O CMDUA est\u00e1 flexibilizando a lei do plano diretor, de uma forma impactante na vida da cidade. Mudam regime com a maior\u2026","rel":"","context":"Em &quot;Geral&quot;","block_context":{"text":"Geral","link":"https:\/\/www.jornalja.com.br\/arquivo\/category\/geral\/"},"img":{"alt_text":"","src":"","width":0,"height":0},"classes":[]},{"id":13124,"url":"https:\/\/www.jornalja.com.br\/arquivo\/sangue-latino-no-iecine\/","url_meta":{"origin":57250,"position":4},"title":"Sangue latino no IECINE","author":"da Reda\u00e7\u00e3o","date":"18 de maio de 2014","format":false,"excerpt":"Francisco Ribeiro O Instituto Estadual de Cinema (IECINE) tem a frente, desde abril \u00faltimo, um novo diretor, o cineasta colombiano Juan Zapata, 36, que substitui Luiz Alberto Cassol. Radicado h\u00e1 dez anos em Porto Alegre, Zapata tem diante de si o desafio de conduzir at\u00e9 o final do ano um\u2026","rel":"","context":"Em &quot;Cultura-Geral&quot;","block_context":{"text":"Cultura-Geral","link":"https:\/\/www.jornalja.com.br\/arquivo\/category\/materiasecundaria\/"},"img":{"alt_text":"","src":"","width":0,"height":0},"classes":[]},{"id":12960,"url":"https:\/\/www.jornalja.com.br\/arquivo\/populacao-culpa-empresas-pela-greve-dos-rodoviarios\/","url_meta":{"origin":57250,"position":5},"title":"Popula\u00e7\u00e3o culpa empresas pela greve","author":"Patr\u00edcia Marini","date":"14 de fevereiro de 2014","format":false,"excerpt":"Pesquisa divulgada na edi\u00e7\u00e3o do jornal Metro desta sexta-feira,14, comprova o velho ditado: \u00e9 poss\u00edvel enganar muitos por algum tempo, mas n\u00e3o \u00e9 poss\u00edvel enganar a todos o tempo inteiro. A principal revela\u00e7\u00e3o foi que 59,8% dos entrevistados apontaram as empresas como as principais respons\u00e1veis pela grave e 46% culparam\u2026","rel":"","context":"Em &quot;X.Categorias velhas&quot;","block_context":{"text":"X.Categorias velhas","link":"https:\/\/www.jornalja.com.br\/arquivo\/category\/x-categorias-velhas\/"},"img":{"alt_text":"","src":"","width":0,"height":0},"classes":[]}],"jetpack_shortlink":"https:\/\/wp.me\/pbQjBd-eTo","jetpack_featured_media_url":"","_links":{"self":[{"href":"https:\/\/www.jornalja.com.br\/arquivo\/wp-json\/wp\/v2\/posts\/57250","targetHints":{"allow":["GET"]}}],"collection":[{"href":"https:\/\/www.jornalja.com.br\/arquivo\/wp-json\/wp\/v2\/posts"}],"about":[{"href":"https:\/\/www.jornalja.com.br\/arquivo\/wp-json\/wp\/v2\/types\/post"}],"author":[{"embeddable":true,"href":"https:\/\/www.jornalja.com.br\/arquivo\/wp-json\/wp\/v2\/users\/4"}],"replies":[{"embeddable":true,"href":"https:\/\/www.jornalja.com.br\/arquivo\/wp-json\/wp\/v2\/comments?post=57250"}],"version-history":[{"count":0,"href":"https:\/\/www.jornalja.com.br\/arquivo\/wp-json\/wp\/v2\/posts\/57250\/revisions"}],"wp:attachment":[{"href":"https:\/\/www.jornalja.com.br\/arquivo\/wp-json\/wp\/v2\/media?parent=57250"}],"wp:term":[{"taxonomy":"category","embeddable":true,"href":"https:\/\/www.jornalja.com.br\/arquivo\/wp-json\/wp\/v2\/categories?post=57250"},{"taxonomy":"post_tag","embeddable":true,"href":"https:\/\/www.jornalja.com.br\/arquivo\/wp-json\/wp\/v2\/tags?post=57250"}],"curies":[{"name":"wp","href":"https:\/\/api.w.org\/{rel}","templated":true}]}}