{"id":57281,"date":"2017-11-14T01:25:46","date_gmt":"2017-11-14T04:25:46","guid":{"rendered":"https:\/\/www.jornalja.com.br\/?p=57281"},"modified":"2017-11-14T01:25:46","modified_gmt":"2017-11-14T04:25:46","slug":"mulheres-vao-as-ruas-contra-a-pec-que-proibe-todas-as-formas-de-aborto","status":"publish","type":"post","link":"https:\/\/www.jornalja.com.br\/arquivo\/mulheres-vao-as-ruas-contra-a-pec-que-proibe-todas-as-formas-de-aborto\/","title":{"rendered":"Mulheres v\u00e3o \u00e0s ruas contra a PEC que pro\u00edbe todas as formas de aborto"},"content":{"rendered":"<p>Mais de 500 pessoas, a maioria mulheres \u2013 de todas as idades, jovens, m\u00e3es com seus filhos e av\u00f3s, se encontraram no final da tarde desta segunda-feira, 14\/\/11, na esquina democr\u00e1tica, no Centro de Porto Alegre, para protestarem contra a PEC 181, votada na \u00faltima quarta-feira em comiss\u00e3o especial na C\u00e2mara dos Deputados, e que criminaliza o aborto em casos de estupro, risco de vida para a mulher e feto anenc\u00e9falo.<br \/>\n<figure id=\"attachment_57285\" aria-describedby=\"caption-attachment-57285\" style=\"width: 300px\" class=\"wp-caption alignleft\"><img loading=\"lazy\" decoding=\"async\" class=\"wp-image-57285\" src=\"https:\/\/www.jornalja.com.br\/wp-content\/uploads\/2017\/11\/23600858_1592901410793642_1618305029_o-200x133.jpg\" alt=\"\" width=\"300\" height=\"199\" \/><figcaption id=\"caption-attachment-57285\" class=\"wp-caption-text\">M\u00e3es com crian\u00e7as tamb\u00e9m participaram do ato \/ Ricardo Stricher \/ J\u00c1<\/figcaption><\/figure><br \/>\nO grupo feminista se reuniu na esquina democr\u00e1tica e de l\u00e1 percorreu, por cerca de uma hora e meia, ruas do Centro at\u00e9 a Cidade Baixa. \u201cS\u00f3 posso dizer que ser m\u00e3e \u00e9 simplesmente uma escolha da mulher. E n\u00e3o \u00e9 humano querer que algu\u00e9m carregue um feto fruto de uma viol\u00eancia t\u00e3o grande como um estupro. A maternidade n\u00e3o \u00e9 compuls\u00f3ria\u201d, disse Marina costa, estudante de direito.<br \/>\nEntoando cantos como \u201cLegaliza! O corpo \u00e9 nosso! \u00c9 nossa escolha! \u00c9 pela vida das mulheres!\u201d, as ativistas carregavam cartazes e faixas contra a PEC e a favor do direito de escolha da mulher. \u201c\u00c9 importante que ocupemos as ruas, tenho 55 anos, e fico feliz vendo tantas jovens lutando por isso. Mas tamb\u00e9m \u00e9 uma pena que tenhamos que revindicar algo que j\u00e1 est\u00e1 garantido desde o tempo da minha v\u00f3\u201d, falou a professora Janice Quadros, que participou do ato. &#8220;O feminismo pode esclarecer as futuras gera\u00e7\u00f5es. Eu n\u00e3o tenho mais idade para gerar um filho, mas h\u00e1 as meninas e mulheres que sofrem viol\u00eancia, dentro de uma sociedade que parece regredir, temos que proteg\u00ea-las. Poderia ser minha filha, poderia ser minha neta&#8221;, afirmou.<br \/>\n<span class=\"intertit\">&#8220;\u00c9 pelo direito de escolha e pela vida das mulheres&#8221;<\/span><br \/>\n<figure id=\"attachment_57286\" aria-describedby=\"caption-attachment-57286\" style=\"width: 1150px\" class=\"wp-caption alignnone\"><img loading=\"lazy\" decoding=\"async\" class=\"wp-image-57286 size-full\" src=\"https:\/\/www.jornalja.com.br\/wp-content\/uploads\/2017\/11\/23600833_1592901650793618_1585901731_o.jpg\" alt=\"\" width=\"1150\" height=\"764\" \/><figcaption id=\"caption-attachment-57286\" class=\"wp-caption-text\">Marcha percorreu\u00a0 o Centro de Porto Alegre por cerca de uma hora e meia \/ Ricardo Stricher \/ J\u00c1<\/figcaption><\/figure><br \/>\n\u201c\u00c9 pelo direito de escolha e pela vida das mulheres. As pessoas ignoram os n\u00fameros de abortos clandestinos \u2013 para mulheres pobres, ent\u00e3o, s\u00e3o feitos nas piores condi\u00e7\u00f5es, e em vez de avan\u00e7ar pra discutirmos esses problemas, querem retroceder, temos que lutar\u201d, completou a jovem Fernanda Souza, que \u00e9 m\u00e3e de uma menina de sete meses &#8211; \u201cEu quis ser m\u00e3e, foi uma escolha, n\u00e3o algo imposto ou fruto de uma viol\u00eancia\u201d.<br \/>\nEm pelo menos outras 30 cidades do pa\u00eds houve manifesta\u00e7\u00f5es semelhantes, as maiores reuniram milhares de ativistas em S\u00e3o Paulo e no Rio de Janeiro.<br \/>\nA PEC 181, originalmente, previa a amplia\u00e7\u00e3o de direitos trabalhistas \u00e0s m\u00e3es de beb\u00eas prematuros, concedendo maior tempo de licen\u00e7a maternidade nesses casos. No entanto, a novidade aprovada em comiss\u00e3o especial formada para analisar o texto incluiu a proibi\u00e7\u00e3o do aborto em casos de estupro e risco de vida para a mulher. O direito ao aborto legal nessas circunst\u00e2ncias \u00e9 assegurado desde 1940 pelo C\u00f3digo Penal Brasileiro. Na comiss\u00e3o, houve apenas um voto contra, da deputada \u00c9rica Kokay (PT-DF), \u00fanica mulher presente na vota\u00e7\u00e3o. A proposta ir\u00e1 agora para an\u00e1lise no plen\u00e1rio da C\u00e2mara dos Deputados.<br \/>\n<span class=\"intertit\">Dados<\/span><br \/>\nA <a href=\"http:\/\/www.scielo.br\/pdf\/csc\/v22n2\/1413-8123-csc-22-02-0653.pdf\" target=\"_blank\" rel=\"noopener noreferrer\">Pesquisa Nacional de Aborto 2016<\/a>, realizada pela Universidade de Bras\u00edlia (UnB), aponta que uma em cada cinco mulheres aos 40 anos ter\u00e1 abortado ao menos uma vez. A maior incid\u00eancia foi observada entre aquelas com menor escolaridade, pretas, pardas e ind\u00edgenas, moradoras das regi\u00f5es Norte, Nordeste e Centro-Oeste.<br \/>\nDe acordo com dados da Organiza\u00e7\u00e3o Mundial de Sa\u00fade (OMS), divulgados no final de setembro, em todo o mundo foram registrados 55,7 milh\u00f5es de abortos de 2010 a 2014. Os pa\u00edses em desenvolvimento, conforme o levantamento, concentraram 97% (24,3 milh\u00f5es) dos 25,1 milh\u00f5es de abortos inseguros.<br \/>\nNa Am\u00e9rica Latina, somente quatro dos 21 pa\u00edses permitem o aborto na rede p\u00fablica de sa\u00fade: Chile, Uruguai, Guiana e M\u00e9xico.<br \/>\n<figure id=\"attachment_57283\" aria-describedby=\"caption-attachment-57283\" style=\"width: 317px\" class=\"wp-caption alignright\"><img loading=\"lazy\" decoding=\"async\" class=\"wp-image-57283\" src=\"https:\/\/www.jornalja.com.br\/wp-content\/uploads\/2017\/11\/23585189_1592900974127019_1702549362_o-200x133.jpg\" alt=\"\" width=\"317\" height=\"211\" \/><figcaption id=\"caption-attachment-57283\" class=\"wp-caption-text\">Jovem representou um &#8216;aborto clandestino&#8217;. para denunciar as agress\u00f5es que sofrem quem se submete ao ato de forma inadequada \/ Ricardo Stricher \/ J\u00c1<\/figcaption><\/figure><br \/>\n<img loading=\"lazy\" decoding=\"async\" class=\"alignleft wp-image-57284\" src=\"https:\/\/www.jornalja.com.br\/wp-content\/uploads\/2017\/11\/23585175_1592900244127092_170244153_o-166x250.jpg\" alt=\"\" width=\"245\" height=\"369\" \/><br \/>\n&nbsp;<br \/>\n&nbsp;<br \/>\n&nbsp;<br \/>\n&nbsp;<br \/>\n&nbsp;<br \/>\n&nbsp;<br \/>\n&nbsp;<br \/>\n&nbsp;<br \/>\n&nbsp;<\/p>\n","protected":false},"excerpt":{"rendered":"<p>Mais de 500 pessoas, a maioria mulheres \u2013 de todas as idades, jovens, m\u00e3es com seus filhos e av\u00f3s, se encontraram no final da tarde desta segunda-feira, 14\/\/11, na esquina democr\u00e1tica, no Centro de Porto Alegre, para protestarem contra a PEC 181, votada na \u00faltima quarta-feira em comiss\u00e3o especial na C\u00e2mara dos Deputados, e que [&hellip;]<\/p>\n","protected":false},"author":4,"featured_media":57282,"comment_status":"open","ping_status":"closed","sticky":false,"template":"","format":"standard","meta":{"_jetpack_newsletter_access":"","_jetpack_dont_email_post_to_subs":false,"_jetpack_newsletter_tier_id":0,"_jetpack_memberships_contains_paywalled_content":false,"_jetpack_feature_clip_id":0,"_jetpack_memberships_contains_paid_content":false,"footnotes":"","jetpack_post_was_ever_published":false},"categories":[26],"tags":[],"class_list":["post-57281","post","type-post","status-publish","format-standard","has-post-thumbnail","hentry","category-geral"],"aioseo_notices":[],"aioseo_head":"\n\t\t<!-- All in One SEO 5.0.1.1 - aioseo.com -->\n\t<meta name=\"robots\" content=\"max-image-preview:large\" \/>\n\t<meta name=\"author\" content=\"da Reda\u00e7\u00e3o\"\/>\n\t<link rel=\"canonical\" href=\"https:\/\/www.jornalja.com.br\/arquivo\/mulheres-vao-as-ruas-contra-a-pec-que-proibe-todas-as-formas-de-aborto\/\" \/>\n\t<meta name=\"generator\" content=\"All in One SEO (AIOSEO) 5.0.1.1\" \/>\n\t\t<meta property=\"og:locale\" content=\"pt_BR\" \/>\n\t\t<meta property=\"og:site_name\" content=\"Arquivo | Jornal J\u00c1 | Porto Alegre\" \/>\n\t\t<meta property=\"og:type\" content=\"article\" \/>\n\t\t<meta property=\"og:title\" content=\"Mulheres v\u00e3o \u00e0s ruas contra a PEC que pro\u00edbe todas as formas de aborto | Arquivo\" \/>\n\t\t<meta property=\"og:url\" content=\"https:\/\/www.jornalja.com.br\/arquivo\/mulheres-vao-as-ruas-contra-a-pec-que-proibe-todas-as-formas-de-aborto\/\" \/>\n\t\t<meta property=\"og:image\" content=\"https:\/\/www.jornalja.com.br\/wp-content\/uploads\/2017\/11\/23600858_1592901410793642_1618305029_o-200x133.jpg\" \/>\n\t\t<meta property=\"og:image:secure_url\" content=\"https:\/\/www.jornalja.com.br\/wp-content\/uploads\/2017\/11\/23600858_1592901410793642_1618305029_o-200x133.jpg\" \/>\n\t\t<meta property=\"article:published_time\" content=\"2017-11-14T04:25:46+00:00\" \/>\n\t\t<meta property=\"article:modified_time\" content=\"2017-11-14T04:25:46+00:00\" \/>\n\t\t<meta name=\"twitter:card\" content=\"summary\" \/>\n\t\t<meta name=\"twitter:title\" content=\"Mulheres v\u00e3o \u00e0s ruas contra a PEC que pro\u00edbe todas as formas de aborto | Arquivo\" \/>\n\t\t<meta name=\"twitter:image\" content=\"https:\/\/www.jornalja.com.br\/economics\/wp-content\/uploads\/sites\/11\/2026\/08\/ja-folhaderosto-facebook.jpg\" \/>\n\t\t<script type=\"application\/ld+json\" class=\"aioseo-schema\">\n\t\t\t{\"@context\":\"https:\\\/\\\/schema.org\",\"@graph\":[{\"@type\":\"BlogPosting\",\"@id\":\"https:\\\/\\\/www.jornalja.com.br\\\/arquivo\\\/mulheres-vao-as-ruas-contra-a-pec-que-proibe-todas-as-formas-de-aborto\\\/#blogposting\",\"name\":\"Mulheres v\\u00e3o \\u00e0s ruas contra a PEC que pro\\u00edbe todas as formas de aborto | Arquivo\",\"headline\":\"Mulheres v\\u00e3o \\u00e0s ruas contra a PEC que pro\\u00edbe todas as formas de aborto\",\"author\":{\"@id\":\"https:\\\/\\\/www.jornalja.com.br\\\/arquivo\\\/author\\\/daredacao\\\/#author\"},\"publisher\":{\"@id\":\"https:\\\/\\\/www.jornalja.com.br\\\/arquivo\\\/#organization\"},\"image\":{\"@type\":\"ImageObject\",\"url\":57282},\"datePublished\":\"2017-11-14T01:25:46-02:00\",\"dateModified\":\"2017-11-14T01:25:46-02:00\",\"inLanguage\":\"pt-BR\",\"mainEntityOfPage\":{\"@id\":\"https:\\\/\\\/www.jornalja.com.br\\\/arquivo\\\/mulheres-vao-as-ruas-contra-a-pec-que-proibe-todas-as-formas-de-aborto\\\/#webpage\"},\"isPartOf\":{\"@id\":\"https:\\\/\\\/www.jornalja.com.br\\\/arquivo\\\/mulheres-vao-as-ruas-contra-a-pec-que-proibe-todas-as-formas-de-aborto\\\/#webpage\"},\"articleSection\":\"Geral\"},{\"@type\":\"BreadcrumbList\",\"@id\":\"https:\\\/\\\/www.jornalja.com.br\\\/arquivo\\\/mulheres-vao-as-ruas-contra-a-pec-que-proibe-todas-as-formas-de-aborto\\\/#breadcrumblist\",\"itemListElement\":[{\"@type\":\"ListItem\",\"@id\":\"https:\\\/\\\/www.jornalja.com.br\\\/arquivo#listItem\",\"position\":1,\"name\":\"Home\",\"item\":\"https:\\\/\\\/www.jornalja.com.br\\\/arquivo\",\"nextItem\":{\"@type\":\"ListItem\",\"@id\":\"https:\\\/\\\/www.jornalja.com.br\\\/arquivo\\\/category\\\/geral\\\/#listItem\",\"name\":\"Geral\"}},{\"@type\":\"ListItem\",\"@id\":\"https:\\\/\\\/www.jornalja.com.br\\\/arquivo\\\/category\\\/geral\\\/#listItem\",\"position\":2,\"name\":\"Geral\",\"item\":\"https:\\\/\\\/www.jornalja.com.br\\\/arquivo\\\/category\\\/geral\\\/\",\"nextItem\":{\"@type\":\"ListItem\",\"@id\":\"https:\\\/\\\/www.jornalja.com.br\\\/arquivo\\\/mulheres-vao-as-ruas-contra-a-pec-que-proibe-todas-as-formas-de-aborto\\\/#listItem\",\"name\":\"Mulheres v\\u00e3o \\u00e0s ruas contra a PEC que pro\\u00edbe todas as formas de aborto\"},\"previousItem\":{\"@type\":\"ListItem\",\"@id\":\"https:\\\/\\\/www.jornalja.com.br\\\/arquivo#listItem\",\"name\":\"Home\"}},{\"@type\":\"ListItem\",\"@id\":\"https:\\\/\\\/www.jornalja.com.br\\\/arquivo\\\/mulheres-vao-as-ruas-contra-a-pec-que-proibe-todas-as-formas-de-aborto\\\/#listItem\",\"position\":3,\"name\":\"Mulheres v\\u00e3o \\u00e0s ruas contra a PEC que pro\\u00edbe todas as formas de aborto\",\"previousItem\":{\"@type\":\"ListItem\",\"@id\":\"https:\\\/\\\/www.jornalja.com.br\\\/arquivo\\\/category\\\/geral\\\/#listItem\",\"name\":\"Geral\"}}]},{\"@type\":\"Organization\",\"@id\":\"https:\\\/\\\/www.jornalja.com.br\\\/arquivo\\\/#organization\",\"name\":\"Jornal J\\u00c1\",\"description\":\"Jornal J\\u00c1 | Porto Alegre\",\"url\":\"https:\\\/\\\/www.jornalja.com.br\\\/arquivo\\\/\",\"telephone\":\"+555133307272\",\"logo\":{\"@type\":\"ImageObject\",\"url\":\"https:\\\/\\\/www.jornalja.com.br\\\/wp-content\\\/uploads\\\/cards\\\/JAslogan.png\",\"@id\":\"https:\\\/\\\/www.jornalja.com.br\\\/arquivo\\\/mulheres-vao-as-ruas-contra-a-pec-que-proibe-todas-as-formas-de-aborto\\\/#organizationLogo\"},\"image\":{\"@id\":\"https:\\\/\\\/www.jornalja.com.br\\\/arquivo\\\/mulheres-vao-as-ruas-contra-a-pec-que-proibe-todas-as-formas-de-aborto\\\/#organizationLogo\"}},{\"@type\":\"Person\",\"@id\":\"https:\\\/\\\/www.jornalja.com.br\\\/arquivo\\\/author\\\/daredacao\\\/#author\",\"url\":\"https:\\\/\\\/www.jornalja.com.br\\\/arquivo\\\/author\\\/daredacao\\\/\",\"name\":\"da Reda\\u00e7\\u00e3o\",\"image\":{\"@type\":\"ImageObject\",\"@id\":\"https:\\\/\\\/www.jornalja.com.br\\\/arquivo\\\/mulheres-vao-as-ruas-contra-a-pec-que-proibe-todas-as-formas-de-aborto\\\/#authorImage\",\"url\":\"https:\\\/\\\/secure.gravatar.com\\\/avatar\\\/469fd857d6605ad19919d27ed29d35a968a25f6e8fd9318356bbb7f57aae9c65?s=96&d=mm&r=g\",\"width\":96,\"height\":96,\"caption\":\"da Reda\\u00e7\\u00e3o\"}},{\"@type\":\"WebPage\",\"@id\":\"https:\\\/\\\/www.jornalja.com.br\\\/arquivo\\\/mulheres-vao-as-ruas-contra-a-pec-que-proibe-todas-as-formas-de-aborto\\\/#webpage\",\"url\":\"https:\\\/\\\/www.jornalja.com.br\\\/arquivo\\\/mulheres-vao-as-ruas-contra-a-pec-que-proibe-todas-as-formas-de-aborto\\\/\",\"name\":\"Mulheres v\\u00e3o \\u00e0s ruas contra a PEC que pro\\u00edbe todas as formas de aborto | Arquivo\",\"inLanguage\":\"pt-BR\",\"isPartOf\":{\"@id\":\"https:\\\/\\\/www.jornalja.com.br\\\/arquivo\\\/#website\"},\"breadcrumb\":{\"@id\":\"https:\\\/\\\/www.jornalja.com.br\\\/arquivo\\\/mulheres-vao-as-ruas-contra-a-pec-que-proibe-todas-as-formas-de-aborto\\\/#breadcrumblist\"},\"author\":{\"@id\":\"https:\\\/\\\/www.jornalja.com.br\\\/arquivo\\\/author\\\/daredacao\\\/#author\"},\"creator\":{\"@id\":\"https:\\\/\\\/www.jornalja.com.br\\\/arquivo\\\/author\\\/daredacao\\\/#author\"},\"image\":{\"@type\":\"ImageObject\",\"url\":57282,\"@id\":\"https:\\\/\\\/www.jornalja.com.br\\\/arquivo\\\/mulheres-vao-as-ruas-contra-a-pec-que-proibe-todas-as-formas-de-aborto\\\/#mainImage\"},\"primaryImageOfPage\":{\"@id\":\"https:\\\/\\\/www.jornalja.com.br\\\/arquivo\\\/mulheres-vao-as-ruas-contra-a-pec-que-proibe-todas-as-formas-de-aborto\\\/#mainImage\"},\"datePublished\":\"2017-11-14T01:25:46-02:00\",\"dateModified\":\"2017-11-14T01:25:46-02:00\"},{\"@type\":\"WebSite\",\"@id\":\"https:\\\/\\\/www.jornalja.com.br\\\/arquivo\\\/#website\",\"url\":\"https:\\\/\\\/www.jornalja.com.br\\\/arquivo\\\/\",\"name\":\"Arquivo\",\"description\":\"Jornal J\\u00c1 | Porto Alegre\",\"inLanguage\":\"pt-BR\",\"publisher\":{\"@id\":\"https:\\\/\\\/www.jornalja.com.br\\\/arquivo\\\/#organization\"}}]}\n\t\t<\/script>\n\t\t<!-- All in One SEO -->\n\n","aioseo_head_json":{"title":"Mulheres v\u00e3o \u00e0s ruas contra a PEC que pro\u00edbe todas as formas de aborto | Arquivo","description":"","canonical_url":"https:\/\/www.jornalja.com.br\/arquivo\/mulheres-vao-as-ruas-contra-a-pec-que-proibe-todas-as-formas-de-aborto\/","robots":"max-image-preview:large","keywords":"","webmasterTools":{"miscellaneous":""},"schema":{"@context":"https:\/\/schema.org","@graph":[{"@type":"BlogPosting","@id":"https:\/\/www.jornalja.com.br\/arquivo\/mulheres-vao-as-ruas-contra-a-pec-que-proibe-todas-as-formas-de-aborto\/#blogposting","name":"Mulheres v\u00e3o \u00e0s ruas contra a PEC que pro\u00edbe todas as formas de aborto | Arquivo","headline":"Mulheres v\u00e3o \u00e0s ruas contra a PEC que pro\u00edbe todas as formas de aborto","author":{"@id":"https:\/\/www.jornalja.com.br\/arquivo\/author\/daredacao\/#author"},"publisher":{"@id":"https:\/\/www.jornalja.com.br\/arquivo\/#organization"},"image":{"@type":"ImageObject","url":57282},"datePublished":"2017-11-14T01:25:46-02:00","dateModified":"2017-11-14T01:25:46-02:00","inLanguage":"pt-BR","mainEntityOfPage":{"@id":"https:\/\/www.jornalja.com.br\/arquivo\/mulheres-vao-as-ruas-contra-a-pec-que-proibe-todas-as-formas-de-aborto\/#webpage"},"isPartOf":{"@id":"https:\/\/www.jornalja.com.br\/arquivo\/mulheres-vao-as-ruas-contra-a-pec-que-proibe-todas-as-formas-de-aborto\/#webpage"},"articleSection":"Geral"},{"@type":"BreadcrumbList","@id":"https:\/\/www.jornalja.com.br\/arquivo\/mulheres-vao-as-ruas-contra-a-pec-que-proibe-todas-as-formas-de-aborto\/#breadcrumblist","itemListElement":[{"@type":"ListItem","@id":"https:\/\/www.jornalja.com.br\/arquivo#listItem","position":1,"name":"Home","item":"https:\/\/www.jornalja.com.br\/arquivo","nextItem":{"@type":"ListItem","@id":"https:\/\/www.jornalja.com.br\/arquivo\/category\/geral\/#listItem","name":"Geral"}},{"@type":"ListItem","@id":"https:\/\/www.jornalja.com.br\/arquivo\/category\/geral\/#listItem","position":2,"name":"Geral","item":"https:\/\/www.jornalja.com.br\/arquivo\/category\/geral\/","nextItem":{"@type":"ListItem","@id":"https:\/\/www.jornalja.com.br\/arquivo\/mulheres-vao-as-ruas-contra-a-pec-que-proibe-todas-as-formas-de-aborto\/#listItem","name":"Mulheres v\u00e3o \u00e0s ruas contra a PEC que pro\u00edbe todas as formas de aborto"},"previousItem":{"@type":"ListItem","@id":"https:\/\/www.jornalja.com.br\/arquivo#listItem","name":"Home"}},{"@type":"ListItem","@id":"https:\/\/www.jornalja.com.br\/arquivo\/mulheres-vao-as-ruas-contra-a-pec-que-proibe-todas-as-formas-de-aborto\/#listItem","position":3,"name":"Mulheres v\u00e3o \u00e0s ruas contra a PEC que pro\u00edbe todas as formas de aborto","previousItem":{"@type":"ListItem","@id":"https:\/\/www.jornalja.com.br\/arquivo\/category\/geral\/#listItem","name":"Geral"}}]},{"@type":"Organization","@id":"https:\/\/www.jornalja.com.br\/arquivo\/#organization","name":"Jornal J\u00c1","description":"Jornal J\u00c1 | Porto Alegre","url":"https:\/\/www.jornalja.com.br\/arquivo\/","telephone":"+555133307272","logo":{"@type":"ImageObject","url":"https:\/\/www.jornalja.com.br\/wp-content\/uploads\/cards\/JAslogan.png","@id":"https:\/\/www.jornalja.com.br\/arquivo\/mulheres-vao-as-ruas-contra-a-pec-que-proibe-todas-as-formas-de-aborto\/#organizationLogo"},"image":{"@id":"https:\/\/www.jornalja.com.br\/arquivo\/mulheres-vao-as-ruas-contra-a-pec-que-proibe-todas-as-formas-de-aborto\/#organizationLogo"}},{"@type":"Person","@id":"https:\/\/www.jornalja.com.br\/arquivo\/author\/daredacao\/#author","url":"https:\/\/www.jornalja.com.br\/arquivo\/author\/daredacao\/","name":"da Reda\u00e7\u00e3o","image":{"@type":"ImageObject","@id":"https:\/\/www.jornalja.com.br\/arquivo\/mulheres-vao-as-ruas-contra-a-pec-que-proibe-todas-as-formas-de-aborto\/#authorImage","url":"https:\/\/secure.gravatar.com\/avatar\/469fd857d6605ad19919d27ed29d35a968a25f6e8fd9318356bbb7f57aae9c65?s=96&d=mm&r=g","width":96,"height":96,"caption":"da Reda\u00e7\u00e3o"}},{"@type":"WebPage","@id":"https:\/\/www.jornalja.com.br\/arquivo\/mulheres-vao-as-ruas-contra-a-pec-que-proibe-todas-as-formas-de-aborto\/#webpage","url":"https:\/\/www.jornalja.com.br\/arquivo\/mulheres-vao-as-ruas-contra-a-pec-que-proibe-todas-as-formas-de-aborto\/","name":"Mulheres v\u00e3o \u00e0s ruas contra a PEC que pro\u00edbe todas as formas de aborto | Arquivo","inLanguage":"pt-BR","isPartOf":{"@id":"https:\/\/www.jornalja.com.br\/arquivo\/#website"},"breadcrumb":{"@id":"https:\/\/www.jornalja.com.br\/arquivo\/mulheres-vao-as-ruas-contra-a-pec-que-proibe-todas-as-formas-de-aborto\/#breadcrumblist"},"author":{"@id":"https:\/\/www.jornalja.com.br\/arquivo\/author\/daredacao\/#author"},"creator":{"@id":"https:\/\/www.jornalja.com.br\/arquivo\/author\/daredacao\/#author"},"image":{"@type":"ImageObject","url":57282,"@id":"https:\/\/www.jornalja.com.br\/arquivo\/mulheres-vao-as-ruas-contra-a-pec-que-proibe-todas-as-formas-de-aborto\/#mainImage"},"primaryImageOfPage":{"@id":"https:\/\/www.jornalja.com.br\/arquivo\/mulheres-vao-as-ruas-contra-a-pec-que-proibe-todas-as-formas-de-aborto\/#mainImage"},"datePublished":"2017-11-14T01:25:46-02:00","dateModified":"2017-11-14T01:25:46-02:00"},{"@type":"WebSite","@id":"https:\/\/www.jornalja.com.br\/arquivo\/#website","url":"https:\/\/www.jornalja.com.br\/arquivo\/","name":"Arquivo","description":"Jornal J\u00c1 | Porto Alegre","inLanguage":"pt-BR","publisher":{"@id":"https:\/\/www.jornalja.com.br\/arquivo\/#organization"}}]},"og:locale":"pt_BR","og:site_name":"Arquivo | Jornal J\u00c1 | Porto Alegre","og:type":"article","og:title":"Mulheres v\u00e3o \u00e0s ruas contra a PEC que pro\u00edbe todas as formas de aborto | Arquivo","og:url":"https:\/\/www.jornalja.com.br\/arquivo\/mulheres-vao-as-ruas-contra-a-pec-que-proibe-todas-as-formas-de-aborto\/","og:image":"https:\/\/www.jornalja.com.br\/wp-content\/uploads\/2017\/11\/23600858_1592901410793642_1618305029_o-200x133.jpg","og:image:secure_url":"https:\/\/www.jornalja.com.br\/wp-content\/uploads\/2017\/11\/23600858_1592901410793642_1618305029_o-200x133.jpg","article:published_time":"2017-11-14T04:25:46+00:00","article:modified_time":"2017-11-14T04:25:46+00:00","twitter:card":"summary","twitter:title":"Mulheres v\u00e3o \u00e0s ruas contra a PEC que pro\u00edbe todas as formas de aborto | Arquivo","twitter:image":"https:\/\/www.jornalja.com.br\/economics\/wp-content\/uploads\/sites\/11\/2026\/08\/ja-folhaderosto-facebook.jpg"},"aioseo_meta_data":{"post_id":"57281","title":null,"description":null,"keywords":null,"keyphrases":null,"primary_term":null,"canonical_url":null,"og_title":null,"og_description":null,"og_object_type":"default","og_image_type":"default","og_image_url":null,"og_image_width":null,"og_image_height":null,"og_image_custom_url":null,"og_image_custom_fields":null,"og_video":null,"og_custom_url":null,"og_article_section":null,"og_article_tags":null,"twitter_use_og":false,"twitter_card":"default","twitter_image_type":"default","twitter_image_url":null,"twitter_image_custom_url":null,"twitter_image_custom_fields":null,"twitter_title":null,"twitter_description":null,"schema":{"blockGraphs":[],"customGraphs":[],"default":{"data":{"Article":[],"Course":[],"Dataset":[],"FAQPage":[],"Movie":[],"Person":[],"Product":[],"ProductReview":[],"Car":[],"Recipe":[],"Service":[],"SoftwareApplication":[],"WebPage":[]},"graphName":"","isEnabled":true},"graphs":[]},"schema_type":null,"schema_type_options":null,"pillar_content":false,"robots_default":true,"robots_noindex":false,"robots_noarchive":false,"robots_nosnippet":false,"robots_nofollow":false,"robots_noimageindex":false,"robots_noodp":false,"robots_notranslate":false,"robots_max_snippet":null,"robots_max_videopreview":null,"robots_max_imagepreview":"large","priority":null,"frequency":null,"location":null,"local_seo":null,"breadcrumb_settings":null,"limit_modified_date":false,"ai":null,"created":"2020-12-20 20:21:03","updated":"2025-07-20 02:17:43","seo_analyzer_scan_date":null,"focus_keyword":null,"additional_keywords":null,"truseo_locale":null},"jetpack_sharing_enabled":true,"jetpack-related-posts":[{"id":13240,"url":"https:\/\/www.jornalja.com.br\/arquivo\/plano-diretor-estamos-construindo-o-caos\/","url_meta":{"origin":57281,"position":0},"title":"Plano diretor: &quot;Estamos construindo o caos&quot;","author":"Patr\u00edcia Marini","date":"26 de maio de 2014","format":false,"excerpt":"Desabafo que arquiteta Eliana Castilhos, delegada da Regi\u00e3o de Planejamento 1, postou nas redes sociais \u00e9 um testemunho do ambiente que se criou no Conselho do Plano Diretor de Porto Alegre, onde a aprova\u00e7\u00e3o de grandes empreendimentos \u00e9 empurrada guela abaixo dos conselheiros. Ao CMDUA Como delegada da Regi\u00e3o de\u2026","rel":"","context":"Em &quot;Geral&quot;","block_context":{"text":"Geral","link":"https:\/\/www.jornalja.com.br\/arquivo\/category\/geral\/"},"img":{"alt_text":"","src":"","width":0,"height":0},"classes":[]},{"id":5440,"url":"https:\/\/www.jornalja.com.br\/arquivo\/casarao-da-venancio-destino-permanece-incerto\/","url_meta":{"origin":57281,"position":1},"title":"Estado ainda n\u00e3o sabe o que fazer com casar\u00e3o abandonado h\u00e1 20 anos","author":"Elmar Bones","date":"6 de julho de 2009","format":false,"excerpt":"O casar\u00e3o amarelo, numa esquina nobre de Porto Alegre (Ven\u00e2ncio Aires com Jo\u00e3o Pessoa), j\u00e1 abrigou uma escola. H\u00e1 duas d\u00e9cadas, pelo menos, est\u00e1 abandonado, porque seu propriet\u00e1rio, o governo do Estado do Rio Grande do Sul, n\u00e3o consegue achar um destino para ele. Planos n\u00e3o faltaram. O governador Ol\u00edvio\u2026","rel":"","context":"Em &quot;X.Categorias velhas&quot;","block_context":{"text":"X.Categorias velhas","link":"https:\/\/www.jornalja.com.br\/arquivo\/category\/x-categorias-velhas\/"},"img":{"alt_text":"geraldo1","src":"https:\/\/i0.wp.com\/www.jornalja.com.br\/wp-content\/uploads\/2009\/07\/geraldo1.jpg?resize=350%2C200&ssl=1","width":350,"height":200},"classes":[]},{"id":1280,"url":"https:\/\/www.jornalja.com.br\/arquivo\/o-menino-que-se-tornou-brizola\/","url_meta":{"origin":57281,"position":2},"title":"O Menino que se Tornou Brizola","author":"da Reda\u00e7\u00e3o","date":"28 de julho de 2008","format":false,"excerpt":"Autor: Cleber Dioni A vida de Leonel Brizola, com \u00eanfase para os primeiros anos em Porto Alegre, at\u00e9 o ex\u00edlio no Uruguai e a volta, quinze anos depois. \u00a0\"...\u00c9ramos todos jovens e nos identific\u00e1vamos com aquela massa an\u00f4nima a percorrer as ruas de Porto Alegre, gritando 'Get\u00falio', 'Get\u00falio' e empunhando\u2026","rel":"","context":"Em &quot;Livros&quot;","block_context":{"text":"Livros","link":"https:\/\/www.jornalja.com.br\/arquivo\/category\/livros\/"},"img":{"alt_text":"","src":"https:\/\/i0.wp.com\/www.jornalja.com.br\/wp-content\/uploads\/2008\/07\/brizola.gif?resize=350%2C200&ssl=1","width":350,"height":200},"classes":[]},{"id":13101,"url":"https:\/\/www.jornalja.com.br\/arquivo\/morre-um-guerreiro-do-texto\/","url_meta":{"origin":57281,"position":3},"title":"Morre um guerreiro do texto","author":"Patr\u00edcia Marini","date":"14 de maio de 2014","format":false,"excerpt":"Por Ricardo Kotscho Reproduzido do blog do autor, 11\/5\/2014; t\u00edtulo original \u201cE l\u00e1 se foi o nosso Myltainho, guerreiro do texto\u201d. Mi\u00fado e franzino, meu amigo Myltainho era um valente e inconformado guerreiro na luta contra as injusti\u00e7as sociais, a hipocrisia, as maracutaias, o autoritarismo, a intoler\u00e2ncia, a viol\u00eancia, o\u2026","rel":"","context":"Em &quot;Geral&quot;","block_context":{"text":"Geral","link":"https:\/\/www.jornalja.com.br\/arquivo\/category\/geral\/"},"img":{"alt_text":"","src":"","width":0,"height":0},"classes":[]},{"id":13128,"url":"https:\/\/www.jornalja.com.br\/arquivo\/maconha-terra-diz-que-uso-medicinal-e-desculpa\/","url_meta":{"origin":57281,"position":4},"title":"Maconha: Terra diz que uso medicinal \u00e9 desculpa","author":"Patr\u00edcia Marini","date":"4 de junho de 2014","format":false,"excerpt":"A condi\u00e7\u00e3o de pol\u00edtico, em \u00e9poca de campanha de campanha eleitoral, tira for\u00e7a do discurso do m\u00e9dico Osmar Terra contra a legaliza\u00e7\u00e3o da maconha. A tese dele de que a libera\u00e7\u00e3o vai ampliar exponencialmente o consumo \u00e9 discutivel, o consumo \u00e9 corrente. Mas seus alertas quanto aos riscos tem que\u2026","rel":"","context":"Em &quot;X.Categorias velhas&quot;","block_context":{"text":"X.Categorias velhas","link":"https:\/\/www.jornalja.com.br\/arquivo\/category\/x-categorias-velhas\/"},"img":{"alt_text":"","src":"","width":0,"height":0},"classes":[]},{"id":12960,"url":"https:\/\/www.jornalja.com.br\/arquivo\/populacao-culpa-empresas-pela-greve-dos-rodoviarios\/","url_meta":{"origin":57281,"position":5},"title":"Popula\u00e7\u00e3o culpa empresas pela greve","author":"Patr\u00edcia Marini","date":"14 de fevereiro de 2014","format":false,"excerpt":"Pesquisa divulgada na edi\u00e7\u00e3o do jornal Metro desta sexta-feira,14, comprova o velho ditado: \u00e9 poss\u00edvel enganar muitos por algum tempo, mas n\u00e3o \u00e9 poss\u00edvel enganar a todos o tempo inteiro. A principal revela\u00e7\u00e3o foi que 59,8% dos entrevistados apontaram as empresas como as principais respons\u00e1veis pela grave e 46% culparam\u2026","rel":"","context":"Em &quot;X.Categorias velhas&quot;","block_context":{"text":"X.Categorias velhas","link":"https:\/\/www.jornalja.com.br\/arquivo\/category\/x-categorias-velhas\/"},"img":{"alt_text":"","src":"","width":0,"height":0},"classes":[]}],"jetpack_shortlink":"https:\/\/wp.me\/pbQjBd-eTT","jetpack_featured_media_url":"","_links":{"self":[{"href":"https:\/\/www.jornalja.com.br\/arquivo\/wp-json\/wp\/v2\/posts\/57281","targetHints":{"allow":["GET"]}}],"collection":[{"href":"https:\/\/www.jornalja.com.br\/arquivo\/wp-json\/wp\/v2\/posts"}],"about":[{"href":"https:\/\/www.jornalja.com.br\/arquivo\/wp-json\/wp\/v2\/types\/post"}],"author":[{"embeddable":true,"href":"https:\/\/www.jornalja.com.br\/arquivo\/wp-json\/wp\/v2\/users\/4"}],"replies":[{"embeddable":true,"href":"https:\/\/www.jornalja.com.br\/arquivo\/wp-json\/wp\/v2\/comments?post=57281"}],"version-history":[{"count":0,"href":"https:\/\/www.jornalja.com.br\/arquivo\/wp-json\/wp\/v2\/posts\/57281\/revisions"}],"wp:attachment":[{"href":"https:\/\/www.jornalja.com.br\/arquivo\/wp-json\/wp\/v2\/media?parent=57281"}],"wp:term":[{"taxonomy":"category","embeddable":true,"href":"https:\/\/www.jornalja.com.br\/arquivo\/wp-json\/wp\/v2\/categories?post=57281"},{"taxonomy":"post_tag","embeddable":true,"href":"https:\/\/www.jornalja.com.br\/arquivo\/wp-json\/wp\/v2\/tags?post=57281"}],"curies":[{"name":"wp","href":"https:\/\/api.w.org\/{rel}","templated":true}]}}