{"id":57361,"date":"2017-11-16T10:22:35","date_gmt":"2017-11-16T13:22:35","guid":{"rendered":"https:\/\/www.jornalja.com.br\/?p=57361"},"modified":"2017-11-16T10:22:35","modified_gmt":"2017-11-16T13:22:35","slug":"como-criar-um-logotipo-exclusivo-para-a-sua-empresa","status":"publish","type":"post","link":"https:\/\/www.jornalja.com.br\/arquivo\/como-criar-um-logotipo-exclusivo-para-a-sua-empresa\/","title":{"rendered":"Como criar um logotipo exclusivo para a sua empresa"},"content":{"rendered":"<p>Os logos s\u00e3o o meio pelo qual uma empresa se distingue da concorr\u00eancia e comunica os seus produtos ou servi\u00e7os.<br \/>\nContudo, existem diferentes formas de criar um logotipo. Por exemplo, voc\u00ea j\u00e1 sabe o que \u00e9 um isolog\u00f3tipo figurativo? E um isologo? Pois bem, vamos explicar-lhe de seguida.<br \/>\n<span class=\"intertit\">Ter um logo exclusivo para a sua empresa \u00e9 essencial<\/span><br \/>\nUm logotipo \u00e9 um s\u00edmbolo que \u00e9 normalmente composto de letras ou imagens e que tem como principal finalidade identificar uma empresa espec\u00edfica, uma marca ou sociedade (hoje em dia j\u00e1 \u00e9 poss\u00edvel <a href=\"http:\/\/pt.shopify.com\/ferramentas\/criar-logotipo\" target=\"_blank\" rel=\"noopener noreferrer\">criar logo online<\/a> de forma simples e muito econ\u00f3mica).<br \/>\nOs mesmos s\u00e3o essencialmente o meio pelo qual uma empresa se distingue da concorr\u00eancia e comunica os seus produtos ou servi\u00e7os, conferindo benef\u00edcios ou vantagens aos consumidores.<br \/>\nPor exemplo, quando vemos o logotipo da BMV, n\u00e3o estamos a ver uma simples marca de carros, mas um ve\u00edculo high-tech, que tem um alto valor econ\u00f3mico em compara\u00e7\u00e3o com outros carros de gama mais baixa.<br \/>\nAssim sendo, \u00e9 poss\u00edvel dizer que o logo da BMW \u00e9 reconhecido por qualquer consumidor e suscita no mesmo o desejo de compra. Da\u00ed, a import\u00e2ncia de criar um bom logotipo.<br \/>\nDesta forma, se est\u00e1 a pensar criar a sua pr\u00f3pria empresa, \u00e9 importante perceber quais s\u00e3o os tipos de logos que existem, de modo a projetar o mais apropriado para o seu neg\u00f3cio.<br \/>\n1 \u2013 Logotipo \u2013 \u00c9 aquele que \u00e9 feito apenas com texto.<br \/>\n2 \u2013 Isologo \u2013 \u00c9 aquele que usa apenas imagens.<br \/>\n3 \u2013 Isolog\u00f3tipo \u2013 \u00c9 uma mistura de imagem e texto.<br \/>\n4 \u2013 Logo figurativo \u2013 Logos que s\u00e3o representados com imagens da realidade.<br \/>\n5 \u2013 Logos Abstratos \u2013 T\u00eam uma forma geom\u00e9trica que n\u00e3o apresentam imagens reais.<br \/>\nComo v\u00ea, \u00e9 importante perceber bem o seu neg\u00f3cio de forma a escolher qual o tipo de logo que mais se adequa ao mesmo.<br \/>\nMas, al\u00e9m do logotipo, \u00e9 importante que tenha alguns cuidados na cria\u00e7\u00e3o da sua loja online, j\u00e1 que deve ter uma imagem coerente.<br \/>\n<img loading=\"lazy\" decoding=\"async\" class=\"alignnone wp-image-57363 size-full\" src=\"https:\/\/www.jornalja.com.br\/wp-content\/uploads\/2017\/11\/imagem1.png\" alt=\"\" width=\"914\" height=\"1150\" \/><br \/>\n<span class=\"intertit\">Cuidados a ter na cria\u00e7\u00e3o de uma loja virtual<\/span><br \/>\nPois bem, depois de ter criado o seu logo, est\u00e1 na hora de come\u00e7ar a <a href=\"http:\/\/pt.shopify.com\/loja-virtual\" target=\"_blank\" rel=\"noopener noreferrer\">criar loja virtual gr\u00e1tis<\/a>.<br \/>\nNo entanto, existem alguns pontos a ter em conta na cria\u00e7\u00e3o da mesma, nomeadamente o fato de a imagem corporativa ter de ser mantida.<br \/>\nAssim sendo, se est\u00e1 a pensar criar o seu pr\u00f3prio site em vez de contratar algu\u00e9m para o fazer, tenha em mente o seguinte:<\/p>\n<ul>\n<li>A grande maioria dos sites permite-lhe comprar um template que depois apenas necessita de ajustar (o que torna muito mais simples o seu trabalho);<\/li>\n<li>Deve criar uma p\u00e1gina por produto ou servi\u00e7o, e colocar fotografias com boa qualidade;<\/li>\n<li>Invista em SEO pois \u00e9 a melhor forma de conseguir obter alcance org\u00e2nico no seu site;<\/li>\n<li>Invista em campanhas e a\u00e7\u00f5es de marketing digital para alavancar o seu neg\u00f3cio.<\/li>\n<\/ul>\n<p>Como v\u00ea, n\u00e3o \u00e9 assim t\u00e3o complicado come\u00e7ar hoje mesmo a criar o seu logo e a sua loja virtual. Pode demorar algum tempo, contudo, acredite que vai conseguir ter sucesso nos seus neg\u00f3cios.<\/p>\n","protected":false},"excerpt":{"rendered":"<p>Os logos s\u00e3o o meio pelo qual uma empresa se distingue da concorr\u00eancia e comunica os seus produtos ou servi\u00e7os. Contudo, existem diferentes formas de criar um logotipo. Por exemplo, voc\u00ea j\u00e1 sabe o que \u00e9 um isolog\u00f3tipo figurativo? E um isologo? Pois bem, vamos explicar-lhe de seguida. Ter um logo exclusivo para a sua [&hellip;]<\/p>\n","protected":false},"author":4,"featured_media":0,"comment_status":"open","ping_status":"closed","sticky":false,"template":"","format":"standard","meta":{"_jetpack_newsletter_access":"","_jetpack_dont_email_post_to_subs":false,"_jetpack_newsletter_tier_id":0,"_jetpack_memberships_contains_paywalled_content":false,"_jetpack_feature_clip_id":0,"_jetpack_memberships_contains_paid_content":false,"footnotes":"","jetpack_post_was_ever_published":false},"categories":[2027,2010],"tags":[],"class_list":["post-57361","post","type-post","status-publish","format-standard","hentry","category-comercial","category-publieditorial"],"aioseo_notices":[],"aioseo_head":"\n\t\t<!-- All in One SEO 5.0.1.1 - aioseo.com -->\n\t<meta name=\"robots\" content=\"max-image-preview:large\" \/>\n\t<meta name=\"author\" content=\"da Reda\u00e7\u00e3o\"\/>\n\t<link rel=\"canonical\" href=\"https:\/\/www.jornalja.com.br\/arquivo\/como-criar-um-logotipo-exclusivo-para-a-sua-empresa\/\" \/>\n\t<meta name=\"generator\" content=\"All in One SEO (AIOSEO) 5.0.1.1\" \/>\n\t\t<meta property=\"og:locale\" content=\"pt_BR\" \/>\n\t\t<meta property=\"og:site_name\" content=\"Arquivo | Jornal J\u00c1 | Porto Alegre\" \/>\n\t\t<meta property=\"og:type\" content=\"article\" \/>\n\t\t<meta property=\"og:title\" content=\"Como criar um logotipo exclusivo para a sua empresa | Arquivo\" \/>\n\t\t<meta property=\"og:url\" content=\"https:\/\/www.jornalja.com.br\/arquivo\/como-criar-um-logotipo-exclusivo-para-a-sua-empresa\/\" \/>\n\t\t<meta property=\"og:image\" content=\"https:\/\/www.jornalja.com.br\/wp-content\/uploads\/2017\/11\/imagem1.png\" \/>\n\t\t<meta property=\"og:image:secure_url\" content=\"https:\/\/www.jornalja.com.br\/wp-content\/uploads\/2017\/11\/imagem1.png\" \/>\n\t\t<meta property=\"article:published_time\" content=\"2017-11-16T13:22:35+00:00\" \/>\n\t\t<meta property=\"article:modified_time\" content=\"2017-11-16T13:22:35+00:00\" \/>\n\t\t<meta name=\"twitter:card\" content=\"summary\" \/>\n\t\t<meta name=\"twitter:title\" content=\"Como criar um logotipo exclusivo para a sua empresa | Arquivo\" \/>\n\t\t<meta name=\"twitter:image\" content=\"https:\/\/www.jornalja.com.br\/economics\/wp-content\/uploads\/sites\/11\/2026\/08\/ja-folhaderosto-facebook.jpg\" \/>\n\t\t<script type=\"application\/ld+json\" class=\"aioseo-schema\">\n\t\t\t{\"@context\":\"https:\\\/\\\/schema.org\",\"@graph\":[{\"@type\":\"BlogPosting\",\"@id\":\"https:\\\/\\\/www.jornalja.com.br\\\/arquivo\\\/como-criar-um-logotipo-exclusivo-para-a-sua-empresa\\\/#blogposting\",\"name\":\"Como criar um logotipo exclusivo para a sua empresa | Arquivo\",\"headline\":\"Como criar um logotipo exclusivo para a sua empresa\",\"author\":{\"@id\":\"https:\\\/\\\/www.jornalja.com.br\\\/arquivo\\\/author\\\/daredacao\\\/#author\"},\"publisher\":{\"@id\":\"https:\\\/\\\/www.jornalja.com.br\\\/arquivo\\\/#organization\"},\"image\":{\"@type\":\"ImageObject\",\"url\":\"https:\\\/\\\/www.jornalja.com.br\\\/wp-content\\\/uploads\\\/2017\\\/11\\\/imagem1.png\",\"@id\":\"https:\\\/\\\/www.jornalja.com.br\\\/arquivo\\\/como-criar-um-logotipo-exclusivo-para-a-sua-empresa\\\/#articleImage\"},\"datePublished\":\"2017-11-16T10:22:35-02:00\",\"dateModified\":\"2017-11-16T10:22:35-02:00\",\"inLanguage\":\"pt-BR\",\"mainEntityOfPage\":{\"@id\":\"https:\\\/\\\/www.jornalja.com.br\\\/arquivo\\\/como-criar-um-logotipo-exclusivo-para-a-sua-empresa\\\/#webpage\"},\"isPartOf\":{\"@id\":\"https:\\\/\\\/www.jornalja.com.br\\\/arquivo\\\/como-criar-um-logotipo-exclusivo-para-a-sua-empresa\\\/#webpage\"},\"articleSection\":\"COMERCIAL, Publieditorial\"},{\"@type\":\"BreadcrumbList\",\"@id\":\"https:\\\/\\\/www.jornalja.com.br\\\/arquivo\\\/como-criar-um-logotipo-exclusivo-para-a-sua-empresa\\\/#breadcrumblist\",\"itemListElement\":[{\"@type\":\"ListItem\",\"@id\":\"https:\\\/\\\/www.jornalja.com.br\\\/arquivo#listItem\",\"position\":1,\"name\":\"Home\",\"item\":\"https:\\\/\\\/www.jornalja.com.br\\\/arquivo\",\"nextItem\":{\"@type\":\"ListItem\",\"@id\":\"https:\\\/\\\/www.jornalja.com.br\\\/arquivo\\\/category\\\/publieditorial\\\/#listItem\",\"name\":\"Publieditorial\"}},{\"@type\":\"ListItem\",\"@id\":\"https:\\\/\\\/www.jornalja.com.br\\\/arquivo\\\/category\\\/publieditorial\\\/#listItem\",\"position\":2,\"name\":\"Publieditorial\",\"item\":\"https:\\\/\\\/www.jornalja.com.br\\\/arquivo\\\/category\\\/publieditorial\\\/\",\"nextItem\":{\"@type\":\"ListItem\",\"@id\":\"https:\\\/\\\/www.jornalja.com.br\\\/arquivo\\\/como-criar-um-logotipo-exclusivo-para-a-sua-empresa\\\/#listItem\",\"name\":\"Como criar um logotipo exclusivo para a sua empresa\"},\"previousItem\":{\"@type\":\"ListItem\",\"@id\":\"https:\\\/\\\/www.jornalja.com.br\\\/arquivo#listItem\",\"name\":\"Home\"}},{\"@type\":\"ListItem\",\"@id\":\"https:\\\/\\\/www.jornalja.com.br\\\/arquivo\\\/como-criar-um-logotipo-exclusivo-para-a-sua-empresa\\\/#listItem\",\"position\":3,\"name\":\"Como criar um logotipo exclusivo para a sua empresa\",\"previousItem\":{\"@type\":\"ListItem\",\"@id\":\"https:\\\/\\\/www.jornalja.com.br\\\/arquivo\\\/category\\\/publieditorial\\\/#listItem\",\"name\":\"Publieditorial\"}}]},{\"@type\":\"Organization\",\"@id\":\"https:\\\/\\\/www.jornalja.com.br\\\/arquivo\\\/#organization\",\"name\":\"Jornal J\\u00c1\",\"description\":\"Jornal J\\u00c1 | Porto Alegre\",\"url\":\"https:\\\/\\\/www.jornalja.com.br\\\/arquivo\\\/\",\"telephone\":\"+555133307272\",\"logo\":{\"@type\":\"ImageObject\",\"url\":\"https:\\\/\\\/www.jornalja.com.br\\\/wp-content\\\/uploads\\\/cards\\\/JAslogan.png\",\"@id\":\"https:\\\/\\\/www.jornalja.com.br\\\/arquivo\\\/como-criar-um-logotipo-exclusivo-para-a-sua-empresa\\\/#organizationLogo\"},\"image\":{\"@id\":\"https:\\\/\\\/www.jornalja.com.br\\\/arquivo\\\/como-criar-um-logotipo-exclusivo-para-a-sua-empresa\\\/#organizationLogo\"}},{\"@type\":\"Person\",\"@id\":\"https:\\\/\\\/www.jornalja.com.br\\\/arquivo\\\/author\\\/daredacao\\\/#author\",\"url\":\"https:\\\/\\\/www.jornalja.com.br\\\/arquivo\\\/author\\\/daredacao\\\/\",\"name\":\"da Reda\\u00e7\\u00e3o\",\"image\":{\"@type\":\"ImageObject\",\"@id\":\"https:\\\/\\\/www.jornalja.com.br\\\/arquivo\\\/como-criar-um-logotipo-exclusivo-para-a-sua-empresa\\\/#authorImage\",\"url\":\"https:\\\/\\\/secure.gravatar.com\\\/avatar\\\/469fd857d6605ad19919d27ed29d35a968a25f6e8fd9318356bbb7f57aae9c65?s=96&d=mm&r=g\",\"width\":96,\"height\":96,\"caption\":\"da Reda\\u00e7\\u00e3o\"}},{\"@type\":\"WebPage\",\"@id\":\"https:\\\/\\\/www.jornalja.com.br\\\/arquivo\\\/como-criar-um-logotipo-exclusivo-para-a-sua-empresa\\\/#webpage\",\"url\":\"https:\\\/\\\/www.jornalja.com.br\\\/arquivo\\\/como-criar-um-logotipo-exclusivo-para-a-sua-empresa\\\/\",\"name\":\"Como criar um logotipo exclusivo para a sua empresa | Arquivo\",\"inLanguage\":\"pt-BR\",\"isPartOf\":{\"@id\":\"https:\\\/\\\/www.jornalja.com.br\\\/arquivo\\\/#website\"},\"breadcrumb\":{\"@id\":\"https:\\\/\\\/www.jornalja.com.br\\\/arquivo\\\/como-criar-um-logotipo-exclusivo-para-a-sua-empresa\\\/#breadcrumblist\"},\"author\":{\"@id\":\"https:\\\/\\\/www.jornalja.com.br\\\/arquivo\\\/author\\\/daredacao\\\/#author\"},\"creator\":{\"@id\":\"https:\\\/\\\/www.jornalja.com.br\\\/arquivo\\\/author\\\/daredacao\\\/#author\"},\"datePublished\":\"2017-11-16T10:22:35-02:00\",\"dateModified\":\"2017-11-16T10:22:35-02:00\"},{\"@type\":\"WebSite\",\"@id\":\"https:\\\/\\\/www.jornalja.com.br\\\/arquivo\\\/#website\",\"url\":\"https:\\\/\\\/www.jornalja.com.br\\\/arquivo\\\/\",\"name\":\"Arquivo\",\"description\":\"Jornal J\\u00c1 | Porto Alegre\",\"inLanguage\":\"pt-BR\",\"publisher\":{\"@id\":\"https:\\\/\\\/www.jornalja.com.br\\\/arquivo\\\/#organization\"}}]}\n\t\t<\/script>\n\t\t<!-- All in One SEO -->\n\n","aioseo_head_json":{"title":"Como criar um logotipo exclusivo para a sua empresa | Arquivo","description":"","canonical_url":"https:\/\/www.jornalja.com.br\/arquivo\/como-criar-um-logotipo-exclusivo-para-a-sua-empresa\/","robots":"max-image-preview:large","keywords":"","webmasterTools":{"miscellaneous":""},"schema":{"@context":"https:\/\/schema.org","@graph":[{"@type":"BlogPosting","@id":"https:\/\/www.jornalja.com.br\/arquivo\/como-criar-um-logotipo-exclusivo-para-a-sua-empresa\/#blogposting","name":"Como criar um logotipo exclusivo para a sua empresa | Arquivo","headline":"Como criar um logotipo exclusivo para a sua empresa","author":{"@id":"https:\/\/www.jornalja.com.br\/arquivo\/author\/daredacao\/#author"},"publisher":{"@id":"https:\/\/www.jornalja.com.br\/arquivo\/#organization"},"image":{"@type":"ImageObject","url":"https:\/\/www.jornalja.com.br\/wp-content\/uploads\/2017\/11\/imagem1.png","@id":"https:\/\/www.jornalja.com.br\/arquivo\/como-criar-um-logotipo-exclusivo-para-a-sua-empresa\/#articleImage"},"datePublished":"2017-11-16T10:22:35-02:00","dateModified":"2017-11-16T10:22:35-02:00","inLanguage":"pt-BR","mainEntityOfPage":{"@id":"https:\/\/www.jornalja.com.br\/arquivo\/como-criar-um-logotipo-exclusivo-para-a-sua-empresa\/#webpage"},"isPartOf":{"@id":"https:\/\/www.jornalja.com.br\/arquivo\/como-criar-um-logotipo-exclusivo-para-a-sua-empresa\/#webpage"},"articleSection":"COMERCIAL, Publieditorial"},{"@type":"BreadcrumbList","@id":"https:\/\/www.jornalja.com.br\/arquivo\/como-criar-um-logotipo-exclusivo-para-a-sua-empresa\/#breadcrumblist","itemListElement":[{"@type":"ListItem","@id":"https:\/\/www.jornalja.com.br\/arquivo#listItem","position":1,"name":"Home","item":"https:\/\/www.jornalja.com.br\/arquivo","nextItem":{"@type":"ListItem","@id":"https:\/\/www.jornalja.com.br\/arquivo\/category\/publieditorial\/#listItem","name":"Publieditorial"}},{"@type":"ListItem","@id":"https:\/\/www.jornalja.com.br\/arquivo\/category\/publieditorial\/#listItem","position":2,"name":"Publieditorial","item":"https:\/\/www.jornalja.com.br\/arquivo\/category\/publieditorial\/","nextItem":{"@type":"ListItem","@id":"https:\/\/www.jornalja.com.br\/arquivo\/como-criar-um-logotipo-exclusivo-para-a-sua-empresa\/#listItem","name":"Como criar um logotipo exclusivo para a sua empresa"},"previousItem":{"@type":"ListItem","@id":"https:\/\/www.jornalja.com.br\/arquivo#listItem","name":"Home"}},{"@type":"ListItem","@id":"https:\/\/www.jornalja.com.br\/arquivo\/como-criar-um-logotipo-exclusivo-para-a-sua-empresa\/#listItem","position":3,"name":"Como criar um logotipo exclusivo para a sua empresa","previousItem":{"@type":"ListItem","@id":"https:\/\/www.jornalja.com.br\/arquivo\/category\/publieditorial\/#listItem","name":"Publieditorial"}}]},{"@type":"Organization","@id":"https:\/\/www.jornalja.com.br\/arquivo\/#organization","name":"Jornal J\u00c1","description":"Jornal J\u00c1 | Porto Alegre","url":"https:\/\/www.jornalja.com.br\/arquivo\/","telephone":"+555133307272","logo":{"@type":"ImageObject","url":"https:\/\/www.jornalja.com.br\/wp-content\/uploads\/cards\/JAslogan.png","@id":"https:\/\/www.jornalja.com.br\/arquivo\/como-criar-um-logotipo-exclusivo-para-a-sua-empresa\/#organizationLogo"},"image":{"@id":"https:\/\/www.jornalja.com.br\/arquivo\/como-criar-um-logotipo-exclusivo-para-a-sua-empresa\/#organizationLogo"}},{"@type":"Person","@id":"https:\/\/www.jornalja.com.br\/arquivo\/author\/daredacao\/#author","url":"https:\/\/www.jornalja.com.br\/arquivo\/author\/daredacao\/","name":"da Reda\u00e7\u00e3o","image":{"@type":"ImageObject","@id":"https:\/\/www.jornalja.com.br\/arquivo\/como-criar-um-logotipo-exclusivo-para-a-sua-empresa\/#authorImage","url":"https:\/\/secure.gravatar.com\/avatar\/469fd857d6605ad19919d27ed29d35a968a25f6e8fd9318356bbb7f57aae9c65?s=96&d=mm&r=g","width":96,"height":96,"caption":"da Reda\u00e7\u00e3o"}},{"@type":"WebPage","@id":"https:\/\/www.jornalja.com.br\/arquivo\/como-criar-um-logotipo-exclusivo-para-a-sua-empresa\/#webpage","url":"https:\/\/www.jornalja.com.br\/arquivo\/como-criar-um-logotipo-exclusivo-para-a-sua-empresa\/","name":"Como criar um logotipo exclusivo para a sua empresa | Arquivo","inLanguage":"pt-BR","isPartOf":{"@id":"https:\/\/www.jornalja.com.br\/arquivo\/#website"},"breadcrumb":{"@id":"https:\/\/www.jornalja.com.br\/arquivo\/como-criar-um-logotipo-exclusivo-para-a-sua-empresa\/#breadcrumblist"},"author":{"@id":"https:\/\/www.jornalja.com.br\/arquivo\/author\/daredacao\/#author"},"creator":{"@id":"https:\/\/www.jornalja.com.br\/arquivo\/author\/daredacao\/#author"},"datePublished":"2017-11-16T10:22:35-02:00","dateModified":"2017-11-16T10:22:35-02:00"},{"@type":"WebSite","@id":"https:\/\/www.jornalja.com.br\/arquivo\/#website","url":"https:\/\/www.jornalja.com.br\/arquivo\/","name":"Arquivo","description":"Jornal J\u00c1 | Porto Alegre","inLanguage":"pt-BR","publisher":{"@id":"https:\/\/www.jornalja.com.br\/arquivo\/#organization"}}]},"og:locale":"pt_BR","og:site_name":"Arquivo | Jornal J\u00c1 | Porto Alegre","og:type":"article","og:title":"Como criar um logotipo exclusivo para a sua empresa | Arquivo","og:url":"https:\/\/www.jornalja.com.br\/arquivo\/como-criar-um-logotipo-exclusivo-para-a-sua-empresa\/","og:image":"https:\/\/www.jornalja.com.br\/wp-content\/uploads\/2017\/11\/imagem1.png","og:image:secure_url":"https:\/\/www.jornalja.com.br\/wp-content\/uploads\/2017\/11\/imagem1.png","article:published_time":"2017-11-16T13:22:35+00:00","article:modified_time":"2017-11-16T13:22:35+00:00","twitter:card":"summary","twitter:title":"Como criar um logotipo exclusivo para a sua empresa | Arquivo","twitter:image":"https:\/\/www.jornalja.com.br\/economics\/wp-content\/uploads\/sites\/11\/2026\/08\/ja-folhaderosto-facebook.jpg"},"aioseo_meta_data":{"post_id":"57361","title":null,"description":null,"keywords":null,"keyphrases":null,"primary_term":null,"canonical_url":null,"og_title":null,"og_description":null,"og_object_type":"default","og_image_type":"default","og_image_url":null,"og_image_width":null,"og_image_height":null,"og_image_custom_url":null,"og_image_custom_fields":null,"og_video":null,"og_custom_url":null,"og_article_section":null,"og_article_tags":null,"twitter_use_og":false,"twitter_card":"default","twitter_image_type":"default","twitter_image_url":null,"twitter_image_custom_url":null,"twitter_image_custom_fields":null,"twitter_title":null,"twitter_description":null,"schema":{"blockGraphs":[],"customGraphs":[],"default":{"data":{"Article":[],"Course":[],"Dataset":[],"FAQPage":[],"Movie":[],"Person":[],"Product":[],"ProductReview":[],"Car":[],"Recipe":[],"Service":[],"SoftwareApplication":[],"WebPage":[]},"graphName":"","isEnabled":true},"graphs":[]},"schema_type":null,"schema_type_options":null,"pillar_content":false,"robots_default":true,"robots_noindex":false,"robots_noarchive":false,"robots_nosnippet":false,"robots_nofollow":false,"robots_noimageindex":false,"robots_noodp":false,"robots_notranslate":false,"robots_max_snippet":null,"robots_max_videopreview":null,"robots_max_imagepreview":"large","priority":null,"frequency":null,"location":null,"local_seo":null,"breadcrumb_settings":null,"limit_modified_date":false,"ai":null,"created":"2020-12-20 20:21:03","updated":"2025-07-20 02:21:29","seo_analyzer_scan_date":null,"focus_keyword":null,"additional_keywords":null,"truseo_locale":null},"jetpack_sharing_enabled":true,"jetpack-related-posts":[{"id":12960,"url":"https:\/\/www.jornalja.com.br\/arquivo\/populacao-culpa-empresas-pela-greve-dos-rodoviarios\/","url_meta":{"origin":57361,"position":0},"title":"Popula\u00e7\u00e3o culpa empresas pela greve","author":"Patr\u00edcia Marini","date":"14 de fevereiro de 2014","format":false,"excerpt":"Pesquisa divulgada na edi\u00e7\u00e3o do jornal Metro desta sexta-feira,14, comprova o velho ditado: \u00e9 poss\u00edvel enganar muitos por algum tempo, mas n\u00e3o \u00e9 poss\u00edvel enganar a todos o tempo inteiro. A principal revela\u00e7\u00e3o foi que 59,8% dos entrevistados apontaram as empresas como as principais respons\u00e1veis pela grave e 46% culparam\u2026","rel":"","context":"Em &quot;X.Categorias velhas&quot;","block_context":{"text":"X.Categorias velhas","link":"https:\/\/www.jornalja.com.br\/arquivo\/category\/x-categorias-velhas\/"},"img":{"alt_text":"","src":"","width":0,"height":0},"classes":[]},{"id":13101,"url":"https:\/\/www.jornalja.com.br\/arquivo\/morre-um-guerreiro-do-texto\/","url_meta":{"origin":57361,"position":1},"title":"Morre um guerreiro do texto","author":"Patr\u00edcia Marini","date":"14 de maio de 2014","format":false,"excerpt":"Por Ricardo Kotscho Reproduzido do blog do autor, 11\/5\/2014; t\u00edtulo original \u201cE l\u00e1 se foi o nosso Myltainho, guerreiro do texto\u201d. Mi\u00fado e franzino, meu amigo Myltainho era um valente e inconformado guerreiro na luta contra as injusti\u00e7as sociais, a hipocrisia, as maracutaias, o autoritarismo, a intoler\u00e2ncia, a viol\u00eancia, o\u2026","rel":"","context":"Em &quot;Geral&quot;","block_context":{"text":"Geral","link":"https:\/\/www.jornalja.com.br\/arquivo\/category\/geral\/"},"img":{"alt_text":"","src":"","width":0,"height":0},"classes":[]},{"id":13240,"url":"https:\/\/www.jornalja.com.br\/arquivo\/plano-diretor-estamos-construindo-o-caos\/","url_meta":{"origin":57361,"position":2},"title":"Plano diretor: &quot;Estamos construindo o caos&quot;","author":"Patr\u00edcia Marini","date":"26 de maio de 2014","format":false,"excerpt":"Desabafo que arquiteta Eliana Castilhos, delegada da Regi\u00e3o de Planejamento 1, postou nas redes sociais \u00e9 um testemunho do ambiente que se criou no Conselho do Plano Diretor de Porto Alegre, onde a aprova\u00e7\u00e3o de grandes empreendimentos \u00e9 empurrada guela abaixo dos conselheiros. Ao CMDUA Como delegada da Regi\u00e3o de\u2026","rel":"","context":"Em &quot;Geral&quot;","block_context":{"text":"Geral","link":"https:\/\/www.jornalja.com.br\/arquivo\/category\/geral\/"},"img":{"alt_text":"","src":"","width":0,"height":0},"classes":[]},{"id":13124,"url":"https:\/\/www.jornalja.com.br\/arquivo\/sangue-latino-no-iecine\/","url_meta":{"origin":57361,"position":3},"title":"Sangue latino no IECINE","author":"da Reda\u00e7\u00e3o","date":"18 de maio de 2014","format":false,"excerpt":"Francisco Ribeiro O Instituto Estadual de Cinema (IECINE) tem a frente, desde abril \u00faltimo, um novo diretor, o cineasta colombiano Juan Zapata, 36, que substitui Luiz Alberto Cassol. Radicado h\u00e1 dez anos em Porto Alegre, Zapata tem diante de si o desafio de conduzir at\u00e9 o final do ano um\u2026","rel":"","context":"Em &quot;Cultura-Geral&quot;","block_context":{"text":"Cultura-Geral","link":"https:\/\/www.jornalja.com.br\/arquivo\/category\/materiasecundaria\/"},"img":{"alt_text":"","src":"","width":0,"height":0},"classes":[]},{"id":13239,"url":"https:\/\/www.jornalja.com.br\/arquivo\/conselho-desdenha-do-plano-diretor\/","url_meta":{"origin":57361,"position":4},"title":"Porto Alegre: Conselho detona Plano Diretor","author":"Patr\u00edcia Marini","date":"25 de maio de 2014","format":false,"excerpt":"Den\u00fancia do arquiteto e \u00a0urbanista Ibir\u00e1 Santos Lucas. Ele diz que os conselheiros est\u00e3o votando com \"enorme irresponsabilidade\". \"Mudam regime com a maior naturalidade,,,regularizam absurdos de constru\u00e7\u00f5es irregulares... \"O CMDUA est\u00e1 flexibilizando a lei do plano diretor, de uma forma impactante na vida da cidade. Mudam regime com a maior\u2026","rel":"","context":"Em &quot;Geral&quot;","block_context":{"text":"Geral","link":"https:\/\/www.jornalja.com.br\/arquivo\/category\/geral\/"},"img":{"alt_text":"","src":"","width":0,"height":0},"classes":[]},{"id":14241,"url":"https:\/\/www.jornalja.com.br\/arquivo\/o-guaiba-nas-imagens-poeticas-de-achutti\/","url_meta":{"origin":57361,"position":5},"title":"O Gua\u00edba nas imagens po\u00e9ticas de Achutti","author":"da Reda\u00e7\u00e3o","date":"18 de junho de 2014","format":false,"excerpt":"Em \u201cO Gua\u00edba por Achutti\u201d \u2013 obra financiada via Minist\u00e9rio da Cultura, produ\u00e7\u00e3o executiva de Pedro Longhi, e Fl\u00e1vio Wild como designer \u2013, o fot\u00f3grafo revela a beleza e as mazelas de um espa\u00e7o aqu\u00e1tico de \u00e1guas sempre renovadas, cheio de hist\u00f3rias e lendas como as das cidades que foram\u2026","rel":"","context":"Em &quot;Cultura-Geral&quot;","block_context":{"text":"Cultura-Geral","link":"https:\/\/www.jornalja.com.br\/arquivo\/category\/materiasecundaria\/"},"img":{"alt_text":"","src":"","width":0,"height":0},"classes":[]}],"jetpack_shortlink":"https:\/\/wp.me\/pbQjBd-eVb","jetpack_featured_media_url":"","_links":{"self":[{"href":"https:\/\/www.jornalja.com.br\/arquivo\/wp-json\/wp\/v2\/posts\/57361","targetHints":{"allow":["GET"]}}],"collection":[{"href":"https:\/\/www.jornalja.com.br\/arquivo\/wp-json\/wp\/v2\/posts"}],"about":[{"href":"https:\/\/www.jornalja.com.br\/arquivo\/wp-json\/wp\/v2\/types\/post"}],"author":[{"embeddable":true,"href":"https:\/\/www.jornalja.com.br\/arquivo\/wp-json\/wp\/v2\/users\/4"}],"replies":[{"embeddable":true,"href":"https:\/\/www.jornalja.com.br\/arquivo\/wp-json\/wp\/v2\/comments?post=57361"}],"version-history":[{"count":0,"href":"https:\/\/www.jornalja.com.br\/arquivo\/wp-json\/wp\/v2\/posts\/57361\/revisions"}],"wp:attachment":[{"href":"https:\/\/www.jornalja.com.br\/arquivo\/wp-json\/wp\/v2\/media?parent=57361"}],"wp:term":[{"taxonomy":"category","embeddable":true,"href":"https:\/\/www.jornalja.com.br\/arquivo\/wp-json\/wp\/v2\/categories?post=57361"},{"taxonomy":"post_tag","embeddable":true,"href":"https:\/\/www.jornalja.com.br\/arquivo\/wp-json\/wp\/v2\/tags?post=57361"}],"curies":[{"name":"wp","href":"https:\/\/api.w.org\/{rel}","templated":true}]}}