{"id":57384,"date":"2017-11-17T11:22:04","date_gmt":"2017-11-17T14:22:04","guid":{"rendered":"https:\/\/www.jornalja.com.br\/?p=57384"},"modified":"2017-11-17T11:22:04","modified_gmt":"2017-11-17T14:22:04","slug":"movimento-roessler-lanca-campanha-de-financiamento-coletivo-para-comemoracao-dos-40-anos","status":"publish","type":"post","link":"https:\/\/www.jornalja.com.br\/arquivo\/movimento-roessler-lanca-campanha-de-financiamento-coletivo-para-comemoracao-dos-40-anos\/","title":{"rendered":"Movimento Roessler lan\u00e7a campanha de financiamento coletivo para comemora\u00e7\u00e3o dos 40 anos"},"content":{"rendered":"<p>Fundado em 1978, o <a href=\"http:\/\/movimentoroessler.org\/\" target=\"_blank\" rel=\"noopener noreferrer\">Movimento Roessler de Defesa Ambiental<\/a>, com sede em Novo Hamburgo, comemorar\u00e1 40 anos de atividade em 2018. Para marcar a data, a entidade est\u00e1 lan\u00e7ando uma s\u00e9rie de produtos.<br \/>\nA meta \u00e9 atingir R$ 12 mil em contribui\u00e7\u00f5es. A arte dos produtos foi desenhada pela ilustradora Silvana Santos e as camisetas s\u00e3o produzidas pela marca ga\u00facha Vertentes. <a href=\"http:\/\/www.catarse.me\/movimento_roessler_40_anos_de_historia_167f?ref=user_contributed&amp;project_id=65401&amp;project_user_id=834522\">A campanha est\u00e1 sediada no site catarse.me e estar\u00e1 no ar somente at\u00e9 20 de janeiro de 2018.<\/a><br \/>\n<figure id=\"attachment_57388\" aria-describedby=\"caption-attachment-57388\" style=\"width: 400px\" class=\"wp-caption alignleft\"><img loading=\"lazy\" decoding=\"async\" class=\"wp-image-57388 size-medium\" src=\"https:\/\/www.jornalja.com.br\/wp-content\/uploads\/2017\/11\/40-anos-verde-trad-400x400.jpg\" alt=\"\" width=\"400\" height=\"400\" \/><figcaption id=\"caption-attachment-57388\" class=\"wp-caption-text\">Entre os produtos oferecidos aos colaboradores est\u00e3o camisetas tem\u00e1ticas \/ Divulga\u00e7\u00e3o<\/figcaption><\/figure><br \/>\nUma das mais antigas e combativas ONGs do Rio Grande do Sul, o Movimento Roessler faz firme defesa dos ideais daquele que inspirou seu nome: Henrique Luis Roessler, pioneiro ecologista com atua\u00e7\u00e3o no Vale do Sinos.<br \/>\nE \u00e9 justamente nesta regi\u00e3o que o &#8220;Movimento&#8221;, como \u00e9 comumente conhecido, atua mais fortemente desde sua funda\u00e7\u00e3o em 16 de junho de 1978.<br \/>\nA data marcou negativamente a hist\u00f3ria da Ecologia no Estado, a partir do famoso epis\u00f3dio da mar\u00e9 vermelha ocorrida na praia do Hermenegildo, no litoral sul ga\u00facho. Mas tamb\u00e9m inspirou um grupo de estudantes liderado pelo professor Kurt Schmeling a coletar assinaturas exigindo a solu\u00e7\u00e3o para a trag\u00e9dia.<br \/>\nDesde ent\u00e3o um grupo de colaboradores passou a se reunir e discutir solu\u00e7\u00f5es para os problemas, n\u00e3o somente de Novo Hamburgo, como de outras cidades do Vale do Sinos, na Regi\u00e3o Metropolitana de Porto Alegre, altamente industrializada.<br \/>\n<span class=\"intertit\">A\u00e7\u00f5es de preserva\u00e7\u00e3o<\/span><br \/>\n<figure id=\"attachment_57389\" aria-describedby=\"caption-attachment-57389\" style=\"width: 700px\" class=\"wp-caption alignnone\"><img loading=\"lazy\" decoding=\"async\" class=\"wp-image-57389 size-full\" src=\"https:\/\/www.jornalja.com.br\/wp-content\/uploads\/2017\/11\/transecto-022-1.jpg\" alt=\"\" width=\"700\" height=\"525\" \/><figcaption id=\"caption-attachment-57389\" class=\"wp-caption-text\">Subida do Morro dos Bois. Atividades de preserva\u00e7\u00e3o e educa\u00e7\u00e3o fazem parte dos trabalhos do movimento \/ C\u00e1tia Cylene \/ Arquivo J\u00c1<\/figcaption><\/figure><br \/>\nAs a\u00e7\u00f5es do Movimento Roessler cresceram muito quando a entidade assumiu\u00a0a dire\u00e7\u00e3o do\u00a0<a href=\"http:\/\/www.comitesinos.com.br\/\" target=\"_blank\" rel=\"noopener noreferrer\">Comitesinos<\/a>, uma esp\u00e9cie de conselho formado por representantes do poder p\u00fablico, do setor privado e ongs, que gerencia a\u00e7\u00f5es para a preserva\u00e7\u00e3o das \u00e1guas da bacia hidrogr\u00e1fica do Rio dos Sinos.<br \/>\nComo exemplo de atua\u00e7\u00e3o, pode-se citar a realiza\u00e7\u00e3o de cursos de Forma\u00e7\u00e3o de Gestores Ambientais Comunit\u00e1rios, al\u00e9m da conclus\u00e3o do Plano de Bacia e um projeto de recupera\u00e7\u00e3o de matas ciliares e preserva\u00e7\u00e3o de \u00e1reas verdes na regi\u00e3o, chamado de Verdesinos.<br \/>\nApesar do trabalho no Comitesinos envolver boa parte da capacidade da entidade, o Movimento Roessler tamb\u00e9m est\u00e1 presente no Conselho Estadual de Meio Ambiente (Consema), fiscalizando as a\u00e7\u00f5es do poder p\u00fablico e canalizando den\u00fancias dos cidad\u00e3os.<br \/>\n<span class=\"intertit\">Roessler, o homem<\/span><br \/>\nHenrique Lu\u00eds Roessler, nome inspirador da ONG de Novo Hamburgo, nasceu em Porto Alegre em 16 de novembro de 1896, falecendo na mesma cidade em 14 de novembro de 1963. Foi um dos precursores da prote\u00e7\u00e3o ambiental no Brasil.<br \/>\nFiscalizava fontes poluidoras dos curtumes, derrubada de matas nativas, ca\u00e7a clandestina, sempre denunciando na imprensa os danos ao ambiente. Publicou 301 cr\u00f4nicas no Correio do Povo, sempre procurando alertar sobre os impactos ao meio ambiente, numa \u00e9poca em que pouco se comentava sobre o assunto.<br \/>\nCriou, em 1955, a Uni\u00e3o Protetora da Natureza, com sede em sua pr\u00f3pria casa. Essa entidade morreu com seu fundador.<br \/>\nUm dos mais importantes \u00f3rg\u00e3os ambientais do Rio Grande do Sul, a Fepam &#8211; respons\u00e1vel, entre outras coisas, pela fiscaliza\u00e7\u00e3o e licenciamento de empreendimentos no Estado &#8211; tamb\u00e9m carrega o nome do ambientalista, pois chama-se, oficialmente, Funda\u00e7\u00e3o Estadual de Prote\u00e7\u00e3o Ambiental Henrique Luis Roessler.<br \/>\nEm 2006, a J\u00c1 Editores lan\u00e7ou uma <a href=\"https:\/\/jornalja.com.br\/roessler-o-primeiro-ecopolitico\/\" target=\"_blank\" rel=\"noopener noreferrer\">biografia do ecologista<\/a>, assinada pelo jornalista Ayrton Centeno, que, al\u00e9m da hist\u00f3ria de vida do pioneiro, traz uma compila\u00e7\u00e3o das principais cr\u00f4nicas assinadas por Roessler no Correio do Povo.<\/p>\n","protected":false},"excerpt":{"rendered":"<p>Fundado em 1978, o Movimento Roessler de Defesa Ambiental, com sede em Novo Hamburgo, comemorar\u00e1 40 anos de atividade em 2018. Para marcar a data, a entidade est\u00e1 lan\u00e7ando uma s\u00e9rie de produtos. A meta \u00e9 atingir R$ 12 mil em contribui\u00e7\u00f5es. A arte dos produtos foi desenhada pela ilustradora Silvana Santos e as camisetas [&hellip;]<\/p>\n","protected":false},"author":4,"featured_media":57387,"comment_status":"open","ping_status":"closed","sticky":false,"template":"","format":"standard","meta":{"_jetpack_newsletter_access":"","_jetpack_dont_email_post_to_subs":false,"_jetpack_newsletter_tier_id":0,"_jetpack_memberships_contains_paywalled_content":false,"_jetpack_feature_clip_id":0,"_jetpack_memberships_contains_paid_content":false,"footnotes":"","jetpack_post_was_ever_published":false},"categories":[26],"tags":[],"class_list":["post-57384","post","type-post","status-publish","format-standard","has-post-thumbnail","hentry","category-geral"],"aioseo_notices":[],"aioseo_head":"\n\t\t<!-- All in One SEO 5.0.1.1 - aioseo.com -->\n\t<meta name=\"robots\" content=\"max-image-preview:large\" \/>\n\t<meta name=\"author\" content=\"da Reda\u00e7\u00e3o\"\/>\n\t<link rel=\"canonical\" href=\"https:\/\/www.jornalja.com.br\/arquivo\/movimento-roessler-lanca-campanha-de-financiamento-coletivo-para-comemoracao-dos-40-anos\/\" \/>\n\t<meta name=\"generator\" content=\"All in One SEO (AIOSEO) 5.0.1.1\" \/>\n\t\t<meta property=\"og:locale\" content=\"pt_BR\" \/>\n\t\t<meta property=\"og:site_name\" content=\"Arquivo | Jornal J\u00c1 | Porto Alegre\" \/>\n\t\t<meta property=\"og:type\" content=\"article\" \/>\n\t\t<meta property=\"og:title\" content=\"Movimento Roessler lan\u00e7a campanha de financiamento coletivo para comemora\u00e7\u00e3o dos 40 anos | Arquivo\" \/>\n\t\t<meta property=\"og:url\" content=\"https:\/\/www.jornalja.com.br\/arquivo\/movimento-roessler-lanca-campanha-de-financiamento-coletivo-para-comemoracao-dos-40-anos\/\" \/>\n\t\t<meta property=\"og:image\" content=\"https:\/\/www.jornalja.com.br\/wp-content\/uploads\/2017\/11\/40-anos-verde-trad-400x400.jpg\" \/>\n\t\t<meta property=\"og:image:secure_url\" content=\"https:\/\/www.jornalja.com.br\/wp-content\/uploads\/2017\/11\/40-anos-verde-trad-400x400.jpg\" \/>\n\t\t<meta property=\"article:published_time\" content=\"2017-11-17T14:22:04+00:00\" \/>\n\t\t<meta property=\"article:modified_time\" content=\"2017-11-17T14:22:04+00:00\" \/>\n\t\t<meta name=\"twitter:card\" content=\"summary\" \/>\n\t\t<meta name=\"twitter:title\" content=\"Movimento Roessler lan\u00e7a campanha de financiamento coletivo para comemora\u00e7\u00e3o dos 40 anos | Arquivo\" \/>\n\t\t<meta name=\"twitter:image\" content=\"https:\/\/www.jornalja.com.br\/economics\/wp-content\/uploads\/sites\/11\/2026\/08\/ja-folhaderosto-facebook.jpg\" \/>\n\t\t<script type=\"application\/ld+json\" class=\"aioseo-schema\">\n\t\t\t{\"@context\":\"https:\\\/\\\/schema.org\",\"@graph\":[{\"@type\":\"BlogPosting\",\"@id\":\"https:\\\/\\\/www.jornalja.com.br\\\/arquivo\\\/movimento-roessler-lanca-campanha-de-financiamento-coletivo-para-comemoracao-dos-40-anos\\\/#blogposting\",\"name\":\"Movimento Roessler lan\\u00e7a campanha de financiamento coletivo para comemora\\u00e7\\u00e3o dos 40 anos | Arquivo\",\"headline\":\"Movimento Roessler lan\\u00e7a campanha de financiamento coletivo para comemora\\u00e7\\u00e3o dos 40 anos\",\"author\":{\"@id\":\"https:\\\/\\\/www.jornalja.com.br\\\/arquivo\\\/author\\\/daredacao\\\/#author\"},\"publisher\":{\"@id\":\"https:\\\/\\\/www.jornalja.com.br\\\/arquivo\\\/#organization\"},\"image\":{\"@type\":\"ImageObject\",\"url\":57387},\"datePublished\":\"2017-11-17T11:22:04-02:00\",\"dateModified\":\"2017-11-17T11:22:04-02:00\",\"inLanguage\":\"pt-BR\",\"mainEntityOfPage\":{\"@id\":\"https:\\\/\\\/www.jornalja.com.br\\\/arquivo\\\/movimento-roessler-lanca-campanha-de-financiamento-coletivo-para-comemoracao-dos-40-anos\\\/#webpage\"},\"isPartOf\":{\"@id\":\"https:\\\/\\\/www.jornalja.com.br\\\/arquivo\\\/movimento-roessler-lanca-campanha-de-financiamento-coletivo-para-comemoracao-dos-40-anos\\\/#webpage\"},\"articleSection\":\"Geral\"},{\"@type\":\"BreadcrumbList\",\"@id\":\"https:\\\/\\\/www.jornalja.com.br\\\/arquivo\\\/movimento-roessler-lanca-campanha-de-financiamento-coletivo-para-comemoracao-dos-40-anos\\\/#breadcrumblist\",\"itemListElement\":[{\"@type\":\"ListItem\",\"@id\":\"https:\\\/\\\/www.jornalja.com.br\\\/arquivo#listItem\",\"position\":1,\"name\":\"Home\",\"item\":\"https:\\\/\\\/www.jornalja.com.br\\\/arquivo\",\"nextItem\":{\"@type\":\"ListItem\",\"@id\":\"https:\\\/\\\/www.jornalja.com.br\\\/arquivo\\\/category\\\/geral\\\/#listItem\",\"name\":\"Geral\"}},{\"@type\":\"ListItem\",\"@id\":\"https:\\\/\\\/www.jornalja.com.br\\\/arquivo\\\/category\\\/geral\\\/#listItem\",\"position\":2,\"name\":\"Geral\",\"item\":\"https:\\\/\\\/www.jornalja.com.br\\\/arquivo\\\/category\\\/geral\\\/\",\"nextItem\":{\"@type\":\"ListItem\",\"@id\":\"https:\\\/\\\/www.jornalja.com.br\\\/arquivo\\\/movimento-roessler-lanca-campanha-de-financiamento-coletivo-para-comemoracao-dos-40-anos\\\/#listItem\",\"name\":\"Movimento Roessler lan\\u00e7a campanha de financiamento coletivo para comemora\\u00e7\\u00e3o dos 40 anos\"},\"previousItem\":{\"@type\":\"ListItem\",\"@id\":\"https:\\\/\\\/www.jornalja.com.br\\\/arquivo#listItem\",\"name\":\"Home\"}},{\"@type\":\"ListItem\",\"@id\":\"https:\\\/\\\/www.jornalja.com.br\\\/arquivo\\\/movimento-roessler-lanca-campanha-de-financiamento-coletivo-para-comemoracao-dos-40-anos\\\/#listItem\",\"position\":3,\"name\":\"Movimento Roessler lan\\u00e7a campanha de financiamento coletivo para comemora\\u00e7\\u00e3o dos 40 anos\",\"previousItem\":{\"@type\":\"ListItem\",\"@id\":\"https:\\\/\\\/www.jornalja.com.br\\\/arquivo\\\/category\\\/geral\\\/#listItem\",\"name\":\"Geral\"}}]},{\"@type\":\"Organization\",\"@id\":\"https:\\\/\\\/www.jornalja.com.br\\\/arquivo\\\/#organization\",\"name\":\"Jornal J\\u00c1\",\"description\":\"Jornal J\\u00c1 | Porto Alegre\",\"url\":\"https:\\\/\\\/www.jornalja.com.br\\\/arquivo\\\/\",\"telephone\":\"+555133307272\",\"logo\":{\"@type\":\"ImageObject\",\"url\":\"https:\\\/\\\/www.jornalja.com.br\\\/wp-content\\\/uploads\\\/cards\\\/JAslogan.png\",\"@id\":\"https:\\\/\\\/www.jornalja.com.br\\\/arquivo\\\/movimento-roessler-lanca-campanha-de-financiamento-coletivo-para-comemoracao-dos-40-anos\\\/#organizationLogo\"},\"image\":{\"@id\":\"https:\\\/\\\/www.jornalja.com.br\\\/arquivo\\\/movimento-roessler-lanca-campanha-de-financiamento-coletivo-para-comemoracao-dos-40-anos\\\/#organizationLogo\"}},{\"@type\":\"Person\",\"@id\":\"https:\\\/\\\/www.jornalja.com.br\\\/arquivo\\\/author\\\/daredacao\\\/#author\",\"url\":\"https:\\\/\\\/www.jornalja.com.br\\\/arquivo\\\/author\\\/daredacao\\\/\",\"name\":\"da Reda\\u00e7\\u00e3o\",\"image\":{\"@type\":\"ImageObject\",\"@id\":\"https:\\\/\\\/www.jornalja.com.br\\\/arquivo\\\/movimento-roessler-lanca-campanha-de-financiamento-coletivo-para-comemoracao-dos-40-anos\\\/#authorImage\",\"url\":\"https:\\\/\\\/secure.gravatar.com\\\/avatar\\\/469fd857d6605ad19919d27ed29d35a968a25f6e8fd9318356bbb7f57aae9c65?s=96&d=mm&r=g\",\"width\":96,\"height\":96,\"caption\":\"da Reda\\u00e7\\u00e3o\"}},{\"@type\":\"WebPage\",\"@id\":\"https:\\\/\\\/www.jornalja.com.br\\\/arquivo\\\/movimento-roessler-lanca-campanha-de-financiamento-coletivo-para-comemoracao-dos-40-anos\\\/#webpage\",\"url\":\"https:\\\/\\\/www.jornalja.com.br\\\/arquivo\\\/movimento-roessler-lanca-campanha-de-financiamento-coletivo-para-comemoracao-dos-40-anos\\\/\",\"name\":\"Movimento Roessler lan\\u00e7a campanha de financiamento coletivo para comemora\\u00e7\\u00e3o dos 40 anos | Arquivo\",\"inLanguage\":\"pt-BR\",\"isPartOf\":{\"@id\":\"https:\\\/\\\/www.jornalja.com.br\\\/arquivo\\\/#website\"},\"breadcrumb\":{\"@id\":\"https:\\\/\\\/www.jornalja.com.br\\\/arquivo\\\/movimento-roessler-lanca-campanha-de-financiamento-coletivo-para-comemoracao-dos-40-anos\\\/#breadcrumblist\"},\"author\":{\"@id\":\"https:\\\/\\\/www.jornalja.com.br\\\/arquivo\\\/author\\\/daredacao\\\/#author\"},\"creator\":{\"@id\":\"https:\\\/\\\/www.jornalja.com.br\\\/arquivo\\\/author\\\/daredacao\\\/#author\"},\"image\":{\"@type\":\"ImageObject\",\"url\":57387,\"@id\":\"https:\\\/\\\/www.jornalja.com.br\\\/arquivo\\\/movimento-roessler-lanca-campanha-de-financiamento-coletivo-para-comemoracao-dos-40-anos\\\/#mainImage\"},\"primaryImageOfPage\":{\"@id\":\"https:\\\/\\\/www.jornalja.com.br\\\/arquivo\\\/movimento-roessler-lanca-campanha-de-financiamento-coletivo-para-comemoracao-dos-40-anos\\\/#mainImage\"},\"datePublished\":\"2017-11-17T11:22:04-02:00\",\"dateModified\":\"2017-11-17T11:22:04-02:00\"},{\"@type\":\"WebSite\",\"@id\":\"https:\\\/\\\/www.jornalja.com.br\\\/arquivo\\\/#website\",\"url\":\"https:\\\/\\\/www.jornalja.com.br\\\/arquivo\\\/\",\"name\":\"Arquivo\",\"description\":\"Jornal J\\u00c1 | Porto Alegre\",\"inLanguage\":\"pt-BR\",\"publisher\":{\"@id\":\"https:\\\/\\\/www.jornalja.com.br\\\/arquivo\\\/#organization\"}}]}\n\t\t<\/script>\n\t\t<!-- All in One SEO -->\n\n","aioseo_head_json":{"title":"Movimento Roessler lan\u00e7a campanha de financiamento coletivo para comemora\u00e7\u00e3o dos 40 anos | Arquivo","description":"","canonical_url":"https:\/\/www.jornalja.com.br\/arquivo\/movimento-roessler-lanca-campanha-de-financiamento-coletivo-para-comemoracao-dos-40-anos\/","robots":"max-image-preview:large","keywords":"","webmasterTools":{"miscellaneous":""},"schema":{"@context":"https:\/\/schema.org","@graph":[{"@type":"BlogPosting","@id":"https:\/\/www.jornalja.com.br\/arquivo\/movimento-roessler-lanca-campanha-de-financiamento-coletivo-para-comemoracao-dos-40-anos\/#blogposting","name":"Movimento Roessler lan\u00e7a campanha de financiamento coletivo para comemora\u00e7\u00e3o dos 40 anos | Arquivo","headline":"Movimento Roessler lan\u00e7a campanha de financiamento coletivo para comemora\u00e7\u00e3o dos 40 anos","author":{"@id":"https:\/\/www.jornalja.com.br\/arquivo\/author\/daredacao\/#author"},"publisher":{"@id":"https:\/\/www.jornalja.com.br\/arquivo\/#organization"},"image":{"@type":"ImageObject","url":57387},"datePublished":"2017-11-17T11:22:04-02:00","dateModified":"2017-11-17T11:22:04-02:00","inLanguage":"pt-BR","mainEntityOfPage":{"@id":"https:\/\/www.jornalja.com.br\/arquivo\/movimento-roessler-lanca-campanha-de-financiamento-coletivo-para-comemoracao-dos-40-anos\/#webpage"},"isPartOf":{"@id":"https:\/\/www.jornalja.com.br\/arquivo\/movimento-roessler-lanca-campanha-de-financiamento-coletivo-para-comemoracao-dos-40-anos\/#webpage"},"articleSection":"Geral"},{"@type":"BreadcrumbList","@id":"https:\/\/www.jornalja.com.br\/arquivo\/movimento-roessler-lanca-campanha-de-financiamento-coletivo-para-comemoracao-dos-40-anos\/#breadcrumblist","itemListElement":[{"@type":"ListItem","@id":"https:\/\/www.jornalja.com.br\/arquivo#listItem","position":1,"name":"Home","item":"https:\/\/www.jornalja.com.br\/arquivo","nextItem":{"@type":"ListItem","@id":"https:\/\/www.jornalja.com.br\/arquivo\/category\/geral\/#listItem","name":"Geral"}},{"@type":"ListItem","@id":"https:\/\/www.jornalja.com.br\/arquivo\/category\/geral\/#listItem","position":2,"name":"Geral","item":"https:\/\/www.jornalja.com.br\/arquivo\/category\/geral\/","nextItem":{"@type":"ListItem","@id":"https:\/\/www.jornalja.com.br\/arquivo\/movimento-roessler-lanca-campanha-de-financiamento-coletivo-para-comemoracao-dos-40-anos\/#listItem","name":"Movimento Roessler lan\u00e7a campanha de financiamento coletivo para comemora\u00e7\u00e3o dos 40 anos"},"previousItem":{"@type":"ListItem","@id":"https:\/\/www.jornalja.com.br\/arquivo#listItem","name":"Home"}},{"@type":"ListItem","@id":"https:\/\/www.jornalja.com.br\/arquivo\/movimento-roessler-lanca-campanha-de-financiamento-coletivo-para-comemoracao-dos-40-anos\/#listItem","position":3,"name":"Movimento Roessler lan\u00e7a campanha de financiamento coletivo para comemora\u00e7\u00e3o dos 40 anos","previousItem":{"@type":"ListItem","@id":"https:\/\/www.jornalja.com.br\/arquivo\/category\/geral\/#listItem","name":"Geral"}}]},{"@type":"Organization","@id":"https:\/\/www.jornalja.com.br\/arquivo\/#organization","name":"Jornal J\u00c1","description":"Jornal J\u00c1 | Porto Alegre","url":"https:\/\/www.jornalja.com.br\/arquivo\/","telephone":"+555133307272","logo":{"@type":"ImageObject","url":"https:\/\/www.jornalja.com.br\/wp-content\/uploads\/cards\/JAslogan.png","@id":"https:\/\/www.jornalja.com.br\/arquivo\/movimento-roessler-lanca-campanha-de-financiamento-coletivo-para-comemoracao-dos-40-anos\/#organizationLogo"},"image":{"@id":"https:\/\/www.jornalja.com.br\/arquivo\/movimento-roessler-lanca-campanha-de-financiamento-coletivo-para-comemoracao-dos-40-anos\/#organizationLogo"}},{"@type":"Person","@id":"https:\/\/www.jornalja.com.br\/arquivo\/author\/daredacao\/#author","url":"https:\/\/www.jornalja.com.br\/arquivo\/author\/daredacao\/","name":"da Reda\u00e7\u00e3o","image":{"@type":"ImageObject","@id":"https:\/\/www.jornalja.com.br\/arquivo\/movimento-roessler-lanca-campanha-de-financiamento-coletivo-para-comemoracao-dos-40-anos\/#authorImage","url":"https:\/\/secure.gravatar.com\/avatar\/469fd857d6605ad19919d27ed29d35a968a25f6e8fd9318356bbb7f57aae9c65?s=96&d=mm&r=g","width":96,"height":96,"caption":"da Reda\u00e7\u00e3o"}},{"@type":"WebPage","@id":"https:\/\/www.jornalja.com.br\/arquivo\/movimento-roessler-lanca-campanha-de-financiamento-coletivo-para-comemoracao-dos-40-anos\/#webpage","url":"https:\/\/www.jornalja.com.br\/arquivo\/movimento-roessler-lanca-campanha-de-financiamento-coletivo-para-comemoracao-dos-40-anos\/","name":"Movimento Roessler lan\u00e7a campanha de financiamento coletivo para comemora\u00e7\u00e3o dos 40 anos | Arquivo","inLanguage":"pt-BR","isPartOf":{"@id":"https:\/\/www.jornalja.com.br\/arquivo\/#website"},"breadcrumb":{"@id":"https:\/\/www.jornalja.com.br\/arquivo\/movimento-roessler-lanca-campanha-de-financiamento-coletivo-para-comemoracao-dos-40-anos\/#breadcrumblist"},"author":{"@id":"https:\/\/www.jornalja.com.br\/arquivo\/author\/daredacao\/#author"},"creator":{"@id":"https:\/\/www.jornalja.com.br\/arquivo\/author\/daredacao\/#author"},"image":{"@type":"ImageObject","url":57387,"@id":"https:\/\/www.jornalja.com.br\/arquivo\/movimento-roessler-lanca-campanha-de-financiamento-coletivo-para-comemoracao-dos-40-anos\/#mainImage"},"primaryImageOfPage":{"@id":"https:\/\/www.jornalja.com.br\/arquivo\/movimento-roessler-lanca-campanha-de-financiamento-coletivo-para-comemoracao-dos-40-anos\/#mainImage"},"datePublished":"2017-11-17T11:22:04-02:00","dateModified":"2017-11-17T11:22:04-02:00"},{"@type":"WebSite","@id":"https:\/\/www.jornalja.com.br\/arquivo\/#website","url":"https:\/\/www.jornalja.com.br\/arquivo\/","name":"Arquivo","description":"Jornal J\u00c1 | Porto Alegre","inLanguage":"pt-BR","publisher":{"@id":"https:\/\/www.jornalja.com.br\/arquivo\/#organization"}}]},"og:locale":"pt_BR","og:site_name":"Arquivo | Jornal J\u00c1 | Porto Alegre","og:type":"article","og:title":"Movimento Roessler lan\u00e7a campanha de financiamento coletivo para comemora\u00e7\u00e3o dos 40 anos | Arquivo","og:url":"https:\/\/www.jornalja.com.br\/arquivo\/movimento-roessler-lanca-campanha-de-financiamento-coletivo-para-comemoracao-dos-40-anos\/","og:image":"https:\/\/www.jornalja.com.br\/wp-content\/uploads\/2017\/11\/40-anos-verde-trad-400x400.jpg","og:image:secure_url":"https:\/\/www.jornalja.com.br\/wp-content\/uploads\/2017\/11\/40-anos-verde-trad-400x400.jpg","article:published_time":"2017-11-17T14:22:04+00:00","article:modified_time":"2017-11-17T14:22:04+00:00","twitter:card":"summary","twitter:title":"Movimento Roessler lan\u00e7a campanha de financiamento coletivo para comemora\u00e7\u00e3o dos 40 anos | Arquivo","twitter:image":"https:\/\/www.jornalja.com.br\/economics\/wp-content\/uploads\/sites\/11\/2026\/08\/ja-folhaderosto-facebook.jpg"},"aioseo_meta_data":{"post_id":"57384","title":null,"description":null,"keywords":null,"keyphrases":null,"primary_term":null,"canonical_url":null,"og_title":null,"og_description":null,"og_object_type":"default","og_image_type":"default","og_image_url":null,"og_image_width":null,"og_image_height":null,"og_image_custom_url":null,"og_image_custom_fields":null,"og_video":null,"og_custom_url":null,"og_article_section":null,"og_article_tags":null,"twitter_use_og":false,"twitter_card":"default","twitter_image_type":"default","twitter_image_url":null,"twitter_image_custom_url":null,"twitter_image_custom_fields":null,"twitter_title":null,"twitter_description":null,"schema":{"blockGraphs":[],"customGraphs":[],"default":{"data":{"Article":[],"Course":[],"Dataset":[],"FAQPage":[],"Movie":[],"Person":[],"Product":[],"ProductReview":[],"Car":[],"Recipe":[],"Service":[],"SoftwareApplication":[],"WebPage":[]},"graphName":"","isEnabled":true},"graphs":[],"defaultGraph":"","defaultPostTypeGraph":""},"schema_type":null,"schema_type_options":null,"pillar_content":false,"robots_default":true,"robots_noindex":false,"robots_noarchive":false,"robots_nosnippet":false,"robots_nofollow":false,"robots_noimageindex":false,"robots_noodp":false,"robots_notranslate":false,"robots_max_snippet":null,"robots_max_videopreview":null,"robots_max_imagepreview":"large","priority":null,"frequency":null,"location":null,"local_seo":null,"breadcrumb_settings":null,"limit_modified_date":false,"ai":null,"created":"2020-12-20 20:21:03","updated":"2025-07-20 02:21:29","seo_analyzer_scan_date":null,"focus_keyword":null,"additional_keywords":null,"truseo_locale":null},"jetpack_sharing_enabled":true,"jetpack-related-posts":[{"id":13128,"url":"https:\/\/www.jornalja.com.br\/arquivo\/maconha-terra-diz-que-uso-medicinal-e-desculpa\/","url_meta":{"origin":57384,"position":0},"title":"Maconha: Terra diz que uso medicinal \u00e9 desculpa","author":"Patr\u00edcia Marini","date":"4 de junho de 2014","format":false,"excerpt":"A condi\u00e7\u00e3o de pol\u00edtico, em \u00e9poca de campanha de campanha eleitoral, tira for\u00e7a do discurso do m\u00e9dico Osmar Terra contra a legaliza\u00e7\u00e3o da maconha. A tese dele de que a libera\u00e7\u00e3o vai ampliar exponencialmente o consumo \u00e9 discutivel, o consumo \u00e9 corrente. Mas seus alertas quanto aos riscos tem que\u2026","rel":"","context":"Em &quot;X.Categorias velhas&quot;","block_context":{"text":"X.Categorias velhas","link":"https:\/\/www.jornalja.com.br\/arquivo\/category\/x-categorias-velhas\/"},"img":{"alt_text":"","src":"","width":0,"height":0},"classes":[]},{"id":12960,"url":"https:\/\/www.jornalja.com.br\/arquivo\/populacao-culpa-empresas-pela-greve-dos-rodoviarios\/","url_meta":{"origin":57384,"position":1},"title":"Popula\u00e7\u00e3o culpa empresas pela greve","author":"Patr\u00edcia Marini","date":"14 de fevereiro de 2014","format":false,"excerpt":"Pesquisa divulgada na edi\u00e7\u00e3o do jornal Metro desta sexta-feira,14, comprova o velho ditado: \u00e9 poss\u00edvel enganar muitos por algum tempo, mas n\u00e3o \u00e9 poss\u00edvel enganar a todos o tempo inteiro. A principal revela\u00e7\u00e3o foi que 59,8% dos entrevistados apontaram as empresas como as principais respons\u00e1veis pela grave e 46% culparam\u2026","rel":"","context":"Em &quot;X.Categorias velhas&quot;","block_context":{"text":"X.Categorias velhas","link":"https:\/\/www.jornalja.com.br\/arquivo\/category\/x-categorias-velhas\/"},"img":{"alt_text":"","src":"","width":0,"height":0},"classes":[]},{"id":13101,"url":"https:\/\/www.jornalja.com.br\/arquivo\/morre-um-guerreiro-do-texto\/","url_meta":{"origin":57384,"position":2},"title":"Morre um guerreiro do texto","author":"Patr\u00edcia Marini","date":"14 de maio de 2014","format":false,"excerpt":"Por Ricardo Kotscho Reproduzido do blog do autor, 11\/5\/2014; t\u00edtulo original \u201cE l\u00e1 se foi o nosso Myltainho, guerreiro do texto\u201d. Mi\u00fado e franzino, meu amigo Myltainho era um valente e inconformado guerreiro na luta contra as injusti\u00e7as sociais, a hipocrisia, as maracutaias, o autoritarismo, a intoler\u00e2ncia, a viol\u00eancia, o\u2026","rel":"","context":"Em &quot;Geral&quot;","block_context":{"text":"Geral","link":"https:\/\/www.jornalja.com.br\/arquivo\/category\/geral\/"},"img":{"alt_text":"","src":"","width":0,"height":0},"classes":[]},{"id":13240,"url":"https:\/\/www.jornalja.com.br\/arquivo\/plano-diretor-estamos-construindo-o-caos\/","url_meta":{"origin":57384,"position":3},"title":"Plano diretor: &quot;Estamos construindo o caos&quot;","author":"Patr\u00edcia Marini","date":"26 de maio de 2014","format":false,"excerpt":"Desabafo que arquiteta Eliana Castilhos, delegada da Regi\u00e3o de Planejamento 1, postou nas redes sociais \u00e9 um testemunho do ambiente que se criou no Conselho do Plano Diretor de Porto Alegre, onde a aprova\u00e7\u00e3o de grandes empreendimentos \u00e9 empurrada guela abaixo dos conselheiros. Ao CMDUA Como delegada da Regi\u00e3o de\u2026","rel":"","context":"Em &quot;Geral&quot;","block_context":{"text":"Geral","link":"https:\/\/www.jornalja.com.br\/arquivo\/category\/geral\/"},"img":{"alt_text":"","src":"","width":0,"height":0},"classes":[]},{"id":1280,"url":"https:\/\/www.jornalja.com.br\/arquivo\/o-menino-que-se-tornou-brizola\/","url_meta":{"origin":57384,"position":4},"title":"O Menino que se Tornou Brizola","author":"da Reda\u00e7\u00e3o","date":"28 de julho de 2008","format":false,"excerpt":"Autor: Cleber Dioni A vida de Leonel Brizola, com \u00eanfase para os primeiros anos em Porto Alegre, at\u00e9 o ex\u00edlio no Uruguai e a volta, quinze anos depois. \u00a0\"...\u00c9ramos todos jovens e nos identific\u00e1vamos com aquela massa an\u00f4nima a percorrer as ruas de Porto Alegre, gritando 'Get\u00falio', 'Get\u00falio' e empunhando\u2026","rel":"","context":"Em &quot;Livros&quot;","block_context":{"text":"Livros","link":"https:\/\/www.jornalja.com.br\/arquivo\/category\/livros\/"},"img":{"alt_text":"","src":"https:\/\/i0.wp.com\/www.jornalja.com.br\/wp-content\/uploads\/2008\/07\/brizola.gif?resize=350%2C200&ssl=1","width":350,"height":200},"classes":[]},{"id":13124,"url":"https:\/\/www.jornalja.com.br\/arquivo\/sangue-latino-no-iecine\/","url_meta":{"origin":57384,"position":5},"title":"Sangue latino no IECINE","author":"da Reda\u00e7\u00e3o","date":"18 de maio de 2014","format":false,"excerpt":"Francisco Ribeiro O Instituto Estadual de Cinema (IECINE) tem a frente, desde abril \u00faltimo, um novo diretor, o cineasta colombiano Juan Zapata, 36, que substitui Luiz Alberto Cassol. Radicado h\u00e1 dez anos em Porto Alegre, Zapata tem diante de si o desafio de conduzir at\u00e9 o final do ano um\u2026","rel":"","context":"Em &quot;Cultura-Geral&quot;","block_context":{"text":"Cultura-Geral","link":"https:\/\/www.jornalja.com.br\/arquivo\/category\/materiasecundaria\/"},"img":{"alt_text":"","src":"","width":0,"height":0},"classes":[]}],"jetpack_shortlink":"https:\/\/wp.me\/pbQjBd-eVy","jetpack_featured_media_url":"","_links":{"self":[{"href":"https:\/\/www.jornalja.com.br\/arquivo\/wp-json\/wp\/v2\/posts\/57384","targetHints":{"allow":["GET"]}}],"collection":[{"href":"https:\/\/www.jornalja.com.br\/arquivo\/wp-json\/wp\/v2\/posts"}],"about":[{"href":"https:\/\/www.jornalja.com.br\/arquivo\/wp-json\/wp\/v2\/types\/post"}],"author":[{"embeddable":true,"href":"https:\/\/www.jornalja.com.br\/arquivo\/wp-json\/wp\/v2\/users\/4"}],"replies":[{"embeddable":true,"href":"https:\/\/www.jornalja.com.br\/arquivo\/wp-json\/wp\/v2\/comments?post=57384"}],"version-history":[{"count":0,"href":"https:\/\/www.jornalja.com.br\/arquivo\/wp-json\/wp\/v2\/posts\/57384\/revisions"}],"wp:attachment":[{"href":"https:\/\/www.jornalja.com.br\/arquivo\/wp-json\/wp\/v2\/media?parent=57384"}],"wp:term":[{"taxonomy":"category","embeddable":true,"href":"https:\/\/www.jornalja.com.br\/arquivo\/wp-json\/wp\/v2\/categories?post=57384"},{"taxonomy":"post_tag","embeddable":true,"href":"https:\/\/www.jornalja.com.br\/arquivo\/wp-json\/wp\/v2\/tags?post=57384"}],"curies":[{"name":"wp","href":"https:\/\/api.w.org\/{rel}","templated":true}]}}