{"id":57417,"date":"2017-11-18T13:14:53","date_gmt":"2017-11-18T16:14:53","guid":{"rendered":"https:\/\/www.jornalja.com.br\/?p=57417"},"modified":"2017-11-18T13:14:53","modified_gmt":"2017-11-18T16:14:53","slug":"carris-do-lucro-a-um-deficit-de-50-milhoes-em-sete-anos","status":"publish","type":"post","link":"https:\/\/www.jornalja.com.br\/arquivo\/carris-do-lucro-a-um-deficit-de-50-milhoes-em-sete-anos\/","title":{"rendered":"Carris: do lucro a um d\u00e9ficit anual de 50 milh\u00f5es, em sete anos"},"content":{"rendered":"<p>Desde o come\u00e7o da d\u00e9cada, a empresa p\u00fablica de \u00f4nibus de Porto Alegre vem apresentando uma queda vertiginosa. Preju\u00edzos enormes e crescentes, diminui\u00e7\u00e3o na qualidade do servi\u00e7o e graves problemas de gest\u00e3o, chegando a ter mais de cem \u00f4nibus parados por falta de pe\u00e7a.<br \/>\nAt\u00e9 2010, a Carris dava lucro. Os balan\u00e7os eram positivos e a empresa recebia pr\u00eamios pela qualidade do servi\u00e7o. Nos anos anteriores, chegou a ser escolhida duas vezes a melhor empresa de transporte p\u00fablico do Brasil, em 1999 e 2001.<br \/>\nFoi no in\u00edcio da gest\u00e3o de Jos\u00e9 Fortunati na prefeitura que a empresa come\u00e7ou a apresentar preju\u00edzos. Em 2011, o preju\u00edzo foi de quase R$ 6 milh\u00f5es. Em 2012, um salto negativo: mais de R$ 21 milh\u00f5es negativos. O d\u00e9ficit nas contas da empresa chegaram a mais de R$ 50 milh\u00f5es em 2015 e 2016. Para este ano, a previs\u00e3o \u00e9 de resultados ainda piores.<br \/>\nFuncion\u00e1rios j\u00e1 falaram publicamente que h\u00e1 um processo de sucateamento provocado. Reclamam tamb\u00e9m de ass\u00e9dio e falta de di\u00e1logo, por parte da nova dire\u00e7\u00e3o. Desde o in\u00edcio de ano, um diretor-presidente rec\u00e9m nomeado,\u00a0Lu\u00eds Fernando Ferreira, em fevereiro, e uma procuradora, Jaqueline Sim\u00f5es, em julho, pediram demiss\u00e3o da Carris.<br \/>\nAo longo de quase onze meses de governo, a atual gest\u00e3o n\u00e3o apresentou um plano de recupera\u00e7\u00e3o para a empresa. Periodicamente, o prefeito Nelson Marchezan J\u00fanior cita a Carris como um problema em suas entrevistas. Agora, Marchezan subiu o tom. Afirmou que a empresa n\u00e3o \u00e9 mais vi\u00e1vel e est\u00e1 com seus dias contados.<br \/>\n<span class=\"intertit\">Mais de cem \u00f4nibus parados<\/span><br \/>\n<figure id=\"attachment_57404\" aria-describedby=\"caption-attachment-57404\" style=\"width: 400px\" class=\"wp-caption alignnone\"><img loading=\"lazy\" decoding=\"async\" class=\"wp-image-57404 size-medium\" src=\"https:\/\/www.jornalja.com.br\/wp-content\/uploads\/2017\/11\/carris-22-Copia-400x266.jpg\" alt=\"\" width=\"400\" height=\"266\" \/><figcaption id=\"caption-attachment-57404\" class=\"wp-caption-text\">Carris deixa de realizar at\u00e9 300 viagens por dia devido a problemas em ve\u00edculos. O preju\u00edzo mensal com a falta dessa arrecada\u00e7\u00e3o chega a R$ 2 milh\u00f5es por m\u00eas \/ Ricardo Stricher \/ J\u00c1<\/figcaption><\/figure><br \/>\nCom cento e quarenta e cinco anos de servi\u00e7os prestados, levando e trazendo a popula\u00e7\u00e3o de Porto Alegre, de bonde ou de \u00f4nibus, a Carris v\u00ea no horizonte o fim da linha. Pelo menos \u00e9 o que se desenha, na gest\u00e3o do prefeito Nelson Marchezan J\u00fanior, para o modelo de empresa p\u00fablica de transporte de passageiros.<br \/>\nSe ao longo da campanha eleitoral, a possibilidade de venda da empresa era negada pelo ent\u00e3o candidato Marchezan, desde que assumiu o Pa\u00e7o, o prefeito volta e meia d\u00e1 o recado. Recentemente, Marchezan foi taxativo: \u201ca Carris est\u00e1 com os dias contados.\u201d O prefeito j\u00e1 apresentou as tr\u00eas possibilidades: privatiza\u00e7\u00e3o, venda ou extin\u00e7\u00e3o.<br \/>\nUm mar de \u00f4nibus parados, na garagem da empresa, \u00e9 o retrato da grave crise de gest\u00e3o. Um ter\u00e7o da frota da Carris n\u00e3o vai para a rua, garante funcion\u00e1rios da empresa. Ao longo deste semestre, o n\u00famero varia entre 100 e 120 autom\u00f3veis parados, a maioria por falta de pe\u00e7as. No dia 14, dos 347 carros da frota, 112 n\u00e3o tiveram condi\u00e7\u00f5es de sair.<br \/>\n\u201cConsiderando que j\u00e1 passamos muito do n\u00famero da frota reserva (32), todos os dias s\u00e3o cerca de 80 \u00f4nibus que n\u00e3o andam pela cidade, cerca de 300 viagens que deixam de serem realizadas. \u00c9 a realidade atual\u201d, lamenta o delegado sindical da Carris, Felipe Suteles. Segundo o sindicalista, a situa\u00e7\u00e3o, que vem piorando gradualmente na \u00faltima d\u00e9cada, piorou de vez nos \u00faltimos meses.<br \/>\nQuase metade dos autom\u00f3veis s\u00e3o da Volvo e a reposi\u00e7\u00e3o de pe\u00e7as depende de um contrato com a montadora. Assim, ve\u00edculos novos, com falta de pe\u00e7as simples, dividem o espa\u00e7o com carca\u00e7as que j\u00e1 foram descartadas. \u201cH\u00e1 \u00f4nibus parados por falta de parafusos de poucos reais\u201d, lamenta.<br \/>\nA falta de entendimento entre os funcion\u00e1rios, dire\u00e7\u00e3o e o prefeito tamb\u00e9m tem se tornado uma rotina. Na mais recente controv\u00e9rsia, Marchezan declarou em entrevista que o alto \u00edndice de roubo de pe\u00e7as \u00e9 uma das causas da situa\u00e7\u00e3o prec\u00e1ria da empresa. Os funcion\u00e1rios responderam com indicativo de greve, mensagens pela internet e panfletos distribu\u00eddos para a popula\u00e7\u00e3o. \u201cJ\u00e1 houve alguns furtos de pe\u00e7as, sim, mas justificar a precariedade atual com isso \u00e9 criminoso\u201d, classifica Suteles.<br \/>\nEm entrevista recente, Marchezan afirmou que o \u00edndice de furto de pe\u00e7as na empresa \u00e9 muito alto. Funcion\u00e1rios reagiram, afirmando que a inten\u00e7\u00e3o do prefeito \u00e9 desmoralizar os servidores. Um procedimento interno est\u00e1 apurando a den\u00fancia. Funcion\u00e1rios da empresa ainda se queixam de uma rotina de ass\u00e9dio por parte da dire\u00e7\u00e3o.\u00a0\u201cForam revistar o meu carro na sa\u00edda, eu disse \u2018pode revistar, se tiver roubo n\u00e3o \u00e9 aqui, \u00e9 l\u00e1 dentro\u201d, afirmou um servidor da companhia que n\u00e3o quis ser identificado.<br \/>\n<span class=\"intertit\">Tribunal de Contas: auditoria especial n\u00e3o \u00e9 necess\u00e1ria <\/span><br \/>\nO caso da Carris chegou ao judici\u00e1rio. Vereadores do PT pediram provid\u00eancias ao procurador geral do Minist\u00e9rio P\u00fablico de Contas (MPC), Geraldo Da Camino. Em junho, o MPC solicitou \u00e0 presid\u00eancia da companhia um rela\u00e7\u00e3o da frota constando quantos ve\u00edculos estavam em circula\u00e7\u00e3o e quantos estavam parados.<br \/>\nTamb\u00e9m foram questionados se a frota atual era suficiente para atender a demanda exigida e se a empresa cumpria os hor\u00e1rios e itiner\u00e1rios. A Carris respondeu que haviam 47 ve\u00edculos retirados por problemas mec\u00e2nicos aguardando manuten\u00e7\u00e3o, um n\u00famero bem abaixo do denunciado por funcion\u00e1rios da empresa.<br \/>\nEm agosto, Da Camino pediu ao Tribunal de Contas (TCE) uma auditoria na Carris em raz\u00e3o de um poss\u00edvel sucateamento da frota, al\u00e9m dos preju\u00edzos acumulados nos \u00faltimos exerc\u00edcios. Em outubro, uma nova manifesta\u00e7\u00e3o do MPC foi entregue ao Tribunal de Contas. Nela, o procurador pediu \u201cque seja elaborado diagn\u00f3stico atualizado da gest\u00e3o operacional da Carris\u201d. Da Camino tamb\u00e9m pediu que a apura\u00e7\u00e3o tivesse car\u00e1ter obrigat\u00f3rio.<br \/>\nO TCE n\u00e3o realizar\u00e1 uma auditoria especial como quer o procurador. Segundo a assessoria de imprensa do Tribunal, a \u00e1rea t\u00e9cnica do \u00f3rg\u00e3o analisou o pedido do MPC e avaliou n\u00e3o ser necess\u00e1ria a auditoria especial, visto que o TCE avaliar\u00e1 os mesmos itens e pontos questionados por Da Camino no relat\u00f3rio 2017-2018 da empresa.<br \/>\n<span class=\"intertit\">Do sucateamento ao d\u00e9ficit<\/span><br \/>\nDesde o ano passado, as empresas privadas de \u00f4nibus da Capital ga\u00facha vem reclamando de preju\u00edzos na presta\u00e7\u00e3o do servi\u00e7o. Atualmente, nenhum dos cons\u00f3rcios consegue cumprir a tabela, gerando centenas de multas emitidas pela EPTC. As gratuidades e a redu\u00e7\u00e3o na quantidade de passageiros do sistema ent\u00e3o entre as causas apontadas. Entretanto, o problema da Carris \u00e9 anterior.<br \/>\nEm duas ocasi\u00f5es foi eleita a melhor empresa de transporte p\u00fablico do Brasil pela ANTP (Associa\u00e7\u00e3o Nacional dos Transportes P\u00fablicos), em 1999 e em 2001. \u00c9 tamb\u00e9m a empresa de transporte p\u00fablico mais lembrada pelos porto-alegrenses, com 17 pr\u00eamios Top of Mind, promovido pela revista Amanh\u00e3.<br \/>\nEm seis anos<img loading=\"lazy\" decoding=\"async\" class=\"alignleft wp-image-57432\" src=\"https:\/\/www.jornalja.com.br\/wp-content\/uploads\/2017\/11\/JAPoA-NOV17-04e05_ARTE.jpg\" alt=\"\" width=\"327\" height=\"279\" \/>, a companhia passou de refer\u00eancia no transporte p\u00fablico do pa\u00eds a empresa deficit\u00e1ria a caminho da privatiza\u00e7\u00e3o. At\u00e9 2010, os balan\u00e7os eram positivos. Em 2011, come\u00e7aram os crescentes preju\u00edzos. Para este ano, a proje\u00e7\u00e3o \u00e9 de que os cofres do Munic\u00edpio precisem colocar aproximadamente R$ 60 milh\u00f5es para zerar as contas.<br \/>\nAo longo deste per\u00edodo, foram abertos procedimentos para apurar irregularidades. Em 2016, o ex-diretor-presidente, S\u00e9rgio Zimmermann, foi condenado a devolver R$ 317 mil.<br \/>\nO diretor nomeado por Marchezan para criar um plano de salva\u00e7\u00e3o da empresa, Luis Fernando Ferreira, durou apenas 20 dias no cargo e pediu demiss\u00e3o. A vaga foi ocupada quase dois meses depois por Helen Machado, que assumiu afirmando n\u00e3o se tratar de um problema para ser resolvido \u201cem dois ou seis meses\u201d. At\u00e9 o momento, n\u00e3o foi anunciado nenhum plano de recupera\u00e7\u00e3o para a Carris.<br \/>\n<span class=\"intertit\">O que diz a dire\u00e7\u00e3o <\/span><br \/>\nAo longo de uma semana, o J\u00c1 tentou entrevistar a dire\u00e7\u00e3o da Carris. Na tarde de sexta-feira, 17, a empresa enviou uma resposta por email ao jornal. A Carris afirma que o contrato com a Volvo foi retomado e 50 \u00f4nibus voltaram a circular na primeira quinzena de novembro.<br \/>\nA frota total \u00e9 de 347 \u00f4nibus, sendo 32 destinados \u00e0 reserva. No dia 17, eram apenas 33 carros retidos, segundo a dire\u00e7\u00e3o. A empresa ainda coloca que est\u00e1 implementando projetos de manuten\u00e7\u00e3o preventiva dos ve\u00edculos. o que n\u00e3o era feito anteriormente.<br \/>\n<figure id=\"attachment_57405\" aria-describedby=\"caption-attachment-57405\" style=\"width: 400px\" class=\"wp-caption alignnone\"><img loading=\"lazy\" decoding=\"async\" class=\"size-medium wp-image-57405\" src=\"https:\/\/www.jornalja.com.br\/wp-content\/uploads\/2017\/11\/carris-25-Copia-400x266.jpg\" alt=\"\" width=\"400\" height=\"266\" \/><figcaption id=\"caption-attachment-57405\" class=\"wp-caption-text\">Parte do dep\u00f3sito \u00e9 um ferro velho a c\u00e9u aberto. Uso de pe\u00e7as de carros velhos, pr\u00e1tica adotada para tentar minimizar falta de pe\u00e7as, foi proibida pela nova dire\u00e7\u00e3o \/ Ricardo Stricher \/ J\u00c1<\/figcaption><\/figure><\/p>\n","protected":false},"excerpt":{"rendered":"<p>Desde o come\u00e7o da d\u00e9cada, a empresa p\u00fablica de \u00f4nibus de Porto Alegre vem apresentando uma queda vertiginosa. Preju\u00edzos enormes e crescentes, diminui\u00e7\u00e3o na qualidade do servi\u00e7o e graves problemas de gest\u00e3o, chegando a ter mais de cem \u00f4nibus parados por falta de pe\u00e7a. At\u00e9 2010, a Carris dava lucro. Os balan\u00e7os eram positivos e [&hellip;]<\/p>\n","protected":false},"author":4,"featured_media":57401,"comment_status":"open","ping_status":"closed","sticky":false,"template":"","format":"standard","meta":{"_jetpack_newsletter_access":"","_jetpack_dont_email_post_to_subs":false,"_jetpack_newsletter_tier_id":0,"_jetpack_memberships_contains_paywalled_content":false,"_jetpack_feature_clip_id":0,"_jetpack_memberships_contains_paid_content":false,"footnotes":"","jetpack_post_was_ever_published":false},"categories":[26],"tags":[],"class_list":["post-57417","post","type-post","status-publish","format-standard","has-post-thumbnail","hentry","category-geral"],"aioseo_notices":[],"aioseo_head":"\n\t\t<!-- All in One SEO 5.0.1.1 - aioseo.com -->\n\t<meta name=\"robots\" content=\"max-image-preview:large\" \/>\n\t<meta name=\"author\" content=\"da Reda\u00e7\u00e3o\"\/>\n\t<link rel=\"canonical\" href=\"https:\/\/www.jornalja.com.br\/arquivo\/carris-do-lucro-a-um-deficit-de-50-milhoes-em-sete-anos\/\" \/>\n\t<meta name=\"generator\" content=\"All in One SEO (AIOSEO) 5.0.1.1\" \/>\n\t\t<meta property=\"og:locale\" content=\"pt_BR\" \/>\n\t\t<meta property=\"og:site_name\" content=\"Arquivo | Jornal J\u00c1 | Porto Alegre\" \/>\n\t\t<meta property=\"og:type\" content=\"article\" \/>\n\t\t<meta property=\"og:title\" content=\"Carris: do lucro a um d\u00e9ficit anual de 50 milh\u00f5es, em sete anos | Arquivo\" \/>\n\t\t<meta property=\"og:url\" content=\"https:\/\/www.jornalja.com.br\/arquivo\/carris-do-lucro-a-um-deficit-de-50-milhoes-em-sete-anos\/\" \/>\n\t\t<meta property=\"og:image\" content=\"https:\/\/www.jornalja.com.br\/wp-content\/uploads\/2017\/11\/carris-22-Copia-400x266.jpg\" \/>\n\t\t<meta property=\"og:image:secure_url\" content=\"https:\/\/www.jornalja.com.br\/wp-content\/uploads\/2017\/11\/carris-22-Copia-400x266.jpg\" \/>\n\t\t<meta property=\"article:published_time\" content=\"2017-11-18T16:14:53+00:00\" \/>\n\t\t<meta property=\"article:modified_time\" content=\"2017-11-18T16:14:53+00:00\" \/>\n\t\t<meta name=\"twitter:card\" content=\"summary\" \/>\n\t\t<meta name=\"twitter:title\" content=\"Carris: do lucro a um d\u00e9ficit anual de 50 milh\u00f5es, em sete anos | Arquivo\" \/>\n\t\t<meta name=\"twitter:image\" content=\"https:\/\/www.jornalja.com.br\/economics\/wp-content\/uploads\/sites\/11\/2026\/08\/ja-folhaderosto-facebook.jpg\" \/>\n\t\t<script type=\"application\/ld+json\" class=\"aioseo-schema\">\n\t\t\t{\"@context\":\"https:\\\/\\\/schema.org\",\"@graph\":[{\"@type\":\"BlogPosting\",\"@id\":\"https:\\\/\\\/www.jornalja.com.br\\\/arquivo\\\/carris-do-lucro-a-um-deficit-de-50-milhoes-em-sete-anos\\\/#blogposting\",\"name\":\"Carris: do lucro a um d\\u00e9ficit anual de 50 milh\\u00f5es, em sete anos | Arquivo\",\"headline\":\"Carris: do lucro a um d\\u00e9ficit anual de 50 milh\\u00f5es, em sete anos\",\"author\":{\"@id\":\"https:\\\/\\\/www.jornalja.com.br\\\/arquivo\\\/author\\\/daredacao\\\/#author\"},\"publisher\":{\"@id\":\"https:\\\/\\\/www.jornalja.com.br\\\/arquivo\\\/#organization\"},\"image\":{\"@type\":\"ImageObject\",\"url\":57401},\"datePublished\":\"2017-11-18T13:14:53-02:00\",\"dateModified\":\"2017-11-18T13:14:53-02:00\",\"inLanguage\":\"pt-BR\",\"mainEntityOfPage\":{\"@id\":\"https:\\\/\\\/www.jornalja.com.br\\\/arquivo\\\/carris-do-lucro-a-um-deficit-de-50-milhoes-em-sete-anos\\\/#webpage\"},\"isPartOf\":{\"@id\":\"https:\\\/\\\/www.jornalja.com.br\\\/arquivo\\\/carris-do-lucro-a-um-deficit-de-50-milhoes-em-sete-anos\\\/#webpage\"},\"articleSection\":\"Geral\"},{\"@type\":\"BreadcrumbList\",\"@id\":\"https:\\\/\\\/www.jornalja.com.br\\\/arquivo\\\/carris-do-lucro-a-um-deficit-de-50-milhoes-em-sete-anos\\\/#breadcrumblist\",\"itemListElement\":[{\"@type\":\"ListItem\",\"@id\":\"https:\\\/\\\/www.jornalja.com.br\\\/arquivo#listItem\",\"position\":1,\"name\":\"Home\",\"item\":\"https:\\\/\\\/www.jornalja.com.br\\\/arquivo\",\"nextItem\":{\"@type\":\"ListItem\",\"@id\":\"https:\\\/\\\/www.jornalja.com.br\\\/arquivo\\\/category\\\/geral\\\/#listItem\",\"name\":\"Geral\"}},{\"@type\":\"ListItem\",\"@id\":\"https:\\\/\\\/www.jornalja.com.br\\\/arquivo\\\/category\\\/geral\\\/#listItem\",\"position\":2,\"name\":\"Geral\",\"item\":\"https:\\\/\\\/www.jornalja.com.br\\\/arquivo\\\/category\\\/geral\\\/\",\"nextItem\":{\"@type\":\"ListItem\",\"@id\":\"https:\\\/\\\/www.jornalja.com.br\\\/arquivo\\\/carris-do-lucro-a-um-deficit-de-50-milhoes-em-sete-anos\\\/#listItem\",\"name\":\"Carris: do lucro a um d\\u00e9ficit anual de 50 milh\\u00f5es, em sete anos\"},\"previousItem\":{\"@type\":\"ListItem\",\"@id\":\"https:\\\/\\\/www.jornalja.com.br\\\/arquivo#listItem\",\"name\":\"Home\"}},{\"@type\":\"ListItem\",\"@id\":\"https:\\\/\\\/www.jornalja.com.br\\\/arquivo\\\/carris-do-lucro-a-um-deficit-de-50-milhoes-em-sete-anos\\\/#listItem\",\"position\":3,\"name\":\"Carris: do lucro a um d\\u00e9ficit anual de 50 milh\\u00f5es, em sete anos\",\"previousItem\":{\"@type\":\"ListItem\",\"@id\":\"https:\\\/\\\/www.jornalja.com.br\\\/arquivo\\\/category\\\/geral\\\/#listItem\",\"name\":\"Geral\"}}]},{\"@type\":\"Organization\",\"@id\":\"https:\\\/\\\/www.jornalja.com.br\\\/arquivo\\\/#organization\",\"name\":\"Jornal J\\u00c1\",\"description\":\"Jornal J\\u00c1 | Porto Alegre\",\"url\":\"https:\\\/\\\/www.jornalja.com.br\\\/arquivo\\\/\",\"telephone\":\"+555133307272\",\"logo\":{\"@type\":\"ImageObject\",\"url\":\"https:\\\/\\\/www.jornalja.com.br\\\/wp-content\\\/uploads\\\/cards\\\/JAslogan.png\",\"@id\":\"https:\\\/\\\/www.jornalja.com.br\\\/arquivo\\\/carris-do-lucro-a-um-deficit-de-50-milhoes-em-sete-anos\\\/#organizationLogo\"},\"image\":{\"@id\":\"https:\\\/\\\/www.jornalja.com.br\\\/arquivo\\\/carris-do-lucro-a-um-deficit-de-50-milhoes-em-sete-anos\\\/#organizationLogo\"}},{\"@type\":\"Person\",\"@id\":\"https:\\\/\\\/www.jornalja.com.br\\\/arquivo\\\/author\\\/daredacao\\\/#author\",\"url\":\"https:\\\/\\\/www.jornalja.com.br\\\/arquivo\\\/author\\\/daredacao\\\/\",\"name\":\"da Reda\\u00e7\\u00e3o\",\"image\":{\"@type\":\"ImageObject\",\"@id\":\"https:\\\/\\\/www.jornalja.com.br\\\/arquivo\\\/carris-do-lucro-a-um-deficit-de-50-milhoes-em-sete-anos\\\/#authorImage\",\"url\":\"https:\\\/\\\/secure.gravatar.com\\\/avatar\\\/469fd857d6605ad19919d27ed29d35a968a25f6e8fd9318356bbb7f57aae9c65?s=96&d=mm&r=g\",\"width\":96,\"height\":96,\"caption\":\"da Reda\\u00e7\\u00e3o\"}},{\"@type\":\"WebPage\",\"@id\":\"https:\\\/\\\/www.jornalja.com.br\\\/arquivo\\\/carris-do-lucro-a-um-deficit-de-50-milhoes-em-sete-anos\\\/#webpage\",\"url\":\"https:\\\/\\\/www.jornalja.com.br\\\/arquivo\\\/carris-do-lucro-a-um-deficit-de-50-milhoes-em-sete-anos\\\/\",\"name\":\"Carris: do lucro a um d\\u00e9ficit anual de 50 milh\\u00f5es, em sete anos | Arquivo\",\"inLanguage\":\"pt-BR\",\"isPartOf\":{\"@id\":\"https:\\\/\\\/www.jornalja.com.br\\\/arquivo\\\/#website\"},\"breadcrumb\":{\"@id\":\"https:\\\/\\\/www.jornalja.com.br\\\/arquivo\\\/carris-do-lucro-a-um-deficit-de-50-milhoes-em-sete-anos\\\/#breadcrumblist\"},\"author\":{\"@id\":\"https:\\\/\\\/www.jornalja.com.br\\\/arquivo\\\/author\\\/daredacao\\\/#author\"},\"creator\":{\"@id\":\"https:\\\/\\\/www.jornalja.com.br\\\/arquivo\\\/author\\\/daredacao\\\/#author\"},\"image\":{\"@type\":\"ImageObject\",\"url\":57401,\"@id\":\"https:\\\/\\\/www.jornalja.com.br\\\/arquivo\\\/carris-do-lucro-a-um-deficit-de-50-milhoes-em-sete-anos\\\/#mainImage\"},\"primaryImageOfPage\":{\"@id\":\"https:\\\/\\\/www.jornalja.com.br\\\/arquivo\\\/carris-do-lucro-a-um-deficit-de-50-milhoes-em-sete-anos\\\/#mainImage\"},\"datePublished\":\"2017-11-18T13:14:53-02:00\",\"dateModified\":\"2017-11-18T13:14:53-02:00\"},{\"@type\":\"WebSite\",\"@id\":\"https:\\\/\\\/www.jornalja.com.br\\\/arquivo\\\/#website\",\"url\":\"https:\\\/\\\/www.jornalja.com.br\\\/arquivo\\\/\",\"name\":\"Arquivo\",\"description\":\"Jornal J\\u00c1 | Porto Alegre\",\"inLanguage\":\"pt-BR\",\"publisher\":{\"@id\":\"https:\\\/\\\/www.jornalja.com.br\\\/arquivo\\\/#organization\"}}]}\n\t\t<\/script>\n\t\t<!-- All in One SEO -->\n\n","aioseo_head_json":{"title":"Carris: do lucro a um d\u00e9ficit anual de 50 milh\u00f5es, em sete anos | Arquivo","description":"","canonical_url":"https:\/\/www.jornalja.com.br\/arquivo\/carris-do-lucro-a-um-deficit-de-50-milhoes-em-sete-anos\/","robots":"max-image-preview:large","keywords":"","webmasterTools":{"miscellaneous":""},"schema":{"@context":"https:\/\/schema.org","@graph":[{"@type":"BlogPosting","@id":"https:\/\/www.jornalja.com.br\/arquivo\/carris-do-lucro-a-um-deficit-de-50-milhoes-em-sete-anos\/#blogposting","name":"Carris: do lucro a um d\u00e9ficit anual de 50 milh\u00f5es, em sete anos | Arquivo","headline":"Carris: do lucro a um d\u00e9ficit anual de 50 milh\u00f5es, em sete anos","author":{"@id":"https:\/\/www.jornalja.com.br\/arquivo\/author\/daredacao\/#author"},"publisher":{"@id":"https:\/\/www.jornalja.com.br\/arquivo\/#organization"},"image":{"@type":"ImageObject","url":57401},"datePublished":"2017-11-18T13:14:53-02:00","dateModified":"2017-11-18T13:14:53-02:00","inLanguage":"pt-BR","mainEntityOfPage":{"@id":"https:\/\/www.jornalja.com.br\/arquivo\/carris-do-lucro-a-um-deficit-de-50-milhoes-em-sete-anos\/#webpage"},"isPartOf":{"@id":"https:\/\/www.jornalja.com.br\/arquivo\/carris-do-lucro-a-um-deficit-de-50-milhoes-em-sete-anos\/#webpage"},"articleSection":"Geral"},{"@type":"BreadcrumbList","@id":"https:\/\/www.jornalja.com.br\/arquivo\/carris-do-lucro-a-um-deficit-de-50-milhoes-em-sete-anos\/#breadcrumblist","itemListElement":[{"@type":"ListItem","@id":"https:\/\/www.jornalja.com.br\/arquivo#listItem","position":1,"name":"Home","item":"https:\/\/www.jornalja.com.br\/arquivo","nextItem":{"@type":"ListItem","@id":"https:\/\/www.jornalja.com.br\/arquivo\/category\/geral\/#listItem","name":"Geral"}},{"@type":"ListItem","@id":"https:\/\/www.jornalja.com.br\/arquivo\/category\/geral\/#listItem","position":2,"name":"Geral","item":"https:\/\/www.jornalja.com.br\/arquivo\/category\/geral\/","nextItem":{"@type":"ListItem","@id":"https:\/\/www.jornalja.com.br\/arquivo\/carris-do-lucro-a-um-deficit-de-50-milhoes-em-sete-anos\/#listItem","name":"Carris: do lucro a um d\u00e9ficit anual de 50 milh\u00f5es, em sete anos"},"previousItem":{"@type":"ListItem","@id":"https:\/\/www.jornalja.com.br\/arquivo#listItem","name":"Home"}},{"@type":"ListItem","@id":"https:\/\/www.jornalja.com.br\/arquivo\/carris-do-lucro-a-um-deficit-de-50-milhoes-em-sete-anos\/#listItem","position":3,"name":"Carris: do lucro a um d\u00e9ficit anual de 50 milh\u00f5es, em sete anos","previousItem":{"@type":"ListItem","@id":"https:\/\/www.jornalja.com.br\/arquivo\/category\/geral\/#listItem","name":"Geral"}}]},{"@type":"Organization","@id":"https:\/\/www.jornalja.com.br\/arquivo\/#organization","name":"Jornal J\u00c1","description":"Jornal J\u00c1 | Porto Alegre","url":"https:\/\/www.jornalja.com.br\/arquivo\/","telephone":"+555133307272","logo":{"@type":"ImageObject","url":"https:\/\/www.jornalja.com.br\/wp-content\/uploads\/cards\/JAslogan.png","@id":"https:\/\/www.jornalja.com.br\/arquivo\/carris-do-lucro-a-um-deficit-de-50-milhoes-em-sete-anos\/#organizationLogo"},"image":{"@id":"https:\/\/www.jornalja.com.br\/arquivo\/carris-do-lucro-a-um-deficit-de-50-milhoes-em-sete-anos\/#organizationLogo"}},{"@type":"Person","@id":"https:\/\/www.jornalja.com.br\/arquivo\/author\/daredacao\/#author","url":"https:\/\/www.jornalja.com.br\/arquivo\/author\/daredacao\/","name":"da Reda\u00e7\u00e3o","image":{"@type":"ImageObject","@id":"https:\/\/www.jornalja.com.br\/arquivo\/carris-do-lucro-a-um-deficit-de-50-milhoes-em-sete-anos\/#authorImage","url":"https:\/\/secure.gravatar.com\/avatar\/469fd857d6605ad19919d27ed29d35a968a25f6e8fd9318356bbb7f57aae9c65?s=96&d=mm&r=g","width":96,"height":96,"caption":"da Reda\u00e7\u00e3o"}},{"@type":"WebPage","@id":"https:\/\/www.jornalja.com.br\/arquivo\/carris-do-lucro-a-um-deficit-de-50-milhoes-em-sete-anos\/#webpage","url":"https:\/\/www.jornalja.com.br\/arquivo\/carris-do-lucro-a-um-deficit-de-50-milhoes-em-sete-anos\/","name":"Carris: do lucro a um d\u00e9ficit anual de 50 milh\u00f5es, em sete anos | Arquivo","inLanguage":"pt-BR","isPartOf":{"@id":"https:\/\/www.jornalja.com.br\/arquivo\/#website"},"breadcrumb":{"@id":"https:\/\/www.jornalja.com.br\/arquivo\/carris-do-lucro-a-um-deficit-de-50-milhoes-em-sete-anos\/#breadcrumblist"},"author":{"@id":"https:\/\/www.jornalja.com.br\/arquivo\/author\/daredacao\/#author"},"creator":{"@id":"https:\/\/www.jornalja.com.br\/arquivo\/author\/daredacao\/#author"},"image":{"@type":"ImageObject","url":57401,"@id":"https:\/\/www.jornalja.com.br\/arquivo\/carris-do-lucro-a-um-deficit-de-50-milhoes-em-sete-anos\/#mainImage"},"primaryImageOfPage":{"@id":"https:\/\/www.jornalja.com.br\/arquivo\/carris-do-lucro-a-um-deficit-de-50-milhoes-em-sete-anos\/#mainImage"},"datePublished":"2017-11-18T13:14:53-02:00","dateModified":"2017-11-18T13:14:53-02:00"},{"@type":"WebSite","@id":"https:\/\/www.jornalja.com.br\/arquivo\/#website","url":"https:\/\/www.jornalja.com.br\/arquivo\/","name":"Arquivo","description":"Jornal J\u00c1 | Porto Alegre","inLanguage":"pt-BR","publisher":{"@id":"https:\/\/www.jornalja.com.br\/arquivo\/#organization"}}]},"og:locale":"pt_BR","og:site_name":"Arquivo | Jornal J\u00c1 | Porto Alegre","og:type":"article","og:title":"Carris: do lucro a um d\u00e9ficit anual de 50 milh\u00f5es, em sete anos | Arquivo","og:url":"https:\/\/www.jornalja.com.br\/arquivo\/carris-do-lucro-a-um-deficit-de-50-milhoes-em-sete-anos\/","og:image":"https:\/\/www.jornalja.com.br\/wp-content\/uploads\/2017\/11\/carris-22-Copia-400x266.jpg","og:image:secure_url":"https:\/\/www.jornalja.com.br\/wp-content\/uploads\/2017\/11\/carris-22-Copia-400x266.jpg","article:published_time":"2017-11-18T16:14:53+00:00","article:modified_time":"2017-11-18T16:14:53+00:00","twitter:card":"summary","twitter:title":"Carris: do lucro a um d\u00e9ficit anual de 50 milh\u00f5es, em sete anos | Arquivo","twitter:image":"https:\/\/www.jornalja.com.br\/economics\/wp-content\/uploads\/sites\/11\/2026\/08\/ja-folhaderosto-facebook.jpg"},"aioseo_meta_data":{"post_id":"57417","title":null,"description":null,"keywords":null,"keyphrases":null,"primary_term":null,"canonical_url":null,"og_title":null,"og_description":null,"og_object_type":"default","og_image_type":"default","og_image_url":null,"og_image_width":null,"og_image_height":null,"og_image_custom_url":null,"og_image_custom_fields":null,"og_video":null,"og_custom_url":null,"og_article_section":null,"og_article_tags":null,"twitter_use_og":false,"twitter_card":"default","twitter_image_type":"default","twitter_image_url":null,"twitter_image_custom_url":null,"twitter_image_custom_fields":null,"twitter_title":null,"twitter_description":null,"schema":{"blockGraphs":[],"customGraphs":[],"default":{"data":{"Article":[],"Course":[],"Dataset":[],"FAQPage":[],"Movie":[],"Person":[],"Product":[],"ProductReview":[],"Car":[],"Recipe":[],"Service":[],"SoftwareApplication":[],"WebPage":[]},"graphName":"","isEnabled":true},"graphs":[]},"schema_type":null,"schema_type_options":null,"pillar_content":false,"robots_default":true,"robots_noindex":false,"robots_noarchive":false,"robots_nosnippet":false,"robots_nofollow":false,"robots_noimageindex":false,"robots_noodp":false,"robots_notranslate":false,"robots_max_snippet":null,"robots_max_videopreview":null,"robots_max_imagepreview":"large","priority":null,"frequency":null,"location":null,"local_seo":null,"breadcrumb_settings":null,"limit_modified_date":false,"ai":null,"created":"2020-12-20 20:21:03","updated":"2025-07-20 02:21:29","seo_analyzer_scan_date":null,"focus_keyword":null,"additional_keywords":null,"truseo_locale":null},"jetpack_sharing_enabled":true,"jetpack-related-posts":[{"id":12960,"url":"https:\/\/www.jornalja.com.br\/arquivo\/populacao-culpa-empresas-pela-greve-dos-rodoviarios\/","url_meta":{"origin":57417,"position":0},"title":"Popula\u00e7\u00e3o culpa empresas pela greve","author":"Patr\u00edcia Marini","date":"14 de fevereiro de 2014","format":false,"excerpt":"Pesquisa divulgada na edi\u00e7\u00e3o do jornal Metro desta sexta-feira,14, comprova o velho ditado: \u00e9 poss\u00edvel enganar muitos por algum tempo, mas n\u00e3o \u00e9 poss\u00edvel enganar a todos o tempo inteiro. A principal revela\u00e7\u00e3o foi que 59,8% dos entrevistados apontaram as empresas como as principais respons\u00e1veis pela grave e 46% culparam\u2026","rel":"","context":"Em &quot;X.Categorias velhas&quot;","block_context":{"text":"X.Categorias velhas","link":"https:\/\/www.jornalja.com.br\/arquivo\/category\/x-categorias-velhas\/"},"img":{"alt_text":"","src":"","width":0,"height":0},"classes":[]},{"id":13240,"url":"https:\/\/www.jornalja.com.br\/arquivo\/plano-diretor-estamos-construindo-o-caos\/","url_meta":{"origin":57417,"position":1},"title":"Plano diretor: &quot;Estamos construindo o caos&quot;","author":"Patr\u00edcia Marini","date":"26 de maio de 2014","format":false,"excerpt":"Desabafo que arquiteta Eliana Castilhos, delegada da Regi\u00e3o de Planejamento 1, postou nas redes sociais \u00e9 um testemunho do ambiente que se criou no Conselho do Plano Diretor de Porto Alegre, onde a aprova\u00e7\u00e3o de grandes empreendimentos \u00e9 empurrada guela abaixo dos conselheiros. Ao CMDUA Como delegada da Regi\u00e3o de\u2026","rel":"","context":"Em &quot;Geral&quot;","block_context":{"text":"Geral","link":"https:\/\/www.jornalja.com.br\/arquivo\/category\/geral\/"},"img":{"alt_text":"","src":"","width":0,"height":0},"classes":[]},{"id":13124,"url":"https:\/\/www.jornalja.com.br\/arquivo\/sangue-latino-no-iecine\/","url_meta":{"origin":57417,"position":2},"title":"Sangue latino no IECINE","author":"da Reda\u00e7\u00e3o","date":"18 de maio de 2014","format":false,"excerpt":"Francisco Ribeiro O Instituto Estadual de Cinema (IECINE) tem a frente, desde abril \u00faltimo, um novo diretor, o cineasta colombiano Juan Zapata, 36, que substitui Luiz Alberto Cassol. Radicado h\u00e1 dez anos em Porto Alegre, Zapata tem diante de si o desafio de conduzir at\u00e9 o final do ano um\u2026","rel":"","context":"Em &quot;Cultura-Geral&quot;","block_context":{"text":"Cultura-Geral","link":"https:\/\/www.jornalja.com.br\/arquivo\/category\/materiasecundaria\/"},"img":{"alt_text":"","src":"","width":0,"height":0},"classes":[]},{"id":13101,"url":"https:\/\/www.jornalja.com.br\/arquivo\/morre-um-guerreiro-do-texto\/","url_meta":{"origin":57417,"position":3},"title":"Morre um guerreiro do texto","author":"Patr\u00edcia Marini","date":"14 de maio de 2014","format":false,"excerpt":"Por Ricardo Kotscho Reproduzido do blog do autor, 11\/5\/2014; t\u00edtulo original \u201cE l\u00e1 se foi o nosso Myltainho, guerreiro do texto\u201d. Mi\u00fado e franzino, meu amigo Myltainho era um valente e inconformado guerreiro na luta contra as injusti\u00e7as sociais, a hipocrisia, as maracutaias, o autoritarismo, a intoler\u00e2ncia, a viol\u00eancia, o\u2026","rel":"","context":"Em &quot;Geral&quot;","block_context":{"text":"Geral","link":"https:\/\/www.jornalja.com.br\/arquivo\/category\/geral\/"},"img":{"alt_text":"","src":"","width":0,"height":0},"classes":[]},{"id":13128,"url":"https:\/\/www.jornalja.com.br\/arquivo\/maconha-terra-diz-que-uso-medicinal-e-desculpa\/","url_meta":{"origin":57417,"position":4},"title":"Maconha: Terra diz que uso medicinal \u00e9 desculpa","author":"Patr\u00edcia Marini","date":"4 de junho de 2014","format":false,"excerpt":"A condi\u00e7\u00e3o de pol\u00edtico, em \u00e9poca de campanha de campanha eleitoral, tira for\u00e7a do discurso do m\u00e9dico Osmar Terra contra a legaliza\u00e7\u00e3o da maconha. A tese dele de que a libera\u00e7\u00e3o vai ampliar exponencialmente o consumo \u00e9 discutivel, o consumo \u00e9 corrente. Mas seus alertas quanto aos riscos tem que\u2026","rel":"","context":"Em &quot;X.Categorias velhas&quot;","block_context":{"text":"X.Categorias velhas","link":"https:\/\/www.jornalja.com.br\/arquivo\/category\/x-categorias-velhas\/"},"img":{"alt_text":"","src":"","width":0,"height":0},"classes":[]},{"id":14241,"url":"https:\/\/www.jornalja.com.br\/arquivo\/o-guaiba-nas-imagens-poeticas-de-achutti\/","url_meta":{"origin":57417,"position":5},"title":"O Gua\u00edba nas imagens po\u00e9ticas de Achutti","author":"da Reda\u00e7\u00e3o","date":"18 de junho de 2014","format":false,"excerpt":"Em \u201cO Gua\u00edba por Achutti\u201d \u2013 obra financiada via Minist\u00e9rio da Cultura, produ\u00e7\u00e3o executiva de Pedro Longhi, e Fl\u00e1vio Wild como designer \u2013, o fot\u00f3grafo revela a beleza e as mazelas de um espa\u00e7o aqu\u00e1tico de \u00e1guas sempre renovadas, cheio de hist\u00f3rias e lendas como as das cidades que foram\u2026","rel":"","context":"Em &quot;Cultura-Geral&quot;","block_context":{"text":"Cultura-Geral","link":"https:\/\/www.jornalja.com.br\/arquivo\/category\/materiasecundaria\/"},"img":{"alt_text":"","src":"","width":0,"height":0},"classes":[]}],"jetpack_shortlink":"https:\/\/wp.me\/pbQjBd-eW5","jetpack_featured_media_url":"","_links":{"self":[{"href":"https:\/\/www.jornalja.com.br\/arquivo\/wp-json\/wp\/v2\/posts\/57417","targetHints":{"allow":["GET"]}}],"collection":[{"href":"https:\/\/www.jornalja.com.br\/arquivo\/wp-json\/wp\/v2\/posts"}],"about":[{"href":"https:\/\/www.jornalja.com.br\/arquivo\/wp-json\/wp\/v2\/types\/post"}],"author":[{"embeddable":true,"href":"https:\/\/www.jornalja.com.br\/arquivo\/wp-json\/wp\/v2\/users\/4"}],"replies":[{"embeddable":true,"href":"https:\/\/www.jornalja.com.br\/arquivo\/wp-json\/wp\/v2\/comments?post=57417"}],"version-history":[{"count":0,"href":"https:\/\/www.jornalja.com.br\/arquivo\/wp-json\/wp\/v2\/posts\/57417\/revisions"}],"wp:attachment":[{"href":"https:\/\/www.jornalja.com.br\/arquivo\/wp-json\/wp\/v2\/media?parent=57417"}],"wp:term":[{"taxonomy":"category","embeddable":true,"href":"https:\/\/www.jornalja.com.br\/arquivo\/wp-json\/wp\/v2\/categories?post=57417"},{"taxonomy":"post_tag","embeddable":true,"href":"https:\/\/www.jornalja.com.br\/arquivo\/wp-json\/wp\/v2\/tags?post=57417"}],"curies":[{"name":"wp","href":"https:\/\/api.w.org\/{rel}","templated":true}]}}