{"id":57503,"date":"2017-11-21T16:33:24","date_gmt":"2017-11-21T19:33:24","guid":{"rendered":"https:\/\/www.jornalja.com.br\/?p=57503"},"modified":"2017-11-21T16:33:24","modified_gmt":"2017-11-21T19:33:24","slug":"prefeitura-quer-votar-ainda-este-ano-projetos-que-alteram-isencoes-no-transporte-publico-de-porto-alegre","status":"publish","type":"post","link":"https:\/\/www.jornalja.com.br\/arquivo\/prefeitura-quer-votar-ainda-este-ano-projetos-que-alteram-isencoes-no-transporte-publico-de-porto-alegre\/","title":{"rendered":"Prefeitura quer alterar ainda este ano isen\u00e7\u00f5es no transporte p\u00fablico de Porto Alegre"},"content":{"rendered":"<p>O diretor-presidente da Empresa P\u00fablica de Transporte e Circula\u00e7\u00e3o (EPTC), Marcelo Soletti de Oliveira, pediu\u00a0 na \u00faltima segunda-feira (20), durante o primeiro encontro da Comiss\u00e3o Especial do Transporte p\u00fablico que\u00a0 os projetos do Executivo que prop\u00f5em mudan\u00e7as no transporte coletivo da capital ga\u00facha sejam votados ainda este ano.<br \/>\nAs altera\u00e7\u00f5es propostas pela empresa p\u00fablica incluem limita\u00e7\u00e3o \u00e0s isen\u00e7\u00f5es, fim da obrigatoriedade de cobradores em determinados dias e hor\u00e1rios e aumento da vida \u00fatil dos ve\u00edculos.<br \/>\nPara Soletti o ideal \u00e9 que as novas medidas fossem aprovadas j\u00e1 em 2018, antes do c\u00e1lculo tarif\u00e1rio que ocorre quase sempre no fim de janeiro, in\u00edcio de fevereiro.<br \/>\nEntre a justificativas, o diretor lembrou que na capital\u00a0 35% dos usu\u00e1rios s\u00e3o isentos, perdendo apenas para S\u00e3o Paulo. Na capital o sistema \u00e9 subsidiado pelo governo, mas j\u00e1 \u00e9 motivo de preocupa\u00e7\u00e3o em raz\u00e3o de que j\u00e1 se gastou o dobro na aplica\u00e7\u00e3o de recursos p\u00fablicos em rela\u00e7\u00e3o a previs\u00e3o no in\u00edcio do ano.<br \/>\nO diretor-presidente da EPTC afirmou que o Executivo enviou os projetos para a C\u00e2mara Municipal por ser esse, na vis\u00e3o do governo, o f\u00f3rum adequado para o debate e que existem pontos a serem discutidos e ajustados pelos vereadores. Mas quando provocado por parlamentares n\u00e3o sinalizou qualquer sinal de recuo por parte do Executivo.<br \/>\nSoletti iniciou apresentando os argumentos do governo para os seis projetos. No caso da limita\u00e7\u00e3o de renda para a concess\u00e3o do passe escolar, a ser fornecido apenas para estudantes cuja renda familiar n\u00e3o ultrapasse a tr\u00eas sal\u00e1rios m\u00ednimos, disse que se trata de uma quest\u00e3o de justi\u00e7a social. Tamb\u00e9m defendeu a proposta de redu\u00e7\u00e3o do n\u00famero de cobradores para a redu\u00e7\u00e3o de custos operacionais, a partir da gradual extin\u00e7\u00e3o de postos, por aposentadorias, mediante a n\u00e3o contrata\u00e7\u00e3o desses profissionais para dias de passe livre, no hor\u00e1rio entre 22h e 6h e em casos de demiss\u00e3o por justa causa.<br \/>\nAinda manifestou posi\u00e7\u00e3o favor\u00e1vel \u00e0 utiliza\u00e7\u00e3o de cart\u00e3o ou uniforme como pr\u00e9-requisito para a manuten\u00e7\u00e3o da isen\u00e7\u00e3o para policiais militares e guardas municipais. Para ele, \u00e9 preciso colocar fim \u00e0 isen\u00e7\u00e3o para idosos entre os 60 e os 64 anos, permanecendo apenas a isen\u00e7\u00e3o constitucional para aposentados a partir dos 65 anos;<br \/>\n<figure id=\"attachment_57510\" aria-describedby=\"caption-attachment-57510\" style=\"width: 766px\" class=\"wp-caption alignleft\"><img loading=\"lazy\" decoding=\"async\" class=\"size-full wp-image-57510\" src=\"https:\/\/www.jornalja.com.br\/wp-content\/uploads\/2017\/11\/solleti.jpg\" alt=\"\" width=\"766\" height=\"1150\" \/><figcaption id=\"caption-attachment-57510\" class=\"wp-caption-text\">Diretor Presidente da EPTC, Marcelo Soletti falou sore projetos do Executivo. Foto:Henrique Ferreira Breg\u00e3o\/CMPA)<\/figcaption><\/figure><br \/>\nSoletti justificou o pedido de aumento do tempo de uso da frota devido \u00e0 moderniza\u00e7\u00e3o tecnol\u00f3gica e \u00e0 utiliza\u00e7\u00e3o de novos tipos de combust\u00edveis menos poluentes, assim como a limita\u00e7\u00e3o do uso de todas as isen\u00e7\u00f5es que permanecerem em vigor. \u201cSem as isen\u00e7\u00f5es, as passagens em Porto Alegre teriam o valor aproximado de R$ 2,60 e n\u00e3o de R$ 4,05 como \u00e9 hoje\u201d, disse, ressaltando, no entanto, que na m\u00e9dia, com a exclus\u00e3o de alguns benef\u00edcios e a manuten\u00e7\u00e3o de outros, o valor poderia chegar aos R$ 3,80.<br \/>\n<strong>Vereadores cobram maior debate com a sociedade<\/strong><br \/>\nAndr\u00e9 Carus (PMDB), vice-presidente da comiss\u00e3o especial, cobrou posi\u00e7\u00e3o clara do governo se a partir das mudan\u00e7as haver\u00e1 a redu\u00e7\u00e3o do valor da passagem. \u201cIsso n\u00e3o est\u00e1 claro em nenhuma manifesta\u00e7\u00e3o do Executivo\u201d, disse o parlamentar. Tamb\u00e9m provocou o governo a dizer, de forma objetiva, quais s\u00e3o os pontos em que pode haver recuo.<br \/>\nPor fim, pediu que fosse dada a palavra, em uma fala de tr\u00eas minutos, aos representantes da Uni\u00e3o Ga\u00facha de Estudantes Secundaristas (UGES) e da Uni\u00e3o Metropolitana dos Estudantes Secund\u00e1rios de Porto Alegre (Umespa), com perguntas objetivas ao diretor-presidente, o que n\u00e3o foi aceito pelo vereador Reginaldo Pujol, presidente dos trabalhos. Car\u00fas se retirou da reuni\u00e3o para formular Pedido de Informa\u00e7\u00f5es ao Executivo, visto que no pr\u00f3ximo s\u00e1bado os estudantes promovem ato p\u00fablico para debater o tema e, segundo o parlamentar, as respostas dadas por Soletti, previamente, seriam importantes.<br \/>\nCl\u00e0udio Janta (SD) destacou que a falta de di\u00e1logo, inclusive dentro do pr\u00f3prio governo, foi um dos motivos pelo qual deixou a base e a lideran\u00e7a do Executivo no Legislativo. Para Janta, o grande problema est\u00e1 na desigualdade criada no setor de transportes com a entrada dos aplicativos que n\u00e3o pagam impostos e oferecem mais qualidade por menor valor unit\u00e1rio pago por usu\u00e1rio. \u201cUma viagem em um carro de aplicativo, com quatro passageiros, que s\u00e3o apanhados na porta de casa e descem em frente ao seu destino, em muitos casos \u00e9 mais barata que o valor da passagem do transporte por coletivo\u201d, disse.<br \/>\nJanta ainda acusou o prefeito de tratar o Legislativo com desrespeito, utilizando express\u00f5es impr\u00f3prias para se referir aos vereadores e, para jogar nas costas da C\u00e2mara Municipal um problema criado pela incompet\u00eancia de gerir o setor. \u201cNingu\u00e9m est\u00e1 preocupado em carregar celular em parada, mas ter um sistema eficiente e qualificado, como o que j\u00e1 deu o t\u00edtulo a Porto Alegre de o melhor do pa\u00eds\u201d, lembrou.<br \/>\nCassi\u00e1 Carpes (PP) questionou a falta de abertura dos n\u00fameros das isen\u00e7\u00f5es. \u201cPrecisamos saber onde est\u00e1 o maior comprometimento desses benef\u00edcios, analisar com maior propriedade o conjunto de informa\u00e7\u00f5es\u201d. O parlamentar tamb\u00e9m trouxe ao debate o fato de que a maioria das viagens ao centro da cidade \u2013 \u201cque na verdade n\u00e3o \u00e9 o centro f\u00edsico geogr\u00e1fico do munic\u00edpio\u201d &#8211; se d\u00e1 em raz\u00e3o da concentra\u00e7\u00e3o do polo comercial da cidade na regi\u00e3o. \u201c\u00c9 onde as pessoas encontram tudo, com menor pre\u00e7o, diferentemente dos shoppings, principalmente aquelas fam\u00edlias de menor poder aquisitivo\u201d, salientou.<br \/>\nCassi\u00e1 ainda destacou o problema enfrentado pelo sistema de lota\u00e7\u00e3o, que, na sua opini\u00e3o, \u00e9 pior que o dos \u00f4nibus. Citou como exemplo o fim da linha Medianeira, por falta de passageiros. Disse tamb\u00e9m que est\u00e1 apresentando emenda para que seja tomado como referencial, na quest\u00e3o da restri\u00e7\u00e3o de renda para a concess\u00e3o de isen\u00e7\u00f5es, o sal\u00e1rio m\u00ednimo regional, que \u00e9 maior do que o nacional.<br \/>\nO vereador Aldacir Oliboni (PT) apresentou um of\u00edcio ao presidente Pujol com uma s\u00e9rie de encaminhamentos \u00e0 comiss\u00e3o, como o de chamamento de ex-gestores da \u00e1rea, referindo no texto, Mauri Cruz e Luiz Carlos Bertotto. Tamb\u00e9m que sejam feitas audi\u00eancias p\u00fablicas regionais sobre o tema, com a presen\u00e7a de usu\u00e1rios. Oliboni cobrou a oitiva do Tribunal de Contas, que teria posi\u00e7\u00e3o divergente sobre a f\u00f3rmula do c\u00e1lculo tarif\u00e1rio e refor\u00e7ou a import\u00e2ncia em ouvir tamb\u00e9m diretores e servidores da Carris.<br \/>\nAlvoni Medina (PRB) disse que \u00e9 defensor da causa dos idosos e, por isso, n\u00e3o concorda com o tratamento que os mesmos est\u00e3o tendo, quando o debate \u00e9 o corte dos benef\u00edcios que estes t\u00eam no sistema de transporte coletivo da capital. \u201cMuitos idosos, por necessidade, seguem contribuindo para o desenvolvimento econ\u00f4mico da cidade e isso n\u00e3o pode ser deixado de lado\u201d.<br \/>\nAo responder aos parlamentares, Soletti reiterou que o ideal \u00e9 que a C\u00e2mara tome uma defini\u00e7\u00e3o sobre os projetos ainda esse ano para que eles sejam colocados em pr\u00e1tica j\u00e1 no c\u00e1lculo tarif\u00e1rio do ano que vem. Disse ainda que a metodologia utilizada e poss\u00edveis altera\u00e7\u00f5es j\u00e1 v\u00eam sendo estudadas com a participa\u00e7\u00e3o do Tribunal de Contas e, portanto, esse \u00e9 um debate salutar. Afirmou que reconhece o fato de que a crise financeira, a inseguran\u00e7a e a presen\u00e7a dos aplicativos reduziram as viagens e que as fraudes no uso das isen\u00e7\u00f5es chegam a 15% e precisam ser coibidas.<br \/>\nUm novo encontro dever\u00e1 ocorrer na pr\u00f3xima sexta-feira (24\/11) pela manh\u00e3. Desta vez, a oitiva ser\u00e1 a dos representantes dos cons\u00f3rcios das empresas e dos sindicatos. Na sequ\u00eancia, quem manifestar\u00e1 opini\u00e3o sobre os projetos ser\u00e3o os representantes de ongs, entidades estudantis e organiza\u00e7\u00f5es da sociedade civil.<br \/>\n*Com informa\u00e7\u00f5es da C\u00e2mara<\/p>\n","protected":false},"excerpt":{"rendered":"<p>O diretor-presidente da Empresa P\u00fablica de Transporte e Circula\u00e7\u00e3o (EPTC), Marcelo Soletti de Oliveira, pediu\u00a0 na \u00faltima segunda-feira (20), durante o primeiro encontro da Comiss\u00e3o Especial do Transporte p\u00fablico que\u00a0 os projetos do Executivo que prop\u00f5em mudan\u00e7as no transporte coletivo da capital ga\u00facha sejam votados ainda este ano. As altera\u00e7\u00f5es propostas pela empresa p\u00fablica incluem [&hellip;]<\/p>\n","protected":false},"author":4,"featured_media":43951,"comment_status":"open","ping_status":"closed","sticky":false,"template":"","format":"standard","meta":{"_jetpack_newsletter_access":"","_jetpack_dont_email_post_to_subs":false,"_jetpack_newsletter_tier_id":0,"_jetpack_memberships_contains_paywalled_content":false,"_jetpack_feature_clip_id":0,"_jetpack_memberships_contains_paid_content":false,"footnotes":"","jetpack_post_was_ever_published":false},"categories":[26],"tags":[],"class_list":["post-57503","post","type-post","status-publish","format-standard","has-post-thumbnail","hentry","category-geral"],"aioseo_notices":[],"aioseo_head":"\n\t\t<!-- All in One SEO 5.0.1.1 - aioseo.com -->\n\t<meta name=\"robots\" content=\"max-image-preview:large\" \/>\n\t<meta name=\"author\" content=\"da Reda\u00e7\u00e3o\"\/>\n\t<link rel=\"canonical\" href=\"https:\/\/www.jornalja.com.br\/arquivo\/prefeitura-quer-votar-ainda-este-ano-projetos-que-alteram-isencoes-no-transporte-publico-de-porto-alegre\/\" \/>\n\t<meta name=\"generator\" content=\"All in One SEO (AIOSEO) 5.0.1.1\" \/>\n\t\t<meta property=\"og:locale\" content=\"pt_BR\" \/>\n\t\t<meta property=\"og:site_name\" content=\"Arquivo | Jornal J\u00c1 | Porto Alegre\" \/>\n\t\t<meta property=\"og:type\" content=\"article\" \/>\n\t\t<meta property=\"og:title\" content=\"Prefeitura quer alterar ainda este ano isen\u00e7\u00f5es no transporte p\u00fablico de Porto Alegre | Arquivo\" \/>\n\t\t<meta property=\"og:url\" content=\"https:\/\/www.jornalja.com.br\/arquivo\/prefeitura-quer-votar-ainda-este-ano-projetos-que-alteram-isencoes-no-transporte-publico-de-porto-alegre\/\" \/>\n\t\t<meta property=\"og:image\" content=\"https:\/\/www.jornalja.com.br\/wp-content\/uploads\/2017\/11\/solleti.jpg\" \/>\n\t\t<meta property=\"og:image:secure_url\" content=\"https:\/\/www.jornalja.com.br\/wp-content\/uploads\/2017\/11\/solleti.jpg\" \/>\n\t\t<meta property=\"article:published_time\" content=\"2017-11-21T19:33:24+00:00\" \/>\n\t\t<meta property=\"article:modified_time\" content=\"2017-11-21T19:33:24+00:00\" \/>\n\t\t<meta name=\"twitter:card\" content=\"summary\" \/>\n\t\t<meta name=\"twitter:title\" content=\"Prefeitura quer alterar ainda este ano isen\u00e7\u00f5es no transporte p\u00fablico de Porto Alegre | Arquivo\" \/>\n\t\t<meta name=\"twitter:image\" content=\"https:\/\/www.jornalja.com.br\/economics\/wp-content\/uploads\/sites\/11\/2026\/08\/ja-folhaderosto-facebook.jpg\" \/>\n\t\t<script type=\"application\/ld+json\" class=\"aioseo-schema\">\n\t\t\t{\"@context\":\"https:\\\/\\\/schema.org\",\"@graph\":[{\"@type\":\"BlogPosting\",\"@id\":\"https:\\\/\\\/www.jornalja.com.br\\\/arquivo\\\/prefeitura-quer-votar-ainda-este-ano-projetos-que-alteram-isencoes-no-transporte-publico-de-porto-alegre\\\/#blogposting\",\"name\":\"Prefeitura quer alterar ainda este ano isen\\u00e7\\u00f5es no transporte p\\u00fablico de Porto Alegre | Arquivo\",\"headline\":\"Prefeitura quer alterar ainda este ano isen\\u00e7\\u00f5es no transporte p\\u00fablico de Porto Alegre\",\"author\":{\"@id\":\"https:\\\/\\\/www.jornalja.com.br\\\/arquivo\\\/author\\\/daredacao\\\/#author\"},\"publisher\":{\"@id\":\"https:\\\/\\\/www.jornalja.com.br\\\/arquivo\\\/#organization\"},\"image\":{\"@type\":\"ImageObject\",\"url\":43951},\"datePublished\":\"2017-11-21T16:33:24-02:00\",\"dateModified\":\"2017-11-21T16:33:24-02:00\",\"inLanguage\":\"pt-BR\",\"mainEntityOfPage\":{\"@id\":\"https:\\\/\\\/www.jornalja.com.br\\\/arquivo\\\/prefeitura-quer-votar-ainda-este-ano-projetos-que-alteram-isencoes-no-transporte-publico-de-porto-alegre\\\/#webpage\"},\"isPartOf\":{\"@id\":\"https:\\\/\\\/www.jornalja.com.br\\\/arquivo\\\/prefeitura-quer-votar-ainda-este-ano-projetos-que-alteram-isencoes-no-transporte-publico-de-porto-alegre\\\/#webpage\"},\"articleSection\":\"Geral\"},{\"@type\":\"BreadcrumbList\",\"@id\":\"https:\\\/\\\/www.jornalja.com.br\\\/arquivo\\\/prefeitura-quer-votar-ainda-este-ano-projetos-que-alteram-isencoes-no-transporte-publico-de-porto-alegre\\\/#breadcrumblist\",\"itemListElement\":[{\"@type\":\"ListItem\",\"@id\":\"https:\\\/\\\/www.jornalja.com.br\\\/arquivo#listItem\",\"position\":1,\"name\":\"Home\",\"item\":\"https:\\\/\\\/www.jornalja.com.br\\\/arquivo\",\"nextItem\":{\"@type\":\"ListItem\",\"@id\":\"https:\\\/\\\/www.jornalja.com.br\\\/arquivo\\\/category\\\/geral\\\/#listItem\",\"name\":\"Geral\"}},{\"@type\":\"ListItem\",\"@id\":\"https:\\\/\\\/www.jornalja.com.br\\\/arquivo\\\/category\\\/geral\\\/#listItem\",\"position\":2,\"name\":\"Geral\",\"item\":\"https:\\\/\\\/www.jornalja.com.br\\\/arquivo\\\/category\\\/geral\\\/\",\"nextItem\":{\"@type\":\"ListItem\",\"@id\":\"https:\\\/\\\/www.jornalja.com.br\\\/arquivo\\\/prefeitura-quer-votar-ainda-este-ano-projetos-que-alteram-isencoes-no-transporte-publico-de-porto-alegre\\\/#listItem\",\"name\":\"Prefeitura quer alterar ainda este ano isen\\u00e7\\u00f5es no transporte p\\u00fablico de Porto Alegre\"},\"previousItem\":{\"@type\":\"ListItem\",\"@id\":\"https:\\\/\\\/www.jornalja.com.br\\\/arquivo#listItem\",\"name\":\"Home\"}},{\"@type\":\"ListItem\",\"@id\":\"https:\\\/\\\/www.jornalja.com.br\\\/arquivo\\\/prefeitura-quer-votar-ainda-este-ano-projetos-que-alteram-isencoes-no-transporte-publico-de-porto-alegre\\\/#listItem\",\"position\":3,\"name\":\"Prefeitura quer alterar ainda este ano isen\\u00e7\\u00f5es no transporte p\\u00fablico de Porto Alegre\",\"previousItem\":{\"@type\":\"ListItem\",\"@id\":\"https:\\\/\\\/www.jornalja.com.br\\\/arquivo\\\/category\\\/geral\\\/#listItem\",\"name\":\"Geral\"}}]},{\"@type\":\"Organization\",\"@id\":\"https:\\\/\\\/www.jornalja.com.br\\\/arquivo\\\/#organization\",\"name\":\"Jornal J\\u00c1\",\"description\":\"Jornal J\\u00c1 | Porto Alegre\",\"url\":\"https:\\\/\\\/www.jornalja.com.br\\\/arquivo\\\/\",\"telephone\":\"+555133307272\",\"logo\":{\"@type\":\"ImageObject\",\"url\":\"https:\\\/\\\/www.jornalja.com.br\\\/wp-content\\\/uploads\\\/cards\\\/JAslogan.png\",\"@id\":\"https:\\\/\\\/www.jornalja.com.br\\\/arquivo\\\/prefeitura-quer-votar-ainda-este-ano-projetos-que-alteram-isencoes-no-transporte-publico-de-porto-alegre\\\/#organizationLogo\"},\"image\":{\"@id\":\"https:\\\/\\\/www.jornalja.com.br\\\/arquivo\\\/prefeitura-quer-votar-ainda-este-ano-projetos-que-alteram-isencoes-no-transporte-publico-de-porto-alegre\\\/#organizationLogo\"}},{\"@type\":\"Person\",\"@id\":\"https:\\\/\\\/www.jornalja.com.br\\\/arquivo\\\/author\\\/daredacao\\\/#author\",\"url\":\"https:\\\/\\\/www.jornalja.com.br\\\/arquivo\\\/author\\\/daredacao\\\/\",\"name\":\"da Reda\\u00e7\\u00e3o\",\"image\":{\"@type\":\"ImageObject\",\"@id\":\"https:\\\/\\\/www.jornalja.com.br\\\/arquivo\\\/prefeitura-quer-votar-ainda-este-ano-projetos-que-alteram-isencoes-no-transporte-publico-de-porto-alegre\\\/#authorImage\",\"url\":\"https:\\\/\\\/secure.gravatar.com\\\/avatar\\\/469fd857d6605ad19919d27ed29d35a968a25f6e8fd9318356bbb7f57aae9c65?s=96&d=mm&r=g\",\"width\":96,\"height\":96,\"caption\":\"da Reda\\u00e7\\u00e3o\"}},{\"@type\":\"WebPage\",\"@id\":\"https:\\\/\\\/www.jornalja.com.br\\\/arquivo\\\/prefeitura-quer-votar-ainda-este-ano-projetos-que-alteram-isencoes-no-transporte-publico-de-porto-alegre\\\/#webpage\",\"url\":\"https:\\\/\\\/www.jornalja.com.br\\\/arquivo\\\/prefeitura-quer-votar-ainda-este-ano-projetos-que-alteram-isencoes-no-transporte-publico-de-porto-alegre\\\/\",\"name\":\"Prefeitura quer alterar ainda este ano isen\\u00e7\\u00f5es no transporte p\\u00fablico de Porto Alegre | Arquivo\",\"inLanguage\":\"pt-BR\",\"isPartOf\":{\"@id\":\"https:\\\/\\\/www.jornalja.com.br\\\/arquivo\\\/#website\"},\"breadcrumb\":{\"@id\":\"https:\\\/\\\/www.jornalja.com.br\\\/arquivo\\\/prefeitura-quer-votar-ainda-este-ano-projetos-que-alteram-isencoes-no-transporte-publico-de-porto-alegre\\\/#breadcrumblist\"},\"author\":{\"@id\":\"https:\\\/\\\/www.jornalja.com.br\\\/arquivo\\\/author\\\/daredacao\\\/#author\"},\"creator\":{\"@id\":\"https:\\\/\\\/www.jornalja.com.br\\\/arquivo\\\/author\\\/daredacao\\\/#author\"},\"image\":{\"@type\":\"ImageObject\",\"url\":43951,\"@id\":\"https:\\\/\\\/www.jornalja.com.br\\\/arquivo\\\/prefeitura-quer-votar-ainda-este-ano-projetos-que-alteram-isencoes-no-transporte-publico-de-porto-alegre\\\/#mainImage\"},\"primaryImageOfPage\":{\"@id\":\"https:\\\/\\\/www.jornalja.com.br\\\/arquivo\\\/prefeitura-quer-votar-ainda-este-ano-projetos-que-alteram-isencoes-no-transporte-publico-de-porto-alegre\\\/#mainImage\"},\"datePublished\":\"2017-11-21T16:33:24-02:00\",\"dateModified\":\"2017-11-21T16:33:24-02:00\"},{\"@type\":\"WebSite\",\"@id\":\"https:\\\/\\\/www.jornalja.com.br\\\/arquivo\\\/#website\",\"url\":\"https:\\\/\\\/www.jornalja.com.br\\\/arquivo\\\/\",\"name\":\"Arquivo\",\"description\":\"Jornal J\\u00c1 | Porto Alegre\",\"inLanguage\":\"pt-BR\",\"publisher\":{\"@id\":\"https:\\\/\\\/www.jornalja.com.br\\\/arquivo\\\/#organization\"}}]}\n\t\t<\/script>\n\t\t<!-- All in One SEO -->\n\n","aioseo_head_json":{"title":"Prefeitura quer alterar ainda este ano isen\u00e7\u00f5es no transporte p\u00fablico de Porto Alegre | Arquivo","description":"","canonical_url":"https:\/\/www.jornalja.com.br\/arquivo\/prefeitura-quer-votar-ainda-este-ano-projetos-que-alteram-isencoes-no-transporte-publico-de-porto-alegre\/","robots":"max-image-preview:large","keywords":"","webmasterTools":{"miscellaneous":""},"schema":{"@context":"https:\/\/schema.org","@graph":[{"@type":"BlogPosting","@id":"https:\/\/www.jornalja.com.br\/arquivo\/prefeitura-quer-votar-ainda-este-ano-projetos-que-alteram-isencoes-no-transporte-publico-de-porto-alegre\/#blogposting","name":"Prefeitura quer alterar ainda este ano isen\u00e7\u00f5es no transporte p\u00fablico de Porto Alegre | Arquivo","headline":"Prefeitura quer alterar ainda este ano isen\u00e7\u00f5es no transporte p\u00fablico de Porto Alegre","author":{"@id":"https:\/\/www.jornalja.com.br\/arquivo\/author\/daredacao\/#author"},"publisher":{"@id":"https:\/\/www.jornalja.com.br\/arquivo\/#organization"},"image":{"@type":"ImageObject","url":43951},"datePublished":"2017-11-21T16:33:24-02:00","dateModified":"2017-11-21T16:33:24-02:00","inLanguage":"pt-BR","mainEntityOfPage":{"@id":"https:\/\/www.jornalja.com.br\/arquivo\/prefeitura-quer-votar-ainda-este-ano-projetos-que-alteram-isencoes-no-transporte-publico-de-porto-alegre\/#webpage"},"isPartOf":{"@id":"https:\/\/www.jornalja.com.br\/arquivo\/prefeitura-quer-votar-ainda-este-ano-projetos-que-alteram-isencoes-no-transporte-publico-de-porto-alegre\/#webpage"},"articleSection":"Geral"},{"@type":"BreadcrumbList","@id":"https:\/\/www.jornalja.com.br\/arquivo\/prefeitura-quer-votar-ainda-este-ano-projetos-que-alteram-isencoes-no-transporte-publico-de-porto-alegre\/#breadcrumblist","itemListElement":[{"@type":"ListItem","@id":"https:\/\/www.jornalja.com.br\/arquivo#listItem","position":1,"name":"Home","item":"https:\/\/www.jornalja.com.br\/arquivo","nextItem":{"@type":"ListItem","@id":"https:\/\/www.jornalja.com.br\/arquivo\/category\/geral\/#listItem","name":"Geral"}},{"@type":"ListItem","@id":"https:\/\/www.jornalja.com.br\/arquivo\/category\/geral\/#listItem","position":2,"name":"Geral","item":"https:\/\/www.jornalja.com.br\/arquivo\/category\/geral\/","nextItem":{"@type":"ListItem","@id":"https:\/\/www.jornalja.com.br\/arquivo\/prefeitura-quer-votar-ainda-este-ano-projetos-que-alteram-isencoes-no-transporte-publico-de-porto-alegre\/#listItem","name":"Prefeitura quer alterar ainda este ano isen\u00e7\u00f5es no transporte p\u00fablico de Porto Alegre"},"previousItem":{"@type":"ListItem","@id":"https:\/\/www.jornalja.com.br\/arquivo#listItem","name":"Home"}},{"@type":"ListItem","@id":"https:\/\/www.jornalja.com.br\/arquivo\/prefeitura-quer-votar-ainda-este-ano-projetos-que-alteram-isencoes-no-transporte-publico-de-porto-alegre\/#listItem","position":3,"name":"Prefeitura quer alterar ainda este ano isen\u00e7\u00f5es no transporte p\u00fablico de Porto Alegre","previousItem":{"@type":"ListItem","@id":"https:\/\/www.jornalja.com.br\/arquivo\/category\/geral\/#listItem","name":"Geral"}}]},{"@type":"Organization","@id":"https:\/\/www.jornalja.com.br\/arquivo\/#organization","name":"Jornal J\u00c1","description":"Jornal J\u00c1 | Porto Alegre","url":"https:\/\/www.jornalja.com.br\/arquivo\/","telephone":"+555133307272","logo":{"@type":"ImageObject","url":"https:\/\/www.jornalja.com.br\/wp-content\/uploads\/cards\/JAslogan.png","@id":"https:\/\/www.jornalja.com.br\/arquivo\/prefeitura-quer-votar-ainda-este-ano-projetos-que-alteram-isencoes-no-transporte-publico-de-porto-alegre\/#organizationLogo"},"image":{"@id":"https:\/\/www.jornalja.com.br\/arquivo\/prefeitura-quer-votar-ainda-este-ano-projetos-que-alteram-isencoes-no-transporte-publico-de-porto-alegre\/#organizationLogo"}},{"@type":"Person","@id":"https:\/\/www.jornalja.com.br\/arquivo\/author\/daredacao\/#author","url":"https:\/\/www.jornalja.com.br\/arquivo\/author\/daredacao\/","name":"da Reda\u00e7\u00e3o","image":{"@type":"ImageObject","@id":"https:\/\/www.jornalja.com.br\/arquivo\/prefeitura-quer-votar-ainda-este-ano-projetos-que-alteram-isencoes-no-transporte-publico-de-porto-alegre\/#authorImage","url":"https:\/\/secure.gravatar.com\/avatar\/469fd857d6605ad19919d27ed29d35a968a25f6e8fd9318356bbb7f57aae9c65?s=96&d=mm&r=g","width":96,"height":96,"caption":"da Reda\u00e7\u00e3o"}},{"@type":"WebPage","@id":"https:\/\/www.jornalja.com.br\/arquivo\/prefeitura-quer-votar-ainda-este-ano-projetos-que-alteram-isencoes-no-transporte-publico-de-porto-alegre\/#webpage","url":"https:\/\/www.jornalja.com.br\/arquivo\/prefeitura-quer-votar-ainda-este-ano-projetos-que-alteram-isencoes-no-transporte-publico-de-porto-alegre\/","name":"Prefeitura quer alterar ainda este ano isen\u00e7\u00f5es no transporte p\u00fablico de Porto Alegre | Arquivo","inLanguage":"pt-BR","isPartOf":{"@id":"https:\/\/www.jornalja.com.br\/arquivo\/#website"},"breadcrumb":{"@id":"https:\/\/www.jornalja.com.br\/arquivo\/prefeitura-quer-votar-ainda-este-ano-projetos-que-alteram-isencoes-no-transporte-publico-de-porto-alegre\/#breadcrumblist"},"author":{"@id":"https:\/\/www.jornalja.com.br\/arquivo\/author\/daredacao\/#author"},"creator":{"@id":"https:\/\/www.jornalja.com.br\/arquivo\/author\/daredacao\/#author"},"image":{"@type":"ImageObject","url":43951,"@id":"https:\/\/www.jornalja.com.br\/arquivo\/prefeitura-quer-votar-ainda-este-ano-projetos-que-alteram-isencoes-no-transporte-publico-de-porto-alegre\/#mainImage"},"primaryImageOfPage":{"@id":"https:\/\/www.jornalja.com.br\/arquivo\/prefeitura-quer-votar-ainda-este-ano-projetos-que-alteram-isencoes-no-transporte-publico-de-porto-alegre\/#mainImage"},"datePublished":"2017-11-21T16:33:24-02:00","dateModified":"2017-11-21T16:33:24-02:00"},{"@type":"WebSite","@id":"https:\/\/www.jornalja.com.br\/arquivo\/#website","url":"https:\/\/www.jornalja.com.br\/arquivo\/","name":"Arquivo","description":"Jornal J\u00c1 | Porto Alegre","inLanguage":"pt-BR","publisher":{"@id":"https:\/\/www.jornalja.com.br\/arquivo\/#organization"}}]},"og:locale":"pt_BR","og:site_name":"Arquivo | Jornal J\u00c1 | Porto Alegre","og:type":"article","og:title":"Prefeitura quer alterar ainda este ano isen\u00e7\u00f5es no transporte p\u00fablico de Porto Alegre | Arquivo","og:url":"https:\/\/www.jornalja.com.br\/arquivo\/prefeitura-quer-votar-ainda-este-ano-projetos-que-alteram-isencoes-no-transporte-publico-de-porto-alegre\/","og:image":"https:\/\/www.jornalja.com.br\/wp-content\/uploads\/2017\/11\/solleti.jpg","og:image:secure_url":"https:\/\/www.jornalja.com.br\/wp-content\/uploads\/2017\/11\/solleti.jpg","article:published_time":"2017-11-21T19:33:24+00:00","article:modified_time":"2017-11-21T19:33:24+00:00","twitter:card":"summary","twitter:title":"Prefeitura quer alterar ainda este ano isen\u00e7\u00f5es no transporte p\u00fablico de Porto Alegre | Arquivo","twitter:image":"https:\/\/www.jornalja.com.br\/economics\/wp-content\/uploads\/sites\/11\/2026\/08\/ja-folhaderosto-facebook.jpg"},"aioseo_meta_data":{"post_id":"57503","title":null,"description":null,"keywords":null,"keyphrases":null,"primary_term":null,"canonical_url":null,"og_title":null,"og_description":null,"og_object_type":"default","og_image_type":"default","og_image_url":null,"og_image_width":null,"og_image_height":null,"og_image_custom_url":null,"og_image_custom_fields":null,"og_video":null,"og_custom_url":null,"og_article_section":null,"og_article_tags":null,"twitter_use_og":false,"twitter_card":"default","twitter_image_type":"default","twitter_image_url":null,"twitter_image_custom_url":null,"twitter_image_custom_fields":null,"twitter_title":null,"twitter_description":null,"schema":{"blockGraphs":[],"customGraphs":[],"default":{"data":{"Article":[],"Course":[],"Dataset":[],"FAQPage":[],"Movie":[],"Person":[],"Product":[],"ProductReview":[],"Car":[],"Recipe":[],"Service":[],"SoftwareApplication":[],"WebPage":[]},"graphName":"","isEnabled":true},"graphs":[]},"schema_type":null,"schema_type_options":null,"pillar_content":false,"robots_default":true,"robots_noindex":false,"robots_noarchive":false,"robots_nosnippet":false,"robots_nofollow":false,"robots_noimageindex":false,"robots_noodp":false,"robots_notranslate":false,"robots_max_snippet":null,"robots_max_videopreview":null,"robots_max_imagepreview":"large","priority":null,"frequency":null,"location":null,"local_seo":null,"breadcrumb_settings":null,"limit_modified_date":false,"ai":null,"created":"2020-12-20 20:21:03","updated":"2025-07-20 02:28:22","seo_analyzer_scan_date":null,"focus_keyword":null,"additional_keywords":null,"truseo_locale":null},"jetpack_sharing_enabled":true,"jetpack-related-posts":[{"id":12960,"url":"https:\/\/www.jornalja.com.br\/arquivo\/populacao-culpa-empresas-pela-greve-dos-rodoviarios\/","url_meta":{"origin":57503,"position":0},"title":"Popula\u00e7\u00e3o culpa empresas pela greve","author":"Patr\u00edcia Marini","date":"14 de fevereiro de 2014","format":false,"excerpt":"Pesquisa divulgada na edi\u00e7\u00e3o do jornal Metro desta sexta-feira,14, comprova o velho ditado: \u00e9 poss\u00edvel enganar muitos por algum tempo, mas n\u00e3o \u00e9 poss\u00edvel enganar a todos o tempo inteiro. A principal revela\u00e7\u00e3o foi que 59,8% dos entrevistados apontaram as empresas como as principais respons\u00e1veis pela grave e 46% culparam\u2026","rel":"","context":"Em &quot;X.Categorias velhas&quot;","block_context":{"text":"X.Categorias velhas","link":"https:\/\/www.jornalja.com.br\/arquivo\/category\/x-categorias-velhas\/"},"img":{"alt_text":"","src":"","width":0,"height":0},"classes":[]},{"id":14241,"url":"https:\/\/www.jornalja.com.br\/arquivo\/o-guaiba-nas-imagens-poeticas-de-achutti\/","url_meta":{"origin":57503,"position":1},"title":"O Gua\u00edba nas imagens po\u00e9ticas de Achutti","author":"da Reda\u00e7\u00e3o","date":"18 de junho de 2014","format":false,"excerpt":"Em \u201cO Gua\u00edba por Achutti\u201d \u2013 obra financiada via Minist\u00e9rio da Cultura, produ\u00e7\u00e3o executiva de Pedro Longhi, e Fl\u00e1vio Wild como designer \u2013, o fot\u00f3grafo revela a beleza e as mazelas de um espa\u00e7o aqu\u00e1tico de \u00e1guas sempre renovadas, cheio de hist\u00f3rias e lendas como as das cidades que foram\u2026","rel":"","context":"Em &quot;Cultura-Geral&quot;","block_context":{"text":"Cultura-Geral","link":"https:\/\/www.jornalja.com.br\/arquivo\/category\/materiasecundaria\/"},"img":{"alt_text":"","src":"","width":0,"height":0},"classes":[]},{"id":13109,"url":"https:\/\/www.jornalja.com.br\/arquivo\/judiciario-reconhece-poluicao-eletromagnetica\/","url_meta":{"origin":57503,"position":2},"title":"Judici\u00e1rio reconhece polui\u00e7\u00e3o eletromagn\u00e9tica","author":"Patr\u00edcia Marini","date":"16 de maio de 2014","format":false,"excerpt":"A\u00e7\u00e3o de duas associa\u00e7\u00f5es de moradores foi acolhida pelo Tribunal de Justi\u00e7a de S\u00e3o Paulo que. em decis\u00e3o in\u00e9dita, determinou a redu\u00e7\u00e3o do campo eletromagn\u00e9tico gerado pelas linhas de transmiss\u00e3o de energia que cortam os bairros City Boa\u00e7ava e Alto de Pinheiros. \u00c9 a primeira vez que um tribunal do\u2026","rel":"","context":"Em &quot;X.Categorias velhas&quot;","block_context":{"text":"X.Categorias velhas","link":"https:\/\/www.jornalja.com.br\/arquivo\/category\/x-categorias-velhas\/"},"img":{"alt_text":"","src":"","width":0,"height":0},"classes":[]},{"id":13124,"url":"https:\/\/www.jornalja.com.br\/arquivo\/sangue-latino-no-iecine\/","url_meta":{"origin":57503,"position":3},"title":"Sangue latino no IECINE","author":"da Reda\u00e7\u00e3o","date":"18 de maio de 2014","format":false,"excerpt":"Francisco Ribeiro O Instituto Estadual de Cinema (IECINE) tem a frente, desde abril \u00faltimo, um novo diretor, o cineasta colombiano Juan Zapata, 36, que substitui Luiz Alberto Cassol. Radicado h\u00e1 dez anos em Porto Alegre, Zapata tem diante de si o desafio de conduzir at\u00e9 o final do ano um\u2026","rel":"","context":"Em &quot;Cultura-Geral&quot;","block_context":{"text":"Cultura-Geral","link":"https:\/\/www.jornalja.com.br\/arquivo\/category\/materiasecundaria\/"},"img":{"alt_text":"","src":"","width":0,"height":0},"classes":[]},{"id":5440,"url":"https:\/\/www.jornalja.com.br\/arquivo\/casarao-da-venancio-destino-permanece-incerto\/","url_meta":{"origin":57503,"position":4},"title":"Estado ainda n\u00e3o sabe o que fazer com casar\u00e3o abandonado h\u00e1 20 anos","author":"Elmar Bones","date":"6 de julho de 2009","format":false,"excerpt":"O casar\u00e3o amarelo, numa esquina nobre de Porto Alegre (Ven\u00e2ncio Aires com Jo\u00e3o Pessoa), j\u00e1 abrigou uma escola. H\u00e1 duas d\u00e9cadas, pelo menos, est\u00e1 abandonado, porque seu propriet\u00e1rio, o governo do Estado do Rio Grande do Sul, n\u00e3o consegue achar um destino para ele. Planos n\u00e3o faltaram. O governador Ol\u00edvio\u2026","rel":"","context":"Em &quot;X.Categorias velhas&quot;","block_context":{"text":"X.Categorias velhas","link":"https:\/\/www.jornalja.com.br\/arquivo\/category\/x-categorias-velhas\/"},"img":{"alt_text":"geraldo1","src":"https:\/\/i0.wp.com\/www.jornalja.com.br\/wp-content\/uploads\/2009\/07\/geraldo1.jpg?resize=350%2C200&ssl=1","width":350,"height":200},"classes":[]},{"id":13101,"url":"https:\/\/www.jornalja.com.br\/arquivo\/morre-um-guerreiro-do-texto\/","url_meta":{"origin":57503,"position":5},"title":"Morre um guerreiro do texto","author":"Patr\u00edcia Marini","date":"14 de maio de 2014","format":false,"excerpt":"Por Ricardo Kotscho Reproduzido do blog do autor, 11\/5\/2014; t\u00edtulo original \u201cE l\u00e1 se foi o nosso Myltainho, guerreiro do texto\u201d. Mi\u00fado e franzino, meu amigo Myltainho era um valente e inconformado guerreiro na luta contra as injusti\u00e7as sociais, a hipocrisia, as maracutaias, o autoritarismo, a intoler\u00e2ncia, a viol\u00eancia, o\u2026","rel":"","context":"Em &quot;Geral&quot;","block_context":{"text":"Geral","link":"https:\/\/www.jornalja.com.br\/arquivo\/category\/geral\/"},"img":{"alt_text":"","src":"","width":0,"height":0},"classes":[]}],"jetpack_shortlink":"https:\/\/wp.me\/pbQjBd-eXt","jetpack_featured_media_url":"","_links":{"self":[{"href":"https:\/\/www.jornalja.com.br\/arquivo\/wp-json\/wp\/v2\/posts\/57503","targetHints":{"allow":["GET"]}}],"collection":[{"href":"https:\/\/www.jornalja.com.br\/arquivo\/wp-json\/wp\/v2\/posts"}],"about":[{"href":"https:\/\/www.jornalja.com.br\/arquivo\/wp-json\/wp\/v2\/types\/post"}],"author":[{"embeddable":true,"href":"https:\/\/www.jornalja.com.br\/arquivo\/wp-json\/wp\/v2\/users\/4"}],"replies":[{"embeddable":true,"href":"https:\/\/www.jornalja.com.br\/arquivo\/wp-json\/wp\/v2\/comments?post=57503"}],"version-history":[{"count":0,"href":"https:\/\/www.jornalja.com.br\/arquivo\/wp-json\/wp\/v2\/posts\/57503\/revisions"}],"wp:attachment":[{"href":"https:\/\/www.jornalja.com.br\/arquivo\/wp-json\/wp\/v2\/media?parent=57503"}],"wp:term":[{"taxonomy":"category","embeddable":true,"href":"https:\/\/www.jornalja.com.br\/arquivo\/wp-json\/wp\/v2\/categories?post=57503"},{"taxonomy":"post_tag","embeddable":true,"href":"https:\/\/www.jornalja.com.br\/arquivo\/wp-json\/wp\/v2\/tags?post=57503"}],"curies":[{"name":"wp","href":"https:\/\/api.w.org\/{rel}","templated":true}]}}