{"id":57581,"date":"2017-11-24T08:16:56","date_gmt":"2017-11-24T11:16:56","guid":{"rendered":"https:\/\/www.jornalja.com.br\/?p=57581"},"modified":"2017-11-24T08:16:56","modified_gmt":"2017-11-24T11:16:56","slug":"projeto-inedito-ensina-a-cultivar-alimentos-organicos-em-escolas-de-carazinho","status":"publish","type":"post","link":"https:\/\/www.jornalja.com.br\/arquivo\/projeto-inedito-ensina-a-cultivar-alimentos-organicos-em-escolas-de-carazinho\/","title":{"rendered":"Projeto in\u00e9dito ensina a cultivar alimentos org\u00e2nicos em escolas de Carazinho"},"content":{"rendered":"<p>Um projeto in\u00e9dito no Brasil que une educa\u00e7\u00e3o e conscientiza\u00e7\u00e3o ambiental tem mudado o h\u00e1bito de muitos moradores de Carazinho, cidade com pouco mais de 60 mil habitantes. Em um ano, mais de 1,4 mil pessoas foram impactadas pelo \u201cEduca\u00e7\u00e3o &amp; Sustentabilidade\u201d, que ensina aos alunos de escolas p\u00fablicas, professores e seus familiares teorias e pr\u00e1ticas sobre como cuidar do meio ambiente.<br \/>\nA cidade j\u00e1 colhe os resultados de um ano da iniciativa. As escolas fazem a merenda escolar com produtos org\u00e2nicos plantados pelos pr\u00f3prios alunos e foram desenvolvidas unidades de compostagem de res\u00edduos dentro das institui\u00e7\u00f5es de ensino. A comunidade envolvida reduziu o desperd\u00edcio de \u00e1gua e energia, e a popula\u00e7\u00e3o est\u00e1 mais consciente sobre a import\u00e2ncia da sustentabilidade.<br \/>\nSegundo Rodrigo\u00a0Bert\u00e9, idealizador da a\u00e7\u00e3o e diretor da Escola de Superior de Sa\u00fade, Bioci\u00eancia, Meio Ambiente e Humanidades\u00a0do Centro Universit\u00e1rio Internacional Uninter, os objetivos foram al\u00e9m do planejado e a mobiliza\u00e7\u00e3o social foi surpreendente.<br \/>\n<figure id=\"attachment_57614\" aria-describedby=\"caption-attachment-57614\" style=\"width: 315px\" class=\"wp-caption alignright\"><img loading=\"lazy\" decoding=\"async\" class=\" wp-image-57614\" src=\"https:\/\/www.jornalja.com.br\/wp-content\/uploads\/2017\/11\/Rodrigo-Bert\u00e9_nova-400x267.jpg\" alt=\"\" width=\"315\" height=\"213\" \/><figcaption id=\"caption-attachment-57614\" class=\"wp-caption-text\">Rodrigo Bert\u00e9, idealizador do projeto\/Divulga\u00e7\u00e3o<\/figcaption><\/figure><br \/>\n\u201cNunca tinha visto uma cidade, uma Secretaria de Educa\u00e7\u00e3o e escolas se mobilizarem t\u00e3o r\u00e1pido, o comprometimento deles foi maior do que o esperado. Geralmente as pessoas querem algo em troca para se movimentar. Em Carazinho, a ades\u00e3o foi espont\u00e2nea\u201d.<br \/>\nO trabalho no munic\u00edpio ainda n\u00e3o acabou. A pr\u00f3xima etapa \u00e9 englobar mais col\u00e9gios nesse movimento, os principais parceiros, a Secretaria de Educa\u00e7\u00e3o e o Minist\u00e9rio P\u00fablico est\u00e3o discutindo a possibilidade de ampliar o n\u00famero de escolas do Ensino Fundamental e inserir as de Educa\u00e7\u00e3o Infantil.<br \/>\n<figure id=\"attachment_57583\" aria-describedby=\"caption-attachment-57583\" style=\"width: 400px\" class=\"wp-caption alignnone\"><img loading=\"lazy\" decoding=\"async\" class=\"wp-image-57583 size-full\" src=\"https:\/\/www.jornalja.com.br\/wp-content\/uploads\/2017\/11\/Projeto-Sustentabilidade-RS1.jpg\" alt=\"\" width=\"400\" height=\"267\" \/><figcaption id=\"caption-attachment-57583\" class=\"wp-caption-text\">Crian\u00e7as aprendem a plantar, adubar, cuidar e colher os frutos da horta\/Divulga\u00e7\u00e3o.<\/figcaption><\/figure><br \/>\n\u201cTodos os envolvidos foram, de fato, educados para a sustentabilidade e foi poss\u00edvel verificar uma significativa mudan\u00e7a de h\u00e1bitos.\u00a0Acredito que outras cidades deveriam implementar o projeto, tendo em vista que constitui uma excelente oportunidade de despertar a consci\u00eancia c\u00edvica e motivar a\u00e7\u00f5es dessa natureza\u201d, conta Adriana Costa, promotora de Justi\u00e7a e titular do Minist\u00e9rio P\u00fablico na cidade.<br \/>\nO encerramento do primeiro ano de atividades acontece no dia 25 de novembro, s\u00e1bado, \u00e0s 8h30, no audit\u00f3rio da Universidade de Passo Fundo, no\u00a0campus\u00a0de Carazinho que fica na\u00a0Rua Diamantino Conte Tombini, 300. Todos os participantes receber\u00e3o os certificados, os chamados Selos Verdes, que atestam que as a\u00e7\u00f5es sustent\u00e1veis desenvolvidas s\u00e3o amigas da natureza e seguem determinados par\u00e2metros que neutralizam ou reduzem seu impacto no entorno. A solenidade vai contar com a presen\u00e7a de autoridades locais e parceiros.<br \/>\n<span class=\"intertit\">Sobre o projeto<\/span><br \/>\n<figure id=\"attachment_57585\" aria-describedby=\"caption-attachment-57585\" style=\"width: 410px\" class=\"wp-caption alignnone\"><img loading=\"lazy\" decoding=\"async\" class=\"wp-image-57585 size-full\" src=\"https:\/\/www.jornalja.com.br\/wp-content\/uploads\/2017\/11\/Projeto-Sustentabilidade-RS.jpg\" alt=\"\" width=\"410\" height=\"273\" \/><figcaption id=\"caption-attachment-57585\" class=\"wp-caption-text\">Pr\u00e1tica j\u00e1 impactou 1,4 mil pessoas no munic\u00edpio ga\u00facho\/Divulga\u00e7\u00e3o<\/figcaption><\/figure><br \/>\nO \u201cEduca\u00e7\u00e3o &amp; Sustentabilidade\u201d foi criado em 2016 pelo professor\u00a0Bert\u00e9\u00a0para que as escolas p\u00fablicas trabalhassem o tema Meio Ambiente de forma pr\u00e1tica, atraindo a aten\u00e7\u00e3o dos alunos e envolvendo a comunidade. As crian\u00e7as aprendem a plantar, adubar, cuidar e colher os frutos da horta. Em casa, eles aplicam o que aprenderam sobre a reciclagem de res\u00edduos \u00a0para a produ\u00e7\u00e3o de fertilizante, processo conhecido como compostagem.<br \/>\nOito escolas p\u00fablicas de Carazinho (RS) aderiram ao projeto. S\u00e3o elas: Eul\u00e1lia Vargas Albuquerque, o Patronato Santo Ant\u00f4nio, Alfredo Scherer, Capit\u00e3o Aristides Gabriel, Piero Sassi, Pedro Pasqualotto, Pedro Vargas e Pol\u00edbio do Valle.<br \/>\n<figure id=\"attachment_57587\" aria-describedby=\"caption-attachment-57587\" style=\"width: 960px\" class=\"wp-caption alignnone\"><img loading=\"lazy\" decoding=\"async\" class=\"size-full wp-image-57587\" src=\"https:\/\/www.jornalja.com.br\/wp-content\/uploads\/2017\/11\/unnamed.jpg\" alt=\"\" width=\"960\" height=\"539\" \/><figcaption id=\"caption-attachment-57587\" class=\"wp-caption-text\">Alunos est\u00e3o consumindo o que plantam\/Divulga\u00e7\u00e3o<\/figcaption><\/figure><br \/>\nEm 2016, o projeto come\u00e7ou com capacita\u00e7\u00f5es te\u00f3ricas sobre Educa\u00e7\u00e3o Ambiental. Na segunda etapa, foram\u00a0desenvolvidas atividades pr\u00e1ticas, ensinando o processo de compostagem e hortas mandalas. Al\u00e9m dessas atividades, as escolas s\u00e3o incentivadas a criar iniciativas pr\u00f3prias.<br \/>\nO desenvolvimento \u00e9 feito pela Unibio com o apoio\u00a0Minist\u00e9rio P\u00fablico Estadual, por interm\u00e9dio da Promotoria de Justi\u00e7a Especializada de Carazinho, Uninter, Secretaria Municipal de Educa\u00e7\u00e3o e Cultura, respons\u00e1veis pela\u00a0capacita\u00e7\u00e3o, acompanhamento, material did\u00e1tico e supervis\u00e3o de todo o processo.<\/p>\n","protected":false},"excerpt":{"rendered":"<p>Um projeto in\u00e9dito no Brasil que une educa\u00e7\u00e3o e conscientiza\u00e7\u00e3o ambiental tem mudado o h\u00e1bito de muitos moradores de Carazinho, cidade com pouco mais de 60 mil habitantes. Em um ano, mais de 1,4 mil pessoas foram impactadas pelo \u201cEduca\u00e7\u00e3o &amp; Sustentabilidade\u201d, que ensina aos alunos de escolas p\u00fablicas, professores e seus familiares teorias e [&hellip;]<\/p>\n","protected":false},"author":4,"featured_media":57613,"comment_status":"open","ping_status":"closed","sticky":false,"template":"","format":"standard","meta":{"_jetpack_newsletter_access":"","_jetpack_dont_email_post_to_subs":false,"_jetpack_newsletter_tier_id":0,"_jetpack_memberships_contains_paywalled_content":false,"_jetpack_feature_clip_id":0,"_jetpack_memberships_contains_paid_content":false,"footnotes":"","jetpack_post_was_ever_published":false},"categories":[26],"tags":[],"class_list":["post-57581","post","type-post","status-publish","format-standard","has-post-thumbnail","hentry","category-geral"],"aioseo_notices":[],"aioseo_head":"\n\t\t<!-- All in One SEO 5.0.1.1 - aioseo.com -->\n\t<meta name=\"robots\" content=\"max-image-preview:large\" \/>\n\t<meta name=\"author\" content=\"da Reda\u00e7\u00e3o\"\/>\n\t<link rel=\"canonical\" href=\"https:\/\/www.jornalja.com.br\/arquivo\/projeto-inedito-ensina-a-cultivar-alimentos-organicos-em-escolas-de-carazinho\/\" \/>\n\t<meta name=\"generator\" content=\"All in One SEO (AIOSEO) 5.0.1.1\" \/>\n\t\t<meta property=\"og:locale\" content=\"pt_BR\" \/>\n\t\t<meta property=\"og:site_name\" content=\"Arquivo | Jornal J\u00c1 | Porto Alegre\" \/>\n\t\t<meta property=\"og:type\" content=\"article\" \/>\n\t\t<meta property=\"og:title\" content=\"Projeto in\u00e9dito ensina a cultivar alimentos org\u00e2nicos em escolas de Carazinho | Arquivo\" \/>\n\t\t<meta property=\"og:url\" content=\"https:\/\/www.jornalja.com.br\/arquivo\/projeto-inedito-ensina-a-cultivar-alimentos-organicos-em-escolas-de-carazinho\/\" \/>\n\t\t<meta property=\"og:image\" content=\"https:\/\/www.jornalja.com.br\/wp-content\/uploads\/2017\/11\/Rodrigo-Bert\u00e9_nova-400x267.jpg\" \/>\n\t\t<meta property=\"og:image:secure_url\" content=\"https:\/\/www.jornalja.com.br\/wp-content\/uploads\/2017\/11\/Rodrigo-Bert\u00e9_nova-400x267.jpg\" \/>\n\t\t<meta property=\"article:published_time\" content=\"2017-11-24T11:16:56+00:00\" \/>\n\t\t<meta property=\"article:modified_time\" content=\"2017-11-24T11:16:56+00:00\" \/>\n\t\t<meta name=\"twitter:card\" content=\"summary\" \/>\n\t\t<meta name=\"twitter:title\" content=\"Projeto in\u00e9dito ensina a cultivar alimentos org\u00e2nicos em escolas de Carazinho | Arquivo\" \/>\n\t\t<meta name=\"twitter:image\" content=\"https:\/\/www.jornalja.com.br\/economics\/wp-content\/uploads\/sites\/11\/2026\/08\/ja-folhaderosto-facebook.jpg\" \/>\n\t\t<script type=\"application\/ld+json\" class=\"aioseo-schema\">\n\t\t\t{\"@context\":\"https:\\\/\\\/schema.org\",\"@graph\":[{\"@type\":\"BlogPosting\",\"@id\":\"https:\\\/\\\/www.jornalja.com.br\\\/arquivo\\\/projeto-inedito-ensina-a-cultivar-alimentos-organicos-em-escolas-de-carazinho\\\/#blogposting\",\"name\":\"Projeto in\\u00e9dito ensina a cultivar alimentos org\\u00e2nicos em escolas de Carazinho | Arquivo\",\"headline\":\"Projeto in\\u00e9dito ensina a cultivar alimentos org\\u00e2nicos em escolas de Carazinho\",\"author\":{\"@id\":\"https:\\\/\\\/www.jornalja.com.br\\\/arquivo\\\/author\\\/daredacao\\\/#author\"},\"publisher\":{\"@id\":\"https:\\\/\\\/www.jornalja.com.br\\\/arquivo\\\/#organization\"},\"image\":{\"@type\":\"ImageObject\",\"url\":57613},\"datePublished\":\"2017-11-24T08:16:56-02:00\",\"dateModified\":\"2017-11-24T08:16:56-02:00\",\"inLanguage\":\"pt-BR\",\"mainEntityOfPage\":{\"@id\":\"https:\\\/\\\/www.jornalja.com.br\\\/arquivo\\\/projeto-inedito-ensina-a-cultivar-alimentos-organicos-em-escolas-de-carazinho\\\/#webpage\"},\"isPartOf\":{\"@id\":\"https:\\\/\\\/www.jornalja.com.br\\\/arquivo\\\/projeto-inedito-ensina-a-cultivar-alimentos-organicos-em-escolas-de-carazinho\\\/#webpage\"},\"articleSection\":\"Geral\"},{\"@type\":\"BreadcrumbList\",\"@id\":\"https:\\\/\\\/www.jornalja.com.br\\\/arquivo\\\/projeto-inedito-ensina-a-cultivar-alimentos-organicos-em-escolas-de-carazinho\\\/#breadcrumblist\",\"itemListElement\":[{\"@type\":\"ListItem\",\"@id\":\"https:\\\/\\\/www.jornalja.com.br\\\/arquivo#listItem\",\"position\":1,\"name\":\"Home\",\"item\":\"https:\\\/\\\/www.jornalja.com.br\\\/arquivo\",\"nextItem\":{\"@type\":\"ListItem\",\"@id\":\"https:\\\/\\\/www.jornalja.com.br\\\/arquivo\\\/category\\\/geral\\\/#listItem\",\"name\":\"Geral\"}},{\"@type\":\"ListItem\",\"@id\":\"https:\\\/\\\/www.jornalja.com.br\\\/arquivo\\\/category\\\/geral\\\/#listItem\",\"position\":2,\"name\":\"Geral\",\"item\":\"https:\\\/\\\/www.jornalja.com.br\\\/arquivo\\\/category\\\/geral\\\/\",\"nextItem\":{\"@type\":\"ListItem\",\"@id\":\"https:\\\/\\\/www.jornalja.com.br\\\/arquivo\\\/projeto-inedito-ensina-a-cultivar-alimentos-organicos-em-escolas-de-carazinho\\\/#listItem\",\"name\":\"Projeto in\\u00e9dito ensina a cultivar alimentos org\\u00e2nicos em escolas de Carazinho\"},\"previousItem\":{\"@type\":\"ListItem\",\"@id\":\"https:\\\/\\\/www.jornalja.com.br\\\/arquivo#listItem\",\"name\":\"Home\"}},{\"@type\":\"ListItem\",\"@id\":\"https:\\\/\\\/www.jornalja.com.br\\\/arquivo\\\/projeto-inedito-ensina-a-cultivar-alimentos-organicos-em-escolas-de-carazinho\\\/#listItem\",\"position\":3,\"name\":\"Projeto in\\u00e9dito ensina a cultivar alimentos org\\u00e2nicos em escolas de Carazinho\",\"previousItem\":{\"@type\":\"ListItem\",\"@id\":\"https:\\\/\\\/www.jornalja.com.br\\\/arquivo\\\/category\\\/geral\\\/#listItem\",\"name\":\"Geral\"}}]},{\"@type\":\"Organization\",\"@id\":\"https:\\\/\\\/www.jornalja.com.br\\\/arquivo\\\/#organization\",\"name\":\"Jornal J\\u00c1\",\"description\":\"Jornal J\\u00c1 | Porto Alegre\",\"url\":\"https:\\\/\\\/www.jornalja.com.br\\\/arquivo\\\/\",\"telephone\":\"+555133307272\",\"logo\":{\"@type\":\"ImageObject\",\"url\":\"https:\\\/\\\/www.jornalja.com.br\\\/wp-content\\\/uploads\\\/cards\\\/JAslogan.png\",\"@id\":\"https:\\\/\\\/www.jornalja.com.br\\\/arquivo\\\/projeto-inedito-ensina-a-cultivar-alimentos-organicos-em-escolas-de-carazinho\\\/#organizationLogo\"},\"image\":{\"@id\":\"https:\\\/\\\/www.jornalja.com.br\\\/arquivo\\\/projeto-inedito-ensina-a-cultivar-alimentos-organicos-em-escolas-de-carazinho\\\/#organizationLogo\"}},{\"@type\":\"Person\",\"@id\":\"https:\\\/\\\/www.jornalja.com.br\\\/arquivo\\\/author\\\/daredacao\\\/#author\",\"url\":\"https:\\\/\\\/www.jornalja.com.br\\\/arquivo\\\/author\\\/daredacao\\\/\",\"name\":\"da Reda\\u00e7\\u00e3o\",\"image\":{\"@type\":\"ImageObject\",\"@id\":\"https:\\\/\\\/www.jornalja.com.br\\\/arquivo\\\/projeto-inedito-ensina-a-cultivar-alimentos-organicos-em-escolas-de-carazinho\\\/#authorImage\",\"url\":\"https:\\\/\\\/secure.gravatar.com\\\/avatar\\\/469fd857d6605ad19919d27ed29d35a968a25f6e8fd9318356bbb7f57aae9c65?s=96&d=mm&r=g\",\"width\":96,\"height\":96,\"caption\":\"da Reda\\u00e7\\u00e3o\"}},{\"@type\":\"WebPage\",\"@id\":\"https:\\\/\\\/www.jornalja.com.br\\\/arquivo\\\/projeto-inedito-ensina-a-cultivar-alimentos-organicos-em-escolas-de-carazinho\\\/#webpage\",\"url\":\"https:\\\/\\\/www.jornalja.com.br\\\/arquivo\\\/projeto-inedito-ensina-a-cultivar-alimentos-organicos-em-escolas-de-carazinho\\\/\",\"name\":\"Projeto in\\u00e9dito ensina a cultivar alimentos org\\u00e2nicos em escolas de Carazinho | Arquivo\",\"inLanguage\":\"pt-BR\",\"isPartOf\":{\"@id\":\"https:\\\/\\\/www.jornalja.com.br\\\/arquivo\\\/#website\"},\"breadcrumb\":{\"@id\":\"https:\\\/\\\/www.jornalja.com.br\\\/arquivo\\\/projeto-inedito-ensina-a-cultivar-alimentos-organicos-em-escolas-de-carazinho\\\/#breadcrumblist\"},\"author\":{\"@id\":\"https:\\\/\\\/www.jornalja.com.br\\\/arquivo\\\/author\\\/daredacao\\\/#author\"},\"creator\":{\"@id\":\"https:\\\/\\\/www.jornalja.com.br\\\/arquivo\\\/author\\\/daredacao\\\/#author\"},\"image\":{\"@type\":\"ImageObject\",\"url\":57613,\"@id\":\"https:\\\/\\\/www.jornalja.com.br\\\/arquivo\\\/projeto-inedito-ensina-a-cultivar-alimentos-organicos-em-escolas-de-carazinho\\\/#mainImage\"},\"primaryImageOfPage\":{\"@id\":\"https:\\\/\\\/www.jornalja.com.br\\\/arquivo\\\/projeto-inedito-ensina-a-cultivar-alimentos-organicos-em-escolas-de-carazinho\\\/#mainImage\"},\"datePublished\":\"2017-11-24T08:16:56-02:00\",\"dateModified\":\"2017-11-24T08:16:56-02:00\"},{\"@type\":\"WebSite\",\"@id\":\"https:\\\/\\\/www.jornalja.com.br\\\/arquivo\\\/#website\",\"url\":\"https:\\\/\\\/www.jornalja.com.br\\\/arquivo\\\/\",\"name\":\"Arquivo\",\"description\":\"Jornal J\\u00c1 | Porto Alegre\",\"inLanguage\":\"pt-BR\",\"publisher\":{\"@id\":\"https:\\\/\\\/www.jornalja.com.br\\\/arquivo\\\/#organization\"}}]}\n\t\t<\/script>\n\t\t<!-- All in One SEO -->\n\n","aioseo_head_json":{"title":"Projeto in\u00e9dito ensina a cultivar alimentos org\u00e2nicos em escolas de Carazinho | Arquivo","description":"","canonical_url":"https:\/\/www.jornalja.com.br\/arquivo\/projeto-inedito-ensina-a-cultivar-alimentos-organicos-em-escolas-de-carazinho\/","robots":"max-image-preview:large","keywords":"","webmasterTools":{"miscellaneous":""},"schema":{"@context":"https:\/\/schema.org","@graph":[{"@type":"BlogPosting","@id":"https:\/\/www.jornalja.com.br\/arquivo\/projeto-inedito-ensina-a-cultivar-alimentos-organicos-em-escolas-de-carazinho\/#blogposting","name":"Projeto in\u00e9dito ensina a cultivar alimentos org\u00e2nicos em escolas de Carazinho | Arquivo","headline":"Projeto in\u00e9dito ensina a cultivar alimentos org\u00e2nicos em escolas de Carazinho","author":{"@id":"https:\/\/www.jornalja.com.br\/arquivo\/author\/daredacao\/#author"},"publisher":{"@id":"https:\/\/www.jornalja.com.br\/arquivo\/#organization"},"image":{"@type":"ImageObject","url":57613},"datePublished":"2017-11-24T08:16:56-02:00","dateModified":"2017-11-24T08:16:56-02:00","inLanguage":"pt-BR","mainEntityOfPage":{"@id":"https:\/\/www.jornalja.com.br\/arquivo\/projeto-inedito-ensina-a-cultivar-alimentos-organicos-em-escolas-de-carazinho\/#webpage"},"isPartOf":{"@id":"https:\/\/www.jornalja.com.br\/arquivo\/projeto-inedito-ensina-a-cultivar-alimentos-organicos-em-escolas-de-carazinho\/#webpage"},"articleSection":"Geral"},{"@type":"BreadcrumbList","@id":"https:\/\/www.jornalja.com.br\/arquivo\/projeto-inedito-ensina-a-cultivar-alimentos-organicos-em-escolas-de-carazinho\/#breadcrumblist","itemListElement":[{"@type":"ListItem","@id":"https:\/\/www.jornalja.com.br\/arquivo#listItem","position":1,"name":"Home","item":"https:\/\/www.jornalja.com.br\/arquivo","nextItem":{"@type":"ListItem","@id":"https:\/\/www.jornalja.com.br\/arquivo\/category\/geral\/#listItem","name":"Geral"}},{"@type":"ListItem","@id":"https:\/\/www.jornalja.com.br\/arquivo\/category\/geral\/#listItem","position":2,"name":"Geral","item":"https:\/\/www.jornalja.com.br\/arquivo\/category\/geral\/","nextItem":{"@type":"ListItem","@id":"https:\/\/www.jornalja.com.br\/arquivo\/projeto-inedito-ensina-a-cultivar-alimentos-organicos-em-escolas-de-carazinho\/#listItem","name":"Projeto in\u00e9dito ensina a cultivar alimentos org\u00e2nicos em escolas de Carazinho"},"previousItem":{"@type":"ListItem","@id":"https:\/\/www.jornalja.com.br\/arquivo#listItem","name":"Home"}},{"@type":"ListItem","@id":"https:\/\/www.jornalja.com.br\/arquivo\/projeto-inedito-ensina-a-cultivar-alimentos-organicos-em-escolas-de-carazinho\/#listItem","position":3,"name":"Projeto in\u00e9dito ensina a cultivar alimentos org\u00e2nicos em escolas de Carazinho","previousItem":{"@type":"ListItem","@id":"https:\/\/www.jornalja.com.br\/arquivo\/category\/geral\/#listItem","name":"Geral"}}]},{"@type":"Organization","@id":"https:\/\/www.jornalja.com.br\/arquivo\/#organization","name":"Jornal J\u00c1","description":"Jornal J\u00c1 | Porto Alegre","url":"https:\/\/www.jornalja.com.br\/arquivo\/","telephone":"+555133307272","logo":{"@type":"ImageObject","url":"https:\/\/www.jornalja.com.br\/wp-content\/uploads\/cards\/JAslogan.png","@id":"https:\/\/www.jornalja.com.br\/arquivo\/projeto-inedito-ensina-a-cultivar-alimentos-organicos-em-escolas-de-carazinho\/#organizationLogo"},"image":{"@id":"https:\/\/www.jornalja.com.br\/arquivo\/projeto-inedito-ensina-a-cultivar-alimentos-organicos-em-escolas-de-carazinho\/#organizationLogo"}},{"@type":"Person","@id":"https:\/\/www.jornalja.com.br\/arquivo\/author\/daredacao\/#author","url":"https:\/\/www.jornalja.com.br\/arquivo\/author\/daredacao\/","name":"da Reda\u00e7\u00e3o","image":{"@type":"ImageObject","@id":"https:\/\/www.jornalja.com.br\/arquivo\/projeto-inedito-ensina-a-cultivar-alimentos-organicos-em-escolas-de-carazinho\/#authorImage","url":"https:\/\/secure.gravatar.com\/avatar\/469fd857d6605ad19919d27ed29d35a968a25f6e8fd9318356bbb7f57aae9c65?s=96&d=mm&r=g","width":96,"height":96,"caption":"da Reda\u00e7\u00e3o"}},{"@type":"WebPage","@id":"https:\/\/www.jornalja.com.br\/arquivo\/projeto-inedito-ensina-a-cultivar-alimentos-organicos-em-escolas-de-carazinho\/#webpage","url":"https:\/\/www.jornalja.com.br\/arquivo\/projeto-inedito-ensina-a-cultivar-alimentos-organicos-em-escolas-de-carazinho\/","name":"Projeto in\u00e9dito ensina a cultivar alimentos org\u00e2nicos em escolas de Carazinho | Arquivo","inLanguage":"pt-BR","isPartOf":{"@id":"https:\/\/www.jornalja.com.br\/arquivo\/#website"},"breadcrumb":{"@id":"https:\/\/www.jornalja.com.br\/arquivo\/projeto-inedito-ensina-a-cultivar-alimentos-organicos-em-escolas-de-carazinho\/#breadcrumblist"},"author":{"@id":"https:\/\/www.jornalja.com.br\/arquivo\/author\/daredacao\/#author"},"creator":{"@id":"https:\/\/www.jornalja.com.br\/arquivo\/author\/daredacao\/#author"},"image":{"@type":"ImageObject","url":57613,"@id":"https:\/\/www.jornalja.com.br\/arquivo\/projeto-inedito-ensina-a-cultivar-alimentos-organicos-em-escolas-de-carazinho\/#mainImage"},"primaryImageOfPage":{"@id":"https:\/\/www.jornalja.com.br\/arquivo\/projeto-inedito-ensina-a-cultivar-alimentos-organicos-em-escolas-de-carazinho\/#mainImage"},"datePublished":"2017-11-24T08:16:56-02:00","dateModified":"2017-11-24T08:16:56-02:00"},{"@type":"WebSite","@id":"https:\/\/www.jornalja.com.br\/arquivo\/#website","url":"https:\/\/www.jornalja.com.br\/arquivo\/","name":"Arquivo","description":"Jornal J\u00c1 | Porto Alegre","inLanguage":"pt-BR","publisher":{"@id":"https:\/\/www.jornalja.com.br\/arquivo\/#organization"}}]},"og:locale":"pt_BR","og:site_name":"Arquivo | Jornal J\u00c1 | Porto Alegre","og:type":"article","og:title":"Projeto in\u00e9dito ensina a cultivar alimentos org\u00e2nicos em escolas de Carazinho | Arquivo","og:url":"https:\/\/www.jornalja.com.br\/arquivo\/projeto-inedito-ensina-a-cultivar-alimentos-organicos-em-escolas-de-carazinho\/","og:image":"https:\/\/www.jornalja.com.br\/wp-content\/uploads\/2017\/11\/Rodrigo-Bert\u00e9_nova-400x267.jpg","og:image:secure_url":"https:\/\/www.jornalja.com.br\/wp-content\/uploads\/2017\/11\/Rodrigo-Bert\u00e9_nova-400x267.jpg","article:published_time":"2017-11-24T11:16:56+00:00","article:modified_time":"2017-11-24T11:16:56+00:00","twitter:card":"summary","twitter:title":"Projeto in\u00e9dito ensina a cultivar alimentos org\u00e2nicos em escolas de Carazinho | Arquivo","twitter:image":"https:\/\/www.jornalja.com.br\/economics\/wp-content\/uploads\/sites\/11\/2026\/08\/ja-folhaderosto-facebook.jpg"},"aioseo_meta_data":{"post_id":"57581","title":null,"description":null,"keywords":null,"keyphrases":null,"primary_term":null,"canonical_url":null,"og_title":null,"og_description":null,"og_object_type":"default","og_image_type":"default","og_image_url":null,"og_image_width":null,"og_image_height":null,"og_image_custom_url":null,"og_image_custom_fields":null,"og_video":null,"og_custom_url":null,"og_article_section":null,"og_article_tags":null,"twitter_use_og":false,"twitter_card":"default","twitter_image_type":"default","twitter_image_url":null,"twitter_image_custom_url":null,"twitter_image_custom_fields":null,"twitter_title":null,"twitter_description":null,"schema":{"blockGraphs":[],"customGraphs":[],"default":{"data":{"Article":[],"Course":[],"Dataset":[],"FAQPage":[],"Movie":[],"Person":[],"Product":[],"ProductReview":[],"Car":[],"Recipe":[],"Service":[],"SoftwareApplication":[],"WebPage":[]},"graphName":"","isEnabled":true},"graphs":[],"defaultGraph":"","defaultPostTypeGraph":""},"schema_type":null,"schema_type_options":null,"pillar_content":false,"robots_default":true,"robots_noindex":false,"robots_noarchive":false,"robots_nosnippet":false,"robots_nofollow":false,"robots_noimageindex":false,"robots_noodp":false,"robots_notranslate":false,"robots_max_snippet":null,"robots_max_videopreview":null,"robots_max_imagepreview":"large","priority":null,"frequency":null,"location":null,"local_seo":null,"breadcrumb_settings":null,"limit_modified_date":false,"ai":null,"created":"2020-12-20 20:20:45","updated":"2025-07-20 02:32:21","seo_analyzer_scan_date":null,"focus_keyword":null,"additional_keywords":null,"truseo_locale":null},"jetpack_sharing_enabled":true,"jetpack-related-posts":[{"id":13109,"url":"https:\/\/www.jornalja.com.br\/arquivo\/judiciario-reconhece-poluicao-eletromagnetica\/","url_meta":{"origin":57581,"position":0},"title":"Judici\u00e1rio reconhece polui\u00e7\u00e3o eletromagn\u00e9tica","author":"Patr\u00edcia Marini","date":"16 de maio de 2014","format":false,"excerpt":"A\u00e7\u00e3o de duas associa\u00e7\u00f5es de moradores foi acolhida pelo Tribunal de Justi\u00e7a de S\u00e3o Paulo que. em decis\u00e3o in\u00e9dita, determinou a redu\u00e7\u00e3o do campo eletromagn\u00e9tico gerado pelas linhas de transmiss\u00e3o de energia que cortam os bairros City Boa\u00e7ava e Alto de Pinheiros. \u00c9 a primeira vez que um tribunal do\u2026","rel":"","context":"Em &quot;X.Categorias velhas&quot;","block_context":{"text":"X.Categorias velhas","link":"https:\/\/www.jornalja.com.br\/arquivo\/category\/x-categorias-velhas\/"},"img":{"alt_text":"","src":"","width":0,"height":0},"classes":[]},{"id":13124,"url":"https:\/\/www.jornalja.com.br\/arquivo\/sangue-latino-no-iecine\/","url_meta":{"origin":57581,"position":1},"title":"Sangue latino no IECINE","author":"da Reda\u00e7\u00e3o","date":"18 de maio de 2014","format":false,"excerpt":"Francisco Ribeiro O Instituto Estadual de Cinema (IECINE) tem a frente, desde abril \u00faltimo, um novo diretor, o cineasta colombiano Juan Zapata, 36, que substitui Luiz Alberto Cassol. Radicado h\u00e1 dez anos em Porto Alegre, Zapata tem diante de si o desafio de conduzir at\u00e9 o final do ano um\u2026","rel":"","context":"Em &quot;Cultura-Geral&quot;","block_context":{"text":"Cultura-Geral","link":"https:\/\/www.jornalja.com.br\/arquivo\/category\/materiasecundaria\/"},"img":{"alt_text":"","src":"","width":0,"height":0},"classes":[]},{"id":13240,"url":"https:\/\/www.jornalja.com.br\/arquivo\/plano-diretor-estamos-construindo-o-caos\/","url_meta":{"origin":57581,"position":2},"title":"Plano diretor: &quot;Estamos construindo o caos&quot;","author":"Patr\u00edcia Marini","date":"26 de maio de 2014","format":false,"excerpt":"Desabafo que arquiteta Eliana Castilhos, delegada da Regi\u00e3o de Planejamento 1, postou nas redes sociais \u00e9 um testemunho do ambiente que se criou no Conselho do Plano Diretor de Porto Alegre, onde a aprova\u00e7\u00e3o de grandes empreendimentos \u00e9 empurrada guela abaixo dos conselheiros. Ao CMDUA Como delegada da Regi\u00e3o de\u2026","rel":"","context":"Em &quot;Geral&quot;","block_context":{"text":"Geral","link":"https:\/\/www.jornalja.com.br\/arquivo\/category\/geral\/"},"img":{"alt_text":"","src":"","width":0,"height":0},"classes":[]},{"id":14241,"url":"https:\/\/www.jornalja.com.br\/arquivo\/o-guaiba-nas-imagens-poeticas-de-achutti\/","url_meta":{"origin":57581,"position":3},"title":"O Gua\u00edba nas imagens po\u00e9ticas de Achutti","author":"da Reda\u00e7\u00e3o","date":"18 de junho de 2014","format":false,"excerpt":"Em \u201cO Gua\u00edba por Achutti\u201d \u2013 obra financiada via Minist\u00e9rio da Cultura, produ\u00e7\u00e3o executiva de Pedro Longhi, e Fl\u00e1vio Wild como designer \u2013, o fot\u00f3grafo revela a beleza e as mazelas de um espa\u00e7o aqu\u00e1tico de \u00e1guas sempre renovadas, cheio de hist\u00f3rias e lendas como as das cidades que foram\u2026","rel":"","context":"Em &quot;Cultura-Geral&quot;","block_context":{"text":"Cultura-Geral","link":"https:\/\/www.jornalja.com.br\/arquivo\/category\/materiasecundaria\/"},"img":{"alt_text":"","src":"","width":0,"height":0},"classes":[]},{"id":5440,"url":"https:\/\/www.jornalja.com.br\/arquivo\/casarao-da-venancio-destino-permanece-incerto\/","url_meta":{"origin":57581,"position":4},"title":"Estado ainda n\u00e3o sabe o que fazer com casar\u00e3o abandonado h\u00e1 20 anos","author":"Elmar Bones","date":"6 de julho de 2009","format":false,"excerpt":"O casar\u00e3o amarelo, numa esquina nobre de Porto Alegre (Ven\u00e2ncio Aires com Jo\u00e3o Pessoa), j\u00e1 abrigou uma escola. H\u00e1 duas d\u00e9cadas, pelo menos, est\u00e1 abandonado, porque seu propriet\u00e1rio, o governo do Estado do Rio Grande do Sul, n\u00e3o consegue achar um destino para ele. Planos n\u00e3o faltaram. O governador Ol\u00edvio\u2026","rel":"","context":"Em &quot;X.Categorias velhas&quot;","block_context":{"text":"X.Categorias velhas","link":"https:\/\/www.jornalja.com.br\/arquivo\/category\/x-categorias-velhas\/"},"img":{"alt_text":"geraldo1","src":"https:\/\/i0.wp.com\/www.jornalja.com.br\/wp-content\/uploads\/2009\/07\/geraldo1.jpg?resize=350%2C200&ssl=1","width":350,"height":200},"classes":[]},{"id":13239,"url":"https:\/\/www.jornalja.com.br\/arquivo\/conselho-desdenha-do-plano-diretor\/","url_meta":{"origin":57581,"position":5},"title":"Porto Alegre: Conselho detona Plano Diretor","author":"Patr\u00edcia Marini","date":"25 de maio de 2014","format":false,"excerpt":"Den\u00fancia do arquiteto e \u00a0urbanista Ibir\u00e1 Santos Lucas. Ele diz que os conselheiros est\u00e3o votando com \"enorme irresponsabilidade\". \"Mudam regime com a maior naturalidade,,,regularizam absurdos de constru\u00e7\u00f5es irregulares... \"O CMDUA est\u00e1 flexibilizando a lei do plano diretor, de uma forma impactante na vida da cidade. Mudam regime com a maior\u2026","rel":"","context":"Em &quot;Geral&quot;","block_context":{"text":"Geral","link":"https:\/\/www.jornalja.com.br\/arquivo\/category\/geral\/"},"img":{"alt_text":"","src":"","width":0,"height":0},"classes":[]}],"jetpack_shortlink":"https:\/\/wp.me\/pbQjBd-eYJ","jetpack_featured_media_url":"","_links":{"self":[{"href":"https:\/\/www.jornalja.com.br\/arquivo\/wp-json\/wp\/v2\/posts\/57581","targetHints":{"allow":["GET"]}}],"collection":[{"href":"https:\/\/www.jornalja.com.br\/arquivo\/wp-json\/wp\/v2\/posts"}],"about":[{"href":"https:\/\/www.jornalja.com.br\/arquivo\/wp-json\/wp\/v2\/types\/post"}],"author":[{"embeddable":true,"href":"https:\/\/www.jornalja.com.br\/arquivo\/wp-json\/wp\/v2\/users\/4"}],"replies":[{"embeddable":true,"href":"https:\/\/www.jornalja.com.br\/arquivo\/wp-json\/wp\/v2\/comments?post=57581"}],"version-history":[{"count":0,"href":"https:\/\/www.jornalja.com.br\/arquivo\/wp-json\/wp\/v2\/posts\/57581\/revisions"}],"wp:attachment":[{"href":"https:\/\/www.jornalja.com.br\/arquivo\/wp-json\/wp\/v2\/media?parent=57581"}],"wp:term":[{"taxonomy":"category","embeddable":true,"href":"https:\/\/www.jornalja.com.br\/arquivo\/wp-json\/wp\/v2\/categories?post=57581"},{"taxonomy":"post_tag","embeddable":true,"href":"https:\/\/www.jornalja.com.br\/arquivo\/wp-json\/wp\/v2\/tags?post=57581"}],"curies":[{"name":"wp","href":"https:\/\/api.w.org\/{rel}","templated":true}]}}