{"id":57629,"date":"2017-11-24T16:33:24","date_gmt":"2017-11-24T19:33:24","guid":{"rendered":"https:\/\/www.jornalja.com.br\/?p=57629"},"modified":"2017-11-24T16:33:24","modified_gmt":"2017-11-24T19:33:24","slug":"prefeitura-gasta-r-43-milhoes-do-fundo-do-meio-ambiente-sem-autorizacao-do-conselho","status":"publish","type":"post","link":"https:\/\/www.jornalja.com.br\/arquivo\/prefeitura-gasta-r-43-milhoes-do-fundo-do-meio-ambiente-sem-autorizacao-do-conselho\/","title":{"rendered":"Prefeitura gasta R$ 4,3 milh\u00f5es do fundo do meio ambiente sem autoriza\u00e7\u00e3o do Conselho"},"content":{"rendered":"<p>Tr\u00eas decretos editados ao longo deste ano retiraram R$ 4.388.075,00 do\u00a0Fundo Municipal Pr\u00f3-Defesa do Meio Ambiente (Fumproamb).\u00a0O maior deles (<a href=\"http:\/\/www2.portoalegre.rs.gov.br\/cgi-bin\/nph-brs?s1=000036084.DOCN.&amp;l=20&amp;u=\/netahtml\/sirel\/simples.html&amp;p=1&amp;r=1&amp;f=G&amp;d=atos&amp;SECT1=TEXT\" target=\"_blank\" rel=\"noopener noreferrer\">n\u00ba 19.724<\/a>), em abril, destinou R$ 3,6 milh\u00f5es para reurbaniza\u00e7\u00e3o de \u00e1reas verdes de acesso p\u00fablico. Outros dois decretos, em setembro e outubro, somam o restante do valor.<br \/>\nAs retiradas foram feitas sem autoriza\u00e7\u00e3o do Conselho Municipal do Meio Ambiente (Comam), que\u00a0n\u00e3o se re\u00fane h\u00e1 um ano. Formado por 27 representantes de secretarias, \u00f3rg\u00e3os p\u00fablicos e entidades ambientais,\u00a0\u00e9 o conselho quem define como ser\u00e1 a distribui\u00e7\u00e3o dos recursos do Fumproamb (Lei DECRETO No 15.679,2007). O\u00a0Comam deveria se reunir mensalmente para discutir e debater temas relativos ao meio ambiente da cidade.<br \/>\nCompete ao secret\u00e1rio do Meio Ambiente, Maur\u00edcio Fernandes, que \u00e9 o presidente do Comam, marcar e convocar as reuni\u00f5es, conforme art. 2\u00ba, II do Regimento Interno do Conselho (Decreto Municipal n\u00ba 11.638\/96).\u00a0No entanto,\u00a0no per\u00edodo de seis meses <a href=\"https:\/\/www.jornalja.com.br\/aos-144-dias-de-governo-marchezan-anuncia-secretario-do-meio-ambiente\/\">desde que assumiu a pasta,<\/a> o secret\u00e1rio n\u00e3o marcou nenhuma reuni\u00e3o do Conselho.<br \/>\nA reportagem do J\u00e1 tentou contato com o titular da pasta, atrav\u00e9s da assessoria de imprensa, n\u00e3o tendo retorno at\u00e9 o fechamento da mat\u00e9ria.<br \/>\n<strong>Entidades\u00a0entregam den\u00fancia ao MP de Contas<\/strong><br \/>\nUm conjunto de entidade entrega, nesta sexta-feira, uma den\u00fancia ao Minist\u00e9rio P\u00fablico de Contas referente ao uso irregular dos recursos do fundo. &#8220;Isso \u00e9 extremamente grave e vamos querer explica\u00e7\u00f5es por esse uso indevido do dinheiro do fundo&#8221;, declarou um dos dos coordenadores do Ing\u00e1 e ex-conselheiro do Comam, o professor Paulo Brack. A iniciativa \u00e9 da Associa\u00e7\u00e3o Ga\u00facha de Prote\u00e7\u00e3o ao Ambiente Natural (Agapan), Associa\u00e7\u00e3o S\u00f3cio-Ambientalista (Igr\u00e9), o Instituto Ga\u00facho de Estudos Ambientais (Ing\u00e1) e a Uni\u00e3o Pela Vida (UPV).<br \/>\n<a href=\"https:\/\/www.jornalja.com.br\/fundo-do-meio-ambiente-de-porto-alegre-tem-r-27-milhoes\/\">Em junho, o\u00a0Fumproamb tinha R$ 27 milh\u00f5es dispon\u00edveis.<\/a>\u00a0Desde 2007 qualquer verba que sai deste fundo tem de ser autorizada pelo Conselho Municipal do Meio Ambiente (Comam). Em fevereiro de 2008, uma resolu\u00e7\u00e3o\u00a0criou a C\u00e2mara T\u00e9cnica do Fundo Pr\u00f3 Meio Ambiente, e definiu segundo o artigo 2 da resolu\u00e7\u00e3o que:<br \/>\n<em>Compete \u00e0 C\u00e2mara T\u00e9cnica do FUMPROAMB:<\/em><br \/>\n<em>I &#8211; apreciar proposta de diretrizes gerais e planos de aplica\u00e7\u00e3o anuais e plurianuais do<\/em><br \/>\n<em>Fundo e sua conformidade com a Pol\u00edtica Municipal do Meio Ambiente, encaminhando sua\u00a0<\/em><em>an\u00e1lise para subsidiar decis\u00e3o do Plen\u00e1rio, que se manifestar\u00e1 por resolu\u00e7\u00e3o;<\/em><br \/>\n<em>II &#8211; analisar previamente a proposta de or\u00e7amento anual do fundo, e sua conformidade<\/em><br \/>\n<em>com as prioridades, diretrizes e planos de aplica\u00e7\u00e3o aprovados, propondo a adequa\u00e7\u00e3o dos\u00a0<\/em><em>recursos disponibilizados \u00e0 programa\u00e7\u00e3o anual estabelecida;\u00a0<\/em><\/p>\n","protected":false},"excerpt":{"rendered":"<p>Tr\u00eas decretos editados ao longo deste ano retiraram R$ 4.388.075,00 do\u00a0Fundo Municipal Pr\u00f3-Defesa do Meio Ambiente (Fumproamb).\u00a0O maior deles (n\u00ba 19.724), em abril, destinou R$ 3,6 milh\u00f5es para reurbaniza\u00e7\u00e3o de \u00e1reas verdes de acesso p\u00fablico. Outros dois decretos, em setembro e outubro, somam o restante do valor. As retiradas foram feitas sem autoriza\u00e7\u00e3o do Conselho [&hellip;]<\/p>\n","protected":false},"author":4,"featured_media":32873,"comment_status":"open","ping_status":"closed","sticky":false,"template":"","format":"standard","meta":{"_jetpack_newsletter_access":"","_jetpack_dont_email_post_to_subs":false,"_jetpack_newsletter_tier_id":0,"_jetpack_memberships_contains_paywalled_content":false,"_jetpack_feature_clip_id":0,"_jetpack_memberships_contains_paid_content":false,"footnotes":"","jetpack_post_was_ever_published":false},"categories":[26],"tags":[],"class_list":["post-57629","post","type-post","status-publish","format-standard","has-post-thumbnail","hentry","category-geral"],"aioseo_notices":[],"aioseo_head":"\n\t\t<!-- All in One SEO 5.0.1.1 - aioseo.com -->\n\t<meta name=\"robots\" content=\"max-image-preview:large\" \/>\n\t<meta name=\"author\" content=\"da Reda\u00e7\u00e3o\"\/>\n\t<link rel=\"canonical\" href=\"https:\/\/www.jornalja.com.br\/arquivo\/prefeitura-gasta-r-43-milhoes-do-fundo-do-meio-ambiente-sem-autorizacao-do-conselho\/\" \/>\n\t<meta name=\"generator\" content=\"All in One SEO (AIOSEO) 5.0.1.1\" \/>\n\t\t<meta property=\"og:locale\" content=\"pt_BR\" \/>\n\t\t<meta property=\"og:site_name\" content=\"Arquivo | Jornal J\u00c1 | Porto Alegre\" \/>\n\t\t<meta property=\"og:type\" content=\"article\" \/>\n\t\t<meta property=\"og:title\" content=\"Prefeitura gasta R$ 4,3 milh\u00f5es do fundo do meio ambiente sem autoriza\u00e7\u00e3o do Conselho | Arquivo\" \/>\n\t\t<meta property=\"og:url\" content=\"https:\/\/www.jornalja.com.br\/arquivo\/prefeitura-gasta-r-43-milhoes-do-fundo-do-meio-ambiente-sem-autorizacao-do-conselho\/\" \/>\n\t\t<meta property=\"og:image\" content=\"https:\/\/www.jornalja.com.br\/economics\/wp-content\/uploads\/sites\/11\/2026\/08\/ja-folhaderosto-facebook.jpg\" \/>\n\t\t<meta property=\"og:image:secure_url\" content=\"https:\/\/www.jornalja.com.br\/economics\/wp-content\/uploads\/sites\/11\/2026\/08\/ja-folhaderosto-facebook.jpg\" \/>\n\t\t<meta property=\"article:published_time\" content=\"2017-11-24T19:33:24+00:00\" \/>\n\t\t<meta property=\"article:modified_time\" content=\"2017-11-24T19:33:24+00:00\" \/>\n\t\t<meta name=\"twitter:card\" content=\"summary\" \/>\n\t\t<meta name=\"twitter:title\" content=\"Prefeitura gasta R$ 4,3 milh\u00f5es do fundo do meio ambiente sem autoriza\u00e7\u00e3o do Conselho | Arquivo\" \/>\n\t\t<meta name=\"twitter:image\" content=\"https:\/\/www.jornalja.com.br\/economics\/wp-content\/uploads\/sites\/11\/2026\/08\/ja-folhaderosto-facebook.jpg\" \/>\n\t\t<script type=\"application\/ld+json\" class=\"aioseo-schema\">\n\t\t\t{\"@context\":\"https:\\\/\\\/schema.org\",\"@graph\":[{\"@type\":\"BlogPosting\",\"@id\":\"https:\\\/\\\/www.jornalja.com.br\\\/arquivo\\\/prefeitura-gasta-r-43-milhoes-do-fundo-do-meio-ambiente-sem-autorizacao-do-conselho\\\/#blogposting\",\"name\":\"Prefeitura gasta R$ 4,3 milh\\u00f5es do fundo do meio ambiente sem autoriza\\u00e7\\u00e3o do Conselho | Arquivo\",\"headline\":\"Prefeitura gasta R$ 4,3 milh\\u00f5es do fundo do meio ambiente sem autoriza\\u00e7\\u00e3o do Conselho\",\"author\":{\"@id\":\"https:\\\/\\\/www.jornalja.com.br\\\/arquivo\\\/author\\\/daredacao\\\/#author\"},\"publisher\":{\"@id\":\"https:\\\/\\\/www.jornalja.com.br\\\/arquivo\\\/#organization\"},\"image\":{\"@type\":\"ImageObject\",\"url\":32873},\"datePublished\":\"2017-11-24T16:33:24-02:00\",\"dateModified\":\"2017-11-24T16:33:24-02:00\",\"inLanguage\":\"pt-BR\",\"mainEntityOfPage\":{\"@id\":\"https:\\\/\\\/www.jornalja.com.br\\\/arquivo\\\/prefeitura-gasta-r-43-milhoes-do-fundo-do-meio-ambiente-sem-autorizacao-do-conselho\\\/#webpage\"},\"isPartOf\":{\"@id\":\"https:\\\/\\\/www.jornalja.com.br\\\/arquivo\\\/prefeitura-gasta-r-43-milhoes-do-fundo-do-meio-ambiente-sem-autorizacao-do-conselho\\\/#webpage\"},\"articleSection\":\"Geral\"},{\"@type\":\"BreadcrumbList\",\"@id\":\"https:\\\/\\\/www.jornalja.com.br\\\/arquivo\\\/prefeitura-gasta-r-43-milhoes-do-fundo-do-meio-ambiente-sem-autorizacao-do-conselho\\\/#breadcrumblist\",\"itemListElement\":[{\"@type\":\"ListItem\",\"@id\":\"https:\\\/\\\/www.jornalja.com.br\\\/arquivo#listItem\",\"position\":1,\"name\":\"Home\",\"item\":\"https:\\\/\\\/www.jornalja.com.br\\\/arquivo\",\"nextItem\":{\"@type\":\"ListItem\",\"@id\":\"https:\\\/\\\/www.jornalja.com.br\\\/arquivo\\\/category\\\/geral\\\/#listItem\",\"name\":\"Geral\"}},{\"@type\":\"ListItem\",\"@id\":\"https:\\\/\\\/www.jornalja.com.br\\\/arquivo\\\/category\\\/geral\\\/#listItem\",\"position\":2,\"name\":\"Geral\",\"item\":\"https:\\\/\\\/www.jornalja.com.br\\\/arquivo\\\/category\\\/geral\\\/\",\"nextItem\":{\"@type\":\"ListItem\",\"@id\":\"https:\\\/\\\/www.jornalja.com.br\\\/arquivo\\\/prefeitura-gasta-r-43-milhoes-do-fundo-do-meio-ambiente-sem-autorizacao-do-conselho\\\/#listItem\",\"name\":\"Prefeitura gasta R$ 4,3 milh\\u00f5es do fundo do meio ambiente sem autoriza\\u00e7\\u00e3o do Conselho\"},\"previousItem\":{\"@type\":\"ListItem\",\"@id\":\"https:\\\/\\\/www.jornalja.com.br\\\/arquivo#listItem\",\"name\":\"Home\"}},{\"@type\":\"ListItem\",\"@id\":\"https:\\\/\\\/www.jornalja.com.br\\\/arquivo\\\/prefeitura-gasta-r-43-milhoes-do-fundo-do-meio-ambiente-sem-autorizacao-do-conselho\\\/#listItem\",\"position\":3,\"name\":\"Prefeitura gasta R$ 4,3 milh\\u00f5es do fundo do meio ambiente sem autoriza\\u00e7\\u00e3o do Conselho\",\"previousItem\":{\"@type\":\"ListItem\",\"@id\":\"https:\\\/\\\/www.jornalja.com.br\\\/arquivo\\\/category\\\/geral\\\/#listItem\",\"name\":\"Geral\"}}]},{\"@type\":\"Organization\",\"@id\":\"https:\\\/\\\/www.jornalja.com.br\\\/arquivo\\\/#organization\",\"name\":\"Jornal J\\u00c1\",\"description\":\"Jornal J\\u00c1 | Porto Alegre\",\"url\":\"https:\\\/\\\/www.jornalja.com.br\\\/arquivo\\\/\",\"telephone\":\"+555133307272\",\"logo\":{\"@type\":\"ImageObject\",\"url\":\"https:\\\/\\\/www.jornalja.com.br\\\/wp-content\\\/uploads\\\/cards\\\/JAslogan.png\",\"@id\":\"https:\\\/\\\/www.jornalja.com.br\\\/arquivo\\\/prefeitura-gasta-r-43-milhoes-do-fundo-do-meio-ambiente-sem-autorizacao-do-conselho\\\/#organizationLogo\"},\"image\":{\"@id\":\"https:\\\/\\\/www.jornalja.com.br\\\/arquivo\\\/prefeitura-gasta-r-43-milhoes-do-fundo-do-meio-ambiente-sem-autorizacao-do-conselho\\\/#organizationLogo\"}},{\"@type\":\"Person\",\"@id\":\"https:\\\/\\\/www.jornalja.com.br\\\/arquivo\\\/author\\\/daredacao\\\/#author\",\"url\":\"https:\\\/\\\/www.jornalja.com.br\\\/arquivo\\\/author\\\/daredacao\\\/\",\"name\":\"da Reda\\u00e7\\u00e3o\",\"image\":{\"@type\":\"ImageObject\",\"@id\":\"https:\\\/\\\/www.jornalja.com.br\\\/arquivo\\\/prefeitura-gasta-r-43-milhoes-do-fundo-do-meio-ambiente-sem-autorizacao-do-conselho\\\/#authorImage\",\"url\":\"https:\\\/\\\/secure.gravatar.com\\\/avatar\\\/469fd857d6605ad19919d27ed29d35a968a25f6e8fd9318356bbb7f57aae9c65?s=96&d=mm&r=g\",\"width\":96,\"height\":96,\"caption\":\"da Reda\\u00e7\\u00e3o\"}},{\"@type\":\"WebPage\",\"@id\":\"https:\\\/\\\/www.jornalja.com.br\\\/arquivo\\\/prefeitura-gasta-r-43-milhoes-do-fundo-do-meio-ambiente-sem-autorizacao-do-conselho\\\/#webpage\",\"url\":\"https:\\\/\\\/www.jornalja.com.br\\\/arquivo\\\/prefeitura-gasta-r-43-milhoes-do-fundo-do-meio-ambiente-sem-autorizacao-do-conselho\\\/\",\"name\":\"Prefeitura gasta R$ 4,3 milh\\u00f5es do fundo do meio ambiente sem autoriza\\u00e7\\u00e3o do Conselho | Arquivo\",\"inLanguage\":\"pt-BR\",\"isPartOf\":{\"@id\":\"https:\\\/\\\/www.jornalja.com.br\\\/arquivo\\\/#website\"},\"breadcrumb\":{\"@id\":\"https:\\\/\\\/www.jornalja.com.br\\\/arquivo\\\/prefeitura-gasta-r-43-milhoes-do-fundo-do-meio-ambiente-sem-autorizacao-do-conselho\\\/#breadcrumblist\"},\"author\":{\"@id\":\"https:\\\/\\\/www.jornalja.com.br\\\/arquivo\\\/author\\\/daredacao\\\/#author\"},\"creator\":{\"@id\":\"https:\\\/\\\/www.jornalja.com.br\\\/arquivo\\\/author\\\/daredacao\\\/#author\"},\"image\":{\"@type\":\"ImageObject\",\"url\":32873,\"@id\":\"https:\\\/\\\/www.jornalja.com.br\\\/arquivo\\\/prefeitura-gasta-r-43-milhoes-do-fundo-do-meio-ambiente-sem-autorizacao-do-conselho\\\/#mainImage\"},\"primaryImageOfPage\":{\"@id\":\"https:\\\/\\\/www.jornalja.com.br\\\/arquivo\\\/prefeitura-gasta-r-43-milhoes-do-fundo-do-meio-ambiente-sem-autorizacao-do-conselho\\\/#mainImage\"},\"datePublished\":\"2017-11-24T16:33:24-02:00\",\"dateModified\":\"2017-11-24T16:33:24-02:00\"},{\"@type\":\"WebSite\",\"@id\":\"https:\\\/\\\/www.jornalja.com.br\\\/arquivo\\\/#website\",\"url\":\"https:\\\/\\\/www.jornalja.com.br\\\/arquivo\\\/\",\"name\":\"Arquivo\",\"description\":\"Jornal J\\u00c1 | Porto Alegre\",\"inLanguage\":\"pt-BR\",\"publisher\":{\"@id\":\"https:\\\/\\\/www.jornalja.com.br\\\/arquivo\\\/#organization\"}}]}\n\t\t<\/script>\n\t\t<!-- All in One SEO -->\n\n","aioseo_head_json":{"title":"Prefeitura gasta R$ 4,3 milh\u00f5es do fundo do meio ambiente sem autoriza\u00e7\u00e3o do Conselho | Arquivo","description":"","canonical_url":"https:\/\/www.jornalja.com.br\/arquivo\/prefeitura-gasta-r-43-milhoes-do-fundo-do-meio-ambiente-sem-autorizacao-do-conselho\/","robots":"max-image-preview:large","keywords":"","webmasterTools":{"miscellaneous":""},"schema":{"@context":"https:\/\/schema.org","@graph":[{"@type":"BlogPosting","@id":"https:\/\/www.jornalja.com.br\/arquivo\/prefeitura-gasta-r-43-milhoes-do-fundo-do-meio-ambiente-sem-autorizacao-do-conselho\/#blogposting","name":"Prefeitura gasta R$ 4,3 milh\u00f5es do fundo do meio ambiente sem autoriza\u00e7\u00e3o do Conselho | Arquivo","headline":"Prefeitura gasta R$ 4,3 milh\u00f5es do fundo do meio ambiente sem autoriza\u00e7\u00e3o do Conselho","author":{"@id":"https:\/\/www.jornalja.com.br\/arquivo\/author\/daredacao\/#author"},"publisher":{"@id":"https:\/\/www.jornalja.com.br\/arquivo\/#organization"},"image":{"@type":"ImageObject","url":32873},"datePublished":"2017-11-24T16:33:24-02:00","dateModified":"2017-11-24T16:33:24-02:00","inLanguage":"pt-BR","mainEntityOfPage":{"@id":"https:\/\/www.jornalja.com.br\/arquivo\/prefeitura-gasta-r-43-milhoes-do-fundo-do-meio-ambiente-sem-autorizacao-do-conselho\/#webpage"},"isPartOf":{"@id":"https:\/\/www.jornalja.com.br\/arquivo\/prefeitura-gasta-r-43-milhoes-do-fundo-do-meio-ambiente-sem-autorizacao-do-conselho\/#webpage"},"articleSection":"Geral"},{"@type":"BreadcrumbList","@id":"https:\/\/www.jornalja.com.br\/arquivo\/prefeitura-gasta-r-43-milhoes-do-fundo-do-meio-ambiente-sem-autorizacao-do-conselho\/#breadcrumblist","itemListElement":[{"@type":"ListItem","@id":"https:\/\/www.jornalja.com.br\/arquivo#listItem","position":1,"name":"Home","item":"https:\/\/www.jornalja.com.br\/arquivo","nextItem":{"@type":"ListItem","@id":"https:\/\/www.jornalja.com.br\/arquivo\/category\/geral\/#listItem","name":"Geral"}},{"@type":"ListItem","@id":"https:\/\/www.jornalja.com.br\/arquivo\/category\/geral\/#listItem","position":2,"name":"Geral","item":"https:\/\/www.jornalja.com.br\/arquivo\/category\/geral\/","nextItem":{"@type":"ListItem","@id":"https:\/\/www.jornalja.com.br\/arquivo\/prefeitura-gasta-r-43-milhoes-do-fundo-do-meio-ambiente-sem-autorizacao-do-conselho\/#listItem","name":"Prefeitura gasta R$ 4,3 milh\u00f5es do fundo do meio ambiente sem autoriza\u00e7\u00e3o do Conselho"},"previousItem":{"@type":"ListItem","@id":"https:\/\/www.jornalja.com.br\/arquivo#listItem","name":"Home"}},{"@type":"ListItem","@id":"https:\/\/www.jornalja.com.br\/arquivo\/prefeitura-gasta-r-43-milhoes-do-fundo-do-meio-ambiente-sem-autorizacao-do-conselho\/#listItem","position":3,"name":"Prefeitura gasta R$ 4,3 milh\u00f5es do fundo do meio ambiente sem autoriza\u00e7\u00e3o do Conselho","previousItem":{"@type":"ListItem","@id":"https:\/\/www.jornalja.com.br\/arquivo\/category\/geral\/#listItem","name":"Geral"}}]},{"@type":"Organization","@id":"https:\/\/www.jornalja.com.br\/arquivo\/#organization","name":"Jornal J\u00c1","description":"Jornal J\u00c1 | Porto Alegre","url":"https:\/\/www.jornalja.com.br\/arquivo\/","telephone":"+555133307272","logo":{"@type":"ImageObject","url":"https:\/\/www.jornalja.com.br\/wp-content\/uploads\/cards\/JAslogan.png","@id":"https:\/\/www.jornalja.com.br\/arquivo\/prefeitura-gasta-r-43-milhoes-do-fundo-do-meio-ambiente-sem-autorizacao-do-conselho\/#organizationLogo"},"image":{"@id":"https:\/\/www.jornalja.com.br\/arquivo\/prefeitura-gasta-r-43-milhoes-do-fundo-do-meio-ambiente-sem-autorizacao-do-conselho\/#organizationLogo"}},{"@type":"Person","@id":"https:\/\/www.jornalja.com.br\/arquivo\/author\/daredacao\/#author","url":"https:\/\/www.jornalja.com.br\/arquivo\/author\/daredacao\/","name":"da Reda\u00e7\u00e3o","image":{"@type":"ImageObject","@id":"https:\/\/www.jornalja.com.br\/arquivo\/prefeitura-gasta-r-43-milhoes-do-fundo-do-meio-ambiente-sem-autorizacao-do-conselho\/#authorImage","url":"https:\/\/secure.gravatar.com\/avatar\/469fd857d6605ad19919d27ed29d35a968a25f6e8fd9318356bbb7f57aae9c65?s=96&d=mm&r=g","width":96,"height":96,"caption":"da Reda\u00e7\u00e3o"}},{"@type":"WebPage","@id":"https:\/\/www.jornalja.com.br\/arquivo\/prefeitura-gasta-r-43-milhoes-do-fundo-do-meio-ambiente-sem-autorizacao-do-conselho\/#webpage","url":"https:\/\/www.jornalja.com.br\/arquivo\/prefeitura-gasta-r-43-milhoes-do-fundo-do-meio-ambiente-sem-autorizacao-do-conselho\/","name":"Prefeitura gasta R$ 4,3 milh\u00f5es do fundo do meio ambiente sem autoriza\u00e7\u00e3o do Conselho | Arquivo","inLanguage":"pt-BR","isPartOf":{"@id":"https:\/\/www.jornalja.com.br\/arquivo\/#website"},"breadcrumb":{"@id":"https:\/\/www.jornalja.com.br\/arquivo\/prefeitura-gasta-r-43-milhoes-do-fundo-do-meio-ambiente-sem-autorizacao-do-conselho\/#breadcrumblist"},"author":{"@id":"https:\/\/www.jornalja.com.br\/arquivo\/author\/daredacao\/#author"},"creator":{"@id":"https:\/\/www.jornalja.com.br\/arquivo\/author\/daredacao\/#author"},"image":{"@type":"ImageObject","url":32873,"@id":"https:\/\/www.jornalja.com.br\/arquivo\/prefeitura-gasta-r-43-milhoes-do-fundo-do-meio-ambiente-sem-autorizacao-do-conselho\/#mainImage"},"primaryImageOfPage":{"@id":"https:\/\/www.jornalja.com.br\/arquivo\/prefeitura-gasta-r-43-milhoes-do-fundo-do-meio-ambiente-sem-autorizacao-do-conselho\/#mainImage"},"datePublished":"2017-11-24T16:33:24-02:00","dateModified":"2017-11-24T16:33:24-02:00"},{"@type":"WebSite","@id":"https:\/\/www.jornalja.com.br\/arquivo\/#website","url":"https:\/\/www.jornalja.com.br\/arquivo\/","name":"Arquivo","description":"Jornal J\u00c1 | Porto Alegre","inLanguage":"pt-BR","publisher":{"@id":"https:\/\/www.jornalja.com.br\/arquivo\/#organization"}}]},"og:locale":"pt_BR","og:site_name":"Arquivo | Jornal J\u00c1 | Porto Alegre","og:type":"article","og:title":"Prefeitura gasta R$ 4,3 milh\u00f5es do fundo do meio ambiente sem autoriza\u00e7\u00e3o do Conselho | Arquivo","og:url":"https:\/\/www.jornalja.com.br\/arquivo\/prefeitura-gasta-r-43-milhoes-do-fundo-do-meio-ambiente-sem-autorizacao-do-conselho\/","og:image":"https:\/\/www.jornalja.com.br\/economics\/wp-content\/uploads\/sites\/11\/2026\/08\/ja-folhaderosto-facebook.jpg","og:image:secure_url":"https:\/\/www.jornalja.com.br\/economics\/wp-content\/uploads\/sites\/11\/2026\/08\/ja-folhaderosto-facebook.jpg","article:published_time":"2017-11-24T19:33:24+00:00","article:modified_time":"2017-11-24T19:33:24+00:00","twitter:card":"summary","twitter:title":"Prefeitura gasta R$ 4,3 milh\u00f5es do fundo do meio ambiente sem autoriza\u00e7\u00e3o do Conselho | Arquivo","twitter:image":"https:\/\/www.jornalja.com.br\/economics\/wp-content\/uploads\/sites\/11\/2026\/08\/ja-folhaderosto-facebook.jpg"},"aioseo_meta_data":{"post_id":"57629","title":null,"description":null,"keywords":null,"keyphrases":null,"primary_term":null,"canonical_url":null,"og_title":null,"og_description":null,"og_object_type":"default","og_image_type":"default","og_image_url":null,"og_image_width":null,"og_image_height":null,"og_image_custom_url":null,"og_image_custom_fields":null,"og_video":null,"og_custom_url":null,"og_article_section":null,"og_article_tags":null,"twitter_use_og":false,"twitter_card":"default","twitter_image_type":"default","twitter_image_url":null,"twitter_image_custom_url":null,"twitter_image_custom_fields":null,"twitter_title":null,"twitter_description":null,"schema":{"blockGraphs":[],"customGraphs":[],"default":{"data":{"Article":[],"Course":[],"Dataset":[],"FAQPage":[],"Movie":[],"Person":[],"Product":[],"ProductReview":[],"Car":[],"Recipe":[],"Service":[],"SoftwareApplication":[],"WebPage":[]},"graphName":"","isEnabled":true},"graphs":[],"defaultGraph":"","defaultPostTypeGraph":""},"schema_type":null,"schema_type_options":null,"pillar_content":false,"robots_default":true,"robots_noindex":false,"robots_noarchive":false,"robots_nosnippet":false,"robots_nofollow":false,"robots_noimageindex":false,"robots_noodp":false,"robots_notranslate":false,"robots_max_snippet":null,"robots_max_videopreview":null,"robots_max_imagepreview":"large","priority":null,"frequency":null,"location":null,"local_seo":null,"breadcrumb_settings":null,"limit_modified_date":false,"ai":null,"created":"2020-12-20 20:20:45","updated":"2025-07-20 02:32:21","seo_analyzer_scan_date":null,"focus_keyword":null,"additional_keywords":null,"truseo_locale":null},"jetpack_sharing_enabled":true,"jetpack-related-posts":[{"id":13109,"url":"https:\/\/www.jornalja.com.br\/arquivo\/judiciario-reconhece-poluicao-eletromagnetica\/","url_meta":{"origin":57629,"position":0},"title":"Judici\u00e1rio reconhece polui\u00e7\u00e3o eletromagn\u00e9tica","author":"Patr\u00edcia Marini","date":"16 de maio de 2014","format":false,"excerpt":"A\u00e7\u00e3o de duas associa\u00e7\u00f5es de moradores foi acolhida pelo Tribunal de Justi\u00e7a de S\u00e3o Paulo que. em decis\u00e3o in\u00e9dita, determinou a redu\u00e7\u00e3o do campo eletromagn\u00e9tico gerado pelas linhas de transmiss\u00e3o de energia que cortam os bairros City Boa\u00e7ava e Alto de Pinheiros. \u00c9 a primeira vez que um tribunal do\u2026","rel":"","context":"Em &quot;X.Categorias velhas&quot;","block_context":{"text":"X.Categorias velhas","link":"https:\/\/www.jornalja.com.br\/arquivo\/category\/x-categorias-velhas\/"},"img":{"alt_text":"","src":"","width":0,"height":0},"classes":[]},{"id":13240,"url":"https:\/\/www.jornalja.com.br\/arquivo\/plano-diretor-estamos-construindo-o-caos\/","url_meta":{"origin":57629,"position":1},"title":"Plano diretor: &quot;Estamos construindo o caos&quot;","author":"Patr\u00edcia Marini","date":"26 de maio de 2014","format":false,"excerpt":"Desabafo que arquiteta Eliana Castilhos, delegada da Regi\u00e3o de Planejamento 1, postou nas redes sociais \u00e9 um testemunho do ambiente que se criou no Conselho do Plano Diretor de Porto Alegre, onde a aprova\u00e7\u00e3o de grandes empreendimentos \u00e9 empurrada guela abaixo dos conselheiros. Ao CMDUA Como delegada da Regi\u00e3o de\u2026","rel":"","context":"Em &quot;Geral&quot;","block_context":{"text":"Geral","link":"https:\/\/www.jornalja.com.br\/arquivo\/category\/geral\/"},"img":{"alt_text":"","src":"","width":0,"height":0},"classes":[]},{"id":14241,"url":"https:\/\/www.jornalja.com.br\/arquivo\/o-guaiba-nas-imagens-poeticas-de-achutti\/","url_meta":{"origin":57629,"position":2},"title":"O Gua\u00edba nas imagens po\u00e9ticas de Achutti","author":"da Reda\u00e7\u00e3o","date":"18 de junho de 2014","format":false,"excerpt":"Em \u201cO Gua\u00edba por Achutti\u201d \u2013 obra financiada via Minist\u00e9rio da Cultura, produ\u00e7\u00e3o executiva de Pedro Longhi, e Fl\u00e1vio Wild como designer \u2013, o fot\u00f3grafo revela a beleza e as mazelas de um espa\u00e7o aqu\u00e1tico de \u00e1guas sempre renovadas, cheio de hist\u00f3rias e lendas como as das cidades que foram\u2026","rel":"","context":"Em &quot;Cultura-Geral&quot;","block_context":{"text":"Cultura-Geral","link":"https:\/\/www.jornalja.com.br\/arquivo\/category\/materiasecundaria\/"},"img":{"alt_text":"","src":"","width":0,"height":0},"classes":[]},{"id":13101,"url":"https:\/\/www.jornalja.com.br\/arquivo\/morre-um-guerreiro-do-texto\/","url_meta":{"origin":57629,"position":3},"title":"Morre um guerreiro do texto","author":"Patr\u00edcia Marini","date":"14 de maio de 2014","format":false,"excerpt":"Por Ricardo Kotscho Reproduzido do blog do autor, 11\/5\/2014; t\u00edtulo original \u201cE l\u00e1 se foi o nosso Myltainho, guerreiro do texto\u201d. Mi\u00fado e franzino, meu amigo Myltainho era um valente e inconformado guerreiro na luta contra as injusti\u00e7as sociais, a hipocrisia, as maracutaias, o autoritarismo, a intoler\u00e2ncia, a viol\u00eancia, o\u2026","rel":"","context":"Em &quot;Geral&quot;","block_context":{"text":"Geral","link":"https:\/\/www.jornalja.com.br\/arquivo\/category\/geral\/"},"img":{"alt_text":"","src":"","width":0,"height":0},"classes":[]},{"id":5440,"url":"https:\/\/www.jornalja.com.br\/arquivo\/casarao-da-venancio-destino-permanece-incerto\/","url_meta":{"origin":57629,"position":4},"title":"Estado ainda n\u00e3o sabe o que fazer com casar\u00e3o abandonado h\u00e1 20 anos","author":"Elmar Bones","date":"6 de julho de 2009","format":false,"excerpt":"O casar\u00e3o amarelo, numa esquina nobre de Porto Alegre (Ven\u00e2ncio Aires com Jo\u00e3o Pessoa), j\u00e1 abrigou uma escola. H\u00e1 duas d\u00e9cadas, pelo menos, est\u00e1 abandonado, porque seu propriet\u00e1rio, o governo do Estado do Rio Grande do Sul, n\u00e3o consegue achar um destino para ele. Planos n\u00e3o faltaram. O governador Ol\u00edvio\u2026","rel":"","context":"Em &quot;X.Categorias velhas&quot;","block_context":{"text":"X.Categorias velhas","link":"https:\/\/www.jornalja.com.br\/arquivo\/category\/x-categorias-velhas\/"},"img":{"alt_text":"geraldo1","src":"https:\/\/i0.wp.com\/www.jornalja.com.br\/wp-content\/uploads\/2009\/07\/geraldo1.jpg?resize=350%2C200&ssl=1","width":350,"height":200},"classes":[]}],"jetpack_shortlink":"https:\/\/wp.me\/pbQjBd-eZv","jetpack_featured_media_url":"","_links":{"self":[{"href":"https:\/\/www.jornalja.com.br\/arquivo\/wp-json\/wp\/v2\/posts\/57629","targetHints":{"allow":["GET"]}}],"collection":[{"href":"https:\/\/www.jornalja.com.br\/arquivo\/wp-json\/wp\/v2\/posts"}],"about":[{"href":"https:\/\/www.jornalja.com.br\/arquivo\/wp-json\/wp\/v2\/types\/post"}],"author":[{"embeddable":true,"href":"https:\/\/www.jornalja.com.br\/arquivo\/wp-json\/wp\/v2\/users\/4"}],"replies":[{"embeddable":true,"href":"https:\/\/www.jornalja.com.br\/arquivo\/wp-json\/wp\/v2\/comments?post=57629"}],"version-history":[{"count":0,"href":"https:\/\/www.jornalja.com.br\/arquivo\/wp-json\/wp\/v2\/posts\/57629\/revisions"}],"wp:attachment":[{"href":"https:\/\/www.jornalja.com.br\/arquivo\/wp-json\/wp\/v2\/media?parent=57629"}],"wp:term":[{"taxonomy":"category","embeddable":true,"href":"https:\/\/www.jornalja.com.br\/arquivo\/wp-json\/wp\/v2\/categories?post=57629"},{"taxonomy":"post_tag","embeddable":true,"href":"https:\/\/www.jornalja.com.br\/arquivo\/wp-json\/wp\/v2\/tags?post=57629"}],"curies":[{"name":"wp","href":"https:\/\/api.w.org\/{rel}","templated":true}]}}