{"id":57670,"date":"2017-11-28T11:57:19","date_gmt":"2017-11-28T14:57:19","guid":{"rendered":"https:\/\/www.jornalja.com.br\/?p=57670"},"modified":"2017-11-28T11:57:19","modified_gmt":"2017-11-28T14:57:19","slug":"decisao-sobre-convocacao-de-marchezan-na-camara-e-adiada-embate-politico-continua","status":"publish","type":"post","link":"https:\/\/www.jornalja.com.br\/arquivo\/decisao-sobre-convocacao-de-marchezan-na-camara-e-adiada-embate-politico-continua\/","title":{"rendered":"Decis\u00e3o sobre convoca\u00e7\u00e3o de Marchezan na C\u00e2mara \u00e9 adiada, embate pol\u00edtico continua"},"content":{"rendered":"<p>A vota\u00e7\u00e3o que aprecia o requerimento de convoca\u00e7\u00e3o do prefeito Nelson Marchezan J\u00fanior para comparecer \u00e0 C\u00e2mara de Vereadores ficou para a quarta-feira. Dessa vez\u00a0 foi a oposi\u00e7\u00e3o que retirou o qu\u00f3rum e encerrou a ordem do dia desta segunda-feira, 27\/11. Na semana passada quem havia feito esta manobra foi a base aliada do governo j\u00e1 que o risco de perder era grande.<br \/>\nCom a base marcando presen\u00e7a at\u00e9 o final de uma sess\u00e3o mais extensa que as habituais, a oposi\u00e7\u00e3o decidiu retirar qu\u00f3rum j\u00e1 que parlamentares que querem chamar o prefeito ao Legislativo j\u00e1 n\u00e3o se encontravam em plen\u00e1rio.<br \/>\nNa pr\u00e1tica, o embate pol\u00edtico continua desde que veio a tona o v\u00eddeo mostrando declara\u00e7\u00f5es do prefeito, durante o 3\u00ba congresso nacional do MBL, referindo-se a parlamentares: &#8220;\u00c9 tudo cag\u00e3o&#8221;.<br \/>\nO resultado desta vota\u00e7\u00e3o ainda \u00e9 incerto visto que ir\u00e1 depender da presen\u00e7a de alguns vereadores que podem votar a favor ou n\u00e3o do requerimento. Para aprovar a convoca\u00e7\u00e3o de Marchezan \u00e9 preciso maioria simples, ou seja, metade mais um do n\u00famero de vereadores presentes no plen\u00e1rio. Se todos os parlamentares estiverem na sess\u00e3o ser\u00e3o necess\u00e1rios dezenove votos. Na semana passada o requerimento foi assinado por dezesseis vereadores.<br \/>\n<span class=\"intertit\">Cr\u00edticas e defesas ao prefeito <\/span><br \/>\nO requerimento foi o \u00faltimo assunto a ser discutido em plen\u00e1rio. Antes disso, a C\u00e2mara revogou a lei sobre o Invent\u00e1rio do Patrim\u00f4nio Cultural de Bens Im\u00f3veis do Munic\u00edpio. A convoca\u00e7\u00e3o do prefeito alternou opini\u00f5es no plen\u00e1rio.<br \/>\nDe volta de viagem \u00e0 Europa, ap\u00f3s acompanharem o prefeito Marchezan, os vereadores Mois\u00e9s Barboza (PSDB) e Idenir Cecchim (PMDB) foram alguns que defenderam o prefeito. &#8220;N\u00e3o foi diretamente aos vereadores&#8221;, comentou Barboza. J\u00e1 Cecchim lembrou sobre declara\u00e7\u00f5es infelizes de outros pol\u00edticos.<br \/>\nTamb\u00e9m da base e contra a convoca\u00e7\u00e3o do prefeito, a vereadora M\u00f4nica Leal fez um discursos um tanto emocionada na tribuna. &#8220;Fiquei triste e chateada ao ouvir isso do prefeito, mas n\u00e3o quero que ele venha aqui pra explicar o inexplic\u00e1vel&#8221;, salientou Leal, que ainda cobrou desculpas do prefeito.<br \/>\nJ\u00e1 o ex-l\u00edder da base, Cl\u00e0udio Janta, voltou a criticar Marchezan: &#8220;N\u00e3o adianta o prefeito e seus defensores dizerem que ele n\u00e3o falou mal desta casa&#8221;.<br \/>\nJanta \u00e9 um dos principais engajados na convoca\u00e7\u00e3o do prefeito. Mesmo se for aprovada, a presen\u00e7a de J\u00fanior para prestar esclarecimentos n\u00e3o \u00e9 certa j\u00e1 que o requerimento \u00e9 considerado por muitos inconstitucional. Mas, como comentou um assessor, &#8220;\u00e9 mais um tijolo no castelo de conflitos&#8221; entre o prefeito e legislativo.<br \/>\n<figure id=\"attachment_57673\" aria-describedby=\"caption-attachment-57673\" style=\"width: 1000px\" class=\"wp-caption alignleft\"><img loading=\"lazy\" decoding=\"async\" class=\"size-full wp-image-57673\" src=\"https:\/\/www.jornalja.com.br\/wp-content\/uploads\/2017\/11\/20171127_0013-Sessa\u2560\u00e2o_Plena\u2560\u00fcria_CMPA-Ramiro-Furquim-_OAF2035.jpg\" alt=\"\" width=\"1000\" height=\"665\" \/><figcaption id=\"caption-attachment-57673\" class=\"wp-caption-text\">Cl\u00e0udio Janta (gravata laranja) \u00e9 um dos que quer a convoca\u00e7\u00e3o do prefeito \/ Ramiro Furquim \/ outroangulo.com<\/figcaption><\/figure><br \/>\n<figure id=\"attachment_57674\" aria-describedby=\"caption-attachment-57674\" style=\"width: 1000px\" class=\"wp-caption alignnone\"><img loading=\"lazy\" decoding=\"async\" class=\"wp-image-57674 size-full\" src=\"https:\/\/www.jornalja.com.br\/wp-content\/uploads\/2017\/11\/20171127_0018-Sessa\u2560\u00e2o_Plena\u2560\u00fcria_CMPA-Ramiro-Furquim-_OAF9694.jpg\" alt=\"\" width=\"1000\" height=\"665\" \/><figcaption id=\"caption-attachment-57674\" class=\"wp-caption-text\">Idenir Cecchim foi \u00e0 Tribuna e defendeu a rejei\u00e7\u00e3o de convoca\u00e7\u00e3o do prefeito \/ Ramiro Furquim \/ outroangulo.com<\/figcaption><\/figure><\/p>\n","protected":false},"excerpt":{"rendered":"<p>A vota\u00e7\u00e3o que aprecia o requerimento de convoca\u00e7\u00e3o do prefeito Nelson Marchezan J\u00fanior para comparecer \u00e0 C\u00e2mara de Vereadores ficou para a quarta-feira. Dessa vez\u00a0 foi a oposi\u00e7\u00e3o que retirou o qu\u00f3rum e encerrou a ordem do dia desta segunda-feira, 27\/11. Na semana passada quem havia feito esta manobra foi a base aliada do governo [&hellip;]<\/p>\n","protected":false},"author":4,"featured_media":57672,"comment_status":"open","ping_status":"closed","sticky":false,"template":"","format":"standard","meta":{"_jetpack_newsletter_access":"","_jetpack_dont_email_post_to_subs":false,"_jetpack_newsletter_tier_id":0,"_jetpack_memberships_contains_paywalled_content":false,"_jetpack_feature_clip_id":0,"_jetpack_memberships_contains_paid_content":false,"footnotes":"","jetpack_post_was_ever_published":false},"categories":[26],"tags":[],"class_list":["post-57670","post","type-post","status-publish","format-standard","has-post-thumbnail","hentry","category-geral"],"aioseo_notices":[],"aioseo_head":"\n\t\t<!-- All in One SEO 5.0.1.1 - aioseo.com -->\n\t<meta name=\"robots\" content=\"max-image-preview:large\" \/>\n\t<meta name=\"author\" content=\"da Reda\u00e7\u00e3o\"\/>\n\t<link rel=\"canonical\" href=\"https:\/\/www.jornalja.com.br\/arquivo\/decisao-sobre-convocacao-de-marchezan-na-camara-e-adiada-embate-politico-continua\/\" \/>\n\t<meta name=\"generator\" content=\"All in One SEO (AIOSEO) 5.0.1.1\" \/>\n\t\t<meta property=\"og:locale\" content=\"pt_BR\" \/>\n\t\t<meta property=\"og:site_name\" content=\"Arquivo | Jornal J\u00c1 | Porto Alegre\" \/>\n\t\t<meta property=\"og:type\" content=\"article\" \/>\n\t\t<meta property=\"og:title\" content=\"Decis\u00e3o sobre convoca\u00e7\u00e3o de Marchezan na C\u00e2mara \u00e9 adiada, embate pol\u00edtico continua | Arquivo\" \/>\n\t\t<meta property=\"og:url\" content=\"https:\/\/www.jornalja.com.br\/arquivo\/decisao-sobre-convocacao-de-marchezan-na-camara-e-adiada-embate-politico-continua\/\" \/>\n\t\t<meta property=\"og:image\" content=\"https:\/\/www.jornalja.com.br\/wp-content\/uploads\/2017\/11\/20171127_0013-Sessa\u2560\u00e2o_Plena\u2560\u00fcria_CMPA-Ramiro-Furquim-_OAF2035.jpg\" \/>\n\t\t<meta property=\"og:image:secure_url\" content=\"https:\/\/www.jornalja.com.br\/wp-content\/uploads\/2017\/11\/20171127_0013-Sessa\u2560\u00e2o_Plena\u2560\u00fcria_CMPA-Ramiro-Furquim-_OAF2035.jpg\" \/>\n\t\t<meta property=\"article:published_time\" content=\"2017-11-28T14:57:19+00:00\" \/>\n\t\t<meta property=\"article:modified_time\" content=\"2017-11-28T14:57:19+00:00\" \/>\n\t\t<meta name=\"twitter:card\" content=\"summary\" \/>\n\t\t<meta name=\"twitter:title\" content=\"Decis\u00e3o sobre convoca\u00e7\u00e3o de Marchezan na C\u00e2mara \u00e9 adiada, embate pol\u00edtico continua | Arquivo\" \/>\n\t\t<meta name=\"twitter:image\" content=\"https:\/\/www.jornalja.com.br\/economics\/wp-content\/uploads\/sites\/11\/2026\/08\/ja-folhaderosto-facebook.jpg\" \/>\n\t\t<script type=\"application\/ld+json\" class=\"aioseo-schema\">\n\t\t\t{\"@context\":\"https:\\\/\\\/schema.org\",\"@graph\":[{\"@type\":\"BlogPosting\",\"@id\":\"https:\\\/\\\/www.jornalja.com.br\\\/arquivo\\\/decisao-sobre-convocacao-de-marchezan-na-camara-e-adiada-embate-politico-continua\\\/#blogposting\",\"name\":\"Decis\\u00e3o sobre convoca\\u00e7\\u00e3o de Marchezan na C\\u00e2mara \\u00e9 adiada, embate pol\\u00edtico continua | Arquivo\",\"headline\":\"Decis\\u00e3o sobre convoca\\u00e7\\u00e3o de Marchezan na C\\u00e2mara \\u00e9 adiada, embate pol\\u00edtico continua\",\"author\":{\"@id\":\"https:\\\/\\\/www.jornalja.com.br\\\/arquivo\\\/author\\\/daredacao\\\/#author\"},\"publisher\":{\"@id\":\"https:\\\/\\\/www.jornalja.com.br\\\/arquivo\\\/#organization\"},\"image\":{\"@type\":\"ImageObject\",\"url\":57672},\"datePublished\":\"2017-11-28T11:57:19-02:00\",\"dateModified\":\"2017-11-28T11:57:19-02:00\",\"inLanguage\":\"pt-BR\",\"mainEntityOfPage\":{\"@id\":\"https:\\\/\\\/www.jornalja.com.br\\\/arquivo\\\/decisao-sobre-convocacao-de-marchezan-na-camara-e-adiada-embate-politico-continua\\\/#webpage\"},\"isPartOf\":{\"@id\":\"https:\\\/\\\/www.jornalja.com.br\\\/arquivo\\\/decisao-sobre-convocacao-de-marchezan-na-camara-e-adiada-embate-politico-continua\\\/#webpage\"},\"articleSection\":\"Geral\"},{\"@type\":\"BreadcrumbList\",\"@id\":\"https:\\\/\\\/www.jornalja.com.br\\\/arquivo\\\/decisao-sobre-convocacao-de-marchezan-na-camara-e-adiada-embate-politico-continua\\\/#breadcrumblist\",\"itemListElement\":[{\"@type\":\"ListItem\",\"@id\":\"https:\\\/\\\/www.jornalja.com.br\\\/arquivo#listItem\",\"position\":1,\"name\":\"Home\",\"item\":\"https:\\\/\\\/www.jornalja.com.br\\\/arquivo\",\"nextItem\":{\"@type\":\"ListItem\",\"@id\":\"https:\\\/\\\/www.jornalja.com.br\\\/arquivo\\\/category\\\/geral\\\/#listItem\",\"name\":\"Geral\"}},{\"@type\":\"ListItem\",\"@id\":\"https:\\\/\\\/www.jornalja.com.br\\\/arquivo\\\/category\\\/geral\\\/#listItem\",\"position\":2,\"name\":\"Geral\",\"item\":\"https:\\\/\\\/www.jornalja.com.br\\\/arquivo\\\/category\\\/geral\\\/\",\"nextItem\":{\"@type\":\"ListItem\",\"@id\":\"https:\\\/\\\/www.jornalja.com.br\\\/arquivo\\\/decisao-sobre-convocacao-de-marchezan-na-camara-e-adiada-embate-politico-continua\\\/#listItem\",\"name\":\"Decis\\u00e3o sobre convoca\\u00e7\\u00e3o de Marchezan na C\\u00e2mara \\u00e9 adiada, embate pol\\u00edtico continua\"},\"previousItem\":{\"@type\":\"ListItem\",\"@id\":\"https:\\\/\\\/www.jornalja.com.br\\\/arquivo#listItem\",\"name\":\"Home\"}},{\"@type\":\"ListItem\",\"@id\":\"https:\\\/\\\/www.jornalja.com.br\\\/arquivo\\\/decisao-sobre-convocacao-de-marchezan-na-camara-e-adiada-embate-politico-continua\\\/#listItem\",\"position\":3,\"name\":\"Decis\\u00e3o sobre convoca\\u00e7\\u00e3o de Marchezan na C\\u00e2mara \\u00e9 adiada, embate pol\\u00edtico continua\",\"previousItem\":{\"@type\":\"ListItem\",\"@id\":\"https:\\\/\\\/www.jornalja.com.br\\\/arquivo\\\/category\\\/geral\\\/#listItem\",\"name\":\"Geral\"}}]},{\"@type\":\"Organization\",\"@id\":\"https:\\\/\\\/www.jornalja.com.br\\\/arquivo\\\/#organization\",\"name\":\"Jornal J\\u00c1\",\"description\":\"Jornal J\\u00c1 | Porto Alegre\",\"url\":\"https:\\\/\\\/www.jornalja.com.br\\\/arquivo\\\/\",\"telephone\":\"+555133307272\",\"logo\":{\"@type\":\"ImageObject\",\"url\":\"https:\\\/\\\/www.jornalja.com.br\\\/wp-content\\\/uploads\\\/cards\\\/JAslogan.png\",\"@id\":\"https:\\\/\\\/www.jornalja.com.br\\\/arquivo\\\/decisao-sobre-convocacao-de-marchezan-na-camara-e-adiada-embate-politico-continua\\\/#organizationLogo\"},\"image\":{\"@id\":\"https:\\\/\\\/www.jornalja.com.br\\\/arquivo\\\/decisao-sobre-convocacao-de-marchezan-na-camara-e-adiada-embate-politico-continua\\\/#organizationLogo\"}},{\"@type\":\"Person\",\"@id\":\"https:\\\/\\\/www.jornalja.com.br\\\/arquivo\\\/author\\\/daredacao\\\/#author\",\"url\":\"https:\\\/\\\/www.jornalja.com.br\\\/arquivo\\\/author\\\/daredacao\\\/\",\"name\":\"da Reda\\u00e7\\u00e3o\",\"image\":{\"@type\":\"ImageObject\",\"@id\":\"https:\\\/\\\/www.jornalja.com.br\\\/arquivo\\\/decisao-sobre-convocacao-de-marchezan-na-camara-e-adiada-embate-politico-continua\\\/#authorImage\",\"url\":\"https:\\\/\\\/secure.gravatar.com\\\/avatar\\\/469fd857d6605ad19919d27ed29d35a968a25f6e8fd9318356bbb7f57aae9c65?s=96&d=mm&r=g\",\"width\":96,\"height\":96,\"caption\":\"da Reda\\u00e7\\u00e3o\"}},{\"@type\":\"WebPage\",\"@id\":\"https:\\\/\\\/www.jornalja.com.br\\\/arquivo\\\/decisao-sobre-convocacao-de-marchezan-na-camara-e-adiada-embate-politico-continua\\\/#webpage\",\"url\":\"https:\\\/\\\/www.jornalja.com.br\\\/arquivo\\\/decisao-sobre-convocacao-de-marchezan-na-camara-e-adiada-embate-politico-continua\\\/\",\"name\":\"Decis\\u00e3o sobre convoca\\u00e7\\u00e3o de Marchezan na C\\u00e2mara \\u00e9 adiada, embate pol\\u00edtico continua | Arquivo\",\"inLanguage\":\"pt-BR\",\"isPartOf\":{\"@id\":\"https:\\\/\\\/www.jornalja.com.br\\\/arquivo\\\/#website\"},\"breadcrumb\":{\"@id\":\"https:\\\/\\\/www.jornalja.com.br\\\/arquivo\\\/decisao-sobre-convocacao-de-marchezan-na-camara-e-adiada-embate-politico-continua\\\/#breadcrumblist\"},\"author\":{\"@id\":\"https:\\\/\\\/www.jornalja.com.br\\\/arquivo\\\/author\\\/daredacao\\\/#author\"},\"creator\":{\"@id\":\"https:\\\/\\\/www.jornalja.com.br\\\/arquivo\\\/author\\\/daredacao\\\/#author\"},\"image\":{\"@type\":\"ImageObject\",\"url\":57672,\"@id\":\"https:\\\/\\\/www.jornalja.com.br\\\/arquivo\\\/decisao-sobre-convocacao-de-marchezan-na-camara-e-adiada-embate-politico-continua\\\/#mainImage\"},\"primaryImageOfPage\":{\"@id\":\"https:\\\/\\\/www.jornalja.com.br\\\/arquivo\\\/decisao-sobre-convocacao-de-marchezan-na-camara-e-adiada-embate-politico-continua\\\/#mainImage\"},\"datePublished\":\"2017-11-28T11:57:19-02:00\",\"dateModified\":\"2017-11-28T11:57:19-02:00\"},{\"@type\":\"WebSite\",\"@id\":\"https:\\\/\\\/www.jornalja.com.br\\\/arquivo\\\/#website\",\"url\":\"https:\\\/\\\/www.jornalja.com.br\\\/arquivo\\\/\",\"name\":\"Arquivo\",\"description\":\"Jornal J\\u00c1 | Porto Alegre\",\"inLanguage\":\"pt-BR\",\"publisher\":{\"@id\":\"https:\\\/\\\/www.jornalja.com.br\\\/arquivo\\\/#organization\"}}]}\n\t\t<\/script>\n\t\t<!-- All in One SEO -->\n\n","aioseo_head_json":{"title":"Decis\u00e3o sobre convoca\u00e7\u00e3o de Marchezan na C\u00e2mara \u00e9 adiada, embate pol\u00edtico continua | Arquivo","description":"","canonical_url":"https:\/\/www.jornalja.com.br\/arquivo\/decisao-sobre-convocacao-de-marchezan-na-camara-e-adiada-embate-politico-continua\/","robots":"max-image-preview:large","keywords":"","webmasterTools":{"miscellaneous":""},"schema":{"@context":"https:\/\/schema.org","@graph":[{"@type":"BlogPosting","@id":"https:\/\/www.jornalja.com.br\/arquivo\/decisao-sobre-convocacao-de-marchezan-na-camara-e-adiada-embate-politico-continua\/#blogposting","name":"Decis\u00e3o sobre convoca\u00e7\u00e3o de Marchezan na C\u00e2mara \u00e9 adiada, embate pol\u00edtico continua | Arquivo","headline":"Decis\u00e3o sobre convoca\u00e7\u00e3o de Marchezan na C\u00e2mara \u00e9 adiada, embate pol\u00edtico continua","author":{"@id":"https:\/\/www.jornalja.com.br\/arquivo\/author\/daredacao\/#author"},"publisher":{"@id":"https:\/\/www.jornalja.com.br\/arquivo\/#organization"},"image":{"@type":"ImageObject","url":57672},"datePublished":"2017-11-28T11:57:19-02:00","dateModified":"2017-11-28T11:57:19-02:00","inLanguage":"pt-BR","mainEntityOfPage":{"@id":"https:\/\/www.jornalja.com.br\/arquivo\/decisao-sobre-convocacao-de-marchezan-na-camara-e-adiada-embate-politico-continua\/#webpage"},"isPartOf":{"@id":"https:\/\/www.jornalja.com.br\/arquivo\/decisao-sobre-convocacao-de-marchezan-na-camara-e-adiada-embate-politico-continua\/#webpage"},"articleSection":"Geral"},{"@type":"BreadcrumbList","@id":"https:\/\/www.jornalja.com.br\/arquivo\/decisao-sobre-convocacao-de-marchezan-na-camara-e-adiada-embate-politico-continua\/#breadcrumblist","itemListElement":[{"@type":"ListItem","@id":"https:\/\/www.jornalja.com.br\/arquivo#listItem","position":1,"name":"Home","item":"https:\/\/www.jornalja.com.br\/arquivo","nextItem":{"@type":"ListItem","@id":"https:\/\/www.jornalja.com.br\/arquivo\/category\/geral\/#listItem","name":"Geral"}},{"@type":"ListItem","@id":"https:\/\/www.jornalja.com.br\/arquivo\/category\/geral\/#listItem","position":2,"name":"Geral","item":"https:\/\/www.jornalja.com.br\/arquivo\/category\/geral\/","nextItem":{"@type":"ListItem","@id":"https:\/\/www.jornalja.com.br\/arquivo\/decisao-sobre-convocacao-de-marchezan-na-camara-e-adiada-embate-politico-continua\/#listItem","name":"Decis\u00e3o sobre convoca\u00e7\u00e3o de Marchezan na C\u00e2mara \u00e9 adiada, embate pol\u00edtico continua"},"previousItem":{"@type":"ListItem","@id":"https:\/\/www.jornalja.com.br\/arquivo#listItem","name":"Home"}},{"@type":"ListItem","@id":"https:\/\/www.jornalja.com.br\/arquivo\/decisao-sobre-convocacao-de-marchezan-na-camara-e-adiada-embate-politico-continua\/#listItem","position":3,"name":"Decis\u00e3o sobre convoca\u00e7\u00e3o de Marchezan na C\u00e2mara \u00e9 adiada, embate pol\u00edtico continua","previousItem":{"@type":"ListItem","@id":"https:\/\/www.jornalja.com.br\/arquivo\/category\/geral\/#listItem","name":"Geral"}}]},{"@type":"Organization","@id":"https:\/\/www.jornalja.com.br\/arquivo\/#organization","name":"Jornal J\u00c1","description":"Jornal J\u00c1 | Porto Alegre","url":"https:\/\/www.jornalja.com.br\/arquivo\/","telephone":"+555133307272","logo":{"@type":"ImageObject","url":"https:\/\/www.jornalja.com.br\/wp-content\/uploads\/cards\/JAslogan.png","@id":"https:\/\/www.jornalja.com.br\/arquivo\/decisao-sobre-convocacao-de-marchezan-na-camara-e-adiada-embate-politico-continua\/#organizationLogo"},"image":{"@id":"https:\/\/www.jornalja.com.br\/arquivo\/decisao-sobre-convocacao-de-marchezan-na-camara-e-adiada-embate-politico-continua\/#organizationLogo"}},{"@type":"Person","@id":"https:\/\/www.jornalja.com.br\/arquivo\/author\/daredacao\/#author","url":"https:\/\/www.jornalja.com.br\/arquivo\/author\/daredacao\/","name":"da Reda\u00e7\u00e3o","image":{"@type":"ImageObject","@id":"https:\/\/www.jornalja.com.br\/arquivo\/decisao-sobre-convocacao-de-marchezan-na-camara-e-adiada-embate-politico-continua\/#authorImage","url":"https:\/\/secure.gravatar.com\/avatar\/469fd857d6605ad19919d27ed29d35a968a25f6e8fd9318356bbb7f57aae9c65?s=96&d=mm&r=g","width":96,"height":96,"caption":"da Reda\u00e7\u00e3o"}},{"@type":"WebPage","@id":"https:\/\/www.jornalja.com.br\/arquivo\/decisao-sobre-convocacao-de-marchezan-na-camara-e-adiada-embate-politico-continua\/#webpage","url":"https:\/\/www.jornalja.com.br\/arquivo\/decisao-sobre-convocacao-de-marchezan-na-camara-e-adiada-embate-politico-continua\/","name":"Decis\u00e3o sobre convoca\u00e7\u00e3o de Marchezan na C\u00e2mara \u00e9 adiada, embate pol\u00edtico continua | Arquivo","inLanguage":"pt-BR","isPartOf":{"@id":"https:\/\/www.jornalja.com.br\/arquivo\/#website"},"breadcrumb":{"@id":"https:\/\/www.jornalja.com.br\/arquivo\/decisao-sobre-convocacao-de-marchezan-na-camara-e-adiada-embate-politico-continua\/#breadcrumblist"},"author":{"@id":"https:\/\/www.jornalja.com.br\/arquivo\/author\/daredacao\/#author"},"creator":{"@id":"https:\/\/www.jornalja.com.br\/arquivo\/author\/daredacao\/#author"},"image":{"@type":"ImageObject","url":57672,"@id":"https:\/\/www.jornalja.com.br\/arquivo\/decisao-sobre-convocacao-de-marchezan-na-camara-e-adiada-embate-politico-continua\/#mainImage"},"primaryImageOfPage":{"@id":"https:\/\/www.jornalja.com.br\/arquivo\/decisao-sobre-convocacao-de-marchezan-na-camara-e-adiada-embate-politico-continua\/#mainImage"},"datePublished":"2017-11-28T11:57:19-02:00","dateModified":"2017-11-28T11:57:19-02:00"},{"@type":"WebSite","@id":"https:\/\/www.jornalja.com.br\/arquivo\/#website","url":"https:\/\/www.jornalja.com.br\/arquivo\/","name":"Arquivo","description":"Jornal J\u00c1 | Porto Alegre","inLanguage":"pt-BR","publisher":{"@id":"https:\/\/www.jornalja.com.br\/arquivo\/#organization"}}]},"og:locale":"pt_BR","og:site_name":"Arquivo | Jornal J\u00c1 | Porto Alegre","og:type":"article","og:title":"Decis\u00e3o sobre convoca\u00e7\u00e3o de Marchezan na C\u00e2mara \u00e9 adiada, embate pol\u00edtico continua | Arquivo","og:url":"https:\/\/www.jornalja.com.br\/arquivo\/decisao-sobre-convocacao-de-marchezan-na-camara-e-adiada-embate-politico-continua\/","og:image":"https:\/\/www.jornalja.com.br\/wp-content\/uploads\/2017\/11\/20171127_0013-Sessa\u2560\u00e2o_Plena\u2560\u00fcria_CMPA-Ramiro-Furquim-_OAF2035.jpg","og:image:secure_url":"https:\/\/www.jornalja.com.br\/wp-content\/uploads\/2017\/11\/20171127_0013-Sessa\u2560\u00e2o_Plena\u2560\u00fcria_CMPA-Ramiro-Furquim-_OAF2035.jpg","article:published_time":"2017-11-28T14:57:19+00:00","article:modified_time":"2017-11-28T14:57:19+00:00","twitter:card":"summary","twitter:title":"Decis\u00e3o sobre convoca\u00e7\u00e3o de Marchezan na C\u00e2mara \u00e9 adiada, embate pol\u00edtico continua | Arquivo","twitter:image":"https:\/\/www.jornalja.com.br\/economics\/wp-content\/uploads\/sites\/11\/2026\/08\/ja-folhaderosto-facebook.jpg"},"aioseo_meta_data":{"post_id":"57670","title":null,"description":null,"keywords":null,"keyphrases":null,"primary_term":null,"canonical_url":null,"og_title":null,"og_description":null,"og_object_type":"default","og_image_type":"default","og_image_url":null,"og_image_width":null,"og_image_height":null,"og_image_custom_url":null,"og_image_custom_fields":null,"og_video":null,"og_custom_url":null,"og_article_section":null,"og_article_tags":null,"twitter_use_og":false,"twitter_card":"default","twitter_image_type":"default","twitter_image_url":null,"twitter_image_custom_url":null,"twitter_image_custom_fields":null,"twitter_title":null,"twitter_description":null,"schema":{"blockGraphs":[],"customGraphs":[],"default":{"data":{"Article":[],"Course":[],"Dataset":[],"FAQPage":[],"Movie":[],"Person":[],"Product":[],"ProductReview":[],"Car":[],"Recipe":[],"Service":[],"SoftwareApplication":[],"WebPage":[]},"graphName":"","isEnabled":true},"graphs":[],"defaultGraph":"","defaultPostTypeGraph":""},"schema_type":null,"schema_type_options":null,"pillar_content":false,"robots_default":true,"robots_noindex":false,"robots_noarchive":false,"robots_nosnippet":false,"robots_nofollow":false,"robots_noimageindex":false,"robots_noodp":false,"robots_notranslate":false,"robots_max_snippet":null,"robots_max_videopreview":null,"robots_max_imagepreview":"large","priority":null,"frequency":null,"location":null,"local_seo":null,"breadcrumb_settings":null,"limit_modified_date":false,"ai":null,"created":"2020-12-20 20:20:45","updated":"2025-07-20 02:39:48","seo_analyzer_scan_date":null,"focus_keyword":null,"additional_keywords":null,"truseo_locale":null},"jetpack_sharing_enabled":true,"jetpack-related-posts":[{"id":13124,"url":"https:\/\/www.jornalja.com.br\/arquivo\/sangue-latino-no-iecine\/","url_meta":{"origin":57670,"position":0},"title":"Sangue latino no IECINE","author":"da Reda\u00e7\u00e3o","date":"18 de maio de 2014","format":false,"excerpt":"Francisco Ribeiro O Instituto Estadual de Cinema (IECINE) tem a frente, desde abril \u00faltimo, um novo diretor, o cineasta colombiano Juan Zapata, 36, que substitui Luiz Alberto Cassol. Radicado h\u00e1 dez anos em Porto Alegre, Zapata tem diante de si o desafio de conduzir at\u00e9 o final do ano um\u2026","rel":"","context":"Em &quot;Cultura-Geral&quot;","block_context":{"text":"Cultura-Geral","link":"https:\/\/www.jornalja.com.br\/arquivo\/category\/materiasecundaria\/"},"img":{"alt_text":"","src":"","width":0,"height":0},"classes":[]},{"id":13240,"url":"https:\/\/www.jornalja.com.br\/arquivo\/plano-diretor-estamos-construindo-o-caos\/","url_meta":{"origin":57670,"position":1},"title":"Plano diretor: &quot;Estamos construindo o caos&quot;","author":"Patr\u00edcia Marini","date":"26 de maio de 2014","format":false,"excerpt":"Desabafo que arquiteta Eliana Castilhos, delegada da Regi\u00e3o de Planejamento 1, postou nas redes sociais \u00e9 um testemunho do ambiente que se criou no Conselho do Plano Diretor de Porto Alegre, onde a aprova\u00e7\u00e3o de grandes empreendimentos \u00e9 empurrada guela abaixo dos conselheiros. Ao CMDUA Como delegada da Regi\u00e3o de\u2026","rel":"","context":"Em &quot;Geral&quot;","block_context":{"text":"Geral","link":"https:\/\/www.jornalja.com.br\/arquivo\/category\/geral\/"},"img":{"alt_text":"","src":"","width":0,"height":0},"classes":[]},{"id":13239,"url":"https:\/\/www.jornalja.com.br\/arquivo\/conselho-desdenha-do-plano-diretor\/","url_meta":{"origin":57670,"position":2},"title":"Porto Alegre: Conselho detona Plano Diretor","author":"Patr\u00edcia Marini","date":"25 de maio de 2014","format":false,"excerpt":"Den\u00fancia do arquiteto e \u00a0urbanista Ibir\u00e1 Santos Lucas. Ele diz que os conselheiros est\u00e3o votando com \"enorme irresponsabilidade\". \"Mudam regime com a maior naturalidade,,,regularizam absurdos de constru\u00e7\u00f5es irregulares... \"O CMDUA est\u00e1 flexibilizando a lei do plano diretor, de uma forma impactante na vida da cidade. Mudam regime com a maior\u2026","rel":"","context":"Em &quot;Geral&quot;","block_context":{"text":"Geral","link":"https:\/\/www.jornalja.com.br\/arquivo\/category\/geral\/"},"img":{"alt_text":"","src":"","width":0,"height":0},"classes":[]},{"id":5440,"url":"https:\/\/www.jornalja.com.br\/arquivo\/casarao-da-venancio-destino-permanece-incerto\/","url_meta":{"origin":57670,"position":3},"title":"Estado ainda n\u00e3o sabe o que fazer com casar\u00e3o abandonado h\u00e1 20 anos","author":"Elmar Bones","date":"6 de julho de 2009","format":false,"excerpt":"O casar\u00e3o amarelo, numa esquina nobre de Porto Alegre (Ven\u00e2ncio Aires com Jo\u00e3o Pessoa), j\u00e1 abrigou uma escola. H\u00e1 duas d\u00e9cadas, pelo menos, est\u00e1 abandonado, porque seu propriet\u00e1rio, o governo do Estado do Rio Grande do Sul, n\u00e3o consegue achar um destino para ele. Planos n\u00e3o faltaram. O governador Ol\u00edvio\u2026","rel":"","context":"Em &quot;X.Categorias velhas&quot;","block_context":{"text":"X.Categorias velhas","link":"https:\/\/www.jornalja.com.br\/arquivo\/category\/x-categorias-velhas\/"},"img":{"alt_text":"geraldo1","src":"https:\/\/i0.wp.com\/www.jornalja.com.br\/wp-content\/uploads\/2009\/07\/geraldo1.jpg?resize=350%2C200&ssl=1","width":350,"height":200},"classes":[]},{"id":13101,"url":"https:\/\/www.jornalja.com.br\/arquivo\/morre-um-guerreiro-do-texto\/","url_meta":{"origin":57670,"position":4},"title":"Morre um guerreiro do texto","author":"Patr\u00edcia Marini","date":"14 de maio de 2014","format":false,"excerpt":"Por Ricardo Kotscho Reproduzido do blog do autor, 11\/5\/2014; t\u00edtulo original \u201cE l\u00e1 se foi o nosso Myltainho, guerreiro do texto\u201d. Mi\u00fado e franzino, meu amigo Myltainho era um valente e inconformado guerreiro na luta contra as injusti\u00e7as sociais, a hipocrisia, as maracutaias, o autoritarismo, a intoler\u00e2ncia, a viol\u00eancia, o\u2026","rel":"","context":"Em &quot;Geral&quot;","block_context":{"text":"Geral","link":"https:\/\/www.jornalja.com.br\/arquivo\/category\/geral\/"},"img":{"alt_text":"","src":"","width":0,"height":0},"classes":[]},{"id":14241,"url":"https:\/\/www.jornalja.com.br\/arquivo\/o-guaiba-nas-imagens-poeticas-de-achutti\/","url_meta":{"origin":57670,"position":5},"title":"O Gua\u00edba nas imagens po\u00e9ticas de Achutti","author":"da Reda\u00e7\u00e3o","date":"18 de junho de 2014","format":false,"excerpt":"Em \u201cO Gua\u00edba por Achutti\u201d \u2013 obra financiada via Minist\u00e9rio da Cultura, produ\u00e7\u00e3o executiva de Pedro Longhi, e Fl\u00e1vio Wild como designer \u2013, o fot\u00f3grafo revela a beleza e as mazelas de um espa\u00e7o aqu\u00e1tico de \u00e1guas sempre renovadas, cheio de hist\u00f3rias e lendas como as das cidades que foram\u2026","rel":"","context":"Em &quot;Cultura-Geral&quot;","block_context":{"text":"Cultura-Geral","link":"https:\/\/www.jornalja.com.br\/arquivo\/category\/materiasecundaria\/"},"img":{"alt_text":"","src":"","width":0,"height":0},"classes":[]}],"jetpack_shortlink":"https:\/\/wp.me\/pbQjBd-f0a","jetpack_featured_media_url":"","_links":{"self":[{"href":"https:\/\/www.jornalja.com.br\/arquivo\/wp-json\/wp\/v2\/posts\/57670","targetHints":{"allow":["GET"]}}],"collection":[{"href":"https:\/\/www.jornalja.com.br\/arquivo\/wp-json\/wp\/v2\/posts"}],"about":[{"href":"https:\/\/www.jornalja.com.br\/arquivo\/wp-json\/wp\/v2\/types\/post"}],"author":[{"embeddable":true,"href":"https:\/\/www.jornalja.com.br\/arquivo\/wp-json\/wp\/v2\/users\/4"}],"replies":[{"embeddable":true,"href":"https:\/\/www.jornalja.com.br\/arquivo\/wp-json\/wp\/v2\/comments?post=57670"}],"version-history":[{"count":0,"href":"https:\/\/www.jornalja.com.br\/arquivo\/wp-json\/wp\/v2\/posts\/57670\/revisions"}],"wp:attachment":[{"href":"https:\/\/www.jornalja.com.br\/arquivo\/wp-json\/wp\/v2\/media?parent=57670"}],"wp:term":[{"taxonomy":"category","embeddable":true,"href":"https:\/\/www.jornalja.com.br\/arquivo\/wp-json\/wp\/v2\/categories?post=57670"},{"taxonomy":"post_tag","embeddable":true,"href":"https:\/\/www.jornalja.com.br\/arquivo\/wp-json\/wp\/v2\/tags?post=57670"}],"curies":[{"name":"wp","href":"https:\/\/api.w.org\/{rel}","templated":true}]}}