{"id":57701,"date":"2017-11-28T11:01:44","date_gmt":"2017-11-28T14:01:44","guid":{"rendered":"https:\/\/www.jornalja.com.br\/?p=57701"},"modified":"2017-11-28T11:01:44","modified_gmt":"2017-11-28T14:01:44","slug":"estudantes-aprovam-dois-projetos-no-deputado-por-um-dia","status":"publish","type":"post","link":"https:\/\/www.jornalja.com.br\/arquivo\/estudantes-aprovam-dois-projetos-no-deputado-por-um-dia\/","title":{"rendered":"Estudantes aprovam dois projetos no Deputado Por Um Dia"},"content":{"rendered":"<p>Estudantes de cinco escolas de diferentes munic\u00edpios do Estado participaram da 49\u00aa edi\u00e7\u00e3o do Programa Deputado Por Um Dia, da Assembleia Legislativa do RS, nesta segunda-feira, 27\/11. A Sess\u00e3o Plen\u00e1ria do Estudante aprovou dois projetos: a valoriza\u00e7\u00e3o do Espa\u00e7o Escolar e a cria\u00e7\u00e3o do Dia do Apoio Emocional nas escolas da rede p\u00fablica do RS.<br \/>\nA atividade \u00e9 realizada desde 1999 pela Escola do Legislativo Deputado Romildo Bolzan, da ALRS. O objetivo \u00e9 proporcionar a alunos das redes p\u00fablica e privada, da 7\u00aa s\u00e9rie do Ensino Fundamental ao 3\u00ba ano do Ensino M\u00e9dio, a experi\u00eancia de atuar como deputados, discutir e votar projetos de lei.<br \/>\nO evento teve in\u00edcio \u00e0s 10h, com a cerim\u00f4nia de abertura, no Sal\u00e3o J\u00falio de Castilhos. \u00c0s 14h, aconteceu a Sess\u00e3o Plen\u00e1ria do Estudante, no Plen\u00e1rio 20 de Setembro, com discuss\u00e3o e vota\u00e7\u00e3o de mat\u00e9rias, de autoria dos pr\u00f3prios estudantes.<br \/>\nA sess\u00e3o foi presidida pela deputada Regina Becker Fortunati (REDE), que destacou a import\u00e2ncia da presen\u00e7a do todos, como forma de participa\u00e7\u00e3o de um processo de constru\u00e7\u00e3o da cidadania, a partir de pol\u00edticas s\u00e9rias e honestas para o bem comum.<br \/>\n<span class=\"intertit\">Cinco projeto foram apresentados<\/span><br \/>\nNo per\u00edodo da Ordem do Dia, cinco projetos de lei foram apresentados e debatidos na tarde desta segunda-feira. Dois foram aprovados.<br \/>\n<figure id=\"attachment_57702\" aria-describedby=\"caption-attachment-57702\" style=\"width: 1150px\" class=\"wp-caption alignnone\"><img loading=\"lazy\" decoding=\"async\" class=\"wp-image-57702 size-full\" src=\"https:\/\/www.jornalja.com.br\/wp-content\/uploads\/2017\/11\/224549_G.jpg\" alt=\"\" width=\"1150\" height=\"767\" \/><figcaption id=\"caption-attachment-57702\" class=\"wp-caption-text\">Valoriza\u00e7\u00e3o do Espa\u00e7o Escolar e cria\u00e7\u00e3o do Dia do Apoio Emocional foram os projetos aprovados \/ Evandro Oliveira \/ Divulga\u00e7\u00e3o<\/figcaption><\/figure><br \/>\nO projeto de Lei 8\/2017, do Partido da renova\u00e7\u00e3o Estudantil Santanense (PRES), da Escola Estadual de Ensino M\u00e9dio Cyrino Luiz de Azevedo, de Santana do Livramento, instituindo o projeto de valoriza\u00e7\u00e3o do Espa\u00e7o Escolar, foi aprovado com 28 votos favor\u00e1veis e 27 contr\u00e1rios.<br \/>\nO outro projeto aprovado foi o 10\/2017, do Partido Marechal Floriano (PMF), do Col\u00e9gio Estadual Marechal Floriano Peixoto, de Porto Alegre, instituindo o Dia do Apoio Emocional nas escolas da rede p\u00fablica do RS, foi aprovado por 43 a 12.<br \/>\nO projeto de Lei 6\/2017, do Partido da Juventude Democr\u00e1tica (PJD), da Escola de Educa\u00e7\u00e3o B\u00e1sica Frei Casimiro Zaffonato, do munic\u00edpio de Ip\u00ea, prop\u00f4s o Programa Pol\u00edtica Tamb\u00e9m se Aprende na Escola, Formando Eleitores Conscientes, &#8211; nas escolas de ensino m\u00e9dio do RS. Ele foi rejeitado com 26 votos favor\u00e1veis e 29 contr\u00e1rios.<br \/>\nO projeto de Lei 7\/2017, do Partido da Lideran\u00e7a Jovem (PLJ), do Instituto Estadual de Educa\u00e7\u00e3o S\u00e3o Jo\u00e3o Batista, de Herval, instituindo o Acampamento Farroupilha nas escolas estaduais, como forma de resgate da cultura ga\u00facha, foi rejeitado com 27 votos favor\u00e1veis e 28 contr\u00e1rios.<br \/>\nO projeto de Lei 9\/2017, do Partido Fernando Albino (PFA), da Escola Estadual de Ensino Fundamental Fernando Albino da Rosa, de Santa Rosa, propondo a coloca\u00e7\u00e3o de placas solares nas escolas da rede p\u00fablica estadual, aplicando a energia sustent\u00e1vel, foi rejeitado, por 32 votos a 23.<br \/>\n<span class=\"intertit\">Pr\u00f3xima edi\u00e7\u00e3o j\u00e1 tem escolas definidas<\/span><br \/>\nForam definidas, por sorteio, as cinco escolas que participar\u00e3o da 50\u00aa edi\u00e7\u00e3o do Deputado Por Um Dia, a ser realizado em 2018: Escola Estadual de Ensino M\u00e9dio Cilon Rosa, de Santa Maria; Escola Municipal de Ensino Fundamental Edgar Rosa C\u00e2ndido, de Fazenda Vila Nova; Escola Municipal de Ensino Fundamental Morada do Sol, de Campo Bom; Escola Municipal de Ensino Fundamental, Leonel Moura Brizola, de Ip\u00ea, e Escola Estadual de Ensino M\u00e9dio Floriano Peixoto, do munic\u00edpio de Engenho Velho.<\/p>\n","protected":false},"excerpt":{"rendered":"<p>Estudantes de cinco escolas de diferentes munic\u00edpios do Estado participaram da 49\u00aa edi\u00e7\u00e3o do Programa Deputado Por Um Dia, da Assembleia Legislativa do RS, nesta segunda-feira, 27\/11. A Sess\u00e3o Plen\u00e1ria do Estudante aprovou dois projetos: a valoriza\u00e7\u00e3o do Espa\u00e7o Escolar e a cria\u00e7\u00e3o do Dia do Apoio Emocional nas escolas da rede p\u00fablica do RS. [&hellip;]<\/p>\n","protected":false},"author":4,"featured_media":57703,"comment_status":"open","ping_status":"closed","sticky":false,"template":"","format":"standard","meta":{"_jetpack_newsletter_access":"","_jetpack_dont_email_post_to_subs":false,"_jetpack_newsletter_tier_id":0,"_jetpack_memberships_contains_paywalled_content":false,"_jetpack_feature_clip_id":0,"_jetpack_memberships_contains_paid_content":false,"footnotes":"","jetpack_post_was_ever_published":false},"categories":[26],"tags":[],"class_list":["post-57701","post","type-post","status-publish","format-standard","has-post-thumbnail","hentry","category-geral"],"aioseo_notices":[],"aioseo_head":"\n\t\t<!-- All in One SEO 5.0.1.1 - aioseo.com -->\n\t<meta name=\"robots\" content=\"max-image-preview:large\" \/>\n\t<meta name=\"author\" content=\"da Reda\u00e7\u00e3o\"\/>\n\t<link rel=\"canonical\" href=\"https:\/\/www.jornalja.com.br\/arquivo\/estudantes-aprovam-dois-projetos-no-deputado-por-um-dia\/\" \/>\n\t<meta name=\"generator\" content=\"All in One SEO (AIOSEO) 5.0.1.1\" \/>\n\t\t<meta property=\"og:locale\" content=\"pt_BR\" \/>\n\t\t<meta property=\"og:site_name\" content=\"Arquivo | Jornal J\u00c1 | Porto Alegre\" \/>\n\t\t<meta property=\"og:type\" content=\"article\" \/>\n\t\t<meta property=\"og:title\" content=\"Estudantes aprovam dois projetos no Deputado Por Um Dia | Arquivo\" \/>\n\t\t<meta property=\"og:url\" content=\"https:\/\/www.jornalja.com.br\/arquivo\/estudantes-aprovam-dois-projetos-no-deputado-por-um-dia\/\" \/>\n\t\t<meta property=\"og:image\" content=\"https:\/\/www.jornalja.com.br\/wp-content\/uploads\/2017\/11\/224549_G.jpg\" \/>\n\t\t<meta property=\"og:image:secure_url\" content=\"https:\/\/www.jornalja.com.br\/wp-content\/uploads\/2017\/11\/224549_G.jpg\" \/>\n\t\t<meta property=\"article:published_time\" content=\"2017-11-28T14:01:44+00:00\" \/>\n\t\t<meta property=\"article:modified_time\" content=\"2017-11-28T14:01:44+00:00\" \/>\n\t\t<meta name=\"twitter:card\" content=\"summary\" \/>\n\t\t<meta name=\"twitter:title\" content=\"Estudantes aprovam dois projetos no Deputado Por Um Dia | Arquivo\" \/>\n\t\t<meta name=\"twitter:image\" content=\"https:\/\/www.jornalja.com.br\/economics\/wp-content\/uploads\/sites\/11\/2026\/08\/ja-folhaderosto-facebook.jpg\" \/>\n\t\t<script type=\"application\/ld+json\" class=\"aioseo-schema\">\n\t\t\t{\"@context\":\"https:\\\/\\\/schema.org\",\"@graph\":[{\"@type\":\"BlogPosting\",\"@id\":\"https:\\\/\\\/www.jornalja.com.br\\\/arquivo\\\/estudantes-aprovam-dois-projetos-no-deputado-por-um-dia\\\/#blogposting\",\"name\":\"Estudantes aprovam dois projetos no Deputado Por Um Dia | Arquivo\",\"headline\":\"Estudantes aprovam dois projetos no Deputado Por Um Dia\",\"author\":{\"@id\":\"https:\\\/\\\/www.jornalja.com.br\\\/arquivo\\\/author\\\/daredacao\\\/#author\"},\"publisher\":{\"@id\":\"https:\\\/\\\/www.jornalja.com.br\\\/arquivo\\\/#organization\"},\"image\":{\"@type\":\"ImageObject\",\"url\":57703},\"datePublished\":\"2017-11-28T11:01:44-02:00\",\"dateModified\":\"2017-11-28T11:01:44-02:00\",\"inLanguage\":\"pt-BR\",\"mainEntityOfPage\":{\"@id\":\"https:\\\/\\\/www.jornalja.com.br\\\/arquivo\\\/estudantes-aprovam-dois-projetos-no-deputado-por-um-dia\\\/#webpage\"},\"isPartOf\":{\"@id\":\"https:\\\/\\\/www.jornalja.com.br\\\/arquivo\\\/estudantes-aprovam-dois-projetos-no-deputado-por-um-dia\\\/#webpage\"},\"articleSection\":\"Geral\"},{\"@type\":\"BreadcrumbList\",\"@id\":\"https:\\\/\\\/www.jornalja.com.br\\\/arquivo\\\/estudantes-aprovam-dois-projetos-no-deputado-por-um-dia\\\/#breadcrumblist\",\"itemListElement\":[{\"@type\":\"ListItem\",\"@id\":\"https:\\\/\\\/www.jornalja.com.br\\\/arquivo#listItem\",\"position\":1,\"name\":\"Home\",\"item\":\"https:\\\/\\\/www.jornalja.com.br\\\/arquivo\",\"nextItem\":{\"@type\":\"ListItem\",\"@id\":\"https:\\\/\\\/www.jornalja.com.br\\\/arquivo\\\/category\\\/geral\\\/#listItem\",\"name\":\"Geral\"}},{\"@type\":\"ListItem\",\"@id\":\"https:\\\/\\\/www.jornalja.com.br\\\/arquivo\\\/category\\\/geral\\\/#listItem\",\"position\":2,\"name\":\"Geral\",\"item\":\"https:\\\/\\\/www.jornalja.com.br\\\/arquivo\\\/category\\\/geral\\\/\",\"nextItem\":{\"@type\":\"ListItem\",\"@id\":\"https:\\\/\\\/www.jornalja.com.br\\\/arquivo\\\/estudantes-aprovam-dois-projetos-no-deputado-por-um-dia\\\/#listItem\",\"name\":\"Estudantes aprovam dois projetos no Deputado Por Um Dia\"},\"previousItem\":{\"@type\":\"ListItem\",\"@id\":\"https:\\\/\\\/www.jornalja.com.br\\\/arquivo#listItem\",\"name\":\"Home\"}},{\"@type\":\"ListItem\",\"@id\":\"https:\\\/\\\/www.jornalja.com.br\\\/arquivo\\\/estudantes-aprovam-dois-projetos-no-deputado-por-um-dia\\\/#listItem\",\"position\":3,\"name\":\"Estudantes aprovam dois projetos no Deputado Por Um Dia\",\"previousItem\":{\"@type\":\"ListItem\",\"@id\":\"https:\\\/\\\/www.jornalja.com.br\\\/arquivo\\\/category\\\/geral\\\/#listItem\",\"name\":\"Geral\"}}]},{\"@type\":\"Organization\",\"@id\":\"https:\\\/\\\/www.jornalja.com.br\\\/arquivo\\\/#organization\",\"name\":\"Jornal J\\u00c1\",\"description\":\"Jornal J\\u00c1 | Porto Alegre\",\"url\":\"https:\\\/\\\/www.jornalja.com.br\\\/arquivo\\\/\",\"telephone\":\"+555133307272\",\"logo\":{\"@type\":\"ImageObject\",\"url\":\"https:\\\/\\\/www.jornalja.com.br\\\/wp-content\\\/uploads\\\/cards\\\/JAslogan.png\",\"@id\":\"https:\\\/\\\/www.jornalja.com.br\\\/arquivo\\\/estudantes-aprovam-dois-projetos-no-deputado-por-um-dia\\\/#organizationLogo\"},\"image\":{\"@id\":\"https:\\\/\\\/www.jornalja.com.br\\\/arquivo\\\/estudantes-aprovam-dois-projetos-no-deputado-por-um-dia\\\/#organizationLogo\"}},{\"@type\":\"Person\",\"@id\":\"https:\\\/\\\/www.jornalja.com.br\\\/arquivo\\\/author\\\/daredacao\\\/#author\",\"url\":\"https:\\\/\\\/www.jornalja.com.br\\\/arquivo\\\/author\\\/daredacao\\\/\",\"name\":\"da Reda\\u00e7\\u00e3o\",\"image\":{\"@type\":\"ImageObject\",\"@id\":\"https:\\\/\\\/www.jornalja.com.br\\\/arquivo\\\/estudantes-aprovam-dois-projetos-no-deputado-por-um-dia\\\/#authorImage\",\"url\":\"https:\\\/\\\/secure.gravatar.com\\\/avatar\\\/469fd857d6605ad19919d27ed29d35a968a25f6e8fd9318356bbb7f57aae9c65?s=96&d=mm&r=g\",\"width\":96,\"height\":96,\"caption\":\"da Reda\\u00e7\\u00e3o\"}},{\"@type\":\"WebPage\",\"@id\":\"https:\\\/\\\/www.jornalja.com.br\\\/arquivo\\\/estudantes-aprovam-dois-projetos-no-deputado-por-um-dia\\\/#webpage\",\"url\":\"https:\\\/\\\/www.jornalja.com.br\\\/arquivo\\\/estudantes-aprovam-dois-projetos-no-deputado-por-um-dia\\\/\",\"name\":\"Estudantes aprovam dois projetos no Deputado Por Um Dia | Arquivo\",\"inLanguage\":\"pt-BR\",\"isPartOf\":{\"@id\":\"https:\\\/\\\/www.jornalja.com.br\\\/arquivo\\\/#website\"},\"breadcrumb\":{\"@id\":\"https:\\\/\\\/www.jornalja.com.br\\\/arquivo\\\/estudantes-aprovam-dois-projetos-no-deputado-por-um-dia\\\/#breadcrumblist\"},\"author\":{\"@id\":\"https:\\\/\\\/www.jornalja.com.br\\\/arquivo\\\/author\\\/daredacao\\\/#author\"},\"creator\":{\"@id\":\"https:\\\/\\\/www.jornalja.com.br\\\/arquivo\\\/author\\\/daredacao\\\/#author\"},\"image\":{\"@type\":\"ImageObject\",\"url\":57703,\"@id\":\"https:\\\/\\\/www.jornalja.com.br\\\/arquivo\\\/estudantes-aprovam-dois-projetos-no-deputado-por-um-dia\\\/#mainImage\"},\"primaryImageOfPage\":{\"@id\":\"https:\\\/\\\/www.jornalja.com.br\\\/arquivo\\\/estudantes-aprovam-dois-projetos-no-deputado-por-um-dia\\\/#mainImage\"},\"datePublished\":\"2017-11-28T11:01:44-02:00\",\"dateModified\":\"2017-11-28T11:01:44-02:00\"},{\"@type\":\"WebSite\",\"@id\":\"https:\\\/\\\/www.jornalja.com.br\\\/arquivo\\\/#website\",\"url\":\"https:\\\/\\\/www.jornalja.com.br\\\/arquivo\\\/\",\"name\":\"Arquivo\",\"description\":\"Jornal J\\u00c1 | Porto Alegre\",\"inLanguage\":\"pt-BR\",\"publisher\":{\"@id\":\"https:\\\/\\\/www.jornalja.com.br\\\/arquivo\\\/#organization\"}}]}\n\t\t<\/script>\n\t\t<!-- All in One SEO -->\n\n","aioseo_head_json":{"title":"Estudantes aprovam dois projetos no Deputado Por Um Dia | Arquivo","description":"","canonical_url":"https:\/\/www.jornalja.com.br\/arquivo\/estudantes-aprovam-dois-projetos-no-deputado-por-um-dia\/","robots":"max-image-preview:large","keywords":"","webmasterTools":{"miscellaneous":""},"schema":{"@context":"https:\/\/schema.org","@graph":[{"@type":"BlogPosting","@id":"https:\/\/www.jornalja.com.br\/arquivo\/estudantes-aprovam-dois-projetos-no-deputado-por-um-dia\/#blogposting","name":"Estudantes aprovam dois projetos no Deputado Por Um Dia | Arquivo","headline":"Estudantes aprovam dois projetos no Deputado Por Um Dia","author":{"@id":"https:\/\/www.jornalja.com.br\/arquivo\/author\/daredacao\/#author"},"publisher":{"@id":"https:\/\/www.jornalja.com.br\/arquivo\/#organization"},"image":{"@type":"ImageObject","url":57703},"datePublished":"2017-11-28T11:01:44-02:00","dateModified":"2017-11-28T11:01:44-02:00","inLanguage":"pt-BR","mainEntityOfPage":{"@id":"https:\/\/www.jornalja.com.br\/arquivo\/estudantes-aprovam-dois-projetos-no-deputado-por-um-dia\/#webpage"},"isPartOf":{"@id":"https:\/\/www.jornalja.com.br\/arquivo\/estudantes-aprovam-dois-projetos-no-deputado-por-um-dia\/#webpage"},"articleSection":"Geral"},{"@type":"BreadcrumbList","@id":"https:\/\/www.jornalja.com.br\/arquivo\/estudantes-aprovam-dois-projetos-no-deputado-por-um-dia\/#breadcrumblist","itemListElement":[{"@type":"ListItem","@id":"https:\/\/www.jornalja.com.br\/arquivo#listItem","position":1,"name":"Home","item":"https:\/\/www.jornalja.com.br\/arquivo","nextItem":{"@type":"ListItem","@id":"https:\/\/www.jornalja.com.br\/arquivo\/category\/geral\/#listItem","name":"Geral"}},{"@type":"ListItem","@id":"https:\/\/www.jornalja.com.br\/arquivo\/category\/geral\/#listItem","position":2,"name":"Geral","item":"https:\/\/www.jornalja.com.br\/arquivo\/category\/geral\/","nextItem":{"@type":"ListItem","@id":"https:\/\/www.jornalja.com.br\/arquivo\/estudantes-aprovam-dois-projetos-no-deputado-por-um-dia\/#listItem","name":"Estudantes aprovam dois projetos no Deputado Por Um Dia"},"previousItem":{"@type":"ListItem","@id":"https:\/\/www.jornalja.com.br\/arquivo#listItem","name":"Home"}},{"@type":"ListItem","@id":"https:\/\/www.jornalja.com.br\/arquivo\/estudantes-aprovam-dois-projetos-no-deputado-por-um-dia\/#listItem","position":3,"name":"Estudantes aprovam dois projetos no Deputado Por Um Dia","previousItem":{"@type":"ListItem","@id":"https:\/\/www.jornalja.com.br\/arquivo\/category\/geral\/#listItem","name":"Geral"}}]},{"@type":"Organization","@id":"https:\/\/www.jornalja.com.br\/arquivo\/#organization","name":"Jornal J\u00c1","description":"Jornal J\u00c1 | Porto Alegre","url":"https:\/\/www.jornalja.com.br\/arquivo\/","telephone":"+555133307272","logo":{"@type":"ImageObject","url":"https:\/\/www.jornalja.com.br\/wp-content\/uploads\/cards\/JAslogan.png","@id":"https:\/\/www.jornalja.com.br\/arquivo\/estudantes-aprovam-dois-projetos-no-deputado-por-um-dia\/#organizationLogo"},"image":{"@id":"https:\/\/www.jornalja.com.br\/arquivo\/estudantes-aprovam-dois-projetos-no-deputado-por-um-dia\/#organizationLogo"}},{"@type":"Person","@id":"https:\/\/www.jornalja.com.br\/arquivo\/author\/daredacao\/#author","url":"https:\/\/www.jornalja.com.br\/arquivo\/author\/daredacao\/","name":"da Reda\u00e7\u00e3o","image":{"@type":"ImageObject","@id":"https:\/\/www.jornalja.com.br\/arquivo\/estudantes-aprovam-dois-projetos-no-deputado-por-um-dia\/#authorImage","url":"https:\/\/secure.gravatar.com\/avatar\/469fd857d6605ad19919d27ed29d35a968a25f6e8fd9318356bbb7f57aae9c65?s=96&d=mm&r=g","width":96,"height":96,"caption":"da Reda\u00e7\u00e3o"}},{"@type":"WebPage","@id":"https:\/\/www.jornalja.com.br\/arquivo\/estudantes-aprovam-dois-projetos-no-deputado-por-um-dia\/#webpage","url":"https:\/\/www.jornalja.com.br\/arquivo\/estudantes-aprovam-dois-projetos-no-deputado-por-um-dia\/","name":"Estudantes aprovam dois projetos no Deputado Por Um Dia | Arquivo","inLanguage":"pt-BR","isPartOf":{"@id":"https:\/\/www.jornalja.com.br\/arquivo\/#website"},"breadcrumb":{"@id":"https:\/\/www.jornalja.com.br\/arquivo\/estudantes-aprovam-dois-projetos-no-deputado-por-um-dia\/#breadcrumblist"},"author":{"@id":"https:\/\/www.jornalja.com.br\/arquivo\/author\/daredacao\/#author"},"creator":{"@id":"https:\/\/www.jornalja.com.br\/arquivo\/author\/daredacao\/#author"},"image":{"@type":"ImageObject","url":57703,"@id":"https:\/\/www.jornalja.com.br\/arquivo\/estudantes-aprovam-dois-projetos-no-deputado-por-um-dia\/#mainImage"},"primaryImageOfPage":{"@id":"https:\/\/www.jornalja.com.br\/arquivo\/estudantes-aprovam-dois-projetos-no-deputado-por-um-dia\/#mainImage"},"datePublished":"2017-11-28T11:01:44-02:00","dateModified":"2017-11-28T11:01:44-02:00"},{"@type":"WebSite","@id":"https:\/\/www.jornalja.com.br\/arquivo\/#website","url":"https:\/\/www.jornalja.com.br\/arquivo\/","name":"Arquivo","description":"Jornal J\u00c1 | Porto Alegre","inLanguage":"pt-BR","publisher":{"@id":"https:\/\/www.jornalja.com.br\/arquivo\/#organization"}}]},"og:locale":"pt_BR","og:site_name":"Arquivo | Jornal J\u00c1 | Porto Alegre","og:type":"article","og:title":"Estudantes aprovam dois projetos no Deputado Por Um Dia | Arquivo","og:url":"https:\/\/www.jornalja.com.br\/arquivo\/estudantes-aprovam-dois-projetos-no-deputado-por-um-dia\/","og:image":"https:\/\/www.jornalja.com.br\/wp-content\/uploads\/2017\/11\/224549_G.jpg","og:image:secure_url":"https:\/\/www.jornalja.com.br\/wp-content\/uploads\/2017\/11\/224549_G.jpg","article:published_time":"2017-11-28T14:01:44+00:00","article:modified_time":"2017-11-28T14:01:44+00:00","twitter:card":"summary","twitter:title":"Estudantes aprovam dois projetos no Deputado Por Um Dia | Arquivo","twitter:image":"https:\/\/www.jornalja.com.br\/economics\/wp-content\/uploads\/sites\/11\/2026\/08\/ja-folhaderosto-facebook.jpg"},"aioseo_meta_data":{"post_id":"57701","title":null,"description":null,"keywords":null,"keyphrases":null,"primary_term":null,"canonical_url":null,"og_title":null,"og_description":null,"og_object_type":"default","og_image_type":"default","og_image_url":null,"og_image_width":null,"og_image_height":null,"og_image_custom_url":null,"og_image_custom_fields":null,"og_video":null,"og_custom_url":null,"og_article_section":null,"og_article_tags":null,"twitter_use_og":false,"twitter_card":"default","twitter_image_type":"default","twitter_image_url":null,"twitter_image_custom_url":null,"twitter_image_custom_fields":null,"twitter_title":null,"twitter_description":null,"schema":{"blockGraphs":[],"customGraphs":[],"default":{"data":{"Article":[],"Course":[],"Dataset":[],"FAQPage":[],"Movie":[],"Person":[],"Product":[],"ProductReview":[],"Car":[],"Recipe":[],"Service":[],"SoftwareApplication":[],"WebPage":[]},"graphName":"","isEnabled":true},"graphs":[]},"schema_type":null,"schema_type_options":null,"pillar_content":false,"robots_default":true,"robots_noindex":false,"robots_noarchive":false,"robots_nosnippet":false,"robots_nofollow":false,"robots_noimageindex":false,"robots_noodp":false,"robots_notranslate":false,"robots_max_snippet":null,"robots_max_videopreview":null,"robots_max_imagepreview":"large","priority":null,"frequency":null,"location":null,"local_seo":null,"breadcrumb_settings":null,"limit_modified_date":false,"ai":null,"created":"2020-12-20 20:20:45","updated":"2025-07-20 02:39:48","seo_analyzer_scan_date":null,"focus_keyword":null,"additional_keywords":null,"truseo_locale":null},"jetpack_sharing_enabled":true,"jetpack-related-posts":[{"id":13128,"url":"https:\/\/www.jornalja.com.br\/arquivo\/maconha-terra-diz-que-uso-medicinal-e-desculpa\/","url_meta":{"origin":57701,"position":0},"title":"Maconha: Terra diz que uso medicinal \u00e9 desculpa","author":"Patr\u00edcia Marini","date":"4 de junho de 2014","format":false,"excerpt":"A condi\u00e7\u00e3o de pol\u00edtico, em \u00e9poca de campanha de campanha eleitoral, tira for\u00e7a do discurso do m\u00e9dico Osmar Terra contra a legaliza\u00e7\u00e3o da maconha. A tese dele de que a libera\u00e7\u00e3o vai ampliar exponencialmente o consumo \u00e9 discutivel, o consumo \u00e9 corrente. Mas seus alertas quanto aos riscos tem que\u2026","rel":"","context":"Em &quot;X.Categorias velhas&quot;","block_context":{"text":"X.Categorias velhas","link":"https:\/\/www.jornalja.com.br\/arquivo\/category\/x-categorias-velhas\/"},"img":{"alt_text":"","src":"","width":0,"height":0},"classes":[]},{"id":13240,"url":"https:\/\/www.jornalja.com.br\/arquivo\/plano-diretor-estamos-construindo-o-caos\/","url_meta":{"origin":57701,"position":1},"title":"Plano diretor: &quot;Estamos construindo o caos&quot;","author":"Patr\u00edcia Marini","date":"26 de maio de 2014","format":false,"excerpt":"Desabafo que arquiteta Eliana Castilhos, delegada da Regi\u00e3o de Planejamento 1, postou nas redes sociais \u00e9 um testemunho do ambiente que se criou no Conselho do Plano Diretor de Porto Alegre, onde a aprova\u00e7\u00e3o de grandes empreendimentos \u00e9 empurrada guela abaixo dos conselheiros. Ao CMDUA Como delegada da Regi\u00e3o de\u2026","rel":"","context":"Em &quot;Geral&quot;","block_context":{"text":"Geral","link":"https:\/\/www.jornalja.com.br\/arquivo\/category\/geral\/"},"img":{"alt_text":"","src":"","width":0,"height":0},"classes":[]},{"id":14241,"url":"https:\/\/www.jornalja.com.br\/arquivo\/o-guaiba-nas-imagens-poeticas-de-achutti\/","url_meta":{"origin":57701,"position":2},"title":"O Gua\u00edba nas imagens po\u00e9ticas de Achutti","author":"da Reda\u00e7\u00e3o","date":"18 de junho de 2014","format":false,"excerpt":"Em \u201cO Gua\u00edba por Achutti\u201d \u2013 obra financiada via Minist\u00e9rio da Cultura, produ\u00e7\u00e3o executiva de Pedro Longhi, e Fl\u00e1vio Wild como designer \u2013, o fot\u00f3grafo revela a beleza e as mazelas de um espa\u00e7o aqu\u00e1tico de \u00e1guas sempre renovadas, cheio de hist\u00f3rias e lendas como as das cidades que foram\u2026","rel":"","context":"Em &quot;Cultura-Geral&quot;","block_context":{"text":"Cultura-Geral","link":"https:\/\/www.jornalja.com.br\/arquivo\/category\/materiasecundaria\/"},"img":{"alt_text":"","src":"","width":0,"height":0},"classes":[]},{"id":5440,"url":"https:\/\/www.jornalja.com.br\/arquivo\/casarao-da-venancio-destino-permanece-incerto\/","url_meta":{"origin":57701,"position":3},"title":"Estado ainda n\u00e3o sabe o que fazer com casar\u00e3o abandonado h\u00e1 20 anos","author":"Elmar Bones","date":"6 de julho de 2009","format":false,"excerpt":"O casar\u00e3o amarelo, numa esquina nobre de Porto Alegre (Ven\u00e2ncio Aires com Jo\u00e3o Pessoa), j\u00e1 abrigou uma escola. H\u00e1 duas d\u00e9cadas, pelo menos, est\u00e1 abandonado, porque seu propriet\u00e1rio, o governo do Estado do Rio Grande do Sul, n\u00e3o consegue achar um destino para ele. Planos n\u00e3o faltaram. O governador Ol\u00edvio\u2026","rel":"","context":"Em &quot;X.Categorias velhas&quot;","block_context":{"text":"X.Categorias velhas","link":"https:\/\/www.jornalja.com.br\/arquivo\/category\/x-categorias-velhas\/"},"img":{"alt_text":"geraldo1","src":"https:\/\/i0.wp.com\/www.jornalja.com.br\/wp-content\/uploads\/2009\/07\/geraldo1.jpg?resize=350%2C200&ssl=1","width":350,"height":200},"classes":[]},{"id":13124,"url":"https:\/\/www.jornalja.com.br\/arquivo\/sangue-latino-no-iecine\/","url_meta":{"origin":57701,"position":4},"title":"Sangue latino no IECINE","author":"da Reda\u00e7\u00e3o","date":"18 de maio de 2014","format":false,"excerpt":"Francisco Ribeiro O Instituto Estadual de Cinema (IECINE) tem a frente, desde abril \u00faltimo, um novo diretor, o cineasta colombiano Juan Zapata, 36, que substitui Luiz Alberto Cassol. Radicado h\u00e1 dez anos em Porto Alegre, Zapata tem diante de si o desafio de conduzir at\u00e9 o final do ano um\u2026","rel":"","context":"Em &quot;Cultura-Geral&quot;","block_context":{"text":"Cultura-Geral","link":"https:\/\/www.jornalja.com.br\/arquivo\/category\/materiasecundaria\/"},"img":{"alt_text":"","src":"","width":0,"height":0},"classes":[]},{"id":12960,"url":"https:\/\/www.jornalja.com.br\/arquivo\/populacao-culpa-empresas-pela-greve-dos-rodoviarios\/","url_meta":{"origin":57701,"position":5},"title":"Popula\u00e7\u00e3o culpa empresas pela greve","author":"Patr\u00edcia Marini","date":"14 de fevereiro de 2014","format":false,"excerpt":"Pesquisa divulgada na edi\u00e7\u00e3o do jornal Metro desta sexta-feira,14, comprova o velho ditado: \u00e9 poss\u00edvel enganar muitos por algum tempo, mas n\u00e3o \u00e9 poss\u00edvel enganar a todos o tempo inteiro. A principal revela\u00e7\u00e3o foi que 59,8% dos entrevistados apontaram as empresas como as principais respons\u00e1veis pela grave e 46% culparam\u2026","rel":"","context":"Em &quot;X.Categorias velhas&quot;","block_context":{"text":"X.Categorias velhas","link":"https:\/\/www.jornalja.com.br\/arquivo\/category\/x-categorias-velhas\/"},"img":{"alt_text":"","src":"","width":0,"height":0},"classes":[]}],"jetpack_shortlink":"https:\/\/wp.me\/pbQjBd-f0F","jetpack_featured_media_url":"","_links":{"self":[{"href":"https:\/\/www.jornalja.com.br\/arquivo\/wp-json\/wp\/v2\/posts\/57701","targetHints":{"allow":["GET"]}}],"collection":[{"href":"https:\/\/www.jornalja.com.br\/arquivo\/wp-json\/wp\/v2\/posts"}],"about":[{"href":"https:\/\/www.jornalja.com.br\/arquivo\/wp-json\/wp\/v2\/types\/post"}],"author":[{"embeddable":true,"href":"https:\/\/www.jornalja.com.br\/arquivo\/wp-json\/wp\/v2\/users\/4"}],"replies":[{"embeddable":true,"href":"https:\/\/www.jornalja.com.br\/arquivo\/wp-json\/wp\/v2\/comments?post=57701"}],"version-history":[{"count":0,"href":"https:\/\/www.jornalja.com.br\/arquivo\/wp-json\/wp\/v2\/posts\/57701\/revisions"}],"wp:attachment":[{"href":"https:\/\/www.jornalja.com.br\/arquivo\/wp-json\/wp\/v2\/media?parent=57701"}],"wp:term":[{"taxonomy":"category","embeddable":true,"href":"https:\/\/www.jornalja.com.br\/arquivo\/wp-json\/wp\/v2\/categories?post=57701"},{"taxonomy":"post_tag","embeddable":true,"href":"https:\/\/www.jornalja.com.br\/arquivo\/wp-json\/wp\/v2\/tags?post=57701"}],"curies":[{"name":"wp","href":"https:\/\/api.w.org\/{rel}","templated":true}]}}