{"id":57706,"date":"2017-11-28T17:51:15","date_gmt":"2017-11-28T20:51:15","guid":{"rendered":"https:\/\/www.jornalja.com.br\/?p=57706"},"modified":"2017-11-28T17:51:15","modified_gmt":"2017-11-28T20:51:15","slug":"apos-sair-do-pdt-fortunati-diz-ter-propostas-de-sete-partidos","status":"publish","type":"post","link":"https:\/\/www.jornalja.com.br\/arquivo\/apos-sair-do-pdt-fortunati-diz-ter-propostas-de-sete-partidos\/","title":{"rendered":"Ap\u00f3s sair do PDT, Fortunati diz ter propostas de sete partidos"},"content":{"rendered":"<p>Jos\u00e9 Fortunati, ex-prefeito de Porto Alegre, confirmou ontem ap\u00f3s 15 anos sua sa\u00edda do partido trabalhista, o PDT. Uma carta, onde alegou rumos pol\u00edticos diferentes,\u00a0foi entregue ao presidente estadual da legenda, o deputado federal Pompeo de Mattos, que oficialmente respondeu como &#8220;total ingratid\u00e3o&#8221; a debandada de Fortunati.<br \/>\nPublicamente, o ex-prefeito desconversou e n\u00e3o falou qual ser\u00e1 seu novo partido. Disse apenas ter convite de pelo menos sete partidos:\u00a0PSB, PR, PRB, PSD, PV, PTB e Rede e que escolher\u00e1 o partido que lhe der a chance de concorrer ao senado.<br \/>\nA sa\u00edda de Fortunati acontece dois anos ap\u00f3s seu primeiro conflito na sigla, quando um atrito com vereadores da sua base de governo do PDT o fizeram a pedir licen\u00e7a da sigla. Ap\u00f3s isso a rela\u00e7\u00e3o nunca mais foi a mesma.<br \/>\nFortunati tamb\u00e9m j\u00e1 foi filiado ao PT, partido que saiu em 2001 ap\u00f3s\u00a0diverg\u00eancias pol\u00edticas. Um ano antes, foi eleito com 39 mil votos para vereador da Capital, a maior vota\u00e7\u00e3o alcan\u00e7ada para este cargo em Porto Alegre.<br \/>\n<span class=\"intertit\">Confira a \u00edntegra do PDT sobre a desfilia\u00e7\u00e3o de Jos\u00e9 Fortunati:\u00a0<\/span><br \/>\n<em>A executiva estadual do Partido Democr\u00e1tico Trabalhista (PDT) recebeu no dia 06 de novembro de 2017 carta do ex-prefeito Jos\u00e9 Fortunati, solicitando abertura do processo de escolha do candidato do partido ao senado da rep\u00fablica nas elei\u00e7\u00f5es de 2018, ponderando que tal fosse feito at\u00e9 o dia 16 de dezembro quando ocorrer\u00e1 a conven\u00e7\u00e3o estadual do partido.<\/em><br \/>\n<em>A executiva estadual do PDT, em reuni\u00e3o, delegou a esta presid\u00eancia a responsabilidade de fazer consulta a outros postulantes do cargo, especialmente o ex-deputado Vieira da Cunha e o ex-prefeito de Os\u00f3rio Romildo Bolzan Junior, que ap\u00f3s serem contatados, abriram m\u00e3o de qualquer pretens\u00e3o \u00e0 candidatura, liberando o partido para indicar Fortunati como pr\u00e9-candidato ao senado.<\/em><br \/>\n<em>Este presidente levou a informa\u00e7\u00e3o \u00e0 reuni\u00e3o da executiva estadual realizada na noite desta segunda-feira 27 de novembro de 2017, quando ent\u00e3o foi definido que, o \u00fanico nome para a disputado do senado seria o de Jos\u00e9 Fortunati e, tal indicativo seria levado \u00e0 conven\u00e7\u00e3o do dia 16 de dezembro.<\/em><br \/>\n<em>Ap\u00f3s esta defini\u00e7\u00e3o, ainda durante a reuni\u00e3o, a executiva foi surpreendida com a entrega da carta de desfilia\u00e7\u00e3o de Fortunati.<\/em><br \/>\n<em>Ningu\u00e9m no PDT foi t\u00e3o prestigiado como Fortunati desde sua filia\u00e7\u00e3o ao partido em setembro de 2001, sen\u00e3o vejamos:<\/em><br \/>\n<em>Fortunati concorreu em 2002 a deputado federal fazendo cerca de 50 mil votos e n\u00e3o se elegeu. Em janeiro de 2003 quando o PDT comp\u00f4s o governo Rigotto, indicou Fortunati ao cargo de Secret\u00e1rio de Estado da Educa\u00e7\u00e3o, o qual foi nomeado e desempenhou a fun\u00e7\u00e3o durante 4 anos, sendo o cargo mais relevante do partido no governo Rigotto, mesmo Fortunati estando filiado ao PDT a pouco mais de 1 ano e 3 meses.<\/em><br \/>\n<em>Em 2006, Fortunati concorreu novamente a deputado federal e fez cerca de 30 mil votos. N\u00e3o se elegendo, foi nomeado secret\u00e1rio de planejamento do governo Foga\u00e7a em Porto Alegre. Em decorr\u00eancia disso, o PDT perdeu o vereador Dr. Goulart, pretendente do mesmo cargo e tamb\u00e9m o suplente de vereador, DJ Cassi\u00e1, que assumiria mandato na C\u00e2mara de Vereadores da capital no lugar de Dr. Goulart.<\/em><br \/>\n<em>Em 2008, Fortunati foi indicado pelo PDT candidato a vice-prefeito de Porto Alegre na chapa vitoriosa encabe\u00e7ada por Jos\u00e9 Foga\u00e7a.<\/em><br \/>\n<em>Em 2010, na elei\u00e7\u00e3o de governador, o PDT em pr\u00e9-conven\u00e7\u00e3o tirou indicativo de coliga\u00e7\u00e3o com Tarso Genro, podendo indicar o vice na chapa do candidato do PT. O PDT mudou seu posicionamento e concorreu a vice na chapa de Foga\u00e7a, o qual renunciou a prefeitura de Porto Alegre, tornando Fortunati herdeiro do mandato por quase 3 anos. O PDT perdeu a elei\u00e7\u00e3o ao Piratini, mas Fortunati ficou em nome do partido como prefeito de Porto Alegre.<\/em><br \/>\n<em>Em 2012 o PDT ungiu o nome de Fortunati para disputar a reelei\u00e7\u00e3o \u00e0 prefeitura de Porto Alegre, que teve a chapa vitoriosa em primeiro turno.<\/em><br \/>\n<em>Em 2015, a deputada estadual Regina Becker Fortunati, eleita pelo PDT, pediu desfilia\u00e7\u00e3o do partido para ingressar na Rede Sustentabilidade. O PDT atrav\u00e9s de sua executiva deliberou em n\u00e3o reivindicar judicialmente o mandato da deputada, tendo em conta que se tratava da esposa do prefeito do PDT da capital ga\u00facha.<\/em><br \/>\n<em>Em mar\u00e7o de 2015, durante o segundo mandato de Fortunati como prefeito, houve uma crise de desentendimento com a bancada do PDT da C\u00e2mara de Vereadores. O ent\u00e3o prefeito, \u201clicenciou-se do partido\u201d. Embora n\u00e3o exista esta figura jur\u00eddica, o PDT teve compreens\u00e3o e considerou a decis\u00e3o de Fortunati.<\/em><br \/>\n<em>Na elei\u00e7\u00e3o municipal de 2016, Fortunati n\u00e3o apoiou o nome do candidato do PDT, Vieira da Cunha, como seu sucessor, mesmo assim o partido relevou a atitude do ent\u00e3o prefeito que preferiu Sebasti\u00e3o Melo (PMDB) como candidato.<\/em><br \/>\n<em>Em 2017 a dire\u00e7\u00e3o estadual agendou 37 reuni\u00f5es de coordenadorias em todas as regi\u00f5es do Rio Grande do Sul para discutir candidaturas ao governo do estado e ao senado federal. O ex-prefeito de Canoas, Jairo Jorge, hoje pr\u00e9-candidato ao Piratini, se apresentou para o debate, participando de todas as reuni\u00f5es, enquanto Fortunati participou de apenas 4 reuni\u00f5es iniciais, desinteressando-se do debate mesmo sendo o \u00fanico postulante ao senado pelo PDT.<\/em><br \/>\n<em>Em sua primeira carta em 06 de novembro de 2017, Fortunati pediu que a decis\u00e3o do partido em rela\u00e7\u00e3o \u00e0 candidatura do senado fosse at\u00e9 a data da conven\u00e7\u00e3o, prevista para 16 de dezembro. A nova carta deixa claro que Fortunati n\u00e3o aguardou o prazo que ele mesmo sugeriu, abandonando o partido, surpreendendo a todos.<\/em><br \/>\n<em>Essa atitude de Fortunati demonstra total ingratid\u00e3o, uma vez que o partido sempre disponibilizou as melhores oportunidades ao ex-prefeito, que novamente seria prestigiado com a candidatura ao senado.<\/em><br \/>\n<em>Provavelmente Fortunati antecipa sua sa\u00edda ao tomar conhecimento de que a pretendida vaga ao senado lhe estava garantida, deixando evidente que n\u00e3o queria mais permanecer no PDT.<\/em><br \/>\n<em><strong>Deputado Pompeo de Mattos, presidente estadual do PDT.<\/strong><\/em><br \/>\n&nbsp;<\/p>\n","protected":false},"excerpt":{"rendered":"<p>Jos\u00e9 Fortunati, ex-prefeito de Porto Alegre, confirmou ontem ap\u00f3s 15 anos sua sa\u00edda do partido trabalhista, o PDT. Uma carta, onde alegou rumos pol\u00edticos diferentes,\u00a0foi entregue ao presidente estadual da legenda, o deputado federal Pompeo de Mattos, que oficialmente respondeu como &#8220;total ingratid\u00e3o&#8221; a debandada de Fortunati. Publicamente, o ex-prefeito desconversou e n\u00e3o falou qual [&hellip;]<\/p>\n","protected":false},"author":4,"featured_media":17369,"comment_status":"open","ping_status":"closed","sticky":false,"template":"","format":"standard","meta":{"_jetpack_newsletter_access":"","_jetpack_dont_email_post_to_subs":false,"_jetpack_newsletter_tier_id":0,"_jetpack_memberships_contains_paywalled_content":false,"_jetpack_feature_clip_id":0,"_jetpack_memberships_contains_paid_content":false,"footnotes":"","jetpack_post_was_ever_published":false},"categories":[26],"tags":[],"class_list":["post-57706","post","type-post","status-publish","format-standard","has-post-thumbnail","hentry","category-geral"],"aioseo_notices":[],"aioseo_head":"\n\t\t<!-- All in One SEO 5.0.1.1 - aioseo.com -->\n\t<meta name=\"robots\" content=\"max-image-preview:large\" \/>\n\t<meta name=\"author\" content=\"da Reda\u00e7\u00e3o\"\/>\n\t<link rel=\"canonical\" href=\"https:\/\/www.jornalja.com.br\/arquivo\/apos-sair-do-pdt-fortunati-diz-ter-propostas-de-sete-partidos\/\" \/>\n\t<meta name=\"generator\" content=\"All in One SEO (AIOSEO) 5.0.1.1\" \/>\n\t\t<meta property=\"og:locale\" content=\"pt_BR\" \/>\n\t\t<meta property=\"og:site_name\" content=\"Arquivo | Jornal J\u00c1 | Porto Alegre\" \/>\n\t\t<meta property=\"og:type\" content=\"article\" \/>\n\t\t<meta property=\"og:title\" content=\"Ap\u00f3s sair do PDT, Fortunati diz ter propostas de sete partidos | Arquivo\" \/>\n\t\t<meta property=\"og:url\" content=\"https:\/\/www.jornalja.com.br\/arquivo\/apos-sair-do-pdt-fortunati-diz-ter-propostas-de-sete-partidos\/\" \/>\n\t\t<meta property=\"og:image\" content=\"https:\/\/www.jornalja.com.br\/economics\/wp-content\/uploads\/sites\/11\/2026\/08\/ja-folhaderosto-facebook.jpg\" \/>\n\t\t<meta property=\"og:image:secure_url\" content=\"https:\/\/www.jornalja.com.br\/economics\/wp-content\/uploads\/sites\/11\/2026\/08\/ja-folhaderosto-facebook.jpg\" \/>\n\t\t<meta property=\"article:published_time\" content=\"2017-11-28T20:51:15+00:00\" \/>\n\t\t<meta property=\"article:modified_time\" content=\"2017-11-28T20:51:15+00:00\" \/>\n\t\t<meta name=\"twitter:card\" content=\"summary\" \/>\n\t\t<meta name=\"twitter:title\" content=\"Ap\u00f3s sair do PDT, Fortunati diz ter propostas de sete partidos | Arquivo\" \/>\n\t\t<meta name=\"twitter:image\" content=\"https:\/\/www.jornalja.com.br\/economics\/wp-content\/uploads\/sites\/11\/2026\/08\/ja-folhaderosto-facebook.jpg\" \/>\n\t\t<script type=\"application\/ld+json\" class=\"aioseo-schema\">\n\t\t\t{\"@context\":\"https:\\\/\\\/schema.org\",\"@graph\":[{\"@type\":\"BlogPosting\",\"@id\":\"https:\\\/\\\/www.jornalja.com.br\\\/arquivo\\\/apos-sair-do-pdt-fortunati-diz-ter-propostas-de-sete-partidos\\\/#blogposting\",\"name\":\"Ap\\u00f3s sair do PDT, Fortunati diz ter propostas de sete partidos | Arquivo\",\"headline\":\"Ap\\u00f3s sair do PDT, Fortunati diz ter propostas de sete partidos\",\"author\":{\"@id\":\"https:\\\/\\\/www.jornalja.com.br\\\/arquivo\\\/author\\\/daredacao\\\/#author\"},\"publisher\":{\"@id\":\"https:\\\/\\\/www.jornalja.com.br\\\/arquivo\\\/#organization\"},\"image\":{\"@type\":\"ImageObject\",\"url\":17369},\"datePublished\":\"2017-11-28T17:51:15-02:00\",\"dateModified\":\"2017-11-28T17:51:15-02:00\",\"inLanguage\":\"pt-BR\",\"mainEntityOfPage\":{\"@id\":\"https:\\\/\\\/www.jornalja.com.br\\\/arquivo\\\/apos-sair-do-pdt-fortunati-diz-ter-propostas-de-sete-partidos\\\/#webpage\"},\"isPartOf\":{\"@id\":\"https:\\\/\\\/www.jornalja.com.br\\\/arquivo\\\/apos-sair-do-pdt-fortunati-diz-ter-propostas-de-sete-partidos\\\/#webpage\"},\"articleSection\":\"Geral\"},{\"@type\":\"BreadcrumbList\",\"@id\":\"https:\\\/\\\/www.jornalja.com.br\\\/arquivo\\\/apos-sair-do-pdt-fortunati-diz-ter-propostas-de-sete-partidos\\\/#breadcrumblist\",\"itemListElement\":[{\"@type\":\"ListItem\",\"@id\":\"https:\\\/\\\/www.jornalja.com.br\\\/arquivo#listItem\",\"position\":1,\"name\":\"Home\",\"item\":\"https:\\\/\\\/www.jornalja.com.br\\\/arquivo\",\"nextItem\":{\"@type\":\"ListItem\",\"@id\":\"https:\\\/\\\/www.jornalja.com.br\\\/arquivo\\\/category\\\/geral\\\/#listItem\",\"name\":\"Geral\"}},{\"@type\":\"ListItem\",\"@id\":\"https:\\\/\\\/www.jornalja.com.br\\\/arquivo\\\/category\\\/geral\\\/#listItem\",\"position\":2,\"name\":\"Geral\",\"item\":\"https:\\\/\\\/www.jornalja.com.br\\\/arquivo\\\/category\\\/geral\\\/\",\"nextItem\":{\"@type\":\"ListItem\",\"@id\":\"https:\\\/\\\/www.jornalja.com.br\\\/arquivo\\\/apos-sair-do-pdt-fortunati-diz-ter-propostas-de-sete-partidos\\\/#listItem\",\"name\":\"Ap\\u00f3s sair do PDT, Fortunati diz ter propostas de sete partidos\"},\"previousItem\":{\"@type\":\"ListItem\",\"@id\":\"https:\\\/\\\/www.jornalja.com.br\\\/arquivo#listItem\",\"name\":\"Home\"}},{\"@type\":\"ListItem\",\"@id\":\"https:\\\/\\\/www.jornalja.com.br\\\/arquivo\\\/apos-sair-do-pdt-fortunati-diz-ter-propostas-de-sete-partidos\\\/#listItem\",\"position\":3,\"name\":\"Ap\\u00f3s sair do PDT, Fortunati diz ter propostas de sete partidos\",\"previousItem\":{\"@type\":\"ListItem\",\"@id\":\"https:\\\/\\\/www.jornalja.com.br\\\/arquivo\\\/category\\\/geral\\\/#listItem\",\"name\":\"Geral\"}}]},{\"@type\":\"Organization\",\"@id\":\"https:\\\/\\\/www.jornalja.com.br\\\/arquivo\\\/#organization\",\"name\":\"Jornal J\\u00c1\",\"description\":\"Jornal J\\u00c1 | Porto Alegre\",\"url\":\"https:\\\/\\\/www.jornalja.com.br\\\/arquivo\\\/\",\"telephone\":\"+555133307272\",\"logo\":{\"@type\":\"ImageObject\",\"url\":\"https:\\\/\\\/www.jornalja.com.br\\\/wp-content\\\/uploads\\\/cards\\\/JAslogan.png\",\"@id\":\"https:\\\/\\\/www.jornalja.com.br\\\/arquivo\\\/apos-sair-do-pdt-fortunati-diz-ter-propostas-de-sete-partidos\\\/#organizationLogo\"},\"image\":{\"@id\":\"https:\\\/\\\/www.jornalja.com.br\\\/arquivo\\\/apos-sair-do-pdt-fortunati-diz-ter-propostas-de-sete-partidos\\\/#organizationLogo\"}},{\"@type\":\"Person\",\"@id\":\"https:\\\/\\\/www.jornalja.com.br\\\/arquivo\\\/author\\\/daredacao\\\/#author\",\"url\":\"https:\\\/\\\/www.jornalja.com.br\\\/arquivo\\\/author\\\/daredacao\\\/\",\"name\":\"da Reda\\u00e7\\u00e3o\",\"image\":{\"@type\":\"ImageObject\",\"@id\":\"https:\\\/\\\/www.jornalja.com.br\\\/arquivo\\\/apos-sair-do-pdt-fortunati-diz-ter-propostas-de-sete-partidos\\\/#authorImage\",\"url\":\"https:\\\/\\\/secure.gravatar.com\\\/avatar\\\/469fd857d6605ad19919d27ed29d35a968a25f6e8fd9318356bbb7f57aae9c65?s=96&d=mm&r=g\",\"width\":96,\"height\":96,\"caption\":\"da Reda\\u00e7\\u00e3o\"}},{\"@type\":\"WebPage\",\"@id\":\"https:\\\/\\\/www.jornalja.com.br\\\/arquivo\\\/apos-sair-do-pdt-fortunati-diz-ter-propostas-de-sete-partidos\\\/#webpage\",\"url\":\"https:\\\/\\\/www.jornalja.com.br\\\/arquivo\\\/apos-sair-do-pdt-fortunati-diz-ter-propostas-de-sete-partidos\\\/\",\"name\":\"Ap\\u00f3s sair do PDT, Fortunati diz ter propostas de sete partidos | Arquivo\",\"inLanguage\":\"pt-BR\",\"isPartOf\":{\"@id\":\"https:\\\/\\\/www.jornalja.com.br\\\/arquivo\\\/#website\"},\"breadcrumb\":{\"@id\":\"https:\\\/\\\/www.jornalja.com.br\\\/arquivo\\\/apos-sair-do-pdt-fortunati-diz-ter-propostas-de-sete-partidos\\\/#breadcrumblist\"},\"author\":{\"@id\":\"https:\\\/\\\/www.jornalja.com.br\\\/arquivo\\\/author\\\/daredacao\\\/#author\"},\"creator\":{\"@id\":\"https:\\\/\\\/www.jornalja.com.br\\\/arquivo\\\/author\\\/daredacao\\\/#author\"},\"image\":{\"@type\":\"ImageObject\",\"url\":17369,\"@id\":\"https:\\\/\\\/www.jornalja.com.br\\\/arquivo\\\/apos-sair-do-pdt-fortunati-diz-ter-propostas-de-sete-partidos\\\/#mainImage\"},\"primaryImageOfPage\":{\"@id\":\"https:\\\/\\\/www.jornalja.com.br\\\/arquivo\\\/apos-sair-do-pdt-fortunati-diz-ter-propostas-de-sete-partidos\\\/#mainImage\"},\"datePublished\":\"2017-11-28T17:51:15-02:00\",\"dateModified\":\"2017-11-28T17:51:15-02:00\"},{\"@type\":\"WebSite\",\"@id\":\"https:\\\/\\\/www.jornalja.com.br\\\/arquivo\\\/#website\",\"url\":\"https:\\\/\\\/www.jornalja.com.br\\\/arquivo\\\/\",\"name\":\"Arquivo\",\"description\":\"Jornal J\\u00c1 | Porto Alegre\",\"inLanguage\":\"pt-BR\",\"publisher\":{\"@id\":\"https:\\\/\\\/www.jornalja.com.br\\\/arquivo\\\/#organization\"}}]}\n\t\t<\/script>\n\t\t<!-- All in One SEO -->\n\n","aioseo_head_json":{"title":"Ap\u00f3s sair do PDT, Fortunati diz ter propostas de sete partidos | Arquivo","description":"","canonical_url":"https:\/\/www.jornalja.com.br\/arquivo\/apos-sair-do-pdt-fortunati-diz-ter-propostas-de-sete-partidos\/","robots":"max-image-preview:large","keywords":"","webmasterTools":{"miscellaneous":""},"schema":{"@context":"https:\/\/schema.org","@graph":[{"@type":"BlogPosting","@id":"https:\/\/www.jornalja.com.br\/arquivo\/apos-sair-do-pdt-fortunati-diz-ter-propostas-de-sete-partidos\/#blogposting","name":"Ap\u00f3s sair do PDT, Fortunati diz ter propostas de sete partidos | Arquivo","headline":"Ap\u00f3s sair do PDT, Fortunati diz ter propostas de sete partidos","author":{"@id":"https:\/\/www.jornalja.com.br\/arquivo\/author\/daredacao\/#author"},"publisher":{"@id":"https:\/\/www.jornalja.com.br\/arquivo\/#organization"},"image":{"@type":"ImageObject","url":17369},"datePublished":"2017-11-28T17:51:15-02:00","dateModified":"2017-11-28T17:51:15-02:00","inLanguage":"pt-BR","mainEntityOfPage":{"@id":"https:\/\/www.jornalja.com.br\/arquivo\/apos-sair-do-pdt-fortunati-diz-ter-propostas-de-sete-partidos\/#webpage"},"isPartOf":{"@id":"https:\/\/www.jornalja.com.br\/arquivo\/apos-sair-do-pdt-fortunati-diz-ter-propostas-de-sete-partidos\/#webpage"},"articleSection":"Geral"},{"@type":"BreadcrumbList","@id":"https:\/\/www.jornalja.com.br\/arquivo\/apos-sair-do-pdt-fortunati-diz-ter-propostas-de-sete-partidos\/#breadcrumblist","itemListElement":[{"@type":"ListItem","@id":"https:\/\/www.jornalja.com.br\/arquivo#listItem","position":1,"name":"Home","item":"https:\/\/www.jornalja.com.br\/arquivo","nextItem":{"@type":"ListItem","@id":"https:\/\/www.jornalja.com.br\/arquivo\/category\/geral\/#listItem","name":"Geral"}},{"@type":"ListItem","@id":"https:\/\/www.jornalja.com.br\/arquivo\/category\/geral\/#listItem","position":2,"name":"Geral","item":"https:\/\/www.jornalja.com.br\/arquivo\/category\/geral\/","nextItem":{"@type":"ListItem","@id":"https:\/\/www.jornalja.com.br\/arquivo\/apos-sair-do-pdt-fortunati-diz-ter-propostas-de-sete-partidos\/#listItem","name":"Ap\u00f3s sair do PDT, Fortunati diz ter propostas de sete partidos"},"previousItem":{"@type":"ListItem","@id":"https:\/\/www.jornalja.com.br\/arquivo#listItem","name":"Home"}},{"@type":"ListItem","@id":"https:\/\/www.jornalja.com.br\/arquivo\/apos-sair-do-pdt-fortunati-diz-ter-propostas-de-sete-partidos\/#listItem","position":3,"name":"Ap\u00f3s sair do PDT, Fortunati diz ter propostas de sete partidos","previousItem":{"@type":"ListItem","@id":"https:\/\/www.jornalja.com.br\/arquivo\/category\/geral\/#listItem","name":"Geral"}}]},{"@type":"Organization","@id":"https:\/\/www.jornalja.com.br\/arquivo\/#organization","name":"Jornal J\u00c1","description":"Jornal J\u00c1 | Porto Alegre","url":"https:\/\/www.jornalja.com.br\/arquivo\/","telephone":"+555133307272","logo":{"@type":"ImageObject","url":"https:\/\/www.jornalja.com.br\/wp-content\/uploads\/cards\/JAslogan.png","@id":"https:\/\/www.jornalja.com.br\/arquivo\/apos-sair-do-pdt-fortunati-diz-ter-propostas-de-sete-partidos\/#organizationLogo"},"image":{"@id":"https:\/\/www.jornalja.com.br\/arquivo\/apos-sair-do-pdt-fortunati-diz-ter-propostas-de-sete-partidos\/#organizationLogo"}},{"@type":"Person","@id":"https:\/\/www.jornalja.com.br\/arquivo\/author\/daredacao\/#author","url":"https:\/\/www.jornalja.com.br\/arquivo\/author\/daredacao\/","name":"da Reda\u00e7\u00e3o","image":{"@type":"ImageObject","@id":"https:\/\/www.jornalja.com.br\/arquivo\/apos-sair-do-pdt-fortunati-diz-ter-propostas-de-sete-partidos\/#authorImage","url":"https:\/\/secure.gravatar.com\/avatar\/469fd857d6605ad19919d27ed29d35a968a25f6e8fd9318356bbb7f57aae9c65?s=96&d=mm&r=g","width":96,"height":96,"caption":"da Reda\u00e7\u00e3o"}},{"@type":"WebPage","@id":"https:\/\/www.jornalja.com.br\/arquivo\/apos-sair-do-pdt-fortunati-diz-ter-propostas-de-sete-partidos\/#webpage","url":"https:\/\/www.jornalja.com.br\/arquivo\/apos-sair-do-pdt-fortunati-diz-ter-propostas-de-sete-partidos\/","name":"Ap\u00f3s sair do PDT, Fortunati diz ter propostas de sete partidos | Arquivo","inLanguage":"pt-BR","isPartOf":{"@id":"https:\/\/www.jornalja.com.br\/arquivo\/#website"},"breadcrumb":{"@id":"https:\/\/www.jornalja.com.br\/arquivo\/apos-sair-do-pdt-fortunati-diz-ter-propostas-de-sete-partidos\/#breadcrumblist"},"author":{"@id":"https:\/\/www.jornalja.com.br\/arquivo\/author\/daredacao\/#author"},"creator":{"@id":"https:\/\/www.jornalja.com.br\/arquivo\/author\/daredacao\/#author"},"image":{"@type":"ImageObject","url":17369,"@id":"https:\/\/www.jornalja.com.br\/arquivo\/apos-sair-do-pdt-fortunati-diz-ter-propostas-de-sete-partidos\/#mainImage"},"primaryImageOfPage":{"@id":"https:\/\/www.jornalja.com.br\/arquivo\/apos-sair-do-pdt-fortunati-diz-ter-propostas-de-sete-partidos\/#mainImage"},"datePublished":"2017-11-28T17:51:15-02:00","dateModified":"2017-11-28T17:51:15-02:00"},{"@type":"WebSite","@id":"https:\/\/www.jornalja.com.br\/arquivo\/#website","url":"https:\/\/www.jornalja.com.br\/arquivo\/","name":"Arquivo","description":"Jornal J\u00c1 | Porto Alegre","inLanguage":"pt-BR","publisher":{"@id":"https:\/\/www.jornalja.com.br\/arquivo\/#organization"}}]},"og:locale":"pt_BR","og:site_name":"Arquivo | Jornal J\u00c1 | Porto Alegre","og:type":"article","og:title":"Ap\u00f3s sair do PDT, Fortunati diz ter propostas de sete partidos | Arquivo","og:url":"https:\/\/www.jornalja.com.br\/arquivo\/apos-sair-do-pdt-fortunati-diz-ter-propostas-de-sete-partidos\/","og:image":"https:\/\/www.jornalja.com.br\/economics\/wp-content\/uploads\/sites\/11\/2026\/08\/ja-folhaderosto-facebook.jpg","og:image:secure_url":"https:\/\/www.jornalja.com.br\/economics\/wp-content\/uploads\/sites\/11\/2026\/08\/ja-folhaderosto-facebook.jpg","article:published_time":"2017-11-28T20:51:15+00:00","article:modified_time":"2017-11-28T20:51:15+00:00","twitter:card":"summary","twitter:title":"Ap\u00f3s sair do PDT, Fortunati diz ter propostas de sete partidos | Arquivo","twitter:image":"https:\/\/www.jornalja.com.br\/economics\/wp-content\/uploads\/sites\/11\/2026\/08\/ja-folhaderosto-facebook.jpg"},"aioseo_meta_data":{"post_id":"57706","title":null,"description":null,"keywords":null,"keyphrases":null,"primary_term":null,"canonical_url":null,"og_title":null,"og_description":null,"og_object_type":"default","og_image_type":"default","og_image_url":null,"og_image_width":null,"og_image_height":null,"og_image_custom_url":null,"og_image_custom_fields":null,"og_video":null,"og_custom_url":null,"og_article_section":null,"og_article_tags":null,"twitter_use_og":false,"twitter_card":"default","twitter_image_type":"default","twitter_image_url":null,"twitter_image_custom_url":null,"twitter_image_custom_fields":null,"twitter_title":null,"twitter_description":null,"schema":{"blockGraphs":[],"customGraphs":[],"default":{"data":{"Article":[],"Course":[],"Dataset":[],"FAQPage":[],"Movie":[],"Person":[],"Product":[],"ProductReview":[],"Car":[],"Recipe":[],"Service":[],"SoftwareApplication":[],"WebPage":[]},"graphName":"","isEnabled":true},"graphs":[],"defaultGraph":"","defaultPostTypeGraph":""},"schema_type":null,"schema_type_options":null,"pillar_content":false,"robots_default":true,"robots_noindex":false,"robots_noarchive":false,"robots_nosnippet":false,"robots_nofollow":false,"robots_noimageindex":false,"robots_noodp":false,"robots_notranslate":false,"robots_max_snippet":null,"robots_max_videopreview":null,"robots_max_imagepreview":"large","priority":null,"frequency":null,"location":null,"local_seo":null,"breadcrumb_settings":null,"limit_modified_date":false,"ai":null,"created":"2020-12-20 20:20:45","updated":"2025-07-20 02:39:48","seo_analyzer_scan_date":null,"focus_keyword":null,"additional_keywords":null,"truseo_locale":null},"jetpack_sharing_enabled":true,"jetpack-related-posts":[{"id":14241,"url":"https:\/\/www.jornalja.com.br\/arquivo\/o-guaiba-nas-imagens-poeticas-de-achutti\/","url_meta":{"origin":57706,"position":0},"title":"O Gua\u00edba nas imagens po\u00e9ticas de Achutti","author":"da Reda\u00e7\u00e3o","date":"18 de junho de 2014","format":false,"excerpt":"Em \u201cO Gua\u00edba por Achutti\u201d \u2013 obra financiada via Minist\u00e9rio da Cultura, produ\u00e7\u00e3o executiva de Pedro Longhi, e Fl\u00e1vio Wild como designer \u2013, o fot\u00f3grafo revela a beleza e as mazelas de um espa\u00e7o aqu\u00e1tico de \u00e1guas sempre renovadas, cheio de hist\u00f3rias e lendas como as das cidades que foram\u2026","rel":"","context":"Em &quot;Cultura-Geral&quot;","block_context":{"text":"Cultura-Geral","link":"https:\/\/www.jornalja.com.br\/arquivo\/category\/materiasecundaria\/"},"img":{"alt_text":"","src":"","width":0,"height":0},"classes":[]},{"id":13128,"url":"https:\/\/www.jornalja.com.br\/arquivo\/maconha-terra-diz-que-uso-medicinal-e-desculpa\/","url_meta":{"origin":57706,"position":1},"title":"Maconha: Terra diz que uso medicinal \u00e9 desculpa","author":"Patr\u00edcia Marini","date":"4 de junho de 2014","format":false,"excerpt":"A condi\u00e7\u00e3o de pol\u00edtico, em \u00e9poca de campanha de campanha eleitoral, tira for\u00e7a do discurso do m\u00e9dico Osmar Terra contra a legaliza\u00e7\u00e3o da maconha. A tese dele de que a libera\u00e7\u00e3o vai ampliar exponencialmente o consumo \u00e9 discutivel, o consumo \u00e9 corrente. Mas seus alertas quanto aos riscos tem que\u2026","rel":"","context":"Em &quot;X.Categorias velhas&quot;","block_context":{"text":"X.Categorias velhas","link":"https:\/\/www.jornalja.com.br\/arquivo\/category\/x-categorias-velhas\/"},"img":{"alt_text":"","src":"","width":0,"height":0},"classes":[]},{"id":13124,"url":"https:\/\/www.jornalja.com.br\/arquivo\/sangue-latino-no-iecine\/","url_meta":{"origin":57706,"position":2},"title":"Sangue latino no IECINE","author":"da Reda\u00e7\u00e3o","date":"18 de maio de 2014","format":false,"excerpt":"Francisco Ribeiro O Instituto Estadual de Cinema (IECINE) tem a frente, desde abril \u00faltimo, um novo diretor, o cineasta colombiano Juan Zapata, 36, que substitui Luiz Alberto Cassol. Radicado h\u00e1 dez anos em Porto Alegre, Zapata tem diante de si o desafio de conduzir at\u00e9 o final do ano um\u2026","rel":"","context":"Em &quot;Cultura-Geral&quot;","block_context":{"text":"Cultura-Geral","link":"https:\/\/www.jornalja.com.br\/arquivo\/category\/materiasecundaria\/"},"img":{"alt_text":"","src":"","width":0,"height":0},"classes":[]},{"id":13240,"url":"https:\/\/www.jornalja.com.br\/arquivo\/plano-diretor-estamos-construindo-o-caos\/","url_meta":{"origin":57706,"position":3},"title":"Plano diretor: &quot;Estamos construindo o caos&quot;","author":"Patr\u00edcia Marini","date":"26 de maio de 2014","format":false,"excerpt":"Desabafo que arquiteta Eliana Castilhos, delegada da Regi\u00e3o de Planejamento 1, postou nas redes sociais \u00e9 um testemunho do ambiente que se criou no Conselho do Plano Diretor de Porto Alegre, onde a aprova\u00e7\u00e3o de grandes empreendimentos \u00e9 empurrada guela abaixo dos conselheiros. Ao CMDUA Como delegada da Regi\u00e3o de\u2026","rel":"","context":"Em &quot;Geral&quot;","block_context":{"text":"Geral","link":"https:\/\/www.jornalja.com.br\/arquivo\/category\/geral\/"},"img":{"alt_text":"","src":"","width":0,"height":0},"classes":[]},{"id":5440,"url":"https:\/\/www.jornalja.com.br\/arquivo\/casarao-da-venancio-destino-permanece-incerto\/","url_meta":{"origin":57706,"position":4},"title":"Estado ainda n\u00e3o sabe o que fazer com casar\u00e3o abandonado h\u00e1 20 anos","author":"Elmar Bones","date":"6 de julho de 2009","format":false,"excerpt":"O casar\u00e3o amarelo, numa esquina nobre de Porto Alegre (Ven\u00e2ncio Aires com Jo\u00e3o Pessoa), j\u00e1 abrigou uma escola. H\u00e1 duas d\u00e9cadas, pelo menos, est\u00e1 abandonado, porque seu propriet\u00e1rio, o governo do Estado do Rio Grande do Sul, n\u00e3o consegue achar um destino para ele. Planos n\u00e3o faltaram. O governador Ol\u00edvio\u2026","rel":"","context":"Em &quot;X.Categorias velhas&quot;","block_context":{"text":"X.Categorias velhas","link":"https:\/\/www.jornalja.com.br\/arquivo\/category\/x-categorias-velhas\/"},"img":{"alt_text":"geraldo1","src":"https:\/\/i0.wp.com\/www.jornalja.com.br\/wp-content\/uploads\/2009\/07\/geraldo1.jpg?resize=350%2C200&ssl=1","width":350,"height":200},"classes":[]},{"id":1280,"url":"https:\/\/www.jornalja.com.br\/arquivo\/o-menino-que-se-tornou-brizola\/","url_meta":{"origin":57706,"position":5},"title":"O Menino que se Tornou Brizola","author":"da Reda\u00e7\u00e3o","date":"28 de julho de 2008","format":false,"excerpt":"Autor: Cleber Dioni A vida de Leonel Brizola, com \u00eanfase para os primeiros anos em Porto Alegre, at\u00e9 o ex\u00edlio no Uruguai e a volta, quinze anos depois. \u00a0\"...\u00c9ramos todos jovens e nos identific\u00e1vamos com aquela massa an\u00f4nima a percorrer as ruas de Porto Alegre, gritando 'Get\u00falio', 'Get\u00falio' e empunhando\u2026","rel":"","context":"Em &quot;Livros&quot;","block_context":{"text":"Livros","link":"https:\/\/www.jornalja.com.br\/arquivo\/category\/livros\/"},"img":{"alt_text":"","src":"https:\/\/i0.wp.com\/www.jornalja.com.br\/wp-content\/uploads\/2008\/07\/brizola.gif?resize=350%2C200&ssl=1","width":350,"height":200},"classes":[]}],"jetpack_shortlink":"https:\/\/wp.me\/pbQjBd-f0K","jetpack_featured_media_url":"","_links":{"self":[{"href":"https:\/\/www.jornalja.com.br\/arquivo\/wp-json\/wp\/v2\/posts\/57706","targetHints":{"allow":["GET"]}}],"collection":[{"href":"https:\/\/www.jornalja.com.br\/arquivo\/wp-json\/wp\/v2\/posts"}],"about":[{"href":"https:\/\/www.jornalja.com.br\/arquivo\/wp-json\/wp\/v2\/types\/post"}],"author":[{"embeddable":true,"href":"https:\/\/www.jornalja.com.br\/arquivo\/wp-json\/wp\/v2\/users\/4"}],"replies":[{"embeddable":true,"href":"https:\/\/www.jornalja.com.br\/arquivo\/wp-json\/wp\/v2\/comments?post=57706"}],"version-history":[{"count":0,"href":"https:\/\/www.jornalja.com.br\/arquivo\/wp-json\/wp\/v2\/posts\/57706\/revisions"}],"wp:attachment":[{"href":"https:\/\/www.jornalja.com.br\/arquivo\/wp-json\/wp\/v2\/media?parent=57706"}],"wp:term":[{"taxonomy":"category","embeddable":true,"href":"https:\/\/www.jornalja.com.br\/arquivo\/wp-json\/wp\/v2\/categories?post=57706"},{"taxonomy":"post_tag","embeddable":true,"href":"https:\/\/www.jornalja.com.br\/arquivo\/wp-json\/wp\/v2\/tags?post=57706"}],"curies":[{"name":"wp","href":"https:\/\/api.w.org\/{rel}","templated":true}]}}