{"id":57711,"date":"2017-11-28T18:20:52","date_gmt":"2017-11-28T21:20:52","guid":{"rendered":"https:\/\/www.jornalja.com.br\/?p=57711"},"modified":"2017-11-28T18:20:52","modified_gmt":"2017-11-28T21:20:52","slug":"empresa-social-ja-empregou-300-refugiados-em-sao-paulo","status":"publish","type":"post","link":"https:\/\/www.jornalja.com.br\/arquivo\/empresa-social-ja-empregou-300-refugiados-em-sao-paulo\/","title":{"rendered":"Empresa social j\u00e1 empregou 300 refugiados em S\u00e3o Paulo"},"content":{"rendered":"<p>A\u00a0empresa social Planisf\u00e9rio, coordenada pela publicit\u00e1ria Luciana Maltchik Capobianco, inseriu por meio do seu Projeto<em> ESTOU REFUGIADO<\/em>, mais de 300 refugiados no mercado formal de trabalho\u00a0em S\u00e3o Paulo, nos \u00faltimos 2 anos.\u00a0&#8220;Um n\u00famero gratificante, pois n\u00e3o queremos fazer doa\u00e7\u00f5es, queremos que o refugiado tenha garantido seu direito b\u00e1sico ao trabalho e ao emprego para poder sustentar sua fam\u00edlia com dignidade&#8221;, declara.<br \/>\nTrata-se de um dos maiores\u00a0resultados quando se fala em coloca\u00e7\u00e3o de m\u00e3o-de-obra por ONGs ou empresas sociais. E esses n\u00fameros s\u00f3 foram poss\u00edveis com muito trabalho e criativas campanhas desenvolvidas pela ag\u00eancia da publicit\u00e1ria, que investiu em m\u00eddias sociais, folders, v\u00eddeos e at\u00e9 uma m\u00e1quina de curr\u00edculos, que funciona com um totem interativo. A m\u00e1quina distribuiu milhares de curr\u00edculos para que o sorteado tenha o compromisso de tentar ajudar a colocar a pessoa\u00a0do curriculum em um emprego. J\u00e1 percorreu espa\u00e7os como o MIS e o Ita\u00fa Cultural. E procura outros locais p\u00fablicos de grande circula\u00e7\u00e3o.<br \/>\n<span class=\"intertit\">Descendente de refugiados judeus, Luciana vivenciou o sofrimento na pr\u00f3pria fam\u00edlia<\/span><br \/>\nDescendente de judeus romenos, que fugiram por causa da persegui\u00e7\u00e3o, Luciana e uma amiga resolveram abra\u00e7ar uma causa humanit\u00e1ria para doar tempo e expertise e escolheram a causa dos refugiados. &#8220;Isso aconteceu h\u00e1 2 anos, quando a situa\u00e7\u00e3o de deslocamento de pessoas no mundo, v\u00edtimas de barb\u00e1ries e guerra, estava se tornando ca\u00f3tica e sem volta&#8221;, relembra Maltchik.<br \/>\nDe acordo com o Comit\u00ea Nacional para os Refugiados (CONARE), o n\u00famero total de solicita\u00e7\u00f5es de ref\u00fagio aumentou mais de 2.868% entre 2010 e 2015\u00a0quando saltou de 986 solicita\u00e7\u00f5es para\u00a028.670.<br \/>\nO cen\u00e1rio comoveu Luciana e a qualifica\u00e7\u00e3o profissional dessas pessoas atraiu a aten\u00e7\u00e3o dela. S\u00e3o economistas, contadores, empres\u00e1rios, com dificuldades para se estabilizar no pa\u00eds. &#8220;Eu percebi que tinha muito preconceito, muita xenofobia. Na \u00e9poca, ouvia muitos questionamentos do tipo &#8220;ser\u00e1 que ele \u00e9 do bem?&#8221; s\u00f3 por causa da religi\u00e3o\u00a0ou porque uma mulher usava o v\u00e9u isl\u00e2mico. Tinha muito racismo tamb\u00e9m. Ent\u00e3o surgiu uma vontade de ajudar essas pessoas&#8221;. Luciana achou que era o momento de dar voz, visibilidade e dignidade a essas pessoas e idealizou e implantou o Projeto ESTOU REFUGIADO.<br \/>\nO projeto promove e estimula a divulga\u00e7\u00e3o de valores, ideias, propostas e conte\u00fados voltados \u00e0 compreens\u00e3o do problema dos refugiados no mundo, combatendo o preconceito\u00a0e estimulando um processo de aceita\u00e7\u00e3o do outro na sociedade.<br \/>\nTamb\u00e9m desenvolve a\u00e7\u00f5es concretas de ajuda na busca de empregos e a cria\u00e7\u00e3o de novos neg\u00f3cios para o refugiado. Todas as semanas s\u00e3o publicados conte\u00fados nas m\u00eddias sociais como v\u00eddeos divulgando campanhas contra o preconceito, depoimentos de refugiados contratados e seus empregadores, videocurr\u00edculos em que os pr\u00f3prios refugiados apresentam suas qualifica\u00e7\u00f5es profissionais e reportagens sobre as a\u00e7\u00f5es do projeto.<br \/>\n<span class=\"intertit\">A\u00e7\u00f5es e experimento social\u00a0<\/span><br \/>\nUma das primeiras a\u00e7\u00f5es de impacto que o projeto desenvolveu foi um experimento social que usou o app de encontros Tinder para medir o n\u00edvel de preconceito na nossa sociedade. Foram criados dois perfis para o mesmo refugiado. Um apresento-o como estrangeiro, com forma\u00e7\u00e3o superior, radicado no Brasil, interessado em conhecer brasileiras. E o outro, como refugiado propriamente dito, embora com as mesmas caracter\u00edsticas do primeiro perfil.<br \/>\nO primeiro perfil atraiu cerca de 30 mulheres enquanto o segundo apenas 2. As rea\u00e7\u00f5es aos perfis foram transformadas em v\u00eddeo no Youtube e tamb\u00e9m na home do website\u00a0<a href=\"http:\/\/estourefugiado.com.br\/\" target=\"_blank\" rel=\"noopener noreferrer\" data-saferedirecturl=\"http:\/\/www.google.com\/url?hl=pt-BR&amp;q=http:\/\/estourefugiado.com.br\/&amp;source=gmail&amp;ust=1511967415815000&amp;usg=AFQjCNH9SAciz4qZCdHiMyQbt2VxJ30dNQ\">estourefugiado.com.br<\/a>\u00a0e levantou a quest\u00e3o do preconceito .<br \/>\nOs resultados dessa primeira a\u00e7\u00e3o foram extraordin\u00e1rios. Antes mesmo de sugerir qualquer a\u00e7\u00e3o, o projeto recebeu 40 ofertas espont\u00e2neas de emprego.<br \/>\nLuciana n\u00e3o recebe ajuda financeira de nenhuma institui\u00e7\u00e3o humanit\u00e1ria e custeia o projeto com recursos da empresa social.\u00a0Para colocar os refugiados em empregos, Luciana tem contado com a participa\u00e7\u00e3o de importantes empresas como a GM, o Grupo Accor (Ibis), a Pepsico, a Gradual Investimentos entre outras. &#8220;O empres\u00e1rio tem uma fun\u00e7\u00e3o important\u00edssima, pois estar empregado\u00a0\u00e9 vital para que o refugiado possa se reintegrar \u00e0 sociedade, sair dos abrigos e resgatar sua dignidade&#8221;, relata.<br \/>\nMas ela\u00a0aponta a falta de recursos, a falta de ofertas de trabalho, principalmente ofertas qualificadas, a quest\u00e3o da l\u00edngua e da valida\u00e7\u00e3o dos diplomas como grandes desafios ao projeto.<br \/>\nEmpresa social Planisf\u00e9rio \/ Contatos pelo telefone: 3063-5692<br \/>\nE-mail :\u00a0<a href=\"mailto:contato@estourefugiado.com.br\" target=\"_blank\" rel=\"noopener noreferrer\">contato@estourefugiado.com.br<\/a><\/p>\n","protected":false},"excerpt":{"rendered":"<p>A\u00a0empresa social Planisf\u00e9rio, coordenada pela publicit\u00e1ria Luciana Maltchik Capobianco, inseriu por meio do seu Projeto ESTOU REFUGIADO, mais de 300 refugiados no mercado formal de trabalho\u00a0em S\u00e3o Paulo, nos \u00faltimos 2 anos.\u00a0&#8220;Um n\u00famero gratificante, pois n\u00e3o queremos fazer doa\u00e7\u00f5es, queremos que o refugiado tenha garantido seu direito b\u00e1sico ao trabalho e ao emprego para poder [&hellip;]<\/p>\n","protected":false},"author":4,"featured_media":57714,"comment_status":"open","ping_status":"closed","sticky":false,"template":"","format":"standard","meta":{"_jetpack_newsletter_access":"","_jetpack_dont_email_post_to_subs":false,"_jetpack_newsletter_tier_id":0,"_jetpack_memberships_contains_paywalled_content":false,"_jetpack_feature_clip_id":0,"_jetpack_memberships_contains_paid_content":false,"footnotes":"","jetpack_post_was_ever_published":false},"categories":[26],"tags":[],"class_list":["post-57711","post","type-post","status-publish","format-standard","has-post-thumbnail","hentry","category-geral"],"aioseo_notices":[],"aioseo_head":"\n\t\t<!-- All in One SEO 5.0.1.1 - aioseo.com -->\n\t<meta name=\"robots\" content=\"max-image-preview:large\" \/>\n\t<meta name=\"author\" content=\"da Reda\u00e7\u00e3o\"\/>\n\t<link rel=\"canonical\" href=\"https:\/\/www.jornalja.com.br\/arquivo\/empresa-social-ja-empregou-300-refugiados-em-sao-paulo\/\" \/>\n\t<meta name=\"generator\" content=\"All in One SEO (AIOSEO) 5.0.1.1\" \/>\n\t\t<meta property=\"og:locale\" content=\"pt_BR\" \/>\n\t\t<meta property=\"og:site_name\" content=\"Arquivo | Jornal J\u00c1 | Porto Alegre\" \/>\n\t\t<meta property=\"og:type\" content=\"article\" \/>\n\t\t<meta property=\"og:title\" content=\"Empresa social j\u00e1 empregou 300 refugiados em S\u00e3o Paulo | Arquivo\" \/>\n\t\t<meta property=\"og:url\" content=\"https:\/\/www.jornalja.com.br\/arquivo\/empresa-social-ja-empregou-300-refugiados-em-sao-paulo\/\" \/>\n\t\t<meta property=\"og:image\" content=\"https:\/\/www.jornalja.com.br\/economics\/wp-content\/uploads\/sites\/11\/2026\/08\/ja-folhaderosto-facebook.jpg\" \/>\n\t\t<meta property=\"og:image:secure_url\" content=\"https:\/\/www.jornalja.com.br\/economics\/wp-content\/uploads\/sites\/11\/2026\/08\/ja-folhaderosto-facebook.jpg\" \/>\n\t\t<meta property=\"article:published_time\" content=\"2017-11-28T21:20:52+00:00\" \/>\n\t\t<meta property=\"article:modified_time\" content=\"2017-11-28T21:20:52+00:00\" \/>\n\t\t<meta name=\"twitter:card\" content=\"summary\" \/>\n\t\t<meta name=\"twitter:title\" content=\"Empresa social j\u00e1 empregou 300 refugiados em S\u00e3o Paulo | Arquivo\" \/>\n\t\t<meta name=\"twitter:image\" content=\"https:\/\/www.jornalja.com.br\/economics\/wp-content\/uploads\/sites\/11\/2026\/08\/ja-folhaderosto-facebook.jpg\" \/>\n\t\t<script type=\"application\/ld+json\" class=\"aioseo-schema\">\n\t\t\t{\"@context\":\"https:\\\/\\\/schema.org\",\"@graph\":[{\"@type\":\"BlogPosting\",\"@id\":\"https:\\\/\\\/www.jornalja.com.br\\\/arquivo\\\/empresa-social-ja-empregou-300-refugiados-em-sao-paulo\\\/#blogposting\",\"name\":\"Empresa social j\\u00e1 empregou 300 refugiados em S\\u00e3o Paulo | Arquivo\",\"headline\":\"Empresa social j\\u00e1 empregou 300 refugiados em S\\u00e3o Paulo\",\"author\":{\"@id\":\"https:\\\/\\\/www.jornalja.com.br\\\/arquivo\\\/author\\\/daredacao\\\/#author\"},\"publisher\":{\"@id\":\"https:\\\/\\\/www.jornalja.com.br\\\/arquivo\\\/#organization\"},\"image\":{\"@type\":\"ImageObject\",\"url\":57714},\"datePublished\":\"2017-11-28T18:20:52-02:00\",\"dateModified\":\"2017-11-28T18:20:52-02:00\",\"inLanguage\":\"pt-BR\",\"mainEntityOfPage\":{\"@id\":\"https:\\\/\\\/www.jornalja.com.br\\\/arquivo\\\/empresa-social-ja-empregou-300-refugiados-em-sao-paulo\\\/#webpage\"},\"isPartOf\":{\"@id\":\"https:\\\/\\\/www.jornalja.com.br\\\/arquivo\\\/empresa-social-ja-empregou-300-refugiados-em-sao-paulo\\\/#webpage\"},\"articleSection\":\"Geral\"},{\"@type\":\"BreadcrumbList\",\"@id\":\"https:\\\/\\\/www.jornalja.com.br\\\/arquivo\\\/empresa-social-ja-empregou-300-refugiados-em-sao-paulo\\\/#breadcrumblist\",\"itemListElement\":[{\"@type\":\"ListItem\",\"@id\":\"https:\\\/\\\/www.jornalja.com.br\\\/arquivo#listItem\",\"position\":1,\"name\":\"Home\",\"item\":\"https:\\\/\\\/www.jornalja.com.br\\\/arquivo\",\"nextItem\":{\"@type\":\"ListItem\",\"@id\":\"https:\\\/\\\/www.jornalja.com.br\\\/arquivo\\\/category\\\/geral\\\/#listItem\",\"name\":\"Geral\"}},{\"@type\":\"ListItem\",\"@id\":\"https:\\\/\\\/www.jornalja.com.br\\\/arquivo\\\/category\\\/geral\\\/#listItem\",\"position\":2,\"name\":\"Geral\",\"item\":\"https:\\\/\\\/www.jornalja.com.br\\\/arquivo\\\/category\\\/geral\\\/\",\"nextItem\":{\"@type\":\"ListItem\",\"@id\":\"https:\\\/\\\/www.jornalja.com.br\\\/arquivo\\\/empresa-social-ja-empregou-300-refugiados-em-sao-paulo\\\/#listItem\",\"name\":\"Empresa social j\\u00e1 empregou 300 refugiados em S\\u00e3o Paulo\"},\"previousItem\":{\"@type\":\"ListItem\",\"@id\":\"https:\\\/\\\/www.jornalja.com.br\\\/arquivo#listItem\",\"name\":\"Home\"}},{\"@type\":\"ListItem\",\"@id\":\"https:\\\/\\\/www.jornalja.com.br\\\/arquivo\\\/empresa-social-ja-empregou-300-refugiados-em-sao-paulo\\\/#listItem\",\"position\":3,\"name\":\"Empresa social j\\u00e1 empregou 300 refugiados em S\\u00e3o Paulo\",\"previousItem\":{\"@type\":\"ListItem\",\"@id\":\"https:\\\/\\\/www.jornalja.com.br\\\/arquivo\\\/category\\\/geral\\\/#listItem\",\"name\":\"Geral\"}}]},{\"@type\":\"Organization\",\"@id\":\"https:\\\/\\\/www.jornalja.com.br\\\/arquivo\\\/#organization\",\"name\":\"Jornal J\\u00c1\",\"description\":\"Jornal J\\u00c1 | Porto Alegre\",\"url\":\"https:\\\/\\\/www.jornalja.com.br\\\/arquivo\\\/\",\"telephone\":\"+555133307272\",\"logo\":{\"@type\":\"ImageObject\",\"url\":\"https:\\\/\\\/www.jornalja.com.br\\\/wp-content\\\/uploads\\\/cards\\\/JAslogan.png\",\"@id\":\"https:\\\/\\\/www.jornalja.com.br\\\/arquivo\\\/empresa-social-ja-empregou-300-refugiados-em-sao-paulo\\\/#organizationLogo\"},\"image\":{\"@id\":\"https:\\\/\\\/www.jornalja.com.br\\\/arquivo\\\/empresa-social-ja-empregou-300-refugiados-em-sao-paulo\\\/#organizationLogo\"}},{\"@type\":\"Person\",\"@id\":\"https:\\\/\\\/www.jornalja.com.br\\\/arquivo\\\/author\\\/daredacao\\\/#author\",\"url\":\"https:\\\/\\\/www.jornalja.com.br\\\/arquivo\\\/author\\\/daredacao\\\/\",\"name\":\"da Reda\\u00e7\\u00e3o\",\"image\":{\"@type\":\"ImageObject\",\"@id\":\"https:\\\/\\\/www.jornalja.com.br\\\/arquivo\\\/empresa-social-ja-empregou-300-refugiados-em-sao-paulo\\\/#authorImage\",\"url\":\"https:\\\/\\\/secure.gravatar.com\\\/avatar\\\/469fd857d6605ad19919d27ed29d35a968a25f6e8fd9318356bbb7f57aae9c65?s=96&d=mm&r=g\",\"width\":96,\"height\":96,\"caption\":\"da Reda\\u00e7\\u00e3o\"}},{\"@type\":\"WebPage\",\"@id\":\"https:\\\/\\\/www.jornalja.com.br\\\/arquivo\\\/empresa-social-ja-empregou-300-refugiados-em-sao-paulo\\\/#webpage\",\"url\":\"https:\\\/\\\/www.jornalja.com.br\\\/arquivo\\\/empresa-social-ja-empregou-300-refugiados-em-sao-paulo\\\/\",\"name\":\"Empresa social j\\u00e1 empregou 300 refugiados em S\\u00e3o Paulo | Arquivo\",\"inLanguage\":\"pt-BR\",\"isPartOf\":{\"@id\":\"https:\\\/\\\/www.jornalja.com.br\\\/arquivo\\\/#website\"},\"breadcrumb\":{\"@id\":\"https:\\\/\\\/www.jornalja.com.br\\\/arquivo\\\/empresa-social-ja-empregou-300-refugiados-em-sao-paulo\\\/#breadcrumblist\"},\"author\":{\"@id\":\"https:\\\/\\\/www.jornalja.com.br\\\/arquivo\\\/author\\\/daredacao\\\/#author\"},\"creator\":{\"@id\":\"https:\\\/\\\/www.jornalja.com.br\\\/arquivo\\\/author\\\/daredacao\\\/#author\"},\"image\":{\"@type\":\"ImageObject\",\"url\":57714,\"@id\":\"https:\\\/\\\/www.jornalja.com.br\\\/arquivo\\\/empresa-social-ja-empregou-300-refugiados-em-sao-paulo\\\/#mainImage\"},\"primaryImageOfPage\":{\"@id\":\"https:\\\/\\\/www.jornalja.com.br\\\/arquivo\\\/empresa-social-ja-empregou-300-refugiados-em-sao-paulo\\\/#mainImage\"},\"datePublished\":\"2017-11-28T18:20:52-02:00\",\"dateModified\":\"2017-11-28T18:20:52-02:00\"},{\"@type\":\"WebSite\",\"@id\":\"https:\\\/\\\/www.jornalja.com.br\\\/arquivo\\\/#website\",\"url\":\"https:\\\/\\\/www.jornalja.com.br\\\/arquivo\\\/\",\"name\":\"Arquivo\",\"description\":\"Jornal J\\u00c1 | Porto Alegre\",\"inLanguage\":\"pt-BR\",\"publisher\":{\"@id\":\"https:\\\/\\\/www.jornalja.com.br\\\/arquivo\\\/#organization\"}}]}\n\t\t<\/script>\n\t\t<!-- All in One SEO -->\n\n","aioseo_head_json":{"title":"Empresa social j\u00e1 empregou 300 refugiados em S\u00e3o Paulo | Arquivo","description":"","canonical_url":"https:\/\/www.jornalja.com.br\/arquivo\/empresa-social-ja-empregou-300-refugiados-em-sao-paulo\/","robots":"max-image-preview:large","keywords":"","webmasterTools":{"miscellaneous":""},"schema":{"@context":"https:\/\/schema.org","@graph":[{"@type":"BlogPosting","@id":"https:\/\/www.jornalja.com.br\/arquivo\/empresa-social-ja-empregou-300-refugiados-em-sao-paulo\/#blogposting","name":"Empresa social j\u00e1 empregou 300 refugiados em S\u00e3o Paulo | Arquivo","headline":"Empresa social j\u00e1 empregou 300 refugiados em S\u00e3o Paulo","author":{"@id":"https:\/\/www.jornalja.com.br\/arquivo\/author\/daredacao\/#author"},"publisher":{"@id":"https:\/\/www.jornalja.com.br\/arquivo\/#organization"},"image":{"@type":"ImageObject","url":57714},"datePublished":"2017-11-28T18:20:52-02:00","dateModified":"2017-11-28T18:20:52-02:00","inLanguage":"pt-BR","mainEntityOfPage":{"@id":"https:\/\/www.jornalja.com.br\/arquivo\/empresa-social-ja-empregou-300-refugiados-em-sao-paulo\/#webpage"},"isPartOf":{"@id":"https:\/\/www.jornalja.com.br\/arquivo\/empresa-social-ja-empregou-300-refugiados-em-sao-paulo\/#webpage"},"articleSection":"Geral"},{"@type":"BreadcrumbList","@id":"https:\/\/www.jornalja.com.br\/arquivo\/empresa-social-ja-empregou-300-refugiados-em-sao-paulo\/#breadcrumblist","itemListElement":[{"@type":"ListItem","@id":"https:\/\/www.jornalja.com.br\/arquivo#listItem","position":1,"name":"Home","item":"https:\/\/www.jornalja.com.br\/arquivo","nextItem":{"@type":"ListItem","@id":"https:\/\/www.jornalja.com.br\/arquivo\/category\/geral\/#listItem","name":"Geral"}},{"@type":"ListItem","@id":"https:\/\/www.jornalja.com.br\/arquivo\/category\/geral\/#listItem","position":2,"name":"Geral","item":"https:\/\/www.jornalja.com.br\/arquivo\/category\/geral\/","nextItem":{"@type":"ListItem","@id":"https:\/\/www.jornalja.com.br\/arquivo\/empresa-social-ja-empregou-300-refugiados-em-sao-paulo\/#listItem","name":"Empresa social j\u00e1 empregou 300 refugiados em S\u00e3o Paulo"},"previousItem":{"@type":"ListItem","@id":"https:\/\/www.jornalja.com.br\/arquivo#listItem","name":"Home"}},{"@type":"ListItem","@id":"https:\/\/www.jornalja.com.br\/arquivo\/empresa-social-ja-empregou-300-refugiados-em-sao-paulo\/#listItem","position":3,"name":"Empresa social j\u00e1 empregou 300 refugiados em S\u00e3o Paulo","previousItem":{"@type":"ListItem","@id":"https:\/\/www.jornalja.com.br\/arquivo\/category\/geral\/#listItem","name":"Geral"}}]},{"@type":"Organization","@id":"https:\/\/www.jornalja.com.br\/arquivo\/#organization","name":"Jornal J\u00c1","description":"Jornal J\u00c1 | Porto Alegre","url":"https:\/\/www.jornalja.com.br\/arquivo\/","telephone":"+555133307272","logo":{"@type":"ImageObject","url":"https:\/\/www.jornalja.com.br\/wp-content\/uploads\/cards\/JAslogan.png","@id":"https:\/\/www.jornalja.com.br\/arquivo\/empresa-social-ja-empregou-300-refugiados-em-sao-paulo\/#organizationLogo"},"image":{"@id":"https:\/\/www.jornalja.com.br\/arquivo\/empresa-social-ja-empregou-300-refugiados-em-sao-paulo\/#organizationLogo"}},{"@type":"Person","@id":"https:\/\/www.jornalja.com.br\/arquivo\/author\/daredacao\/#author","url":"https:\/\/www.jornalja.com.br\/arquivo\/author\/daredacao\/","name":"da Reda\u00e7\u00e3o","image":{"@type":"ImageObject","@id":"https:\/\/www.jornalja.com.br\/arquivo\/empresa-social-ja-empregou-300-refugiados-em-sao-paulo\/#authorImage","url":"https:\/\/secure.gravatar.com\/avatar\/469fd857d6605ad19919d27ed29d35a968a25f6e8fd9318356bbb7f57aae9c65?s=96&d=mm&r=g","width":96,"height":96,"caption":"da Reda\u00e7\u00e3o"}},{"@type":"WebPage","@id":"https:\/\/www.jornalja.com.br\/arquivo\/empresa-social-ja-empregou-300-refugiados-em-sao-paulo\/#webpage","url":"https:\/\/www.jornalja.com.br\/arquivo\/empresa-social-ja-empregou-300-refugiados-em-sao-paulo\/","name":"Empresa social j\u00e1 empregou 300 refugiados em S\u00e3o Paulo | Arquivo","inLanguage":"pt-BR","isPartOf":{"@id":"https:\/\/www.jornalja.com.br\/arquivo\/#website"},"breadcrumb":{"@id":"https:\/\/www.jornalja.com.br\/arquivo\/empresa-social-ja-empregou-300-refugiados-em-sao-paulo\/#breadcrumblist"},"author":{"@id":"https:\/\/www.jornalja.com.br\/arquivo\/author\/daredacao\/#author"},"creator":{"@id":"https:\/\/www.jornalja.com.br\/arquivo\/author\/daredacao\/#author"},"image":{"@type":"ImageObject","url":57714,"@id":"https:\/\/www.jornalja.com.br\/arquivo\/empresa-social-ja-empregou-300-refugiados-em-sao-paulo\/#mainImage"},"primaryImageOfPage":{"@id":"https:\/\/www.jornalja.com.br\/arquivo\/empresa-social-ja-empregou-300-refugiados-em-sao-paulo\/#mainImage"},"datePublished":"2017-11-28T18:20:52-02:00","dateModified":"2017-11-28T18:20:52-02:00"},{"@type":"WebSite","@id":"https:\/\/www.jornalja.com.br\/arquivo\/#website","url":"https:\/\/www.jornalja.com.br\/arquivo\/","name":"Arquivo","description":"Jornal J\u00c1 | Porto Alegre","inLanguage":"pt-BR","publisher":{"@id":"https:\/\/www.jornalja.com.br\/arquivo\/#organization"}}]},"og:locale":"pt_BR","og:site_name":"Arquivo | Jornal J\u00c1 | Porto Alegre","og:type":"article","og:title":"Empresa social j\u00e1 empregou 300 refugiados em S\u00e3o Paulo | Arquivo","og:url":"https:\/\/www.jornalja.com.br\/arquivo\/empresa-social-ja-empregou-300-refugiados-em-sao-paulo\/","og:image":"https:\/\/www.jornalja.com.br\/economics\/wp-content\/uploads\/sites\/11\/2026\/08\/ja-folhaderosto-facebook.jpg","og:image:secure_url":"https:\/\/www.jornalja.com.br\/economics\/wp-content\/uploads\/sites\/11\/2026\/08\/ja-folhaderosto-facebook.jpg","article:published_time":"2017-11-28T21:20:52+00:00","article:modified_time":"2017-11-28T21:20:52+00:00","twitter:card":"summary","twitter:title":"Empresa social j\u00e1 empregou 300 refugiados em S\u00e3o Paulo | Arquivo","twitter:image":"https:\/\/www.jornalja.com.br\/economics\/wp-content\/uploads\/sites\/11\/2026\/08\/ja-folhaderosto-facebook.jpg"},"aioseo_meta_data":{"post_id":"57711","title":null,"description":null,"keywords":null,"keyphrases":null,"primary_term":null,"canonical_url":null,"og_title":null,"og_description":null,"og_object_type":"default","og_image_type":"default","og_image_url":null,"og_image_width":null,"og_image_height":null,"og_image_custom_url":null,"og_image_custom_fields":null,"og_video":null,"og_custom_url":null,"og_article_section":null,"og_article_tags":null,"twitter_use_og":false,"twitter_card":"default","twitter_image_type":"default","twitter_image_url":null,"twitter_image_custom_url":null,"twitter_image_custom_fields":null,"twitter_title":null,"twitter_description":null,"schema":{"blockGraphs":[],"customGraphs":[],"default":{"data":{"Article":[],"Course":[],"Dataset":[],"FAQPage":[],"Movie":[],"Person":[],"Product":[],"ProductReview":[],"Car":[],"Recipe":[],"Service":[],"SoftwareApplication":[],"WebPage":[]},"graphName":"","isEnabled":true},"graphs":[],"defaultGraph":"","defaultPostTypeGraph":""},"schema_type":null,"schema_type_options":null,"pillar_content":false,"robots_default":true,"robots_noindex":false,"robots_noarchive":false,"robots_nosnippet":false,"robots_nofollow":false,"robots_noimageindex":false,"robots_noodp":false,"robots_notranslate":false,"robots_max_snippet":null,"robots_max_videopreview":null,"robots_max_imagepreview":"large","priority":null,"frequency":null,"location":null,"local_seo":null,"breadcrumb_settings":null,"limit_modified_date":false,"ai":null,"created":"2020-12-20 20:20:45","updated":"2025-07-20 02:39:48","seo_analyzer_scan_date":null,"focus_keyword":null,"additional_keywords":null,"truseo_locale":null},"jetpack_sharing_enabled":true,"jetpack-related-posts":[{"id":13101,"url":"https:\/\/www.jornalja.com.br\/arquivo\/morre-um-guerreiro-do-texto\/","url_meta":{"origin":57711,"position":0},"title":"Morre um guerreiro do texto","author":"Patr\u00edcia Marini","date":"14 de maio de 2014","format":false,"excerpt":"Por Ricardo Kotscho Reproduzido do blog do autor, 11\/5\/2014; t\u00edtulo original \u201cE l\u00e1 se foi o nosso Myltainho, guerreiro do texto\u201d. Mi\u00fado e franzino, meu amigo Myltainho era um valente e inconformado guerreiro na luta contra as injusti\u00e7as sociais, a hipocrisia, as maracutaias, o autoritarismo, a intoler\u00e2ncia, a viol\u00eancia, o\u2026","rel":"","context":"Em &quot;Geral&quot;","block_context":{"text":"Geral","link":"https:\/\/www.jornalja.com.br\/arquivo\/category\/geral\/"},"img":{"alt_text":"","src":"","width":0,"height":0},"classes":[]},{"id":12960,"url":"https:\/\/www.jornalja.com.br\/arquivo\/populacao-culpa-empresas-pela-greve-dos-rodoviarios\/","url_meta":{"origin":57711,"position":1},"title":"Popula\u00e7\u00e3o culpa empresas pela greve","author":"Patr\u00edcia Marini","date":"14 de fevereiro de 2014","format":false,"excerpt":"Pesquisa divulgada na edi\u00e7\u00e3o do jornal Metro desta sexta-feira,14, comprova o velho ditado: \u00e9 poss\u00edvel enganar muitos por algum tempo, mas n\u00e3o \u00e9 poss\u00edvel enganar a todos o tempo inteiro. A principal revela\u00e7\u00e3o foi que 59,8% dos entrevistados apontaram as empresas como as principais respons\u00e1veis pela grave e 46% culparam\u2026","rel":"","context":"Em &quot;X.Categorias velhas&quot;","block_context":{"text":"X.Categorias velhas","link":"https:\/\/www.jornalja.com.br\/arquivo\/category\/x-categorias-velhas\/"},"img":{"alt_text":"","src":"","width":0,"height":0},"classes":[]},{"id":13109,"url":"https:\/\/www.jornalja.com.br\/arquivo\/judiciario-reconhece-poluicao-eletromagnetica\/","url_meta":{"origin":57711,"position":2},"title":"Judici\u00e1rio reconhece polui\u00e7\u00e3o eletromagn\u00e9tica","author":"Patr\u00edcia Marini","date":"16 de maio de 2014","format":false,"excerpt":"A\u00e7\u00e3o de duas associa\u00e7\u00f5es de moradores foi acolhida pelo Tribunal de Justi\u00e7a de S\u00e3o Paulo que. em decis\u00e3o in\u00e9dita, determinou a redu\u00e7\u00e3o do campo eletromagn\u00e9tico gerado pelas linhas de transmiss\u00e3o de energia que cortam os bairros City Boa\u00e7ava e Alto de Pinheiros. \u00c9 a primeira vez que um tribunal do\u2026","rel":"","context":"Em &quot;X.Categorias velhas&quot;","block_context":{"text":"X.Categorias velhas","link":"https:\/\/www.jornalja.com.br\/arquivo\/category\/x-categorias-velhas\/"},"img":{"alt_text":"","src":"","width":0,"height":0},"classes":[]},{"id":13124,"url":"https:\/\/www.jornalja.com.br\/arquivo\/sangue-latino-no-iecine\/","url_meta":{"origin":57711,"position":3},"title":"Sangue latino no IECINE","author":"da Reda\u00e7\u00e3o","date":"18 de maio de 2014","format":false,"excerpt":"Francisco Ribeiro O Instituto Estadual de Cinema (IECINE) tem a frente, desde abril \u00faltimo, um novo diretor, o cineasta colombiano Juan Zapata, 36, que substitui Luiz Alberto Cassol. Radicado h\u00e1 dez anos em Porto Alegre, Zapata tem diante de si o desafio de conduzir at\u00e9 o final do ano um\u2026","rel":"","context":"Em &quot;Cultura-Geral&quot;","block_context":{"text":"Cultura-Geral","link":"https:\/\/www.jornalja.com.br\/arquivo\/category\/materiasecundaria\/"},"img":{"alt_text":"","src":"","width":0,"height":0},"classes":[]},{"id":5440,"url":"https:\/\/www.jornalja.com.br\/arquivo\/casarao-da-venancio-destino-permanece-incerto\/","url_meta":{"origin":57711,"position":4},"title":"Estado ainda n\u00e3o sabe o que fazer com casar\u00e3o abandonado h\u00e1 20 anos","author":"Elmar Bones","date":"6 de julho de 2009","format":false,"excerpt":"O casar\u00e3o amarelo, numa esquina nobre de Porto Alegre (Ven\u00e2ncio Aires com Jo\u00e3o Pessoa), j\u00e1 abrigou uma escola. H\u00e1 duas d\u00e9cadas, pelo menos, est\u00e1 abandonado, porque seu propriet\u00e1rio, o governo do Estado do Rio Grande do Sul, n\u00e3o consegue achar um destino para ele. Planos n\u00e3o faltaram. O governador Ol\u00edvio\u2026","rel":"","context":"Em &quot;X.Categorias velhas&quot;","block_context":{"text":"X.Categorias velhas","link":"https:\/\/www.jornalja.com.br\/arquivo\/category\/x-categorias-velhas\/"},"img":{"alt_text":"geraldo1","src":"https:\/\/i0.wp.com\/www.jornalja.com.br\/wp-content\/uploads\/2009\/07\/geraldo1.jpg?resize=350%2C200&ssl=1","width":350,"height":200},"classes":[]},{"id":13240,"url":"https:\/\/www.jornalja.com.br\/arquivo\/plano-diretor-estamos-construindo-o-caos\/","url_meta":{"origin":57711,"position":5},"title":"Plano diretor: &quot;Estamos construindo o caos&quot;","author":"Patr\u00edcia Marini","date":"26 de maio de 2014","format":false,"excerpt":"Desabafo que arquiteta Eliana Castilhos, delegada da Regi\u00e3o de Planejamento 1, postou nas redes sociais \u00e9 um testemunho do ambiente que se criou no Conselho do Plano Diretor de Porto Alegre, onde a aprova\u00e7\u00e3o de grandes empreendimentos \u00e9 empurrada guela abaixo dos conselheiros. Ao CMDUA Como delegada da Regi\u00e3o de\u2026","rel":"","context":"Em &quot;Geral&quot;","block_context":{"text":"Geral","link":"https:\/\/www.jornalja.com.br\/arquivo\/category\/geral\/"},"img":{"alt_text":"","src":"","width":0,"height":0},"classes":[]}],"jetpack_shortlink":"https:\/\/wp.me\/pbQjBd-f0P","jetpack_featured_media_url":"","_links":{"self":[{"href":"https:\/\/www.jornalja.com.br\/arquivo\/wp-json\/wp\/v2\/posts\/57711","targetHints":{"allow":["GET"]}}],"collection":[{"href":"https:\/\/www.jornalja.com.br\/arquivo\/wp-json\/wp\/v2\/posts"}],"about":[{"href":"https:\/\/www.jornalja.com.br\/arquivo\/wp-json\/wp\/v2\/types\/post"}],"author":[{"embeddable":true,"href":"https:\/\/www.jornalja.com.br\/arquivo\/wp-json\/wp\/v2\/users\/4"}],"replies":[{"embeddable":true,"href":"https:\/\/www.jornalja.com.br\/arquivo\/wp-json\/wp\/v2\/comments?post=57711"}],"version-history":[{"count":0,"href":"https:\/\/www.jornalja.com.br\/arquivo\/wp-json\/wp\/v2\/posts\/57711\/revisions"}],"wp:attachment":[{"href":"https:\/\/www.jornalja.com.br\/arquivo\/wp-json\/wp\/v2\/media?parent=57711"}],"wp:term":[{"taxonomy":"category","embeddable":true,"href":"https:\/\/www.jornalja.com.br\/arquivo\/wp-json\/wp\/v2\/categories?post=57711"},{"taxonomy":"post_tag","embeddable":true,"href":"https:\/\/www.jornalja.com.br\/arquivo\/wp-json\/wp\/v2\/tags?post=57711"}],"curies":[{"name":"wp","href":"https:\/\/api.w.org\/{rel}","templated":true}]}}