{"id":57746,"date":"2017-11-29T14:46:13","date_gmt":"2017-11-29T17:46:13","guid":{"rendered":"https:\/\/www.jornalja.com.br\/?p=57746"},"modified":"2017-11-29T14:46:13","modified_gmt":"2017-11-29T17:46:13","slug":"jornal-ja-vence-premio-do-ministerio-publico-na-categoria-web","status":"publish","type":"post","link":"https:\/\/www.jornalja.com.br\/arquivo\/jornal-ja-vence-premio-do-ministerio-publico-na-categoria-web\/","title":{"rendered":"Jornal J\u00c1 vence pr\u00eamio do Minist\u00e9rio P\u00fablico na categoria web"},"content":{"rendered":"<p>O Jornal J\u00c1 ganhou o primeiro lugar na categoria Web do Pr\u00eamio Jornalismo do Minist\u00e9rio P\u00fablico 2017, com a s\u00e9rie de reportagens \u201cPatrim\u00f4nio Amea\u00e7ado\u201d sobre a Funda\u00e7\u00e3o Zoobot\u00e2nica do Rio Grande do Sul, feita pelo jornalista Cleber Dioni Tentardini.<br \/>\nA<a href=\"https:\/\/www.jornalja.com.br\/patrimonio\/\">\u00a0s\u00e9rie tem mais de\u00a040 reportagens e 350 fotos e ilustra\u00e7\u00f5es\u00a0<\/a>e traz uma vis\u00e3o ampla das tr\u00eas institui\u00e7\u00f5es que est\u00e3o vinculadas \u00e0 FZB, destacando o trabalho realizado no Jardim Bot\u00e2nico, Museu de Ci\u00eancias Naturais e Parque Zool\u00f3gico e os preju\u00edzos para o Estado frente ao desmonte de uma estrutura de conserva\u00e7\u00e3o do meio ambiente, fundamental para a pesquisa cient\u00edfica e a conserva\u00e7\u00e3o da biodiversidade rio-grandense.<br \/>\nO pr\u00eamio do MP\/RS \u00e9 a segunda distin\u00e7\u00e3o da S\u00e9rie Patrim\u00f4nio Amea\u00e7ado. Em outubro, o jornalista Cleber Dioni foi 2\u00ba lugar no <a href=\"https:\/\/www.jornalja.com.br\/jornal-ja-ganha-dois-premios-jose-lutzenberger-de-jornalismo-ambiental\/\">4\u00ba Pr\u00eamio Jos\u00e9 Lutzenberger <\/a>de Jornalismo Ambiental na categoria webjornalismo.<br \/>\nA comiss\u00e3o julgadora do Pr\u00eamio Jornalismo do Minist\u00e9rio P\u00fablico analisou 91 trabalhos inscritos e definiu as mat\u00e9rias jornal\u00edsticas ganhadoras do pr\u00eamio em 2017.<br \/>\nA premia\u00e7\u00e3o ser\u00e1 entregue no dia 12 de dezembro, \u00e0s 9h30min, no Pal\u00e1cio do Minist\u00e9rio P\u00fablico, na Pra\u00e7a da Matriz, Centro da Capital.<br \/>\nO pr\u00eamio promovido pela Institui\u00e7\u00e3o tem, ainda, apoio do Sindicato dos Jornalistas Profissionais do RS e da Associa\u00e7\u00e3o Riograndense de Imprensa (ARI).<br \/>\n<span class=\"intertit\">Lista de ganhadores<\/span><br \/>\n<strong>Categoria Web<\/strong><br \/>\nNa categoria Web, o vencedor foi o jornalista Cleber Dioni Tentardini, do Jornal J\u00c1, com a s\u00e9rie de reportagens \u201cPatrim\u00f4nio amea\u00e7ado\u201d, sobre a extin\u00e7\u00e3o da Funda\u00e7\u00e3o Zoobot\u00e2nica.<br \/>\n<strong>Categoria Impressa<\/strong><br \/>\nA categoria Impressa foi conquistada pela mat\u00e9ria \u201cAnimais silvestres ser\u00e3o protegidos na Rota do Sol\u201d, de autoria da jornalista Carine Kr\u00fcger, publicada no Jornal Nova Gera\u00e7\u00e3o, de Estrela. O segundo lugar ficou com a mat\u00e9ria \u201cConcursos fraudados se espraiam pelo RS\u201d, dos jornalistas Humberto Trezzi e F\u00e1bio Almeida, publicada no jornal Zero Hora.<br \/>\n<strong>Categoria TV<\/strong><br \/>\nNa categoria TV, venceu a s\u00e9rie de reportagens \u201cFraude nos concursos &#8211; MP faz blindagem em concursos p\u00fablicos para evitar fraudes no RS\u201d, de autoria do jornalista F\u00e1bio Almeida e equipe, exibida na RBSTV. A segunda coloca\u00e7\u00e3o na categoria ficou com a s\u00e9rie de reportagens \u201cFilhos do c\u00e1rcere: Minist\u00e9rio P\u00fablico cobra a constru\u00e7\u00e3o de pres\u00eddio feminino, enquanto filhos s\u00e3o separados das m\u00e3es por falta de infraestrutura adequada\u201d, da jornalista Dulci Sachetti e equipe, veiculada na RBSTV Passo Fundo e Porto Alegre.<br \/>\n<strong>Categoria R\u00e1dio<\/strong><br \/>\nJ\u00e1 na categoria R\u00e1dio, venceu a reportagem \u201cOpera\u00e7\u00e3o Pulso Firme\u201d, de autoria dos jornalistas Cid Martins e Eduardo Matos, da R\u00e1dio Ga\u00facha, narrando a transfer\u00eancia de l\u00edderes de fac\u00e7\u00f5es para pres\u00eddios federais. Em segundo lugar foi escolhida a reportagem \u201cS\u00e9rie Hist\u00f3rias invis\u00edveis: os desafios de quem vive nas ruas de Porto Alegre\u201d, dos jornalistas Daiane Vivatti e Gabriel Jacobsen, da R\u00e1dio Gua\u00edba.<br \/>\n<strong>Categoria Fotografia<\/strong><br \/>\nA categoria Fotografia, o vencedor foi o fot\u00f3grafo Frederico Sehn, do Jornal Nova Gera\u00e7\u00e3o, de Estrela, sobre a prote\u00e7\u00e3o de animais silvestres que habitam a mata \u00e0s margens da Rota do Sol. O segundo lugar foi conquistado pelo fot\u00f3grafo do Di\u00e1rio Ga\u00facho Mateus Bruxel com a reportagem sobre a investiga\u00e7\u00e3o do Minist\u00e9rio P\u00fablico da a\u00e7\u00e3o que destruiu casas de moradores da Ilha do Pav\u00e3o.<br \/>\n<strong>Categoria Especial<\/strong><br \/>\nNa categoria Pr\u00eamio Especial \u2013 destacando a atua\u00e7\u00e3o do MP na \u00e1rea da seguran\u00e7a p\u00fablica \u2013 a vencedora foi a jornalista Cristiane Maiara Luza, do jornal Folha do Noroeste, de Frederico Westphalen, com a reportagem \u201cComiss\u00e3o pr\u00f3-seguran\u00e7a elenca medidas para conter avan\u00e7o da criminalidade na regi\u00e3o\u201d. Esta categoria ter\u00e1 gravado no trof\u00e9u oferecido pelo MP o nome de Ricardo Grecell\u00e9, jornalista falecido em novembro de 2016.<br \/>\n<strong>Categoria Universit\u00e1ria<\/strong><br \/>\nO Pr\u00eamio Jornalismo tamb\u00e9m conta neste ano com a categoria \u201cReportagem universit\u00e1ria\u201d (1\u00ba e 2\u00ba lugar), dedicada a estudantes de jornalismo de universidades reconhecidas pelo Minist\u00e9rio da Educa\u00e7\u00e3o. Os estudantes da Uniritter Aline Eberhardt, Alberi Neto e Ariadne Kramer foram os vencedores com a reportagem \u201cDegrada\u00e7\u00e3o e descaso: a trajet\u00f3ria do Rio dos Sinos\u201d, publicada no blog de Jornalismo Ambiental da universidade. J\u00e1 o segundo lugar ficou com os estudantes Gabriela Gon\u00e7alves Santos, Guilherme Engelke e D\u00e9bora Vaszelewski, da Unisinos, que elaboraram a reportagem \u201cFilhos do sistema\u201d, publicada na plataforma Medium. Todos os estudantes v\u00e3o receber certificados pela participa\u00e7\u00e3o no Pr\u00eamio Jornalismo 2017.<br \/>\n&nbsp;<\/p>\n","protected":false},"excerpt":{"rendered":"<p>O Jornal J\u00c1 ganhou o primeiro lugar na categoria Web do Pr\u00eamio Jornalismo do Minist\u00e9rio P\u00fablico 2017, com a s\u00e9rie de reportagens \u201cPatrim\u00f4nio Amea\u00e7ado\u201d sobre a Funda\u00e7\u00e3o Zoobot\u00e2nica do Rio Grande do Sul, feita pelo jornalista Cleber Dioni Tentardini. A\u00a0s\u00e9rie tem mais de\u00a040 reportagens e 350 fotos e ilustra\u00e7\u00f5es\u00a0e traz uma vis\u00e3o ampla das tr\u00eas [&hellip;]<\/p>\n","protected":false},"author":4,"featured_media":57747,"comment_status":"open","ping_status":"closed","sticky":false,"template":"","format":"standard","meta":{"_jetpack_newsletter_access":"","_jetpack_dont_email_post_to_subs":false,"_jetpack_newsletter_tier_id":0,"_jetpack_memberships_contains_paywalled_content":false,"_jetpack_feature_clip_id":0,"_jetpack_memberships_contains_paid_content":false,"footnotes":"","jetpack_post_was_ever_published":false},"categories":[26],"tags":[],"class_list":["post-57746","post","type-post","status-publish","format-standard","has-post-thumbnail","hentry","category-geral"],"aioseo_notices":[],"aioseo_head":"\n\t\t<!-- All in One SEO 5.0.1.1 - aioseo.com -->\n\t<meta name=\"robots\" content=\"max-image-preview:large\" \/>\n\t<meta name=\"author\" content=\"da Reda\u00e7\u00e3o\"\/>\n\t<link rel=\"canonical\" href=\"https:\/\/www.jornalja.com.br\/arquivo\/jornal-ja-vence-premio-do-ministerio-publico-na-categoria-web\/\" \/>\n\t<meta name=\"generator\" content=\"All in One SEO (AIOSEO) 5.0.1.1\" \/>\n\t\t<meta property=\"og:locale\" content=\"pt_BR\" \/>\n\t\t<meta property=\"og:site_name\" content=\"Arquivo | Jornal J\u00c1 | Porto Alegre\" \/>\n\t\t<meta property=\"og:type\" content=\"article\" \/>\n\t\t<meta property=\"og:title\" content=\"Jornal J\u00c1 vence pr\u00eamio do Minist\u00e9rio P\u00fablico na categoria web | Arquivo\" \/>\n\t\t<meta property=\"og:url\" content=\"https:\/\/www.jornalja.com.br\/arquivo\/jornal-ja-vence-premio-do-ministerio-publico-na-categoria-web\/\" \/>\n\t\t<meta property=\"og:image\" content=\"https:\/\/www.jornalja.com.br\/economics\/wp-content\/uploads\/sites\/11\/2026\/08\/ja-folhaderosto-facebook.jpg\" \/>\n\t\t<meta property=\"og:image:secure_url\" content=\"https:\/\/www.jornalja.com.br\/economics\/wp-content\/uploads\/sites\/11\/2026\/08\/ja-folhaderosto-facebook.jpg\" \/>\n\t\t<meta property=\"article:published_time\" content=\"2017-11-29T17:46:13+00:00\" \/>\n\t\t<meta property=\"article:modified_time\" content=\"2017-11-29T17:46:13+00:00\" \/>\n\t\t<meta name=\"twitter:card\" content=\"summary\" \/>\n\t\t<meta name=\"twitter:title\" content=\"Jornal J\u00c1 vence pr\u00eamio do Minist\u00e9rio P\u00fablico na categoria web | Arquivo\" \/>\n\t\t<meta name=\"twitter:image\" content=\"https:\/\/www.jornalja.com.br\/economics\/wp-content\/uploads\/sites\/11\/2026\/08\/ja-folhaderosto-facebook.jpg\" \/>\n\t\t<script type=\"application\/ld+json\" class=\"aioseo-schema\">\n\t\t\t{\"@context\":\"https:\\\/\\\/schema.org\",\"@graph\":[{\"@type\":\"BlogPosting\",\"@id\":\"https:\\\/\\\/www.jornalja.com.br\\\/arquivo\\\/jornal-ja-vence-premio-do-ministerio-publico-na-categoria-web\\\/#blogposting\",\"name\":\"Jornal J\\u00c1 vence pr\\u00eamio do Minist\\u00e9rio P\\u00fablico na categoria web | Arquivo\",\"headline\":\"Jornal J\\u00c1 vence pr\\u00eamio do Minist\\u00e9rio P\\u00fablico na categoria web\",\"author\":{\"@id\":\"https:\\\/\\\/www.jornalja.com.br\\\/arquivo\\\/author\\\/daredacao\\\/#author\"},\"publisher\":{\"@id\":\"https:\\\/\\\/www.jornalja.com.br\\\/arquivo\\\/#organization\"},\"image\":{\"@type\":\"ImageObject\",\"url\":57747},\"datePublished\":\"2017-11-29T14:46:13-02:00\",\"dateModified\":\"2017-11-29T14:46:13-02:00\",\"inLanguage\":\"pt-BR\",\"mainEntityOfPage\":{\"@id\":\"https:\\\/\\\/www.jornalja.com.br\\\/arquivo\\\/jornal-ja-vence-premio-do-ministerio-publico-na-categoria-web\\\/#webpage\"},\"isPartOf\":{\"@id\":\"https:\\\/\\\/www.jornalja.com.br\\\/arquivo\\\/jornal-ja-vence-premio-do-ministerio-publico-na-categoria-web\\\/#webpage\"},\"articleSection\":\"Geral\"},{\"@type\":\"BreadcrumbList\",\"@id\":\"https:\\\/\\\/www.jornalja.com.br\\\/arquivo\\\/jornal-ja-vence-premio-do-ministerio-publico-na-categoria-web\\\/#breadcrumblist\",\"itemListElement\":[{\"@type\":\"ListItem\",\"@id\":\"https:\\\/\\\/www.jornalja.com.br\\\/arquivo#listItem\",\"position\":1,\"name\":\"Home\",\"item\":\"https:\\\/\\\/www.jornalja.com.br\\\/arquivo\",\"nextItem\":{\"@type\":\"ListItem\",\"@id\":\"https:\\\/\\\/www.jornalja.com.br\\\/arquivo\\\/category\\\/geral\\\/#listItem\",\"name\":\"Geral\"}},{\"@type\":\"ListItem\",\"@id\":\"https:\\\/\\\/www.jornalja.com.br\\\/arquivo\\\/category\\\/geral\\\/#listItem\",\"position\":2,\"name\":\"Geral\",\"item\":\"https:\\\/\\\/www.jornalja.com.br\\\/arquivo\\\/category\\\/geral\\\/\",\"nextItem\":{\"@type\":\"ListItem\",\"@id\":\"https:\\\/\\\/www.jornalja.com.br\\\/arquivo\\\/jornal-ja-vence-premio-do-ministerio-publico-na-categoria-web\\\/#listItem\",\"name\":\"Jornal J\\u00c1 vence pr\\u00eamio do Minist\\u00e9rio P\\u00fablico na categoria web\"},\"previousItem\":{\"@type\":\"ListItem\",\"@id\":\"https:\\\/\\\/www.jornalja.com.br\\\/arquivo#listItem\",\"name\":\"Home\"}},{\"@type\":\"ListItem\",\"@id\":\"https:\\\/\\\/www.jornalja.com.br\\\/arquivo\\\/jornal-ja-vence-premio-do-ministerio-publico-na-categoria-web\\\/#listItem\",\"position\":3,\"name\":\"Jornal J\\u00c1 vence pr\\u00eamio do Minist\\u00e9rio P\\u00fablico na categoria web\",\"previousItem\":{\"@type\":\"ListItem\",\"@id\":\"https:\\\/\\\/www.jornalja.com.br\\\/arquivo\\\/category\\\/geral\\\/#listItem\",\"name\":\"Geral\"}}]},{\"@type\":\"Organization\",\"@id\":\"https:\\\/\\\/www.jornalja.com.br\\\/arquivo\\\/#organization\",\"name\":\"Jornal J\\u00c1\",\"description\":\"Jornal J\\u00c1 | Porto Alegre\",\"url\":\"https:\\\/\\\/www.jornalja.com.br\\\/arquivo\\\/\",\"telephone\":\"+555133307272\",\"logo\":{\"@type\":\"ImageObject\",\"url\":\"https:\\\/\\\/www.jornalja.com.br\\\/wp-content\\\/uploads\\\/cards\\\/JAslogan.png\",\"@id\":\"https:\\\/\\\/www.jornalja.com.br\\\/arquivo\\\/jornal-ja-vence-premio-do-ministerio-publico-na-categoria-web\\\/#organizationLogo\"},\"image\":{\"@id\":\"https:\\\/\\\/www.jornalja.com.br\\\/arquivo\\\/jornal-ja-vence-premio-do-ministerio-publico-na-categoria-web\\\/#organizationLogo\"}},{\"@type\":\"Person\",\"@id\":\"https:\\\/\\\/www.jornalja.com.br\\\/arquivo\\\/author\\\/daredacao\\\/#author\",\"url\":\"https:\\\/\\\/www.jornalja.com.br\\\/arquivo\\\/author\\\/daredacao\\\/\",\"name\":\"da Reda\\u00e7\\u00e3o\",\"image\":{\"@type\":\"ImageObject\",\"@id\":\"https:\\\/\\\/www.jornalja.com.br\\\/arquivo\\\/jornal-ja-vence-premio-do-ministerio-publico-na-categoria-web\\\/#authorImage\",\"url\":\"https:\\\/\\\/secure.gravatar.com\\\/avatar\\\/469fd857d6605ad19919d27ed29d35a968a25f6e8fd9318356bbb7f57aae9c65?s=96&d=mm&r=g\",\"width\":96,\"height\":96,\"caption\":\"da Reda\\u00e7\\u00e3o\"}},{\"@type\":\"WebPage\",\"@id\":\"https:\\\/\\\/www.jornalja.com.br\\\/arquivo\\\/jornal-ja-vence-premio-do-ministerio-publico-na-categoria-web\\\/#webpage\",\"url\":\"https:\\\/\\\/www.jornalja.com.br\\\/arquivo\\\/jornal-ja-vence-premio-do-ministerio-publico-na-categoria-web\\\/\",\"name\":\"Jornal J\\u00c1 vence pr\\u00eamio do Minist\\u00e9rio P\\u00fablico na categoria web | Arquivo\",\"inLanguage\":\"pt-BR\",\"isPartOf\":{\"@id\":\"https:\\\/\\\/www.jornalja.com.br\\\/arquivo\\\/#website\"},\"breadcrumb\":{\"@id\":\"https:\\\/\\\/www.jornalja.com.br\\\/arquivo\\\/jornal-ja-vence-premio-do-ministerio-publico-na-categoria-web\\\/#breadcrumblist\"},\"author\":{\"@id\":\"https:\\\/\\\/www.jornalja.com.br\\\/arquivo\\\/author\\\/daredacao\\\/#author\"},\"creator\":{\"@id\":\"https:\\\/\\\/www.jornalja.com.br\\\/arquivo\\\/author\\\/daredacao\\\/#author\"},\"image\":{\"@type\":\"ImageObject\",\"url\":57747,\"@id\":\"https:\\\/\\\/www.jornalja.com.br\\\/arquivo\\\/jornal-ja-vence-premio-do-ministerio-publico-na-categoria-web\\\/#mainImage\"},\"primaryImageOfPage\":{\"@id\":\"https:\\\/\\\/www.jornalja.com.br\\\/arquivo\\\/jornal-ja-vence-premio-do-ministerio-publico-na-categoria-web\\\/#mainImage\"},\"datePublished\":\"2017-11-29T14:46:13-02:00\",\"dateModified\":\"2017-11-29T14:46:13-02:00\"},{\"@type\":\"WebSite\",\"@id\":\"https:\\\/\\\/www.jornalja.com.br\\\/arquivo\\\/#website\",\"url\":\"https:\\\/\\\/www.jornalja.com.br\\\/arquivo\\\/\",\"name\":\"Arquivo\",\"description\":\"Jornal J\\u00c1 | Porto Alegre\",\"inLanguage\":\"pt-BR\",\"publisher\":{\"@id\":\"https:\\\/\\\/www.jornalja.com.br\\\/arquivo\\\/#organization\"}}]}\n\t\t<\/script>\n\t\t<!-- All in One SEO -->\n\n","aioseo_head_json":{"title":"Jornal J\u00c1 vence pr\u00eamio do Minist\u00e9rio P\u00fablico na categoria web | Arquivo","description":"","canonical_url":"https:\/\/www.jornalja.com.br\/arquivo\/jornal-ja-vence-premio-do-ministerio-publico-na-categoria-web\/","robots":"max-image-preview:large","keywords":"","webmasterTools":{"miscellaneous":""},"schema":{"@context":"https:\/\/schema.org","@graph":[{"@type":"BlogPosting","@id":"https:\/\/www.jornalja.com.br\/arquivo\/jornal-ja-vence-premio-do-ministerio-publico-na-categoria-web\/#blogposting","name":"Jornal J\u00c1 vence pr\u00eamio do Minist\u00e9rio P\u00fablico na categoria web | Arquivo","headline":"Jornal J\u00c1 vence pr\u00eamio do Minist\u00e9rio P\u00fablico na categoria web","author":{"@id":"https:\/\/www.jornalja.com.br\/arquivo\/author\/daredacao\/#author"},"publisher":{"@id":"https:\/\/www.jornalja.com.br\/arquivo\/#organization"},"image":{"@type":"ImageObject","url":57747},"datePublished":"2017-11-29T14:46:13-02:00","dateModified":"2017-11-29T14:46:13-02:00","inLanguage":"pt-BR","mainEntityOfPage":{"@id":"https:\/\/www.jornalja.com.br\/arquivo\/jornal-ja-vence-premio-do-ministerio-publico-na-categoria-web\/#webpage"},"isPartOf":{"@id":"https:\/\/www.jornalja.com.br\/arquivo\/jornal-ja-vence-premio-do-ministerio-publico-na-categoria-web\/#webpage"},"articleSection":"Geral"},{"@type":"BreadcrumbList","@id":"https:\/\/www.jornalja.com.br\/arquivo\/jornal-ja-vence-premio-do-ministerio-publico-na-categoria-web\/#breadcrumblist","itemListElement":[{"@type":"ListItem","@id":"https:\/\/www.jornalja.com.br\/arquivo#listItem","position":1,"name":"Home","item":"https:\/\/www.jornalja.com.br\/arquivo","nextItem":{"@type":"ListItem","@id":"https:\/\/www.jornalja.com.br\/arquivo\/category\/geral\/#listItem","name":"Geral"}},{"@type":"ListItem","@id":"https:\/\/www.jornalja.com.br\/arquivo\/category\/geral\/#listItem","position":2,"name":"Geral","item":"https:\/\/www.jornalja.com.br\/arquivo\/category\/geral\/","nextItem":{"@type":"ListItem","@id":"https:\/\/www.jornalja.com.br\/arquivo\/jornal-ja-vence-premio-do-ministerio-publico-na-categoria-web\/#listItem","name":"Jornal J\u00c1 vence pr\u00eamio do Minist\u00e9rio P\u00fablico na categoria web"},"previousItem":{"@type":"ListItem","@id":"https:\/\/www.jornalja.com.br\/arquivo#listItem","name":"Home"}},{"@type":"ListItem","@id":"https:\/\/www.jornalja.com.br\/arquivo\/jornal-ja-vence-premio-do-ministerio-publico-na-categoria-web\/#listItem","position":3,"name":"Jornal J\u00c1 vence pr\u00eamio do Minist\u00e9rio P\u00fablico na categoria web","previousItem":{"@type":"ListItem","@id":"https:\/\/www.jornalja.com.br\/arquivo\/category\/geral\/#listItem","name":"Geral"}}]},{"@type":"Organization","@id":"https:\/\/www.jornalja.com.br\/arquivo\/#organization","name":"Jornal J\u00c1","description":"Jornal J\u00c1 | Porto Alegre","url":"https:\/\/www.jornalja.com.br\/arquivo\/","telephone":"+555133307272","logo":{"@type":"ImageObject","url":"https:\/\/www.jornalja.com.br\/wp-content\/uploads\/cards\/JAslogan.png","@id":"https:\/\/www.jornalja.com.br\/arquivo\/jornal-ja-vence-premio-do-ministerio-publico-na-categoria-web\/#organizationLogo"},"image":{"@id":"https:\/\/www.jornalja.com.br\/arquivo\/jornal-ja-vence-premio-do-ministerio-publico-na-categoria-web\/#organizationLogo"}},{"@type":"Person","@id":"https:\/\/www.jornalja.com.br\/arquivo\/author\/daredacao\/#author","url":"https:\/\/www.jornalja.com.br\/arquivo\/author\/daredacao\/","name":"da Reda\u00e7\u00e3o","image":{"@type":"ImageObject","@id":"https:\/\/www.jornalja.com.br\/arquivo\/jornal-ja-vence-premio-do-ministerio-publico-na-categoria-web\/#authorImage","url":"https:\/\/secure.gravatar.com\/avatar\/469fd857d6605ad19919d27ed29d35a968a25f6e8fd9318356bbb7f57aae9c65?s=96&d=mm&r=g","width":96,"height":96,"caption":"da Reda\u00e7\u00e3o"}},{"@type":"WebPage","@id":"https:\/\/www.jornalja.com.br\/arquivo\/jornal-ja-vence-premio-do-ministerio-publico-na-categoria-web\/#webpage","url":"https:\/\/www.jornalja.com.br\/arquivo\/jornal-ja-vence-premio-do-ministerio-publico-na-categoria-web\/","name":"Jornal J\u00c1 vence pr\u00eamio do Minist\u00e9rio P\u00fablico na categoria web | Arquivo","inLanguage":"pt-BR","isPartOf":{"@id":"https:\/\/www.jornalja.com.br\/arquivo\/#website"},"breadcrumb":{"@id":"https:\/\/www.jornalja.com.br\/arquivo\/jornal-ja-vence-premio-do-ministerio-publico-na-categoria-web\/#breadcrumblist"},"author":{"@id":"https:\/\/www.jornalja.com.br\/arquivo\/author\/daredacao\/#author"},"creator":{"@id":"https:\/\/www.jornalja.com.br\/arquivo\/author\/daredacao\/#author"},"image":{"@type":"ImageObject","url":57747,"@id":"https:\/\/www.jornalja.com.br\/arquivo\/jornal-ja-vence-premio-do-ministerio-publico-na-categoria-web\/#mainImage"},"primaryImageOfPage":{"@id":"https:\/\/www.jornalja.com.br\/arquivo\/jornal-ja-vence-premio-do-ministerio-publico-na-categoria-web\/#mainImage"},"datePublished":"2017-11-29T14:46:13-02:00","dateModified":"2017-11-29T14:46:13-02:00"},{"@type":"WebSite","@id":"https:\/\/www.jornalja.com.br\/arquivo\/#website","url":"https:\/\/www.jornalja.com.br\/arquivo\/","name":"Arquivo","description":"Jornal J\u00c1 | Porto Alegre","inLanguage":"pt-BR","publisher":{"@id":"https:\/\/www.jornalja.com.br\/arquivo\/#organization"}}]},"og:locale":"pt_BR","og:site_name":"Arquivo | Jornal J\u00c1 | Porto Alegre","og:type":"article","og:title":"Jornal J\u00c1 vence pr\u00eamio do Minist\u00e9rio P\u00fablico na categoria web | Arquivo","og:url":"https:\/\/www.jornalja.com.br\/arquivo\/jornal-ja-vence-premio-do-ministerio-publico-na-categoria-web\/","og:image":"https:\/\/www.jornalja.com.br\/economics\/wp-content\/uploads\/sites\/11\/2026\/08\/ja-folhaderosto-facebook.jpg","og:image:secure_url":"https:\/\/www.jornalja.com.br\/economics\/wp-content\/uploads\/sites\/11\/2026\/08\/ja-folhaderosto-facebook.jpg","article:published_time":"2017-11-29T17:46:13+00:00","article:modified_time":"2017-11-29T17:46:13+00:00","twitter:card":"summary","twitter:title":"Jornal J\u00c1 vence pr\u00eamio do Minist\u00e9rio P\u00fablico na categoria web | Arquivo","twitter:image":"https:\/\/www.jornalja.com.br\/economics\/wp-content\/uploads\/sites\/11\/2026\/08\/ja-folhaderosto-facebook.jpg"},"aioseo_meta_data":{"post_id":"57746","title":null,"description":null,"keywords":null,"keyphrases":null,"primary_term":null,"canonical_url":null,"og_title":null,"og_description":null,"og_object_type":"default","og_image_type":"default","og_image_url":null,"og_image_width":null,"og_image_height":null,"og_image_custom_url":null,"og_image_custom_fields":null,"og_video":null,"og_custom_url":null,"og_article_section":null,"og_article_tags":null,"twitter_use_og":false,"twitter_card":"default","twitter_image_type":"default","twitter_image_url":null,"twitter_image_custom_url":null,"twitter_image_custom_fields":null,"twitter_title":null,"twitter_description":null,"schema":{"blockGraphs":[],"customGraphs":[],"default":{"data":{"Article":[],"Course":[],"Dataset":[],"FAQPage":[],"Movie":[],"Person":[],"Product":[],"ProductReview":[],"Car":[],"Recipe":[],"Service":[],"SoftwareApplication":[],"WebPage":[]},"graphName":"","isEnabled":true},"graphs":[]},"schema_type":null,"schema_type_options":null,"pillar_content":false,"robots_default":true,"robots_noindex":false,"robots_noarchive":false,"robots_nosnippet":false,"robots_nofollow":false,"robots_noimageindex":false,"robots_noodp":false,"robots_notranslate":false,"robots_max_snippet":null,"robots_max_videopreview":null,"robots_max_imagepreview":"large","priority":null,"frequency":null,"location":null,"local_seo":null,"breadcrumb_settings":null,"limit_modified_date":false,"ai":null,"created":"2020-12-20 20:20:45","updated":"2025-07-20 02:42:32","seo_analyzer_scan_date":null,"focus_keyword":null,"additional_keywords":null,"truseo_locale":null},"jetpack_sharing_enabled":true,"jetpack-related-posts":[{"id":12960,"url":"https:\/\/www.jornalja.com.br\/arquivo\/populacao-culpa-empresas-pela-greve-dos-rodoviarios\/","url_meta":{"origin":57746,"position":0},"title":"Popula\u00e7\u00e3o culpa empresas pela greve","author":"Patr\u00edcia Marini","date":"14 de fevereiro de 2014","format":false,"excerpt":"Pesquisa divulgada na edi\u00e7\u00e3o do jornal Metro desta sexta-feira,14, comprova o velho ditado: \u00e9 poss\u00edvel enganar muitos por algum tempo, mas n\u00e3o \u00e9 poss\u00edvel enganar a todos o tempo inteiro. A principal revela\u00e7\u00e3o foi que 59,8% dos entrevistados apontaram as empresas como as principais respons\u00e1veis pela grave e 46% culparam\u2026","rel":"","context":"Em &quot;X.Categorias velhas&quot;","block_context":{"text":"X.Categorias velhas","link":"https:\/\/www.jornalja.com.br\/arquivo\/category\/x-categorias-velhas\/"},"img":{"alt_text":"","src":"","width":0,"height":0},"classes":[]},{"id":13101,"url":"https:\/\/www.jornalja.com.br\/arquivo\/morre-um-guerreiro-do-texto\/","url_meta":{"origin":57746,"position":1},"title":"Morre um guerreiro do texto","author":"Patr\u00edcia Marini","date":"14 de maio de 2014","format":false,"excerpt":"Por Ricardo Kotscho Reproduzido do blog do autor, 11\/5\/2014; t\u00edtulo original \u201cE l\u00e1 se foi o nosso Myltainho, guerreiro do texto\u201d. Mi\u00fado e franzino, meu amigo Myltainho era um valente e inconformado guerreiro na luta contra as injusti\u00e7as sociais, a hipocrisia, as maracutaias, o autoritarismo, a intoler\u00e2ncia, a viol\u00eancia, o\u2026","rel":"","context":"Em &quot;Geral&quot;","block_context":{"text":"Geral","link":"https:\/\/www.jornalja.com.br\/arquivo\/category\/geral\/"},"img":{"alt_text":"","src":"","width":0,"height":0},"classes":[]},{"id":1280,"url":"https:\/\/www.jornalja.com.br\/arquivo\/o-menino-que-se-tornou-brizola\/","url_meta":{"origin":57746,"position":2},"title":"O Menino que se Tornou Brizola","author":"da Reda\u00e7\u00e3o","date":"28 de julho de 2008","format":false,"excerpt":"Autor: Cleber Dioni A vida de Leonel Brizola, com \u00eanfase para os primeiros anos em Porto Alegre, at\u00e9 o ex\u00edlio no Uruguai e a volta, quinze anos depois. \u00a0\"...\u00c9ramos todos jovens e nos identific\u00e1vamos com aquela massa an\u00f4nima a percorrer as ruas de Porto Alegre, gritando 'Get\u00falio', 'Get\u00falio' e empunhando\u2026","rel":"","context":"Em &quot;Livros&quot;","block_context":{"text":"Livros","link":"https:\/\/www.jornalja.com.br\/arquivo\/category\/livros\/"},"img":{"alt_text":"","src":"https:\/\/i0.wp.com\/www.jornalja.com.br\/wp-content\/uploads\/2008\/07\/brizola.gif?resize=350%2C200&ssl=1","width":350,"height":200},"classes":[]},{"id":14241,"url":"https:\/\/www.jornalja.com.br\/arquivo\/o-guaiba-nas-imagens-poeticas-de-achutti\/","url_meta":{"origin":57746,"position":3},"title":"O Gua\u00edba nas imagens po\u00e9ticas de Achutti","author":"da Reda\u00e7\u00e3o","date":"18 de junho de 2014","format":false,"excerpt":"Em \u201cO Gua\u00edba por Achutti\u201d \u2013 obra financiada via Minist\u00e9rio da Cultura, produ\u00e7\u00e3o executiva de Pedro Longhi, e Fl\u00e1vio Wild como designer \u2013, o fot\u00f3grafo revela a beleza e as mazelas de um espa\u00e7o aqu\u00e1tico de \u00e1guas sempre renovadas, cheio de hist\u00f3rias e lendas como as das cidades que foram\u2026","rel":"","context":"Em &quot;Cultura-Geral&quot;","block_context":{"text":"Cultura-Geral","link":"https:\/\/www.jornalja.com.br\/arquivo\/category\/materiasecundaria\/"},"img":{"alt_text":"","src":"","width":0,"height":0},"classes":[]},{"id":13124,"url":"https:\/\/www.jornalja.com.br\/arquivo\/sangue-latino-no-iecine\/","url_meta":{"origin":57746,"position":4},"title":"Sangue latino no IECINE","author":"da Reda\u00e7\u00e3o","date":"18 de maio de 2014","format":false,"excerpt":"Francisco Ribeiro O Instituto Estadual de Cinema (IECINE) tem a frente, desde abril \u00faltimo, um novo diretor, o cineasta colombiano Juan Zapata, 36, que substitui Luiz Alberto Cassol. Radicado h\u00e1 dez anos em Porto Alegre, Zapata tem diante de si o desafio de conduzir at\u00e9 o final do ano um\u2026","rel":"","context":"Em &quot;Cultura-Geral&quot;","block_context":{"text":"Cultura-Geral","link":"https:\/\/www.jornalja.com.br\/arquivo\/category\/materiasecundaria\/"},"img":{"alt_text":"","src":"","width":0,"height":0},"classes":[]},{"id":5440,"url":"https:\/\/www.jornalja.com.br\/arquivo\/casarao-da-venancio-destino-permanece-incerto\/","url_meta":{"origin":57746,"position":5},"title":"Estado ainda n\u00e3o sabe o que fazer com casar\u00e3o abandonado h\u00e1 20 anos","author":"Elmar Bones","date":"6 de julho de 2009","format":false,"excerpt":"O casar\u00e3o amarelo, numa esquina nobre de Porto Alegre (Ven\u00e2ncio Aires com Jo\u00e3o Pessoa), j\u00e1 abrigou uma escola. H\u00e1 duas d\u00e9cadas, pelo menos, est\u00e1 abandonado, porque seu propriet\u00e1rio, o governo do Estado do Rio Grande do Sul, n\u00e3o consegue achar um destino para ele. Planos n\u00e3o faltaram. O governador Ol\u00edvio\u2026","rel":"","context":"Em &quot;X.Categorias velhas&quot;","block_context":{"text":"X.Categorias velhas","link":"https:\/\/www.jornalja.com.br\/arquivo\/category\/x-categorias-velhas\/"},"img":{"alt_text":"geraldo1","src":"https:\/\/i0.wp.com\/www.jornalja.com.br\/wp-content\/uploads\/2009\/07\/geraldo1.jpg?resize=350%2C200&ssl=1","width":350,"height":200},"classes":[]}],"jetpack_shortlink":"https:\/\/wp.me\/pbQjBd-f1o","jetpack_featured_media_url":"","_links":{"self":[{"href":"https:\/\/www.jornalja.com.br\/arquivo\/wp-json\/wp\/v2\/posts\/57746","targetHints":{"allow":["GET"]}}],"collection":[{"href":"https:\/\/www.jornalja.com.br\/arquivo\/wp-json\/wp\/v2\/posts"}],"about":[{"href":"https:\/\/www.jornalja.com.br\/arquivo\/wp-json\/wp\/v2\/types\/post"}],"author":[{"embeddable":true,"href":"https:\/\/www.jornalja.com.br\/arquivo\/wp-json\/wp\/v2\/users\/4"}],"replies":[{"embeddable":true,"href":"https:\/\/www.jornalja.com.br\/arquivo\/wp-json\/wp\/v2\/comments?post=57746"}],"version-history":[{"count":0,"href":"https:\/\/www.jornalja.com.br\/arquivo\/wp-json\/wp\/v2\/posts\/57746\/revisions"}],"wp:attachment":[{"href":"https:\/\/www.jornalja.com.br\/arquivo\/wp-json\/wp\/v2\/media?parent=57746"}],"wp:term":[{"taxonomy":"category","embeddable":true,"href":"https:\/\/www.jornalja.com.br\/arquivo\/wp-json\/wp\/v2\/categories?post=57746"},{"taxonomy":"post_tag","embeddable":true,"href":"https:\/\/www.jornalja.com.br\/arquivo\/wp-json\/wp\/v2\/tags?post=57746"}],"curies":[{"name":"wp","href":"https:\/\/api.w.org\/{rel}","templated":true}]}}