{"id":57750,"date":"2017-11-29T15:21:56","date_gmt":"2017-11-29T18:21:56","guid":{"rendered":"https:\/\/www.jornalja.com.br\/?p=57750"},"modified":"2017-11-29T15:21:56","modified_gmt":"2017-11-29T18:21:56","slug":"16-dias-de-ativismo-pelo-fim-da-violencia-contra-as-mulheres","status":"publish","type":"post","link":"https:\/\/www.jornalja.com.br\/arquivo\/16-dias-de-ativismo-pelo-fim-da-violencia-contra-as-mulheres\/","title":{"rendered":"16 dias de ativismo pelo fim da viol\u00eancia contra as mulheres"},"content":{"rendered":"<p>Atualmente, Porto Alegre n\u00e3o conta com uma Secretaria Municipal de Pol\u00edticas para as Mulheres, sua casa abrigo para v\u00edtimas de viol\u00eancia n\u00e3o supre a demanda da procura, o Centro de Refer\u00eancia M\u00e1rcia Calixto n\u00e3o segue a norma t\u00e9cnica nacional e o Conselho Municipal de Direitos das Mulheres n\u00e3o foi empossado e n\u00e3o tem sede. Al\u00e9m disso, o Rio Grande do Sul ainda n\u00e3o aderiu ao Protocolo Latino-Americano de Investiga\u00e7\u00e3o de Mortes Violentas \u00a0de Mulheres por Raz\u00f5es \u00a0de G\u00eanero.<br \/>\n\u00c9 dentro desse contexto que a Rede Minha Porto Alegre se engajou na Campanha 16 Dias de Ativismo pelo Fim da Viol\u00eancia contra as Mulheres. Uma mobiliza\u00e7\u00e3o anual, a Campanha foi criada em 1991 por \u00a0mulheres de diferentes pa\u00edses, reunidas pelo Centro de Lideran\u00e7a Global de Mulheres (CWGL) e tem o objetivo de promover o debate e denunciar as v\u00e1rias formas de viol\u00eancia contra as mulheres no mundo.<br \/>\nMundialmente, os 16 Dias de Ativismo se iniciaram em 25 de novembro, Dia Internacional da N\u00e3o Viol\u00eancia contra a Mulher. No Brasil, a Campanha acontece desde 2003 e, para destacar a dupla discrimina\u00e7\u00e3o vivida pelas mulheres negras, as atividades aqui come\u00e7aram em 20 de novembro, Dia da Consci\u00eancia Negra.<br \/>\nNo dia 2 de dezembro, a Minha Porto Alegre realizar\u00e1, dentro da programa\u00e7\u00e3o da Campanha, a interven\u00e7\u00e3o urbana \u201cParem de nos matar\u201d a partir das 10 horas, partindo do Viaduto Ot\u00e1vio Rocha. \u00c9 um evento aberto que faz parte da Campanha <em>Isso \u00e9 feminic\u00eddio<\/em> e do Projeto Mapa do Acolhimento, ambas iniciativas da Rede Nossas Cidades, da qual a Minha Porto Alegre faz parte.<br \/>\nAl\u00e9m da Minha Porto Alegre, diversos grupos e organiza\u00e7\u00f5es participam da Campanha 16 Dias de Ativismo pelo Fim da Viol\u00eancia contra as Mulheres propondo atividades, tais como 8M Porto Alegre, Bloco N\u00e3o Mexe Comigo Que Eu N\u00e3o Ando S\u00f3, Coletivo Feminino Plural, Movimento de Mulheres Olga Ben\u00e1rio, Ocupa\u00e7\u00e3o Mulheres Mirabal e Uni\u00e3o Brasileira de Mulheres (UBM), dentre outros.<br \/>\nAs atividades da Campanha 16 Dias de Ativismo ocorrem at\u00e9 o dia 16 de dezembro em diversos pontos de Porto Alegre e Canoas. A agenda completa est\u00e1 no <a href=\"http:\/\/paremdenosmatarportoalegre.blogspot.com.br\">paremdenosmatarportoalegre<\/a>.<br \/>\n<span class=\"intertit\">A Rede Minha Porto Alegre <\/span><br \/>\nA Minha Porto Alegre \u00e9 uma rede de pessoas conectadas na constru\u00e7\u00e3o de um processo mais participativo das tomadas de decis\u00e3o de interesse p\u00fablico da cidade. Por meio de mobiliza\u00e7\u00f5es e fomento a comunidades de a\u00e7\u00e3o, utilizando tecnologias sociais e digitais de maneira estrat\u00e9gica, criativa e humana. Recentemente, sua campanha Isso \u00e9 feminic\u00eddio registrou uma vit\u00f3ria hist\u00f3rica: a partir de janeiro de 2018 todos os boletins de ocorr\u00eancia do Rio Grande do Sul passar\u00e3o a contar com o subt\u00edtulo \u201cfeminic\u00eddio\u201d.<br \/>\nEla faz parte da Rede Nossas Cidades, feita de cidades mobilizadas que j\u00e1 atuam desde 2011 no Rio de Janeiro e desde 2014 em S\u00e3o Paulo. Usando novas tecnologias e novas linguagens, conectam cidad\u00e3os que queiram participar mais das decis\u00f5es sobre o futuro das suas cidades. S\u00e3o mais de 700 mil brasileiras e brasileiros que agem por suas cidades.<\/p>\n","protected":false},"excerpt":{"rendered":"<p>Atualmente, Porto Alegre n\u00e3o conta com uma Secretaria Municipal de Pol\u00edticas para as Mulheres, sua casa abrigo para v\u00edtimas de viol\u00eancia n\u00e3o supre a demanda da procura, o Centro de Refer\u00eancia M\u00e1rcia Calixto n\u00e3o segue a norma t\u00e9cnica nacional e o Conselho Municipal de Direitos das Mulheres n\u00e3o foi empossado e n\u00e3o tem sede. Al\u00e9m [&hellip;]<\/p>\n","protected":false},"author":4,"featured_media":57752,"comment_status":"open","ping_status":"closed","sticky":false,"template":"","format":"standard","meta":{"_jetpack_newsletter_access":"","_jetpack_dont_email_post_to_subs":false,"_jetpack_newsletter_tier_id":0,"_jetpack_memberships_contains_paywalled_content":false,"_jetpack_feature_clip_id":0,"_jetpack_memberships_contains_paid_content":false,"footnotes":"","jetpack_post_was_ever_published":false},"categories":[26],"tags":[],"class_list":["post-57750","post","type-post","status-publish","format-standard","has-post-thumbnail","hentry","category-geral"],"aioseo_notices":[],"aioseo_head":"\n\t\t<!-- All in One SEO 5.0.1.1 - aioseo.com -->\n\t<meta name=\"robots\" content=\"max-image-preview:large\" \/>\n\t<meta name=\"author\" content=\"da Reda\u00e7\u00e3o\"\/>\n\t<link rel=\"canonical\" href=\"https:\/\/www.jornalja.com.br\/arquivo\/16-dias-de-ativismo-pelo-fim-da-violencia-contra-as-mulheres\/\" \/>\n\t<meta name=\"generator\" content=\"All in One SEO (AIOSEO) 5.0.1.1\" \/>\n\t\t<meta property=\"og:locale\" content=\"pt_BR\" \/>\n\t\t<meta property=\"og:site_name\" content=\"Arquivo | Jornal J\u00c1 | Porto Alegre\" \/>\n\t\t<meta property=\"og:type\" content=\"article\" \/>\n\t\t<meta property=\"og:title\" content=\"16 dias de ativismo pelo fim da viol\u00eancia contra as mulheres | Arquivo\" \/>\n\t\t<meta property=\"og:url\" content=\"https:\/\/www.jornalja.com.br\/arquivo\/16-dias-de-ativismo-pelo-fim-da-violencia-contra-as-mulheres\/\" \/>\n\t\t<meta property=\"og:image\" content=\"https:\/\/www.jornalja.com.br\/economics\/wp-content\/uploads\/sites\/11\/2026\/08\/ja-folhaderosto-facebook.jpg\" \/>\n\t\t<meta property=\"og:image:secure_url\" content=\"https:\/\/www.jornalja.com.br\/economics\/wp-content\/uploads\/sites\/11\/2026\/08\/ja-folhaderosto-facebook.jpg\" \/>\n\t\t<meta property=\"article:published_time\" content=\"2017-11-29T18:21:56+00:00\" \/>\n\t\t<meta property=\"article:modified_time\" content=\"2017-11-29T18:21:56+00:00\" \/>\n\t\t<meta name=\"twitter:card\" content=\"summary\" \/>\n\t\t<meta name=\"twitter:title\" content=\"16 dias de ativismo pelo fim da viol\u00eancia contra as mulheres | Arquivo\" \/>\n\t\t<meta name=\"twitter:image\" content=\"https:\/\/www.jornalja.com.br\/economics\/wp-content\/uploads\/sites\/11\/2026\/08\/ja-folhaderosto-facebook.jpg\" \/>\n\t\t<script type=\"application\/ld+json\" class=\"aioseo-schema\">\n\t\t\t{\"@context\":\"https:\\\/\\\/schema.org\",\"@graph\":[{\"@type\":\"BlogPosting\",\"@id\":\"https:\\\/\\\/www.jornalja.com.br\\\/arquivo\\\/16-dias-de-ativismo-pelo-fim-da-violencia-contra-as-mulheres\\\/#blogposting\",\"name\":\"16 dias de ativismo pelo fim da viol\\u00eancia contra as mulheres | Arquivo\",\"headline\":\"16 dias de ativismo pelo fim da viol\\u00eancia contra as mulheres\",\"author\":{\"@id\":\"https:\\\/\\\/www.jornalja.com.br\\\/arquivo\\\/author\\\/daredacao\\\/#author\"},\"publisher\":{\"@id\":\"https:\\\/\\\/www.jornalja.com.br\\\/arquivo\\\/#organization\"},\"image\":{\"@type\":\"ImageObject\",\"url\":57752},\"datePublished\":\"2017-11-29T15:21:56-02:00\",\"dateModified\":\"2017-11-29T15:21:56-02:00\",\"inLanguage\":\"pt-BR\",\"mainEntityOfPage\":{\"@id\":\"https:\\\/\\\/www.jornalja.com.br\\\/arquivo\\\/16-dias-de-ativismo-pelo-fim-da-violencia-contra-as-mulheres\\\/#webpage\"},\"isPartOf\":{\"@id\":\"https:\\\/\\\/www.jornalja.com.br\\\/arquivo\\\/16-dias-de-ativismo-pelo-fim-da-violencia-contra-as-mulheres\\\/#webpage\"},\"articleSection\":\"Geral\"},{\"@type\":\"BreadcrumbList\",\"@id\":\"https:\\\/\\\/www.jornalja.com.br\\\/arquivo\\\/16-dias-de-ativismo-pelo-fim-da-violencia-contra-as-mulheres\\\/#breadcrumblist\",\"itemListElement\":[{\"@type\":\"ListItem\",\"@id\":\"https:\\\/\\\/www.jornalja.com.br\\\/arquivo#listItem\",\"position\":1,\"name\":\"Home\",\"item\":\"https:\\\/\\\/www.jornalja.com.br\\\/arquivo\",\"nextItem\":{\"@type\":\"ListItem\",\"@id\":\"https:\\\/\\\/www.jornalja.com.br\\\/arquivo\\\/category\\\/geral\\\/#listItem\",\"name\":\"Geral\"}},{\"@type\":\"ListItem\",\"@id\":\"https:\\\/\\\/www.jornalja.com.br\\\/arquivo\\\/category\\\/geral\\\/#listItem\",\"position\":2,\"name\":\"Geral\",\"item\":\"https:\\\/\\\/www.jornalja.com.br\\\/arquivo\\\/category\\\/geral\\\/\",\"nextItem\":{\"@type\":\"ListItem\",\"@id\":\"https:\\\/\\\/www.jornalja.com.br\\\/arquivo\\\/16-dias-de-ativismo-pelo-fim-da-violencia-contra-as-mulheres\\\/#listItem\",\"name\":\"16 dias de ativismo pelo fim da viol\\u00eancia contra as mulheres\"},\"previousItem\":{\"@type\":\"ListItem\",\"@id\":\"https:\\\/\\\/www.jornalja.com.br\\\/arquivo#listItem\",\"name\":\"Home\"}},{\"@type\":\"ListItem\",\"@id\":\"https:\\\/\\\/www.jornalja.com.br\\\/arquivo\\\/16-dias-de-ativismo-pelo-fim-da-violencia-contra-as-mulheres\\\/#listItem\",\"position\":3,\"name\":\"16 dias de ativismo pelo fim da viol\\u00eancia contra as mulheres\",\"previousItem\":{\"@type\":\"ListItem\",\"@id\":\"https:\\\/\\\/www.jornalja.com.br\\\/arquivo\\\/category\\\/geral\\\/#listItem\",\"name\":\"Geral\"}}]},{\"@type\":\"Organization\",\"@id\":\"https:\\\/\\\/www.jornalja.com.br\\\/arquivo\\\/#organization\",\"name\":\"Jornal J\\u00c1\",\"description\":\"Jornal J\\u00c1 | Porto Alegre\",\"url\":\"https:\\\/\\\/www.jornalja.com.br\\\/arquivo\\\/\",\"telephone\":\"+555133307272\",\"logo\":{\"@type\":\"ImageObject\",\"url\":\"https:\\\/\\\/www.jornalja.com.br\\\/wp-content\\\/uploads\\\/cards\\\/JAslogan.png\",\"@id\":\"https:\\\/\\\/www.jornalja.com.br\\\/arquivo\\\/16-dias-de-ativismo-pelo-fim-da-violencia-contra-as-mulheres\\\/#organizationLogo\"},\"image\":{\"@id\":\"https:\\\/\\\/www.jornalja.com.br\\\/arquivo\\\/16-dias-de-ativismo-pelo-fim-da-violencia-contra-as-mulheres\\\/#organizationLogo\"}},{\"@type\":\"Person\",\"@id\":\"https:\\\/\\\/www.jornalja.com.br\\\/arquivo\\\/author\\\/daredacao\\\/#author\",\"url\":\"https:\\\/\\\/www.jornalja.com.br\\\/arquivo\\\/author\\\/daredacao\\\/\",\"name\":\"da Reda\\u00e7\\u00e3o\",\"image\":{\"@type\":\"ImageObject\",\"@id\":\"https:\\\/\\\/www.jornalja.com.br\\\/arquivo\\\/16-dias-de-ativismo-pelo-fim-da-violencia-contra-as-mulheres\\\/#authorImage\",\"url\":\"https:\\\/\\\/secure.gravatar.com\\\/avatar\\\/469fd857d6605ad19919d27ed29d35a968a25f6e8fd9318356bbb7f57aae9c65?s=96&d=mm&r=g\",\"width\":96,\"height\":96,\"caption\":\"da Reda\\u00e7\\u00e3o\"}},{\"@type\":\"WebPage\",\"@id\":\"https:\\\/\\\/www.jornalja.com.br\\\/arquivo\\\/16-dias-de-ativismo-pelo-fim-da-violencia-contra-as-mulheres\\\/#webpage\",\"url\":\"https:\\\/\\\/www.jornalja.com.br\\\/arquivo\\\/16-dias-de-ativismo-pelo-fim-da-violencia-contra-as-mulheres\\\/\",\"name\":\"16 dias de ativismo pelo fim da viol\\u00eancia contra as mulheres | Arquivo\",\"inLanguage\":\"pt-BR\",\"isPartOf\":{\"@id\":\"https:\\\/\\\/www.jornalja.com.br\\\/arquivo\\\/#website\"},\"breadcrumb\":{\"@id\":\"https:\\\/\\\/www.jornalja.com.br\\\/arquivo\\\/16-dias-de-ativismo-pelo-fim-da-violencia-contra-as-mulheres\\\/#breadcrumblist\"},\"author\":{\"@id\":\"https:\\\/\\\/www.jornalja.com.br\\\/arquivo\\\/author\\\/daredacao\\\/#author\"},\"creator\":{\"@id\":\"https:\\\/\\\/www.jornalja.com.br\\\/arquivo\\\/author\\\/daredacao\\\/#author\"},\"image\":{\"@type\":\"ImageObject\",\"url\":57752,\"@id\":\"https:\\\/\\\/www.jornalja.com.br\\\/arquivo\\\/16-dias-de-ativismo-pelo-fim-da-violencia-contra-as-mulheres\\\/#mainImage\"},\"primaryImageOfPage\":{\"@id\":\"https:\\\/\\\/www.jornalja.com.br\\\/arquivo\\\/16-dias-de-ativismo-pelo-fim-da-violencia-contra-as-mulheres\\\/#mainImage\"},\"datePublished\":\"2017-11-29T15:21:56-02:00\",\"dateModified\":\"2017-11-29T15:21:56-02:00\"},{\"@type\":\"WebSite\",\"@id\":\"https:\\\/\\\/www.jornalja.com.br\\\/arquivo\\\/#website\",\"url\":\"https:\\\/\\\/www.jornalja.com.br\\\/arquivo\\\/\",\"name\":\"Arquivo\",\"description\":\"Jornal J\\u00c1 | Porto Alegre\",\"inLanguage\":\"pt-BR\",\"publisher\":{\"@id\":\"https:\\\/\\\/www.jornalja.com.br\\\/arquivo\\\/#organization\"}}]}\n\t\t<\/script>\n\t\t<!-- All in One SEO -->\n\n","aioseo_head_json":{"title":"16 dias de ativismo pelo fim da viol\u00eancia contra as mulheres | Arquivo","description":"","canonical_url":"https:\/\/www.jornalja.com.br\/arquivo\/16-dias-de-ativismo-pelo-fim-da-violencia-contra-as-mulheres\/","robots":"max-image-preview:large","keywords":"","webmasterTools":{"miscellaneous":""},"schema":{"@context":"https:\/\/schema.org","@graph":[{"@type":"BlogPosting","@id":"https:\/\/www.jornalja.com.br\/arquivo\/16-dias-de-ativismo-pelo-fim-da-violencia-contra-as-mulheres\/#blogposting","name":"16 dias de ativismo pelo fim da viol\u00eancia contra as mulheres | Arquivo","headline":"16 dias de ativismo pelo fim da viol\u00eancia contra as mulheres","author":{"@id":"https:\/\/www.jornalja.com.br\/arquivo\/author\/daredacao\/#author"},"publisher":{"@id":"https:\/\/www.jornalja.com.br\/arquivo\/#organization"},"image":{"@type":"ImageObject","url":57752},"datePublished":"2017-11-29T15:21:56-02:00","dateModified":"2017-11-29T15:21:56-02:00","inLanguage":"pt-BR","mainEntityOfPage":{"@id":"https:\/\/www.jornalja.com.br\/arquivo\/16-dias-de-ativismo-pelo-fim-da-violencia-contra-as-mulheres\/#webpage"},"isPartOf":{"@id":"https:\/\/www.jornalja.com.br\/arquivo\/16-dias-de-ativismo-pelo-fim-da-violencia-contra-as-mulheres\/#webpage"},"articleSection":"Geral"},{"@type":"BreadcrumbList","@id":"https:\/\/www.jornalja.com.br\/arquivo\/16-dias-de-ativismo-pelo-fim-da-violencia-contra-as-mulheres\/#breadcrumblist","itemListElement":[{"@type":"ListItem","@id":"https:\/\/www.jornalja.com.br\/arquivo#listItem","position":1,"name":"Home","item":"https:\/\/www.jornalja.com.br\/arquivo","nextItem":{"@type":"ListItem","@id":"https:\/\/www.jornalja.com.br\/arquivo\/category\/geral\/#listItem","name":"Geral"}},{"@type":"ListItem","@id":"https:\/\/www.jornalja.com.br\/arquivo\/category\/geral\/#listItem","position":2,"name":"Geral","item":"https:\/\/www.jornalja.com.br\/arquivo\/category\/geral\/","nextItem":{"@type":"ListItem","@id":"https:\/\/www.jornalja.com.br\/arquivo\/16-dias-de-ativismo-pelo-fim-da-violencia-contra-as-mulheres\/#listItem","name":"16 dias de ativismo pelo fim da viol\u00eancia contra as mulheres"},"previousItem":{"@type":"ListItem","@id":"https:\/\/www.jornalja.com.br\/arquivo#listItem","name":"Home"}},{"@type":"ListItem","@id":"https:\/\/www.jornalja.com.br\/arquivo\/16-dias-de-ativismo-pelo-fim-da-violencia-contra-as-mulheres\/#listItem","position":3,"name":"16 dias de ativismo pelo fim da viol\u00eancia contra as mulheres","previousItem":{"@type":"ListItem","@id":"https:\/\/www.jornalja.com.br\/arquivo\/category\/geral\/#listItem","name":"Geral"}}]},{"@type":"Organization","@id":"https:\/\/www.jornalja.com.br\/arquivo\/#organization","name":"Jornal J\u00c1","description":"Jornal J\u00c1 | Porto Alegre","url":"https:\/\/www.jornalja.com.br\/arquivo\/","telephone":"+555133307272","logo":{"@type":"ImageObject","url":"https:\/\/www.jornalja.com.br\/wp-content\/uploads\/cards\/JAslogan.png","@id":"https:\/\/www.jornalja.com.br\/arquivo\/16-dias-de-ativismo-pelo-fim-da-violencia-contra-as-mulheres\/#organizationLogo"},"image":{"@id":"https:\/\/www.jornalja.com.br\/arquivo\/16-dias-de-ativismo-pelo-fim-da-violencia-contra-as-mulheres\/#organizationLogo"}},{"@type":"Person","@id":"https:\/\/www.jornalja.com.br\/arquivo\/author\/daredacao\/#author","url":"https:\/\/www.jornalja.com.br\/arquivo\/author\/daredacao\/","name":"da Reda\u00e7\u00e3o","image":{"@type":"ImageObject","@id":"https:\/\/www.jornalja.com.br\/arquivo\/16-dias-de-ativismo-pelo-fim-da-violencia-contra-as-mulheres\/#authorImage","url":"https:\/\/secure.gravatar.com\/avatar\/469fd857d6605ad19919d27ed29d35a968a25f6e8fd9318356bbb7f57aae9c65?s=96&d=mm&r=g","width":96,"height":96,"caption":"da Reda\u00e7\u00e3o"}},{"@type":"WebPage","@id":"https:\/\/www.jornalja.com.br\/arquivo\/16-dias-de-ativismo-pelo-fim-da-violencia-contra-as-mulheres\/#webpage","url":"https:\/\/www.jornalja.com.br\/arquivo\/16-dias-de-ativismo-pelo-fim-da-violencia-contra-as-mulheres\/","name":"16 dias de ativismo pelo fim da viol\u00eancia contra as mulheres | Arquivo","inLanguage":"pt-BR","isPartOf":{"@id":"https:\/\/www.jornalja.com.br\/arquivo\/#website"},"breadcrumb":{"@id":"https:\/\/www.jornalja.com.br\/arquivo\/16-dias-de-ativismo-pelo-fim-da-violencia-contra-as-mulheres\/#breadcrumblist"},"author":{"@id":"https:\/\/www.jornalja.com.br\/arquivo\/author\/daredacao\/#author"},"creator":{"@id":"https:\/\/www.jornalja.com.br\/arquivo\/author\/daredacao\/#author"},"image":{"@type":"ImageObject","url":57752,"@id":"https:\/\/www.jornalja.com.br\/arquivo\/16-dias-de-ativismo-pelo-fim-da-violencia-contra-as-mulheres\/#mainImage"},"primaryImageOfPage":{"@id":"https:\/\/www.jornalja.com.br\/arquivo\/16-dias-de-ativismo-pelo-fim-da-violencia-contra-as-mulheres\/#mainImage"},"datePublished":"2017-11-29T15:21:56-02:00","dateModified":"2017-11-29T15:21:56-02:00"},{"@type":"WebSite","@id":"https:\/\/www.jornalja.com.br\/arquivo\/#website","url":"https:\/\/www.jornalja.com.br\/arquivo\/","name":"Arquivo","description":"Jornal J\u00c1 | Porto Alegre","inLanguage":"pt-BR","publisher":{"@id":"https:\/\/www.jornalja.com.br\/arquivo\/#organization"}}]},"og:locale":"pt_BR","og:site_name":"Arquivo | Jornal J\u00c1 | Porto Alegre","og:type":"article","og:title":"16 dias de ativismo pelo fim da viol\u00eancia contra as mulheres | Arquivo","og:url":"https:\/\/www.jornalja.com.br\/arquivo\/16-dias-de-ativismo-pelo-fim-da-violencia-contra-as-mulheres\/","og:image":"https:\/\/www.jornalja.com.br\/economics\/wp-content\/uploads\/sites\/11\/2026\/08\/ja-folhaderosto-facebook.jpg","og:image:secure_url":"https:\/\/www.jornalja.com.br\/economics\/wp-content\/uploads\/sites\/11\/2026\/08\/ja-folhaderosto-facebook.jpg","article:published_time":"2017-11-29T18:21:56+00:00","article:modified_time":"2017-11-29T18:21:56+00:00","twitter:card":"summary","twitter:title":"16 dias de ativismo pelo fim da viol\u00eancia contra as mulheres | Arquivo","twitter:image":"https:\/\/www.jornalja.com.br\/economics\/wp-content\/uploads\/sites\/11\/2026\/08\/ja-folhaderosto-facebook.jpg"},"aioseo_meta_data":{"post_id":"57750","title":null,"description":null,"keywords":null,"keyphrases":null,"primary_term":null,"canonical_url":null,"og_title":null,"og_description":null,"og_object_type":"default","og_image_type":"default","og_image_url":null,"og_image_width":null,"og_image_height":null,"og_image_custom_url":null,"og_image_custom_fields":null,"og_video":null,"og_custom_url":null,"og_article_section":null,"og_article_tags":null,"twitter_use_og":false,"twitter_card":"default","twitter_image_type":"default","twitter_image_url":null,"twitter_image_custom_url":null,"twitter_image_custom_fields":null,"twitter_title":null,"twitter_description":null,"schema":{"blockGraphs":[],"customGraphs":[],"default":{"data":{"Article":[],"Course":[],"Dataset":[],"FAQPage":[],"Movie":[],"Person":[],"Product":[],"ProductReview":[],"Car":[],"Recipe":[],"Service":[],"SoftwareApplication":[],"WebPage":[]},"graphName":"","isEnabled":true},"graphs":[],"defaultGraph":"","defaultPostTypeGraph":""},"schema_type":null,"schema_type_options":null,"pillar_content":false,"robots_default":true,"robots_noindex":false,"robots_noarchive":false,"robots_nosnippet":false,"robots_nofollow":false,"robots_noimageindex":false,"robots_noodp":false,"robots_notranslate":false,"robots_max_snippet":null,"robots_max_videopreview":null,"robots_max_imagepreview":"large","priority":null,"frequency":null,"location":null,"local_seo":null,"breadcrumb_settings":null,"limit_modified_date":false,"ai":null,"created":"2020-12-20 20:20:45","updated":"2025-07-20 02:42:32","seo_analyzer_scan_date":null,"focus_keyword":null,"additional_keywords":null,"truseo_locale":null},"jetpack_sharing_enabled":true,"jetpack-related-posts":[{"id":13240,"url":"https:\/\/www.jornalja.com.br\/arquivo\/plano-diretor-estamos-construindo-o-caos\/","url_meta":{"origin":57750,"position":0},"title":"Plano diretor: &quot;Estamos construindo o caos&quot;","author":"Patr\u00edcia Marini","date":"26 de maio de 2014","format":false,"excerpt":"Desabafo que arquiteta Eliana Castilhos, delegada da Regi\u00e3o de Planejamento 1, postou nas redes sociais \u00e9 um testemunho do ambiente que se criou no Conselho do Plano Diretor de Porto Alegre, onde a aprova\u00e7\u00e3o de grandes empreendimentos \u00e9 empurrada guela abaixo dos conselheiros. Ao CMDUA Como delegada da Regi\u00e3o de\u2026","rel":"","context":"Em &quot;Geral&quot;","block_context":{"text":"Geral","link":"https:\/\/www.jornalja.com.br\/arquivo\/category\/geral\/"},"img":{"alt_text":"","src":"","width":0,"height":0},"classes":[]},{"id":5440,"url":"https:\/\/www.jornalja.com.br\/arquivo\/casarao-da-venancio-destino-permanece-incerto\/","url_meta":{"origin":57750,"position":1},"title":"Estado ainda n\u00e3o sabe o que fazer com casar\u00e3o abandonado h\u00e1 20 anos","author":"Elmar Bones","date":"6 de julho de 2009","format":false,"excerpt":"O casar\u00e3o amarelo, numa esquina nobre de Porto Alegre (Ven\u00e2ncio Aires com Jo\u00e3o Pessoa), j\u00e1 abrigou uma escola. H\u00e1 duas d\u00e9cadas, pelo menos, est\u00e1 abandonado, porque seu propriet\u00e1rio, o governo do Estado do Rio Grande do Sul, n\u00e3o consegue achar um destino para ele. Planos n\u00e3o faltaram. O governador Ol\u00edvio\u2026","rel":"","context":"Em &quot;X.Categorias velhas&quot;","block_context":{"text":"X.Categorias velhas","link":"https:\/\/www.jornalja.com.br\/arquivo\/category\/x-categorias-velhas\/"},"img":{"alt_text":"geraldo1","src":"https:\/\/i0.wp.com\/www.jornalja.com.br\/wp-content\/uploads\/2009\/07\/geraldo1.jpg?resize=350%2C200&ssl=1","width":350,"height":200},"classes":[]},{"id":13124,"url":"https:\/\/www.jornalja.com.br\/arquivo\/sangue-latino-no-iecine\/","url_meta":{"origin":57750,"position":2},"title":"Sangue latino no IECINE","author":"da Reda\u00e7\u00e3o","date":"18 de maio de 2014","format":false,"excerpt":"Francisco Ribeiro O Instituto Estadual de Cinema (IECINE) tem a frente, desde abril \u00faltimo, um novo diretor, o cineasta colombiano Juan Zapata, 36, que substitui Luiz Alberto Cassol. Radicado h\u00e1 dez anos em Porto Alegre, Zapata tem diante de si o desafio de conduzir at\u00e9 o final do ano um\u2026","rel":"","context":"Em &quot;Cultura-Geral&quot;","block_context":{"text":"Cultura-Geral","link":"https:\/\/www.jornalja.com.br\/arquivo\/category\/materiasecundaria\/"},"img":{"alt_text":"","src":"","width":0,"height":0},"classes":[]},{"id":14241,"url":"https:\/\/www.jornalja.com.br\/arquivo\/o-guaiba-nas-imagens-poeticas-de-achutti\/","url_meta":{"origin":57750,"position":3},"title":"O Gua\u00edba nas imagens po\u00e9ticas de Achutti","author":"da Reda\u00e7\u00e3o","date":"18 de junho de 2014","format":false,"excerpt":"Em \u201cO Gua\u00edba por Achutti\u201d \u2013 obra financiada via Minist\u00e9rio da Cultura, produ\u00e7\u00e3o executiva de Pedro Longhi, e Fl\u00e1vio Wild como designer \u2013, o fot\u00f3grafo revela a beleza e as mazelas de um espa\u00e7o aqu\u00e1tico de \u00e1guas sempre renovadas, cheio de hist\u00f3rias e lendas como as das cidades que foram\u2026","rel":"","context":"Em &quot;Cultura-Geral&quot;","block_context":{"text":"Cultura-Geral","link":"https:\/\/www.jornalja.com.br\/arquivo\/category\/materiasecundaria\/"},"img":{"alt_text":"","src":"","width":0,"height":0},"classes":[]},{"id":13128,"url":"https:\/\/www.jornalja.com.br\/arquivo\/maconha-terra-diz-que-uso-medicinal-e-desculpa\/","url_meta":{"origin":57750,"position":4},"title":"Maconha: Terra diz que uso medicinal \u00e9 desculpa","author":"Patr\u00edcia Marini","date":"4 de junho de 2014","format":false,"excerpt":"A condi\u00e7\u00e3o de pol\u00edtico, em \u00e9poca de campanha de campanha eleitoral, tira for\u00e7a do discurso do m\u00e9dico Osmar Terra contra a legaliza\u00e7\u00e3o da maconha. A tese dele de que a libera\u00e7\u00e3o vai ampliar exponencialmente o consumo \u00e9 discutivel, o consumo \u00e9 corrente. Mas seus alertas quanto aos riscos tem que\u2026","rel":"","context":"Em &quot;X.Categorias velhas&quot;","block_context":{"text":"X.Categorias velhas","link":"https:\/\/www.jornalja.com.br\/arquivo\/category\/x-categorias-velhas\/"},"img":{"alt_text":"","src":"","width":0,"height":0},"classes":[]},{"id":12960,"url":"https:\/\/www.jornalja.com.br\/arquivo\/populacao-culpa-empresas-pela-greve-dos-rodoviarios\/","url_meta":{"origin":57750,"position":5},"title":"Popula\u00e7\u00e3o culpa empresas pela greve","author":"Patr\u00edcia Marini","date":"14 de fevereiro de 2014","format":false,"excerpt":"Pesquisa divulgada na edi\u00e7\u00e3o do jornal Metro desta sexta-feira,14, comprova o velho ditado: \u00e9 poss\u00edvel enganar muitos por algum tempo, mas n\u00e3o \u00e9 poss\u00edvel enganar a todos o tempo inteiro. A principal revela\u00e7\u00e3o foi que 59,8% dos entrevistados apontaram as empresas como as principais respons\u00e1veis pela grave e 46% culparam\u2026","rel":"","context":"Em &quot;X.Categorias velhas&quot;","block_context":{"text":"X.Categorias velhas","link":"https:\/\/www.jornalja.com.br\/arquivo\/category\/x-categorias-velhas\/"},"img":{"alt_text":"","src":"","width":0,"height":0},"classes":[]}],"jetpack_shortlink":"https:\/\/wp.me\/pbQjBd-f1s","jetpack_featured_media_url":"","_links":{"self":[{"href":"https:\/\/www.jornalja.com.br\/arquivo\/wp-json\/wp\/v2\/posts\/57750","targetHints":{"allow":["GET"]}}],"collection":[{"href":"https:\/\/www.jornalja.com.br\/arquivo\/wp-json\/wp\/v2\/posts"}],"about":[{"href":"https:\/\/www.jornalja.com.br\/arquivo\/wp-json\/wp\/v2\/types\/post"}],"author":[{"embeddable":true,"href":"https:\/\/www.jornalja.com.br\/arquivo\/wp-json\/wp\/v2\/users\/4"}],"replies":[{"embeddable":true,"href":"https:\/\/www.jornalja.com.br\/arquivo\/wp-json\/wp\/v2\/comments?post=57750"}],"version-history":[{"count":0,"href":"https:\/\/www.jornalja.com.br\/arquivo\/wp-json\/wp\/v2\/posts\/57750\/revisions"}],"wp:attachment":[{"href":"https:\/\/www.jornalja.com.br\/arquivo\/wp-json\/wp\/v2\/media?parent=57750"}],"wp:term":[{"taxonomy":"category","embeddable":true,"href":"https:\/\/www.jornalja.com.br\/arquivo\/wp-json\/wp\/v2\/categories?post=57750"},{"taxonomy":"post_tag","embeddable":true,"href":"https:\/\/www.jornalja.com.br\/arquivo\/wp-json\/wp\/v2\/tags?post=57750"}],"curies":[{"name":"wp","href":"https:\/\/api.w.org\/{rel}","templated":true}]}}