{"id":57859,"date":"2017-12-02T10:28:12","date_gmt":"2017-12-02T12:28:12","guid":{"rendered":"https:\/\/www.jornalja.com.br\/?p=57859"},"modified":"2017-12-02T10:28:12","modified_gmt":"2017-12-02T12:28:12","slug":"falta-mel-de-laranjeira-no-final-de-2017-devido-a-chuvas-em-excesso","status":"publish","type":"post","link":"https:\/\/www.jornalja.com.br\/arquivo\/falta-mel-de-laranjeira-no-final-de-2017-devido-a-chuvas-em-excesso\/","title":{"rendered":"Falta mel de laranjeira no final de 2017 devido a chuvas em excesso"},"content":{"rendered":"<p><span class=\"assina\">GERALDO HASSE<\/span><br \/>\nUm cego acompanhado pela mulher encostou na banca do apicultor Anselmo Kuhn na feira-livre das segundas-feiras na Pra\u00e7a 20 de Setembro em S\u00e3o Leopoldo e pediu: \u201cTem mel de laranjeira? \u00c9 o meu preferido&#8230;bem levinho&#8230;\u201d<br \/>\n\u201cMel de laranjeira&#8230;Vou ficar devendo\u201d, respondeu Kuhn, lembrando que tinha no estoque um \u00faltimo pote da safra do ano passado &#8211; levado minutos antes por outro fregu\u00eas do Mel Lomba Grande. \u00c9 que no fim da primavera cresce a procura pelo mel dos c\u00edtricos.<br \/>\n<figure id=\"attachment_57857\" aria-describedby=\"caption-attachment-57857\" style=\"width: 227px\" class=\"wp-caption alignright\"><img loading=\"lazy\" decoding=\"async\" class=\"wp-image-57857 \" src=\"https:\/\/www.jornalja.com.br\/wp-content\/uploads\/2017\/12\/apicultor01_anselmokuhn-e1512143201137-317x400.jpg\" alt=\"\" width=\"227\" height=\"284\" \/><figcaption id=\"caption-attachment-57857\" class=\"wp-caption-text\">Anselmo Kuhn, presidente da Federa\u00e7\u00e3o Ap\u00edcola do RS<\/figcaption><\/figure><br \/>\nPresidente da Federa\u00e7\u00e3o Ap\u00edcola do Rio Grande do Sul, Kuhn explica em tom casual que \u201ceste ano vamos ficar sem mel de laranjeira\u201d j\u00e1 que as chuvas do final de inverno lavaram as floradas da maior parte dos c\u00edtricos cultivados em cerca de 25 mil hectares dos vales dos rios Ca\u00ed e Taquari, \u201cdeixando as abelhas praticamente sem comida\u201d.<br \/>\nEm consequ\u00eancia, muitos api\u00e1rios como o de Kuhn, sediado no bairro Lomba Grande, em Novo Hamburgo, tiveram de remover suas colmeias dos pomares de c\u00edtricos para \u00e1reas alternativas na busca de outras floradas da felizmente pr\u00f3diga primavera de 2017. Todos sabem que, havendo flor, desde que n\u00e3o chova demais, as abelhas se mant\u00eam em atividade.<br \/>\n<span class=\"intertit\">ESCASSEZ<\/span><br \/>\nAt\u00e9 o final de novembro as lojas ap\u00edcolas ainda n\u00e3o haviam recebido mel de laranjeira de seus fornecedores. Segundo Rojane Ferronatto, propriet\u00e1ria da Casa do Mel, de Taba\u00ed, no Km 385 da BR-386, \u201ceste ano a produ\u00e7\u00e3o foi realmente pequena, mas j\u00e1 sabemos que est\u00e1 para chegar o mel das bergamoteiras dos fund\u00f5es de Montenegro, Salvador do Sul e Brochier\u201d.<br \/>\nRicardo Bonetto, s\u00f3cio-propriet\u00e1rio da Honig Haus\/Casa do Mel de S\u00e3o Leopoldo, admite que o produto est\u00e1 em falta, mas tem esperan\u00e7a de formar um estoque\u00a0\u00a0proveniente de \u00e1reas c\u00edtricas emergentes na Campanha Ga\u00facha, de onde costuma receber mel de eucalipto e o silvestre.<br \/>\n<figure id=\"attachment_57897\" aria-describedby=\"caption-attachment-57897\" style=\"width: 400px\" class=\"wp-caption alignleft\"><img loading=\"lazy\" decoding=\"async\" class=\"size-medium wp-image-57897\" src=\"https:\/\/www.jornalja.com.br\/wp-content\/uploads\/2017\/12\/Sem-t\u00edtulo-400x347.jpg\" alt=\"\" width=\"400\" height=\"347\" \/><figcaption id=\"caption-attachment-57897\" class=\"wp-caption-text\">A abelha-europeia em flor de laranjeira \/ Sidia Witter \/ Arquivo Fepagro\/RS<\/figcaption><\/figure><br \/>\nApesar do acidente clim\u00e1tico respons\u00e1vel pela escassez de um dos m\u00e9is mais procurados pelos consumidores \u2013 o mel de laranjeira \u00e9 claro, fino e perfumado \u2013, o ano ap\u00edcola de 2017 n\u00e3o pode ser considerado ruim, como foi o ano de 2015, quando os apicultores perderam milhares de enxames por causa de uma tr\u00e1gica combina\u00e7\u00e3o de dist\u00farbios clim\u00e1ticos diversos: chuvas, enchentes, seca, frio e falta de alimento para as abelhas.<br \/>\nNaquele ano, a queda da produ\u00e7\u00e3o de mel no Rio Grande do Sul foi compensada, em parte, por importa\u00e7\u00f5es do Uruguai, cuja flora se assemelha \u00e0 da campanha ga\u00facha. No entanto, se a vegeta\u00e7\u00e3o j\u00e1 se recuperou dos reveses de 2015, muitos apicultores ainda n\u00e3o se aprumaram, tanto que 30% das 90 associa\u00e7\u00f5es ap\u00edcolas do Estado est\u00e3o inadimplentes junto \u00e0 federa\u00e7\u00e3o, naturalmente pobre, como \u00e9 a maioria dos 30 mil criadores de abelhas ga\u00fachos.<br \/>\n<span class=\"intertit\">UVA-DO-JAP\u00c3O\u00a0\u00a0\u00a0<\/span><br \/>\nNa feira-livre de S\u00e3o Leopoldo, depois de oferecer alguns esclarecimentos monossil\u00e1bicos sobre a sujei\u00e7\u00e3o dos apicultores \u00e0s varia\u00e7\u00f5es do clima, Anselmo Kuhn apresentou ao fregu\u00eas deficiente visual um pote de mel de uva-do-Jap\u00e3o, \u00e1rvore ex\u00f3tica que prolifera na mata atl\u00e2ntica do Sul do Brasil, onde j\u00e1 estaria presente numa \u00e1rea equivalente a 1 milh\u00e3o de hectares, segundo estimativas de alguns t\u00e9cnicos.<br \/>\nTamb\u00e9m conhecida por seu nome cient\u00edfico (<em>Hovenia dulcis Thunberg<\/em>), essa bela \u00e1rvore oriental foi introduzida no paisagismo urbano e tem sido semeada aleatoriamente por animais como o fur\u00e3o. Considerada \u201cinvasora\u201d, floresce na mesma \u00e9poca dos c\u00edtricos.<br \/>\nAt\u00e9 agora identificado como \u201csilvestre\u201d, como s\u00e3o todos os m\u00e9is provenientes de uma mescla de n\u00e9ctares de campos e matas, o mel da hov\u00eania tamb\u00e9m \u00e9 claro, mas sem perfume. \u201c\u00c9 parecido com o de laranjeira\u201d, diz Kuhn, que identifica os potes com a sigla UJ. Sua produ\u00e7\u00e3o \u00e9 t\u00e3o significativa e diferenciada que o mel de uva-do-Jap\u00e3o pode vir a figurar entre os poucos m\u00e9is com nome pr\u00f3prio, como acontece com o de eucalipto, laranjeira, quitoco e o mel branco dos Campos de Cima da Serra.<\/p>\n","protected":false},"excerpt":{"rendered":"<p>GERALDO HASSE Um cego acompanhado pela mulher encostou na banca do apicultor Anselmo Kuhn na feira-livre das segundas-feiras na Pra\u00e7a 20 de Setembro em S\u00e3o Leopoldo e pediu: \u201cTem mel de laranjeira? \u00c9 o meu preferido&#8230;bem levinho&#8230;\u201d \u201cMel de laranjeira&#8230;Vou ficar devendo\u201d, respondeu Kuhn, lembrando que tinha no estoque um \u00faltimo pote da safra do [&hellip;]<\/p>\n","protected":false},"author":4,"featured_media":57856,"comment_status":"open","ping_status":"closed","sticky":false,"template":"","format":"standard","meta":{"_jetpack_newsletter_access":"","_jetpack_dont_email_post_to_subs":false,"_jetpack_newsletter_tier_id":0,"_jetpack_memberships_contains_paywalled_content":false,"_jetpack_feature_clip_id":0,"_jetpack_memberships_contains_paid_content":false,"footnotes":"","jetpack_post_was_ever_published":false},"categories":[26],"tags":[],"class_list":["post-57859","post","type-post","status-publish","format-standard","has-post-thumbnail","hentry","category-geral"],"aioseo_notices":[],"aioseo_head":"\n\t\t<!-- All in One SEO 5.0.1.1 - aioseo.com -->\n\t<meta name=\"robots\" content=\"max-image-preview:large\" \/>\n\t<meta name=\"author\" content=\"da Reda\u00e7\u00e3o\"\/>\n\t<link rel=\"canonical\" href=\"https:\/\/www.jornalja.com.br\/arquivo\/falta-mel-de-laranjeira-no-final-de-2017-devido-a-chuvas-em-excesso\/\" \/>\n\t<meta name=\"generator\" content=\"All in One SEO (AIOSEO) 5.0.1.1\" \/>\n\t\t<meta property=\"og:locale\" content=\"pt_BR\" \/>\n\t\t<meta property=\"og:site_name\" content=\"Arquivo | Jornal J\u00c1 | Porto Alegre\" \/>\n\t\t<meta property=\"og:type\" content=\"article\" \/>\n\t\t<meta property=\"og:title\" content=\"Falta mel de laranjeira no final de 2017 devido a chuvas em excesso | Arquivo\" \/>\n\t\t<meta property=\"og:url\" content=\"https:\/\/www.jornalja.com.br\/arquivo\/falta-mel-de-laranjeira-no-final-de-2017-devido-a-chuvas-em-excesso\/\" \/>\n\t\t<meta property=\"og:image\" content=\"https:\/\/www.jornalja.com.br\/wp-content\/uploads\/2017\/12\/apicultor01_anselmokuhn-e1512143201137-317x400.jpg\" \/>\n\t\t<meta property=\"og:image:secure_url\" content=\"https:\/\/www.jornalja.com.br\/wp-content\/uploads\/2017\/12\/apicultor01_anselmokuhn-e1512143201137-317x400.jpg\" \/>\n\t\t<meta property=\"article:published_time\" content=\"2017-12-02T12:28:12+00:00\" \/>\n\t\t<meta property=\"article:modified_time\" content=\"2017-12-02T12:28:12+00:00\" \/>\n\t\t<meta name=\"twitter:card\" content=\"summary\" \/>\n\t\t<meta name=\"twitter:title\" content=\"Falta mel de laranjeira no final de 2017 devido a chuvas em excesso | Arquivo\" \/>\n\t\t<meta name=\"twitter:image\" content=\"https:\/\/www.jornalja.com.br\/economics\/wp-content\/uploads\/sites\/11\/2026\/08\/ja-folhaderosto-facebook.jpg\" \/>\n\t\t<script type=\"application\/ld+json\" class=\"aioseo-schema\">\n\t\t\t{\"@context\":\"https:\\\/\\\/schema.org\",\"@graph\":[{\"@type\":\"BlogPosting\",\"@id\":\"https:\\\/\\\/www.jornalja.com.br\\\/arquivo\\\/falta-mel-de-laranjeira-no-final-de-2017-devido-a-chuvas-em-excesso\\\/#blogposting\",\"name\":\"Falta mel de laranjeira no final de 2017 devido a chuvas em excesso | Arquivo\",\"headline\":\"Falta mel de laranjeira no final de 2017 devido a chuvas em excesso\",\"author\":{\"@id\":\"https:\\\/\\\/www.jornalja.com.br\\\/arquivo\\\/author\\\/daredacao\\\/#author\"},\"publisher\":{\"@id\":\"https:\\\/\\\/www.jornalja.com.br\\\/arquivo\\\/#organization\"},\"image\":{\"@type\":\"ImageObject\",\"url\":57856},\"datePublished\":\"2017-12-02T10:28:12-02:00\",\"dateModified\":\"2017-12-02T10:28:12-02:00\",\"inLanguage\":\"pt-BR\",\"mainEntityOfPage\":{\"@id\":\"https:\\\/\\\/www.jornalja.com.br\\\/arquivo\\\/falta-mel-de-laranjeira-no-final-de-2017-devido-a-chuvas-em-excesso\\\/#webpage\"},\"isPartOf\":{\"@id\":\"https:\\\/\\\/www.jornalja.com.br\\\/arquivo\\\/falta-mel-de-laranjeira-no-final-de-2017-devido-a-chuvas-em-excesso\\\/#webpage\"},\"articleSection\":\"Geral\"},{\"@type\":\"BreadcrumbList\",\"@id\":\"https:\\\/\\\/www.jornalja.com.br\\\/arquivo\\\/falta-mel-de-laranjeira-no-final-de-2017-devido-a-chuvas-em-excesso\\\/#breadcrumblist\",\"itemListElement\":[{\"@type\":\"ListItem\",\"@id\":\"https:\\\/\\\/www.jornalja.com.br\\\/arquivo#listItem\",\"position\":1,\"name\":\"Home\",\"item\":\"https:\\\/\\\/www.jornalja.com.br\\\/arquivo\",\"nextItem\":{\"@type\":\"ListItem\",\"@id\":\"https:\\\/\\\/www.jornalja.com.br\\\/arquivo\\\/category\\\/geral\\\/#listItem\",\"name\":\"Geral\"}},{\"@type\":\"ListItem\",\"@id\":\"https:\\\/\\\/www.jornalja.com.br\\\/arquivo\\\/category\\\/geral\\\/#listItem\",\"position\":2,\"name\":\"Geral\",\"item\":\"https:\\\/\\\/www.jornalja.com.br\\\/arquivo\\\/category\\\/geral\\\/\",\"nextItem\":{\"@type\":\"ListItem\",\"@id\":\"https:\\\/\\\/www.jornalja.com.br\\\/arquivo\\\/falta-mel-de-laranjeira-no-final-de-2017-devido-a-chuvas-em-excesso\\\/#listItem\",\"name\":\"Falta mel de laranjeira no final de 2017 devido a chuvas em excesso\"},\"previousItem\":{\"@type\":\"ListItem\",\"@id\":\"https:\\\/\\\/www.jornalja.com.br\\\/arquivo#listItem\",\"name\":\"Home\"}},{\"@type\":\"ListItem\",\"@id\":\"https:\\\/\\\/www.jornalja.com.br\\\/arquivo\\\/falta-mel-de-laranjeira-no-final-de-2017-devido-a-chuvas-em-excesso\\\/#listItem\",\"position\":3,\"name\":\"Falta mel de laranjeira no final de 2017 devido a chuvas em excesso\",\"previousItem\":{\"@type\":\"ListItem\",\"@id\":\"https:\\\/\\\/www.jornalja.com.br\\\/arquivo\\\/category\\\/geral\\\/#listItem\",\"name\":\"Geral\"}}]},{\"@type\":\"Organization\",\"@id\":\"https:\\\/\\\/www.jornalja.com.br\\\/arquivo\\\/#organization\",\"name\":\"Jornal J\\u00c1\",\"description\":\"Jornal J\\u00c1 | Porto Alegre\",\"url\":\"https:\\\/\\\/www.jornalja.com.br\\\/arquivo\\\/\",\"telephone\":\"+555133307272\",\"logo\":{\"@type\":\"ImageObject\",\"url\":\"https:\\\/\\\/www.jornalja.com.br\\\/wp-content\\\/uploads\\\/cards\\\/JAslogan.png\",\"@id\":\"https:\\\/\\\/www.jornalja.com.br\\\/arquivo\\\/falta-mel-de-laranjeira-no-final-de-2017-devido-a-chuvas-em-excesso\\\/#organizationLogo\"},\"image\":{\"@id\":\"https:\\\/\\\/www.jornalja.com.br\\\/arquivo\\\/falta-mel-de-laranjeira-no-final-de-2017-devido-a-chuvas-em-excesso\\\/#organizationLogo\"}},{\"@type\":\"Person\",\"@id\":\"https:\\\/\\\/www.jornalja.com.br\\\/arquivo\\\/author\\\/daredacao\\\/#author\",\"url\":\"https:\\\/\\\/www.jornalja.com.br\\\/arquivo\\\/author\\\/daredacao\\\/\",\"name\":\"da Reda\\u00e7\\u00e3o\",\"image\":{\"@type\":\"ImageObject\",\"@id\":\"https:\\\/\\\/www.jornalja.com.br\\\/arquivo\\\/falta-mel-de-laranjeira-no-final-de-2017-devido-a-chuvas-em-excesso\\\/#authorImage\",\"url\":\"https:\\\/\\\/secure.gravatar.com\\\/avatar\\\/469fd857d6605ad19919d27ed29d35a968a25f6e8fd9318356bbb7f57aae9c65?s=96&d=mm&r=g\",\"width\":96,\"height\":96,\"caption\":\"da Reda\\u00e7\\u00e3o\"}},{\"@type\":\"WebPage\",\"@id\":\"https:\\\/\\\/www.jornalja.com.br\\\/arquivo\\\/falta-mel-de-laranjeira-no-final-de-2017-devido-a-chuvas-em-excesso\\\/#webpage\",\"url\":\"https:\\\/\\\/www.jornalja.com.br\\\/arquivo\\\/falta-mel-de-laranjeira-no-final-de-2017-devido-a-chuvas-em-excesso\\\/\",\"name\":\"Falta mel de laranjeira no final de 2017 devido a chuvas em excesso | Arquivo\",\"inLanguage\":\"pt-BR\",\"isPartOf\":{\"@id\":\"https:\\\/\\\/www.jornalja.com.br\\\/arquivo\\\/#website\"},\"breadcrumb\":{\"@id\":\"https:\\\/\\\/www.jornalja.com.br\\\/arquivo\\\/falta-mel-de-laranjeira-no-final-de-2017-devido-a-chuvas-em-excesso\\\/#breadcrumblist\"},\"author\":{\"@id\":\"https:\\\/\\\/www.jornalja.com.br\\\/arquivo\\\/author\\\/daredacao\\\/#author\"},\"creator\":{\"@id\":\"https:\\\/\\\/www.jornalja.com.br\\\/arquivo\\\/author\\\/daredacao\\\/#author\"},\"image\":{\"@type\":\"ImageObject\",\"url\":57856,\"@id\":\"https:\\\/\\\/www.jornalja.com.br\\\/arquivo\\\/falta-mel-de-laranjeira-no-final-de-2017-devido-a-chuvas-em-excesso\\\/#mainImage\"},\"primaryImageOfPage\":{\"@id\":\"https:\\\/\\\/www.jornalja.com.br\\\/arquivo\\\/falta-mel-de-laranjeira-no-final-de-2017-devido-a-chuvas-em-excesso\\\/#mainImage\"},\"datePublished\":\"2017-12-02T10:28:12-02:00\",\"dateModified\":\"2017-12-02T10:28:12-02:00\"},{\"@type\":\"WebSite\",\"@id\":\"https:\\\/\\\/www.jornalja.com.br\\\/arquivo\\\/#website\",\"url\":\"https:\\\/\\\/www.jornalja.com.br\\\/arquivo\\\/\",\"name\":\"Arquivo\",\"description\":\"Jornal J\\u00c1 | Porto Alegre\",\"inLanguage\":\"pt-BR\",\"publisher\":{\"@id\":\"https:\\\/\\\/www.jornalja.com.br\\\/arquivo\\\/#organization\"}}]}\n\t\t<\/script>\n\t\t<!-- All in One SEO -->\n\n","aioseo_head_json":{"title":"Falta mel de laranjeira no final de 2017 devido a chuvas em excesso | Arquivo","description":"","canonical_url":"https:\/\/www.jornalja.com.br\/arquivo\/falta-mel-de-laranjeira-no-final-de-2017-devido-a-chuvas-em-excesso\/","robots":"max-image-preview:large","keywords":"","webmasterTools":{"miscellaneous":""},"schema":{"@context":"https:\/\/schema.org","@graph":[{"@type":"BlogPosting","@id":"https:\/\/www.jornalja.com.br\/arquivo\/falta-mel-de-laranjeira-no-final-de-2017-devido-a-chuvas-em-excesso\/#blogposting","name":"Falta mel de laranjeira no final de 2017 devido a chuvas em excesso | Arquivo","headline":"Falta mel de laranjeira no final de 2017 devido a chuvas em excesso","author":{"@id":"https:\/\/www.jornalja.com.br\/arquivo\/author\/daredacao\/#author"},"publisher":{"@id":"https:\/\/www.jornalja.com.br\/arquivo\/#organization"},"image":{"@type":"ImageObject","url":57856},"datePublished":"2017-12-02T10:28:12-02:00","dateModified":"2017-12-02T10:28:12-02:00","inLanguage":"pt-BR","mainEntityOfPage":{"@id":"https:\/\/www.jornalja.com.br\/arquivo\/falta-mel-de-laranjeira-no-final-de-2017-devido-a-chuvas-em-excesso\/#webpage"},"isPartOf":{"@id":"https:\/\/www.jornalja.com.br\/arquivo\/falta-mel-de-laranjeira-no-final-de-2017-devido-a-chuvas-em-excesso\/#webpage"},"articleSection":"Geral"},{"@type":"BreadcrumbList","@id":"https:\/\/www.jornalja.com.br\/arquivo\/falta-mel-de-laranjeira-no-final-de-2017-devido-a-chuvas-em-excesso\/#breadcrumblist","itemListElement":[{"@type":"ListItem","@id":"https:\/\/www.jornalja.com.br\/arquivo#listItem","position":1,"name":"Home","item":"https:\/\/www.jornalja.com.br\/arquivo","nextItem":{"@type":"ListItem","@id":"https:\/\/www.jornalja.com.br\/arquivo\/category\/geral\/#listItem","name":"Geral"}},{"@type":"ListItem","@id":"https:\/\/www.jornalja.com.br\/arquivo\/category\/geral\/#listItem","position":2,"name":"Geral","item":"https:\/\/www.jornalja.com.br\/arquivo\/category\/geral\/","nextItem":{"@type":"ListItem","@id":"https:\/\/www.jornalja.com.br\/arquivo\/falta-mel-de-laranjeira-no-final-de-2017-devido-a-chuvas-em-excesso\/#listItem","name":"Falta mel de laranjeira no final de 2017 devido a chuvas em excesso"},"previousItem":{"@type":"ListItem","@id":"https:\/\/www.jornalja.com.br\/arquivo#listItem","name":"Home"}},{"@type":"ListItem","@id":"https:\/\/www.jornalja.com.br\/arquivo\/falta-mel-de-laranjeira-no-final-de-2017-devido-a-chuvas-em-excesso\/#listItem","position":3,"name":"Falta mel de laranjeira no final de 2017 devido a chuvas em excesso","previousItem":{"@type":"ListItem","@id":"https:\/\/www.jornalja.com.br\/arquivo\/category\/geral\/#listItem","name":"Geral"}}]},{"@type":"Organization","@id":"https:\/\/www.jornalja.com.br\/arquivo\/#organization","name":"Jornal J\u00c1","description":"Jornal J\u00c1 | Porto Alegre","url":"https:\/\/www.jornalja.com.br\/arquivo\/","telephone":"+555133307272","logo":{"@type":"ImageObject","url":"https:\/\/www.jornalja.com.br\/wp-content\/uploads\/cards\/JAslogan.png","@id":"https:\/\/www.jornalja.com.br\/arquivo\/falta-mel-de-laranjeira-no-final-de-2017-devido-a-chuvas-em-excesso\/#organizationLogo"},"image":{"@id":"https:\/\/www.jornalja.com.br\/arquivo\/falta-mel-de-laranjeira-no-final-de-2017-devido-a-chuvas-em-excesso\/#organizationLogo"}},{"@type":"Person","@id":"https:\/\/www.jornalja.com.br\/arquivo\/author\/daredacao\/#author","url":"https:\/\/www.jornalja.com.br\/arquivo\/author\/daredacao\/","name":"da Reda\u00e7\u00e3o","image":{"@type":"ImageObject","@id":"https:\/\/www.jornalja.com.br\/arquivo\/falta-mel-de-laranjeira-no-final-de-2017-devido-a-chuvas-em-excesso\/#authorImage","url":"https:\/\/secure.gravatar.com\/avatar\/469fd857d6605ad19919d27ed29d35a968a25f6e8fd9318356bbb7f57aae9c65?s=96&d=mm&r=g","width":96,"height":96,"caption":"da Reda\u00e7\u00e3o"}},{"@type":"WebPage","@id":"https:\/\/www.jornalja.com.br\/arquivo\/falta-mel-de-laranjeira-no-final-de-2017-devido-a-chuvas-em-excesso\/#webpage","url":"https:\/\/www.jornalja.com.br\/arquivo\/falta-mel-de-laranjeira-no-final-de-2017-devido-a-chuvas-em-excesso\/","name":"Falta mel de laranjeira no final de 2017 devido a chuvas em excesso | Arquivo","inLanguage":"pt-BR","isPartOf":{"@id":"https:\/\/www.jornalja.com.br\/arquivo\/#website"},"breadcrumb":{"@id":"https:\/\/www.jornalja.com.br\/arquivo\/falta-mel-de-laranjeira-no-final-de-2017-devido-a-chuvas-em-excesso\/#breadcrumblist"},"author":{"@id":"https:\/\/www.jornalja.com.br\/arquivo\/author\/daredacao\/#author"},"creator":{"@id":"https:\/\/www.jornalja.com.br\/arquivo\/author\/daredacao\/#author"},"image":{"@type":"ImageObject","url":57856,"@id":"https:\/\/www.jornalja.com.br\/arquivo\/falta-mel-de-laranjeira-no-final-de-2017-devido-a-chuvas-em-excesso\/#mainImage"},"primaryImageOfPage":{"@id":"https:\/\/www.jornalja.com.br\/arquivo\/falta-mel-de-laranjeira-no-final-de-2017-devido-a-chuvas-em-excesso\/#mainImage"},"datePublished":"2017-12-02T10:28:12-02:00","dateModified":"2017-12-02T10:28:12-02:00"},{"@type":"WebSite","@id":"https:\/\/www.jornalja.com.br\/arquivo\/#website","url":"https:\/\/www.jornalja.com.br\/arquivo\/","name":"Arquivo","description":"Jornal J\u00c1 | Porto Alegre","inLanguage":"pt-BR","publisher":{"@id":"https:\/\/www.jornalja.com.br\/arquivo\/#organization"}}]},"og:locale":"pt_BR","og:site_name":"Arquivo | Jornal J\u00c1 | Porto Alegre","og:type":"article","og:title":"Falta mel de laranjeira no final de 2017 devido a chuvas em excesso | Arquivo","og:url":"https:\/\/www.jornalja.com.br\/arquivo\/falta-mel-de-laranjeira-no-final-de-2017-devido-a-chuvas-em-excesso\/","og:image":"https:\/\/www.jornalja.com.br\/wp-content\/uploads\/2017\/12\/apicultor01_anselmokuhn-e1512143201137-317x400.jpg","og:image:secure_url":"https:\/\/www.jornalja.com.br\/wp-content\/uploads\/2017\/12\/apicultor01_anselmokuhn-e1512143201137-317x400.jpg","article:published_time":"2017-12-02T12:28:12+00:00","article:modified_time":"2017-12-02T12:28:12+00:00","twitter:card":"summary","twitter:title":"Falta mel de laranjeira no final de 2017 devido a chuvas em excesso | Arquivo","twitter:image":"https:\/\/www.jornalja.com.br\/economics\/wp-content\/uploads\/sites\/11\/2026\/08\/ja-folhaderosto-facebook.jpg"},"aioseo_meta_data":{"post_id":"57859","title":null,"description":null,"keywords":null,"keyphrases":null,"primary_term":null,"canonical_url":null,"og_title":null,"og_description":null,"og_object_type":"default","og_image_type":"default","og_image_url":null,"og_image_width":null,"og_image_height":null,"og_image_custom_url":null,"og_image_custom_fields":null,"og_video":null,"og_custom_url":null,"og_article_section":null,"og_article_tags":null,"twitter_use_og":false,"twitter_card":"default","twitter_image_type":"default","twitter_image_url":null,"twitter_image_custom_url":null,"twitter_image_custom_fields":null,"twitter_title":null,"twitter_description":null,"schema":{"blockGraphs":[],"customGraphs":[],"default":{"data":{"Article":[],"Course":[],"Dataset":[],"FAQPage":[],"Movie":[],"Person":[],"Product":[],"ProductReview":[],"Car":[],"Recipe":[],"Service":[],"SoftwareApplication":[],"WebPage":[]},"graphName":"","isEnabled":true},"graphs":[]},"schema_type":null,"schema_type_options":null,"pillar_content":false,"robots_default":true,"robots_noindex":false,"robots_noarchive":false,"robots_nosnippet":false,"robots_nofollow":false,"robots_noimageindex":false,"robots_noodp":false,"robots_notranslate":false,"robots_max_snippet":null,"robots_max_videopreview":null,"robots_max_imagepreview":"large","priority":null,"frequency":null,"location":null,"local_seo":null,"breadcrumb_settings":null,"limit_modified_date":false,"ai":null,"created":"2020-12-20 20:20:44","updated":"2025-07-20 02:43:45","seo_analyzer_scan_date":null,"focus_keyword":null,"additional_keywords":null,"truseo_locale":null},"jetpack_sharing_enabled":true,"jetpack-related-posts":[{"id":13124,"url":"https:\/\/www.jornalja.com.br\/arquivo\/sangue-latino-no-iecine\/","url_meta":{"origin":57859,"position":0},"title":"Sangue latino no IECINE","author":"da Reda\u00e7\u00e3o","date":"18 de maio de 2014","format":false,"excerpt":"Francisco Ribeiro O Instituto Estadual de Cinema (IECINE) tem a frente, desde abril \u00faltimo, um novo diretor, o cineasta colombiano Juan Zapata, 36, que substitui Luiz Alberto Cassol. Radicado h\u00e1 dez anos em Porto Alegre, Zapata tem diante de si o desafio de conduzir at\u00e9 o final do ano um\u2026","rel":"","context":"Em &quot;Cultura-Geral&quot;","block_context":{"text":"Cultura-Geral","link":"https:\/\/www.jornalja.com.br\/arquivo\/category\/materiasecundaria\/"},"img":{"alt_text":"","src":"","width":0,"height":0},"classes":[]},{"id":13240,"url":"https:\/\/www.jornalja.com.br\/arquivo\/plano-diretor-estamos-construindo-o-caos\/","url_meta":{"origin":57859,"position":1},"title":"Plano diretor: &quot;Estamos construindo o caos&quot;","author":"Patr\u00edcia Marini","date":"26 de maio de 2014","format":false,"excerpt":"Desabafo que arquiteta Eliana Castilhos, delegada da Regi\u00e3o de Planejamento 1, postou nas redes sociais \u00e9 um testemunho do ambiente que se criou no Conselho do Plano Diretor de Porto Alegre, onde a aprova\u00e7\u00e3o de grandes empreendimentos \u00e9 empurrada guela abaixo dos conselheiros. Ao CMDUA Como delegada da Regi\u00e3o de\u2026","rel":"","context":"Em &quot;Geral&quot;","block_context":{"text":"Geral","link":"https:\/\/www.jornalja.com.br\/arquivo\/category\/geral\/"},"img":{"alt_text":"","src":"","width":0,"height":0},"classes":[]},{"id":13101,"url":"https:\/\/www.jornalja.com.br\/arquivo\/morre-um-guerreiro-do-texto\/","url_meta":{"origin":57859,"position":2},"title":"Morre um guerreiro do texto","author":"Patr\u00edcia Marini","date":"14 de maio de 2014","format":false,"excerpt":"Por Ricardo Kotscho Reproduzido do blog do autor, 11\/5\/2014; t\u00edtulo original \u201cE l\u00e1 se foi o nosso Myltainho, guerreiro do texto\u201d. Mi\u00fado e franzino, meu amigo Myltainho era um valente e inconformado guerreiro na luta contra as injusti\u00e7as sociais, a hipocrisia, as maracutaias, o autoritarismo, a intoler\u00e2ncia, a viol\u00eancia, o\u2026","rel":"","context":"Em &quot;Geral&quot;","block_context":{"text":"Geral","link":"https:\/\/www.jornalja.com.br\/arquivo\/category\/geral\/"},"img":{"alt_text":"","src":"","width":0,"height":0},"classes":[]},{"id":14241,"url":"https:\/\/www.jornalja.com.br\/arquivo\/o-guaiba-nas-imagens-poeticas-de-achutti\/","url_meta":{"origin":57859,"position":3},"title":"O Gua\u00edba nas imagens po\u00e9ticas de Achutti","author":"da Reda\u00e7\u00e3o","date":"18 de junho de 2014","format":false,"excerpt":"Em \u201cO Gua\u00edba por Achutti\u201d \u2013 obra financiada via Minist\u00e9rio da Cultura, produ\u00e7\u00e3o executiva de Pedro Longhi, e Fl\u00e1vio Wild como designer \u2013, o fot\u00f3grafo revela a beleza e as mazelas de um espa\u00e7o aqu\u00e1tico de \u00e1guas sempre renovadas, cheio de hist\u00f3rias e lendas como as das cidades que foram\u2026","rel":"","context":"Em &quot;Cultura-Geral&quot;","block_context":{"text":"Cultura-Geral","link":"https:\/\/www.jornalja.com.br\/arquivo\/category\/materiasecundaria\/"},"img":{"alt_text":"","src":"","width":0,"height":0},"classes":[]},{"id":5440,"url":"https:\/\/www.jornalja.com.br\/arquivo\/casarao-da-venancio-destino-permanece-incerto\/","url_meta":{"origin":57859,"position":4},"title":"Estado ainda n\u00e3o sabe o que fazer com casar\u00e3o abandonado h\u00e1 20 anos","author":"Elmar Bones","date":"6 de julho de 2009","format":false,"excerpt":"O casar\u00e3o amarelo, numa esquina nobre de Porto Alegre (Ven\u00e2ncio Aires com Jo\u00e3o Pessoa), j\u00e1 abrigou uma escola. H\u00e1 duas d\u00e9cadas, pelo menos, est\u00e1 abandonado, porque seu propriet\u00e1rio, o governo do Estado do Rio Grande do Sul, n\u00e3o consegue achar um destino para ele. Planos n\u00e3o faltaram. O governador Ol\u00edvio\u2026","rel":"","context":"Em &quot;X.Categorias velhas&quot;","block_context":{"text":"X.Categorias velhas","link":"https:\/\/www.jornalja.com.br\/arquivo\/category\/x-categorias-velhas\/"},"img":{"alt_text":"geraldo1","src":"https:\/\/i0.wp.com\/www.jornalja.com.br\/wp-content\/uploads\/2009\/07\/geraldo1.jpg?resize=350%2C200&ssl=1","width":350,"height":200},"classes":[]},{"id":12960,"url":"https:\/\/www.jornalja.com.br\/arquivo\/populacao-culpa-empresas-pela-greve-dos-rodoviarios\/","url_meta":{"origin":57859,"position":5},"title":"Popula\u00e7\u00e3o culpa empresas pela greve","author":"Patr\u00edcia Marini","date":"14 de fevereiro de 2014","format":false,"excerpt":"Pesquisa divulgada na edi\u00e7\u00e3o do jornal Metro desta sexta-feira,14, comprova o velho ditado: \u00e9 poss\u00edvel enganar muitos por algum tempo, mas n\u00e3o \u00e9 poss\u00edvel enganar a todos o tempo inteiro. A principal revela\u00e7\u00e3o foi que 59,8% dos entrevistados apontaram as empresas como as principais respons\u00e1veis pela grave e 46% culparam\u2026","rel":"","context":"Em &quot;X.Categorias velhas&quot;","block_context":{"text":"X.Categorias velhas","link":"https:\/\/www.jornalja.com.br\/arquivo\/category\/x-categorias-velhas\/"},"img":{"alt_text":"","src":"","width":0,"height":0},"classes":[]}],"jetpack_shortlink":"https:\/\/wp.me\/pbQjBd-f3d","jetpack_featured_media_url":"","_links":{"self":[{"href":"https:\/\/www.jornalja.com.br\/arquivo\/wp-json\/wp\/v2\/posts\/57859","targetHints":{"allow":["GET"]}}],"collection":[{"href":"https:\/\/www.jornalja.com.br\/arquivo\/wp-json\/wp\/v2\/posts"}],"about":[{"href":"https:\/\/www.jornalja.com.br\/arquivo\/wp-json\/wp\/v2\/types\/post"}],"author":[{"embeddable":true,"href":"https:\/\/www.jornalja.com.br\/arquivo\/wp-json\/wp\/v2\/users\/4"}],"replies":[{"embeddable":true,"href":"https:\/\/www.jornalja.com.br\/arquivo\/wp-json\/wp\/v2\/comments?post=57859"}],"version-history":[{"count":0,"href":"https:\/\/www.jornalja.com.br\/arquivo\/wp-json\/wp\/v2\/posts\/57859\/revisions"}],"wp:attachment":[{"href":"https:\/\/www.jornalja.com.br\/arquivo\/wp-json\/wp\/v2\/media?parent=57859"}],"wp:term":[{"taxonomy":"category","embeddable":true,"href":"https:\/\/www.jornalja.com.br\/arquivo\/wp-json\/wp\/v2\/categories?post=57859"},{"taxonomy":"post_tag","embeddable":true,"href":"https:\/\/www.jornalja.com.br\/arquivo\/wp-json\/wp\/v2\/tags?post=57859"}],"curies":[{"name":"wp","href":"https:\/\/api.w.org\/{rel}","templated":true}]}}