{"id":57893,"date":"2017-12-01T16:22:49","date_gmt":"2017-12-01T18:22:49","guid":{"rendered":"https:\/\/www.jornalja.com.br\/?p=57893"},"modified":"2017-12-01T16:22:49","modified_gmt":"2017-12-01T18:22:49","slug":"justica-determina-que-estado-remeta-ao-mp-documentos-sobre-incentivos-fiscais-as-empresas","status":"publish","type":"post","link":"https:\/\/www.jornalja.com.br\/arquivo\/justica-determina-que-estado-remeta-ao-mp-documentos-sobre-incentivos-fiscais-as-empresas\/","title":{"rendered":"Justi\u00e7a determina que Estado remeta ao MP documentos sobre incentivos fiscais \u00e0s empresas"},"content":{"rendered":"<p>A 7\u00aa Vara da Fazenda P\u00fablica determinou que o governo do Estado remeta ao Minist\u00e9rio P\u00fablico Estadual, Minist\u00e9rio P\u00fablico de Contas e Tribunal de Contas do Estado todos os documentos solicitados em rela\u00e7\u00e3o a incentivos fiscais concedidos. Conforme a senten\u00e7a, n\u00e3o pode ser invocada a exce\u00e7\u00e3o do sigilo fiscal, j\u00e1 que a Constitui\u00e7\u00e3o Federal determina a transpar\u00eancia dos atos governamentais aos \u00f3rg\u00e3os de controle externo.<br \/>\nA decis\u00e3o \u00e9 no mesmo sentido da Segunda C\u00e2mara C\u00edvel do TJ de maio deste ano. Os desembargadores acolheram, por unanimidade, parecer do MP e negaram o agravo de instrumento interposto pela Procuradoria-Geral do Estado, determinando que a Secretaria Estadual da Fazenda disponibilizasse os dados.<br \/>\nEm dezembro do ano passado, a 7\u00aa Vara da Fazenda P\u00fablica j\u00e1 havia determinado, em car\u00e1ter liminar, a remessa de todos os dados solicitados pelo MP. A a\u00e7\u00e3o, ajuizada pela Promotoria de Justi\u00e7a de Defesa do Patrim\u00f4nio P\u00fablico de Porto Alegre, tem o objetivo de obter informa\u00e7\u00f5es sobre empresas que receberam benef\u00edcios fiscais e financeiros.<br \/>\nEntre os documentos solicitados, est\u00e1 a rela\u00e7\u00e3o das sociedades empresariais que receberam benef\u00edcios fiscais e financeiros (concedidos sob a forma de cr\u00e9ditos tribut\u00e1rios futuros), com informa\u00e7\u00e3o sobre os benef\u00edcios fiscais ent\u00e3o vigentes, valores, em qual programa de fomento foram enquadrados, desde quando foi editado o benef\u00edcio, at\u00e9 quando eventualmente retroagiu e quantas vezes foi prorrogado, a previs\u00e3o de t\u00e9rmino, c\u00e1lculos individualizados de estimativa de impacto nas metas fiscais e correspondentes medidas compensat\u00f3rias espec\u00edficas. O MP tamb\u00e9m pediu uma rela\u00e7\u00e3o das empresas que solicitaram prorroga\u00e7\u00e3o de prazo para entrega dos arquivos nos exerc\u00edcios de 2010 a 2014, listagem das dez maiores devedoras de tributos, explicitando a situa\u00e7\u00e3o dos d\u00e9bitos, se usufru\u00edram de benef\u00edcios fiscais nos \u00faltimos cinco anos, sua natureza e valor. Ainda, o MP requereu documentos e relat\u00f3rios de vistorias \u00e0s empresas para fiscaliza\u00e7\u00e3o do cumprimento dos requisitos ou contrapartidas previstas na legisla\u00e7\u00e3o, bem como os valores dos impactos financeiros de todos os benef\u00edcios fiscais e financeiros, transformados em cr\u00e9ditos tribut\u00e1rios e inscritos nas Leis de Diretrizes Or\u00e7ament\u00e1rias dos \u00faltimos cinco anos.<br \/>\nParte dos documentos que j\u00e1 haviam sido entregues ao MP est\u00e3o sob an\u00e1lise do Minist\u00e9rio P\u00fablico de Contas para que, com a sua auditoria, examine se as isen\u00e7\u00f5es e parcelamentos atenderam as contrapartidas e demais requisitos legais.<\/p>\n","protected":false},"excerpt":{"rendered":"<p>A 7\u00aa Vara da Fazenda P\u00fablica determinou que o governo do Estado remeta ao Minist\u00e9rio P\u00fablico Estadual, Minist\u00e9rio P\u00fablico de Contas e Tribunal de Contas do Estado todos os documentos solicitados em rela\u00e7\u00e3o a incentivos fiscais concedidos. Conforme a senten\u00e7a, n\u00e3o pode ser invocada a exce\u00e7\u00e3o do sigilo fiscal, j\u00e1 que a Constitui\u00e7\u00e3o Federal determina [&hellip;]<\/p>\n","protected":false},"author":4,"featured_media":57575,"comment_status":"open","ping_status":"closed","sticky":false,"template":"","format":"standard","meta":{"_jetpack_newsletter_access":"","_jetpack_dont_email_post_to_subs":false,"_jetpack_newsletter_tier_id":0,"_jetpack_memberships_contains_paywalled_content":false,"_jetpack_feature_clip_id":0,"_jetpack_memberships_contains_paid_content":false,"footnotes":"","jetpack_post_was_ever_published":false},"categories":[26],"tags":[],"class_list":["post-57893","post","type-post","status-publish","format-standard","has-post-thumbnail","hentry","category-geral"],"aioseo_notices":[],"aioseo_head":"\n\t\t<!-- All in One SEO 5.0.1.1 - aioseo.com -->\n\t<meta name=\"robots\" content=\"max-image-preview:large\" \/>\n\t<meta name=\"author\" content=\"da Reda\u00e7\u00e3o\"\/>\n\t<link rel=\"canonical\" href=\"https:\/\/www.jornalja.com.br\/arquivo\/justica-determina-que-estado-remeta-ao-mp-documentos-sobre-incentivos-fiscais-as-empresas\/\" \/>\n\t<meta name=\"generator\" content=\"All in One SEO (AIOSEO) 5.0.1.1\" \/>\n\t\t<meta property=\"og:locale\" content=\"pt_BR\" \/>\n\t\t<meta property=\"og:site_name\" content=\"Arquivo | Jornal J\u00c1 | Porto Alegre\" \/>\n\t\t<meta property=\"og:type\" content=\"article\" \/>\n\t\t<meta property=\"og:title\" content=\"Justi\u00e7a determina que Estado remeta ao MP documentos sobre incentivos fiscais \u00e0s empresas | Arquivo\" \/>\n\t\t<meta property=\"og:url\" content=\"https:\/\/www.jornalja.com.br\/arquivo\/justica-determina-que-estado-remeta-ao-mp-documentos-sobre-incentivos-fiscais-as-empresas\/\" \/>\n\t\t<meta property=\"og:image\" content=\"https:\/\/www.jornalja.com.br\/economics\/wp-content\/uploads\/sites\/11\/2026\/08\/ja-folhaderosto-facebook.jpg\" \/>\n\t\t<meta property=\"og:image:secure_url\" content=\"https:\/\/www.jornalja.com.br\/economics\/wp-content\/uploads\/sites\/11\/2026\/08\/ja-folhaderosto-facebook.jpg\" \/>\n\t\t<meta property=\"article:published_time\" content=\"2017-12-01T18:22:49+00:00\" \/>\n\t\t<meta property=\"article:modified_time\" content=\"2017-12-01T18:22:49+00:00\" \/>\n\t\t<meta name=\"twitter:card\" content=\"summary\" \/>\n\t\t<meta name=\"twitter:title\" content=\"Justi\u00e7a determina que Estado remeta ao MP documentos sobre incentivos fiscais \u00e0s empresas | Arquivo\" \/>\n\t\t<meta name=\"twitter:image\" content=\"https:\/\/www.jornalja.com.br\/economics\/wp-content\/uploads\/sites\/11\/2026\/08\/ja-folhaderosto-facebook.jpg\" \/>\n\t\t<script type=\"application\/ld+json\" class=\"aioseo-schema\">\n\t\t\t{\"@context\":\"https:\\\/\\\/schema.org\",\"@graph\":[{\"@type\":\"BlogPosting\",\"@id\":\"https:\\\/\\\/www.jornalja.com.br\\\/arquivo\\\/justica-determina-que-estado-remeta-ao-mp-documentos-sobre-incentivos-fiscais-as-empresas\\\/#blogposting\",\"name\":\"Justi\\u00e7a determina que Estado remeta ao MP documentos sobre incentivos fiscais \\u00e0s empresas | Arquivo\",\"headline\":\"Justi\\u00e7a determina que Estado remeta ao MP documentos sobre incentivos fiscais \\u00e0s empresas\",\"author\":{\"@id\":\"https:\\\/\\\/www.jornalja.com.br\\\/arquivo\\\/author\\\/daredacao\\\/#author\"},\"publisher\":{\"@id\":\"https:\\\/\\\/www.jornalja.com.br\\\/arquivo\\\/#organization\"},\"image\":{\"@type\":\"ImageObject\",\"url\":57575},\"datePublished\":\"2017-12-01T16:22:49-02:00\",\"dateModified\":\"2017-12-01T16:22:49-02:00\",\"inLanguage\":\"pt-BR\",\"mainEntityOfPage\":{\"@id\":\"https:\\\/\\\/www.jornalja.com.br\\\/arquivo\\\/justica-determina-que-estado-remeta-ao-mp-documentos-sobre-incentivos-fiscais-as-empresas\\\/#webpage\"},\"isPartOf\":{\"@id\":\"https:\\\/\\\/www.jornalja.com.br\\\/arquivo\\\/justica-determina-que-estado-remeta-ao-mp-documentos-sobre-incentivos-fiscais-as-empresas\\\/#webpage\"},\"articleSection\":\"Geral\"},{\"@type\":\"BreadcrumbList\",\"@id\":\"https:\\\/\\\/www.jornalja.com.br\\\/arquivo\\\/justica-determina-que-estado-remeta-ao-mp-documentos-sobre-incentivos-fiscais-as-empresas\\\/#breadcrumblist\",\"itemListElement\":[{\"@type\":\"ListItem\",\"@id\":\"https:\\\/\\\/www.jornalja.com.br\\\/arquivo#listItem\",\"position\":1,\"name\":\"Home\",\"item\":\"https:\\\/\\\/www.jornalja.com.br\\\/arquivo\",\"nextItem\":{\"@type\":\"ListItem\",\"@id\":\"https:\\\/\\\/www.jornalja.com.br\\\/arquivo\\\/category\\\/geral\\\/#listItem\",\"name\":\"Geral\"}},{\"@type\":\"ListItem\",\"@id\":\"https:\\\/\\\/www.jornalja.com.br\\\/arquivo\\\/category\\\/geral\\\/#listItem\",\"position\":2,\"name\":\"Geral\",\"item\":\"https:\\\/\\\/www.jornalja.com.br\\\/arquivo\\\/category\\\/geral\\\/\",\"nextItem\":{\"@type\":\"ListItem\",\"@id\":\"https:\\\/\\\/www.jornalja.com.br\\\/arquivo\\\/justica-determina-que-estado-remeta-ao-mp-documentos-sobre-incentivos-fiscais-as-empresas\\\/#listItem\",\"name\":\"Justi\\u00e7a determina que Estado remeta ao MP documentos sobre incentivos fiscais \\u00e0s empresas\"},\"previousItem\":{\"@type\":\"ListItem\",\"@id\":\"https:\\\/\\\/www.jornalja.com.br\\\/arquivo#listItem\",\"name\":\"Home\"}},{\"@type\":\"ListItem\",\"@id\":\"https:\\\/\\\/www.jornalja.com.br\\\/arquivo\\\/justica-determina-que-estado-remeta-ao-mp-documentos-sobre-incentivos-fiscais-as-empresas\\\/#listItem\",\"position\":3,\"name\":\"Justi\\u00e7a determina que Estado remeta ao MP documentos sobre incentivos fiscais \\u00e0s empresas\",\"previousItem\":{\"@type\":\"ListItem\",\"@id\":\"https:\\\/\\\/www.jornalja.com.br\\\/arquivo\\\/category\\\/geral\\\/#listItem\",\"name\":\"Geral\"}}]},{\"@type\":\"Organization\",\"@id\":\"https:\\\/\\\/www.jornalja.com.br\\\/arquivo\\\/#organization\",\"name\":\"Jornal J\\u00c1\",\"description\":\"Jornal J\\u00c1 | Porto Alegre\",\"url\":\"https:\\\/\\\/www.jornalja.com.br\\\/arquivo\\\/\",\"telephone\":\"+555133307272\",\"logo\":{\"@type\":\"ImageObject\",\"url\":\"https:\\\/\\\/www.jornalja.com.br\\\/wp-content\\\/uploads\\\/cards\\\/JAslogan.png\",\"@id\":\"https:\\\/\\\/www.jornalja.com.br\\\/arquivo\\\/justica-determina-que-estado-remeta-ao-mp-documentos-sobre-incentivos-fiscais-as-empresas\\\/#organizationLogo\"},\"image\":{\"@id\":\"https:\\\/\\\/www.jornalja.com.br\\\/arquivo\\\/justica-determina-que-estado-remeta-ao-mp-documentos-sobre-incentivos-fiscais-as-empresas\\\/#organizationLogo\"}},{\"@type\":\"Person\",\"@id\":\"https:\\\/\\\/www.jornalja.com.br\\\/arquivo\\\/author\\\/daredacao\\\/#author\",\"url\":\"https:\\\/\\\/www.jornalja.com.br\\\/arquivo\\\/author\\\/daredacao\\\/\",\"name\":\"da Reda\\u00e7\\u00e3o\",\"image\":{\"@type\":\"ImageObject\",\"@id\":\"https:\\\/\\\/www.jornalja.com.br\\\/arquivo\\\/justica-determina-que-estado-remeta-ao-mp-documentos-sobre-incentivos-fiscais-as-empresas\\\/#authorImage\",\"url\":\"https:\\\/\\\/secure.gravatar.com\\\/avatar\\\/469fd857d6605ad19919d27ed29d35a968a25f6e8fd9318356bbb7f57aae9c65?s=96&d=mm&r=g\",\"width\":96,\"height\":96,\"caption\":\"da Reda\\u00e7\\u00e3o\"}},{\"@type\":\"WebPage\",\"@id\":\"https:\\\/\\\/www.jornalja.com.br\\\/arquivo\\\/justica-determina-que-estado-remeta-ao-mp-documentos-sobre-incentivos-fiscais-as-empresas\\\/#webpage\",\"url\":\"https:\\\/\\\/www.jornalja.com.br\\\/arquivo\\\/justica-determina-que-estado-remeta-ao-mp-documentos-sobre-incentivos-fiscais-as-empresas\\\/\",\"name\":\"Justi\\u00e7a determina que Estado remeta ao MP documentos sobre incentivos fiscais \\u00e0s empresas | Arquivo\",\"inLanguage\":\"pt-BR\",\"isPartOf\":{\"@id\":\"https:\\\/\\\/www.jornalja.com.br\\\/arquivo\\\/#website\"},\"breadcrumb\":{\"@id\":\"https:\\\/\\\/www.jornalja.com.br\\\/arquivo\\\/justica-determina-que-estado-remeta-ao-mp-documentos-sobre-incentivos-fiscais-as-empresas\\\/#breadcrumblist\"},\"author\":{\"@id\":\"https:\\\/\\\/www.jornalja.com.br\\\/arquivo\\\/author\\\/daredacao\\\/#author\"},\"creator\":{\"@id\":\"https:\\\/\\\/www.jornalja.com.br\\\/arquivo\\\/author\\\/daredacao\\\/#author\"},\"image\":{\"@type\":\"ImageObject\",\"url\":57575,\"@id\":\"https:\\\/\\\/www.jornalja.com.br\\\/arquivo\\\/justica-determina-que-estado-remeta-ao-mp-documentos-sobre-incentivos-fiscais-as-empresas\\\/#mainImage\"},\"primaryImageOfPage\":{\"@id\":\"https:\\\/\\\/www.jornalja.com.br\\\/arquivo\\\/justica-determina-que-estado-remeta-ao-mp-documentos-sobre-incentivos-fiscais-as-empresas\\\/#mainImage\"},\"datePublished\":\"2017-12-01T16:22:49-02:00\",\"dateModified\":\"2017-12-01T16:22:49-02:00\"},{\"@type\":\"WebSite\",\"@id\":\"https:\\\/\\\/www.jornalja.com.br\\\/arquivo\\\/#website\",\"url\":\"https:\\\/\\\/www.jornalja.com.br\\\/arquivo\\\/\",\"name\":\"Arquivo\",\"description\":\"Jornal J\\u00c1 | Porto Alegre\",\"inLanguage\":\"pt-BR\",\"publisher\":{\"@id\":\"https:\\\/\\\/www.jornalja.com.br\\\/arquivo\\\/#organization\"}}]}\n\t\t<\/script>\n\t\t<!-- All in One SEO -->\n\n","aioseo_head_json":{"title":"Justi\u00e7a determina que Estado remeta ao MP documentos sobre incentivos fiscais \u00e0s empresas | Arquivo","description":"","canonical_url":"https:\/\/www.jornalja.com.br\/arquivo\/justica-determina-que-estado-remeta-ao-mp-documentos-sobre-incentivos-fiscais-as-empresas\/","robots":"max-image-preview:large","keywords":"","webmasterTools":{"miscellaneous":""},"schema":{"@context":"https:\/\/schema.org","@graph":[{"@type":"BlogPosting","@id":"https:\/\/www.jornalja.com.br\/arquivo\/justica-determina-que-estado-remeta-ao-mp-documentos-sobre-incentivos-fiscais-as-empresas\/#blogposting","name":"Justi\u00e7a determina que Estado remeta ao MP documentos sobre incentivos fiscais \u00e0s empresas | Arquivo","headline":"Justi\u00e7a determina que Estado remeta ao MP documentos sobre incentivos fiscais \u00e0s empresas","author":{"@id":"https:\/\/www.jornalja.com.br\/arquivo\/author\/daredacao\/#author"},"publisher":{"@id":"https:\/\/www.jornalja.com.br\/arquivo\/#organization"},"image":{"@type":"ImageObject","url":57575},"datePublished":"2017-12-01T16:22:49-02:00","dateModified":"2017-12-01T16:22:49-02:00","inLanguage":"pt-BR","mainEntityOfPage":{"@id":"https:\/\/www.jornalja.com.br\/arquivo\/justica-determina-que-estado-remeta-ao-mp-documentos-sobre-incentivos-fiscais-as-empresas\/#webpage"},"isPartOf":{"@id":"https:\/\/www.jornalja.com.br\/arquivo\/justica-determina-que-estado-remeta-ao-mp-documentos-sobre-incentivos-fiscais-as-empresas\/#webpage"},"articleSection":"Geral"},{"@type":"BreadcrumbList","@id":"https:\/\/www.jornalja.com.br\/arquivo\/justica-determina-que-estado-remeta-ao-mp-documentos-sobre-incentivos-fiscais-as-empresas\/#breadcrumblist","itemListElement":[{"@type":"ListItem","@id":"https:\/\/www.jornalja.com.br\/arquivo#listItem","position":1,"name":"Home","item":"https:\/\/www.jornalja.com.br\/arquivo","nextItem":{"@type":"ListItem","@id":"https:\/\/www.jornalja.com.br\/arquivo\/category\/geral\/#listItem","name":"Geral"}},{"@type":"ListItem","@id":"https:\/\/www.jornalja.com.br\/arquivo\/category\/geral\/#listItem","position":2,"name":"Geral","item":"https:\/\/www.jornalja.com.br\/arquivo\/category\/geral\/","nextItem":{"@type":"ListItem","@id":"https:\/\/www.jornalja.com.br\/arquivo\/justica-determina-que-estado-remeta-ao-mp-documentos-sobre-incentivos-fiscais-as-empresas\/#listItem","name":"Justi\u00e7a determina que Estado remeta ao MP documentos sobre incentivos fiscais \u00e0s empresas"},"previousItem":{"@type":"ListItem","@id":"https:\/\/www.jornalja.com.br\/arquivo#listItem","name":"Home"}},{"@type":"ListItem","@id":"https:\/\/www.jornalja.com.br\/arquivo\/justica-determina-que-estado-remeta-ao-mp-documentos-sobre-incentivos-fiscais-as-empresas\/#listItem","position":3,"name":"Justi\u00e7a determina que Estado remeta ao MP documentos sobre incentivos fiscais \u00e0s empresas","previousItem":{"@type":"ListItem","@id":"https:\/\/www.jornalja.com.br\/arquivo\/category\/geral\/#listItem","name":"Geral"}}]},{"@type":"Organization","@id":"https:\/\/www.jornalja.com.br\/arquivo\/#organization","name":"Jornal J\u00c1","description":"Jornal J\u00c1 | Porto Alegre","url":"https:\/\/www.jornalja.com.br\/arquivo\/","telephone":"+555133307272","logo":{"@type":"ImageObject","url":"https:\/\/www.jornalja.com.br\/wp-content\/uploads\/cards\/JAslogan.png","@id":"https:\/\/www.jornalja.com.br\/arquivo\/justica-determina-que-estado-remeta-ao-mp-documentos-sobre-incentivos-fiscais-as-empresas\/#organizationLogo"},"image":{"@id":"https:\/\/www.jornalja.com.br\/arquivo\/justica-determina-que-estado-remeta-ao-mp-documentos-sobre-incentivos-fiscais-as-empresas\/#organizationLogo"}},{"@type":"Person","@id":"https:\/\/www.jornalja.com.br\/arquivo\/author\/daredacao\/#author","url":"https:\/\/www.jornalja.com.br\/arquivo\/author\/daredacao\/","name":"da Reda\u00e7\u00e3o","image":{"@type":"ImageObject","@id":"https:\/\/www.jornalja.com.br\/arquivo\/justica-determina-que-estado-remeta-ao-mp-documentos-sobre-incentivos-fiscais-as-empresas\/#authorImage","url":"https:\/\/secure.gravatar.com\/avatar\/469fd857d6605ad19919d27ed29d35a968a25f6e8fd9318356bbb7f57aae9c65?s=96&d=mm&r=g","width":96,"height":96,"caption":"da Reda\u00e7\u00e3o"}},{"@type":"WebPage","@id":"https:\/\/www.jornalja.com.br\/arquivo\/justica-determina-que-estado-remeta-ao-mp-documentos-sobre-incentivos-fiscais-as-empresas\/#webpage","url":"https:\/\/www.jornalja.com.br\/arquivo\/justica-determina-que-estado-remeta-ao-mp-documentos-sobre-incentivos-fiscais-as-empresas\/","name":"Justi\u00e7a determina que Estado remeta ao MP documentos sobre incentivos fiscais \u00e0s empresas | Arquivo","inLanguage":"pt-BR","isPartOf":{"@id":"https:\/\/www.jornalja.com.br\/arquivo\/#website"},"breadcrumb":{"@id":"https:\/\/www.jornalja.com.br\/arquivo\/justica-determina-que-estado-remeta-ao-mp-documentos-sobre-incentivos-fiscais-as-empresas\/#breadcrumblist"},"author":{"@id":"https:\/\/www.jornalja.com.br\/arquivo\/author\/daredacao\/#author"},"creator":{"@id":"https:\/\/www.jornalja.com.br\/arquivo\/author\/daredacao\/#author"},"image":{"@type":"ImageObject","url":57575,"@id":"https:\/\/www.jornalja.com.br\/arquivo\/justica-determina-que-estado-remeta-ao-mp-documentos-sobre-incentivos-fiscais-as-empresas\/#mainImage"},"primaryImageOfPage":{"@id":"https:\/\/www.jornalja.com.br\/arquivo\/justica-determina-que-estado-remeta-ao-mp-documentos-sobre-incentivos-fiscais-as-empresas\/#mainImage"},"datePublished":"2017-12-01T16:22:49-02:00","dateModified":"2017-12-01T16:22:49-02:00"},{"@type":"WebSite","@id":"https:\/\/www.jornalja.com.br\/arquivo\/#website","url":"https:\/\/www.jornalja.com.br\/arquivo\/","name":"Arquivo","description":"Jornal J\u00c1 | Porto Alegre","inLanguage":"pt-BR","publisher":{"@id":"https:\/\/www.jornalja.com.br\/arquivo\/#organization"}}]},"og:locale":"pt_BR","og:site_name":"Arquivo | Jornal J\u00c1 | Porto Alegre","og:type":"article","og:title":"Justi\u00e7a determina que Estado remeta ao MP documentos sobre incentivos fiscais \u00e0s empresas | Arquivo","og:url":"https:\/\/www.jornalja.com.br\/arquivo\/justica-determina-que-estado-remeta-ao-mp-documentos-sobre-incentivos-fiscais-as-empresas\/","og:image":"https:\/\/www.jornalja.com.br\/economics\/wp-content\/uploads\/sites\/11\/2026\/08\/ja-folhaderosto-facebook.jpg","og:image:secure_url":"https:\/\/www.jornalja.com.br\/economics\/wp-content\/uploads\/sites\/11\/2026\/08\/ja-folhaderosto-facebook.jpg","article:published_time":"2017-12-01T18:22:49+00:00","article:modified_time":"2017-12-01T18:22:49+00:00","twitter:card":"summary","twitter:title":"Justi\u00e7a determina que Estado remeta ao MP documentos sobre incentivos fiscais \u00e0s empresas | Arquivo","twitter:image":"https:\/\/www.jornalja.com.br\/economics\/wp-content\/uploads\/sites\/11\/2026\/08\/ja-folhaderosto-facebook.jpg"},"aioseo_meta_data":{"post_id":"57893","title":null,"description":null,"keywords":null,"keyphrases":null,"primary_term":null,"canonical_url":null,"og_title":null,"og_description":null,"og_object_type":"default","og_image_type":"default","og_image_url":null,"og_image_width":null,"og_image_height":null,"og_image_custom_url":null,"og_image_custom_fields":null,"og_video":null,"og_custom_url":null,"og_article_section":null,"og_article_tags":null,"twitter_use_og":false,"twitter_card":"default","twitter_image_type":"default","twitter_image_url":null,"twitter_image_custom_url":null,"twitter_image_custom_fields":null,"twitter_title":null,"twitter_description":null,"schema":{"blockGraphs":[],"customGraphs":[],"default":{"data":{"Article":[],"Course":[],"Dataset":[],"FAQPage":[],"Movie":[],"Person":[],"Product":[],"ProductReview":[],"Car":[],"Recipe":[],"Service":[],"SoftwareApplication":[],"WebPage":[]},"graphName":"","isEnabled":true},"graphs":[],"defaultGraph":"","defaultPostTypeGraph":""},"schema_type":null,"schema_type_options":null,"pillar_content":false,"robots_default":true,"robots_noindex":false,"robots_noarchive":false,"robots_nosnippet":false,"robots_nofollow":false,"robots_noimageindex":false,"robots_noodp":false,"robots_notranslate":false,"robots_max_snippet":null,"robots_max_videopreview":null,"robots_max_imagepreview":"large","priority":null,"frequency":null,"location":null,"local_seo":null,"breadcrumb_settings":null,"limit_modified_date":false,"ai":null,"created":"2020-12-20 20:20:44","updated":"2025-07-20 02:43:45","seo_analyzer_scan_date":null,"focus_keyword":null,"additional_keywords":null,"truseo_locale":null},"jetpack_sharing_enabled":true,"jetpack-related-posts":[{"id":13109,"url":"https:\/\/www.jornalja.com.br\/arquivo\/judiciario-reconhece-poluicao-eletromagnetica\/","url_meta":{"origin":57893,"position":0},"title":"Judici\u00e1rio reconhece polui\u00e7\u00e3o eletromagn\u00e9tica","author":"Patr\u00edcia Marini","date":"16 de maio de 2014","format":false,"excerpt":"A\u00e7\u00e3o de duas associa\u00e7\u00f5es de moradores foi acolhida pelo Tribunal de Justi\u00e7a de S\u00e3o Paulo que. em decis\u00e3o in\u00e9dita, determinou a redu\u00e7\u00e3o do campo eletromagn\u00e9tico gerado pelas linhas de transmiss\u00e3o de energia que cortam os bairros City Boa\u00e7ava e Alto de Pinheiros. \u00c9 a primeira vez que um tribunal do\u2026","rel":"","context":"Em &quot;X.Categorias velhas&quot;","block_context":{"text":"X.Categorias velhas","link":"https:\/\/www.jornalja.com.br\/arquivo\/category\/x-categorias-velhas\/"},"img":{"alt_text":"","src":"","width":0,"height":0},"classes":[]},{"id":13101,"url":"https:\/\/www.jornalja.com.br\/arquivo\/morre-um-guerreiro-do-texto\/","url_meta":{"origin":57893,"position":1},"title":"Morre um guerreiro do texto","author":"Patr\u00edcia Marini","date":"14 de maio de 2014","format":false,"excerpt":"Por Ricardo Kotscho Reproduzido do blog do autor, 11\/5\/2014; t\u00edtulo original \u201cE l\u00e1 se foi o nosso Myltainho, guerreiro do texto\u201d. Mi\u00fado e franzino, meu amigo Myltainho era um valente e inconformado guerreiro na luta contra as injusti\u00e7as sociais, a hipocrisia, as maracutaias, o autoritarismo, a intoler\u00e2ncia, a viol\u00eancia, o\u2026","rel":"","context":"Em &quot;Geral&quot;","block_context":{"text":"Geral","link":"https:\/\/www.jornalja.com.br\/arquivo\/category\/geral\/"},"img":{"alt_text":"","src":"","width":0,"height":0},"classes":[]},{"id":5440,"url":"https:\/\/www.jornalja.com.br\/arquivo\/casarao-da-venancio-destino-permanece-incerto\/","url_meta":{"origin":57893,"position":2},"title":"Estado ainda n\u00e3o sabe o que fazer com casar\u00e3o abandonado h\u00e1 20 anos","author":"Elmar Bones","date":"6 de julho de 2009","format":false,"excerpt":"O casar\u00e3o amarelo, numa esquina nobre de Porto Alegre (Ven\u00e2ncio Aires com Jo\u00e3o Pessoa), j\u00e1 abrigou uma escola. H\u00e1 duas d\u00e9cadas, pelo menos, est\u00e1 abandonado, porque seu propriet\u00e1rio, o governo do Estado do Rio Grande do Sul, n\u00e3o consegue achar um destino para ele. Planos n\u00e3o faltaram. O governador Ol\u00edvio\u2026","rel":"","context":"Em &quot;X.Categorias velhas&quot;","block_context":{"text":"X.Categorias velhas","link":"https:\/\/www.jornalja.com.br\/arquivo\/category\/x-categorias-velhas\/"},"img":{"alt_text":"geraldo1","src":"https:\/\/i0.wp.com\/www.jornalja.com.br\/wp-content\/uploads\/2009\/07\/geraldo1.jpg?resize=350%2C200&ssl=1","width":350,"height":200},"classes":[]},{"id":13240,"url":"https:\/\/www.jornalja.com.br\/arquivo\/plano-diretor-estamos-construindo-o-caos\/","url_meta":{"origin":57893,"position":3},"title":"Plano diretor: &quot;Estamos construindo o caos&quot;","author":"Patr\u00edcia Marini","date":"26 de maio de 2014","format":false,"excerpt":"Desabafo que arquiteta Eliana Castilhos, delegada da Regi\u00e3o de Planejamento 1, postou nas redes sociais \u00e9 um testemunho do ambiente que se criou no Conselho do Plano Diretor de Porto Alegre, onde a aprova\u00e7\u00e3o de grandes empreendimentos \u00e9 empurrada guela abaixo dos conselheiros. Ao CMDUA Como delegada da Regi\u00e3o de\u2026","rel":"","context":"Em &quot;Geral&quot;","block_context":{"text":"Geral","link":"https:\/\/www.jornalja.com.br\/arquivo\/category\/geral\/"},"img":{"alt_text":"","src":"","width":0,"height":0},"classes":[]},{"id":14241,"url":"https:\/\/www.jornalja.com.br\/arquivo\/o-guaiba-nas-imagens-poeticas-de-achutti\/","url_meta":{"origin":57893,"position":4},"title":"O Gua\u00edba nas imagens po\u00e9ticas de Achutti","author":"da Reda\u00e7\u00e3o","date":"18 de junho de 2014","format":false,"excerpt":"Em \u201cO Gua\u00edba por Achutti\u201d \u2013 obra financiada via Minist\u00e9rio da Cultura, produ\u00e7\u00e3o executiva de Pedro Longhi, e Fl\u00e1vio Wild como designer \u2013, o fot\u00f3grafo revela a beleza e as mazelas de um espa\u00e7o aqu\u00e1tico de \u00e1guas sempre renovadas, cheio de hist\u00f3rias e lendas como as das cidades que foram\u2026","rel":"","context":"Em &quot;Cultura-Geral&quot;","block_context":{"text":"Cultura-Geral","link":"https:\/\/www.jornalja.com.br\/arquivo\/category\/materiasecundaria\/"},"img":{"alt_text":"","src":"","width":0,"height":0},"classes":[]},{"id":13124,"url":"https:\/\/www.jornalja.com.br\/arquivo\/sangue-latino-no-iecine\/","url_meta":{"origin":57893,"position":5},"title":"Sangue latino no IECINE","author":"da Reda\u00e7\u00e3o","date":"18 de maio de 2014","format":false,"excerpt":"Francisco Ribeiro O Instituto Estadual de Cinema (IECINE) tem a frente, desde abril \u00faltimo, um novo diretor, o cineasta colombiano Juan Zapata, 36, que substitui Luiz Alberto Cassol. Radicado h\u00e1 dez anos em Porto Alegre, Zapata tem diante de si o desafio de conduzir at\u00e9 o final do ano um\u2026","rel":"","context":"Em &quot;Cultura-Geral&quot;","block_context":{"text":"Cultura-Geral","link":"https:\/\/www.jornalja.com.br\/arquivo\/category\/materiasecundaria\/"},"img":{"alt_text":"","src":"","width":0,"height":0},"classes":[]}],"jetpack_shortlink":"https:\/\/wp.me\/pbQjBd-f3L","jetpack_featured_media_url":"","_links":{"self":[{"href":"https:\/\/www.jornalja.com.br\/arquivo\/wp-json\/wp\/v2\/posts\/57893","targetHints":{"allow":["GET"]}}],"collection":[{"href":"https:\/\/www.jornalja.com.br\/arquivo\/wp-json\/wp\/v2\/posts"}],"about":[{"href":"https:\/\/www.jornalja.com.br\/arquivo\/wp-json\/wp\/v2\/types\/post"}],"author":[{"embeddable":true,"href":"https:\/\/www.jornalja.com.br\/arquivo\/wp-json\/wp\/v2\/users\/4"}],"replies":[{"embeddable":true,"href":"https:\/\/www.jornalja.com.br\/arquivo\/wp-json\/wp\/v2\/comments?post=57893"}],"version-history":[{"count":0,"href":"https:\/\/www.jornalja.com.br\/arquivo\/wp-json\/wp\/v2\/posts\/57893\/revisions"}],"wp:attachment":[{"href":"https:\/\/www.jornalja.com.br\/arquivo\/wp-json\/wp\/v2\/media?parent=57893"}],"wp:term":[{"taxonomy":"category","embeddable":true,"href":"https:\/\/www.jornalja.com.br\/arquivo\/wp-json\/wp\/v2\/categories?post=57893"},{"taxonomy":"post_tag","embeddable":true,"href":"https:\/\/www.jornalja.com.br\/arquivo\/wp-json\/wp\/v2\/tags?post=57893"}],"curies":[{"name":"wp","href":"https:\/\/api.w.org\/{rel}","templated":true}]}}