{"id":57901,"date":"2017-12-01T20:47:17","date_gmt":"2017-12-01T22:47:17","guid":{"rendered":"https:\/\/www.jornalja.com.br\/?p=57901"},"modified":"2017-12-01T20:47:17","modified_gmt":"2017-12-01T22:47:17","slug":"tj-decide-que-reus-do-caso-kiss-nao-devem-ir-a-juri-popular","status":"publish","type":"post","link":"https:\/\/www.jornalja.com.br\/arquivo\/tj-decide-que-reus-do-caso-kiss-nao-devem-ir-a-juri-popular\/","title":{"rendered":"TJ decide que r\u00e9us do caso Kiss n\u00e3o devem ir a j\u00fari popular"},"content":{"rendered":"<p>O 1\u00ba Grupo Criminal do Tribunal de Justi\u00e7a (TJ\/RS) acolheu nesta sexta-feira, 01\/12, o recurso dos r\u00e9us Elissandro Callegaro Spohr, Mauro Londero Hoffmann, Marcelo de Jesus dos Santos e Luciano Augusto Bonilha Le\u00e3o e decidiu por n\u00e3o levar o caso da boate Kiss ao Tribunal do J\u00fari.<br \/>\nEm 27 de janeiro de 2013, um inc\u00eandio na boate, no Centro da cidade de Santa Maria, resultou na morte de 242 pessoas, na maioria jovens, e deixou mais de 600 feridos.<br \/>\nO relator do recurso, desembargador Victor Luiz Barcellos Lima, desclassificou os fatos para outros diversos da compet\u00eancia do j\u00fari e foi acompanhado por tr\u00eas desembargadores: Manuel Jos\u00e9 Martinez Lucas, Luiz Mello Guimar\u00e3es e Hon\u00f3rio Gon\u00e7alves da Silva Neto. Conforme o relator, a conduta dos r\u00e9us n\u00e3o pode ser considerada dolosa. Na investiga\u00e7\u00e3o, a Pol\u00edcia Civil considerou que os r\u00e9us cometeram homic\u00eddio com dolo eventual.<br \/>\n\u201cA prova examinada na senten\u00e7a de pron\u00fancia, n\u00e3o aponta para uma conduta dolosa por parte dos acusados, seguindo-se a assertiva de que o estabelecimento noturno em que se deu a trag\u00e9dia funcionava regularmente, embora com algumas pend\u00eancias, sem obst\u00e1culo das autoridades encarregadas da fiscaliza\u00e7\u00e3o (Minist\u00e9rio P\u00fablico, Prefeitura Municipal e Corpo de Bombeiros), somando-se o fato de que o show pirot\u00e9cnico j\u00e1 havia sido realizado anteriormente, sem qualquer incidente\u201d, afirmou o desembargador Victor.<br \/>\nA pol\u00edcia apontou mais de 20 irregularidades nos alvar\u00e1s e licen\u00e7as da casa noturna e os m\u00fasicos usaram um artefato n\u00e3o indicado para locais fechados.<br \/>\nA desembargadora revisora, Rosaura Marques Borba, proferiu voto desacolhendo o recurso, mantendo a decis\u00e3o de levar os r\u00e9us para julgamento do Tribunal do J\u00fari e foi acompanhada por outros tr\u00eas integrantes do Grupo, desembargadores: Sylvio Baptista Neto, Jayme Weingartner Neto e Jos\u00e9 Ant\u00f4nio Cidade Pitrez.<br \/>\nComo foram 4 votos favor\u00e1veis ao recurso e 4 contr\u00e1rios, a legisla\u00e7\u00e3o estabelece que deve prevalecer a decis\u00e3o que favore\u00e7a os autores do recurso. Assim, como os embargos infringentes foram interpostos pelos r\u00e9us, fica mantida a decis\u00e3o do relator, desembargador Victor Luiz Barcellos Lima de n\u00e3o levar aos r\u00e9us a J\u00fari popular.<br \/>\nO procurador do de Justi\u00e7a Silvio Miranda Munhoz , que defendeu a manuten\u00e7\u00e3o do j\u00fari popular na sess\u00e3o, avisou que o Minist\u00e9rio P\u00fablico vai recorrer da decis\u00e3o. \u201cN\u00f3s n\u00e3o nos conformamos com esta decis\u00e3o do Tribunal de Justi\u00e7a. Por isso, vamos percorrer todas as inst\u00e2ncias judiciais necess\u00e1rias para revert\u00ea-la e levar os acusados a julgamento pelo tribunal popular\u201d. A afirma\u00e7\u00e3o \u00e9 do procurador-geral de Justi\u00e7a, Fabiano Dallazen, logo ap\u00f3s ser informado da decis\u00e3o.<br \/>\nO 1\u00ba Grupo Criminal reverteu a decis\u00e3o de uma das suas c\u00e2maras, que, em mar\u00e7o, havia negado o mesmo pedido e determinado o in\u00edcio do j\u00fari popular. Se houver mesmo recurso, agora, ele deve ser levado ao Superior Tribunal de Justi\u00e7a (STJ). Confirmada a decis\u00e3o desta sexta, o caso passa a ser julgado individualmente por um juiz em Santa Maria, como homic\u00eddio culposo, com pena prevista de no m\u00e1ximo quatro anos.<br \/>\nAlguns familiares de v\u00edtimas da trag\u00e9dia da Kiss acompanharam a sess\u00e3o no TJ\/RS e sa\u00edram revoltados do local.<\/p>\n","protected":false},"excerpt":{"rendered":"<p>O 1\u00ba Grupo Criminal do Tribunal de Justi\u00e7a (TJ\/RS) acolheu nesta sexta-feira, 01\/12, o recurso dos r\u00e9us Elissandro Callegaro Spohr, Mauro Londero Hoffmann, Marcelo de Jesus dos Santos e Luciano Augusto Bonilha Le\u00e3o e decidiu por n\u00e3o levar o caso da boate Kiss ao Tribunal do J\u00fari. Em 27 de janeiro de 2013, um inc\u00eandio [&hellip;]<\/p>\n","protected":false},"author":4,"featured_media":57902,"comment_status":"open","ping_status":"closed","sticky":false,"template":"","format":"standard","meta":{"_jetpack_newsletter_access":"","_jetpack_dont_email_post_to_subs":false,"_jetpack_newsletter_tier_id":0,"_jetpack_memberships_contains_paywalled_content":false,"_jetpack_feature_clip_id":0,"_jetpack_memberships_contains_paid_content":false,"footnotes":"","jetpack_post_was_ever_published":false},"categories":[26],"tags":[],"class_list":["post-57901","post","type-post","status-publish","format-standard","has-post-thumbnail","hentry","category-geral"],"aioseo_notices":[],"aioseo_head":"\n\t\t<!-- All in One SEO 5.0.1.1 - aioseo.com -->\n\t<meta name=\"robots\" content=\"max-image-preview:large\" \/>\n\t<meta name=\"author\" content=\"da Reda\u00e7\u00e3o\"\/>\n\t<link rel=\"canonical\" href=\"https:\/\/www.jornalja.com.br\/arquivo\/tj-decide-que-reus-do-caso-kiss-nao-devem-ir-a-juri-popular\/\" \/>\n\t<meta name=\"generator\" content=\"All in One SEO (AIOSEO) 5.0.1.1\" \/>\n\t\t<meta property=\"og:locale\" content=\"pt_BR\" \/>\n\t\t<meta property=\"og:site_name\" content=\"Arquivo | Jornal J\u00c1 | Porto Alegre\" \/>\n\t\t<meta property=\"og:type\" content=\"article\" \/>\n\t\t<meta property=\"og:title\" content=\"TJ decide que r\u00e9us do caso Kiss n\u00e3o devem ir a j\u00fari popular | Arquivo\" \/>\n\t\t<meta property=\"og:url\" content=\"https:\/\/www.jornalja.com.br\/arquivo\/tj-decide-que-reus-do-caso-kiss-nao-devem-ir-a-juri-popular\/\" \/>\n\t\t<meta property=\"og:image\" content=\"https:\/\/www.jornalja.com.br\/economics\/wp-content\/uploads\/sites\/11\/2026\/08\/ja-folhaderosto-facebook.jpg\" \/>\n\t\t<meta property=\"og:image:secure_url\" content=\"https:\/\/www.jornalja.com.br\/economics\/wp-content\/uploads\/sites\/11\/2026\/08\/ja-folhaderosto-facebook.jpg\" \/>\n\t\t<meta property=\"article:published_time\" content=\"2017-12-01T22:47:17+00:00\" \/>\n\t\t<meta property=\"article:modified_time\" content=\"2017-12-01T22:47:17+00:00\" \/>\n\t\t<meta name=\"twitter:card\" content=\"summary\" \/>\n\t\t<meta name=\"twitter:title\" content=\"TJ decide que r\u00e9us do caso Kiss n\u00e3o devem ir a j\u00fari popular | Arquivo\" \/>\n\t\t<meta name=\"twitter:image\" content=\"https:\/\/www.jornalja.com.br\/economics\/wp-content\/uploads\/sites\/11\/2026\/08\/ja-folhaderosto-facebook.jpg\" \/>\n\t\t<script type=\"application\/ld+json\" class=\"aioseo-schema\">\n\t\t\t{\"@context\":\"https:\\\/\\\/schema.org\",\"@graph\":[{\"@type\":\"BlogPosting\",\"@id\":\"https:\\\/\\\/www.jornalja.com.br\\\/arquivo\\\/tj-decide-que-reus-do-caso-kiss-nao-devem-ir-a-juri-popular\\\/#blogposting\",\"name\":\"TJ decide que r\\u00e9us do caso Kiss n\\u00e3o devem ir a j\\u00fari popular | Arquivo\",\"headline\":\"TJ decide que r\\u00e9us do caso Kiss n\\u00e3o devem ir a j\\u00fari popular\",\"author\":{\"@id\":\"https:\\\/\\\/www.jornalja.com.br\\\/arquivo\\\/author\\\/daredacao\\\/#author\"},\"publisher\":{\"@id\":\"https:\\\/\\\/www.jornalja.com.br\\\/arquivo\\\/#organization\"},\"image\":{\"@type\":\"ImageObject\",\"url\":57902},\"datePublished\":\"2017-12-01T20:47:17-02:00\",\"dateModified\":\"2017-12-01T20:47:17-02:00\",\"inLanguage\":\"pt-BR\",\"mainEntityOfPage\":{\"@id\":\"https:\\\/\\\/www.jornalja.com.br\\\/arquivo\\\/tj-decide-que-reus-do-caso-kiss-nao-devem-ir-a-juri-popular\\\/#webpage\"},\"isPartOf\":{\"@id\":\"https:\\\/\\\/www.jornalja.com.br\\\/arquivo\\\/tj-decide-que-reus-do-caso-kiss-nao-devem-ir-a-juri-popular\\\/#webpage\"},\"articleSection\":\"Geral\"},{\"@type\":\"BreadcrumbList\",\"@id\":\"https:\\\/\\\/www.jornalja.com.br\\\/arquivo\\\/tj-decide-que-reus-do-caso-kiss-nao-devem-ir-a-juri-popular\\\/#breadcrumblist\",\"itemListElement\":[{\"@type\":\"ListItem\",\"@id\":\"https:\\\/\\\/www.jornalja.com.br\\\/arquivo#listItem\",\"position\":1,\"name\":\"Home\",\"item\":\"https:\\\/\\\/www.jornalja.com.br\\\/arquivo\",\"nextItem\":{\"@type\":\"ListItem\",\"@id\":\"https:\\\/\\\/www.jornalja.com.br\\\/arquivo\\\/category\\\/geral\\\/#listItem\",\"name\":\"Geral\"}},{\"@type\":\"ListItem\",\"@id\":\"https:\\\/\\\/www.jornalja.com.br\\\/arquivo\\\/category\\\/geral\\\/#listItem\",\"position\":2,\"name\":\"Geral\",\"item\":\"https:\\\/\\\/www.jornalja.com.br\\\/arquivo\\\/category\\\/geral\\\/\",\"nextItem\":{\"@type\":\"ListItem\",\"@id\":\"https:\\\/\\\/www.jornalja.com.br\\\/arquivo\\\/tj-decide-que-reus-do-caso-kiss-nao-devem-ir-a-juri-popular\\\/#listItem\",\"name\":\"TJ decide que r\\u00e9us do caso Kiss n\\u00e3o devem ir a j\\u00fari popular\"},\"previousItem\":{\"@type\":\"ListItem\",\"@id\":\"https:\\\/\\\/www.jornalja.com.br\\\/arquivo#listItem\",\"name\":\"Home\"}},{\"@type\":\"ListItem\",\"@id\":\"https:\\\/\\\/www.jornalja.com.br\\\/arquivo\\\/tj-decide-que-reus-do-caso-kiss-nao-devem-ir-a-juri-popular\\\/#listItem\",\"position\":3,\"name\":\"TJ decide que r\\u00e9us do caso Kiss n\\u00e3o devem ir a j\\u00fari popular\",\"previousItem\":{\"@type\":\"ListItem\",\"@id\":\"https:\\\/\\\/www.jornalja.com.br\\\/arquivo\\\/category\\\/geral\\\/#listItem\",\"name\":\"Geral\"}}]},{\"@type\":\"Organization\",\"@id\":\"https:\\\/\\\/www.jornalja.com.br\\\/arquivo\\\/#organization\",\"name\":\"Jornal J\\u00c1\",\"description\":\"Jornal J\\u00c1 | Porto Alegre\",\"url\":\"https:\\\/\\\/www.jornalja.com.br\\\/arquivo\\\/\",\"telephone\":\"+555133307272\",\"logo\":{\"@type\":\"ImageObject\",\"url\":\"https:\\\/\\\/www.jornalja.com.br\\\/wp-content\\\/uploads\\\/cards\\\/JAslogan.png\",\"@id\":\"https:\\\/\\\/www.jornalja.com.br\\\/arquivo\\\/tj-decide-que-reus-do-caso-kiss-nao-devem-ir-a-juri-popular\\\/#organizationLogo\"},\"image\":{\"@id\":\"https:\\\/\\\/www.jornalja.com.br\\\/arquivo\\\/tj-decide-que-reus-do-caso-kiss-nao-devem-ir-a-juri-popular\\\/#organizationLogo\"}},{\"@type\":\"Person\",\"@id\":\"https:\\\/\\\/www.jornalja.com.br\\\/arquivo\\\/author\\\/daredacao\\\/#author\",\"url\":\"https:\\\/\\\/www.jornalja.com.br\\\/arquivo\\\/author\\\/daredacao\\\/\",\"name\":\"da Reda\\u00e7\\u00e3o\",\"image\":{\"@type\":\"ImageObject\",\"@id\":\"https:\\\/\\\/www.jornalja.com.br\\\/arquivo\\\/tj-decide-que-reus-do-caso-kiss-nao-devem-ir-a-juri-popular\\\/#authorImage\",\"url\":\"https:\\\/\\\/secure.gravatar.com\\\/avatar\\\/469fd857d6605ad19919d27ed29d35a968a25f6e8fd9318356bbb7f57aae9c65?s=96&d=mm&r=g\",\"width\":96,\"height\":96,\"caption\":\"da Reda\\u00e7\\u00e3o\"}},{\"@type\":\"WebPage\",\"@id\":\"https:\\\/\\\/www.jornalja.com.br\\\/arquivo\\\/tj-decide-que-reus-do-caso-kiss-nao-devem-ir-a-juri-popular\\\/#webpage\",\"url\":\"https:\\\/\\\/www.jornalja.com.br\\\/arquivo\\\/tj-decide-que-reus-do-caso-kiss-nao-devem-ir-a-juri-popular\\\/\",\"name\":\"TJ decide que r\\u00e9us do caso Kiss n\\u00e3o devem ir a j\\u00fari popular | Arquivo\",\"inLanguage\":\"pt-BR\",\"isPartOf\":{\"@id\":\"https:\\\/\\\/www.jornalja.com.br\\\/arquivo\\\/#website\"},\"breadcrumb\":{\"@id\":\"https:\\\/\\\/www.jornalja.com.br\\\/arquivo\\\/tj-decide-que-reus-do-caso-kiss-nao-devem-ir-a-juri-popular\\\/#breadcrumblist\"},\"author\":{\"@id\":\"https:\\\/\\\/www.jornalja.com.br\\\/arquivo\\\/author\\\/daredacao\\\/#author\"},\"creator\":{\"@id\":\"https:\\\/\\\/www.jornalja.com.br\\\/arquivo\\\/author\\\/daredacao\\\/#author\"},\"image\":{\"@type\":\"ImageObject\",\"url\":57902,\"@id\":\"https:\\\/\\\/www.jornalja.com.br\\\/arquivo\\\/tj-decide-que-reus-do-caso-kiss-nao-devem-ir-a-juri-popular\\\/#mainImage\"},\"primaryImageOfPage\":{\"@id\":\"https:\\\/\\\/www.jornalja.com.br\\\/arquivo\\\/tj-decide-que-reus-do-caso-kiss-nao-devem-ir-a-juri-popular\\\/#mainImage\"},\"datePublished\":\"2017-12-01T20:47:17-02:00\",\"dateModified\":\"2017-12-01T20:47:17-02:00\"},{\"@type\":\"WebSite\",\"@id\":\"https:\\\/\\\/www.jornalja.com.br\\\/arquivo\\\/#website\",\"url\":\"https:\\\/\\\/www.jornalja.com.br\\\/arquivo\\\/\",\"name\":\"Arquivo\",\"description\":\"Jornal J\\u00c1 | Porto Alegre\",\"inLanguage\":\"pt-BR\",\"publisher\":{\"@id\":\"https:\\\/\\\/www.jornalja.com.br\\\/arquivo\\\/#organization\"}}]}\n\t\t<\/script>\n\t\t<!-- All in One SEO -->\n\n","aioseo_head_json":{"title":"TJ decide que r\u00e9us do caso Kiss n\u00e3o devem ir a j\u00fari popular | Arquivo","description":"","canonical_url":"https:\/\/www.jornalja.com.br\/arquivo\/tj-decide-que-reus-do-caso-kiss-nao-devem-ir-a-juri-popular\/","robots":"max-image-preview:large","keywords":"","webmasterTools":{"miscellaneous":""},"schema":{"@context":"https:\/\/schema.org","@graph":[{"@type":"BlogPosting","@id":"https:\/\/www.jornalja.com.br\/arquivo\/tj-decide-que-reus-do-caso-kiss-nao-devem-ir-a-juri-popular\/#blogposting","name":"TJ decide que r\u00e9us do caso Kiss n\u00e3o devem ir a j\u00fari popular | Arquivo","headline":"TJ decide que r\u00e9us do caso Kiss n\u00e3o devem ir a j\u00fari popular","author":{"@id":"https:\/\/www.jornalja.com.br\/arquivo\/author\/daredacao\/#author"},"publisher":{"@id":"https:\/\/www.jornalja.com.br\/arquivo\/#organization"},"image":{"@type":"ImageObject","url":57902},"datePublished":"2017-12-01T20:47:17-02:00","dateModified":"2017-12-01T20:47:17-02:00","inLanguage":"pt-BR","mainEntityOfPage":{"@id":"https:\/\/www.jornalja.com.br\/arquivo\/tj-decide-que-reus-do-caso-kiss-nao-devem-ir-a-juri-popular\/#webpage"},"isPartOf":{"@id":"https:\/\/www.jornalja.com.br\/arquivo\/tj-decide-que-reus-do-caso-kiss-nao-devem-ir-a-juri-popular\/#webpage"},"articleSection":"Geral"},{"@type":"BreadcrumbList","@id":"https:\/\/www.jornalja.com.br\/arquivo\/tj-decide-que-reus-do-caso-kiss-nao-devem-ir-a-juri-popular\/#breadcrumblist","itemListElement":[{"@type":"ListItem","@id":"https:\/\/www.jornalja.com.br\/arquivo#listItem","position":1,"name":"Home","item":"https:\/\/www.jornalja.com.br\/arquivo","nextItem":{"@type":"ListItem","@id":"https:\/\/www.jornalja.com.br\/arquivo\/category\/geral\/#listItem","name":"Geral"}},{"@type":"ListItem","@id":"https:\/\/www.jornalja.com.br\/arquivo\/category\/geral\/#listItem","position":2,"name":"Geral","item":"https:\/\/www.jornalja.com.br\/arquivo\/category\/geral\/","nextItem":{"@type":"ListItem","@id":"https:\/\/www.jornalja.com.br\/arquivo\/tj-decide-que-reus-do-caso-kiss-nao-devem-ir-a-juri-popular\/#listItem","name":"TJ decide que r\u00e9us do caso Kiss n\u00e3o devem ir a j\u00fari popular"},"previousItem":{"@type":"ListItem","@id":"https:\/\/www.jornalja.com.br\/arquivo#listItem","name":"Home"}},{"@type":"ListItem","@id":"https:\/\/www.jornalja.com.br\/arquivo\/tj-decide-que-reus-do-caso-kiss-nao-devem-ir-a-juri-popular\/#listItem","position":3,"name":"TJ decide que r\u00e9us do caso Kiss n\u00e3o devem ir a j\u00fari popular","previousItem":{"@type":"ListItem","@id":"https:\/\/www.jornalja.com.br\/arquivo\/category\/geral\/#listItem","name":"Geral"}}]},{"@type":"Organization","@id":"https:\/\/www.jornalja.com.br\/arquivo\/#organization","name":"Jornal J\u00c1","description":"Jornal J\u00c1 | Porto Alegre","url":"https:\/\/www.jornalja.com.br\/arquivo\/","telephone":"+555133307272","logo":{"@type":"ImageObject","url":"https:\/\/www.jornalja.com.br\/wp-content\/uploads\/cards\/JAslogan.png","@id":"https:\/\/www.jornalja.com.br\/arquivo\/tj-decide-que-reus-do-caso-kiss-nao-devem-ir-a-juri-popular\/#organizationLogo"},"image":{"@id":"https:\/\/www.jornalja.com.br\/arquivo\/tj-decide-que-reus-do-caso-kiss-nao-devem-ir-a-juri-popular\/#organizationLogo"}},{"@type":"Person","@id":"https:\/\/www.jornalja.com.br\/arquivo\/author\/daredacao\/#author","url":"https:\/\/www.jornalja.com.br\/arquivo\/author\/daredacao\/","name":"da Reda\u00e7\u00e3o","image":{"@type":"ImageObject","@id":"https:\/\/www.jornalja.com.br\/arquivo\/tj-decide-que-reus-do-caso-kiss-nao-devem-ir-a-juri-popular\/#authorImage","url":"https:\/\/secure.gravatar.com\/avatar\/469fd857d6605ad19919d27ed29d35a968a25f6e8fd9318356bbb7f57aae9c65?s=96&d=mm&r=g","width":96,"height":96,"caption":"da Reda\u00e7\u00e3o"}},{"@type":"WebPage","@id":"https:\/\/www.jornalja.com.br\/arquivo\/tj-decide-que-reus-do-caso-kiss-nao-devem-ir-a-juri-popular\/#webpage","url":"https:\/\/www.jornalja.com.br\/arquivo\/tj-decide-que-reus-do-caso-kiss-nao-devem-ir-a-juri-popular\/","name":"TJ decide que r\u00e9us do caso Kiss n\u00e3o devem ir a j\u00fari popular | Arquivo","inLanguage":"pt-BR","isPartOf":{"@id":"https:\/\/www.jornalja.com.br\/arquivo\/#website"},"breadcrumb":{"@id":"https:\/\/www.jornalja.com.br\/arquivo\/tj-decide-que-reus-do-caso-kiss-nao-devem-ir-a-juri-popular\/#breadcrumblist"},"author":{"@id":"https:\/\/www.jornalja.com.br\/arquivo\/author\/daredacao\/#author"},"creator":{"@id":"https:\/\/www.jornalja.com.br\/arquivo\/author\/daredacao\/#author"},"image":{"@type":"ImageObject","url":57902,"@id":"https:\/\/www.jornalja.com.br\/arquivo\/tj-decide-que-reus-do-caso-kiss-nao-devem-ir-a-juri-popular\/#mainImage"},"primaryImageOfPage":{"@id":"https:\/\/www.jornalja.com.br\/arquivo\/tj-decide-que-reus-do-caso-kiss-nao-devem-ir-a-juri-popular\/#mainImage"},"datePublished":"2017-12-01T20:47:17-02:00","dateModified":"2017-12-01T20:47:17-02:00"},{"@type":"WebSite","@id":"https:\/\/www.jornalja.com.br\/arquivo\/#website","url":"https:\/\/www.jornalja.com.br\/arquivo\/","name":"Arquivo","description":"Jornal J\u00c1 | Porto Alegre","inLanguage":"pt-BR","publisher":{"@id":"https:\/\/www.jornalja.com.br\/arquivo\/#organization"}}]},"og:locale":"pt_BR","og:site_name":"Arquivo | Jornal J\u00c1 | Porto Alegre","og:type":"article","og:title":"TJ decide que r\u00e9us do caso Kiss n\u00e3o devem ir a j\u00fari popular | Arquivo","og:url":"https:\/\/www.jornalja.com.br\/arquivo\/tj-decide-que-reus-do-caso-kiss-nao-devem-ir-a-juri-popular\/","og:image":"https:\/\/www.jornalja.com.br\/economics\/wp-content\/uploads\/sites\/11\/2026\/08\/ja-folhaderosto-facebook.jpg","og:image:secure_url":"https:\/\/www.jornalja.com.br\/economics\/wp-content\/uploads\/sites\/11\/2026\/08\/ja-folhaderosto-facebook.jpg","article:published_time":"2017-12-01T22:47:17+00:00","article:modified_time":"2017-12-01T22:47:17+00:00","twitter:card":"summary","twitter:title":"TJ decide que r\u00e9us do caso Kiss n\u00e3o devem ir a j\u00fari popular | Arquivo","twitter:image":"https:\/\/www.jornalja.com.br\/economics\/wp-content\/uploads\/sites\/11\/2026\/08\/ja-folhaderosto-facebook.jpg"},"aioseo_meta_data":{"post_id":"57901","title":null,"description":null,"keywords":null,"keyphrases":null,"primary_term":null,"canonical_url":null,"og_title":null,"og_description":null,"og_object_type":"default","og_image_type":"default","og_image_url":null,"og_image_width":null,"og_image_height":null,"og_image_custom_url":null,"og_image_custom_fields":null,"og_video":null,"og_custom_url":null,"og_article_section":null,"og_article_tags":null,"twitter_use_og":false,"twitter_card":"default","twitter_image_type":"default","twitter_image_url":null,"twitter_image_custom_url":null,"twitter_image_custom_fields":null,"twitter_title":null,"twitter_description":null,"schema":{"blockGraphs":[],"customGraphs":[],"default":{"data":{"Article":[],"Course":[],"Dataset":[],"FAQPage":[],"Movie":[],"Person":[],"Product":[],"ProductReview":[],"Car":[],"Recipe":[],"Service":[],"SoftwareApplication":[],"WebPage":[]},"graphName":"","isEnabled":true},"graphs":[]},"schema_type":null,"schema_type_options":null,"pillar_content":false,"robots_default":true,"robots_noindex":false,"robots_noarchive":false,"robots_nosnippet":false,"robots_nofollow":false,"robots_noimageindex":false,"robots_noodp":false,"robots_notranslate":false,"robots_max_snippet":null,"robots_max_videopreview":null,"robots_max_imagepreview":"large","priority":null,"frequency":null,"location":null,"local_seo":null,"breadcrumb_settings":null,"limit_modified_date":false,"ai":null,"created":"2020-12-20 20:20:44","updated":"2025-07-20 02:43:45","seo_analyzer_scan_date":null,"focus_keyword":null,"additional_keywords":null,"truseo_locale":null},"jetpack_sharing_enabled":true,"jetpack-related-posts":[{"id":13109,"url":"https:\/\/www.jornalja.com.br\/arquivo\/judiciario-reconhece-poluicao-eletromagnetica\/","url_meta":{"origin":57901,"position":0},"title":"Judici\u00e1rio reconhece polui\u00e7\u00e3o eletromagn\u00e9tica","author":"Patr\u00edcia Marini","date":"16 de maio de 2014","format":false,"excerpt":"A\u00e7\u00e3o de duas associa\u00e7\u00f5es de moradores foi acolhida pelo Tribunal de Justi\u00e7a de S\u00e3o Paulo que. em decis\u00e3o in\u00e9dita, determinou a redu\u00e7\u00e3o do campo eletromagn\u00e9tico gerado pelas linhas de transmiss\u00e3o de energia que cortam os bairros City Boa\u00e7ava e Alto de Pinheiros. \u00c9 a primeira vez que um tribunal do\u2026","rel":"","context":"Em &quot;X.Categorias velhas&quot;","block_context":{"text":"X.Categorias velhas","link":"https:\/\/www.jornalja.com.br\/arquivo\/category\/x-categorias-velhas\/"},"img":{"alt_text":"","src":"","width":0,"height":0},"classes":[]},{"id":13239,"url":"https:\/\/www.jornalja.com.br\/arquivo\/conselho-desdenha-do-plano-diretor\/","url_meta":{"origin":57901,"position":1},"title":"Porto Alegre: Conselho detona Plano Diretor","author":"Patr\u00edcia Marini","date":"25 de maio de 2014","format":false,"excerpt":"Den\u00fancia do arquiteto e \u00a0urbanista Ibir\u00e1 Santos Lucas. Ele diz que os conselheiros est\u00e3o votando com \"enorme irresponsabilidade\". \"Mudam regime com a maior naturalidade,,,regularizam absurdos de constru\u00e7\u00f5es irregulares... \"O CMDUA est\u00e1 flexibilizando a lei do plano diretor, de uma forma impactante na vida da cidade. Mudam regime com a maior\u2026","rel":"","context":"Em &quot;Geral&quot;","block_context":{"text":"Geral","link":"https:\/\/www.jornalja.com.br\/arquivo\/category\/geral\/"},"img":{"alt_text":"","src":"","width":0,"height":0},"classes":[]},{"id":13240,"url":"https:\/\/www.jornalja.com.br\/arquivo\/plano-diretor-estamos-construindo-o-caos\/","url_meta":{"origin":57901,"position":2},"title":"Plano diretor: &quot;Estamos construindo o caos&quot;","author":"Patr\u00edcia Marini","date":"26 de maio de 2014","format":false,"excerpt":"Desabafo que arquiteta Eliana Castilhos, delegada da Regi\u00e3o de Planejamento 1, postou nas redes sociais \u00e9 um testemunho do ambiente que se criou no Conselho do Plano Diretor de Porto Alegre, onde a aprova\u00e7\u00e3o de grandes empreendimentos \u00e9 empurrada guela abaixo dos conselheiros. Ao CMDUA Como delegada da Regi\u00e3o de\u2026","rel":"","context":"Em &quot;Geral&quot;","block_context":{"text":"Geral","link":"https:\/\/www.jornalja.com.br\/arquivo\/category\/geral\/"},"img":{"alt_text":"","src":"","width":0,"height":0},"classes":[]},{"id":14241,"url":"https:\/\/www.jornalja.com.br\/arquivo\/o-guaiba-nas-imagens-poeticas-de-achutti\/","url_meta":{"origin":57901,"position":3},"title":"O Gua\u00edba nas imagens po\u00e9ticas de Achutti","author":"da Reda\u00e7\u00e3o","date":"18 de junho de 2014","format":false,"excerpt":"Em \u201cO Gua\u00edba por Achutti\u201d \u2013 obra financiada via Minist\u00e9rio da Cultura, produ\u00e7\u00e3o executiva de Pedro Longhi, e Fl\u00e1vio Wild como designer \u2013, o fot\u00f3grafo revela a beleza e as mazelas de um espa\u00e7o aqu\u00e1tico de \u00e1guas sempre renovadas, cheio de hist\u00f3rias e lendas como as das cidades que foram\u2026","rel":"","context":"Em &quot;Cultura-Geral&quot;","block_context":{"text":"Cultura-Geral","link":"https:\/\/www.jornalja.com.br\/arquivo\/category\/materiasecundaria\/"},"img":{"alt_text":"","src":"","width":0,"height":0},"classes":[]},{"id":13124,"url":"https:\/\/www.jornalja.com.br\/arquivo\/sangue-latino-no-iecine\/","url_meta":{"origin":57901,"position":4},"title":"Sangue latino no IECINE","author":"da Reda\u00e7\u00e3o","date":"18 de maio de 2014","format":false,"excerpt":"Francisco Ribeiro O Instituto Estadual de Cinema (IECINE) tem a frente, desde abril \u00faltimo, um novo diretor, o cineasta colombiano Juan Zapata, 36, que substitui Luiz Alberto Cassol. Radicado h\u00e1 dez anos em Porto Alegre, Zapata tem diante de si o desafio de conduzir at\u00e9 o final do ano um\u2026","rel":"","context":"Em &quot;Cultura-Geral&quot;","block_context":{"text":"Cultura-Geral","link":"https:\/\/www.jornalja.com.br\/arquivo\/category\/materiasecundaria\/"},"img":{"alt_text":"","src":"","width":0,"height":0},"classes":[]},{"id":5440,"url":"https:\/\/www.jornalja.com.br\/arquivo\/casarao-da-venancio-destino-permanece-incerto\/","url_meta":{"origin":57901,"position":5},"title":"Estado ainda n\u00e3o sabe o que fazer com casar\u00e3o abandonado h\u00e1 20 anos","author":"Elmar Bones","date":"6 de julho de 2009","format":false,"excerpt":"O casar\u00e3o amarelo, numa esquina nobre de Porto Alegre (Ven\u00e2ncio Aires com Jo\u00e3o Pessoa), j\u00e1 abrigou uma escola. H\u00e1 duas d\u00e9cadas, pelo menos, est\u00e1 abandonado, porque seu propriet\u00e1rio, o governo do Estado do Rio Grande do Sul, n\u00e3o consegue achar um destino para ele. Planos n\u00e3o faltaram. O governador Ol\u00edvio\u2026","rel":"","context":"Em &quot;X.Categorias velhas&quot;","block_context":{"text":"X.Categorias velhas","link":"https:\/\/www.jornalja.com.br\/arquivo\/category\/x-categorias-velhas\/"},"img":{"alt_text":"geraldo1","src":"https:\/\/i0.wp.com\/www.jornalja.com.br\/wp-content\/uploads\/2009\/07\/geraldo1.jpg?resize=350%2C200&ssl=1","width":350,"height":200},"classes":[]}],"jetpack_shortlink":"https:\/\/wp.me\/pbQjBd-f3T","jetpack_featured_media_url":"","_links":{"self":[{"href":"https:\/\/www.jornalja.com.br\/arquivo\/wp-json\/wp\/v2\/posts\/57901","targetHints":{"allow":["GET"]}}],"collection":[{"href":"https:\/\/www.jornalja.com.br\/arquivo\/wp-json\/wp\/v2\/posts"}],"about":[{"href":"https:\/\/www.jornalja.com.br\/arquivo\/wp-json\/wp\/v2\/types\/post"}],"author":[{"embeddable":true,"href":"https:\/\/www.jornalja.com.br\/arquivo\/wp-json\/wp\/v2\/users\/4"}],"replies":[{"embeddable":true,"href":"https:\/\/www.jornalja.com.br\/arquivo\/wp-json\/wp\/v2\/comments?post=57901"}],"version-history":[{"count":0,"href":"https:\/\/www.jornalja.com.br\/arquivo\/wp-json\/wp\/v2\/posts\/57901\/revisions"}],"wp:attachment":[{"href":"https:\/\/www.jornalja.com.br\/arquivo\/wp-json\/wp\/v2\/media?parent=57901"}],"wp:term":[{"taxonomy":"category","embeddable":true,"href":"https:\/\/www.jornalja.com.br\/arquivo\/wp-json\/wp\/v2\/categories?post=57901"},{"taxonomy":"post_tag","embeddable":true,"href":"https:\/\/www.jornalja.com.br\/arquivo\/wp-json\/wp\/v2\/tags?post=57901"}],"curies":[{"name":"wp","href":"https:\/\/api.w.org\/{rel}","templated":true}]}}