{"id":57923,"date":"2017-12-04T09:02:39","date_gmt":"2017-12-04T11:02:39","guid":{"rendered":"https:\/\/www.jornalja.com.br\/?p=57923"},"modified":"2017-12-04T09:02:39","modified_gmt":"2017-12-04T11:02:39","slug":"o-horizonte-solitario","status":"publish","type":"post","link":"https:\/\/www.jornalja.com.br\/arquivo\/o-horizonte-solitario\/","title":{"rendered":"O horizonte solit\u00e1rio"},"content":{"rendered":"<p><span class=\"assina\">Texto:\u00a0Leonardo Radaelli<\/span><br \/>\n<span class=\"assina\">Fotos:\u00a0Nicolas Chidem<\/span><br \/>\n<a href=\"http:\/\/www.editorialj.eusoufamecos.net\/site\/agencia\/o-horizonte-solitario\/\">Ag\u00eancia J de Reportagem<\/a> | Famecos\/PUCRS\u200b<br \/>\nUma viagem remete \u00e0 divers\u00e3o e ao sossego. A estrada serve de fuga para a monotonia vivida por muitas pessoas, vendo no horizonte uma fonte de motiva\u00e7\u00e3o para novos desafios. O que para muitos serve como lazer e escape da rotina desgastante da cidade, para outros representa um modo de viver. Para caminhoneiros, a estrada \u00e9 uma velha companheira. Em um pa\u00eds de dimens\u00f5es continentais, um trajeto entre regi\u00f5es pode durar dias, at\u00e9 semanas. Para cumprir o of\u00edcio, motoristas abdicam da vida pessoal. Apesar da paix\u00e3o pela estrada, para os caminhoneiros, viagem n\u00e3o \u00e9 lazer. \u00c9 obriga\u00e7\u00e3o. A rela\u00e7\u00e3o com o asfalto \u00e9 intensa. Para o bem. E para o mal. A estrada traz cap\u00edtulos diferentes, hist\u00f3ria marcantes e amizades. Na via contr\u00e1ria, embala a solid\u00e3o, a tristeza e a saudade.<br \/>\nNo Brasil, conforme a CNT (Confedera\u00e7\u00e3o Nacional do Transporte), mais de 60% dos motoristas s\u00e3o aut\u00f4nomos, com m\u00e9dia de idade entre 30 e 40 anos. Rio Grande do Sul ocupa a terceira posi\u00e7\u00e3o em ve\u00edculos registrados na CNT \u2013 s\u00f3 atr\u00e1s de S\u00e3o Paulo e Paran\u00e1<br \/>\n\u201cN\u00f3s pensamos em tudo. Passa um filme na tua cabe\u00e7a. Penso na fam\u00edlia, na situa\u00e7\u00e3o, penso no dia a dia da profiss\u00e3o. Resumindo: voc\u00ea coloca uma m\u00fasica para esquecer tudo isso e vamos apreciando o caminho\u201d, revela Jair Cezar. Com trinta e seis anos de estrada, ele j\u00e1 est\u00e1 acostumado com a companhia do asfalto. Jair tem 51 anos, nasceu em Terra de Areia e convive com caminh\u00e3o desde os 15 anos. Casado, pai de dois filhos, tenta estabelecer um cronograma harmonioso entre fam\u00edlia e trabalho. \u201cTenho oportunidade de fazer meu hor\u00e1rio. Dependendo das minhas condi\u00e7\u00f5es no momento, posso ficar uma semana ou um m\u00eas em casa\u201d.<br \/>\nMas nem sempre foi assim. \u201cQuando era jovem, j\u00e1 passei final de ano e anivers\u00e1rio na estrada. L\u00e1 atr\u00e1s, aconteceu muito isso. Hoje, n\u00e3o. Hoje \u00e9 mais equilibrado. Antigamente era diferente. Trabalho tinha mais valor, era mais reconhecido\u201d.<br \/>\nPara o profissional, a rotina da estrada pode ser vista como mon\u00f3tona. Mas os dias s\u00e3o sempre diferentes. Na tentativa de explicar, usa o futebol como met\u00e1fora. \u201c\u00c9 como ir ao est\u00e1dio todas as semanas. Mas n\u00e3o \u00e9 o mesmo jogo. A gente vai no mesmo lugar, mas n\u00e3o ser\u00e1 a mesma partida. \u00c9 mesma coisa a viagem. Sempre tem um cap\u00edtulo diferente\u201d, compara Jair, que acabara de voltar de S\u00e3o Paulo.<br \/>\nDepois de tr\u00eas d\u00e9cadas atr\u00e1s do volante, Jair parece nost\u00e1lgico: \u201cAntigamente, a pista simples era melhor que a duplicada hoje. Duplicaram, mas triplicou o n\u00famero de acidentes. As pessoas cuidavam mais, era diferente. Na profiss\u00e3o, tinha mais coleguismo, uni\u00e3o e n\u00f3s \u00e9ramos mais valorizados\u201d. Apesar das mudan\u00e7as, Jair n\u00e3o se v\u00ea longe da estrada. O caminh\u00e3o s\u00f3 perde espa\u00e7o no cora\u00e7\u00e3o para a mulher e os filhos. \u201cTirando minha fam\u00edlia, ele \u00e9 minha vida. Eu n\u00e3o me vejo fora dele com condi\u00e7\u00e3o para trabalhar\u201d.<br \/>\nA ideia de se aposentar \u00e9 algo presente em suas conversas com a fam\u00edlia. \u201cSe hoje eu tivesse recurso, eu aprimoraria, melhoraria e n\u00e3o sairia da estrada. Isso \u00e9 para quem gosta. E eu gosto do que fa\u00e7o\u201d.<br \/>\n\u201cEu queria estar em casa, n\u00e3o queria mais viajar. E \u00e9 s\u00f3 isso a\u00ed\u201d. A frase resume bem o sentimento de Lauro dos Santos Cardozo. Com 25 anos trabalhando como caminhoneiro e enfrentando os contratempos da profiss\u00e3o, ele assume que o desgaste profissional atingiu um limite que o desmotiva a seguir dirigindo. Lauro, 49 anos, revela o sentimento que a estrada reflete para muitos motoristas. \u201c\u00c9 uma solid\u00e3o. \u00c9 brabo o cara ficar vinte dias fora de casa. Minha mulher \u00e9 acostumada j\u00e1, mas gera solid\u00e3o. Fazer o qu\u00ea? \u201d. Casado e com filhos, afirma que a profiss\u00e3o, em muitos momentos, o priva de seus momentos com a fam\u00edlia. Chega a gerar um sentimento de frustra\u00e7\u00e3o com a profiss\u00e3o.<br \/>\n<figure id=\"attachment_57926\" aria-describedby=\"caption-attachment-57926\" style=\"width: 620px\" class=\"wp-caption alignnone\"><img loading=\"lazy\" decoding=\"async\" class=\"wp-image-57926 size-full\" src=\"https:\/\/www.jornalja.com.br\/wp-content\/uploads\/2017\/12\/Caminhoneiros6660NC031017-620x413.jpg\" alt=\"\" width=\"620\" height=\"413\" \/><figcaption id=\"caption-attachment-57926\" class=\"wp-caption-text\">Lauro diz que o desgaste atingiu um limite que o desmotiva a seguir dirigindo<\/figcaption><\/figure><br \/>\nAntes de trabalhar atr\u00e1s da dire\u00e7\u00e3o, trabalhou como chapa \u2013 pessoa que ajuda os caminhoneiros nas descargas dos materiais transportados. Com essa rela\u00e7\u00e3o direta com os profissionais do transporte, come\u00e7ou a dirigir. \u201cGostei da profiss\u00e3o e fiquei\u201d.<br \/>\nVoltando de Belo Horizonte, Lauro relata sua rela\u00e7\u00e3o emotiva com a estrada, sua velha companheira: \u00a0\u201cSofrimento e solid\u00e3o. Se fosse para pensar mesmo, hoje, se eu tivesse 18 e 19 anos, eu n\u00e3o iria para estrada\u201d. Apesar do des\u00e2nimo, parece tarde para mudar de profiss\u00e3o. E parar de trabalhar est\u00e1 fora dos planos. \u201cPensar em me aposentar, eu penso. Mas n\u00e3o vou, infelizmente. N\u00e3o tenho carteira assinada\u201d.<br \/>\nEnquanto toma um caf\u00e9 no bar do posto Garoupa, Zona Norte de Porto Alegre, \u00e0s margens da Freeway, Lauro prepara a pr\u00f3xima viagem. O destino \u00e9 Bel\u00e9m, no Par\u00e1. A estimativa de um trajeto de aproximadamente cinco dias. Em meio \u00e0 organiza\u00e7\u00e3o, lembra das dificuldades que poder\u00e1 encontrar no caminho, especialmente os constantes assaltos e a precariedade de algumas estradas. Para Lauro, tudo isso, misturado com os sentimentos pessoais, ajudam a desenvolver o estresse na atividade. \u201cEu viajo, eu preciso trabalhar, n\u00e3o adianta. N\u00e3o tem outro caminho\u201d, suspira, conformado.<br \/>\n\u201cMinha filha nasceu. No dia em que ela nasceu, eu estava aqui. Quando levamos ela para casa, meu caminh\u00e3o j\u00e1 estava carregado. Eu sa\u00ed para viajar e fiquei vinte e poucos dias fora. Quando eu voltei, ela j\u00e1 tinha um m\u00eas. Imagina isso\u201d, conta Lucas Silveira Lucr\u00e9cio. Com apenas 30 anos, viveu cinco deles como caminhoneiro. A estrada n\u00e3o era, exatamente, o seu lugar. Porto-alegrense, hoje experimenta uma rotina distante das constantes viagens, mas vivencia diariamente as experi\u00eancias dos motoristas. Lucas trabalha com agenciamento de cargas, junto com o pai, no Posto Garoupa.<br \/>\n<figure id=\"attachment_57925\" aria-describedby=\"caption-attachment-57925\" style=\"width: 620px\" class=\"wp-caption alignnone\"><img loading=\"lazy\" decoding=\"async\" class=\"wp-image-57925 size-full\" src=\"https:\/\/www.jornalja.com.br\/wp-content\/uploads\/2017\/12\/Caminhoneiros6626NC031017-620x413.jpg\" alt=\"\" width=\"620\" height=\"413\" \/><figcaption id=\"caption-attachment-57925\" class=\"wp-caption-text\">Lucas abandonou a estrada mas ainda sente saudade da vida no asfalto<\/figcaption><\/figure><br \/>\n\u201cDepois de um ano do nascimento da minha primeira filha, eu abandonei a estrada\u201d. Para ele, a fam\u00edlia foi fundamental para a escolha de abrir m\u00e3o da rotina n\u00f4made de caminhoneiro para administrar um escrit\u00f3rio junto com o pai. Apesar da desist\u00eancia, algo do dia a dia de caminhoneiro faz o olhar de Lucas brilhar. Por vezes, gostaria de sentir o cheiro do asfalto de novo. \u201cFaz falta a viagem, n\u00e3o ficar todo dia no escrit\u00f3rio. Na estrada \u00e9 bem melhor\u201d.<br \/>\nLucas transportava carga para todo Brasil. Sobre os sentimentos \u2013 e pensamentos \u2013 ao longo dos percursos, revela que a estrada pode ser uma \u00f3tima companhia em muitos momentos. Mas a aus\u00eancia da base familiar \u00e9 um fator que pesa na profiss\u00e3o. \u201cNa estrada, voc\u00ea n\u00e3o tem solid\u00e3o. Os caminhoneiros s\u00e3o muito unidos. Voc\u00ea sempre tem uma amizade em suas paradas pelo caminho. O problema, mesmo, \u00e9 a saudade da fam\u00edlia\u201d.<br \/>\nSaudosista, relembra que no in\u00edcio da profiss\u00e3o tinha uma paix\u00e3o pelo ve\u00edculo. \u201cEu gostava. Para mim, era tudo. Eu n\u00e3o queria sair de dentro do caminh\u00e3o\u201d. Mas o tempo desvalorizou a profiss\u00e3o. Por isso, n\u00e3o voltaria a \u00a0exercer o of\u00edcio que sempre o encantou. \u201cDo jeito que o cen\u00e1rio est\u00e1, eu n\u00e3o volto. S\u00f3 se melhorassem muito as condi\u00e7\u00f5es gerais da profiss\u00e3o e eu n\u00e3o tivesse outra atividade. S\u00f3 se eu n\u00e3o conseguisse mais manter a minha fam\u00edlia\u201d.<\/p>\n","protected":false},"excerpt":{"rendered":"<p>Texto:\u00a0Leonardo Radaelli Fotos:\u00a0Nicolas Chidem Ag\u00eancia J de Reportagem | Famecos\/PUCRS\u200b Uma viagem remete \u00e0 divers\u00e3o e ao sossego. A estrada serve de fuga para a monotonia vivida por muitas pessoas, vendo no horizonte uma fonte de motiva\u00e7\u00e3o para novos desafios. O que para muitos serve como lazer e escape da rotina desgastante da cidade, para [&hellip;]<\/p>\n","protected":false},"author":4,"featured_media":57924,"comment_status":"open","ping_status":"closed","sticky":false,"template":"","format":"standard","meta":{"_jetpack_newsletter_access":"","_jetpack_dont_email_post_to_subs":false,"_jetpack_newsletter_tier_id":0,"_jetpack_memberships_contains_paywalled_content":false,"_jetpack_feature_clip_id":0,"_jetpack_memberships_contains_paid_content":false,"footnotes":"","jetpack_post_was_ever_published":false},"categories":[26],"tags":[],"class_list":["post-57923","post","type-post","status-publish","format-standard","has-post-thumbnail","hentry","category-geral"],"aioseo_notices":[],"aioseo_head":"\n\t\t<!-- All in One SEO 5.0.1.1 - aioseo.com -->\n\t<meta name=\"robots\" content=\"max-image-preview:large\" \/>\n\t<meta name=\"author\" content=\"da Reda\u00e7\u00e3o\"\/>\n\t<link rel=\"canonical\" href=\"https:\/\/www.jornalja.com.br\/arquivo\/o-horizonte-solitario\/\" \/>\n\t<meta name=\"generator\" content=\"All in One SEO (AIOSEO) 5.0.1.1\" \/>\n\t\t<meta property=\"og:locale\" content=\"pt_BR\" \/>\n\t\t<meta property=\"og:site_name\" content=\"Arquivo | Jornal J\u00c1 | Porto Alegre\" \/>\n\t\t<meta property=\"og:type\" content=\"article\" \/>\n\t\t<meta property=\"og:title\" content=\"O horizonte solit\u00e1rio | Arquivo\" \/>\n\t\t<meta property=\"og:url\" content=\"https:\/\/www.jornalja.com.br\/arquivo\/o-horizonte-solitario\/\" \/>\n\t\t<meta property=\"og:image\" content=\"https:\/\/www.jornalja.com.br\/wp-content\/uploads\/2017\/12\/Caminhoneiros6660NC031017-620x413.jpg\" \/>\n\t\t<meta property=\"og:image:secure_url\" content=\"https:\/\/www.jornalja.com.br\/wp-content\/uploads\/2017\/12\/Caminhoneiros6660NC031017-620x413.jpg\" \/>\n\t\t<meta property=\"article:published_time\" content=\"2017-12-04T11:02:39+00:00\" \/>\n\t\t<meta property=\"article:modified_time\" content=\"2017-12-04T11:02:39+00:00\" \/>\n\t\t<meta name=\"twitter:card\" content=\"summary\" \/>\n\t\t<meta name=\"twitter:title\" content=\"O horizonte solit\u00e1rio | Arquivo\" \/>\n\t\t<meta name=\"twitter:image\" content=\"https:\/\/www.jornalja.com.br\/economics\/wp-content\/uploads\/sites\/11\/2026\/08\/ja-folhaderosto-facebook.jpg\" \/>\n\t\t<script type=\"application\/ld+json\" class=\"aioseo-schema\">\n\t\t\t{\"@context\":\"https:\\\/\\\/schema.org\",\"@graph\":[{\"@type\":\"BlogPosting\",\"@id\":\"https:\\\/\\\/www.jornalja.com.br\\\/arquivo\\\/o-horizonte-solitario\\\/#blogposting\",\"name\":\"O horizonte solit\\u00e1rio | Arquivo\",\"headline\":\"O horizonte solit\\u00e1rio\",\"author\":{\"@id\":\"https:\\\/\\\/www.jornalja.com.br\\\/arquivo\\\/author\\\/daredacao\\\/#author\"},\"publisher\":{\"@id\":\"https:\\\/\\\/www.jornalja.com.br\\\/arquivo\\\/#organization\"},\"image\":{\"@type\":\"ImageObject\",\"url\":57924},\"datePublished\":\"2017-12-04T09:02:39-02:00\",\"dateModified\":\"2017-12-04T09:02:39-02:00\",\"inLanguage\":\"pt-BR\",\"mainEntityOfPage\":{\"@id\":\"https:\\\/\\\/www.jornalja.com.br\\\/arquivo\\\/o-horizonte-solitario\\\/#webpage\"},\"isPartOf\":{\"@id\":\"https:\\\/\\\/www.jornalja.com.br\\\/arquivo\\\/o-horizonte-solitario\\\/#webpage\"},\"articleSection\":\"Geral\"},{\"@type\":\"BreadcrumbList\",\"@id\":\"https:\\\/\\\/www.jornalja.com.br\\\/arquivo\\\/o-horizonte-solitario\\\/#breadcrumblist\",\"itemListElement\":[{\"@type\":\"ListItem\",\"@id\":\"https:\\\/\\\/www.jornalja.com.br\\\/arquivo#listItem\",\"position\":1,\"name\":\"Home\",\"item\":\"https:\\\/\\\/www.jornalja.com.br\\\/arquivo\",\"nextItem\":{\"@type\":\"ListItem\",\"@id\":\"https:\\\/\\\/www.jornalja.com.br\\\/arquivo\\\/category\\\/geral\\\/#listItem\",\"name\":\"Geral\"}},{\"@type\":\"ListItem\",\"@id\":\"https:\\\/\\\/www.jornalja.com.br\\\/arquivo\\\/category\\\/geral\\\/#listItem\",\"position\":2,\"name\":\"Geral\",\"item\":\"https:\\\/\\\/www.jornalja.com.br\\\/arquivo\\\/category\\\/geral\\\/\",\"nextItem\":{\"@type\":\"ListItem\",\"@id\":\"https:\\\/\\\/www.jornalja.com.br\\\/arquivo\\\/o-horizonte-solitario\\\/#listItem\",\"name\":\"O horizonte solit\\u00e1rio\"},\"previousItem\":{\"@type\":\"ListItem\",\"@id\":\"https:\\\/\\\/www.jornalja.com.br\\\/arquivo#listItem\",\"name\":\"Home\"}},{\"@type\":\"ListItem\",\"@id\":\"https:\\\/\\\/www.jornalja.com.br\\\/arquivo\\\/o-horizonte-solitario\\\/#listItem\",\"position\":3,\"name\":\"O horizonte solit\\u00e1rio\",\"previousItem\":{\"@type\":\"ListItem\",\"@id\":\"https:\\\/\\\/www.jornalja.com.br\\\/arquivo\\\/category\\\/geral\\\/#listItem\",\"name\":\"Geral\"}}]},{\"@type\":\"Organization\",\"@id\":\"https:\\\/\\\/www.jornalja.com.br\\\/arquivo\\\/#organization\",\"name\":\"Jornal J\\u00c1\",\"description\":\"Jornal J\\u00c1 | Porto Alegre\",\"url\":\"https:\\\/\\\/www.jornalja.com.br\\\/arquivo\\\/\",\"telephone\":\"+555133307272\",\"logo\":{\"@type\":\"ImageObject\",\"url\":\"https:\\\/\\\/www.jornalja.com.br\\\/wp-content\\\/uploads\\\/cards\\\/JAslogan.png\",\"@id\":\"https:\\\/\\\/www.jornalja.com.br\\\/arquivo\\\/o-horizonte-solitario\\\/#organizationLogo\"},\"image\":{\"@id\":\"https:\\\/\\\/www.jornalja.com.br\\\/arquivo\\\/o-horizonte-solitario\\\/#organizationLogo\"}},{\"@type\":\"Person\",\"@id\":\"https:\\\/\\\/www.jornalja.com.br\\\/arquivo\\\/author\\\/daredacao\\\/#author\",\"url\":\"https:\\\/\\\/www.jornalja.com.br\\\/arquivo\\\/author\\\/daredacao\\\/\",\"name\":\"da Reda\\u00e7\\u00e3o\",\"image\":{\"@type\":\"ImageObject\",\"@id\":\"https:\\\/\\\/www.jornalja.com.br\\\/arquivo\\\/o-horizonte-solitario\\\/#authorImage\",\"url\":\"https:\\\/\\\/secure.gravatar.com\\\/avatar\\\/469fd857d6605ad19919d27ed29d35a968a25f6e8fd9318356bbb7f57aae9c65?s=96&d=mm&r=g\",\"width\":96,\"height\":96,\"caption\":\"da Reda\\u00e7\\u00e3o\"}},{\"@type\":\"WebPage\",\"@id\":\"https:\\\/\\\/www.jornalja.com.br\\\/arquivo\\\/o-horizonte-solitario\\\/#webpage\",\"url\":\"https:\\\/\\\/www.jornalja.com.br\\\/arquivo\\\/o-horizonte-solitario\\\/\",\"name\":\"O horizonte solit\\u00e1rio | Arquivo\",\"inLanguage\":\"pt-BR\",\"isPartOf\":{\"@id\":\"https:\\\/\\\/www.jornalja.com.br\\\/arquivo\\\/#website\"},\"breadcrumb\":{\"@id\":\"https:\\\/\\\/www.jornalja.com.br\\\/arquivo\\\/o-horizonte-solitario\\\/#breadcrumblist\"},\"author\":{\"@id\":\"https:\\\/\\\/www.jornalja.com.br\\\/arquivo\\\/author\\\/daredacao\\\/#author\"},\"creator\":{\"@id\":\"https:\\\/\\\/www.jornalja.com.br\\\/arquivo\\\/author\\\/daredacao\\\/#author\"},\"image\":{\"@type\":\"ImageObject\",\"url\":57924,\"@id\":\"https:\\\/\\\/www.jornalja.com.br\\\/arquivo\\\/o-horizonte-solitario\\\/#mainImage\"},\"primaryImageOfPage\":{\"@id\":\"https:\\\/\\\/www.jornalja.com.br\\\/arquivo\\\/o-horizonte-solitario\\\/#mainImage\"},\"datePublished\":\"2017-12-04T09:02:39-02:00\",\"dateModified\":\"2017-12-04T09:02:39-02:00\"},{\"@type\":\"WebSite\",\"@id\":\"https:\\\/\\\/www.jornalja.com.br\\\/arquivo\\\/#website\",\"url\":\"https:\\\/\\\/www.jornalja.com.br\\\/arquivo\\\/\",\"name\":\"Arquivo\",\"description\":\"Jornal J\\u00c1 | Porto Alegre\",\"inLanguage\":\"pt-BR\",\"publisher\":{\"@id\":\"https:\\\/\\\/www.jornalja.com.br\\\/arquivo\\\/#organization\"}}]}\n\t\t<\/script>\n\t\t<!-- All in One SEO -->\n\n","aioseo_head_json":{"title":"O horizonte solit\u00e1rio | Arquivo","description":"","canonical_url":"https:\/\/www.jornalja.com.br\/arquivo\/o-horizonte-solitario\/","robots":"max-image-preview:large","keywords":"","webmasterTools":{"miscellaneous":""},"schema":{"@context":"https:\/\/schema.org","@graph":[{"@type":"BlogPosting","@id":"https:\/\/www.jornalja.com.br\/arquivo\/o-horizonte-solitario\/#blogposting","name":"O horizonte solit\u00e1rio | Arquivo","headline":"O horizonte solit\u00e1rio","author":{"@id":"https:\/\/www.jornalja.com.br\/arquivo\/author\/daredacao\/#author"},"publisher":{"@id":"https:\/\/www.jornalja.com.br\/arquivo\/#organization"},"image":{"@type":"ImageObject","url":57924},"datePublished":"2017-12-04T09:02:39-02:00","dateModified":"2017-12-04T09:02:39-02:00","inLanguage":"pt-BR","mainEntityOfPage":{"@id":"https:\/\/www.jornalja.com.br\/arquivo\/o-horizonte-solitario\/#webpage"},"isPartOf":{"@id":"https:\/\/www.jornalja.com.br\/arquivo\/o-horizonte-solitario\/#webpage"},"articleSection":"Geral"},{"@type":"BreadcrumbList","@id":"https:\/\/www.jornalja.com.br\/arquivo\/o-horizonte-solitario\/#breadcrumblist","itemListElement":[{"@type":"ListItem","@id":"https:\/\/www.jornalja.com.br\/arquivo#listItem","position":1,"name":"Home","item":"https:\/\/www.jornalja.com.br\/arquivo","nextItem":{"@type":"ListItem","@id":"https:\/\/www.jornalja.com.br\/arquivo\/category\/geral\/#listItem","name":"Geral"}},{"@type":"ListItem","@id":"https:\/\/www.jornalja.com.br\/arquivo\/category\/geral\/#listItem","position":2,"name":"Geral","item":"https:\/\/www.jornalja.com.br\/arquivo\/category\/geral\/","nextItem":{"@type":"ListItem","@id":"https:\/\/www.jornalja.com.br\/arquivo\/o-horizonte-solitario\/#listItem","name":"O horizonte solit\u00e1rio"},"previousItem":{"@type":"ListItem","@id":"https:\/\/www.jornalja.com.br\/arquivo#listItem","name":"Home"}},{"@type":"ListItem","@id":"https:\/\/www.jornalja.com.br\/arquivo\/o-horizonte-solitario\/#listItem","position":3,"name":"O horizonte solit\u00e1rio","previousItem":{"@type":"ListItem","@id":"https:\/\/www.jornalja.com.br\/arquivo\/category\/geral\/#listItem","name":"Geral"}}]},{"@type":"Organization","@id":"https:\/\/www.jornalja.com.br\/arquivo\/#organization","name":"Jornal J\u00c1","description":"Jornal J\u00c1 | Porto Alegre","url":"https:\/\/www.jornalja.com.br\/arquivo\/","telephone":"+555133307272","logo":{"@type":"ImageObject","url":"https:\/\/www.jornalja.com.br\/wp-content\/uploads\/cards\/JAslogan.png","@id":"https:\/\/www.jornalja.com.br\/arquivo\/o-horizonte-solitario\/#organizationLogo"},"image":{"@id":"https:\/\/www.jornalja.com.br\/arquivo\/o-horizonte-solitario\/#organizationLogo"}},{"@type":"Person","@id":"https:\/\/www.jornalja.com.br\/arquivo\/author\/daredacao\/#author","url":"https:\/\/www.jornalja.com.br\/arquivo\/author\/daredacao\/","name":"da Reda\u00e7\u00e3o","image":{"@type":"ImageObject","@id":"https:\/\/www.jornalja.com.br\/arquivo\/o-horizonte-solitario\/#authorImage","url":"https:\/\/secure.gravatar.com\/avatar\/469fd857d6605ad19919d27ed29d35a968a25f6e8fd9318356bbb7f57aae9c65?s=96&d=mm&r=g","width":96,"height":96,"caption":"da Reda\u00e7\u00e3o"}},{"@type":"WebPage","@id":"https:\/\/www.jornalja.com.br\/arquivo\/o-horizonte-solitario\/#webpage","url":"https:\/\/www.jornalja.com.br\/arquivo\/o-horizonte-solitario\/","name":"O horizonte solit\u00e1rio | Arquivo","inLanguage":"pt-BR","isPartOf":{"@id":"https:\/\/www.jornalja.com.br\/arquivo\/#website"},"breadcrumb":{"@id":"https:\/\/www.jornalja.com.br\/arquivo\/o-horizonte-solitario\/#breadcrumblist"},"author":{"@id":"https:\/\/www.jornalja.com.br\/arquivo\/author\/daredacao\/#author"},"creator":{"@id":"https:\/\/www.jornalja.com.br\/arquivo\/author\/daredacao\/#author"},"image":{"@type":"ImageObject","url":57924,"@id":"https:\/\/www.jornalja.com.br\/arquivo\/o-horizonte-solitario\/#mainImage"},"primaryImageOfPage":{"@id":"https:\/\/www.jornalja.com.br\/arquivo\/o-horizonte-solitario\/#mainImage"},"datePublished":"2017-12-04T09:02:39-02:00","dateModified":"2017-12-04T09:02:39-02:00"},{"@type":"WebSite","@id":"https:\/\/www.jornalja.com.br\/arquivo\/#website","url":"https:\/\/www.jornalja.com.br\/arquivo\/","name":"Arquivo","description":"Jornal J\u00c1 | Porto Alegre","inLanguage":"pt-BR","publisher":{"@id":"https:\/\/www.jornalja.com.br\/arquivo\/#organization"}}]},"og:locale":"pt_BR","og:site_name":"Arquivo | Jornal J\u00c1 | Porto Alegre","og:type":"article","og:title":"O horizonte solit\u00e1rio | Arquivo","og:url":"https:\/\/www.jornalja.com.br\/arquivo\/o-horizonte-solitario\/","og:image":"https:\/\/www.jornalja.com.br\/wp-content\/uploads\/2017\/12\/Caminhoneiros6660NC031017-620x413.jpg","og:image:secure_url":"https:\/\/www.jornalja.com.br\/wp-content\/uploads\/2017\/12\/Caminhoneiros6660NC031017-620x413.jpg","article:published_time":"2017-12-04T11:02:39+00:00","article:modified_time":"2017-12-04T11:02:39+00:00","twitter:card":"summary","twitter:title":"O horizonte solit\u00e1rio | Arquivo","twitter:image":"https:\/\/www.jornalja.com.br\/economics\/wp-content\/uploads\/sites\/11\/2026\/08\/ja-folhaderosto-facebook.jpg"},"aioseo_meta_data":{"post_id":"57923","title":null,"description":null,"keywords":null,"keyphrases":null,"primary_term":null,"canonical_url":null,"og_title":null,"og_description":null,"og_object_type":"default","og_image_type":"default","og_image_url":null,"og_image_width":null,"og_image_height":null,"og_image_custom_url":null,"og_image_custom_fields":null,"og_video":null,"og_custom_url":null,"og_article_section":null,"og_article_tags":null,"twitter_use_og":false,"twitter_card":"default","twitter_image_type":"default","twitter_image_url":null,"twitter_image_custom_url":null,"twitter_image_custom_fields":null,"twitter_title":null,"twitter_description":null,"schema":{"blockGraphs":[],"customGraphs":[],"default":{"data":{"Article":[],"Course":[],"Dataset":[],"FAQPage":[],"Movie":[],"Person":[],"Product":[],"ProductReview":[],"Car":[],"Recipe":[],"Service":[],"SoftwareApplication":[],"WebPage":[]},"graphName":"","isEnabled":true},"graphs":[],"defaultGraph":"","defaultPostTypeGraph":""},"schema_type":null,"schema_type_options":null,"pillar_content":false,"robots_default":true,"robots_noindex":false,"robots_noarchive":false,"robots_nosnippet":false,"robots_nofollow":false,"robots_noimageindex":false,"robots_noodp":false,"robots_notranslate":false,"robots_max_snippet":null,"robots_max_videopreview":null,"robots_max_imagepreview":"large","priority":null,"frequency":null,"location":null,"local_seo":null,"breadcrumb_settings":null,"limit_modified_date":false,"ai":null,"created":"2020-12-20 20:20:44","updated":"2025-07-20 02:45:51","seo_analyzer_scan_date":null,"focus_keyword":null,"additional_keywords":null,"truseo_locale":null},"jetpack_sharing_enabled":true,"jetpack-related-posts":[{"id":14241,"url":"https:\/\/www.jornalja.com.br\/arquivo\/o-guaiba-nas-imagens-poeticas-de-achutti\/","url_meta":{"origin":57923,"position":0},"title":"O Gua\u00edba nas imagens po\u00e9ticas de Achutti","author":"da Reda\u00e7\u00e3o","date":"18 de junho de 2014","format":false,"excerpt":"Em \u201cO Gua\u00edba por Achutti\u201d \u2013 obra financiada via Minist\u00e9rio da Cultura, produ\u00e7\u00e3o executiva de Pedro Longhi, e Fl\u00e1vio Wild como designer \u2013, o fot\u00f3grafo revela a beleza e as mazelas de um espa\u00e7o aqu\u00e1tico de \u00e1guas sempre renovadas, cheio de hist\u00f3rias e lendas como as das cidades que foram\u2026","rel":"","context":"Em &quot;Cultura-Geral&quot;","block_context":{"text":"Cultura-Geral","link":"https:\/\/www.jornalja.com.br\/arquivo\/category\/materiasecundaria\/"},"img":{"alt_text":"","src":"","width":0,"height":0},"classes":[]},{"id":13240,"url":"https:\/\/www.jornalja.com.br\/arquivo\/plano-diretor-estamos-construindo-o-caos\/","url_meta":{"origin":57923,"position":1},"title":"Plano diretor: &quot;Estamos construindo o caos&quot;","author":"Patr\u00edcia Marini","date":"26 de maio de 2014","format":false,"excerpt":"Desabafo que arquiteta Eliana Castilhos, delegada da Regi\u00e3o de Planejamento 1, postou nas redes sociais \u00e9 um testemunho do ambiente que se criou no Conselho do Plano Diretor de Porto Alegre, onde a aprova\u00e7\u00e3o de grandes empreendimentos \u00e9 empurrada guela abaixo dos conselheiros. Ao CMDUA Como delegada da Regi\u00e3o de\u2026","rel":"","context":"Em &quot;Geral&quot;","block_context":{"text":"Geral","link":"https:\/\/www.jornalja.com.br\/arquivo\/category\/geral\/"},"img":{"alt_text":"","src":"","width":0,"height":0},"classes":[]},{"id":12960,"url":"https:\/\/www.jornalja.com.br\/arquivo\/populacao-culpa-empresas-pela-greve-dos-rodoviarios\/","url_meta":{"origin":57923,"position":2},"title":"Popula\u00e7\u00e3o culpa empresas pela greve","author":"Patr\u00edcia Marini","date":"14 de fevereiro de 2014","format":false,"excerpt":"Pesquisa divulgada na edi\u00e7\u00e3o do jornal Metro desta sexta-feira,14, comprova o velho ditado: \u00e9 poss\u00edvel enganar muitos por algum tempo, mas n\u00e3o \u00e9 poss\u00edvel enganar a todos o tempo inteiro. A principal revela\u00e7\u00e3o foi que 59,8% dos entrevistados apontaram as empresas como as principais respons\u00e1veis pela grave e 46% culparam\u2026","rel":"","context":"Em &quot;X.Categorias velhas&quot;","block_context":{"text":"X.Categorias velhas","link":"https:\/\/www.jornalja.com.br\/arquivo\/category\/x-categorias-velhas\/"},"img":{"alt_text":"","src":"","width":0,"height":0},"classes":[]},{"id":13101,"url":"https:\/\/www.jornalja.com.br\/arquivo\/morre-um-guerreiro-do-texto\/","url_meta":{"origin":57923,"position":3},"title":"Morre um guerreiro do texto","author":"Patr\u00edcia Marini","date":"14 de maio de 2014","format":false,"excerpt":"Por Ricardo Kotscho Reproduzido do blog do autor, 11\/5\/2014; t\u00edtulo original \u201cE l\u00e1 se foi o nosso Myltainho, guerreiro do texto\u201d. Mi\u00fado e franzino, meu amigo Myltainho era um valente e inconformado guerreiro na luta contra as injusti\u00e7as sociais, a hipocrisia, as maracutaias, o autoritarismo, a intoler\u00e2ncia, a viol\u00eancia, o\u2026","rel":"","context":"Em &quot;Geral&quot;","block_context":{"text":"Geral","link":"https:\/\/www.jornalja.com.br\/arquivo\/category\/geral\/"},"img":{"alt_text":"","src":"","width":0,"height":0},"classes":[]},{"id":13124,"url":"https:\/\/www.jornalja.com.br\/arquivo\/sangue-latino-no-iecine\/","url_meta":{"origin":57923,"position":4},"title":"Sangue latino no IECINE","author":"da Reda\u00e7\u00e3o","date":"18 de maio de 2014","format":false,"excerpt":"Francisco Ribeiro O Instituto Estadual de Cinema (IECINE) tem a frente, desde abril \u00faltimo, um novo diretor, o cineasta colombiano Juan Zapata, 36, que substitui Luiz Alberto Cassol. Radicado h\u00e1 dez anos em Porto Alegre, Zapata tem diante de si o desafio de conduzir at\u00e9 o final do ano um\u2026","rel":"","context":"Em &quot;Cultura-Geral&quot;","block_context":{"text":"Cultura-Geral","link":"https:\/\/www.jornalja.com.br\/arquivo\/category\/materiasecundaria\/"},"img":{"alt_text":"","src":"","width":0,"height":0},"classes":[]}],"jetpack_shortlink":"https:\/\/wp.me\/pbQjBd-f4f","jetpack_featured_media_url":"","_links":{"self":[{"href":"https:\/\/www.jornalja.com.br\/arquivo\/wp-json\/wp\/v2\/posts\/57923","targetHints":{"allow":["GET"]}}],"collection":[{"href":"https:\/\/www.jornalja.com.br\/arquivo\/wp-json\/wp\/v2\/posts"}],"about":[{"href":"https:\/\/www.jornalja.com.br\/arquivo\/wp-json\/wp\/v2\/types\/post"}],"author":[{"embeddable":true,"href":"https:\/\/www.jornalja.com.br\/arquivo\/wp-json\/wp\/v2\/users\/4"}],"replies":[{"embeddable":true,"href":"https:\/\/www.jornalja.com.br\/arquivo\/wp-json\/wp\/v2\/comments?post=57923"}],"version-history":[{"count":0,"href":"https:\/\/www.jornalja.com.br\/arquivo\/wp-json\/wp\/v2\/posts\/57923\/revisions"}],"wp:attachment":[{"href":"https:\/\/www.jornalja.com.br\/arquivo\/wp-json\/wp\/v2\/media?parent=57923"}],"wp:term":[{"taxonomy":"category","embeddable":true,"href":"https:\/\/www.jornalja.com.br\/arquivo\/wp-json\/wp\/v2\/categories?post=57923"},{"taxonomy":"post_tag","embeddable":true,"href":"https:\/\/www.jornalja.com.br\/arquivo\/wp-json\/wp\/v2\/tags?post=57923"}],"curies":[{"name":"wp","href":"https:\/\/api.w.org\/{rel}","templated":true}]}}