{"id":57962,"date":"2017-12-04T22:42:58","date_gmt":"2017-12-05T00:42:58","guid":{"rendered":"https:\/\/www.jornalja.com.br\/?p=57962"},"modified":"2017-12-04T22:42:58","modified_gmt":"2017-12-05T00:42:58","slug":"termica-de-uruguaiana-negocia-exportacao-de-energia-para-a-argentina","status":"publish","type":"post","link":"https:\/\/www.jornalja.com.br\/arquivo\/termica-de-uruguaiana-negocia-exportacao-de-energia-para-a-argentina\/","title":{"rendered":"T\u00e9rmica de Uruguaiana negocia exporta\u00e7\u00e3o de energia para a Argentina"},"content":{"rendered":"<p class=\"m_-8601452918617164374gmail-MsoNormal\">A usina t\u00e9rmica da AES em Uruguaiana est\u00e1 prestes a retomar suas atividades, para exportar energia el\u00e9trica para a Argentina.<\/p>\n<p class=\"m_-8601452918617164374gmail-MsoNormal\">A usina a g\u00e1s est\u00e1 &#8220;hibernando&#8221; desde 2009, quando a Argentina unilateralmente rompeu um contrato de fornecimento do combust\u00edvel.<\/p>\n<p class=\"m_-8601452918617164374gmail-MsoNormal\">Desde ent\u00e3o, a opera\u00e7\u00e3o \u00e9 de forma intermitente, nos momentos em que falta energia el\u00e9trica, quando o pre\u00e7o do quilowatt compensa uma intrincada opera\u00e7\u00e3o log\u00edstica para receber g\u00e1s importado. A \u00faltima vez foi no ver\u00e3o de 2015.<\/p>\n<p class=\"m_-8601452918617164374gmail-MsoNormal\">Nesta segunda-feira, uma fonte confirmou ao J\u00c1 que um contrato, negociado por seis meses, foi assinado com a Sulgas, que vai importar o g\u00e1s garantindo o suprimento para a usina da AES em Uruguaiana retomar as atividades.<\/p>\n<p class=\"m_-8601452918617164374gmail-MsoNormal\">O GNL ser\u00e1 transportado em navios que ancoram no porto de Ba\u00eda Blanca, onde ser\u00e1 regaseificado e remetido pelo gasoduto, que restou do acordo com a Argentina, at\u00e9 a usina em Uruguaiana<\/p>\n<p class=\"m_-8601452918617164374gmail-MsoNormal\">A raz\u00e3o da retomada seria um contrato para exporta\u00e7\u00e3o de energia para a Argentina. A usina de Uruguaiana, \u00fanica t\u00e9rmica entre nove hidrel\u00e9tricas do grupo AES, tem capacidade para gerar 639 MWa. Em funcionamento pleno, ela consome cerca de 2 milh\u00f5es de metros c\u00fabicos por dia.<\/p>\n<p class=\"m_-8601452918617164374gmail-MsoNormal\">Enviamos um question\u00e1rio \u00e0 empresa para confirmar estas informa\u00e7\u00f5es.<\/p>\n<p class=\"m_-8601452918617164374gmail-MsoNormal\">A resposta n\u00e3o confirmou, nem desmentiu:<\/p>\n<p class=\"m_-8601452918617164374gmail-MsoNormal\"><em>&#8220;A AES Uruguaiana informa que obteve a autoriza\u00e7\u00e3o para importa\u00e7\u00e3o do g\u00e1s da Argentina, para poder viabilizar eventual retomada de gera\u00e7\u00e3o de energia desde que a usina entrou em estado de hiberna\u00e7\u00e3o, por falta de suprimento de g\u00e1s. Por enquanto, ainda n\u00e3o h\u00e1 previs\u00e3o para o retorno da opera\u00e7\u00e3o da usina, mas a empresa continua buscando solu\u00e7\u00f5es de fornecimento de g\u00e1s&#8221;.<\/em><\/p>\n","protected":false},"excerpt":{"rendered":"<p>A usina t\u00e9rmica da AES em Uruguaiana est\u00e1 prestes a retomar suas atividades, para exportar energia el\u00e9trica para a Argentina. A usina a g\u00e1s est\u00e1 &#8220;hibernando&#8221; desde 2009, quando a Argentina unilateralmente rompeu um contrato de fornecimento do combust\u00edvel. Desde ent\u00e3o, a opera\u00e7\u00e3o \u00e9 de forma intermitente, nos momentos em que falta energia el\u00e9trica, quando [&hellip;]<\/p>\n","protected":false},"author":4,"featured_media":57982,"comment_status":"open","ping_status":"closed","sticky":false,"template":"","format":"standard","meta":{"_jetpack_newsletter_access":"","_jetpack_dont_email_post_to_subs":false,"_jetpack_newsletter_tier_id":0,"_jetpack_memberships_contains_paywalled_content":false,"_jetpack_feature_clip_id":0,"_jetpack_memberships_contains_paid_content":false,"footnotes":"","jetpack_post_was_ever_published":false},"categories":[26],"tags":[],"class_list":["post-57962","post","type-post","status-publish","format-standard","has-post-thumbnail","hentry","category-geral"],"aioseo_notices":[],"aioseo_head":"\n\t\t<!-- All in One SEO 5.0.1.1 - aioseo.com -->\n\t<meta name=\"robots\" content=\"max-image-preview:large\" \/>\n\t<meta name=\"author\" content=\"da Reda\u00e7\u00e3o\"\/>\n\t<link rel=\"canonical\" href=\"https:\/\/www.jornalja.com.br\/arquivo\/termica-de-uruguaiana-negocia-exportacao-de-energia-para-a-argentina\/\" \/>\n\t<meta name=\"generator\" content=\"All in One SEO (AIOSEO) 5.0.1.1\" \/>\n\t\t<meta property=\"og:locale\" content=\"pt_BR\" \/>\n\t\t<meta property=\"og:site_name\" content=\"Arquivo | Jornal J\u00c1 | Porto Alegre\" \/>\n\t\t<meta property=\"og:type\" content=\"article\" \/>\n\t\t<meta property=\"og:title\" content=\"T\u00e9rmica de Uruguaiana negocia exporta\u00e7\u00e3o de energia para a Argentina | Arquivo\" \/>\n\t\t<meta property=\"og:url\" content=\"https:\/\/www.jornalja.com.br\/arquivo\/termica-de-uruguaiana-negocia-exportacao-de-energia-para-a-argentina\/\" \/>\n\t\t<meta property=\"og:image\" content=\"https:\/\/www.jornalja.com.br\/economics\/wp-content\/uploads\/sites\/11\/2026\/08\/ja-folhaderosto-facebook.jpg\" \/>\n\t\t<meta property=\"og:image:secure_url\" content=\"https:\/\/www.jornalja.com.br\/economics\/wp-content\/uploads\/sites\/11\/2026\/08\/ja-folhaderosto-facebook.jpg\" \/>\n\t\t<meta property=\"article:published_time\" content=\"2017-12-05T00:42:58+00:00\" \/>\n\t\t<meta property=\"article:modified_time\" content=\"2017-12-05T00:42:58+00:00\" \/>\n\t\t<meta name=\"twitter:card\" content=\"summary\" \/>\n\t\t<meta name=\"twitter:title\" content=\"T\u00e9rmica de Uruguaiana negocia exporta\u00e7\u00e3o de energia para a Argentina | Arquivo\" \/>\n\t\t<meta name=\"twitter:image\" content=\"https:\/\/www.jornalja.com.br\/economics\/wp-content\/uploads\/sites\/11\/2026\/08\/ja-folhaderosto-facebook.jpg\" \/>\n\t\t<script type=\"application\/ld+json\" class=\"aioseo-schema\">\n\t\t\t{\"@context\":\"https:\\\/\\\/schema.org\",\"@graph\":[{\"@type\":\"BlogPosting\",\"@id\":\"https:\\\/\\\/www.jornalja.com.br\\\/arquivo\\\/termica-de-uruguaiana-negocia-exportacao-de-energia-para-a-argentina\\\/#blogposting\",\"name\":\"T\\u00e9rmica de Uruguaiana negocia exporta\\u00e7\\u00e3o de energia para a Argentina | Arquivo\",\"headline\":\"T\\u00e9rmica de Uruguaiana negocia exporta\\u00e7\\u00e3o de energia para a Argentina\",\"author\":{\"@id\":\"https:\\\/\\\/www.jornalja.com.br\\\/arquivo\\\/author\\\/daredacao\\\/#author\"},\"publisher\":{\"@id\":\"https:\\\/\\\/www.jornalja.com.br\\\/arquivo\\\/#organization\"},\"image\":{\"@type\":\"ImageObject\",\"url\":57982},\"datePublished\":\"2017-12-04T22:42:58-02:00\",\"dateModified\":\"2017-12-04T22:42:58-02:00\",\"inLanguage\":\"pt-BR\",\"mainEntityOfPage\":{\"@id\":\"https:\\\/\\\/www.jornalja.com.br\\\/arquivo\\\/termica-de-uruguaiana-negocia-exportacao-de-energia-para-a-argentina\\\/#webpage\"},\"isPartOf\":{\"@id\":\"https:\\\/\\\/www.jornalja.com.br\\\/arquivo\\\/termica-de-uruguaiana-negocia-exportacao-de-energia-para-a-argentina\\\/#webpage\"},\"articleSection\":\"Geral\"},{\"@type\":\"BreadcrumbList\",\"@id\":\"https:\\\/\\\/www.jornalja.com.br\\\/arquivo\\\/termica-de-uruguaiana-negocia-exportacao-de-energia-para-a-argentina\\\/#breadcrumblist\",\"itemListElement\":[{\"@type\":\"ListItem\",\"@id\":\"https:\\\/\\\/www.jornalja.com.br\\\/arquivo#listItem\",\"position\":1,\"name\":\"Home\",\"item\":\"https:\\\/\\\/www.jornalja.com.br\\\/arquivo\",\"nextItem\":{\"@type\":\"ListItem\",\"@id\":\"https:\\\/\\\/www.jornalja.com.br\\\/arquivo\\\/category\\\/geral\\\/#listItem\",\"name\":\"Geral\"}},{\"@type\":\"ListItem\",\"@id\":\"https:\\\/\\\/www.jornalja.com.br\\\/arquivo\\\/category\\\/geral\\\/#listItem\",\"position\":2,\"name\":\"Geral\",\"item\":\"https:\\\/\\\/www.jornalja.com.br\\\/arquivo\\\/category\\\/geral\\\/\",\"nextItem\":{\"@type\":\"ListItem\",\"@id\":\"https:\\\/\\\/www.jornalja.com.br\\\/arquivo\\\/termica-de-uruguaiana-negocia-exportacao-de-energia-para-a-argentina\\\/#listItem\",\"name\":\"T\\u00e9rmica de Uruguaiana negocia exporta\\u00e7\\u00e3o de energia para a Argentina\"},\"previousItem\":{\"@type\":\"ListItem\",\"@id\":\"https:\\\/\\\/www.jornalja.com.br\\\/arquivo#listItem\",\"name\":\"Home\"}},{\"@type\":\"ListItem\",\"@id\":\"https:\\\/\\\/www.jornalja.com.br\\\/arquivo\\\/termica-de-uruguaiana-negocia-exportacao-de-energia-para-a-argentina\\\/#listItem\",\"position\":3,\"name\":\"T\\u00e9rmica de Uruguaiana negocia exporta\\u00e7\\u00e3o de energia para a Argentina\",\"previousItem\":{\"@type\":\"ListItem\",\"@id\":\"https:\\\/\\\/www.jornalja.com.br\\\/arquivo\\\/category\\\/geral\\\/#listItem\",\"name\":\"Geral\"}}]},{\"@type\":\"Organization\",\"@id\":\"https:\\\/\\\/www.jornalja.com.br\\\/arquivo\\\/#organization\",\"name\":\"Jornal J\\u00c1\",\"description\":\"Jornal J\\u00c1 | Porto Alegre\",\"url\":\"https:\\\/\\\/www.jornalja.com.br\\\/arquivo\\\/\",\"telephone\":\"+555133307272\",\"logo\":{\"@type\":\"ImageObject\",\"url\":\"https:\\\/\\\/www.jornalja.com.br\\\/wp-content\\\/uploads\\\/cards\\\/JAslogan.png\",\"@id\":\"https:\\\/\\\/www.jornalja.com.br\\\/arquivo\\\/termica-de-uruguaiana-negocia-exportacao-de-energia-para-a-argentina\\\/#organizationLogo\"},\"image\":{\"@id\":\"https:\\\/\\\/www.jornalja.com.br\\\/arquivo\\\/termica-de-uruguaiana-negocia-exportacao-de-energia-para-a-argentina\\\/#organizationLogo\"}},{\"@type\":\"Person\",\"@id\":\"https:\\\/\\\/www.jornalja.com.br\\\/arquivo\\\/author\\\/daredacao\\\/#author\",\"url\":\"https:\\\/\\\/www.jornalja.com.br\\\/arquivo\\\/author\\\/daredacao\\\/\",\"name\":\"da Reda\\u00e7\\u00e3o\",\"image\":{\"@type\":\"ImageObject\",\"@id\":\"https:\\\/\\\/www.jornalja.com.br\\\/arquivo\\\/termica-de-uruguaiana-negocia-exportacao-de-energia-para-a-argentina\\\/#authorImage\",\"url\":\"https:\\\/\\\/secure.gravatar.com\\\/avatar\\\/469fd857d6605ad19919d27ed29d35a968a25f6e8fd9318356bbb7f57aae9c65?s=96&d=mm&r=g\",\"width\":96,\"height\":96,\"caption\":\"da Reda\\u00e7\\u00e3o\"}},{\"@type\":\"WebPage\",\"@id\":\"https:\\\/\\\/www.jornalja.com.br\\\/arquivo\\\/termica-de-uruguaiana-negocia-exportacao-de-energia-para-a-argentina\\\/#webpage\",\"url\":\"https:\\\/\\\/www.jornalja.com.br\\\/arquivo\\\/termica-de-uruguaiana-negocia-exportacao-de-energia-para-a-argentina\\\/\",\"name\":\"T\\u00e9rmica de Uruguaiana negocia exporta\\u00e7\\u00e3o de energia para a Argentina | Arquivo\",\"inLanguage\":\"pt-BR\",\"isPartOf\":{\"@id\":\"https:\\\/\\\/www.jornalja.com.br\\\/arquivo\\\/#website\"},\"breadcrumb\":{\"@id\":\"https:\\\/\\\/www.jornalja.com.br\\\/arquivo\\\/termica-de-uruguaiana-negocia-exportacao-de-energia-para-a-argentina\\\/#breadcrumblist\"},\"author\":{\"@id\":\"https:\\\/\\\/www.jornalja.com.br\\\/arquivo\\\/author\\\/daredacao\\\/#author\"},\"creator\":{\"@id\":\"https:\\\/\\\/www.jornalja.com.br\\\/arquivo\\\/author\\\/daredacao\\\/#author\"},\"image\":{\"@type\":\"ImageObject\",\"url\":57982,\"@id\":\"https:\\\/\\\/www.jornalja.com.br\\\/arquivo\\\/termica-de-uruguaiana-negocia-exportacao-de-energia-para-a-argentina\\\/#mainImage\"},\"primaryImageOfPage\":{\"@id\":\"https:\\\/\\\/www.jornalja.com.br\\\/arquivo\\\/termica-de-uruguaiana-negocia-exportacao-de-energia-para-a-argentina\\\/#mainImage\"},\"datePublished\":\"2017-12-04T22:42:58-02:00\",\"dateModified\":\"2017-12-04T22:42:58-02:00\"},{\"@type\":\"WebSite\",\"@id\":\"https:\\\/\\\/www.jornalja.com.br\\\/arquivo\\\/#website\",\"url\":\"https:\\\/\\\/www.jornalja.com.br\\\/arquivo\\\/\",\"name\":\"Arquivo\",\"description\":\"Jornal J\\u00c1 | Porto Alegre\",\"inLanguage\":\"pt-BR\",\"publisher\":{\"@id\":\"https:\\\/\\\/www.jornalja.com.br\\\/arquivo\\\/#organization\"}}]}\n\t\t<\/script>\n\t\t<!-- All in One SEO -->\n\n","aioseo_head_json":{"title":"T\u00e9rmica de Uruguaiana negocia exporta\u00e7\u00e3o de energia para a Argentina | Arquivo","description":"","canonical_url":"https:\/\/www.jornalja.com.br\/arquivo\/termica-de-uruguaiana-negocia-exportacao-de-energia-para-a-argentina\/","robots":"max-image-preview:large","keywords":"","webmasterTools":{"miscellaneous":""},"schema":{"@context":"https:\/\/schema.org","@graph":[{"@type":"BlogPosting","@id":"https:\/\/www.jornalja.com.br\/arquivo\/termica-de-uruguaiana-negocia-exportacao-de-energia-para-a-argentina\/#blogposting","name":"T\u00e9rmica de Uruguaiana negocia exporta\u00e7\u00e3o de energia para a Argentina | Arquivo","headline":"T\u00e9rmica de Uruguaiana negocia exporta\u00e7\u00e3o de energia para a Argentina","author":{"@id":"https:\/\/www.jornalja.com.br\/arquivo\/author\/daredacao\/#author"},"publisher":{"@id":"https:\/\/www.jornalja.com.br\/arquivo\/#organization"},"image":{"@type":"ImageObject","url":57982},"datePublished":"2017-12-04T22:42:58-02:00","dateModified":"2017-12-04T22:42:58-02:00","inLanguage":"pt-BR","mainEntityOfPage":{"@id":"https:\/\/www.jornalja.com.br\/arquivo\/termica-de-uruguaiana-negocia-exportacao-de-energia-para-a-argentina\/#webpage"},"isPartOf":{"@id":"https:\/\/www.jornalja.com.br\/arquivo\/termica-de-uruguaiana-negocia-exportacao-de-energia-para-a-argentina\/#webpage"},"articleSection":"Geral"},{"@type":"BreadcrumbList","@id":"https:\/\/www.jornalja.com.br\/arquivo\/termica-de-uruguaiana-negocia-exportacao-de-energia-para-a-argentina\/#breadcrumblist","itemListElement":[{"@type":"ListItem","@id":"https:\/\/www.jornalja.com.br\/arquivo#listItem","position":1,"name":"Home","item":"https:\/\/www.jornalja.com.br\/arquivo","nextItem":{"@type":"ListItem","@id":"https:\/\/www.jornalja.com.br\/arquivo\/category\/geral\/#listItem","name":"Geral"}},{"@type":"ListItem","@id":"https:\/\/www.jornalja.com.br\/arquivo\/category\/geral\/#listItem","position":2,"name":"Geral","item":"https:\/\/www.jornalja.com.br\/arquivo\/category\/geral\/","nextItem":{"@type":"ListItem","@id":"https:\/\/www.jornalja.com.br\/arquivo\/termica-de-uruguaiana-negocia-exportacao-de-energia-para-a-argentina\/#listItem","name":"T\u00e9rmica de Uruguaiana negocia exporta\u00e7\u00e3o de energia para a Argentina"},"previousItem":{"@type":"ListItem","@id":"https:\/\/www.jornalja.com.br\/arquivo#listItem","name":"Home"}},{"@type":"ListItem","@id":"https:\/\/www.jornalja.com.br\/arquivo\/termica-de-uruguaiana-negocia-exportacao-de-energia-para-a-argentina\/#listItem","position":3,"name":"T\u00e9rmica de Uruguaiana negocia exporta\u00e7\u00e3o de energia para a Argentina","previousItem":{"@type":"ListItem","@id":"https:\/\/www.jornalja.com.br\/arquivo\/category\/geral\/#listItem","name":"Geral"}}]},{"@type":"Organization","@id":"https:\/\/www.jornalja.com.br\/arquivo\/#organization","name":"Jornal J\u00c1","description":"Jornal J\u00c1 | Porto Alegre","url":"https:\/\/www.jornalja.com.br\/arquivo\/","telephone":"+555133307272","logo":{"@type":"ImageObject","url":"https:\/\/www.jornalja.com.br\/wp-content\/uploads\/cards\/JAslogan.png","@id":"https:\/\/www.jornalja.com.br\/arquivo\/termica-de-uruguaiana-negocia-exportacao-de-energia-para-a-argentina\/#organizationLogo"},"image":{"@id":"https:\/\/www.jornalja.com.br\/arquivo\/termica-de-uruguaiana-negocia-exportacao-de-energia-para-a-argentina\/#organizationLogo"}},{"@type":"Person","@id":"https:\/\/www.jornalja.com.br\/arquivo\/author\/daredacao\/#author","url":"https:\/\/www.jornalja.com.br\/arquivo\/author\/daredacao\/","name":"da Reda\u00e7\u00e3o","image":{"@type":"ImageObject","@id":"https:\/\/www.jornalja.com.br\/arquivo\/termica-de-uruguaiana-negocia-exportacao-de-energia-para-a-argentina\/#authorImage","url":"https:\/\/secure.gravatar.com\/avatar\/469fd857d6605ad19919d27ed29d35a968a25f6e8fd9318356bbb7f57aae9c65?s=96&d=mm&r=g","width":96,"height":96,"caption":"da Reda\u00e7\u00e3o"}},{"@type":"WebPage","@id":"https:\/\/www.jornalja.com.br\/arquivo\/termica-de-uruguaiana-negocia-exportacao-de-energia-para-a-argentina\/#webpage","url":"https:\/\/www.jornalja.com.br\/arquivo\/termica-de-uruguaiana-negocia-exportacao-de-energia-para-a-argentina\/","name":"T\u00e9rmica de Uruguaiana negocia exporta\u00e7\u00e3o de energia para a Argentina | Arquivo","inLanguage":"pt-BR","isPartOf":{"@id":"https:\/\/www.jornalja.com.br\/arquivo\/#website"},"breadcrumb":{"@id":"https:\/\/www.jornalja.com.br\/arquivo\/termica-de-uruguaiana-negocia-exportacao-de-energia-para-a-argentina\/#breadcrumblist"},"author":{"@id":"https:\/\/www.jornalja.com.br\/arquivo\/author\/daredacao\/#author"},"creator":{"@id":"https:\/\/www.jornalja.com.br\/arquivo\/author\/daredacao\/#author"},"image":{"@type":"ImageObject","url":57982,"@id":"https:\/\/www.jornalja.com.br\/arquivo\/termica-de-uruguaiana-negocia-exportacao-de-energia-para-a-argentina\/#mainImage"},"primaryImageOfPage":{"@id":"https:\/\/www.jornalja.com.br\/arquivo\/termica-de-uruguaiana-negocia-exportacao-de-energia-para-a-argentina\/#mainImage"},"datePublished":"2017-12-04T22:42:58-02:00","dateModified":"2017-12-04T22:42:58-02:00"},{"@type":"WebSite","@id":"https:\/\/www.jornalja.com.br\/arquivo\/#website","url":"https:\/\/www.jornalja.com.br\/arquivo\/","name":"Arquivo","description":"Jornal J\u00c1 | Porto Alegre","inLanguage":"pt-BR","publisher":{"@id":"https:\/\/www.jornalja.com.br\/arquivo\/#organization"}}]},"og:locale":"pt_BR","og:site_name":"Arquivo | Jornal J\u00c1 | Porto Alegre","og:type":"article","og:title":"T\u00e9rmica de Uruguaiana negocia exporta\u00e7\u00e3o de energia para a Argentina | Arquivo","og:url":"https:\/\/www.jornalja.com.br\/arquivo\/termica-de-uruguaiana-negocia-exportacao-de-energia-para-a-argentina\/","og:image":"https:\/\/www.jornalja.com.br\/economics\/wp-content\/uploads\/sites\/11\/2026\/08\/ja-folhaderosto-facebook.jpg","og:image:secure_url":"https:\/\/www.jornalja.com.br\/economics\/wp-content\/uploads\/sites\/11\/2026\/08\/ja-folhaderosto-facebook.jpg","article:published_time":"2017-12-05T00:42:58+00:00","article:modified_time":"2017-12-05T00:42:58+00:00","twitter:card":"summary","twitter:title":"T\u00e9rmica de Uruguaiana negocia exporta\u00e7\u00e3o de energia para a Argentina | Arquivo","twitter:image":"https:\/\/www.jornalja.com.br\/economics\/wp-content\/uploads\/sites\/11\/2026\/08\/ja-folhaderosto-facebook.jpg"},"aioseo_meta_data":{"post_id":"57962","title":null,"description":null,"keywords":null,"keyphrases":null,"primary_term":null,"canonical_url":null,"og_title":null,"og_description":null,"og_object_type":"default","og_image_type":"default","og_image_url":null,"og_image_width":null,"og_image_height":null,"og_image_custom_url":null,"og_image_custom_fields":null,"og_video":null,"og_custom_url":null,"og_article_section":null,"og_article_tags":null,"twitter_use_og":false,"twitter_card":"default","twitter_image_type":"default","twitter_image_url":null,"twitter_image_custom_url":null,"twitter_image_custom_fields":null,"twitter_title":null,"twitter_description":null,"schema":{"blockGraphs":[],"customGraphs":[],"default":{"data":{"Article":[],"Course":[],"Dataset":[],"FAQPage":[],"Movie":[],"Person":[],"Product":[],"ProductReview":[],"Car":[],"Recipe":[],"Service":[],"SoftwareApplication":[],"WebPage":[]},"graphName":"","isEnabled":true},"graphs":[]},"schema_type":null,"schema_type_options":null,"pillar_content":false,"robots_default":true,"robots_noindex":false,"robots_noarchive":false,"robots_nosnippet":false,"robots_nofollow":false,"robots_noimageindex":false,"robots_noodp":false,"robots_notranslate":false,"robots_max_snippet":null,"robots_max_videopreview":null,"robots_max_imagepreview":"large","priority":null,"frequency":null,"location":null,"local_seo":null,"breadcrumb_settings":null,"limit_modified_date":false,"ai":null,"created":"2020-12-20 20:20:44","updated":"2025-07-20 02:45:52","seo_analyzer_scan_date":null,"focus_keyword":null,"additional_keywords":null,"truseo_locale":null},"jetpack_sharing_enabled":true,"jetpack-related-posts":[{"id":13109,"url":"https:\/\/www.jornalja.com.br\/arquivo\/judiciario-reconhece-poluicao-eletromagnetica\/","url_meta":{"origin":57962,"position":0},"title":"Judici\u00e1rio reconhece polui\u00e7\u00e3o eletromagn\u00e9tica","author":"Patr\u00edcia Marini","date":"16 de maio de 2014","format":false,"excerpt":"A\u00e7\u00e3o de duas associa\u00e7\u00f5es de moradores foi acolhida pelo Tribunal de Justi\u00e7a de S\u00e3o Paulo que. em decis\u00e3o in\u00e9dita, determinou a redu\u00e7\u00e3o do campo eletromagn\u00e9tico gerado pelas linhas de transmiss\u00e3o de energia que cortam os bairros City Boa\u00e7ava e Alto de Pinheiros. \u00c9 a primeira vez que um tribunal do\u2026","rel":"","context":"Em &quot;X.Categorias velhas&quot;","block_context":{"text":"X.Categorias velhas","link":"https:\/\/www.jornalja.com.br\/arquivo\/category\/x-categorias-velhas\/"},"img":{"alt_text":"","src":"","width":0,"height":0},"classes":[]},{"id":13124,"url":"https:\/\/www.jornalja.com.br\/arquivo\/sangue-latino-no-iecine\/","url_meta":{"origin":57962,"position":1},"title":"Sangue latino no IECINE","author":"da Reda\u00e7\u00e3o","date":"18 de maio de 2014","format":false,"excerpt":"Francisco Ribeiro O Instituto Estadual de Cinema (IECINE) tem a frente, desde abril \u00faltimo, um novo diretor, o cineasta colombiano Juan Zapata, 36, que substitui Luiz Alberto Cassol. Radicado h\u00e1 dez anos em Porto Alegre, Zapata tem diante de si o desafio de conduzir at\u00e9 o final do ano um\u2026","rel":"","context":"Em &quot;Cultura-Geral&quot;","block_context":{"text":"Cultura-Geral","link":"https:\/\/www.jornalja.com.br\/arquivo\/category\/materiasecundaria\/"},"img":{"alt_text":"","src":"","width":0,"height":0},"classes":[]}],"jetpack_shortlink":"https:\/\/wp.me\/pbQjBd-f4S","jetpack_featured_media_url":"","_links":{"self":[{"href":"https:\/\/www.jornalja.com.br\/arquivo\/wp-json\/wp\/v2\/posts\/57962","targetHints":{"allow":["GET"]}}],"collection":[{"href":"https:\/\/www.jornalja.com.br\/arquivo\/wp-json\/wp\/v2\/posts"}],"about":[{"href":"https:\/\/www.jornalja.com.br\/arquivo\/wp-json\/wp\/v2\/types\/post"}],"author":[{"embeddable":true,"href":"https:\/\/www.jornalja.com.br\/arquivo\/wp-json\/wp\/v2\/users\/4"}],"replies":[{"embeddable":true,"href":"https:\/\/www.jornalja.com.br\/arquivo\/wp-json\/wp\/v2\/comments?post=57962"}],"version-history":[{"count":0,"href":"https:\/\/www.jornalja.com.br\/arquivo\/wp-json\/wp\/v2\/posts\/57962\/revisions"}],"wp:attachment":[{"href":"https:\/\/www.jornalja.com.br\/arquivo\/wp-json\/wp\/v2\/media?parent=57962"}],"wp:term":[{"taxonomy":"category","embeddable":true,"href":"https:\/\/www.jornalja.com.br\/arquivo\/wp-json\/wp\/v2\/categories?post=57962"},{"taxonomy":"post_tag","embeddable":true,"href":"https:\/\/www.jornalja.com.br\/arquivo\/wp-json\/wp\/v2\/tags?post=57962"}],"curies":[{"name":"wp","href":"https:\/\/api.w.org\/{rel}","templated":true}]}}