{"id":57973,"date":"2017-12-04T22:54:50","date_gmt":"2017-12-05T00:54:50","guid":{"rendered":"https:\/\/www.jornalja.com.br\/?p=57973"},"modified":"2017-12-04T22:54:50","modified_gmt":"2017-12-05T00:54:50","slug":"orcamento-de-porto-alegre-e-aprovado-com-previsao-de-r-700-milhoes-de-deficit","status":"publish","type":"post","link":"https:\/\/www.jornalja.com.br\/arquivo\/orcamento-de-porto-alegre-e-aprovado-com-previsao-de-r-700-milhoes-de-deficit\/","title":{"rendered":"Or\u00e7amento de Porto Alegre \u00e9 aprovado com previs\u00e3o de R$ 700 milh\u00f5es de d\u00e9ficit"},"content":{"rendered":"<p>Por 23 votos a favor e tr\u00eas contra foi aprovado na tarde desta segunda-feira, 04\/12, a Lei Or\u00e7ament\u00e1ria Anual (LOA) 2018 de Porto Alegre. O Executivo prev\u00ea para o pr\u00f3ximo ano um d\u00e9ficit de R$ 700 milh\u00f5es no or\u00e7amento, com uma receita em torno de 6,5 bi, enquanto as despesas superam os 7,2 bilh\u00f5es.<br \/>\nComo n\u00e3o pode apresentar a LOA com d\u00e9ficit, o governo incluiu\u00a0708.175.000,00 como receita extraordin\u00e1ria para cobertura da diferen\u00e7a.<br \/>\nA principal fonte de arrecada\u00e7\u00e3o da prefeitura ser\u00e3o as chamadas Transfer\u00eancias Correntes, com R$ 2,5 bi. Depois os impostos e taxas com R$ 2,3 bilh\u00f5es. J\u00e1 a maior despesa prevista fica com Pessoal e Encargos Sociais, com pouco mais R$ 3,6 bi. Para Investimentos est\u00e3o dispostos apenas R$ 441.253.882,00.<br \/>\nForam aprovadas 54 emendas. Sendo que 24 foram aprovadas em bloco ap\u00f3s um consenso entre os l\u00edderes de bancadas e 18 que tiveram parecer positivo da Comiss\u00e3o de Economia, Finan\u00e7as, Or\u00e7amento e do Mercosul (Cefor) e aprovadas junto ao projeto geral. Outras doze emendas foram a plen\u00e1rio sem consenso pleno e acabaram tamb\u00e9m entrando no or\u00e7amento.<br \/>\nA <a href=\"http:\/\/www.camarapoa.rs.gov.br\/processos\/133094\" target=\"_blank\" rel=\"noopener noreferrer\"><strong>Lei Or\u00e7ament\u00e1ria Municipal (LOA) de 2018<\/strong><\/a> come\u00e7ou a ser votada\u00a0 ainda na quarta-feira passada, dia 29\/11, no plen\u00e1rio Ot\u00e1vio Rocha da C\u00e2mara Municipal de Porto Alegre. Apenas o PSOL votou contra. A l\u00edder da oposi\u00e7\u00e3o, vereadora Fernanda Melchionna, leu a mensagem assinada pela bancada do partido justificando o voto contr\u00e1rio, alegando contrariedade ao d\u00e9ficit e a proje\u00e7\u00e3o &#8220;superestimada&#8221; com gasto de pessoal: &#8220;Dessa forma n\u00e3o podemos concordar com o or\u00e7amento que abre margem para a sequ\u00eancia de uma pol\u00edtica privatista, neoliberal,e de arrocho de sal\u00e1rios do funcionalismo.&#8221;<br \/>\nO l\u00edder do governo, o vereador Mois\u00e9s Barbosa refor\u00e7ou a crise vivida no caixa da Prefeitura e criticou a oposi\u00e7\u00e3o: &#8220;Me irrita esse discurso da oposi\u00e7\u00e3o que o governo maquia as contas. N\u00e3o h\u00e1 dinheiro a realidade \u00e9 essa.&#8221;<br \/>\nO prefeito Nelson Marchezan tem at\u00e9 o dia 15 de dezembro para promulgar a lei aprovada nesta segunda.<br \/>\n&nbsp;<\/p>\n","protected":false},"excerpt":{"rendered":"<p>Por 23 votos a favor e tr\u00eas contra foi aprovado na tarde desta segunda-feira, 04\/12, a Lei Or\u00e7ament\u00e1ria Anual (LOA) 2018 de Porto Alegre. O Executivo prev\u00ea para o pr\u00f3ximo ano um d\u00e9ficit de R$ 700 milh\u00f5es no or\u00e7amento, com uma receita em torno de 6,5 bi, enquanto as despesas superam os 7,2 bilh\u00f5es. Como [&hellip;]<\/p>\n","protected":false},"author":4,"featured_media":57975,"comment_status":"open","ping_status":"closed","sticky":false,"template":"","format":"standard","meta":{"_jetpack_newsletter_access":"","_jetpack_dont_email_post_to_subs":false,"_jetpack_newsletter_tier_id":0,"_jetpack_memberships_contains_paywalled_content":false,"_jetpack_feature_clip_id":0,"_jetpack_memberships_contains_paid_content":false,"footnotes":"","jetpack_post_was_ever_published":false},"categories":[26],"tags":[],"class_list":["post-57973","post","type-post","status-publish","format-standard","has-post-thumbnail","hentry","category-geral"],"aioseo_notices":[],"aioseo_head":"\n\t\t<!-- All in One SEO 5.0.1.1 - aioseo.com -->\n\t<meta name=\"robots\" content=\"max-image-preview:large\" \/>\n\t<meta name=\"author\" content=\"da Reda\u00e7\u00e3o\"\/>\n\t<link rel=\"canonical\" href=\"https:\/\/www.jornalja.com.br\/arquivo\/orcamento-de-porto-alegre-e-aprovado-com-previsao-de-r-700-milhoes-de-deficit\/\" \/>\n\t<meta name=\"generator\" content=\"All in One SEO (AIOSEO) 5.0.1.1\" \/>\n\t\t<meta property=\"og:locale\" content=\"pt_BR\" \/>\n\t\t<meta property=\"og:site_name\" content=\"Arquivo | Jornal J\u00c1 | Porto Alegre\" \/>\n\t\t<meta property=\"og:type\" content=\"article\" \/>\n\t\t<meta property=\"og:title\" content=\"Or\u00e7amento de Porto Alegre \u00e9 aprovado com previs\u00e3o de R$ 700 milh\u00f5es de d\u00e9ficit | Arquivo\" \/>\n\t\t<meta property=\"og:url\" content=\"https:\/\/www.jornalja.com.br\/arquivo\/orcamento-de-porto-alegre-e-aprovado-com-previsao-de-r-700-milhoes-de-deficit\/\" \/>\n\t\t<meta property=\"og:image\" content=\"https:\/\/www.jornalja.com.br\/economics\/wp-content\/uploads\/sites\/11\/2026\/08\/ja-folhaderosto-facebook.jpg\" \/>\n\t\t<meta property=\"og:image:secure_url\" content=\"https:\/\/www.jornalja.com.br\/economics\/wp-content\/uploads\/sites\/11\/2026\/08\/ja-folhaderosto-facebook.jpg\" \/>\n\t\t<meta property=\"article:published_time\" content=\"2017-12-05T00:54:50+00:00\" \/>\n\t\t<meta property=\"article:modified_time\" content=\"2017-12-05T00:54:50+00:00\" \/>\n\t\t<meta name=\"twitter:card\" content=\"summary\" \/>\n\t\t<meta name=\"twitter:title\" content=\"Or\u00e7amento de Porto Alegre \u00e9 aprovado com previs\u00e3o de R$ 700 milh\u00f5es de d\u00e9ficit | Arquivo\" \/>\n\t\t<meta name=\"twitter:image\" content=\"https:\/\/www.jornalja.com.br\/economics\/wp-content\/uploads\/sites\/11\/2026\/08\/ja-folhaderosto-facebook.jpg\" \/>\n\t\t<script type=\"application\/ld+json\" class=\"aioseo-schema\">\n\t\t\t{\"@context\":\"https:\\\/\\\/schema.org\",\"@graph\":[{\"@type\":\"BlogPosting\",\"@id\":\"https:\\\/\\\/www.jornalja.com.br\\\/arquivo\\\/orcamento-de-porto-alegre-e-aprovado-com-previsao-de-r-700-milhoes-de-deficit\\\/#blogposting\",\"name\":\"Or\\u00e7amento de Porto Alegre \\u00e9 aprovado com previs\\u00e3o de R$ 700 milh\\u00f5es de d\\u00e9ficit | Arquivo\",\"headline\":\"Or\\u00e7amento de Porto Alegre \\u00e9 aprovado com previs\\u00e3o de R$ 700 milh\\u00f5es de d\\u00e9ficit\",\"author\":{\"@id\":\"https:\\\/\\\/www.jornalja.com.br\\\/arquivo\\\/author\\\/daredacao\\\/#author\"},\"publisher\":{\"@id\":\"https:\\\/\\\/www.jornalja.com.br\\\/arquivo\\\/#organization\"},\"image\":{\"@type\":\"ImageObject\",\"url\":57975},\"datePublished\":\"2017-12-04T22:54:50-02:00\",\"dateModified\":\"2017-12-04T22:54:50-02:00\",\"inLanguage\":\"pt-BR\",\"mainEntityOfPage\":{\"@id\":\"https:\\\/\\\/www.jornalja.com.br\\\/arquivo\\\/orcamento-de-porto-alegre-e-aprovado-com-previsao-de-r-700-milhoes-de-deficit\\\/#webpage\"},\"isPartOf\":{\"@id\":\"https:\\\/\\\/www.jornalja.com.br\\\/arquivo\\\/orcamento-de-porto-alegre-e-aprovado-com-previsao-de-r-700-milhoes-de-deficit\\\/#webpage\"},\"articleSection\":\"Geral\"},{\"@type\":\"BreadcrumbList\",\"@id\":\"https:\\\/\\\/www.jornalja.com.br\\\/arquivo\\\/orcamento-de-porto-alegre-e-aprovado-com-previsao-de-r-700-milhoes-de-deficit\\\/#breadcrumblist\",\"itemListElement\":[{\"@type\":\"ListItem\",\"@id\":\"https:\\\/\\\/www.jornalja.com.br\\\/arquivo#listItem\",\"position\":1,\"name\":\"Home\",\"item\":\"https:\\\/\\\/www.jornalja.com.br\\\/arquivo\",\"nextItem\":{\"@type\":\"ListItem\",\"@id\":\"https:\\\/\\\/www.jornalja.com.br\\\/arquivo\\\/category\\\/geral\\\/#listItem\",\"name\":\"Geral\"}},{\"@type\":\"ListItem\",\"@id\":\"https:\\\/\\\/www.jornalja.com.br\\\/arquivo\\\/category\\\/geral\\\/#listItem\",\"position\":2,\"name\":\"Geral\",\"item\":\"https:\\\/\\\/www.jornalja.com.br\\\/arquivo\\\/category\\\/geral\\\/\",\"nextItem\":{\"@type\":\"ListItem\",\"@id\":\"https:\\\/\\\/www.jornalja.com.br\\\/arquivo\\\/orcamento-de-porto-alegre-e-aprovado-com-previsao-de-r-700-milhoes-de-deficit\\\/#listItem\",\"name\":\"Or\\u00e7amento de Porto Alegre \\u00e9 aprovado com previs\\u00e3o de R$ 700 milh\\u00f5es de d\\u00e9ficit\"},\"previousItem\":{\"@type\":\"ListItem\",\"@id\":\"https:\\\/\\\/www.jornalja.com.br\\\/arquivo#listItem\",\"name\":\"Home\"}},{\"@type\":\"ListItem\",\"@id\":\"https:\\\/\\\/www.jornalja.com.br\\\/arquivo\\\/orcamento-de-porto-alegre-e-aprovado-com-previsao-de-r-700-milhoes-de-deficit\\\/#listItem\",\"position\":3,\"name\":\"Or\\u00e7amento de Porto Alegre \\u00e9 aprovado com previs\\u00e3o de R$ 700 milh\\u00f5es de d\\u00e9ficit\",\"previousItem\":{\"@type\":\"ListItem\",\"@id\":\"https:\\\/\\\/www.jornalja.com.br\\\/arquivo\\\/category\\\/geral\\\/#listItem\",\"name\":\"Geral\"}}]},{\"@type\":\"Organization\",\"@id\":\"https:\\\/\\\/www.jornalja.com.br\\\/arquivo\\\/#organization\",\"name\":\"Jornal J\\u00c1\",\"description\":\"Jornal J\\u00c1 | Porto Alegre\",\"url\":\"https:\\\/\\\/www.jornalja.com.br\\\/arquivo\\\/\",\"telephone\":\"+555133307272\",\"logo\":{\"@type\":\"ImageObject\",\"url\":\"https:\\\/\\\/www.jornalja.com.br\\\/wp-content\\\/uploads\\\/cards\\\/JAslogan.png\",\"@id\":\"https:\\\/\\\/www.jornalja.com.br\\\/arquivo\\\/orcamento-de-porto-alegre-e-aprovado-com-previsao-de-r-700-milhoes-de-deficit\\\/#organizationLogo\"},\"image\":{\"@id\":\"https:\\\/\\\/www.jornalja.com.br\\\/arquivo\\\/orcamento-de-porto-alegre-e-aprovado-com-previsao-de-r-700-milhoes-de-deficit\\\/#organizationLogo\"}},{\"@type\":\"Person\",\"@id\":\"https:\\\/\\\/www.jornalja.com.br\\\/arquivo\\\/author\\\/daredacao\\\/#author\",\"url\":\"https:\\\/\\\/www.jornalja.com.br\\\/arquivo\\\/author\\\/daredacao\\\/\",\"name\":\"da Reda\\u00e7\\u00e3o\",\"image\":{\"@type\":\"ImageObject\",\"@id\":\"https:\\\/\\\/www.jornalja.com.br\\\/arquivo\\\/orcamento-de-porto-alegre-e-aprovado-com-previsao-de-r-700-milhoes-de-deficit\\\/#authorImage\",\"url\":\"https:\\\/\\\/secure.gravatar.com\\\/avatar\\\/469fd857d6605ad19919d27ed29d35a968a25f6e8fd9318356bbb7f57aae9c65?s=96&d=mm&r=g\",\"width\":96,\"height\":96,\"caption\":\"da Reda\\u00e7\\u00e3o\"}},{\"@type\":\"WebPage\",\"@id\":\"https:\\\/\\\/www.jornalja.com.br\\\/arquivo\\\/orcamento-de-porto-alegre-e-aprovado-com-previsao-de-r-700-milhoes-de-deficit\\\/#webpage\",\"url\":\"https:\\\/\\\/www.jornalja.com.br\\\/arquivo\\\/orcamento-de-porto-alegre-e-aprovado-com-previsao-de-r-700-milhoes-de-deficit\\\/\",\"name\":\"Or\\u00e7amento de Porto Alegre \\u00e9 aprovado com previs\\u00e3o de R$ 700 milh\\u00f5es de d\\u00e9ficit | Arquivo\",\"inLanguage\":\"pt-BR\",\"isPartOf\":{\"@id\":\"https:\\\/\\\/www.jornalja.com.br\\\/arquivo\\\/#website\"},\"breadcrumb\":{\"@id\":\"https:\\\/\\\/www.jornalja.com.br\\\/arquivo\\\/orcamento-de-porto-alegre-e-aprovado-com-previsao-de-r-700-milhoes-de-deficit\\\/#breadcrumblist\"},\"author\":{\"@id\":\"https:\\\/\\\/www.jornalja.com.br\\\/arquivo\\\/author\\\/daredacao\\\/#author\"},\"creator\":{\"@id\":\"https:\\\/\\\/www.jornalja.com.br\\\/arquivo\\\/author\\\/daredacao\\\/#author\"},\"image\":{\"@type\":\"ImageObject\",\"url\":57975,\"@id\":\"https:\\\/\\\/www.jornalja.com.br\\\/arquivo\\\/orcamento-de-porto-alegre-e-aprovado-com-previsao-de-r-700-milhoes-de-deficit\\\/#mainImage\"},\"primaryImageOfPage\":{\"@id\":\"https:\\\/\\\/www.jornalja.com.br\\\/arquivo\\\/orcamento-de-porto-alegre-e-aprovado-com-previsao-de-r-700-milhoes-de-deficit\\\/#mainImage\"},\"datePublished\":\"2017-12-04T22:54:50-02:00\",\"dateModified\":\"2017-12-04T22:54:50-02:00\"},{\"@type\":\"WebSite\",\"@id\":\"https:\\\/\\\/www.jornalja.com.br\\\/arquivo\\\/#website\",\"url\":\"https:\\\/\\\/www.jornalja.com.br\\\/arquivo\\\/\",\"name\":\"Arquivo\",\"description\":\"Jornal J\\u00c1 | Porto Alegre\",\"inLanguage\":\"pt-BR\",\"publisher\":{\"@id\":\"https:\\\/\\\/www.jornalja.com.br\\\/arquivo\\\/#organization\"}}]}\n\t\t<\/script>\n\t\t<!-- All in One SEO -->\n\n","aioseo_head_json":{"title":"Or\u00e7amento de Porto Alegre \u00e9 aprovado com previs\u00e3o de R$ 700 milh\u00f5es de d\u00e9ficit | Arquivo","description":"","canonical_url":"https:\/\/www.jornalja.com.br\/arquivo\/orcamento-de-porto-alegre-e-aprovado-com-previsao-de-r-700-milhoes-de-deficit\/","robots":"max-image-preview:large","keywords":"","webmasterTools":{"miscellaneous":""},"schema":{"@context":"https:\/\/schema.org","@graph":[{"@type":"BlogPosting","@id":"https:\/\/www.jornalja.com.br\/arquivo\/orcamento-de-porto-alegre-e-aprovado-com-previsao-de-r-700-milhoes-de-deficit\/#blogposting","name":"Or\u00e7amento de Porto Alegre \u00e9 aprovado com previs\u00e3o de R$ 700 milh\u00f5es de d\u00e9ficit | Arquivo","headline":"Or\u00e7amento de Porto Alegre \u00e9 aprovado com previs\u00e3o de R$ 700 milh\u00f5es de d\u00e9ficit","author":{"@id":"https:\/\/www.jornalja.com.br\/arquivo\/author\/daredacao\/#author"},"publisher":{"@id":"https:\/\/www.jornalja.com.br\/arquivo\/#organization"},"image":{"@type":"ImageObject","url":57975},"datePublished":"2017-12-04T22:54:50-02:00","dateModified":"2017-12-04T22:54:50-02:00","inLanguage":"pt-BR","mainEntityOfPage":{"@id":"https:\/\/www.jornalja.com.br\/arquivo\/orcamento-de-porto-alegre-e-aprovado-com-previsao-de-r-700-milhoes-de-deficit\/#webpage"},"isPartOf":{"@id":"https:\/\/www.jornalja.com.br\/arquivo\/orcamento-de-porto-alegre-e-aprovado-com-previsao-de-r-700-milhoes-de-deficit\/#webpage"},"articleSection":"Geral"},{"@type":"BreadcrumbList","@id":"https:\/\/www.jornalja.com.br\/arquivo\/orcamento-de-porto-alegre-e-aprovado-com-previsao-de-r-700-milhoes-de-deficit\/#breadcrumblist","itemListElement":[{"@type":"ListItem","@id":"https:\/\/www.jornalja.com.br\/arquivo#listItem","position":1,"name":"Home","item":"https:\/\/www.jornalja.com.br\/arquivo","nextItem":{"@type":"ListItem","@id":"https:\/\/www.jornalja.com.br\/arquivo\/category\/geral\/#listItem","name":"Geral"}},{"@type":"ListItem","@id":"https:\/\/www.jornalja.com.br\/arquivo\/category\/geral\/#listItem","position":2,"name":"Geral","item":"https:\/\/www.jornalja.com.br\/arquivo\/category\/geral\/","nextItem":{"@type":"ListItem","@id":"https:\/\/www.jornalja.com.br\/arquivo\/orcamento-de-porto-alegre-e-aprovado-com-previsao-de-r-700-milhoes-de-deficit\/#listItem","name":"Or\u00e7amento de Porto Alegre \u00e9 aprovado com previs\u00e3o de R$ 700 milh\u00f5es de d\u00e9ficit"},"previousItem":{"@type":"ListItem","@id":"https:\/\/www.jornalja.com.br\/arquivo#listItem","name":"Home"}},{"@type":"ListItem","@id":"https:\/\/www.jornalja.com.br\/arquivo\/orcamento-de-porto-alegre-e-aprovado-com-previsao-de-r-700-milhoes-de-deficit\/#listItem","position":3,"name":"Or\u00e7amento de Porto Alegre \u00e9 aprovado com previs\u00e3o de R$ 700 milh\u00f5es de d\u00e9ficit","previousItem":{"@type":"ListItem","@id":"https:\/\/www.jornalja.com.br\/arquivo\/category\/geral\/#listItem","name":"Geral"}}]},{"@type":"Organization","@id":"https:\/\/www.jornalja.com.br\/arquivo\/#organization","name":"Jornal J\u00c1","description":"Jornal J\u00c1 | Porto Alegre","url":"https:\/\/www.jornalja.com.br\/arquivo\/","telephone":"+555133307272","logo":{"@type":"ImageObject","url":"https:\/\/www.jornalja.com.br\/wp-content\/uploads\/cards\/JAslogan.png","@id":"https:\/\/www.jornalja.com.br\/arquivo\/orcamento-de-porto-alegre-e-aprovado-com-previsao-de-r-700-milhoes-de-deficit\/#organizationLogo"},"image":{"@id":"https:\/\/www.jornalja.com.br\/arquivo\/orcamento-de-porto-alegre-e-aprovado-com-previsao-de-r-700-milhoes-de-deficit\/#organizationLogo"}},{"@type":"Person","@id":"https:\/\/www.jornalja.com.br\/arquivo\/author\/daredacao\/#author","url":"https:\/\/www.jornalja.com.br\/arquivo\/author\/daredacao\/","name":"da Reda\u00e7\u00e3o","image":{"@type":"ImageObject","@id":"https:\/\/www.jornalja.com.br\/arquivo\/orcamento-de-porto-alegre-e-aprovado-com-previsao-de-r-700-milhoes-de-deficit\/#authorImage","url":"https:\/\/secure.gravatar.com\/avatar\/469fd857d6605ad19919d27ed29d35a968a25f6e8fd9318356bbb7f57aae9c65?s=96&d=mm&r=g","width":96,"height":96,"caption":"da Reda\u00e7\u00e3o"}},{"@type":"WebPage","@id":"https:\/\/www.jornalja.com.br\/arquivo\/orcamento-de-porto-alegre-e-aprovado-com-previsao-de-r-700-milhoes-de-deficit\/#webpage","url":"https:\/\/www.jornalja.com.br\/arquivo\/orcamento-de-porto-alegre-e-aprovado-com-previsao-de-r-700-milhoes-de-deficit\/","name":"Or\u00e7amento de Porto Alegre \u00e9 aprovado com previs\u00e3o de R$ 700 milh\u00f5es de d\u00e9ficit | Arquivo","inLanguage":"pt-BR","isPartOf":{"@id":"https:\/\/www.jornalja.com.br\/arquivo\/#website"},"breadcrumb":{"@id":"https:\/\/www.jornalja.com.br\/arquivo\/orcamento-de-porto-alegre-e-aprovado-com-previsao-de-r-700-milhoes-de-deficit\/#breadcrumblist"},"author":{"@id":"https:\/\/www.jornalja.com.br\/arquivo\/author\/daredacao\/#author"},"creator":{"@id":"https:\/\/www.jornalja.com.br\/arquivo\/author\/daredacao\/#author"},"image":{"@type":"ImageObject","url":57975,"@id":"https:\/\/www.jornalja.com.br\/arquivo\/orcamento-de-porto-alegre-e-aprovado-com-previsao-de-r-700-milhoes-de-deficit\/#mainImage"},"primaryImageOfPage":{"@id":"https:\/\/www.jornalja.com.br\/arquivo\/orcamento-de-porto-alegre-e-aprovado-com-previsao-de-r-700-milhoes-de-deficit\/#mainImage"},"datePublished":"2017-12-04T22:54:50-02:00","dateModified":"2017-12-04T22:54:50-02:00"},{"@type":"WebSite","@id":"https:\/\/www.jornalja.com.br\/arquivo\/#website","url":"https:\/\/www.jornalja.com.br\/arquivo\/","name":"Arquivo","description":"Jornal J\u00c1 | Porto Alegre","inLanguage":"pt-BR","publisher":{"@id":"https:\/\/www.jornalja.com.br\/arquivo\/#organization"}}]},"og:locale":"pt_BR","og:site_name":"Arquivo | Jornal J\u00c1 | Porto Alegre","og:type":"article","og:title":"Or\u00e7amento de Porto Alegre \u00e9 aprovado com previs\u00e3o de R$ 700 milh\u00f5es de d\u00e9ficit | Arquivo","og:url":"https:\/\/www.jornalja.com.br\/arquivo\/orcamento-de-porto-alegre-e-aprovado-com-previsao-de-r-700-milhoes-de-deficit\/","og:image":"https:\/\/www.jornalja.com.br\/economics\/wp-content\/uploads\/sites\/11\/2026\/08\/ja-folhaderosto-facebook.jpg","og:image:secure_url":"https:\/\/www.jornalja.com.br\/economics\/wp-content\/uploads\/sites\/11\/2026\/08\/ja-folhaderosto-facebook.jpg","article:published_time":"2017-12-05T00:54:50+00:00","article:modified_time":"2017-12-05T00:54:50+00:00","twitter:card":"summary","twitter:title":"Or\u00e7amento de Porto Alegre \u00e9 aprovado com previs\u00e3o de R$ 700 milh\u00f5es de d\u00e9ficit | Arquivo","twitter:image":"https:\/\/www.jornalja.com.br\/economics\/wp-content\/uploads\/sites\/11\/2026\/08\/ja-folhaderosto-facebook.jpg"},"aioseo_meta_data":{"post_id":"57973","title":null,"description":null,"keywords":null,"keyphrases":null,"primary_term":null,"canonical_url":null,"og_title":null,"og_description":null,"og_object_type":"default","og_image_type":"default","og_image_url":null,"og_image_width":null,"og_image_height":null,"og_image_custom_url":null,"og_image_custom_fields":null,"og_video":null,"og_custom_url":null,"og_article_section":null,"og_article_tags":null,"twitter_use_og":false,"twitter_card":"default","twitter_image_type":"default","twitter_image_url":null,"twitter_image_custom_url":null,"twitter_image_custom_fields":null,"twitter_title":null,"twitter_description":null,"schema":{"blockGraphs":[],"customGraphs":[],"default":{"data":{"Article":[],"Course":[],"Dataset":[],"FAQPage":[],"Movie":[],"Person":[],"Product":[],"ProductReview":[],"Car":[],"Recipe":[],"Service":[],"SoftwareApplication":[],"WebPage":[]},"graphName":"","isEnabled":true},"graphs":[],"defaultGraph":"","defaultPostTypeGraph":""},"schema_type":null,"schema_type_options":null,"pillar_content":false,"robots_default":true,"robots_noindex":false,"robots_noarchive":false,"robots_nosnippet":false,"robots_nofollow":false,"robots_noimageindex":false,"robots_noodp":false,"robots_notranslate":false,"robots_max_snippet":null,"robots_max_videopreview":null,"robots_max_imagepreview":"large","priority":null,"frequency":null,"location":null,"local_seo":null,"breadcrumb_settings":null,"limit_modified_date":false,"ai":null,"created":"2020-12-20 20:20:44","updated":"2025-07-20 02:45:52","seo_analyzer_scan_date":null,"focus_keyword":null,"additional_keywords":null,"truseo_locale":null},"jetpack_sharing_enabled":true,"jetpack-related-posts":[{"id":13240,"url":"https:\/\/www.jornalja.com.br\/arquivo\/plano-diretor-estamos-construindo-o-caos\/","url_meta":{"origin":57973,"position":0},"title":"Plano diretor: &quot;Estamos construindo o caos&quot;","author":"Patr\u00edcia Marini","date":"26 de maio de 2014","format":false,"excerpt":"Desabafo que arquiteta Eliana Castilhos, delegada da Regi\u00e3o de Planejamento 1, postou nas redes sociais \u00e9 um testemunho do ambiente que se criou no Conselho do Plano Diretor de Porto Alegre, onde a aprova\u00e7\u00e3o de grandes empreendimentos \u00e9 empurrada guela abaixo dos conselheiros. Ao CMDUA Como delegada da Regi\u00e3o de\u2026","rel":"","context":"Em &quot;Geral&quot;","block_context":{"text":"Geral","link":"https:\/\/www.jornalja.com.br\/arquivo\/category\/geral\/"},"img":{"alt_text":"","src":"","width":0,"height":0},"classes":[]},{"id":13239,"url":"https:\/\/www.jornalja.com.br\/arquivo\/conselho-desdenha-do-plano-diretor\/","url_meta":{"origin":57973,"position":1},"title":"Porto Alegre: Conselho detona Plano Diretor","author":"Patr\u00edcia Marini","date":"25 de maio de 2014","format":false,"excerpt":"Den\u00fancia do arquiteto e \u00a0urbanista Ibir\u00e1 Santos Lucas. Ele diz que os conselheiros est\u00e3o votando com \"enorme irresponsabilidade\". \"Mudam regime com a maior naturalidade,,,regularizam absurdos de constru\u00e7\u00f5es irregulares... \"O CMDUA est\u00e1 flexibilizando a lei do plano diretor, de uma forma impactante na vida da cidade. Mudam regime com a maior\u2026","rel":"","context":"Em &quot;Geral&quot;","block_context":{"text":"Geral","link":"https:\/\/www.jornalja.com.br\/arquivo\/category\/geral\/"},"img":{"alt_text":"","src":"","width":0,"height":0},"classes":[]},{"id":1280,"url":"https:\/\/www.jornalja.com.br\/arquivo\/o-menino-que-se-tornou-brizola\/","url_meta":{"origin":57973,"position":2},"title":"O Menino que se Tornou Brizola","author":"da Reda\u00e7\u00e3o","date":"28 de julho de 2008","format":false,"excerpt":"Autor: Cleber Dioni A vida de Leonel Brizola, com \u00eanfase para os primeiros anos em Porto Alegre, at\u00e9 o ex\u00edlio no Uruguai e a volta, quinze anos depois. \u00a0\"...\u00c9ramos todos jovens e nos identific\u00e1vamos com aquela massa an\u00f4nima a percorrer as ruas de Porto Alegre, gritando 'Get\u00falio', 'Get\u00falio' e empunhando\u2026","rel":"","context":"Em &quot;Livros&quot;","block_context":{"text":"Livros","link":"https:\/\/www.jornalja.com.br\/arquivo\/category\/livros\/"},"img":{"alt_text":"","src":"https:\/\/i0.wp.com\/www.jornalja.com.br\/wp-content\/uploads\/2008\/07\/brizola.gif?resize=350%2C200&ssl=1","width":350,"height":200},"classes":[]},{"id":5440,"url":"https:\/\/www.jornalja.com.br\/arquivo\/casarao-da-venancio-destino-permanece-incerto\/","url_meta":{"origin":57973,"position":3},"title":"Estado ainda n\u00e3o sabe o que fazer com casar\u00e3o abandonado h\u00e1 20 anos","author":"Elmar Bones","date":"6 de julho de 2009","format":false,"excerpt":"O casar\u00e3o amarelo, numa esquina nobre de Porto Alegre (Ven\u00e2ncio Aires com Jo\u00e3o Pessoa), j\u00e1 abrigou uma escola. H\u00e1 duas d\u00e9cadas, pelo menos, est\u00e1 abandonado, porque seu propriet\u00e1rio, o governo do Estado do Rio Grande do Sul, n\u00e3o consegue achar um destino para ele. Planos n\u00e3o faltaram. O governador Ol\u00edvio\u2026","rel":"","context":"Em &quot;X.Categorias velhas&quot;","block_context":{"text":"X.Categorias velhas","link":"https:\/\/www.jornalja.com.br\/arquivo\/category\/x-categorias-velhas\/"},"img":{"alt_text":"geraldo1","src":"https:\/\/i0.wp.com\/www.jornalja.com.br\/wp-content\/uploads\/2009\/07\/geraldo1.jpg?resize=350%2C200&ssl=1","width":350,"height":200},"classes":[]},{"id":13124,"url":"https:\/\/www.jornalja.com.br\/arquivo\/sangue-latino-no-iecine\/","url_meta":{"origin":57973,"position":4},"title":"Sangue latino no IECINE","author":"da Reda\u00e7\u00e3o","date":"18 de maio de 2014","format":false,"excerpt":"Francisco Ribeiro O Instituto Estadual de Cinema (IECINE) tem a frente, desde abril \u00faltimo, um novo diretor, o cineasta colombiano Juan Zapata, 36, que substitui Luiz Alberto Cassol. Radicado h\u00e1 dez anos em Porto Alegre, Zapata tem diante de si o desafio de conduzir at\u00e9 o final do ano um\u2026","rel":"","context":"Em &quot;Cultura-Geral&quot;","block_context":{"text":"Cultura-Geral","link":"https:\/\/www.jornalja.com.br\/arquivo\/category\/materiasecundaria\/"},"img":{"alt_text":"","src":"","width":0,"height":0},"classes":[]},{"id":14241,"url":"https:\/\/www.jornalja.com.br\/arquivo\/o-guaiba-nas-imagens-poeticas-de-achutti\/","url_meta":{"origin":57973,"position":5},"title":"O Gua\u00edba nas imagens po\u00e9ticas de Achutti","author":"da Reda\u00e7\u00e3o","date":"18 de junho de 2014","format":false,"excerpt":"Em \u201cO Gua\u00edba por Achutti\u201d \u2013 obra financiada via Minist\u00e9rio da Cultura, produ\u00e7\u00e3o executiva de Pedro Longhi, e Fl\u00e1vio Wild como designer \u2013, o fot\u00f3grafo revela a beleza e as mazelas de um espa\u00e7o aqu\u00e1tico de \u00e1guas sempre renovadas, cheio de hist\u00f3rias e lendas como as das cidades que foram\u2026","rel":"","context":"Em &quot;Cultura-Geral&quot;","block_context":{"text":"Cultura-Geral","link":"https:\/\/www.jornalja.com.br\/arquivo\/category\/materiasecundaria\/"},"img":{"alt_text":"","src":"","width":0,"height":0},"classes":[]}],"jetpack_shortlink":"https:\/\/wp.me\/pbQjBd-f53","jetpack_featured_media_url":"","_links":{"self":[{"href":"https:\/\/www.jornalja.com.br\/arquivo\/wp-json\/wp\/v2\/posts\/57973","targetHints":{"allow":["GET"]}}],"collection":[{"href":"https:\/\/www.jornalja.com.br\/arquivo\/wp-json\/wp\/v2\/posts"}],"about":[{"href":"https:\/\/www.jornalja.com.br\/arquivo\/wp-json\/wp\/v2\/types\/post"}],"author":[{"embeddable":true,"href":"https:\/\/www.jornalja.com.br\/arquivo\/wp-json\/wp\/v2\/users\/4"}],"replies":[{"embeddable":true,"href":"https:\/\/www.jornalja.com.br\/arquivo\/wp-json\/wp\/v2\/comments?post=57973"}],"version-history":[{"count":0,"href":"https:\/\/www.jornalja.com.br\/arquivo\/wp-json\/wp\/v2\/posts\/57973\/revisions"}],"wp:attachment":[{"href":"https:\/\/www.jornalja.com.br\/arquivo\/wp-json\/wp\/v2\/media?parent=57973"}],"wp:term":[{"taxonomy":"category","embeddable":true,"href":"https:\/\/www.jornalja.com.br\/arquivo\/wp-json\/wp\/v2\/categories?post=57973"},{"taxonomy":"post_tag","embeddable":true,"href":"https:\/\/www.jornalja.com.br\/arquivo\/wp-json\/wp\/v2\/tags?post=57973"}],"curies":[{"name":"wp","href":"https:\/\/api.w.org\/{rel}","templated":true}]}}