{"id":57999,"date":"2017-12-05T14:21:43","date_gmt":"2017-12-05T16:21:43","guid":{"rendered":"https:\/\/www.jornalja.com.br\/?p=57999"},"modified":"2017-12-05T14:21:43","modified_gmt":"2017-12-05T16:21:43","slug":"taxa-de-desemprego-na-rmpa-cresce-mais-entre-negros-segundo-fee","status":"publish","type":"post","link":"https:\/\/www.jornalja.com.br\/arquivo\/taxa-de-desemprego-na-rmpa-cresce-mais-entre-negros-segundo-fee\/","title":{"rendered":"Taxa de desemprego na RMPA cresce mais entre negros, segundo FEE"},"content":{"rendered":"<p>A economista Iracema Castelo Branco, supervisora da pesquisa de Emprego e Desemprego (PED\/RMPA), da Funda\u00e7\u00e3o de Economia e Estat\u00edstica (FEE), com base no \u00faltimo levantamento feito, em parceria com o Dieese e a FGTAS, afirma que a taxa de desemprego cresceu mais entre os negros do que entre os n\u00e3o negros.<br \/>\n\u201cO desemprego aumentou, entre 2015 e 2016, de 12,6% para 16,1% para os negros e de 8,1% para 9,9% para os n\u00e3o negros, o que revela que a crise econ\u00f4mica foi relativamente mais severa para esta parcela da popula\u00e7\u00e3o\u201d, analisa.<br \/>\n<span class=\"intertit\">Confira outros pontos analisados pela economista para o Conselho Regional de Economia (Corecon\/RS)<\/span><br \/>\n<span class=\"entreperg\">Os outros indicadores da Pesquisa tamb\u00e9m apontam nessa dire\u00e7\u00e3o?<\/span><br \/>\nSe olharmos, por exemplo, o rendimento m\u00e9dio, constata-se que a queda foi maior para a popula\u00e7\u00e3o negra. Com rela\u00e7\u00e3o \u00e0 ocupa\u00e7\u00e3o, verificamos que a queda do n\u00edvel ocupacional entre os negros foi de 17,9%, enquanto para os n\u00e3o negros foi de 2,7%. Em 2016, a redu\u00e7\u00e3o no n\u00edvel de ocupa\u00e7\u00e3o aconteceu para todos os setores e principalmente nos empregos considerados de melhor qualidade, que s\u00e3o os trabalhadores assalariados com carteira assinada e os trabalhadores do setor p\u00fablico. Como a popula\u00e7\u00e3o negra j\u00e1 tem uma inser\u00e7\u00e3o mais prec\u00e1ria no mercado de trabalho, as perdas desses postos de trabalho acabam gerando um maior impacto para essa popula\u00e7\u00e3o, tendo como resultado um aumento das desigualdades.<br \/>\n<span class=\"entreperg\">Em algum per\u00edodo houve redu\u00e7\u00e3o dessas desigualdades entre negros e n\u00e3o negros? <\/span><br \/>\nAo longo da s\u00e9rie de 25 anos da Pesquisa, verifica-se uma desvantagem da popula\u00e7\u00e3o negra no que se refere aos indicadores de mercado de trabalho. Entretanto, ao longo dos anos 2000, houve uma redu\u00e7\u00e3o nas desigualdades entre negros e n\u00e3o negros frente \u00e0 melhoria dos principais indicadores de mercado de trabalho e a ado\u00e7\u00e3o de pol\u00edticas afirmativas. Mas no momento em que a crise econ\u00f4mica rebate sobre o mercado de trabalho observa-se um crescimento das desigualdades com clara desvantagem para a popula\u00e7\u00e3o negra.<br \/>\n<span class=\"entreperg\">Em que setores a popula\u00e7\u00e3o negra est\u00e1 mais representada? <\/span><br \/>\nQuando analisamos a distribui\u00e7\u00e3o dos ocupados por setores, observamos que os servi\u00e7os e a constru\u00e7\u00e3o continuam sendo os setores em que os negros possuem presen\u00e7a relativa maior que os n\u00e3o negros. Em 2016, 18,9% dos homens negros estavam ocupados na constru\u00e7\u00e3o contra 11,8% dos homens n\u00e3o negros. Al\u00e9m disso, os homens negros estavam muito mais presentes na constru\u00e7\u00e3o, como trabalhador bra\u00e7al, enquanto os homens n\u00e3o negros ocupavam postos de melhor qualidade, como engenheiro e arquiteto, por exemplo. J\u00e1 no setor de servi\u00e7os, o destaque \u00e9 o emprego dom\u00e9stico, respons\u00e1vel por 20,5% das mulheres negras ocupadas. Esse \u00edndice \u00e9 de 10,4% entre as mulheres n\u00e3o negras.<br \/>\n<span class=\"entreperg\">Qual o impacto da PEC do emprego dom\u00e9stico no mercado de trabalho da popula\u00e7\u00e3o negra? <\/span><br \/>\nNos meses de abril, fazermos a an\u00e1lise para o emprego dom\u00e9stico. Ao contr\u00e1rio do que muitos diziam na \u00e9poca da aprova\u00e7\u00e3o da PEC das dom\u00e9sticas (Emenda Constitucional n\u00b0 72 em 2013, e da Lei Complementar n\u00ba 150 em 2015), houve um aumento do n\u00famero de mulheres ocupadas e da formaliza\u00e7\u00e3o das rela\u00e7\u00f5es de trabalho nesse segmento. Em 2016, 50% das trabalhadoras dom\u00e9sticas da RMPA eram mensalistas com carteira assinada, 15,7% sem carteira e 34,3% de diaristas. Em termos gerais, a regulamenta\u00e7\u00e3o dessa atividade com o aumento da prote\u00e7\u00e3o social para essas trabalhadoras produzem um impacto positivo para a popula\u00e7\u00e3o negra. Mas seus efeitos s\u00e3o pequenos, ou seja, ainda temos muito no que avan\u00e7ar para reduzir as desigualdades.<br \/>\n<span class=\"entreperg\">Que mais se pode concluir dessa Pesquisa? <\/span><br \/>\nHistoricamente, quando se tem um per\u00edodo de intensa recess\u00e3o econ\u00f4mica, a piora dos indicadores de mercado de trabalho atinge de forma mais intensa as popula\u00e7\u00f5es consideradas mais vulner\u00e1veis, como os negros, as mulheres e os jovens. Nessa crise, o que se detectou nesses indicadores \u00e9 que no primeiro momento o impacto foi semelhante entre negros e n\u00e3o negros, j\u00e1 que l\u00e1 em 2015, os mais atingidos foram os homens que tinham rendimento mais elevado devido ao aumento da rotatividade. Entretanto, no ano de 2016 se observou claramente que a popula\u00e7\u00e3o negra foi a mais atingida pela crise diante do aumento mais intenso do desemprego, queda mais acentuada na ocupa\u00e7\u00e3o e no rendimento m\u00e9dio real. Esses dados revelam a import\u00e2ncia de pesquisas, como a PED, para acompanhamento dos indicadores de mercado de trabalho e os seus efeitos sobre os segmentos da popula\u00e7\u00e3o e da necessidade de amplia\u00e7\u00e3o das pol\u00edticas p\u00fablicas capazes de reduzir essas desigualdades.<\/p>\n","protected":false},"excerpt":{"rendered":"<p>A economista Iracema Castelo Branco, supervisora da pesquisa de Emprego e Desemprego (PED\/RMPA), da Funda\u00e7\u00e3o de Economia e Estat\u00edstica (FEE), com base no \u00faltimo levantamento feito, em parceria com o Dieese e a FGTAS, afirma que a taxa de desemprego cresceu mais entre os negros do que entre os n\u00e3o negros. \u201cO desemprego aumentou, entre [&hellip;]<\/p>\n","protected":false},"author":4,"featured_media":58008,"comment_status":"open","ping_status":"closed","sticky":false,"template":"","format":"standard","meta":{"_jetpack_newsletter_access":"","_jetpack_dont_email_post_to_subs":false,"_jetpack_newsletter_tier_id":0,"_jetpack_memberships_contains_paywalled_content":false,"_jetpack_feature_clip_id":0,"_jetpack_memberships_contains_paid_content":false,"footnotes":"","jetpack_post_was_ever_published":false},"categories":[26],"tags":[],"class_list":["post-57999","post","type-post","status-publish","format-standard","has-post-thumbnail","hentry","category-geral"],"aioseo_notices":[],"aioseo_head":"\n\t\t<!-- All in One SEO 5.0.1.1 - aioseo.com -->\n\t<meta name=\"robots\" content=\"max-image-preview:large\" \/>\n\t<meta name=\"author\" content=\"da Reda\u00e7\u00e3o\"\/>\n\t<link rel=\"canonical\" href=\"https:\/\/www.jornalja.com.br\/arquivo\/taxa-de-desemprego-na-rmpa-cresce-mais-entre-negros-segundo-fee\/\" \/>\n\t<meta name=\"generator\" content=\"All in One SEO (AIOSEO) 5.0.1.1\" \/>\n\t\t<meta property=\"og:locale\" content=\"pt_BR\" \/>\n\t\t<meta property=\"og:site_name\" content=\"Arquivo | Jornal J\u00c1 | Porto Alegre\" \/>\n\t\t<meta property=\"og:type\" content=\"article\" \/>\n\t\t<meta property=\"og:title\" content=\"Taxa de desemprego na RMPA cresce mais entre negros, segundo FEE | Arquivo\" \/>\n\t\t<meta property=\"og:url\" content=\"https:\/\/www.jornalja.com.br\/arquivo\/taxa-de-desemprego-na-rmpa-cresce-mais-entre-negros-segundo-fee\/\" \/>\n\t\t<meta property=\"og:image\" content=\"https:\/\/www.jornalja.com.br\/economics\/wp-content\/uploads\/sites\/11\/2026\/08\/ja-folhaderosto-facebook.jpg\" \/>\n\t\t<meta property=\"og:image:secure_url\" content=\"https:\/\/www.jornalja.com.br\/economics\/wp-content\/uploads\/sites\/11\/2026\/08\/ja-folhaderosto-facebook.jpg\" \/>\n\t\t<meta property=\"article:published_time\" content=\"2017-12-05T16:21:43+00:00\" \/>\n\t\t<meta property=\"article:modified_time\" content=\"2017-12-05T16:21:43+00:00\" \/>\n\t\t<meta name=\"twitter:card\" content=\"summary\" \/>\n\t\t<meta name=\"twitter:title\" content=\"Taxa de desemprego na RMPA cresce mais entre negros, segundo FEE | Arquivo\" \/>\n\t\t<meta name=\"twitter:image\" content=\"https:\/\/www.jornalja.com.br\/economics\/wp-content\/uploads\/sites\/11\/2026\/08\/ja-folhaderosto-facebook.jpg\" \/>\n\t\t<script type=\"application\/ld+json\" class=\"aioseo-schema\">\n\t\t\t{\"@context\":\"https:\\\/\\\/schema.org\",\"@graph\":[{\"@type\":\"BlogPosting\",\"@id\":\"https:\\\/\\\/www.jornalja.com.br\\\/arquivo\\\/taxa-de-desemprego-na-rmpa-cresce-mais-entre-negros-segundo-fee\\\/#blogposting\",\"name\":\"Taxa de desemprego na RMPA cresce mais entre negros, segundo FEE | Arquivo\",\"headline\":\"Taxa de desemprego na RMPA cresce mais entre negros, segundo FEE\",\"author\":{\"@id\":\"https:\\\/\\\/www.jornalja.com.br\\\/arquivo\\\/author\\\/daredacao\\\/#author\"},\"publisher\":{\"@id\":\"https:\\\/\\\/www.jornalja.com.br\\\/arquivo\\\/#organization\"},\"image\":{\"@type\":\"ImageObject\",\"url\":58008},\"datePublished\":\"2017-12-05T14:21:43-02:00\",\"dateModified\":\"2017-12-05T14:21:43-02:00\",\"inLanguage\":\"pt-BR\",\"mainEntityOfPage\":{\"@id\":\"https:\\\/\\\/www.jornalja.com.br\\\/arquivo\\\/taxa-de-desemprego-na-rmpa-cresce-mais-entre-negros-segundo-fee\\\/#webpage\"},\"isPartOf\":{\"@id\":\"https:\\\/\\\/www.jornalja.com.br\\\/arquivo\\\/taxa-de-desemprego-na-rmpa-cresce-mais-entre-negros-segundo-fee\\\/#webpage\"},\"articleSection\":\"Geral\"},{\"@type\":\"BreadcrumbList\",\"@id\":\"https:\\\/\\\/www.jornalja.com.br\\\/arquivo\\\/taxa-de-desemprego-na-rmpa-cresce-mais-entre-negros-segundo-fee\\\/#breadcrumblist\",\"itemListElement\":[{\"@type\":\"ListItem\",\"@id\":\"https:\\\/\\\/www.jornalja.com.br\\\/arquivo#listItem\",\"position\":1,\"name\":\"Home\",\"item\":\"https:\\\/\\\/www.jornalja.com.br\\\/arquivo\",\"nextItem\":{\"@type\":\"ListItem\",\"@id\":\"https:\\\/\\\/www.jornalja.com.br\\\/arquivo\\\/category\\\/geral\\\/#listItem\",\"name\":\"Geral\"}},{\"@type\":\"ListItem\",\"@id\":\"https:\\\/\\\/www.jornalja.com.br\\\/arquivo\\\/category\\\/geral\\\/#listItem\",\"position\":2,\"name\":\"Geral\",\"item\":\"https:\\\/\\\/www.jornalja.com.br\\\/arquivo\\\/category\\\/geral\\\/\",\"nextItem\":{\"@type\":\"ListItem\",\"@id\":\"https:\\\/\\\/www.jornalja.com.br\\\/arquivo\\\/taxa-de-desemprego-na-rmpa-cresce-mais-entre-negros-segundo-fee\\\/#listItem\",\"name\":\"Taxa de desemprego na RMPA cresce mais entre negros, segundo FEE\"},\"previousItem\":{\"@type\":\"ListItem\",\"@id\":\"https:\\\/\\\/www.jornalja.com.br\\\/arquivo#listItem\",\"name\":\"Home\"}},{\"@type\":\"ListItem\",\"@id\":\"https:\\\/\\\/www.jornalja.com.br\\\/arquivo\\\/taxa-de-desemprego-na-rmpa-cresce-mais-entre-negros-segundo-fee\\\/#listItem\",\"position\":3,\"name\":\"Taxa de desemprego na RMPA cresce mais entre negros, segundo FEE\",\"previousItem\":{\"@type\":\"ListItem\",\"@id\":\"https:\\\/\\\/www.jornalja.com.br\\\/arquivo\\\/category\\\/geral\\\/#listItem\",\"name\":\"Geral\"}}]},{\"@type\":\"Organization\",\"@id\":\"https:\\\/\\\/www.jornalja.com.br\\\/arquivo\\\/#organization\",\"name\":\"Jornal J\\u00c1\",\"description\":\"Jornal J\\u00c1 | Porto Alegre\",\"url\":\"https:\\\/\\\/www.jornalja.com.br\\\/arquivo\\\/\",\"telephone\":\"+555133307272\",\"logo\":{\"@type\":\"ImageObject\",\"url\":\"https:\\\/\\\/www.jornalja.com.br\\\/wp-content\\\/uploads\\\/cards\\\/JAslogan.png\",\"@id\":\"https:\\\/\\\/www.jornalja.com.br\\\/arquivo\\\/taxa-de-desemprego-na-rmpa-cresce-mais-entre-negros-segundo-fee\\\/#organizationLogo\"},\"image\":{\"@id\":\"https:\\\/\\\/www.jornalja.com.br\\\/arquivo\\\/taxa-de-desemprego-na-rmpa-cresce-mais-entre-negros-segundo-fee\\\/#organizationLogo\"}},{\"@type\":\"Person\",\"@id\":\"https:\\\/\\\/www.jornalja.com.br\\\/arquivo\\\/author\\\/daredacao\\\/#author\",\"url\":\"https:\\\/\\\/www.jornalja.com.br\\\/arquivo\\\/author\\\/daredacao\\\/\",\"name\":\"da Reda\\u00e7\\u00e3o\",\"image\":{\"@type\":\"ImageObject\",\"@id\":\"https:\\\/\\\/www.jornalja.com.br\\\/arquivo\\\/taxa-de-desemprego-na-rmpa-cresce-mais-entre-negros-segundo-fee\\\/#authorImage\",\"url\":\"https:\\\/\\\/secure.gravatar.com\\\/avatar\\\/469fd857d6605ad19919d27ed29d35a968a25f6e8fd9318356bbb7f57aae9c65?s=96&d=mm&r=g\",\"width\":96,\"height\":96,\"caption\":\"da Reda\\u00e7\\u00e3o\"}},{\"@type\":\"WebPage\",\"@id\":\"https:\\\/\\\/www.jornalja.com.br\\\/arquivo\\\/taxa-de-desemprego-na-rmpa-cresce-mais-entre-negros-segundo-fee\\\/#webpage\",\"url\":\"https:\\\/\\\/www.jornalja.com.br\\\/arquivo\\\/taxa-de-desemprego-na-rmpa-cresce-mais-entre-negros-segundo-fee\\\/\",\"name\":\"Taxa de desemprego na RMPA cresce mais entre negros, segundo FEE | Arquivo\",\"inLanguage\":\"pt-BR\",\"isPartOf\":{\"@id\":\"https:\\\/\\\/www.jornalja.com.br\\\/arquivo\\\/#website\"},\"breadcrumb\":{\"@id\":\"https:\\\/\\\/www.jornalja.com.br\\\/arquivo\\\/taxa-de-desemprego-na-rmpa-cresce-mais-entre-negros-segundo-fee\\\/#breadcrumblist\"},\"author\":{\"@id\":\"https:\\\/\\\/www.jornalja.com.br\\\/arquivo\\\/author\\\/daredacao\\\/#author\"},\"creator\":{\"@id\":\"https:\\\/\\\/www.jornalja.com.br\\\/arquivo\\\/author\\\/daredacao\\\/#author\"},\"image\":{\"@type\":\"ImageObject\",\"url\":58008,\"@id\":\"https:\\\/\\\/www.jornalja.com.br\\\/arquivo\\\/taxa-de-desemprego-na-rmpa-cresce-mais-entre-negros-segundo-fee\\\/#mainImage\"},\"primaryImageOfPage\":{\"@id\":\"https:\\\/\\\/www.jornalja.com.br\\\/arquivo\\\/taxa-de-desemprego-na-rmpa-cresce-mais-entre-negros-segundo-fee\\\/#mainImage\"},\"datePublished\":\"2017-12-05T14:21:43-02:00\",\"dateModified\":\"2017-12-05T14:21:43-02:00\"},{\"@type\":\"WebSite\",\"@id\":\"https:\\\/\\\/www.jornalja.com.br\\\/arquivo\\\/#website\",\"url\":\"https:\\\/\\\/www.jornalja.com.br\\\/arquivo\\\/\",\"name\":\"Arquivo\",\"description\":\"Jornal J\\u00c1 | Porto Alegre\",\"inLanguage\":\"pt-BR\",\"publisher\":{\"@id\":\"https:\\\/\\\/www.jornalja.com.br\\\/arquivo\\\/#organization\"}}]}\n\t\t<\/script>\n\t\t<!-- All in One SEO -->\n\n","aioseo_head_json":{"title":"Taxa de desemprego na RMPA cresce mais entre negros, segundo FEE | Arquivo","description":"","canonical_url":"https:\/\/www.jornalja.com.br\/arquivo\/taxa-de-desemprego-na-rmpa-cresce-mais-entre-negros-segundo-fee\/","robots":"max-image-preview:large","keywords":"","webmasterTools":{"miscellaneous":""},"schema":{"@context":"https:\/\/schema.org","@graph":[{"@type":"BlogPosting","@id":"https:\/\/www.jornalja.com.br\/arquivo\/taxa-de-desemprego-na-rmpa-cresce-mais-entre-negros-segundo-fee\/#blogposting","name":"Taxa de desemprego na RMPA cresce mais entre negros, segundo FEE | Arquivo","headline":"Taxa de desemprego na RMPA cresce mais entre negros, segundo FEE","author":{"@id":"https:\/\/www.jornalja.com.br\/arquivo\/author\/daredacao\/#author"},"publisher":{"@id":"https:\/\/www.jornalja.com.br\/arquivo\/#organization"},"image":{"@type":"ImageObject","url":58008},"datePublished":"2017-12-05T14:21:43-02:00","dateModified":"2017-12-05T14:21:43-02:00","inLanguage":"pt-BR","mainEntityOfPage":{"@id":"https:\/\/www.jornalja.com.br\/arquivo\/taxa-de-desemprego-na-rmpa-cresce-mais-entre-negros-segundo-fee\/#webpage"},"isPartOf":{"@id":"https:\/\/www.jornalja.com.br\/arquivo\/taxa-de-desemprego-na-rmpa-cresce-mais-entre-negros-segundo-fee\/#webpage"},"articleSection":"Geral"},{"@type":"BreadcrumbList","@id":"https:\/\/www.jornalja.com.br\/arquivo\/taxa-de-desemprego-na-rmpa-cresce-mais-entre-negros-segundo-fee\/#breadcrumblist","itemListElement":[{"@type":"ListItem","@id":"https:\/\/www.jornalja.com.br\/arquivo#listItem","position":1,"name":"Home","item":"https:\/\/www.jornalja.com.br\/arquivo","nextItem":{"@type":"ListItem","@id":"https:\/\/www.jornalja.com.br\/arquivo\/category\/geral\/#listItem","name":"Geral"}},{"@type":"ListItem","@id":"https:\/\/www.jornalja.com.br\/arquivo\/category\/geral\/#listItem","position":2,"name":"Geral","item":"https:\/\/www.jornalja.com.br\/arquivo\/category\/geral\/","nextItem":{"@type":"ListItem","@id":"https:\/\/www.jornalja.com.br\/arquivo\/taxa-de-desemprego-na-rmpa-cresce-mais-entre-negros-segundo-fee\/#listItem","name":"Taxa de desemprego na RMPA cresce mais entre negros, segundo FEE"},"previousItem":{"@type":"ListItem","@id":"https:\/\/www.jornalja.com.br\/arquivo#listItem","name":"Home"}},{"@type":"ListItem","@id":"https:\/\/www.jornalja.com.br\/arquivo\/taxa-de-desemprego-na-rmpa-cresce-mais-entre-negros-segundo-fee\/#listItem","position":3,"name":"Taxa de desemprego na RMPA cresce mais entre negros, segundo FEE","previousItem":{"@type":"ListItem","@id":"https:\/\/www.jornalja.com.br\/arquivo\/category\/geral\/#listItem","name":"Geral"}}]},{"@type":"Organization","@id":"https:\/\/www.jornalja.com.br\/arquivo\/#organization","name":"Jornal J\u00c1","description":"Jornal J\u00c1 | Porto Alegre","url":"https:\/\/www.jornalja.com.br\/arquivo\/","telephone":"+555133307272","logo":{"@type":"ImageObject","url":"https:\/\/www.jornalja.com.br\/wp-content\/uploads\/cards\/JAslogan.png","@id":"https:\/\/www.jornalja.com.br\/arquivo\/taxa-de-desemprego-na-rmpa-cresce-mais-entre-negros-segundo-fee\/#organizationLogo"},"image":{"@id":"https:\/\/www.jornalja.com.br\/arquivo\/taxa-de-desemprego-na-rmpa-cresce-mais-entre-negros-segundo-fee\/#organizationLogo"}},{"@type":"Person","@id":"https:\/\/www.jornalja.com.br\/arquivo\/author\/daredacao\/#author","url":"https:\/\/www.jornalja.com.br\/arquivo\/author\/daredacao\/","name":"da Reda\u00e7\u00e3o","image":{"@type":"ImageObject","@id":"https:\/\/www.jornalja.com.br\/arquivo\/taxa-de-desemprego-na-rmpa-cresce-mais-entre-negros-segundo-fee\/#authorImage","url":"https:\/\/secure.gravatar.com\/avatar\/469fd857d6605ad19919d27ed29d35a968a25f6e8fd9318356bbb7f57aae9c65?s=96&d=mm&r=g","width":96,"height":96,"caption":"da Reda\u00e7\u00e3o"}},{"@type":"WebPage","@id":"https:\/\/www.jornalja.com.br\/arquivo\/taxa-de-desemprego-na-rmpa-cresce-mais-entre-negros-segundo-fee\/#webpage","url":"https:\/\/www.jornalja.com.br\/arquivo\/taxa-de-desemprego-na-rmpa-cresce-mais-entre-negros-segundo-fee\/","name":"Taxa de desemprego na RMPA cresce mais entre negros, segundo FEE | Arquivo","inLanguage":"pt-BR","isPartOf":{"@id":"https:\/\/www.jornalja.com.br\/arquivo\/#website"},"breadcrumb":{"@id":"https:\/\/www.jornalja.com.br\/arquivo\/taxa-de-desemprego-na-rmpa-cresce-mais-entre-negros-segundo-fee\/#breadcrumblist"},"author":{"@id":"https:\/\/www.jornalja.com.br\/arquivo\/author\/daredacao\/#author"},"creator":{"@id":"https:\/\/www.jornalja.com.br\/arquivo\/author\/daredacao\/#author"},"image":{"@type":"ImageObject","url":58008,"@id":"https:\/\/www.jornalja.com.br\/arquivo\/taxa-de-desemprego-na-rmpa-cresce-mais-entre-negros-segundo-fee\/#mainImage"},"primaryImageOfPage":{"@id":"https:\/\/www.jornalja.com.br\/arquivo\/taxa-de-desemprego-na-rmpa-cresce-mais-entre-negros-segundo-fee\/#mainImage"},"datePublished":"2017-12-05T14:21:43-02:00","dateModified":"2017-12-05T14:21:43-02:00"},{"@type":"WebSite","@id":"https:\/\/www.jornalja.com.br\/arquivo\/#website","url":"https:\/\/www.jornalja.com.br\/arquivo\/","name":"Arquivo","description":"Jornal J\u00c1 | Porto Alegre","inLanguage":"pt-BR","publisher":{"@id":"https:\/\/www.jornalja.com.br\/arquivo\/#organization"}}]},"og:locale":"pt_BR","og:site_name":"Arquivo | Jornal J\u00c1 | Porto Alegre","og:type":"article","og:title":"Taxa de desemprego na RMPA cresce mais entre negros, segundo FEE | Arquivo","og:url":"https:\/\/www.jornalja.com.br\/arquivo\/taxa-de-desemprego-na-rmpa-cresce-mais-entre-negros-segundo-fee\/","og:image":"https:\/\/www.jornalja.com.br\/economics\/wp-content\/uploads\/sites\/11\/2026\/08\/ja-folhaderosto-facebook.jpg","og:image:secure_url":"https:\/\/www.jornalja.com.br\/economics\/wp-content\/uploads\/sites\/11\/2026\/08\/ja-folhaderosto-facebook.jpg","article:published_time":"2017-12-05T16:21:43+00:00","article:modified_time":"2017-12-05T16:21:43+00:00","twitter:card":"summary","twitter:title":"Taxa de desemprego na RMPA cresce mais entre negros, segundo FEE | Arquivo","twitter:image":"https:\/\/www.jornalja.com.br\/economics\/wp-content\/uploads\/sites\/11\/2026\/08\/ja-folhaderosto-facebook.jpg"},"aioseo_meta_data":{"post_id":"57999","title":null,"description":null,"keywords":null,"keyphrases":null,"primary_term":null,"canonical_url":null,"og_title":null,"og_description":null,"og_object_type":"default","og_image_type":"default","og_image_url":null,"og_image_width":null,"og_image_height":null,"og_image_custom_url":null,"og_image_custom_fields":null,"og_video":null,"og_custom_url":null,"og_article_section":null,"og_article_tags":null,"twitter_use_og":false,"twitter_card":"default","twitter_image_type":"default","twitter_image_url":null,"twitter_image_custom_url":null,"twitter_image_custom_fields":null,"twitter_title":null,"twitter_description":null,"schema":{"blockGraphs":[],"customGraphs":[],"default":{"data":{"Article":[],"Course":[],"Dataset":[],"FAQPage":[],"Movie":[],"Person":[],"Product":[],"ProductReview":[],"Car":[],"Recipe":[],"Service":[],"SoftwareApplication":[],"WebPage":[]},"graphName":"","isEnabled":true},"graphs":[],"defaultGraph":"","defaultPostTypeGraph":""},"schema_type":null,"schema_type_options":null,"pillar_content":false,"robots_default":true,"robots_noindex":false,"robots_noarchive":false,"robots_nosnippet":false,"robots_nofollow":false,"robots_noimageindex":false,"robots_noodp":false,"robots_notranslate":false,"robots_max_snippet":null,"robots_max_videopreview":null,"robots_max_imagepreview":"large","priority":null,"frequency":null,"location":null,"local_seo":null,"breadcrumb_settings":null,"limit_modified_date":false,"ai":null,"created":"2020-12-20 20:20:44","updated":"2025-07-20 02:48:44","seo_analyzer_scan_date":null,"focus_keyword":null,"additional_keywords":null,"truseo_locale":null},"jetpack_sharing_enabled":true,"jetpack-related-posts":[{"id":5440,"url":"https:\/\/www.jornalja.com.br\/arquivo\/casarao-da-venancio-destino-permanece-incerto\/","url_meta":{"origin":57999,"position":0},"title":"Estado ainda n\u00e3o sabe o que fazer com casar\u00e3o abandonado h\u00e1 20 anos","author":"Elmar Bones","date":"6 de julho de 2009","format":false,"excerpt":"O casar\u00e3o amarelo, numa esquina nobre de Porto Alegre (Ven\u00e2ncio Aires com Jo\u00e3o Pessoa), j\u00e1 abrigou uma escola. H\u00e1 duas d\u00e9cadas, pelo menos, est\u00e1 abandonado, porque seu propriet\u00e1rio, o governo do Estado do Rio Grande do Sul, n\u00e3o consegue achar um destino para ele. Planos n\u00e3o faltaram. O governador Ol\u00edvio\u2026","rel":"","context":"Em &quot;X.Categorias velhas&quot;","block_context":{"text":"X.Categorias velhas","link":"https:\/\/www.jornalja.com.br\/arquivo\/category\/x-categorias-velhas\/"},"img":{"alt_text":"geraldo1","src":"https:\/\/i0.wp.com\/www.jornalja.com.br\/wp-content\/uploads\/2009\/07\/geraldo1.jpg?resize=350%2C200&ssl=1","width":350,"height":200},"classes":[]},{"id":12960,"url":"https:\/\/www.jornalja.com.br\/arquivo\/populacao-culpa-empresas-pela-greve-dos-rodoviarios\/","url_meta":{"origin":57999,"position":1},"title":"Popula\u00e7\u00e3o culpa empresas pela greve","author":"Patr\u00edcia Marini","date":"14 de fevereiro de 2014","format":false,"excerpt":"Pesquisa divulgada na edi\u00e7\u00e3o do jornal Metro desta sexta-feira,14, comprova o velho ditado: \u00e9 poss\u00edvel enganar muitos por algum tempo, mas n\u00e3o \u00e9 poss\u00edvel enganar a todos o tempo inteiro. A principal revela\u00e7\u00e3o foi que 59,8% dos entrevistados apontaram as empresas como as principais respons\u00e1veis pela grave e 46% culparam\u2026","rel":"","context":"Em &quot;X.Categorias velhas&quot;","block_context":{"text":"X.Categorias velhas","link":"https:\/\/www.jornalja.com.br\/arquivo\/category\/x-categorias-velhas\/"},"img":{"alt_text":"","src":"","width":0,"height":0},"classes":[]},{"id":13124,"url":"https:\/\/www.jornalja.com.br\/arquivo\/sangue-latino-no-iecine\/","url_meta":{"origin":57999,"position":2},"title":"Sangue latino no IECINE","author":"da Reda\u00e7\u00e3o","date":"18 de maio de 2014","format":false,"excerpt":"Francisco Ribeiro O Instituto Estadual de Cinema (IECINE) tem a frente, desde abril \u00faltimo, um novo diretor, o cineasta colombiano Juan Zapata, 36, que substitui Luiz Alberto Cassol. Radicado h\u00e1 dez anos em Porto Alegre, Zapata tem diante de si o desafio de conduzir at\u00e9 o final do ano um\u2026","rel":"","context":"Em &quot;Cultura-Geral&quot;","block_context":{"text":"Cultura-Geral","link":"https:\/\/www.jornalja.com.br\/arquivo\/category\/materiasecundaria\/"},"img":{"alt_text":"","src":"","width":0,"height":0},"classes":[]},{"id":13128,"url":"https:\/\/www.jornalja.com.br\/arquivo\/maconha-terra-diz-que-uso-medicinal-e-desculpa\/","url_meta":{"origin":57999,"position":3},"title":"Maconha: Terra diz que uso medicinal \u00e9 desculpa","author":"Patr\u00edcia Marini","date":"4 de junho de 2014","format":false,"excerpt":"A condi\u00e7\u00e3o de pol\u00edtico, em \u00e9poca de campanha de campanha eleitoral, tira for\u00e7a do discurso do m\u00e9dico Osmar Terra contra a legaliza\u00e7\u00e3o da maconha. A tese dele de que a libera\u00e7\u00e3o vai ampliar exponencialmente o consumo \u00e9 discutivel, o consumo \u00e9 corrente. Mas seus alertas quanto aos riscos tem que\u2026","rel":"","context":"Em &quot;X.Categorias velhas&quot;","block_context":{"text":"X.Categorias velhas","link":"https:\/\/www.jornalja.com.br\/arquivo\/category\/x-categorias-velhas\/"},"img":{"alt_text":"","src":"","width":0,"height":0},"classes":[]},{"id":14241,"url":"https:\/\/www.jornalja.com.br\/arquivo\/o-guaiba-nas-imagens-poeticas-de-achutti\/","url_meta":{"origin":57999,"position":4},"title":"O Gua\u00edba nas imagens po\u00e9ticas de Achutti","author":"da Reda\u00e7\u00e3o","date":"18 de junho de 2014","format":false,"excerpt":"Em \u201cO Gua\u00edba por Achutti\u201d \u2013 obra financiada via Minist\u00e9rio da Cultura, produ\u00e7\u00e3o executiva de Pedro Longhi, e Fl\u00e1vio Wild como designer \u2013, o fot\u00f3grafo revela a beleza e as mazelas de um espa\u00e7o aqu\u00e1tico de \u00e1guas sempre renovadas, cheio de hist\u00f3rias e lendas como as das cidades que foram\u2026","rel":"","context":"Em &quot;Cultura-Geral&quot;","block_context":{"text":"Cultura-Geral","link":"https:\/\/www.jornalja.com.br\/arquivo\/category\/materiasecundaria\/"},"img":{"alt_text":"","src":"","width":0,"height":0},"classes":[]},{"id":13109,"url":"https:\/\/www.jornalja.com.br\/arquivo\/judiciario-reconhece-poluicao-eletromagnetica\/","url_meta":{"origin":57999,"position":5},"title":"Judici\u00e1rio reconhece polui\u00e7\u00e3o eletromagn\u00e9tica","author":"Patr\u00edcia Marini","date":"16 de maio de 2014","format":false,"excerpt":"A\u00e7\u00e3o de duas associa\u00e7\u00f5es de moradores foi acolhida pelo Tribunal de Justi\u00e7a de S\u00e3o Paulo que. em decis\u00e3o in\u00e9dita, determinou a redu\u00e7\u00e3o do campo eletromagn\u00e9tico gerado pelas linhas de transmiss\u00e3o de energia que cortam os bairros City Boa\u00e7ava e Alto de Pinheiros. \u00c9 a primeira vez que um tribunal do\u2026","rel":"","context":"Em &quot;X.Categorias velhas&quot;","block_context":{"text":"X.Categorias velhas","link":"https:\/\/www.jornalja.com.br\/arquivo\/category\/x-categorias-velhas\/"},"img":{"alt_text":"","src":"","width":0,"height":0},"classes":[]}],"jetpack_shortlink":"https:\/\/wp.me\/pbQjBd-f5t","jetpack_featured_media_url":"","_links":{"self":[{"href":"https:\/\/www.jornalja.com.br\/arquivo\/wp-json\/wp\/v2\/posts\/57999","targetHints":{"allow":["GET"]}}],"collection":[{"href":"https:\/\/www.jornalja.com.br\/arquivo\/wp-json\/wp\/v2\/posts"}],"about":[{"href":"https:\/\/www.jornalja.com.br\/arquivo\/wp-json\/wp\/v2\/types\/post"}],"author":[{"embeddable":true,"href":"https:\/\/www.jornalja.com.br\/arquivo\/wp-json\/wp\/v2\/users\/4"}],"replies":[{"embeddable":true,"href":"https:\/\/www.jornalja.com.br\/arquivo\/wp-json\/wp\/v2\/comments?post=57999"}],"version-history":[{"count":0,"href":"https:\/\/www.jornalja.com.br\/arquivo\/wp-json\/wp\/v2\/posts\/57999\/revisions"}],"wp:attachment":[{"href":"https:\/\/www.jornalja.com.br\/arquivo\/wp-json\/wp\/v2\/media?parent=57999"}],"wp:term":[{"taxonomy":"category","embeddable":true,"href":"https:\/\/www.jornalja.com.br\/arquivo\/wp-json\/wp\/v2\/categories?post=57999"},{"taxonomy":"post_tag","embeddable":true,"href":"https:\/\/www.jornalja.com.br\/arquivo\/wp-json\/wp\/v2\/tags?post=57999"}],"curies":[{"name":"wp","href":"https:\/\/api.w.org\/{rel}","templated":true}]}}