{"id":58030,"date":"2017-12-06T12:33:36","date_gmt":"2017-12-06T14:33:36","guid":{"rendered":"https:\/\/www.jornalja.com.br\/?p=58030"},"modified":"2017-12-06T12:33:36","modified_gmt":"2017-12-06T14:33:36","slug":"agronegocio-gaucho-registra-saldo-positivo-de-empregos-formais-em-outubro","status":"publish","type":"post","link":"https:\/\/www.jornalja.com.br\/arquivo\/agronegocio-gaucho-registra-saldo-positivo-de-empregos-formais-em-outubro\/","title":{"rendered":"Agroneg\u00f3cio ga\u00facho registra saldo positivo de empregos formais em outubro"},"content":{"rendered":"<p>No m\u00eas de outubro, foi registrado saldo positivo de empregos formais no agroneg\u00f3cio do Rio Grande do Sul. O n\u00famero de admiss\u00f5es (12.815) foi superior ao de desligamentos (9.244), resultando na cria\u00e7\u00e3o de 3.571 postos de trabalho com carteira assinada. O resultado encerra uma sequ\u00eancia de seis meses de saldos negativos. Os dados foram divulgados nesta ter\u00e7a-feira (5\/12), pela Funda\u00e7\u00e3o de Economia e Estat\u00edstica (FEE).<br \/>\nOs tr\u00eas segmentos do agroneg\u00f3cio ga\u00facho registraram saldo positivo de empregos em outubro. O resultado mais expressivo ocorreu no segmento \u201cdepois da porteira\u201d, formado por atividades agroindustriais e de com\u00e9rcio atacadista (mais 2.631 postos). O setor de com\u00e9rcio atacadista de produtos agropecu\u00e1rios e agroindustriais liderou as admiss\u00f5es no m\u00eas, tendo apresentado um saldo positivo de 1.203 empregos com carteira assinada. Em seguida, aparece o setor de fabrica\u00e7\u00e3o de conservas (mais 1.051 postos), cuja cria\u00e7\u00e3o de empregos concentrou-se nos munic\u00edpios de Morro Redondo e Pelotas.<br \/>\nNa contram\u00e3o do movimento geral do agroneg\u00f3cio, o setor com maior fechamento de vagas no m\u00eas foi o de fabrica\u00e7\u00e3o de produtos do fumo (menos 379 postos). Segundo o economista Rodrigo Feix, Coordenador do N\u00facleo de Estudos do Agroneg\u00f3cio da FEE, \u201cos n\u00fameros de outubro refletem, por um lado, a conclus\u00e3o do processamento do fumo colhido na \u00faltima safra, o que acarreta desmobiliza\u00e7\u00e3o de m\u00e3o de obra, e, por outro, o avan\u00e7o do ciclo vegetativo das culturas de ver\u00e3o, que constitui est\u00edmulo a novas contrata\u00e7\u00f5es\u201d.<br \/>\nNo segmento \u201cdentro da porteira\u201d, composto por atividades caracter\u00edsticas da agropecu\u00e1ria, foram criados 666 postos de trabalho com carteira assinada. Contribuiu decisivamente para esse desempenho o setor de produ\u00e7\u00e3o de lavouras tempor\u00e1rias, que apresentou saldo positivo de 575 empregos. J\u00e1 no segmento \u201cantes da porteira\u201d, constitu\u00eddo por atividades dedicadas ao fornecimento de insumos, m\u00e1quinas e equipamentos para a agropecu\u00e1ria, houve incremento de 274 postos de trabalho, com destaques para o setor de produ\u00e7\u00e3o de sementes e mudas certificadas Nesse setor, ressalta-se a cria\u00e7\u00e3o de 291 vagas no munic\u00edpio de Cruz Alta.<br \/>\nNa compara\u00e7\u00e3o com igual m\u00eas do ano anterior, o acr\u00e9scimo de postos de trabalho em 2017 foi superior, com diferen\u00e7a de 546 empregos.<br \/>\n<span class=\"intertit\">Acumulado no ano<\/span><br \/>\nNo acumulado de janeiro a outubro de 2017 foram criados 3.816 empregos com carteira assinada no agroneg\u00f3cio ga\u00facho. Em igual per\u00edodo de 2016 o saldo entre admiss\u00f5es e desligamentos era de 4.516 empregos, resultando, portanto, em uma varia\u00e7\u00e3o negativa de 700 postos.<br \/>\nOs setores com maior cria\u00e7\u00e3o de empregos em 2017 foram os de com\u00e9rcio atacadista de produtos agropecu\u00e1rios e agroindustriais (mais 1.694 postos), de produ\u00e7\u00e3o de lavouras permanentes (1.208 postos) e de abate e fabrica\u00e7\u00e3o de produtos de carne (mais 739 postos). Por outro lado, os setores com maior fechamento de vagas no ano foram os de produ\u00e7\u00e3o de sementes e mudas certificadas (menos 1.236 postos), de curtimento e prepara\u00e7\u00f5es do couro (menos 313 postos) e de fabrica\u00e7\u00e3o de conservas (menos 305 postos). Segundo Feix, \u201c2017 est\u00e1 se caracterizando com um ano de recupera\u00e7\u00e3o da produ\u00e7\u00e3o das ind\u00fastrias do fumo e de m\u00e1quinas agr\u00edcolas no Estado, o que vem se traduzindo na cria\u00e7\u00e3o de postos de trabalho. A produ\u00e7\u00e3o agr\u00edcola recorde tamb\u00e9m favoreceu a dinamiza\u00e7\u00e3o de setores do agroneg\u00f3cio que atuam no com\u00e9rcio atacadista, movimento que tende a perdurar nos pr\u00f3ximos meses com o avan\u00e7o da nova safra de ver\u00e3o\u201d.<br \/>\n\u00cdntegra dos dados do emprego com carteira assinada no agroneg\u00f3cio\u00a0<a href=\"http:\/\/www.fee.rs.gov.br\/agronegocio\/agronegocio-gaucho-volta-registrar-saldo-positivo-de-empregos-formais-em-outubro\/\">aqui<\/a>.<\/p>\n","protected":false},"excerpt":{"rendered":"<p>No m\u00eas de outubro, foi registrado saldo positivo de empregos formais no agroneg\u00f3cio do Rio Grande do Sul. O n\u00famero de admiss\u00f5es (12.815) foi superior ao de desligamentos (9.244), resultando na cria\u00e7\u00e3o de 3.571 postos de trabalho com carteira assinada. O resultado encerra uma sequ\u00eancia de seis meses de saldos negativos. Os dados foram divulgados [&hellip;]<\/p>\n","protected":false},"author":4,"featured_media":0,"comment_status":"open","ping_status":"closed","sticky":false,"template":"","format":"standard","meta":{"_jetpack_newsletter_access":"","_jetpack_dont_email_post_to_subs":false,"_jetpack_newsletter_tier_id":0,"_jetpack_memberships_contains_paywalled_content":false,"_jetpack_feature_clip_id":0,"_jetpack_memberships_contains_paid_content":false,"footnotes":"","jetpack_post_was_ever_published":false},"categories":[2022],"tags":[],"class_list":["post-58030","post","type-post","status-publish","format-standard","hentry","category-notas"],"aioseo_notices":[],"aioseo_head":"\n\t\t<!-- All in One SEO 5.0.1.1 - aioseo.com -->\n\t<meta name=\"robots\" content=\"max-image-preview:large\" \/>\n\t<meta name=\"author\" content=\"da Reda\u00e7\u00e3o\"\/>\n\t<link rel=\"canonical\" href=\"https:\/\/www.jornalja.com.br\/arquivo\/agronegocio-gaucho-registra-saldo-positivo-de-empregos-formais-em-outubro\/\" \/>\n\t<meta name=\"generator\" content=\"All in One SEO (AIOSEO) 5.0.1.1\" \/>\n\t\t<meta property=\"og:locale\" content=\"pt_BR\" \/>\n\t\t<meta property=\"og:site_name\" content=\"Arquivo | Jornal J\u00c1 | Porto Alegre\" \/>\n\t\t<meta property=\"og:type\" content=\"article\" \/>\n\t\t<meta property=\"og:title\" content=\"Agroneg\u00f3cio ga\u00facho registra saldo positivo de empregos formais em outubro | Arquivo\" \/>\n\t\t<meta property=\"og:url\" content=\"https:\/\/www.jornalja.com.br\/arquivo\/agronegocio-gaucho-registra-saldo-positivo-de-empregos-formais-em-outubro\/\" \/>\n\t\t<meta property=\"og:image\" content=\"https:\/\/www.jornalja.com.br\/economics\/wp-content\/uploads\/sites\/11\/2026\/08\/ja-folhaderosto-facebook.jpg\" \/>\n\t\t<meta property=\"og:image:secure_url\" content=\"https:\/\/www.jornalja.com.br\/economics\/wp-content\/uploads\/sites\/11\/2026\/08\/ja-folhaderosto-facebook.jpg\" \/>\n\t\t<meta property=\"article:published_time\" content=\"2017-12-06T14:33:36+00:00\" \/>\n\t\t<meta property=\"article:modified_time\" content=\"2017-12-06T14:33:36+00:00\" \/>\n\t\t<meta name=\"twitter:card\" content=\"summary\" \/>\n\t\t<meta name=\"twitter:title\" content=\"Agroneg\u00f3cio ga\u00facho registra saldo positivo de empregos formais em outubro | Arquivo\" \/>\n\t\t<meta name=\"twitter:image\" content=\"https:\/\/www.jornalja.com.br\/economics\/wp-content\/uploads\/sites\/11\/2026\/08\/ja-folhaderosto-facebook.jpg\" \/>\n\t\t<script type=\"application\/ld+json\" class=\"aioseo-schema\">\n\t\t\t{\"@context\":\"https:\\\/\\\/schema.org\",\"@graph\":[{\"@type\":\"BlogPosting\",\"@id\":\"https:\\\/\\\/www.jornalja.com.br\\\/arquivo\\\/agronegocio-gaucho-registra-saldo-positivo-de-empregos-formais-em-outubro\\\/#blogposting\",\"name\":\"Agroneg\\u00f3cio ga\\u00facho registra saldo positivo de empregos formais em outubro | Arquivo\",\"headline\":\"Agroneg\\u00f3cio ga\\u00facho registra saldo positivo de empregos formais em outubro\",\"author\":{\"@id\":\"https:\\\/\\\/www.jornalja.com.br\\\/arquivo\\\/author\\\/daredacao\\\/#author\"},\"publisher\":{\"@id\":\"https:\\\/\\\/www.jornalja.com.br\\\/arquivo\\\/#organization\"},\"image\":{\"@type\":\"ImageObject\",\"url\":\"https:\\\/\\\/www.jornalja.com.br\\\/wp-content\\\/uploads\\\/cards\\\/JAslogan.png\",\"@id\":\"https:\\\/\\\/www.jornalja.com.br\\\/arquivo\\\/#articleImage\"},\"datePublished\":\"2017-12-06T12:33:36-02:00\",\"dateModified\":\"2017-12-06T12:33:36-02:00\",\"inLanguage\":\"pt-BR\",\"mainEntityOfPage\":{\"@id\":\"https:\\\/\\\/www.jornalja.com.br\\\/arquivo\\\/agronegocio-gaucho-registra-saldo-positivo-de-empregos-formais-em-outubro\\\/#webpage\"},\"isPartOf\":{\"@id\":\"https:\\\/\\\/www.jornalja.com.br\\\/arquivo\\\/agronegocio-gaucho-registra-saldo-positivo-de-empregos-formais-em-outubro\\\/#webpage\"},\"articleSection\":\"NOTAS\"},{\"@type\":\"BreadcrumbList\",\"@id\":\"https:\\\/\\\/www.jornalja.com.br\\\/arquivo\\\/agronegocio-gaucho-registra-saldo-positivo-de-empregos-formais-em-outubro\\\/#breadcrumblist\",\"itemListElement\":[{\"@type\":\"ListItem\",\"@id\":\"https:\\\/\\\/www.jornalja.com.br\\\/arquivo#listItem\",\"position\":1,\"name\":\"Home\",\"item\":\"https:\\\/\\\/www.jornalja.com.br\\\/arquivo\",\"nextItem\":{\"@type\":\"ListItem\",\"@id\":\"https:\\\/\\\/www.jornalja.com.br\\\/arquivo\\\/category\\\/notas\\\/#listItem\",\"name\":\"NOTAS\"}},{\"@type\":\"ListItem\",\"@id\":\"https:\\\/\\\/www.jornalja.com.br\\\/arquivo\\\/category\\\/notas\\\/#listItem\",\"position\":2,\"name\":\"NOTAS\",\"item\":\"https:\\\/\\\/www.jornalja.com.br\\\/arquivo\\\/category\\\/notas\\\/\",\"nextItem\":{\"@type\":\"ListItem\",\"@id\":\"https:\\\/\\\/www.jornalja.com.br\\\/arquivo\\\/agronegocio-gaucho-registra-saldo-positivo-de-empregos-formais-em-outubro\\\/#listItem\",\"name\":\"Agroneg\\u00f3cio ga\\u00facho registra saldo positivo de empregos formais em outubro\"},\"previousItem\":{\"@type\":\"ListItem\",\"@id\":\"https:\\\/\\\/www.jornalja.com.br\\\/arquivo#listItem\",\"name\":\"Home\"}},{\"@type\":\"ListItem\",\"@id\":\"https:\\\/\\\/www.jornalja.com.br\\\/arquivo\\\/agronegocio-gaucho-registra-saldo-positivo-de-empregos-formais-em-outubro\\\/#listItem\",\"position\":3,\"name\":\"Agroneg\\u00f3cio ga\\u00facho registra saldo positivo de empregos formais em outubro\",\"previousItem\":{\"@type\":\"ListItem\",\"@id\":\"https:\\\/\\\/www.jornalja.com.br\\\/arquivo\\\/category\\\/notas\\\/#listItem\",\"name\":\"NOTAS\"}}]},{\"@type\":\"Organization\",\"@id\":\"https:\\\/\\\/www.jornalja.com.br\\\/arquivo\\\/#organization\",\"name\":\"Jornal J\\u00c1\",\"description\":\"Jornal J\\u00c1 | Porto Alegre\",\"url\":\"https:\\\/\\\/www.jornalja.com.br\\\/arquivo\\\/\",\"telephone\":\"+555133307272\",\"logo\":{\"@type\":\"ImageObject\",\"url\":\"https:\\\/\\\/www.jornalja.com.br\\\/wp-content\\\/uploads\\\/cards\\\/JAslogan.png\",\"@id\":\"https:\\\/\\\/www.jornalja.com.br\\\/arquivo\\\/agronegocio-gaucho-registra-saldo-positivo-de-empregos-formais-em-outubro\\\/#organizationLogo\"},\"image\":{\"@id\":\"https:\\\/\\\/www.jornalja.com.br\\\/arquivo\\\/agronegocio-gaucho-registra-saldo-positivo-de-empregos-formais-em-outubro\\\/#organizationLogo\"}},{\"@type\":\"Person\",\"@id\":\"https:\\\/\\\/www.jornalja.com.br\\\/arquivo\\\/author\\\/daredacao\\\/#author\",\"url\":\"https:\\\/\\\/www.jornalja.com.br\\\/arquivo\\\/author\\\/daredacao\\\/\",\"name\":\"da Reda\\u00e7\\u00e3o\",\"image\":{\"@type\":\"ImageObject\",\"@id\":\"https:\\\/\\\/www.jornalja.com.br\\\/arquivo\\\/agronegocio-gaucho-registra-saldo-positivo-de-empregos-formais-em-outubro\\\/#authorImage\",\"url\":\"https:\\\/\\\/secure.gravatar.com\\\/avatar\\\/469fd857d6605ad19919d27ed29d35a968a25f6e8fd9318356bbb7f57aae9c65?s=96&d=mm&r=g\",\"width\":96,\"height\":96,\"caption\":\"da Reda\\u00e7\\u00e3o\"}},{\"@type\":\"WebPage\",\"@id\":\"https:\\\/\\\/www.jornalja.com.br\\\/arquivo\\\/agronegocio-gaucho-registra-saldo-positivo-de-empregos-formais-em-outubro\\\/#webpage\",\"url\":\"https:\\\/\\\/www.jornalja.com.br\\\/arquivo\\\/agronegocio-gaucho-registra-saldo-positivo-de-empregos-formais-em-outubro\\\/\",\"name\":\"Agroneg\\u00f3cio ga\\u00facho registra saldo positivo de empregos formais em outubro | Arquivo\",\"inLanguage\":\"pt-BR\",\"isPartOf\":{\"@id\":\"https:\\\/\\\/www.jornalja.com.br\\\/arquivo\\\/#website\"},\"breadcrumb\":{\"@id\":\"https:\\\/\\\/www.jornalja.com.br\\\/arquivo\\\/agronegocio-gaucho-registra-saldo-positivo-de-empregos-formais-em-outubro\\\/#breadcrumblist\"},\"author\":{\"@id\":\"https:\\\/\\\/www.jornalja.com.br\\\/arquivo\\\/author\\\/daredacao\\\/#author\"},\"creator\":{\"@id\":\"https:\\\/\\\/www.jornalja.com.br\\\/arquivo\\\/author\\\/daredacao\\\/#author\"},\"datePublished\":\"2017-12-06T12:33:36-02:00\",\"dateModified\":\"2017-12-06T12:33:36-02:00\"},{\"@type\":\"WebSite\",\"@id\":\"https:\\\/\\\/www.jornalja.com.br\\\/arquivo\\\/#website\",\"url\":\"https:\\\/\\\/www.jornalja.com.br\\\/arquivo\\\/\",\"name\":\"Arquivo\",\"description\":\"Jornal J\\u00c1 | Porto Alegre\",\"inLanguage\":\"pt-BR\",\"publisher\":{\"@id\":\"https:\\\/\\\/www.jornalja.com.br\\\/arquivo\\\/#organization\"}}]}\n\t\t<\/script>\n\t\t<!-- All in One SEO -->\n\n","aioseo_head_json":{"title":"Agroneg\u00f3cio ga\u00facho registra saldo positivo de empregos formais em outubro | Arquivo","description":"","canonical_url":"https:\/\/www.jornalja.com.br\/arquivo\/agronegocio-gaucho-registra-saldo-positivo-de-empregos-formais-em-outubro\/","robots":"max-image-preview:large","keywords":"","webmasterTools":{"miscellaneous":""},"schema":{"@context":"https:\/\/schema.org","@graph":[{"@type":"BlogPosting","@id":"https:\/\/www.jornalja.com.br\/arquivo\/agronegocio-gaucho-registra-saldo-positivo-de-empregos-formais-em-outubro\/#blogposting","name":"Agroneg\u00f3cio ga\u00facho registra saldo positivo de empregos formais em outubro | Arquivo","headline":"Agroneg\u00f3cio ga\u00facho registra saldo positivo de empregos formais em outubro","author":{"@id":"https:\/\/www.jornalja.com.br\/arquivo\/author\/daredacao\/#author"},"publisher":{"@id":"https:\/\/www.jornalja.com.br\/arquivo\/#organization"},"image":{"@type":"ImageObject","url":"https:\/\/www.jornalja.com.br\/wp-content\/uploads\/cards\/JAslogan.png","@id":"https:\/\/www.jornalja.com.br\/arquivo\/#articleImage"},"datePublished":"2017-12-06T12:33:36-02:00","dateModified":"2017-12-06T12:33:36-02:00","inLanguage":"pt-BR","mainEntityOfPage":{"@id":"https:\/\/www.jornalja.com.br\/arquivo\/agronegocio-gaucho-registra-saldo-positivo-de-empregos-formais-em-outubro\/#webpage"},"isPartOf":{"@id":"https:\/\/www.jornalja.com.br\/arquivo\/agronegocio-gaucho-registra-saldo-positivo-de-empregos-formais-em-outubro\/#webpage"},"articleSection":"NOTAS"},{"@type":"BreadcrumbList","@id":"https:\/\/www.jornalja.com.br\/arquivo\/agronegocio-gaucho-registra-saldo-positivo-de-empregos-formais-em-outubro\/#breadcrumblist","itemListElement":[{"@type":"ListItem","@id":"https:\/\/www.jornalja.com.br\/arquivo#listItem","position":1,"name":"Home","item":"https:\/\/www.jornalja.com.br\/arquivo","nextItem":{"@type":"ListItem","@id":"https:\/\/www.jornalja.com.br\/arquivo\/category\/notas\/#listItem","name":"NOTAS"}},{"@type":"ListItem","@id":"https:\/\/www.jornalja.com.br\/arquivo\/category\/notas\/#listItem","position":2,"name":"NOTAS","item":"https:\/\/www.jornalja.com.br\/arquivo\/category\/notas\/","nextItem":{"@type":"ListItem","@id":"https:\/\/www.jornalja.com.br\/arquivo\/agronegocio-gaucho-registra-saldo-positivo-de-empregos-formais-em-outubro\/#listItem","name":"Agroneg\u00f3cio ga\u00facho registra saldo positivo de empregos formais em outubro"},"previousItem":{"@type":"ListItem","@id":"https:\/\/www.jornalja.com.br\/arquivo#listItem","name":"Home"}},{"@type":"ListItem","@id":"https:\/\/www.jornalja.com.br\/arquivo\/agronegocio-gaucho-registra-saldo-positivo-de-empregos-formais-em-outubro\/#listItem","position":3,"name":"Agroneg\u00f3cio ga\u00facho registra saldo positivo de empregos formais em outubro","previousItem":{"@type":"ListItem","@id":"https:\/\/www.jornalja.com.br\/arquivo\/category\/notas\/#listItem","name":"NOTAS"}}]},{"@type":"Organization","@id":"https:\/\/www.jornalja.com.br\/arquivo\/#organization","name":"Jornal J\u00c1","description":"Jornal J\u00c1 | Porto Alegre","url":"https:\/\/www.jornalja.com.br\/arquivo\/","telephone":"+555133307272","logo":{"@type":"ImageObject","url":"https:\/\/www.jornalja.com.br\/wp-content\/uploads\/cards\/JAslogan.png","@id":"https:\/\/www.jornalja.com.br\/arquivo\/agronegocio-gaucho-registra-saldo-positivo-de-empregos-formais-em-outubro\/#organizationLogo"},"image":{"@id":"https:\/\/www.jornalja.com.br\/arquivo\/agronegocio-gaucho-registra-saldo-positivo-de-empregos-formais-em-outubro\/#organizationLogo"}},{"@type":"Person","@id":"https:\/\/www.jornalja.com.br\/arquivo\/author\/daredacao\/#author","url":"https:\/\/www.jornalja.com.br\/arquivo\/author\/daredacao\/","name":"da Reda\u00e7\u00e3o","image":{"@type":"ImageObject","@id":"https:\/\/www.jornalja.com.br\/arquivo\/agronegocio-gaucho-registra-saldo-positivo-de-empregos-formais-em-outubro\/#authorImage","url":"https:\/\/secure.gravatar.com\/avatar\/469fd857d6605ad19919d27ed29d35a968a25f6e8fd9318356bbb7f57aae9c65?s=96&d=mm&r=g","width":96,"height":96,"caption":"da Reda\u00e7\u00e3o"}},{"@type":"WebPage","@id":"https:\/\/www.jornalja.com.br\/arquivo\/agronegocio-gaucho-registra-saldo-positivo-de-empregos-formais-em-outubro\/#webpage","url":"https:\/\/www.jornalja.com.br\/arquivo\/agronegocio-gaucho-registra-saldo-positivo-de-empregos-formais-em-outubro\/","name":"Agroneg\u00f3cio ga\u00facho registra saldo positivo de empregos formais em outubro | Arquivo","inLanguage":"pt-BR","isPartOf":{"@id":"https:\/\/www.jornalja.com.br\/arquivo\/#website"},"breadcrumb":{"@id":"https:\/\/www.jornalja.com.br\/arquivo\/agronegocio-gaucho-registra-saldo-positivo-de-empregos-formais-em-outubro\/#breadcrumblist"},"author":{"@id":"https:\/\/www.jornalja.com.br\/arquivo\/author\/daredacao\/#author"},"creator":{"@id":"https:\/\/www.jornalja.com.br\/arquivo\/author\/daredacao\/#author"},"datePublished":"2017-12-06T12:33:36-02:00","dateModified":"2017-12-06T12:33:36-02:00"},{"@type":"WebSite","@id":"https:\/\/www.jornalja.com.br\/arquivo\/#website","url":"https:\/\/www.jornalja.com.br\/arquivo\/","name":"Arquivo","description":"Jornal J\u00c1 | Porto Alegre","inLanguage":"pt-BR","publisher":{"@id":"https:\/\/www.jornalja.com.br\/arquivo\/#organization"}}]},"og:locale":"pt_BR","og:site_name":"Arquivo | Jornal J\u00c1 | Porto Alegre","og:type":"article","og:title":"Agroneg\u00f3cio ga\u00facho registra saldo positivo de empregos formais em outubro | Arquivo","og:url":"https:\/\/www.jornalja.com.br\/arquivo\/agronegocio-gaucho-registra-saldo-positivo-de-empregos-formais-em-outubro\/","og:image":"https:\/\/www.jornalja.com.br\/economics\/wp-content\/uploads\/sites\/11\/2026\/08\/ja-folhaderosto-facebook.jpg","og:image:secure_url":"https:\/\/www.jornalja.com.br\/economics\/wp-content\/uploads\/sites\/11\/2026\/08\/ja-folhaderosto-facebook.jpg","article:published_time":"2017-12-06T14:33:36+00:00","article:modified_time":"2017-12-06T14:33:36+00:00","twitter:card":"summary","twitter:title":"Agroneg\u00f3cio ga\u00facho registra saldo positivo de empregos formais em outubro | Arquivo","twitter:image":"https:\/\/www.jornalja.com.br\/economics\/wp-content\/uploads\/sites\/11\/2026\/08\/ja-folhaderosto-facebook.jpg"},"aioseo_meta_data":{"post_id":"58030","title":null,"description":null,"keywords":null,"keyphrases":null,"primary_term":null,"canonical_url":null,"og_title":null,"og_description":null,"og_object_type":"default","og_image_type":"default","og_image_url":null,"og_image_width":null,"og_image_height":null,"og_image_custom_url":null,"og_image_custom_fields":null,"og_video":null,"og_custom_url":null,"og_article_section":null,"og_article_tags":null,"twitter_use_og":false,"twitter_card":"default","twitter_image_type":"default","twitter_image_url":null,"twitter_image_custom_url":null,"twitter_image_custom_fields":null,"twitter_title":null,"twitter_description":null,"schema":{"blockGraphs":[],"customGraphs":[],"default":{"data":{"Article":[],"Course":[],"Dataset":[],"FAQPage":[],"Movie":[],"Person":[],"Product":[],"ProductReview":[],"Car":[],"Recipe":[],"Service":[],"SoftwareApplication":[],"WebPage":[]},"graphName":"","isEnabled":true},"graphs":[],"defaultGraph":"","defaultPostTypeGraph":""},"schema_type":null,"schema_type_options":null,"pillar_content":false,"robots_default":true,"robots_noindex":false,"robots_noarchive":false,"robots_nosnippet":false,"robots_nofollow":false,"robots_noimageindex":false,"robots_noodp":false,"robots_notranslate":false,"robots_max_snippet":null,"robots_max_videopreview":null,"robots_max_imagepreview":"large","priority":null,"frequency":null,"location":null,"local_seo":null,"breadcrumb_settings":null,"limit_modified_date":false,"ai":null,"created":"2020-12-20 20:20:44","updated":"2025-07-20 02:48:44","seo_analyzer_scan_date":null,"focus_keyword":null,"additional_keywords":null,"truseo_locale":null},"jetpack_sharing_enabled":true,"jetpack-related-posts":[{"id":13124,"url":"https:\/\/www.jornalja.com.br\/arquivo\/sangue-latino-no-iecine\/","url_meta":{"origin":58030,"position":0},"title":"Sangue latino no IECINE","author":"da Reda\u00e7\u00e3o","date":"18 de maio de 2014","format":false,"excerpt":"Francisco Ribeiro O Instituto Estadual de Cinema (IECINE) tem a frente, desde abril \u00faltimo, um novo diretor, o cineasta colombiano Juan Zapata, 36, que substitui Luiz Alberto Cassol. Radicado h\u00e1 dez anos em Porto Alegre, Zapata tem diante de si o desafio de conduzir at\u00e9 o final do ano um\u2026","rel":"","context":"Em &quot;Cultura-Geral&quot;","block_context":{"text":"Cultura-Geral","link":"https:\/\/www.jornalja.com.br\/arquivo\/category\/materiasecundaria\/"},"img":{"alt_text":"","src":"","width":0,"height":0},"classes":[]},{"id":13240,"url":"https:\/\/www.jornalja.com.br\/arquivo\/plano-diretor-estamos-construindo-o-caos\/","url_meta":{"origin":58030,"position":1},"title":"Plano diretor: &quot;Estamos construindo o caos&quot;","author":"Patr\u00edcia Marini","date":"26 de maio de 2014","format":false,"excerpt":"Desabafo que arquiteta Eliana Castilhos, delegada da Regi\u00e3o de Planejamento 1, postou nas redes sociais \u00e9 um testemunho do ambiente que se criou no Conselho do Plano Diretor de Porto Alegre, onde a aprova\u00e7\u00e3o de grandes empreendimentos \u00e9 empurrada guela abaixo dos conselheiros. Ao CMDUA Como delegada da Regi\u00e3o de\u2026","rel":"","context":"Em &quot;Geral&quot;","block_context":{"text":"Geral","link":"https:\/\/www.jornalja.com.br\/arquivo\/category\/geral\/"},"img":{"alt_text":"","src":"","width":0,"height":0},"classes":[]}],"jetpack_shortlink":"https:\/\/wp.me\/pbQjBd-f5Y","jetpack_featured_media_url":"","_links":{"self":[{"href":"https:\/\/www.jornalja.com.br\/arquivo\/wp-json\/wp\/v2\/posts\/58030","targetHints":{"allow":["GET"]}}],"collection":[{"href":"https:\/\/www.jornalja.com.br\/arquivo\/wp-json\/wp\/v2\/posts"}],"about":[{"href":"https:\/\/www.jornalja.com.br\/arquivo\/wp-json\/wp\/v2\/types\/post"}],"author":[{"embeddable":true,"href":"https:\/\/www.jornalja.com.br\/arquivo\/wp-json\/wp\/v2\/users\/4"}],"replies":[{"embeddable":true,"href":"https:\/\/www.jornalja.com.br\/arquivo\/wp-json\/wp\/v2\/comments?post=58030"}],"version-history":[{"count":0,"href":"https:\/\/www.jornalja.com.br\/arquivo\/wp-json\/wp\/v2\/posts\/58030\/revisions"}],"wp:attachment":[{"href":"https:\/\/www.jornalja.com.br\/arquivo\/wp-json\/wp\/v2\/media?parent=58030"}],"wp:term":[{"taxonomy":"category","embeddable":true,"href":"https:\/\/www.jornalja.com.br\/arquivo\/wp-json\/wp\/v2\/categories?post=58030"},{"taxonomy":"post_tag","embeddable":true,"href":"https:\/\/www.jornalja.com.br\/arquivo\/wp-json\/wp\/v2\/tags?post=58030"}],"curies":[{"name":"wp","href":"https:\/\/api.w.org\/{rel}","templated":true}]}}