{"id":58048,"date":"2017-12-08T12:49:51","date_gmt":"2017-12-08T14:49:51","guid":{"rendered":"https:\/\/www.jornalja.com.br\/?p=58048"},"modified":"2017-12-08T12:49:51","modified_gmt":"2017-12-08T14:49:51","slug":"especulacao-derruba-acoes-do-banrisul-e-deixa-sartori-sem-saida","status":"publish","type":"post","link":"https:\/\/www.jornalja.com.br\/arquivo\/especulacao-derruba-acoes-do-banrisul-e-deixa-sartori-sem-saida\/","title":{"rendered":"Especula\u00e7\u00e3o derruba a\u00e7\u00f5es do Banrisul e deixa Sartori sem sa\u00edda"},"content":{"rendered":"<p>\u201cN\u00e3o tem mais para onde correr\u201d.<br \/>\n\u201c\u00c9 o pior momento em 30 anos de crise financeira\u201d.<br \/>\n\u201c\u00c9 um doente que sobrevivia com ajuda de aparelhos, agora est\u00e3o tirando os aparelhos\u201d<br \/>\nS\u00e3o frases que se ouviam na Secretaria da Fazenda nesta quinta-feira, um dia depois que o governo do Estado suspendeu a venda de parte das a\u00e7\u00f5es do Banrisul, anunciada h\u00e1 dois meses.<br \/>\nPor meio de nota, o Piratini informou que a decis\u00e3o final sobre a venda das a\u00e7\u00f5es &#8220;depender\u00e1 de novas avalia\u00e7\u00f5es t\u00e9cnicas que est\u00e3o sendo feitas&#8221;. Mas entre os t\u00e9cnicos da Fazenda acredita-se que esta alternativa est\u00e1 descartada, ao menos por enquanto.<br \/>\nNuma tentativa de compensar a perda, se intensificou nos departamentos da Receita Estadual a busca por receitas extraordin\u00e1rias para pagar o 13<sup>o <\/sup>e a folha de dezembro do funcionalismo.<br \/>\n\u201cTem direitos de cr\u00e9ditos por conta do programa de incentivos que beneficiou a General Motors e uns cinco processos que podem render pequenas receitas, mas dificilmente se alcan\u00e7ar\u00e1 mais do que uns R$ 600 milh\u00f5es\u201d, disse uma fonte.<br \/>\nO pr\u00f3prio Secret\u00e1rio da Fazenda, Giovani Feltes, disse \u00e0 imprensa que \u201cas alternativas que se tem hoje para a busca de receita extraordin\u00e1ria s\u00e3o muito poucas e em um volume n\u00e3o t\u00e3o significativo. Ent\u00e3o, o pagamento do 13\u00ba \u00e9 algo que fica no aguardo de alguma coisa extraordin\u00e1ria&#8221;.<br \/>\nO governo precisaria R$ 2 bilh\u00f5es para pagar pelo menos o 13<sup>o<\/sup>. Por lei, o Estado precisa quitar o 13\u00ba at\u00e9 o dia 20 deste m\u00eas.<br \/>\nNo fim de outubro, em reuni\u00e3o com o Cpers, o governo prometeu sal\u00e1rios em dia a partir de dezembro para o funcionalismo.<br \/>\nUm movimento especulativo nas \u00faltimas semanas for\u00e7ou a baixa das a\u00e7\u00f5es do Banrisul, queda agravada pelas incertezas que cercam o futuro do banco, cuja privatiza\u00e7\u00e3o o governo federal quer incluir no Programa de Recupera\u00e7\u00e3o Fiscal em negocia\u00e7\u00e3o com o Estado.<br \/>\n&#8220;No fechamento do mercado financeiro na quarta-feira (6), as a\u00e7\u00f5es do banco ficaram em torno dos R$ 14,30 \u2014 considerado abaixo do valor patrimonial da institui\u00e7\u00e3o&#8221;.N\u00e3o restou outra sa\u00edda a Sartori a n\u00e3o ser cancelar a venda parcial das a\u00e7\u00f5es do Banrisul.<br \/>\nO governo pretendia colocar \u00e0 venda 128 milh\u00f5es de a\u00e7\u00f5es &#8211; 49% de a\u00e7\u00f5es ordin\u00e1rias e 14,2% de a\u00e7\u00f5es preferenciais. Estimava arrecadar entre R$ 2 bilh\u00f5es a R$ 3 bilh\u00f5es.<br \/>\nCom as dificuldades enfrentadas no Programa de Recupera\u00e7\u00e3o Fiscal, que negocia com a Uni\u00e3o, o governo Sartori vive seu pior momento.<\/p>\n","protected":false},"excerpt":{"rendered":"<p>\u201cN\u00e3o tem mais para onde correr\u201d. \u201c\u00c9 o pior momento em 30 anos de crise financeira\u201d. \u201c\u00c9 um doente que sobrevivia com ajuda de aparelhos, agora est\u00e3o tirando os aparelhos\u201d S\u00e3o frases que se ouviam na Secretaria da Fazenda nesta quinta-feira, um dia depois que o governo do Estado suspendeu a venda de parte das [&hellip;]<\/p>\n","protected":false},"author":4,"featured_media":58067,"comment_status":"open","ping_status":"closed","sticky":false,"template":"","format":"standard","meta":{"_jetpack_newsletter_access":"","_jetpack_dont_email_post_to_subs":false,"_jetpack_newsletter_tier_id":0,"_jetpack_memberships_contains_paywalled_content":false,"_jetpack_feature_clip_id":0,"_jetpack_memberships_contains_paid_content":false,"footnotes":"","jetpack_post_was_ever_published":false},"categories":[26],"tags":[],"class_list":["post-58048","post","type-post","status-publish","format-standard","has-post-thumbnail","hentry","category-geral"],"aioseo_notices":[],"aioseo_head":"\n\t\t<!-- All in One SEO 5.0.1.1 - aioseo.com -->\n\t<meta name=\"robots\" content=\"max-image-preview:large\" \/>\n\t<meta name=\"author\" content=\"da Reda\u00e7\u00e3o\"\/>\n\t<link rel=\"canonical\" href=\"https:\/\/www.jornalja.com.br\/arquivo\/especulacao-derruba-acoes-do-banrisul-e-deixa-sartori-sem-saida\/\" \/>\n\t<meta name=\"generator\" content=\"All in One SEO (AIOSEO) 5.0.1.1\" \/>\n\t\t<meta property=\"og:locale\" content=\"pt_BR\" \/>\n\t\t<meta property=\"og:site_name\" content=\"Arquivo | Jornal J\u00c1 | Porto Alegre\" \/>\n\t\t<meta property=\"og:type\" content=\"article\" \/>\n\t\t<meta property=\"og:title\" content=\"Especula\u00e7\u00e3o derruba a\u00e7\u00f5es do Banrisul e deixa Sartori sem sa\u00edda | Arquivo\" \/>\n\t\t<meta property=\"og:url\" content=\"https:\/\/www.jornalja.com.br\/arquivo\/especulacao-derruba-acoes-do-banrisul-e-deixa-sartori-sem-saida\/\" \/>\n\t\t<meta property=\"og:image\" content=\"https:\/\/www.jornalja.com.br\/economics\/wp-content\/uploads\/sites\/11\/2026\/08\/ja-folhaderosto-facebook.jpg\" \/>\n\t\t<meta property=\"og:image:secure_url\" content=\"https:\/\/www.jornalja.com.br\/economics\/wp-content\/uploads\/sites\/11\/2026\/08\/ja-folhaderosto-facebook.jpg\" \/>\n\t\t<meta property=\"article:published_time\" content=\"2017-12-08T14:49:51+00:00\" \/>\n\t\t<meta property=\"article:modified_time\" content=\"2017-12-08T14:49:51+00:00\" \/>\n\t\t<meta name=\"twitter:card\" content=\"summary\" \/>\n\t\t<meta name=\"twitter:title\" content=\"Especula\u00e7\u00e3o derruba a\u00e7\u00f5es do Banrisul e deixa Sartori sem sa\u00edda | Arquivo\" \/>\n\t\t<meta name=\"twitter:image\" content=\"https:\/\/www.jornalja.com.br\/economics\/wp-content\/uploads\/sites\/11\/2026\/08\/ja-folhaderosto-facebook.jpg\" \/>\n\t\t<script type=\"application\/ld+json\" class=\"aioseo-schema\">\n\t\t\t{\"@context\":\"https:\\\/\\\/schema.org\",\"@graph\":[{\"@type\":\"BlogPosting\",\"@id\":\"https:\\\/\\\/www.jornalja.com.br\\\/arquivo\\\/especulacao-derruba-acoes-do-banrisul-e-deixa-sartori-sem-saida\\\/#blogposting\",\"name\":\"Especula\\u00e7\\u00e3o derruba a\\u00e7\\u00f5es do Banrisul e deixa Sartori sem sa\\u00edda | Arquivo\",\"headline\":\"Especula\\u00e7\\u00e3o derruba a\\u00e7\\u00f5es do Banrisul e deixa Sartori sem sa\\u00edda\",\"author\":{\"@id\":\"https:\\\/\\\/www.jornalja.com.br\\\/arquivo\\\/author\\\/daredacao\\\/#author\"},\"publisher\":{\"@id\":\"https:\\\/\\\/www.jornalja.com.br\\\/arquivo\\\/#organization\"},\"image\":{\"@type\":\"ImageObject\",\"url\":58067},\"datePublished\":\"2017-12-08T12:49:51-02:00\",\"dateModified\":\"2017-12-08T12:49:51-02:00\",\"inLanguage\":\"pt-BR\",\"mainEntityOfPage\":{\"@id\":\"https:\\\/\\\/www.jornalja.com.br\\\/arquivo\\\/especulacao-derruba-acoes-do-banrisul-e-deixa-sartori-sem-saida\\\/#webpage\"},\"isPartOf\":{\"@id\":\"https:\\\/\\\/www.jornalja.com.br\\\/arquivo\\\/especulacao-derruba-acoes-do-banrisul-e-deixa-sartori-sem-saida\\\/#webpage\"},\"articleSection\":\"Geral\"},{\"@type\":\"BreadcrumbList\",\"@id\":\"https:\\\/\\\/www.jornalja.com.br\\\/arquivo\\\/especulacao-derruba-acoes-do-banrisul-e-deixa-sartori-sem-saida\\\/#breadcrumblist\",\"itemListElement\":[{\"@type\":\"ListItem\",\"@id\":\"https:\\\/\\\/www.jornalja.com.br\\\/arquivo#listItem\",\"position\":1,\"name\":\"Home\",\"item\":\"https:\\\/\\\/www.jornalja.com.br\\\/arquivo\",\"nextItem\":{\"@type\":\"ListItem\",\"@id\":\"https:\\\/\\\/www.jornalja.com.br\\\/arquivo\\\/category\\\/geral\\\/#listItem\",\"name\":\"Geral\"}},{\"@type\":\"ListItem\",\"@id\":\"https:\\\/\\\/www.jornalja.com.br\\\/arquivo\\\/category\\\/geral\\\/#listItem\",\"position\":2,\"name\":\"Geral\",\"item\":\"https:\\\/\\\/www.jornalja.com.br\\\/arquivo\\\/category\\\/geral\\\/\",\"nextItem\":{\"@type\":\"ListItem\",\"@id\":\"https:\\\/\\\/www.jornalja.com.br\\\/arquivo\\\/especulacao-derruba-acoes-do-banrisul-e-deixa-sartori-sem-saida\\\/#listItem\",\"name\":\"Especula\\u00e7\\u00e3o derruba a\\u00e7\\u00f5es do Banrisul e deixa Sartori sem sa\\u00edda\"},\"previousItem\":{\"@type\":\"ListItem\",\"@id\":\"https:\\\/\\\/www.jornalja.com.br\\\/arquivo#listItem\",\"name\":\"Home\"}},{\"@type\":\"ListItem\",\"@id\":\"https:\\\/\\\/www.jornalja.com.br\\\/arquivo\\\/especulacao-derruba-acoes-do-banrisul-e-deixa-sartori-sem-saida\\\/#listItem\",\"position\":3,\"name\":\"Especula\\u00e7\\u00e3o derruba a\\u00e7\\u00f5es do Banrisul e deixa Sartori sem sa\\u00edda\",\"previousItem\":{\"@type\":\"ListItem\",\"@id\":\"https:\\\/\\\/www.jornalja.com.br\\\/arquivo\\\/category\\\/geral\\\/#listItem\",\"name\":\"Geral\"}}]},{\"@type\":\"Organization\",\"@id\":\"https:\\\/\\\/www.jornalja.com.br\\\/arquivo\\\/#organization\",\"name\":\"Jornal J\\u00c1\",\"description\":\"Jornal J\\u00c1 | Porto Alegre\",\"url\":\"https:\\\/\\\/www.jornalja.com.br\\\/arquivo\\\/\",\"telephone\":\"+555133307272\",\"logo\":{\"@type\":\"ImageObject\",\"url\":\"https:\\\/\\\/www.jornalja.com.br\\\/wp-content\\\/uploads\\\/cards\\\/JAslogan.png\",\"@id\":\"https:\\\/\\\/www.jornalja.com.br\\\/arquivo\\\/especulacao-derruba-acoes-do-banrisul-e-deixa-sartori-sem-saida\\\/#organizationLogo\"},\"image\":{\"@id\":\"https:\\\/\\\/www.jornalja.com.br\\\/arquivo\\\/especulacao-derruba-acoes-do-banrisul-e-deixa-sartori-sem-saida\\\/#organizationLogo\"}},{\"@type\":\"Person\",\"@id\":\"https:\\\/\\\/www.jornalja.com.br\\\/arquivo\\\/author\\\/daredacao\\\/#author\",\"url\":\"https:\\\/\\\/www.jornalja.com.br\\\/arquivo\\\/author\\\/daredacao\\\/\",\"name\":\"da Reda\\u00e7\\u00e3o\",\"image\":{\"@type\":\"ImageObject\",\"@id\":\"https:\\\/\\\/www.jornalja.com.br\\\/arquivo\\\/especulacao-derruba-acoes-do-banrisul-e-deixa-sartori-sem-saida\\\/#authorImage\",\"url\":\"https:\\\/\\\/secure.gravatar.com\\\/avatar\\\/469fd857d6605ad19919d27ed29d35a968a25f6e8fd9318356bbb7f57aae9c65?s=96&d=mm&r=g\",\"width\":96,\"height\":96,\"caption\":\"da Reda\\u00e7\\u00e3o\"}},{\"@type\":\"WebPage\",\"@id\":\"https:\\\/\\\/www.jornalja.com.br\\\/arquivo\\\/especulacao-derruba-acoes-do-banrisul-e-deixa-sartori-sem-saida\\\/#webpage\",\"url\":\"https:\\\/\\\/www.jornalja.com.br\\\/arquivo\\\/especulacao-derruba-acoes-do-banrisul-e-deixa-sartori-sem-saida\\\/\",\"name\":\"Especula\\u00e7\\u00e3o derruba a\\u00e7\\u00f5es do Banrisul e deixa Sartori sem sa\\u00edda | Arquivo\",\"inLanguage\":\"pt-BR\",\"isPartOf\":{\"@id\":\"https:\\\/\\\/www.jornalja.com.br\\\/arquivo\\\/#website\"},\"breadcrumb\":{\"@id\":\"https:\\\/\\\/www.jornalja.com.br\\\/arquivo\\\/especulacao-derruba-acoes-do-banrisul-e-deixa-sartori-sem-saida\\\/#breadcrumblist\"},\"author\":{\"@id\":\"https:\\\/\\\/www.jornalja.com.br\\\/arquivo\\\/author\\\/daredacao\\\/#author\"},\"creator\":{\"@id\":\"https:\\\/\\\/www.jornalja.com.br\\\/arquivo\\\/author\\\/daredacao\\\/#author\"},\"image\":{\"@type\":\"ImageObject\",\"url\":58067,\"@id\":\"https:\\\/\\\/www.jornalja.com.br\\\/arquivo\\\/especulacao-derruba-acoes-do-banrisul-e-deixa-sartori-sem-saida\\\/#mainImage\"},\"primaryImageOfPage\":{\"@id\":\"https:\\\/\\\/www.jornalja.com.br\\\/arquivo\\\/especulacao-derruba-acoes-do-banrisul-e-deixa-sartori-sem-saida\\\/#mainImage\"},\"datePublished\":\"2017-12-08T12:49:51-02:00\",\"dateModified\":\"2017-12-08T12:49:51-02:00\"},{\"@type\":\"WebSite\",\"@id\":\"https:\\\/\\\/www.jornalja.com.br\\\/arquivo\\\/#website\",\"url\":\"https:\\\/\\\/www.jornalja.com.br\\\/arquivo\\\/\",\"name\":\"Arquivo\",\"description\":\"Jornal J\\u00c1 | Porto Alegre\",\"inLanguage\":\"pt-BR\",\"publisher\":{\"@id\":\"https:\\\/\\\/www.jornalja.com.br\\\/arquivo\\\/#organization\"}}]}\n\t\t<\/script>\n\t\t<!-- All in One SEO -->\n\n","aioseo_head_json":{"title":"Especula\u00e7\u00e3o derruba a\u00e7\u00f5es do Banrisul e deixa Sartori sem sa\u00edda | Arquivo","description":"","canonical_url":"https:\/\/www.jornalja.com.br\/arquivo\/especulacao-derruba-acoes-do-banrisul-e-deixa-sartori-sem-saida\/","robots":"max-image-preview:large","keywords":"","webmasterTools":{"miscellaneous":""},"schema":{"@context":"https:\/\/schema.org","@graph":[{"@type":"BlogPosting","@id":"https:\/\/www.jornalja.com.br\/arquivo\/especulacao-derruba-acoes-do-banrisul-e-deixa-sartori-sem-saida\/#blogposting","name":"Especula\u00e7\u00e3o derruba a\u00e7\u00f5es do Banrisul e deixa Sartori sem sa\u00edda | Arquivo","headline":"Especula\u00e7\u00e3o derruba a\u00e7\u00f5es do Banrisul e deixa Sartori sem sa\u00edda","author":{"@id":"https:\/\/www.jornalja.com.br\/arquivo\/author\/daredacao\/#author"},"publisher":{"@id":"https:\/\/www.jornalja.com.br\/arquivo\/#organization"},"image":{"@type":"ImageObject","url":58067},"datePublished":"2017-12-08T12:49:51-02:00","dateModified":"2017-12-08T12:49:51-02:00","inLanguage":"pt-BR","mainEntityOfPage":{"@id":"https:\/\/www.jornalja.com.br\/arquivo\/especulacao-derruba-acoes-do-banrisul-e-deixa-sartori-sem-saida\/#webpage"},"isPartOf":{"@id":"https:\/\/www.jornalja.com.br\/arquivo\/especulacao-derruba-acoes-do-banrisul-e-deixa-sartori-sem-saida\/#webpage"},"articleSection":"Geral"},{"@type":"BreadcrumbList","@id":"https:\/\/www.jornalja.com.br\/arquivo\/especulacao-derruba-acoes-do-banrisul-e-deixa-sartori-sem-saida\/#breadcrumblist","itemListElement":[{"@type":"ListItem","@id":"https:\/\/www.jornalja.com.br\/arquivo#listItem","position":1,"name":"Home","item":"https:\/\/www.jornalja.com.br\/arquivo","nextItem":{"@type":"ListItem","@id":"https:\/\/www.jornalja.com.br\/arquivo\/category\/geral\/#listItem","name":"Geral"}},{"@type":"ListItem","@id":"https:\/\/www.jornalja.com.br\/arquivo\/category\/geral\/#listItem","position":2,"name":"Geral","item":"https:\/\/www.jornalja.com.br\/arquivo\/category\/geral\/","nextItem":{"@type":"ListItem","@id":"https:\/\/www.jornalja.com.br\/arquivo\/especulacao-derruba-acoes-do-banrisul-e-deixa-sartori-sem-saida\/#listItem","name":"Especula\u00e7\u00e3o derruba a\u00e7\u00f5es do Banrisul e deixa Sartori sem sa\u00edda"},"previousItem":{"@type":"ListItem","@id":"https:\/\/www.jornalja.com.br\/arquivo#listItem","name":"Home"}},{"@type":"ListItem","@id":"https:\/\/www.jornalja.com.br\/arquivo\/especulacao-derruba-acoes-do-banrisul-e-deixa-sartori-sem-saida\/#listItem","position":3,"name":"Especula\u00e7\u00e3o derruba a\u00e7\u00f5es do Banrisul e deixa Sartori sem sa\u00edda","previousItem":{"@type":"ListItem","@id":"https:\/\/www.jornalja.com.br\/arquivo\/category\/geral\/#listItem","name":"Geral"}}]},{"@type":"Organization","@id":"https:\/\/www.jornalja.com.br\/arquivo\/#organization","name":"Jornal J\u00c1","description":"Jornal J\u00c1 | Porto Alegre","url":"https:\/\/www.jornalja.com.br\/arquivo\/","telephone":"+555133307272","logo":{"@type":"ImageObject","url":"https:\/\/www.jornalja.com.br\/wp-content\/uploads\/cards\/JAslogan.png","@id":"https:\/\/www.jornalja.com.br\/arquivo\/especulacao-derruba-acoes-do-banrisul-e-deixa-sartori-sem-saida\/#organizationLogo"},"image":{"@id":"https:\/\/www.jornalja.com.br\/arquivo\/especulacao-derruba-acoes-do-banrisul-e-deixa-sartori-sem-saida\/#organizationLogo"}},{"@type":"Person","@id":"https:\/\/www.jornalja.com.br\/arquivo\/author\/daredacao\/#author","url":"https:\/\/www.jornalja.com.br\/arquivo\/author\/daredacao\/","name":"da Reda\u00e7\u00e3o","image":{"@type":"ImageObject","@id":"https:\/\/www.jornalja.com.br\/arquivo\/especulacao-derruba-acoes-do-banrisul-e-deixa-sartori-sem-saida\/#authorImage","url":"https:\/\/secure.gravatar.com\/avatar\/469fd857d6605ad19919d27ed29d35a968a25f6e8fd9318356bbb7f57aae9c65?s=96&d=mm&r=g","width":96,"height":96,"caption":"da Reda\u00e7\u00e3o"}},{"@type":"WebPage","@id":"https:\/\/www.jornalja.com.br\/arquivo\/especulacao-derruba-acoes-do-banrisul-e-deixa-sartori-sem-saida\/#webpage","url":"https:\/\/www.jornalja.com.br\/arquivo\/especulacao-derruba-acoes-do-banrisul-e-deixa-sartori-sem-saida\/","name":"Especula\u00e7\u00e3o derruba a\u00e7\u00f5es do Banrisul e deixa Sartori sem sa\u00edda | Arquivo","inLanguage":"pt-BR","isPartOf":{"@id":"https:\/\/www.jornalja.com.br\/arquivo\/#website"},"breadcrumb":{"@id":"https:\/\/www.jornalja.com.br\/arquivo\/especulacao-derruba-acoes-do-banrisul-e-deixa-sartori-sem-saida\/#breadcrumblist"},"author":{"@id":"https:\/\/www.jornalja.com.br\/arquivo\/author\/daredacao\/#author"},"creator":{"@id":"https:\/\/www.jornalja.com.br\/arquivo\/author\/daredacao\/#author"},"image":{"@type":"ImageObject","url":58067,"@id":"https:\/\/www.jornalja.com.br\/arquivo\/especulacao-derruba-acoes-do-banrisul-e-deixa-sartori-sem-saida\/#mainImage"},"primaryImageOfPage":{"@id":"https:\/\/www.jornalja.com.br\/arquivo\/especulacao-derruba-acoes-do-banrisul-e-deixa-sartori-sem-saida\/#mainImage"},"datePublished":"2017-12-08T12:49:51-02:00","dateModified":"2017-12-08T12:49:51-02:00"},{"@type":"WebSite","@id":"https:\/\/www.jornalja.com.br\/arquivo\/#website","url":"https:\/\/www.jornalja.com.br\/arquivo\/","name":"Arquivo","description":"Jornal J\u00c1 | Porto Alegre","inLanguage":"pt-BR","publisher":{"@id":"https:\/\/www.jornalja.com.br\/arquivo\/#organization"}}]},"og:locale":"pt_BR","og:site_name":"Arquivo | Jornal J\u00c1 | Porto Alegre","og:type":"article","og:title":"Especula\u00e7\u00e3o derruba a\u00e7\u00f5es do Banrisul e deixa Sartori sem sa\u00edda | Arquivo","og:url":"https:\/\/www.jornalja.com.br\/arquivo\/especulacao-derruba-acoes-do-banrisul-e-deixa-sartori-sem-saida\/","og:image":"https:\/\/www.jornalja.com.br\/economics\/wp-content\/uploads\/sites\/11\/2026\/08\/ja-folhaderosto-facebook.jpg","og:image:secure_url":"https:\/\/www.jornalja.com.br\/economics\/wp-content\/uploads\/sites\/11\/2026\/08\/ja-folhaderosto-facebook.jpg","article:published_time":"2017-12-08T14:49:51+00:00","article:modified_time":"2017-12-08T14:49:51+00:00","twitter:card":"summary","twitter:title":"Especula\u00e7\u00e3o derruba a\u00e7\u00f5es do Banrisul e deixa Sartori sem sa\u00edda | Arquivo","twitter:image":"https:\/\/www.jornalja.com.br\/economics\/wp-content\/uploads\/sites\/11\/2026\/08\/ja-folhaderosto-facebook.jpg"},"aioseo_meta_data":{"post_id":"58048","title":null,"description":null,"keywords":null,"keyphrases":null,"primary_term":null,"canonical_url":null,"og_title":null,"og_description":null,"og_object_type":"default","og_image_type":"default","og_image_url":null,"og_image_width":null,"og_image_height":null,"og_image_custom_url":null,"og_image_custom_fields":null,"og_video":null,"og_custom_url":null,"og_article_section":null,"og_article_tags":null,"twitter_use_og":false,"twitter_card":"default","twitter_image_type":"default","twitter_image_url":null,"twitter_image_custom_url":null,"twitter_image_custom_fields":null,"twitter_title":null,"twitter_description":null,"schema":{"blockGraphs":[],"customGraphs":[],"default":{"data":{"Article":[],"Course":[],"Dataset":[],"FAQPage":[],"Movie":[],"Person":[],"Product":[],"ProductReview":[],"Car":[],"Recipe":[],"Service":[],"SoftwareApplication":[],"WebPage":[]},"graphName":"","isEnabled":true},"graphs":[],"defaultGraph":"","defaultPostTypeGraph":""},"schema_type":null,"schema_type_options":null,"pillar_content":false,"robots_default":true,"robots_noindex":false,"robots_noarchive":false,"robots_nosnippet":false,"robots_nofollow":false,"robots_noimageindex":false,"robots_noodp":false,"robots_notranslate":false,"robots_max_snippet":null,"robots_max_videopreview":null,"robots_max_imagepreview":"large","priority":null,"frequency":null,"location":null,"local_seo":null,"breadcrumb_settings":null,"limit_modified_date":false,"ai":null,"created":"2020-12-20 20:20:44","updated":"2025-07-20 02:48:44","seo_analyzer_scan_date":null,"focus_keyword":null,"additional_keywords":null,"truseo_locale":null},"jetpack_sharing_enabled":true,"jetpack-related-posts":[{"id":13101,"url":"https:\/\/www.jornalja.com.br\/arquivo\/morre-um-guerreiro-do-texto\/","url_meta":{"origin":58048,"position":0},"title":"Morre um guerreiro do texto","author":"Patr\u00edcia Marini","date":"14 de maio de 2014","format":false,"excerpt":"Por Ricardo Kotscho Reproduzido do blog do autor, 11\/5\/2014; t\u00edtulo original \u201cE l\u00e1 se foi o nosso Myltainho, guerreiro do texto\u201d. Mi\u00fado e franzino, meu amigo Myltainho era um valente e inconformado guerreiro na luta contra as injusti\u00e7as sociais, a hipocrisia, as maracutaias, o autoritarismo, a intoler\u00e2ncia, a viol\u00eancia, o\u2026","rel":"","context":"Em &quot;Geral&quot;","block_context":{"text":"Geral","link":"https:\/\/www.jornalja.com.br\/arquivo\/category\/geral\/"},"img":{"alt_text":"","src":"","width":0,"height":0},"classes":[]},{"id":13128,"url":"https:\/\/www.jornalja.com.br\/arquivo\/maconha-terra-diz-que-uso-medicinal-e-desculpa\/","url_meta":{"origin":58048,"position":1},"title":"Maconha: Terra diz que uso medicinal \u00e9 desculpa","author":"Patr\u00edcia Marini","date":"4 de junho de 2014","format":false,"excerpt":"A condi\u00e7\u00e3o de pol\u00edtico, em \u00e9poca de campanha de campanha eleitoral, tira for\u00e7a do discurso do m\u00e9dico Osmar Terra contra a legaliza\u00e7\u00e3o da maconha. A tese dele de que a libera\u00e7\u00e3o vai ampliar exponencialmente o consumo \u00e9 discutivel, o consumo \u00e9 corrente. Mas seus alertas quanto aos riscos tem que\u2026","rel":"","context":"Em &quot;X.Categorias velhas&quot;","block_context":{"text":"X.Categorias velhas","link":"https:\/\/www.jornalja.com.br\/arquivo\/category\/x-categorias-velhas\/"},"img":{"alt_text":"","src":"","width":0,"height":0},"classes":[]},{"id":13124,"url":"https:\/\/www.jornalja.com.br\/arquivo\/sangue-latino-no-iecine\/","url_meta":{"origin":58048,"position":2},"title":"Sangue latino no IECINE","author":"da Reda\u00e7\u00e3o","date":"18 de maio de 2014","format":false,"excerpt":"Francisco Ribeiro O Instituto Estadual de Cinema (IECINE) tem a frente, desde abril \u00faltimo, um novo diretor, o cineasta colombiano Juan Zapata, 36, que substitui Luiz Alberto Cassol. Radicado h\u00e1 dez anos em Porto Alegre, Zapata tem diante de si o desafio de conduzir at\u00e9 o final do ano um\u2026","rel":"","context":"Em &quot;Cultura-Geral&quot;","block_context":{"text":"Cultura-Geral","link":"https:\/\/www.jornalja.com.br\/arquivo\/category\/materiasecundaria\/"},"img":{"alt_text":"","src":"","width":0,"height":0},"classes":[]},{"id":13240,"url":"https:\/\/www.jornalja.com.br\/arquivo\/plano-diretor-estamos-construindo-o-caos\/","url_meta":{"origin":58048,"position":3},"title":"Plano diretor: &quot;Estamos construindo o caos&quot;","author":"Patr\u00edcia Marini","date":"26 de maio de 2014","format":false,"excerpt":"Desabafo que arquiteta Eliana Castilhos, delegada da Regi\u00e3o de Planejamento 1, postou nas redes sociais \u00e9 um testemunho do ambiente que se criou no Conselho do Plano Diretor de Porto Alegre, onde a aprova\u00e7\u00e3o de grandes empreendimentos \u00e9 empurrada guela abaixo dos conselheiros. Ao CMDUA Como delegada da Regi\u00e3o de\u2026","rel":"","context":"Em &quot;Geral&quot;","block_context":{"text":"Geral","link":"https:\/\/www.jornalja.com.br\/arquivo\/category\/geral\/"},"img":{"alt_text":"","src":"","width":0,"height":0},"classes":[]},{"id":14241,"url":"https:\/\/www.jornalja.com.br\/arquivo\/o-guaiba-nas-imagens-poeticas-de-achutti\/","url_meta":{"origin":58048,"position":4},"title":"O Gua\u00edba nas imagens po\u00e9ticas de Achutti","author":"da Reda\u00e7\u00e3o","date":"18 de junho de 2014","format":false,"excerpt":"Em \u201cO Gua\u00edba por Achutti\u201d \u2013 obra financiada via Minist\u00e9rio da Cultura, produ\u00e7\u00e3o executiva de Pedro Longhi, e Fl\u00e1vio Wild como designer \u2013, o fot\u00f3grafo revela a beleza e as mazelas de um espa\u00e7o aqu\u00e1tico de \u00e1guas sempre renovadas, cheio de hist\u00f3rias e lendas como as das cidades que foram\u2026","rel":"","context":"Em &quot;Cultura-Geral&quot;","block_context":{"text":"Cultura-Geral","link":"https:\/\/www.jornalja.com.br\/arquivo\/category\/materiasecundaria\/"},"img":{"alt_text":"","src":"","width":0,"height":0},"classes":[]},{"id":13239,"url":"https:\/\/www.jornalja.com.br\/arquivo\/conselho-desdenha-do-plano-diretor\/","url_meta":{"origin":58048,"position":5},"title":"Porto Alegre: Conselho detona Plano Diretor","author":"Patr\u00edcia Marini","date":"25 de maio de 2014","format":false,"excerpt":"Den\u00fancia do arquiteto e \u00a0urbanista Ibir\u00e1 Santos Lucas. Ele diz que os conselheiros est\u00e3o votando com \"enorme irresponsabilidade\". \"Mudam regime com a maior naturalidade,,,regularizam absurdos de constru\u00e7\u00f5es irregulares... \"O CMDUA est\u00e1 flexibilizando a lei do plano diretor, de uma forma impactante na vida da cidade. Mudam regime com a maior\u2026","rel":"","context":"Em &quot;Geral&quot;","block_context":{"text":"Geral","link":"https:\/\/www.jornalja.com.br\/arquivo\/category\/geral\/"},"img":{"alt_text":"","src":"","width":0,"height":0},"classes":[]}],"jetpack_shortlink":"https:\/\/wp.me\/pbQjBd-f6g","jetpack_featured_media_url":"","_links":{"self":[{"href":"https:\/\/www.jornalja.com.br\/arquivo\/wp-json\/wp\/v2\/posts\/58048","targetHints":{"allow":["GET"]}}],"collection":[{"href":"https:\/\/www.jornalja.com.br\/arquivo\/wp-json\/wp\/v2\/posts"}],"about":[{"href":"https:\/\/www.jornalja.com.br\/arquivo\/wp-json\/wp\/v2\/types\/post"}],"author":[{"embeddable":true,"href":"https:\/\/www.jornalja.com.br\/arquivo\/wp-json\/wp\/v2\/users\/4"}],"replies":[{"embeddable":true,"href":"https:\/\/www.jornalja.com.br\/arquivo\/wp-json\/wp\/v2\/comments?post=58048"}],"version-history":[{"count":0,"href":"https:\/\/www.jornalja.com.br\/arquivo\/wp-json\/wp\/v2\/posts\/58048\/revisions"}],"wp:attachment":[{"href":"https:\/\/www.jornalja.com.br\/arquivo\/wp-json\/wp\/v2\/media?parent=58048"}],"wp:term":[{"taxonomy":"category","embeddable":true,"href":"https:\/\/www.jornalja.com.br\/arquivo\/wp-json\/wp\/v2\/categories?post=58048"},{"taxonomy":"post_tag","embeddable":true,"href":"https:\/\/www.jornalja.com.br\/arquivo\/wp-json\/wp\/v2\/tags?post=58048"}],"curies":[{"name":"wp","href":"https:\/\/api.w.org\/{rel}","templated":true}]}}