{"id":58064,"date":"2017-12-11T19:16:49","date_gmt":"2017-12-11T21:16:49","guid":{"rendered":"https:\/\/www.jornalja.com.br\/?p=58064"},"modified":"2017-12-11T19:16:49","modified_gmt":"2017-12-11T21:16:49","slug":"revogacao-de-lei-nao-desbloqueia-imoveis-no-petropolis","status":"publish","type":"post","link":"https:\/\/www.jornalja.com.br\/arquivo\/revogacao-de-lei-nao-desbloqueia-imoveis-no-petropolis\/","title":{"rendered":"Revoga\u00e7\u00e3o de lei n\u00e3o \u2018desbloqueia\u2019 im\u00f3veis no Petr\u00f3polis"},"content":{"rendered":"<p class=\"western\">Em 27 de novembro, a C\u00e2mara de Vereadores revogou, por 24 votos a 3, a lei que regrava o Invent\u00e1rio do Patrim\u00f4nio Cultural de Bens Im\u00f3veis do Munic\u00edpio. Mas engana-se quem pensa que o veto ir\u00e1 clarear o cen\u00e1rio do listamento de im\u00f3veis, principalmente no Bairro Petr\u00f3polis, onde o processo est\u00e1 travado desde o come\u00e7o de 2014.<\/p>\n<p class=\"western\">A Procuradoria-Geral Adjunta de Urbanismo, Dom\u00ednio P\u00fablico e Meio Ambiente informou ao J\u00c1 que &#8220;os im\u00f3veis tombados e inventariados n\u00e3o podem ser demolidos sem a devida licen\u00e7a do munic\u00edpio e que a Lei Complementar 601\/2008, revogada pelos vereadores, consiste em uma legisla\u00e7\u00e3o procedimental. Ainda que tenha sido revogada a lei, o interesse da preserva\u00e7\u00e3o permanece, uma vez que est\u00e1 expresso na Constitui\u00e7\u00e3o Federal de 1988 e no Plano Diretor de Desenvolvimento Urbano Ambiental de Porto Alegre&#8221;. Em tese, para a PGM, a listagem no Petr\u00f3polis permanece.<\/p>\n<p class=\"western\">A proposta de revoga\u00e7\u00e3o aguarda homologa\u00e7\u00e3o do prefeito Nelson Marchezan J\u00fanior. Ele ainda n\u00e3o anunciou se pretende sancionar ou n\u00e3o o veto. A dire\u00e7\u00e3o da Equipe do Patrim\u00f4nio Hist\u00f3rico e Cultural (Epahc) aguarda o posicionamento de Marchezan para se manifestar.<\/p>\n<p class=\"western\"><span class=\"intertit\">350 im\u00f3veis permanecem bloqueados<\/span><\/p>\n<figure id=\"attachment_58155\" aria-describedby=\"caption-attachment-58155\" style=\"width: 676px\" class=\"wp-caption alignnone\"><img loading=\"lazy\" decoding=\"async\" class=\"wp-image-58155 size-full\" src=\"https:\/\/www.jornalja.com.br\/wp-content\/uploads\/2017\/12\/oi-pettropolis.jpg\" alt=\"\" width=\"676\" height=\"233\" \/><figcaption id=\"caption-attachment-58155\" class=\"wp-caption-text\">Al\u00e9m de casas, pr\u00e9dios tamb\u00e9m est\u00e3o na lista para preserva\u00e7\u00e3o \/ Arquivo Epahc<\/figcaption><\/figure>\n<p class=\"western\">Foram inicialmente listados 559 im\u00f3veis em Petr\u00f3polis, sem a concord\u00e2ncia inicial dos seus donos, o que gerou o in\u00edcio do problema. Ap\u00f3s a lista inicial j\u00e1 houve mais tr\u00eas revis\u00f5es. Atualmente 354 casas e pequenos pr\u00e9dios, considerados com valor hist\u00f3rico, permanecem \u201cbloqueados\u201d.<em><br \/>\n<\/em><\/p>\n<p class=\"western\">Por tr\u00e1s da disputa entre preservacionista x moradores que defendem o direito a propriedade privada, est\u00e1 o alto valor do bairro no mercado imobili\u00e1rio.<\/p>\n<p class=\"western\">Dados do Sindicato da Ind\u00fastria da Constru\u00e7\u00e3o Civil (Sinduscon-RS) comprovam &#8211; Petr\u00f3polis \u00e9 o bairro com maior volume de empreendimentos de Porto Alegre.<\/p>\n<figure id=\"attachment_58151\" aria-describedby=\"caption-attachment-58151\" style=\"width: 1150px\" class=\"wp-caption aligncenter\"><img loading=\"lazy\" decoding=\"async\" class=\"wp-image-58151 size-large\" src=\"https:\/\/www.jornalja.com.br\/wp-content\/uploads\/2017\/12\/25086836_10209045108279652_1513895329_o-1150x764.jpg\" alt=\"\" width=\"1150\" height=\"764\" \/><figcaption id=\"caption-attachment-58151\" class=\"wp-caption-text\">Alguns casar\u00f5es j\u00e1 est\u00e3o abandonados \/ Ricardo Stricher \/ J\u00c1<\/figcaption><\/figure>\n<p class=\"western\">Em 2015, foram lan\u00e7ados 41 empreendimentos representando 11,55% do volume total na cidade. Em 2016, o n\u00famero subiu, 43 lan\u00e7amentos, ou 13,4% do total. O valor do metro quadrado no bairro jamais saiu dos dez maiores da Capital ga\u00facha, acima dos R$ 7 mil.<\/p>\n<p class=\"western\"><span class=\"intertit\">Moradores do bairro est\u00e3o divididos<\/span><\/p>\n<p class=\"western\">Uma parte dos moradores do bairro Petr\u00f3polis concorda com a preserva\u00e7\u00e3o do patrim\u00f4nio arquitet\u00f4nico. Outra, lamenta a desvaloriza\u00e7\u00e3o dos seus im\u00f3veis, enquanto os terrenos no entorno ficariam muito mais valorizados.<\/p>\n<p class=\"western\">\u201cPara manter o im\u00f3vel, refazer uma pintura, os propriet\u00e1rios t\u00eam que pedir autoriza\u00e7\u00e3o da prefeitura. Fomos transformados em zeladores de nossas casas,\u201d argumenta Fernando Molinos Pires Filho, professor aposentado e presidente da Associa\u00e7\u00e3o de Moradores do Bairro Petr\u00f3polis Atingidos pelo Invent\u00e1rio da Prefeitura (Amai), que mora no Petr\u00f3polis h\u00e1 25 anos.<\/p>\n<figure id=\"attachment_58156\" aria-describedby=\"caption-attachment-58156\" style=\"width: 1150px\" class=\"wp-caption alignnone\"><img loading=\"lazy\" decoding=\"async\" class=\"wp-image-58156 size-large\" src=\"https:\/\/www.jornalja.com.br\/wp-content\/uploads\/2017\/12\/IMG_5971-1150x817.jpg\" alt=\"\" width=\"1150\" height=\"817\" \/><figcaption id=\"caption-attachment-58156\" class=\"wp-caption-text\">M\u00e1rcio Divino e Fernando Molinos, da Amai, querem que a prefeitura desbloqueie o bairro \/ J\u00c1<\/figcaption><\/figure>\n<p class=\"western\">O grupo surgiu ap\u00f3s as primeiras notifica\u00e7\u00f5es recebidas em 2014, e luta politicamente para \u2018barrar a interven\u00e7\u00e3o da prefeitura na propriedade privada e no bairro\u2019. \u201cN\u00e3o s\u00e3o 350 im\u00f3veis, tijolos, como fazem parecer os tecnocratas do Epahc. S\u00e3o fam\u00edlias, vidas atingidas\u201d, diz o advogado M\u00e1rcio do Amor Divino, integrante da Amai.<\/p>\n<p class=\"western\">J\u00e1 Clivia Morato, propriet\u00e1ria de uma das casas na lista do invent\u00e1rio na Rua Dario Pederneiras, tem vis\u00e3o diferente. \u201cTemos interesse em manter a hist\u00f3ria do Bairro, manter sua paisagem. Petr\u00f3polis j\u00e1 foi bem destru\u00eddo. E esse invent\u00e1rio atinge menos de 400 casas, apenas 4% das moradias\u201d, fala a integrante do Proteja Petr\u00f3polis, que conta com apoiadores do invent\u00e1rio.<\/p>\n<p class=\"western\"><span class=\"intertit\"><b>Enxurrada de a\u00e7\u00f5es para desbloquear im\u00f3veis pode ocorrer<\/b><\/span><\/p>\n<p class=\"western\">O imbr\u00f3glio legislativo no invent\u00e1rio surgiu ap\u00f3s moradores do Petr\u00f3polis contestarem judicialmente a lei 601. E tanto a Amai quanto o Proteja concordam que a lei possui erros desde a sua cria\u00e7\u00e3o. A mat\u00e9ria foi proposta pela vereadora Sofia Cavedon, em 2008.<\/p>\n<p class=\"western\">Aprovada, a lei jamais foi regulamentada. Desde ent\u00e3o, a Epahc j\u00e1 inventariou oito bairros. Quando chegou no Petr\u00f3polis o processo travou.<\/p>\n<p class=\"western\">De acordo com a Constitui\u00e7\u00e3o, quem disp\u00f5es de autoriza\u00e7\u00e3o pra elaborar as regras para um invent\u00e1rio \u00e9 o Executivo municipal. Como a lei foi criada na C\u00e2mara, \u00e9 inconstitucional. H\u00e1 uma d\u00fazia de a\u00e7\u00f5es na Justi\u00e7a nesse sentido. Ainda, ao contr\u00e1rio da Lei para o tombamento, a do invent\u00e1rio n\u00e3o prev\u00ea nenhum ressarcimento ao propriet\u00e1rio que tenha sua casa listada.<\/p>\n<figure id=\"attachment_58157\" aria-describedby=\"caption-attachment-58157\" style=\"width: 300px\" class=\"wp-caption alignleft\"><img loading=\"lazy\" decoding=\"async\" class=\"size-medium wp-image-58157\" src=\"https:\/\/www.jornalja.com.br\/wp-content\/uploads\/2017\/12\/dos-terrenos-hoje-s\u00f3-escombros.-Rua-Farias-Santos-220-e-234-300x400-300x400.jpg\" alt=\"\" width=\"300\" height=\"400\" \/><figcaption id=\"caption-attachment-58157\" class=\"wp-caption-text\">Escombros de um dos im\u00f3veis na rua Farias Santos \/ J\u00c1<\/figcaption><\/figure>\n<p class=\"western\">Em julho passado, uma construtora conseguiu liminar para retirar dois im\u00f3veis da lista. E mesmo sem autoriza\u00e7\u00e3o para demoli\u00e7\u00e3o, nos terrenos da rua Farias Santos 220 e 234, s\u00f3 restaram os escombros e espig\u00f5es ir\u00e3o fazer parte da paisagem futuramente. A construtora que ganhou a liminar ainda entrou com a\u00e7\u00e3o indenizat\u00f3ria contra o munic\u00edpio para cobrir o preju\u00edzo com o atraso do empreendimento.<\/p>\n<p class=\"western\">A Prefeitura tamb\u00e9m entrou na Justi\u00e7a e pede indeniza\u00e7\u00e3o \u00e0 construtora que demoliu os im\u00f3veis. N\u00e3o h\u00e1 decis\u00e3o ainda sobre o assunto.<\/p>\n<p class=\"western\"><span class=\"intertit\">Leis aprovadas na C\u00e2mara ferem Constitui\u00e7\u00e3o<\/span><\/p>\n<p class=\"western\">Com a press\u00e3o da Amai e a falta de crit\u00e9rios claros do Epahc para elabora\u00e7\u00e3o da lista, vereadores ainda propuseram outras duas leis complementares. Uma de autoria de Idenir Cecchin, lei 743 de 2014, que anulava a lista do invent\u00e1rio em Petr\u00f3polis.<\/p>\n<p class=\"western\">E outra, do vereador Mauro Pinheiro, a lei 804 de 2016, que prev\u00ea o reestudo completo do invent\u00e1rio da Capital e estabelece indeniza\u00e7\u00f5es aos propriet\u00e1rios que tiverem endere\u00e7os inventariados.<\/p>\n<p class=\"western\">Como as novas leis complementares caem no mesmo erro da original, foram todas feitas na C\u00e2mara e n\u00e3o partiram do Executivo, est\u00e3o sob judice. &#8220;Na pr\u00e1tica, as leis s\u00e3o uma tentativa de barrar o invent\u00e1rio &#8211; s\u00e3o legisla\u00e7\u00f5es que n\u00e3o visam a preserva\u00e7\u00e3o da cultura e hist\u00f3ria&#8221;, argumenta o advogado\u00a0\u00c1lvaro J\u00f4ffre, integrante do Proteja Petr\u00f3polis<\/p>\n<p class=\"western\">Uma barbeiragem do MP no Tribunal de Justi\u00e7a cria uma nova complica\u00e7\u00e3o. Ao pedir a anula\u00e7\u00e3o da 804, o MP citou a lei 601, mas n\u00e3o apontou que essa tamb\u00e9m \u00e9 inconstitucional. O pleno do TJ\/RS n\u00e3o acolheu o pedido de impugna\u00e7\u00e3o, e a lei 804, em teoria, est\u00e1 em vigor. O MP pode ainda recorrer.<\/p>\n<p class=\"western\">Como a norma 804 veio para alterar a lei que agora pode ser revogada, h\u00e1 novos argumentos para uma enxurrada de a\u00e7\u00f5es que visem desbloquear im\u00f3veis listados.<\/p>\n<p class=\"western\">Para o advogado Daniel Nichele &#8211; \u201ctodo o processo foi mal constru\u00eddo pela Prefeitura. S\u00f3 o executivo, com a\u00e7\u00e3o decisiva para resolver isso\u201d. Ele liberou as duas casas j\u00e1 demolidas em julho e lembra. \u201cAs casas foram adquiridas em 2013, com investimento superior a R$ 3 milh\u00f5es\u201d. Ainda de acordo com Nichele, que \u00e9 conselheiro do Plano Diretor de Desenvolvimento Urbano e Ambiental de Porto Alegre, com a lei revogada, as a\u00e7\u00f5es j\u00e1 existentes caem, mas outras surgir\u00e3o. \u201cN\u00e3o havendo legisla\u00e7\u00e3o, h\u00e1 formas de contestar a inclus\u00e3o na lista. Vou conversar com clientes meus. Mas h\u00e1 possibilidade de liberarmos mais im\u00f3veis\u201d, avisa.<\/p>\n<p class=\"western\">O advogado da Amai, M\u00e1rcio Divino, diz que s\u00f3 na \u00faltima semana v\u00e1rios moradores o procuraram para saber se os im\u00f3veis estavam \u2018livres\u2019. A Amai tem a posi\u00e7\u00e3o de aguardar novos desdobramentos. \u201cNunca entramos e n\u00e3o pretendemos entrar na Justi\u00e7a, avisamos que a quest\u00e3o s\u00f3 se define com um posicionamento do Executivo. A Epahc tem que mostrar as regras e esclarecer, com as contrapartidas aos moradores. Mas h\u00e1 brechas pra a\u00e7\u00f5es \u2013 \u00e9 um risco que o propriet\u00e1rio assume\u201d, coloca.<\/p>\n<p class=\"western\">\u00c1lvaro J\u00f4ffre concorda com a revoga\u00e7\u00e3o da lei de 2008, por ela ter \u201cv\u00edcio de iniciativa\u201d, e vai al\u00e9m, para ele, a 804 tamb\u00e9m deve perder valor &#8211; \u201cse ela alterava a lei revogada, perde-se o sentido\u201d. Ele acrescenta que &#8211; \u201cessa revoga\u00e7\u00e3o n\u00e3o acaba com o invent\u00e1rio. H\u00e1 previs\u00e3o legal na Constitui\u00e7\u00e3o Federal e no plano diretor da cidade para isso. E as outras legisla\u00e7\u00f5es criadas na C\u00e2mara tamb\u00e9m caem, j\u00e1 que modificavam uma lei inconstitucional\u201d.<\/p>\n<p class=\"western\">A atual proposta de revoga\u00e7\u00e3o, da lei de 2008 , foi feita pelo vereador Dr. Thiago Duarte, e assinada ainda por Reginaldo Pujol, Mauro Pinheiro, Valter Nagelstein, Felipe Camozzato e Idenir Cecchim. \u201cQueremos destravar o bairro, o poder p\u00fablico n\u00e3o pode intervir no direito privado\u201d, argumenta o vereador Thiago Duarte.<\/p>\n<p class=\"western\"><span class=\"intertit\">Paim perguntou a Amai: \u201cO que voc\u00eas querem\u00a0 para acabar com o problema?\u201d<\/span><\/p>\n<p class=\"western\">Em agosto, numa reuni\u00e3o na C\u00e2mara de Vereadores, a arquiteta Ronice Borges, diretora da Epahc, anunciou a cria\u00e7\u00e3o de uma comiss\u00e3o entre tr\u00eas secretarias (da Cultura, Desenvolvimento Econ\u00f4mico, Meio Ambiente e Sustentabilidade) e o gabinete do vice-prefeito para discutir o problema. \u00c9 a tentativa da atual gest\u00e3o para destravar a listagem.<\/p>\n<p class=\"western\">Mas, ap\u00f3s o an\u00fancio, pouco foi feito. Oficialmente, as secretarias est\u00e3o em processo de nomea\u00e7\u00e3o dos integrantes do GT que ir\u00e1 discutir as medidas a serem tomadas. Recentemente, Fernando Molinos e M\u00e1rcio Divino se encontraram com o vice-prefeito, Gustavo Paim, e o di\u00e1logo foi inusitado. Paim foi direto &#8211; \u201co que voc\u00eas da Amai querem fazer pra acabar com o problema?\u201d. Divino argumentou ao vice-prefeito que n\u00e3o caberia a Amai dizer o que fazer, mas sim, o Executivo. \u201cN\u00e3o podemos dizer isso, o Executivo tem que tomar essa posi\u00e7\u00e3o\u201d, falei. Paim ficou de analisar com cuidado, mas n\u00e3o apontou os rumos a serem tomados pela prefeitura.<\/p>\n<p class=\"western\">\u201cEstamos h\u00e1 quatro anos nessa luta, n\u00e3o queremos propor leis, quem somos n\u00f3s, apenas lutamos pelos nossos direitos. A prefeitura n\u00e3o toma posi\u00e7\u00e3o firme\u201d, analisa Divino.<\/p>\n<p class=\"western\">O contato com a gest\u00e3o Marchezan come\u00e7ou ainda com o secret\u00e1rio adjunto de Cultura Eduardo Wolf. \u201cEle nos garantiu que n\u00e3o aceita interven\u00e7\u00e3o p\u00fablica no privado\u201d, lembra Molinos. Mas Wolf saiu do cargo em julho, deixando uma dica a Amai. \u201cQuando conseguirem chegar ao Marchezan aproveitem, \u00e9 quase imposs\u00edvel ir at\u00e9 ele, at\u00e9 para quem trabalha na prefeitura &#8211; Ele nos falou isso\u201d, lembra Molinos.<\/p>\n<p class=\"western\"><span class=\"intertit\">Fortunati &#8211; \u201cn\u00e3o serei lembrado como o prefeito que liberou Petr\u00f3polis \u00e0 especula\u00e7\u00e3o imobili\u00e1ria&#8221;<\/span><\/p>\n<p class=\"western\">Os conflitos entre a Amai e a Epahc vem desde a primeira lista, ainda em 2014. Os moradores alegam que receberam notifica\u00e7\u00f5es no come\u00e7o de 2014, \u00e9poca de f\u00e9rias, e que muitos souberam que seus im\u00f3veis estavam listado quando o prazo de 30 dias para pedir impugna\u00e7\u00e3o j\u00e1 tinha vencido. \u201c\u00c9 sempre assim, as listas aparecem na \u00e9poca de f\u00e9rias\u201d, argumenta Molinos.<\/p>\n<p class=\"western\">Organizada, a Amai juntou abaixo-assinado com 1500 assinaturas e conseguiu apoio na C\u00e2mara, que prop\u00f4s as normas 743\/14 e 804\/16. Houve at\u00e9 visitas ao bairro de t\u00e9cnicos da prefeitura, vereadores e o ent\u00e3o vice-prefeito, Sebasti\u00e3o Melo, em 2015, o que acabou por revogar a primeira lista. Logo ap\u00f3s a visita, o prefeito Jos\u00e9 Fortunati declarou a membros da Amai &#8211; \u201cn\u00e3o serei lembrado como o prefeito que liberou Petr\u00f3polis \u00e0 especula\u00e7\u00e3o imobili\u00e1ria\u201d e colocou o bairro em estudo. As listas sucederam-se. Na quarta vers\u00e3o, h\u00e1 354 im\u00f3veis bloqueados.<\/p>\n<p class=\"western\">H\u00e1 casas que j\u00e1 entraram e sa\u00edram do invent\u00e1rio. Na esquina da Borges do Canto com a Prot\u00e1sio Alves havia uma, que saiu de uma das listas; o propriet\u00e1rio derrubou e hoje \u00e9 um estacionamento. Na \u00faltima lista a \u2018casa\u2019 voltou ao invent\u00e1rio. \u201cN\u00e3o h\u00e1 regra alguma\u201d, lamenta Molinos.<\/p>\n<p class=\"western\">\u201c\u00c9 preciso di\u00e1logo, a legisla\u00e7\u00e3o federal exige participa\u00e7\u00e3o da sociedade na defini\u00e7\u00e3o dessas pol\u00edticas. N\u00e3o \u00e9 o que ocorre, O Tombamento exige indeniza\u00e7\u00e3o, invent\u00e1rio n\u00e3o, jogam a preserva\u00e7\u00e3o para o colo dos moradores \u2013 \u00e9 c\u00f4modo para a prefeitura. N\u00e3o somos contra o patrim\u00f4nio cultural, mas quero que me mostrem 20 casas no Petr\u00f3polis de real interesse cultural. Desafio \u2013 e mais de 300 ent\u00e3o, um absurdo&#8221;, completa o professor aposentado.<\/p>\n<p class=\"western\">\u201cA revoga\u00e7\u00e3o da lei \u00e9 uma vit\u00f3ria dos moradores. Mas \u00e9 preciso peito de Marchezan. Ele chamou o legislativo de cag\u00e3o, mas n\u00e3o pode se esconder, depende de uma a\u00e7\u00e3o do Executivo\u201d, finaliza M\u00e1rcio Divino, 50 anos, nascido e criado no bairro.<\/p>\n<p class=\"western\">A favor do invent\u00e1rio, \u00c1lvaro J\u00f4ffre diz que n\u00e3o confia nos vereadores e que n\u00e3o v\u00ea necessidade do Executivo propor alguma nova lei. &#8220;Ao chegar na C\u00e2mara, nossos vereadores v\u00e3o novamente deturpa-la. \u00c9 preciso que o Executivo siga com o invent\u00e1rio. H\u00e1 legisla\u00e7\u00e3o estadual e federal suficiente. Basta &#8216;tocar o barco&#8217;.&#8221;,<\/p>\n<figure id=\"attachment_58158\" aria-describedby=\"caption-attachment-58158\" style=\"width: 607px\" class=\"wp-caption alignnone\"><img loading=\"lazy\" decoding=\"async\" class=\"wp-image-58158 size-full\" src=\"https:\/\/www.jornalja.com.br\/wp-content\/uploads\/2017\/12\/petropolis-santos-neto-1-1.jpg\" alt=\"\" width=\"607\" height=\"451\" \/><figcaption id=\"caption-attachment-58158\" class=\"wp-caption-text\">Em 2014, grupo organizou manifesto a favor do invent\u00e1rio \/ Arquivo J\u00c1<\/figcaption><\/figure>\n<p class=\"western\">O Invent\u00e1rio n\u00e3o retira o direito de propriedade de um bem; apenas impede que ele venha a ser destru\u00eddo ou descaracterizado. H\u00e1 dois tipos de im\u00f3veis que entram na lista, os considerados de estrutura\u00e7\u00e3o, que devem ser preservados, sem modifica\u00e7\u00e3o de fachada, e outros de compatibiliza\u00e7\u00e3o, que t\u00eam relev\u00e2ncia pela composi\u00e7\u00e3o do entorno, n\u00e3o podendo sofrer altera\u00e7\u00f5es que descaracterizem a ambi\u00eancia do bairro.<\/p>\n<p class=\"western\">Antes do invent\u00e1rio, agora parado, haviam somente 11 bens relacionados como de interesse cultural no Petr\u00f3polis:<\/p>\n<p class=\"western\">\u2013 Caixa D\u00e1gua da Pra\u00e7a Mafalda Ver\u00edssimo, tombada em 2008 a pedido dos moradores.<\/p>\n<p class=\"western\">\u2013 Oito casas na avenida Felipe de Oliveira, entre elas a casa do escritor \u00c9rico Ver\u00edssimo.<\/p>\n<p class=\"western\">\u2013 Restaurante Barranco, antiga sede de uma ch\u00e1cara.<\/p>\n<p class=\"western\">\u2013 Casa Estrela, na rua Camerino, 34.<\/p>\n<p class=\"western\">Abaixo mais exemplo de im\u00f3veis listadas para entrar no Invent\u00e1rio.<\/p>\n<figure id=\"attachment_58154\" aria-describedby=\"caption-attachment-58154\" style=\"width: 1150px\" class=\"wp-caption alignnone\"><img loading=\"lazy\" decoding=\"async\" class=\"wp-image-58154 size-large\" src=\"https:\/\/www.jornalja.com.br\/wp-content\/uploads\/2017\/12\/25271002_10209045105959594_1313124722_o-1150x742.jpg\" alt=\"\" width=\"1150\" height=\"742\" \/><figcaption id=\"caption-attachment-58154\" class=\"wp-caption-text\">Fotos Ricardo Stricher \/ J\u00c1<\/figcaption><\/figure>\n<p class=\"western\"><img loading=\"lazy\" decoding=\"async\" class=\"alignnone wp-image-58153 size-full\" src=\"https:\/\/www.jornalja.com.br\/wp-content\/uploads\/2017\/12\/25130179_10209045099479432_1778717548_o.jpg\" alt=\"\" width=\"1150\" height=\"764\" \/><\/p>\n<p class=\"western\"><img loading=\"lazy\" decoding=\"async\" class=\"alignnone wp-image-58152 size-large\" src=\"https:\/\/www.jornalja.com.br\/wp-content\/uploads\/2017\/12\/25130169_10209045104519558_1021610818_o-1150x757.jpg\" alt=\"\" width=\"1150\" height=\"757\" \/><\/p>\n","protected":false},"excerpt":{"rendered":"<p>Em 27 de novembro, a C\u00e2mara de Vereadores revogou, por 24 votos a 3, a lei que regrava o Invent\u00e1rio do Patrim\u00f4nio Cultural de Bens Im\u00f3veis do Munic\u00edpio. Mas engana-se quem pensa que o veto ir\u00e1 clarear o cen\u00e1rio do listamento de im\u00f3veis, principalmente no Bairro Petr\u00f3polis, onde o processo est\u00e1 travado desde o come\u00e7o [&hellip;]<\/p>\n","protected":false},"author":4,"featured_media":58150,"comment_status":"open","ping_status":"closed","sticky":false,"template":"","format":"standard","meta":{"_jetpack_newsletter_access":"","_jetpack_dont_email_post_to_subs":false,"_jetpack_newsletter_tier_id":0,"_jetpack_memberships_contains_paywalled_content":false,"_jetpack_feature_clip_id":0,"_jetpack_memberships_contains_paid_content":false,"footnotes":"","jetpack_post_was_ever_published":false},"categories":[26],"tags":[],"class_list":["post-58064","post","type-post","status-publish","format-standard","has-post-thumbnail","hentry","category-geral"],"aioseo_notices":[],"aioseo_head":"\n\t\t<!-- All in One SEO 5.0.1.1 - aioseo.com -->\n\t<meta name=\"robots\" content=\"max-image-preview:large\" \/>\n\t<meta name=\"author\" content=\"da Reda\u00e7\u00e3o\"\/>\n\t<link rel=\"canonical\" href=\"https:\/\/www.jornalja.com.br\/arquivo\/revogacao-de-lei-nao-desbloqueia-imoveis-no-petropolis\/\" \/>\n\t<meta name=\"generator\" content=\"All in One SEO (AIOSEO) 5.0.1.1\" \/>\n\t\t<meta property=\"og:locale\" content=\"pt_BR\" \/>\n\t\t<meta property=\"og:site_name\" content=\"Arquivo | Jornal J\u00c1 | Porto Alegre\" \/>\n\t\t<meta property=\"og:type\" content=\"article\" \/>\n\t\t<meta property=\"og:title\" content=\"Revoga\u00e7\u00e3o de lei n\u00e3o \u2018desbloqueia\u2019 im\u00f3veis no Petr\u00f3polis | Arquivo\" \/>\n\t\t<meta property=\"og:url\" content=\"https:\/\/www.jornalja.com.br\/arquivo\/revogacao-de-lei-nao-desbloqueia-imoveis-no-petropolis\/\" \/>\n\t\t<meta property=\"og:image\" content=\"https:\/\/www.jornalja.com.br\/wp-content\/uploads\/2017\/12\/oi-pettropolis.jpg\" \/>\n\t\t<meta property=\"og:image:secure_url\" content=\"https:\/\/www.jornalja.com.br\/wp-content\/uploads\/2017\/12\/oi-pettropolis.jpg\" \/>\n\t\t<meta property=\"article:published_time\" content=\"2017-12-11T21:16:49+00:00\" \/>\n\t\t<meta property=\"article:modified_time\" content=\"2017-12-11T21:16:49+00:00\" \/>\n\t\t<meta name=\"twitter:card\" content=\"summary\" \/>\n\t\t<meta name=\"twitter:title\" content=\"Revoga\u00e7\u00e3o de lei n\u00e3o \u2018desbloqueia\u2019 im\u00f3veis no Petr\u00f3polis | Arquivo\" \/>\n\t\t<meta name=\"twitter:image\" content=\"https:\/\/www.jornalja.com.br\/economics\/wp-content\/uploads\/sites\/11\/2026\/08\/ja-folhaderosto-facebook.jpg\" \/>\n\t\t<script type=\"application\/ld+json\" class=\"aioseo-schema\">\n\t\t\t{\"@context\":\"https:\\\/\\\/schema.org\",\"@graph\":[{\"@type\":\"BlogPosting\",\"@id\":\"https:\\\/\\\/www.jornalja.com.br\\\/arquivo\\\/revogacao-de-lei-nao-desbloqueia-imoveis-no-petropolis\\\/#blogposting\",\"name\":\"Revoga\\u00e7\\u00e3o de lei n\\u00e3o \\u2018desbloqueia\\u2019 im\\u00f3veis no Petr\\u00f3polis | Arquivo\",\"headline\":\"Revoga\\u00e7\\u00e3o de lei n\\u00e3o \\u2018desbloqueia\\u2019 im\\u00f3veis no Petr\\u00f3polis\",\"author\":{\"@id\":\"https:\\\/\\\/www.jornalja.com.br\\\/arquivo\\\/author\\\/daredacao\\\/#author\"},\"publisher\":{\"@id\":\"https:\\\/\\\/www.jornalja.com.br\\\/arquivo\\\/#organization\"},\"image\":{\"@type\":\"ImageObject\",\"url\":58150},\"datePublished\":\"2017-12-11T19:16:49-02:00\",\"dateModified\":\"2017-12-11T19:16:49-02:00\",\"inLanguage\":\"pt-BR\",\"mainEntityOfPage\":{\"@id\":\"https:\\\/\\\/www.jornalja.com.br\\\/arquivo\\\/revogacao-de-lei-nao-desbloqueia-imoveis-no-petropolis\\\/#webpage\"},\"isPartOf\":{\"@id\":\"https:\\\/\\\/www.jornalja.com.br\\\/arquivo\\\/revogacao-de-lei-nao-desbloqueia-imoveis-no-petropolis\\\/#webpage\"},\"articleSection\":\"Geral\"},{\"@type\":\"BreadcrumbList\",\"@id\":\"https:\\\/\\\/www.jornalja.com.br\\\/arquivo\\\/revogacao-de-lei-nao-desbloqueia-imoveis-no-petropolis\\\/#breadcrumblist\",\"itemListElement\":[{\"@type\":\"ListItem\",\"@id\":\"https:\\\/\\\/www.jornalja.com.br\\\/arquivo#listItem\",\"position\":1,\"name\":\"Home\",\"item\":\"https:\\\/\\\/www.jornalja.com.br\\\/arquivo\",\"nextItem\":{\"@type\":\"ListItem\",\"@id\":\"https:\\\/\\\/www.jornalja.com.br\\\/arquivo\\\/category\\\/geral\\\/#listItem\",\"name\":\"Geral\"}},{\"@type\":\"ListItem\",\"@id\":\"https:\\\/\\\/www.jornalja.com.br\\\/arquivo\\\/category\\\/geral\\\/#listItem\",\"position\":2,\"name\":\"Geral\",\"item\":\"https:\\\/\\\/www.jornalja.com.br\\\/arquivo\\\/category\\\/geral\\\/\",\"nextItem\":{\"@type\":\"ListItem\",\"@id\":\"https:\\\/\\\/www.jornalja.com.br\\\/arquivo\\\/revogacao-de-lei-nao-desbloqueia-imoveis-no-petropolis\\\/#listItem\",\"name\":\"Revoga\\u00e7\\u00e3o de lei n\\u00e3o \\u2018desbloqueia\\u2019 im\\u00f3veis no Petr\\u00f3polis\"},\"previousItem\":{\"@type\":\"ListItem\",\"@id\":\"https:\\\/\\\/www.jornalja.com.br\\\/arquivo#listItem\",\"name\":\"Home\"}},{\"@type\":\"ListItem\",\"@id\":\"https:\\\/\\\/www.jornalja.com.br\\\/arquivo\\\/revogacao-de-lei-nao-desbloqueia-imoveis-no-petropolis\\\/#listItem\",\"position\":3,\"name\":\"Revoga\\u00e7\\u00e3o de lei n\\u00e3o \\u2018desbloqueia\\u2019 im\\u00f3veis no Petr\\u00f3polis\",\"previousItem\":{\"@type\":\"ListItem\",\"@id\":\"https:\\\/\\\/www.jornalja.com.br\\\/arquivo\\\/category\\\/geral\\\/#listItem\",\"name\":\"Geral\"}}]},{\"@type\":\"Organization\",\"@id\":\"https:\\\/\\\/www.jornalja.com.br\\\/arquivo\\\/#organization\",\"name\":\"Jornal J\\u00c1\",\"description\":\"Jornal J\\u00c1 | Porto Alegre\",\"url\":\"https:\\\/\\\/www.jornalja.com.br\\\/arquivo\\\/\",\"telephone\":\"+555133307272\",\"logo\":{\"@type\":\"ImageObject\",\"url\":\"https:\\\/\\\/www.jornalja.com.br\\\/wp-content\\\/uploads\\\/cards\\\/JAslogan.png\",\"@id\":\"https:\\\/\\\/www.jornalja.com.br\\\/arquivo\\\/revogacao-de-lei-nao-desbloqueia-imoveis-no-petropolis\\\/#organizationLogo\"},\"image\":{\"@id\":\"https:\\\/\\\/www.jornalja.com.br\\\/arquivo\\\/revogacao-de-lei-nao-desbloqueia-imoveis-no-petropolis\\\/#organizationLogo\"}},{\"@type\":\"Person\",\"@id\":\"https:\\\/\\\/www.jornalja.com.br\\\/arquivo\\\/author\\\/daredacao\\\/#author\",\"url\":\"https:\\\/\\\/www.jornalja.com.br\\\/arquivo\\\/author\\\/daredacao\\\/\",\"name\":\"da Reda\\u00e7\\u00e3o\",\"image\":{\"@type\":\"ImageObject\",\"@id\":\"https:\\\/\\\/www.jornalja.com.br\\\/arquivo\\\/revogacao-de-lei-nao-desbloqueia-imoveis-no-petropolis\\\/#authorImage\",\"url\":\"https:\\\/\\\/secure.gravatar.com\\\/avatar\\\/469fd857d6605ad19919d27ed29d35a968a25f6e8fd9318356bbb7f57aae9c65?s=96&d=mm&r=g\",\"width\":96,\"height\":96,\"caption\":\"da Reda\\u00e7\\u00e3o\"}},{\"@type\":\"WebPage\",\"@id\":\"https:\\\/\\\/www.jornalja.com.br\\\/arquivo\\\/revogacao-de-lei-nao-desbloqueia-imoveis-no-petropolis\\\/#webpage\",\"url\":\"https:\\\/\\\/www.jornalja.com.br\\\/arquivo\\\/revogacao-de-lei-nao-desbloqueia-imoveis-no-petropolis\\\/\",\"name\":\"Revoga\\u00e7\\u00e3o de lei n\\u00e3o \\u2018desbloqueia\\u2019 im\\u00f3veis no Petr\\u00f3polis | Arquivo\",\"inLanguage\":\"pt-BR\",\"isPartOf\":{\"@id\":\"https:\\\/\\\/www.jornalja.com.br\\\/arquivo\\\/#website\"},\"breadcrumb\":{\"@id\":\"https:\\\/\\\/www.jornalja.com.br\\\/arquivo\\\/revogacao-de-lei-nao-desbloqueia-imoveis-no-petropolis\\\/#breadcrumblist\"},\"author\":{\"@id\":\"https:\\\/\\\/www.jornalja.com.br\\\/arquivo\\\/author\\\/daredacao\\\/#author\"},\"creator\":{\"@id\":\"https:\\\/\\\/www.jornalja.com.br\\\/arquivo\\\/author\\\/daredacao\\\/#author\"},\"image\":{\"@type\":\"ImageObject\",\"url\":58150,\"@id\":\"https:\\\/\\\/www.jornalja.com.br\\\/arquivo\\\/revogacao-de-lei-nao-desbloqueia-imoveis-no-petropolis\\\/#mainImage\"},\"primaryImageOfPage\":{\"@id\":\"https:\\\/\\\/www.jornalja.com.br\\\/arquivo\\\/revogacao-de-lei-nao-desbloqueia-imoveis-no-petropolis\\\/#mainImage\"},\"datePublished\":\"2017-12-11T19:16:49-02:00\",\"dateModified\":\"2017-12-11T19:16:49-02:00\"},{\"@type\":\"WebSite\",\"@id\":\"https:\\\/\\\/www.jornalja.com.br\\\/arquivo\\\/#website\",\"url\":\"https:\\\/\\\/www.jornalja.com.br\\\/arquivo\\\/\",\"name\":\"Arquivo\",\"description\":\"Jornal J\\u00c1 | Porto Alegre\",\"inLanguage\":\"pt-BR\",\"publisher\":{\"@id\":\"https:\\\/\\\/www.jornalja.com.br\\\/arquivo\\\/#organization\"}}]}\n\t\t<\/script>\n\t\t<!-- All in One SEO -->\n\n","aioseo_head_json":{"title":"Revoga\u00e7\u00e3o de lei n\u00e3o \u2018desbloqueia\u2019 im\u00f3veis no Petr\u00f3polis | Arquivo","description":"","canonical_url":"https:\/\/www.jornalja.com.br\/arquivo\/revogacao-de-lei-nao-desbloqueia-imoveis-no-petropolis\/","robots":"max-image-preview:large","keywords":"","webmasterTools":{"miscellaneous":""},"schema":{"@context":"https:\/\/schema.org","@graph":[{"@type":"BlogPosting","@id":"https:\/\/www.jornalja.com.br\/arquivo\/revogacao-de-lei-nao-desbloqueia-imoveis-no-petropolis\/#blogposting","name":"Revoga\u00e7\u00e3o de lei n\u00e3o \u2018desbloqueia\u2019 im\u00f3veis no Petr\u00f3polis | Arquivo","headline":"Revoga\u00e7\u00e3o de lei n\u00e3o \u2018desbloqueia\u2019 im\u00f3veis no Petr\u00f3polis","author":{"@id":"https:\/\/www.jornalja.com.br\/arquivo\/author\/daredacao\/#author"},"publisher":{"@id":"https:\/\/www.jornalja.com.br\/arquivo\/#organization"},"image":{"@type":"ImageObject","url":58150},"datePublished":"2017-12-11T19:16:49-02:00","dateModified":"2017-12-11T19:16:49-02:00","inLanguage":"pt-BR","mainEntityOfPage":{"@id":"https:\/\/www.jornalja.com.br\/arquivo\/revogacao-de-lei-nao-desbloqueia-imoveis-no-petropolis\/#webpage"},"isPartOf":{"@id":"https:\/\/www.jornalja.com.br\/arquivo\/revogacao-de-lei-nao-desbloqueia-imoveis-no-petropolis\/#webpage"},"articleSection":"Geral"},{"@type":"BreadcrumbList","@id":"https:\/\/www.jornalja.com.br\/arquivo\/revogacao-de-lei-nao-desbloqueia-imoveis-no-petropolis\/#breadcrumblist","itemListElement":[{"@type":"ListItem","@id":"https:\/\/www.jornalja.com.br\/arquivo#listItem","position":1,"name":"Home","item":"https:\/\/www.jornalja.com.br\/arquivo","nextItem":{"@type":"ListItem","@id":"https:\/\/www.jornalja.com.br\/arquivo\/category\/geral\/#listItem","name":"Geral"}},{"@type":"ListItem","@id":"https:\/\/www.jornalja.com.br\/arquivo\/category\/geral\/#listItem","position":2,"name":"Geral","item":"https:\/\/www.jornalja.com.br\/arquivo\/category\/geral\/","nextItem":{"@type":"ListItem","@id":"https:\/\/www.jornalja.com.br\/arquivo\/revogacao-de-lei-nao-desbloqueia-imoveis-no-petropolis\/#listItem","name":"Revoga\u00e7\u00e3o de lei n\u00e3o \u2018desbloqueia\u2019 im\u00f3veis no Petr\u00f3polis"},"previousItem":{"@type":"ListItem","@id":"https:\/\/www.jornalja.com.br\/arquivo#listItem","name":"Home"}},{"@type":"ListItem","@id":"https:\/\/www.jornalja.com.br\/arquivo\/revogacao-de-lei-nao-desbloqueia-imoveis-no-petropolis\/#listItem","position":3,"name":"Revoga\u00e7\u00e3o de lei n\u00e3o \u2018desbloqueia\u2019 im\u00f3veis no Petr\u00f3polis","previousItem":{"@type":"ListItem","@id":"https:\/\/www.jornalja.com.br\/arquivo\/category\/geral\/#listItem","name":"Geral"}}]},{"@type":"Organization","@id":"https:\/\/www.jornalja.com.br\/arquivo\/#organization","name":"Jornal J\u00c1","description":"Jornal J\u00c1 | Porto Alegre","url":"https:\/\/www.jornalja.com.br\/arquivo\/","telephone":"+555133307272","logo":{"@type":"ImageObject","url":"https:\/\/www.jornalja.com.br\/wp-content\/uploads\/cards\/JAslogan.png","@id":"https:\/\/www.jornalja.com.br\/arquivo\/revogacao-de-lei-nao-desbloqueia-imoveis-no-petropolis\/#organizationLogo"},"image":{"@id":"https:\/\/www.jornalja.com.br\/arquivo\/revogacao-de-lei-nao-desbloqueia-imoveis-no-petropolis\/#organizationLogo"}},{"@type":"Person","@id":"https:\/\/www.jornalja.com.br\/arquivo\/author\/daredacao\/#author","url":"https:\/\/www.jornalja.com.br\/arquivo\/author\/daredacao\/","name":"da Reda\u00e7\u00e3o","image":{"@type":"ImageObject","@id":"https:\/\/www.jornalja.com.br\/arquivo\/revogacao-de-lei-nao-desbloqueia-imoveis-no-petropolis\/#authorImage","url":"https:\/\/secure.gravatar.com\/avatar\/469fd857d6605ad19919d27ed29d35a968a25f6e8fd9318356bbb7f57aae9c65?s=96&d=mm&r=g","width":96,"height":96,"caption":"da Reda\u00e7\u00e3o"}},{"@type":"WebPage","@id":"https:\/\/www.jornalja.com.br\/arquivo\/revogacao-de-lei-nao-desbloqueia-imoveis-no-petropolis\/#webpage","url":"https:\/\/www.jornalja.com.br\/arquivo\/revogacao-de-lei-nao-desbloqueia-imoveis-no-petropolis\/","name":"Revoga\u00e7\u00e3o de lei n\u00e3o \u2018desbloqueia\u2019 im\u00f3veis no Petr\u00f3polis | Arquivo","inLanguage":"pt-BR","isPartOf":{"@id":"https:\/\/www.jornalja.com.br\/arquivo\/#website"},"breadcrumb":{"@id":"https:\/\/www.jornalja.com.br\/arquivo\/revogacao-de-lei-nao-desbloqueia-imoveis-no-petropolis\/#breadcrumblist"},"author":{"@id":"https:\/\/www.jornalja.com.br\/arquivo\/author\/daredacao\/#author"},"creator":{"@id":"https:\/\/www.jornalja.com.br\/arquivo\/author\/daredacao\/#author"},"image":{"@type":"ImageObject","url":58150,"@id":"https:\/\/www.jornalja.com.br\/arquivo\/revogacao-de-lei-nao-desbloqueia-imoveis-no-petropolis\/#mainImage"},"primaryImageOfPage":{"@id":"https:\/\/www.jornalja.com.br\/arquivo\/revogacao-de-lei-nao-desbloqueia-imoveis-no-petropolis\/#mainImage"},"datePublished":"2017-12-11T19:16:49-02:00","dateModified":"2017-12-11T19:16:49-02:00"},{"@type":"WebSite","@id":"https:\/\/www.jornalja.com.br\/arquivo\/#website","url":"https:\/\/www.jornalja.com.br\/arquivo\/","name":"Arquivo","description":"Jornal J\u00c1 | Porto Alegre","inLanguage":"pt-BR","publisher":{"@id":"https:\/\/www.jornalja.com.br\/arquivo\/#organization"}}]},"og:locale":"pt_BR","og:site_name":"Arquivo | Jornal J\u00c1 | Porto Alegre","og:type":"article","og:title":"Revoga\u00e7\u00e3o de lei n\u00e3o \u2018desbloqueia\u2019 im\u00f3veis no Petr\u00f3polis | Arquivo","og:url":"https:\/\/www.jornalja.com.br\/arquivo\/revogacao-de-lei-nao-desbloqueia-imoveis-no-petropolis\/","og:image":"https:\/\/www.jornalja.com.br\/wp-content\/uploads\/2017\/12\/oi-pettropolis.jpg","og:image:secure_url":"https:\/\/www.jornalja.com.br\/wp-content\/uploads\/2017\/12\/oi-pettropolis.jpg","article:published_time":"2017-12-11T21:16:49+00:00","article:modified_time":"2017-12-11T21:16:49+00:00","twitter:card":"summary","twitter:title":"Revoga\u00e7\u00e3o de lei n\u00e3o \u2018desbloqueia\u2019 im\u00f3veis no Petr\u00f3polis | Arquivo","twitter:image":"https:\/\/www.jornalja.com.br\/economics\/wp-content\/uploads\/sites\/11\/2026\/08\/ja-folhaderosto-facebook.jpg"},"aioseo_meta_data":{"post_id":"58064","title":null,"description":null,"keywords":null,"keyphrases":null,"primary_term":null,"canonical_url":null,"og_title":null,"og_description":null,"og_object_type":"default","og_image_type":"default","og_image_url":null,"og_image_width":null,"og_image_height":null,"og_image_custom_url":null,"og_image_custom_fields":null,"og_video":null,"og_custom_url":null,"og_article_section":null,"og_article_tags":null,"twitter_use_og":false,"twitter_card":"default","twitter_image_type":"default","twitter_image_url":null,"twitter_image_custom_url":null,"twitter_image_custom_fields":null,"twitter_title":null,"twitter_description":null,"schema":{"blockGraphs":[],"customGraphs":[],"default":{"data":{"Article":[],"Course":[],"Dataset":[],"FAQPage":[],"Movie":[],"Person":[],"Product":[],"ProductReview":[],"Car":[],"Recipe":[],"Service":[],"SoftwareApplication":[],"WebPage":[]},"graphName":"","isEnabled":true},"graphs":[],"defaultGraph":"","defaultPostTypeGraph":""},"schema_type":null,"schema_type_options":null,"pillar_content":false,"robots_default":true,"robots_noindex":false,"robots_noarchive":false,"robots_nosnippet":false,"robots_nofollow":false,"robots_noimageindex":false,"robots_noodp":false,"robots_notranslate":false,"robots_max_snippet":null,"robots_max_videopreview":null,"robots_max_imagepreview":"large","priority":null,"frequency":null,"location":null,"local_seo":null,"breadcrumb_settings":null,"limit_modified_date":false,"ai":null,"created":"2020-12-20 20:20:44","updated":"2025-07-20 02:50:46","seo_analyzer_scan_date":null,"focus_keyword":null,"additional_keywords":null,"truseo_locale":null},"jetpack_sharing_enabled":true,"jetpack-related-posts":[{"id":13239,"url":"https:\/\/www.jornalja.com.br\/arquivo\/conselho-desdenha-do-plano-diretor\/","url_meta":{"origin":58064,"position":0},"title":"Porto Alegre: Conselho detona Plano Diretor","author":"Patr\u00edcia Marini","date":"25 de maio de 2014","format":false,"excerpt":"Den\u00fancia do arquiteto e \u00a0urbanista Ibir\u00e1 Santos Lucas. Ele diz que os conselheiros est\u00e3o votando com \"enorme irresponsabilidade\". \"Mudam regime com a maior naturalidade,,,regularizam absurdos de constru\u00e7\u00f5es irregulares... \"O CMDUA est\u00e1 flexibilizando a lei do plano diretor, de uma forma impactante na vida da cidade. Mudam regime com a maior\u2026","rel":"","context":"Em &quot;Geral&quot;","block_context":{"text":"Geral","link":"https:\/\/www.jornalja.com.br\/arquivo\/category\/geral\/"},"img":{"alt_text":"","src":"","width":0,"height":0},"classes":[]},{"id":13240,"url":"https:\/\/www.jornalja.com.br\/arquivo\/plano-diretor-estamos-construindo-o-caos\/","url_meta":{"origin":58064,"position":1},"title":"Plano diretor: &quot;Estamos construindo o caos&quot;","author":"Patr\u00edcia Marini","date":"26 de maio de 2014","format":false,"excerpt":"Desabafo que arquiteta Eliana Castilhos, delegada da Regi\u00e3o de Planejamento 1, postou nas redes sociais \u00e9 um testemunho do ambiente que se criou no Conselho do Plano Diretor de Porto Alegre, onde a aprova\u00e7\u00e3o de grandes empreendimentos \u00e9 empurrada guela abaixo dos conselheiros. Ao CMDUA Como delegada da Regi\u00e3o de\u2026","rel":"","context":"Em &quot;Geral&quot;","block_context":{"text":"Geral","link":"https:\/\/www.jornalja.com.br\/arquivo\/category\/geral\/"},"img":{"alt_text":"","src":"","width":0,"height":0},"classes":[]},{"id":14241,"url":"https:\/\/www.jornalja.com.br\/arquivo\/o-guaiba-nas-imagens-poeticas-de-achutti\/","url_meta":{"origin":58064,"position":2},"title":"O Gua\u00edba nas imagens po\u00e9ticas de Achutti","author":"da Reda\u00e7\u00e3o","date":"18 de junho de 2014","format":false,"excerpt":"Em \u201cO Gua\u00edba por Achutti\u201d \u2013 obra financiada via Minist\u00e9rio da Cultura, produ\u00e7\u00e3o executiva de Pedro Longhi, e Fl\u00e1vio Wild como designer \u2013, o fot\u00f3grafo revela a beleza e as mazelas de um espa\u00e7o aqu\u00e1tico de \u00e1guas sempre renovadas, cheio de hist\u00f3rias e lendas como as das cidades que foram\u2026","rel":"","context":"Em &quot;Cultura-Geral&quot;","block_context":{"text":"Cultura-Geral","link":"https:\/\/www.jornalja.com.br\/arquivo\/category\/materiasecundaria\/"},"img":{"alt_text":"","src":"","width":0,"height":0},"classes":[]},{"id":5440,"url":"https:\/\/www.jornalja.com.br\/arquivo\/casarao-da-venancio-destino-permanece-incerto\/","url_meta":{"origin":58064,"position":3},"title":"Estado ainda n\u00e3o sabe o que fazer com casar\u00e3o abandonado h\u00e1 20 anos","author":"Elmar Bones","date":"6 de julho de 2009","format":false,"excerpt":"O casar\u00e3o amarelo, numa esquina nobre de Porto Alegre (Ven\u00e2ncio Aires com Jo\u00e3o Pessoa), j\u00e1 abrigou uma escola. H\u00e1 duas d\u00e9cadas, pelo menos, est\u00e1 abandonado, porque seu propriet\u00e1rio, o governo do Estado do Rio Grande do Sul, n\u00e3o consegue achar um destino para ele. Planos n\u00e3o faltaram. O governador Ol\u00edvio\u2026","rel":"","context":"Em &quot;X.Categorias velhas&quot;","block_context":{"text":"X.Categorias velhas","link":"https:\/\/www.jornalja.com.br\/arquivo\/category\/x-categorias-velhas\/"},"img":{"alt_text":"geraldo1","src":"https:\/\/i0.wp.com\/www.jornalja.com.br\/wp-content\/uploads\/2009\/07\/geraldo1.jpg?resize=350%2C200&ssl=1","width":350,"height":200},"classes":[]},{"id":13124,"url":"https:\/\/www.jornalja.com.br\/arquivo\/sangue-latino-no-iecine\/","url_meta":{"origin":58064,"position":4},"title":"Sangue latino no IECINE","author":"da Reda\u00e7\u00e3o","date":"18 de maio de 2014","format":false,"excerpt":"Francisco Ribeiro O Instituto Estadual de Cinema (IECINE) tem a frente, desde abril \u00faltimo, um novo diretor, o cineasta colombiano Juan Zapata, 36, que substitui Luiz Alberto Cassol. Radicado h\u00e1 dez anos em Porto Alegre, Zapata tem diante de si o desafio de conduzir at\u00e9 o final do ano um\u2026","rel":"","context":"Em &quot;Cultura-Geral&quot;","block_context":{"text":"Cultura-Geral","link":"https:\/\/www.jornalja.com.br\/arquivo\/category\/materiasecundaria\/"},"img":{"alt_text":"","src":"","width":0,"height":0},"classes":[]},{"id":13128,"url":"https:\/\/www.jornalja.com.br\/arquivo\/maconha-terra-diz-que-uso-medicinal-e-desculpa\/","url_meta":{"origin":58064,"position":5},"title":"Maconha: Terra diz que uso medicinal \u00e9 desculpa","author":"Patr\u00edcia Marini","date":"4 de junho de 2014","format":false,"excerpt":"A condi\u00e7\u00e3o de pol\u00edtico, em \u00e9poca de campanha de campanha eleitoral, tira for\u00e7a do discurso do m\u00e9dico Osmar Terra contra a legaliza\u00e7\u00e3o da maconha. A tese dele de que a libera\u00e7\u00e3o vai ampliar exponencialmente o consumo \u00e9 discutivel, o consumo \u00e9 corrente. Mas seus alertas quanto aos riscos tem que\u2026","rel":"","context":"Em &quot;X.Categorias velhas&quot;","block_context":{"text":"X.Categorias velhas","link":"https:\/\/www.jornalja.com.br\/arquivo\/category\/x-categorias-velhas\/"},"img":{"alt_text":"","src":"","width":0,"height":0},"classes":[]}],"jetpack_shortlink":"https:\/\/wp.me\/pbQjBd-f6w","jetpack_featured_media_url":"","_links":{"self":[{"href":"https:\/\/www.jornalja.com.br\/arquivo\/wp-json\/wp\/v2\/posts\/58064","targetHints":{"allow":["GET"]}}],"collection":[{"href":"https:\/\/www.jornalja.com.br\/arquivo\/wp-json\/wp\/v2\/posts"}],"about":[{"href":"https:\/\/www.jornalja.com.br\/arquivo\/wp-json\/wp\/v2\/types\/post"}],"author":[{"embeddable":true,"href":"https:\/\/www.jornalja.com.br\/arquivo\/wp-json\/wp\/v2\/users\/4"}],"replies":[{"embeddable":true,"href":"https:\/\/www.jornalja.com.br\/arquivo\/wp-json\/wp\/v2\/comments?post=58064"}],"version-history":[{"count":0,"href":"https:\/\/www.jornalja.com.br\/arquivo\/wp-json\/wp\/v2\/posts\/58064\/revisions"}],"wp:attachment":[{"href":"https:\/\/www.jornalja.com.br\/arquivo\/wp-json\/wp\/v2\/media?parent=58064"}],"wp:term":[{"taxonomy":"category","embeddable":true,"href":"https:\/\/www.jornalja.com.br\/arquivo\/wp-json\/wp\/v2\/categories?post=58064"},{"taxonomy":"post_tag","embeddable":true,"href":"https:\/\/www.jornalja.com.br\/arquivo\/wp-json\/wp\/v2\/tags?post=58064"}],"curies":[{"name":"wp","href":"https:\/\/api.w.org\/{rel}","templated":true}]}}