{"id":58092,"date":"2017-12-08T19:21:45","date_gmt":"2017-12-08T21:21:45","guid":{"rendered":"https:\/\/www.jornalja.com.br\/?p=58092"},"modified":"2017-12-08T19:21:45","modified_gmt":"2017-12-08T21:21:45","slug":"vereadores-lancam-frente-a-favor-de-privatizacoes-e-ppps","status":"publish","type":"post","link":"https:\/\/www.jornalja.com.br\/arquivo\/vereadores-lancam-frente-a-favor-de-privatizacoes-e-ppps\/","title":{"rendered":"Vereadores lan\u00e7am frente a favor de privatiza\u00e7\u00f5es e PPPs"},"content":{"rendered":"<p>Foi lan\u00e7ada na tarde desta sexta-feira na C\u00e2mara de Vereadores de Porto Alegre a Frente Parlamentar\u00a0da Desestatiza\u00e7\u00e3o. Encabe\u00e7ada pelo vereador Ricardo Gomes (PP), e composta por nove vereadores, a Frente quer refor\u00e7ar no legislativo sobre privatiza\u00e7\u00f5es, concess\u00f5es p\u00fablicas e ppp&#8217;s (parcerias p\u00fablico privadas).<br \/>\nDmae, Carris, pra\u00e7as, parques, mercado p\u00fablico, equipamentos culturais, sa\u00fade e educa\u00e7\u00e3o est\u00e3o entre os temas que entraram nos debates.<br \/>\nPara o vereador Felipe Camozzato (NOVO) a Frente \u00e9 uma boa iniciativa e que pretende discutir servi\u00e7os que o poder privado pode fazer no lugar do poder p\u00fablico. &#8220;Nem tudo \u00e9 privatiza\u00e7\u00e3o, isso tem que ficar claro. Geralmente o servi\u00e7o p\u00fablico faz muito pouco e faz mal&#8221;, comentou o parlamentar.<br \/>\nJ\u00e1 est\u00e3o marcada seis audi\u00eancias p\u00fablicas para o ano de 2018. Cada uma ir\u00e1 discutir um tema diferente.<br \/>\n<span class=\"intertit\">Secret\u00e1rio diz que &#8220;Porto Alegre \u00e9 uma vanguarda do atraso&#8221;<\/span><br \/>\nUm servi\u00e7o para o p\u00fablico n\u00e3o precisa, necessariamente, ser executado pelo servi\u00e7o p\u00fablico &#8211; \u00e9 a opini\u00e3o do secret\u00e1rio\u00a0municipal de Parcerias Estrat\u00e9gicas, Bruno Vanuzzi, que apoia a iniciativa da C\u00e2mara.<br \/>\nPara Vanuzzi, Porto Alegre\u00a0\u201c\u00e9 uma vanguarda do atraso.\u00a0Precisamos que o setor p\u00fablico capture a efici\u00eancia do privado\u201d, afirmou. Sobre o que chamou de desestatiza\u00e7\u00e3o, elencou tr\u00eas eixos de trabalho, a transfer\u00eancia de servi\u00e7os p\u00fablicos de infer\u00eancia social, a mobiliza\u00e7\u00e3o dos ativos imobilizados e a diminui\u00e7\u00e3o da interven\u00e7\u00e3o p\u00fablica na esfera econ\u00f4mica. \u201cPrecisamos de institui\u00e7\u00f5es s\u00f3lidas, estabilidade pol\u00edtica, estudo com viabilidade econ\u00f4mica e servi\u00e7o de qualidade\u201d, concluiu.<br \/>\n<figure id=\"attachment_58100\" aria-describedby=\"caption-attachment-58100\" style=\"width: 1150px\" class=\"wp-caption alignleft\"><img loading=\"lazy\" decoding=\"async\" class=\"size-full wp-image-58100\" src=\"https:\/\/www.jornalja.com.br\/wp-content\/uploads\/2017\/12\/AND6718.jpg\" alt=\"\" width=\"1150\" height=\"765\" \/><figcaption id=\"caption-attachment-58100\" class=\"wp-caption-text\">Vanuzzi: \u201cPrecisamos que o setor p\u00fablico capture a efici\u00eancia do privado&#8221;.<\/figcaption><\/figure><br \/>\n\u201cA Frente abre uma luz sobre Porto Alegre para que possamos passar essa energia para o Brasil\u201d, afirmou o secret\u00e1rio municipal de Desenvolvimento Econ\u00f4mico, Leandro de Lemos. Para ele, a quest\u00e3o da privatiza\u00e7\u00e3o deve ser tratada com mais radicalismo, visto a situa\u00e7\u00e3o econ\u00f4mica atual do pa\u00eds.<br \/>\nParticipam da Frente de Desestatiza\u00e7\u00e3o tamb\u00e9m os seguintes vereadores:<br \/>\nJo\u00e3o Carlos Nedel (PP), Mendes Ribeiro (PMDB), Valter Nagelstein (PMDB), Professor Wambert (PROS), M\u00f4nica Leal (PP), Comandante N\u00e1dia (PMDB) e Idenir Cecchim (PMDB).<\/p>\n","protected":false},"excerpt":{"rendered":"<p>Foi lan\u00e7ada na tarde desta sexta-feira na C\u00e2mara de Vereadores de Porto Alegre a Frente Parlamentar\u00a0da Desestatiza\u00e7\u00e3o. Encabe\u00e7ada pelo vereador Ricardo Gomes (PP), e composta por nove vereadores, a Frente quer refor\u00e7ar no legislativo sobre privatiza\u00e7\u00f5es, concess\u00f5es p\u00fablicas e ppp&#8217;s (parcerias p\u00fablico privadas). Dmae, Carris, pra\u00e7as, parques, mercado p\u00fablico, equipamentos culturais, sa\u00fade e educa\u00e7\u00e3o est\u00e3o [&hellip;]<\/p>\n","protected":false},"author":4,"featured_media":58099,"comment_status":"open","ping_status":"closed","sticky":false,"template":"","format":"standard","meta":{"_jetpack_newsletter_access":"","_jetpack_dont_email_post_to_subs":false,"_jetpack_newsletter_tier_id":0,"_jetpack_memberships_contains_paywalled_content":false,"_jetpack_feature_clip_id":0,"_jetpack_memberships_contains_paid_content":false,"footnotes":"","jetpack_post_was_ever_published":false},"categories":[26],"tags":[],"class_list":["post-58092","post","type-post","status-publish","format-standard","has-post-thumbnail","hentry","category-geral"],"aioseo_notices":[],"aioseo_head":"\n\t\t<!-- All in One SEO 5.0.1.1 - aioseo.com -->\n\t<meta name=\"robots\" content=\"max-image-preview:large\" \/>\n\t<meta name=\"author\" content=\"da Reda\u00e7\u00e3o\"\/>\n\t<link rel=\"canonical\" href=\"https:\/\/www.jornalja.com.br\/arquivo\/vereadores-lancam-frente-a-favor-de-privatizacoes-e-ppps\/\" \/>\n\t<meta name=\"generator\" content=\"All in One SEO (AIOSEO) 5.0.1.1\" \/>\n\t\t<meta property=\"og:locale\" content=\"pt_BR\" \/>\n\t\t<meta property=\"og:site_name\" content=\"Arquivo | Jornal J\u00c1 | Porto Alegre\" \/>\n\t\t<meta property=\"og:type\" content=\"article\" \/>\n\t\t<meta property=\"og:title\" content=\"Vereadores lan\u00e7am frente a favor de privatiza\u00e7\u00f5es e PPPs | Arquivo\" \/>\n\t\t<meta property=\"og:url\" content=\"https:\/\/www.jornalja.com.br\/arquivo\/vereadores-lancam-frente-a-favor-de-privatizacoes-e-ppps\/\" \/>\n\t\t<meta property=\"og:image\" content=\"https:\/\/www.jornalja.com.br\/wp-content\/uploads\/2017\/12\/AND6718.jpg\" \/>\n\t\t<meta property=\"og:image:secure_url\" content=\"https:\/\/www.jornalja.com.br\/wp-content\/uploads\/2017\/12\/AND6718.jpg\" \/>\n\t\t<meta property=\"article:published_time\" content=\"2017-12-08T21:21:45+00:00\" \/>\n\t\t<meta property=\"article:modified_time\" content=\"2017-12-08T21:21:45+00:00\" \/>\n\t\t<meta name=\"twitter:card\" content=\"summary\" \/>\n\t\t<meta name=\"twitter:title\" content=\"Vereadores lan\u00e7am frente a favor de privatiza\u00e7\u00f5es e PPPs | Arquivo\" \/>\n\t\t<meta name=\"twitter:image\" content=\"https:\/\/www.jornalja.com.br\/economics\/wp-content\/uploads\/sites\/11\/2026\/08\/ja-folhaderosto-facebook.jpg\" \/>\n\t\t<script type=\"application\/ld+json\" class=\"aioseo-schema\">\n\t\t\t{\"@context\":\"https:\\\/\\\/schema.org\",\"@graph\":[{\"@type\":\"BlogPosting\",\"@id\":\"https:\\\/\\\/www.jornalja.com.br\\\/arquivo\\\/vereadores-lancam-frente-a-favor-de-privatizacoes-e-ppps\\\/#blogposting\",\"name\":\"Vereadores lan\\u00e7am frente a favor de privatiza\\u00e7\\u00f5es e PPPs | Arquivo\",\"headline\":\"Vereadores lan\\u00e7am frente a favor de privatiza\\u00e7\\u00f5es e PPPs\",\"author\":{\"@id\":\"https:\\\/\\\/www.jornalja.com.br\\\/arquivo\\\/author\\\/daredacao\\\/#author\"},\"publisher\":{\"@id\":\"https:\\\/\\\/www.jornalja.com.br\\\/arquivo\\\/#organization\"},\"image\":{\"@type\":\"ImageObject\",\"url\":58099},\"datePublished\":\"2017-12-08T19:21:45-02:00\",\"dateModified\":\"2017-12-08T19:21:45-02:00\",\"inLanguage\":\"pt-BR\",\"commentCount\":2,\"mainEntityOfPage\":{\"@id\":\"https:\\\/\\\/www.jornalja.com.br\\\/arquivo\\\/vereadores-lancam-frente-a-favor-de-privatizacoes-e-ppps\\\/#webpage\"},\"isPartOf\":{\"@id\":\"https:\\\/\\\/www.jornalja.com.br\\\/arquivo\\\/vereadores-lancam-frente-a-favor-de-privatizacoes-e-ppps\\\/#webpage\"},\"articleSection\":\"Geral\"},{\"@type\":\"BreadcrumbList\",\"@id\":\"https:\\\/\\\/www.jornalja.com.br\\\/arquivo\\\/vereadores-lancam-frente-a-favor-de-privatizacoes-e-ppps\\\/#breadcrumblist\",\"itemListElement\":[{\"@type\":\"ListItem\",\"@id\":\"https:\\\/\\\/www.jornalja.com.br\\\/arquivo#listItem\",\"position\":1,\"name\":\"Home\",\"item\":\"https:\\\/\\\/www.jornalja.com.br\\\/arquivo\",\"nextItem\":{\"@type\":\"ListItem\",\"@id\":\"https:\\\/\\\/www.jornalja.com.br\\\/arquivo\\\/category\\\/geral\\\/#listItem\",\"name\":\"Geral\"}},{\"@type\":\"ListItem\",\"@id\":\"https:\\\/\\\/www.jornalja.com.br\\\/arquivo\\\/category\\\/geral\\\/#listItem\",\"position\":2,\"name\":\"Geral\",\"item\":\"https:\\\/\\\/www.jornalja.com.br\\\/arquivo\\\/category\\\/geral\\\/\",\"nextItem\":{\"@type\":\"ListItem\",\"@id\":\"https:\\\/\\\/www.jornalja.com.br\\\/arquivo\\\/vereadores-lancam-frente-a-favor-de-privatizacoes-e-ppps\\\/#listItem\",\"name\":\"Vereadores lan\\u00e7am frente a favor de privatiza\\u00e7\\u00f5es e PPPs\"},\"previousItem\":{\"@type\":\"ListItem\",\"@id\":\"https:\\\/\\\/www.jornalja.com.br\\\/arquivo#listItem\",\"name\":\"Home\"}},{\"@type\":\"ListItem\",\"@id\":\"https:\\\/\\\/www.jornalja.com.br\\\/arquivo\\\/vereadores-lancam-frente-a-favor-de-privatizacoes-e-ppps\\\/#listItem\",\"position\":3,\"name\":\"Vereadores lan\\u00e7am frente a favor de privatiza\\u00e7\\u00f5es e PPPs\",\"previousItem\":{\"@type\":\"ListItem\",\"@id\":\"https:\\\/\\\/www.jornalja.com.br\\\/arquivo\\\/category\\\/geral\\\/#listItem\",\"name\":\"Geral\"}}]},{\"@type\":\"Organization\",\"@id\":\"https:\\\/\\\/www.jornalja.com.br\\\/arquivo\\\/#organization\",\"name\":\"Jornal J\\u00c1\",\"description\":\"Jornal J\\u00c1 | Porto Alegre\",\"url\":\"https:\\\/\\\/www.jornalja.com.br\\\/arquivo\\\/\",\"telephone\":\"+555133307272\",\"logo\":{\"@type\":\"ImageObject\",\"url\":\"https:\\\/\\\/www.jornalja.com.br\\\/wp-content\\\/uploads\\\/cards\\\/JAslogan.png\",\"@id\":\"https:\\\/\\\/www.jornalja.com.br\\\/arquivo\\\/vereadores-lancam-frente-a-favor-de-privatizacoes-e-ppps\\\/#organizationLogo\"},\"image\":{\"@id\":\"https:\\\/\\\/www.jornalja.com.br\\\/arquivo\\\/vereadores-lancam-frente-a-favor-de-privatizacoes-e-ppps\\\/#organizationLogo\"}},{\"@type\":\"Person\",\"@id\":\"https:\\\/\\\/www.jornalja.com.br\\\/arquivo\\\/author\\\/daredacao\\\/#author\",\"url\":\"https:\\\/\\\/www.jornalja.com.br\\\/arquivo\\\/author\\\/daredacao\\\/\",\"name\":\"da Reda\\u00e7\\u00e3o\",\"image\":{\"@type\":\"ImageObject\",\"@id\":\"https:\\\/\\\/www.jornalja.com.br\\\/arquivo\\\/vereadores-lancam-frente-a-favor-de-privatizacoes-e-ppps\\\/#authorImage\",\"url\":\"https:\\\/\\\/secure.gravatar.com\\\/avatar\\\/469fd857d6605ad19919d27ed29d35a968a25f6e8fd9318356bbb7f57aae9c65?s=96&d=mm&r=g\",\"width\":96,\"height\":96,\"caption\":\"da Reda\\u00e7\\u00e3o\"}},{\"@type\":\"WebPage\",\"@id\":\"https:\\\/\\\/www.jornalja.com.br\\\/arquivo\\\/vereadores-lancam-frente-a-favor-de-privatizacoes-e-ppps\\\/#webpage\",\"url\":\"https:\\\/\\\/www.jornalja.com.br\\\/arquivo\\\/vereadores-lancam-frente-a-favor-de-privatizacoes-e-ppps\\\/\",\"name\":\"Vereadores lan\\u00e7am frente a favor de privatiza\\u00e7\\u00f5es e PPPs | Arquivo\",\"inLanguage\":\"pt-BR\",\"isPartOf\":{\"@id\":\"https:\\\/\\\/www.jornalja.com.br\\\/arquivo\\\/#website\"},\"breadcrumb\":{\"@id\":\"https:\\\/\\\/www.jornalja.com.br\\\/arquivo\\\/vereadores-lancam-frente-a-favor-de-privatizacoes-e-ppps\\\/#breadcrumblist\"},\"author\":{\"@id\":\"https:\\\/\\\/www.jornalja.com.br\\\/arquivo\\\/author\\\/daredacao\\\/#author\"},\"creator\":{\"@id\":\"https:\\\/\\\/www.jornalja.com.br\\\/arquivo\\\/author\\\/daredacao\\\/#author\"},\"image\":{\"@type\":\"ImageObject\",\"url\":58099,\"@id\":\"https:\\\/\\\/www.jornalja.com.br\\\/arquivo\\\/vereadores-lancam-frente-a-favor-de-privatizacoes-e-ppps\\\/#mainImage\"},\"primaryImageOfPage\":{\"@id\":\"https:\\\/\\\/www.jornalja.com.br\\\/arquivo\\\/vereadores-lancam-frente-a-favor-de-privatizacoes-e-ppps\\\/#mainImage\"},\"datePublished\":\"2017-12-08T19:21:45-02:00\",\"dateModified\":\"2017-12-08T19:21:45-02:00\"},{\"@type\":\"WebSite\",\"@id\":\"https:\\\/\\\/www.jornalja.com.br\\\/arquivo\\\/#website\",\"url\":\"https:\\\/\\\/www.jornalja.com.br\\\/arquivo\\\/\",\"name\":\"Arquivo\",\"description\":\"Jornal J\\u00c1 | Porto Alegre\",\"inLanguage\":\"pt-BR\",\"publisher\":{\"@id\":\"https:\\\/\\\/www.jornalja.com.br\\\/arquivo\\\/#organization\"}}]}\n\t\t<\/script>\n\t\t<!-- All in One SEO -->\n\n","aioseo_head_json":{"title":"Vereadores lan\u00e7am frente a favor de privatiza\u00e7\u00f5es e PPPs | Arquivo","description":"","canonical_url":"https:\/\/www.jornalja.com.br\/arquivo\/vereadores-lancam-frente-a-favor-de-privatizacoes-e-ppps\/","robots":"max-image-preview:large","keywords":"","webmasterTools":{"miscellaneous":""},"schema":{"@context":"https:\/\/schema.org","@graph":[{"@type":"BlogPosting","@id":"https:\/\/www.jornalja.com.br\/arquivo\/vereadores-lancam-frente-a-favor-de-privatizacoes-e-ppps\/#blogposting","name":"Vereadores lan\u00e7am frente a favor de privatiza\u00e7\u00f5es e PPPs | Arquivo","headline":"Vereadores lan\u00e7am frente a favor de privatiza\u00e7\u00f5es e PPPs","author":{"@id":"https:\/\/www.jornalja.com.br\/arquivo\/author\/daredacao\/#author"},"publisher":{"@id":"https:\/\/www.jornalja.com.br\/arquivo\/#organization"},"image":{"@type":"ImageObject","url":58099},"datePublished":"2017-12-08T19:21:45-02:00","dateModified":"2017-12-08T19:21:45-02:00","inLanguage":"pt-BR","commentCount":2,"mainEntityOfPage":{"@id":"https:\/\/www.jornalja.com.br\/arquivo\/vereadores-lancam-frente-a-favor-de-privatizacoes-e-ppps\/#webpage"},"isPartOf":{"@id":"https:\/\/www.jornalja.com.br\/arquivo\/vereadores-lancam-frente-a-favor-de-privatizacoes-e-ppps\/#webpage"},"articleSection":"Geral"},{"@type":"BreadcrumbList","@id":"https:\/\/www.jornalja.com.br\/arquivo\/vereadores-lancam-frente-a-favor-de-privatizacoes-e-ppps\/#breadcrumblist","itemListElement":[{"@type":"ListItem","@id":"https:\/\/www.jornalja.com.br\/arquivo#listItem","position":1,"name":"Home","item":"https:\/\/www.jornalja.com.br\/arquivo","nextItem":{"@type":"ListItem","@id":"https:\/\/www.jornalja.com.br\/arquivo\/category\/geral\/#listItem","name":"Geral"}},{"@type":"ListItem","@id":"https:\/\/www.jornalja.com.br\/arquivo\/category\/geral\/#listItem","position":2,"name":"Geral","item":"https:\/\/www.jornalja.com.br\/arquivo\/category\/geral\/","nextItem":{"@type":"ListItem","@id":"https:\/\/www.jornalja.com.br\/arquivo\/vereadores-lancam-frente-a-favor-de-privatizacoes-e-ppps\/#listItem","name":"Vereadores lan\u00e7am frente a favor de privatiza\u00e7\u00f5es e PPPs"},"previousItem":{"@type":"ListItem","@id":"https:\/\/www.jornalja.com.br\/arquivo#listItem","name":"Home"}},{"@type":"ListItem","@id":"https:\/\/www.jornalja.com.br\/arquivo\/vereadores-lancam-frente-a-favor-de-privatizacoes-e-ppps\/#listItem","position":3,"name":"Vereadores lan\u00e7am frente a favor de privatiza\u00e7\u00f5es e PPPs","previousItem":{"@type":"ListItem","@id":"https:\/\/www.jornalja.com.br\/arquivo\/category\/geral\/#listItem","name":"Geral"}}]},{"@type":"Organization","@id":"https:\/\/www.jornalja.com.br\/arquivo\/#organization","name":"Jornal J\u00c1","description":"Jornal J\u00c1 | Porto Alegre","url":"https:\/\/www.jornalja.com.br\/arquivo\/","telephone":"+555133307272","logo":{"@type":"ImageObject","url":"https:\/\/www.jornalja.com.br\/wp-content\/uploads\/cards\/JAslogan.png","@id":"https:\/\/www.jornalja.com.br\/arquivo\/vereadores-lancam-frente-a-favor-de-privatizacoes-e-ppps\/#organizationLogo"},"image":{"@id":"https:\/\/www.jornalja.com.br\/arquivo\/vereadores-lancam-frente-a-favor-de-privatizacoes-e-ppps\/#organizationLogo"}},{"@type":"Person","@id":"https:\/\/www.jornalja.com.br\/arquivo\/author\/daredacao\/#author","url":"https:\/\/www.jornalja.com.br\/arquivo\/author\/daredacao\/","name":"da Reda\u00e7\u00e3o","image":{"@type":"ImageObject","@id":"https:\/\/www.jornalja.com.br\/arquivo\/vereadores-lancam-frente-a-favor-de-privatizacoes-e-ppps\/#authorImage","url":"https:\/\/secure.gravatar.com\/avatar\/469fd857d6605ad19919d27ed29d35a968a25f6e8fd9318356bbb7f57aae9c65?s=96&d=mm&r=g","width":96,"height":96,"caption":"da Reda\u00e7\u00e3o"}},{"@type":"WebPage","@id":"https:\/\/www.jornalja.com.br\/arquivo\/vereadores-lancam-frente-a-favor-de-privatizacoes-e-ppps\/#webpage","url":"https:\/\/www.jornalja.com.br\/arquivo\/vereadores-lancam-frente-a-favor-de-privatizacoes-e-ppps\/","name":"Vereadores lan\u00e7am frente a favor de privatiza\u00e7\u00f5es e PPPs | Arquivo","inLanguage":"pt-BR","isPartOf":{"@id":"https:\/\/www.jornalja.com.br\/arquivo\/#website"},"breadcrumb":{"@id":"https:\/\/www.jornalja.com.br\/arquivo\/vereadores-lancam-frente-a-favor-de-privatizacoes-e-ppps\/#breadcrumblist"},"author":{"@id":"https:\/\/www.jornalja.com.br\/arquivo\/author\/daredacao\/#author"},"creator":{"@id":"https:\/\/www.jornalja.com.br\/arquivo\/author\/daredacao\/#author"},"image":{"@type":"ImageObject","url":58099,"@id":"https:\/\/www.jornalja.com.br\/arquivo\/vereadores-lancam-frente-a-favor-de-privatizacoes-e-ppps\/#mainImage"},"primaryImageOfPage":{"@id":"https:\/\/www.jornalja.com.br\/arquivo\/vereadores-lancam-frente-a-favor-de-privatizacoes-e-ppps\/#mainImage"},"datePublished":"2017-12-08T19:21:45-02:00","dateModified":"2017-12-08T19:21:45-02:00"},{"@type":"WebSite","@id":"https:\/\/www.jornalja.com.br\/arquivo\/#website","url":"https:\/\/www.jornalja.com.br\/arquivo\/","name":"Arquivo","description":"Jornal J\u00c1 | Porto Alegre","inLanguage":"pt-BR","publisher":{"@id":"https:\/\/www.jornalja.com.br\/arquivo\/#organization"}}]},"og:locale":"pt_BR","og:site_name":"Arquivo | Jornal J\u00c1 | Porto Alegre","og:type":"article","og:title":"Vereadores lan\u00e7am frente a favor de privatiza\u00e7\u00f5es e PPPs | Arquivo","og:url":"https:\/\/www.jornalja.com.br\/arquivo\/vereadores-lancam-frente-a-favor-de-privatizacoes-e-ppps\/","og:image":"https:\/\/www.jornalja.com.br\/wp-content\/uploads\/2017\/12\/AND6718.jpg","og:image:secure_url":"https:\/\/www.jornalja.com.br\/wp-content\/uploads\/2017\/12\/AND6718.jpg","article:published_time":"2017-12-08T21:21:45+00:00","article:modified_time":"2017-12-08T21:21:45+00:00","twitter:card":"summary","twitter:title":"Vereadores lan\u00e7am frente a favor de privatiza\u00e7\u00f5es e PPPs | Arquivo","twitter:image":"https:\/\/www.jornalja.com.br\/economics\/wp-content\/uploads\/sites\/11\/2026\/08\/ja-folhaderosto-facebook.jpg"},"aioseo_meta_data":{"post_id":"58092","title":null,"description":null,"keywords":null,"keyphrases":null,"primary_term":null,"canonical_url":null,"og_title":null,"og_description":null,"og_object_type":"default","og_image_type":"default","og_image_url":null,"og_image_width":null,"og_image_height":null,"og_image_custom_url":null,"og_image_custom_fields":null,"og_video":null,"og_custom_url":null,"og_article_section":null,"og_article_tags":null,"twitter_use_og":false,"twitter_card":"default","twitter_image_type":"default","twitter_image_url":null,"twitter_image_custom_url":null,"twitter_image_custom_fields":null,"twitter_title":null,"twitter_description":null,"schema":{"blockGraphs":[],"customGraphs":[],"default":{"data":{"Article":[],"Course":[],"Dataset":[],"FAQPage":[],"Movie":[],"Person":[],"Product":[],"ProductReview":[],"Car":[],"Recipe":[],"Service":[],"SoftwareApplication":[],"WebPage":[]},"graphName":"","isEnabled":true},"graphs":[],"defaultGraph":"","defaultPostTypeGraph":""},"schema_type":null,"schema_type_options":null,"pillar_content":false,"robots_default":true,"robots_noindex":false,"robots_noarchive":false,"robots_nosnippet":false,"robots_nofollow":false,"robots_noimageindex":false,"robots_noodp":false,"robots_notranslate":false,"robots_max_snippet":null,"robots_max_videopreview":null,"robots_max_imagepreview":"large","priority":null,"frequency":null,"location":null,"local_seo":null,"breadcrumb_settings":null,"limit_modified_date":false,"ai":null,"created":"2020-12-20 20:20:44","updated":"2025-07-20 02:50:46","seo_analyzer_scan_date":null,"focus_keyword":null,"additional_keywords":null,"truseo_locale":null},"jetpack_sharing_enabled":true,"jetpack-related-posts":[{"id":5440,"url":"https:\/\/www.jornalja.com.br\/arquivo\/casarao-da-venancio-destino-permanece-incerto\/","url_meta":{"origin":58092,"position":0},"title":"Estado ainda n\u00e3o sabe o que fazer com casar\u00e3o abandonado h\u00e1 20 anos","author":"Elmar Bones","date":"6 de julho de 2009","format":false,"excerpt":"O casar\u00e3o amarelo, numa esquina nobre de Porto Alegre (Ven\u00e2ncio Aires com Jo\u00e3o Pessoa), j\u00e1 abrigou uma escola. H\u00e1 duas d\u00e9cadas, pelo menos, est\u00e1 abandonado, porque seu propriet\u00e1rio, o governo do Estado do Rio Grande do Sul, n\u00e3o consegue achar um destino para ele. Planos n\u00e3o faltaram. O governador Ol\u00edvio\u2026","rel":"","context":"Em &quot;X.Categorias velhas&quot;","block_context":{"text":"X.Categorias velhas","link":"https:\/\/www.jornalja.com.br\/arquivo\/category\/x-categorias-velhas\/"},"img":{"alt_text":"geraldo1","src":"https:\/\/i0.wp.com\/www.jornalja.com.br\/wp-content\/uploads\/2009\/07\/geraldo1.jpg?resize=350%2C200&ssl=1","width":350,"height":200},"classes":[]},{"id":13124,"url":"https:\/\/www.jornalja.com.br\/arquivo\/sangue-latino-no-iecine\/","url_meta":{"origin":58092,"position":1},"title":"Sangue latino no IECINE","author":"da Reda\u00e7\u00e3o","date":"18 de maio de 2014","format":false,"excerpt":"Francisco Ribeiro O Instituto Estadual de Cinema (IECINE) tem a frente, desde abril \u00faltimo, um novo diretor, o cineasta colombiano Juan Zapata, 36, que substitui Luiz Alberto Cassol. Radicado h\u00e1 dez anos em Porto Alegre, Zapata tem diante de si o desafio de conduzir at\u00e9 o final do ano um\u2026","rel":"","context":"Em &quot;Cultura-Geral&quot;","block_context":{"text":"Cultura-Geral","link":"https:\/\/www.jornalja.com.br\/arquivo\/category\/materiasecundaria\/"},"img":{"alt_text":"","src":"","width":0,"height":0},"classes":[]},{"id":13128,"url":"https:\/\/www.jornalja.com.br\/arquivo\/maconha-terra-diz-que-uso-medicinal-e-desculpa\/","url_meta":{"origin":58092,"position":2},"title":"Maconha: Terra diz que uso medicinal \u00e9 desculpa","author":"Patr\u00edcia Marini","date":"4 de junho de 2014","format":false,"excerpt":"A condi\u00e7\u00e3o de pol\u00edtico, em \u00e9poca de campanha de campanha eleitoral, tira for\u00e7a do discurso do m\u00e9dico Osmar Terra contra a legaliza\u00e7\u00e3o da maconha. A tese dele de que a libera\u00e7\u00e3o vai ampliar exponencialmente o consumo \u00e9 discutivel, o consumo \u00e9 corrente. Mas seus alertas quanto aos riscos tem que\u2026","rel":"","context":"Em &quot;X.Categorias velhas&quot;","block_context":{"text":"X.Categorias velhas","link":"https:\/\/www.jornalja.com.br\/arquivo\/category\/x-categorias-velhas\/"},"img":{"alt_text":"","src":"","width":0,"height":0},"classes":[]},{"id":13109,"url":"https:\/\/www.jornalja.com.br\/arquivo\/judiciario-reconhece-poluicao-eletromagnetica\/","url_meta":{"origin":58092,"position":3},"title":"Judici\u00e1rio reconhece polui\u00e7\u00e3o eletromagn\u00e9tica","author":"Patr\u00edcia Marini","date":"16 de maio de 2014","format":false,"excerpt":"A\u00e7\u00e3o de duas associa\u00e7\u00f5es de moradores foi acolhida pelo Tribunal de Justi\u00e7a de S\u00e3o Paulo que. em decis\u00e3o in\u00e9dita, determinou a redu\u00e7\u00e3o do campo eletromagn\u00e9tico gerado pelas linhas de transmiss\u00e3o de energia que cortam os bairros City Boa\u00e7ava e Alto de Pinheiros. \u00c9 a primeira vez que um tribunal do\u2026","rel":"","context":"Em &quot;X.Categorias velhas&quot;","block_context":{"text":"X.Categorias velhas","link":"https:\/\/www.jornalja.com.br\/arquivo\/category\/x-categorias-velhas\/"},"img":{"alt_text":"","src":"","width":0,"height":0},"classes":[]},{"id":14241,"url":"https:\/\/www.jornalja.com.br\/arquivo\/o-guaiba-nas-imagens-poeticas-de-achutti\/","url_meta":{"origin":58092,"position":4},"title":"O Gua\u00edba nas imagens po\u00e9ticas de Achutti","author":"da Reda\u00e7\u00e3o","date":"18 de junho de 2014","format":false,"excerpt":"Em \u201cO Gua\u00edba por Achutti\u201d \u2013 obra financiada via Minist\u00e9rio da Cultura, produ\u00e7\u00e3o executiva de Pedro Longhi, e Fl\u00e1vio Wild como designer \u2013, o fot\u00f3grafo revela a beleza e as mazelas de um espa\u00e7o aqu\u00e1tico de \u00e1guas sempre renovadas, cheio de hist\u00f3rias e lendas como as das cidades que foram\u2026","rel":"","context":"Em &quot;Cultura-Geral&quot;","block_context":{"text":"Cultura-Geral","link":"https:\/\/www.jornalja.com.br\/arquivo\/category\/materiasecundaria\/"},"img":{"alt_text":"","src":"","width":0,"height":0},"classes":[]},{"id":13101,"url":"https:\/\/www.jornalja.com.br\/arquivo\/morre-um-guerreiro-do-texto\/","url_meta":{"origin":58092,"position":5},"title":"Morre um guerreiro do texto","author":"Patr\u00edcia Marini","date":"14 de maio de 2014","format":false,"excerpt":"Por Ricardo Kotscho Reproduzido do blog do autor, 11\/5\/2014; t\u00edtulo original \u201cE l\u00e1 se foi o nosso Myltainho, guerreiro do texto\u201d. Mi\u00fado e franzino, meu amigo Myltainho era um valente e inconformado guerreiro na luta contra as injusti\u00e7as sociais, a hipocrisia, as maracutaias, o autoritarismo, a intoler\u00e2ncia, a viol\u00eancia, o\u2026","rel":"","context":"Em &quot;Geral&quot;","block_context":{"text":"Geral","link":"https:\/\/www.jornalja.com.br\/arquivo\/category\/geral\/"},"img":{"alt_text":"","src":"","width":0,"height":0},"classes":[]}],"jetpack_shortlink":"https:\/\/wp.me\/pbQjBd-f6Y","jetpack_featured_media_url":"","_links":{"self":[{"href":"https:\/\/www.jornalja.com.br\/arquivo\/wp-json\/wp\/v2\/posts\/58092","targetHints":{"allow":["GET"]}}],"collection":[{"href":"https:\/\/www.jornalja.com.br\/arquivo\/wp-json\/wp\/v2\/posts"}],"about":[{"href":"https:\/\/www.jornalja.com.br\/arquivo\/wp-json\/wp\/v2\/types\/post"}],"author":[{"embeddable":true,"href":"https:\/\/www.jornalja.com.br\/arquivo\/wp-json\/wp\/v2\/users\/4"}],"replies":[{"embeddable":true,"href":"https:\/\/www.jornalja.com.br\/arquivo\/wp-json\/wp\/v2\/comments?post=58092"}],"version-history":[{"count":0,"href":"https:\/\/www.jornalja.com.br\/arquivo\/wp-json\/wp\/v2\/posts\/58092\/revisions"}],"wp:attachment":[{"href":"https:\/\/www.jornalja.com.br\/arquivo\/wp-json\/wp\/v2\/media?parent=58092"}],"wp:term":[{"taxonomy":"category","embeddable":true,"href":"https:\/\/www.jornalja.com.br\/arquivo\/wp-json\/wp\/v2\/categories?post=58092"},{"taxonomy":"post_tag","embeddable":true,"href":"https:\/\/www.jornalja.com.br\/arquivo\/wp-json\/wp\/v2\/tags?post=58092"}],"curies":[{"name":"wp","href":"https:\/\/api.w.org\/{rel}","templated":true}]}}