{"id":58139,"date":"2017-12-12T00:00:08","date_gmt":"2017-12-12T02:00:08","guid":{"rendered":"https:\/\/www.jornalja.com.br\/?p=58139"},"modified":"2017-12-12T00:00:08","modified_gmt":"2017-12-12T02:00:08","slug":"valter-nagelstein-assume-presidencia-de-camara-de-vereadores-em-2018","status":"publish","type":"post","link":"https:\/\/www.jornalja.com.br\/arquivo\/valter-nagelstein-assume-presidencia-de-camara-de-vereadores-em-2018\/","title":{"rendered":"Valter Nagelstein assume presid\u00eancia de C\u00e2mara de Vereadores em 2018"},"content":{"rendered":"<p>A C\u00e2mara Municipal de Porto Alegre elegeu na tarde desta segunda-feira, 11\/12, a sua mesa diretora para o ano de 2018. Presidir\u00e1 a casa o vereador Valter Nagelstein (PMDB). A elei\u00e7\u00e3o seguiu o acordo firmado no come\u00e7o da nova legislatura, quando l\u00edderes e vereadores da base do governo e do bloco independente j\u00e1 acordaram quem seriam os presidentes at\u00e9 2020. Nagelstein derrotou o candidato da oposi\u00e7\u00e3o (PT-PSOL) Marcelo Sgarbossa por 28 votos a sete.\u00a0\u00a0Sgarbossa (PT) concorreu a todos os cargos,\u00a0mas foi derrotado.<br \/>\nCompletar\u00e3o a mesa diretora a vereadora\u00a0M\u00f4nica Leal (PP) eleita\u00a01\u00aa vice-presidente, os vereadores Mauro Pinheiro (Rede) como 2\u00aa vice-presidente,\u00a0 Cl\u00e0udio Janta (SDD), como primeiro secretario,\u00a0Paulinho Motorista (PSB) na segunda secretaria e Jos\u00e9 Freitas (PRB) na terceira.<br \/>\nEm 2018, projetos importantes e pol\u00eamicos como a revis\u00e3o de isen\u00e7\u00f5es do transporte coletivo e altera\u00e7\u00e3o no IPTU da cidade estar\u00e3o na pauta da casa. Nagelstein ter\u00e1 a miss\u00e3o de coordenar e mediar as a\u00e7\u00f5es entre legislativo e executivo. Prometeu seriedade e imparcialidade: &#8220;vou respeitar o regimento interno da casa, aprofundar as discuss\u00f5es sobre os temas que pra c\u00e1 vierem e envolver a sociedade porto-alegrense&#8221;.<br \/>\nSobre a rela\u00e7\u00e3o conflituosa do prefeito e vereadores, acentuada ainda mais no segundo semestre, o novo presidente da C\u00e2mara afirmou que cabe ao prefeito melhorar o quadro: &#8220;O governo deve tomar li\u00e7\u00f5es de 2017 pra melhorar sua rela\u00e7\u00e3o com a C\u00e2mara, mas isso n\u00e3o cabe ao presidente da casa. A mim cabe manter a imparcialidade&#8221;.<br \/>\nValter Nagelstein est\u00e1 no terceiro mandato como vereador, sendo o mais votado de sua bancada, o PMDB em 2016, com 9,3 mil votos. Durante os governos Foga\u00e7a e Fortunati foi secret\u00e1rio de\u00a0Ind\u00fastria e Com\u00e9rcio e do Urbanismo.<br \/>\nNa tarde desta segunda tamb\u00e9m foi eleita a nominata das seis comiss\u00f5es permanentes do Legislativo, com os seguintes vereadores:<br \/>\n<strong>Comiss\u00e3o de Constitui\u00e7\u00e3o e Justi\u00e7a (CCJ)<\/strong><br \/>\nAdeli Sell (PT),\u00a0Cl\u00e0udio Janta (SDD),\u00a0Dr. Thiago Duarte (DEM),\u00a0Ricardo Gomes (PP),\u00a0M\u00e1rcio Bins Ely (PDT),\u00a0Mendes Ribeiro\u00a0 (PMDB) e\u00a0Rodrigo Maroni (PODE).<br \/>\n<strong>Comiss\u00e3o de\u00a0 Economia, Finan\u00e7as, Or\u00e7amento e do Mercosul (Cefor)<\/strong><br \/>\nAirto Ferronato (PSB),\u00a0Felipe Camozzato (Novo),\u00a0Idenir Cecchim (PMDB),\u00a0Jo\u00e3o Carlos Nedel (PP) e\u00a0Mauro Zacher (PDT).<br \/>\n<strong>Comiss\u00e3o de Urbaniza\u00e7\u00e3o, Transporte e Habita\u00e7\u00e3o (Cuthab)<\/strong><br \/>\nDr. Humberto Goulart (PTB),\u00a0Fernanda Melchionna (PSol),\u00a0Paulinho Motorista (PSB),\u00a0Professor Wambert (PROS),\u00a0Roberto Robaina (PSol) e\u00a0Luciano Marcant\u00f4nio (PTB).<br \/>\n<strong>Comiss\u00e3o de Educa\u00e7\u00e3o, Cultura, Esportes e Juventude (Cece)<\/strong><br \/>\nAlvoni Medina (PRB),\u00a0Reginaldo Pujol (DEM),\u00a0Cassi\u00e1 Carpes (PP),\u00a0Sofia Cavedon (PT) e\u00a0Tarciso Flecha Negra (PSD).<br \/>\n<strong>Comiss\u00e3o de Defesa\u00a0 do Consumidor, Direitos Humanos e Seguran\u00e7a Urbana ( Cedecondh)<\/strong><br \/>\nMois\u00e9s Maluco do Bem (PSDB),\u00a0Comandante N\u00e1dia (PMDB) ,Jo\u00e3o Bosco Vaz (PDT),\u00a0Marcelo Sgarbossa (PT),\u00a0M\u00f4nica Leal (PP) e\u00a0Prof. Alex Fraga (PSol).<br \/>\n<strong>Comiss\u00e3o de Sa\u00fade e Meio Ambiente (COSMAM)<\/strong><br \/>\nAldacir Oliboni (PT),\u00a0Andr\u00e9 Car\u00fas (PMDB),\u00a0Jos\u00e9 Freitas (PRB),\u00a0Mauro Pinheiro (Rede),\u00a0C\u00e1ssio Trogildo (PTB) e\u00a0Paulo Brum (PTB).<br \/>\n&nbsp;<\/p>\n","protected":false},"excerpt":{"rendered":"<p>A C\u00e2mara Municipal de Porto Alegre elegeu na tarde desta segunda-feira, 11\/12, a sua mesa diretora para o ano de 2018. Presidir\u00e1 a casa o vereador Valter Nagelstein (PMDB). A elei\u00e7\u00e3o seguiu o acordo firmado no come\u00e7o da nova legislatura, quando l\u00edderes e vereadores da base do governo e do bloco independente j\u00e1 acordaram quem [&hellip;]<\/p>\n","protected":false},"author":4,"featured_media":58215,"comment_status":"open","ping_status":"closed","sticky":false,"template":"","format":"standard","meta":{"_jetpack_newsletter_access":"","_jetpack_dont_email_post_to_subs":false,"_jetpack_newsletter_tier_id":0,"_jetpack_memberships_contains_paywalled_content":false,"_jetpack_feature_clip_id":0,"_jetpack_memberships_contains_paid_content":false,"footnotes":"","jetpack_post_was_ever_published":false},"categories":[26],"tags":[],"class_list":["post-58139","post","type-post","status-publish","format-standard","has-post-thumbnail","hentry","category-geral"],"aioseo_notices":[],"aioseo_head":"\n\t\t<!-- All in One SEO 5.0.1.1 - aioseo.com -->\n\t<meta name=\"robots\" content=\"max-image-preview:large\" \/>\n\t<meta name=\"author\" content=\"da Reda\u00e7\u00e3o\"\/>\n\t<link rel=\"canonical\" href=\"https:\/\/www.jornalja.com.br\/arquivo\/valter-nagelstein-assume-presidencia-de-camara-de-vereadores-em-2018\/\" \/>\n\t<meta name=\"generator\" content=\"All in One SEO (AIOSEO) 5.0.1.1\" \/>\n\t\t<meta property=\"og:locale\" content=\"pt_BR\" \/>\n\t\t<meta property=\"og:site_name\" content=\"Arquivo | Jornal J\u00c1 | Porto Alegre\" \/>\n\t\t<meta property=\"og:type\" content=\"article\" \/>\n\t\t<meta property=\"og:title\" content=\"Valter Nagelstein assume presid\u00eancia de C\u00e2mara de Vereadores em 2018 | Arquivo\" \/>\n\t\t<meta property=\"og:url\" content=\"https:\/\/www.jornalja.com.br\/arquivo\/valter-nagelstein-assume-presidencia-de-camara-de-vereadores-em-2018\/\" \/>\n\t\t<meta property=\"og:image\" content=\"https:\/\/www.jornalja.com.br\/economics\/wp-content\/uploads\/sites\/11\/2026\/08\/ja-folhaderosto-facebook.jpg\" \/>\n\t\t<meta property=\"og:image:secure_url\" content=\"https:\/\/www.jornalja.com.br\/economics\/wp-content\/uploads\/sites\/11\/2026\/08\/ja-folhaderosto-facebook.jpg\" \/>\n\t\t<meta property=\"article:published_time\" content=\"2017-12-12T02:00:08+00:00\" \/>\n\t\t<meta property=\"article:modified_time\" content=\"2017-12-12T02:00:08+00:00\" \/>\n\t\t<meta name=\"twitter:card\" content=\"summary\" \/>\n\t\t<meta name=\"twitter:title\" content=\"Valter Nagelstein assume presid\u00eancia de C\u00e2mara de Vereadores em 2018 | Arquivo\" \/>\n\t\t<meta name=\"twitter:image\" content=\"https:\/\/www.jornalja.com.br\/economics\/wp-content\/uploads\/sites\/11\/2026\/08\/ja-folhaderosto-facebook.jpg\" \/>\n\t\t<script type=\"application\/ld+json\" class=\"aioseo-schema\">\n\t\t\t{\"@context\":\"https:\\\/\\\/schema.org\",\"@graph\":[{\"@type\":\"BlogPosting\",\"@id\":\"https:\\\/\\\/www.jornalja.com.br\\\/arquivo\\\/valter-nagelstein-assume-presidencia-de-camara-de-vereadores-em-2018\\\/#blogposting\",\"name\":\"Valter Nagelstein assume presid\\u00eancia de C\\u00e2mara de Vereadores em 2018 | Arquivo\",\"headline\":\"Valter Nagelstein assume presid\\u00eancia de C\\u00e2mara de Vereadores em 2018\",\"author\":{\"@id\":\"https:\\\/\\\/www.jornalja.com.br\\\/arquivo\\\/author\\\/daredacao\\\/#author\"},\"publisher\":{\"@id\":\"https:\\\/\\\/www.jornalja.com.br\\\/arquivo\\\/#organization\"},\"image\":{\"@type\":\"ImageObject\",\"url\":58215},\"datePublished\":\"2017-12-12T00:00:08-02:00\",\"dateModified\":\"2017-12-12T00:00:08-02:00\",\"inLanguage\":\"pt-BR\",\"mainEntityOfPage\":{\"@id\":\"https:\\\/\\\/www.jornalja.com.br\\\/arquivo\\\/valter-nagelstein-assume-presidencia-de-camara-de-vereadores-em-2018\\\/#webpage\"},\"isPartOf\":{\"@id\":\"https:\\\/\\\/www.jornalja.com.br\\\/arquivo\\\/valter-nagelstein-assume-presidencia-de-camara-de-vereadores-em-2018\\\/#webpage\"},\"articleSection\":\"Geral\"},{\"@type\":\"BreadcrumbList\",\"@id\":\"https:\\\/\\\/www.jornalja.com.br\\\/arquivo\\\/valter-nagelstein-assume-presidencia-de-camara-de-vereadores-em-2018\\\/#breadcrumblist\",\"itemListElement\":[{\"@type\":\"ListItem\",\"@id\":\"https:\\\/\\\/www.jornalja.com.br\\\/arquivo#listItem\",\"position\":1,\"name\":\"Home\",\"item\":\"https:\\\/\\\/www.jornalja.com.br\\\/arquivo\",\"nextItem\":{\"@type\":\"ListItem\",\"@id\":\"https:\\\/\\\/www.jornalja.com.br\\\/arquivo\\\/category\\\/geral\\\/#listItem\",\"name\":\"Geral\"}},{\"@type\":\"ListItem\",\"@id\":\"https:\\\/\\\/www.jornalja.com.br\\\/arquivo\\\/category\\\/geral\\\/#listItem\",\"position\":2,\"name\":\"Geral\",\"item\":\"https:\\\/\\\/www.jornalja.com.br\\\/arquivo\\\/category\\\/geral\\\/\",\"nextItem\":{\"@type\":\"ListItem\",\"@id\":\"https:\\\/\\\/www.jornalja.com.br\\\/arquivo\\\/valter-nagelstein-assume-presidencia-de-camara-de-vereadores-em-2018\\\/#listItem\",\"name\":\"Valter Nagelstein assume presid\\u00eancia de C\\u00e2mara de Vereadores em 2018\"},\"previousItem\":{\"@type\":\"ListItem\",\"@id\":\"https:\\\/\\\/www.jornalja.com.br\\\/arquivo#listItem\",\"name\":\"Home\"}},{\"@type\":\"ListItem\",\"@id\":\"https:\\\/\\\/www.jornalja.com.br\\\/arquivo\\\/valter-nagelstein-assume-presidencia-de-camara-de-vereadores-em-2018\\\/#listItem\",\"position\":3,\"name\":\"Valter Nagelstein assume presid\\u00eancia de C\\u00e2mara de Vereadores em 2018\",\"previousItem\":{\"@type\":\"ListItem\",\"@id\":\"https:\\\/\\\/www.jornalja.com.br\\\/arquivo\\\/category\\\/geral\\\/#listItem\",\"name\":\"Geral\"}}]},{\"@type\":\"Organization\",\"@id\":\"https:\\\/\\\/www.jornalja.com.br\\\/arquivo\\\/#organization\",\"name\":\"Jornal J\\u00c1\",\"description\":\"Jornal J\\u00c1 | Porto Alegre\",\"url\":\"https:\\\/\\\/www.jornalja.com.br\\\/arquivo\\\/\",\"telephone\":\"+555133307272\",\"logo\":{\"@type\":\"ImageObject\",\"url\":\"https:\\\/\\\/www.jornalja.com.br\\\/wp-content\\\/uploads\\\/cards\\\/JAslogan.png\",\"@id\":\"https:\\\/\\\/www.jornalja.com.br\\\/arquivo\\\/valter-nagelstein-assume-presidencia-de-camara-de-vereadores-em-2018\\\/#organizationLogo\"},\"image\":{\"@id\":\"https:\\\/\\\/www.jornalja.com.br\\\/arquivo\\\/valter-nagelstein-assume-presidencia-de-camara-de-vereadores-em-2018\\\/#organizationLogo\"}},{\"@type\":\"Person\",\"@id\":\"https:\\\/\\\/www.jornalja.com.br\\\/arquivo\\\/author\\\/daredacao\\\/#author\",\"url\":\"https:\\\/\\\/www.jornalja.com.br\\\/arquivo\\\/author\\\/daredacao\\\/\",\"name\":\"da Reda\\u00e7\\u00e3o\",\"image\":{\"@type\":\"ImageObject\",\"@id\":\"https:\\\/\\\/www.jornalja.com.br\\\/arquivo\\\/valter-nagelstein-assume-presidencia-de-camara-de-vereadores-em-2018\\\/#authorImage\",\"url\":\"https:\\\/\\\/secure.gravatar.com\\\/avatar\\\/469fd857d6605ad19919d27ed29d35a968a25f6e8fd9318356bbb7f57aae9c65?s=96&d=mm&r=g\",\"width\":96,\"height\":96,\"caption\":\"da Reda\\u00e7\\u00e3o\"}},{\"@type\":\"WebPage\",\"@id\":\"https:\\\/\\\/www.jornalja.com.br\\\/arquivo\\\/valter-nagelstein-assume-presidencia-de-camara-de-vereadores-em-2018\\\/#webpage\",\"url\":\"https:\\\/\\\/www.jornalja.com.br\\\/arquivo\\\/valter-nagelstein-assume-presidencia-de-camara-de-vereadores-em-2018\\\/\",\"name\":\"Valter Nagelstein assume presid\\u00eancia de C\\u00e2mara de Vereadores em 2018 | Arquivo\",\"inLanguage\":\"pt-BR\",\"isPartOf\":{\"@id\":\"https:\\\/\\\/www.jornalja.com.br\\\/arquivo\\\/#website\"},\"breadcrumb\":{\"@id\":\"https:\\\/\\\/www.jornalja.com.br\\\/arquivo\\\/valter-nagelstein-assume-presidencia-de-camara-de-vereadores-em-2018\\\/#breadcrumblist\"},\"author\":{\"@id\":\"https:\\\/\\\/www.jornalja.com.br\\\/arquivo\\\/author\\\/daredacao\\\/#author\"},\"creator\":{\"@id\":\"https:\\\/\\\/www.jornalja.com.br\\\/arquivo\\\/author\\\/daredacao\\\/#author\"},\"image\":{\"@type\":\"ImageObject\",\"url\":58215,\"@id\":\"https:\\\/\\\/www.jornalja.com.br\\\/arquivo\\\/valter-nagelstein-assume-presidencia-de-camara-de-vereadores-em-2018\\\/#mainImage\"},\"primaryImageOfPage\":{\"@id\":\"https:\\\/\\\/www.jornalja.com.br\\\/arquivo\\\/valter-nagelstein-assume-presidencia-de-camara-de-vereadores-em-2018\\\/#mainImage\"},\"datePublished\":\"2017-12-12T00:00:08-02:00\",\"dateModified\":\"2017-12-12T00:00:08-02:00\"},{\"@type\":\"WebSite\",\"@id\":\"https:\\\/\\\/www.jornalja.com.br\\\/arquivo\\\/#website\",\"url\":\"https:\\\/\\\/www.jornalja.com.br\\\/arquivo\\\/\",\"name\":\"Arquivo\",\"description\":\"Jornal J\\u00c1 | Porto Alegre\",\"inLanguage\":\"pt-BR\",\"publisher\":{\"@id\":\"https:\\\/\\\/www.jornalja.com.br\\\/arquivo\\\/#organization\"}}]}\n\t\t<\/script>\n\t\t<!-- All in One SEO -->\n\n","aioseo_head_json":{"title":"Valter Nagelstein assume presid\u00eancia de C\u00e2mara de Vereadores em 2018 | Arquivo","description":"","canonical_url":"https:\/\/www.jornalja.com.br\/arquivo\/valter-nagelstein-assume-presidencia-de-camara-de-vereadores-em-2018\/","robots":"max-image-preview:large","keywords":"","webmasterTools":{"miscellaneous":""},"schema":{"@context":"https:\/\/schema.org","@graph":[{"@type":"BlogPosting","@id":"https:\/\/www.jornalja.com.br\/arquivo\/valter-nagelstein-assume-presidencia-de-camara-de-vereadores-em-2018\/#blogposting","name":"Valter Nagelstein assume presid\u00eancia de C\u00e2mara de Vereadores em 2018 | Arquivo","headline":"Valter Nagelstein assume presid\u00eancia de C\u00e2mara de Vereadores em 2018","author":{"@id":"https:\/\/www.jornalja.com.br\/arquivo\/author\/daredacao\/#author"},"publisher":{"@id":"https:\/\/www.jornalja.com.br\/arquivo\/#organization"},"image":{"@type":"ImageObject","url":58215},"datePublished":"2017-12-12T00:00:08-02:00","dateModified":"2017-12-12T00:00:08-02:00","inLanguage":"pt-BR","mainEntityOfPage":{"@id":"https:\/\/www.jornalja.com.br\/arquivo\/valter-nagelstein-assume-presidencia-de-camara-de-vereadores-em-2018\/#webpage"},"isPartOf":{"@id":"https:\/\/www.jornalja.com.br\/arquivo\/valter-nagelstein-assume-presidencia-de-camara-de-vereadores-em-2018\/#webpage"},"articleSection":"Geral"},{"@type":"BreadcrumbList","@id":"https:\/\/www.jornalja.com.br\/arquivo\/valter-nagelstein-assume-presidencia-de-camara-de-vereadores-em-2018\/#breadcrumblist","itemListElement":[{"@type":"ListItem","@id":"https:\/\/www.jornalja.com.br\/arquivo#listItem","position":1,"name":"Home","item":"https:\/\/www.jornalja.com.br\/arquivo","nextItem":{"@type":"ListItem","@id":"https:\/\/www.jornalja.com.br\/arquivo\/category\/geral\/#listItem","name":"Geral"}},{"@type":"ListItem","@id":"https:\/\/www.jornalja.com.br\/arquivo\/category\/geral\/#listItem","position":2,"name":"Geral","item":"https:\/\/www.jornalja.com.br\/arquivo\/category\/geral\/","nextItem":{"@type":"ListItem","@id":"https:\/\/www.jornalja.com.br\/arquivo\/valter-nagelstein-assume-presidencia-de-camara-de-vereadores-em-2018\/#listItem","name":"Valter Nagelstein assume presid\u00eancia de C\u00e2mara de Vereadores em 2018"},"previousItem":{"@type":"ListItem","@id":"https:\/\/www.jornalja.com.br\/arquivo#listItem","name":"Home"}},{"@type":"ListItem","@id":"https:\/\/www.jornalja.com.br\/arquivo\/valter-nagelstein-assume-presidencia-de-camara-de-vereadores-em-2018\/#listItem","position":3,"name":"Valter Nagelstein assume presid\u00eancia de C\u00e2mara de Vereadores em 2018","previousItem":{"@type":"ListItem","@id":"https:\/\/www.jornalja.com.br\/arquivo\/category\/geral\/#listItem","name":"Geral"}}]},{"@type":"Organization","@id":"https:\/\/www.jornalja.com.br\/arquivo\/#organization","name":"Jornal J\u00c1","description":"Jornal J\u00c1 | Porto Alegre","url":"https:\/\/www.jornalja.com.br\/arquivo\/","telephone":"+555133307272","logo":{"@type":"ImageObject","url":"https:\/\/www.jornalja.com.br\/wp-content\/uploads\/cards\/JAslogan.png","@id":"https:\/\/www.jornalja.com.br\/arquivo\/valter-nagelstein-assume-presidencia-de-camara-de-vereadores-em-2018\/#organizationLogo"},"image":{"@id":"https:\/\/www.jornalja.com.br\/arquivo\/valter-nagelstein-assume-presidencia-de-camara-de-vereadores-em-2018\/#organizationLogo"}},{"@type":"Person","@id":"https:\/\/www.jornalja.com.br\/arquivo\/author\/daredacao\/#author","url":"https:\/\/www.jornalja.com.br\/arquivo\/author\/daredacao\/","name":"da Reda\u00e7\u00e3o","image":{"@type":"ImageObject","@id":"https:\/\/www.jornalja.com.br\/arquivo\/valter-nagelstein-assume-presidencia-de-camara-de-vereadores-em-2018\/#authorImage","url":"https:\/\/secure.gravatar.com\/avatar\/469fd857d6605ad19919d27ed29d35a968a25f6e8fd9318356bbb7f57aae9c65?s=96&d=mm&r=g","width":96,"height":96,"caption":"da Reda\u00e7\u00e3o"}},{"@type":"WebPage","@id":"https:\/\/www.jornalja.com.br\/arquivo\/valter-nagelstein-assume-presidencia-de-camara-de-vereadores-em-2018\/#webpage","url":"https:\/\/www.jornalja.com.br\/arquivo\/valter-nagelstein-assume-presidencia-de-camara-de-vereadores-em-2018\/","name":"Valter Nagelstein assume presid\u00eancia de C\u00e2mara de Vereadores em 2018 | Arquivo","inLanguage":"pt-BR","isPartOf":{"@id":"https:\/\/www.jornalja.com.br\/arquivo\/#website"},"breadcrumb":{"@id":"https:\/\/www.jornalja.com.br\/arquivo\/valter-nagelstein-assume-presidencia-de-camara-de-vereadores-em-2018\/#breadcrumblist"},"author":{"@id":"https:\/\/www.jornalja.com.br\/arquivo\/author\/daredacao\/#author"},"creator":{"@id":"https:\/\/www.jornalja.com.br\/arquivo\/author\/daredacao\/#author"},"image":{"@type":"ImageObject","url":58215,"@id":"https:\/\/www.jornalja.com.br\/arquivo\/valter-nagelstein-assume-presidencia-de-camara-de-vereadores-em-2018\/#mainImage"},"primaryImageOfPage":{"@id":"https:\/\/www.jornalja.com.br\/arquivo\/valter-nagelstein-assume-presidencia-de-camara-de-vereadores-em-2018\/#mainImage"},"datePublished":"2017-12-12T00:00:08-02:00","dateModified":"2017-12-12T00:00:08-02:00"},{"@type":"WebSite","@id":"https:\/\/www.jornalja.com.br\/arquivo\/#website","url":"https:\/\/www.jornalja.com.br\/arquivo\/","name":"Arquivo","description":"Jornal J\u00c1 | Porto Alegre","inLanguage":"pt-BR","publisher":{"@id":"https:\/\/www.jornalja.com.br\/arquivo\/#organization"}}]},"og:locale":"pt_BR","og:site_name":"Arquivo | Jornal J\u00c1 | Porto Alegre","og:type":"article","og:title":"Valter Nagelstein assume presid\u00eancia de C\u00e2mara de Vereadores em 2018 | Arquivo","og:url":"https:\/\/www.jornalja.com.br\/arquivo\/valter-nagelstein-assume-presidencia-de-camara-de-vereadores-em-2018\/","og:image":"https:\/\/www.jornalja.com.br\/economics\/wp-content\/uploads\/sites\/11\/2026\/08\/ja-folhaderosto-facebook.jpg","og:image:secure_url":"https:\/\/www.jornalja.com.br\/economics\/wp-content\/uploads\/sites\/11\/2026\/08\/ja-folhaderosto-facebook.jpg","article:published_time":"2017-12-12T02:00:08+00:00","article:modified_time":"2017-12-12T02:00:08+00:00","twitter:card":"summary","twitter:title":"Valter Nagelstein assume presid\u00eancia de C\u00e2mara de Vereadores em 2018 | Arquivo","twitter:image":"https:\/\/www.jornalja.com.br\/economics\/wp-content\/uploads\/sites\/11\/2026\/08\/ja-folhaderosto-facebook.jpg"},"aioseo_meta_data":{"post_id":"58139","title":null,"description":null,"keywords":null,"keyphrases":null,"primary_term":null,"canonical_url":null,"og_title":null,"og_description":null,"og_object_type":"default","og_image_type":"default","og_image_url":null,"og_image_width":null,"og_image_height":null,"og_image_custom_url":null,"og_image_custom_fields":null,"og_video":null,"og_custom_url":null,"og_article_section":null,"og_article_tags":null,"twitter_use_og":false,"twitter_card":"default","twitter_image_type":"default","twitter_image_url":null,"twitter_image_custom_url":null,"twitter_image_custom_fields":null,"twitter_title":null,"twitter_description":null,"schema":{"blockGraphs":[],"customGraphs":[],"default":{"data":{"Article":[],"Course":[],"Dataset":[],"FAQPage":[],"Movie":[],"Person":[],"Product":[],"ProductReview":[],"Car":[],"Recipe":[],"Service":[],"SoftwareApplication":[],"WebPage":[]},"graphName":"","isEnabled":true},"graphs":[]},"schema_type":null,"schema_type_options":null,"pillar_content":false,"robots_default":true,"robots_noindex":false,"robots_noarchive":false,"robots_nosnippet":false,"robots_nofollow":false,"robots_noimageindex":false,"robots_noodp":false,"robots_notranslate":false,"robots_max_snippet":null,"robots_max_videopreview":null,"robots_max_imagepreview":"large","priority":null,"frequency":null,"location":null,"local_seo":null,"breadcrumb_settings":null,"limit_modified_date":false,"ai":null,"created":"2020-12-20 20:20:44","updated":"2025-07-20 02:52:49","seo_analyzer_scan_date":null,"focus_keyword":null,"additional_keywords":null,"truseo_locale":null},"jetpack_sharing_enabled":true,"jetpack-related-posts":[{"id":13101,"url":"https:\/\/www.jornalja.com.br\/arquivo\/morre-um-guerreiro-do-texto\/","url_meta":{"origin":58139,"position":0},"title":"Morre um guerreiro do texto","author":"Patr\u00edcia Marini","date":"14 de maio de 2014","format":false,"excerpt":"Por Ricardo Kotscho Reproduzido do blog do autor, 11\/5\/2014; t\u00edtulo original \u201cE l\u00e1 se foi o nosso Myltainho, guerreiro do texto\u201d. Mi\u00fado e franzino, meu amigo Myltainho era um valente e inconformado guerreiro na luta contra as injusti\u00e7as sociais, a hipocrisia, as maracutaias, o autoritarismo, a intoler\u00e2ncia, a viol\u00eancia, o\u2026","rel":"","context":"Em &quot;Geral&quot;","block_context":{"text":"Geral","link":"https:\/\/www.jornalja.com.br\/arquivo\/category\/geral\/"},"img":{"alt_text":"","src":"","width":0,"height":0},"classes":[]},{"id":5440,"url":"https:\/\/www.jornalja.com.br\/arquivo\/casarao-da-venancio-destino-permanece-incerto\/","url_meta":{"origin":58139,"position":1},"title":"Estado ainda n\u00e3o sabe o que fazer com casar\u00e3o abandonado h\u00e1 20 anos","author":"Elmar Bones","date":"6 de julho de 2009","format":false,"excerpt":"O casar\u00e3o amarelo, numa esquina nobre de Porto Alegre (Ven\u00e2ncio Aires com Jo\u00e3o Pessoa), j\u00e1 abrigou uma escola. H\u00e1 duas d\u00e9cadas, pelo menos, est\u00e1 abandonado, porque seu propriet\u00e1rio, o governo do Estado do Rio Grande do Sul, n\u00e3o consegue achar um destino para ele. Planos n\u00e3o faltaram. O governador Ol\u00edvio\u2026","rel":"","context":"Em &quot;X.Categorias velhas&quot;","block_context":{"text":"X.Categorias velhas","link":"https:\/\/www.jornalja.com.br\/arquivo\/category\/x-categorias-velhas\/"},"img":{"alt_text":"geraldo1","src":"https:\/\/i0.wp.com\/www.jornalja.com.br\/wp-content\/uploads\/2009\/07\/geraldo1.jpg?resize=350%2C200&ssl=1","width":350,"height":200},"classes":[]},{"id":13124,"url":"https:\/\/www.jornalja.com.br\/arquivo\/sangue-latino-no-iecine\/","url_meta":{"origin":58139,"position":2},"title":"Sangue latino no IECINE","author":"da Reda\u00e7\u00e3o","date":"18 de maio de 2014","format":false,"excerpt":"Francisco Ribeiro O Instituto Estadual de Cinema (IECINE) tem a frente, desde abril \u00faltimo, um novo diretor, o cineasta colombiano Juan Zapata, 36, que substitui Luiz Alberto Cassol. Radicado h\u00e1 dez anos em Porto Alegre, Zapata tem diante de si o desafio de conduzir at\u00e9 o final do ano um\u2026","rel":"","context":"Em &quot;Cultura-Geral&quot;","block_context":{"text":"Cultura-Geral","link":"https:\/\/www.jornalja.com.br\/arquivo\/category\/materiasecundaria\/"},"img":{"alt_text":"","src":"","width":0,"height":0},"classes":[]},{"id":13240,"url":"https:\/\/www.jornalja.com.br\/arquivo\/plano-diretor-estamos-construindo-o-caos\/","url_meta":{"origin":58139,"position":3},"title":"Plano diretor: &quot;Estamos construindo o caos&quot;","author":"Patr\u00edcia Marini","date":"26 de maio de 2014","format":false,"excerpt":"Desabafo que arquiteta Eliana Castilhos, delegada da Regi\u00e3o de Planejamento 1, postou nas redes sociais \u00e9 um testemunho do ambiente que se criou no Conselho do Plano Diretor de Porto Alegre, onde a aprova\u00e7\u00e3o de grandes empreendimentos \u00e9 empurrada guela abaixo dos conselheiros. Ao CMDUA Como delegada da Regi\u00e3o de\u2026","rel":"","context":"Em &quot;Geral&quot;","block_context":{"text":"Geral","link":"https:\/\/www.jornalja.com.br\/arquivo\/category\/geral\/"},"img":{"alt_text":"","src":"","width":0,"height":0},"classes":[]},{"id":13239,"url":"https:\/\/www.jornalja.com.br\/arquivo\/conselho-desdenha-do-plano-diretor\/","url_meta":{"origin":58139,"position":4},"title":"Porto Alegre: Conselho detona Plano Diretor","author":"Patr\u00edcia Marini","date":"25 de maio de 2014","format":false,"excerpt":"Den\u00fancia do arquiteto e \u00a0urbanista Ibir\u00e1 Santos Lucas. Ele diz que os conselheiros est\u00e3o votando com \"enorme irresponsabilidade\". \"Mudam regime com a maior naturalidade,,,regularizam absurdos de constru\u00e7\u00f5es irregulares... \"O CMDUA est\u00e1 flexibilizando a lei do plano diretor, de uma forma impactante na vida da cidade. Mudam regime com a maior\u2026","rel":"","context":"Em &quot;Geral&quot;","block_context":{"text":"Geral","link":"https:\/\/www.jornalja.com.br\/arquivo\/category\/geral\/"},"img":{"alt_text":"","src":"","width":0,"height":0},"classes":[]},{"id":13109,"url":"https:\/\/www.jornalja.com.br\/arquivo\/judiciario-reconhece-poluicao-eletromagnetica\/","url_meta":{"origin":58139,"position":5},"title":"Judici\u00e1rio reconhece polui\u00e7\u00e3o eletromagn\u00e9tica","author":"Patr\u00edcia Marini","date":"16 de maio de 2014","format":false,"excerpt":"A\u00e7\u00e3o de duas associa\u00e7\u00f5es de moradores foi acolhida pelo Tribunal de Justi\u00e7a de S\u00e3o Paulo que. em decis\u00e3o in\u00e9dita, determinou a redu\u00e7\u00e3o do campo eletromagn\u00e9tico gerado pelas linhas de transmiss\u00e3o de energia que cortam os bairros City Boa\u00e7ava e Alto de Pinheiros. \u00c9 a primeira vez que um tribunal do\u2026","rel":"","context":"Em &quot;X.Categorias velhas&quot;","block_context":{"text":"X.Categorias velhas","link":"https:\/\/www.jornalja.com.br\/arquivo\/category\/x-categorias-velhas\/"},"img":{"alt_text":"","src":"","width":0,"height":0},"classes":[]}],"jetpack_shortlink":"https:\/\/wp.me\/pbQjBd-f7J","jetpack_featured_media_url":"","_links":{"self":[{"href":"https:\/\/www.jornalja.com.br\/arquivo\/wp-json\/wp\/v2\/posts\/58139","targetHints":{"allow":["GET"]}}],"collection":[{"href":"https:\/\/www.jornalja.com.br\/arquivo\/wp-json\/wp\/v2\/posts"}],"about":[{"href":"https:\/\/www.jornalja.com.br\/arquivo\/wp-json\/wp\/v2\/types\/post"}],"author":[{"embeddable":true,"href":"https:\/\/www.jornalja.com.br\/arquivo\/wp-json\/wp\/v2\/users\/4"}],"replies":[{"embeddable":true,"href":"https:\/\/www.jornalja.com.br\/arquivo\/wp-json\/wp\/v2\/comments?post=58139"}],"version-history":[{"count":0,"href":"https:\/\/www.jornalja.com.br\/arquivo\/wp-json\/wp\/v2\/posts\/58139\/revisions"}],"wp:attachment":[{"href":"https:\/\/www.jornalja.com.br\/arquivo\/wp-json\/wp\/v2\/media?parent=58139"}],"wp:term":[{"taxonomy":"category","embeddable":true,"href":"https:\/\/www.jornalja.com.br\/arquivo\/wp-json\/wp\/v2\/categories?post=58139"},{"taxonomy":"post_tag","embeddable":true,"href":"https:\/\/www.jornalja.com.br\/arquivo\/wp-json\/wp\/v2\/tags?post=58139"}],"curies":[{"name":"wp","href":"https:\/\/api.w.org\/{rel}","templated":true}]}}