{"id":5818,"date":"2009-09-18T15:46:22","date_gmt":"2009-09-18T18:46:22","guid":{"rendered":"https:\/\/www.jornalja.com.br\/?p=5818"},"modified":"2009-09-18T15:46:22","modified_gmt":"2009-09-18T18:46:22","slug":"bom-jesus-ganha-acoes-do-territorio-da-paz","status":"publish","type":"post","link":"https:\/\/www.jornalja.com.br\/arquivo\/bom-jesus-ganha-acoes-do-territorio-da-paz\/","title":{"rendered":"Bom Jesus ganha a\u00e7\u00f5es do Territ\u00f3rio da Paz"},"content":{"rendered":"<p><img decoding=\"async\" src=\"https:\/\/www.jornalja.com.br\/wp-content\/uploads\/2009\/09\/foto_3.jpg\" alt=\"null\" \/><br \/>\nA comunidade do bairro Bom Jesus, em Porto Alegre, est\u00e1 experimentando um novo tipo de rela\u00e7\u00e3o com a Brigada Militar, que vai al\u00e9m da repress\u00e3o policial. \u00c9 o policiamento comunit\u00e1rio, uma das a\u00e7\u00f5es que integram o Territ\u00f3rio de Paz do Pronasci (Programa Nacional de Seguran\u00e7a P\u00fablica com Cidadania), do Minist\u00e9rio da Justi\u00e7a.<br \/>\nInstalado h\u00e1 dois meses na regi\u00e3o, o Pronasci prev\u00ea uma s\u00e9rie de medidas de seguran\u00e7a e cidadania que visam mudar a rotina dos moradores.<br \/>\nNo Bom Jesus, bairro que \u00e9 formado tamb\u00e9m por tr\u00eas grandes comunidades carentes, foram criados quatro postos de atendimento, com tr\u00eas policiais em cada, sempre pr\u00f3ximos de postos de sa\u00fade e de associa\u00e7\u00f5es comunit\u00e1rias. O PM Carlos Moraes diz que o trabalho consiste em conversar frequentemente com os comerciantes, a comunidade escolar e moradores. \u201c\u00c9 uma forma de saber mais sobre o cotidiano das pessoas. Os dependentes qu\u00edmicos, por exemplo, s\u00e3o orientados para uma poss\u00edvel interna\u00e7\u00e3o. \u00c9 um servi\u00e7o di\u00e1rio rotativo, feito com um micro-\u00f4nibus\u201d, explica.<br \/>\nA vendedora Daiane da Silva, 29 anos, j\u00e1 nota a diferen\u00e7a. \u201cEstou achando muito interessante. \u00c9 um trabalho bem feito e intimida as pessoas que est\u00e3o com a inten\u00e7\u00e3o de cometer algum crime, pois o policial est\u00e1 pr\u00f3ximo\u201d.<br \/>\n<img decoding=\"async\" src=\"https:\/\/www.jornalja.com.br\/wp-content\/uploads\/2009\/09\/foto_2.jpg\" alt=\"null\" \/><br \/>\nOutra a\u00e7\u00e3o em andamento \u00e9 o Protejo &#8211; Projeto de Prote\u00e7\u00e3o dos Jovens em Territ\u00f3rio Vulner\u00e1vel -, que oferece  atividades culturais, esportivas e educacionais aos jovens de 15 a 24 anos. De acordo com balan\u00e7o feito pela Funda\u00e7\u00e3o de Assist\u00eancia Social e Cidadania, respons\u00e1vel pela a\u00e7\u00e3o em Porto Alegre, 2.067 jovens se interessaram em participar do Protejo. Nesta primeira etapa, mil jovens ser\u00e3o atendidos.<br \/>\nA estudante Jenifer Madelaine, 16 anos, est\u00e1 entre os inscritos. Ela espera que o Protejo possa tirar os jovens das ruas e do mundo das drogas. \u201c\u00c9 triste ver as coisas como elas est\u00e3o. Tem meninos de 12 anos vendendo droga nas ruas. Com o Territ\u00f3rio de Paz, acho que tudo isso vai melhorar. Eu imagino que o Protejo seja algo bem legal e espero que depois dele jovens como eu tenham vontade de ser algu\u00e9m na vida&#8221;.<br \/>\nO \u201cMulheres da Paz\u201d \u00e9 outro projeto muito aguardado pela comunidade de Bom Jesus.  As inscri\u00e7\u00f5es devem ser abertas at\u00e9 o final do ano. Trezentas e vinte mulheres ser\u00e3o selecionadas e treinadas para identificar os jovens que correm o risco de entrar para o crime e encaminh\u00e1-los a projetos sociais. Cada mulher receber\u00e1 um aux\u00edlio mensal de R$ 190.<br \/>\nSegundo a coordenadora do \u201cMulheres da Paz\u201d em Porto Alegre, Beatriz Morem, o projeto trar\u00e1 in\u00fameros benef\u00edcios para a comunidade. \u201cAs mulheres ser\u00e3o orientadoras e mediadoras sociais, com informa\u00e7\u00f5es sobre direitos que, geralmente, as pessoas n\u00e3o t\u00eam nesses locais\u201d, enfatiza. Para saber como funcionar\u00e1 o projeto e a previs\u00e3o de in\u00edcio das inscri\u00e7\u00f5es do \u201cMulheres da Paz\u201d , as interessadas devem procurar a Secretaria Municipal de Direitos Humanos e Seguran\u00e7a Urbana, que fica na Rua Jo\u00e3o Alfredo 607, bairro Cidade Baixa. Telefone: (51) 3289.7022.<br \/>\nRedu\u00e7\u00e3o da criminalidade<br \/>\nO ministro da Justi\u00e7a, Tarso Genro, ressalta que os resultados do Pronasci devem ser esperados a m\u00e9dio e longo prazo. \u201cO Pronasci prop\u00f5e uma mudan\u00e7a de paradigma, que \u00e9 articular as pol\u00edticas sociais com as quest\u00f5es de seguran\u00e7a p\u00fablica, e isso n\u00e3o se faz de imediato.<br \/>\nO ministro ressalta a mais recente pesquisa da Funda\u00e7\u00e3o Get\u00falio Vargas, respons\u00e1vel em monitorar e avaliar as a\u00e7\u00f5es do Pronasci nos Territ\u00f3rios de Paz, que diagnosticou queda de 70% da criminalidade em Santo Amaro, no Recife (PE), com menos de um ano de implanta\u00e7\u00e3o do Programa.<br \/>\n\u201cNingu\u00e9m acreditava que poder\u00edamos reduzir esses \u00edndices de criminalidade e viol\u00eancia e eles t\u00eam sido reduzidos. \u00c9 um esfor\u00e7o conjunto entre os governos federal, estadual e municipal, al\u00e9m da participa\u00e7\u00e3o efetiva da sociedade civil e da pr\u00f3pria comunidade\u201d, acrescentou.<br \/>\nO que j\u00e1 est\u00e1 funcionando no Bom Jesus:<br \/>\nN\u00facleo de Justi\u00e7a Comunit\u00e1ria: Moradores da comunidade podem procurar o N\u00facleo para conhecer os seus direitos e resolver conflitos sem precisar procurar a pol\u00edcia ou a Justi\u00e7a. O N\u00facleo funciona no Instituto Cultural S\u00e3o Francisco de Assis, Centro de Promo\u00e7\u00e3o da Crian\u00e7a e do Adolescente, Estrada Jo\u00e3o de Oliveira Remi\u00e3o, n\u00ba 4444 \u2013 Lomba do Pinheiro, Porto Alegre.<br \/>\nN\u00facleo Especializado no Atendimento de Mulheres V\u00edtimas de Viol\u00eancia Dom\u00e9stica: Orienta as v\u00edtimas e oferece acompanhamento jur\u00eddico. Est\u00e1 instalado na Rua Sete de Setembro, n\u00ba 666, T\u00e9rreo \u2013 Centro, Porto Alegre.<br \/>\nAssist\u00eancia Jur\u00eddica Integral ao Preso e seus Familiares: Em Porto Alegre, o projeto funciona na Rua M\u00e1rcio Lu\u00eds Veras Vidor, n\u00ba 10, sala 405 \u2013 Praia de Belas, Porto Alegre.<br \/>\nBenef\u00edcios para o policial<br \/>\nO Pronasci envolve tamb\u00e9m a\u00e7\u00f5es voltadas para o profissional de seguran\u00e7a p\u00fablica. S\u00e3o disponibilizados cursos gratuitos para qualificar o atendimento \u00e0 popula\u00e7\u00e3o e os participantes podem ter direito ao Bolsa Forma\u00e7\u00e3o, um aux\u00edlio mensal de 400 reais concedido a policiais civis, militares, bombeiros, guardas municipais, agentes penitenci\u00e1rios e peritos.<br \/>\nOutro benef\u00edcio s\u00e3o as condi\u00e7\u00f5es especiais de financiamento habitacional oferecidas pela Caixa Econ\u00f4mica Federal. Os interessados devem procurar a ag\u00eancia central de Porto Alegre, que fica na Pra\u00e7a da Alf\u00e2ndega.<\/p>\n","protected":false},"excerpt":{"rendered":"<p>A comunidade do bairro Bom Jesus, em Porto Alegre, est\u00e1 experimentando um novo tipo de rela\u00e7\u00e3o com a Brigada Militar, que vai al\u00e9m da repress\u00e3o policial. \u00c9 o policiamento comunit\u00e1rio, uma das a\u00e7\u00f5es que integram o Territ\u00f3rio de Paz do Pronasci (Programa Nacional de Seguran\u00e7a P\u00fablica com Cidadania), do Minist\u00e9rio da Justi\u00e7a. Instalado h\u00e1 dois [&hellip;]<\/p>\n","protected":false},"author":5,"featured_media":0,"comment_status":"open","ping_status":"open","sticky":false,"template":"","format":"standard","meta":{"_jetpack_memberships_contains_paid_content":false,"footnotes":""},"categories":[2],"tags":[250,257,252],"class_list":["post-5818","post","type-post","status-publish","format-standard","hentry","category-x-categorias-velhas","tag-criminalidade","tag-seguranca","tag-violencia"],"aioseo_notices":[],"jetpack_featured_media_url":"","jetpack_sharing_enabled":true,"jetpack-related-posts":[],"jetpack_shortlink":"https:\/\/wp.me\/pbQjBd-1vQ","_links":{"self":[{"href":"https:\/\/www.jornalja.com.br\/arquivo\/wp-json\/wp\/v2\/posts\/5818","targetHints":{"allow":["GET"]}}],"collection":[{"href":"https:\/\/www.jornalja.com.br\/arquivo\/wp-json\/wp\/v2\/posts"}],"about":[{"href":"https:\/\/www.jornalja.com.br\/arquivo\/wp-json\/wp\/v2\/types\/post"}],"author":[{"embeddable":true,"href":"https:\/\/www.jornalja.com.br\/arquivo\/wp-json\/wp\/v2\/users\/5"}],"replies":[{"embeddable":true,"href":"https:\/\/www.jornalja.com.br\/arquivo\/wp-json\/wp\/v2\/comments?post=5818"}],"version-history":[{"count":0,"href":"https:\/\/www.jornalja.com.br\/arquivo\/wp-json\/wp\/v2\/posts\/5818\/revisions"}],"wp:attachment":[{"href":"https:\/\/www.jornalja.com.br\/arquivo\/wp-json\/wp\/v2\/media?parent=5818"}],"wp:term":[{"taxonomy":"category","embeddable":true,"href":"https:\/\/www.jornalja.com.br\/arquivo\/wp-json\/wp\/v2\/categories?post=5818"},{"taxonomy":"post_tag","embeddable":true,"href":"https:\/\/www.jornalja.com.br\/arquivo\/wp-json\/wp\/v2\/tags?post=5818"}],"curies":[{"name":"wp","href":"https:\/\/api.w.org\/{rel}","templated":true}]}}