{"id":58260,"date":"2017-12-12T23:58:24","date_gmt":"2017-12-13T01:58:24","guid":{"rendered":"https:\/\/www.jornalja.com.br\/?p=58260"},"modified":"2017-12-12T23:58:24","modified_gmt":"2017-12-13T01:58:24","slug":"jornal-ja-recebe-premio-de-jornalismo-do-ministerio-publico","status":"publish","type":"post","link":"https:\/\/www.jornalja.com.br\/arquivo\/jornal-ja-recebe-premio-de-jornalismo-do-ministerio-publico\/","title":{"rendered":"Jornal J\u00c1 recebe Pr\u00eamio de Jornalismo do Minist\u00e9rio P\u00fablico"},"content":{"rendered":"<p>O jornalista Cleber Dioni Tentardini recebeu hoje pela manh\u00e3 o &#8220;Pr\u00eamio Jornalismo Minist\u00e9rio P\u00fablico do Rio Grande do Sul&#8221;, com a s\u00e9rie de reportagens \u201c<a href=\"https:\/\/www.jornalja.com.br\/patrimonio\/\">Patrim\u00f4nio Amea\u00e7ado\u201d, sobre a Funda\u00e7\u00e3o Zoobot\u00e2nica do Rio Grande do Sul, publicada no Jornal J\u00c1<\/a>.<br \/>\nA\u00a0s\u00e9rie, agraciada com o\u00a0primeiro lugar na categoria Web, tem mais de\u00a040 reportagens e 350 fotos e ilustra\u00e7\u00f5es\u00a0e traz uma vis\u00e3o ampla das tr\u00eas institui\u00e7\u00f5es que est\u00e3o vinculadas \u00e0 FZB, destacando o trabalho realizado no Jardim Bot\u00e2nico, Museu de Ci\u00eancias Naturais e Parque Zool\u00f3gico e os esfor\u00e7os do Minist\u00e9rio P\u00fablico para evitar os preju\u00edzos para o Estado frente ao desmonte de uma estrutura de conserva\u00e7\u00e3o do meio ambiente, fundamental para a pesquisa cient\u00edfica e a conserva\u00e7\u00e3o da biodiversidade rio-grandense.<br \/>\n<img loading=\"lazy\" decoding=\"async\" class=\"alignleft wp-image-58272\" src=\"https:\/\/www.jornalja.com.br\/wp-content\/uploads\/2017\/12\/IMG_3697-400x377.jpg\" alt=\"\" width=\"358\" height=\"338\" \/>A premia\u00e7\u00e3o, em sua\u00a019\u00aa edi\u00e7\u00e3o, que \u00e9 tradicionalmente promovida pela Procuradoria-Geral de Justi\u00e7a, Associa\u00e7\u00e3o do Minist\u00e9rio P\u00fablico (AMP) e Funda\u00e7\u00e3o Escola Superior do Minist\u00e9rio P\u00fablico (FMP), com apoio do Sindicato dos Jornalistas Profissionais do RS e Associa\u00e7\u00e3o Riograndense de Imprensa (ARI), ocorreu nas depend\u00eancias externas do Pal\u00e1cio do Minist\u00e9rio P\u00fablico.<br \/>\nParticiparam o procurador-geral de Justi\u00e7a, Fabiano Dallazen; o presidente da AMP, S\u00e9rgio Hiane Harris; assim como integrantes do Minist\u00e9rio P\u00fablico e jornalistas.<br \/>\nNo total, 91 trabalhos jornal\u00edsticos foram inscritos, entre as categorias: Impressa, TV, R\u00e1dio, Web, Fotografia e Especial. Os vencedores receberam quantia em dinheiro e comendas, oferecidas pela Associa\u00e7\u00e3o do Minist\u00e9rio P\u00fablico e Escola Superior do Minist\u00e9rio P\u00fablico.<br \/>\nNesta 19\u00aa edi\u00e7\u00e3o, a categoria Especial do &#8220;Pr\u00eamio Jornalismo Minist\u00e9rio P\u00fablico do Rio Grande do Sul&#8221; homenageou o jornalista Ricardo Andrade Grecell\u00e9 que atuou durante 15 anos na Assessoria de Imprensa do MP e faleceu, em acidente de tr\u00e2nsito, em 22 de novembro do ano passado.<br \/>\n<figure id=\"attachment_58263\" aria-describedby=\"caption-attachment-58263\" style=\"width: 1024px\" class=\"wp-caption alignnone\"><img loading=\"lazy\" decoding=\"async\" class=\"wp-image-58263 size-full\" src=\"https:\/\/www.jornalja.com.br\/wp-content\/uploads\/2017\/12\/Os-agraciados-com-o-Pr\u00eamio-Jornalismo-em-2017_Fotos__PG-Alves_MPRS.jpg\" alt=\"\" width=\"1024\" height=\"678\" \/><figcaption id=\"caption-attachment-58263\" class=\"wp-caption-text\">Os agraciados com o Pr\u00eamio Jornalismo em 2017<\/figcaption><\/figure><br \/>\nFalando em nome dos agraciados, o jornalista Eduardo Matos lembrou que o MP \u00e9 conhecido pela atua\u00e7\u00e3o em diversas frentes, sempre em defesa da cidadania.<br \/>\nEm seguida, o presidente da AMP, S\u00e9rgio Harris, lembrou que existem dois pilares em uma democracia: um Minist\u00e9rio P\u00fablico independente e uma imprensa livre. Segundo ele, o momento de agraciar as reportagens que melhor retrataram a atua\u00e7\u00e3o da Institui\u00e7\u00e3o mostra a import\u00e2ncia de tais pilares na sociedade.<br \/>\nPor fim, o procurador-geral de Justi\u00e7a destacou que a premia\u00e7\u00e3o serve para que o MP e a imprensa \u201cconfraternizem uma parceria que \u00e9 do dia a dia\u201d. Fabiano Dallazen recordou que a atua\u00e7\u00e3o do MP vai desde \u201ca presen\u00e7a na \u00e1rea penal at\u00e9 fiscalizar e exigir o cumprimento de pol\u00edticas p\u00fablicas em diversas \u00e1reas, como a inf\u00e2ncia e juventude, idosos, entre outras\u201d. Nesse contexto, frisou que a parceria entre MP e a imprensa \u00e9 \u201cessencial\u201d. O PGJ destacou, ainda, que 2017 foi um ano de muito trabalho para a Institui\u00e7\u00e3o e que, no pr\u00f3ximo ano, um ano de elei\u00e7\u00f5es e que promete ser caracterizado por dificuldades e radicalismos, o MP continuar\u00e1 atuando fortemente na defesa da cidadania. \u201c2018 ser\u00e1 um ano de responsabilidades e de muito trabalho\u201d, finalizou sua fala.<br \/>\nTamb\u00e9m estiveram presentes na cerim\u00f4nia de premia\u00e7\u00e3o a subprocuradora-geral de Justi\u00e7a de Gest\u00e3o Estrat\u00e9gica, Ana Petrucci; o chefe de gabinete e secret\u00e1rio-geral, J\u00falio C\u00e9sar de Melo; o promotor-assessor Cristiano Ledur; os promotores Ana Maria Moreira Marchesan, Cl\u00e1udio Ari Pinheiro de Mello e Ivana Machado Battaglin, que tiveram seus trabalhos destacados nas mat\u00e9rias jornal\u00edsticas agraciadas com a premia\u00e7\u00e3o; a vice-presidente da AMP, Martha Silva Beltrame; o presidente da Associa\u00e7\u00e3o Riograndense de Imprensa (ARI), Luiz Adolfo Lino de Souza; o diretor do Departamento de Assist\u00eancia Social da ARI, Ayres Cerutti; o diretor de Jornalismo da RBSTV, Cezar Freitas; o diretor do Sindicato dos Jornalistas do Rio Grande do Sul, Eduardo Silveira; familiares do jornalista Ricardo Grecell\u00e9, os professores universit\u00e1rios Luciana Kraemer e Roberto Belmonte, que orientaram os trabalhos acad\u00eamicos laureados, al\u00e9m de jornalistas, servidores, representantes de entidades e acad\u00eamicos.<\/p>\n","protected":false},"excerpt":{"rendered":"<p>O jornalista Cleber Dioni Tentardini recebeu hoje pela manh\u00e3 o &#8220;Pr\u00eamio Jornalismo Minist\u00e9rio P\u00fablico do Rio Grande do Sul&#8221;, com a s\u00e9rie de reportagens \u201cPatrim\u00f4nio Amea\u00e7ado\u201d, sobre a Funda\u00e7\u00e3o Zoobot\u00e2nica do Rio Grande do Sul, publicada no Jornal J\u00c1. A\u00a0s\u00e9rie, agraciada com o\u00a0primeiro lugar na categoria Web, tem mais de\u00a040 reportagens e 350 fotos e [&hellip;]<\/p>\n","protected":false},"author":4,"featured_media":58262,"comment_status":"open","ping_status":"closed","sticky":false,"template":"","format":"standard","meta":{"_jetpack_newsletter_access":"","_jetpack_dont_email_post_to_subs":false,"_jetpack_newsletter_tier_id":0,"_jetpack_memberships_contains_paywalled_content":false,"_jetpack_feature_clip_id":0,"_jetpack_memberships_contains_paid_content":false,"footnotes":"","jetpack_post_was_ever_published":false},"categories":[26],"tags":[],"class_list":["post-58260","post","type-post","status-publish","format-standard","has-post-thumbnail","hentry","category-geral"],"aioseo_notices":[],"aioseo_head":"\n\t\t<!-- All in One SEO 5.0.1.1 - aioseo.com -->\n\t<meta name=\"robots\" content=\"max-image-preview:large\" \/>\n\t<meta name=\"author\" content=\"da Reda\u00e7\u00e3o\"\/>\n\t<link rel=\"canonical\" href=\"https:\/\/www.jornalja.com.br\/arquivo\/jornal-ja-recebe-premio-de-jornalismo-do-ministerio-publico\/\" \/>\n\t<meta name=\"generator\" content=\"All in One SEO (AIOSEO) 5.0.1.1\" \/>\n\t\t<meta property=\"og:locale\" content=\"pt_BR\" \/>\n\t\t<meta property=\"og:site_name\" content=\"Arquivo | Jornal J\u00c1 | Porto Alegre\" \/>\n\t\t<meta property=\"og:type\" content=\"article\" \/>\n\t\t<meta property=\"og:title\" content=\"Jornal J\u00c1 recebe Pr\u00eamio de Jornalismo do Minist\u00e9rio P\u00fablico | Arquivo\" \/>\n\t\t<meta property=\"og:url\" content=\"https:\/\/www.jornalja.com.br\/arquivo\/jornal-ja-recebe-premio-de-jornalismo-do-ministerio-publico\/\" \/>\n\t\t<meta property=\"og:image\" content=\"https:\/\/www.jornalja.com.br\/wp-content\/uploads\/2017\/12\/IMG_3697-400x377.jpg\" \/>\n\t\t<meta property=\"og:image:secure_url\" content=\"https:\/\/www.jornalja.com.br\/wp-content\/uploads\/2017\/12\/IMG_3697-400x377.jpg\" \/>\n\t\t<meta property=\"article:published_time\" content=\"2017-12-13T01:58:24+00:00\" \/>\n\t\t<meta property=\"article:modified_time\" content=\"2017-12-13T01:58:24+00:00\" \/>\n\t\t<meta name=\"twitter:card\" content=\"summary\" \/>\n\t\t<meta name=\"twitter:title\" content=\"Jornal J\u00c1 recebe Pr\u00eamio de Jornalismo do Minist\u00e9rio P\u00fablico | Arquivo\" \/>\n\t\t<meta name=\"twitter:image\" content=\"https:\/\/www.jornalja.com.br\/economics\/wp-content\/uploads\/sites\/11\/2026\/08\/ja-folhaderosto-facebook.jpg\" \/>\n\t\t<script type=\"application\/ld+json\" class=\"aioseo-schema\">\n\t\t\t{\"@context\":\"https:\\\/\\\/schema.org\",\"@graph\":[{\"@type\":\"BlogPosting\",\"@id\":\"https:\\\/\\\/www.jornalja.com.br\\\/arquivo\\\/jornal-ja-recebe-premio-de-jornalismo-do-ministerio-publico\\\/#blogposting\",\"name\":\"Jornal J\\u00c1 recebe Pr\\u00eamio de Jornalismo do Minist\\u00e9rio P\\u00fablico | Arquivo\",\"headline\":\"Jornal J\\u00c1 recebe Pr\\u00eamio de Jornalismo do Minist\\u00e9rio P\\u00fablico\",\"author\":{\"@id\":\"https:\\\/\\\/www.jornalja.com.br\\\/arquivo\\\/author\\\/daredacao\\\/#author\"},\"publisher\":{\"@id\":\"https:\\\/\\\/www.jornalja.com.br\\\/arquivo\\\/#organization\"},\"image\":{\"@type\":\"ImageObject\",\"url\":58262},\"datePublished\":\"2017-12-12T23:58:24-02:00\",\"dateModified\":\"2017-12-12T23:58:24-02:00\",\"inLanguage\":\"pt-BR\",\"mainEntityOfPage\":{\"@id\":\"https:\\\/\\\/www.jornalja.com.br\\\/arquivo\\\/jornal-ja-recebe-premio-de-jornalismo-do-ministerio-publico\\\/#webpage\"},\"isPartOf\":{\"@id\":\"https:\\\/\\\/www.jornalja.com.br\\\/arquivo\\\/jornal-ja-recebe-premio-de-jornalismo-do-ministerio-publico\\\/#webpage\"},\"articleSection\":\"Geral\"},{\"@type\":\"BreadcrumbList\",\"@id\":\"https:\\\/\\\/www.jornalja.com.br\\\/arquivo\\\/jornal-ja-recebe-premio-de-jornalismo-do-ministerio-publico\\\/#breadcrumblist\",\"itemListElement\":[{\"@type\":\"ListItem\",\"@id\":\"https:\\\/\\\/www.jornalja.com.br\\\/arquivo#listItem\",\"position\":1,\"name\":\"Home\",\"item\":\"https:\\\/\\\/www.jornalja.com.br\\\/arquivo\",\"nextItem\":{\"@type\":\"ListItem\",\"@id\":\"https:\\\/\\\/www.jornalja.com.br\\\/arquivo\\\/category\\\/geral\\\/#listItem\",\"name\":\"Geral\"}},{\"@type\":\"ListItem\",\"@id\":\"https:\\\/\\\/www.jornalja.com.br\\\/arquivo\\\/category\\\/geral\\\/#listItem\",\"position\":2,\"name\":\"Geral\",\"item\":\"https:\\\/\\\/www.jornalja.com.br\\\/arquivo\\\/category\\\/geral\\\/\",\"nextItem\":{\"@type\":\"ListItem\",\"@id\":\"https:\\\/\\\/www.jornalja.com.br\\\/arquivo\\\/jornal-ja-recebe-premio-de-jornalismo-do-ministerio-publico\\\/#listItem\",\"name\":\"Jornal J\\u00c1 recebe Pr\\u00eamio de Jornalismo do Minist\\u00e9rio P\\u00fablico\"},\"previousItem\":{\"@type\":\"ListItem\",\"@id\":\"https:\\\/\\\/www.jornalja.com.br\\\/arquivo#listItem\",\"name\":\"Home\"}},{\"@type\":\"ListItem\",\"@id\":\"https:\\\/\\\/www.jornalja.com.br\\\/arquivo\\\/jornal-ja-recebe-premio-de-jornalismo-do-ministerio-publico\\\/#listItem\",\"position\":3,\"name\":\"Jornal J\\u00c1 recebe Pr\\u00eamio de Jornalismo do Minist\\u00e9rio P\\u00fablico\",\"previousItem\":{\"@type\":\"ListItem\",\"@id\":\"https:\\\/\\\/www.jornalja.com.br\\\/arquivo\\\/category\\\/geral\\\/#listItem\",\"name\":\"Geral\"}}]},{\"@type\":\"Organization\",\"@id\":\"https:\\\/\\\/www.jornalja.com.br\\\/arquivo\\\/#organization\",\"name\":\"Jornal J\\u00c1\",\"description\":\"Jornal J\\u00c1 | Porto Alegre\",\"url\":\"https:\\\/\\\/www.jornalja.com.br\\\/arquivo\\\/\",\"telephone\":\"+555133307272\",\"logo\":{\"@type\":\"ImageObject\",\"url\":\"https:\\\/\\\/www.jornalja.com.br\\\/wp-content\\\/uploads\\\/cards\\\/JAslogan.png\",\"@id\":\"https:\\\/\\\/www.jornalja.com.br\\\/arquivo\\\/jornal-ja-recebe-premio-de-jornalismo-do-ministerio-publico\\\/#organizationLogo\"},\"image\":{\"@id\":\"https:\\\/\\\/www.jornalja.com.br\\\/arquivo\\\/jornal-ja-recebe-premio-de-jornalismo-do-ministerio-publico\\\/#organizationLogo\"}},{\"@type\":\"Person\",\"@id\":\"https:\\\/\\\/www.jornalja.com.br\\\/arquivo\\\/author\\\/daredacao\\\/#author\",\"url\":\"https:\\\/\\\/www.jornalja.com.br\\\/arquivo\\\/author\\\/daredacao\\\/\",\"name\":\"da Reda\\u00e7\\u00e3o\",\"image\":{\"@type\":\"ImageObject\",\"@id\":\"https:\\\/\\\/www.jornalja.com.br\\\/arquivo\\\/jornal-ja-recebe-premio-de-jornalismo-do-ministerio-publico\\\/#authorImage\",\"url\":\"https:\\\/\\\/secure.gravatar.com\\\/avatar\\\/469fd857d6605ad19919d27ed29d35a968a25f6e8fd9318356bbb7f57aae9c65?s=96&d=mm&r=g\",\"width\":96,\"height\":96,\"caption\":\"da Reda\\u00e7\\u00e3o\"}},{\"@type\":\"WebPage\",\"@id\":\"https:\\\/\\\/www.jornalja.com.br\\\/arquivo\\\/jornal-ja-recebe-premio-de-jornalismo-do-ministerio-publico\\\/#webpage\",\"url\":\"https:\\\/\\\/www.jornalja.com.br\\\/arquivo\\\/jornal-ja-recebe-premio-de-jornalismo-do-ministerio-publico\\\/\",\"name\":\"Jornal J\\u00c1 recebe Pr\\u00eamio de Jornalismo do Minist\\u00e9rio P\\u00fablico | Arquivo\",\"inLanguage\":\"pt-BR\",\"isPartOf\":{\"@id\":\"https:\\\/\\\/www.jornalja.com.br\\\/arquivo\\\/#website\"},\"breadcrumb\":{\"@id\":\"https:\\\/\\\/www.jornalja.com.br\\\/arquivo\\\/jornal-ja-recebe-premio-de-jornalismo-do-ministerio-publico\\\/#breadcrumblist\"},\"author\":{\"@id\":\"https:\\\/\\\/www.jornalja.com.br\\\/arquivo\\\/author\\\/daredacao\\\/#author\"},\"creator\":{\"@id\":\"https:\\\/\\\/www.jornalja.com.br\\\/arquivo\\\/author\\\/daredacao\\\/#author\"},\"image\":{\"@type\":\"ImageObject\",\"url\":58262,\"@id\":\"https:\\\/\\\/www.jornalja.com.br\\\/arquivo\\\/jornal-ja-recebe-premio-de-jornalismo-do-ministerio-publico\\\/#mainImage\"},\"primaryImageOfPage\":{\"@id\":\"https:\\\/\\\/www.jornalja.com.br\\\/arquivo\\\/jornal-ja-recebe-premio-de-jornalismo-do-ministerio-publico\\\/#mainImage\"},\"datePublished\":\"2017-12-12T23:58:24-02:00\",\"dateModified\":\"2017-12-12T23:58:24-02:00\"},{\"@type\":\"WebSite\",\"@id\":\"https:\\\/\\\/www.jornalja.com.br\\\/arquivo\\\/#website\",\"url\":\"https:\\\/\\\/www.jornalja.com.br\\\/arquivo\\\/\",\"name\":\"Arquivo\",\"description\":\"Jornal J\\u00c1 | Porto Alegre\",\"inLanguage\":\"pt-BR\",\"publisher\":{\"@id\":\"https:\\\/\\\/www.jornalja.com.br\\\/arquivo\\\/#organization\"}}]}\n\t\t<\/script>\n\t\t<!-- All in One SEO -->\n\n","aioseo_head_json":{"title":"Jornal J\u00c1 recebe Pr\u00eamio de Jornalismo do Minist\u00e9rio P\u00fablico | Arquivo","description":"","canonical_url":"https:\/\/www.jornalja.com.br\/arquivo\/jornal-ja-recebe-premio-de-jornalismo-do-ministerio-publico\/","robots":"max-image-preview:large","keywords":"","webmasterTools":{"miscellaneous":""},"schema":{"@context":"https:\/\/schema.org","@graph":[{"@type":"BlogPosting","@id":"https:\/\/www.jornalja.com.br\/arquivo\/jornal-ja-recebe-premio-de-jornalismo-do-ministerio-publico\/#blogposting","name":"Jornal J\u00c1 recebe Pr\u00eamio de Jornalismo do Minist\u00e9rio P\u00fablico | Arquivo","headline":"Jornal J\u00c1 recebe Pr\u00eamio de Jornalismo do Minist\u00e9rio P\u00fablico","author":{"@id":"https:\/\/www.jornalja.com.br\/arquivo\/author\/daredacao\/#author"},"publisher":{"@id":"https:\/\/www.jornalja.com.br\/arquivo\/#organization"},"image":{"@type":"ImageObject","url":58262},"datePublished":"2017-12-12T23:58:24-02:00","dateModified":"2017-12-12T23:58:24-02:00","inLanguage":"pt-BR","mainEntityOfPage":{"@id":"https:\/\/www.jornalja.com.br\/arquivo\/jornal-ja-recebe-premio-de-jornalismo-do-ministerio-publico\/#webpage"},"isPartOf":{"@id":"https:\/\/www.jornalja.com.br\/arquivo\/jornal-ja-recebe-premio-de-jornalismo-do-ministerio-publico\/#webpage"},"articleSection":"Geral"},{"@type":"BreadcrumbList","@id":"https:\/\/www.jornalja.com.br\/arquivo\/jornal-ja-recebe-premio-de-jornalismo-do-ministerio-publico\/#breadcrumblist","itemListElement":[{"@type":"ListItem","@id":"https:\/\/www.jornalja.com.br\/arquivo#listItem","position":1,"name":"Home","item":"https:\/\/www.jornalja.com.br\/arquivo","nextItem":{"@type":"ListItem","@id":"https:\/\/www.jornalja.com.br\/arquivo\/category\/geral\/#listItem","name":"Geral"}},{"@type":"ListItem","@id":"https:\/\/www.jornalja.com.br\/arquivo\/category\/geral\/#listItem","position":2,"name":"Geral","item":"https:\/\/www.jornalja.com.br\/arquivo\/category\/geral\/","nextItem":{"@type":"ListItem","@id":"https:\/\/www.jornalja.com.br\/arquivo\/jornal-ja-recebe-premio-de-jornalismo-do-ministerio-publico\/#listItem","name":"Jornal J\u00c1 recebe Pr\u00eamio de Jornalismo do Minist\u00e9rio P\u00fablico"},"previousItem":{"@type":"ListItem","@id":"https:\/\/www.jornalja.com.br\/arquivo#listItem","name":"Home"}},{"@type":"ListItem","@id":"https:\/\/www.jornalja.com.br\/arquivo\/jornal-ja-recebe-premio-de-jornalismo-do-ministerio-publico\/#listItem","position":3,"name":"Jornal J\u00c1 recebe Pr\u00eamio de Jornalismo do Minist\u00e9rio P\u00fablico","previousItem":{"@type":"ListItem","@id":"https:\/\/www.jornalja.com.br\/arquivo\/category\/geral\/#listItem","name":"Geral"}}]},{"@type":"Organization","@id":"https:\/\/www.jornalja.com.br\/arquivo\/#organization","name":"Jornal J\u00c1","description":"Jornal J\u00c1 | Porto Alegre","url":"https:\/\/www.jornalja.com.br\/arquivo\/","telephone":"+555133307272","logo":{"@type":"ImageObject","url":"https:\/\/www.jornalja.com.br\/wp-content\/uploads\/cards\/JAslogan.png","@id":"https:\/\/www.jornalja.com.br\/arquivo\/jornal-ja-recebe-premio-de-jornalismo-do-ministerio-publico\/#organizationLogo"},"image":{"@id":"https:\/\/www.jornalja.com.br\/arquivo\/jornal-ja-recebe-premio-de-jornalismo-do-ministerio-publico\/#organizationLogo"}},{"@type":"Person","@id":"https:\/\/www.jornalja.com.br\/arquivo\/author\/daredacao\/#author","url":"https:\/\/www.jornalja.com.br\/arquivo\/author\/daredacao\/","name":"da Reda\u00e7\u00e3o","image":{"@type":"ImageObject","@id":"https:\/\/www.jornalja.com.br\/arquivo\/jornal-ja-recebe-premio-de-jornalismo-do-ministerio-publico\/#authorImage","url":"https:\/\/secure.gravatar.com\/avatar\/469fd857d6605ad19919d27ed29d35a968a25f6e8fd9318356bbb7f57aae9c65?s=96&d=mm&r=g","width":96,"height":96,"caption":"da Reda\u00e7\u00e3o"}},{"@type":"WebPage","@id":"https:\/\/www.jornalja.com.br\/arquivo\/jornal-ja-recebe-premio-de-jornalismo-do-ministerio-publico\/#webpage","url":"https:\/\/www.jornalja.com.br\/arquivo\/jornal-ja-recebe-premio-de-jornalismo-do-ministerio-publico\/","name":"Jornal J\u00c1 recebe Pr\u00eamio de Jornalismo do Minist\u00e9rio P\u00fablico | Arquivo","inLanguage":"pt-BR","isPartOf":{"@id":"https:\/\/www.jornalja.com.br\/arquivo\/#website"},"breadcrumb":{"@id":"https:\/\/www.jornalja.com.br\/arquivo\/jornal-ja-recebe-premio-de-jornalismo-do-ministerio-publico\/#breadcrumblist"},"author":{"@id":"https:\/\/www.jornalja.com.br\/arquivo\/author\/daredacao\/#author"},"creator":{"@id":"https:\/\/www.jornalja.com.br\/arquivo\/author\/daredacao\/#author"},"image":{"@type":"ImageObject","url":58262,"@id":"https:\/\/www.jornalja.com.br\/arquivo\/jornal-ja-recebe-premio-de-jornalismo-do-ministerio-publico\/#mainImage"},"primaryImageOfPage":{"@id":"https:\/\/www.jornalja.com.br\/arquivo\/jornal-ja-recebe-premio-de-jornalismo-do-ministerio-publico\/#mainImage"},"datePublished":"2017-12-12T23:58:24-02:00","dateModified":"2017-12-12T23:58:24-02:00"},{"@type":"WebSite","@id":"https:\/\/www.jornalja.com.br\/arquivo\/#website","url":"https:\/\/www.jornalja.com.br\/arquivo\/","name":"Arquivo","description":"Jornal J\u00c1 | Porto Alegre","inLanguage":"pt-BR","publisher":{"@id":"https:\/\/www.jornalja.com.br\/arquivo\/#organization"}}]},"og:locale":"pt_BR","og:site_name":"Arquivo | Jornal J\u00c1 | Porto Alegre","og:type":"article","og:title":"Jornal J\u00c1 recebe Pr\u00eamio de Jornalismo do Minist\u00e9rio P\u00fablico | Arquivo","og:url":"https:\/\/www.jornalja.com.br\/arquivo\/jornal-ja-recebe-premio-de-jornalismo-do-ministerio-publico\/","og:image":"https:\/\/www.jornalja.com.br\/wp-content\/uploads\/2017\/12\/IMG_3697-400x377.jpg","og:image:secure_url":"https:\/\/www.jornalja.com.br\/wp-content\/uploads\/2017\/12\/IMG_3697-400x377.jpg","article:published_time":"2017-12-13T01:58:24+00:00","article:modified_time":"2017-12-13T01:58:24+00:00","twitter:card":"summary","twitter:title":"Jornal J\u00c1 recebe Pr\u00eamio de Jornalismo do Minist\u00e9rio P\u00fablico | Arquivo","twitter:image":"https:\/\/www.jornalja.com.br\/economics\/wp-content\/uploads\/sites\/11\/2026\/08\/ja-folhaderosto-facebook.jpg"},"aioseo_meta_data":{"post_id":"58260","title":null,"description":null,"keywords":null,"keyphrases":null,"primary_term":null,"canonical_url":null,"og_title":null,"og_description":null,"og_object_type":"default","og_image_type":"default","og_image_url":null,"og_image_width":null,"og_image_height":null,"og_image_custom_url":null,"og_image_custom_fields":null,"og_video":null,"og_custom_url":null,"og_article_section":null,"og_article_tags":null,"twitter_use_og":false,"twitter_card":"default","twitter_image_type":"default","twitter_image_url":null,"twitter_image_custom_url":null,"twitter_image_custom_fields":null,"twitter_title":null,"twitter_description":null,"schema":{"blockGraphs":[],"customGraphs":[],"default":{"data":{"Article":[],"Course":[],"Dataset":[],"FAQPage":[],"Movie":[],"Person":[],"Product":[],"ProductReview":[],"Car":[],"Recipe":[],"Service":[],"SoftwareApplication":[],"WebPage":[]},"graphName":"","isEnabled":true},"graphs":[]},"schema_type":null,"schema_type_options":null,"pillar_content":false,"robots_default":true,"robots_noindex":false,"robots_noarchive":false,"robots_nosnippet":false,"robots_nofollow":false,"robots_noimageindex":false,"robots_noodp":false,"robots_notranslate":false,"robots_max_snippet":null,"robots_max_videopreview":null,"robots_max_imagepreview":"large","priority":null,"frequency":null,"location":null,"local_seo":null,"breadcrumb_settings":null,"limit_modified_date":false,"ai":null,"created":"2020-12-20 20:20:44","updated":"2025-07-20 02:52:49","seo_analyzer_scan_date":null,"focus_keyword":null,"additional_keywords":null,"truseo_locale":null},"jetpack_sharing_enabled":true,"jetpack-related-posts":[{"id":14241,"url":"https:\/\/www.jornalja.com.br\/arquivo\/o-guaiba-nas-imagens-poeticas-de-achutti\/","url_meta":{"origin":58260,"position":0},"title":"O Gua\u00edba nas imagens po\u00e9ticas de Achutti","author":"da Reda\u00e7\u00e3o","date":"18 de junho de 2014","format":false,"excerpt":"Em \u201cO Gua\u00edba por Achutti\u201d \u2013 obra financiada via Minist\u00e9rio da Cultura, produ\u00e7\u00e3o executiva de Pedro Longhi, e Fl\u00e1vio Wild como designer \u2013, o fot\u00f3grafo revela a beleza e as mazelas de um espa\u00e7o aqu\u00e1tico de \u00e1guas sempre renovadas, cheio de hist\u00f3rias e lendas como as das cidades que foram\u2026","rel":"","context":"Em &quot;Cultura-Geral&quot;","block_context":{"text":"Cultura-Geral","link":"https:\/\/www.jornalja.com.br\/arquivo\/category\/materiasecundaria\/"},"img":{"alt_text":"","src":"","width":0,"height":0},"classes":[]},{"id":12960,"url":"https:\/\/www.jornalja.com.br\/arquivo\/populacao-culpa-empresas-pela-greve-dos-rodoviarios\/","url_meta":{"origin":58260,"position":1},"title":"Popula\u00e7\u00e3o culpa empresas pela greve","author":"Patr\u00edcia Marini","date":"14 de fevereiro de 2014","format":false,"excerpt":"Pesquisa divulgada na edi\u00e7\u00e3o do jornal Metro desta sexta-feira,14, comprova o velho ditado: \u00e9 poss\u00edvel enganar muitos por algum tempo, mas n\u00e3o \u00e9 poss\u00edvel enganar a todos o tempo inteiro. A principal revela\u00e7\u00e3o foi que 59,8% dos entrevistados apontaram as empresas como as principais respons\u00e1veis pela grave e 46% culparam\u2026","rel":"","context":"Em &quot;X.Categorias velhas&quot;","block_context":{"text":"X.Categorias velhas","link":"https:\/\/www.jornalja.com.br\/arquivo\/category\/x-categorias-velhas\/"},"img":{"alt_text":"","src":"","width":0,"height":0},"classes":[]},{"id":13101,"url":"https:\/\/www.jornalja.com.br\/arquivo\/morre-um-guerreiro-do-texto\/","url_meta":{"origin":58260,"position":2},"title":"Morre um guerreiro do texto","author":"Patr\u00edcia Marini","date":"14 de maio de 2014","format":false,"excerpt":"Por Ricardo Kotscho Reproduzido do blog do autor, 11\/5\/2014; t\u00edtulo original \u201cE l\u00e1 se foi o nosso Myltainho, guerreiro do texto\u201d. Mi\u00fado e franzino, meu amigo Myltainho era um valente e inconformado guerreiro na luta contra as injusti\u00e7as sociais, a hipocrisia, as maracutaias, o autoritarismo, a intoler\u00e2ncia, a viol\u00eancia, o\u2026","rel":"","context":"Em &quot;Geral&quot;","block_context":{"text":"Geral","link":"https:\/\/www.jornalja.com.br\/arquivo\/category\/geral\/"},"img":{"alt_text":"","src":"","width":0,"height":0},"classes":[]},{"id":13124,"url":"https:\/\/www.jornalja.com.br\/arquivo\/sangue-latino-no-iecine\/","url_meta":{"origin":58260,"position":3},"title":"Sangue latino no IECINE","author":"da Reda\u00e7\u00e3o","date":"18 de maio de 2014","format":false,"excerpt":"Francisco Ribeiro O Instituto Estadual de Cinema (IECINE) tem a frente, desde abril \u00faltimo, um novo diretor, o cineasta colombiano Juan Zapata, 36, que substitui Luiz Alberto Cassol. Radicado h\u00e1 dez anos em Porto Alegre, Zapata tem diante de si o desafio de conduzir at\u00e9 o final do ano um\u2026","rel":"","context":"Em &quot;Cultura-Geral&quot;","block_context":{"text":"Cultura-Geral","link":"https:\/\/www.jornalja.com.br\/arquivo\/category\/materiasecundaria\/"},"img":{"alt_text":"","src":"","width":0,"height":0},"classes":[]},{"id":13128,"url":"https:\/\/www.jornalja.com.br\/arquivo\/maconha-terra-diz-que-uso-medicinal-e-desculpa\/","url_meta":{"origin":58260,"position":4},"title":"Maconha: Terra diz que uso medicinal \u00e9 desculpa","author":"Patr\u00edcia Marini","date":"4 de junho de 2014","format":false,"excerpt":"A condi\u00e7\u00e3o de pol\u00edtico, em \u00e9poca de campanha de campanha eleitoral, tira for\u00e7a do discurso do m\u00e9dico Osmar Terra contra a legaliza\u00e7\u00e3o da maconha. A tese dele de que a libera\u00e7\u00e3o vai ampliar exponencialmente o consumo \u00e9 discutivel, o consumo \u00e9 corrente. Mas seus alertas quanto aos riscos tem que\u2026","rel":"","context":"Em &quot;X.Categorias velhas&quot;","block_context":{"text":"X.Categorias velhas","link":"https:\/\/www.jornalja.com.br\/arquivo\/category\/x-categorias-velhas\/"},"img":{"alt_text":"","src":"","width":0,"height":0},"classes":[]},{"id":5440,"url":"https:\/\/www.jornalja.com.br\/arquivo\/casarao-da-venancio-destino-permanece-incerto\/","url_meta":{"origin":58260,"position":5},"title":"Estado ainda n\u00e3o sabe o que fazer com casar\u00e3o abandonado h\u00e1 20 anos","author":"Elmar Bones","date":"6 de julho de 2009","format":false,"excerpt":"O casar\u00e3o amarelo, numa esquina nobre de Porto Alegre (Ven\u00e2ncio Aires com Jo\u00e3o Pessoa), j\u00e1 abrigou uma escola. H\u00e1 duas d\u00e9cadas, pelo menos, est\u00e1 abandonado, porque seu propriet\u00e1rio, o governo do Estado do Rio Grande do Sul, n\u00e3o consegue achar um destino para ele. Planos n\u00e3o faltaram. O governador Ol\u00edvio\u2026","rel":"","context":"Em &quot;X.Categorias velhas&quot;","block_context":{"text":"X.Categorias velhas","link":"https:\/\/www.jornalja.com.br\/arquivo\/category\/x-categorias-velhas\/"},"img":{"alt_text":"geraldo1","src":"https:\/\/i0.wp.com\/www.jornalja.com.br\/wp-content\/uploads\/2009\/07\/geraldo1.jpg?resize=350%2C200&ssl=1","width":350,"height":200},"classes":[]}],"jetpack_shortlink":"https:\/\/wp.me\/pbQjBd-f9G","jetpack_featured_media_url":"","_links":{"self":[{"href":"https:\/\/www.jornalja.com.br\/arquivo\/wp-json\/wp\/v2\/posts\/58260","targetHints":{"allow":["GET"]}}],"collection":[{"href":"https:\/\/www.jornalja.com.br\/arquivo\/wp-json\/wp\/v2\/posts"}],"about":[{"href":"https:\/\/www.jornalja.com.br\/arquivo\/wp-json\/wp\/v2\/types\/post"}],"author":[{"embeddable":true,"href":"https:\/\/www.jornalja.com.br\/arquivo\/wp-json\/wp\/v2\/users\/4"}],"replies":[{"embeddable":true,"href":"https:\/\/www.jornalja.com.br\/arquivo\/wp-json\/wp\/v2\/comments?post=58260"}],"version-history":[{"count":0,"href":"https:\/\/www.jornalja.com.br\/arquivo\/wp-json\/wp\/v2\/posts\/58260\/revisions"}],"wp:attachment":[{"href":"https:\/\/www.jornalja.com.br\/arquivo\/wp-json\/wp\/v2\/media?parent=58260"}],"wp:term":[{"taxonomy":"category","embeddable":true,"href":"https:\/\/www.jornalja.com.br\/arquivo\/wp-json\/wp\/v2\/categories?post=58260"},{"taxonomy":"post_tag","embeddable":true,"href":"https:\/\/www.jornalja.com.br\/arquivo\/wp-json\/wp\/v2\/tags?post=58260"}],"curies":[{"name":"wp","href":"https:\/\/api.w.org\/{rel}","templated":true}]}}