{"id":58312,"date":"2017-12-14T19:07:14","date_gmt":"2017-12-14T21:07:14","guid":{"rendered":"https:\/\/www.jornalja.com.br\/?p=58312"},"modified":"2017-12-14T19:07:14","modified_gmt":"2017-12-14T21:07:14","slug":"congresso-aprova-orcamento-com-deficit-de-r-157-bilhoes-e-salario-minimo-de-r-965","status":"publish","type":"post","link":"https:\/\/www.jornalja.com.br\/arquivo\/congresso-aprova-orcamento-com-deficit-de-r-157-bilhoes-e-salario-minimo-de-r-965\/","title":{"rendered":"Congresso aprova Or\u00e7amento com deficit de R$ 157 bilh\u00f5es e sal\u00e1rio m\u00ednimo de R$ 965"},"content":{"rendered":"<p>O Congresso Nacional aprovou nesta quarta-feira, 13\/12 a proposta or\u00e7ament\u00e1ria de 2018, a primeira sob a Emenda Constitucional 95, que instituiu um teto para os gastos p\u00fablicos. O projeto que vai para san\u00e7\u00e3o presidencial prev\u00ea um deficit prim\u00e1rio de R$ 157 bilh\u00f5es para o governo federal no pr\u00f3ximo ano. O n\u00famero \u00e9 um pouco menor do que os R$ 159 bilh\u00f5es determinados pela Lei de Diretrizes Or\u00e7ament\u00e1rias (LDO, Lei 13.473\/17) como meta fiscal para o pr\u00f3ximo ano.<\/p>\n<div id=\"conteudoNoticia\" dir=\"ltr\">\nA redu\u00e7\u00e3o de R$ 2 bilh\u00f5es \u00e9 explicada pelo aumento da estimativa da receita prim\u00e1ria, que alcan\u00e7ou R$ 4,9 bilh\u00f5es conforme <a href=\"http:\/\/www2.camara.leg.br\/camaranoticias\/noticias\/ADMINISTRACAO-PUBLICA\/549480-COMISSAO-DE-ORCAMENTO-APROVA-RELATORIO-COM-R$-5,6-BI-A-MAIS-DE-RECEITA-EM-2018.html\" target=\"_blank\" rel=\"noopener noreferrer\">relat\u00f3rio de receita aprovado pela Comiss\u00e3o de Or\u00e7amento<\/a>.<br \/>\n<span class=\"intertit\">Fundo para campanhas<\/span><br \/>\nO or\u00e7amento que sai do Congresso prev\u00ea crescimento de 2,5% da economia em 2018, sal\u00e1rio m\u00ednimo de R$ 965 \u2013 aumento nominal de 3% em rela\u00e7\u00e3o ao atual (R$ 937) \u2013 e investimentos p\u00fablicos (incluindo de estatais) de R$ 112,9 bilh\u00f5es.<br \/>\nA proposta reservou R$ 1,716 bilh\u00e3o para o Fundo Especial de Financiamento de Campanha (FEFC), que vai custear as campanhas partid\u00e1rias nas elei\u00e7\u00f5es gerais de 2018. O FEFC foi institu\u00eddo pela \u00faltima minirreforma eleitoral, aprovada em outubro pelo Congresso Nacional, que virou a Lei 13.487\/17.<br \/>\nA lei determina que o fundo deve receber 30% dos recursos destinados \u00e0s emendas de bancada de execu\u00e7\u00e3o obrigat\u00f3ria no or\u00e7amento (cerca de R$ 1,31 bilh\u00e3o) e o montante da compensa\u00e7\u00e3o fiscal devida \u00e0s emissoras de r\u00e1dio e televis\u00e3o pela cess\u00e3o de espa\u00e7o destinado \u00e0 propaganda partid\u00e1ria e eleitoral gratuita, nos anos de 2016 e 2017, calculada pelo Tribunal Superior Eleitoral (TSE).<br \/>\n<span class=\"intertit\">Emendas parlamentares<\/span><br \/>\nAs emendas individuais de deputados e senadores ao projeto somaram R$ 8,8 bilh\u00f5es. Cada um dos 594 congressistas pode apresentar R$ 14,8 milh\u00f5es em emendas. Eles direcionam os recursos para obras e servi\u00e7os em suas bases eleitorais. Por determina\u00e7\u00e3o constitucional, metade do valor das emendas deve ir para a\u00e7\u00f5es e servi\u00e7os p\u00fablicos de sa\u00fade.\n<\/div>\n","protected":false},"excerpt":{"rendered":"<p>O Congresso Nacional aprovou nesta quarta-feira, 13\/12 a proposta or\u00e7ament\u00e1ria de 2018, a primeira sob a Emenda Constitucional 95, que instituiu um teto para os gastos p\u00fablicos. O projeto que vai para san\u00e7\u00e3o presidencial prev\u00ea um deficit prim\u00e1rio de R$ 157 bilh\u00f5es para o governo federal no pr\u00f3ximo ano. O n\u00famero \u00e9 um pouco menor [&hellip;]<\/p>\n","protected":false},"author":4,"featured_media":0,"comment_status":"open","ping_status":"closed","sticky":false,"template":"","format":"standard","meta":{"_jetpack_newsletter_access":"","_jetpack_dont_email_post_to_subs":false,"_jetpack_newsletter_tier_id":0,"_jetpack_memberships_contains_paywalled_content":false,"_jetpack_feature_clip_id":0,"_jetpack_memberships_contains_paid_content":false,"footnotes":"","jetpack_post_was_ever_published":false},"categories":[2022],"tags":[],"class_list":["post-58312","post","type-post","status-publish","format-standard","hentry","category-notas"],"aioseo_notices":[],"aioseo_head":"\n\t\t<!-- All in One SEO 5.0.1.1 - aioseo.com -->\n\t<meta name=\"robots\" content=\"max-image-preview:large\" \/>\n\t<meta name=\"author\" content=\"da Reda\u00e7\u00e3o\"\/>\n\t<link rel=\"canonical\" href=\"https:\/\/www.jornalja.com.br\/arquivo\/congresso-aprova-orcamento-com-deficit-de-r-157-bilhoes-e-salario-minimo-de-r-965\/\" \/>\n\t<meta name=\"generator\" content=\"All in One SEO (AIOSEO) 5.0.1.1\" \/>\n\t\t<meta property=\"og:locale\" content=\"pt_BR\" \/>\n\t\t<meta property=\"og:site_name\" content=\"Arquivo | Jornal J\u00c1 | Porto Alegre\" \/>\n\t\t<meta property=\"og:type\" content=\"article\" \/>\n\t\t<meta property=\"og:title\" content=\"Congresso aprova Or\u00e7amento com deficit de R$ 157 bilh\u00f5es e sal\u00e1rio m\u00ednimo de R$ 965 | Arquivo\" \/>\n\t\t<meta property=\"og:url\" content=\"https:\/\/www.jornalja.com.br\/arquivo\/congresso-aprova-orcamento-com-deficit-de-r-157-bilhoes-e-salario-minimo-de-r-965\/\" \/>\n\t\t<meta property=\"og:image\" content=\"https:\/\/www.jornalja.com.br\/economics\/wp-content\/uploads\/sites\/11\/2026\/08\/ja-folhaderosto-facebook.jpg\" \/>\n\t\t<meta property=\"og:image:secure_url\" content=\"https:\/\/www.jornalja.com.br\/economics\/wp-content\/uploads\/sites\/11\/2026\/08\/ja-folhaderosto-facebook.jpg\" \/>\n\t\t<meta property=\"article:published_time\" content=\"2017-12-14T21:07:14+00:00\" \/>\n\t\t<meta property=\"article:modified_time\" content=\"2017-12-14T21:07:14+00:00\" \/>\n\t\t<meta name=\"twitter:card\" content=\"summary\" \/>\n\t\t<meta name=\"twitter:title\" content=\"Congresso aprova Or\u00e7amento com deficit de R$ 157 bilh\u00f5es e sal\u00e1rio m\u00ednimo de R$ 965 | Arquivo\" \/>\n\t\t<meta name=\"twitter:image\" content=\"https:\/\/www.jornalja.com.br\/economics\/wp-content\/uploads\/sites\/11\/2026\/08\/ja-folhaderosto-facebook.jpg\" \/>\n\t\t<script type=\"application\/ld+json\" class=\"aioseo-schema\">\n\t\t\t{\"@context\":\"https:\\\/\\\/schema.org\",\"@graph\":[{\"@type\":\"BlogPosting\",\"@id\":\"https:\\\/\\\/www.jornalja.com.br\\\/arquivo\\\/congresso-aprova-orcamento-com-deficit-de-r-157-bilhoes-e-salario-minimo-de-r-965\\\/#blogposting\",\"name\":\"Congresso aprova Or\\u00e7amento com deficit de R$ 157 bilh\\u00f5es e sal\\u00e1rio m\\u00ednimo de R$ 965 | Arquivo\",\"headline\":\"Congresso aprova Or\\u00e7amento com deficit de R$ 157 bilh\\u00f5es e sal\\u00e1rio m\\u00ednimo de R$ 965\",\"author\":{\"@id\":\"https:\\\/\\\/www.jornalja.com.br\\\/arquivo\\\/author\\\/daredacao\\\/#author\"},\"publisher\":{\"@id\":\"https:\\\/\\\/www.jornalja.com.br\\\/arquivo\\\/#organization\"},\"image\":{\"@type\":\"ImageObject\",\"url\":\"https:\\\/\\\/www.jornalja.com.br\\\/wp-content\\\/uploads\\\/cards\\\/JAslogan.png\",\"@id\":\"https:\\\/\\\/www.jornalja.com.br\\\/arquivo\\\/#articleImage\"},\"datePublished\":\"2017-12-14T19:07:14-02:00\",\"dateModified\":\"2017-12-14T19:07:14-02:00\",\"inLanguage\":\"pt-BR\",\"mainEntityOfPage\":{\"@id\":\"https:\\\/\\\/www.jornalja.com.br\\\/arquivo\\\/congresso-aprova-orcamento-com-deficit-de-r-157-bilhoes-e-salario-minimo-de-r-965\\\/#webpage\"},\"isPartOf\":{\"@id\":\"https:\\\/\\\/www.jornalja.com.br\\\/arquivo\\\/congresso-aprova-orcamento-com-deficit-de-r-157-bilhoes-e-salario-minimo-de-r-965\\\/#webpage\"},\"articleSection\":\"NOTAS\"},{\"@type\":\"BreadcrumbList\",\"@id\":\"https:\\\/\\\/www.jornalja.com.br\\\/arquivo\\\/congresso-aprova-orcamento-com-deficit-de-r-157-bilhoes-e-salario-minimo-de-r-965\\\/#breadcrumblist\",\"itemListElement\":[{\"@type\":\"ListItem\",\"@id\":\"https:\\\/\\\/www.jornalja.com.br\\\/arquivo#listItem\",\"position\":1,\"name\":\"Home\",\"item\":\"https:\\\/\\\/www.jornalja.com.br\\\/arquivo\",\"nextItem\":{\"@type\":\"ListItem\",\"@id\":\"https:\\\/\\\/www.jornalja.com.br\\\/arquivo\\\/category\\\/notas\\\/#listItem\",\"name\":\"NOTAS\"}},{\"@type\":\"ListItem\",\"@id\":\"https:\\\/\\\/www.jornalja.com.br\\\/arquivo\\\/category\\\/notas\\\/#listItem\",\"position\":2,\"name\":\"NOTAS\",\"item\":\"https:\\\/\\\/www.jornalja.com.br\\\/arquivo\\\/category\\\/notas\\\/\",\"nextItem\":{\"@type\":\"ListItem\",\"@id\":\"https:\\\/\\\/www.jornalja.com.br\\\/arquivo\\\/congresso-aprova-orcamento-com-deficit-de-r-157-bilhoes-e-salario-minimo-de-r-965\\\/#listItem\",\"name\":\"Congresso aprova Or\\u00e7amento com deficit de R$ 157 bilh\\u00f5es e sal\\u00e1rio m\\u00ednimo de R$ 965\"},\"previousItem\":{\"@type\":\"ListItem\",\"@id\":\"https:\\\/\\\/www.jornalja.com.br\\\/arquivo#listItem\",\"name\":\"Home\"}},{\"@type\":\"ListItem\",\"@id\":\"https:\\\/\\\/www.jornalja.com.br\\\/arquivo\\\/congresso-aprova-orcamento-com-deficit-de-r-157-bilhoes-e-salario-minimo-de-r-965\\\/#listItem\",\"position\":3,\"name\":\"Congresso aprova Or\\u00e7amento com deficit de R$ 157 bilh\\u00f5es e sal\\u00e1rio m\\u00ednimo de R$ 965\",\"previousItem\":{\"@type\":\"ListItem\",\"@id\":\"https:\\\/\\\/www.jornalja.com.br\\\/arquivo\\\/category\\\/notas\\\/#listItem\",\"name\":\"NOTAS\"}}]},{\"@type\":\"Organization\",\"@id\":\"https:\\\/\\\/www.jornalja.com.br\\\/arquivo\\\/#organization\",\"name\":\"Jornal J\\u00c1\",\"description\":\"Jornal J\\u00c1 | Porto Alegre\",\"url\":\"https:\\\/\\\/www.jornalja.com.br\\\/arquivo\\\/\",\"telephone\":\"+555133307272\",\"logo\":{\"@type\":\"ImageObject\",\"url\":\"https:\\\/\\\/www.jornalja.com.br\\\/wp-content\\\/uploads\\\/cards\\\/JAslogan.png\",\"@id\":\"https:\\\/\\\/www.jornalja.com.br\\\/arquivo\\\/congresso-aprova-orcamento-com-deficit-de-r-157-bilhoes-e-salario-minimo-de-r-965\\\/#organizationLogo\"},\"image\":{\"@id\":\"https:\\\/\\\/www.jornalja.com.br\\\/arquivo\\\/congresso-aprova-orcamento-com-deficit-de-r-157-bilhoes-e-salario-minimo-de-r-965\\\/#organizationLogo\"}},{\"@type\":\"Person\",\"@id\":\"https:\\\/\\\/www.jornalja.com.br\\\/arquivo\\\/author\\\/daredacao\\\/#author\",\"url\":\"https:\\\/\\\/www.jornalja.com.br\\\/arquivo\\\/author\\\/daredacao\\\/\",\"name\":\"da Reda\\u00e7\\u00e3o\",\"image\":{\"@type\":\"ImageObject\",\"@id\":\"https:\\\/\\\/www.jornalja.com.br\\\/arquivo\\\/congresso-aprova-orcamento-com-deficit-de-r-157-bilhoes-e-salario-minimo-de-r-965\\\/#authorImage\",\"url\":\"https:\\\/\\\/secure.gravatar.com\\\/avatar\\\/469fd857d6605ad19919d27ed29d35a968a25f6e8fd9318356bbb7f57aae9c65?s=96&d=mm&r=g\",\"width\":96,\"height\":96,\"caption\":\"da Reda\\u00e7\\u00e3o\"}},{\"@type\":\"WebPage\",\"@id\":\"https:\\\/\\\/www.jornalja.com.br\\\/arquivo\\\/congresso-aprova-orcamento-com-deficit-de-r-157-bilhoes-e-salario-minimo-de-r-965\\\/#webpage\",\"url\":\"https:\\\/\\\/www.jornalja.com.br\\\/arquivo\\\/congresso-aprova-orcamento-com-deficit-de-r-157-bilhoes-e-salario-minimo-de-r-965\\\/\",\"name\":\"Congresso aprova Or\\u00e7amento com deficit de R$ 157 bilh\\u00f5es e sal\\u00e1rio m\\u00ednimo de R$ 965 | Arquivo\",\"inLanguage\":\"pt-BR\",\"isPartOf\":{\"@id\":\"https:\\\/\\\/www.jornalja.com.br\\\/arquivo\\\/#website\"},\"breadcrumb\":{\"@id\":\"https:\\\/\\\/www.jornalja.com.br\\\/arquivo\\\/congresso-aprova-orcamento-com-deficit-de-r-157-bilhoes-e-salario-minimo-de-r-965\\\/#breadcrumblist\"},\"author\":{\"@id\":\"https:\\\/\\\/www.jornalja.com.br\\\/arquivo\\\/author\\\/daredacao\\\/#author\"},\"creator\":{\"@id\":\"https:\\\/\\\/www.jornalja.com.br\\\/arquivo\\\/author\\\/daredacao\\\/#author\"},\"datePublished\":\"2017-12-14T19:07:14-02:00\",\"dateModified\":\"2017-12-14T19:07:14-02:00\"},{\"@type\":\"WebSite\",\"@id\":\"https:\\\/\\\/www.jornalja.com.br\\\/arquivo\\\/#website\",\"url\":\"https:\\\/\\\/www.jornalja.com.br\\\/arquivo\\\/\",\"name\":\"Arquivo\",\"description\":\"Jornal J\\u00c1 | Porto Alegre\",\"inLanguage\":\"pt-BR\",\"publisher\":{\"@id\":\"https:\\\/\\\/www.jornalja.com.br\\\/arquivo\\\/#organization\"}}]}\n\t\t<\/script>\n\t\t<!-- All in One SEO -->\n\n","aioseo_head_json":{"title":"Congresso aprova Or\u00e7amento com deficit de R$ 157 bilh\u00f5es e sal\u00e1rio m\u00ednimo de R$ 965 | Arquivo","description":"","canonical_url":"https:\/\/www.jornalja.com.br\/arquivo\/congresso-aprova-orcamento-com-deficit-de-r-157-bilhoes-e-salario-minimo-de-r-965\/","robots":"max-image-preview:large","keywords":"","webmasterTools":{"miscellaneous":""},"schema":{"@context":"https:\/\/schema.org","@graph":[{"@type":"BlogPosting","@id":"https:\/\/www.jornalja.com.br\/arquivo\/congresso-aprova-orcamento-com-deficit-de-r-157-bilhoes-e-salario-minimo-de-r-965\/#blogposting","name":"Congresso aprova Or\u00e7amento com deficit de R$ 157 bilh\u00f5es e sal\u00e1rio m\u00ednimo de R$ 965 | Arquivo","headline":"Congresso aprova Or\u00e7amento com deficit de R$ 157 bilh\u00f5es e sal\u00e1rio m\u00ednimo de R$ 965","author":{"@id":"https:\/\/www.jornalja.com.br\/arquivo\/author\/daredacao\/#author"},"publisher":{"@id":"https:\/\/www.jornalja.com.br\/arquivo\/#organization"},"image":{"@type":"ImageObject","url":"https:\/\/www.jornalja.com.br\/wp-content\/uploads\/cards\/JAslogan.png","@id":"https:\/\/www.jornalja.com.br\/arquivo\/#articleImage"},"datePublished":"2017-12-14T19:07:14-02:00","dateModified":"2017-12-14T19:07:14-02:00","inLanguage":"pt-BR","mainEntityOfPage":{"@id":"https:\/\/www.jornalja.com.br\/arquivo\/congresso-aprova-orcamento-com-deficit-de-r-157-bilhoes-e-salario-minimo-de-r-965\/#webpage"},"isPartOf":{"@id":"https:\/\/www.jornalja.com.br\/arquivo\/congresso-aprova-orcamento-com-deficit-de-r-157-bilhoes-e-salario-minimo-de-r-965\/#webpage"},"articleSection":"NOTAS"},{"@type":"BreadcrumbList","@id":"https:\/\/www.jornalja.com.br\/arquivo\/congresso-aprova-orcamento-com-deficit-de-r-157-bilhoes-e-salario-minimo-de-r-965\/#breadcrumblist","itemListElement":[{"@type":"ListItem","@id":"https:\/\/www.jornalja.com.br\/arquivo#listItem","position":1,"name":"Home","item":"https:\/\/www.jornalja.com.br\/arquivo","nextItem":{"@type":"ListItem","@id":"https:\/\/www.jornalja.com.br\/arquivo\/category\/notas\/#listItem","name":"NOTAS"}},{"@type":"ListItem","@id":"https:\/\/www.jornalja.com.br\/arquivo\/category\/notas\/#listItem","position":2,"name":"NOTAS","item":"https:\/\/www.jornalja.com.br\/arquivo\/category\/notas\/","nextItem":{"@type":"ListItem","@id":"https:\/\/www.jornalja.com.br\/arquivo\/congresso-aprova-orcamento-com-deficit-de-r-157-bilhoes-e-salario-minimo-de-r-965\/#listItem","name":"Congresso aprova Or\u00e7amento com deficit de R$ 157 bilh\u00f5es e sal\u00e1rio m\u00ednimo de R$ 965"},"previousItem":{"@type":"ListItem","@id":"https:\/\/www.jornalja.com.br\/arquivo#listItem","name":"Home"}},{"@type":"ListItem","@id":"https:\/\/www.jornalja.com.br\/arquivo\/congresso-aprova-orcamento-com-deficit-de-r-157-bilhoes-e-salario-minimo-de-r-965\/#listItem","position":3,"name":"Congresso aprova Or\u00e7amento com deficit de R$ 157 bilh\u00f5es e sal\u00e1rio m\u00ednimo de R$ 965","previousItem":{"@type":"ListItem","@id":"https:\/\/www.jornalja.com.br\/arquivo\/category\/notas\/#listItem","name":"NOTAS"}}]},{"@type":"Organization","@id":"https:\/\/www.jornalja.com.br\/arquivo\/#organization","name":"Jornal J\u00c1","description":"Jornal J\u00c1 | Porto Alegre","url":"https:\/\/www.jornalja.com.br\/arquivo\/","telephone":"+555133307272","logo":{"@type":"ImageObject","url":"https:\/\/www.jornalja.com.br\/wp-content\/uploads\/cards\/JAslogan.png","@id":"https:\/\/www.jornalja.com.br\/arquivo\/congresso-aprova-orcamento-com-deficit-de-r-157-bilhoes-e-salario-minimo-de-r-965\/#organizationLogo"},"image":{"@id":"https:\/\/www.jornalja.com.br\/arquivo\/congresso-aprova-orcamento-com-deficit-de-r-157-bilhoes-e-salario-minimo-de-r-965\/#organizationLogo"}},{"@type":"Person","@id":"https:\/\/www.jornalja.com.br\/arquivo\/author\/daredacao\/#author","url":"https:\/\/www.jornalja.com.br\/arquivo\/author\/daredacao\/","name":"da Reda\u00e7\u00e3o","image":{"@type":"ImageObject","@id":"https:\/\/www.jornalja.com.br\/arquivo\/congresso-aprova-orcamento-com-deficit-de-r-157-bilhoes-e-salario-minimo-de-r-965\/#authorImage","url":"https:\/\/secure.gravatar.com\/avatar\/469fd857d6605ad19919d27ed29d35a968a25f6e8fd9318356bbb7f57aae9c65?s=96&d=mm&r=g","width":96,"height":96,"caption":"da Reda\u00e7\u00e3o"}},{"@type":"WebPage","@id":"https:\/\/www.jornalja.com.br\/arquivo\/congresso-aprova-orcamento-com-deficit-de-r-157-bilhoes-e-salario-minimo-de-r-965\/#webpage","url":"https:\/\/www.jornalja.com.br\/arquivo\/congresso-aprova-orcamento-com-deficit-de-r-157-bilhoes-e-salario-minimo-de-r-965\/","name":"Congresso aprova Or\u00e7amento com deficit de R$ 157 bilh\u00f5es e sal\u00e1rio m\u00ednimo de R$ 965 | Arquivo","inLanguage":"pt-BR","isPartOf":{"@id":"https:\/\/www.jornalja.com.br\/arquivo\/#website"},"breadcrumb":{"@id":"https:\/\/www.jornalja.com.br\/arquivo\/congresso-aprova-orcamento-com-deficit-de-r-157-bilhoes-e-salario-minimo-de-r-965\/#breadcrumblist"},"author":{"@id":"https:\/\/www.jornalja.com.br\/arquivo\/author\/daredacao\/#author"},"creator":{"@id":"https:\/\/www.jornalja.com.br\/arquivo\/author\/daredacao\/#author"},"datePublished":"2017-12-14T19:07:14-02:00","dateModified":"2017-12-14T19:07:14-02:00"},{"@type":"WebSite","@id":"https:\/\/www.jornalja.com.br\/arquivo\/#website","url":"https:\/\/www.jornalja.com.br\/arquivo\/","name":"Arquivo","description":"Jornal J\u00c1 | Porto Alegre","inLanguage":"pt-BR","publisher":{"@id":"https:\/\/www.jornalja.com.br\/arquivo\/#organization"}}]},"og:locale":"pt_BR","og:site_name":"Arquivo | Jornal J\u00c1 | Porto Alegre","og:type":"article","og:title":"Congresso aprova Or\u00e7amento com deficit de R$ 157 bilh\u00f5es e sal\u00e1rio m\u00ednimo de R$ 965 | Arquivo","og:url":"https:\/\/www.jornalja.com.br\/arquivo\/congresso-aprova-orcamento-com-deficit-de-r-157-bilhoes-e-salario-minimo-de-r-965\/","og:image":"https:\/\/www.jornalja.com.br\/economics\/wp-content\/uploads\/sites\/11\/2026\/08\/ja-folhaderosto-facebook.jpg","og:image:secure_url":"https:\/\/www.jornalja.com.br\/economics\/wp-content\/uploads\/sites\/11\/2026\/08\/ja-folhaderosto-facebook.jpg","article:published_time":"2017-12-14T21:07:14+00:00","article:modified_time":"2017-12-14T21:07:14+00:00","twitter:card":"summary","twitter:title":"Congresso aprova Or\u00e7amento com deficit de R$ 157 bilh\u00f5es e sal\u00e1rio m\u00ednimo de R$ 965 | Arquivo","twitter:image":"https:\/\/www.jornalja.com.br\/economics\/wp-content\/uploads\/sites\/11\/2026\/08\/ja-folhaderosto-facebook.jpg"},"aioseo_meta_data":{"post_id":"58312","title":null,"description":null,"keywords":null,"keyphrases":null,"primary_term":null,"canonical_url":null,"og_title":null,"og_description":null,"og_object_type":"default","og_image_type":"default","og_image_url":null,"og_image_width":null,"og_image_height":null,"og_image_custom_url":null,"og_image_custom_fields":null,"og_video":null,"og_custom_url":null,"og_article_section":null,"og_article_tags":null,"twitter_use_og":false,"twitter_card":"default","twitter_image_type":"default","twitter_image_url":null,"twitter_image_custom_url":null,"twitter_image_custom_fields":null,"twitter_title":null,"twitter_description":null,"schema":{"blockGraphs":[],"customGraphs":[],"default":{"data":{"Article":[],"Course":[],"Dataset":[],"FAQPage":[],"Movie":[],"Person":[],"Product":[],"ProductReview":[],"Car":[],"Recipe":[],"Service":[],"SoftwareApplication":[],"WebPage":[]},"graphName":"","isEnabled":true},"graphs":[],"defaultGraph":"","defaultPostTypeGraph":""},"schema_type":null,"schema_type_options":null,"pillar_content":false,"robots_default":true,"robots_noindex":false,"robots_noarchive":false,"robots_nosnippet":false,"robots_nofollow":false,"robots_noimageindex":false,"robots_noodp":false,"robots_notranslate":false,"robots_max_snippet":null,"robots_max_videopreview":null,"robots_max_imagepreview":"large","priority":null,"frequency":null,"location":null,"local_seo":null,"breadcrumb_settings":null,"limit_modified_date":false,"ai":null,"created":"2020-12-20 20:20:44","updated":"2025-07-20 02:54:25","seo_analyzer_scan_date":null,"focus_keyword":null,"additional_keywords":null,"truseo_locale":null},"jetpack_sharing_enabled":true,"jetpack-related-posts":[{"id":13240,"url":"https:\/\/www.jornalja.com.br\/arquivo\/plano-diretor-estamos-construindo-o-caos\/","url_meta":{"origin":58312,"position":0},"title":"Plano diretor: &quot;Estamos construindo o caos&quot;","author":"Patr\u00edcia Marini","date":"26 de maio de 2014","format":false,"excerpt":"Desabafo que arquiteta Eliana Castilhos, delegada da Regi\u00e3o de Planejamento 1, postou nas redes sociais \u00e9 um testemunho do ambiente que se criou no Conselho do Plano Diretor de Porto Alegre, onde a aprova\u00e7\u00e3o de grandes empreendimentos \u00e9 empurrada guela abaixo dos conselheiros. Ao CMDUA Como delegada da Regi\u00e3o de\u2026","rel":"","context":"Em &quot;Geral&quot;","block_context":{"text":"Geral","link":"https:\/\/www.jornalja.com.br\/arquivo\/category\/geral\/"},"img":{"alt_text":"","src":"","width":0,"height":0},"classes":[]},{"id":13239,"url":"https:\/\/www.jornalja.com.br\/arquivo\/conselho-desdenha-do-plano-diretor\/","url_meta":{"origin":58312,"position":1},"title":"Porto Alegre: Conselho detona Plano Diretor","author":"Patr\u00edcia Marini","date":"25 de maio de 2014","format":false,"excerpt":"Den\u00fancia do arquiteto e \u00a0urbanista Ibir\u00e1 Santos Lucas. Ele diz que os conselheiros est\u00e3o votando com \"enorme irresponsabilidade\". \"Mudam regime com a maior naturalidade,,,regularizam absurdos de constru\u00e7\u00f5es irregulares... \"O CMDUA est\u00e1 flexibilizando a lei do plano diretor, de uma forma impactante na vida da cidade. Mudam regime com a maior\u2026","rel":"","context":"Em &quot;Geral&quot;","block_context":{"text":"Geral","link":"https:\/\/www.jornalja.com.br\/arquivo\/category\/geral\/"},"img":{"alt_text":"","src":"","width":0,"height":0},"classes":[]},{"id":5440,"url":"https:\/\/www.jornalja.com.br\/arquivo\/casarao-da-venancio-destino-permanece-incerto\/","url_meta":{"origin":58312,"position":2},"title":"Estado ainda n\u00e3o sabe o que fazer com casar\u00e3o abandonado h\u00e1 20 anos","author":"Elmar Bones","date":"6 de julho de 2009","format":false,"excerpt":"O casar\u00e3o amarelo, numa esquina nobre de Porto Alegre (Ven\u00e2ncio Aires com Jo\u00e3o Pessoa), j\u00e1 abrigou uma escola. H\u00e1 duas d\u00e9cadas, pelo menos, est\u00e1 abandonado, porque seu propriet\u00e1rio, o governo do Estado do Rio Grande do Sul, n\u00e3o consegue achar um destino para ele. Planos n\u00e3o faltaram. O governador Ol\u00edvio\u2026","rel":"","context":"Em &quot;X.Categorias velhas&quot;","block_context":{"text":"X.Categorias velhas","link":"https:\/\/www.jornalja.com.br\/arquivo\/category\/x-categorias-velhas\/"},"img":{"alt_text":"geraldo1","src":"https:\/\/i0.wp.com\/www.jornalja.com.br\/wp-content\/uploads\/2009\/07\/geraldo1.jpg?resize=350%2C200&ssl=1","width":350,"height":200},"classes":[]},{"id":13124,"url":"https:\/\/www.jornalja.com.br\/arquivo\/sangue-latino-no-iecine\/","url_meta":{"origin":58312,"position":3},"title":"Sangue latino no IECINE","author":"da Reda\u00e7\u00e3o","date":"18 de maio de 2014","format":false,"excerpt":"Francisco Ribeiro O Instituto Estadual de Cinema (IECINE) tem a frente, desde abril \u00faltimo, um novo diretor, o cineasta colombiano Juan Zapata, 36, que substitui Luiz Alberto Cassol. Radicado h\u00e1 dez anos em Porto Alegre, Zapata tem diante de si o desafio de conduzir at\u00e9 o final do ano um\u2026","rel":"","context":"Em &quot;Cultura-Geral&quot;","block_context":{"text":"Cultura-Geral","link":"https:\/\/www.jornalja.com.br\/arquivo\/category\/materiasecundaria\/"},"img":{"alt_text":"","src":"","width":0,"height":0},"classes":[]}],"jetpack_shortlink":"https:\/\/wp.me\/pbQjBd-faw","jetpack_featured_media_url":"","_links":{"self":[{"href":"https:\/\/www.jornalja.com.br\/arquivo\/wp-json\/wp\/v2\/posts\/58312","targetHints":{"allow":["GET"]}}],"collection":[{"href":"https:\/\/www.jornalja.com.br\/arquivo\/wp-json\/wp\/v2\/posts"}],"about":[{"href":"https:\/\/www.jornalja.com.br\/arquivo\/wp-json\/wp\/v2\/types\/post"}],"author":[{"embeddable":true,"href":"https:\/\/www.jornalja.com.br\/arquivo\/wp-json\/wp\/v2\/users\/4"}],"replies":[{"embeddable":true,"href":"https:\/\/www.jornalja.com.br\/arquivo\/wp-json\/wp\/v2\/comments?post=58312"}],"version-history":[{"count":0,"href":"https:\/\/www.jornalja.com.br\/arquivo\/wp-json\/wp\/v2\/posts\/58312\/revisions"}],"wp:attachment":[{"href":"https:\/\/www.jornalja.com.br\/arquivo\/wp-json\/wp\/v2\/media?parent=58312"}],"wp:term":[{"taxonomy":"category","embeddable":true,"href":"https:\/\/www.jornalja.com.br\/arquivo\/wp-json\/wp\/v2\/categories?post=58312"},{"taxonomy":"post_tag","embeddable":true,"href":"https:\/\/www.jornalja.com.br\/arquivo\/wp-json\/wp\/v2\/tags?post=58312"}],"curies":[{"name":"wp","href":"https:\/\/api.w.org\/{rel}","templated":true}]}}