{"id":58346,"date":"2017-12-15T21:41:26","date_gmt":"2017-12-15T23:41:26","guid":{"rendered":"https:\/\/www.jornalja.com.br\/?p=58346"},"modified":"2017-12-15T21:41:26","modified_gmt":"2017-12-15T23:41:26","slug":"justica-de-brasilia-mantem-autorizacao-para-psicologos-aplicarem-terapia-de-reorientacao-sexual","status":"publish","type":"post","link":"https:\/\/www.jornalja.com.br\/arquivo\/justica-de-brasilia-mantem-autorizacao-para-psicologos-aplicarem-terapia-de-reorientacao-sexual\/","title":{"rendered":"Justi\u00e7a de Bras\u00edlia mant\u00e9m autoriza\u00e7\u00e3o para psic\u00f3logos aplicarem terapia de reorienta\u00e7\u00e3o sexual"},"content":{"rendered":"<p>O juiz Waldemar Cl\u00e1udio de Carvalho, da 14\u00aa Vara Federal de Bras\u00edlia, decidiu tornar definitiva a decis\u00e3o liminar (provis\u00f3ria) que havia proferido em setembro deste ano, autorizando psic\u00f3logos a atenderem eventuais pacientes que busquem terapia para mudar sua orienta\u00e7\u00e3o sexual. A decis\u00e3o garante aos psic\u00f3logos a \u201cplena liberdade cient\u00edfica de pesquisa\u201d para realizar estudos sobre transtornos psicol\u00f3gicos e comportamentais ligados \u00e0 orienta\u00e7\u00e3o sexual.<br \/>\nA a\u00e7\u00e3o popular foi aberta por tr\u00eas psic\u00f3logos que alegaram estarem sendo alvo de persegui\u00e7\u00e3o pelo Conselho Federal de Psicologia (CFP). Segundo eles, por meio de uma resolu\u00e7\u00e3o editada em mar\u00e7o 1999, o CFP estaria tentando perseguir psic\u00f3logos que ofere\u00e7am terapia de reorienta\u00e7\u00e3o sexual.<br \/>\nO texto da resolu\u00e7\u00e3o pro\u00edbe os psic\u00f3logos de exercer qualquer a\u00e7\u00e3o que favore\u00e7a a patologiza\u00e7\u00e3o de comportamentos ou pr\u00e1ticas homoer\u00f3ticas, bem como de colaborar com eventos ou servi\u00e7os que proponham o tratamento e a cura da homossexualidade. A determina\u00e7\u00e3o, segundo o CFP, baseia-se no entendimento da Organiza\u00e7\u00e3o Mundial de Sa\u00fade (OMS) de que a homossexualidade n\u00e3o \u00e9 uma doen\u00e7a, um dist\u00farbio, nem uma pervers\u00e3o.<br \/>\nPara os autores da a\u00e7\u00e3o popular que questiona a resolu\u00e7\u00e3o, a iniciativa do CFP impede os psic\u00f3logos de atender eventuais pacientes que procurem ajuda para tentar reverter sentimentos ou comportamentos que lhes provoquem desconforto ou transtornos devido \u00e0 orienta\u00e7\u00e3o sexual. Eles alegam que a norma deixa como \u00fanica alternativa de tratamento obrigar os pacientes a aceitar uma homossexualidade indesejada.<br \/>\nO juiz concordou com os argumentos. Ele afirmou que sua decis\u00e3o de reduzir o alcance da resolu\u00e7\u00e3o do CFP serve para que os psic\u00f3logos possam \u201cexercer sua profiss\u00e3o de forma mais livre e independente\u201d.<br \/>\nA decis\u00e3o n\u00e3o revoga a norma, mas determina ao CFP \u201cque se abstenha de interpretar a Resolu\u00e7\u00e3o n\u00ba 001\/1999, de modo a impedir psic\u00f3logos, sempre e somente se forem a tanto solicitados, no exerc\u00edcio da profiss\u00e3o, de promoverem os debates acad\u00eamicos, estudos (pesquisas) e atendimentos psicoterap\u00eauticos que se fizerem necess\u00e1rios \u00e0 plena investiga\u00e7\u00e3o cient\u00edfica dos transtornos psicol\u00f3gicos e comportamentais associados \u00e0 orienta\u00e7\u00e3o sexual egodist\u00f4nica\u201d.<br \/>\nEle refor\u00e7ou, no entanto, que qualquer terapia de reorienta\u00e7\u00e3o sexual deve ser aplicada somente a quem a procura de forma volunt\u00e1ria, n\u00e3o devendo ser objeto de propaganda ou de oferta fora dos consult\u00f3rios. \u201c\u00c9 evidente que o atendimento psicoterap\u00eautico a pessoas em conflito com sua pr\u00f3pria orienta\u00e7\u00e3o sexual deve ser realizado de forma reservada, sem propaga\u00e7\u00e3o (qualquer forma de propaganda), conforme j\u00e1 consignado na liminar, respeitando sempre o sigilo profissional, a vontade do paciente e, sobretudo, a dignidade da pessoa assistida\u201d, diz a decis\u00e3o desta sexta-feira.<br \/>\nApesar de restringir o alcance da resolu\u00e7\u00e3o do CFP, o juiz Waldemar Cl\u00e1udio de Carvalho determinou que os processos disciplinares que o \u00f3rg\u00e3o conduz sobre o assunto n\u00e3o sejam interrompidos, nem tampouco revertidas eventuais san\u00e7\u00f5es j\u00e1 aplicadas.<br \/>\n<em>Da Ag\u00eancia Brasil<\/em><\/p>\n","protected":false},"excerpt":{"rendered":"<p>O juiz Waldemar Cl\u00e1udio de Carvalho, da 14\u00aa Vara Federal de Bras\u00edlia, decidiu tornar definitiva a decis\u00e3o liminar (provis\u00f3ria) que havia proferido em setembro deste ano, autorizando psic\u00f3logos a atenderem eventuais pacientes que busquem terapia para mudar sua orienta\u00e7\u00e3o sexual. A decis\u00e3o garante aos psic\u00f3logos a \u201cplena liberdade cient\u00edfica de pesquisa\u201d para realizar estudos sobre [&hellip;]<\/p>\n","protected":false},"author":4,"featured_media":0,"comment_status":"open","ping_status":"closed","sticky":false,"template":"","format":"standard","meta":{"_jetpack_newsletter_access":"","_jetpack_dont_email_post_to_subs":false,"_jetpack_newsletter_tier_id":0,"_jetpack_memberships_contains_paywalled_content":false,"_jetpack_feature_clip_id":0,"_jetpack_memberships_contains_paid_content":false,"footnotes":"","jetpack_post_was_ever_published":false},"categories":[2022],"tags":[],"class_list":["post-58346","post","type-post","status-publish","format-standard","hentry","category-notas"],"aioseo_notices":[],"aioseo_head":"\n\t\t<!-- All in One SEO 5.0.1.1 - aioseo.com -->\n\t<meta name=\"robots\" content=\"max-image-preview:large\" \/>\n\t<meta name=\"author\" content=\"da Reda\u00e7\u00e3o\"\/>\n\t<link rel=\"canonical\" href=\"https:\/\/www.jornalja.com.br\/arquivo\/justica-de-brasilia-mantem-autorizacao-para-psicologos-aplicarem-terapia-de-reorientacao-sexual\/\" \/>\n\t<meta name=\"generator\" content=\"All in One SEO (AIOSEO) 5.0.1.1\" \/>\n\t\t<meta property=\"og:locale\" content=\"pt_BR\" \/>\n\t\t<meta property=\"og:site_name\" content=\"Arquivo | Jornal J\u00c1 | Porto Alegre\" \/>\n\t\t<meta property=\"og:type\" content=\"article\" \/>\n\t\t<meta property=\"og:title\" content=\"Justi\u00e7a de Bras\u00edlia mant\u00e9m autoriza\u00e7\u00e3o para psic\u00f3logos aplicarem terapia de reorienta\u00e7\u00e3o sexual | Arquivo\" \/>\n\t\t<meta property=\"og:url\" content=\"https:\/\/www.jornalja.com.br\/arquivo\/justica-de-brasilia-mantem-autorizacao-para-psicologos-aplicarem-terapia-de-reorientacao-sexual\/\" \/>\n\t\t<meta property=\"og:image\" content=\"https:\/\/www.jornalja.com.br\/economics\/wp-content\/uploads\/sites\/11\/2026\/08\/ja-folhaderosto-facebook.jpg\" \/>\n\t\t<meta property=\"og:image:secure_url\" content=\"https:\/\/www.jornalja.com.br\/economics\/wp-content\/uploads\/sites\/11\/2026\/08\/ja-folhaderosto-facebook.jpg\" \/>\n\t\t<meta property=\"article:published_time\" content=\"2017-12-15T23:41:26+00:00\" \/>\n\t\t<meta property=\"article:modified_time\" content=\"2017-12-15T23:41:26+00:00\" \/>\n\t\t<meta name=\"twitter:card\" content=\"summary\" \/>\n\t\t<meta name=\"twitter:title\" content=\"Justi\u00e7a de Bras\u00edlia mant\u00e9m autoriza\u00e7\u00e3o para psic\u00f3logos aplicarem terapia de reorienta\u00e7\u00e3o sexual | Arquivo\" \/>\n\t\t<meta name=\"twitter:image\" content=\"https:\/\/www.jornalja.com.br\/economics\/wp-content\/uploads\/sites\/11\/2026\/08\/ja-folhaderosto-facebook.jpg\" \/>\n\t\t<script type=\"application\/ld+json\" class=\"aioseo-schema\">\n\t\t\t{\"@context\":\"https:\\\/\\\/schema.org\",\"@graph\":[{\"@type\":\"BlogPosting\",\"@id\":\"https:\\\/\\\/www.jornalja.com.br\\\/arquivo\\\/justica-de-brasilia-mantem-autorizacao-para-psicologos-aplicarem-terapia-de-reorientacao-sexual\\\/#blogposting\",\"name\":\"Justi\\u00e7a de Bras\\u00edlia mant\\u00e9m autoriza\\u00e7\\u00e3o para psic\\u00f3logos aplicarem terapia de reorienta\\u00e7\\u00e3o sexual | Arquivo\",\"headline\":\"Justi\\u00e7a de Bras\\u00edlia mant\\u00e9m autoriza\\u00e7\\u00e3o para psic\\u00f3logos aplicarem terapia de reorienta\\u00e7\\u00e3o sexual\",\"author\":{\"@id\":\"https:\\\/\\\/www.jornalja.com.br\\\/arquivo\\\/author\\\/daredacao\\\/#author\"},\"publisher\":{\"@id\":\"https:\\\/\\\/www.jornalja.com.br\\\/arquivo\\\/#organization\"},\"image\":{\"@type\":\"ImageObject\",\"url\":\"https:\\\/\\\/www.jornalja.com.br\\\/wp-content\\\/uploads\\\/cards\\\/JAslogan.png\",\"@id\":\"https:\\\/\\\/www.jornalja.com.br\\\/arquivo\\\/#articleImage\"},\"datePublished\":\"2017-12-15T21:41:26-02:00\",\"dateModified\":\"2017-12-15T21:41:26-02:00\",\"inLanguage\":\"pt-BR\",\"mainEntityOfPage\":{\"@id\":\"https:\\\/\\\/www.jornalja.com.br\\\/arquivo\\\/justica-de-brasilia-mantem-autorizacao-para-psicologos-aplicarem-terapia-de-reorientacao-sexual\\\/#webpage\"},\"isPartOf\":{\"@id\":\"https:\\\/\\\/www.jornalja.com.br\\\/arquivo\\\/justica-de-brasilia-mantem-autorizacao-para-psicologos-aplicarem-terapia-de-reorientacao-sexual\\\/#webpage\"},\"articleSection\":\"NOTAS\"},{\"@type\":\"BreadcrumbList\",\"@id\":\"https:\\\/\\\/www.jornalja.com.br\\\/arquivo\\\/justica-de-brasilia-mantem-autorizacao-para-psicologos-aplicarem-terapia-de-reorientacao-sexual\\\/#breadcrumblist\",\"itemListElement\":[{\"@type\":\"ListItem\",\"@id\":\"https:\\\/\\\/www.jornalja.com.br\\\/arquivo#listItem\",\"position\":1,\"name\":\"Home\",\"item\":\"https:\\\/\\\/www.jornalja.com.br\\\/arquivo\",\"nextItem\":{\"@type\":\"ListItem\",\"@id\":\"https:\\\/\\\/www.jornalja.com.br\\\/arquivo\\\/category\\\/notas\\\/#listItem\",\"name\":\"NOTAS\"}},{\"@type\":\"ListItem\",\"@id\":\"https:\\\/\\\/www.jornalja.com.br\\\/arquivo\\\/category\\\/notas\\\/#listItem\",\"position\":2,\"name\":\"NOTAS\",\"item\":\"https:\\\/\\\/www.jornalja.com.br\\\/arquivo\\\/category\\\/notas\\\/\",\"nextItem\":{\"@type\":\"ListItem\",\"@id\":\"https:\\\/\\\/www.jornalja.com.br\\\/arquivo\\\/justica-de-brasilia-mantem-autorizacao-para-psicologos-aplicarem-terapia-de-reorientacao-sexual\\\/#listItem\",\"name\":\"Justi\\u00e7a de Bras\\u00edlia mant\\u00e9m autoriza\\u00e7\\u00e3o para psic\\u00f3logos aplicarem terapia de reorienta\\u00e7\\u00e3o sexual\"},\"previousItem\":{\"@type\":\"ListItem\",\"@id\":\"https:\\\/\\\/www.jornalja.com.br\\\/arquivo#listItem\",\"name\":\"Home\"}},{\"@type\":\"ListItem\",\"@id\":\"https:\\\/\\\/www.jornalja.com.br\\\/arquivo\\\/justica-de-brasilia-mantem-autorizacao-para-psicologos-aplicarem-terapia-de-reorientacao-sexual\\\/#listItem\",\"position\":3,\"name\":\"Justi\\u00e7a de Bras\\u00edlia mant\\u00e9m autoriza\\u00e7\\u00e3o para psic\\u00f3logos aplicarem terapia de reorienta\\u00e7\\u00e3o sexual\",\"previousItem\":{\"@type\":\"ListItem\",\"@id\":\"https:\\\/\\\/www.jornalja.com.br\\\/arquivo\\\/category\\\/notas\\\/#listItem\",\"name\":\"NOTAS\"}}]},{\"@type\":\"Organization\",\"@id\":\"https:\\\/\\\/www.jornalja.com.br\\\/arquivo\\\/#organization\",\"name\":\"Jornal J\\u00c1\",\"description\":\"Jornal J\\u00c1 | Porto Alegre\",\"url\":\"https:\\\/\\\/www.jornalja.com.br\\\/arquivo\\\/\",\"telephone\":\"+555133307272\",\"logo\":{\"@type\":\"ImageObject\",\"url\":\"https:\\\/\\\/www.jornalja.com.br\\\/wp-content\\\/uploads\\\/cards\\\/JAslogan.png\",\"@id\":\"https:\\\/\\\/www.jornalja.com.br\\\/arquivo\\\/justica-de-brasilia-mantem-autorizacao-para-psicologos-aplicarem-terapia-de-reorientacao-sexual\\\/#organizationLogo\"},\"image\":{\"@id\":\"https:\\\/\\\/www.jornalja.com.br\\\/arquivo\\\/justica-de-brasilia-mantem-autorizacao-para-psicologos-aplicarem-terapia-de-reorientacao-sexual\\\/#organizationLogo\"}},{\"@type\":\"Person\",\"@id\":\"https:\\\/\\\/www.jornalja.com.br\\\/arquivo\\\/author\\\/daredacao\\\/#author\",\"url\":\"https:\\\/\\\/www.jornalja.com.br\\\/arquivo\\\/author\\\/daredacao\\\/\",\"name\":\"da Reda\\u00e7\\u00e3o\",\"image\":{\"@type\":\"ImageObject\",\"@id\":\"https:\\\/\\\/www.jornalja.com.br\\\/arquivo\\\/justica-de-brasilia-mantem-autorizacao-para-psicologos-aplicarem-terapia-de-reorientacao-sexual\\\/#authorImage\",\"url\":\"https:\\\/\\\/secure.gravatar.com\\\/avatar\\\/469fd857d6605ad19919d27ed29d35a968a25f6e8fd9318356bbb7f57aae9c65?s=96&d=mm&r=g\",\"width\":96,\"height\":96,\"caption\":\"da Reda\\u00e7\\u00e3o\"}},{\"@type\":\"WebPage\",\"@id\":\"https:\\\/\\\/www.jornalja.com.br\\\/arquivo\\\/justica-de-brasilia-mantem-autorizacao-para-psicologos-aplicarem-terapia-de-reorientacao-sexual\\\/#webpage\",\"url\":\"https:\\\/\\\/www.jornalja.com.br\\\/arquivo\\\/justica-de-brasilia-mantem-autorizacao-para-psicologos-aplicarem-terapia-de-reorientacao-sexual\\\/\",\"name\":\"Justi\\u00e7a de Bras\\u00edlia mant\\u00e9m autoriza\\u00e7\\u00e3o para psic\\u00f3logos aplicarem terapia de reorienta\\u00e7\\u00e3o sexual | Arquivo\",\"inLanguage\":\"pt-BR\",\"isPartOf\":{\"@id\":\"https:\\\/\\\/www.jornalja.com.br\\\/arquivo\\\/#website\"},\"breadcrumb\":{\"@id\":\"https:\\\/\\\/www.jornalja.com.br\\\/arquivo\\\/justica-de-brasilia-mantem-autorizacao-para-psicologos-aplicarem-terapia-de-reorientacao-sexual\\\/#breadcrumblist\"},\"author\":{\"@id\":\"https:\\\/\\\/www.jornalja.com.br\\\/arquivo\\\/author\\\/daredacao\\\/#author\"},\"creator\":{\"@id\":\"https:\\\/\\\/www.jornalja.com.br\\\/arquivo\\\/author\\\/daredacao\\\/#author\"},\"datePublished\":\"2017-12-15T21:41:26-02:00\",\"dateModified\":\"2017-12-15T21:41:26-02:00\"},{\"@type\":\"WebSite\",\"@id\":\"https:\\\/\\\/www.jornalja.com.br\\\/arquivo\\\/#website\",\"url\":\"https:\\\/\\\/www.jornalja.com.br\\\/arquivo\\\/\",\"name\":\"Arquivo\",\"description\":\"Jornal J\\u00c1 | Porto Alegre\",\"inLanguage\":\"pt-BR\",\"publisher\":{\"@id\":\"https:\\\/\\\/www.jornalja.com.br\\\/arquivo\\\/#organization\"}}]}\n\t\t<\/script>\n\t\t<!-- All in One SEO -->\n\n","aioseo_head_json":{"title":"Justi\u00e7a de Bras\u00edlia mant\u00e9m autoriza\u00e7\u00e3o para psic\u00f3logos aplicarem terapia de reorienta\u00e7\u00e3o sexual | Arquivo","description":"","canonical_url":"https:\/\/www.jornalja.com.br\/arquivo\/justica-de-brasilia-mantem-autorizacao-para-psicologos-aplicarem-terapia-de-reorientacao-sexual\/","robots":"max-image-preview:large","keywords":"","webmasterTools":{"miscellaneous":""},"schema":{"@context":"https:\/\/schema.org","@graph":[{"@type":"BlogPosting","@id":"https:\/\/www.jornalja.com.br\/arquivo\/justica-de-brasilia-mantem-autorizacao-para-psicologos-aplicarem-terapia-de-reorientacao-sexual\/#blogposting","name":"Justi\u00e7a de Bras\u00edlia mant\u00e9m autoriza\u00e7\u00e3o para psic\u00f3logos aplicarem terapia de reorienta\u00e7\u00e3o sexual | Arquivo","headline":"Justi\u00e7a de Bras\u00edlia mant\u00e9m autoriza\u00e7\u00e3o para psic\u00f3logos aplicarem terapia de reorienta\u00e7\u00e3o sexual","author":{"@id":"https:\/\/www.jornalja.com.br\/arquivo\/author\/daredacao\/#author"},"publisher":{"@id":"https:\/\/www.jornalja.com.br\/arquivo\/#organization"},"image":{"@type":"ImageObject","url":"https:\/\/www.jornalja.com.br\/wp-content\/uploads\/cards\/JAslogan.png","@id":"https:\/\/www.jornalja.com.br\/arquivo\/#articleImage"},"datePublished":"2017-12-15T21:41:26-02:00","dateModified":"2017-12-15T21:41:26-02:00","inLanguage":"pt-BR","mainEntityOfPage":{"@id":"https:\/\/www.jornalja.com.br\/arquivo\/justica-de-brasilia-mantem-autorizacao-para-psicologos-aplicarem-terapia-de-reorientacao-sexual\/#webpage"},"isPartOf":{"@id":"https:\/\/www.jornalja.com.br\/arquivo\/justica-de-brasilia-mantem-autorizacao-para-psicologos-aplicarem-terapia-de-reorientacao-sexual\/#webpage"},"articleSection":"NOTAS"},{"@type":"BreadcrumbList","@id":"https:\/\/www.jornalja.com.br\/arquivo\/justica-de-brasilia-mantem-autorizacao-para-psicologos-aplicarem-terapia-de-reorientacao-sexual\/#breadcrumblist","itemListElement":[{"@type":"ListItem","@id":"https:\/\/www.jornalja.com.br\/arquivo#listItem","position":1,"name":"Home","item":"https:\/\/www.jornalja.com.br\/arquivo","nextItem":{"@type":"ListItem","@id":"https:\/\/www.jornalja.com.br\/arquivo\/category\/notas\/#listItem","name":"NOTAS"}},{"@type":"ListItem","@id":"https:\/\/www.jornalja.com.br\/arquivo\/category\/notas\/#listItem","position":2,"name":"NOTAS","item":"https:\/\/www.jornalja.com.br\/arquivo\/category\/notas\/","nextItem":{"@type":"ListItem","@id":"https:\/\/www.jornalja.com.br\/arquivo\/justica-de-brasilia-mantem-autorizacao-para-psicologos-aplicarem-terapia-de-reorientacao-sexual\/#listItem","name":"Justi\u00e7a de Bras\u00edlia mant\u00e9m autoriza\u00e7\u00e3o para psic\u00f3logos aplicarem terapia de reorienta\u00e7\u00e3o sexual"},"previousItem":{"@type":"ListItem","@id":"https:\/\/www.jornalja.com.br\/arquivo#listItem","name":"Home"}},{"@type":"ListItem","@id":"https:\/\/www.jornalja.com.br\/arquivo\/justica-de-brasilia-mantem-autorizacao-para-psicologos-aplicarem-terapia-de-reorientacao-sexual\/#listItem","position":3,"name":"Justi\u00e7a de Bras\u00edlia mant\u00e9m autoriza\u00e7\u00e3o para psic\u00f3logos aplicarem terapia de reorienta\u00e7\u00e3o sexual","previousItem":{"@type":"ListItem","@id":"https:\/\/www.jornalja.com.br\/arquivo\/category\/notas\/#listItem","name":"NOTAS"}}]},{"@type":"Organization","@id":"https:\/\/www.jornalja.com.br\/arquivo\/#organization","name":"Jornal J\u00c1","description":"Jornal J\u00c1 | Porto Alegre","url":"https:\/\/www.jornalja.com.br\/arquivo\/","telephone":"+555133307272","logo":{"@type":"ImageObject","url":"https:\/\/www.jornalja.com.br\/wp-content\/uploads\/cards\/JAslogan.png","@id":"https:\/\/www.jornalja.com.br\/arquivo\/justica-de-brasilia-mantem-autorizacao-para-psicologos-aplicarem-terapia-de-reorientacao-sexual\/#organizationLogo"},"image":{"@id":"https:\/\/www.jornalja.com.br\/arquivo\/justica-de-brasilia-mantem-autorizacao-para-psicologos-aplicarem-terapia-de-reorientacao-sexual\/#organizationLogo"}},{"@type":"Person","@id":"https:\/\/www.jornalja.com.br\/arquivo\/author\/daredacao\/#author","url":"https:\/\/www.jornalja.com.br\/arquivo\/author\/daredacao\/","name":"da Reda\u00e7\u00e3o","image":{"@type":"ImageObject","@id":"https:\/\/www.jornalja.com.br\/arquivo\/justica-de-brasilia-mantem-autorizacao-para-psicologos-aplicarem-terapia-de-reorientacao-sexual\/#authorImage","url":"https:\/\/secure.gravatar.com\/avatar\/469fd857d6605ad19919d27ed29d35a968a25f6e8fd9318356bbb7f57aae9c65?s=96&d=mm&r=g","width":96,"height":96,"caption":"da Reda\u00e7\u00e3o"}},{"@type":"WebPage","@id":"https:\/\/www.jornalja.com.br\/arquivo\/justica-de-brasilia-mantem-autorizacao-para-psicologos-aplicarem-terapia-de-reorientacao-sexual\/#webpage","url":"https:\/\/www.jornalja.com.br\/arquivo\/justica-de-brasilia-mantem-autorizacao-para-psicologos-aplicarem-terapia-de-reorientacao-sexual\/","name":"Justi\u00e7a de Bras\u00edlia mant\u00e9m autoriza\u00e7\u00e3o para psic\u00f3logos aplicarem terapia de reorienta\u00e7\u00e3o sexual | Arquivo","inLanguage":"pt-BR","isPartOf":{"@id":"https:\/\/www.jornalja.com.br\/arquivo\/#website"},"breadcrumb":{"@id":"https:\/\/www.jornalja.com.br\/arquivo\/justica-de-brasilia-mantem-autorizacao-para-psicologos-aplicarem-terapia-de-reorientacao-sexual\/#breadcrumblist"},"author":{"@id":"https:\/\/www.jornalja.com.br\/arquivo\/author\/daredacao\/#author"},"creator":{"@id":"https:\/\/www.jornalja.com.br\/arquivo\/author\/daredacao\/#author"},"datePublished":"2017-12-15T21:41:26-02:00","dateModified":"2017-12-15T21:41:26-02:00"},{"@type":"WebSite","@id":"https:\/\/www.jornalja.com.br\/arquivo\/#website","url":"https:\/\/www.jornalja.com.br\/arquivo\/","name":"Arquivo","description":"Jornal J\u00c1 | Porto Alegre","inLanguage":"pt-BR","publisher":{"@id":"https:\/\/www.jornalja.com.br\/arquivo\/#organization"}}]},"og:locale":"pt_BR","og:site_name":"Arquivo | Jornal J\u00c1 | Porto Alegre","og:type":"article","og:title":"Justi\u00e7a de Bras\u00edlia mant\u00e9m autoriza\u00e7\u00e3o para psic\u00f3logos aplicarem terapia de reorienta\u00e7\u00e3o sexual | Arquivo","og:url":"https:\/\/www.jornalja.com.br\/arquivo\/justica-de-brasilia-mantem-autorizacao-para-psicologos-aplicarem-terapia-de-reorientacao-sexual\/","og:image":"https:\/\/www.jornalja.com.br\/economics\/wp-content\/uploads\/sites\/11\/2026\/08\/ja-folhaderosto-facebook.jpg","og:image:secure_url":"https:\/\/www.jornalja.com.br\/economics\/wp-content\/uploads\/sites\/11\/2026\/08\/ja-folhaderosto-facebook.jpg","article:published_time":"2017-12-15T23:41:26+00:00","article:modified_time":"2017-12-15T23:41:26+00:00","twitter:card":"summary","twitter:title":"Justi\u00e7a de Bras\u00edlia mant\u00e9m autoriza\u00e7\u00e3o para psic\u00f3logos aplicarem terapia de reorienta\u00e7\u00e3o sexual | Arquivo","twitter:image":"https:\/\/www.jornalja.com.br\/economics\/wp-content\/uploads\/sites\/11\/2026\/08\/ja-folhaderosto-facebook.jpg"},"aioseo_meta_data":{"post_id":"58346","title":null,"description":null,"keywords":null,"keyphrases":null,"primary_term":null,"canonical_url":null,"og_title":null,"og_description":null,"og_object_type":"default","og_image_type":"default","og_image_url":null,"og_image_width":null,"og_image_height":null,"og_image_custom_url":null,"og_image_custom_fields":null,"og_video":null,"og_custom_url":null,"og_article_section":null,"og_article_tags":null,"twitter_use_og":false,"twitter_card":"default","twitter_image_type":"default","twitter_image_url":null,"twitter_image_custom_url":null,"twitter_image_custom_fields":null,"twitter_title":null,"twitter_description":null,"schema":{"blockGraphs":[],"customGraphs":[],"default":{"data":{"Article":[],"Course":[],"Dataset":[],"FAQPage":[],"Movie":[],"Person":[],"Product":[],"ProductReview":[],"Car":[],"Recipe":[],"Service":[],"SoftwareApplication":[],"WebPage":[]},"graphName":"","isEnabled":true},"graphs":[]},"schema_type":null,"schema_type_options":null,"pillar_content":false,"robots_default":true,"robots_noindex":false,"robots_noarchive":false,"robots_nosnippet":false,"robots_nofollow":false,"robots_noimageindex":false,"robots_noodp":false,"robots_notranslate":false,"robots_max_snippet":null,"robots_max_videopreview":null,"robots_max_imagepreview":"large","priority":null,"frequency":null,"location":null,"local_seo":null,"breadcrumb_settings":null,"limit_modified_date":false,"ai":null,"created":"2020-12-20 20:20:44","updated":"2025-07-20 02:55:21","seo_analyzer_scan_date":null,"focus_keyword":null,"additional_keywords":null,"truseo_locale":null},"jetpack_sharing_enabled":true,"jetpack-related-posts":[{"id":13109,"url":"https:\/\/www.jornalja.com.br\/arquivo\/judiciario-reconhece-poluicao-eletromagnetica\/","url_meta":{"origin":58346,"position":0},"title":"Judici\u00e1rio reconhece polui\u00e7\u00e3o eletromagn\u00e9tica","author":"Patr\u00edcia Marini","date":"16 de maio de 2014","format":false,"excerpt":"A\u00e7\u00e3o de duas associa\u00e7\u00f5es de moradores foi acolhida pelo Tribunal de Justi\u00e7a de S\u00e3o Paulo que. em decis\u00e3o in\u00e9dita, determinou a redu\u00e7\u00e3o do campo eletromagn\u00e9tico gerado pelas linhas de transmiss\u00e3o de energia que cortam os bairros City Boa\u00e7ava e Alto de Pinheiros. \u00c9 a primeira vez que um tribunal do\u2026","rel":"","context":"Em &quot;X.Categorias velhas&quot;","block_context":{"text":"X.Categorias velhas","link":"https:\/\/www.jornalja.com.br\/arquivo\/category\/x-categorias-velhas\/"},"img":{"alt_text":"","src":"","width":0,"height":0},"classes":[]},{"id":5440,"url":"https:\/\/www.jornalja.com.br\/arquivo\/casarao-da-venancio-destino-permanece-incerto\/","url_meta":{"origin":58346,"position":1},"title":"Estado ainda n\u00e3o sabe o que fazer com casar\u00e3o abandonado h\u00e1 20 anos","author":"Elmar Bones","date":"6 de julho de 2009","format":false,"excerpt":"O casar\u00e3o amarelo, numa esquina nobre de Porto Alegre (Ven\u00e2ncio Aires com Jo\u00e3o Pessoa), j\u00e1 abrigou uma escola. H\u00e1 duas d\u00e9cadas, pelo menos, est\u00e1 abandonado, porque seu propriet\u00e1rio, o governo do Estado do Rio Grande do Sul, n\u00e3o consegue achar um destino para ele. Planos n\u00e3o faltaram. O governador Ol\u00edvio\u2026","rel":"","context":"Em &quot;X.Categorias velhas&quot;","block_context":{"text":"X.Categorias velhas","link":"https:\/\/www.jornalja.com.br\/arquivo\/category\/x-categorias-velhas\/"},"img":{"alt_text":"geraldo1","src":"https:\/\/i0.wp.com\/www.jornalja.com.br\/wp-content\/uploads\/2009\/07\/geraldo1.jpg?resize=350%2C200&ssl=1","width":350,"height":200},"classes":[]},{"id":13128,"url":"https:\/\/www.jornalja.com.br\/arquivo\/maconha-terra-diz-que-uso-medicinal-e-desculpa\/","url_meta":{"origin":58346,"position":2},"title":"Maconha: Terra diz que uso medicinal \u00e9 desculpa","author":"Patr\u00edcia Marini","date":"4 de junho de 2014","format":false,"excerpt":"A condi\u00e7\u00e3o de pol\u00edtico, em \u00e9poca de campanha de campanha eleitoral, tira for\u00e7a do discurso do m\u00e9dico Osmar Terra contra a legaliza\u00e7\u00e3o da maconha. A tese dele de que a libera\u00e7\u00e3o vai ampliar exponencialmente o consumo \u00e9 discutivel, o consumo \u00e9 corrente. Mas seus alertas quanto aos riscos tem que\u2026","rel":"","context":"Em &quot;X.Categorias velhas&quot;","block_context":{"text":"X.Categorias velhas","link":"https:\/\/www.jornalja.com.br\/arquivo\/category\/x-categorias-velhas\/"},"img":{"alt_text":"","src":"","width":0,"height":0},"classes":[]},{"id":13124,"url":"https:\/\/www.jornalja.com.br\/arquivo\/sangue-latino-no-iecine\/","url_meta":{"origin":58346,"position":3},"title":"Sangue latino no IECINE","author":"da Reda\u00e7\u00e3o","date":"18 de maio de 2014","format":false,"excerpt":"Francisco Ribeiro O Instituto Estadual de Cinema (IECINE) tem a frente, desde abril \u00faltimo, um novo diretor, o cineasta colombiano Juan Zapata, 36, que substitui Luiz Alberto Cassol. Radicado h\u00e1 dez anos em Porto Alegre, Zapata tem diante de si o desafio de conduzir at\u00e9 o final do ano um\u2026","rel":"","context":"Em &quot;Cultura-Geral&quot;","block_context":{"text":"Cultura-Geral","link":"https:\/\/www.jornalja.com.br\/arquivo\/category\/materiasecundaria\/"},"img":{"alt_text":"","src":"","width":0,"height":0},"classes":[]},{"id":14241,"url":"https:\/\/www.jornalja.com.br\/arquivo\/o-guaiba-nas-imagens-poeticas-de-achutti\/","url_meta":{"origin":58346,"position":4},"title":"O Gua\u00edba nas imagens po\u00e9ticas de Achutti","author":"da Reda\u00e7\u00e3o","date":"18 de junho de 2014","format":false,"excerpt":"Em \u201cO Gua\u00edba por Achutti\u201d \u2013 obra financiada via Minist\u00e9rio da Cultura, produ\u00e7\u00e3o executiva de Pedro Longhi, e Fl\u00e1vio Wild como designer \u2013, o fot\u00f3grafo revela a beleza e as mazelas de um espa\u00e7o aqu\u00e1tico de \u00e1guas sempre renovadas, cheio de hist\u00f3rias e lendas como as das cidades que foram\u2026","rel":"","context":"Em &quot;Cultura-Geral&quot;","block_context":{"text":"Cultura-Geral","link":"https:\/\/www.jornalja.com.br\/arquivo\/category\/materiasecundaria\/"},"img":{"alt_text":"","src":"","width":0,"height":0},"classes":[]},{"id":13240,"url":"https:\/\/www.jornalja.com.br\/arquivo\/plano-diretor-estamos-construindo-o-caos\/","url_meta":{"origin":58346,"position":5},"title":"Plano diretor: &quot;Estamos construindo o caos&quot;","author":"Patr\u00edcia Marini","date":"26 de maio de 2014","format":false,"excerpt":"Desabafo que arquiteta Eliana Castilhos, delegada da Regi\u00e3o de Planejamento 1, postou nas redes sociais \u00e9 um testemunho do ambiente que se criou no Conselho do Plano Diretor de Porto Alegre, onde a aprova\u00e7\u00e3o de grandes empreendimentos \u00e9 empurrada guela abaixo dos conselheiros. Ao CMDUA Como delegada da Regi\u00e3o de\u2026","rel":"","context":"Em &quot;Geral&quot;","block_context":{"text":"Geral","link":"https:\/\/www.jornalja.com.br\/arquivo\/category\/geral\/"},"img":{"alt_text":"","src":"","width":0,"height":0},"classes":[]}],"jetpack_shortlink":"https:\/\/wp.me\/pbQjBd-fb4","jetpack_featured_media_url":"","_links":{"self":[{"href":"https:\/\/www.jornalja.com.br\/arquivo\/wp-json\/wp\/v2\/posts\/58346","targetHints":{"allow":["GET"]}}],"collection":[{"href":"https:\/\/www.jornalja.com.br\/arquivo\/wp-json\/wp\/v2\/posts"}],"about":[{"href":"https:\/\/www.jornalja.com.br\/arquivo\/wp-json\/wp\/v2\/types\/post"}],"author":[{"embeddable":true,"href":"https:\/\/www.jornalja.com.br\/arquivo\/wp-json\/wp\/v2\/users\/4"}],"replies":[{"embeddable":true,"href":"https:\/\/www.jornalja.com.br\/arquivo\/wp-json\/wp\/v2\/comments?post=58346"}],"version-history":[{"count":0,"href":"https:\/\/www.jornalja.com.br\/arquivo\/wp-json\/wp\/v2\/posts\/58346\/revisions"}],"wp:attachment":[{"href":"https:\/\/www.jornalja.com.br\/arquivo\/wp-json\/wp\/v2\/media?parent=58346"}],"wp:term":[{"taxonomy":"category","embeddable":true,"href":"https:\/\/www.jornalja.com.br\/arquivo\/wp-json\/wp\/v2\/categories?post=58346"},{"taxonomy":"post_tag","embeddable":true,"href":"https:\/\/www.jornalja.com.br\/arquivo\/wp-json\/wp\/v2\/tags?post=58346"}],"curies":[{"name":"wp","href":"https:\/\/api.w.org\/{rel}","templated":true}]}}