{"id":58348,"date":"2017-12-15T18:38:13","date_gmt":"2017-12-15T20:38:13","guid":{"rendered":"https:\/\/www.jornalja.com.br\/?p=58348"},"modified":"2017-12-15T18:38:13","modified_gmt":"2017-12-15T20:38:13","slug":"ibge-brasil-tem-%c2%bc-de-sua-populacao-vivendo-na-linha-de-pobreza","status":"publish","type":"post","link":"https:\/\/www.jornalja.com.br\/arquivo\/ibge-brasil-tem-%c2%bc-de-sua-populacao-vivendo-na-linha-de-pobreza\/","title":{"rendered":"IBGE: Brasil tem \u00bc de sua popula\u00e7\u00e3o vivendo na linha de pobreza"},"content":{"rendered":"<p>Mais de 25 milh\u00f5es de brasileiros, o equivalente a 25,4% da popula\u00e7\u00e3o, vivem na linha de pobreza e possuem renda familiar equivalente a R$ 387,07 \u2013 ou US$ 5,5 por dia, valor adotado pelo Banco Mundial para definir se uma pessoa \u00e9 pobre.<br \/>\nOs dados foram divulgados nesta sexta-feira, 15\/12, no Rio de Janeiro, pelo Instituto Brasileiro de Geografia e Estat\u00edstica (IBGE) e fazem parte da pesquisa S\u00edntese de Indicadores Sociais 2017 \u2013 SIS 2017. Ela indica, ainda, que o maior \u00edndice de pobreza se d\u00e1 na Regi\u00e3o Nordeste do pa\u00eds, onde 43,5% da popula\u00e7\u00e3o se enquadram nessa situa\u00e7\u00e3o e, a menor, no Sul: 12,3%.<br \/>\nA situa\u00e7\u00e3o \u00e9 ainda mais grave se levadas em conta as estat\u00edsticas do IBGE envolvendo crian\u00e7as de 0 a 14 anos de idade. No pa\u00eds, 42% das crian\u00e7as nesta faixa et\u00e1ria se enquadram nestas condi\u00e7\u00f5es e sobrevivem com apenas US$ 5,5 por dia.<br \/>\nA pesquisa de indicadores sociais revela uma realidade: o Brasil \u00e9 um pa\u00eds profundamente desigual e a desigualdade gritante se d\u00e1 em todos os n\u00edveis.<br \/>\nSeja por diferentes regi\u00f5es do pa\u00eds, por g\u00eanero &#8211; as mulheres ganham, em geral, bem menos que os homens mesmo exercendo as mesmas fun\u00e7\u00f5es -, por ra\u00e7a e cor: os trabalhadores pretos ou pardos respondem pelo maior n\u00famero de desempregados, t\u00eam menor escolaridade, ganham menos, moram mal e come\u00e7am a trabalhar bem mais cedo exatamente por ter menor n\u00edvel de escolaridade.<br \/>\nUm pa\u00eds onde a renda per capita dos 20% que ganham mais, cerca de R$ 4,5 mil, chega a ser mais de 18 vezes que o rendimento m\u00e9dio dos que ganham menos e com menores rendimentos por pessoa \u2013 cerca de R$ 243.<br \/>\nNo Brasil, em 2016, a renda total apropriada pelos 10% com mais rendimentos (R$ 6,551 mil) era 3,4 vezes maior que o total de renda apropriado pelos 40% (R$ 401) com menos rendimentos, embora a rela\u00e7\u00e3o variasse dependendo do estado.<br \/>\nEntre as pessoas com os 10% menores rendimentos do pa\u00eds, a parcela da popula\u00e7\u00e3o de pretos ou pardos chega a 78,5%, contra 20,8% de brancos. No outro extremo, dos 10% com maiores rendimentos, pretos ou pardos respondiam por apenas 24,8%.<br \/>\nA maior diferen\u00e7a estava no Sudeste, onde os pretos ou pardos representavam 46,4% da popula\u00e7\u00e3o com rendimentos, mas sua participa\u00e7\u00e3o entre os 10% com mais rendimentos era de 16,4%, uma diferen\u00e7a de 30 pontos percentuais.<br \/>\n<span class=\"intertit\">Desigualdade acentuada<\/span><br \/>\nNo que diz respeito \u00e0 distribui\u00e7\u00e3o de renda no pa\u00eds, a S\u00edntese dos Indicadores Sociais 2017 comprovou, mais uma vez, que o Brasil continua um pa\u00eds de alta desigualdade de renda, inclusive, quando comparado a outras na\u00e7\u00f5es da Am\u00e9rica Latina, regi\u00e3o onde a desigualdade \u00e9 mais acentuada.<br \/>\nSegundo o estudo, em 2017 as taxas de desocupa\u00e7\u00e3o da popula\u00e7\u00e3o preta ou parda foram superiores \u00e0s da popula\u00e7\u00e3o branca em todos os n\u00edveis de instru\u00e7\u00e3o. Na categoria ensino fundamental completo ou m\u00e9dio incompleto, por exemplo, a taxa de desocupa\u00e7\u00e3o dos trabalhadores pretos ou pardos era de 18,1%, bem superior que o percentual dos brancos: 12,1%.<br \/>\n\u201cA distribui\u00e7\u00e3o dos rendimentos m\u00e9dios por atividade mostra a heterogeneidade estrutural da economia brasileira. Embora tenha apresentado o segundo maior crescimento em termos reais nos cinco anos dispon\u00edveis (10,9%), os servi\u00e7os dom\u00e9sticos registraram os rendimentos m\u00e9dios mais baixos em toda a s\u00e9rie. J\u00e1 a Administra\u00e7\u00e3o P\u00fablica acusou o maior crescimento (14,1%) e os rendimentos m\u00e9dios mais elevados\u201d, diz o IBGE.<br \/>\n<span class=\"intertit\">O peso da escolaridade<\/span><br \/>\nOs dados do estudo indicam que, quanto menos escolaridade, mais cedo o jovem ingressa no mercado de trabalho. A pesquisa revela que 39,6% dos trabalhadores ingressaram no mercado de trabalho com at\u00e9 14 anos.<br \/>\nPara os analistas, \u201ca idade em que o trabalhador come\u00e7ou a trabalhar \u00e9 um fator que est\u00e1 fortemente relacionado \u00e0s caracter\u00edsticas de sua inser\u00e7\u00e3o no mercado de trabalho, pois influencia tanto na sua trajet\u00f3ria educacional \u2013 j\u00e1 que a entrada precoce no mercado pode inibir a sua forma\u00e7\u00e3o escolar \u2013 quanto na obten\u00e7\u00e3o de rendimentos mais elevados\u201d.<br \/>\n<span class=\"intertit\">Cresce percentual dos que n\u00e3o trabalham nem estudam<\/span><br \/>\nO percentual de jovens que n\u00e3o trabalham nem estudam aumentou 3,1 pontos percentuais entre 2014 e 2016, passando de 22,7% para 25,8%. Dados da pesquisa S\u00edntese de Indicadores Sociais 2017 indicam que, no per\u00edodo, cresceu o percentual de jovens que s\u00f3 estudavam, mas diminuiu o de jovens que estudavam e estavam ocupados e tamb\u00e9m o de jovens que s\u00f3 estavam ocupados.<br \/>\nO fen\u00f4meno ocorreu em todas as regi\u00f5es do Brasil. No Norte, o percentual de jovens nessa situa\u00e7\u00e3o passou de 25,3% para 28,0%. No Nordeste, de 27,7% para 32,2%. No Sudeste, de 20,8% para 24,0%. No Sul, de 17,0% para 18,7% e no Centro-Oeste, de 19,8% para 22,2%.<br \/>\nEle atingiu, sobretudo, os jovens com menor n\u00edvel de instru\u00e7\u00e3o, os pretos ou pardos e as mulheres e com maior incid\u00eancia entre jovens cujo n\u00edvel de instru\u00e7\u00e3o mais elevado alcan\u00e7ado era o fundamental incompleto ou equivalente, que respondia por 38,3% do total.<br \/>\n<span class=\"intertit\">Pobreza \u00e9 maior no Nordeste<\/span><br \/>\nQuando se avalia os n\u00edveis de pobreza no pa\u00eds por estados e capitais, ganham destaque &#8211; sob o ponto de vista negativo &#8211; as Regi\u00f5es Norte e Nordeste com os maiores valores sendo observados no Maranh\u00e3o (52,4% da popula\u00e7\u00e3o), Amazonas (49,2%) e Alagoas (47,4%).<br \/>\nEm todos os casos, a pobreza tem maior incid\u00eancia nos domic\u00edlios do interior do pa\u00eds do que nas capitais, o que est\u00e1 alinhado com a realidade global, onde 80% da pobreza se concentram em \u00e1reas rurais.<br \/>\nAinda utilizando os par\u00e2metros estabelecidos pelo Banco Mundial, chega-se \u00e0 constata\u00e7\u00e3o de que, no mundo, 50% dos pobres t\u00eam at\u00e9 18 anos, com a pobreza monet\u00e1ria atingindo mais fortemente crian\u00e7as e jovens &#8211; 17,8 milh\u00f5es de crian\u00e7as e adolescentes de 0 a 14 anos, ou 42 em cada 100 crian\u00e7as.<br \/>\nTamb\u00e9m h\u00e1 alta incid\u00eancia em homens e mulheres pretas ou pardas, respectivamente, 33,3% e 34,3%, contra cerca de 15% para homens e mulheres brancas. Outro recorte relevante \u00e9 dos arranjos domiciliares, no qual a pobreza &#8211; medida pela linha dos US$ 5,5 por dia &#8211; mostra forte presen\u00e7a entre mulheres sem c\u00f4njuge, com filhos at\u00e9 14 anos (55,6%). O quadro \u00e9 ainda mais expressivo nesse tipo de arranjo formado por mulheres pretas ou pardas (64%), o que indica, segundo o IBGE, o ac\u00famulo de desvantagens para este grupo que merece aten\u00e7\u00e3o das pol\u00edticas p\u00fablicas.<br \/>\n&nbsp;<\/p>\n","protected":false},"excerpt":{"rendered":"<p>Mais de 25 milh\u00f5es de brasileiros, o equivalente a 25,4% da popula\u00e7\u00e3o, vivem na linha de pobreza e possuem renda familiar equivalente a R$ 387,07 \u2013 ou US$ 5,5 por dia, valor adotado pelo Banco Mundial para definir se uma pessoa \u00e9 pobre. Os dados foram divulgados nesta sexta-feira, 15\/12, no Rio de Janeiro, pelo [&hellip;]<\/p>\n","protected":false},"author":4,"featured_media":58349,"comment_status":"open","ping_status":"closed","sticky":false,"template":"","format":"standard","meta":{"_jetpack_newsletter_access":"","_jetpack_dont_email_post_to_subs":false,"_jetpack_newsletter_tier_id":0,"_jetpack_memberships_contains_paywalled_content":false,"_jetpack_feature_clip_id":0,"_jetpack_memberships_contains_paid_content":false,"footnotes":"","jetpack_post_was_ever_published":false},"categories":[26],"tags":[],"class_list":["post-58348","post","type-post","status-publish","format-standard","has-post-thumbnail","hentry","category-geral"],"aioseo_notices":[],"aioseo_head":"\n\t\t<!-- All in One SEO 5.0.1.1 - aioseo.com -->\n\t<meta name=\"robots\" content=\"max-image-preview:large\" \/>\n\t<meta name=\"author\" content=\"da Reda\u00e7\u00e3o\"\/>\n\t<link rel=\"canonical\" href=\"https:\/\/www.jornalja.com.br\/arquivo\/ibge-brasil-tem-%c2%bc-de-sua-populacao-vivendo-na-linha-de-pobreza\/\" \/>\n\t<meta name=\"generator\" content=\"All in One SEO (AIOSEO) 5.0.1.1\" \/>\n\t\t<meta property=\"og:locale\" content=\"pt_BR\" \/>\n\t\t<meta property=\"og:site_name\" content=\"Arquivo | Jornal J\u00c1 | Porto Alegre\" \/>\n\t\t<meta property=\"og:type\" content=\"article\" \/>\n\t\t<meta property=\"og:title\" content=\"IBGE: Brasil tem \u00bc de sua popula\u00e7\u00e3o vivendo na linha de pobreza | Arquivo\" \/>\n\t\t<meta property=\"og:url\" content=\"https:\/\/www.jornalja.com.br\/arquivo\/ibge-brasil-tem-%c2%bc-de-sua-populacao-vivendo-na-linha-de-pobreza\/\" \/>\n\t\t<meta property=\"og:image\" content=\"https:\/\/www.jornalja.com.br\/economics\/wp-content\/uploads\/sites\/11\/2026\/08\/ja-folhaderosto-facebook.jpg\" \/>\n\t\t<meta property=\"og:image:secure_url\" content=\"https:\/\/www.jornalja.com.br\/economics\/wp-content\/uploads\/sites\/11\/2026\/08\/ja-folhaderosto-facebook.jpg\" \/>\n\t\t<meta property=\"article:published_time\" content=\"2017-12-15T20:38:13+00:00\" \/>\n\t\t<meta property=\"article:modified_time\" content=\"2017-12-15T20:38:13+00:00\" \/>\n\t\t<meta name=\"twitter:card\" content=\"summary\" \/>\n\t\t<meta name=\"twitter:title\" content=\"IBGE: Brasil tem \u00bc de sua popula\u00e7\u00e3o vivendo na linha de pobreza | Arquivo\" \/>\n\t\t<meta name=\"twitter:image\" content=\"https:\/\/www.jornalja.com.br\/economics\/wp-content\/uploads\/sites\/11\/2026\/08\/ja-folhaderosto-facebook.jpg\" \/>\n\t\t<script type=\"application\/ld+json\" class=\"aioseo-schema\">\n\t\t\t{\"@context\":\"https:\\\/\\\/schema.org\",\"@graph\":[{\"@type\":\"BlogPosting\",\"@id\":\"https:\\\/\\\/www.jornalja.com.br\\\/arquivo\\\/ibge-brasil-tem-%c2%bc-de-sua-populacao-vivendo-na-linha-de-pobreza\\\/#blogposting\",\"name\":\"IBGE: Brasil tem \\u00bc de sua popula\\u00e7\\u00e3o vivendo na linha de pobreza | Arquivo\",\"headline\":\"IBGE: Brasil tem \\u00bc de sua popula\\u00e7\\u00e3o vivendo na linha de pobreza\",\"author\":{\"@id\":\"https:\\\/\\\/www.jornalja.com.br\\\/arquivo\\\/author\\\/daredacao\\\/#author\"},\"publisher\":{\"@id\":\"https:\\\/\\\/www.jornalja.com.br\\\/arquivo\\\/#organization\"},\"image\":{\"@type\":\"ImageObject\",\"url\":58349},\"datePublished\":\"2017-12-15T18:38:13-02:00\",\"dateModified\":\"2017-12-15T18:38:13-02:00\",\"inLanguage\":\"pt-BR\",\"mainEntityOfPage\":{\"@id\":\"https:\\\/\\\/www.jornalja.com.br\\\/arquivo\\\/ibge-brasil-tem-%c2%bc-de-sua-populacao-vivendo-na-linha-de-pobreza\\\/#webpage\"},\"isPartOf\":{\"@id\":\"https:\\\/\\\/www.jornalja.com.br\\\/arquivo\\\/ibge-brasil-tem-%c2%bc-de-sua-populacao-vivendo-na-linha-de-pobreza\\\/#webpage\"},\"articleSection\":\"Geral\"},{\"@type\":\"BreadcrumbList\",\"@id\":\"https:\\\/\\\/www.jornalja.com.br\\\/arquivo\\\/ibge-brasil-tem-%c2%bc-de-sua-populacao-vivendo-na-linha-de-pobreza\\\/#breadcrumblist\",\"itemListElement\":[{\"@type\":\"ListItem\",\"@id\":\"https:\\\/\\\/www.jornalja.com.br\\\/arquivo#listItem\",\"position\":1,\"name\":\"Home\",\"item\":\"https:\\\/\\\/www.jornalja.com.br\\\/arquivo\",\"nextItem\":{\"@type\":\"ListItem\",\"@id\":\"https:\\\/\\\/www.jornalja.com.br\\\/arquivo\\\/category\\\/geral\\\/#listItem\",\"name\":\"Geral\"}},{\"@type\":\"ListItem\",\"@id\":\"https:\\\/\\\/www.jornalja.com.br\\\/arquivo\\\/category\\\/geral\\\/#listItem\",\"position\":2,\"name\":\"Geral\",\"item\":\"https:\\\/\\\/www.jornalja.com.br\\\/arquivo\\\/category\\\/geral\\\/\",\"nextItem\":{\"@type\":\"ListItem\",\"@id\":\"https:\\\/\\\/www.jornalja.com.br\\\/arquivo\\\/ibge-brasil-tem-%c2%bc-de-sua-populacao-vivendo-na-linha-de-pobreza\\\/#listItem\",\"name\":\"IBGE: Brasil tem \\u00bc de sua popula\\u00e7\\u00e3o vivendo na linha de pobreza\"},\"previousItem\":{\"@type\":\"ListItem\",\"@id\":\"https:\\\/\\\/www.jornalja.com.br\\\/arquivo#listItem\",\"name\":\"Home\"}},{\"@type\":\"ListItem\",\"@id\":\"https:\\\/\\\/www.jornalja.com.br\\\/arquivo\\\/ibge-brasil-tem-%c2%bc-de-sua-populacao-vivendo-na-linha-de-pobreza\\\/#listItem\",\"position\":3,\"name\":\"IBGE: Brasil tem \\u00bc de sua popula\\u00e7\\u00e3o vivendo na linha de pobreza\",\"previousItem\":{\"@type\":\"ListItem\",\"@id\":\"https:\\\/\\\/www.jornalja.com.br\\\/arquivo\\\/category\\\/geral\\\/#listItem\",\"name\":\"Geral\"}}]},{\"@type\":\"Organization\",\"@id\":\"https:\\\/\\\/www.jornalja.com.br\\\/arquivo\\\/#organization\",\"name\":\"Jornal J\\u00c1\",\"description\":\"Jornal J\\u00c1 | Porto Alegre\",\"url\":\"https:\\\/\\\/www.jornalja.com.br\\\/arquivo\\\/\",\"telephone\":\"+555133307272\",\"logo\":{\"@type\":\"ImageObject\",\"url\":\"https:\\\/\\\/www.jornalja.com.br\\\/wp-content\\\/uploads\\\/cards\\\/JAslogan.png\",\"@id\":\"https:\\\/\\\/www.jornalja.com.br\\\/arquivo\\\/ibge-brasil-tem-%c2%bc-de-sua-populacao-vivendo-na-linha-de-pobreza\\\/#organizationLogo\"},\"image\":{\"@id\":\"https:\\\/\\\/www.jornalja.com.br\\\/arquivo\\\/ibge-brasil-tem-%c2%bc-de-sua-populacao-vivendo-na-linha-de-pobreza\\\/#organizationLogo\"}},{\"@type\":\"Person\",\"@id\":\"https:\\\/\\\/www.jornalja.com.br\\\/arquivo\\\/author\\\/daredacao\\\/#author\",\"url\":\"https:\\\/\\\/www.jornalja.com.br\\\/arquivo\\\/author\\\/daredacao\\\/\",\"name\":\"da Reda\\u00e7\\u00e3o\",\"image\":{\"@type\":\"ImageObject\",\"@id\":\"https:\\\/\\\/www.jornalja.com.br\\\/arquivo\\\/ibge-brasil-tem-%c2%bc-de-sua-populacao-vivendo-na-linha-de-pobreza\\\/#authorImage\",\"url\":\"https:\\\/\\\/secure.gravatar.com\\\/avatar\\\/469fd857d6605ad19919d27ed29d35a968a25f6e8fd9318356bbb7f57aae9c65?s=96&d=mm&r=g\",\"width\":96,\"height\":96,\"caption\":\"da Reda\\u00e7\\u00e3o\"}},{\"@type\":\"WebPage\",\"@id\":\"https:\\\/\\\/www.jornalja.com.br\\\/arquivo\\\/ibge-brasil-tem-%c2%bc-de-sua-populacao-vivendo-na-linha-de-pobreza\\\/#webpage\",\"url\":\"https:\\\/\\\/www.jornalja.com.br\\\/arquivo\\\/ibge-brasil-tem-%c2%bc-de-sua-populacao-vivendo-na-linha-de-pobreza\\\/\",\"name\":\"IBGE: Brasil tem \\u00bc de sua popula\\u00e7\\u00e3o vivendo na linha de pobreza | Arquivo\",\"inLanguage\":\"pt-BR\",\"isPartOf\":{\"@id\":\"https:\\\/\\\/www.jornalja.com.br\\\/arquivo\\\/#website\"},\"breadcrumb\":{\"@id\":\"https:\\\/\\\/www.jornalja.com.br\\\/arquivo\\\/ibge-brasil-tem-%c2%bc-de-sua-populacao-vivendo-na-linha-de-pobreza\\\/#breadcrumblist\"},\"author\":{\"@id\":\"https:\\\/\\\/www.jornalja.com.br\\\/arquivo\\\/author\\\/daredacao\\\/#author\"},\"creator\":{\"@id\":\"https:\\\/\\\/www.jornalja.com.br\\\/arquivo\\\/author\\\/daredacao\\\/#author\"},\"image\":{\"@type\":\"ImageObject\",\"url\":58349,\"@id\":\"https:\\\/\\\/www.jornalja.com.br\\\/arquivo\\\/ibge-brasil-tem-%c2%bc-de-sua-populacao-vivendo-na-linha-de-pobreza\\\/#mainImage\"},\"primaryImageOfPage\":{\"@id\":\"https:\\\/\\\/www.jornalja.com.br\\\/arquivo\\\/ibge-brasil-tem-%c2%bc-de-sua-populacao-vivendo-na-linha-de-pobreza\\\/#mainImage\"},\"datePublished\":\"2017-12-15T18:38:13-02:00\",\"dateModified\":\"2017-12-15T18:38:13-02:00\"},{\"@type\":\"WebSite\",\"@id\":\"https:\\\/\\\/www.jornalja.com.br\\\/arquivo\\\/#website\",\"url\":\"https:\\\/\\\/www.jornalja.com.br\\\/arquivo\\\/\",\"name\":\"Arquivo\",\"description\":\"Jornal J\\u00c1 | Porto Alegre\",\"inLanguage\":\"pt-BR\",\"publisher\":{\"@id\":\"https:\\\/\\\/www.jornalja.com.br\\\/arquivo\\\/#organization\"}}]}\n\t\t<\/script>\n\t\t<!-- All in One SEO -->\n\n","aioseo_head_json":{"title":"IBGE: Brasil tem \u00bc de sua popula\u00e7\u00e3o vivendo na linha de pobreza | Arquivo","description":"","canonical_url":"https:\/\/www.jornalja.com.br\/arquivo\/ibge-brasil-tem-%c2%bc-de-sua-populacao-vivendo-na-linha-de-pobreza\/","robots":"max-image-preview:large","keywords":"","webmasterTools":{"miscellaneous":""},"schema":{"@context":"https:\/\/schema.org","@graph":[{"@type":"BlogPosting","@id":"https:\/\/www.jornalja.com.br\/arquivo\/ibge-brasil-tem-%c2%bc-de-sua-populacao-vivendo-na-linha-de-pobreza\/#blogposting","name":"IBGE: Brasil tem \u00bc de sua popula\u00e7\u00e3o vivendo na linha de pobreza | Arquivo","headline":"IBGE: Brasil tem \u00bc de sua popula\u00e7\u00e3o vivendo na linha de pobreza","author":{"@id":"https:\/\/www.jornalja.com.br\/arquivo\/author\/daredacao\/#author"},"publisher":{"@id":"https:\/\/www.jornalja.com.br\/arquivo\/#organization"},"image":{"@type":"ImageObject","url":58349},"datePublished":"2017-12-15T18:38:13-02:00","dateModified":"2017-12-15T18:38:13-02:00","inLanguage":"pt-BR","mainEntityOfPage":{"@id":"https:\/\/www.jornalja.com.br\/arquivo\/ibge-brasil-tem-%c2%bc-de-sua-populacao-vivendo-na-linha-de-pobreza\/#webpage"},"isPartOf":{"@id":"https:\/\/www.jornalja.com.br\/arquivo\/ibge-brasil-tem-%c2%bc-de-sua-populacao-vivendo-na-linha-de-pobreza\/#webpage"},"articleSection":"Geral"},{"@type":"BreadcrumbList","@id":"https:\/\/www.jornalja.com.br\/arquivo\/ibge-brasil-tem-%c2%bc-de-sua-populacao-vivendo-na-linha-de-pobreza\/#breadcrumblist","itemListElement":[{"@type":"ListItem","@id":"https:\/\/www.jornalja.com.br\/arquivo#listItem","position":1,"name":"Home","item":"https:\/\/www.jornalja.com.br\/arquivo","nextItem":{"@type":"ListItem","@id":"https:\/\/www.jornalja.com.br\/arquivo\/category\/geral\/#listItem","name":"Geral"}},{"@type":"ListItem","@id":"https:\/\/www.jornalja.com.br\/arquivo\/category\/geral\/#listItem","position":2,"name":"Geral","item":"https:\/\/www.jornalja.com.br\/arquivo\/category\/geral\/","nextItem":{"@type":"ListItem","@id":"https:\/\/www.jornalja.com.br\/arquivo\/ibge-brasil-tem-%c2%bc-de-sua-populacao-vivendo-na-linha-de-pobreza\/#listItem","name":"IBGE: Brasil tem \u00bc de sua popula\u00e7\u00e3o vivendo na linha de pobreza"},"previousItem":{"@type":"ListItem","@id":"https:\/\/www.jornalja.com.br\/arquivo#listItem","name":"Home"}},{"@type":"ListItem","@id":"https:\/\/www.jornalja.com.br\/arquivo\/ibge-brasil-tem-%c2%bc-de-sua-populacao-vivendo-na-linha-de-pobreza\/#listItem","position":3,"name":"IBGE: Brasil tem \u00bc de sua popula\u00e7\u00e3o vivendo na linha de pobreza","previousItem":{"@type":"ListItem","@id":"https:\/\/www.jornalja.com.br\/arquivo\/category\/geral\/#listItem","name":"Geral"}}]},{"@type":"Organization","@id":"https:\/\/www.jornalja.com.br\/arquivo\/#organization","name":"Jornal J\u00c1","description":"Jornal J\u00c1 | Porto Alegre","url":"https:\/\/www.jornalja.com.br\/arquivo\/","telephone":"+555133307272","logo":{"@type":"ImageObject","url":"https:\/\/www.jornalja.com.br\/wp-content\/uploads\/cards\/JAslogan.png","@id":"https:\/\/www.jornalja.com.br\/arquivo\/ibge-brasil-tem-%c2%bc-de-sua-populacao-vivendo-na-linha-de-pobreza\/#organizationLogo"},"image":{"@id":"https:\/\/www.jornalja.com.br\/arquivo\/ibge-brasil-tem-%c2%bc-de-sua-populacao-vivendo-na-linha-de-pobreza\/#organizationLogo"}},{"@type":"Person","@id":"https:\/\/www.jornalja.com.br\/arquivo\/author\/daredacao\/#author","url":"https:\/\/www.jornalja.com.br\/arquivo\/author\/daredacao\/","name":"da Reda\u00e7\u00e3o","image":{"@type":"ImageObject","@id":"https:\/\/www.jornalja.com.br\/arquivo\/ibge-brasil-tem-%c2%bc-de-sua-populacao-vivendo-na-linha-de-pobreza\/#authorImage","url":"https:\/\/secure.gravatar.com\/avatar\/469fd857d6605ad19919d27ed29d35a968a25f6e8fd9318356bbb7f57aae9c65?s=96&d=mm&r=g","width":96,"height":96,"caption":"da Reda\u00e7\u00e3o"}},{"@type":"WebPage","@id":"https:\/\/www.jornalja.com.br\/arquivo\/ibge-brasil-tem-%c2%bc-de-sua-populacao-vivendo-na-linha-de-pobreza\/#webpage","url":"https:\/\/www.jornalja.com.br\/arquivo\/ibge-brasil-tem-%c2%bc-de-sua-populacao-vivendo-na-linha-de-pobreza\/","name":"IBGE: Brasil tem \u00bc de sua popula\u00e7\u00e3o vivendo na linha de pobreza | Arquivo","inLanguage":"pt-BR","isPartOf":{"@id":"https:\/\/www.jornalja.com.br\/arquivo\/#website"},"breadcrumb":{"@id":"https:\/\/www.jornalja.com.br\/arquivo\/ibge-brasil-tem-%c2%bc-de-sua-populacao-vivendo-na-linha-de-pobreza\/#breadcrumblist"},"author":{"@id":"https:\/\/www.jornalja.com.br\/arquivo\/author\/daredacao\/#author"},"creator":{"@id":"https:\/\/www.jornalja.com.br\/arquivo\/author\/daredacao\/#author"},"image":{"@type":"ImageObject","url":58349,"@id":"https:\/\/www.jornalja.com.br\/arquivo\/ibge-brasil-tem-%c2%bc-de-sua-populacao-vivendo-na-linha-de-pobreza\/#mainImage"},"primaryImageOfPage":{"@id":"https:\/\/www.jornalja.com.br\/arquivo\/ibge-brasil-tem-%c2%bc-de-sua-populacao-vivendo-na-linha-de-pobreza\/#mainImage"},"datePublished":"2017-12-15T18:38:13-02:00","dateModified":"2017-12-15T18:38:13-02:00"},{"@type":"WebSite","@id":"https:\/\/www.jornalja.com.br\/arquivo\/#website","url":"https:\/\/www.jornalja.com.br\/arquivo\/","name":"Arquivo","description":"Jornal J\u00c1 | Porto Alegre","inLanguage":"pt-BR","publisher":{"@id":"https:\/\/www.jornalja.com.br\/arquivo\/#organization"}}]},"og:locale":"pt_BR","og:site_name":"Arquivo | Jornal J\u00c1 | Porto Alegre","og:type":"article","og:title":"IBGE: Brasil tem \u00bc de sua popula\u00e7\u00e3o vivendo na linha de pobreza | Arquivo","og:url":"https:\/\/www.jornalja.com.br\/arquivo\/ibge-brasil-tem-%c2%bc-de-sua-populacao-vivendo-na-linha-de-pobreza\/","og:image":"https:\/\/www.jornalja.com.br\/economics\/wp-content\/uploads\/sites\/11\/2026\/08\/ja-folhaderosto-facebook.jpg","og:image:secure_url":"https:\/\/www.jornalja.com.br\/economics\/wp-content\/uploads\/sites\/11\/2026\/08\/ja-folhaderosto-facebook.jpg","article:published_time":"2017-12-15T20:38:13+00:00","article:modified_time":"2017-12-15T20:38:13+00:00","twitter:card":"summary","twitter:title":"IBGE: Brasil tem \u00bc de sua popula\u00e7\u00e3o vivendo na linha de pobreza | Arquivo","twitter:image":"https:\/\/www.jornalja.com.br\/economics\/wp-content\/uploads\/sites\/11\/2026\/08\/ja-folhaderosto-facebook.jpg"},"aioseo_meta_data":{"post_id":"58348","title":null,"description":null,"keywords":null,"keyphrases":null,"primary_term":null,"canonical_url":null,"og_title":null,"og_description":null,"og_object_type":"default","og_image_type":"default","og_image_url":null,"og_image_width":null,"og_image_height":null,"og_image_custom_url":null,"og_image_custom_fields":null,"og_video":null,"og_custom_url":null,"og_article_section":null,"og_article_tags":null,"twitter_use_og":false,"twitter_card":"default","twitter_image_type":"default","twitter_image_url":null,"twitter_image_custom_url":null,"twitter_image_custom_fields":null,"twitter_title":null,"twitter_description":null,"schema":{"blockGraphs":[],"customGraphs":[],"default":{"data":{"Article":[],"Course":[],"Dataset":[],"FAQPage":[],"Movie":[],"Person":[],"Product":[],"ProductReview":[],"Car":[],"Recipe":[],"Service":[],"SoftwareApplication":[],"WebPage":[]},"graphName":"","isEnabled":true},"graphs":[]},"schema_type":null,"schema_type_options":null,"pillar_content":false,"robots_default":true,"robots_noindex":false,"robots_noarchive":false,"robots_nosnippet":false,"robots_nofollow":false,"robots_noimageindex":false,"robots_noodp":false,"robots_notranslate":false,"robots_max_snippet":null,"robots_max_videopreview":null,"robots_max_imagepreview":"large","priority":null,"frequency":null,"location":null,"local_seo":null,"breadcrumb_settings":null,"limit_modified_date":false,"ai":null,"created":"2020-12-20 20:20:44","updated":"2025-07-20 02:54:25","seo_analyzer_scan_date":null,"focus_keyword":null,"additional_keywords":null,"truseo_locale":null},"jetpack_sharing_enabled":true,"jetpack-related-posts":[{"id":13109,"url":"https:\/\/www.jornalja.com.br\/arquivo\/judiciario-reconhece-poluicao-eletromagnetica\/","url_meta":{"origin":58348,"position":0},"title":"Judici\u00e1rio reconhece polui\u00e7\u00e3o eletromagn\u00e9tica","author":"Patr\u00edcia Marini","date":"16 de maio de 2014","format":false,"excerpt":"A\u00e7\u00e3o de duas associa\u00e7\u00f5es de moradores foi acolhida pelo Tribunal de Justi\u00e7a de S\u00e3o Paulo que. em decis\u00e3o in\u00e9dita, determinou a redu\u00e7\u00e3o do campo eletromagn\u00e9tico gerado pelas linhas de transmiss\u00e3o de energia que cortam os bairros City Boa\u00e7ava e Alto de Pinheiros. \u00c9 a primeira vez que um tribunal do\u2026","rel":"","context":"Em &quot;X.Categorias velhas&quot;","block_context":{"text":"X.Categorias velhas","link":"https:\/\/www.jornalja.com.br\/arquivo\/category\/x-categorias-velhas\/"},"img":{"alt_text":"","src":"","width":0,"height":0},"classes":[]},{"id":13124,"url":"https:\/\/www.jornalja.com.br\/arquivo\/sangue-latino-no-iecine\/","url_meta":{"origin":58348,"position":1},"title":"Sangue latino no IECINE","author":"da Reda\u00e7\u00e3o","date":"18 de maio de 2014","format":false,"excerpt":"Francisco Ribeiro O Instituto Estadual de Cinema (IECINE) tem a frente, desde abril \u00faltimo, um novo diretor, o cineasta colombiano Juan Zapata, 36, que substitui Luiz Alberto Cassol. Radicado h\u00e1 dez anos em Porto Alegre, Zapata tem diante de si o desafio de conduzir at\u00e9 o final do ano um\u2026","rel":"","context":"Em &quot;Cultura-Geral&quot;","block_context":{"text":"Cultura-Geral","link":"https:\/\/www.jornalja.com.br\/arquivo\/category\/materiasecundaria\/"},"img":{"alt_text":"","src":"","width":0,"height":0},"classes":[]},{"id":5440,"url":"https:\/\/www.jornalja.com.br\/arquivo\/casarao-da-venancio-destino-permanece-incerto\/","url_meta":{"origin":58348,"position":2},"title":"Estado ainda n\u00e3o sabe o que fazer com casar\u00e3o abandonado h\u00e1 20 anos","author":"Elmar Bones","date":"6 de julho de 2009","format":false,"excerpt":"O casar\u00e3o amarelo, numa esquina nobre de Porto Alegre (Ven\u00e2ncio Aires com Jo\u00e3o Pessoa), j\u00e1 abrigou uma escola. H\u00e1 duas d\u00e9cadas, pelo menos, est\u00e1 abandonado, porque seu propriet\u00e1rio, o governo do Estado do Rio Grande do Sul, n\u00e3o consegue achar um destino para ele. Planos n\u00e3o faltaram. O governador Ol\u00edvio\u2026","rel":"","context":"Em &quot;X.Categorias velhas&quot;","block_context":{"text":"X.Categorias velhas","link":"https:\/\/www.jornalja.com.br\/arquivo\/category\/x-categorias-velhas\/"},"img":{"alt_text":"geraldo1","src":"https:\/\/i0.wp.com\/www.jornalja.com.br\/wp-content\/uploads\/2009\/07\/geraldo1.jpg?resize=350%2C200&ssl=1","width":350,"height":200},"classes":[]},{"id":13101,"url":"https:\/\/www.jornalja.com.br\/arquivo\/morre-um-guerreiro-do-texto\/","url_meta":{"origin":58348,"position":3},"title":"Morre um guerreiro do texto","author":"Patr\u00edcia Marini","date":"14 de maio de 2014","format":false,"excerpt":"Por Ricardo Kotscho Reproduzido do blog do autor, 11\/5\/2014; t\u00edtulo original \u201cE l\u00e1 se foi o nosso Myltainho, guerreiro do texto\u201d. Mi\u00fado e franzino, meu amigo Myltainho era um valente e inconformado guerreiro na luta contra as injusti\u00e7as sociais, a hipocrisia, as maracutaias, o autoritarismo, a intoler\u00e2ncia, a viol\u00eancia, o\u2026","rel":"","context":"Em &quot;Geral&quot;","block_context":{"text":"Geral","link":"https:\/\/www.jornalja.com.br\/arquivo\/category\/geral\/"},"img":{"alt_text":"","src":"","width":0,"height":0},"classes":[]},{"id":14241,"url":"https:\/\/www.jornalja.com.br\/arquivo\/o-guaiba-nas-imagens-poeticas-de-achutti\/","url_meta":{"origin":58348,"position":4},"title":"O Gua\u00edba nas imagens po\u00e9ticas de Achutti","author":"da Reda\u00e7\u00e3o","date":"18 de junho de 2014","format":false,"excerpt":"Em \u201cO Gua\u00edba por Achutti\u201d \u2013 obra financiada via Minist\u00e9rio da Cultura, produ\u00e7\u00e3o executiva de Pedro Longhi, e Fl\u00e1vio Wild como designer \u2013, o fot\u00f3grafo revela a beleza e as mazelas de um espa\u00e7o aqu\u00e1tico de \u00e1guas sempre renovadas, cheio de hist\u00f3rias e lendas como as das cidades que foram\u2026","rel":"","context":"Em &quot;Cultura-Geral&quot;","block_context":{"text":"Cultura-Geral","link":"https:\/\/www.jornalja.com.br\/arquivo\/category\/materiasecundaria\/"},"img":{"alt_text":"","src":"","width":0,"height":0},"classes":[]},{"id":13240,"url":"https:\/\/www.jornalja.com.br\/arquivo\/plano-diretor-estamos-construindo-o-caos\/","url_meta":{"origin":58348,"position":5},"title":"Plano diretor: &quot;Estamos construindo o caos&quot;","author":"Patr\u00edcia Marini","date":"26 de maio de 2014","format":false,"excerpt":"Desabafo que arquiteta Eliana Castilhos, delegada da Regi\u00e3o de Planejamento 1, postou nas redes sociais \u00e9 um testemunho do ambiente que se criou no Conselho do Plano Diretor de Porto Alegre, onde a aprova\u00e7\u00e3o de grandes empreendimentos \u00e9 empurrada guela abaixo dos conselheiros. Ao CMDUA Como delegada da Regi\u00e3o de\u2026","rel":"","context":"Em &quot;Geral&quot;","block_context":{"text":"Geral","link":"https:\/\/www.jornalja.com.br\/arquivo\/category\/geral\/"},"img":{"alt_text":"","src":"","width":0,"height":0},"classes":[]}],"jetpack_shortlink":"https:\/\/wp.me\/pbQjBd-fb6","jetpack_featured_media_url":"","_links":{"self":[{"href":"https:\/\/www.jornalja.com.br\/arquivo\/wp-json\/wp\/v2\/posts\/58348","targetHints":{"allow":["GET"]}}],"collection":[{"href":"https:\/\/www.jornalja.com.br\/arquivo\/wp-json\/wp\/v2\/posts"}],"about":[{"href":"https:\/\/www.jornalja.com.br\/arquivo\/wp-json\/wp\/v2\/types\/post"}],"author":[{"embeddable":true,"href":"https:\/\/www.jornalja.com.br\/arquivo\/wp-json\/wp\/v2\/users\/4"}],"replies":[{"embeddable":true,"href":"https:\/\/www.jornalja.com.br\/arquivo\/wp-json\/wp\/v2\/comments?post=58348"}],"version-history":[{"count":0,"href":"https:\/\/www.jornalja.com.br\/arquivo\/wp-json\/wp\/v2\/posts\/58348\/revisions"}],"wp:attachment":[{"href":"https:\/\/www.jornalja.com.br\/arquivo\/wp-json\/wp\/v2\/media?parent=58348"}],"wp:term":[{"taxonomy":"category","embeddable":true,"href":"https:\/\/www.jornalja.com.br\/arquivo\/wp-json\/wp\/v2\/categories?post=58348"},{"taxonomy":"post_tag","embeddable":true,"href":"https:\/\/www.jornalja.com.br\/arquivo\/wp-json\/wp\/v2\/tags?post=58348"}],"curies":[{"name":"wp","href":"https:\/\/api.w.org\/{rel}","templated":true}]}}