{"id":58351,"date":"2017-12-16T19:56:49","date_gmt":"2017-12-16T21:56:49","guid":{"rendered":"https:\/\/www.jornalja.com.br\/?p=58351"},"modified":"2017-12-16T19:56:49","modified_gmt":"2017-12-16T21:56:49","slug":"reportagem-sobre-apicultura-recebe-reparos-da-abelha","status":"publish","type":"post","link":"https:\/\/www.jornalja.com.br\/arquivo\/reportagem-sobre-apicultura-recebe-reparos-da-abelha\/","title":{"rendered":"Reportagem (sobre apicultura) recebe reparos da ABELHA"},"content":{"rendered":"<p>Recebemos da Associa\u00e7\u00e3o Brasileira de Estudos de Abelhas (ABELHA) a seguinte carta de esclarecimentos sobre a reportagem\u00a0<a href=\"https:\/\/www.jornalja.com.br\/apicultores-vao-encarar-defensores-de-agrotoxicos\/\">Apicultores v\u00e3o encarar defensores de agrot\u00f3xicos<\/a>\u00a0e publicamos na sua \u00edntegra:<br \/>\nA Associa\u00e7\u00e3o Brasileira de Estudos das Abelhas (A.B.E.L.H.A.) gostaria de prestar esclarecimentos em raz\u00e3o da reportagem \u201cApicultores v\u00e3o encarar defensores de agrot\u00f3xicos\u201d, publicada no site do Jornal J\u00e1, no dia 13 de dezembro de 2017.<br \/>\nPrimeiramente, lamentamos que a Associa\u00e7\u00e3o tenha sido citada diversas vezes na mat\u00e9ria sem que a reportagem tenha nos contatado para que pud\u00e9ssemos nos manifestar. Desta forma, teriam sido evitados equ\u00edvocos e informa\u00e7\u00f5es erradas para os seus leitores, que ser\u00e3o esclarecidos, ponto a ponto.<br \/>\n\u25aa Ao contr\u00e1rio do que o t\u00edtulo sugere, a associa\u00e7\u00e3o A.B.E.L.H.A. n\u00e3o \u00e9 defensora de empresas fabricantes de agrot\u00f3xicos. A entidade n\u00e3o representa e nem sem posiciona em nome das ind\u00fastrias de defensivos agr\u00edcolas e de seus produtos. Essa miss\u00e3o \u00e9 do Sindicato Nacional da Ind\u00fastria de Produtos para Defesa Vegetal (Sindiveg), que \u00e9 um dos associados da A.B.E.L.H.A.<br \/>\n\u25aa A associa\u00e7\u00e3o A.B.E.L.H.A. \u00e9 uma associa\u00e7\u00e3o civil, sem fins lucrativos, criada, em 2015, para promover o di\u00e1logo no Brasil em prol da conserva\u00e7\u00e3o e do uso sustent\u00e1vel da diversidade das abelhas, principais agentes polinizadores na agricultura e ecossistemas relacionados, e de outros polinizadores. Fazem parte da Associa\u00e7\u00e3o pesquisadores oriundos de diversas institui\u00e7\u00f5es de ensino e pesquisa do Pa\u00eds, assim como empresas e institui\u00e7\u00f5es. Nossa miss\u00e3o \u00e9 reunir, produzir e divulgar informa\u00e7\u00f5es, com base cient\u00edfica, que visem \u00e0 conserva\u00e7\u00e3o da biodiversidade brasileira e \u00e0 conviv\u00eancia harm\u00f4nica e sustent\u00e1vel da agricultura com as abelhas e outros polinizadores.<br \/>\n\u25aa A mat\u00e9ria \u00e9 precisa ao afirmar que a associa\u00e7\u00e3o vem procurando criar o di\u00e1logo e firmar parceria entre os diversos elos da atividade ap\u00edcola e agr\u00edcola, a exemplo de Federa\u00e7\u00f5es, Associa\u00e7\u00f5es, Confedera\u00e7\u00f5es e Cooperativas setoriais. Mas erra ao sugerir que o faz com o objetivo de favorecer uma das partes. Ao contr\u00e1rio, a associa\u00e7\u00e3o acredita que o desenvolvimento sustent\u00e1vel da apicultura e da agricultura s\u00f3 \u00e9 poss\u00edvel por meio de um relacionamento saud\u00e1vel, respeitoso e transparente entre as partes. Por isso, vem procurando criar canais de di\u00e1logo entre todos os envolvidos.<br \/>\n\u25aa A reportagem ainda faz confus\u00e3o ao afirmar que a A.B.E.L.H.A. possui \u201cverba aprovada pelo Conselho Nacional de Desenvolvimento Cient\u00edfico e Tecnol\u00f3gico (CNPq) para financiar pesquisas na \u00e1rea agr\u00edcola\u201d. A associa\u00e7\u00e3o n\u00e3o possui fontes p\u00fablicas de financiamento. A reportagem se equivoca possivelmente em raz\u00e3o da recente chamada p\u00fablica lan\u00e7ada pelo CNPq para o desenvolvimento de pesquisas sobre a rela\u00e7\u00e3o entre polinizadores e a agricultura no Brasil. Nesta iniciativa p\u00fablico-privada, a associa\u00e7\u00e3o A.B.E.L.H.A. colabora com financiamento para cons\u00f3rcios de pesquisa sobre polinizadores, juntamente com o pr\u00f3prio CNPq, o Minist\u00e9rio da Ci\u00eancia, Tecnologia e Inova\u00e7\u00e3o (MCTI) e do Instituto Brasileiro do Meio Ambiente e dos Recursos Naturais Renov\u00e1veis (IBAMA).<br \/>\nA carta \u00e9 assinada por Ana L\u00facia Assad, Diretora-Executiva da ABELHA.<br \/>\n&nbsp;<\/p>\n","protected":false},"excerpt":{"rendered":"<p>Recebemos da Associa\u00e7\u00e3o Brasileira de Estudos de Abelhas (ABELHA) a seguinte carta de esclarecimentos sobre a reportagem\u00a0Apicultores v\u00e3o encarar defensores de agrot\u00f3xicos\u00a0e publicamos na sua \u00edntegra: A Associa\u00e7\u00e3o Brasileira de Estudos das Abelhas (A.B.E.L.H.A.) gostaria de prestar esclarecimentos em raz\u00e3o da reportagem \u201cApicultores v\u00e3o encarar defensores de agrot\u00f3xicos\u201d, publicada no site do Jornal J\u00e1, no [&hellip;]<\/p>\n","protected":false},"author":4,"featured_media":58353,"comment_status":"open","ping_status":"closed","sticky":false,"template":"","format":"standard","meta":{"_jetpack_newsletter_access":"","_jetpack_dont_email_post_to_subs":false,"_jetpack_newsletter_tier_id":0,"_jetpack_memberships_contains_paywalled_content":false,"_jetpack_feature_clip_id":0,"_jetpack_memberships_contains_paid_content":false,"footnotes":"","jetpack_post_was_ever_published":false},"categories":[26],"tags":[],"class_list":["post-58351","post","type-post","status-publish","format-standard","has-post-thumbnail","hentry","category-geral"],"aioseo_notices":[],"aioseo_head":"\n\t\t<!-- All in One SEO 5.0.1.1 - aioseo.com -->\n\t<meta name=\"robots\" content=\"max-image-preview:large\" \/>\n\t<meta name=\"author\" content=\"da Reda\u00e7\u00e3o\"\/>\n\t<link rel=\"canonical\" href=\"https:\/\/www.jornalja.com.br\/arquivo\/reportagem-sobre-apicultura-recebe-reparos-da-abelha\/\" \/>\n\t<meta name=\"generator\" content=\"All in One SEO (AIOSEO) 5.0.1.1\" \/>\n\t\t<meta property=\"og:locale\" content=\"pt_BR\" \/>\n\t\t<meta property=\"og:site_name\" content=\"Arquivo | Jornal J\u00c1 | Porto Alegre\" \/>\n\t\t<meta property=\"og:type\" content=\"article\" \/>\n\t\t<meta property=\"og:title\" content=\"Reportagem (sobre apicultura) recebe reparos da ABELHA | Arquivo\" \/>\n\t\t<meta property=\"og:url\" content=\"https:\/\/www.jornalja.com.br\/arquivo\/reportagem-sobre-apicultura-recebe-reparos-da-abelha\/\" \/>\n\t\t<meta property=\"og:image\" content=\"https:\/\/www.jornalja.com.br\/economics\/wp-content\/uploads\/sites\/11\/2026\/08\/ja-folhaderosto-facebook.jpg\" \/>\n\t\t<meta property=\"og:image:secure_url\" content=\"https:\/\/www.jornalja.com.br\/economics\/wp-content\/uploads\/sites\/11\/2026\/08\/ja-folhaderosto-facebook.jpg\" \/>\n\t\t<meta property=\"article:published_time\" content=\"2017-12-16T21:56:49+00:00\" \/>\n\t\t<meta property=\"article:modified_time\" content=\"2017-12-16T21:56:49+00:00\" \/>\n\t\t<meta name=\"twitter:card\" content=\"summary\" \/>\n\t\t<meta name=\"twitter:title\" content=\"Reportagem (sobre apicultura) recebe reparos da ABELHA | Arquivo\" \/>\n\t\t<meta name=\"twitter:image\" content=\"https:\/\/www.jornalja.com.br\/economics\/wp-content\/uploads\/sites\/11\/2026\/08\/ja-folhaderosto-facebook.jpg\" \/>\n\t\t<script type=\"application\/ld+json\" class=\"aioseo-schema\">\n\t\t\t{\"@context\":\"https:\\\/\\\/schema.org\",\"@graph\":[{\"@type\":\"BlogPosting\",\"@id\":\"https:\\\/\\\/www.jornalja.com.br\\\/arquivo\\\/reportagem-sobre-apicultura-recebe-reparos-da-abelha\\\/#blogposting\",\"name\":\"Reportagem (sobre apicultura) recebe reparos da ABELHA | Arquivo\",\"headline\":\"Reportagem (sobre apicultura) recebe reparos da ABELHA\",\"author\":{\"@id\":\"https:\\\/\\\/www.jornalja.com.br\\\/arquivo\\\/author\\\/daredacao\\\/#author\"},\"publisher\":{\"@id\":\"https:\\\/\\\/www.jornalja.com.br\\\/arquivo\\\/#organization\"},\"image\":{\"@type\":\"ImageObject\",\"url\":58353},\"datePublished\":\"2017-12-16T19:56:49-02:00\",\"dateModified\":\"2017-12-16T19:56:49-02:00\",\"inLanguage\":\"pt-BR\",\"mainEntityOfPage\":{\"@id\":\"https:\\\/\\\/www.jornalja.com.br\\\/arquivo\\\/reportagem-sobre-apicultura-recebe-reparos-da-abelha\\\/#webpage\"},\"isPartOf\":{\"@id\":\"https:\\\/\\\/www.jornalja.com.br\\\/arquivo\\\/reportagem-sobre-apicultura-recebe-reparos-da-abelha\\\/#webpage\"},\"articleSection\":\"Geral\"},{\"@type\":\"BreadcrumbList\",\"@id\":\"https:\\\/\\\/www.jornalja.com.br\\\/arquivo\\\/reportagem-sobre-apicultura-recebe-reparos-da-abelha\\\/#breadcrumblist\",\"itemListElement\":[{\"@type\":\"ListItem\",\"@id\":\"https:\\\/\\\/www.jornalja.com.br\\\/arquivo#listItem\",\"position\":1,\"name\":\"Home\",\"item\":\"https:\\\/\\\/www.jornalja.com.br\\\/arquivo\",\"nextItem\":{\"@type\":\"ListItem\",\"@id\":\"https:\\\/\\\/www.jornalja.com.br\\\/arquivo\\\/category\\\/geral\\\/#listItem\",\"name\":\"Geral\"}},{\"@type\":\"ListItem\",\"@id\":\"https:\\\/\\\/www.jornalja.com.br\\\/arquivo\\\/category\\\/geral\\\/#listItem\",\"position\":2,\"name\":\"Geral\",\"item\":\"https:\\\/\\\/www.jornalja.com.br\\\/arquivo\\\/category\\\/geral\\\/\",\"nextItem\":{\"@type\":\"ListItem\",\"@id\":\"https:\\\/\\\/www.jornalja.com.br\\\/arquivo\\\/reportagem-sobre-apicultura-recebe-reparos-da-abelha\\\/#listItem\",\"name\":\"Reportagem (sobre apicultura) recebe reparos da ABELHA\"},\"previousItem\":{\"@type\":\"ListItem\",\"@id\":\"https:\\\/\\\/www.jornalja.com.br\\\/arquivo#listItem\",\"name\":\"Home\"}},{\"@type\":\"ListItem\",\"@id\":\"https:\\\/\\\/www.jornalja.com.br\\\/arquivo\\\/reportagem-sobre-apicultura-recebe-reparos-da-abelha\\\/#listItem\",\"position\":3,\"name\":\"Reportagem (sobre apicultura) recebe reparos da ABELHA\",\"previousItem\":{\"@type\":\"ListItem\",\"@id\":\"https:\\\/\\\/www.jornalja.com.br\\\/arquivo\\\/category\\\/geral\\\/#listItem\",\"name\":\"Geral\"}}]},{\"@type\":\"Organization\",\"@id\":\"https:\\\/\\\/www.jornalja.com.br\\\/arquivo\\\/#organization\",\"name\":\"Jornal J\\u00c1\",\"description\":\"Jornal J\\u00c1 | Porto Alegre\",\"url\":\"https:\\\/\\\/www.jornalja.com.br\\\/arquivo\\\/\",\"telephone\":\"+555133307272\",\"logo\":{\"@type\":\"ImageObject\",\"url\":\"https:\\\/\\\/www.jornalja.com.br\\\/wp-content\\\/uploads\\\/cards\\\/JAslogan.png\",\"@id\":\"https:\\\/\\\/www.jornalja.com.br\\\/arquivo\\\/reportagem-sobre-apicultura-recebe-reparos-da-abelha\\\/#organizationLogo\"},\"image\":{\"@id\":\"https:\\\/\\\/www.jornalja.com.br\\\/arquivo\\\/reportagem-sobre-apicultura-recebe-reparos-da-abelha\\\/#organizationLogo\"}},{\"@type\":\"Person\",\"@id\":\"https:\\\/\\\/www.jornalja.com.br\\\/arquivo\\\/author\\\/daredacao\\\/#author\",\"url\":\"https:\\\/\\\/www.jornalja.com.br\\\/arquivo\\\/author\\\/daredacao\\\/\",\"name\":\"da Reda\\u00e7\\u00e3o\",\"image\":{\"@type\":\"ImageObject\",\"@id\":\"https:\\\/\\\/www.jornalja.com.br\\\/arquivo\\\/reportagem-sobre-apicultura-recebe-reparos-da-abelha\\\/#authorImage\",\"url\":\"https:\\\/\\\/secure.gravatar.com\\\/avatar\\\/469fd857d6605ad19919d27ed29d35a968a25f6e8fd9318356bbb7f57aae9c65?s=96&d=mm&r=g\",\"width\":96,\"height\":96,\"caption\":\"da Reda\\u00e7\\u00e3o\"}},{\"@type\":\"WebPage\",\"@id\":\"https:\\\/\\\/www.jornalja.com.br\\\/arquivo\\\/reportagem-sobre-apicultura-recebe-reparos-da-abelha\\\/#webpage\",\"url\":\"https:\\\/\\\/www.jornalja.com.br\\\/arquivo\\\/reportagem-sobre-apicultura-recebe-reparos-da-abelha\\\/\",\"name\":\"Reportagem (sobre apicultura) recebe reparos da ABELHA | Arquivo\",\"inLanguage\":\"pt-BR\",\"isPartOf\":{\"@id\":\"https:\\\/\\\/www.jornalja.com.br\\\/arquivo\\\/#website\"},\"breadcrumb\":{\"@id\":\"https:\\\/\\\/www.jornalja.com.br\\\/arquivo\\\/reportagem-sobre-apicultura-recebe-reparos-da-abelha\\\/#breadcrumblist\"},\"author\":{\"@id\":\"https:\\\/\\\/www.jornalja.com.br\\\/arquivo\\\/author\\\/daredacao\\\/#author\"},\"creator\":{\"@id\":\"https:\\\/\\\/www.jornalja.com.br\\\/arquivo\\\/author\\\/daredacao\\\/#author\"},\"image\":{\"@type\":\"ImageObject\",\"url\":58353,\"@id\":\"https:\\\/\\\/www.jornalja.com.br\\\/arquivo\\\/reportagem-sobre-apicultura-recebe-reparos-da-abelha\\\/#mainImage\"},\"primaryImageOfPage\":{\"@id\":\"https:\\\/\\\/www.jornalja.com.br\\\/arquivo\\\/reportagem-sobre-apicultura-recebe-reparos-da-abelha\\\/#mainImage\"},\"datePublished\":\"2017-12-16T19:56:49-02:00\",\"dateModified\":\"2017-12-16T19:56:49-02:00\"},{\"@type\":\"WebSite\",\"@id\":\"https:\\\/\\\/www.jornalja.com.br\\\/arquivo\\\/#website\",\"url\":\"https:\\\/\\\/www.jornalja.com.br\\\/arquivo\\\/\",\"name\":\"Arquivo\",\"description\":\"Jornal J\\u00c1 | Porto Alegre\",\"inLanguage\":\"pt-BR\",\"publisher\":{\"@id\":\"https:\\\/\\\/www.jornalja.com.br\\\/arquivo\\\/#organization\"}}]}\n\t\t<\/script>\n\t\t<!-- All in One SEO -->\n\n","aioseo_head_json":{"title":"Reportagem (sobre apicultura) recebe reparos da ABELHA | Arquivo","description":"","canonical_url":"https:\/\/www.jornalja.com.br\/arquivo\/reportagem-sobre-apicultura-recebe-reparos-da-abelha\/","robots":"max-image-preview:large","keywords":"","webmasterTools":{"miscellaneous":""},"schema":{"@context":"https:\/\/schema.org","@graph":[{"@type":"BlogPosting","@id":"https:\/\/www.jornalja.com.br\/arquivo\/reportagem-sobre-apicultura-recebe-reparos-da-abelha\/#blogposting","name":"Reportagem (sobre apicultura) recebe reparos da ABELHA | Arquivo","headline":"Reportagem (sobre apicultura) recebe reparos da ABELHA","author":{"@id":"https:\/\/www.jornalja.com.br\/arquivo\/author\/daredacao\/#author"},"publisher":{"@id":"https:\/\/www.jornalja.com.br\/arquivo\/#organization"},"image":{"@type":"ImageObject","url":58353},"datePublished":"2017-12-16T19:56:49-02:00","dateModified":"2017-12-16T19:56:49-02:00","inLanguage":"pt-BR","mainEntityOfPage":{"@id":"https:\/\/www.jornalja.com.br\/arquivo\/reportagem-sobre-apicultura-recebe-reparos-da-abelha\/#webpage"},"isPartOf":{"@id":"https:\/\/www.jornalja.com.br\/arquivo\/reportagem-sobre-apicultura-recebe-reparos-da-abelha\/#webpage"},"articleSection":"Geral"},{"@type":"BreadcrumbList","@id":"https:\/\/www.jornalja.com.br\/arquivo\/reportagem-sobre-apicultura-recebe-reparos-da-abelha\/#breadcrumblist","itemListElement":[{"@type":"ListItem","@id":"https:\/\/www.jornalja.com.br\/arquivo#listItem","position":1,"name":"Home","item":"https:\/\/www.jornalja.com.br\/arquivo","nextItem":{"@type":"ListItem","@id":"https:\/\/www.jornalja.com.br\/arquivo\/category\/geral\/#listItem","name":"Geral"}},{"@type":"ListItem","@id":"https:\/\/www.jornalja.com.br\/arquivo\/category\/geral\/#listItem","position":2,"name":"Geral","item":"https:\/\/www.jornalja.com.br\/arquivo\/category\/geral\/","nextItem":{"@type":"ListItem","@id":"https:\/\/www.jornalja.com.br\/arquivo\/reportagem-sobre-apicultura-recebe-reparos-da-abelha\/#listItem","name":"Reportagem (sobre apicultura) recebe reparos da ABELHA"},"previousItem":{"@type":"ListItem","@id":"https:\/\/www.jornalja.com.br\/arquivo#listItem","name":"Home"}},{"@type":"ListItem","@id":"https:\/\/www.jornalja.com.br\/arquivo\/reportagem-sobre-apicultura-recebe-reparos-da-abelha\/#listItem","position":3,"name":"Reportagem (sobre apicultura) recebe reparos da ABELHA","previousItem":{"@type":"ListItem","@id":"https:\/\/www.jornalja.com.br\/arquivo\/category\/geral\/#listItem","name":"Geral"}}]},{"@type":"Organization","@id":"https:\/\/www.jornalja.com.br\/arquivo\/#organization","name":"Jornal J\u00c1","description":"Jornal J\u00c1 | Porto Alegre","url":"https:\/\/www.jornalja.com.br\/arquivo\/","telephone":"+555133307272","logo":{"@type":"ImageObject","url":"https:\/\/www.jornalja.com.br\/wp-content\/uploads\/cards\/JAslogan.png","@id":"https:\/\/www.jornalja.com.br\/arquivo\/reportagem-sobre-apicultura-recebe-reparos-da-abelha\/#organizationLogo"},"image":{"@id":"https:\/\/www.jornalja.com.br\/arquivo\/reportagem-sobre-apicultura-recebe-reparos-da-abelha\/#organizationLogo"}},{"@type":"Person","@id":"https:\/\/www.jornalja.com.br\/arquivo\/author\/daredacao\/#author","url":"https:\/\/www.jornalja.com.br\/arquivo\/author\/daredacao\/","name":"da Reda\u00e7\u00e3o","image":{"@type":"ImageObject","@id":"https:\/\/www.jornalja.com.br\/arquivo\/reportagem-sobre-apicultura-recebe-reparos-da-abelha\/#authorImage","url":"https:\/\/secure.gravatar.com\/avatar\/469fd857d6605ad19919d27ed29d35a968a25f6e8fd9318356bbb7f57aae9c65?s=96&d=mm&r=g","width":96,"height":96,"caption":"da Reda\u00e7\u00e3o"}},{"@type":"WebPage","@id":"https:\/\/www.jornalja.com.br\/arquivo\/reportagem-sobre-apicultura-recebe-reparos-da-abelha\/#webpage","url":"https:\/\/www.jornalja.com.br\/arquivo\/reportagem-sobre-apicultura-recebe-reparos-da-abelha\/","name":"Reportagem (sobre apicultura) recebe reparos da ABELHA | Arquivo","inLanguage":"pt-BR","isPartOf":{"@id":"https:\/\/www.jornalja.com.br\/arquivo\/#website"},"breadcrumb":{"@id":"https:\/\/www.jornalja.com.br\/arquivo\/reportagem-sobre-apicultura-recebe-reparos-da-abelha\/#breadcrumblist"},"author":{"@id":"https:\/\/www.jornalja.com.br\/arquivo\/author\/daredacao\/#author"},"creator":{"@id":"https:\/\/www.jornalja.com.br\/arquivo\/author\/daredacao\/#author"},"image":{"@type":"ImageObject","url":58353,"@id":"https:\/\/www.jornalja.com.br\/arquivo\/reportagem-sobre-apicultura-recebe-reparos-da-abelha\/#mainImage"},"primaryImageOfPage":{"@id":"https:\/\/www.jornalja.com.br\/arquivo\/reportagem-sobre-apicultura-recebe-reparos-da-abelha\/#mainImage"},"datePublished":"2017-12-16T19:56:49-02:00","dateModified":"2017-12-16T19:56:49-02:00"},{"@type":"WebSite","@id":"https:\/\/www.jornalja.com.br\/arquivo\/#website","url":"https:\/\/www.jornalja.com.br\/arquivo\/","name":"Arquivo","description":"Jornal J\u00c1 | Porto Alegre","inLanguage":"pt-BR","publisher":{"@id":"https:\/\/www.jornalja.com.br\/arquivo\/#organization"}}]},"og:locale":"pt_BR","og:site_name":"Arquivo | Jornal J\u00c1 | Porto Alegre","og:type":"article","og:title":"Reportagem (sobre apicultura) recebe reparos da ABELHA | Arquivo","og:url":"https:\/\/www.jornalja.com.br\/arquivo\/reportagem-sobre-apicultura-recebe-reparos-da-abelha\/","og:image":"https:\/\/www.jornalja.com.br\/economics\/wp-content\/uploads\/sites\/11\/2026\/08\/ja-folhaderosto-facebook.jpg","og:image:secure_url":"https:\/\/www.jornalja.com.br\/economics\/wp-content\/uploads\/sites\/11\/2026\/08\/ja-folhaderosto-facebook.jpg","article:published_time":"2017-12-16T21:56:49+00:00","article:modified_time":"2017-12-16T21:56:49+00:00","twitter:card":"summary","twitter:title":"Reportagem (sobre apicultura) recebe reparos da ABELHA | Arquivo","twitter:image":"https:\/\/www.jornalja.com.br\/economics\/wp-content\/uploads\/sites\/11\/2026\/08\/ja-folhaderosto-facebook.jpg"},"aioseo_meta_data":{"post_id":"58351","title":null,"description":null,"keywords":null,"keyphrases":null,"primary_term":null,"canonical_url":null,"og_title":null,"og_description":null,"og_object_type":"default","og_image_type":"default","og_image_url":null,"og_image_width":null,"og_image_height":null,"og_image_custom_url":null,"og_image_custom_fields":null,"og_video":null,"og_custom_url":null,"og_article_section":null,"og_article_tags":null,"twitter_use_og":false,"twitter_card":"default","twitter_image_type":"default","twitter_image_url":null,"twitter_image_custom_url":null,"twitter_image_custom_fields":null,"twitter_title":null,"twitter_description":null,"schema":{"blockGraphs":[],"customGraphs":[],"default":{"data":{"Article":[],"Course":[],"Dataset":[],"FAQPage":[],"Movie":[],"Person":[],"Product":[],"ProductReview":[],"Car":[],"Recipe":[],"Service":[],"SoftwareApplication":[],"WebPage":[]},"graphName":"","isEnabled":true},"graphs":[]},"schema_type":null,"schema_type_options":null,"pillar_content":false,"robots_default":true,"robots_noindex":false,"robots_noarchive":false,"robots_nosnippet":false,"robots_nofollow":false,"robots_noimageindex":false,"robots_noodp":false,"robots_notranslate":false,"robots_max_snippet":null,"robots_max_videopreview":null,"robots_max_imagepreview":"large","priority":null,"frequency":null,"location":null,"local_seo":null,"breadcrumb_settings":null,"limit_modified_date":false,"ai":null,"created":"2020-12-20 20:20:44","updated":"2025-07-20 02:55:21","seo_analyzer_scan_date":null,"focus_keyword":null,"additional_keywords":null,"truseo_locale":null},"jetpack_sharing_enabled":true,"jetpack-related-posts":[{"id":13101,"url":"https:\/\/www.jornalja.com.br\/arquivo\/morre-um-guerreiro-do-texto\/","url_meta":{"origin":58351,"position":0},"title":"Morre um guerreiro do texto","author":"Patr\u00edcia Marini","date":"14 de maio de 2014","format":false,"excerpt":"Por Ricardo Kotscho Reproduzido do blog do autor, 11\/5\/2014; t\u00edtulo original \u201cE l\u00e1 se foi o nosso Myltainho, guerreiro do texto\u201d. Mi\u00fado e franzino, meu amigo Myltainho era um valente e inconformado guerreiro na luta contra as injusti\u00e7as sociais, a hipocrisia, as maracutaias, o autoritarismo, a intoler\u00e2ncia, a viol\u00eancia, o\u2026","rel":"","context":"Em &quot;Geral&quot;","block_context":{"text":"Geral","link":"https:\/\/www.jornalja.com.br\/arquivo\/category\/geral\/"},"img":{"alt_text":"","src":"","width":0,"height":0},"classes":[]},{"id":13109,"url":"https:\/\/www.jornalja.com.br\/arquivo\/judiciario-reconhece-poluicao-eletromagnetica\/","url_meta":{"origin":58351,"position":1},"title":"Judici\u00e1rio reconhece polui\u00e7\u00e3o eletromagn\u00e9tica","author":"Patr\u00edcia Marini","date":"16 de maio de 2014","format":false,"excerpt":"A\u00e7\u00e3o de duas associa\u00e7\u00f5es de moradores foi acolhida pelo Tribunal de Justi\u00e7a de S\u00e3o Paulo que. em decis\u00e3o in\u00e9dita, determinou a redu\u00e7\u00e3o do campo eletromagn\u00e9tico gerado pelas linhas de transmiss\u00e3o de energia que cortam os bairros City Boa\u00e7ava e Alto de Pinheiros. \u00c9 a primeira vez que um tribunal do\u2026","rel":"","context":"Em &quot;X.Categorias velhas&quot;","block_context":{"text":"X.Categorias velhas","link":"https:\/\/www.jornalja.com.br\/arquivo\/category\/x-categorias-velhas\/"},"img":{"alt_text":"","src":"","width":0,"height":0},"classes":[]},{"id":13240,"url":"https:\/\/www.jornalja.com.br\/arquivo\/plano-diretor-estamos-construindo-o-caos\/","url_meta":{"origin":58351,"position":2},"title":"Plano diretor: &quot;Estamos construindo o caos&quot;","author":"Patr\u00edcia Marini","date":"26 de maio de 2014","format":false,"excerpt":"Desabafo que arquiteta Eliana Castilhos, delegada da Regi\u00e3o de Planejamento 1, postou nas redes sociais \u00e9 um testemunho do ambiente que se criou no Conselho do Plano Diretor de Porto Alegre, onde a aprova\u00e7\u00e3o de grandes empreendimentos \u00e9 empurrada guela abaixo dos conselheiros. Ao CMDUA Como delegada da Regi\u00e3o de\u2026","rel":"","context":"Em &quot;Geral&quot;","block_context":{"text":"Geral","link":"https:\/\/www.jornalja.com.br\/arquivo\/category\/geral\/"},"img":{"alt_text":"","src":"","width":0,"height":0},"classes":[]},{"id":5440,"url":"https:\/\/www.jornalja.com.br\/arquivo\/casarao-da-venancio-destino-permanece-incerto\/","url_meta":{"origin":58351,"position":3},"title":"Estado ainda n\u00e3o sabe o que fazer com casar\u00e3o abandonado h\u00e1 20 anos","author":"Elmar Bones","date":"6 de julho de 2009","format":false,"excerpt":"O casar\u00e3o amarelo, numa esquina nobre de Porto Alegre (Ven\u00e2ncio Aires com Jo\u00e3o Pessoa), j\u00e1 abrigou uma escola. H\u00e1 duas d\u00e9cadas, pelo menos, est\u00e1 abandonado, porque seu propriet\u00e1rio, o governo do Estado do Rio Grande do Sul, n\u00e3o consegue achar um destino para ele. Planos n\u00e3o faltaram. O governador Ol\u00edvio\u2026","rel":"","context":"Em &quot;X.Categorias velhas&quot;","block_context":{"text":"X.Categorias velhas","link":"https:\/\/www.jornalja.com.br\/arquivo\/category\/x-categorias-velhas\/"},"img":{"alt_text":"geraldo1","src":"https:\/\/i0.wp.com\/www.jornalja.com.br\/wp-content\/uploads\/2009\/07\/geraldo1.jpg?resize=350%2C200&ssl=1","width":350,"height":200},"classes":[]},{"id":13239,"url":"https:\/\/www.jornalja.com.br\/arquivo\/conselho-desdenha-do-plano-diretor\/","url_meta":{"origin":58351,"position":4},"title":"Porto Alegre: Conselho detona Plano Diretor","author":"Patr\u00edcia Marini","date":"25 de maio de 2014","format":false,"excerpt":"Den\u00fancia do arquiteto e \u00a0urbanista Ibir\u00e1 Santos Lucas. Ele diz que os conselheiros est\u00e3o votando com \"enorme irresponsabilidade\". \"Mudam regime com a maior naturalidade,,,regularizam absurdos de constru\u00e7\u00f5es irregulares... \"O CMDUA est\u00e1 flexibilizando a lei do plano diretor, de uma forma impactante na vida da cidade. Mudam regime com a maior\u2026","rel":"","context":"Em &quot;Geral&quot;","block_context":{"text":"Geral","link":"https:\/\/www.jornalja.com.br\/arquivo\/category\/geral\/"},"img":{"alt_text":"","src":"","width":0,"height":0},"classes":[]},{"id":14241,"url":"https:\/\/www.jornalja.com.br\/arquivo\/o-guaiba-nas-imagens-poeticas-de-achutti\/","url_meta":{"origin":58351,"position":5},"title":"O Gua\u00edba nas imagens po\u00e9ticas de Achutti","author":"da Reda\u00e7\u00e3o","date":"18 de junho de 2014","format":false,"excerpt":"Em \u201cO Gua\u00edba por Achutti\u201d \u2013 obra financiada via Minist\u00e9rio da Cultura, produ\u00e7\u00e3o executiva de Pedro Longhi, e Fl\u00e1vio Wild como designer \u2013, o fot\u00f3grafo revela a beleza e as mazelas de um espa\u00e7o aqu\u00e1tico de \u00e1guas sempre renovadas, cheio de hist\u00f3rias e lendas como as das cidades que foram\u2026","rel":"","context":"Em &quot;Cultura-Geral&quot;","block_context":{"text":"Cultura-Geral","link":"https:\/\/www.jornalja.com.br\/arquivo\/category\/materiasecundaria\/"},"img":{"alt_text":"","src":"","width":0,"height":0},"classes":[]}],"jetpack_shortlink":"https:\/\/wp.me\/pbQjBd-fb9","jetpack_featured_media_url":"","_links":{"self":[{"href":"https:\/\/www.jornalja.com.br\/arquivo\/wp-json\/wp\/v2\/posts\/58351","targetHints":{"allow":["GET"]}}],"collection":[{"href":"https:\/\/www.jornalja.com.br\/arquivo\/wp-json\/wp\/v2\/posts"}],"about":[{"href":"https:\/\/www.jornalja.com.br\/arquivo\/wp-json\/wp\/v2\/types\/post"}],"author":[{"embeddable":true,"href":"https:\/\/www.jornalja.com.br\/arquivo\/wp-json\/wp\/v2\/users\/4"}],"replies":[{"embeddable":true,"href":"https:\/\/www.jornalja.com.br\/arquivo\/wp-json\/wp\/v2\/comments?post=58351"}],"version-history":[{"count":0,"href":"https:\/\/www.jornalja.com.br\/arquivo\/wp-json\/wp\/v2\/posts\/58351\/revisions"}],"wp:attachment":[{"href":"https:\/\/www.jornalja.com.br\/arquivo\/wp-json\/wp\/v2\/media?parent=58351"}],"wp:term":[{"taxonomy":"category","embeddable":true,"href":"https:\/\/www.jornalja.com.br\/arquivo\/wp-json\/wp\/v2\/categories?post=58351"},{"taxonomy":"post_tag","embeddable":true,"href":"https:\/\/www.jornalja.com.br\/arquivo\/wp-json\/wp\/v2\/tags?post=58351"}],"curies":[{"name":"wp","href":"https:\/\/api.w.org\/{rel}","templated":true}]}}