{"id":58406,"date":"2017-12-18T21:43:59","date_gmt":"2017-12-18T23:43:59","guid":{"rendered":"https:\/\/www.jornalja.com.br\/?p=58406"},"modified":"2017-12-18T21:43:59","modified_gmt":"2017-12-18T23:43:59","slug":"municiparios-protestam-contra-marchezan-no-lancamento-de-documentario-sobre-prefeitura-nos-bairros","status":"publish","type":"post","link":"https:\/\/www.jornalja.com.br\/arquivo\/municiparios-protestam-contra-marchezan-no-lancamento-de-documentario-sobre-prefeitura-nos-bairros\/","title":{"rendered":"Municip\u00e1rios protestam contra Marchezan no lan\u00e7amento de document\u00e1rio sobre &quot;prefeitura nos bairros&quot;"},"content":{"rendered":"<p>O que era para ser um momento de afirma\u00e7\u00e3o e de propaganda de sua administra\u00e7\u00e3o, transformou-se nessa segunda-feira, dia 18\/12, para o prefeito de Porto Alegre, Nelson Marchezan J\u00fanior, em uma ocasi\u00e3o de forte protesto dos municip\u00e1rios de Porto Alegre.<br \/>\nEm frente ao Cine Capit\u00f3lio, no Centro Hist\u00f3rico da Capital, durante a exibi\u00e7\u00e3o e o coquetel de apresenta\u00e7\u00e3o de um document\u00e1rio sobre o projeto \u201cPrefeitura nos Bairros\u201d, dezenas de pessoas gritaram palavras de ordem, bateram tambores e distribu\u00edram panfletos contra o prefeito.<br \/>\nNo hall do cinema, onde ocorria a parte social do evento, antes da exibi\u00e7\u00e3o do document\u00e1rio, era vis\u00edvel o constrangimento de quem estava no local.<br \/>\nNo material impresso distribu\u00eddo pelo Sindicato dos Municip\u00e1rios de Porto Alegre (Simpa), a entidade acusa Marchezan J\u00fanior de promover demagogia e assistencialismo, \u201cque leva, por apenas uma tarde, servi\u00e7os privados \u00e0s pessoas, mas n\u00e3o garante o acesso e a perman\u00eancia desses servi\u00e7os nas comunidades\u201d.<br \/>\nEmpresas como Ita\u00fa, Panvel, FGTAS , Hospital Divina Provid\u00eancia e outros participam do projeto da prefeitura. Para os representantes do Simpa, Marchezan J\u00fanior quer abrir espa\u00e7o para a \u201cterceiriza\u00e7\u00e3o e privatiza\u00e7\u00e3o na cidade\u201d.<br \/>\n&nbsp;<\/p>\n","protected":false},"excerpt":{"rendered":"<p>O que era para ser um momento de afirma\u00e7\u00e3o e de propaganda de sua administra\u00e7\u00e3o, transformou-se nessa segunda-feira, dia 18\/12, para o prefeito de Porto Alegre, Nelson Marchezan J\u00fanior, em uma ocasi\u00e3o de forte protesto dos municip\u00e1rios de Porto Alegre. Em frente ao Cine Capit\u00f3lio, no Centro Hist\u00f3rico da Capital, durante a exibi\u00e7\u00e3o e o [&hellip;]<\/p>\n","protected":false},"author":4,"featured_media":58432,"comment_status":"open","ping_status":"closed","sticky":false,"template":"","format":"standard","meta":{"_jetpack_newsletter_access":"","_jetpack_dont_email_post_to_subs":false,"_jetpack_newsletter_tier_id":0,"_jetpack_memberships_contains_paywalled_content":false,"_jetpack_feature_clip_id":0,"_jetpack_memberships_contains_paid_content":false,"footnotes":"","jetpack_post_was_ever_published":false},"categories":[26],"tags":[],"class_list":["post-58406","post","type-post","status-publish","format-standard","has-post-thumbnail","hentry","category-geral"],"aioseo_notices":[],"aioseo_head":"\n\t\t<!-- All in One SEO 5.0.1.1 - aioseo.com -->\n\t<meta name=\"robots\" content=\"max-image-preview:large\" \/>\n\t<meta name=\"author\" content=\"da Reda\u00e7\u00e3o\"\/>\n\t<link rel=\"canonical\" href=\"https:\/\/www.jornalja.com.br\/arquivo\/municiparios-protestam-contra-marchezan-no-lancamento-de-documentario-sobre-prefeitura-nos-bairros\/\" \/>\n\t<meta name=\"generator\" content=\"All in One SEO (AIOSEO) 5.0.1.1\" \/>\n\t\t<meta property=\"og:locale\" content=\"pt_BR\" \/>\n\t\t<meta property=\"og:site_name\" content=\"Arquivo | Jornal J\u00c1 | Porto Alegre\" \/>\n\t\t<meta property=\"og:type\" content=\"article\" \/>\n\t\t<meta property=\"og:title\" content=\"Municip\u00e1rios protestam contra Marchezan no lan\u00e7amento de document\u00e1rio sobre &quot;prefeitura nos bairros&quot; | Arquivo\" \/>\n\t\t<meta property=\"og:url\" content=\"https:\/\/www.jornalja.com.br\/arquivo\/municiparios-protestam-contra-marchezan-no-lancamento-de-documentario-sobre-prefeitura-nos-bairros\/\" \/>\n\t\t<meta property=\"og:image\" content=\"https:\/\/www.jornalja.com.br\/economics\/wp-content\/uploads\/sites\/11\/2026\/08\/ja-folhaderosto-facebook.jpg\" \/>\n\t\t<meta property=\"og:image:secure_url\" content=\"https:\/\/www.jornalja.com.br\/economics\/wp-content\/uploads\/sites\/11\/2026\/08\/ja-folhaderosto-facebook.jpg\" \/>\n\t\t<meta property=\"article:published_time\" content=\"2017-12-18T23:43:59+00:00\" \/>\n\t\t<meta property=\"article:modified_time\" content=\"2017-12-18T23:43:59+00:00\" \/>\n\t\t<meta name=\"twitter:card\" content=\"summary\" \/>\n\t\t<meta name=\"twitter:title\" content=\"Municip\u00e1rios protestam contra Marchezan no lan\u00e7amento de document\u00e1rio sobre &quot;prefeitura nos bairros&quot; | Arquivo\" \/>\n\t\t<meta name=\"twitter:image\" content=\"https:\/\/www.jornalja.com.br\/economics\/wp-content\/uploads\/sites\/11\/2026\/08\/ja-folhaderosto-facebook.jpg\" \/>\n\t\t<script type=\"application\/ld+json\" class=\"aioseo-schema\">\n\t\t\t{\"@context\":\"https:\\\/\\\/schema.org\",\"@graph\":[{\"@type\":\"BlogPosting\",\"@id\":\"https:\\\/\\\/www.jornalja.com.br\\\/arquivo\\\/municiparios-protestam-contra-marchezan-no-lancamento-de-documentario-sobre-prefeitura-nos-bairros\\\/#blogposting\",\"name\":\"Municip\\u00e1rios protestam contra Marchezan no lan\\u00e7amento de document\\u00e1rio sobre \\\"prefeitura nos bairros\\\" | Arquivo\",\"headline\":\"Municip\\u00e1rios protestam contra Marchezan no lan\\u00e7amento de document\\u00e1rio sobre &quot;prefeitura nos bairros&quot;\",\"author\":{\"@id\":\"https:\\\/\\\/www.jornalja.com.br\\\/arquivo\\\/author\\\/daredacao\\\/#author\"},\"publisher\":{\"@id\":\"https:\\\/\\\/www.jornalja.com.br\\\/arquivo\\\/#organization\"},\"image\":{\"@type\":\"ImageObject\",\"url\":58432},\"datePublished\":\"2017-12-18T21:43:59-02:00\",\"dateModified\":\"2017-12-18T21:43:59-02:00\",\"inLanguage\":\"pt-BR\",\"mainEntityOfPage\":{\"@id\":\"https:\\\/\\\/www.jornalja.com.br\\\/arquivo\\\/municiparios-protestam-contra-marchezan-no-lancamento-de-documentario-sobre-prefeitura-nos-bairros\\\/#webpage\"},\"isPartOf\":{\"@id\":\"https:\\\/\\\/www.jornalja.com.br\\\/arquivo\\\/municiparios-protestam-contra-marchezan-no-lancamento-de-documentario-sobre-prefeitura-nos-bairros\\\/#webpage\"},\"articleSection\":\"Geral\"},{\"@type\":\"BreadcrumbList\",\"@id\":\"https:\\\/\\\/www.jornalja.com.br\\\/arquivo\\\/municiparios-protestam-contra-marchezan-no-lancamento-de-documentario-sobre-prefeitura-nos-bairros\\\/#breadcrumblist\",\"itemListElement\":[{\"@type\":\"ListItem\",\"@id\":\"https:\\\/\\\/www.jornalja.com.br\\\/arquivo#listItem\",\"position\":1,\"name\":\"Home\",\"item\":\"https:\\\/\\\/www.jornalja.com.br\\\/arquivo\",\"nextItem\":{\"@type\":\"ListItem\",\"@id\":\"https:\\\/\\\/www.jornalja.com.br\\\/arquivo\\\/category\\\/geral\\\/#listItem\",\"name\":\"Geral\"}},{\"@type\":\"ListItem\",\"@id\":\"https:\\\/\\\/www.jornalja.com.br\\\/arquivo\\\/category\\\/geral\\\/#listItem\",\"position\":2,\"name\":\"Geral\",\"item\":\"https:\\\/\\\/www.jornalja.com.br\\\/arquivo\\\/category\\\/geral\\\/\",\"nextItem\":{\"@type\":\"ListItem\",\"@id\":\"https:\\\/\\\/www.jornalja.com.br\\\/arquivo\\\/municiparios-protestam-contra-marchezan-no-lancamento-de-documentario-sobre-prefeitura-nos-bairros\\\/#listItem\",\"name\":\"Municip\\u00e1rios protestam contra Marchezan no lan\\u00e7amento de document\\u00e1rio sobre &quot;prefeitura nos bairros&quot;\"},\"previousItem\":{\"@type\":\"ListItem\",\"@id\":\"https:\\\/\\\/www.jornalja.com.br\\\/arquivo#listItem\",\"name\":\"Home\"}},{\"@type\":\"ListItem\",\"@id\":\"https:\\\/\\\/www.jornalja.com.br\\\/arquivo\\\/municiparios-protestam-contra-marchezan-no-lancamento-de-documentario-sobre-prefeitura-nos-bairros\\\/#listItem\",\"position\":3,\"name\":\"Municip\\u00e1rios protestam contra Marchezan no lan\\u00e7amento de document\\u00e1rio sobre &quot;prefeitura nos bairros&quot;\",\"previousItem\":{\"@type\":\"ListItem\",\"@id\":\"https:\\\/\\\/www.jornalja.com.br\\\/arquivo\\\/category\\\/geral\\\/#listItem\",\"name\":\"Geral\"}}]},{\"@type\":\"Organization\",\"@id\":\"https:\\\/\\\/www.jornalja.com.br\\\/arquivo\\\/#organization\",\"name\":\"Jornal J\\u00c1\",\"description\":\"Jornal J\\u00c1 | Porto Alegre\",\"url\":\"https:\\\/\\\/www.jornalja.com.br\\\/arquivo\\\/\",\"telephone\":\"+555133307272\",\"logo\":{\"@type\":\"ImageObject\",\"url\":\"https:\\\/\\\/www.jornalja.com.br\\\/wp-content\\\/uploads\\\/cards\\\/JAslogan.png\",\"@id\":\"https:\\\/\\\/www.jornalja.com.br\\\/arquivo\\\/municiparios-protestam-contra-marchezan-no-lancamento-de-documentario-sobre-prefeitura-nos-bairros\\\/#organizationLogo\"},\"image\":{\"@id\":\"https:\\\/\\\/www.jornalja.com.br\\\/arquivo\\\/municiparios-protestam-contra-marchezan-no-lancamento-de-documentario-sobre-prefeitura-nos-bairros\\\/#organizationLogo\"}},{\"@type\":\"Person\",\"@id\":\"https:\\\/\\\/www.jornalja.com.br\\\/arquivo\\\/author\\\/daredacao\\\/#author\",\"url\":\"https:\\\/\\\/www.jornalja.com.br\\\/arquivo\\\/author\\\/daredacao\\\/\",\"name\":\"da Reda\\u00e7\\u00e3o\",\"image\":{\"@type\":\"ImageObject\",\"@id\":\"https:\\\/\\\/www.jornalja.com.br\\\/arquivo\\\/municiparios-protestam-contra-marchezan-no-lancamento-de-documentario-sobre-prefeitura-nos-bairros\\\/#authorImage\",\"url\":\"https:\\\/\\\/secure.gravatar.com\\\/avatar\\\/469fd857d6605ad19919d27ed29d35a968a25f6e8fd9318356bbb7f57aae9c65?s=96&d=mm&r=g\",\"width\":96,\"height\":96,\"caption\":\"da Reda\\u00e7\\u00e3o\"}},{\"@type\":\"WebPage\",\"@id\":\"https:\\\/\\\/www.jornalja.com.br\\\/arquivo\\\/municiparios-protestam-contra-marchezan-no-lancamento-de-documentario-sobre-prefeitura-nos-bairros\\\/#webpage\",\"url\":\"https:\\\/\\\/www.jornalja.com.br\\\/arquivo\\\/municiparios-protestam-contra-marchezan-no-lancamento-de-documentario-sobre-prefeitura-nos-bairros\\\/\",\"name\":\"Municip\\u00e1rios protestam contra Marchezan no lan\\u00e7amento de document\\u00e1rio sobre \\\"prefeitura nos bairros\\\" | Arquivo\",\"inLanguage\":\"pt-BR\",\"isPartOf\":{\"@id\":\"https:\\\/\\\/www.jornalja.com.br\\\/arquivo\\\/#website\"},\"breadcrumb\":{\"@id\":\"https:\\\/\\\/www.jornalja.com.br\\\/arquivo\\\/municiparios-protestam-contra-marchezan-no-lancamento-de-documentario-sobre-prefeitura-nos-bairros\\\/#breadcrumblist\"},\"author\":{\"@id\":\"https:\\\/\\\/www.jornalja.com.br\\\/arquivo\\\/author\\\/daredacao\\\/#author\"},\"creator\":{\"@id\":\"https:\\\/\\\/www.jornalja.com.br\\\/arquivo\\\/author\\\/daredacao\\\/#author\"},\"image\":{\"@type\":\"ImageObject\",\"url\":58432,\"@id\":\"https:\\\/\\\/www.jornalja.com.br\\\/arquivo\\\/municiparios-protestam-contra-marchezan-no-lancamento-de-documentario-sobre-prefeitura-nos-bairros\\\/#mainImage\"},\"primaryImageOfPage\":{\"@id\":\"https:\\\/\\\/www.jornalja.com.br\\\/arquivo\\\/municiparios-protestam-contra-marchezan-no-lancamento-de-documentario-sobre-prefeitura-nos-bairros\\\/#mainImage\"},\"datePublished\":\"2017-12-18T21:43:59-02:00\",\"dateModified\":\"2017-12-18T21:43:59-02:00\"},{\"@type\":\"WebSite\",\"@id\":\"https:\\\/\\\/www.jornalja.com.br\\\/arquivo\\\/#website\",\"url\":\"https:\\\/\\\/www.jornalja.com.br\\\/arquivo\\\/\",\"name\":\"Arquivo\",\"description\":\"Jornal J\\u00c1 | Porto Alegre\",\"inLanguage\":\"pt-BR\",\"publisher\":{\"@id\":\"https:\\\/\\\/www.jornalja.com.br\\\/arquivo\\\/#organization\"}}]}\n\t\t<\/script>\n\t\t<!-- All in One SEO -->\n\n","aioseo_head_json":{"title":"Municip\u00e1rios protestam contra Marchezan no lan\u00e7amento de document\u00e1rio sobre \"prefeitura nos bairros\" | Arquivo","description":"","canonical_url":"https:\/\/www.jornalja.com.br\/arquivo\/municiparios-protestam-contra-marchezan-no-lancamento-de-documentario-sobre-prefeitura-nos-bairros\/","robots":"max-image-preview:large","keywords":"","webmasterTools":{"miscellaneous":""},"schema":{"@context":"https:\/\/schema.org","@graph":[{"@type":"BlogPosting","@id":"https:\/\/www.jornalja.com.br\/arquivo\/municiparios-protestam-contra-marchezan-no-lancamento-de-documentario-sobre-prefeitura-nos-bairros\/#blogposting","name":"Municip\u00e1rios protestam contra Marchezan no lan\u00e7amento de document\u00e1rio sobre \"prefeitura nos bairros\" | Arquivo","headline":"Municip\u00e1rios protestam contra Marchezan no lan\u00e7amento de document\u00e1rio sobre &quot;prefeitura nos bairros&quot;","author":{"@id":"https:\/\/www.jornalja.com.br\/arquivo\/author\/daredacao\/#author"},"publisher":{"@id":"https:\/\/www.jornalja.com.br\/arquivo\/#organization"},"image":{"@type":"ImageObject","url":58432},"datePublished":"2017-12-18T21:43:59-02:00","dateModified":"2017-12-18T21:43:59-02:00","inLanguage":"pt-BR","mainEntityOfPage":{"@id":"https:\/\/www.jornalja.com.br\/arquivo\/municiparios-protestam-contra-marchezan-no-lancamento-de-documentario-sobre-prefeitura-nos-bairros\/#webpage"},"isPartOf":{"@id":"https:\/\/www.jornalja.com.br\/arquivo\/municiparios-protestam-contra-marchezan-no-lancamento-de-documentario-sobre-prefeitura-nos-bairros\/#webpage"},"articleSection":"Geral"},{"@type":"BreadcrumbList","@id":"https:\/\/www.jornalja.com.br\/arquivo\/municiparios-protestam-contra-marchezan-no-lancamento-de-documentario-sobre-prefeitura-nos-bairros\/#breadcrumblist","itemListElement":[{"@type":"ListItem","@id":"https:\/\/www.jornalja.com.br\/arquivo#listItem","position":1,"name":"Home","item":"https:\/\/www.jornalja.com.br\/arquivo","nextItem":{"@type":"ListItem","@id":"https:\/\/www.jornalja.com.br\/arquivo\/category\/geral\/#listItem","name":"Geral"}},{"@type":"ListItem","@id":"https:\/\/www.jornalja.com.br\/arquivo\/category\/geral\/#listItem","position":2,"name":"Geral","item":"https:\/\/www.jornalja.com.br\/arquivo\/category\/geral\/","nextItem":{"@type":"ListItem","@id":"https:\/\/www.jornalja.com.br\/arquivo\/municiparios-protestam-contra-marchezan-no-lancamento-de-documentario-sobre-prefeitura-nos-bairros\/#listItem","name":"Municip\u00e1rios protestam contra Marchezan no lan\u00e7amento de document\u00e1rio sobre &quot;prefeitura nos bairros&quot;"},"previousItem":{"@type":"ListItem","@id":"https:\/\/www.jornalja.com.br\/arquivo#listItem","name":"Home"}},{"@type":"ListItem","@id":"https:\/\/www.jornalja.com.br\/arquivo\/municiparios-protestam-contra-marchezan-no-lancamento-de-documentario-sobre-prefeitura-nos-bairros\/#listItem","position":3,"name":"Municip\u00e1rios protestam contra Marchezan no lan\u00e7amento de document\u00e1rio sobre &quot;prefeitura nos bairros&quot;","previousItem":{"@type":"ListItem","@id":"https:\/\/www.jornalja.com.br\/arquivo\/category\/geral\/#listItem","name":"Geral"}}]},{"@type":"Organization","@id":"https:\/\/www.jornalja.com.br\/arquivo\/#organization","name":"Jornal J\u00c1","description":"Jornal J\u00c1 | Porto Alegre","url":"https:\/\/www.jornalja.com.br\/arquivo\/","telephone":"+555133307272","logo":{"@type":"ImageObject","url":"https:\/\/www.jornalja.com.br\/wp-content\/uploads\/cards\/JAslogan.png","@id":"https:\/\/www.jornalja.com.br\/arquivo\/municiparios-protestam-contra-marchezan-no-lancamento-de-documentario-sobre-prefeitura-nos-bairros\/#organizationLogo"},"image":{"@id":"https:\/\/www.jornalja.com.br\/arquivo\/municiparios-protestam-contra-marchezan-no-lancamento-de-documentario-sobre-prefeitura-nos-bairros\/#organizationLogo"}},{"@type":"Person","@id":"https:\/\/www.jornalja.com.br\/arquivo\/author\/daredacao\/#author","url":"https:\/\/www.jornalja.com.br\/arquivo\/author\/daredacao\/","name":"da Reda\u00e7\u00e3o","image":{"@type":"ImageObject","@id":"https:\/\/www.jornalja.com.br\/arquivo\/municiparios-protestam-contra-marchezan-no-lancamento-de-documentario-sobre-prefeitura-nos-bairros\/#authorImage","url":"https:\/\/secure.gravatar.com\/avatar\/469fd857d6605ad19919d27ed29d35a968a25f6e8fd9318356bbb7f57aae9c65?s=96&d=mm&r=g","width":96,"height":96,"caption":"da Reda\u00e7\u00e3o"}},{"@type":"WebPage","@id":"https:\/\/www.jornalja.com.br\/arquivo\/municiparios-protestam-contra-marchezan-no-lancamento-de-documentario-sobre-prefeitura-nos-bairros\/#webpage","url":"https:\/\/www.jornalja.com.br\/arquivo\/municiparios-protestam-contra-marchezan-no-lancamento-de-documentario-sobre-prefeitura-nos-bairros\/","name":"Municip\u00e1rios protestam contra Marchezan no lan\u00e7amento de document\u00e1rio sobre \"prefeitura nos bairros\" | Arquivo","inLanguage":"pt-BR","isPartOf":{"@id":"https:\/\/www.jornalja.com.br\/arquivo\/#website"},"breadcrumb":{"@id":"https:\/\/www.jornalja.com.br\/arquivo\/municiparios-protestam-contra-marchezan-no-lancamento-de-documentario-sobre-prefeitura-nos-bairros\/#breadcrumblist"},"author":{"@id":"https:\/\/www.jornalja.com.br\/arquivo\/author\/daredacao\/#author"},"creator":{"@id":"https:\/\/www.jornalja.com.br\/arquivo\/author\/daredacao\/#author"},"image":{"@type":"ImageObject","url":58432,"@id":"https:\/\/www.jornalja.com.br\/arquivo\/municiparios-protestam-contra-marchezan-no-lancamento-de-documentario-sobre-prefeitura-nos-bairros\/#mainImage"},"primaryImageOfPage":{"@id":"https:\/\/www.jornalja.com.br\/arquivo\/municiparios-protestam-contra-marchezan-no-lancamento-de-documentario-sobre-prefeitura-nos-bairros\/#mainImage"},"datePublished":"2017-12-18T21:43:59-02:00","dateModified":"2017-12-18T21:43:59-02:00"},{"@type":"WebSite","@id":"https:\/\/www.jornalja.com.br\/arquivo\/#website","url":"https:\/\/www.jornalja.com.br\/arquivo\/","name":"Arquivo","description":"Jornal J\u00c1 | Porto Alegre","inLanguage":"pt-BR","publisher":{"@id":"https:\/\/www.jornalja.com.br\/arquivo\/#organization"}}]},"og:locale":"pt_BR","og:site_name":"Arquivo | Jornal J\u00c1 | Porto Alegre","og:type":"article","og:title":"Municip\u00e1rios protestam contra Marchezan no lan\u00e7amento de document\u00e1rio sobre &quot;prefeitura nos bairros&quot; | Arquivo","og:url":"https:\/\/www.jornalja.com.br\/arquivo\/municiparios-protestam-contra-marchezan-no-lancamento-de-documentario-sobre-prefeitura-nos-bairros\/","og:image":"https:\/\/www.jornalja.com.br\/economics\/wp-content\/uploads\/sites\/11\/2026\/08\/ja-folhaderosto-facebook.jpg","og:image:secure_url":"https:\/\/www.jornalja.com.br\/economics\/wp-content\/uploads\/sites\/11\/2026\/08\/ja-folhaderosto-facebook.jpg","article:published_time":"2017-12-18T23:43:59+00:00","article:modified_time":"2017-12-18T23:43:59+00:00","twitter:card":"summary","twitter:title":"Municip\u00e1rios protestam contra Marchezan no lan\u00e7amento de document\u00e1rio sobre &quot;prefeitura nos bairros&quot; | Arquivo","twitter:image":"https:\/\/www.jornalja.com.br\/economics\/wp-content\/uploads\/sites\/11\/2026\/08\/ja-folhaderosto-facebook.jpg"},"aioseo_meta_data":{"post_id":"58406","title":null,"description":null,"keywords":null,"keyphrases":null,"primary_term":null,"canonical_url":null,"og_title":null,"og_description":null,"og_object_type":"default","og_image_type":"default","og_image_url":null,"og_image_width":null,"og_image_height":null,"og_image_custom_url":null,"og_image_custom_fields":null,"og_video":null,"og_custom_url":null,"og_article_section":null,"og_article_tags":null,"twitter_use_og":false,"twitter_card":"default","twitter_image_type":"default","twitter_image_url":null,"twitter_image_custom_url":null,"twitter_image_custom_fields":null,"twitter_title":null,"twitter_description":null,"schema":{"blockGraphs":[],"customGraphs":[],"default":{"data":{"Article":[],"Course":[],"Dataset":[],"FAQPage":[],"Movie":[],"Person":[],"Product":[],"ProductReview":[],"Car":[],"Recipe":[],"Service":[],"SoftwareApplication":[],"WebPage":[]},"graphName":"","isEnabled":true},"graphs":[]},"schema_type":null,"schema_type_options":null,"pillar_content":false,"robots_default":true,"robots_noindex":false,"robots_noarchive":false,"robots_nosnippet":false,"robots_nofollow":false,"robots_noimageindex":false,"robots_noodp":false,"robots_notranslate":false,"robots_max_snippet":null,"robots_max_videopreview":null,"robots_max_imagepreview":"large","priority":null,"frequency":null,"location":null,"local_seo":null,"breadcrumb_settings":null,"limit_modified_date":false,"ai":null,"created":"2020-12-20 20:18:57","updated":"2025-07-20 02:56:35","seo_analyzer_scan_date":null,"focus_keyword":null,"additional_keywords":null,"truseo_locale":null},"jetpack_sharing_enabled":true,"jetpack-related-posts":[{"id":13124,"url":"https:\/\/www.jornalja.com.br\/arquivo\/sangue-latino-no-iecine\/","url_meta":{"origin":58406,"position":0},"title":"Sangue latino no IECINE","author":"da Reda\u00e7\u00e3o","date":"18 de maio de 2014","format":false,"excerpt":"Francisco Ribeiro O Instituto Estadual de Cinema (IECINE) tem a frente, desde abril \u00faltimo, um novo diretor, o cineasta colombiano Juan Zapata, 36, que substitui Luiz Alberto Cassol. Radicado h\u00e1 dez anos em Porto Alegre, Zapata tem diante de si o desafio de conduzir at\u00e9 o final do ano um\u2026","rel":"","context":"Em &quot;Cultura-Geral&quot;","block_context":{"text":"Cultura-Geral","link":"https:\/\/www.jornalja.com.br\/arquivo\/category\/materiasecundaria\/"},"img":{"alt_text":"","src":"","width":0,"height":0},"classes":[]},{"id":12960,"url":"https:\/\/www.jornalja.com.br\/arquivo\/populacao-culpa-empresas-pela-greve-dos-rodoviarios\/","url_meta":{"origin":58406,"position":1},"title":"Popula\u00e7\u00e3o culpa empresas pela greve","author":"Patr\u00edcia Marini","date":"14 de fevereiro de 2014","format":false,"excerpt":"Pesquisa divulgada na edi\u00e7\u00e3o do jornal Metro desta sexta-feira,14, comprova o velho ditado: \u00e9 poss\u00edvel enganar muitos por algum tempo, mas n\u00e3o \u00e9 poss\u00edvel enganar a todos o tempo inteiro. A principal revela\u00e7\u00e3o foi que 59,8% dos entrevistados apontaram as empresas como as principais respons\u00e1veis pela grave e 46% culparam\u2026","rel":"","context":"Em &quot;X.Categorias velhas&quot;","block_context":{"text":"X.Categorias velhas","link":"https:\/\/www.jornalja.com.br\/arquivo\/category\/x-categorias-velhas\/"},"img":{"alt_text":"","src":"","width":0,"height":0},"classes":[]},{"id":14241,"url":"https:\/\/www.jornalja.com.br\/arquivo\/o-guaiba-nas-imagens-poeticas-de-achutti\/","url_meta":{"origin":58406,"position":2},"title":"O Gua\u00edba nas imagens po\u00e9ticas de Achutti","author":"da Reda\u00e7\u00e3o","date":"18 de junho de 2014","format":false,"excerpt":"Em \u201cO Gua\u00edba por Achutti\u201d \u2013 obra financiada via Minist\u00e9rio da Cultura, produ\u00e7\u00e3o executiva de Pedro Longhi, e Fl\u00e1vio Wild como designer \u2013, o fot\u00f3grafo revela a beleza e as mazelas de um espa\u00e7o aqu\u00e1tico de \u00e1guas sempre renovadas, cheio de hist\u00f3rias e lendas como as das cidades que foram\u2026","rel":"","context":"Em &quot;Cultura-Geral&quot;","block_context":{"text":"Cultura-Geral","link":"https:\/\/www.jornalja.com.br\/arquivo\/category\/materiasecundaria\/"},"img":{"alt_text":"","src":"","width":0,"height":0},"classes":[]},{"id":13240,"url":"https:\/\/www.jornalja.com.br\/arquivo\/plano-diretor-estamos-construindo-o-caos\/","url_meta":{"origin":58406,"position":3},"title":"Plano diretor: &quot;Estamos construindo o caos&quot;","author":"Patr\u00edcia Marini","date":"26 de maio de 2014","format":false,"excerpt":"Desabafo que arquiteta Eliana Castilhos, delegada da Regi\u00e3o de Planejamento 1, postou nas redes sociais \u00e9 um testemunho do ambiente que se criou no Conselho do Plano Diretor de Porto Alegre, onde a aprova\u00e7\u00e3o de grandes empreendimentos \u00e9 empurrada guela abaixo dos conselheiros. Ao CMDUA Como delegada da Regi\u00e3o de\u2026","rel":"","context":"Em &quot;Geral&quot;","block_context":{"text":"Geral","link":"https:\/\/www.jornalja.com.br\/arquivo\/category\/geral\/"},"img":{"alt_text":"","src":"","width":0,"height":0},"classes":[]},{"id":1280,"url":"https:\/\/www.jornalja.com.br\/arquivo\/o-menino-que-se-tornou-brizola\/","url_meta":{"origin":58406,"position":4},"title":"O Menino que se Tornou Brizola","author":"da Reda\u00e7\u00e3o","date":"28 de julho de 2008","format":false,"excerpt":"Autor: Cleber Dioni A vida de Leonel Brizola, com \u00eanfase para os primeiros anos em Porto Alegre, at\u00e9 o ex\u00edlio no Uruguai e a volta, quinze anos depois. \u00a0\"...\u00c9ramos todos jovens e nos identific\u00e1vamos com aquela massa an\u00f4nima a percorrer as ruas de Porto Alegre, gritando 'Get\u00falio', 'Get\u00falio' e empunhando\u2026","rel":"","context":"Em &quot;Livros&quot;","block_context":{"text":"Livros","link":"https:\/\/www.jornalja.com.br\/arquivo\/category\/livros\/"},"img":{"alt_text":"","src":"https:\/\/i0.wp.com\/www.jornalja.com.br\/wp-content\/uploads\/2008\/07\/brizola.gif?resize=350%2C200&ssl=1","width":350,"height":200},"classes":[]},{"id":13239,"url":"https:\/\/www.jornalja.com.br\/arquivo\/conselho-desdenha-do-plano-diretor\/","url_meta":{"origin":58406,"position":5},"title":"Porto Alegre: Conselho detona Plano Diretor","author":"Patr\u00edcia Marini","date":"25 de maio de 2014","format":false,"excerpt":"Den\u00fancia do arquiteto e \u00a0urbanista Ibir\u00e1 Santos Lucas. Ele diz que os conselheiros est\u00e3o votando com \"enorme irresponsabilidade\". \"Mudam regime com a maior naturalidade,,,regularizam absurdos de constru\u00e7\u00f5es irregulares... \"O CMDUA est\u00e1 flexibilizando a lei do plano diretor, de uma forma impactante na vida da cidade. Mudam regime com a maior\u2026","rel":"","context":"Em &quot;Geral&quot;","block_context":{"text":"Geral","link":"https:\/\/www.jornalja.com.br\/arquivo\/category\/geral\/"},"img":{"alt_text":"","src":"","width":0,"height":0},"classes":[]}],"jetpack_shortlink":"https:\/\/wp.me\/pbQjBd-fc2","jetpack_featured_media_url":"","_links":{"self":[{"href":"https:\/\/www.jornalja.com.br\/arquivo\/wp-json\/wp\/v2\/posts\/58406","targetHints":{"allow":["GET"]}}],"collection":[{"href":"https:\/\/www.jornalja.com.br\/arquivo\/wp-json\/wp\/v2\/posts"}],"about":[{"href":"https:\/\/www.jornalja.com.br\/arquivo\/wp-json\/wp\/v2\/types\/post"}],"author":[{"embeddable":true,"href":"https:\/\/www.jornalja.com.br\/arquivo\/wp-json\/wp\/v2\/users\/4"}],"replies":[{"embeddable":true,"href":"https:\/\/www.jornalja.com.br\/arquivo\/wp-json\/wp\/v2\/comments?post=58406"}],"version-history":[{"count":0,"href":"https:\/\/www.jornalja.com.br\/arquivo\/wp-json\/wp\/v2\/posts\/58406\/revisions"}],"wp:attachment":[{"href":"https:\/\/www.jornalja.com.br\/arquivo\/wp-json\/wp\/v2\/media?parent=58406"}],"wp:term":[{"taxonomy":"category","embeddable":true,"href":"https:\/\/www.jornalja.com.br\/arquivo\/wp-json\/wp\/v2\/categories?post=58406"},{"taxonomy":"post_tag","embeddable":true,"href":"https:\/\/www.jornalja.com.br\/arquivo\/wp-json\/wp\/v2\/tags?post=58406"}],"curies":[{"name":"wp","href":"https:\/\/api.w.org\/{rel}","templated":true}]}}