{"id":58465,"date":"2017-12-20T13:36:58","date_gmt":"2017-12-20T15:36:58","guid":{"rendered":"https:\/\/www.jornalja.com.br\/?p=58464"},"modified":"2017-12-20T13:36:58","modified_gmt":"2017-12-20T15:36:58","slug":"cavalo-de-troia-da-cultura-faz-manifestacao-dentro-do-palacio-piratini-2","status":"publish","type":"post","link":"https:\/\/www.jornalja.com.br\/arquivo\/cavalo-de-troia-da-cultura-faz-manifestacao-dentro-do-palacio-piratini-2\/","title":{"rendered":"\u201cCavalo de Tr\u00f3ia da cultura\u201d faz manifesta\u00e7\u00e3o dentro do Pal\u00e1cio Piratini"},"content":{"rendered":"<p><span class=\"assina\">Matheus Chaparini<\/span><br \/>\nNa porta do Pal\u00e1cio Piratini, quinze homens e mulheres do Choque da Brigada Militar protegiam a sede do Executivo estadual em fun\u00e7\u00e3o de uma manifesta\u00e7\u00e3o de servidores, marcando um ano da extin\u00e7\u00e3o das funda\u00e7\u00f5es &#8211; aprovada pela Assembleia Legislativa na madrugada de 20 para 21 de dezembro de 2016.<br \/>\nEnquanto as aten\u00e7\u00f5es estavam voltadas para o ato da Pra\u00e7a da Matriz, o \u201cCavalo de Tr\u00f3ia da Cultura\u201d &#8211; como foi chamado por seus integrantes &#8211; j\u00e1 estava dentro da sede do poder estadual. As duas manifesta\u00e7\u00f5es coincidiram.<br \/>\nDentro do pal\u00e1cio, o coral Vozes do Laranjal realizava uma visita guiada. Em dado momento da visita, os artistas pedem licen\u00e7a para cantar. Com gaita, percuss\u00e3o\u00a0 e <em>bocca chiusa<\/em> &#8211; t\u00e9cnica de cantar com a boca fechada &#8211; o grupo tocou\u00a0o Negrinho de Pastoreio, cl\u00e1ssico do cancioneiro regional, resgatado por Barbosa Lessa.\u00a0Em jogral, com a can\u00e7\u00e3o ao fundo, os artistas leram um manifesto condenando a extin\u00e7\u00e3o das funda\u00e7\u00f5es estaduais, principalmente a Funda\u00e7\u00e3o Piratini, respons\u00e1vel pelas emissoras p\u00fablicas TVE e FM Cultura.<br \/>\n<figure id=\"attachment_58473\" aria-describedby=\"caption-attachment-58473\" style=\"width: 1150px\" class=\"wp-caption alignnone\"><img loading=\"lazy\" decoding=\"async\" class=\"wp-image-58473 size-full\" src=\"https:\/\/www.jornalja.com.br\/wp-content\/uploads\/2017\/12\/DSC_0795-2.jpg\" alt=\"\" width=\"1150\" height=\"764\" \/><figcaption id=\"caption-attachment-58473\" class=\"wp-caption-text\">Manifesta\u00e7\u00e3o foi transmitida ao vivo por integrantes do grupo e pelo Coletivo Catarse \/ Ricardo Stricher \/Jornal J\u00c1<\/figcaption><\/figure><br \/>\nNo texto, o coletivo classifica o fim da funda\u00e7\u00e3o como \u201co mais cruel silenciamento de nossa voz art\u00edstica, de nossa produ\u00e7\u00e3o intelectual e a amplia\u00e7\u00e3o do abismo j\u00e1 existente entre os criadores ga\u00fachos e a popula\u00e7\u00e3o do estado.\u201d O texto afirma ainda que as emissoras p\u00fablicas s\u00e3o as \u00fanicas que \u201cveiculam nossas m\u00fasicas e nossas ideias sem restri\u00e7\u00e3o de credo, estilo ou ideologia\u201d e defende a import\u00e2ncia da funda\u00e7\u00e3o para a economia da cultura do estado.<br \/>\nEnquanto cantavam outra can\u00e7\u00e3o, a seguran\u00e7a do Pal\u00e1cio se dirigiu ao grupo, pedindo que deixassem o local. \u201cN\u00e3o pode cantar?\u201d, questionou um dos artistas. \u201cN\u00e3o, n\u00e3o pode. Aqui, n\u00e3o\u201d, respondeu o seguran\u00e7a.<br \/>\nAs Vozes do Laranjal deixaram o Pal\u00e1cio Piratini cantando: \u201cAl\u00f4, seu governador, se acabar com as funda\u00e7\u00f5es, n\u00e3o falo mais com o senhor.\u201d<br \/>\nO refor\u00e7o policial que cuidava da entrada\u00a0foi surpreendido pela manifesta\u00e7\u00e3o, que ocorria \u00e0s suas costas. O governador Jos\u00e9 Ivo Sartori n\u00e3o estava no Pal\u00e1cio Piratini no momento das manifesta\u00e7\u00f5es.<br \/>\nIntegrando as Vozes do Laranjal, cerca de vinte artistas, entre eles, Cristiano Morales, Gelson Oliveira, Leandro Maia, Simone Rasslan, Deborah Finocchiaro, Richard Serraria, Ismael Oliveira, Jo\u00e3o Guarani, M\u00e1rio Pirata, Fruet, Elinka Matusiak, Rafa Cambar\u00e1, Angelo Primon e Oly Jr.<br \/>\nAp\u00f3s o ato, os artistas foram recebidos pelos servidores, na manifesta\u00e7\u00e3o da Pra\u00e7a da Matriz. Em seguida, se dirigiram \u00e0 sede da Funda\u00e7\u00e3o Piratini, onde leram o manifesto ao vivo durante o programa Cultura na Mesa. O protesto dentro do Piratini tamb\u00e9m foi transmitido ao vivo em<a href=\"http:\/\/www.facebook.com\/palavreio\/videos\/10155182950520665\/\" target=\"_blank\" rel=\"noopener noreferrer\"> v\u00eddeo<\/a> atrav\u00e9s do Facebook por integrantes do grupo e pelo <a href=\"http:\/\/www.facebook.com\/coletivocatarse\/\" target=\"_blank\" rel=\"noopener noreferrer\">Coletivo Catarse<\/a>.<\/p>\n","protected":false},"excerpt":{"rendered":"<p>Matheus Chaparini Na porta do Pal\u00e1cio Piratini, quinze homens e mulheres do Choque da Brigada Militar protegiam a sede do Executivo estadual em fun\u00e7\u00e3o de uma manifesta\u00e7\u00e3o de servidores, marcando um ano da extin\u00e7\u00e3o das funda\u00e7\u00f5es &#8211; aprovada pela Assembleia Legislativa na madrugada de 20 para 21 de dezembro de 2016. Enquanto as aten\u00e7\u00f5es estavam [&hellip;]<\/p>\n","protected":false},"author":4,"featured_media":58474,"comment_status":"open","ping_status":"closed","sticky":false,"template":"","format":"standard","meta":{"_jetpack_newsletter_access":"","_jetpack_dont_email_post_to_subs":false,"_jetpack_newsletter_tier_id":0,"_jetpack_memberships_contains_paywalled_content":false,"_jetpack_feature_clip_id":0,"_jetpack_memberships_contains_paid_content":false,"footnotes":"","jetpack_post_was_ever_published":false},"categories":[26],"tags":[],"class_list":["post-58465","post","type-post","status-publish","format-standard","has-post-thumbnail","hentry","category-geral"],"aioseo_notices":[],"aioseo_head":"\n\t\t<!-- All in One SEO 5.0.1.1 - aioseo.com -->\n\t<meta name=\"robots\" content=\"max-image-preview:large\" \/>\n\t<meta name=\"author\" content=\"da Reda\u00e7\u00e3o\"\/>\n\t<link rel=\"canonical\" href=\"https:\/\/www.jornalja.com.br\/arquivo\/cavalo-de-troia-da-cultura-faz-manifestacao-dentro-do-palacio-piratini-2\/\" \/>\n\t<meta name=\"generator\" content=\"All in One SEO (AIOSEO) 5.0.1.1\" \/>\n\t\t<meta property=\"og:locale\" content=\"pt_BR\" \/>\n\t\t<meta property=\"og:site_name\" content=\"Arquivo | Jornal J\u00c1 | Porto Alegre\" \/>\n\t\t<meta property=\"og:type\" content=\"article\" \/>\n\t\t<meta property=\"og:title\" content=\"\u201cCavalo de Tr\u00f3ia da cultura\u201d faz manifesta\u00e7\u00e3o dentro do Pal\u00e1cio Piratini | Arquivo\" \/>\n\t\t<meta property=\"og:url\" content=\"https:\/\/www.jornalja.com.br\/arquivo\/cavalo-de-troia-da-cultura-faz-manifestacao-dentro-do-palacio-piratini-2\/\" \/>\n\t\t<meta property=\"og:image\" content=\"https:\/\/www.jornalja.com.br\/wp-content\/uploads\/2017\/12\/DSC_0795-2.jpg\" \/>\n\t\t<meta property=\"og:image:secure_url\" content=\"https:\/\/www.jornalja.com.br\/wp-content\/uploads\/2017\/12\/DSC_0795-2.jpg\" \/>\n\t\t<meta property=\"article:published_time\" content=\"2017-12-20T15:36:58+00:00\" \/>\n\t\t<meta property=\"article:modified_time\" content=\"2017-12-20T15:36:58+00:00\" \/>\n\t\t<meta name=\"twitter:card\" content=\"summary\" \/>\n\t\t<meta name=\"twitter:title\" content=\"\u201cCavalo de Tr\u00f3ia da cultura\u201d faz manifesta\u00e7\u00e3o dentro do Pal\u00e1cio Piratini | Arquivo\" \/>\n\t\t<meta name=\"twitter:image\" content=\"https:\/\/www.jornalja.com.br\/economics\/wp-content\/uploads\/sites\/11\/2026\/08\/ja-folhaderosto-facebook.jpg\" \/>\n\t\t<script type=\"application\/ld+json\" class=\"aioseo-schema\">\n\t\t\t{\"@context\":\"https:\\\/\\\/schema.org\",\"@graph\":[{\"@type\":\"BlogPosting\",\"@id\":\"https:\\\/\\\/www.jornalja.com.br\\\/arquivo\\\/cavalo-de-troia-da-cultura-faz-manifestacao-dentro-do-palacio-piratini-2\\\/#blogposting\",\"name\":\"\\u201cCavalo de Tr\\u00f3ia da cultura\\u201d faz manifesta\\u00e7\\u00e3o dentro do Pal\\u00e1cio Piratini | Arquivo\",\"headline\":\"\\u201cCavalo de Tr\\u00f3ia da cultura\\u201d faz manifesta\\u00e7\\u00e3o dentro do Pal\\u00e1cio Piratini\",\"author\":{\"@id\":\"https:\\\/\\\/www.jornalja.com.br\\\/arquivo\\\/author\\\/daredacao\\\/#author\"},\"publisher\":{\"@id\":\"https:\\\/\\\/www.jornalja.com.br\\\/arquivo\\\/#organization\"},\"image\":{\"@type\":\"ImageObject\",\"url\":58474},\"datePublished\":\"2017-12-20T13:36:58-02:00\",\"dateModified\":\"2017-12-20T13:36:58-02:00\",\"inLanguage\":\"pt-BR\",\"commentCount\":1,\"mainEntityOfPage\":{\"@id\":\"https:\\\/\\\/www.jornalja.com.br\\\/arquivo\\\/cavalo-de-troia-da-cultura-faz-manifestacao-dentro-do-palacio-piratini-2\\\/#webpage\"},\"isPartOf\":{\"@id\":\"https:\\\/\\\/www.jornalja.com.br\\\/arquivo\\\/cavalo-de-troia-da-cultura-faz-manifestacao-dentro-do-palacio-piratini-2\\\/#webpage\"},\"articleSection\":\"Geral\"},{\"@type\":\"BreadcrumbList\",\"@id\":\"https:\\\/\\\/www.jornalja.com.br\\\/arquivo\\\/cavalo-de-troia-da-cultura-faz-manifestacao-dentro-do-palacio-piratini-2\\\/#breadcrumblist\",\"itemListElement\":[{\"@type\":\"ListItem\",\"@id\":\"https:\\\/\\\/www.jornalja.com.br\\\/arquivo#listItem\",\"position\":1,\"name\":\"Home\",\"item\":\"https:\\\/\\\/www.jornalja.com.br\\\/arquivo\",\"nextItem\":{\"@type\":\"ListItem\",\"@id\":\"https:\\\/\\\/www.jornalja.com.br\\\/arquivo\\\/category\\\/geral\\\/#listItem\",\"name\":\"Geral\"}},{\"@type\":\"ListItem\",\"@id\":\"https:\\\/\\\/www.jornalja.com.br\\\/arquivo\\\/category\\\/geral\\\/#listItem\",\"position\":2,\"name\":\"Geral\",\"item\":\"https:\\\/\\\/www.jornalja.com.br\\\/arquivo\\\/category\\\/geral\\\/\",\"nextItem\":{\"@type\":\"ListItem\",\"@id\":\"https:\\\/\\\/www.jornalja.com.br\\\/arquivo\\\/cavalo-de-troia-da-cultura-faz-manifestacao-dentro-do-palacio-piratini-2\\\/#listItem\",\"name\":\"\\u201cCavalo de Tr\\u00f3ia da cultura\\u201d faz manifesta\\u00e7\\u00e3o dentro do Pal\\u00e1cio Piratini\"},\"previousItem\":{\"@type\":\"ListItem\",\"@id\":\"https:\\\/\\\/www.jornalja.com.br\\\/arquivo#listItem\",\"name\":\"Home\"}},{\"@type\":\"ListItem\",\"@id\":\"https:\\\/\\\/www.jornalja.com.br\\\/arquivo\\\/cavalo-de-troia-da-cultura-faz-manifestacao-dentro-do-palacio-piratini-2\\\/#listItem\",\"position\":3,\"name\":\"\\u201cCavalo de Tr\\u00f3ia da cultura\\u201d faz manifesta\\u00e7\\u00e3o dentro do Pal\\u00e1cio Piratini\",\"previousItem\":{\"@type\":\"ListItem\",\"@id\":\"https:\\\/\\\/www.jornalja.com.br\\\/arquivo\\\/category\\\/geral\\\/#listItem\",\"name\":\"Geral\"}}]},{\"@type\":\"Organization\",\"@id\":\"https:\\\/\\\/www.jornalja.com.br\\\/arquivo\\\/#organization\",\"name\":\"Jornal J\\u00c1\",\"description\":\"Jornal J\\u00c1 | Porto Alegre\",\"url\":\"https:\\\/\\\/www.jornalja.com.br\\\/arquivo\\\/\",\"telephone\":\"+555133307272\",\"logo\":{\"@type\":\"ImageObject\",\"url\":\"https:\\\/\\\/www.jornalja.com.br\\\/wp-content\\\/uploads\\\/cards\\\/JAslogan.png\",\"@id\":\"https:\\\/\\\/www.jornalja.com.br\\\/arquivo\\\/cavalo-de-troia-da-cultura-faz-manifestacao-dentro-do-palacio-piratini-2\\\/#organizationLogo\"},\"image\":{\"@id\":\"https:\\\/\\\/www.jornalja.com.br\\\/arquivo\\\/cavalo-de-troia-da-cultura-faz-manifestacao-dentro-do-palacio-piratini-2\\\/#organizationLogo\"}},{\"@type\":\"Person\",\"@id\":\"https:\\\/\\\/www.jornalja.com.br\\\/arquivo\\\/author\\\/daredacao\\\/#author\",\"url\":\"https:\\\/\\\/www.jornalja.com.br\\\/arquivo\\\/author\\\/daredacao\\\/\",\"name\":\"da Reda\\u00e7\\u00e3o\",\"image\":{\"@type\":\"ImageObject\",\"@id\":\"https:\\\/\\\/www.jornalja.com.br\\\/arquivo\\\/cavalo-de-troia-da-cultura-faz-manifestacao-dentro-do-palacio-piratini-2\\\/#authorImage\",\"url\":\"https:\\\/\\\/secure.gravatar.com\\\/avatar\\\/469fd857d6605ad19919d27ed29d35a968a25f6e8fd9318356bbb7f57aae9c65?s=96&d=mm&r=g\",\"width\":96,\"height\":96,\"caption\":\"da Reda\\u00e7\\u00e3o\"}},{\"@type\":\"WebPage\",\"@id\":\"https:\\\/\\\/www.jornalja.com.br\\\/arquivo\\\/cavalo-de-troia-da-cultura-faz-manifestacao-dentro-do-palacio-piratini-2\\\/#webpage\",\"url\":\"https:\\\/\\\/www.jornalja.com.br\\\/arquivo\\\/cavalo-de-troia-da-cultura-faz-manifestacao-dentro-do-palacio-piratini-2\\\/\",\"name\":\"\\u201cCavalo de Tr\\u00f3ia da cultura\\u201d faz manifesta\\u00e7\\u00e3o dentro do Pal\\u00e1cio Piratini | Arquivo\",\"inLanguage\":\"pt-BR\",\"isPartOf\":{\"@id\":\"https:\\\/\\\/www.jornalja.com.br\\\/arquivo\\\/#website\"},\"breadcrumb\":{\"@id\":\"https:\\\/\\\/www.jornalja.com.br\\\/arquivo\\\/cavalo-de-troia-da-cultura-faz-manifestacao-dentro-do-palacio-piratini-2\\\/#breadcrumblist\"},\"author\":{\"@id\":\"https:\\\/\\\/www.jornalja.com.br\\\/arquivo\\\/author\\\/daredacao\\\/#author\"},\"creator\":{\"@id\":\"https:\\\/\\\/www.jornalja.com.br\\\/arquivo\\\/author\\\/daredacao\\\/#author\"},\"image\":{\"@type\":\"ImageObject\",\"url\":58474,\"@id\":\"https:\\\/\\\/www.jornalja.com.br\\\/arquivo\\\/cavalo-de-troia-da-cultura-faz-manifestacao-dentro-do-palacio-piratini-2\\\/#mainImage\"},\"primaryImageOfPage\":{\"@id\":\"https:\\\/\\\/www.jornalja.com.br\\\/arquivo\\\/cavalo-de-troia-da-cultura-faz-manifestacao-dentro-do-palacio-piratini-2\\\/#mainImage\"},\"datePublished\":\"2017-12-20T13:36:58-02:00\",\"dateModified\":\"2017-12-20T13:36:58-02:00\"},{\"@type\":\"WebSite\",\"@id\":\"https:\\\/\\\/www.jornalja.com.br\\\/arquivo\\\/#website\",\"url\":\"https:\\\/\\\/www.jornalja.com.br\\\/arquivo\\\/\",\"name\":\"Arquivo\",\"description\":\"Jornal J\\u00c1 | Porto Alegre\",\"inLanguage\":\"pt-BR\",\"publisher\":{\"@id\":\"https:\\\/\\\/www.jornalja.com.br\\\/arquivo\\\/#organization\"}}]}\n\t\t<\/script>\n\t\t<!-- All in One SEO -->\n\n","aioseo_head_json":{"title":"\u201cCavalo de Tr\u00f3ia da cultura\u201d faz manifesta\u00e7\u00e3o dentro do Pal\u00e1cio Piratini | Arquivo","description":"","canonical_url":"https:\/\/www.jornalja.com.br\/arquivo\/cavalo-de-troia-da-cultura-faz-manifestacao-dentro-do-palacio-piratini-2\/","robots":"max-image-preview:large","keywords":"","webmasterTools":{"miscellaneous":""},"schema":{"@context":"https:\/\/schema.org","@graph":[{"@type":"BlogPosting","@id":"https:\/\/www.jornalja.com.br\/arquivo\/cavalo-de-troia-da-cultura-faz-manifestacao-dentro-do-palacio-piratini-2\/#blogposting","name":"\u201cCavalo de Tr\u00f3ia da cultura\u201d faz manifesta\u00e7\u00e3o dentro do Pal\u00e1cio Piratini | Arquivo","headline":"\u201cCavalo de Tr\u00f3ia da cultura\u201d faz manifesta\u00e7\u00e3o dentro do Pal\u00e1cio Piratini","author":{"@id":"https:\/\/www.jornalja.com.br\/arquivo\/author\/daredacao\/#author"},"publisher":{"@id":"https:\/\/www.jornalja.com.br\/arquivo\/#organization"},"image":{"@type":"ImageObject","url":58474},"datePublished":"2017-12-20T13:36:58-02:00","dateModified":"2017-12-20T13:36:58-02:00","inLanguage":"pt-BR","commentCount":1,"mainEntityOfPage":{"@id":"https:\/\/www.jornalja.com.br\/arquivo\/cavalo-de-troia-da-cultura-faz-manifestacao-dentro-do-palacio-piratini-2\/#webpage"},"isPartOf":{"@id":"https:\/\/www.jornalja.com.br\/arquivo\/cavalo-de-troia-da-cultura-faz-manifestacao-dentro-do-palacio-piratini-2\/#webpage"},"articleSection":"Geral"},{"@type":"BreadcrumbList","@id":"https:\/\/www.jornalja.com.br\/arquivo\/cavalo-de-troia-da-cultura-faz-manifestacao-dentro-do-palacio-piratini-2\/#breadcrumblist","itemListElement":[{"@type":"ListItem","@id":"https:\/\/www.jornalja.com.br\/arquivo#listItem","position":1,"name":"Home","item":"https:\/\/www.jornalja.com.br\/arquivo","nextItem":{"@type":"ListItem","@id":"https:\/\/www.jornalja.com.br\/arquivo\/category\/geral\/#listItem","name":"Geral"}},{"@type":"ListItem","@id":"https:\/\/www.jornalja.com.br\/arquivo\/category\/geral\/#listItem","position":2,"name":"Geral","item":"https:\/\/www.jornalja.com.br\/arquivo\/category\/geral\/","nextItem":{"@type":"ListItem","@id":"https:\/\/www.jornalja.com.br\/arquivo\/cavalo-de-troia-da-cultura-faz-manifestacao-dentro-do-palacio-piratini-2\/#listItem","name":"\u201cCavalo de Tr\u00f3ia da cultura\u201d faz manifesta\u00e7\u00e3o dentro do Pal\u00e1cio Piratini"},"previousItem":{"@type":"ListItem","@id":"https:\/\/www.jornalja.com.br\/arquivo#listItem","name":"Home"}},{"@type":"ListItem","@id":"https:\/\/www.jornalja.com.br\/arquivo\/cavalo-de-troia-da-cultura-faz-manifestacao-dentro-do-palacio-piratini-2\/#listItem","position":3,"name":"\u201cCavalo de Tr\u00f3ia da cultura\u201d faz manifesta\u00e7\u00e3o dentro do Pal\u00e1cio Piratini","previousItem":{"@type":"ListItem","@id":"https:\/\/www.jornalja.com.br\/arquivo\/category\/geral\/#listItem","name":"Geral"}}]},{"@type":"Organization","@id":"https:\/\/www.jornalja.com.br\/arquivo\/#organization","name":"Jornal J\u00c1","description":"Jornal J\u00c1 | Porto Alegre","url":"https:\/\/www.jornalja.com.br\/arquivo\/","telephone":"+555133307272","logo":{"@type":"ImageObject","url":"https:\/\/www.jornalja.com.br\/wp-content\/uploads\/cards\/JAslogan.png","@id":"https:\/\/www.jornalja.com.br\/arquivo\/cavalo-de-troia-da-cultura-faz-manifestacao-dentro-do-palacio-piratini-2\/#organizationLogo"},"image":{"@id":"https:\/\/www.jornalja.com.br\/arquivo\/cavalo-de-troia-da-cultura-faz-manifestacao-dentro-do-palacio-piratini-2\/#organizationLogo"}},{"@type":"Person","@id":"https:\/\/www.jornalja.com.br\/arquivo\/author\/daredacao\/#author","url":"https:\/\/www.jornalja.com.br\/arquivo\/author\/daredacao\/","name":"da Reda\u00e7\u00e3o","image":{"@type":"ImageObject","@id":"https:\/\/www.jornalja.com.br\/arquivo\/cavalo-de-troia-da-cultura-faz-manifestacao-dentro-do-palacio-piratini-2\/#authorImage","url":"https:\/\/secure.gravatar.com\/avatar\/469fd857d6605ad19919d27ed29d35a968a25f6e8fd9318356bbb7f57aae9c65?s=96&d=mm&r=g","width":96,"height":96,"caption":"da Reda\u00e7\u00e3o"}},{"@type":"WebPage","@id":"https:\/\/www.jornalja.com.br\/arquivo\/cavalo-de-troia-da-cultura-faz-manifestacao-dentro-do-palacio-piratini-2\/#webpage","url":"https:\/\/www.jornalja.com.br\/arquivo\/cavalo-de-troia-da-cultura-faz-manifestacao-dentro-do-palacio-piratini-2\/","name":"\u201cCavalo de Tr\u00f3ia da cultura\u201d faz manifesta\u00e7\u00e3o dentro do Pal\u00e1cio Piratini | Arquivo","inLanguage":"pt-BR","isPartOf":{"@id":"https:\/\/www.jornalja.com.br\/arquivo\/#website"},"breadcrumb":{"@id":"https:\/\/www.jornalja.com.br\/arquivo\/cavalo-de-troia-da-cultura-faz-manifestacao-dentro-do-palacio-piratini-2\/#breadcrumblist"},"author":{"@id":"https:\/\/www.jornalja.com.br\/arquivo\/author\/daredacao\/#author"},"creator":{"@id":"https:\/\/www.jornalja.com.br\/arquivo\/author\/daredacao\/#author"},"image":{"@type":"ImageObject","url":58474,"@id":"https:\/\/www.jornalja.com.br\/arquivo\/cavalo-de-troia-da-cultura-faz-manifestacao-dentro-do-palacio-piratini-2\/#mainImage"},"primaryImageOfPage":{"@id":"https:\/\/www.jornalja.com.br\/arquivo\/cavalo-de-troia-da-cultura-faz-manifestacao-dentro-do-palacio-piratini-2\/#mainImage"},"datePublished":"2017-12-20T13:36:58-02:00","dateModified":"2017-12-20T13:36:58-02:00"},{"@type":"WebSite","@id":"https:\/\/www.jornalja.com.br\/arquivo\/#website","url":"https:\/\/www.jornalja.com.br\/arquivo\/","name":"Arquivo","description":"Jornal J\u00c1 | Porto Alegre","inLanguage":"pt-BR","publisher":{"@id":"https:\/\/www.jornalja.com.br\/arquivo\/#organization"}}]},"og:locale":"pt_BR","og:site_name":"Arquivo | Jornal J\u00c1 | Porto Alegre","og:type":"article","og:title":"\u201cCavalo de Tr\u00f3ia da cultura\u201d faz manifesta\u00e7\u00e3o dentro do Pal\u00e1cio Piratini | Arquivo","og:url":"https:\/\/www.jornalja.com.br\/arquivo\/cavalo-de-troia-da-cultura-faz-manifestacao-dentro-do-palacio-piratini-2\/","og:image":"https:\/\/www.jornalja.com.br\/wp-content\/uploads\/2017\/12\/DSC_0795-2.jpg","og:image:secure_url":"https:\/\/www.jornalja.com.br\/wp-content\/uploads\/2017\/12\/DSC_0795-2.jpg","article:published_time":"2017-12-20T15:36:58+00:00","article:modified_time":"2017-12-20T15:36:58+00:00","twitter:card":"summary","twitter:title":"\u201cCavalo de Tr\u00f3ia da cultura\u201d faz manifesta\u00e7\u00e3o dentro do Pal\u00e1cio Piratini | Arquivo","twitter:image":"https:\/\/www.jornalja.com.br\/economics\/wp-content\/uploads\/sites\/11\/2026\/08\/ja-folhaderosto-facebook.jpg"},"aioseo_meta_data":{"post_id":"58465","title":null,"description":null,"keywords":null,"keyphrases":null,"primary_term":null,"canonical_url":null,"og_title":null,"og_description":null,"og_object_type":"default","og_image_type":"default","og_image_url":null,"og_image_width":null,"og_image_height":null,"og_image_custom_url":null,"og_image_custom_fields":null,"og_video":null,"og_custom_url":null,"og_article_section":null,"og_article_tags":null,"twitter_use_og":false,"twitter_card":"default","twitter_image_type":"default","twitter_image_url":null,"twitter_image_custom_url":null,"twitter_image_custom_fields":null,"twitter_title":null,"twitter_description":null,"schema":{"blockGraphs":[],"customGraphs":[],"default":{"data":{"Article":[],"Course":[],"Dataset":[],"FAQPage":[],"Movie":[],"Person":[],"Product":[],"ProductReview":[],"Car":[],"Recipe":[],"Service":[],"SoftwareApplication":[],"WebPage":[]},"graphName":"","isEnabled":true},"graphs":[],"defaultGraph":"","defaultPostTypeGraph":""},"schema_type":null,"schema_type_options":null,"pillar_content":false,"robots_default":true,"robots_noindex":false,"robots_noarchive":false,"robots_nosnippet":false,"robots_nofollow":false,"robots_noimageindex":false,"robots_noodp":false,"robots_notranslate":false,"robots_max_snippet":null,"robots_max_videopreview":null,"robots_max_imagepreview":"large","priority":null,"frequency":null,"location":null,"local_seo":null,"breadcrumb_settings":null,"limit_modified_date":false,"ai":null,"created":"2020-12-20 20:18:57","updated":"2025-07-20 02:57:29","seo_analyzer_scan_date":null,"focus_keyword":null,"additional_keywords":null,"truseo_locale":null},"jetpack_sharing_enabled":true,"jetpack-related-posts":[{"id":13124,"url":"https:\/\/www.jornalja.com.br\/arquivo\/sangue-latino-no-iecine\/","url_meta":{"origin":58465,"position":0},"title":"Sangue latino no IECINE","author":"da Reda\u00e7\u00e3o","date":"18 de maio de 2014","format":false,"excerpt":"Francisco Ribeiro O Instituto Estadual de Cinema (IECINE) tem a frente, desde abril \u00faltimo, um novo diretor, o cineasta colombiano Juan Zapata, 36, que substitui Luiz Alberto Cassol. Radicado h\u00e1 dez anos em Porto Alegre, Zapata tem diante de si o desafio de conduzir at\u00e9 o final do ano um\u2026","rel":"","context":"Em &quot;Cultura-Geral&quot;","block_context":{"text":"Cultura-Geral","link":"https:\/\/www.jornalja.com.br\/arquivo\/category\/materiasecundaria\/"},"img":{"alt_text":"","src":"","width":0,"height":0},"classes":[]},{"id":5440,"url":"https:\/\/www.jornalja.com.br\/arquivo\/casarao-da-venancio-destino-permanece-incerto\/","url_meta":{"origin":58465,"position":1},"title":"Estado ainda n\u00e3o sabe o que fazer com casar\u00e3o abandonado h\u00e1 20 anos","author":"Elmar Bones","date":"6 de julho de 2009","format":false,"excerpt":"O casar\u00e3o amarelo, numa esquina nobre de Porto Alegre (Ven\u00e2ncio Aires com Jo\u00e3o Pessoa), j\u00e1 abrigou uma escola. H\u00e1 duas d\u00e9cadas, pelo menos, est\u00e1 abandonado, porque seu propriet\u00e1rio, o governo do Estado do Rio Grande do Sul, n\u00e3o consegue achar um destino para ele. Planos n\u00e3o faltaram. O governador Ol\u00edvio\u2026","rel":"","context":"Em &quot;X.Categorias velhas&quot;","block_context":{"text":"X.Categorias velhas","link":"https:\/\/www.jornalja.com.br\/arquivo\/category\/x-categorias-velhas\/"},"img":{"alt_text":"geraldo1","src":"https:\/\/i0.wp.com\/www.jornalja.com.br\/wp-content\/uploads\/2009\/07\/geraldo1.jpg?resize=350%2C200&ssl=1","width":350,"height":200},"classes":[]},{"id":13240,"url":"https:\/\/www.jornalja.com.br\/arquivo\/plano-diretor-estamos-construindo-o-caos\/","url_meta":{"origin":58465,"position":2},"title":"Plano diretor: &quot;Estamos construindo o caos&quot;","author":"Patr\u00edcia Marini","date":"26 de maio de 2014","format":false,"excerpt":"Desabafo que arquiteta Eliana Castilhos, delegada da Regi\u00e3o de Planejamento 1, postou nas redes sociais \u00e9 um testemunho do ambiente que se criou no Conselho do Plano Diretor de Porto Alegre, onde a aprova\u00e7\u00e3o de grandes empreendimentos \u00e9 empurrada guela abaixo dos conselheiros. Ao CMDUA Como delegada da Regi\u00e3o de\u2026","rel":"","context":"Em &quot;Geral&quot;","block_context":{"text":"Geral","link":"https:\/\/www.jornalja.com.br\/arquivo\/category\/geral\/"},"img":{"alt_text":"","src":"","width":0,"height":0},"classes":[]},{"id":14241,"url":"https:\/\/www.jornalja.com.br\/arquivo\/o-guaiba-nas-imagens-poeticas-de-achutti\/","url_meta":{"origin":58465,"position":3},"title":"O Gua\u00edba nas imagens po\u00e9ticas de Achutti","author":"da Reda\u00e7\u00e3o","date":"18 de junho de 2014","format":false,"excerpt":"Em \u201cO Gua\u00edba por Achutti\u201d \u2013 obra financiada via Minist\u00e9rio da Cultura, produ\u00e7\u00e3o executiva de Pedro Longhi, e Fl\u00e1vio Wild como designer \u2013, o fot\u00f3grafo revela a beleza e as mazelas de um espa\u00e7o aqu\u00e1tico de \u00e1guas sempre renovadas, cheio de hist\u00f3rias e lendas como as das cidades que foram\u2026","rel":"","context":"Em &quot;Cultura-Geral&quot;","block_context":{"text":"Cultura-Geral","link":"https:\/\/www.jornalja.com.br\/arquivo\/category\/materiasecundaria\/"},"img":{"alt_text":"","src":"","width":0,"height":0},"classes":[]},{"id":13239,"url":"https:\/\/www.jornalja.com.br\/arquivo\/conselho-desdenha-do-plano-diretor\/","url_meta":{"origin":58465,"position":4},"title":"Porto Alegre: Conselho detona Plano Diretor","author":"Patr\u00edcia Marini","date":"25 de maio de 2014","format":false,"excerpt":"Den\u00fancia do arquiteto e \u00a0urbanista Ibir\u00e1 Santos Lucas. Ele diz que os conselheiros est\u00e3o votando com \"enorme irresponsabilidade\". \"Mudam regime com a maior naturalidade,,,regularizam absurdos de constru\u00e7\u00f5es irregulares... \"O CMDUA est\u00e1 flexibilizando a lei do plano diretor, de uma forma impactante na vida da cidade. Mudam regime com a maior\u2026","rel":"","context":"Em &quot;Geral&quot;","block_context":{"text":"Geral","link":"https:\/\/www.jornalja.com.br\/arquivo\/category\/geral\/"},"img":{"alt_text":"","src":"","width":0,"height":0},"classes":[]}],"jetpack_shortlink":"https:\/\/wp.me\/pbQjBd-fcZ","jetpack_featured_media_url":"","_links":{"self":[{"href":"https:\/\/www.jornalja.com.br\/arquivo\/wp-json\/wp\/v2\/posts\/58465","targetHints":{"allow":["GET"]}}],"collection":[{"href":"https:\/\/www.jornalja.com.br\/arquivo\/wp-json\/wp\/v2\/posts"}],"about":[{"href":"https:\/\/www.jornalja.com.br\/arquivo\/wp-json\/wp\/v2\/types\/post"}],"author":[{"embeddable":true,"href":"https:\/\/www.jornalja.com.br\/arquivo\/wp-json\/wp\/v2\/users\/4"}],"replies":[{"embeddable":true,"href":"https:\/\/www.jornalja.com.br\/arquivo\/wp-json\/wp\/v2\/comments?post=58465"}],"version-history":[{"count":0,"href":"https:\/\/www.jornalja.com.br\/arquivo\/wp-json\/wp\/v2\/posts\/58465\/revisions"}],"wp:attachment":[{"href":"https:\/\/www.jornalja.com.br\/arquivo\/wp-json\/wp\/v2\/media?parent=58465"}],"wp:term":[{"taxonomy":"category","embeddable":true,"href":"https:\/\/www.jornalja.com.br\/arquivo\/wp-json\/wp\/v2\/categories?post=58465"},{"taxonomy":"post_tag","embeddable":true,"href":"https:\/\/www.jornalja.com.br\/arquivo\/wp-json\/wp\/v2\/tags?post=58465"}],"curies":[{"name":"wp","href":"https:\/\/api.w.org\/{rel}","templated":true}]}}