{"id":58484,"date":"2017-12-21T12:11:06","date_gmt":"2017-12-21T14:11:06","guid":{"rendered":"https:\/\/www.jornalja.com.br\/?p=58484"},"modified":"2017-12-21T12:11:06","modified_gmt":"2017-12-21T14:11:06","slug":"aprovada-lei-que-preve-pesadas-multas-a-manifestacoes-que-nao-tiverem-autorizacao-do-governo","status":"publish","type":"post","link":"https:\/\/www.jornalja.com.br\/arquivo\/aprovada-lei-que-preve-pesadas-multas-a-manifestacoes-que-nao-tiverem-autorizacao-do-governo\/","title":{"rendered":"Aprovada lei que prev\u00ea pesadas multas a manifesta\u00e7\u00f5es que n\u00e3o tiverem autoriza\u00e7\u00e3o do governo"},"content":{"rendered":"<p><span class=\"assina\">FELIPE UHR<\/span><br \/>\nO rel\u00f3gio marcava 22h40 de quarta-feira (20\/12), quando por 23 votos a oito a C\u00e2mara Municipal de Porto Alegre aprovou o Projeto de Lei Complementar\u00a0006\/17, do Executivo, que altera atribui\u00e7\u00f5es da Guarda Municipal e quatro artigos da Lei Complementar N\u00ba 12 de 1975, sobre o c\u00f3digo de condutas.<br \/>\nA \u201cLei Antivandalismo\u201d (chamado assim pelo governo) prev\u00ea multa de at\u00e9 R$ 395 mil\u00a0 para quem \u201cembara\u00e7ar ou impedir, por qualquer meio, o livre tr\u00e2nsito de pedestres ou ve\u00edculos nos logradouros p\u00fablicos\u201d.<br \/>\nO artigo pode atingir manifesta\u00e7\u00f5es de rua a at\u00e9 mesmo blocos de carnaval. Esta \u00e9 a maior multa prevista, mesmo valor que se aplica a quem \u201ccausar dano ao patrim\u00f4nio p\u00fablico municipal\u201d. Anteriormente a multa m\u00e1xima aplicada n\u00e3o ultrapassava R$ 100.<br \/>\nQuando protocolou o projeto no Legislativo, em maio deste ano,\u00a0Marchezan defendeu a necessidade de \u201ccoibir retrocessos na conduta dos cidad\u00e3os\u201d e citou como retrocessos o aumento na ocupa\u00e7\u00e3o de espa\u00e7os p\u00fablicos, a pr\u00e1tica de necessidades fisiol\u00f3gicas e, principalmente, a picha\u00e7\u00e3o.<br \/>\nA proposta tamb\u00e9m cria a possibilidade de que multas sejam emitidas a partir de den\u00fancias feitas por qualquer cidad\u00e3o, por internet ou telefone. Tamb\u00e9m s\u00e3o alteradas fun\u00e7\u00f5es desempenhadas pela Guarda Municipal, que passa a colaborar com a fiscaliza\u00e7\u00e3o.<br \/>\nFica assegurado \u00e0\u00a0guarda o direito\u00a0de garantir o acesso universal ao uso dos espa\u00e7os p\u00fablicos, discipline o dever do Poder P\u00fablico e da popula\u00e7\u00e3o, de conserva\u00e7\u00e3o dos espa\u00e7os p\u00fablicos em boas condi\u00e7\u00f5es de uso e frui\u00e7\u00e3o; e ainda promova a responsabiliza\u00e7\u00e3o dos infratores pelos danos causados \u00e0 frui\u00e7\u00e3o do espa\u00e7o p\u00fablico, ao patrim\u00f4nio e ao meio ambiente; e fomente o com\u00e9rcio da capital e o empreendedorismo.<br \/>\nVereadores contra o projeto, como a l\u00edder da oposi\u00e7\u00e3o Fernanda Melchionna (PSOL), acusaram o governo de usar a Guarda Municipal como pretexto para coibir manifesta\u00e7\u00f5es e protestos que possam vir acontecer contra o governo: &#8220;esta PLC \u00e9 na verdade contra os movimentos sociais que protestam contra este governo. Em nada melhora a seguran\u00e7a da cidade e sim aumenta as atribui\u00e7\u00f5es da Guarda sem nem ao menos compensar financeiramente a categoria.&#8221;<br \/>\nO l\u00edder do Governo, o vereador Mois\u00e9s Barboza (PSDB), admitiu o aumento das compet\u00eancias da Guarda, principalmente para combater o com\u00e9rcio irregular no Centro da Capital e comemorou o resultado do pleito: &#8220;As manifesta\u00e7\u00f5es n\u00e3o est\u00e3o proibidas, mas devem haver regramentos&#8221;.<br \/>\n<span class=\"intertit\">Dispositivos da Lei podem ser considerados inconstitucionais\u00a0<\/span><br \/>\nA nova lei altera diversos artigos e dispositivos da Lei Complementar 12 de 1975. Implementada durante a Ditadura, esta lei prev\u00ea regramentos em logradouros p\u00fablicos. V\u00e1rios vereadores e assessores parlamentares argumentaram dizendo que os artigos 18 e 20, alterados na sess\u00e3o de hoje, j\u00e1 s\u00e3o inconstitucionais, pois confrontam o inciso XVI do art.5 da Constitui\u00e7\u00e3o de 1988 que diz que &#8220;todos podem reunir-se pacificamente, sem armas, em locais abertos ao p\u00fablico, independentemente de autoriza\u00e7\u00e3o, desde que n\u00e3o frustrem outra reuni\u00e3o anteriormente convocada para o mesmo local, sendo apenas exigido pr\u00e9vio aviso \u00e0 autoridade competente&#8221;.<br \/>\nA oposi\u00e7\u00e3o n\u00e3o confirmou, mas, pode entrar na justi\u00e7a alegando inconstitucionalidade no projeto aprovado nesta quarta-feira.<br \/>\nConfira como votou cada vereador:<br \/>\nAdeli Sell (PT) &#8211; N\u00e3o<br \/>\nAirto Ferronato (PSB) &#8211; Ausente<br \/>\nAldacir Oliboni (PT) &#8211; Ausente<br \/>\nAlvoni Medina (PRB) &#8211; Sim<br \/>\nAndr\u00e9 Car\u00fas (PMDB) &#8211; Sim<br \/>\nCassi\u00e1 Carpes (PP) &#8211; Sim<br \/>\nCassio Trogildo (PTB) &#8211; Sim<br \/>\nCl\u00e0udio Janta (SDD) &#8211; N\u00e3o<br \/>\nComandante N\u00e1dia (PMDB) &#8211; Sim<br \/>\nDr. Goulart (PTB) &#8211; Sim<br \/>\nDr. Thiago (DEM) &#8211; Ausente<br \/>\nFelipe Camozzato (NOVO) &#8211; Sim<br \/>\nFernanda Melchionna (PSOL) &#8211; N\u00e3o<br \/>\nGilson Padeiro (PPS) &#8211; Sim<br \/>\nIdenir Cecchim (PMDB) &#8211; Sim<br \/>\nJo\u00e3o Bosco Vaz (PDT) &#8211; N\u00e3o<br \/>\nJo\u00e3o Carlos Nedel (PP) &#8211; Sim<br \/>\nJos\u00e9 Freitas (PRB) &#8211; Sim<br \/>\nLuciano Marcantonio (PTB) &#8211; Sim<br \/>\nMarcelo Sgarbossa (PT) &#8211; N\u00e3o<br \/>\nM\u00e1rcio Bins Ely (PDT) &#8211; Sim<br \/>\nMauro Pinheiro (REDE) &#8211; Sim<br \/>\nMauro Zacher (PDT) &#8211; Ausente<br \/>\nMendes Ribeiro (PMDB) &#8211; Sim<br \/>\nMois\u00e9s Maluco do Bem (PSDB) &#8211; Sim<br \/>\nMonica Leal (PP) &#8211; Sim<br \/>\nPaulinho Motorista (PSB) &#8211; Absten\u00e7\u00e3o<br \/>\nPaulo Brum (PTB) &#8211; Sim<br \/>\nProfessor Alex Fraga (PSOL) &#8211; N\u00e3o<br \/>\nReginaldo Pujol (DEM) &#8211; Sim<br \/>\nRicardo Gomes (PP) &#8211; Sim<br \/>\nRoberto Robaina (PSOL) &#8211; N\u00e3o<br \/>\nRodrigo Maroni (PODE) &#8211; Sim<br \/>\nSofia Cavedon (PT) &#8211; N\u00e3o<br \/>\nTarciso Flecha Negra (PSD) &#8211; Sim<br \/>\nValter Nagelstein (PMDB)\u00a0&#8211; Sim<br \/>\n&nbsp;<\/p>\n","protected":false},"excerpt":{"rendered":"<p>FELIPE UHR O rel\u00f3gio marcava 22h40 de quarta-feira (20\/12), quando por 23 votos a oito a C\u00e2mara Municipal de Porto Alegre aprovou o Projeto de Lei Complementar\u00a0006\/17, do Executivo, que altera atribui\u00e7\u00f5es da Guarda Municipal e quatro artigos da Lei Complementar N\u00ba 12 de 1975, sobre o c\u00f3digo de condutas. A \u201cLei Antivandalismo\u201d (chamado assim [&hellip;]<\/p>\n","protected":false},"author":4,"featured_media":58490,"comment_status":"open","ping_status":"closed","sticky":false,"template":"","format":"standard","meta":{"_jetpack_newsletter_access":"","_jetpack_dont_email_post_to_subs":false,"_jetpack_newsletter_tier_id":0,"_jetpack_memberships_contains_paywalled_content":false,"_jetpack_feature_clip_id":0,"_jetpack_memberships_contains_paid_content":false,"footnotes":"","jetpack_post_was_ever_published":false},"categories":[26],"tags":[],"class_list":["post-58484","post","type-post","status-publish","format-standard","has-post-thumbnail","hentry","category-geral"],"aioseo_notices":[],"aioseo_head":"\n\t\t<!-- All in One SEO 5.0.1.1 - aioseo.com -->\n\t<meta name=\"robots\" content=\"max-image-preview:large\" \/>\n\t<meta name=\"author\" content=\"da Reda\u00e7\u00e3o\"\/>\n\t<link rel=\"canonical\" href=\"https:\/\/www.jornalja.com.br\/arquivo\/aprovada-lei-que-preve-pesadas-multas-a-manifestacoes-que-nao-tiverem-autorizacao-do-governo\/\" \/>\n\t<meta name=\"generator\" content=\"All in One SEO (AIOSEO) 5.0.1.1\" \/>\n\t\t<meta property=\"og:locale\" content=\"pt_BR\" \/>\n\t\t<meta property=\"og:site_name\" content=\"Arquivo | Jornal J\u00c1 | Porto Alegre\" \/>\n\t\t<meta property=\"og:type\" content=\"article\" \/>\n\t\t<meta property=\"og:title\" content=\"Aprovada lei que prev\u00ea pesadas multas a manifesta\u00e7\u00f5es que n\u00e3o tiverem autoriza\u00e7\u00e3o do governo | Arquivo\" \/>\n\t\t<meta property=\"og:url\" content=\"https:\/\/www.jornalja.com.br\/arquivo\/aprovada-lei-que-preve-pesadas-multas-a-manifestacoes-que-nao-tiverem-autorizacao-do-governo\/\" \/>\n\t\t<meta property=\"og:image\" content=\"https:\/\/www.jornalja.com.br\/economics\/wp-content\/uploads\/sites\/11\/2026\/08\/ja-folhaderosto-facebook.jpg\" \/>\n\t\t<meta property=\"og:image:secure_url\" content=\"https:\/\/www.jornalja.com.br\/economics\/wp-content\/uploads\/sites\/11\/2026\/08\/ja-folhaderosto-facebook.jpg\" \/>\n\t\t<meta property=\"article:published_time\" content=\"2017-12-21T14:11:06+00:00\" \/>\n\t\t<meta property=\"article:modified_time\" content=\"2017-12-21T14:11:06+00:00\" \/>\n\t\t<meta name=\"twitter:card\" content=\"summary\" \/>\n\t\t<meta name=\"twitter:title\" content=\"Aprovada lei que prev\u00ea pesadas multas a manifesta\u00e7\u00f5es que n\u00e3o tiverem autoriza\u00e7\u00e3o do governo | Arquivo\" \/>\n\t\t<meta name=\"twitter:image\" content=\"https:\/\/www.jornalja.com.br\/economics\/wp-content\/uploads\/sites\/11\/2026\/08\/ja-folhaderosto-facebook.jpg\" \/>\n\t\t<script type=\"application\/ld+json\" class=\"aioseo-schema\">\n\t\t\t{\"@context\":\"https:\\\/\\\/schema.org\",\"@graph\":[{\"@type\":\"BlogPosting\",\"@id\":\"https:\\\/\\\/www.jornalja.com.br\\\/arquivo\\\/aprovada-lei-que-preve-pesadas-multas-a-manifestacoes-que-nao-tiverem-autorizacao-do-governo\\\/#blogposting\",\"name\":\"Aprovada lei que prev\\u00ea pesadas multas a manifesta\\u00e7\\u00f5es que n\\u00e3o tiverem autoriza\\u00e7\\u00e3o do governo | Arquivo\",\"headline\":\"Aprovada lei que prev\\u00ea pesadas multas a manifesta\\u00e7\\u00f5es que n\\u00e3o tiverem autoriza\\u00e7\\u00e3o do governo\",\"author\":{\"@id\":\"https:\\\/\\\/www.jornalja.com.br\\\/arquivo\\\/author\\\/daredacao\\\/#author\"},\"publisher\":{\"@id\":\"https:\\\/\\\/www.jornalja.com.br\\\/arquivo\\\/#organization\"},\"image\":{\"@type\":\"ImageObject\",\"url\":58490},\"datePublished\":\"2017-12-21T12:11:06-02:00\",\"dateModified\":\"2017-12-21T12:11:06-02:00\",\"inLanguage\":\"pt-BR\",\"commentCount\":9,\"mainEntityOfPage\":{\"@id\":\"https:\\\/\\\/www.jornalja.com.br\\\/arquivo\\\/aprovada-lei-que-preve-pesadas-multas-a-manifestacoes-que-nao-tiverem-autorizacao-do-governo\\\/#webpage\"},\"isPartOf\":{\"@id\":\"https:\\\/\\\/www.jornalja.com.br\\\/arquivo\\\/aprovada-lei-que-preve-pesadas-multas-a-manifestacoes-que-nao-tiverem-autorizacao-do-governo\\\/#webpage\"},\"articleSection\":\"Geral\"},{\"@type\":\"BreadcrumbList\",\"@id\":\"https:\\\/\\\/www.jornalja.com.br\\\/arquivo\\\/aprovada-lei-que-preve-pesadas-multas-a-manifestacoes-que-nao-tiverem-autorizacao-do-governo\\\/#breadcrumblist\",\"itemListElement\":[{\"@type\":\"ListItem\",\"@id\":\"https:\\\/\\\/www.jornalja.com.br\\\/arquivo#listItem\",\"position\":1,\"name\":\"Home\",\"item\":\"https:\\\/\\\/www.jornalja.com.br\\\/arquivo\",\"nextItem\":{\"@type\":\"ListItem\",\"@id\":\"https:\\\/\\\/www.jornalja.com.br\\\/arquivo\\\/category\\\/geral\\\/#listItem\",\"name\":\"Geral\"}},{\"@type\":\"ListItem\",\"@id\":\"https:\\\/\\\/www.jornalja.com.br\\\/arquivo\\\/category\\\/geral\\\/#listItem\",\"position\":2,\"name\":\"Geral\",\"item\":\"https:\\\/\\\/www.jornalja.com.br\\\/arquivo\\\/category\\\/geral\\\/\",\"nextItem\":{\"@type\":\"ListItem\",\"@id\":\"https:\\\/\\\/www.jornalja.com.br\\\/arquivo\\\/aprovada-lei-que-preve-pesadas-multas-a-manifestacoes-que-nao-tiverem-autorizacao-do-governo\\\/#listItem\",\"name\":\"Aprovada lei que prev\\u00ea pesadas multas a manifesta\\u00e7\\u00f5es que n\\u00e3o tiverem autoriza\\u00e7\\u00e3o do governo\"},\"previousItem\":{\"@type\":\"ListItem\",\"@id\":\"https:\\\/\\\/www.jornalja.com.br\\\/arquivo#listItem\",\"name\":\"Home\"}},{\"@type\":\"ListItem\",\"@id\":\"https:\\\/\\\/www.jornalja.com.br\\\/arquivo\\\/aprovada-lei-que-preve-pesadas-multas-a-manifestacoes-que-nao-tiverem-autorizacao-do-governo\\\/#listItem\",\"position\":3,\"name\":\"Aprovada lei que prev\\u00ea pesadas multas a manifesta\\u00e7\\u00f5es que n\\u00e3o tiverem autoriza\\u00e7\\u00e3o do governo\",\"previousItem\":{\"@type\":\"ListItem\",\"@id\":\"https:\\\/\\\/www.jornalja.com.br\\\/arquivo\\\/category\\\/geral\\\/#listItem\",\"name\":\"Geral\"}}]},{\"@type\":\"Organization\",\"@id\":\"https:\\\/\\\/www.jornalja.com.br\\\/arquivo\\\/#organization\",\"name\":\"Jornal J\\u00c1\",\"description\":\"Jornal J\\u00c1 | Porto Alegre\",\"url\":\"https:\\\/\\\/www.jornalja.com.br\\\/arquivo\\\/\",\"telephone\":\"+555133307272\",\"logo\":{\"@type\":\"ImageObject\",\"url\":\"https:\\\/\\\/www.jornalja.com.br\\\/wp-content\\\/uploads\\\/cards\\\/JAslogan.png\",\"@id\":\"https:\\\/\\\/www.jornalja.com.br\\\/arquivo\\\/aprovada-lei-que-preve-pesadas-multas-a-manifestacoes-que-nao-tiverem-autorizacao-do-governo\\\/#organizationLogo\"},\"image\":{\"@id\":\"https:\\\/\\\/www.jornalja.com.br\\\/arquivo\\\/aprovada-lei-que-preve-pesadas-multas-a-manifestacoes-que-nao-tiverem-autorizacao-do-governo\\\/#organizationLogo\"}},{\"@type\":\"Person\",\"@id\":\"https:\\\/\\\/www.jornalja.com.br\\\/arquivo\\\/author\\\/daredacao\\\/#author\",\"url\":\"https:\\\/\\\/www.jornalja.com.br\\\/arquivo\\\/author\\\/daredacao\\\/\",\"name\":\"da Reda\\u00e7\\u00e3o\",\"image\":{\"@type\":\"ImageObject\",\"@id\":\"https:\\\/\\\/www.jornalja.com.br\\\/arquivo\\\/aprovada-lei-que-preve-pesadas-multas-a-manifestacoes-que-nao-tiverem-autorizacao-do-governo\\\/#authorImage\",\"url\":\"https:\\\/\\\/secure.gravatar.com\\\/avatar\\\/469fd857d6605ad19919d27ed29d35a968a25f6e8fd9318356bbb7f57aae9c65?s=96&d=mm&r=g\",\"width\":96,\"height\":96,\"caption\":\"da Reda\\u00e7\\u00e3o\"}},{\"@type\":\"WebPage\",\"@id\":\"https:\\\/\\\/www.jornalja.com.br\\\/arquivo\\\/aprovada-lei-que-preve-pesadas-multas-a-manifestacoes-que-nao-tiverem-autorizacao-do-governo\\\/#webpage\",\"url\":\"https:\\\/\\\/www.jornalja.com.br\\\/arquivo\\\/aprovada-lei-que-preve-pesadas-multas-a-manifestacoes-que-nao-tiverem-autorizacao-do-governo\\\/\",\"name\":\"Aprovada lei que prev\\u00ea pesadas multas a manifesta\\u00e7\\u00f5es que n\\u00e3o tiverem autoriza\\u00e7\\u00e3o do governo | Arquivo\",\"inLanguage\":\"pt-BR\",\"isPartOf\":{\"@id\":\"https:\\\/\\\/www.jornalja.com.br\\\/arquivo\\\/#website\"},\"breadcrumb\":{\"@id\":\"https:\\\/\\\/www.jornalja.com.br\\\/arquivo\\\/aprovada-lei-que-preve-pesadas-multas-a-manifestacoes-que-nao-tiverem-autorizacao-do-governo\\\/#breadcrumblist\"},\"author\":{\"@id\":\"https:\\\/\\\/www.jornalja.com.br\\\/arquivo\\\/author\\\/daredacao\\\/#author\"},\"creator\":{\"@id\":\"https:\\\/\\\/www.jornalja.com.br\\\/arquivo\\\/author\\\/daredacao\\\/#author\"},\"image\":{\"@type\":\"ImageObject\",\"url\":58490,\"@id\":\"https:\\\/\\\/www.jornalja.com.br\\\/arquivo\\\/aprovada-lei-que-preve-pesadas-multas-a-manifestacoes-que-nao-tiverem-autorizacao-do-governo\\\/#mainImage\"},\"primaryImageOfPage\":{\"@id\":\"https:\\\/\\\/www.jornalja.com.br\\\/arquivo\\\/aprovada-lei-que-preve-pesadas-multas-a-manifestacoes-que-nao-tiverem-autorizacao-do-governo\\\/#mainImage\"},\"datePublished\":\"2017-12-21T12:11:06-02:00\",\"dateModified\":\"2017-12-21T12:11:06-02:00\"},{\"@type\":\"WebSite\",\"@id\":\"https:\\\/\\\/www.jornalja.com.br\\\/arquivo\\\/#website\",\"url\":\"https:\\\/\\\/www.jornalja.com.br\\\/arquivo\\\/\",\"name\":\"Arquivo\",\"description\":\"Jornal J\\u00c1 | Porto Alegre\",\"inLanguage\":\"pt-BR\",\"publisher\":{\"@id\":\"https:\\\/\\\/www.jornalja.com.br\\\/arquivo\\\/#organization\"}}]}\n\t\t<\/script>\n\t\t<!-- All in One SEO -->\n\n","aioseo_head_json":{"title":"Aprovada lei que prev\u00ea pesadas multas a manifesta\u00e7\u00f5es que n\u00e3o tiverem autoriza\u00e7\u00e3o do governo | Arquivo","description":"","canonical_url":"https:\/\/www.jornalja.com.br\/arquivo\/aprovada-lei-que-preve-pesadas-multas-a-manifestacoes-que-nao-tiverem-autorizacao-do-governo\/","robots":"max-image-preview:large","keywords":"","webmasterTools":{"miscellaneous":""},"schema":{"@context":"https:\/\/schema.org","@graph":[{"@type":"BlogPosting","@id":"https:\/\/www.jornalja.com.br\/arquivo\/aprovada-lei-que-preve-pesadas-multas-a-manifestacoes-que-nao-tiverem-autorizacao-do-governo\/#blogposting","name":"Aprovada lei que prev\u00ea pesadas multas a manifesta\u00e7\u00f5es que n\u00e3o tiverem autoriza\u00e7\u00e3o do governo | Arquivo","headline":"Aprovada lei que prev\u00ea pesadas multas a manifesta\u00e7\u00f5es que n\u00e3o tiverem autoriza\u00e7\u00e3o do governo","author":{"@id":"https:\/\/www.jornalja.com.br\/arquivo\/author\/daredacao\/#author"},"publisher":{"@id":"https:\/\/www.jornalja.com.br\/arquivo\/#organization"},"image":{"@type":"ImageObject","url":58490},"datePublished":"2017-12-21T12:11:06-02:00","dateModified":"2017-12-21T12:11:06-02:00","inLanguage":"pt-BR","commentCount":9,"mainEntityOfPage":{"@id":"https:\/\/www.jornalja.com.br\/arquivo\/aprovada-lei-que-preve-pesadas-multas-a-manifestacoes-que-nao-tiverem-autorizacao-do-governo\/#webpage"},"isPartOf":{"@id":"https:\/\/www.jornalja.com.br\/arquivo\/aprovada-lei-que-preve-pesadas-multas-a-manifestacoes-que-nao-tiverem-autorizacao-do-governo\/#webpage"},"articleSection":"Geral"},{"@type":"BreadcrumbList","@id":"https:\/\/www.jornalja.com.br\/arquivo\/aprovada-lei-que-preve-pesadas-multas-a-manifestacoes-que-nao-tiverem-autorizacao-do-governo\/#breadcrumblist","itemListElement":[{"@type":"ListItem","@id":"https:\/\/www.jornalja.com.br\/arquivo#listItem","position":1,"name":"Home","item":"https:\/\/www.jornalja.com.br\/arquivo","nextItem":{"@type":"ListItem","@id":"https:\/\/www.jornalja.com.br\/arquivo\/category\/geral\/#listItem","name":"Geral"}},{"@type":"ListItem","@id":"https:\/\/www.jornalja.com.br\/arquivo\/category\/geral\/#listItem","position":2,"name":"Geral","item":"https:\/\/www.jornalja.com.br\/arquivo\/category\/geral\/","nextItem":{"@type":"ListItem","@id":"https:\/\/www.jornalja.com.br\/arquivo\/aprovada-lei-que-preve-pesadas-multas-a-manifestacoes-que-nao-tiverem-autorizacao-do-governo\/#listItem","name":"Aprovada lei que prev\u00ea pesadas multas a manifesta\u00e7\u00f5es que n\u00e3o tiverem autoriza\u00e7\u00e3o do governo"},"previousItem":{"@type":"ListItem","@id":"https:\/\/www.jornalja.com.br\/arquivo#listItem","name":"Home"}},{"@type":"ListItem","@id":"https:\/\/www.jornalja.com.br\/arquivo\/aprovada-lei-que-preve-pesadas-multas-a-manifestacoes-que-nao-tiverem-autorizacao-do-governo\/#listItem","position":3,"name":"Aprovada lei que prev\u00ea pesadas multas a manifesta\u00e7\u00f5es que n\u00e3o tiverem autoriza\u00e7\u00e3o do governo","previousItem":{"@type":"ListItem","@id":"https:\/\/www.jornalja.com.br\/arquivo\/category\/geral\/#listItem","name":"Geral"}}]},{"@type":"Organization","@id":"https:\/\/www.jornalja.com.br\/arquivo\/#organization","name":"Jornal J\u00c1","description":"Jornal J\u00c1 | Porto Alegre","url":"https:\/\/www.jornalja.com.br\/arquivo\/","telephone":"+555133307272","logo":{"@type":"ImageObject","url":"https:\/\/www.jornalja.com.br\/wp-content\/uploads\/cards\/JAslogan.png","@id":"https:\/\/www.jornalja.com.br\/arquivo\/aprovada-lei-que-preve-pesadas-multas-a-manifestacoes-que-nao-tiverem-autorizacao-do-governo\/#organizationLogo"},"image":{"@id":"https:\/\/www.jornalja.com.br\/arquivo\/aprovada-lei-que-preve-pesadas-multas-a-manifestacoes-que-nao-tiverem-autorizacao-do-governo\/#organizationLogo"}},{"@type":"Person","@id":"https:\/\/www.jornalja.com.br\/arquivo\/author\/daredacao\/#author","url":"https:\/\/www.jornalja.com.br\/arquivo\/author\/daredacao\/","name":"da Reda\u00e7\u00e3o","image":{"@type":"ImageObject","@id":"https:\/\/www.jornalja.com.br\/arquivo\/aprovada-lei-que-preve-pesadas-multas-a-manifestacoes-que-nao-tiverem-autorizacao-do-governo\/#authorImage","url":"https:\/\/secure.gravatar.com\/avatar\/469fd857d6605ad19919d27ed29d35a968a25f6e8fd9318356bbb7f57aae9c65?s=96&d=mm&r=g","width":96,"height":96,"caption":"da Reda\u00e7\u00e3o"}},{"@type":"WebPage","@id":"https:\/\/www.jornalja.com.br\/arquivo\/aprovada-lei-que-preve-pesadas-multas-a-manifestacoes-que-nao-tiverem-autorizacao-do-governo\/#webpage","url":"https:\/\/www.jornalja.com.br\/arquivo\/aprovada-lei-que-preve-pesadas-multas-a-manifestacoes-que-nao-tiverem-autorizacao-do-governo\/","name":"Aprovada lei que prev\u00ea pesadas multas a manifesta\u00e7\u00f5es que n\u00e3o tiverem autoriza\u00e7\u00e3o do governo | Arquivo","inLanguage":"pt-BR","isPartOf":{"@id":"https:\/\/www.jornalja.com.br\/arquivo\/#website"},"breadcrumb":{"@id":"https:\/\/www.jornalja.com.br\/arquivo\/aprovada-lei-que-preve-pesadas-multas-a-manifestacoes-que-nao-tiverem-autorizacao-do-governo\/#breadcrumblist"},"author":{"@id":"https:\/\/www.jornalja.com.br\/arquivo\/author\/daredacao\/#author"},"creator":{"@id":"https:\/\/www.jornalja.com.br\/arquivo\/author\/daredacao\/#author"},"image":{"@type":"ImageObject","url":58490,"@id":"https:\/\/www.jornalja.com.br\/arquivo\/aprovada-lei-que-preve-pesadas-multas-a-manifestacoes-que-nao-tiverem-autorizacao-do-governo\/#mainImage"},"primaryImageOfPage":{"@id":"https:\/\/www.jornalja.com.br\/arquivo\/aprovada-lei-que-preve-pesadas-multas-a-manifestacoes-que-nao-tiverem-autorizacao-do-governo\/#mainImage"},"datePublished":"2017-12-21T12:11:06-02:00","dateModified":"2017-12-21T12:11:06-02:00"},{"@type":"WebSite","@id":"https:\/\/www.jornalja.com.br\/arquivo\/#website","url":"https:\/\/www.jornalja.com.br\/arquivo\/","name":"Arquivo","description":"Jornal J\u00c1 | Porto Alegre","inLanguage":"pt-BR","publisher":{"@id":"https:\/\/www.jornalja.com.br\/arquivo\/#organization"}}]},"og:locale":"pt_BR","og:site_name":"Arquivo | Jornal J\u00c1 | Porto Alegre","og:type":"article","og:title":"Aprovada lei que prev\u00ea pesadas multas a manifesta\u00e7\u00f5es que n\u00e3o tiverem autoriza\u00e7\u00e3o do governo | Arquivo","og:url":"https:\/\/www.jornalja.com.br\/arquivo\/aprovada-lei-que-preve-pesadas-multas-a-manifestacoes-que-nao-tiverem-autorizacao-do-governo\/","og:image":"https:\/\/www.jornalja.com.br\/economics\/wp-content\/uploads\/sites\/11\/2026\/08\/ja-folhaderosto-facebook.jpg","og:image:secure_url":"https:\/\/www.jornalja.com.br\/economics\/wp-content\/uploads\/sites\/11\/2026\/08\/ja-folhaderosto-facebook.jpg","article:published_time":"2017-12-21T14:11:06+00:00","article:modified_time":"2017-12-21T14:11:06+00:00","twitter:card":"summary","twitter:title":"Aprovada lei que prev\u00ea pesadas multas a manifesta\u00e7\u00f5es que n\u00e3o tiverem autoriza\u00e7\u00e3o do governo | Arquivo","twitter:image":"https:\/\/www.jornalja.com.br\/economics\/wp-content\/uploads\/sites\/11\/2026\/08\/ja-folhaderosto-facebook.jpg"},"aioseo_meta_data":{"post_id":"58484","title":null,"description":null,"keywords":null,"keyphrases":null,"primary_term":null,"canonical_url":null,"og_title":null,"og_description":null,"og_object_type":"default","og_image_type":"default","og_image_url":null,"og_image_width":null,"og_image_height":null,"og_image_custom_url":null,"og_image_custom_fields":null,"og_video":null,"og_custom_url":null,"og_article_section":null,"og_article_tags":null,"twitter_use_og":false,"twitter_card":"default","twitter_image_type":"default","twitter_image_url":null,"twitter_image_custom_url":null,"twitter_image_custom_fields":null,"twitter_title":null,"twitter_description":null,"schema":{"blockGraphs":[],"customGraphs":[],"default":{"data":{"Article":[],"Course":[],"Dataset":[],"FAQPage":[],"Movie":[],"Person":[],"Product":[],"ProductReview":[],"Car":[],"Recipe":[],"Service":[],"SoftwareApplication":[],"WebPage":[]},"graphName":"","isEnabled":true},"graphs":[],"defaultGraph":"","defaultPostTypeGraph":""},"schema_type":null,"schema_type_options":null,"pillar_content":false,"robots_default":true,"robots_noindex":false,"robots_noarchive":false,"robots_nosnippet":false,"robots_nofollow":false,"robots_noimageindex":false,"robots_noodp":false,"robots_notranslate":false,"robots_max_snippet":null,"robots_max_videopreview":null,"robots_max_imagepreview":"large","priority":null,"frequency":null,"location":null,"local_seo":null,"breadcrumb_settings":null,"limit_modified_date":false,"ai":null,"created":"2020-12-20 20:18:57","updated":"2025-07-20 02:57:29","seo_analyzer_scan_date":null,"focus_keyword":null,"additional_keywords":null,"truseo_locale":null},"jetpack_sharing_enabled":true,"jetpack-related-posts":[{"id":13239,"url":"https:\/\/www.jornalja.com.br\/arquivo\/conselho-desdenha-do-plano-diretor\/","url_meta":{"origin":58484,"position":0},"title":"Porto Alegre: Conselho detona Plano Diretor","author":"Patr\u00edcia Marini","date":"25 de maio de 2014","format":false,"excerpt":"Den\u00fancia do arquiteto e \u00a0urbanista Ibir\u00e1 Santos Lucas. Ele diz que os conselheiros est\u00e3o votando com \"enorme irresponsabilidade\". \"Mudam regime com a maior naturalidade,,,regularizam absurdos de constru\u00e7\u00f5es irregulares... \"O CMDUA est\u00e1 flexibilizando a lei do plano diretor, de uma forma impactante na vida da cidade. Mudam regime com a maior\u2026","rel":"","context":"Em &quot;Geral&quot;","block_context":{"text":"Geral","link":"https:\/\/www.jornalja.com.br\/arquivo\/category\/geral\/"},"img":{"alt_text":"","src":"","width":0,"height":0},"classes":[]},{"id":13240,"url":"https:\/\/www.jornalja.com.br\/arquivo\/plano-diretor-estamos-construindo-o-caos\/","url_meta":{"origin":58484,"position":1},"title":"Plano diretor: &quot;Estamos construindo o caos&quot;","author":"Patr\u00edcia Marini","date":"26 de maio de 2014","format":false,"excerpt":"Desabafo que arquiteta Eliana Castilhos, delegada da Regi\u00e3o de Planejamento 1, postou nas redes sociais \u00e9 um testemunho do ambiente que se criou no Conselho do Plano Diretor de Porto Alegre, onde a aprova\u00e7\u00e3o de grandes empreendimentos \u00e9 empurrada guela abaixo dos conselheiros. Ao CMDUA Como delegada da Regi\u00e3o de\u2026","rel":"","context":"Em &quot;Geral&quot;","block_context":{"text":"Geral","link":"https:\/\/www.jornalja.com.br\/arquivo\/category\/geral\/"},"img":{"alt_text":"","src":"","width":0,"height":0},"classes":[]},{"id":5440,"url":"https:\/\/www.jornalja.com.br\/arquivo\/casarao-da-venancio-destino-permanece-incerto\/","url_meta":{"origin":58484,"position":2},"title":"Estado ainda n\u00e3o sabe o que fazer com casar\u00e3o abandonado h\u00e1 20 anos","author":"Elmar Bones","date":"6 de julho de 2009","format":false,"excerpt":"O casar\u00e3o amarelo, numa esquina nobre de Porto Alegre (Ven\u00e2ncio Aires com Jo\u00e3o Pessoa), j\u00e1 abrigou uma escola. H\u00e1 duas d\u00e9cadas, pelo menos, est\u00e1 abandonado, porque seu propriet\u00e1rio, o governo do Estado do Rio Grande do Sul, n\u00e3o consegue achar um destino para ele. Planos n\u00e3o faltaram. O governador Ol\u00edvio\u2026","rel":"","context":"Em &quot;X.Categorias velhas&quot;","block_context":{"text":"X.Categorias velhas","link":"https:\/\/www.jornalja.com.br\/arquivo\/category\/x-categorias-velhas\/"},"img":{"alt_text":"geraldo1","src":"https:\/\/i0.wp.com\/www.jornalja.com.br\/wp-content\/uploads\/2009\/07\/geraldo1.jpg?resize=350%2C200&ssl=1","width":350,"height":200},"classes":[]},{"id":13124,"url":"https:\/\/www.jornalja.com.br\/arquivo\/sangue-latino-no-iecine\/","url_meta":{"origin":58484,"position":3},"title":"Sangue latino no IECINE","author":"da Reda\u00e7\u00e3o","date":"18 de maio de 2014","format":false,"excerpt":"Francisco Ribeiro O Instituto Estadual de Cinema (IECINE) tem a frente, desde abril \u00faltimo, um novo diretor, o cineasta colombiano Juan Zapata, 36, que substitui Luiz Alberto Cassol. Radicado h\u00e1 dez anos em Porto Alegre, Zapata tem diante de si o desafio de conduzir at\u00e9 o final do ano um\u2026","rel":"","context":"Em &quot;Cultura-Geral&quot;","block_context":{"text":"Cultura-Geral","link":"https:\/\/www.jornalja.com.br\/arquivo\/category\/materiasecundaria\/"},"img":{"alt_text":"","src":"","width":0,"height":0},"classes":[]},{"id":14241,"url":"https:\/\/www.jornalja.com.br\/arquivo\/o-guaiba-nas-imagens-poeticas-de-achutti\/","url_meta":{"origin":58484,"position":4},"title":"O Gua\u00edba nas imagens po\u00e9ticas de Achutti","author":"da Reda\u00e7\u00e3o","date":"18 de junho de 2014","format":false,"excerpt":"Em \u201cO Gua\u00edba por Achutti\u201d \u2013 obra financiada via Minist\u00e9rio da Cultura, produ\u00e7\u00e3o executiva de Pedro Longhi, e Fl\u00e1vio Wild como designer \u2013, o fot\u00f3grafo revela a beleza e as mazelas de um espa\u00e7o aqu\u00e1tico de \u00e1guas sempre renovadas, cheio de hist\u00f3rias e lendas como as das cidades que foram\u2026","rel":"","context":"Em &quot;Cultura-Geral&quot;","block_context":{"text":"Cultura-Geral","link":"https:\/\/www.jornalja.com.br\/arquivo\/category\/materiasecundaria\/"},"img":{"alt_text":"","src":"","width":0,"height":0},"classes":[]},{"id":12960,"url":"https:\/\/www.jornalja.com.br\/arquivo\/populacao-culpa-empresas-pela-greve-dos-rodoviarios\/","url_meta":{"origin":58484,"position":5},"title":"Popula\u00e7\u00e3o culpa empresas pela greve","author":"Patr\u00edcia Marini","date":"14 de fevereiro de 2014","format":false,"excerpt":"Pesquisa divulgada na edi\u00e7\u00e3o do jornal Metro desta sexta-feira,14, comprova o velho ditado: \u00e9 poss\u00edvel enganar muitos por algum tempo, mas n\u00e3o \u00e9 poss\u00edvel enganar a todos o tempo inteiro. A principal revela\u00e7\u00e3o foi que 59,8% dos entrevistados apontaram as empresas como as principais respons\u00e1veis pela grave e 46% culparam\u2026","rel":"","context":"Em &quot;X.Categorias velhas&quot;","block_context":{"text":"X.Categorias velhas","link":"https:\/\/www.jornalja.com.br\/arquivo\/category\/x-categorias-velhas\/"},"img":{"alt_text":"","src":"","width":0,"height":0},"classes":[]}],"jetpack_shortlink":"https:\/\/wp.me\/pbQjBd-fdi","jetpack_featured_media_url":"","_links":{"self":[{"href":"https:\/\/www.jornalja.com.br\/arquivo\/wp-json\/wp\/v2\/posts\/58484","targetHints":{"allow":["GET"]}}],"collection":[{"href":"https:\/\/www.jornalja.com.br\/arquivo\/wp-json\/wp\/v2\/posts"}],"about":[{"href":"https:\/\/www.jornalja.com.br\/arquivo\/wp-json\/wp\/v2\/types\/post"}],"author":[{"embeddable":true,"href":"https:\/\/www.jornalja.com.br\/arquivo\/wp-json\/wp\/v2\/users\/4"}],"replies":[{"embeddable":true,"href":"https:\/\/www.jornalja.com.br\/arquivo\/wp-json\/wp\/v2\/comments?post=58484"}],"version-history":[{"count":0,"href":"https:\/\/www.jornalja.com.br\/arquivo\/wp-json\/wp\/v2\/posts\/58484\/revisions"}],"wp:attachment":[{"href":"https:\/\/www.jornalja.com.br\/arquivo\/wp-json\/wp\/v2\/media?parent=58484"}],"wp:term":[{"taxonomy":"category","embeddable":true,"href":"https:\/\/www.jornalja.com.br\/arquivo\/wp-json\/wp\/v2\/categories?post=58484"},{"taxonomy":"post_tag","embeddable":true,"href":"https:\/\/www.jornalja.com.br\/arquivo\/wp-json\/wp\/v2\/tags?post=58484"}],"curies":[{"name":"wp","href":"https:\/\/api.w.org\/{rel}","templated":true}]}}