{"id":58517,"date":"2017-12-22T18:36:20","date_gmt":"2017-12-22T20:36:20","guid":{"rendered":"https:\/\/www.jornalja.com.br\/?p=58517"},"modified":"2017-12-22T18:36:20","modified_gmt":"2017-12-22T20:36:20","slug":"votacao-do-regime-de-recuperacao-fiscal-e-adiada-para-janeiro-de-2018","status":"publish","type":"post","link":"https:\/\/www.jornalja.com.br\/arquivo\/votacao-do-regime-de-recuperacao-fiscal-e-adiada-para-janeiro-de-2018\/","title":{"rendered":"Vota\u00e7\u00e3o do Regime de Recupera\u00e7\u00e3o Fiscal \u00e9 adiada para janeiro de 2018"},"content":{"rendered":"<p>Ap\u00f3s quatro horas da \u00faltima e tumultuada sess\u00e3o antes do recesso da Assembleia Legislativa ga\u00facha, o governo Sartori n\u00e3o conseguiu\u00a0votar o projeto que permite o Estado entrar no Plano de Recupera\u00e7\u00e3o Fiscal da Uni\u00e3o.<br \/>\nParlamentares, tanto da oposi\u00e7\u00e3o quando da base do governo, se revezaram na tribuna criticando e defendendo o projeto, at\u00e9 que se estourasse o tempo limite da sess\u00e3o desta sexta-feira, 22\/12.<br \/>\nDurante toda a sess\u00e3o, os dois lados buscavam apoio dos deputados &#8220;indecisos&#8221;. Seis secret\u00e1rios do governo estiveram presentes no Legislativo, entre eles o chamado n\u00facleo duro:\u00a0F\u00e1bio Branco (Casa Civil), Carlos Burigo (Governan\u00e7a), Cleber Benvegnu (Comunica\u00e7\u00e3o) e Cezar Schirmer (Seguran\u00e7a).<br \/>\nA oposi\u00e7\u00e3o\u00a0comemorou o adiamento da vota\u00e7\u00e3o. &#8220;Este projeto de nada tem de recupera\u00e7\u00e3o. Se o governo n\u00e3o quis votar hoje \u00e9 porque n\u00e3o teve seguran\u00e7a plena de que teria os votos. Vamos continuar negociando para que ele (projeto) seja derrotado&#8221; afirmou a l\u00edder da bancada do PT, a deputada Stela Farias. Para ela, a dificuldade do governo em aprovar o projeto ser\u00e1 ainda maior em 2018, por se tratar de um ano eleitoral.<br \/>\nJ\u00e1 o\u00a0l\u00edder do governo, o deputado Gabriel Souza (PMDB), afirma ter os votos necess\u00e1rios para a pr\u00f3xima sess\u00e3o. &#8220;A oposi\u00e7\u00e3o quer ajudar o Temer pagando mais R$ 4 bilh\u00f5es por ano \u00e0 Uni\u00e3o&#8221;, ironizou Souza, referindo-se ao valor anual que\u00a0o Estado deixar\u00e1 de pagar caso o Plano seja aprovado.\u00a0J\u00e1 a oposi\u00e7\u00e3o rebate dizendo que em tr\u00eas anos a d\u00edvida aumentar\u00e1 R$ 20 bilh\u00f5es.<\/p>\n<div class=\"mc-column content-text active-extra-styles \" data-block-type=\"unstyled\" data-block-weight=\"56\" data-block-id=\"13\">\n<div class=\"mc-column content-text active-extra-styles \" data-block-type=\"unstyled\" data-block-weight=\"56\" data-block-id=\"13\">\n<p class=\"content-text__container \" data-track-category=\"Link no Texto\" data-track-links=\"\">servidores\u00a0da\u00a0Companhia Estadual de Energia El\u00e9trica (CEEE), da Companhia Riograndense de Minera\u00e7\u00e3o (CRM), e da Companhia de G\u00e1s do Estado do Rio Grande do Sul (Sulg\u00e1s), empresas que constam na lista para serem privatizadas, caso o plano seja aprovado, tamb\u00e9m protestaram nas galerias do plen\u00e1rio e na Pra\u00e7a da Matriz.<\/p>\n<p>A ades\u00e3o ao regime prev\u00ea uma car\u00eancia de at\u00e9 36 meses no pagamento da d\u00edvida com a Uni\u00e3o, prorrog\u00e1veis por igual per\u00edodo. At\u00e9 2020, isto representaria, segundo o governo estadual, um al\u00edvio financeiro de R$ 11,3 bilh\u00f5es. Se n\u00e3o aderir ao Regime, o Estado acumularia um d\u00e9ficit or\u00e7ament\u00e1rio, at\u00e9 2020, de R$ 20,7 bilh\u00f5es.<br \/>\nUma sess\u00e3o deve ser convocada pelo governo ao final de janeiro e novamente o pacote poder\u00e1 ser colocado em vota\u00e7\u00e3o.\n<\/p><\/div>\n<\/div>\n","protected":false},"excerpt":{"rendered":"<p>Ap\u00f3s quatro horas da \u00faltima e tumultuada sess\u00e3o antes do recesso da Assembleia Legislativa ga\u00facha, o governo Sartori n\u00e3o conseguiu\u00a0votar o projeto que permite o Estado entrar no Plano de Recupera\u00e7\u00e3o Fiscal da Uni\u00e3o. Parlamentares, tanto da oposi\u00e7\u00e3o quando da base do governo, se revezaram na tribuna criticando e defendendo o projeto, at\u00e9 que se [&hellip;]<\/p>\n","protected":false},"author":4,"featured_media":58523,"comment_status":"open","ping_status":"closed","sticky":false,"template":"","format":"standard","meta":{"_jetpack_newsletter_access":"","_jetpack_dont_email_post_to_subs":false,"_jetpack_newsletter_tier_id":0,"_jetpack_memberships_contains_paywalled_content":false,"_jetpack_feature_clip_id":0,"_jetpack_memberships_contains_paid_content":false,"footnotes":"","jetpack_post_was_ever_published":false},"categories":[26],"tags":[],"class_list":["post-58517","post","type-post","status-publish","format-standard","has-post-thumbnail","hentry","category-geral"],"aioseo_notices":[],"aioseo_head":"\n\t\t<!-- All in One SEO 5.0.1.1 - aioseo.com -->\n\t<meta name=\"robots\" content=\"max-image-preview:large\" \/>\n\t<meta name=\"author\" content=\"da Reda\u00e7\u00e3o\"\/>\n\t<link rel=\"canonical\" href=\"https:\/\/www.jornalja.com.br\/arquivo\/votacao-do-regime-de-recuperacao-fiscal-e-adiada-para-janeiro-de-2018\/\" \/>\n\t<meta name=\"generator\" content=\"All in One SEO (AIOSEO) 5.0.1.1\" \/>\n\t\t<meta property=\"og:locale\" content=\"pt_BR\" \/>\n\t\t<meta property=\"og:site_name\" content=\"Arquivo | Jornal J\u00c1 | Porto Alegre\" \/>\n\t\t<meta property=\"og:type\" content=\"article\" \/>\n\t\t<meta property=\"og:title\" content=\"Vota\u00e7\u00e3o do Regime de Recupera\u00e7\u00e3o Fiscal \u00e9 adiada para janeiro de 2018 | Arquivo\" \/>\n\t\t<meta property=\"og:url\" content=\"https:\/\/www.jornalja.com.br\/arquivo\/votacao-do-regime-de-recuperacao-fiscal-e-adiada-para-janeiro-de-2018\/\" \/>\n\t\t<meta property=\"og:image\" content=\"https:\/\/www.jornalja.com.br\/economics\/wp-content\/uploads\/sites\/11\/2026\/08\/ja-folhaderosto-facebook.jpg\" \/>\n\t\t<meta property=\"og:image:secure_url\" content=\"https:\/\/www.jornalja.com.br\/economics\/wp-content\/uploads\/sites\/11\/2026\/08\/ja-folhaderosto-facebook.jpg\" \/>\n\t\t<meta property=\"article:published_time\" content=\"2017-12-22T20:36:20+00:00\" \/>\n\t\t<meta property=\"article:modified_time\" content=\"2017-12-22T20:36:20+00:00\" \/>\n\t\t<meta name=\"twitter:card\" content=\"summary\" \/>\n\t\t<meta name=\"twitter:title\" content=\"Vota\u00e7\u00e3o do Regime de Recupera\u00e7\u00e3o Fiscal \u00e9 adiada para janeiro de 2018 | Arquivo\" \/>\n\t\t<meta name=\"twitter:image\" content=\"https:\/\/www.jornalja.com.br\/economics\/wp-content\/uploads\/sites\/11\/2026\/08\/ja-folhaderosto-facebook.jpg\" \/>\n\t\t<script type=\"application\/ld+json\" class=\"aioseo-schema\">\n\t\t\t{\"@context\":\"https:\\\/\\\/schema.org\",\"@graph\":[{\"@type\":\"BlogPosting\",\"@id\":\"https:\\\/\\\/www.jornalja.com.br\\\/arquivo\\\/votacao-do-regime-de-recuperacao-fiscal-e-adiada-para-janeiro-de-2018\\\/#blogposting\",\"name\":\"Vota\\u00e7\\u00e3o do Regime de Recupera\\u00e7\\u00e3o Fiscal \\u00e9 adiada para janeiro de 2018 | Arquivo\",\"headline\":\"Vota\\u00e7\\u00e3o do Regime de Recupera\\u00e7\\u00e3o Fiscal \\u00e9 adiada para janeiro de 2018\",\"author\":{\"@id\":\"https:\\\/\\\/www.jornalja.com.br\\\/arquivo\\\/author\\\/daredacao\\\/#author\"},\"publisher\":{\"@id\":\"https:\\\/\\\/www.jornalja.com.br\\\/arquivo\\\/#organization\"},\"image\":{\"@type\":\"ImageObject\",\"url\":58523},\"datePublished\":\"2017-12-22T18:36:20-02:00\",\"dateModified\":\"2017-12-22T18:36:20-02:00\",\"inLanguage\":\"pt-BR\",\"mainEntityOfPage\":{\"@id\":\"https:\\\/\\\/www.jornalja.com.br\\\/arquivo\\\/votacao-do-regime-de-recuperacao-fiscal-e-adiada-para-janeiro-de-2018\\\/#webpage\"},\"isPartOf\":{\"@id\":\"https:\\\/\\\/www.jornalja.com.br\\\/arquivo\\\/votacao-do-regime-de-recuperacao-fiscal-e-adiada-para-janeiro-de-2018\\\/#webpage\"},\"articleSection\":\"Geral\"},{\"@type\":\"BreadcrumbList\",\"@id\":\"https:\\\/\\\/www.jornalja.com.br\\\/arquivo\\\/votacao-do-regime-de-recuperacao-fiscal-e-adiada-para-janeiro-de-2018\\\/#breadcrumblist\",\"itemListElement\":[{\"@type\":\"ListItem\",\"@id\":\"https:\\\/\\\/www.jornalja.com.br\\\/arquivo#listItem\",\"position\":1,\"name\":\"Home\",\"item\":\"https:\\\/\\\/www.jornalja.com.br\\\/arquivo\",\"nextItem\":{\"@type\":\"ListItem\",\"@id\":\"https:\\\/\\\/www.jornalja.com.br\\\/arquivo\\\/category\\\/geral\\\/#listItem\",\"name\":\"Geral\"}},{\"@type\":\"ListItem\",\"@id\":\"https:\\\/\\\/www.jornalja.com.br\\\/arquivo\\\/category\\\/geral\\\/#listItem\",\"position\":2,\"name\":\"Geral\",\"item\":\"https:\\\/\\\/www.jornalja.com.br\\\/arquivo\\\/category\\\/geral\\\/\",\"nextItem\":{\"@type\":\"ListItem\",\"@id\":\"https:\\\/\\\/www.jornalja.com.br\\\/arquivo\\\/votacao-do-regime-de-recuperacao-fiscal-e-adiada-para-janeiro-de-2018\\\/#listItem\",\"name\":\"Vota\\u00e7\\u00e3o do Regime de Recupera\\u00e7\\u00e3o Fiscal \\u00e9 adiada para janeiro de 2018\"},\"previousItem\":{\"@type\":\"ListItem\",\"@id\":\"https:\\\/\\\/www.jornalja.com.br\\\/arquivo#listItem\",\"name\":\"Home\"}},{\"@type\":\"ListItem\",\"@id\":\"https:\\\/\\\/www.jornalja.com.br\\\/arquivo\\\/votacao-do-regime-de-recuperacao-fiscal-e-adiada-para-janeiro-de-2018\\\/#listItem\",\"position\":3,\"name\":\"Vota\\u00e7\\u00e3o do Regime de Recupera\\u00e7\\u00e3o Fiscal \\u00e9 adiada para janeiro de 2018\",\"previousItem\":{\"@type\":\"ListItem\",\"@id\":\"https:\\\/\\\/www.jornalja.com.br\\\/arquivo\\\/category\\\/geral\\\/#listItem\",\"name\":\"Geral\"}}]},{\"@type\":\"Organization\",\"@id\":\"https:\\\/\\\/www.jornalja.com.br\\\/arquivo\\\/#organization\",\"name\":\"Jornal J\\u00c1\",\"description\":\"Jornal J\\u00c1 | Porto Alegre\",\"url\":\"https:\\\/\\\/www.jornalja.com.br\\\/arquivo\\\/\",\"telephone\":\"+555133307272\",\"logo\":{\"@type\":\"ImageObject\",\"url\":\"https:\\\/\\\/www.jornalja.com.br\\\/wp-content\\\/uploads\\\/cards\\\/JAslogan.png\",\"@id\":\"https:\\\/\\\/www.jornalja.com.br\\\/arquivo\\\/votacao-do-regime-de-recuperacao-fiscal-e-adiada-para-janeiro-de-2018\\\/#organizationLogo\"},\"image\":{\"@id\":\"https:\\\/\\\/www.jornalja.com.br\\\/arquivo\\\/votacao-do-regime-de-recuperacao-fiscal-e-adiada-para-janeiro-de-2018\\\/#organizationLogo\"}},{\"@type\":\"Person\",\"@id\":\"https:\\\/\\\/www.jornalja.com.br\\\/arquivo\\\/author\\\/daredacao\\\/#author\",\"url\":\"https:\\\/\\\/www.jornalja.com.br\\\/arquivo\\\/author\\\/daredacao\\\/\",\"name\":\"da Reda\\u00e7\\u00e3o\",\"image\":{\"@type\":\"ImageObject\",\"@id\":\"https:\\\/\\\/www.jornalja.com.br\\\/arquivo\\\/votacao-do-regime-de-recuperacao-fiscal-e-adiada-para-janeiro-de-2018\\\/#authorImage\",\"url\":\"https:\\\/\\\/secure.gravatar.com\\\/avatar\\\/469fd857d6605ad19919d27ed29d35a968a25f6e8fd9318356bbb7f57aae9c65?s=96&d=mm&r=g\",\"width\":96,\"height\":96,\"caption\":\"da Reda\\u00e7\\u00e3o\"}},{\"@type\":\"WebPage\",\"@id\":\"https:\\\/\\\/www.jornalja.com.br\\\/arquivo\\\/votacao-do-regime-de-recuperacao-fiscal-e-adiada-para-janeiro-de-2018\\\/#webpage\",\"url\":\"https:\\\/\\\/www.jornalja.com.br\\\/arquivo\\\/votacao-do-regime-de-recuperacao-fiscal-e-adiada-para-janeiro-de-2018\\\/\",\"name\":\"Vota\\u00e7\\u00e3o do Regime de Recupera\\u00e7\\u00e3o Fiscal \\u00e9 adiada para janeiro de 2018 | Arquivo\",\"inLanguage\":\"pt-BR\",\"isPartOf\":{\"@id\":\"https:\\\/\\\/www.jornalja.com.br\\\/arquivo\\\/#website\"},\"breadcrumb\":{\"@id\":\"https:\\\/\\\/www.jornalja.com.br\\\/arquivo\\\/votacao-do-regime-de-recuperacao-fiscal-e-adiada-para-janeiro-de-2018\\\/#breadcrumblist\"},\"author\":{\"@id\":\"https:\\\/\\\/www.jornalja.com.br\\\/arquivo\\\/author\\\/daredacao\\\/#author\"},\"creator\":{\"@id\":\"https:\\\/\\\/www.jornalja.com.br\\\/arquivo\\\/author\\\/daredacao\\\/#author\"},\"image\":{\"@type\":\"ImageObject\",\"url\":58523,\"@id\":\"https:\\\/\\\/www.jornalja.com.br\\\/arquivo\\\/votacao-do-regime-de-recuperacao-fiscal-e-adiada-para-janeiro-de-2018\\\/#mainImage\"},\"primaryImageOfPage\":{\"@id\":\"https:\\\/\\\/www.jornalja.com.br\\\/arquivo\\\/votacao-do-regime-de-recuperacao-fiscal-e-adiada-para-janeiro-de-2018\\\/#mainImage\"},\"datePublished\":\"2017-12-22T18:36:20-02:00\",\"dateModified\":\"2017-12-22T18:36:20-02:00\"},{\"@type\":\"WebSite\",\"@id\":\"https:\\\/\\\/www.jornalja.com.br\\\/arquivo\\\/#website\",\"url\":\"https:\\\/\\\/www.jornalja.com.br\\\/arquivo\\\/\",\"name\":\"Arquivo\",\"description\":\"Jornal J\\u00c1 | Porto Alegre\",\"inLanguage\":\"pt-BR\",\"publisher\":{\"@id\":\"https:\\\/\\\/www.jornalja.com.br\\\/arquivo\\\/#organization\"}}]}\n\t\t<\/script>\n\t\t<!-- All in One SEO -->\n\n","aioseo_head_json":{"title":"Vota\u00e7\u00e3o do Regime de Recupera\u00e7\u00e3o Fiscal \u00e9 adiada para janeiro de 2018 | Arquivo","description":"","canonical_url":"https:\/\/www.jornalja.com.br\/arquivo\/votacao-do-regime-de-recuperacao-fiscal-e-adiada-para-janeiro-de-2018\/","robots":"max-image-preview:large","keywords":"","webmasterTools":{"miscellaneous":""},"schema":{"@context":"https:\/\/schema.org","@graph":[{"@type":"BlogPosting","@id":"https:\/\/www.jornalja.com.br\/arquivo\/votacao-do-regime-de-recuperacao-fiscal-e-adiada-para-janeiro-de-2018\/#blogposting","name":"Vota\u00e7\u00e3o do Regime de Recupera\u00e7\u00e3o Fiscal \u00e9 adiada para janeiro de 2018 | Arquivo","headline":"Vota\u00e7\u00e3o do Regime de Recupera\u00e7\u00e3o Fiscal \u00e9 adiada para janeiro de 2018","author":{"@id":"https:\/\/www.jornalja.com.br\/arquivo\/author\/daredacao\/#author"},"publisher":{"@id":"https:\/\/www.jornalja.com.br\/arquivo\/#organization"},"image":{"@type":"ImageObject","url":58523},"datePublished":"2017-12-22T18:36:20-02:00","dateModified":"2017-12-22T18:36:20-02:00","inLanguage":"pt-BR","mainEntityOfPage":{"@id":"https:\/\/www.jornalja.com.br\/arquivo\/votacao-do-regime-de-recuperacao-fiscal-e-adiada-para-janeiro-de-2018\/#webpage"},"isPartOf":{"@id":"https:\/\/www.jornalja.com.br\/arquivo\/votacao-do-regime-de-recuperacao-fiscal-e-adiada-para-janeiro-de-2018\/#webpage"},"articleSection":"Geral"},{"@type":"BreadcrumbList","@id":"https:\/\/www.jornalja.com.br\/arquivo\/votacao-do-regime-de-recuperacao-fiscal-e-adiada-para-janeiro-de-2018\/#breadcrumblist","itemListElement":[{"@type":"ListItem","@id":"https:\/\/www.jornalja.com.br\/arquivo#listItem","position":1,"name":"Home","item":"https:\/\/www.jornalja.com.br\/arquivo","nextItem":{"@type":"ListItem","@id":"https:\/\/www.jornalja.com.br\/arquivo\/category\/geral\/#listItem","name":"Geral"}},{"@type":"ListItem","@id":"https:\/\/www.jornalja.com.br\/arquivo\/category\/geral\/#listItem","position":2,"name":"Geral","item":"https:\/\/www.jornalja.com.br\/arquivo\/category\/geral\/","nextItem":{"@type":"ListItem","@id":"https:\/\/www.jornalja.com.br\/arquivo\/votacao-do-regime-de-recuperacao-fiscal-e-adiada-para-janeiro-de-2018\/#listItem","name":"Vota\u00e7\u00e3o do Regime de Recupera\u00e7\u00e3o Fiscal \u00e9 adiada para janeiro de 2018"},"previousItem":{"@type":"ListItem","@id":"https:\/\/www.jornalja.com.br\/arquivo#listItem","name":"Home"}},{"@type":"ListItem","@id":"https:\/\/www.jornalja.com.br\/arquivo\/votacao-do-regime-de-recuperacao-fiscal-e-adiada-para-janeiro-de-2018\/#listItem","position":3,"name":"Vota\u00e7\u00e3o do Regime de Recupera\u00e7\u00e3o Fiscal \u00e9 adiada para janeiro de 2018","previousItem":{"@type":"ListItem","@id":"https:\/\/www.jornalja.com.br\/arquivo\/category\/geral\/#listItem","name":"Geral"}}]},{"@type":"Organization","@id":"https:\/\/www.jornalja.com.br\/arquivo\/#organization","name":"Jornal J\u00c1","description":"Jornal J\u00c1 | Porto Alegre","url":"https:\/\/www.jornalja.com.br\/arquivo\/","telephone":"+555133307272","logo":{"@type":"ImageObject","url":"https:\/\/www.jornalja.com.br\/wp-content\/uploads\/cards\/JAslogan.png","@id":"https:\/\/www.jornalja.com.br\/arquivo\/votacao-do-regime-de-recuperacao-fiscal-e-adiada-para-janeiro-de-2018\/#organizationLogo"},"image":{"@id":"https:\/\/www.jornalja.com.br\/arquivo\/votacao-do-regime-de-recuperacao-fiscal-e-adiada-para-janeiro-de-2018\/#organizationLogo"}},{"@type":"Person","@id":"https:\/\/www.jornalja.com.br\/arquivo\/author\/daredacao\/#author","url":"https:\/\/www.jornalja.com.br\/arquivo\/author\/daredacao\/","name":"da Reda\u00e7\u00e3o","image":{"@type":"ImageObject","@id":"https:\/\/www.jornalja.com.br\/arquivo\/votacao-do-regime-de-recuperacao-fiscal-e-adiada-para-janeiro-de-2018\/#authorImage","url":"https:\/\/secure.gravatar.com\/avatar\/469fd857d6605ad19919d27ed29d35a968a25f6e8fd9318356bbb7f57aae9c65?s=96&d=mm&r=g","width":96,"height":96,"caption":"da Reda\u00e7\u00e3o"}},{"@type":"WebPage","@id":"https:\/\/www.jornalja.com.br\/arquivo\/votacao-do-regime-de-recuperacao-fiscal-e-adiada-para-janeiro-de-2018\/#webpage","url":"https:\/\/www.jornalja.com.br\/arquivo\/votacao-do-regime-de-recuperacao-fiscal-e-adiada-para-janeiro-de-2018\/","name":"Vota\u00e7\u00e3o do Regime de Recupera\u00e7\u00e3o Fiscal \u00e9 adiada para janeiro de 2018 | Arquivo","inLanguage":"pt-BR","isPartOf":{"@id":"https:\/\/www.jornalja.com.br\/arquivo\/#website"},"breadcrumb":{"@id":"https:\/\/www.jornalja.com.br\/arquivo\/votacao-do-regime-de-recuperacao-fiscal-e-adiada-para-janeiro-de-2018\/#breadcrumblist"},"author":{"@id":"https:\/\/www.jornalja.com.br\/arquivo\/author\/daredacao\/#author"},"creator":{"@id":"https:\/\/www.jornalja.com.br\/arquivo\/author\/daredacao\/#author"},"image":{"@type":"ImageObject","url":58523,"@id":"https:\/\/www.jornalja.com.br\/arquivo\/votacao-do-regime-de-recuperacao-fiscal-e-adiada-para-janeiro-de-2018\/#mainImage"},"primaryImageOfPage":{"@id":"https:\/\/www.jornalja.com.br\/arquivo\/votacao-do-regime-de-recuperacao-fiscal-e-adiada-para-janeiro-de-2018\/#mainImage"},"datePublished":"2017-12-22T18:36:20-02:00","dateModified":"2017-12-22T18:36:20-02:00"},{"@type":"WebSite","@id":"https:\/\/www.jornalja.com.br\/arquivo\/#website","url":"https:\/\/www.jornalja.com.br\/arquivo\/","name":"Arquivo","description":"Jornal J\u00c1 | Porto Alegre","inLanguage":"pt-BR","publisher":{"@id":"https:\/\/www.jornalja.com.br\/arquivo\/#organization"}}]},"og:locale":"pt_BR","og:site_name":"Arquivo | Jornal J\u00c1 | Porto Alegre","og:type":"article","og:title":"Vota\u00e7\u00e3o do Regime de Recupera\u00e7\u00e3o Fiscal \u00e9 adiada para janeiro de 2018 | Arquivo","og:url":"https:\/\/www.jornalja.com.br\/arquivo\/votacao-do-regime-de-recuperacao-fiscal-e-adiada-para-janeiro-de-2018\/","og:image":"https:\/\/www.jornalja.com.br\/economics\/wp-content\/uploads\/sites\/11\/2026\/08\/ja-folhaderosto-facebook.jpg","og:image:secure_url":"https:\/\/www.jornalja.com.br\/economics\/wp-content\/uploads\/sites\/11\/2026\/08\/ja-folhaderosto-facebook.jpg","article:published_time":"2017-12-22T20:36:20+00:00","article:modified_time":"2017-12-22T20:36:20+00:00","twitter:card":"summary","twitter:title":"Vota\u00e7\u00e3o do Regime de Recupera\u00e7\u00e3o Fiscal \u00e9 adiada para janeiro de 2018 | Arquivo","twitter:image":"https:\/\/www.jornalja.com.br\/economics\/wp-content\/uploads\/sites\/11\/2026\/08\/ja-folhaderosto-facebook.jpg"},"aioseo_meta_data":{"post_id":"58517","title":null,"description":null,"keywords":null,"keyphrases":null,"primary_term":null,"canonical_url":null,"og_title":null,"og_description":null,"og_object_type":"default","og_image_type":"default","og_image_url":null,"og_image_width":null,"og_image_height":null,"og_image_custom_url":null,"og_image_custom_fields":null,"og_video":null,"og_custom_url":null,"og_article_section":null,"og_article_tags":null,"twitter_use_og":false,"twitter_card":"default","twitter_image_type":"default","twitter_image_url":null,"twitter_image_custom_url":null,"twitter_image_custom_fields":null,"twitter_title":null,"twitter_description":null,"schema":{"blockGraphs":[],"customGraphs":[],"default":{"data":{"Article":[],"Course":[],"Dataset":[],"FAQPage":[],"Movie":[],"Person":[],"Product":[],"ProductReview":[],"Car":[],"Recipe":[],"Service":[],"SoftwareApplication":[],"WebPage":[]},"graphName":"","isEnabled":true},"graphs":[]},"schema_type":null,"schema_type_options":null,"pillar_content":false,"robots_default":true,"robots_noindex":false,"robots_noarchive":false,"robots_nosnippet":false,"robots_nofollow":false,"robots_noimageindex":false,"robots_noodp":false,"robots_notranslate":false,"robots_max_snippet":null,"robots_max_videopreview":null,"robots_max_imagepreview":"large","priority":null,"frequency":null,"location":null,"local_seo":null,"breadcrumb_settings":null,"limit_modified_date":false,"ai":null,"created":"2020-12-20 20:18:57","updated":"2025-07-20 02:57:29","seo_analyzer_scan_date":null,"focus_keyword":null,"additional_keywords":null,"truseo_locale":null},"jetpack_sharing_enabled":true,"jetpack-related-posts":[{"id":13240,"url":"https:\/\/www.jornalja.com.br\/arquivo\/plano-diretor-estamos-construindo-o-caos\/","url_meta":{"origin":58517,"position":0},"title":"Plano diretor: &quot;Estamos construindo o caos&quot;","author":"Patr\u00edcia Marini","date":"26 de maio de 2014","format":false,"excerpt":"Desabafo que arquiteta Eliana Castilhos, delegada da Regi\u00e3o de Planejamento 1, postou nas redes sociais \u00e9 um testemunho do ambiente que se criou no Conselho do Plano Diretor de Porto Alegre, onde a aprova\u00e7\u00e3o de grandes empreendimentos \u00e9 empurrada guela abaixo dos conselheiros. Ao CMDUA Como delegada da Regi\u00e3o de\u2026","rel":"","context":"Em &quot;Geral&quot;","block_context":{"text":"Geral","link":"https:\/\/www.jornalja.com.br\/arquivo\/category\/geral\/"},"img":{"alt_text":"","src":"","width":0,"height":0},"classes":[]},{"id":13239,"url":"https:\/\/www.jornalja.com.br\/arquivo\/conselho-desdenha-do-plano-diretor\/","url_meta":{"origin":58517,"position":1},"title":"Porto Alegre: Conselho detona Plano Diretor","author":"Patr\u00edcia Marini","date":"25 de maio de 2014","format":false,"excerpt":"Den\u00fancia do arquiteto e \u00a0urbanista Ibir\u00e1 Santos Lucas. Ele diz que os conselheiros est\u00e3o votando com \"enorme irresponsabilidade\". \"Mudam regime com a maior naturalidade,,,regularizam absurdos de constru\u00e7\u00f5es irregulares... \"O CMDUA est\u00e1 flexibilizando a lei do plano diretor, de uma forma impactante na vida da cidade. Mudam regime com a maior\u2026","rel":"","context":"Em &quot;Geral&quot;","block_context":{"text":"Geral","link":"https:\/\/www.jornalja.com.br\/arquivo\/category\/geral\/"},"img":{"alt_text":"","src":"","width":0,"height":0},"classes":[]},{"id":13124,"url":"https:\/\/www.jornalja.com.br\/arquivo\/sangue-latino-no-iecine\/","url_meta":{"origin":58517,"position":2},"title":"Sangue latino no IECINE","author":"da Reda\u00e7\u00e3o","date":"18 de maio de 2014","format":false,"excerpt":"Francisco Ribeiro O Instituto Estadual de Cinema (IECINE) tem a frente, desde abril \u00faltimo, um novo diretor, o cineasta colombiano Juan Zapata, 36, que substitui Luiz Alberto Cassol. Radicado h\u00e1 dez anos em Porto Alegre, Zapata tem diante de si o desafio de conduzir at\u00e9 o final do ano um\u2026","rel":"","context":"Em &quot;Cultura-Geral&quot;","block_context":{"text":"Cultura-Geral","link":"https:\/\/www.jornalja.com.br\/arquivo\/category\/materiasecundaria\/"},"img":{"alt_text":"","src":"","width":0,"height":0},"classes":[]},{"id":13109,"url":"https:\/\/www.jornalja.com.br\/arquivo\/judiciario-reconhece-poluicao-eletromagnetica\/","url_meta":{"origin":58517,"position":3},"title":"Judici\u00e1rio reconhece polui\u00e7\u00e3o eletromagn\u00e9tica","author":"Patr\u00edcia Marini","date":"16 de maio de 2014","format":false,"excerpt":"A\u00e7\u00e3o de duas associa\u00e7\u00f5es de moradores foi acolhida pelo Tribunal de Justi\u00e7a de S\u00e3o Paulo que. em decis\u00e3o in\u00e9dita, determinou a redu\u00e7\u00e3o do campo eletromagn\u00e9tico gerado pelas linhas de transmiss\u00e3o de energia que cortam os bairros City Boa\u00e7ava e Alto de Pinheiros. \u00c9 a primeira vez que um tribunal do\u2026","rel":"","context":"Em &quot;X.Categorias velhas&quot;","block_context":{"text":"X.Categorias velhas","link":"https:\/\/www.jornalja.com.br\/arquivo\/category\/x-categorias-velhas\/"},"img":{"alt_text":"","src":"","width":0,"height":0},"classes":[]},{"id":5440,"url":"https:\/\/www.jornalja.com.br\/arquivo\/casarao-da-venancio-destino-permanece-incerto\/","url_meta":{"origin":58517,"position":4},"title":"Estado ainda n\u00e3o sabe o que fazer com casar\u00e3o abandonado h\u00e1 20 anos","author":"Elmar Bones","date":"6 de julho de 2009","format":false,"excerpt":"O casar\u00e3o amarelo, numa esquina nobre de Porto Alegre (Ven\u00e2ncio Aires com Jo\u00e3o Pessoa), j\u00e1 abrigou uma escola. H\u00e1 duas d\u00e9cadas, pelo menos, est\u00e1 abandonado, porque seu propriet\u00e1rio, o governo do Estado do Rio Grande do Sul, n\u00e3o consegue achar um destino para ele. Planos n\u00e3o faltaram. O governador Ol\u00edvio\u2026","rel":"","context":"Em &quot;X.Categorias velhas&quot;","block_context":{"text":"X.Categorias velhas","link":"https:\/\/www.jornalja.com.br\/arquivo\/category\/x-categorias-velhas\/"},"img":{"alt_text":"geraldo1","src":"https:\/\/i0.wp.com\/www.jornalja.com.br\/wp-content\/uploads\/2009\/07\/geraldo1.jpg?resize=350%2C200&ssl=1","width":350,"height":200},"classes":[]},{"id":12960,"url":"https:\/\/www.jornalja.com.br\/arquivo\/populacao-culpa-empresas-pela-greve-dos-rodoviarios\/","url_meta":{"origin":58517,"position":5},"title":"Popula\u00e7\u00e3o culpa empresas pela greve","author":"Patr\u00edcia Marini","date":"14 de fevereiro de 2014","format":false,"excerpt":"Pesquisa divulgada na edi\u00e7\u00e3o do jornal Metro desta sexta-feira,14, comprova o velho ditado: \u00e9 poss\u00edvel enganar muitos por algum tempo, mas n\u00e3o \u00e9 poss\u00edvel enganar a todos o tempo inteiro. A principal revela\u00e7\u00e3o foi que 59,8% dos entrevistados apontaram as empresas como as principais respons\u00e1veis pela grave e 46% culparam\u2026","rel":"","context":"Em &quot;X.Categorias velhas&quot;","block_context":{"text":"X.Categorias velhas","link":"https:\/\/www.jornalja.com.br\/arquivo\/category\/x-categorias-velhas\/"},"img":{"alt_text":"","src":"","width":0,"height":0},"classes":[]}],"jetpack_shortlink":"https:\/\/wp.me\/pbQjBd-fdP","jetpack_featured_media_url":"","_links":{"self":[{"href":"https:\/\/www.jornalja.com.br\/arquivo\/wp-json\/wp\/v2\/posts\/58517","targetHints":{"allow":["GET"]}}],"collection":[{"href":"https:\/\/www.jornalja.com.br\/arquivo\/wp-json\/wp\/v2\/posts"}],"about":[{"href":"https:\/\/www.jornalja.com.br\/arquivo\/wp-json\/wp\/v2\/types\/post"}],"author":[{"embeddable":true,"href":"https:\/\/www.jornalja.com.br\/arquivo\/wp-json\/wp\/v2\/users\/4"}],"replies":[{"embeddable":true,"href":"https:\/\/www.jornalja.com.br\/arquivo\/wp-json\/wp\/v2\/comments?post=58517"}],"version-history":[{"count":0,"href":"https:\/\/www.jornalja.com.br\/arquivo\/wp-json\/wp\/v2\/posts\/58517\/revisions"}],"wp:attachment":[{"href":"https:\/\/www.jornalja.com.br\/arquivo\/wp-json\/wp\/v2\/media?parent=58517"}],"wp:term":[{"taxonomy":"category","embeddable":true,"href":"https:\/\/www.jornalja.com.br\/arquivo\/wp-json\/wp\/v2\/categories?post=58517"},{"taxonomy":"post_tag","embeddable":true,"href":"https:\/\/www.jornalja.com.br\/arquivo\/wp-json\/wp\/v2\/tags?post=58517"}],"curies":[{"name":"wp","href":"https:\/\/api.w.org\/{rel}","templated":true}]}}