{"id":58566,"date":"2017-12-27T15:05:11","date_gmt":"2017-12-27T17:05:11","guid":{"rendered":"https:\/\/www.jornalja.com.br\/?p=58566"},"modified":"2017-12-27T15:05:11","modified_gmt":"2017-12-27T17:05:11","slug":"editora-de-porto-alegre-publica-livro-de-juristas-contrarios-a-reforma-trabalhista","status":"publish","type":"post","link":"https:\/\/www.jornalja.com.br\/arquivo\/editora-de-porto-alegre-publica-livro-de-juristas-contrarios-a-reforma-trabalhista\/","title":{"rendered":"Editora de Porto Alegre publica livro de juristas contr\u00e1rios \u00e0 reforma trabalhista"},"content":{"rendered":"<p>Um m\u00eas e meio depois da entrada em vigor da reforma da legisla\u00e7\u00e3o trabalhista, est\u00e1 circulando o livro \u201cComent\u00e1rios \u00e0 Lei 13.467\/17 \u2013 Contribui\u00e7\u00f5es para um enfrentamento cr\u00edtico\u201d, com 248 p\u00e1ginas, editado pela HS Editora, de Porto Alegre.<br \/>\nEspecializada em direito trabalhista e previdenci\u00e1rio, a HS foi fundada h\u00e1 30 anos por Henrique Schlossmacher. O pre\u00e7o do livro \u00e9 de R$ 30, o que equivale a menos de um real por texto publicado.<br \/>\nO livro cont\u00e9m artigos e estudos de 34 advogados, ju\u00edzes e professores de diversos estados brasileiros e foi organizado pela ju\u00edza Valdete Souto Severo (atuante em Porto Alegre) e mais quatro colegas do Judici\u00e1rio do Trabalho, todos inconformados com as mudan\u00e7as introduzidas pelo Congresso na Consolida\u00e7\u00e3o das Leis do Trabalho.<br \/>\nComo est\u00e1 dito na apresenta\u00e7\u00e3o do livro, \u201cdescortina-se diante de n\u00f3s uma oportunidade hist\u00f3rica de realizar um trabalho de resist\u00eancia, resgate, convencimento e avan\u00e7o em rela\u00e7\u00e3o \u00e0 racionalidade do Direito do Trabalho\u201d, \u00e0 luz do qual a Lei 13.467 configura um evidente retrocesso civilizat\u00f3rio cujo objetivo final, segundo Valdete Severo e seus colegas, \u00e9 a extin\u00e7\u00e3o da Justi\u00e7a do Trabalho e o esvaziamento do Direito do Trabalho.<br \/>\n<img loading=\"lazy\" decoding=\"async\" class=\"size-medium wp-image-58569 alignleft\" src=\"https:\/\/www.jornalja.com.br\/wp-content\/uploads\/2017\/12\/Livro_arte-e1514394419456-289x400.png\" alt=\"\" width=\"289\" height=\"400\" \/>A publica\u00e7\u00e3o do livro confirma a disposi\u00e7\u00e3o da banda humanista dos operadores do Direito do Trabalho de contrapor-se ao esp\u00edrito da reforma, totalmente inspirada nos interesses patronais. Como lembra Leonardo Burgos, juiz do Trabalho em Recife, o anteprojeto apresentado pelo Executivo em 2016 tratava de apenas cinco temas (multas administrativas, trabalho em tempo parcial, representa\u00e7\u00e3o de f\u00e1brica, negociado sobre o legislado e terceiriza\u00e7\u00e3o), tinha nove p\u00e1ginas e alterava apenas sete artigos da CLT.<br \/>\nEm pouco mais de dois meses de tramita\u00e7\u00e3o no Congresso, o projeto alcan\u00e7ou 132 p\u00e1ginas, propondo &#8211; sem debate democr\u00e1tico &#8211; a altera\u00e7\u00e3o de mais de 200 dispositivos da CLT. Segundo o articulista, 90% do conte\u00fado da reforma sa\u00edram de duas \u201ccartilhas\u201d patronais, uma oriunda da Confedera\u00e7\u00e3o Nacional da Ind\u00fastria, outra da Confedera\u00e7\u00e3o Nacional de Transportes, as duas mais poderosas entidades do patronato urbano brasileiro.<br \/>\nInconformados, perplexos, revoltados, os autores afirmam estar dispostos a, guiando-se pela Constitui\u00e7\u00e3o de 1988, lutar contra os diversos aspectos negativos da Lei 13.467. Em seus textos, eles discutem v\u00ednculo de emprego, f\u00e9rias, o contrato de trabalho intermitente, arbitragem, a representa\u00e7\u00e3o dos empregados no local de trabalho, a contribui\u00e7\u00e3o sindical e outros temas pol\u00eamicos.<\/p>\n","protected":false},"excerpt":{"rendered":"<p>Um m\u00eas e meio depois da entrada em vigor da reforma da legisla\u00e7\u00e3o trabalhista, est\u00e1 circulando o livro \u201cComent\u00e1rios \u00e0 Lei 13.467\/17 \u2013 Contribui\u00e7\u00f5es para um enfrentamento cr\u00edtico\u201d, com 248 p\u00e1ginas, editado pela HS Editora, de Porto Alegre. Especializada em direito trabalhista e previdenci\u00e1rio, a HS foi fundada h\u00e1 30 anos por Henrique Schlossmacher. O [&hellip;]<\/p>\n","protected":false},"author":4,"featured_media":58567,"comment_status":"open","ping_status":"closed","sticky":false,"template":"","format":"standard","meta":{"_jetpack_newsletter_access":"","_jetpack_dont_email_post_to_subs":false,"_jetpack_newsletter_tier_id":0,"_jetpack_memberships_contains_paywalled_content":false,"_jetpack_feature_clip_id":0,"_jetpack_memberships_contains_paid_content":false,"footnotes":"","jetpack_post_was_ever_published":false},"categories":[26],"tags":[],"class_list":["post-58566","post","type-post","status-publish","format-standard","has-post-thumbnail","hentry","category-geral"],"aioseo_notices":[],"aioseo_head":"\n\t\t<!-- All in One SEO 5.0.1.1 - aioseo.com -->\n\t<meta name=\"robots\" content=\"max-image-preview:large\" \/>\n\t<meta name=\"author\" content=\"da Reda\u00e7\u00e3o\"\/>\n\t<link rel=\"canonical\" href=\"https:\/\/www.jornalja.com.br\/arquivo\/editora-de-porto-alegre-publica-livro-de-juristas-contrarios-a-reforma-trabalhista\/\" \/>\n\t<meta name=\"generator\" content=\"All in One SEO (AIOSEO) 5.0.1.1\" \/>\n\t\t<meta property=\"og:locale\" content=\"pt_BR\" \/>\n\t\t<meta property=\"og:site_name\" content=\"Arquivo | Jornal J\u00c1 | Porto Alegre\" \/>\n\t\t<meta property=\"og:type\" content=\"article\" \/>\n\t\t<meta property=\"og:title\" content=\"Editora de Porto Alegre publica livro de juristas contr\u00e1rios \u00e0 reforma trabalhista | Arquivo\" \/>\n\t\t<meta property=\"og:url\" content=\"https:\/\/www.jornalja.com.br\/arquivo\/editora-de-porto-alegre-publica-livro-de-juristas-contrarios-a-reforma-trabalhista\/\" \/>\n\t\t<meta property=\"og:image\" content=\"https:\/\/www.jornalja.com.br\/wp-content\/uploads\/2017\/12\/Livro_arte-e1514394419456-289x400.png\" \/>\n\t\t<meta property=\"og:image:secure_url\" content=\"https:\/\/www.jornalja.com.br\/wp-content\/uploads\/2017\/12\/Livro_arte-e1514394419456-289x400.png\" \/>\n\t\t<meta property=\"article:published_time\" content=\"2017-12-27T17:05:11+00:00\" \/>\n\t\t<meta property=\"article:modified_time\" content=\"2017-12-27T17:05:11+00:00\" \/>\n\t\t<meta name=\"twitter:card\" content=\"summary\" \/>\n\t\t<meta name=\"twitter:title\" content=\"Editora de Porto Alegre publica livro de juristas contr\u00e1rios \u00e0 reforma trabalhista | Arquivo\" \/>\n\t\t<meta name=\"twitter:image\" content=\"https:\/\/www.jornalja.com.br\/economics\/wp-content\/uploads\/sites\/11\/2026\/08\/ja-folhaderosto-facebook.jpg\" \/>\n\t\t<script type=\"application\/ld+json\" class=\"aioseo-schema\">\n\t\t\t{\"@context\":\"https:\\\/\\\/schema.org\",\"@graph\":[{\"@type\":\"BlogPosting\",\"@id\":\"https:\\\/\\\/www.jornalja.com.br\\\/arquivo\\\/editora-de-porto-alegre-publica-livro-de-juristas-contrarios-a-reforma-trabalhista\\\/#blogposting\",\"name\":\"Editora de Porto Alegre publica livro de juristas contr\\u00e1rios \\u00e0 reforma trabalhista | Arquivo\",\"headline\":\"Editora de Porto Alegre publica livro de juristas contr\\u00e1rios \\u00e0 reforma trabalhista\",\"author\":{\"@id\":\"https:\\\/\\\/www.jornalja.com.br\\\/arquivo\\\/author\\\/daredacao\\\/#author\"},\"publisher\":{\"@id\":\"https:\\\/\\\/www.jornalja.com.br\\\/arquivo\\\/#organization\"},\"image\":{\"@type\":\"ImageObject\",\"url\":58567},\"datePublished\":\"2017-12-27T15:05:11-02:00\",\"dateModified\":\"2017-12-27T15:05:11-02:00\",\"inLanguage\":\"pt-BR\",\"mainEntityOfPage\":{\"@id\":\"https:\\\/\\\/www.jornalja.com.br\\\/arquivo\\\/editora-de-porto-alegre-publica-livro-de-juristas-contrarios-a-reforma-trabalhista\\\/#webpage\"},\"isPartOf\":{\"@id\":\"https:\\\/\\\/www.jornalja.com.br\\\/arquivo\\\/editora-de-porto-alegre-publica-livro-de-juristas-contrarios-a-reforma-trabalhista\\\/#webpage\"},\"articleSection\":\"Geral\"},{\"@type\":\"BreadcrumbList\",\"@id\":\"https:\\\/\\\/www.jornalja.com.br\\\/arquivo\\\/editora-de-porto-alegre-publica-livro-de-juristas-contrarios-a-reforma-trabalhista\\\/#breadcrumblist\",\"itemListElement\":[{\"@type\":\"ListItem\",\"@id\":\"https:\\\/\\\/www.jornalja.com.br\\\/arquivo#listItem\",\"position\":1,\"name\":\"Home\",\"item\":\"https:\\\/\\\/www.jornalja.com.br\\\/arquivo\",\"nextItem\":{\"@type\":\"ListItem\",\"@id\":\"https:\\\/\\\/www.jornalja.com.br\\\/arquivo\\\/category\\\/geral\\\/#listItem\",\"name\":\"Geral\"}},{\"@type\":\"ListItem\",\"@id\":\"https:\\\/\\\/www.jornalja.com.br\\\/arquivo\\\/category\\\/geral\\\/#listItem\",\"position\":2,\"name\":\"Geral\",\"item\":\"https:\\\/\\\/www.jornalja.com.br\\\/arquivo\\\/category\\\/geral\\\/\",\"nextItem\":{\"@type\":\"ListItem\",\"@id\":\"https:\\\/\\\/www.jornalja.com.br\\\/arquivo\\\/editora-de-porto-alegre-publica-livro-de-juristas-contrarios-a-reforma-trabalhista\\\/#listItem\",\"name\":\"Editora de Porto Alegre publica livro de juristas contr\\u00e1rios \\u00e0 reforma trabalhista\"},\"previousItem\":{\"@type\":\"ListItem\",\"@id\":\"https:\\\/\\\/www.jornalja.com.br\\\/arquivo#listItem\",\"name\":\"Home\"}},{\"@type\":\"ListItem\",\"@id\":\"https:\\\/\\\/www.jornalja.com.br\\\/arquivo\\\/editora-de-porto-alegre-publica-livro-de-juristas-contrarios-a-reforma-trabalhista\\\/#listItem\",\"position\":3,\"name\":\"Editora de Porto Alegre publica livro de juristas contr\\u00e1rios \\u00e0 reforma trabalhista\",\"previousItem\":{\"@type\":\"ListItem\",\"@id\":\"https:\\\/\\\/www.jornalja.com.br\\\/arquivo\\\/category\\\/geral\\\/#listItem\",\"name\":\"Geral\"}}]},{\"@type\":\"Organization\",\"@id\":\"https:\\\/\\\/www.jornalja.com.br\\\/arquivo\\\/#organization\",\"name\":\"Jornal J\\u00c1\",\"description\":\"Jornal J\\u00c1 | Porto Alegre\",\"url\":\"https:\\\/\\\/www.jornalja.com.br\\\/arquivo\\\/\",\"telephone\":\"+555133307272\",\"logo\":{\"@type\":\"ImageObject\",\"url\":\"https:\\\/\\\/www.jornalja.com.br\\\/wp-content\\\/uploads\\\/cards\\\/JAslogan.png\",\"@id\":\"https:\\\/\\\/www.jornalja.com.br\\\/arquivo\\\/editora-de-porto-alegre-publica-livro-de-juristas-contrarios-a-reforma-trabalhista\\\/#organizationLogo\"},\"image\":{\"@id\":\"https:\\\/\\\/www.jornalja.com.br\\\/arquivo\\\/editora-de-porto-alegre-publica-livro-de-juristas-contrarios-a-reforma-trabalhista\\\/#organizationLogo\"}},{\"@type\":\"Person\",\"@id\":\"https:\\\/\\\/www.jornalja.com.br\\\/arquivo\\\/author\\\/daredacao\\\/#author\",\"url\":\"https:\\\/\\\/www.jornalja.com.br\\\/arquivo\\\/author\\\/daredacao\\\/\",\"name\":\"da Reda\\u00e7\\u00e3o\",\"image\":{\"@type\":\"ImageObject\",\"@id\":\"https:\\\/\\\/www.jornalja.com.br\\\/arquivo\\\/editora-de-porto-alegre-publica-livro-de-juristas-contrarios-a-reforma-trabalhista\\\/#authorImage\",\"url\":\"https:\\\/\\\/secure.gravatar.com\\\/avatar\\\/469fd857d6605ad19919d27ed29d35a968a25f6e8fd9318356bbb7f57aae9c65?s=96&d=mm&r=g\",\"width\":96,\"height\":96,\"caption\":\"da Reda\\u00e7\\u00e3o\"}},{\"@type\":\"WebPage\",\"@id\":\"https:\\\/\\\/www.jornalja.com.br\\\/arquivo\\\/editora-de-porto-alegre-publica-livro-de-juristas-contrarios-a-reforma-trabalhista\\\/#webpage\",\"url\":\"https:\\\/\\\/www.jornalja.com.br\\\/arquivo\\\/editora-de-porto-alegre-publica-livro-de-juristas-contrarios-a-reforma-trabalhista\\\/\",\"name\":\"Editora de Porto Alegre publica livro de juristas contr\\u00e1rios \\u00e0 reforma trabalhista | Arquivo\",\"inLanguage\":\"pt-BR\",\"isPartOf\":{\"@id\":\"https:\\\/\\\/www.jornalja.com.br\\\/arquivo\\\/#website\"},\"breadcrumb\":{\"@id\":\"https:\\\/\\\/www.jornalja.com.br\\\/arquivo\\\/editora-de-porto-alegre-publica-livro-de-juristas-contrarios-a-reforma-trabalhista\\\/#breadcrumblist\"},\"author\":{\"@id\":\"https:\\\/\\\/www.jornalja.com.br\\\/arquivo\\\/author\\\/daredacao\\\/#author\"},\"creator\":{\"@id\":\"https:\\\/\\\/www.jornalja.com.br\\\/arquivo\\\/author\\\/daredacao\\\/#author\"},\"image\":{\"@type\":\"ImageObject\",\"url\":58567,\"@id\":\"https:\\\/\\\/www.jornalja.com.br\\\/arquivo\\\/editora-de-porto-alegre-publica-livro-de-juristas-contrarios-a-reforma-trabalhista\\\/#mainImage\"},\"primaryImageOfPage\":{\"@id\":\"https:\\\/\\\/www.jornalja.com.br\\\/arquivo\\\/editora-de-porto-alegre-publica-livro-de-juristas-contrarios-a-reforma-trabalhista\\\/#mainImage\"},\"datePublished\":\"2017-12-27T15:05:11-02:00\",\"dateModified\":\"2017-12-27T15:05:11-02:00\"},{\"@type\":\"WebSite\",\"@id\":\"https:\\\/\\\/www.jornalja.com.br\\\/arquivo\\\/#website\",\"url\":\"https:\\\/\\\/www.jornalja.com.br\\\/arquivo\\\/\",\"name\":\"Arquivo\",\"description\":\"Jornal J\\u00c1 | Porto Alegre\",\"inLanguage\":\"pt-BR\",\"publisher\":{\"@id\":\"https:\\\/\\\/www.jornalja.com.br\\\/arquivo\\\/#organization\"}}]}\n\t\t<\/script>\n\t\t<!-- All in One SEO -->\n\n","aioseo_head_json":{"title":"Editora de Porto Alegre publica livro de juristas contr\u00e1rios \u00e0 reforma trabalhista | Arquivo","description":"","canonical_url":"https:\/\/www.jornalja.com.br\/arquivo\/editora-de-porto-alegre-publica-livro-de-juristas-contrarios-a-reforma-trabalhista\/","robots":"max-image-preview:large","keywords":"","webmasterTools":{"miscellaneous":""},"schema":{"@context":"https:\/\/schema.org","@graph":[{"@type":"BlogPosting","@id":"https:\/\/www.jornalja.com.br\/arquivo\/editora-de-porto-alegre-publica-livro-de-juristas-contrarios-a-reforma-trabalhista\/#blogposting","name":"Editora de Porto Alegre publica livro de juristas contr\u00e1rios \u00e0 reforma trabalhista | Arquivo","headline":"Editora de Porto Alegre publica livro de juristas contr\u00e1rios \u00e0 reforma trabalhista","author":{"@id":"https:\/\/www.jornalja.com.br\/arquivo\/author\/daredacao\/#author"},"publisher":{"@id":"https:\/\/www.jornalja.com.br\/arquivo\/#organization"},"image":{"@type":"ImageObject","url":58567},"datePublished":"2017-12-27T15:05:11-02:00","dateModified":"2017-12-27T15:05:11-02:00","inLanguage":"pt-BR","mainEntityOfPage":{"@id":"https:\/\/www.jornalja.com.br\/arquivo\/editora-de-porto-alegre-publica-livro-de-juristas-contrarios-a-reforma-trabalhista\/#webpage"},"isPartOf":{"@id":"https:\/\/www.jornalja.com.br\/arquivo\/editora-de-porto-alegre-publica-livro-de-juristas-contrarios-a-reforma-trabalhista\/#webpage"},"articleSection":"Geral"},{"@type":"BreadcrumbList","@id":"https:\/\/www.jornalja.com.br\/arquivo\/editora-de-porto-alegre-publica-livro-de-juristas-contrarios-a-reforma-trabalhista\/#breadcrumblist","itemListElement":[{"@type":"ListItem","@id":"https:\/\/www.jornalja.com.br\/arquivo#listItem","position":1,"name":"Home","item":"https:\/\/www.jornalja.com.br\/arquivo","nextItem":{"@type":"ListItem","@id":"https:\/\/www.jornalja.com.br\/arquivo\/category\/geral\/#listItem","name":"Geral"}},{"@type":"ListItem","@id":"https:\/\/www.jornalja.com.br\/arquivo\/category\/geral\/#listItem","position":2,"name":"Geral","item":"https:\/\/www.jornalja.com.br\/arquivo\/category\/geral\/","nextItem":{"@type":"ListItem","@id":"https:\/\/www.jornalja.com.br\/arquivo\/editora-de-porto-alegre-publica-livro-de-juristas-contrarios-a-reforma-trabalhista\/#listItem","name":"Editora de Porto Alegre publica livro de juristas contr\u00e1rios \u00e0 reforma trabalhista"},"previousItem":{"@type":"ListItem","@id":"https:\/\/www.jornalja.com.br\/arquivo#listItem","name":"Home"}},{"@type":"ListItem","@id":"https:\/\/www.jornalja.com.br\/arquivo\/editora-de-porto-alegre-publica-livro-de-juristas-contrarios-a-reforma-trabalhista\/#listItem","position":3,"name":"Editora de Porto Alegre publica livro de juristas contr\u00e1rios \u00e0 reforma trabalhista","previousItem":{"@type":"ListItem","@id":"https:\/\/www.jornalja.com.br\/arquivo\/category\/geral\/#listItem","name":"Geral"}}]},{"@type":"Organization","@id":"https:\/\/www.jornalja.com.br\/arquivo\/#organization","name":"Jornal J\u00c1","description":"Jornal J\u00c1 | Porto Alegre","url":"https:\/\/www.jornalja.com.br\/arquivo\/","telephone":"+555133307272","logo":{"@type":"ImageObject","url":"https:\/\/www.jornalja.com.br\/wp-content\/uploads\/cards\/JAslogan.png","@id":"https:\/\/www.jornalja.com.br\/arquivo\/editora-de-porto-alegre-publica-livro-de-juristas-contrarios-a-reforma-trabalhista\/#organizationLogo"},"image":{"@id":"https:\/\/www.jornalja.com.br\/arquivo\/editora-de-porto-alegre-publica-livro-de-juristas-contrarios-a-reforma-trabalhista\/#organizationLogo"}},{"@type":"Person","@id":"https:\/\/www.jornalja.com.br\/arquivo\/author\/daredacao\/#author","url":"https:\/\/www.jornalja.com.br\/arquivo\/author\/daredacao\/","name":"da Reda\u00e7\u00e3o","image":{"@type":"ImageObject","@id":"https:\/\/www.jornalja.com.br\/arquivo\/editora-de-porto-alegre-publica-livro-de-juristas-contrarios-a-reforma-trabalhista\/#authorImage","url":"https:\/\/secure.gravatar.com\/avatar\/469fd857d6605ad19919d27ed29d35a968a25f6e8fd9318356bbb7f57aae9c65?s=96&d=mm&r=g","width":96,"height":96,"caption":"da Reda\u00e7\u00e3o"}},{"@type":"WebPage","@id":"https:\/\/www.jornalja.com.br\/arquivo\/editora-de-porto-alegre-publica-livro-de-juristas-contrarios-a-reforma-trabalhista\/#webpage","url":"https:\/\/www.jornalja.com.br\/arquivo\/editora-de-porto-alegre-publica-livro-de-juristas-contrarios-a-reforma-trabalhista\/","name":"Editora de Porto Alegre publica livro de juristas contr\u00e1rios \u00e0 reforma trabalhista | Arquivo","inLanguage":"pt-BR","isPartOf":{"@id":"https:\/\/www.jornalja.com.br\/arquivo\/#website"},"breadcrumb":{"@id":"https:\/\/www.jornalja.com.br\/arquivo\/editora-de-porto-alegre-publica-livro-de-juristas-contrarios-a-reforma-trabalhista\/#breadcrumblist"},"author":{"@id":"https:\/\/www.jornalja.com.br\/arquivo\/author\/daredacao\/#author"},"creator":{"@id":"https:\/\/www.jornalja.com.br\/arquivo\/author\/daredacao\/#author"},"image":{"@type":"ImageObject","url":58567,"@id":"https:\/\/www.jornalja.com.br\/arquivo\/editora-de-porto-alegre-publica-livro-de-juristas-contrarios-a-reforma-trabalhista\/#mainImage"},"primaryImageOfPage":{"@id":"https:\/\/www.jornalja.com.br\/arquivo\/editora-de-porto-alegre-publica-livro-de-juristas-contrarios-a-reforma-trabalhista\/#mainImage"},"datePublished":"2017-12-27T15:05:11-02:00","dateModified":"2017-12-27T15:05:11-02:00"},{"@type":"WebSite","@id":"https:\/\/www.jornalja.com.br\/arquivo\/#website","url":"https:\/\/www.jornalja.com.br\/arquivo\/","name":"Arquivo","description":"Jornal J\u00c1 | Porto Alegre","inLanguage":"pt-BR","publisher":{"@id":"https:\/\/www.jornalja.com.br\/arquivo\/#organization"}}]},"og:locale":"pt_BR","og:site_name":"Arquivo | Jornal J\u00c1 | Porto Alegre","og:type":"article","og:title":"Editora de Porto Alegre publica livro de juristas contr\u00e1rios \u00e0 reforma trabalhista | Arquivo","og:url":"https:\/\/www.jornalja.com.br\/arquivo\/editora-de-porto-alegre-publica-livro-de-juristas-contrarios-a-reforma-trabalhista\/","og:image":"https:\/\/www.jornalja.com.br\/wp-content\/uploads\/2017\/12\/Livro_arte-e1514394419456-289x400.png","og:image:secure_url":"https:\/\/www.jornalja.com.br\/wp-content\/uploads\/2017\/12\/Livro_arte-e1514394419456-289x400.png","article:published_time":"2017-12-27T17:05:11+00:00","article:modified_time":"2017-12-27T17:05:11+00:00","twitter:card":"summary","twitter:title":"Editora de Porto Alegre publica livro de juristas contr\u00e1rios \u00e0 reforma trabalhista | Arquivo","twitter:image":"https:\/\/www.jornalja.com.br\/economics\/wp-content\/uploads\/sites\/11\/2026\/08\/ja-folhaderosto-facebook.jpg"},"aioseo_meta_data":{"post_id":"58566","title":null,"description":null,"keywords":null,"keyphrases":null,"primary_term":null,"canonical_url":null,"og_title":null,"og_description":null,"og_object_type":"default","og_image_type":"default","og_image_url":null,"og_image_width":null,"og_image_height":null,"og_image_custom_url":null,"og_image_custom_fields":null,"og_video":null,"og_custom_url":null,"og_article_section":null,"og_article_tags":null,"twitter_use_og":false,"twitter_card":"default","twitter_image_type":"default","twitter_image_url":null,"twitter_image_custom_url":null,"twitter_image_custom_fields":null,"twitter_title":null,"twitter_description":null,"schema":{"blockGraphs":[],"customGraphs":[],"default":{"data":{"Article":[],"Course":[],"Dataset":[],"FAQPage":[],"Movie":[],"Person":[],"Product":[],"ProductReview":[],"Car":[],"Recipe":[],"Service":[],"SoftwareApplication":[],"WebPage":[]},"graphName":"","isEnabled":true},"graphs":[],"defaultGraph":"","defaultPostTypeGraph":""},"schema_type":null,"schema_type_options":null,"pillar_content":false,"robots_default":true,"robots_noindex":false,"robots_noarchive":false,"robots_nosnippet":false,"robots_nofollow":false,"robots_noimageindex":false,"robots_noodp":false,"robots_notranslate":false,"robots_max_snippet":null,"robots_max_videopreview":null,"robots_max_imagepreview":"large","priority":null,"frequency":null,"location":null,"local_seo":null,"breadcrumb_settings":null,"limit_modified_date":false,"ai":null,"created":"2020-12-20 20:18:57","updated":"2025-07-20 03:00:33","seo_analyzer_scan_date":null,"focus_keyword":null,"additional_keywords":null,"truseo_locale":null},"jetpack_sharing_enabled":true,"jetpack-related-posts":[{"id":1280,"url":"https:\/\/www.jornalja.com.br\/arquivo\/o-menino-que-se-tornou-brizola\/","url_meta":{"origin":58566,"position":0},"title":"O Menino que se Tornou Brizola","author":"da Reda\u00e7\u00e3o","date":"28 de julho de 2008","format":false,"excerpt":"Autor: Cleber Dioni A vida de Leonel Brizola, com \u00eanfase para os primeiros anos em Porto Alegre, at\u00e9 o ex\u00edlio no Uruguai e a volta, quinze anos depois. \u00a0\"...\u00c9ramos todos jovens e nos identific\u00e1vamos com aquela massa an\u00f4nima a percorrer as ruas de Porto Alegre, gritando 'Get\u00falio', 'Get\u00falio' e empunhando\u2026","rel":"","context":"Em &quot;Livros&quot;","block_context":{"text":"Livros","link":"https:\/\/www.jornalja.com.br\/arquivo\/category\/livros\/"},"img":{"alt_text":"","src":"https:\/\/i0.wp.com\/www.jornalja.com.br\/wp-content\/uploads\/2008\/07\/brizola.gif?resize=350%2C200&ssl=1","width":350,"height":200},"classes":[]},{"id":14241,"url":"https:\/\/www.jornalja.com.br\/arquivo\/o-guaiba-nas-imagens-poeticas-de-achutti\/","url_meta":{"origin":58566,"position":1},"title":"O Gua\u00edba nas imagens po\u00e9ticas de Achutti","author":"da Reda\u00e7\u00e3o","date":"18 de junho de 2014","format":false,"excerpt":"Em \u201cO Gua\u00edba por Achutti\u201d \u2013 obra financiada via Minist\u00e9rio da Cultura, produ\u00e7\u00e3o executiva de Pedro Longhi, e Fl\u00e1vio Wild como designer \u2013, o fot\u00f3grafo revela a beleza e as mazelas de um espa\u00e7o aqu\u00e1tico de \u00e1guas sempre renovadas, cheio de hist\u00f3rias e lendas como as das cidades que foram\u2026","rel":"","context":"Em &quot;Cultura-Geral&quot;","block_context":{"text":"Cultura-Geral","link":"https:\/\/www.jornalja.com.br\/arquivo\/category\/materiasecundaria\/"},"img":{"alt_text":"","src":"","width":0,"height":0},"classes":[]},{"id":13240,"url":"https:\/\/www.jornalja.com.br\/arquivo\/plano-diretor-estamos-construindo-o-caos\/","url_meta":{"origin":58566,"position":2},"title":"Plano diretor: &quot;Estamos construindo o caos&quot;","author":"Patr\u00edcia Marini","date":"26 de maio de 2014","format":false,"excerpt":"Desabafo que arquiteta Eliana Castilhos, delegada da Regi\u00e3o de Planejamento 1, postou nas redes sociais \u00e9 um testemunho do ambiente que se criou no Conselho do Plano Diretor de Porto Alegre, onde a aprova\u00e7\u00e3o de grandes empreendimentos \u00e9 empurrada guela abaixo dos conselheiros. Ao CMDUA Como delegada da Regi\u00e3o de\u2026","rel":"","context":"Em &quot;Geral&quot;","block_context":{"text":"Geral","link":"https:\/\/www.jornalja.com.br\/arquivo\/category\/geral\/"},"img":{"alt_text":"","src":"","width":0,"height":0},"classes":[]},{"id":13124,"url":"https:\/\/www.jornalja.com.br\/arquivo\/sangue-latino-no-iecine\/","url_meta":{"origin":58566,"position":3},"title":"Sangue latino no IECINE","author":"da Reda\u00e7\u00e3o","date":"18 de maio de 2014","format":false,"excerpt":"Francisco Ribeiro O Instituto Estadual de Cinema (IECINE) tem a frente, desde abril \u00faltimo, um novo diretor, o cineasta colombiano Juan Zapata, 36, que substitui Luiz Alberto Cassol. Radicado h\u00e1 dez anos em Porto Alegre, Zapata tem diante de si o desafio de conduzir at\u00e9 o final do ano um\u2026","rel":"","context":"Em &quot;Cultura-Geral&quot;","block_context":{"text":"Cultura-Geral","link":"https:\/\/www.jornalja.com.br\/arquivo\/category\/materiasecundaria\/"},"img":{"alt_text":"","src":"","width":0,"height":0},"classes":[]},{"id":13101,"url":"https:\/\/www.jornalja.com.br\/arquivo\/morre-um-guerreiro-do-texto\/","url_meta":{"origin":58566,"position":4},"title":"Morre um guerreiro do texto","author":"Patr\u00edcia Marini","date":"14 de maio de 2014","format":false,"excerpt":"Por Ricardo Kotscho Reproduzido do blog do autor, 11\/5\/2014; t\u00edtulo original \u201cE l\u00e1 se foi o nosso Myltainho, guerreiro do texto\u201d. Mi\u00fado e franzino, meu amigo Myltainho era um valente e inconformado guerreiro na luta contra as injusti\u00e7as sociais, a hipocrisia, as maracutaias, o autoritarismo, a intoler\u00e2ncia, a viol\u00eancia, o\u2026","rel":"","context":"Em &quot;Geral&quot;","block_context":{"text":"Geral","link":"https:\/\/www.jornalja.com.br\/arquivo\/category\/geral\/"},"img":{"alt_text":"","src":"","width":0,"height":0},"classes":[]},{"id":13109,"url":"https:\/\/www.jornalja.com.br\/arquivo\/judiciario-reconhece-poluicao-eletromagnetica\/","url_meta":{"origin":58566,"position":5},"title":"Judici\u00e1rio reconhece polui\u00e7\u00e3o eletromagn\u00e9tica","author":"Patr\u00edcia Marini","date":"16 de maio de 2014","format":false,"excerpt":"A\u00e7\u00e3o de duas associa\u00e7\u00f5es de moradores foi acolhida pelo Tribunal de Justi\u00e7a de S\u00e3o Paulo que. em decis\u00e3o in\u00e9dita, determinou a redu\u00e7\u00e3o do campo eletromagn\u00e9tico gerado pelas linhas de transmiss\u00e3o de energia que cortam os bairros City Boa\u00e7ava e Alto de Pinheiros. \u00c9 a primeira vez que um tribunal do\u2026","rel":"","context":"Em &quot;X.Categorias velhas&quot;","block_context":{"text":"X.Categorias velhas","link":"https:\/\/www.jornalja.com.br\/arquivo\/category\/x-categorias-velhas\/"},"img":{"alt_text":"","src":"","width":0,"height":0},"classes":[]}],"jetpack_shortlink":"https:\/\/wp.me\/pbQjBd-feC","jetpack_featured_media_url":"","_links":{"self":[{"href":"https:\/\/www.jornalja.com.br\/arquivo\/wp-json\/wp\/v2\/posts\/58566","targetHints":{"allow":["GET"]}}],"collection":[{"href":"https:\/\/www.jornalja.com.br\/arquivo\/wp-json\/wp\/v2\/posts"}],"about":[{"href":"https:\/\/www.jornalja.com.br\/arquivo\/wp-json\/wp\/v2\/types\/post"}],"author":[{"embeddable":true,"href":"https:\/\/www.jornalja.com.br\/arquivo\/wp-json\/wp\/v2\/users\/4"}],"replies":[{"embeddable":true,"href":"https:\/\/www.jornalja.com.br\/arquivo\/wp-json\/wp\/v2\/comments?post=58566"}],"version-history":[{"count":0,"href":"https:\/\/www.jornalja.com.br\/arquivo\/wp-json\/wp\/v2\/posts\/58566\/revisions"}],"wp:attachment":[{"href":"https:\/\/www.jornalja.com.br\/arquivo\/wp-json\/wp\/v2\/media?parent=58566"}],"wp:term":[{"taxonomy":"category","embeddable":true,"href":"https:\/\/www.jornalja.com.br\/arquivo\/wp-json\/wp\/v2\/categories?post=58566"},{"taxonomy":"post_tag","embeddable":true,"href":"https:\/\/www.jornalja.com.br\/arquivo\/wp-json\/wp\/v2\/tags?post=58566"}],"curies":[{"name":"wp","href":"https:\/\/api.w.org\/{rel}","templated":true}]}}